{"id":60162,"date":"2025-06-23T14:35:59","date_gmt":"2025-06-23T17:35:59","guid":{"rendered":"https:\/\/jornalfatosenoticias.com.br\/?p=60162"},"modified":"2025-06-23T14:36:00","modified_gmt":"2025-06-23T17:36:00","slug":"inverno-2025-como-sera-o-clima-no-brasil-na-estacao-mais-fria-do-ano","status":"publish","type":"post","link":"https:\/\/jornalfatosenoticias.com.br\/index.php\/2025\/06\/23\/inverno-2025-como-sera-o-clima-no-brasil-na-estacao-mais-fria-do-ano\/","title":{"rendered":"Inverno 2025: como ser\u00e1 o clima no Brasil na esta\u00e7\u00e3o mais fria do ano"},"content":{"rendered":"\n<p><em><span class=\"has-inline-color has-black-color\">Sensa\u00e7\u00e3o de que est\u00e1 mais frio que no ano passado pode enganar: previs\u00f5es indicam que o pa\u00eds pode ter at\u00e9 mais calor do que em 2024<\/span><\/em><\/p>\n\n\n\n<p><span class=\"has-inline-color has-black-color\">Por <strong><a href=\"https:\/\/gizmodo.uol.com.br\/author\/gabriel-andrade\/\" rel=\"sponsored nofollow\">Gabriel Andrade<\/a><\/strong><\/span><\/p>\n\n\n\n<div class=\"wp-block-image\"><figure class=\"aligncenter size-large\"><a href=\"https:\/\/www.instagram.com\/rcradiadores\/\"><img loading=\"lazy\" decoding=\"async\" width=\"560\" height=\"60\" src=\"https:\/\/jornalfatosenoticias.com.br\/wp-content\/uploads\/2022\/10\/Propaganda-RC-Radiadores-Jornal_page-0001.jpg\" alt=\"\" class=\"wp-image-35270\" srcset=\"https:\/\/jornalfatosenoticias.com.br\/wp-content\/uploads\/2022\/10\/Propaganda-RC-Radiadores-Jornal_page-0001.jpg 560w, https:\/\/jornalfatosenoticias.com.br\/wp-content\/uploads\/2022\/10\/Propaganda-RC-Radiadores-Jornal_page-0001-300x32.jpg 300w\" sizes=\"auto, (max-width: 560px) 100vw, 560px\" \/><\/a><\/figure><\/div>\n\n\n\n<p>O inverno chegou e, quem est\u00e1 no Sul ou Sudeste j\u00e1 percebeu que o tempo come\u00e7ou a mudar e o frio chegou. Em locais como na <a href=\"https:\/\/gizmodo.uol.com.br\/inmet-emite-alerta-para-grande-onda-de-frio-no-brasil-pode-ate-nevar\/\">serra de Santa Catarina<\/a>, at\u00e9 mesmo a neve apareceu. Essa sensa\u00e7\u00e3o de que est\u00e1 mais frio que no ano passado pode enganar: as previs\u00f5es indicam que a esta\u00e7\u00e3o este ano pode ser at\u00e9 mais quente do que em <a href=\"https:\/\/gizmodo.uol.com.br\/inverno-de-2024-tera-muitos-dias-de-calor-e-tempo-mais-seco-com-la-nina\/\">2024<\/a>.<br>As temperaturas m\u00e9dias devem ser mais altas na maior parte do pa\u00eds, especialmente entre o Paran\u00e1, o Sudeste, e o Centro-Oeste. Isso se deve, principalmente, devido \u00e0 falta de for\u00e7a do resfriamento da superf\u00edcie oce\u00e2nica, <a href=\"https:\/\/gizmodo.uol.com.br\/clima-no-brasil-vai-ter-la-nina-em-2025\/\">conhecido como La Ni\u00f1a<\/a>.<\/p>\n\n\n\n<div class=\"wp-block-image\"><figure class=\"aligncenter size-large is-resized\"><a href=\"https:\/\/www.facebook.com\/postobkr\/?locale=pt_BR\"><img loading=\"lazy\" decoding=\"async\" src=\"https:\/\/jornalfatosenoticias.com.br\/wp-content\/uploads\/2023\/08\/BKR-1024x1021.jpg\" alt=\"\" class=\"wp-image-44494\" width=\"298\" height=\"297\" srcset=\"https:\/\/jornalfatosenoticias.com.br\/wp-content\/uploads\/2023\/08\/BKR-1024x1021.jpg 1024w, https:\/\/jornalfatosenoticias.com.br\/wp-content\/uploads\/2023\/08\/BKR-300x300.jpg 300w, https:\/\/jornalfatosenoticias.com.br\/wp-content\/uploads\/2023\/08\/BKR-150x150.jpg 150w, https:\/\/jornalfatosenoticias.com.br\/wp-content\/uploads\/2023\/08\/BKR-768x766.jpg 768w, https:\/\/jornalfatosenoticias.com.br\/wp-content\/uploads\/2023\/08\/BKR.jpg 1080w\" sizes=\"auto, (max-width: 298px) 100vw, 298px\" \/><\/a><\/figure><\/div>\n\n\n\n<p>O fen\u00f4meno \u00e9 normalmente associado a uma queda das temperaturas em parte do Brasil, mas deve se dissipar rapidamente. Segundo previs\u00e3o do <a href=\"https:\/\/portal.inmet.gov.br\/servicos\/previs%C3%A3o-do-tempo\">Instituto Nacional de Meteorologia (Inmet)<\/a>, o m\u00eas de junho tem o potencial de chuvas entre o Paran\u00e1, Mato Grosso do Sul e S\u00e3o Paulo, com volumes que podem superar a m\u00e9dia climatol\u00f3gica do m\u00eas. As temperaturas mais quentes que o normal est\u00e3o previstas no clima de junho a agosto, o que compreende boa parte do inverno no Brasil.<\/p>\n\n\n\n<div class=\"wp-block-image\"><figure class=\"aligncenter size-large is-resized\"><a href=\"https:\/\/hotelmarquetti.com.br\/\"><img loading=\"lazy\" decoding=\"async\" src=\"https:\/\/jornalfatosenoticias.com.br\/wp-content\/uploads\/2020\/02\/LOGO-MQ-1024x680.jpg\" alt=\"\" class=\"wp-image-58299\" width=\"351\" height=\"233\" srcset=\"https:\/\/jornalfatosenoticias.com.br\/wp-content\/uploads\/2020\/02\/LOGO-MQ-1024x680.jpg 1024w, https:\/\/jornalfatosenoticias.com.br\/wp-content\/uploads\/2020\/02\/LOGO-MQ-300x199.jpg 300w, https:\/\/jornalfatosenoticias.com.br\/wp-content\/uploads\/2020\/02\/LOGO-MQ-768x510.jpg 768w, https:\/\/jornalfatosenoticias.com.br\/wp-content\/uploads\/2020\/02\/LOGO-MQ-1536x1020.jpg 1536w, https:\/\/jornalfatosenoticias.com.br\/wp-content\/uploads\/2020\/02\/LOGO-MQ-2048x1360.jpg 2048w\" sizes=\"auto, (max-width: 351px) 100vw, 351px\" \/><\/a><\/figure><\/div>\n\n\n\n<p><strong><span class=\"has-inline-color has-vivid-purple-color\">Como ser\u00e1 o clima no inverno em cada regi\u00e3o do Brasil<br><\/span><span class=\"has-inline-color has-black-color\">Sul<br><\/span><\/strong>Rio Grande do Sul e Santa Catarina devem registrar as menores temperaturas, com possibilidade de 0\u00baC ou menos nas \u00e1reas mais altas. Al\u00e9m disso, os estados tamb\u00e9m devem ter geadas frequentes, chuva congelada e neve. J\u00e1 o Paran\u00e1 deve registrar temperaturas m\u00e9dias mais altas que o normal para o per\u00edodo.<\/p>\n\n\n\n<div class=\"wp-block-image\"><figure class=\"aligncenter size-large is-resized\"><a href=\"https:\/\/www.facebook.com\/profile.php?id=100069289606145\"><img loading=\"lazy\" decoding=\"async\" src=\"https:\/\/jornalfatosenoticias.com.br\/wp-content\/uploads\/2024\/11\/Guaitolini-Contabilidade-1024x714.jpeg\" alt=\"\" class=\"wp-image-55808\" width=\"284\" height=\"198\" srcset=\"https:\/\/jornalfatosenoticias.com.br\/wp-content\/uploads\/2024\/11\/Guaitolini-Contabilidade-1024x714.jpeg 1024w, https:\/\/jornalfatosenoticias.com.br\/wp-content\/uploads\/2024\/11\/Guaitolini-Contabilidade-300x209.jpeg 300w, https:\/\/jornalfatosenoticias.com.br\/wp-content\/uploads\/2024\/11\/Guaitolini-Contabilidade-768x535.jpeg 768w, https:\/\/jornalfatosenoticias.com.br\/wp-content\/uploads\/2024\/11\/Guaitolini-Contabilidade.jpeg 1280w\" sizes=\"auto, (max-width: 284px) 100vw, 284px\" \/><\/a><\/figure><\/div>\n\n\n\n<p><strong><span class=\"has-inline-color has-black-color\">Sudeste<br><\/span><\/strong>A regi\u00e3o ter\u00e1 noites frias e tardes mais amenas, com temperaturas ainda mais baixas nas cidades localizadas na \u00e1rea serrana e no interior de S\u00e3o Paulo e de Minas Gerais.<\/p>\n\n\n\n<div class=\"wp-block-image\"><figure class=\"aligncenter size-large is-resized\"><a href=\"https:\/\/www.instagram.com\/restaurantepegoretti\/\"><img loading=\"lazy\" decoding=\"async\" src=\"https:\/\/jornalfatosenoticias.com.br\/wp-content\/uploads\/2023\/12\/pegoretti-logo-pdf-1024x389.jpg\" alt=\"\" class=\"wp-image-47536\" width=\"519\" height=\"197\" srcset=\"https:\/\/jornalfatosenoticias.com.br\/wp-content\/uploads\/2023\/12\/pegoretti-logo-pdf-1024x389.jpg 1024w, https:\/\/jornalfatosenoticias.com.br\/wp-content\/uploads\/2023\/12\/pegoretti-logo-pdf-300x114.jpg 300w, https:\/\/jornalfatosenoticias.com.br\/wp-content\/uploads\/2023\/12\/pegoretti-logo-pdf-768x291.jpg 768w, https:\/\/jornalfatosenoticias.com.br\/wp-content\/uploads\/2023\/12\/pegoretti-logo-pdf.jpg 1120w\" sizes=\"auto, (max-width: 519px) 100vw, 519px\" \/><\/a><\/figure><\/div>\n\n\n\n<p><strong><span class=\"has-inline-color has-black-color\">Centro-Oeste<br><\/span><\/strong>Na regi\u00e3o, a esta\u00e7\u00e3o deve ter dias quentes e noites frias, principalmente no Mato Grosso do Sul.<\/p>\n\n\n\n<div class=\"wp-block-image\"><figure class=\"aligncenter size-large is-resized\"><a href=\"https:\/\/www.instagram.com\/serra4x4cambioautomatico\/\"><img loading=\"lazy\" decoding=\"async\" src=\"https:\/\/jornalfatosenoticias.com.br\/wp-content\/uploads\/2024\/08\/Serra-4x4-1-886x1024.jpg\" alt=\"\" class=\"wp-image-53632\" width=\"231\" height=\"267\" srcset=\"https:\/\/jornalfatosenoticias.com.br\/wp-content\/uploads\/2024\/08\/Serra-4x4-1-886x1024.jpg 886w, https:\/\/jornalfatosenoticias.com.br\/wp-content\/uploads\/2024\/08\/Serra-4x4-1-260x300.jpg 260w, https:\/\/jornalfatosenoticias.com.br\/wp-content\/uploads\/2024\/08\/Serra-4x4-1-768x888.jpg 768w, https:\/\/jornalfatosenoticias.com.br\/wp-content\/uploads\/2024\/08\/Serra-4x4-1.jpg 1181w\" sizes=\"auto, (max-width: 231px) 100vw, 231px\" \/><\/a><\/figure><\/div>\n\n\n\n<p><strong><span class=\"has-inline-color has-black-color\">Norte e Nordeste<br><\/span><\/strong>Distantes do Sul e do Sudeste, as regi\u00f5es apresentam pouca varia\u00e7\u00e3o t\u00e9rmica no inverno e seguem com temperaturas elevadas.<\/p>\n\n\n\n<div class=\"wp-block-image\"><figure class=\"aligncenter size-large is-resized\"><a href=\"https:\/\/www.instagram.com\/gruposei\/\"><img loading=\"lazy\" decoding=\"async\" src=\"https:\/\/jornalfatosenoticias.com.br\/wp-content\/uploads\/2022\/07\/Logo-Grupo-SEI.jpg\" alt=\"\" class=\"wp-image-31973\" width=\"354\" height=\"186\" srcset=\"https:\/\/jornalfatosenoticias.com.br\/wp-content\/uploads\/2022\/07\/Logo-Grupo-SEI.jpg 713w, https:\/\/jornalfatosenoticias.com.br\/wp-content\/uploads\/2022\/07\/Logo-Grupo-SEI-300x158.jpg 300w\" sizes=\"auto, (max-width: 354px) 100vw, 354px\" \/><\/a><\/figure><\/div>\n\n\n\n<p><strong>Fonte: <a href=\"https:\/\/gizmodo.uol.com.br\/inverno-2025-como-sera-o-clima-no-brasil-na-estacao-mais-fria-do-ano\/\">Giz Brasil<\/a><\/strong><\/p>\n","protected":false},"excerpt":{"rendered":"<p>Sensa\u00e7\u00e3o de que est\u00e1 mais frio que no ano passado pode enganar: previs\u00f5es indicam que o pa\u00eds pode ter at\u00e9 mais calor do que em 2024 Por Gabriel Andrade O inverno chegou e, quem est\u00e1 no Sul ou Sudeste j\u00e1 percebeu que o tempo come\u00e7ou a mudar e o frio chegou. Em locais como na [&hellip;]<\/p>\n","protected":false},"author":2,"featured_media":60163,"comment_status":"open","ping_status":"open","sticky":false,"template":"","format":"standard","meta":{"footnotes":""},"categories":[5],"tags":[72,2877,3453,4431,21228],"class_list":["post-60162","post","type-post","status-publish","format-standard","has-post-thumbnail","hentry","category-geral","tag-clima","tag-frio","tag-inverno","tag-previsao-do-tempo","tag-temperaturas"],"yoast_head":"<!-- This site is optimized with the Yoast SEO plugin v26.5 - https:\/\/yoast.com\/wordpress\/plugins\/seo\/ -->\n<title>Inverno 2025: como ser\u00e1 o clima no Brasil na esta\u00e7\u00e3o mais fria do ano - Jornal Fatos e Not\u00edcias<\/title>\n<meta name=\"robots\" content=\"index, follow, max-snippet:-1, max-image-preview:large, max-video-preview:-1\" \/>\n<link rel=\"canonical\" href=\"https:\/\/jornalfatosenoticias.com.br\/index.php\/2025\/06\/23\/inverno-2025-como-sera-o-clima-no-brasil-na-estacao-mais-fria-do-ano\/\" \/>\n<meta property=\"og:locale\" content=\"pt_BR\" \/>\n<meta property=\"og:type\" content=\"article\" \/>\n<meta property=\"og:title\" content=\"Inverno 2025: como ser\u00e1 o clima no Brasil na esta\u00e7\u00e3o mais fria do ano - Jornal Fatos e Not\u00edcias\" \/>\n<meta property=\"og:description\" content=\"Sensa\u00e7\u00e3o de que est\u00e1 mais frio que no ano passado pode enganar: previs\u00f5es indicam que o pa\u00eds pode ter at\u00e9 mais calor do que em 2024 Por Gabriel Andrade O inverno chegou e, quem est\u00e1 no Sul ou Sudeste j\u00e1 percebeu que o tempo come\u00e7ou a mudar e o frio chegou. Em locais como na [&hellip;]\" \/>\n<meta property=\"og:url\" content=\"https:\/\/jornalfatosenoticias.com.br\/index.php\/2025\/06\/23\/inverno-2025-como-sera-o-clima-no-brasil-na-estacao-mais-fria-do-ano\/\" \/>\n<meta property=\"og:site_name\" content=\"Jornal Fatos e Not\u00edcias\" \/>\n<meta property=\"article:published_time\" content=\"2025-06-23T17:35:59+00:00\" \/>\n<meta property=\"article:modified_time\" content=\"2025-06-23T17:36:00+00:00\" \/>\n<meta property=\"og:image\" content=\"https:\/\/jornalfatosenoticias.com.br\/wp-content\/uploads\/2025\/06\/inverno-Brasil_istock.jpg\" \/>\n\t<meta property=\"og:image:width\" content=\"612\" \/>\n\t<meta property=\"og:image:height\" content=\"459\" \/>\n\t<meta property=\"og:image:type\" content=\"image\/jpeg\" \/>\n<meta name=\"author\" content=\"Luzimara Fernandes\" \/>\n<meta name=\"twitter:card\" content=\"summary_large_image\" \/>\n<meta name=\"twitter:label1\" content=\"Escrito por\" \/>\n\t<meta name=\"twitter:data1\" content=\"Luzimara Fernandes\" \/>\n\t<meta name=\"twitter:label2\" content=\"Est. tempo de leitura\" \/>\n\t<meta name=\"twitter:data2\" content=\"2 minutos\" \/>\n<script type=\"application\/ld+json\" class=\"yoast-schema-graph\">{\"@context\":\"https:\/\/schema.org\",\"@graph\":[{\"@type\":\"Article\",\"@id\":\"https:\/\/jornalfatosenoticias.com.br\/index.php\/2025\/06\/23\/inverno-2025-como-sera-o-clima-no-brasil-na-estacao-mais-fria-do-ano\/#article\",\"isPartOf\":{\"@id\":\"https:\/\/jornalfatosenoticias.com.br\/index.php\/2025\/06\/23\/inverno-2025-como-sera-o-clima-no-brasil-na-estacao-mais-fria-do-ano\/\"},\"author\":{\"name\":\"Luzimara Fernandes\",\"@id\":\"https:\/\/jornalfatosenoticias.com.br\/#\/schema\/person\/d63837fa13ac8666eb9e74e0985d6f81\"},\"headline\":\"Inverno 2025: como ser\u00e1 o clima no Brasil na esta\u00e7\u00e3o mais fria do ano\",\"datePublished\":\"2025-06-23T17:35:59+00:00\",\"dateModified\":\"2025-06-23T17:36:00+00:00\",\"mainEntityOfPage\":{\"@id\":\"https:\/\/jornalfatosenoticias.com.br\/index.php\/2025\/06\/23\/inverno-2025-como-sera-o-clima-no-brasil-na-estacao-mais-fria-do-ano\/\"},\"wordCount\":392,\"commentCount\":0,\"publisher\":{\"@id\":\"https:\/\/jornalfatosenoticias.com.br\/#organization\"},\"image\":{\"@id\":\"https:\/\/jornalfatosenoticias.com.br\/index.php\/2025\/06\/23\/inverno-2025-como-sera-o-clima-no-brasil-na-estacao-mais-fria-do-ano\/#primaryimage\"},\"thumbnailUrl\":\"https:\/\/jornalfatosenoticias.com.br\/wp-content\/uploads\/2025\/06\/inverno-Brasil_istock.jpg\",\"keywords\":[\"clima\",\"frio\",\"inverno\",\"previs\u00e3o do tempo\",\"temperaturas\"],\"articleSection\":[\"Geral\"],\"inLanguage\":\"pt-BR\",\"potentialAction\":[{\"@type\":\"CommentAction\",\"name\":\"Comment\",\"target\":[\"https:\/\/jornalfatosenoticias.com.br\/index.php\/2025\/06\/23\/inverno-2025-como-sera-o-clima-no-brasil-na-estacao-mais-fria-do-ano\/#respond\"]}]},{\"@type\":\"WebPage\",\"@id\":\"https:\/\/jornalfatosenoticias.com.br\/index.php\/2025\/06\/23\/inverno-2025-como-sera-o-clima-no-brasil-na-estacao-mais-fria-do-ano\/\",\"url\":\"https:\/\/jornalfatosenoticias.com.br\/index.php\/2025\/06\/23\/inverno-2025-como-sera-o-clima-no-brasil-na-estacao-mais-fria-do-ano\/\",\"name\":\"Inverno 2025: como ser\u00e1 o clima no Brasil na esta\u00e7\u00e3o mais fria do ano - Jornal Fatos e Not\u00edcias\",\"isPartOf\":{\"@id\":\"https:\/\/jornalfatosenoticias.com.br\/#website\"},\"primaryImageOfPage\":{\"@id\":\"https:\/\/jornalfatosenoticias.com.br\/index.php\/2025\/06\/23\/inverno-2025-como-sera-o-clima-no-brasil-na-estacao-mais-fria-do-ano\/#primaryimage\"},\"image\":{\"@id\":\"https:\/\/jornalfatosenoticias.com.br\/index.php\/2025\/06\/23\/inverno-2025-como-sera-o-clima-no-brasil-na-estacao-mais-fria-do-ano\/#primaryimage\"},\"thumbnailUrl\":\"https:\/\/jornalfatosenoticias.com.br\/wp-content\/uploads\/2025\/06\/inverno-Brasil_istock.jpg\",\"datePublished\":\"2025-06-23T17:35:59+00:00\",\"dateModified\":\"2025-06-23T17:36:00+00:00\",\"breadcrumb\":{\"@id\":\"https:\/\/jornalfatosenoticias.com.br\/index.php\/2025\/06\/23\/inverno-2025-como-sera-o-clima-no-brasil-na-estacao-mais-fria-do-ano\/#breadcrumb\"},\"inLanguage\":\"pt-BR\",\"potentialAction\":[{\"@type\":\"ReadAction\",\"target\":[\"https:\/\/jornalfatosenoticias.com.br\/index.php\/2025\/06\/23\/inverno-2025-como-sera-o-clima-no-brasil-na-estacao-mais-fria-do-ano\/\"]}]},{\"@type\":\"ImageObject\",\"inLanguage\":\"pt-BR\",\"@id\":\"https:\/\/jornalfatosenoticias.com.br\/index.php\/2025\/06\/23\/inverno-2025-como-sera-o-clima-no-brasil-na-estacao-mais-fria-do-ano\/#primaryimage\",\"url\":\"https:\/\/jornalfatosenoticias.com.br\/wp-content\/uploads\/2025\/06\/inverno-Brasil_istock.jpg\",\"contentUrl\":\"https:\/\/jornalfatosenoticias.com.br\/wp-content\/uploads\/2025\/06\/inverno-Brasil_istock.jpg\",\"width\":612,\"height\":459,\"caption\":\"Low angle view of billboard showing 7 degrees celsius of temperature in the city of Valencia, Spain\"},{\"@type\":\"BreadcrumbList\",\"@id\":\"https:\/\/jornalfatosenoticias.com.br\/index.php\/2025\/06\/23\/inverno-2025-como-sera-o-clima-no-brasil-na-estacao-mais-fria-do-ano\/#breadcrumb\",\"itemListElement\":[{\"@type\":\"ListItem\",\"position\":1,\"name\":\"In\u00edcio\",\"item\":\"https:\/\/jornalfatosenoticias.com.br\/\"},{\"@type\":\"ListItem\",\"position\":2,\"name\":\"Inverno 2025: como ser\u00e1 o clima no Brasil na esta\u00e7\u00e3o mais fria do ano\"}]},{\"@type\":\"WebSite\",\"@id\":\"https:\/\/jornalfatosenoticias.com.br\/#website\",\"url\":\"https:\/\/jornalfatosenoticias.com.br\/\",\"name\":\"Jornal Fatos e Not\u00edcias\",\"description\":\"Not\u00edcias em geral\",\"publisher\":{\"@id\":\"https:\/\/jornalfatosenoticias.com.br\/#organization\"},\"potentialAction\":[{\"@type\":\"SearchAction\",\"target\":{\"@type\":\"EntryPoint\",\"urlTemplate\":\"https:\/\/jornalfatosenoticias.com.br\/?s={search_term_string}\"},\"query-input\":{\"@type\":\"PropertyValueSpecification\",\"valueRequired\":true,\"valueName\":\"search_term_string\"}}],\"inLanguage\":\"pt-BR\"},{\"@type\":\"Organization\",\"@id\":\"https:\/\/jornalfatosenoticias.com.br\/#organization\",\"name\":\"Jornal Fatos e Not\u00edcias\",\"url\":\"https:\/\/jornalfatosenoticias.com.br\/\",\"logo\":{\"@type\":\"ImageObject\",\"inLanguage\":\"pt-BR\",\"@id\":\"https:\/\/jornalfatosenoticias.com.br\/#\/schema\/logo\/image\/\",\"url\":\"https:\/\/jornalfatosenoticias.com.br\/wp-content\/uploads\/2020\/02\/logo120.png\",\"contentUrl\":\"https:\/\/jornalfatosenoticias.com.br\/wp-content\/uploads\/2020\/02\/logo120.png\",\"width\":1227,\"height\":120,\"caption\":\"Jornal Fatos e Not\u00edcias\"},\"image\":{\"@id\":\"https:\/\/jornalfatosenoticias.com.br\/#\/schema\/logo\/image\/\"}},{\"@type\":\"Person\",\"@id\":\"https:\/\/jornalfatosenoticias.com.br\/#\/schema\/person\/d63837fa13ac8666eb9e74e0985d6f81\",\"name\":\"Luzimara Fernandes\",\"image\":{\"@type\":\"ImageObject\",\"inLanguage\":\"pt-BR\",\"@id\":\"https:\/\/jornalfatosenoticias.com.br\/#\/schema\/person\/image\/\",\"url\":\"https:\/\/jornalfatosenoticias.com.br\/wp-content\/uploads\/2025\/05\/EU_portal.jpg\",\"contentUrl\":\"https:\/\/jornalfatosenoticias.com.br\/wp-content\/uploads\/2025\/05\/EU_portal.jpg\",\"caption\":\"Luzimara Fernandes\"},\"description\":\"Jornalista MTB 2358-ES\",\"sameAs\":[\"https:\/\/jornalfatosenoticias.com.br\"],\"url\":\"https:\/\/jornalfatosenoticias.com.br\/index.php\/author\/luzimara\/\"}]}<\/script>\n<!-- \/ Yoast SEO plugin. -->","yoast_head_json":{"title":"Inverno 2025: como ser\u00e1 o clima no Brasil na esta\u00e7\u00e3o mais fria do ano - Jornal Fatos e Not\u00edcias","robots":{"index":"index","follow":"follow","max-snippet":"max-snippet:-1","max-image-preview":"max-image-preview:large","max-video-preview":"max-video-preview:-1"},"canonical":"https:\/\/jornalfatosenoticias.com.br\/index.php\/2025\/06\/23\/inverno-2025-como-sera-o-clima-no-brasil-na-estacao-mais-fria-do-ano\/","og_locale":"pt_BR","og_type":"article","og_title":"Inverno 2025: como ser\u00e1 o clima no Brasil na esta\u00e7\u00e3o mais fria do ano - Jornal Fatos e Not\u00edcias","og_description":"Sensa\u00e7\u00e3o de que est\u00e1 mais frio que no ano passado pode enganar: previs\u00f5es indicam que o pa\u00eds pode ter at\u00e9 mais calor do que em 2024 Por Gabriel Andrade O inverno chegou e, quem est\u00e1 no Sul ou Sudeste j\u00e1 percebeu que o tempo come\u00e7ou a mudar e o frio chegou. Em locais como na [&hellip;]","og_url":"https:\/\/jornalfatosenoticias.com.br\/index.php\/2025\/06\/23\/inverno-2025-como-sera-o-clima-no-brasil-na-estacao-mais-fria-do-ano\/","og_site_name":"Jornal Fatos e Not\u00edcias","article_published_time":"2025-06-23T17:35:59+00:00","article_modified_time":"2025-06-23T17:36:00+00:00","og_image":[{"width":612,"height":459,"url":"https:\/\/jornalfatosenoticias.com.br\/wp-content\/uploads\/2025\/06\/inverno-Brasil_istock.jpg","type":"image\/jpeg"}],"author":"Luzimara Fernandes","twitter_card":"summary_large_image","twitter_misc":{"Escrito por":"Luzimara Fernandes","Est. tempo de leitura":"2 minutos"},"schema":{"@context":"https:\/\/schema.org","@graph":[{"@type":"Article","@id":"https:\/\/jornalfatosenoticias.com.br\/index.php\/2025\/06\/23\/inverno-2025-como-sera-o-clima-no-brasil-na-estacao-mais-fria-do-ano\/#article","isPartOf":{"@id":"https:\/\/jornalfatosenoticias.com.br\/index.php\/2025\/06\/23\/inverno-2025-como-sera-o-clima-no-brasil-na-estacao-mais-fria-do-ano\/"},"author":{"name":"Luzimara Fernandes","@id":"https:\/\/jornalfatosenoticias.com.br\/#\/schema\/person\/d63837fa13ac8666eb9e74e0985d6f81"},"headline":"Inverno 2025: como ser\u00e1 o clima no Brasil na esta\u00e7\u00e3o mais fria do ano","datePublished":"2025-06-23T17:35:59+00:00","dateModified":"2025-06-23T17:36:00+00:00","mainEntityOfPage":{"@id":"https:\/\/jornalfatosenoticias.com.br\/index.php\/2025\/06\/23\/inverno-2025-como-sera-o-clima-no-brasil-na-estacao-mais-fria-do-ano\/"},"wordCount":392,"commentCount":0,"publisher":{"@id":"https:\/\/jornalfatosenoticias.com.br\/#organization"},"image":{"@id":"https:\/\/jornalfatosenoticias.com.br\/index.php\/2025\/06\/23\/inverno-2025-como-sera-o-clima-no-brasil-na-estacao-mais-fria-do-ano\/#primaryimage"},"thumbnailUrl":"https:\/\/jornalfatosenoticias.com.br\/wp-content\/uploads\/2025\/06\/inverno-Brasil_istock.jpg","keywords":["clima","frio","inverno","previs\u00e3o do tempo","temperaturas"],"articleSection":["Geral"],"inLanguage":"pt-BR","potentialAction":[{"@type":"CommentAction","name":"Comment","target":["https:\/\/jornalfatosenoticias.com.br\/index.php\/2025\/06\/23\/inverno-2025-como-sera-o-clima-no-brasil-na-estacao-mais-fria-do-ano\/#respond"]}]},{"@type":"WebPage","@id":"https:\/\/jornalfatosenoticias.com.br\/index.php\/2025\/06\/23\/inverno-2025-como-sera-o-clima-no-brasil-na-estacao-mais-fria-do-ano\/","url":"https:\/\/jornalfatosenoticias.com.br\/index.php\/2025\/06\/23\/inverno-2025-como-sera-o-clima-no-brasil-na-estacao-mais-fria-do-ano\/","name":"Inverno 2025: como ser\u00e1 o clima no Brasil na esta\u00e7\u00e3o mais fria do ano - Jornal Fatos e Not\u00edcias","isPartOf":{"@id":"https:\/\/jornalfatosenoticias.com.br\/#website"},"primaryImageOfPage":{"@id":"https:\/\/jornalfatosenoticias.com.br\/index.php\/2025\/06\/23\/inverno-2025-como-sera-o-clima-no-brasil-na-estacao-mais-fria-do-ano\/#primaryimage"},"image":{"@id":"https:\/\/jornalfatosenoticias.com.br\/index.php\/2025\/06\/23\/inverno-2025-como-sera-o-clima-no-brasil-na-estacao-mais-fria-do-ano\/#primaryimage"},"thumbnailUrl":"https:\/\/jornalfatosenoticias.com.br\/wp-content\/uploads\/2025\/06\/inverno-Brasil_istock.jpg","datePublished":"2025-06-23T17:35:59+00:00","dateModified":"2025-06-23T17:36:00+00:00","breadcrumb":{"@id":"https:\/\/jornalfatosenoticias.com.br\/index.php\/2025\/06\/23\/inverno-2025-como-sera-o-clima-no-brasil-na-estacao-mais-fria-do-ano\/#breadcrumb"},"inLanguage":"pt-BR","potentialAction":[{"@type":"ReadAction","target":["https:\/\/jornalfatosenoticias.com.br\/index.php\/2025\/06\/23\/inverno-2025-como-sera-o-clima-no-brasil-na-estacao-mais-fria-do-ano\/"]}]},{"@type":"ImageObject","inLanguage":"pt-BR","@id":"https:\/\/jornalfatosenoticias.com.br\/index.php\/2025\/06\/23\/inverno-2025-como-sera-o-clima-no-brasil-na-estacao-mais-fria-do-ano\/#primaryimage","url":"https:\/\/jornalfatosenoticias.com.br\/wp-content\/uploads\/2025\/06\/inverno-Brasil_istock.jpg","contentUrl":"https:\/\/jornalfatosenoticias.com.br\/wp-content\/uploads\/2025\/06\/inverno-Brasil_istock.jpg","width":612,"height":459,"caption":"Low angle view of billboard showing 7 degrees celsius of temperature in the city of Valencia, Spain"},{"@type":"BreadcrumbList","@id":"https:\/\/jornalfatosenoticias.com.br\/index.php\/2025\/06\/23\/inverno-2025-como-sera-o-clima-no-brasil-na-estacao-mais-fria-do-ano\/#breadcrumb","itemListElement":[{"@type":"ListItem","position":1,"name":"In\u00edcio","item":"https:\/\/jornalfatosenoticias.com.br\/"},{"@type":"ListItem","position":2,"name":"Inverno 2025: como ser\u00e1 o clima no Brasil na esta\u00e7\u00e3o mais fria do ano"}]},{"@type":"WebSite","@id":"https:\/\/jornalfatosenoticias.com.br\/#website","url":"https:\/\/jornalfatosenoticias.com.br\/","name":"Jornal Fatos e Not\u00edcias","description":"Not\u00edcias em geral","publisher":{"@id":"https:\/\/jornalfatosenoticias.com.br\/#organization"},"potentialAction":[{"@type":"SearchAction","target":{"@type":"EntryPoint","urlTemplate":"https:\/\/jornalfatosenoticias.com.br\/?s={search_term_string}"},"query-input":{"@type":"PropertyValueSpecification","valueRequired":true,"valueName":"search_term_string"}}],"inLanguage":"pt-BR"},{"@type":"Organization","@id":"https:\/\/jornalfatosenoticias.com.br\/#organization","name":"Jornal Fatos e Not\u00edcias","url":"https:\/\/jornalfatosenoticias.com.br\/","logo":{"@type":"ImageObject","inLanguage":"pt-BR","@id":"https:\/\/jornalfatosenoticias.com.br\/#\/schema\/logo\/image\/","url":"https:\/\/jornalfatosenoticias.com.br\/wp-content\/uploads\/2020\/02\/logo120.png","contentUrl":"https:\/\/jornalfatosenoticias.com.br\/wp-content\/uploads\/2020\/02\/logo120.png","width":1227,"height":120,"caption":"Jornal Fatos e Not\u00edcias"},"image":{"@id":"https:\/\/jornalfatosenoticias.com.br\/#\/schema\/logo\/image\/"}},{"@type":"Person","@id":"https:\/\/jornalfatosenoticias.com.br\/#\/schema\/person\/d63837fa13ac8666eb9e74e0985d6f81","name":"Luzimara Fernandes","image":{"@type":"ImageObject","inLanguage":"pt-BR","@id":"https:\/\/jornalfatosenoticias.com.br\/#\/schema\/person\/image\/","url":"https:\/\/jornalfatosenoticias.com.br\/wp-content\/uploads\/2025\/05\/EU_portal.jpg","contentUrl":"https:\/\/jornalfatosenoticias.com.br\/wp-content\/uploads\/2025\/05\/EU_portal.jpg","caption":"Luzimara Fernandes"},"description":"Jornalista MTB 2358-ES","sameAs":["https:\/\/jornalfatosenoticias.com.br"],"url":"https:\/\/jornalfatosenoticias.com.br\/index.php\/author\/luzimara\/"}]}},"cc_featured_image_caption":{"caption_text":"(Foto: iStock)","source_text":"","source_url":""},"jetpack_featured_media_url":"https:\/\/jornalfatosenoticias.com.br\/wp-content\/uploads\/2025\/06\/inverno-Brasil_istock.jpg","_links":{"self":[{"href":"https:\/\/jornalfatosenoticias.com.br\/index.php\/wp-json\/wp\/v2\/posts\/60162","targetHints":{"allow":["GET"]}}],"collection":[{"href":"https:\/\/jornalfatosenoticias.com.br\/index.php\/wp-json\/wp\/v2\/posts"}],"about":[{"href":"https:\/\/jornalfatosenoticias.com.br\/index.php\/wp-json\/wp\/v2\/types\/post"}],"author":[{"embeddable":true,"href":"https:\/\/jornalfatosenoticias.com.br\/index.php\/wp-json\/wp\/v2\/users\/2"}],"replies":[{"embeddable":true,"href":"https:\/\/jornalfatosenoticias.com.br\/index.php\/wp-json\/wp\/v2\/comments?post=60162"}],"version-history":[{"count":0,"href":"https:\/\/jornalfatosenoticias.com.br\/index.php\/wp-json\/wp\/v2\/posts\/60162\/revisions"}],"wp:featuredmedia":[{"embeddable":true,"href":"https:\/\/jornalfatosenoticias.com.br\/index.php\/wp-json\/wp\/v2\/media\/60163"}],"wp:attachment":[{"href":"https:\/\/jornalfatosenoticias.com.br\/index.php\/wp-json\/wp\/v2\/media?parent=60162"}],"wp:term":[{"taxonomy":"category","embeddable":true,"href":"https:\/\/jornalfatosenoticias.com.br\/index.php\/wp-json\/wp\/v2\/categories?post=60162"},{"taxonomy":"post_tag","embeddable":true,"href":"https:\/\/jornalfatosenoticias.com.br\/index.php\/wp-json\/wp\/v2\/tags?post=60162"}],"curies":[{"name":"wp","href":"https:\/\/api.w.org\/{rel}","templated":true}]}}