{"id":60165,"date":"2025-06-23T14:44:11","date_gmt":"2025-06-23T17:44:11","guid":{"rendered":"https:\/\/jornalfatosenoticias.com.br\/?p=60165"},"modified":"2025-06-23T14:44:14","modified_gmt":"2025-06-23T17:44:14","slug":"ira-lanca-ataque-com-misseis-contra-bases-dos-eua-no-oriente-medio","status":"publish","type":"post","link":"https:\/\/jornalfatosenoticias.com.br\/index.php\/2025\/06\/23\/ira-lanca-ataque-com-misseis-contra-bases-dos-eua-no-oriente-medio\/","title":{"rendered":"Ir\u00e3 lan\u00e7a ataque com m\u00edsseis contra bases dos EUA no Oriente M\u00e9dio"},"content":{"rendered":"\n<p><em><span class=\"has-inline-color has-black-color\">O l\u00edder supremo do Ir\u00e3, o aiatol\u00e1 Ali Khamenei, prometeu resposta aos ataques dos EUA<\/span><\/em><\/p>\n\n\n\n<p><span class=\"has-inline-color has-black-color\">Por <strong><a href=\"https:\/\/www.gazetadopovo.com.br\/autor\/isabella-de-paula\/\">Isabella de Paula<\/a><\/strong><\/span><\/p>\n\n\n\n<div class=\"wp-block-image\"><figure class=\"aligncenter size-large\"><a href=\"https:\/\/mizu.com.br\/\"><img loading=\"lazy\" decoding=\"async\" width=\"729\" height=\"90\" src=\"https:\/\/jornalfatosenoticias.com.br\/wp-content\/uploads\/2020\/02\/Logo_Mizu.png\" alt=\"\" class=\"wp-image-1441\" srcset=\"https:\/\/jornalfatosenoticias.com.br\/wp-content\/uploads\/2020\/02\/Logo_Mizu.png 729w, https:\/\/jornalfatosenoticias.com.br\/wp-content\/uploads\/2020\/02\/Logo_Mizu-300x37.png 300w\" sizes=\"auto, (max-width: 729px) 100vw, 729px\" \/><\/a><\/figure><\/div>\n\n\n\n<p>O Ir\u00e3 anunciou, nesta segunda-feira (23), um ataque com m\u00edsseis contra a base a\u00e9rea de Al-Udeid, controlado pelos Estados Unidos no Catar. Em comunicado, o Corpo da Guarda Revolucion\u00e1ria Isl\u00e2mica afirmou que o &#8220;poderoso e destrutivo&#8221; ataque foi uma resposta aos recentes bombardeios americanos em solo iraniano no final de semana.<br>A CNN informou que a Casa Branca est\u00e1 rastreando os m\u00edsseis lan\u00e7ados contra suas instala\u00e7\u00f5es militares no Catar e no Iraque. Um funcion\u00e1rio do governo americano informou \u00e0 emissora que o secret\u00e1rio de Defesa, Pete Hegseth, e o presidente do Estado-Maior Conjunto, Dan Caine, est\u00e3o na Sala de Situa\u00e7\u00e3o com o presidente Donald Trump, acompanhando os \u00faltimos acontecimentos.<\/p>\n\n\n\n<div class=\"wp-block-image\"><figure class=\"aligncenter size-large\"><a href=\"https:\/\/www.cesconetto.com.br\/\"><img loading=\"lazy\" decoding=\"async\" width=\"300\" height=\"250\" src=\"https:\/\/jornalfatosenoticias.com.br\/wp-content\/uploads\/2022\/02\/Banner-2.png\" alt=\"\" class=\"wp-image-27877\"\/><\/a><\/figure><\/div>\n\n\n\n<p>De acordo com a ag\u00eancia Reuters, citando uma fonte diplom\u00e1tica, Washington informou ao governo catari sobre a possibilidade de Teer\u00e3 atingir a base a\u00e9rea de Al Udeid, no estado do Golfo \u00c1rabe, mais cedo. Por esse motivo, o Minist\u00e9rio das Rela\u00e7\u00f5es Exteriores do Catar anunciou a suspens\u00e3o \u201ctempor\u00e1ria\u201d do tr\u00e1fego a\u00e9reo no pa\u00eds para \u201cgarantir a seguran\u00e7a dos cidad\u00e3os, residentes e visitantes\u201d em meio \u00e0 escalada entre Israel, Estados Unidos e Ir\u00e3.<\/p>\n\n\n\n<div class=\"wp-block-image\"><figure class=\"aligncenter size-large is-resized\"><a href=\"https:\/\/www.instagram.com\/esteio.churrascaria\/\"><img loading=\"lazy\" decoding=\"async\" src=\"https:\/\/jornalfatosenoticias.com.br\/wp-content\/uploads\/2022\/02\/LOGO-ESTEIO-1024x730.png\" alt=\"\" class=\"wp-image-27942\" width=\"351\" height=\"250\" srcset=\"https:\/\/jornalfatosenoticias.com.br\/wp-content\/uploads\/2022\/02\/LOGO-ESTEIO-1024x730.png 1024w, https:\/\/jornalfatosenoticias.com.br\/wp-content\/uploads\/2022\/02\/LOGO-ESTEIO-300x214.png 300w, https:\/\/jornalfatosenoticias.com.br\/wp-content\/uploads\/2022\/02\/LOGO-ESTEIO-768x548.png 768w, https:\/\/jornalfatosenoticias.com.br\/wp-content\/uploads\/2022\/02\/LOGO-ESTEIO.png 1123w\" sizes=\"auto, (max-width: 351px) 100vw, 351px\" \/><\/a><\/figure><\/div>\n\n\n\n<blockquote class=\"wp-block-quote is-layout-flow wp-block-quote-is-layout-flow\"><p><span class=\"has-inline-color has-luminous-vivid-orange-color\">Como parte do compromisso do Estado do Catar com a seguran\u00e7a de seus cidad\u00e3os, residentes e visitantes, as autoridades competentes anunciam a suspens\u00e3o tempor\u00e1ria do tr\u00e1fego a\u00e9reo no espa\u00e7o a\u00e9reo do pa\u00eds\u201d, declarou a pasta em comunicado.<\/span><\/p><\/blockquote>\n\n\n\n<div class=\"wp-block-image\"><figure class=\"aligncenter size-large is-resized\"><a href=\"https:\/\/www.facebook.com\/vetor.vix\/\"><img loading=\"lazy\" decoding=\"async\" src=\"https:\/\/jornalfatosenoticias.com.br\/wp-content\/uploads\/2023\/09\/vetorvix1024_1.jpg\" alt=\"\" class=\"wp-image-44868\" width=\"528\" height=\"140\" srcset=\"https:\/\/jornalfatosenoticias.com.br\/wp-content\/uploads\/2023\/09\/vetorvix1024_1.jpg 1024w, https:\/\/jornalfatosenoticias.com.br\/wp-content\/uploads\/2023\/09\/vetorvix1024_1-300x80.jpg 300w, https:\/\/jornalfatosenoticias.com.br\/wp-content\/uploads\/2023\/09\/vetorvix1024_1-768x205.jpg 768w\" sizes=\"auto, (max-width: 528px) 100vw, 528px\" \/><\/a><\/figure><\/div>\n\n\n\n<p>A suspens\u00e3o do tr\u00e1fego a\u00e9reo ocorreu pouco depois que a embaixada dos EUA no Catar emitiu um aviso avisando os cidad\u00e3os americanos no pa\u00eds se abrigarem em ambientes fechados at\u00e9 segunda ordem &#8220;como precau\u00e7\u00e3o&#8221;.<\/p>\n\n\n\n<p><strong>Fonte: <a href=\"https:\/\/www.gazetadopovo.com.br\/mundo\/ira-lanca-ataque-misseis-contra-base-dos-eua-no-catar-diz-agencia\/\">Gazeta do Povo<\/a><\/strong><\/p>\n","protected":false},"excerpt":{"rendered":"<p>O l\u00edder supremo do Ir\u00e3, o aiatol\u00e1 Ali Khamenei, prometeu resposta aos ataques dos EUA Por Isabella de Paula O Ir\u00e3 anunciou, nesta segunda-feira (23), um ataque com m\u00edsseis contra a base a\u00e9rea de Al-Udeid, controlado pelos Estados Unidos no Catar. Em comunicado, o Corpo da Guarda Revolucion\u00e1ria Isl\u00e2mica afirmou que o &#8220;poderoso e destrutivo&#8221; [&hellip;]<\/p>\n","protected":false},"author":2,"featured_media":60166,"comment_status":"open","ping_status":"open","sticky":false,"template":"","format":"standard","meta":{"footnotes":""},"categories":[41],"tags":[1751,5107,160,162,147],"class_list":["post-60165","post","type-post","status-publish","format-standard","has-post-thumbnail","hentry","category-internacional","tag-estados-unidos","tag-ira","tag-iraque","tag-israel","tag-oriente-medio"],"yoast_head":"<!-- This site is optimized with the Yoast SEO plugin v26.5 - https:\/\/yoast.com\/wordpress\/plugins\/seo\/ -->\n<title>Ir\u00e3 lan\u00e7a ataque com m\u00edsseis contra bases dos EUA no Oriente M\u00e9dio - Jornal Fatos e Not\u00edcias<\/title>\n<meta name=\"robots\" content=\"index, follow, max-snippet:-1, max-image-preview:large, max-video-preview:-1\" \/>\n<link rel=\"canonical\" href=\"https:\/\/jornalfatosenoticias.com.br\/index.php\/2025\/06\/23\/ira-lanca-ataque-com-misseis-contra-bases-dos-eua-no-oriente-medio\/\" \/>\n<meta property=\"og:locale\" content=\"pt_BR\" \/>\n<meta property=\"og:type\" content=\"article\" \/>\n<meta property=\"og:title\" content=\"Ir\u00e3 lan\u00e7a ataque com m\u00edsseis contra bases dos EUA no Oriente M\u00e9dio - Jornal Fatos e Not\u00edcias\" \/>\n<meta property=\"og:description\" content=\"O l\u00edder supremo do Ir\u00e3, o aiatol\u00e1 Ali Khamenei, prometeu resposta aos ataques dos EUA Por Isabella de Paula O Ir\u00e3 anunciou, nesta segunda-feira (23), um ataque com m\u00edsseis contra a base a\u00e9rea de Al-Udeid, controlado pelos Estados Unidos no Catar. Em comunicado, o Corpo da Guarda Revolucion\u00e1ria Isl\u00e2mica afirmou que o &#8220;poderoso e destrutivo&#8221; [&hellip;]\" \/>\n<meta property=\"og:url\" content=\"https:\/\/jornalfatosenoticias.com.br\/index.php\/2025\/06\/23\/ira-lanca-ataque-com-misseis-contra-bases-dos-eua-no-oriente-medio\/\" \/>\n<meta property=\"og:site_name\" content=\"Jornal Fatos e Not\u00edcias\" \/>\n<meta property=\"article:published_time\" content=\"2025-06-23T17:44:11+00:00\" \/>\n<meta property=\"article:modified_time\" content=\"2025-06-23T17:44:14+00:00\" \/>\n<meta property=\"og:image\" content=\"https:\/\/jornalfatosenoticias.com.br\/wp-content\/uploads\/2025\/06\/aiatola-Ali-Khamenei_gettyimages.jpg\" \/>\n\t<meta property=\"og:image:width\" content=\"612\" \/>\n\t<meta property=\"og:image:height\" content=\"408\" \/>\n\t<meta property=\"og:image:type\" content=\"image\/jpeg\" \/>\n<meta name=\"author\" content=\"Luzimara Fernandes\" \/>\n<meta name=\"twitter:card\" content=\"summary_large_image\" \/>\n<meta name=\"twitter:label1\" content=\"Escrito por\" \/>\n\t<meta name=\"twitter:data1\" content=\"Luzimara Fernandes\" \/>\n\t<meta name=\"twitter:label2\" content=\"Est. tempo de leitura\" \/>\n\t<meta name=\"twitter:data2\" content=\"2 minutos\" \/>\n<script type=\"application\/ld+json\" class=\"yoast-schema-graph\">{\"@context\":\"https:\/\/schema.org\",\"@graph\":[{\"@type\":\"Article\",\"@id\":\"https:\/\/jornalfatosenoticias.com.br\/index.php\/2025\/06\/23\/ira-lanca-ataque-com-misseis-contra-bases-dos-eua-no-oriente-medio\/#article\",\"isPartOf\":{\"@id\":\"https:\/\/jornalfatosenoticias.com.br\/index.php\/2025\/06\/23\/ira-lanca-ataque-com-misseis-contra-bases-dos-eua-no-oriente-medio\/\"},\"author\":{\"name\":\"Luzimara Fernandes\",\"@id\":\"https:\/\/jornalfatosenoticias.com.br\/#\/schema\/person\/d63837fa13ac8666eb9e74e0985d6f81\"},\"headline\":\"Ir\u00e3 lan\u00e7a ataque com m\u00edsseis contra bases dos EUA no Oriente M\u00e9dio\",\"datePublished\":\"2025-06-23T17:44:11+00:00\",\"dateModified\":\"2025-06-23T17:44:14+00:00\",\"mainEntityOfPage\":{\"@id\":\"https:\/\/jornalfatosenoticias.com.br\/index.php\/2025\/06\/23\/ira-lanca-ataque-com-misseis-contra-bases-dos-eua-no-oriente-medio\/\"},\"wordCount\":326,\"commentCount\":0,\"publisher\":{\"@id\":\"https:\/\/jornalfatosenoticias.com.br\/#organization\"},\"image\":{\"@id\":\"https:\/\/jornalfatosenoticias.com.br\/index.php\/2025\/06\/23\/ira-lanca-ataque-com-misseis-contra-bases-dos-eua-no-oriente-medio\/#primaryimage\"},\"thumbnailUrl\":\"https:\/\/jornalfatosenoticias.com.br\/wp-content\/uploads\/2025\/06\/aiatola-Ali-Khamenei_gettyimages.jpg\",\"keywords\":[\"Estados Unidos\",\"Ir\u00e3\",\"Iraque\",\"Israel\",\"Oriente M\u00e9dio\"],\"articleSection\":[\"Internacional\"],\"inLanguage\":\"pt-BR\",\"potentialAction\":[{\"@type\":\"CommentAction\",\"name\":\"Comment\",\"target\":[\"https:\/\/jornalfatosenoticias.com.br\/index.php\/2025\/06\/23\/ira-lanca-ataque-com-misseis-contra-bases-dos-eua-no-oriente-medio\/#respond\"]}]},{\"@type\":\"WebPage\",\"@id\":\"https:\/\/jornalfatosenoticias.com.br\/index.php\/2025\/06\/23\/ira-lanca-ataque-com-misseis-contra-bases-dos-eua-no-oriente-medio\/\",\"url\":\"https:\/\/jornalfatosenoticias.com.br\/index.php\/2025\/06\/23\/ira-lanca-ataque-com-misseis-contra-bases-dos-eua-no-oriente-medio\/\",\"name\":\"Ir\u00e3 lan\u00e7a ataque com m\u00edsseis contra bases dos EUA no Oriente M\u00e9dio - Jornal Fatos e Not\u00edcias\",\"isPartOf\":{\"@id\":\"https:\/\/jornalfatosenoticias.com.br\/#website\"},\"primaryImageOfPage\":{\"@id\":\"https:\/\/jornalfatosenoticias.com.br\/index.php\/2025\/06\/23\/ira-lanca-ataque-com-misseis-contra-bases-dos-eua-no-oriente-medio\/#primaryimage\"},\"image\":{\"@id\":\"https:\/\/jornalfatosenoticias.com.br\/index.php\/2025\/06\/23\/ira-lanca-ataque-com-misseis-contra-bases-dos-eua-no-oriente-medio\/#primaryimage\"},\"thumbnailUrl\":\"https:\/\/jornalfatosenoticias.com.br\/wp-content\/uploads\/2025\/06\/aiatola-Ali-Khamenei_gettyimages.jpg\",\"datePublished\":\"2025-06-23T17:44:11+00:00\",\"dateModified\":\"2025-06-23T17:44:14+00:00\",\"breadcrumb\":{\"@id\":\"https:\/\/jornalfatosenoticias.com.br\/index.php\/2025\/06\/23\/ira-lanca-ataque-com-misseis-contra-bases-dos-eua-no-oriente-medio\/#breadcrumb\"},\"inLanguage\":\"pt-BR\",\"potentialAction\":[{\"@type\":\"ReadAction\",\"target\":[\"https:\/\/jornalfatosenoticias.com.br\/index.php\/2025\/06\/23\/ira-lanca-ataque-com-misseis-contra-bases-dos-eua-no-oriente-medio\/\"]}]},{\"@type\":\"ImageObject\",\"inLanguage\":\"pt-BR\",\"@id\":\"https:\/\/jornalfatosenoticias.com.br\/index.php\/2025\/06\/23\/ira-lanca-ataque-com-misseis-contra-bases-dos-eua-no-oriente-medio\/#primaryimage\",\"url\":\"https:\/\/jornalfatosenoticias.com.br\/wp-content\/uploads\/2025\/06\/aiatola-Ali-Khamenei_gettyimages.jpg\",\"contentUrl\":\"https:\/\/jornalfatosenoticias.com.br\/wp-content\/uploads\/2025\/06\/aiatola-Ali-Khamenei_gettyimages.jpg\",\"width\":612,\"height\":408,\"caption\":\"TEHRAN, IRAN - JUNE 18: (EDITOR\u2019S NOTE: This Handout image was provided by a third-party organization and may not adhere to Getty Images\u2019 editorial policy.) In this handout image provided by the Office of the Supreme Leader of Iran, Iranian Supreme Leader Ali Khamenei addresses the nation in a state television broadcast on June 18, 2025 in Tehran, Iran. In the address, he said the Iranian people would never surrender and that \u201cany form of US military intervention will undoubtedly be met with irreparable harm.\u201d(Photo by Office of the Supreme Leader of Iran via Getty Images)\"},{\"@type\":\"BreadcrumbList\",\"@id\":\"https:\/\/jornalfatosenoticias.com.br\/index.php\/2025\/06\/23\/ira-lanca-ataque-com-misseis-contra-bases-dos-eua-no-oriente-medio\/#breadcrumb\",\"itemListElement\":[{\"@type\":\"ListItem\",\"position\":1,\"name\":\"In\u00edcio\",\"item\":\"https:\/\/jornalfatosenoticias.com.br\/\"},{\"@type\":\"ListItem\",\"position\":2,\"name\":\"Ir\u00e3 lan\u00e7a ataque com m\u00edsseis contra bases dos EUA no Oriente M\u00e9dio\"}]},{\"@type\":\"WebSite\",\"@id\":\"https:\/\/jornalfatosenoticias.com.br\/#website\",\"url\":\"https:\/\/jornalfatosenoticias.com.br\/\",\"name\":\"Jornal Fatos e Not\u00edcias\",\"description\":\"Not\u00edcias em geral\",\"publisher\":{\"@id\":\"https:\/\/jornalfatosenoticias.com.br\/#organization\"},\"potentialAction\":[{\"@type\":\"SearchAction\",\"target\":{\"@type\":\"EntryPoint\",\"urlTemplate\":\"https:\/\/jornalfatosenoticias.com.br\/?s={search_term_string}\"},\"query-input\":{\"@type\":\"PropertyValueSpecification\",\"valueRequired\":true,\"valueName\":\"search_term_string\"}}],\"inLanguage\":\"pt-BR\"},{\"@type\":\"Organization\",\"@id\":\"https:\/\/jornalfatosenoticias.com.br\/#organization\",\"name\":\"Jornal Fatos e Not\u00edcias\",\"url\":\"https:\/\/jornalfatosenoticias.com.br\/\",\"logo\":{\"@type\":\"ImageObject\",\"inLanguage\":\"pt-BR\",\"@id\":\"https:\/\/jornalfatosenoticias.com.br\/#\/schema\/logo\/image\/\",\"url\":\"https:\/\/jornalfatosenoticias.com.br\/wp-content\/uploads\/2020\/02\/logo120.png\",\"contentUrl\":\"https:\/\/jornalfatosenoticias.com.br\/wp-content\/uploads\/2020\/02\/logo120.png\",\"width\":1227,\"height\":120,\"caption\":\"Jornal Fatos e Not\u00edcias\"},\"image\":{\"@id\":\"https:\/\/jornalfatosenoticias.com.br\/#\/schema\/logo\/image\/\"}},{\"@type\":\"Person\",\"@id\":\"https:\/\/jornalfatosenoticias.com.br\/#\/schema\/person\/d63837fa13ac8666eb9e74e0985d6f81\",\"name\":\"Luzimara Fernandes\",\"image\":{\"@type\":\"ImageObject\",\"inLanguage\":\"pt-BR\",\"@id\":\"https:\/\/jornalfatosenoticias.com.br\/#\/schema\/person\/image\/\",\"url\":\"https:\/\/jornalfatosenoticias.com.br\/wp-content\/uploads\/2025\/05\/EU_portal.jpg\",\"contentUrl\":\"https:\/\/jornalfatosenoticias.com.br\/wp-content\/uploads\/2025\/05\/EU_portal.jpg\",\"caption\":\"Luzimara Fernandes\"},\"description\":\"Jornalista MTB 2358-ES\",\"sameAs\":[\"https:\/\/jornalfatosenoticias.com.br\"],\"url\":\"https:\/\/jornalfatosenoticias.com.br\/index.php\/author\/luzimara\/\"}]}<\/script>\n<!-- \/ Yoast SEO plugin. -->","yoast_head_json":{"title":"Ir\u00e3 lan\u00e7a ataque com m\u00edsseis contra bases dos EUA no Oriente M\u00e9dio - Jornal Fatos e Not\u00edcias","robots":{"index":"index","follow":"follow","max-snippet":"max-snippet:-1","max-image-preview":"max-image-preview:large","max-video-preview":"max-video-preview:-1"},"canonical":"https:\/\/jornalfatosenoticias.com.br\/index.php\/2025\/06\/23\/ira-lanca-ataque-com-misseis-contra-bases-dos-eua-no-oriente-medio\/","og_locale":"pt_BR","og_type":"article","og_title":"Ir\u00e3 lan\u00e7a ataque com m\u00edsseis contra bases dos EUA no Oriente M\u00e9dio - Jornal Fatos e Not\u00edcias","og_description":"O l\u00edder supremo do Ir\u00e3, o aiatol\u00e1 Ali Khamenei, prometeu resposta aos ataques dos EUA Por Isabella de Paula O Ir\u00e3 anunciou, nesta segunda-feira (23), um ataque com m\u00edsseis contra a base a\u00e9rea de Al-Udeid, controlado pelos Estados Unidos no Catar. Em comunicado, o Corpo da Guarda Revolucion\u00e1ria Isl\u00e2mica afirmou que o &#8220;poderoso e destrutivo&#8221; [&hellip;]","og_url":"https:\/\/jornalfatosenoticias.com.br\/index.php\/2025\/06\/23\/ira-lanca-ataque-com-misseis-contra-bases-dos-eua-no-oriente-medio\/","og_site_name":"Jornal Fatos e Not\u00edcias","article_published_time":"2025-06-23T17:44:11+00:00","article_modified_time":"2025-06-23T17:44:14+00:00","og_image":[{"width":612,"height":408,"url":"https:\/\/jornalfatosenoticias.com.br\/wp-content\/uploads\/2025\/06\/aiatola-Ali-Khamenei_gettyimages.jpg","type":"image\/jpeg"}],"author":"Luzimara Fernandes","twitter_card":"summary_large_image","twitter_misc":{"Escrito por":"Luzimara Fernandes","Est. tempo de leitura":"2 minutos"},"schema":{"@context":"https:\/\/schema.org","@graph":[{"@type":"Article","@id":"https:\/\/jornalfatosenoticias.com.br\/index.php\/2025\/06\/23\/ira-lanca-ataque-com-misseis-contra-bases-dos-eua-no-oriente-medio\/#article","isPartOf":{"@id":"https:\/\/jornalfatosenoticias.com.br\/index.php\/2025\/06\/23\/ira-lanca-ataque-com-misseis-contra-bases-dos-eua-no-oriente-medio\/"},"author":{"name":"Luzimara Fernandes","@id":"https:\/\/jornalfatosenoticias.com.br\/#\/schema\/person\/d63837fa13ac8666eb9e74e0985d6f81"},"headline":"Ir\u00e3 lan\u00e7a ataque com m\u00edsseis contra bases dos EUA no Oriente M\u00e9dio","datePublished":"2025-06-23T17:44:11+00:00","dateModified":"2025-06-23T17:44:14+00:00","mainEntityOfPage":{"@id":"https:\/\/jornalfatosenoticias.com.br\/index.php\/2025\/06\/23\/ira-lanca-ataque-com-misseis-contra-bases-dos-eua-no-oriente-medio\/"},"wordCount":326,"commentCount":0,"publisher":{"@id":"https:\/\/jornalfatosenoticias.com.br\/#organization"},"image":{"@id":"https:\/\/jornalfatosenoticias.com.br\/index.php\/2025\/06\/23\/ira-lanca-ataque-com-misseis-contra-bases-dos-eua-no-oriente-medio\/#primaryimage"},"thumbnailUrl":"https:\/\/jornalfatosenoticias.com.br\/wp-content\/uploads\/2025\/06\/aiatola-Ali-Khamenei_gettyimages.jpg","keywords":["Estados Unidos","Ir\u00e3","Iraque","Israel","Oriente M\u00e9dio"],"articleSection":["Internacional"],"inLanguage":"pt-BR","potentialAction":[{"@type":"CommentAction","name":"Comment","target":["https:\/\/jornalfatosenoticias.com.br\/index.php\/2025\/06\/23\/ira-lanca-ataque-com-misseis-contra-bases-dos-eua-no-oriente-medio\/#respond"]}]},{"@type":"WebPage","@id":"https:\/\/jornalfatosenoticias.com.br\/index.php\/2025\/06\/23\/ira-lanca-ataque-com-misseis-contra-bases-dos-eua-no-oriente-medio\/","url":"https:\/\/jornalfatosenoticias.com.br\/index.php\/2025\/06\/23\/ira-lanca-ataque-com-misseis-contra-bases-dos-eua-no-oriente-medio\/","name":"Ir\u00e3 lan\u00e7a ataque com m\u00edsseis contra bases dos EUA no Oriente M\u00e9dio - Jornal Fatos e Not\u00edcias","isPartOf":{"@id":"https:\/\/jornalfatosenoticias.com.br\/#website"},"primaryImageOfPage":{"@id":"https:\/\/jornalfatosenoticias.com.br\/index.php\/2025\/06\/23\/ira-lanca-ataque-com-misseis-contra-bases-dos-eua-no-oriente-medio\/#primaryimage"},"image":{"@id":"https:\/\/jornalfatosenoticias.com.br\/index.php\/2025\/06\/23\/ira-lanca-ataque-com-misseis-contra-bases-dos-eua-no-oriente-medio\/#primaryimage"},"thumbnailUrl":"https:\/\/jornalfatosenoticias.com.br\/wp-content\/uploads\/2025\/06\/aiatola-Ali-Khamenei_gettyimages.jpg","datePublished":"2025-06-23T17:44:11+00:00","dateModified":"2025-06-23T17:44:14+00:00","breadcrumb":{"@id":"https:\/\/jornalfatosenoticias.com.br\/index.php\/2025\/06\/23\/ira-lanca-ataque-com-misseis-contra-bases-dos-eua-no-oriente-medio\/#breadcrumb"},"inLanguage":"pt-BR","potentialAction":[{"@type":"ReadAction","target":["https:\/\/jornalfatosenoticias.com.br\/index.php\/2025\/06\/23\/ira-lanca-ataque-com-misseis-contra-bases-dos-eua-no-oriente-medio\/"]}]},{"@type":"ImageObject","inLanguage":"pt-BR","@id":"https:\/\/jornalfatosenoticias.com.br\/index.php\/2025\/06\/23\/ira-lanca-ataque-com-misseis-contra-bases-dos-eua-no-oriente-medio\/#primaryimage","url":"https:\/\/jornalfatosenoticias.com.br\/wp-content\/uploads\/2025\/06\/aiatola-Ali-Khamenei_gettyimages.jpg","contentUrl":"https:\/\/jornalfatosenoticias.com.br\/wp-content\/uploads\/2025\/06\/aiatola-Ali-Khamenei_gettyimages.jpg","width":612,"height":408,"caption":"TEHRAN, IRAN - JUNE 18: (EDITOR\u2019S NOTE: This Handout image was provided by a third-party organization and may not adhere to Getty Images\u2019 editorial policy.) In this handout image provided by the Office of the Supreme Leader of Iran, Iranian Supreme Leader Ali Khamenei addresses the nation in a state television broadcast on June 18, 2025 in Tehran, Iran. In the address, he said the Iranian people would never surrender and that \u201cany form of US military intervention will undoubtedly be met with irreparable harm.\u201d(Photo by Office of the Supreme Leader of Iran via Getty Images)"},{"@type":"BreadcrumbList","@id":"https:\/\/jornalfatosenoticias.com.br\/index.php\/2025\/06\/23\/ira-lanca-ataque-com-misseis-contra-bases-dos-eua-no-oriente-medio\/#breadcrumb","itemListElement":[{"@type":"ListItem","position":1,"name":"In\u00edcio","item":"https:\/\/jornalfatosenoticias.com.br\/"},{"@type":"ListItem","position":2,"name":"Ir\u00e3 lan\u00e7a ataque com m\u00edsseis contra bases dos EUA no Oriente M\u00e9dio"}]},{"@type":"WebSite","@id":"https:\/\/jornalfatosenoticias.com.br\/#website","url":"https:\/\/jornalfatosenoticias.com.br\/","name":"Jornal Fatos e Not\u00edcias","description":"Not\u00edcias em geral","publisher":{"@id":"https:\/\/jornalfatosenoticias.com.br\/#organization"},"potentialAction":[{"@type":"SearchAction","target":{"@type":"EntryPoint","urlTemplate":"https:\/\/jornalfatosenoticias.com.br\/?s={search_term_string}"},"query-input":{"@type":"PropertyValueSpecification","valueRequired":true,"valueName":"search_term_string"}}],"inLanguage":"pt-BR"},{"@type":"Organization","@id":"https:\/\/jornalfatosenoticias.com.br\/#organization","name":"Jornal Fatos e Not\u00edcias","url":"https:\/\/jornalfatosenoticias.com.br\/","logo":{"@type":"ImageObject","inLanguage":"pt-BR","@id":"https:\/\/jornalfatosenoticias.com.br\/#\/schema\/logo\/image\/","url":"https:\/\/jornalfatosenoticias.com.br\/wp-content\/uploads\/2020\/02\/logo120.png","contentUrl":"https:\/\/jornalfatosenoticias.com.br\/wp-content\/uploads\/2020\/02\/logo120.png","width":1227,"height":120,"caption":"Jornal Fatos e Not\u00edcias"},"image":{"@id":"https:\/\/jornalfatosenoticias.com.br\/#\/schema\/logo\/image\/"}},{"@type":"Person","@id":"https:\/\/jornalfatosenoticias.com.br\/#\/schema\/person\/d63837fa13ac8666eb9e74e0985d6f81","name":"Luzimara Fernandes","image":{"@type":"ImageObject","inLanguage":"pt-BR","@id":"https:\/\/jornalfatosenoticias.com.br\/#\/schema\/person\/image\/","url":"https:\/\/jornalfatosenoticias.com.br\/wp-content\/uploads\/2025\/05\/EU_portal.jpg","contentUrl":"https:\/\/jornalfatosenoticias.com.br\/wp-content\/uploads\/2025\/05\/EU_portal.jpg","caption":"Luzimara Fernandes"},"description":"Jornalista MTB 2358-ES","sameAs":["https:\/\/jornalfatosenoticias.com.br"],"url":"https:\/\/jornalfatosenoticias.com.br\/index.php\/author\/luzimara\/"}]}},"cc_featured_image_caption":{"caption_text":"(Foto: Getty Images)","source_text":"","source_url":""},"jetpack_featured_media_url":"https:\/\/jornalfatosenoticias.com.br\/wp-content\/uploads\/2025\/06\/aiatola-Ali-Khamenei_gettyimages.jpg","_links":{"self":[{"href":"https:\/\/jornalfatosenoticias.com.br\/index.php\/wp-json\/wp\/v2\/posts\/60165","targetHints":{"allow":["GET"]}}],"collection":[{"href":"https:\/\/jornalfatosenoticias.com.br\/index.php\/wp-json\/wp\/v2\/posts"}],"about":[{"href":"https:\/\/jornalfatosenoticias.com.br\/index.php\/wp-json\/wp\/v2\/types\/post"}],"author":[{"embeddable":true,"href":"https:\/\/jornalfatosenoticias.com.br\/index.php\/wp-json\/wp\/v2\/users\/2"}],"replies":[{"embeddable":true,"href":"https:\/\/jornalfatosenoticias.com.br\/index.php\/wp-json\/wp\/v2\/comments?post=60165"}],"version-history":[{"count":0,"href":"https:\/\/jornalfatosenoticias.com.br\/index.php\/wp-json\/wp\/v2\/posts\/60165\/revisions"}],"wp:featuredmedia":[{"embeddable":true,"href":"https:\/\/jornalfatosenoticias.com.br\/index.php\/wp-json\/wp\/v2\/media\/60166"}],"wp:attachment":[{"href":"https:\/\/jornalfatosenoticias.com.br\/index.php\/wp-json\/wp\/v2\/media?parent=60165"}],"wp:term":[{"taxonomy":"category","embeddable":true,"href":"https:\/\/jornalfatosenoticias.com.br\/index.php\/wp-json\/wp\/v2\/categories?post=60165"},{"taxonomy":"post_tag","embeddable":true,"href":"https:\/\/jornalfatosenoticias.com.br\/index.php\/wp-json\/wp\/v2\/tags?post=60165"}],"curies":[{"name":"wp","href":"https:\/\/api.w.org\/{rel}","templated":true}]}}