{"id":60168,"date":"2025-06-23T15:06:09","date_gmt":"2025-06-23T18:06:09","guid":{"rendered":"https:\/\/jornalfatosenoticias.com.br\/?p=60168"},"modified":"2025-06-23T15:06:48","modified_gmt":"2025-06-23T18:06:48","slug":"brasil-se-alinha-novamente-a-ditaduras-ao-condenar-ataque-dos-eua-ao-ira","status":"publish","type":"post","link":"https:\/\/jornalfatosenoticias.com.br\/index.php\/2025\/06\/23\/brasil-se-alinha-novamente-a-ditaduras-ao-condenar-ataque-dos-eua-ao-ira\/","title":{"rendered":"Lula se alinha, novamente, a ditaduras ao condenar ataque dos EUA ao Ir\u00e3"},"content":{"rendered":"\n<p><em><span class=\"has-inline-color has-black-color\">Lula ao lado do ditador da R\u00fassia, Vladimir Putin, no Grande Pal\u00e1cio do Kremlin, em Moscou, no dia 9 de maio de 2025<\/span><\/em><\/p>\n\n\n\n<div class=\"wp-block-image\"><figure class=\"aligncenter size-large\"><a href=\"https:\/\/mizu.com.br\/\"><img loading=\"lazy\" decoding=\"async\" width=\"729\" height=\"90\" src=\"https:\/\/jornalfatosenoticias.com.br\/wp-content\/uploads\/2020\/02\/Logo_Mizu.png\" alt=\"\" class=\"wp-image-1441\" srcset=\"https:\/\/jornalfatosenoticias.com.br\/wp-content\/uploads\/2020\/02\/Logo_Mizu.png 729w, https:\/\/jornalfatosenoticias.com.br\/wp-content\/uploads\/2020\/02\/Logo_Mizu-300x37.png 300w\" sizes=\"auto, (max-width: 729px) 100vw, 729px\" \/><\/a><\/figure><\/div>\n\n\n\n<p>O governo Lula classificou o bombardeio dos Estados Unidos contra tr\u00eas instala\u00e7\u00f5es nucleares no Ir\u00e3 como uma \u201cviola\u00e7\u00e3o da soberania\u201d e do direito internacional. A manifesta\u00e7\u00e3o refor\u00e7a o alinhamento de Luiz In\u00e1cio Lula da Silva (PT) com ditaduras e regimes autorit\u00e1rios. A oposi\u00e7\u00e3o criticou o comunicado divulgado pelo Minist\u00e9rio das Rela\u00e7\u00f5es Exteriores neste domingo (22).<br>No \u00faltimo dia 13, Israel lan\u00e7ou a &#8220;Opera\u00e7\u00e3o Le\u00e3o Ascendente&#8221; sob a alega\u00e7\u00e3o de que o regime dos aiatol\u00e1s estava muito perto de obter uma arma nuclear. O presidente americano, Donald Trump, decidiu entrar no conflito e determinou o ataque \u00e0s usinas nucleares de Fordow, Natanz e Esfahan na noite do \u00faltimo s\u00e1bado (21).<\/p>\n\n\n\n<div class=\"wp-block-image\"><figure class=\"aligncenter size-large is-resized\"><a href=\"https:\/\/www.facebook.com\/postobkr\/?locale=pt_BR\"><img loading=\"lazy\" decoding=\"async\" src=\"https:\/\/jornalfatosenoticias.com.br\/wp-content\/uploads\/2023\/08\/BKR-1024x1021.jpg\" alt=\"\" class=\"wp-image-44494\" width=\"294\" height=\"293\" srcset=\"https:\/\/jornalfatosenoticias.com.br\/wp-content\/uploads\/2023\/08\/BKR-1024x1021.jpg 1024w, https:\/\/jornalfatosenoticias.com.br\/wp-content\/uploads\/2023\/08\/BKR-300x300.jpg 300w, https:\/\/jornalfatosenoticias.com.br\/wp-content\/uploads\/2023\/08\/BKR-150x150.jpg 150w, https:\/\/jornalfatosenoticias.com.br\/wp-content\/uploads\/2023\/08\/BKR-768x766.jpg 768w, https:\/\/jornalfatosenoticias.com.br\/wp-content\/uploads\/2023\/08\/BKR.jpg 1080w\" sizes=\"auto, (max-width: 294px) 100vw, 294px\" \/><\/a><\/figure><\/div>\n\n\n\n<p>O primeiro-ministro de Israel, Benjamin Netanyahu, afirmou que ele e Trump defendem a \u201cpaz atrav\u00e9s da for\u00e7a\u201d, pois \u201cprimeiro vem a for\u00e7a, depois vem a paz\u201d. Ap\u00f3s os bombardeios, o ex-presidente Jair Bolsonaro (PL) publicou fotos em que aparece ao lado de Trump e de Netanyahu, com a legenda: <strong><em>\u201cd\u00ea-me 50% da C\u00e2mara e 50% do Senado que eu mudo o destino do Brasil\u201d.<\/em><\/strong><\/p>\n\n\n\n<div class=\"wp-block-image\"><figure class=\"aligncenter size-large is-resized\"><a href=\"https:\/\/panper.com.br\/\"><img loading=\"lazy\" decoding=\"async\" src=\"https:\/\/jornalfatosenoticias.com.br\/wp-content\/uploads\/2023\/03\/logo-Panper_portal.jpg\" alt=\"\" class=\"wp-image-40208\" width=\"296\" height=\"205\" srcset=\"https:\/\/jornalfatosenoticias.com.br\/wp-content\/uploads\/2023\/03\/logo-Panper_portal.jpg 400w, https:\/\/jornalfatosenoticias.com.br\/wp-content\/uploads\/2023\/03\/logo-Panper_portal-300x208.jpg 300w\" sizes=\"auto, (max-width: 296px) 100vw, 296px\" \/><\/a><\/figure><\/div>\n\n\n\n<p>O deputado licenciado Eduardo Bolsonaro (PL-SP), que est\u00e1 nos Estados Unidos, afirmou que \u201cbandidos e ditadores s\u00f3 entendem uma linguagem, a da for\u00e7a\u201d. A teocracia iraniana \u00e9 comandada pelo aiatol\u00e1 Ali Khamenei desde 1989. O controle do governo fundamentalista xiita no pa\u00eds come\u00e7ou com a Revolu\u00e7\u00e3o Isl\u00e2mica de 1979.<\/p>\n\n\n\n<div class=\"wp-block-image\"><figure class=\"aligncenter size-large is-resized\"><a href=\"https:\/\/www.instagram.com\/serra4x4cambioautomatico\/\"><img loading=\"lazy\" decoding=\"async\" src=\"https:\/\/jornalfatosenoticias.com.br\/wp-content\/uploads\/2024\/08\/Serra-4x4-1-886x1024.jpg\" alt=\"\" class=\"wp-image-53632\" width=\"259\" height=\"299\" srcset=\"https:\/\/jornalfatosenoticias.com.br\/wp-content\/uploads\/2024\/08\/Serra-4x4-1-886x1024.jpg 886w, https:\/\/jornalfatosenoticias.com.br\/wp-content\/uploads\/2024\/08\/Serra-4x4-1-260x300.jpg 260w, https:\/\/jornalfatosenoticias.com.br\/wp-content\/uploads\/2024\/08\/Serra-4x4-1-768x888.jpg 768w, https:\/\/jornalfatosenoticias.com.br\/wp-content\/uploads\/2024\/08\/Serra-4x4-1.jpg 1181w\" sizes=\"auto, (max-width: 259px) 100vw, 259px\" \/><\/a><\/figure><\/div>\n\n\n\n<p>O Ir\u00e3 s\u00f3 permite a atua\u00e7\u00e3o de pol\u00edticos subservientes ao regime e cala as vozes dissonantes, por meio de execu\u00e7\u00f5es, pris\u00f5es e do ex\u00edlio. O senador Fl\u00e1vio Bolsonaro (PL-RJ) compartilhou um v\u00eddeo do apresentador Ratinho, pai do governador do Paran\u00e1, Ratinho J\u00fanior (PSD), criticando o governo federal por \u201cse meter\u201d na guerra de Israel e n\u00e3o cuidar dos problemas do Brasil.<\/p>\n\n\n\n<div class=\"wp-block-image\"><figure class=\"aligncenter size-large is-resized\"><a href=\"https:\/\/www.instagram.com\/esteio.churrascaria\/\"><img loading=\"lazy\" decoding=\"async\" src=\"https:\/\/jornalfatosenoticias.com.br\/wp-content\/uploads\/2022\/02\/LOGO-ESTEIO-1024x730.png\" alt=\"\" class=\"wp-image-27942\" width=\"331\" height=\"236\" srcset=\"https:\/\/jornalfatosenoticias.com.br\/wp-content\/uploads\/2022\/02\/LOGO-ESTEIO-1024x730.png 1024w, https:\/\/jornalfatosenoticias.com.br\/wp-content\/uploads\/2022\/02\/LOGO-ESTEIO-300x214.png 300w, https:\/\/jornalfatosenoticias.com.br\/wp-content\/uploads\/2022\/02\/LOGO-ESTEIO-768x548.png 768w, https:\/\/jornalfatosenoticias.com.br\/wp-content\/uploads\/2022\/02\/LOGO-ESTEIO.png 1123w\" sizes=\"auto, (max-width: 331px) 100vw, 331px\" \/><\/a><\/figure><\/div>\n\n\n\n<blockquote class=\"wp-block-quote is-layout-flow wp-block-quote-is-layout-flow\"><p><span class=\"has-inline-color has-luminous-vivid-orange-color\">O governo Lula n\u00e3o consegue fazer o dever de casa dentro do Brasil, n\u00e3o consegue fazer o arroz com feij\u00e3o e quer se meter na guerra da Ucr\u00e2nia, na guerra de Israel e Ir\u00e3\u201d, disse Fl\u00e1vio.<\/span><\/p><\/blockquote>\n\n\n\n<div class=\"wp-block-image\"><figure class=\"aligncenter size-large is-resized\"><a href=\"https:\/\/www.legisjuris.com.br\/\"><img loading=\"lazy\" decoding=\"async\" src=\"https:\/\/jornalfatosenoticias.com.br\/wp-content\/uploads\/2024\/09\/Legis-Juris-Consultoria_logo.jpg\" alt=\"\" class=\"wp-image-53915\" width=\"523\" height=\"219\" srcset=\"https:\/\/jornalfatosenoticias.com.br\/wp-content\/uploads\/2024\/09\/Legis-Juris-Consultoria_logo.jpg 969w, https:\/\/jornalfatosenoticias.com.br\/wp-content\/uploads\/2024\/09\/Legis-Juris-Consultoria_logo-300x126.jpg 300w, https:\/\/jornalfatosenoticias.com.br\/wp-content\/uploads\/2024\/09\/Legis-Juris-Consultoria_logo-768x322.jpg 768w\" sizes=\"auto, (max-width: 523px) 100vw, 523px\" \/><\/a><\/figure><\/div>\n\n\n\n<blockquote class=\"wp-block-quote is-layout-flow wp-block-quote-is-layout-flow\"><p><span class=\"has-inline-color has-luminous-vivid-orange-color\">O senador Carlos Viana (Podemos-MG) afirmou que o Brasil \u201cprecisa retomar sua diplomacia equilibrada&#8221;. \u201cDefender Israel \u00e9 defender a democracia, os direitos humanos e a paz. N\u00e3o podemos nos calar diante das amea\u00e7as do Ir\u00e3 contra Israel\u201d, justificou Viana.<\/span><\/p><\/blockquote>\n\n\n\n<div class=\"wp-block-image\"><figure class=\"aligncenter size-large\"><a href=\"http:\/\/www.ferrarimaquinas.com.br\/\"><img loading=\"lazy\" decoding=\"async\" width=\"300\" height=\"250\" src=\"https:\/\/jornalfatosenoticias.com.br\/wp-content\/uploads\/2022\/02\/FERRARI_MAQUINAS-E-FERRAMENTAS2.jpg\" alt=\"\" class=\"wp-image-27860\"\/><\/a><\/figure><\/div>\n\n\n\n<p>Para o senador S\u00e9rgio Moro (Uni\u00e3o-PR), o pa\u00eds continua \u201cdespreparado\u201d e \u201cdesorientado\u201d na rela\u00e7\u00e3o diplom\u00e1tica com outras na\u00e7\u00f5es. \u201cAtaque pelos Estados Unidos \u00e0s instala\u00e7\u00f5es nucleares do Ir\u00e3. O mundo est\u00e1 cada vez mais perigoso. Enquanto isso, o Brasil continua despreparado e, com o atual governo, completamente desorientado na ordem internacional\u201d, disse Moro.<\/p>\n\n\n\n<div class=\"wp-block-image\"><figure class=\"aligncenter size-large is-resized\"><a href=\"https:\/\/hotelmarquetti.com.br\/\"><img loading=\"lazy\" decoding=\"async\" src=\"https:\/\/jornalfatosenoticias.com.br\/wp-content\/uploads\/2020\/02\/LOGO-MQ-1024x680.jpg\" alt=\"\" class=\"wp-image-58299\" width=\"360\" height=\"239\" srcset=\"https:\/\/jornalfatosenoticias.com.br\/wp-content\/uploads\/2020\/02\/LOGO-MQ-1024x680.jpg 1024w, https:\/\/jornalfatosenoticias.com.br\/wp-content\/uploads\/2020\/02\/LOGO-MQ-300x199.jpg 300w, https:\/\/jornalfatosenoticias.com.br\/wp-content\/uploads\/2020\/02\/LOGO-MQ-768x510.jpg 768w, https:\/\/jornalfatosenoticias.com.br\/wp-content\/uploads\/2020\/02\/LOGO-MQ-1536x1020.jpg 1536w, https:\/\/jornalfatosenoticias.com.br\/wp-content\/uploads\/2020\/02\/LOGO-MQ-2048x1360.jpg 2048w\" sizes=\"auto, (max-width: 360px) 100vw, 360px\" \/><\/a><\/figure><\/div>\n\n\n\n<p>O deputado federal Mauricio Marcon (Podemos-RS) comemorou a decis\u00e3o de Trump de atacar o Ir\u00e3. \u201cEu amo esse cara. Que b\u00ean\u00e7\u00e3o ter Trump como presidente americano. Obrigado Deus, por ter salvo a sua vida\u201d, declarou Marcon ao compartilhar um v\u00eddeo do pronunciamento do republicano sobre a a\u00e7\u00e3o militar.<br>A oposi\u00e7\u00e3o j\u00e1 havia condenado a nota divulgada pelo Itamaraty ap\u00f3s o in\u00edcio da ofensiva israelense contra o Ir\u00e3 no \u00faltimo dia 13. Na ocasi\u00e3o, o governo petista afirmou que a a\u00e7\u00e3o foi uma \u201cclara viola\u00e7\u00e3o\u201d \u00e0 soberania iraniana e ao direito internacional.<\/p>\n\n\n\n<div class=\"wp-block-image\"><figure class=\"aligncenter size-large is-resized\"><a href=\"https:\/\/www.controlsystems.com.br\/\"><img loading=\"lazy\" decoding=\"async\" src=\"https:\/\/jornalfatosenoticias.com.br\/wp-content\/uploads\/2020\/02\/CONTROL-CS.jpg\" alt=\"\" class=\"wp-image-44991\" width=\"253\" height=\"303\" srcset=\"https:\/\/jornalfatosenoticias.com.br\/wp-content\/uploads\/2020\/02\/CONTROL-CS.jpg 834w, https:\/\/jornalfatosenoticias.com.br\/wp-content\/uploads\/2020\/02\/CONTROL-CS-250x300.jpg 250w, https:\/\/jornalfatosenoticias.com.br\/wp-content\/uploads\/2020\/02\/CONTROL-CS-768x921.jpg 768w\" sizes=\"auto, (max-width: 253px) 100vw, 253px\" \/><\/a><\/figure><\/div>\n\n\n\n<p>Al\u00e9m disso, Lula acusou Israel de \u201cgenoc\u00eddio\u201d contra o povo palestino reiteradas vezes desde o come\u00e7o do conflito ap\u00f3s o ataque terrorista do Hamas, em outubro de 2023. Em 2024, ele foi declarado \u201cpersona non grata\u201d pelo governo israelense ap\u00f3s comparar a rea\u00e7\u00e3o do pa\u00eds contra o Hamas \u00e0s mortes de judeus no Holocausto.<\/p>\n\n\n\n<div class=\"wp-block-image\"><figure class=\"aligncenter size-large is-resized\"><a href=\"https:\/\/www.facebook.com\/profile.php?id=100069289606145\"><img loading=\"lazy\" decoding=\"async\" src=\"https:\/\/jornalfatosenoticias.com.br\/wp-content\/uploads\/2024\/11\/Guaitolini-Contabilidade-1024x714.jpeg\" alt=\"\" class=\"wp-image-55808\" width=\"359\" height=\"250\" srcset=\"https:\/\/jornalfatosenoticias.com.br\/wp-content\/uploads\/2024\/11\/Guaitolini-Contabilidade-1024x714.jpeg 1024w, https:\/\/jornalfatosenoticias.com.br\/wp-content\/uploads\/2024\/11\/Guaitolini-Contabilidade-300x209.jpeg 300w, https:\/\/jornalfatosenoticias.com.br\/wp-content\/uploads\/2024\/11\/Guaitolini-Contabilidade-768x535.jpeg 768w, https:\/\/jornalfatosenoticias.com.br\/wp-content\/uploads\/2024\/11\/Guaitolini-Contabilidade.jpeg 1280w\" sizes=\"auto, (max-width: 359px) 100vw, 359px\" \/><\/a><\/figure><\/div>\n\n\n\n<p>Durante sua passagem pela c\u00fapula do G7, o petista criticou novamente Israel pelo que chamou de \u201cmatan\u00e7a indiscriminada de milhares de mulheres e crian\u00e7as\u201d na Faixa de Gaza e citou poss\u00edveis impactos do conflito recente entre Israel e Ir\u00e3. \u201cOs recentes ataques de Israel ao Ir\u00e3 amea\u00e7am fazer do Oriente M\u00e9dio um \u00fanico campo de batalha, com consequ\u00eancias globais inestim\u00e1veis\u201d, afirmou o petista, em um discurso que vai na contram\u00e3o do discurso dos pa\u00edses do G7.<\/p>\n\n\n\n<div class=\"wp-block-image\"><figure class=\"aligncenter size-large is-resized\"><a href=\"https:\/\/www.instagram.com\/gruposei\/\"><img loading=\"lazy\" decoding=\"async\" src=\"https:\/\/jornalfatosenoticias.com.br\/wp-content\/uploads\/2022\/07\/Logo-Grupo-SEI.jpg\" alt=\"\" class=\"wp-image-31973\" width=\"356\" height=\"187\" srcset=\"https:\/\/jornalfatosenoticias.com.br\/wp-content\/uploads\/2022\/07\/Logo-Grupo-SEI.jpg 713w, https:\/\/jornalfatosenoticias.com.br\/wp-content\/uploads\/2022\/07\/Logo-Grupo-SEI-300x158.jpg 300w\" sizes=\"auto, (max-width: 356px) 100vw, 356px\" \/><\/a><\/figure><\/div>\n\n\n\n<p><strong><span class=\"has-inline-color has-black-color\">Lula busca protagonismo pela paz, mas mant\u00e9m proximidade com ditadores e censura<br><\/span><\/strong>As cr\u00edticas \u00e0 condu\u00e7\u00e3o das rela\u00e7\u00f5es diplom\u00e1ticas do Brasil se aprofundaram neste ano com a viagem de Lula para participar da celebra\u00e7\u00e3o dos 80 anos do fim da Segunda Guerra Mundial, em Moscou, e se reunir com o ditador russo, Vladimir Putin. O evento contou com ao menos 20 representantes de pa\u00edses que vivem sob regimes autorit\u00e1rios ou ditatoriais.<\/p>\n\n\n\n<div class=\"wp-block-image\"><figure class=\"aligncenter size-large is-resized\"><a href=\"https:\/\/www.instagram.com\/restaurantepegoretti\/\"><img loading=\"lazy\" decoding=\"async\" src=\"https:\/\/jornalfatosenoticias.com.br\/wp-content\/uploads\/2023\/12\/pegoretti-logo-pdf-1024x389.jpg\" alt=\"\" class=\"wp-image-47536\" width=\"525\" height=\"199\" srcset=\"https:\/\/jornalfatosenoticias.com.br\/wp-content\/uploads\/2023\/12\/pegoretti-logo-pdf-1024x389.jpg 1024w, https:\/\/jornalfatosenoticias.com.br\/wp-content\/uploads\/2023\/12\/pegoretti-logo-pdf-300x114.jpg 300w, https:\/\/jornalfatosenoticias.com.br\/wp-content\/uploads\/2023\/12\/pegoretti-logo-pdf-768x291.jpg 768w, https:\/\/jornalfatosenoticias.com.br\/wp-content\/uploads\/2023\/12\/pegoretti-logo-pdf.jpg 1120w\" sizes=\"auto, (max-width: 525px) 100vw, 525px\" \/><\/a><\/figure><\/div>\n\n\n\n<p>Entre eles estavam aliados de Lula como os ditadores de Cuba, Miguel D\u00edaz-Canel, e da Venezuela, Nicol\u00e1s Maduro. Diante da repercuss\u00e3o, o presidente classificou as cr\u00edticas como \u201cexplora\u00e7\u00e3o pol\u00edtica\u201d pela oposi\u00e7\u00e3o, defendendo que a viagem \u00e0 R\u00fassia tinha o objetivo de refor\u00e7ar o \u201cmultilateralismo\u201d.<\/p>\n\n\n\n<div class=\"wp-block-image\"><figure class=\"aligncenter size-large is-resized\"><a href=\"https:\/\/www.instagram.com\/rcradiadores\/\"><img loading=\"lazy\" decoding=\"async\" src=\"https:\/\/jornalfatosenoticias.com.br\/wp-content\/uploads\/2022\/10\/RC_800x750_page-0001.jpg\" alt=\"\" class=\"wp-image-35338\" width=\"298\" height=\"279\" srcset=\"https:\/\/jornalfatosenoticias.com.br\/wp-content\/uploads\/2022\/10\/RC_800x750_page-0001.jpg 400w, https:\/\/jornalfatosenoticias.com.br\/wp-content\/uploads\/2022\/10\/RC_800x750_page-0001-300x281.jpg 300w\" sizes=\"auto, (max-width: 298px) 100vw, 298px\" \/><\/a><\/figure><\/div>\n\n\n\n<p>Lula tentou emplacar um acordo costurado com a China para o cessar-fogo na guerra entre R\u00fassia e Ucr\u00e2nia durante a viagem, mas sem sucesso. O mandat\u00e1rio brasileiro chegou a fazer um apelo para que o ditador russo participasse presencialmente das negocia\u00e7\u00f5es de paz com o presidente ucraniano Volodymyr Zelensky, em Istambul, na Turquia, o que n\u00e3o ocorreu.<\/p>\n\n\n\n<div class=\"wp-block-image\"><figure class=\"aligncenter size-large is-resized\"><a href=\"https:\/\/www.facebook.com\/vetor.vix\/\"><img loading=\"lazy\" decoding=\"async\" src=\"https:\/\/jornalfatosenoticias.com.br\/wp-content\/uploads\/2023\/09\/vetorvix1024_1.jpg\" alt=\"\" class=\"wp-image-44868\" width=\"516\" height=\"137\" srcset=\"https:\/\/jornalfatosenoticias.com.br\/wp-content\/uploads\/2023\/09\/vetorvix1024_1.jpg 1024w, https:\/\/jornalfatosenoticias.com.br\/wp-content\/uploads\/2023\/09\/vetorvix1024_1-300x80.jpg 300w, https:\/\/jornalfatosenoticias.com.br\/wp-content\/uploads\/2023\/09\/vetorvix1024_1-768x205.jpg 768w\" sizes=\"auto, (max-width: 516px) 100vw, 516px\" \/><\/a><\/figure><\/div>\n\n\n\n<p>Apesar das negocia\u00e7\u00f5es, os dois pa\u00edses realizaram seus maiores ataques a\u00e9reos contra os territ\u00f3rios um do outro. Lula deu a entender que a Ucr\u00e2nia n\u00e3o conseguir\u00e1 retomar todos os seus territ\u00f3rios ocupados pela R\u00fassia. \u201cEu, sinceramente, acho que no subconsciente, ou melhor, no inconsciente de todos os l\u00edderes pol\u00edticos do mundo, todo mundo sabe o que vai acontecer. Todo mundo sabe que as condi\u00e7\u00f5es do acordo j\u00e1 est\u00e3o colocadas. O que est\u00e1 faltando \u00e9 coragem das pessoas dizerem o que querem. Voc\u00eas acham que o Putin vai sair da Crimeia? Nem ele quer sair, nem Zelensky quer perceber que a outra parte j\u00e1 invadiu e que ainda n\u00e3o tomou definitivamente&#8221;, disse o petista, no in\u00edcio deste m\u00eas.<\/p>\n\n\n\n<div class=\"wp-block-image\"><figure class=\"aligncenter size-large\"><a href=\"https:\/\/www.cesconetto.com.br\/\"><img loading=\"lazy\" decoding=\"async\" width=\"300\" height=\"250\" src=\"https:\/\/jornalfatosenoticias.com.br\/wp-content\/uploads\/2022\/02\/Banner-2.png\" alt=\"\" class=\"wp-image-27877\"\/><\/a><\/figure><\/div>\n\n\n\n<p><strong><em>Eleito com um discurso de defesa da democracia, Lula pediu ao ditador Xi Jinping que enviasse uma pessoa \u201cde confian\u00e7a\u201d para discutir a regula\u00e7\u00e3o das redes sociais no Brasil, <\/em><\/strong>com \u00eanfase na plataforma TikTok, de origem chinesa. O regime utiliza um rigoroso sistema de controle estatal da comunica\u00e7\u00e3o na China, especialmente em rela\u00e7\u00e3o \u00e0s redes sociais. Plataformas como Google, Facebook e YouTube s\u00e3o banidas, e o TikTok local (Douyin) opera sob regras rigorosas de censura e vigil\u00e2ncia.<\/p>\n\n\n\n<p><strong>Fonte: <a href=\"https:\/\/www.gazetadopovo.com.br\/republica\/brasil-se-alinha-novamente-a-ditaduras-ao-condenar-ataque-dos-eua-ao-ira\/?ref=mais-comentadas\">Gazeta do Povo<\/a><\/strong><\/p>\n","protected":false},"excerpt":{"rendered":"<p>Lula ao lado do ditador da R\u00fassia, Vladimir Putin, no Grande Pal\u00e1cio do Kremlin, em Moscou, no dia 9 de maio de 2025 O governo Lula classificou o bombardeio dos Estados Unidos contra tr\u00eas instala\u00e7\u00f5es nucleares no Ir\u00e3 como uma \u201cviola\u00e7\u00e3o da soberania\u201d e do direito internacional. A manifesta\u00e7\u00e3o refor\u00e7a o alinhamento de Luiz In\u00e1cio [&hellip;]<\/p>\n","protected":false},"author":2,"featured_media":60169,"comment_status":"open","ping_status":"open","sticky":false,"template":"","format":"standard","meta":{"footnotes":""},"categories":[10],"tags":[22480,27436,23019,21582,162,14946,1795,7580,19097,1920,19652,9243],"class_list":["post-60168","post","type-post","status-publish","format-standard","has-post-thumbnail","hentry","category-politica","tag-benjamin-netanyahu","tag-carlos-viana","tag-eduardo-bolsonaro","tag-hamas","tag-israel","tag-itamaraty","tag-jair-bolsonaro","tag-lula","tag-nicolas-maduro","tag-vladimir-putin","tag-volodymyr-zelensky","tag-xi-jinping"],"yoast_head":"<!-- This site is optimized with the Yoast SEO plugin v26.5 - https:\/\/yoast.com\/wordpress\/plugins\/seo\/ -->\n<title>Lula se alinha, novamente, a ditaduras ao condenar ataque dos EUA ao Ir\u00e3 - Jornal Fatos e Not\u00edcias<\/title>\n<meta name=\"robots\" content=\"index, follow, max-snippet:-1, max-image-preview:large, max-video-preview:-1\" \/>\n<link rel=\"canonical\" href=\"https:\/\/jornalfatosenoticias.com.br\/index.php\/2025\/06\/23\/brasil-se-alinha-novamente-a-ditaduras-ao-condenar-ataque-dos-eua-ao-ira\/\" \/>\n<meta property=\"og:locale\" content=\"pt_BR\" \/>\n<meta property=\"og:type\" content=\"article\" \/>\n<meta property=\"og:title\" content=\"Lula se alinha, novamente, a ditaduras ao condenar ataque dos EUA ao Ir\u00e3 - Jornal Fatos e Not\u00edcias\" \/>\n<meta property=\"og:description\" content=\"Lula ao lado do ditador da R\u00fassia, Vladimir Putin, no Grande Pal\u00e1cio do Kremlin, em Moscou, no dia 9 de maio de 2025 O governo Lula classificou o bombardeio dos Estados Unidos contra tr\u00eas instala\u00e7\u00f5es nucleares no Ir\u00e3 como uma \u201cviola\u00e7\u00e3o da soberania\u201d e do direito internacional. A manifesta\u00e7\u00e3o refor\u00e7a o alinhamento de Luiz In\u00e1cio [&hellip;]\" \/>\n<meta property=\"og:url\" content=\"https:\/\/jornalfatosenoticias.com.br\/index.php\/2025\/06\/23\/brasil-se-alinha-novamente-a-ditaduras-ao-condenar-ataque-dos-eua-ao-ira\/\" \/>\n<meta property=\"og:site_name\" content=\"Jornal Fatos e Not\u00edcias\" \/>\n<meta property=\"article:published_time\" content=\"2025-06-23T18:06:09+00:00\" \/>\n<meta property=\"article:modified_time\" content=\"2025-06-23T18:06:48+00:00\" \/>\n<meta property=\"og:image\" content=\"https:\/\/jornalfatosenoticias.com.br\/wp-content\/uploads\/2025\/06\/lula-putin-ditadores.jpg\" \/>\n\t<meta property=\"og:image:width\" content=\"1000\" \/>\n\t<meta property=\"og:image:height\" content=\"714\" \/>\n\t<meta property=\"og:image:type\" content=\"image\/jpeg\" \/>\n<meta name=\"author\" content=\"Luzimara Fernandes\" \/>\n<meta name=\"twitter:card\" content=\"summary_large_image\" \/>\n<meta name=\"twitter:label1\" content=\"Escrito por\" \/>\n\t<meta name=\"twitter:data1\" content=\"Luzimara Fernandes\" \/>\n\t<meta name=\"twitter:label2\" content=\"Est. tempo de leitura\" \/>\n\t<meta name=\"twitter:data2\" content=\"6 minutos\" \/>\n<script type=\"application\/ld+json\" class=\"yoast-schema-graph\">{\"@context\":\"https:\/\/schema.org\",\"@graph\":[{\"@type\":\"Article\",\"@id\":\"https:\/\/jornalfatosenoticias.com.br\/index.php\/2025\/06\/23\/brasil-se-alinha-novamente-a-ditaduras-ao-condenar-ataque-dos-eua-ao-ira\/#article\",\"isPartOf\":{\"@id\":\"https:\/\/jornalfatosenoticias.com.br\/index.php\/2025\/06\/23\/brasil-se-alinha-novamente-a-ditaduras-ao-condenar-ataque-dos-eua-ao-ira\/\"},\"author\":{\"name\":\"Luzimara Fernandes\",\"@id\":\"https:\/\/jornalfatosenoticias.com.br\/#\/schema\/person\/d63837fa13ac8666eb9e74e0985d6f81\"},\"headline\":\"Lula se alinha, novamente, a ditaduras ao condenar ataque dos EUA ao Ir\u00e3\",\"datePublished\":\"2025-06-23T18:06:09+00:00\",\"dateModified\":\"2025-06-23T18:06:48+00:00\",\"mainEntityOfPage\":{\"@id\":\"https:\/\/jornalfatosenoticias.com.br\/index.php\/2025\/06\/23\/brasil-se-alinha-novamente-a-ditaduras-ao-condenar-ataque-dos-eua-ao-ira\/\"},\"wordCount\":1141,\"commentCount\":0,\"publisher\":{\"@id\":\"https:\/\/jornalfatosenoticias.com.br\/#organization\"},\"image\":{\"@id\":\"https:\/\/jornalfatosenoticias.com.br\/index.php\/2025\/06\/23\/brasil-se-alinha-novamente-a-ditaduras-ao-condenar-ataque-dos-eua-ao-ira\/#primaryimage\"},\"thumbnailUrl\":\"https:\/\/jornalfatosenoticias.com.br\/wp-content\/uploads\/2025\/06\/lula-putin-ditadores.jpg\",\"keywords\":[\"Benjamin Netanyahu\",\"Carlos Viana\",\"Eduardo Bolsonaro\",\"Hamas\",\"Israel\",\"Itamaraty\",\"Jair Bolsonaro\",\"Lula\",\"Nicol\u00e1s Maduro\",\"Vladimir Putin\",\"Volodymyr Zelensky\",\"Xi Jinping\"],\"articleSection\":[\"Pol\u00edtica\"],\"inLanguage\":\"pt-BR\",\"potentialAction\":[{\"@type\":\"CommentAction\",\"name\":\"Comment\",\"target\":[\"https:\/\/jornalfatosenoticias.com.br\/index.php\/2025\/06\/23\/brasil-se-alinha-novamente-a-ditaduras-ao-condenar-ataque-dos-eua-ao-ira\/#respond\"]}]},{\"@type\":\"WebPage\",\"@id\":\"https:\/\/jornalfatosenoticias.com.br\/index.php\/2025\/06\/23\/brasil-se-alinha-novamente-a-ditaduras-ao-condenar-ataque-dos-eua-ao-ira\/\",\"url\":\"https:\/\/jornalfatosenoticias.com.br\/index.php\/2025\/06\/23\/brasil-se-alinha-novamente-a-ditaduras-ao-condenar-ataque-dos-eua-ao-ira\/\",\"name\":\"Lula se alinha, novamente, a ditaduras ao condenar ataque dos EUA ao Ir\u00e3 - Jornal Fatos e Not\u00edcias\",\"isPartOf\":{\"@id\":\"https:\/\/jornalfatosenoticias.com.br\/#website\"},\"primaryImageOfPage\":{\"@id\":\"https:\/\/jornalfatosenoticias.com.br\/index.php\/2025\/06\/23\/brasil-se-alinha-novamente-a-ditaduras-ao-condenar-ataque-dos-eua-ao-ira\/#primaryimage\"},\"image\":{\"@id\":\"https:\/\/jornalfatosenoticias.com.br\/index.php\/2025\/06\/23\/brasil-se-alinha-novamente-a-ditaduras-ao-condenar-ataque-dos-eua-ao-ira\/#primaryimage\"},\"thumbnailUrl\":\"https:\/\/jornalfatosenoticias.com.br\/wp-content\/uploads\/2025\/06\/lula-putin-ditadores.jpg\",\"datePublished\":\"2025-06-23T18:06:09+00:00\",\"dateModified\":\"2025-06-23T18:06:48+00:00\",\"breadcrumb\":{\"@id\":\"https:\/\/jornalfatosenoticias.com.br\/index.php\/2025\/06\/23\/brasil-se-alinha-novamente-a-ditaduras-ao-condenar-ataque-dos-eua-ao-ira\/#breadcrumb\"},\"inLanguage\":\"pt-BR\",\"potentialAction\":[{\"@type\":\"ReadAction\",\"target\":[\"https:\/\/jornalfatosenoticias.com.br\/index.php\/2025\/06\/23\/brasil-se-alinha-novamente-a-ditaduras-ao-condenar-ataque-dos-eua-ao-ira\/\"]}]},{\"@type\":\"ImageObject\",\"inLanguage\":\"pt-BR\",\"@id\":\"https:\/\/jornalfatosenoticias.com.br\/index.php\/2025\/06\/23\/brasil-se-alinha-novamente-a-ditaduras-ao-condenar-ataque-dos-eua-ao-ira\/#primaryimage\",\"url\":\"https:\/\/jornalfatosenoticias.com.br\/wp-content\/uploads\/2025\/06\/lula-putin-ditadores.jpg\",\"contentUrl\":\"https:\/\/jornalfatosenoticias.com.br\/wp-content\/uploads\/2025\/06\/lula-putin-ditadores.jpg\",\"width\":1000,\"height\":714},{\"@type\":\"BreadcrumbList\",\"@id\":\"https:\/\/jornalfatosenoticias.com.br\/index.php\/2025\/06\/23\/brasil-se-alinha-novamente-a-ditaduras-ao-condenar-ataque-dos-eua-ao-ira\/#breadcrumb\",\"itemListElement\":[{\"@type\":\"ListItem\",\"position\":1,\"name\":\"In\u00edcio\",\"item\":\"https:\/\/jornalfatosenoticias.com.br\/\"},{\"@type\":\"ListItem\",\"position\":2,\"name\":\"Lula se alinha, novamente, a ditaduras ao condenar ataque dos EUA ao Ir\u00e3\"}]},{\"@type\":\"WebSite\",\"@id\":\"https:\/\/jornalfatosenoticias.com.br\/#website\",\"url\":\"https:\/\/jornalfatosenoticias.com.br\/\",\"name\":\"Jornal Fatos e Not\u00edcias\",\"description\":\"Not\u00edcias em geral\",\"publisher\":{\"@id\":\"https:\/\/jornalfatosenoticias.com.br\/#organization\"},\"potentialAction\":[{\"@type\":\"SearchAction\",\"target\":{\"@type\":\"EntryPoint\",\"urlTemplate\":\"https:\/\/jornalfatosenoticias.com.br\/?s={search_term_string}\"},\"query-input\":{\"@type\":\"PropertyValueSpecification\",\"valueRequired\":true,\"valueName\":\"search_term_string\"}}],\"inLanguage\":\"pt-BR\"},{\"@type\":\"Organization\",\"@id\":\"https:\/\/jornalfatosenoticias.com.br\/#organization\",\"name\":\"Jornal Fatos e Not\u00edcias\",\"url\":\"https:\/\/jornalfatosenoticias.com.br\/\",\"logo\":{\"@type\":\"ImageObject\",\"inLanguage\":\"pt-BR\",\"@id\":\"https:\/\/jornalfatosenoticias.com.br\/#\/schema\/logo\/image\/\",\"url\":\"https:\/\/jornalfatosenoticias.com.br\/wp-content\/uploads\/2020\/02\/logo120.png\",\"contentUrl\":\"https:\/\/jornalfatosenoticias.com.br\/wp-content\/uploads\/2020\/02\/logo120.png\",\"width\":1227,\"height\":120,\"caption\":\"Jornal Fatos e Not\u00edcias\"},\"image\":{\"@id\":\"https:\/\/jornalfatosenoticias.com.br\/#\/schema\/logo\/image\/\"}},{\"@type\":\"Person\",\"@id\":\"https:\/\/jornalfatosenoticias.com.br\/#\/schema\/person\/d63837fa13ac8666eb9e74e0985d6f81\",\"name\":\"Luzimara Fernandes\",\"image\":{\"@type\":\"ImageObject\",\"inLanguage\":\"pt-BR\",\"@id\":\"https:\/\/jornalfatosenoticias.com.br\/#\/schema\/person\/image\/\",\"url\":\"https:\/\/jornalfatosenoticias.com.br\/wp-content\/uploads\/2025\/05\/EU_portal.jpg\",\"contentUrl\":\"https:\/\/jornalfatosenoticias.com.br\/wp-content\/uploads\/2025\/05\/EU_portal.jpg\",\"caption\":\"Luzimara Fernandes\"},\"description\":\"Jornalista MTB 2358-ES\",\"sameAs\":[\"https:\/\/jornalfatosenoticias.com.br\"],\"url\":\"https:\/\/jornalfatosenoticias.com.br\/index.php\/author\/luzimara\/\"}]}<\/script>\n<!-- \/ Yoast SEO plugin. -->","yoast_head_json":{"title":"Lula se alinha, novamente, a ditaduras ao condenar ataque dos EUA ao Ir\u00e3 - Jornal Fatos e Not\u00edcias","robots":{"index":"index","follow":"follow","max-snippet":"max-snippet:-1","max-image-preview":"max-image-preview:large","max-video-preview":"max-video-preview:-1"},"canonical":"https:\/\/jornalfatosenoticias.com.br\/index.php\/2025\/06\/23\/brasil-se-alinha-novamente-a-ditaduras-ao-condenar-ataque-dos-eua-ao-ira\/","og_locale":"pt_BR","og_type":"article","og_title":"Lula se alinha, novamente, a ditaduras ao condenar ataque dos EUA ao Ir\u00e3 - Jornal Fatos e Not\u00edcias","og_description":"Lula ao lado do ditador da R\u00fassia, Vladimir Putin, no Grande Pal\u00e1cio do Kremlin, em Moscou, no dia 9 de maio de 2025 O governo Lula classificou o bombardeio dos Estados Unidos contra tr\u00eas instala\u00e7\u00f5es nucleares no Ir\u00e3 como uma \u201cviola\u00e7\u00e3o da soberania\u201d e do direito internacional. A manifesta\u00e7\u00e3o refor\u00e7a o alinhamento de Luiz In\u00e1cio [&hellip;]","og_url":"https:\/\/jornalfatosenoticias.com.br\/index.php\/2025\/06\/23\/brasil-se-alinha-novamente-a-ditaduras-ao-condenar-ataque-dos-eua-ao-ira\/","og_site_name":"Jornal Fatos e Not\u00edcias","article_published_time":"2025-06-23T18:06:09+00:00","article_modified_time":"2025-06-23T18:06:48+00:00","og_image":[{"width":1000,"height":714,"url":"https:\/\/jornalfatosenoticias.com.br\/wp-content\/uploads\/2025\/06\/lula-putin-ditadores.jpg","type":"image\/jpeg"}],"author":"Luzimara Fernandes","twitter_card":"summary_large_image","twitter_misc":{"Escrito por":"Luzimara Fernandes","Est. tempo de leitura":"6 minutos"},"schema":{"@context":"https:\/\/schema.org","@graph":[{"@type":"Article","@id":"https:\/\/jornalfatosenoticias.com.br\/index.php\/2025\/06\/23\/brasil-se-alinha-novamente-a-ditaduras-ao-condenar-ataque-dos-eua-ao-ira\/#article","isPartOf":{"@id":"https:\/\/jornalfatosenoticias.com.br\/index.php\/2025\/06\/23\/brasil-se-alinha-novamente-a-ditaduras-ao-condenar-ataque-dos-eua-ao-ira\/"},"author":{"name":"Luzimara Fernandes","@id":"https:\/\/jornalfatosenoticias.com.br\/#\/schema\/person\/d63837fa13ac8666eb9e74e0985d6f81"},"headline":"Lula se alinha, novamente, a ditaduras ao condenar ataque dos EUA ao Ir\u00e3","datePublished":"2025-06-23T18:06:09+00:00","dateModified":"2025-06-23T18:06:48+00:00","mainEntityOfPage":{"@id":"https:\/\/jornalfatosenoticias.com.br\/index.php\/2025\/06\/23\/brasil-se-alinha-novamente-a-ditaduras-ao-condenar-ataque-dos-eua-ao-ira\/"},"wordCount":1141,"commentCount":0,"publisher":{"@id":"https:\/\/jornalfatosenoticias.com.br\/#organization"},"image":{"@id":"https:\/\/jornalfatosenoticias.com.br\/index.php\/2025\/06\/23\/brasil-se-alinha-novamente-a-ditaduras-ao-condenar-ataque-dos-eua-ao-ira\/#primaryimage"},"thumbnailUrl":"https:\/\/jornalfatosenoticias.com.br\/wp-content\/uploads\/2025\/06\/lula-putin-ditadores.jpg","keywords":["Benjamin Netanyahu","Carlos Viana","Eduardo Bolsonaro","Hamas","Israel","Itamaraty","Jair Bolsonaro","Lula","Nicol\u00e1s Maduro","Vladimir Putin","Volodymyr Zelensky","Xi Jinping"],"articleSection":["Pol\u00edtica"],"inLanguage":"pt-BR","potentialAction":[{"@type":"CommentAction","name":"Comment","target":["https:\/\/jornalfatosenoticias.com.br\/index.php\/2025\/06\/23\/brasil-se-alinha-novamente-a-ditaduras-ao-condenar-ataque-dos-eua-ao-ira\/#respond"]}]},{"@type":"WebPage","@id":"https:\/\/jornalfatosenoticias.com.br\/index.php\/2025\/06\/23\/brasil-se-alinha-novamente-a-ditaduras-ao-condenar-ataque-dos-eua-ao-ira\/","url":"https:\/\/jornalfatosenoticias.com.br\/index.php\/2025\/06\/23\/brasil-se-alinha-novamente-a-ditaduras-ao-condenar-ataque-dos-eua-ao-ira\/","name":"Lula se alinha, novamente, a ditaduras ao condenar ataque dos EUA ao Ir\u00e3 - Jornal Fatos e Not\u00edcias","isPartOf":{"@id":"https:\/\/jornalfatosenoticias.com.br\/#website"},"primaryImageOfPage":{"@id":"https:\/\/jornalfatosenoticias.com.br\/index.php\/2025\/06\/23\/brasil-se-alinha-novamente-a-ditaduras-ao-condenar-ataque-dos-eua-ao-ira\/#primaryimage"},"image":{"@id":"https:\/\/jornalfatosenoticias.com.br\/index.php\/2025\/06\/23\/brasil-se-alinha-novamente-a-ditaduras-ao-condenar-ataque-dos-eua-ao-ira\/#primaryimage"},"thumbnailUrl":"https:\/\/jornalfatosenoticias.com.br\/wp-content\/uploads\/2025\/06\/lula-putin-ditadores.jpg","datePublished":"2025-06-23T18:06:09+00:00","dateModified":"2025-06-23T18:06:48+00:00","breadcrumb":{"@id":"https:\/\/jornalfatosenoticias.com.br\/index.php\/2025\/06\/23\/brasil-se-alinha-novamente-a-ditaduras-ao-condenar-ataque-dos-eua-ao-ira\/#breadcrumb"},"inLanguage":"pt-BR","potentialAction":[{"@type":"ReadAction","target":["https:\/\/jornalfatosenoticias.com.br\/index.php\/2025\/06\/23\/brasil-se-alinha-novamente-a-ditaduras-ao-condenar-ataque-dos-eua-ao-ira\/"]}]},{"@type":"ImageObject","inLanguage":"pt-BR","@id":"https:\/\/jornalfatosenoticias.com.br\/index.php\/2025\/06\/23\/brasil-se-alinha-novamente-a-ditaduras-ao-condenar-ataque-dos-eua-ao-ira\/#primaryimage","url":"https:\/\/jornalfatosenoticias.com.br\/wp-content\/uploads\/2025\/06\/lula-putin-ditadores.jpg","contentUrl":"https:\/\/jornalfatosenoticias.com.br\/wp-content\/uploads\/2025\/06\/lula-putin-ditadores.jpg","width":1000,"height":714},{"@type":"BreadcrumbList","@id":"https:\/\/jornalfatosenoticias.com.br\/index.php\/2025\/06\/23\/brasil-se-alinha-novamente-a-ditaduras-ao-condenar-ataque-dos-eua-ao-ira\/#breadcrumb","itemListElement":[{"@type":"ListItem","position":1,"name":"In\u00edcio","item":"https:\/\/jornalfatosenoticias.com.br\/"},{"@type":"ListItem","position":2,"name":"Lula se alinha, novamente, a ditaduras ao condenar ataque dos EUA ao Ir\u00e3"}]},{"@type":"WebSite","@id":"https:\/\/jornalfatosenoticias.com.br\/#website","url":"https:\/\/jornalfatosenoticias.com.br\/","name":"Jornal Fatos e Not\u00edcias","description":"Not\u00edcias em geral","publisher":{"@id":"https:\/\/jornalfatosenoticias.com.br\/#organization"},"potentialAction":[{"@type":"SearchAction","target":{"@type":"EntryPoint","urlTemplate":"https:\/\/jornalfatosenoticias.com.br\/?s={search_term_string}"},"query-input":{"@type":"PropertyValueSpecification","valueRequired":true,"valueName":"search_term_string"}}],"inLanguage":"pt-BR"},{"@type":"Organization","@id":"https:\/\/jornalfatosenoticias.com.br\/#organization","name":"Jornal Fatos e Not\u00edcias","url":"https:\/\/jornalfatosenoticias.com.br\/","logo":{"@type":"ImageObject","inLanguage":"pt-BR","@id":"https:\/\/jornalfatosenoticias.com.br\/#\/schema\/logo\/image\/","url":"https:\/\/jornalfatosenoticias.com.br\/wp-content\/uploads\/2020\/02\/logo120.png","contentUrl":"https:\/\/jornalfatosenoticias.com.br\/wp-content\/uploads\/2020\/02\/logo120.png","width":1227,"height":120,"caption":"Jornal Fatos e Not\u00edcias"},"image":{"@id":"https:\/\/jornalfatosenoticias.com.br\/#\/schema\/logo\/image\/"}},{"@type":"Person","@id":"https:\/\/jornalfatosenoticias.com.br\/#\/schema\/person\/d63837fa13ac8666eb9e74e0985d6f81","name":"Luzimara Fernandes","image":{"@type":"ImageObject","inLanguage":"pt-BR","@id":"https:\/\/jornalfatosenoticias.com.br\/#\/schema\/person\/image\/","url":"https:\/\/jornalfatosenoticias.com.br\/wp-content\/uploads\/2025\/05\/EU_portal.jpg","contentUrl":"https:\/\/jornalfatosenoticias.com.br\/wp-content\/uploads\/2025\/05\/EU_portal.jpg","caption":"Luzimara Fernandes"},"description":"Jornalista MTB 2358-ES","sameAs":["https:\/\/jornalfatosenoticias.com.br"],"url":"https:\/\/jornalfatosenoticias.com.br\/index.php\/author\/luzimara\/"}]}},"cc_featured_image_caption":{"caption_text":"(Foto: Ricardo Stuckert\/PR)","source_text":"","source_url":""},"jetpack_featured_media_url":"https:\/\/jornalfatosenoticias.com.br\/wp-content\/uploads\/2025\/06\/lula-putin-ditadores.jpg","_links":{"self":[{"href":"https:\/\/jornalfatosenoticias.com.br\/index.php\/wp-json\/wp\/v2\/posts\/60168","targetHints":{"allow":["GET"]}}],"collection":[{"href":"https:\/\/jornalfatosenoticias.com.br\/index.php\/wp-json\/wp\/v2\/posts"}],"about":[{"href":"https:\/\/jornalfatosenoticias.com.br\/index.php\/wp-json\/wp\/v2\/types\/post"}],"author":[{"embeddable":true,"href":"https:\/\/jornalfatosenoticias.com.br\/index.php\/wp-json\/wp\/v2\/users\/2"}],"replies":[{"embeddable":true,"href":"https:\/\/jornalfatosenoticias.com.br\/index.php\/wp-json\/wp\/v2\/comments?post=60168"}],"version-history":[{"count":0,"href":"https:\/\/jornalfatosenoticias.com.br\/index.php\/wp-json\/wp\/v2\/posts\/60168\/revisions"}],"wp:featuredmedia":[{"embeddable":true,"href":"https:\/\/jornalfatosenoticias.com.br\/index.php\/wp-json\/wp\/v2\/media\/60169"}],"wp:attachment":[{"href":"https:\/\/jornalfatosenoticias.com.br\/index.php\/wp-json\/wp\/v2\/media?parent=60168"}],"wp:term":[{"taxonomy":"category","embeddable":true,"href":"https:\/\/jornalfatosenoticias.com.br\/index.php\/wp-json\/wp\/v2\/categories?post=60168"},{"taxonomy":"post_tag","embeddable":true,"href":"https:\/\/jornalfatosenoticias.com.br\/index.php\/wp-json\/wp\/v2\/tags?post=60168"}],"curies":[{"name":"wp","href":"https:\/\/api.w.org\/{rel}","templated":true}]}}