{"id":60179,"date":"2025-06-24T09:56:30","date_gmt":"2025-06-24T12:56:30","guid":{"rendered":"https:\/\/jornalfatosenoticias.com.br\/?p=60179"},"modified":"2025-06-24T09:56:31","modified_gmt":"2025-06-24T12:56:31","slug":"contraceptivo-baseado-em-saliva-e-aprovado-na-europa","status":"publish","type":"post","link":"https:\/\/jornalfatosenoticias.com.br\/index.php\/2025\/06\/24\/contraceptivo-baseado-em-saliva-e-aprovado-na-europa\/","title":{"rendered":"Contraceptivo baseado em saliva \u00e9 aprovado na Europa"},"content":{"rendered":"\n<p><em><span class=\"has-inline-color has-black-color\">Minilab, da startup Inne, monitora horm\u00f4nios em casa com efic\u00e1cia compar\u00e1vel \u00e0 p\u00edlula e promete mais autonomia para as mulheres sobre sua sa\u00fade reprodutiva<\/span><\/em><\/p>\n\n\n\n<p><span class=\"has-inline-color has-black-color\">Por <strong><a href=\"https:\/\/olhardigital.com.br\/author\/leandro-costa\/\">Leandro Costa Criscuolo<\/a><\/strong><\/span><\/p>\n\n\n\n<div class=\"wp-block-image\"><figure class=\"aligncenter size-large is-resized\"><a href=\"https:\/\/www.facebook.com\/vetor.vix\/\"><img loading=\"lazy\" decoding=\"async\" src=\"https:\/\/jornalfatosenoticias.com.br\/wp-content\/uploads\/2023\/09\/vetorvix1024_1.jpg\" alt=\"\" class=\"wp-image-44868\" width=\"546\" height=\"145\" srcset=\"https:\/\/jornalfatosenoticias.com.br\/wp-content\/uploads\/2023\/09\/vetorvix1024_1.jpg 1024w, https:\/\/jornalfatosenoticias.com.br\/wp-content\/uploads\/2023\/09\/vetorvix1024_1-300x80.jpg 300w, https:\/\/jornalfatosenoticias.com.br\/wp-content\/uploads\/2023\/09\/vetorvix1024_1-768x205.jpg 768w\" sizes=\"auto, (max-width: 546px) 100vw, 546px\" \/><\/a><\/figure><\/div>\n\n\n\n<p>Um novo rastreador de fertilidade baseado em saliva, desenvolvido pela startup berlinense <em>Inne,<\/em> recebeu aprova\u00e7\u00e3o regulat\u00f3ria na Europa como m\u00e9todo <strong><a href=\"https:\/\/olhardigital.com.br\/tag\/anticoncepcional\/\" target=\"_blank\" rel=\"noreferrer noopener\">contraceptivo<\/a><\/strong> n\u00e3o hormonal. Chamado de Minilab, o dispositivo monitora diariamente os n\u00edveis de progesterona \u2014 horm\u00f4nio-chave no ciclo menstrual \u2014 oferecendo uma alternativa menos invasiva que p\u00edlulas ou DIUs.<br>Testes cl\u00ednicos com 300 mulheres <strong><a href=\"https:\/\/inne.io\/blogs\/the-blog\/contraception-clinical-study-results\" target=\"_blank\" rel=\"noreferrer noopener\">mostraram<\/a><\/strong> que o Minilab tem efic\u00e1cia de 100% em uso perfeito e 92% em uso t\u00edpico, resultados compar\u00e1veis \u00e0 p\u00edlula anticoncepcional. No entanto, o estudo ainda n\u00e3o passou por revis\u00e3o por pares, e a amostra foi relativamente pequena.<\/p>\n\n\n\n<div class=\"wp-block-image\"><figure class=\"aligncenter size-large is-resized\"><a href=\"https:\/\/www.instagram.com\/esteio.churrascaria\/\"><img loading=\"lazy\" decoding=\"async\" src=\"https:\/\/jornalfatosenoticias.com.br\/wp-content\/uploads\/2022\/02\/LOGO-ESTEIO-1024x730.png\" alt=\"\" class=\"wp-image-27942\" width=\"305\" height=\"217\" srcset=\"https:\/\/jornalfatosenoticias.com.br\/wp-content\/uploads\/2022\/02\/LOGO-ESTEIO-1024x730.png 1024w, https:\/\/jornalfatosenoticias.com.br\/wp-content\/uploads\/2022\/02\/LOGO-ESTEIO-300x214.png 300w, https:\/\/jornalfatosenoticias.com.br\/wp-content\/uploads\/2022\/02\/LOGO-ESTEIO-768x548.png 768w, https:\/\/jornalfatosenoticias.com.br\/wp-content\/uploads\/2022\/02\/LOGO-ESTEIO.png 1123w\" sizes=\"auto, (max-width: 305px) 100vw, 305px\" \/><\/a><\/figure><\/div>\n\n\n\n<p>A tecnologia, j\u00e1 dispon\u00edvel anteriormente como ferramenta para auxiliar na concep\u00e7\u00e3o, agora poder\u00e1 ser comercializada como contraceptivo m\u00e9dico na Alemanha e na \u00c1ustria. O produto ser\u00e1 vendido via assinatura mensal a partir de \u20ac 24, com cobertura j\u00e1 iniciada por uma seguradora p\u00fablica alem\u00e3.<\/p>\n\n\n\n<div class=\"wp-block-image\"><figure class=\"aligncenter size-large is-resized\"><a href=\"https:\/\/hotelmarquetti.com.br\/\"><img loading=\"lazy\" decoding=\"async\" src=\"https:\/\/jornalfatosenoticias.com.br\/wp-content\/uploads\/2020\/02\/LOGO-MQ-1024x680.jpg\" alt=\"\" class=\"wp-image-58299\" width=\"319\" height=\"212\" srcset=\"https:\/\/jornalfatosenoticias.com.br\/wp-content\/uploads\/2020\/02\/LOGO-MQ-1024x680.jpg 1024w, https:\/\/jornalfatosenoticias.com.br\/wp-content\/uploads\/2020\/02\/LOGO-MQ-300x199.jpg 300w, https:\/\/jornalfatosenoticias.com.br\/wp-content\/uploads\/2020\/02\/LOGO-MQ-768x510.jpg 768w, https:\/\/jornalfatosenoticias.com.br\/wp-content\/uploads\/2020\/02\/LOGO-MQ-1536x1020.jpg 1536w, https:\/\/jornalfatosenoticias.com.br\/wp-content\/uploads\/2020\/02\/LOGO-MQ-2048x1360.jpg 2048w\" sizes=\"auto, (max-width: 319px) 100vw, 319px\" \/><\/a><\/figure><\/div>\n\n\n\n<p>Diferente de apps como Flo e Natural Cycles, o Minilab utiliza leitura hormonal direta via saliva, considerada mais precisa que temperatura corporal ou padr\u00f5es de ciclo. O kit cont\u00e9m tiras que reagem \u00e0 saliva e um leitor digital que envia os dados a um app, oferecendo um retrato detalhado da sa\u00fade hormonal feminina. Para a fundadora Eirini Rapti, a inova\u00e7\u00e3o oferece \u00e0s mulheres mais autonomia e consci\u00eancia sobre seus corpos, sem os efeitos colaterais comuns dos anticoncepcionais hormonais.<\/p>\n\n\n\n<div class=\"wp-block-image\"><figure class=\"aligncenter size-large is-resized\"><a href=\"https:\/\/www.instagram.com\/restaurantepegoretti\/\"><img loading=\"lazy\" decoding=\"async\" src=\"https:\/\/jornalfatosenoticias.com.br\/wp-content\/uploads\/2023\/12\/pegoretti-logo-pdf-1024x389.jpg\" alt=\"\" class=\"wp-image-47536\" width=\"504\" height=\"191\" srcset=\"https:\/\/jornalfatosenoticias.com.br\/wp-content\/uploads\/2023\/12\/pegoretti-logo-pdf-1024x389.jpg 1024w, https:\/\/jornalfatosenoticias.com.br\/wp-content\/uploads\/2023\/12\/pegoretti-logo-pdf-300x114.jpg 300w, https:\/\/jornalfatosenoticias.com.br\/wp-content\/uploads\/2023\/12\/pegoretti-logo-pdf-768x291.jpg 768w, https:\/\/jornalfatosenoticias.com.br\/wp-content\/uploads\/2023\/12\/pegoretti-logo-pdf.jpg 1120w\" sizes=\"auto, (max-width: 504px) 100vw, 504px\" \/><\/a><\/figure><\/div>\n\n\n\n<p><strong>Fonte: <a href=\"https:\/\/olhardigital.com.br\/2025\/06\/23\/medicina-e-saude\/contraceptivo-baseado-em-saliva-e-aprovado-na-europa\/\">Olhar Digital<\/a><\/strong><\/p>\n","protected":false},"excerpt":{"rendered":"<p>Minilab, da startup Inne, monitora horm\u00f4nios em casa com efic\u00e1cia compar\u00e1vel \u00e0 p\u00edlula e promete mais autonomia para as mulheres sobre sua sa\u00fade reprodutiva Por Leandro Costa Criscuolo Um novo rastreador de fertilidade baseado em saliva, desenvolvido pela startup berlinense Inne, recebeu aprova\u00e7\u00e3o regulat\u00f3ria na Europa como m\u00e9todo contraceptivo n\u00e3o hormonal. Chamado de Minilab, o [&hellip;]<\/p>\n","protected":false},"author":2,"featured_media":60180,"comment_status":"open","ping_status":"open","sticky":false,"template":"","format":"standard","meta":{"footnotes":""},"categories":[11],"tags":[27438,16269,1704,14233,3262,27440,27439],"class_list":["post-60179","post","type-post","status-publish","format-standard","has-post-thumbnail","hentry","category-saude","tag-anticoncepcionais-hormonais","tag-anticoncepcional","tag-fertilidade","tag-metodos-contraceptivos","tag-pilula","tag-saude-reprodutiva","tag-startup-inne"],"yoast_head":"<!-- This site is optimized with the Yoast SEO plugin v26.5 - https:\/\/yoast.com\/wordpress\/plugins\/seo\/ -->\n<title>Contraceptivo baseado em saliva \u00e9 aprovado na Europa - Jornal Fatos e Not\u00edcias<\/title>\n<meta name=\"robots\" content=\"index, follow, max-snippet:-1, max-image-preview:large, max-video-preview:-1\" \/>\n<link rel=\"canonical\" href=\"https:\/\/jornalfatosenoticias.com.br\/index.php\/2025\/06\/24\/contraceptivo-baseado-em-saliva-e-aprovado-na-europa\/\" \/>\n<meta property=\"og:locale\" content=\"pt_BR\" \/>\n<meta property=\"og:type\" content=\"article\" \/>\n<meta property=\"og:title\" content=\"Contraceptivo baseado em saliva \u00e9 aprovado na Europa - Jornal Fatos e Not\u00edcias\" \/>\n<meta property=\"og:description\" content=\"Minilab, da startup Inne, monitora horm\u00f4nios em casa com efic\u00e1cia compar\u00e1vel \u00e0 p\u00edlula e promete mais autonomia para as mulheres sobre sua sa\u00fade reprodutiva Por Leandro Costa Criscuolo Um novo rastreador de fertilidade baseado em saliva, desenvolvido pela startup berlinense Inne, recebeu aprova\u00e7\u00e3o regulat\u00f3ria na Europa como m\u00e9todo contraceptivo n\u00e3o hormonal. Chamado de Minilab, o [&hellip;]\" \/>\n<meta property=\"og:url\" content=\"https:\/\/jornalfatosenoticias.com.br\/index.php\/2025\/06\/24\/contraceptivo-baseado-em-saliva-e-aprovado-na-europa\/\" \/>\n<meta property=\"og:site_name\" content=\"Jornal Fatos e Not\u00edcias\" \/>\n<meta property=\"article:published_time\" content=\"2025-06-24T12:56:30+00:00\" \/>\n<meta property=\"article:modified_time\" content=\"2025-06-24T12:56:31+00:00\" \/>\n<meta property=\"og:image\" content=\"https:\/\/jornalfatosenoticias.com.br\/wp-content\/uploads\/2025\/06\/contraceptivo-baseado-em-saliva.png\" \/>\n\t<meta property=\"og:image:width\" content=\"1000\" \/>\n\t<meta property=\"og:image:height\" content=\"562\" \/>\n\t<meta property=\"og:image:type\" content=\"image\/png\" \/>\n<meta name=\"author\" content=\"Luzimara Fernandes\" \/>\n<meta name=\"twitter:card\" content=\"summary_large_image\" \/>\n<meta name=\"twitter:label1\" content=\"Escrito por\" \/>\n\t<meta name=\"twitter:data1\" content=\"Luzimara Fernandes\" \/>\n\t<meta name=\"twitter:label2\" content=\"Est. tempo de leitura\" \/>\n\t<meta name=\"twitter:data2\" content=\"1 minuto\" \/>\n<script type=\"application\/ld+json\" class=\"yoast-schema-graph\">{\"@context\":\"https:\/\/schema.org\",\"@graph\":[{\"@type\":\"Article\",\"@id\":\"https:\/\/jornalfatosenoticias.com.br\/index.php\/2025\/06\/24\/contraceptivo-baseado-em-saliva-e-aprovado-na-europa\/#article\",\"isPartOf\":{\"@id\":\"https:\/\/jornalfatosenoticias.com.br\/index.php\/2025\/06\/24\/contraceptivo-baseado-em-saliva-e-aprovado-na-europa\/\"},\"author\":{\"name\":\"Luzimara Fernandes\",\"@id\":\"https:\/\/jornalfatosenoticias.com.br\/#\/schema\/person\/d63837fa13ac8666eb9e74e0985d6f81\"},\"headline\":\"Contraceptivo baseado em saliva \u00e9 aprovado na Europa\",\"datePublished\":\"2025-06-24T12:56:30+00:00\",\"dateModified\":\"2025-06-24T12:56:31+00:00\",\"mainEntityOfPage\":{\"@id\":\"https:\/\/jornalfatosenoticias.com.br\/index.php\/2025\/06\/24\/contraceptivo-baseado-em-saliva-e-aprovado-na-europa\/\"},\"wordCount\":270,\"commentCount\":0,\"publisher\":{\"@id\":\"https:\/\/jornalfatosenoticias.com.br\/#organization\"},\"image\":{\"@id\":\"https:\/\/jornalfatosenoticias.com.br\/index.php\/2025\/06\/24\/contraceptivo-baseado-em-saliva-e-aprovado-na-europa\/#primaryimage\"},\"thumbnailUrl\":\"https:\/\/jornalfatosenoticias.com.br\/wp-content\/uploads\/2025\/06\/contraceptivo-baseado-em-saliva.png\",\"keywords\":[\"anticoncepcionais hormonais\",\"anticoncepcional\",\"fertilidade\",\"m\u00e9todos contraceptivos\",\"p\u00edlula\",\"sa\u00fade reprodutiva\",\"startup Inne\"],\"articleSection\":[\"Sa\u00fade\"],\"inLanguage\":\"pt-BR\",\"potentialAction\":[{\"@type\":\"CommentAction\",\"name\":\"Comment\",\"target\":[\"https:\/\/jornalfatosenoticias.com.br\/index.php\/2025\/06\/24\/contraceptivo-baseado-em-saliva-e-aprovado-na-europa\/#respond\"]}]},{\"@type\":\"WebPage\",\"@id\":\"https:\/\/jornalfatosenoticias.com.br\/index.php\/2025\/06\/24\/contraceptivo-baseado-em-saliva-e-aprovado-na-europa\/\",\"url\":\"https:\/\/jornalfatosenoticias.com.br\/index.php\/2025\/06\/24\/contraceptivo-baseado-em-saliva-e-aprovado-na-europa\/\",\"name\":\"Contraceptivo baseado em saliva \u00e9 aprovado na Europa - Jornal Fatos e Not\u00edcias\",\"isPartOf\":{\"@id\":\"https:\/\/jornalfatosenoticias.com.br\/#website\"},\"primaryImageOfPage\":{\"@id\":\"https:\/\/jornalfatosenoticias.com.br\/index.php\/2025\/06\/24\/contraceptivo-baseado-em-saliva-e-aprovado-na-europa\/#primaryimage\"},\"image\":{\"@id\":\"https:\/\/jornalfatosenoticias.com.br\/index.php\/2025\/06\/24\/contraceptivo-baseado-em-saliva-e-aprovado-na-europa\/#primaryimage\"},\"thumbnailUrl\":\"https:\/\/jornalfatosenoticias.com.br\/wp-content\/uploads\/2025\/06\/contraceptivo-baseado-em-saliva.png\",\"datePublished\":\"2025-06-24T12:56:30+00:00\",\"dateModified\":\"2025-06-24T12:56:31+00:00\",\"breadcrumb\":{\"@id\":\"https:\/\/jornalfatosenoticias.com.br\/index.php\/2025\/06\/24\/contraceptivo-baseado-em-saliva-e-aprovado-na-europa\/#breadcrumb\"},\"inLanguage\":\"pt-BR\",\"potentialAction\":[{\"@type\":\"ReadAction\",\"target\":[\"https:\/\/jornalfatosenoticias.com.br\/index.php\/2025\/06\/24\/contraceptivo-baseado-em-saliva-e-aprovado-na-europa\/\"]}]},{\"@type\":\"ImageObject\",\"inLanguage\":\"pt-BR\",\"@id\":\"https:\/\/jornalfatosenoticias.com.br\/index.php\/2025\/06\/24\/contraceptivo-baseado-em-saliva-e-aprovado-na-europa\/#primaryimage\",\"url\":\"https:\/\/jornalfatosenoticias.com.br\/wp-content\/uploads\/2025\/06\/contraceptivo-baseado-em-saliva.png\",\"contentUrl\":\"https:\/\/jornalfatosenoticias.com.br\/wp-content\/uploads\/2025\/06\/contraceptivo-baseado-em-saliva.png\",\"width\":1000,\"height\":562},{\"@type\":\"BreadcrumbList\",\"@id\":\"https:\/\/jornalfatosenoticias.com.br\/index.php\/2025\/06\/24\/contraceptivo-baseado-em-saliva-e-aprovado-na-europa\/#breadcrumb\",\"itemListElement\":[{\"@type\":\"ListItem\",\"position\":1,\"name\":\"In\u00edcio\",\"item\":\"https:\/\/jornalfatosenoticias.com.br\/\"},{\"@type\":\"ListItem\",\"position\":2,\"name\":\"Contraceptivo baseado em saliva \u00e9 aprovado na Europa\"}]},{\"@type\":\"WebSite\",\"@id\":\"https:\/\/jornalfatosenoticias.com.br\/#website\",\"url\":\"https:\/\/jornalfatosenoticias.com.br\/\",\"name\":\"Jornal Fatos e Not\u00edcias\",\"description\":\"Not\u00edcias em geral\",\"publisher\":{\"@id\":\"https:\/\/jornalfatosenoticias.com.br\/#organization\"},\"potentialAction\":[{\"@type\":\"SearchAction\",\"target\":{\"@type\":\"EntryPoint\",\"urlTemplate\":\"https:\/\/jornalfatosenoticias.com.br\/?s={search_term_string}\"},\"query-input\":{\"@type\":\"PropertyValueSpecification\",\"valueRequired\":true,\"valueName\":\"search_term_string\"}}],\"inLanguage\":\"pt-BR\"},{\"@type\":\"Organization\",\"@id\":\"https:\/\/jornalfatosenoticias.com.br\/#organization\",\"name\":\"Jornal Fatos e Not\u00edcias\",\"url\":\"https:\/\/jornalfatosenoticias.com.br\/\",\"logo\":{\"@type\":\"ImageObject\",\"inLanguage\":\"pt-BR\",\"@id\":\"https:\/\/jornalfatosenoticias.com.br\/#\/schema\/logo\/image\/\",\"url\":\"https:\/\/jornalfatosenoticias.com.br\/wp-content\/uploads\/2020\/02\/logo120.png\",\"contentUrl\":\"https:\/\/jornalfatosenoticias.com.br\/wp-content\/uploads\/2020\/02\/logo120.png\",\"width\":1227,\"height\":120,\"caption\":\"Jornal Fatos e Not\u00edcias\"},\"image\":{\"@id\":\"https:\/\/jornalfatosenoticias.com.br\/#\/schema\/logo\/image\/\"}},{\"@type\":\"Person\",\"@id\":\"https:\/\/jornalfatosenoticias.com.br\/#\/schema\/person\/d63837fa13ac8666eb9e74e0985d6f81\",\"name\":\"Luzimara Fernandes\",\"image\":{\"@type\":\"ImageObject\",\"inLanguage\":\"pt-BR\",\"@id\":\"https:\/\/jornalfatosenoticias.com.br\/#\/schema\/person\/image\/\",\"url\":\"https:\/\/jornalfatosenoticias.com.br\/wp-content\/uploads\/2025\/05\/EU_portal.jpg\",\"contentUrl\":\"https:\/\/jornalfatosenoticias.com.br\/wp-content\/uploads\/2025\/05\/EU_portal.jpg\",\"caption\":\"Luzimara Fernandes\"},\"description\":\"Jornalista MTB 2358-ES\",\"sameAs\":[\"https:\/\/jornalfatosenoticias.com.br\"],\"url\":\"https:\/\/jornalfatosenoticias.com.br\/index.php\/author\/luzimara\/\"}]}<\/script>\n<!-- \/ Yoast SEO plugin. -->","yoast_head_json":{"title":"Contraceptivo baseado em saliva \u00e9 aprovado na Europa - Jornal Fatos e Not\u00edcias","robots":{"index":"index","follow":"follow","max-snippet":"max-snippet:-1","max-image-preview":"max-image-preview:large","max-video-preview":"max-video-preview:-1"},"canonical":"https:\/\/jornalfatosenoticias.com.br\/index.php\/2025\/06\/24\/contraceptivo-baseado-em-saliva-e-aprovado-na-europa\/","og_locale":"pt_BR","og_type":"article","og_title":"Contraceptivo baseado em saliva \u00e9 aprovado na Europa - Jornal Fatos e Not\u00edcias","og_description":"Minilab, da startup Inne, monitora horm\u00f4nios em casa com efic\u00e1cia compar\u00e1vel \u00e0 p\u00edlula e promete mais autonomia para as mulheres sobre sua sa\u00fade reprodutiva Por Leandro Costa Criscuolo Um novo rastreador de fertilidade baseado em saliva, desenvolvido pela startup berlinense Inne, recebeu aprova\u00e7\u00e3o regulat\u00f3ria na Europa como m\u00e9todo contraceptivo n\u00e3o hormonal. Chamado de Minilab, o [&hellip;]","og_url":"https:\/\/jornalfatosenoticias.com.br\/index.php\/2025\/06\/24\/contraceptivo-baseado-em-saliva-e-aprovado-na-europa\/","og_site_name":"Jornal Fatos e Not\u00edcias","article_published_time":"2025-06-24T12:56:30+00:00","article_modified_time":"2025-06-24T12:56:31+00:00","og_image":[{"width":1000,"height":562,"url":"https:\/\/jornalfatosenoticias.com.br\/wp-content\/uploads\/2025\/06\/contraceptivo-baseado-em-saliva.png","type":"image\/png"}],"author":"Luzimara Fernandes","twitter_card":"summary_large_image","twitter_misc":{"Escrito por":"Luzimara Fernandes","Est. tempo de leitura":"1 minuto"},"schema":{"@context":"https:\/\/schema.org","@graph":[{"@type":"Article","@id":"https:\/\/jornalfatosenoticias.com.br\/index.php\/2025\/06\/24\/contraceptivo-baseado-em-saliva-e-aprovado-na-europa\/#article","isPartOf":{"@id":"https:\/\/jornalfatosenoticias.com.br\/index.php\/2025\/06\/24\/contraceptivo-baseado-em-saliva-e-aprovado-na-europa\/"},"author":{"name":"Luzimara Fernandes","@id":"https:\/\/jornalfatosenoticias.com.br\/#\/schema\/person\/d63837fa13ac8666eb9e74e0985d6f81"},"headline":"Contraceptivo baseado em saliva \u00e9 aprovado na Europa","datePublished":"2025-06-24T12:56:30+00:00","dateModified":"2025-06-24T12:56:31+00:00","mainEntityOfPage":{"@id":"https:\/\/jornalfatosenoticias.com.br\/index.php\/2025\/06\/24\/contraceptivo-baseado-em-saliva-e-aprovado-na-europa\/"},"wordCount":270,"commentCount":0,"publisher":{"@id":"https:\/\/jornalfatosenoticias.com.br\/#organization"},"image":{"@id":"https:\/\/jornalfatosenoticias.com.br\/index.php\/2025\/06\/24\/contraceptivo-baseado-em-saliva-e-aprovado-na-europa\/#primaryimage"},"thumbnailUrl":"https:\/\/jornalfatosenoticias.com.br\/wp-content\/uploads\/2025\/06\/contraceptivo-baseado-em-saliva.png","keywords":["anticoncepcionais hormonais","anticoncepcional","fertilidade","m\u00e9todos contraceptivos","p\u00edlula","sa\u00fade reprodutiva","startup Inne"],"articleSection":["Sa\u00fade"],"inLanguage":"pt-BR","potentialAction":[{"@type":"CommentAction","name":"Comment","target":["https:\/\/jornalfatosenoticias.com.br\/index.php\/2025\/06\/24\/contraceptivo-baseado-em-saliva-e-aprovado-na-europa\/#respond"]}]},{"@type":"WebPage","@id":"https:\/\/jornalfatosenoticias.com.br\/index.php\/2025\/06\/24\/contraceptivo-baseado-em-saliva-e-aprovado-na-europa\/","url":"https:\/\/jornalfatosenoticias.com.br\/index.php\/2025\/06\/24\/contraceptivo-baseado-em-saliva-e-aprovado-na-europa\/","name":"Contraceptivo baseado em saliva \u00e9 aprovado na Europa - Jornal Fatos e Not\u00edcias","isPartOf":{"@id":"https:\/\/jornalfatosenoticias.com.br\/#website"},"primaryImageOfPage":{"@id":"https:\/\/jornalfatosenoticias.com.br\/index.php\/2025\/06\/24\/contraceptivo-baseado-em-saliva-e-aprovado-na-europa\/#primaryimage"},"image":{"@id":"https:\/\/jornalfatosenoticias.com.br\/index.php\/2025\/06\/24\/contraceptivo-baseado-em-saliva-e-aprovado-na-europa\/#primaryimage"},"thumbnailUrl":"https:\/\/jornalfatosenoticias.com.br\/wp-content\/uploads\/2025\/06\/contraceptivo-baseado-em-saliva.png","datePublished":"2025-06-24T12:56:30+00:00","dateModified":"2025-06-24T12:56:31+00:00","breadcrumb":{"@id":"https:\/\/jornalfatosenoticias.com.br\/index.php\/2025\/06\/24\/contraceptivo-baseado-em-saliva-e-aprovado-na-europa\/#breadcrumb"},"inLanguage":"pt-BR","potentialAction":[{"@type":"ReadAction","target":["https:\/\/jornalfatosenoticias.com.br\/index.php\/2025\/06\/24\/contraceptivo-baseado-em-saliva-e-aprovado-na-europa\/"]}]},{"@type":"ImageObject","inLanguage":"pt-BR","@id":"https:\/\/jornalfatosenoticias.com.br\/index.php\/2025\/06\/24\/contraceptivo-baseado-em-saliva-e-aprovado-na-europa\/#primaryimage","url":"https:\/\/jornalfatosenoticias.com.br\/wp-content\/uploads\/2025\/06\/contraceptivo-baseado-em-saliva.png","contentUrl":"https:\/\/jornalfatosenoticias.com.br\/wp-content\/uploads\/2025\/06\/contraceptivo-baseado-em-saliva.png","width":1000,"height":562},{"@type":"BreadcrumbList","@id":"https:\/\/jornalfatosenoticias.com.br\/index.php\/2025\/06\/24\/contraceptivo-baseado-em-saliva-e-aprovado-na-europa\/#breadcrumb","itemListElement":[{"@type":"ListItem","position":1,"name":"In\u00edcio","item":"https:\/\/jornalfatosenoticias.com.br\/"},{"@type":"ListItem","position":2,"name":"Contraceptivo baseado em saliva \u00e9 aprovado na Europa"}]},{"@type":"WebSite","@id":"https:\/\/jornalfatosenoticias.com.br\/#website","url":"https:\/\/jornalfatosenoticias.com.br\/","name":"Jornal Fatos e Not\u00edcias","description":"Not\u00edcias em geral","publisher":{"@id":"https:\/\/jornalfatosenoticias.com.br\/#organization"},"potentialAction":[{"@type":"SearchAction","target":{"@type":"EntryPoint","urlTemplate":"https:\/\/jornalfatosenoticias.com.br\/?s={search_term_string}"},"query-input":{"@type":"PropertyValueSpecification","valueRequired":true,"valueName":"search_term_string"}}],"inLanguage":"pt-BR"},{"@type":"Organization","@id":"https:\/\/jornalfatosenoticias.com.br\/#organization","name":"Jornal Fatos e Not\u00edcias","url":"https:\/\/jornalfatosenoticias.com.br\/","logo":{"@type":"ImageObject","inLanguage":"pt-BR","@id":"https:\/\/jornalfatosenoticias.com.br\/#\/schema\/logo\/image\/","url":"https:\/\/jornalfatosenoticias.com.br\/wp-content\/uploads\/2020\/02\/logo120.png","contentUrl":"https:\/\/jornalfatosenoticias.com.br\/wp-content\/uploads\/2020\/02\/logo120.png","width":1227,"height":120,"caption":"Jornal Fatos e Not\u00edcias"},"image":{"@id":"https:\/\/jornalfatosenoticias.com.br\/#\/schema\/logo\/image\/"}},{"@type":"Person","@id":"https:\/\/jornalfatosenoticias.com.br\/#\/schema\/person\/d63837fa13ac8666eb9e74e0985d6f81","name":"Luzimara Fernandes","image":{"@type":"ImageObject","inLanguage":"pt-BR","@id":"https:\/\/jornalfatosenoticias.com.br\/#\/schema\/person\/image\/","url":"https:\/\/jornalfatosenoticias.com.br\/wp-content\/uploads\/2025\/05\/EU_portal.jpg","contentUrl":"https:\/\/jornalfatosenoticias.com.br\/wp-content\/uploads\/2025\/05\/EU_portal.jpg","caption":"Luzimara Fernandes"},"description":"Jornalista MTB 2358-ES","sameAs":["https:\/\/jornalfatosenoticias.com.br"],"url":"https:\/\/jornalfatosenoticias.com.br\/index.php\/author\/luzimara\/"}]}},"cc_featured_image_caption":{"caption_text":"(Foto: Inne) ","source_text":"","source_url":""},"jetpack_featured_media_url":"https:\/\/jornalfatosenoticias.com.br\/wp-content\/uploads\/2025\/06\/contraceptivo-baseado-em-saliva.png","_links":{"self":[{"href":"https:\/\/jornalfatosenoticias.com.br\/index.php\/wp-json\/wp\/v2\/posts\/60179","targetHints":{"allow":["GET"]}}],"collection":[{"href":"https:\/\/jornalfatosenoticias.com.br\/index.php\/wp-json\/wp\/v2\/posts"}],"about":[{"href":"https:\/\/jornalfatosenoticias.com.br\/index.php\/wp-json\/wp\/v2\/types\/post"}],"author":[{"embeddable":true,"href":"https:\/\/jornalfatosenoticias.com.br\/index.php\/wp-json\/wp\/v2\/users\/2"}],"replies":[{"embeddable":true,"href":"https:\/\/jornalfatosenoticias.com.br\/index.php\/wp-json\/wp\/v2\/comments?post=60179"}],"version-history":[{"count":0,"href":"https:\/\/jornalfatosenoticias.com.br\/index.php\/wp-json\/wp\/v2\/posts\/60179\/revisions"}],"wp:featuredmedia":[{"embeddable":true,"href":"https:\/\/jornalfatosenoticias.com.br\/index.php\/wp-json\/wp\/v2\/media\/60180"}],"wp:attachment":[{"href":"https:\/\/jornalfatosenoticias.com.br\/index.php\/wp-json\/wp\/v2\/media?parent=60179"}],"wp:term":[{"taxonomy":"category","embeddable":true,"href":"https:\/\/jornalfatosenoticias.com.br\/index.php\/wp-json\/wp\/v2\/categories?post=60179"},{"taxonomy":"post_tag","embeddable":true,"href":"https:\/\/jornalfatosenoticias.com.br\/index.php\/wp-json\/wp\/v2\/tags?post=60179"}],"curies":[{"name":"wp","href":"https:\/\/api.w.org\/{rel}","templated":true}]}}