{"id":60185,"date":"2025-06-24T10:23:26","date_gmt":"2025-06-24T13:23:26","guid":{"rendered":"https:\/\/jornalfatosenoticias.com.br\/?p=60185"},"modified":"2025-06-24T10:23:27","modified_gmt":"2025-06-24T13:23:27","slug":"luxuosa-vila-romana-aristocratica-e-descoberta-durante-obras-na-franca","status":"publish","type":"post","link":"https:\/\/jornalfatosenoticias.com.br\/index.php\/2025\/06\/24\/luxuosa-vila-romana-aristocratica-e-descoberta-durante-obras-na-franca\/","title":{"rendered":"Luxuosa vila romana aristocr\u00e1tica \u00e9 descoberta durante obras na Fran\u00e7a"},"content":{"rendered":"\n<p><em><span class=\"has-inline-color has-black-color\">Durante constru\u00e7\u00e3o de estrada, antiga vila romana com n\u00edvel impressionante de riqueza foi descoberta na Fran\u00e7a<\/span><\/em><\/p>\n\n\n\n<p><span class=\"has-inline-color has-black-color\">Por <strong><a href=\"https:\/\/aventurasnahistoria.com.br\/autor\/eric-moreira\/\"><strong>\u00c9ric Moreira<\/strong><\/a><\/strong><\/span><\/p>\n\n\n\n<div class=\"wp-block-image\"><figure class=\"aligncenter size-large\"><a href=\"https:\/\/mizu.com.br\/\"><img loading=\"lazy\" decoding=\"async\" width=\"729\" height=\"90\" src=\"https:\/\/jornalfatosenoticias.com.br\/wp-content\/uploads\/2020\/02\/Logo_Mizu.png\" alt=\"\" class=\"wp-image-1441\" srcset=\"https:\/\/jornalfatosenoticias.com.br\/wp-content\/uploads\/2020\/02\/Logo_Mizu.png 729w, https:\/\/jornalfatosenoticias.com.br\/wp-content\/uploads\/2020\/02\/Logo_Mizu-300x37.png 300w\" sizes=\"auto, (max-width: 729px) 100vw, 729px\" \/><\/a><\/figure><\/div>\n\n\n\n<p>Recentemente, durante a constru\u00e7\u00e3o de uma rota alternativa \u00e0 D606, uma estrada regional localizada a pouco menos de tr\u00eas quil\u00f4metros de Auxerre, no centro da <strong><a href=\"https:\/\/aventurasnahistoria.com.br\/noticias\/historia-hoje\/arqueologos-acreditam-ter-descoberto-famoso-canal-romano-perdido-na-franca.phtml\">Fran\u00e7a<\/a>,<\/strong> arque\u00f3logos de resgate foram acionados e desenterraram uma extensa\u00a0<mark>vila romana<\/mark> que chamou bastante aten\u00e7\u00e3o com seu exorbitante n\u00edvel de riqueza. Ela inclui um jardim imponente, uma fonte e um elaborado sistema de aquecimento de piso conhecido como hipocausto.<br>Segundo <strong><a href=\"https:\/\/www.inrap.fr\/une-grande-villa-antique-auxerre-yonne-20067\">declara\u00e7\u00e3o do Instituto Nacional Franc\u00eas de Pesquisa Arqueol\u00f3gica Preventiva (INRAP)<\/a><\/strong>, os pesquisadores j\u00e1 tinham conhecimento de ru\u00ednas nos arredores do assentamento galo-romano de\u00a0<mark>Autissiodorum<\/mark> (como Auxerre era conhecida no passado) desde o s\u00e9culo 19. A escava\u00e7\u00e3o mais recente ali realizada ocorreu em 1966, quando um edif\u00edcio de 710 metros quadrados e dez c\u00f4modos e comodidades foi encontrado \u2014 o que j\u00e1 sugeriu a riqueza e poder regional que seus moradores poderiam desfrutar.<\/p>\n\n\n\n<div class=\"wp-block-image\"><figure class=\"aligncenter size-large\"><a href=\"http:\/\/www.ferrarimaquinas.com.br\/\"><img loading=\"lazy\" decoding=\"async\" width=\"300\" height=\"250\" src=\"https:\/\/jornalfatosenoticias.com.br\/wp-content\/uploads\/2022\/02\/FERRARI_MAQUINAS-E-FERRAMENTAS2.jpg\" alt=\"\" class=\"wp-image-27860\"\/><\/a><\/figure><\/div>\n\n\n\n<p>Por\u00e9m, at\u00e9 agora, a verdadeira escala da vila \u2014 conhecida como\u00a0<mark>Sainte-Nitasse<\/mark> \u2014 e de suas propriedades agr\u00edcolas ao longo do Rio Yonne n\u00e3o era clara para os pesquisadores. Mas, recentemente, arque\u00f3logos do INRAP conseguiram descobrir uma constru\u00e7\u00e3o com pouco menos de 4.000 metros quadrados, que acreditam datar de entre os s\u00e9culos 1.\u00ba e 3.\u00ba, sugerindo um n\u00edvel de grandeza at\u00e9 ent\u00e3o inimagin\u00e1vel.<\/p>\n\n\n\n<div class=\"wp-block-image\"><figure class=\"aligncenter size-large is-resized\"><a href=\"https:\/\/www.controlsystems.com.br\/\"><img loading=\"lazy\" decoding=\"async\" src=\"https:\/\/jornalfatosenoticias.com.br\/wp-content\/uploads\/2020\/02\/CONTROL-CS.jpg\" alt=\"\" class=\"wp-image-44991\" width=\"284\" height=\"341\" srcset=\"https:\/\/jornalfatosenoticias.com.br\/wp-content\/uploads\/2020\/02\/CONTROL-CS.jpg 834w, https:\/\/jornalfatosenoticias.com.br\/wp-content\/uploads\/2020\/02\/CONTROL-CS-250x300.jpg 250w, https:\/\/jornalfatosenoticias.com.br\/wp-content\/uploads\/2020\/02\/CONTROL-CS-768x921.jpg 768w\" sizes=\"auto, (max-width: 284px) 100vw, 284px\" \/><\/a><\/figure><\/div>\n\n\n\n<p>Identificado como uma das &#8220;<mark>grandes vilas da G\u00e1lia Romana<\/mark>&#8220;, segundo o INRAP, o local \u00e9 caracterizado por vastas dimens\u00f5es e estilo arquitet\u00f4nico sofisticado. Essas\u00a0<a href=\"https:\/\/aventurasnahistoria.com.br\/noticias\/historia-hoje\/tesouro-romano-vila-com-mosaicos-raros-e-descoberta-na-austria.phtml\"><strong>vilas<\/strong><\/a> geralmente abrangiam \u00e1reas agr\u00edcolas (pars rustica) e residenciais (pars urbana) \u2014 sendo estas \u00faltimas marcadas por materiais de constru\u00e7\u00e3o imponentes, como m\u00e1rmore, extensos mosaicos e afrescos, e comodidades como banheiros privativos, fontes e jardins.<\/p>\n\n\n\n<div class=\"wp-block-image\"><figure class=\"aligncenter size-large is-resized\"><a href=\"https:\/\/www.instagram.com\/gruposei\/\"><img loading=\"lazy\" decoding=\"async\" src=\"https:\/\/jornalfatosenoticias.com.br\/wp-content\/uploads\/2022\/07\/Logo-Grupo-SEI.jpg\" alt=\"\" class=\"wp-image-31973\" width=\"373\" height=\"196\" srcset=\"https:\/\/jornalfatosenoticias.com.br\/wp-content\/uploads\/2022\/07\/Logo-Grupo-SEI.jpg 713w, https:\/\/jornalfatosenoticias.com.br\/wp-content\/uploads\/2022\/07\/Logo-Grupo-SEI-300x158.jpg 300w\" sizes=\"auto, (max-width: 373px) 100vw, 373px\" \/><\/a><\/figure><\/div>\n\n\n\n<p>E as escava\u00e7\u00f5es feitas em Sainte-Nitasse j\u00e1 revelaram todas essas caracter\u00edsticas, e ainda mais. Nela, conforme repercute a Smithsonian Magazine, havia um\u00a0<mark>jardim<\/mark>\u00a0de 460 metros quadrados, cercado por uma\u00a0<mark>fonte<\/mark>\u00a0ao sul e um\u00a0<mark>tanque<\/mark>\u00a0de \u00e1gua, ou um lago ornamental, ao norte. O\u00a0<mark>hipocausto<\/mark>, um sistema de aquecimento central que circulava ar quente debaixo do piso da resid\u00eancia, ainda indica um n\u00edvel de luxo bastante at\u00edpico para a maioria das propriedades rurais da G\u00e1lia Romana.<\/p>\n\n\n\n<div class=\"wp-block-image\"><figure class=\"aligncenter size-large\"><a href=\"https:\/\/www.cesconetto.com.br\/\"><img loading=\"lazy\" decoding=\"async\" width=\"300\" height=\"250\" src=\"https:\/\/jornalfatosenoticias.com.br\/wp-content\/uploads\/2020\/02\/Banner-2.png\" alt=\"\" class=\"wp-image-43787\"\/><\/a><\/figure><\/div>\n\n\n\n<blockquote class=\"wp-block-quote is-layout-flow wp-block-quote-is-layout-flow\"><p><span class=\"has-inline-color has-luminous-vivid-orange-color\">Podemos imagin\u00e1-la como uma vila &#8216;aristocr\u00e1tica&#8217;, pertencente a algu\u00e9m com <strong><a href=\"https:\/\/aventurasnahistoria.com.br\/noticias\/historia-hoje\/arqueologos-descobrem-tesouro-romano-fascinante-na-franca.phtml\">riquezas<\/a><\/strong>, responsabilidades \u2014 talvez municipais, dada a proximidade de Auxerre \u2014 um propriet\u00e1rio de terras que tinha funcion\u00e1rios no local&#8221;, explica o arque\u00f3logo respons\u00e1vel pelas escava\u00e7\u00f5es, <strong><strong>Alexandre Burgevin<\/strong>, \u00e0\u00a0<a href=\"https:\/\/france3-regions.franceinfo.fr\/bourgogne-franche-comte\/yonne\/auxerre\/pourquoi-a-t-elle-ete-abandonnee-une-villa-gallo-romaine-aristocratique-decouverte-sous-une-ancienne-aire-de-gens-du-voyage-3149105.html\">France Info<\/a><\/strong>.<\/span><\/p><\/blockquote>\n\n\n\n<div class=\"wp-block-image\"><figure class=\"aligncenter size-large\"><img loading=\"lazy\" decoding=\"async\" width=\"1000\" height=\"562\" src=\"https:\/\/jornalfatosenoticias.com.br\/wp-content\/uploads\/2025\/06\/vila-romana-franca-2.jpg\" alt=\"\" class=\"wp-image-60186\" srcset=\"https:\/\/jornalfatosenoticias.com.br\/wp-content\/uploads\/2025\/06\/vila-romana-franca-2.jpg 1000w, https:\/\/jornalfatosenoticias.com.br\/wp-content\/uploads\/2025\/06\/vila-romana-franca-2-300x169.jpg 300w, https:\/\/jornalfatosenoticias.com.br\/wp-content\/uploads\/2025\/06\/vila-romana-franca-2-768x432.jpg 768w\" sizes=\"auto, (max-width: 1000px) 100vw, 1000px\" \/><figcaption><em><span class=\"has-inline-color has-black-color\">Se\u00e7\u00e3o do sistema de aquecimento por hipocausto da vila (Foto: Divulga\u00e7\u00e3o\/INRAP\/Ch. Fouquin)<\/span><\/em><\/figcaption><\/figure><\/div>\n\n\n\n<p>Al\u00e9m disso, pr\u00f3ximo \u00e0s margens do Yonne, tamb\u00e9m foi encontrado um local de\u00a0<mark>banhos termais<\/mark> que contava com diversas piscinas, onde o propriet\u00e1rio e sua fam\u00edlia podiam se banhar. J\u00e1 do outro lado do jardim, havia amplos campos, onde trabalhadores do propriet\u00e1rio da vila passavam grande parte de seus dias.<br>Por fim, al\u00e9m do tamanho e das comodidades que os arque\u00f3logos puderam descrever, o pr\u00f3prio n\u00edvel de preserva\u00e7\u00e3o da vila tamb\u00e9m foi motivo de surpresa. <\/p>\n\n\n\n<div class=\"wp-block-image\"><figure class=\"aligncenter size-large is-resized\"><a href=\"https:\/\/www.facebook.com\/postobkr\/?locale=pt_BR\"><img loading=\"lazy\" decoding=\"async\" src=\"https:\/\/jornalfatosenoticias.com.br\/wp-content\/uploads\/2023\/08\/BKR-1024x1021.jpg\" alt=\"\" class=\"wp-image-44494\" width=\"299\" height=\"298\" srcset=\"https:\/\/jornalfatosenoticias.com.br\/wp-content\/uploads\/2023\/08\/BKR-1024x1021.jpg 1024w, https:\/\/jornalfatosenoticias.com.br\/wp-content\/uploads\/2023\/08\/BKR-300x300.jpg 300w, https:\/\/jornalfatosenoticias.com.br\/wp-content\/uploads\/2023\/08\/BKR-150x150.jpg 150w, https:\/\/jornalfatosenoticias.com.br\/wp-content\/uploads\/2023\/08\/BKR-768x766.jpg 768w, https:\/\/jornalfatosenoticias.com.br\/wp-content\/uploads\/2023\/08\/BKR.jpg 1080w\" sizes=\"auto, (max-width: 299px) 100vw, 299px\" \/><\/a><\/figure><\/div>\n\n\n\n<blockquote class=\"wp-block-quote is-layout-flow wp-block-quote-is-layout-flow\"><p><span class=\"has-inline-color has-luminous-vivid-orange-color\">Para um s\u00edtio rural, \u00e9 bastante excepcional&#8221;, comenta <strong>Burgevin<\/strong>\u00a0ao<strong>\u00a0<a href=\"https:\/\/www.lyonne.fr\/auxerre-89000\/loisirs\/pres-d-auxerre-un-petit-pompei-a-la-conservation-exceptionnelle_14698149\/\">L&#8217;Yonne R\u00e9publicaine<\/a>. <\/strong>&#8220;Voc\u00ea pode caminhar sobre pisos da \u00e9poca, circular entre c\u00f4modos como os galo-romanos faziam&#8221;.<\/span><\/p><\/blockquote>\n\n\n\n<div class=\"wp-block-image\"><figure class=\"aligncenter size-large is-resized\"><a href=\"https:\/\/www.legisjuris.com.br\/\"><img loading=\"lazy\" decoding=\"async\" src=\"https:\/\/jornalfatosenoticias.com.br\/wp-content\/uploads\/2024\/09\/Legis-Juris-Consultoria_logo.jpg\" alt=\"\" class=\"wp-image-53915\" width=\"532\" height=\"223\" srcset=\"https:\/\/jornalfatosenoticias.com.br\/wp-content\/uploads\/2024\/09\/Legis-Juris-Consultoria_logo.jpg 969w, https:\/\/jornalfatosenoticias.com.br\/wp-content\/uploads\/2024\/09\/Legis-Juris-Consultoria_logo-300x126.jpg 300w, https:\/\/jornalfatosenoticias.com.br\/wp-content\/uploads\/2024\/09\/Legis-Juris-Consultoria_logo-768x322.jpg 768w\" sizes=\"auto, (max-width: 532px) 100vw, 532px\" \/><\/a><\/figure><\/div>\n\n\n\n<p><strong><span class=\"has-inline-color has-vivid-purple-color\">Ascens\u00e3o e decl\u00ednio<br><\/span><\/strong>Com o passar do tempo, a vila de Autissiodorum cresceu, tornando-se uma grande cidade ao longo da Via Agripa, a famosa rede de estradas romanas, chegando inclusive a servir como\u00a0<mark>capital provincial<\/mark> por volta do s\u00e9culo 4.\u00ba. Por\u00e9m, conforme a G\u00e1lia come\u00e7ou a se distanciar do Imp\u00e9rio Romano, na mesma \u00e9poca, a proemin\u00eancia da cidade oscilou. Segundo os arque\u00f3logos do INRAP, o s\u00edtio provavelmente foi reaproveitado durante a \u00e9poca medieval, por volta do s\u00e9culo 13.<\/p>\n\n\n\n<div class=\"wp-block-image\"><figure class=\"aligncenter size-large is-resized\"><a href=\"https:\/\/www.instagram.com\/rcradiadores\/\"><img loading=\"lazy\" decoding=\"async\" src=\"https:\/\/jornalfatosenoticias.com.br\/wp-content\/uploads\/2022\/10\/RC_800x750_page-0001.jpg\" alt=\"\" class=\"wp-image-35338\" width=\"302\" height=\"283\" srcset=\"https:\/\/jornalfatosenoticias.com.br\/wp-content\/uploads\/2022\/10\/RC_800x750_page-0001.jpg 400w, https:\/\/jornalfatosenoticias.com.br\/wp-content\/uploads\/2022\/10\/RC_800x750_page-0001-300x281.jpg 300w\" sizes=\"auto, (max-width: 302px) 100vw, 302px\" \/><\/a><\/figure><\/div>\n\n\n\n<p>Agora, os arque\u00f3logos devem continuar escavando o local at\u00e9 setembro, quando a constru\u00e7\u00e3o da estrada ser\u00e1 retomada. At\u00e9 l\u00e1, novas descobertas ainda podem ser feitas, ajudando a preencher ainda mais lacunas da cronologia da regi\u00e3o durante as eras romana e medieval.<\/p>\n\n\n\n<p><strong>Fonte: <a href=\"https:\/\/aventurasnahistoria.com.br\/noticias\/reportagem\/luxuosa-vila-romana-aristocratica-e-descoberta-durante-obras-na-franca.phtml\">Aventuras na Hist\u00f3ria<\/a><\/strong><\/p>\n","protected":false},"excerpt":{"rendered":"<p>Durante constru\u00e7\u00e3o de estrada, antiga vila romana com n\u00edvel impressionante de riqueza foi descoberta na Fran\u00e7a Por \u00c9ric Moreira Recentemente, durante a constru\u00e7\u00e3o de uma rota alternativa \u00e0 D606, uma estrada regional localizada a pouco menos de tr\u00eas quil\u00f4metros de Auxerre, no centro da Fran\u00e7a, arque\u00f3logos de resgate foram acionados e desenterraram uma extensa\u00a0vila romana [&hellip;]<\/p>\n","protected":false},"author":2,"featured_media":60187,"comment_status":"open","ping_status":"open","sticky":false,"template":"","format":"standard","meta":{"footnotes":""},"categories":[9808],"tags":[1478,119,249,8207,322,9268,10502],"class_list":["post-60185","post","type-post","status-publish","format-standard","has-post-thumbnail","hentry","category-paleo-arqueologia","tag-arqueologia","tag-franca","tag-historia","tag-imperio-romano","tag-mundo","tag-vila","tag-vila-romana"],"yoast_head":"<!-- This site is optimized with the Yoast SEO plugin v26.5 - https:\/\/yoast.com\/wordpress\/plugins\/seo\/ -->\n<title>Luxuosa vila romana aristocr\u00e1tica \u00e9 descoberta durante obras na Fran\u00e7a - Jornal Fatos e Not\u00edcias<\/title>\n<meta name=\"robots\" content=\"index, follow, max-snippet:-1, max-image-preview:large, max-video-preview:-1\" \/>\n<link rel=\"canonical\" href=\"https:\/\/jornalfatosenoticias.com.br\/index.php\/2025\/06\/24\/luxuosa-vila-romana-aristocratica-e-descoberta-durante-obras-na-franca\/\" \/>\n<meta property=\"og:locale\" content=\"pt_BR\" \/>\n<meta property=\"og:type\" content=\"article\" \/>\n<meta property=\"og:title\" content=\"Luxuosa vila romana aristocr\u00e1tica \u00e9 descoberta durante obras na Fran\u00e7a - Jornal Fatos e Not\u00edcias\" \/>\n<meta property=\"og:description\" content=\"Durante constru\u00e7\u00e3o de estrada, antiga vila romana com n\u00edvel impressionante de riqueza foi descoberta na Fran\u00e7a Por \u00c9ric Moreira Recentemente, durante a constru\u00e7\u00e3o de uma rota alternativa \u00e0 D606, uma estrada regional localizada a pouco menos de tr\u00eas quil\u00f4metros de Auxerre, no centro da Fran\u00e7a, arque\u00f3logos de resgate foram acionados e desenterraram uma extensa\u00a0vila romana [&hellip;]\" \/>\n<meta property=\"og:url\" content=\"https:\/\/jornalfatosenoticias.com.br\/index.php\/2025\/06\/24\/luxuosa-vila-romana-aristocratica-e-descoberta-durante-obras-na-franca\/\" \/>\n<meta property=\"og:site_name\" content=\"Jornal Fatos e Not\u00edcias\" \/>\n<meta property=\"article:published_time\" content=\"2025-06-24T13:23:26+00:00\" \/>\n<meta property=\"article:modified_time\" content=\"2025-06-24T13:23:27+00:00\" \/>\n<meta property=\"og:image\" content=\"https:\/\/jornalfatosenoticias.com.br\/wp-content\/uploads\/2025\/06\/vila-romana-luxuosa-franca.jpg\" \/>\n\t<meta property=\"og:image:width\" content=\"800\" \/>\n\t<meta property=\"og:image:height\" content=\"450\" \/>\n\t<meta property=\"og:image:type\" content=\"image\/jpeg\" \/>\n<meta name=\"author\" content=\"Luzimara Fernandes\" \/>\n<meta name=\"twitter:card\" content=\"summary_large_image\" \/>\n<meta name=\"twitter:label1\" content=\"Escrito por\" \/>\n\t<meta name=\"twitter:data1\" content=\"Luzimara Fernandes\" \/>\n\t<meta name=\"twitter:label2\" content=\"Est. tempo de leitura\" \/>\n\t<meta name=\"twitter:data2\" content=\"3 minutos\" \/>\n<script type=\"application\/ld+json\" class=\"yoast-schema-graph\">{\"@context\":\"https:\/\/schema.org\",\"@graph\":[{\"@type\":\"Article\",\"@id\":\"https:\/\/jornalfatosenoticias.com.br\/index.php\/2025\/06\/24\/luxuosa-vila-romana-aristocratica-e-descoberta-durante-obras-na-franca\/#article\",\"isPartOf\":{\"@id\":\"https:\/\/jornalfatosenoticias.com.br\/index.php\/2025\/06\/24\/luxuosa-vila-romana-aristocratica-e-descoberta-durante-obras-na-franca\/\"},\"author\":{\"name\":\"Luzimara Fernandes\",\"@id\":\"https:\/\/jornalfatosenoticias.com.br\/#\/schema\/person\/d63837fa13ac8666eb9e74e0985d6f81\"},\"headline\":\"Luxuosa vila romana aristocr\u00e1tica \u00e9 descoberta durante obras na Fran\u00e7a\",\"datePublished\":\"2025-06-24T13:23:26+00:00\",\"dateModified\":\"2025-06-24T13:23:27+00:00\",\"mainEntityOfPage\":{\"@id\":\"https:\/\/jornalfatosenoticias.com.br\/index.php\/2025\/06\/24\/luxuosa-vila-romana-aristocratica-e-descoberta-durante-obras-na-franca\/\"},\"wordCount\":706,\"commentCount\":0,\"publisher\":{\"@id\":\"https:\/\/jornalfatosenoticias.com.br\/#organization\"},\"image\":{\"@id\":\"https:\/\/jornalfatosenoticias.com.br\/index.php\/2025\/06\/24\/luxuosa-vila-romana-aristocratica-e-descoberta-durante-obras-na-franca\/#primaryimage\"},\"thumbnailUrl\":\"https:\/\/jornalfatosenoticias.com.br\/wp-content\/uploads\/2025\/06\/vila-romana-luxuosa-franca.jpg\",\"keywords\":[\"arqueologia\",\"Fran\u00e7a\",\"hist\u00f3ria\",\"Imp\u00e9rio Romano\",\"mundo\",\"vila\",\"vila romana\"],\"articleSection\":[\"Paleo &amp; Arqueologia\"],\"inLanguage\":\"pt-BR\",\"potentialAction\":[{\"@type\":\"CommentAction\",\"name\":\"Comment\",\"target\":[\"https:\/\/jornalfatosenoticias.com.br\/index.php\/2025\/06\/24\/luxuosa-vila-romana-aristocratica-e-descoberta-durante-obras-na-franca\/#respond\"]}]},{\"@type\":\"WebPage\",\"@id\":\"https:\/\/jornalfatosenoticias.com.br\/index.php\/2025\/06\/24\/luxuosa-vila-romana-aristocratica-e-descoberta-durante-obras-na-franca\/\",\"url\":\"https:\/\/jornalfatosenoticias.com.br\/index.php\/2025\/06\/24\/luxuosa-vila-romana-aristocratica-e-descoberta-durante-obras-na-franca\/\",\"name\":\"Luxuosa vila romana aristocr\u00e1tica \u00e9 descoberta durante obras na Fran\u00e7a - Jornal Fatos e Not\u00edcias\",\"isPartOf\":{\"@id\":\"https:\/\/jornalfatosenoticias.com.br\/#website\"},\"primaryImageOfPage\":{\"@id\":\"https:\/\/jornalfatosenoticias.com.br\/index.php\/2025\/06\/24\/luxuosa-vila-romana-aristocratica-e-descoberta-durante-obras-na-franca\/#primaryimage\"},\"image\":{\"@id\":\"https:\/\/jornalfatosenoticias.com.br\/index.php\/2025\/06\/24\/luxuosa-vila-romana-aristocratica-e-descoberta-durante-obras-na-franca\/#primaryimage\"},\"thumbnailUrl\":\"https:\/\/jornalfatosenoticias.com.br\/wp-content\/uploads\/2025\/06\/vila-romana-luxuosa-franca.jpg\",\"datePublished\":\"2025-06-24T13:23:26+00:00\",\"dateModified\":\"2025-06-24T13:23:27+00:00\",\"breadcrumb\":{\"@id\":\"https:\/\/jornalfatosenoticias.com.br\/index.php\/2025\/06\/24\/luxuosa-vila-romana-aristocratica-e-descoberta-durante-obras-na-franca\/#breadcrumb\"},\"inLanguage\":\"pt-BR\",\"potentialAction\":[{\"@type\":\"ReadAction\",\"target\":[\"https:\/\/jornalfatosenoticias.com.br\/index.php\/2025\/06\/24\/luxuosa-vila-romana-aristocratica-e-descoberta-durante-obras-na-franca\/\"]}]},{\"@type\":\"ImageObject\",\"inLanguage\":\"pt-BR\",\"@id\":\"https:\/\/jornalfatosenoticias.com.br\/index.php\/2025\/06\/24\/luxuosa-vila-romana-aristocratica-e-descoberta-durante-obras-na-franca\/#primaryimage\",\"url\":\"https:\/\/jornalfatosenoticias.com.br\/wp-content\/uploads\/2025\/06\/vila-romana-luxuosa-franca.jpg\",\"contentUrl\":\"https:\/\/jornalfatosenoticias.com.br\/wp-content\/uploads\/2025\/06\/vila-romana-luxuosa-franca.jpg\",\"width\":800,\"height\":450},{\"@type\":\"BreadcrumbList\",\"@id\":\"https:\/\/jornalfatosenoticias.com.br\/index.php\/2025\/06\/24\/luxuosa-vila-romana-aristocratica-e-descoberta-durante-obras-na-franca\/#breadcrumb\",\"itemListElement\":[{\"@type\":\"ListItem\",\"position\":1,\"name\":\"In\u00edcio\",\"item\":\"https:\/\/jornalfatosenoticias.com.br\/\"},{\"@type\":\"ListItem\",\"position\":2,\"name\":\"Luxuosa vila romana aristocr\u00e1tica \u00e9 descoberta durante obras na Fran\u00e7a\"}]},{\"@type\":\"WebSite\",\"@id\":\"https:\/\/jornalfatosenoticias.com.br\/#website\",\"url\":\"https:\/\/jornalfatosenoticias.com.br\/\",\"name\":\"Jornal Fatos e Not\u00edcias\",\"description\":\"Not\u00edcias em geral\",\"publisher\":{\"@id\":\"https:\/\/jornalfatosenoticias.com.br\/#organization\"},\"potentialAction\":[{\"@type\":\"SearchAction\",\"target\":{\"@type\":\"EntryPoint\",\"urlTemplate\":\"https:\/\/jornalfatosenoticias.com.br\/?s={search_term_string}\"},\"query-input\":{\"@type\":\"PropertyValueSpecification\",\"valueRequired\":true,\"valueName\":\"search_term_string\"}}],\"inLanguage\":\"pt-BR\"},{\"@type\":\"Organization\",\"@id\":\"https:\/\/jornalfatosenoticias.com.br\/#organization\",\"name\":\"Jornal Fatos e Not\u00edcias\",\"url\":\"https:\/\/jornalfatosenoticias.com.br\/\",\"logo\":{\"@type\":\"ImageObject\",\"inLanguage\":\"pt-BR\",\"@id\":\"https:\/\/jornalfatosenoticias.com.br\/#\/schema\/logo\/image\/\",\"url\":\"https:\/\/jornalfatosenoticias.com.br\/wp-content\/uploads\/2020\/02\/logo120.png\",\"contentUrl\":\"https:\/\/jornalfatosenoticias.com.br\/wp-content\/uploads\/2020\/02\/logo120.png\",\"width\":1227,\"height\":120,\"caption\":\"Jornal Fatos e Not\u00edcias\"},\"image\":{\"@id\":\"https:\/\/jornalfatosenoticias.com.br\/#\/schema\/logo\/image\/\"}},{\"@type\":\"Person\",\"@id\":\"https:\/\/jornalfatosenoticias.com.br\/#\/schema\/person\/d63837fa13ac8666eb9e74e0985d6f81\",\"name\":\"Luzimara Fernandes\",\"image\":{\"@type\":\"ImageObject\",\"inLanguage\":\"pt-BR\",\"@id\":\"https:\/\/jornalfatosenoticias.com.br\/#\/schema\/person\/image\/\",\"url\":\"https:\/\/jornalfatosenoticias.com.br\/wp-content\/uploads\/2025\/05\/EU_portal.jpg\",\"contentUrl\":\"https:\/\/jornalfatosenoticias.com.br\/wp-content\/uploads\/2025\/05\/EU_portal.jpg\",\"caption\":\"Luzimara Fernandes\"},\"description\":\"Jornalista MTB 2358-ES\",\"sameAs\":[\"https:\/\/jornalfatosenoticias.com.br\"],\"url\":\"https:\/\/jornalfatosenoticias.com.br\/index.php\/author\/luzimara\/\"}]}<\/script>\n<!-- \/ Yoast SEO plugin. -->","yoast_head_json":{"title":"Luxuosa vila romana aristocr\u00e1tica \u00e9 descoberta durante obras na Fran\u00e7a - Jornal Fatos e Not\u00edcias","robots":{"index":"index","follow":"follow","max-snippet":"max-snippet:-1","max-image-preview":"max-image-preview:large","max-video-preview":"max-video-preview:-1"},"canonical":"https:\/\/jornalfatosenoticias.com.br\/index.php\/2025\/06\/24\/luxuosa-vila-romana-aristocratica-e-descoberta-durante-obras-na-franca\/","og_locale":"pt_BR","og_type":"article","og_title":"Luxuosa vila romana aristocr\u00e1tica \u00e9 descoberta durante obras na Fran\u00e7a - Jornal Fatos e Not\u00edcias","og_description":"Durante constru\u00e7\u00e3o de estrada, antiga vila romana com n\u00edvel impressionante de riqueza foi descoberta na Fran\u00e7a Por \u00c9ric Moreira Recentemente, durante a constru\u00e7\u00e3o de uma rota alternativa \u00e0 D606, uma estrada regional localizada a pouco menos de tr\u00eas quil\u00f4metros de Auxerre, no centro da Fran\u00e7a, arque\u00f3logos de resgate foram acionados e desenterraram uma extensa\u00a0vila romana [&hellip;]","og_url":"https:\/\/jornalfatosenoticias.com.br\/index.php\/2025\/06\/24\/luxuosa-vila-romana-aristocratica-e-descoberta-durante-obras-na-franca\/","og_site_name":"Jornal Fatos e Not\u00edcias","article_published_time":"2025-06-24T13:23:26+00:00","article_modified_time":"2025-06-24T13:23:27+00:00","og_image":[{"width":800,"height":450,"url":"https:\/\/jornalfatosenoticias.com.br\/wp-content\/uploads\/2025\/06\/vila-romana-luxuosa-franca.jpg","type":"image\/jpeg"}],"author":"Luzimara Fernandes","twitter_card":"summary_large_image","twitter_misc":{"Escrito por":"Luzimara Fernandes","Est. tempo de leitura":"3 minutos"},"schema":{"@context":"https:\/\/schema.org","@graph":[{"@type":"Article","@id":"https:\/\/jornalfatosenoticias.com.br\/index.php\/2025\/06\/24\/luxuosa-vila-romana-aristocratica-e-descoberta-durante-obras-na-franca\/#article","isPartOf":{"@id":"https:\/\/jornalfatosenoticias.com.br\/index.php\/2025\/06\/24\/luxuosa-vila-romana-aristocratica-e-descoberta-durante-obras-na-franca\/"},"author":{"name":"Luzimara Fernandes","@id":"https:\/\/jornalfatosenoticias.com.br\/#\/schema\/person\/d63837fa13ac8666eb9e74e0985d6f81"},"headline":"Luxuosa vila romana aristocr\u00e1tica \u00e9 descoberta durante obras na Fran\u00e7a","datePublished":"2025-06-24T13:23:26+00:00","dateModified":"2025-06-24T13:23:27+00:00","mainEntityOfPage":{"@id":"https:\/\/jornalfatosenoticias.com.br\/index.php\/2025\/06\/24\/luxuosa-vila-romana-aristocratica-e-descoberta-durante-obras-na-franca\/"},"wordCount":706,"commentCount":0,"publisher":{"@id":"https:\/\/jornalfatosenoticias.com.br\/#organization"},"image":{"@id":"https:\/\/jornalfatosenoticias.com.br\/index.php\/2025\/06\/24\/luxuosa-vila-romana-aristocratica-e-descoberta-durante-obras-na-franca\/#primaryimage"},"thumbnailUrl":"https:\/\/jornalfatosenoticias.com.br\/wp-content\/uploads\/2025\/06\/vila-romana-luxuosa-franca.jpg","keywords":["arqueologia","Fran\u00e7a","hist\u00f3ria","Imp\u00e9rio Romano","mundo","vila","vila romana"],"articleSection":["Paleo &amp; Arqueologia"],"inLanguage":"pt-BR","potentialAction":[{"@type":"CommentAction","name":"Comment","target":["https:\/\/jornalfatosenoticias.com.br\/index.php\/2025\/06\/24\/luxuosa-vila-romana-aristocratica-e-descoberta-durante-obras-na-franca\/#respond"]}]},{"@type":"WebPage","@id":"https:\/\/jornalfatosenoticias.com.br\/index.php\/2025\/06\/24\/luxuosa-vila-romana-aristocratica-e-descoberta-durante-obras-na-franca\/","url":"https:\/\/jornalfatosenoticias.com.br\/index.php\/2025\/06\/24\/luxuosa-vila-romana-aristocratica-e-descoberta-durante-obras-na-franca\/","name":"Luxuosa vila romana aristocr\u00e1tica \u00e9 descoberta durante obras na Fran\u00e7a - Jornal Fatos e Not\u00edcias","isPartOf":{"@id":"https:\/\/jornalfatosenoticias.com.br\/#website"},"primaryImageOfPage":{"@id":"https:\/\/jornalfatosenoticias.com.br\/index.php\/2025\/06\/24\/luxuosa-vila-romana-aristocratica-e-descoberta-durante-obras-na-franca\/#primaryimage"},"image":{"@id":"https:\/\/jornalfatosenoticias.com.br\/index.php\/2025\/06\/24\/luxuosa-vila-romana-aristocratica-e-descoberta-durante-obras-na-franca\/#primaryimage"},"thumbnailUrl":"https:\/\/jornalfatosenoticias.com.br\/wp-content\/uploads\/2025\/06\/vila-romana-luxuosa-franca.jpg","datePublished":"2025-06-24T13:23:26+00:00","dateModified":"2025-06-24T13:23:27+00:00","breadcrumb":{"@id":"https:\/\/jornalfatosenoticias.com.br\/index.php\/2025\/06\/24\/luxuosa-vila-romana-aristocratica-e-descoberta-durante-obras-na-franca\/#breadcrumb"},"inLanguage":"pt-BR","potentialAction":[{"@type":"ReadAction","target":["https:\/\/jornalfatosenoticias.com.br\/index.php\/2025\/06\/24\/luxuosa-vila-romana-aristocratica-e-descoberta-durante-obras-na-franca\/"]}]},{"@type":"ImageObject","inLanguage":"pt-BR","@id":"https:\/\/jornalfatosenoticias.com.br\/index.php\/2025\/06\/24\/luxuosa-vila-romana-aristocratica-e-descoberta-durante-obras-na-franca\/#primaryimage","url":"https:\/\/jornalfatosenoticias.com.br\/wp-content\/uploads\/2025\/06\/vila-romana-luxuosa-franca.jpg","contentUrl":"https:\/\/jornalfatosenoticias.com.br\/wp-content\/uploads\/2025\/06\/vila-romana-luxuosa-franca.jpg","width":800,"height":450},{"@type":"BreadcrumbList","@id":"https:\/\/jornalfatosenoticias.com.br\/index.php\/2025\/06\/24\/luxuosa-vila-romana-aristocratica-e-descoberta-durante-obras-na-franca\/#breadcrumb","itemListElement":[{"@type":"ListItem","position":1,"name":"In\u00edcio","item":"https:\/\/jornalfatosenoticias.com.br\/"},{"@type":"ListItem","position":2,"name":"Luxuosa vila romana aristocr\u00e1tica \u00e9 descoberta durante obras na Fran\u00e7a"}]},{"@type":"WebSite","@id":"https:\/\/jornalfatosenoticias.com.br\/#website","url":"https:\/\/jornalfatosenoticias.com.br\/","name":"Jornal Fatos e Not\u00edcias","description":"Not\u00edcias em geral","publisher":{"@id":"https:\/\/jornalfatosenoticias.com.br\/#organization"},"potentialAction":[{"@type":"SearchAction","target":{"@type":"EntryPoint","urlTemplate":"https:\/\/jornalfatosenoticias.com.br\/?s={search_term_string}"},"query-input":{"@type":"PropertyValueSpecification","valueRequired":true,"valueName":"search_term_string"}}],"inLanguage":"pt-BR"},{"@type":"Organization","@id":"https:\/\/jornalfatosenoticias.com.br\/#organization","name":"Jornal Fatos e Not\u00edcias","url":"https:\/\/jornalfatosenoticias.com.br\/","logo":{"@type":"ImageObject","inLanguage":"pt-BR","@id":"https:\/\/jornalfatosenoticias.com.br\/#\/schema\/logo\/image\/","url":"https:\/\/jornalfatosenoticias.com.br\/wp-content\/uploads\/2020\/02\/logo120.png","contentUrl":"https:\/\/jornalfatosenoticias.com.br\/wp-content\/uploads\/2020\/02\/logo120.png","width":1227,"height":120,"caption":"Jornal Fatos e Not\u00edcias"},"image":{"@id":"https:\/\/jornalfatosenoticias.com.br\/#\/schema\/logo\/image\/"}},{"@type":"Person","@id":"https:\/\/jornalfatosenoticias.com.br\/#\/schema\/person\/d63837fa13ac8666eb9e74e0985d6f81","name":"Luzimara Fernandes","image":{"@type":"ImageObject","inLanguage":"pt-BR","@id":"https:\/\/jornalfatosenoticias.com.br\/#\/schema\/person\/image\/","url":"https:\/\/jornalfatosenoticias.com.br\/wp-content\/uploads\/2025\/05\/EU_portal.jpg","contentUrl":"https:\/\/jornalfatosenoticias.com.br\/wp-content\/uploads\/2025\/05\/EU_portal.jpg","caption":"Luzimara Fernandes"},"description":"Jornalista MTB 2358-ES","sameAs":["https:\/\/jornalfatosenoticias.com.br"],"url":"https:\/\/jornalfatosenoticias.com.br\/index.php\/author\/luzimara\/"}]}},"cc_featured_image_caption":{"caption_text":"(Foto: Divulga\u00e7\u00e3o\/INRAP\/Ch. Fouquin) ","source_text":"","source_url":""},"jetpack_featured_media_url":"https:\/\/jornalfatosenoticias.com.br\/wp-content\/uploads\/2025\/06\/vila-romana-luxuosa-franca.jpg","_links":{"self":[{"href":"https:\/\/jornalfatosenoticias.com.br\/index.php\/wp-json\/wp\/v2\/posts\/60185","targetHints":{"allow":["GET"]}}],"collection":[{"href":"https:\/\/jornalfatosenoticias.com.br\/index.php\/wp-json\/wp\/v2\/posts"}],"about":[{"href":"https:\/\/jornalfatosenoticias.com.br\/index.php\/wp-json\/wp\/v2\/types\/post"}],"author":[{"embeddable":true,"href":"https:\/\/jornalfatosenoticias.com.br\/index.php\/wp-json\/wp\/v2\/users\/2"}],"replies":[{"embeddable":true,"href":"https:\/\/jornalfatosenoticias.com.br\/index.php\/wp-json\/wp\/v2\/comments?post=60185"}],"version-history":[{"count":0,"href":"https:\/\/jornalfatosenoticias.com.br\/index.php\/wp-json\/wp\/v2\/posts\/60185\/revisions"}],"wp:featuredmedia":[{"embeddable":true,"href":"https:\/\/jornalfatosenoticias.com.br\/index.php\/wp-json\/wp\/v2\/media\/60187"}],"wp:attachment":[{"href":"https:\/\/jornalfatosenoticias.com.br\/index.php\/wp-json\/wp\/v2\/media?parent=60185"}],"wp:term":[{"taxonomy":"category","embeddable":true,"href":"https:\/\/jornalfatosenoticias.com.br\/index.php\/wp-json\/wp\/v2\/categories?post=60185"},{"taxonomy":"post_tag","embeddable":true,"href":"https:\/\/jornalfatosenoticias.com.br\/index.php\/wp-json\/wp\/v2\/tags?post=60185"}],"curies":[{"name":"wp","href":"https:\/\/api.w.org\/{rel}","templated":true}]}}