{"id":60210,"date":"2025-06-26T15:08:59","date_gmt":"2025-06-26T18:08:59","guid":{"rendered":"https:\/\/jornalfatosenoticias.com.br\/?p=60210"},"modified":"2025-06-26T15:09:00","modified_gmt":"2025-06-26T18:09:00","slug":"a-semana-no-brasil-e-no-mundo-gastos-com-viagens-no-governo-lula-chegam-a-r-6047-milhoes-em-2025-valor-nao-inclui-uso-de-jatinhos-da-fab","status":"publish","type":"post","link":"https:\/\/jornalfatosenoticias.com.br\/index.php\/2025\/06\/26\/a-semana-no-brasil-e-no-mundo-gastos-com-viagens-no-governo-lula-chegam-a-r-6047-milhoes-em-2025-valor-nao-inclui-uso-de-jatinhos-da-fab\/","title":{"rendered":"A Semana no Brasil e no Mundo \u2014 Gastos com viagens no governo Lula chegam a R$ 604,7 milh\u00f5es em 2025; valor n\u00e3o inclui uso de jatinhos da FAB"},"content":{"rendered":"\n<div class=\"wp-block-image\"><figure class=\"aligncenter size-large\"><a href=\"https:\/\/mizu.com.br\/\"><img loading=\"lazy\" decoding=\"async\" width=\"729\" height=\"90\" src=\"https:\/\/jornalfatosenoticias.com.br\/wp-content\/uploads\/2020\/02\/Logo_Mizu.png\" alt=\"\" class=\"wp-image-1441\" srcset=\"https:\/\/jornalfatosenoticias.com.br\/wp-content\/uploads\/2020\/02\/Logo_Mizu.png 729w, https:\/\/jornalfatosenoticias.com.br\/wp-content\/uploads\/2020\/02\/Logo_Mizu-300x37.png 300w\" sizes=\"auto, (max-width: 729px) 100vw, 729px\" \/><\/a><\/figure><\/div>\n\n\n\n<p>Em meio a cr\u00edticas por excesso de deslocamentos oficiais, o Portal da Transpar\u00eancia atualizou os dados sobre os gastos com viagens do governo federal em 2025. At\u00e9 13 de junho, o montante j\u00e1 atinge R$ 604,7 milh\u00f5es \u2014 valor que n\u00e3o contempla os custos com aeronaves da For\u00e7a A\u00e9rea Brasileira (FAB), utilizadas por Luiz In\u00e1cio Lula da Silva (PT), Janja e integrantes dos demais Poderes. Segundo os dados divulgados, R$ 368,6 milh\u00f5es foram desembolsados com di\u00e1rias pagas a servidores p\u00fablicos, enquanto R$ 232,7 milh\u00f5es correspondem a passagens a\u00e9reas. Apenas com viagens internacionais, os gastos j\u00e1 somam quase R$ 92 milh\u00f5es no ano.<br>Os n\u00fameros refor\u00e7am o perfil viajante da atual gest\u00e3o. Lula j\u00e1 havia quebrado o recorde hist\u00f3rico de gastos com viagens nos dois primeiros anos do mandato: R$ 2,28 bilh\u00f5es em 2023 e R$ 2,36 bilh\u00f5es em 2024 \u2014 maior valor registrado desde o in\u00edcio da s\u00e9rie hist\u00f3rica do portal.<\/p>\n\n\n\n<div class=\"wp-block-image\"><figure class=\"aligncenter size-large is-resized\"><a href=\"https:\/\/www.instagram.com\/esteio.churrascaria\/\"><img loading=\"lazy\" decoding=\"async\" src=\"https:\/\/jornalfatosenoticias.com.br\/wp-content\/uploads\/2022\/02\/LOGO-ESTEIO-1024x730.png\" alt=\"\" class=\"wp-image-27942\" width=\"337\" height=\"240\" srcset=\"https:\/\/jornalfatosenoticias.com.br\/wp-content\/uploads\/2022\/02\/LOGO-ESTEIO-1024x730.png 1024w, https:\/\/jornalfatosenoticias.com.br\/wp-content\/uploads\/2022\/02\/LOGO-ESTEIO-300x214.png 300w, https:\/\/jornalfatosenoticias.com.br\/wp-content\/uploads\/2022\/02\/LOGO-ESTEIO-768x548.png 768w, https:\/\/jornalfatosenoticias.com.br\/wp-content\/uploads\/2022\/02\/LOGO-ESTEIO.png 1123w\" sizes=\"auto, (max-width: 337px) 100vw, 337px\" \/><\/a><\/figure><\/div>\n\n\n\n<p>Embora as viagens sejam justificadas como parte da \u2018estrat\u00e9gia de reposicionar o Brasil no cen\u00e1rio internacional e retomar o protagonismo diplom\u00e1tico\u2019, os valores elevados t\u00eam gerado cr\u00edticas, especialmente em um contexto de restri\u00e7\u00e3o or\u00e7ament\u00e1ria e cobran\u00e7as por austeridade fiscal. Parlamentares da oposi\u00e7\u00e3o apontam que, na era das reuni\u00f5es virtuais e videoconfer\u00eancias, os gastos com deslocamentos f\u00edsicos poderiam ser significativamente reduzidos. O governo ainda n\u00e3o se manifestou sobre os n\u00fameros atualizados. <strong>(Fonte: Hora Bras\u00edlia)<\/strong><\/p>\n\n\n\n<div class=\"wp-block-image\"><figure class=\"aligncenter size-large is-resized\"><a href=\"https:\/\/www.legisjuris.com.br\/\"><img loading=\"lazy\" decoding=\"async\" src=\"https:\/\/jornalfatosenoticias.com.br\/wp-content\/uploads\/2024\/09\/Legis-Juris-Consultoria_logo.jpg\" alt=\"\" class=\"wp-image-53915\" width=\"525\" height=\"220\" srcset=\"https:\/\/jornalfatosenoticias.com.br\/wp-content\/uploads\/2024\/09\/Legis-Juris-Consultoria_logo.jpg 969w, https:\/\/jornalfatosenoticias.com.br\/wp-content\/uploads\/2024\/09\/Legis-Juris-Consultoria_logo-300x126.jpg 300w, https:\/\/jornalfatosenoticias.com.br\/wp-content\/uploads\/2024\/09\/Legis-Juris-Consultoria_logo-768x322.jpg 768w\" sizes=\"auto, (max-width: 525px) 100vw, 525px\" \/><\/a><\/figure><\/div>\n\n\n\n<hr class=\"wp-block-separator\"\/>\n\n\n\n<h3 class=\"wp-block-heading\"><span class=\"has-inline-color has-black-color\">EUA pedem que Am\u00e9rica Latina defina &#8216;de que lado est\u00e1&#8217; sobre Ir\u00e3 antes da Assembleia da OEA<\/span><\/h3>\n\n\n\n<div class=\"wp-block-image\"><figure class=\"aligncenter size-large is-resized\"><img loading=\"lazy\" decoding=\"async\" src=\"https:\/\/jornalfatosenoticias.com.br\/wp-content\/uploads\/2025\/06\/trump-america-latina.jpg\" alt=\"\" class=\"wp-image-60216\" width=\"524\" height=\"467\" srcset=\"https:\/\/jornalfatosenoticias.com.br\/wp-content\/uploads\/2025\/06\/trump-america-latina.jpg 480w, https:\/\/jornalfatosenoticias.com.br\/wp-content\/uploads\/2025\/06\/trump-america-latina-300x268.jpg 300w\" sizes=\"auto, (max-width: 524px) 100vw, 524px\" \/><figcaption><em><span class=\"has-inline-color has-black-color\">(Foto: Conex\u00e3o Pol\u00edtica\/Reprodu\u00e7\u00e3o)<\/span><\/em><\/figcaption><\/figure><\/div>\n\n\n\n<p><span class=\"has-inline-color has-black-color\">Por <strong>Carlos Magno<\/strong><br><\/span>O governo dos Estados Unidos pressionou os pa\u00edses da Am\u00e9rica Latina a definirem \u201cde que lado est\u00e3o\u201d diante da crescente tens\u00e3o com o Ir\u00e3, poucos dias antes da 55.\u00aa Assembleia Geral da Organiza\u00e7\u00e3o dos Estados Americanos (OEA), que acontece em Ant\u00edgua e Barbuda. <\/p>\n\n\n\n<div class=\"wp-block-image\"><figure class=\"aligncenter size-large is-resized\"><a href=\"https:\/\/www.facebook.com\/profile.php?id=100069289606145\"><img loading=\"lazy\" decoding=\"async\" src=\"https:\/\/jornalfatosenoticias.com.br\/wp-content\/uploads\/2024\/11\/Guaitolini-Contabilidade-1024x714.jpeg\" alt=\"\" class=\"wp-image-55808\" width=\"326\" height=\"227\" srcset=\"https:\/\/jornalfatosenoticias.com.br\/wp-content\/uploads\/2024\/11\/Guaitolini-Contabilidade-1024x714.jpeg 1024w, https:\/\/jornalfatosenoticias.com.br\/wp-content\/uploads\/2024\/11\/Guaitolini-Contabilidade-300x209.jpeg 300w, https:\/\/jornalfatosenoticias.com.br\/wp-content\/uploads\/2024\/11\/Guaitolini-Contabilidade-768x535.jpeg 768w, https:\/\/jornalfatosenoticias.com.br\/wp-content\/uploads\/2024\/11\/Guaitolini-Contabilidade.jpeg 1280w\" sizes=\"auto, (max-width: 326px) 100vw, 326px\" \/><\/a><\/figure><\/div>\n\n\n\n<p>Durante uma coletiva virtual com a imprensa, uma alta funcion\u00e1ria do Departamento de Estado afirmou que \u201cesta \u00e9 uma grande oportunidade para que os pa\u00edses da regi\u00e3o decidam se apoiar\u00e3o um regime que \u00e9 patrocinador estatal do terrorismo ou qual posi\u00e7\u00e3o adotar\u00e3o\u201d. A declara\u00e7\u00e3o se refere diretamente ao recente bombardeio americano contra tr\u00eas instala\u00e7\u00f5es nucleares no Ir\u00e3, autorizado pelo presidente Donald Trump.<\/p>\n\n\n\n<div class=\"wp-block-image\"><figure class=\"aligncenter size-large is-resized\"><a href=\"https:\/\/www.instagram.com\/serra4x4cambioautomatico\/\"><img loading=\"lazy\" decoding=\"async\" src=\"https:\/\/jornalfatosenoticias.com.br\/wp-content\/uploads\/2024\/08\/Serra-4x4-1-886x1024.jpg\" alt=\"\" class=\"wp-image-53632\" width=\"273\" height=\"316\" srcset=\"https:\/\/jornalfatosenoticias.com.br\/wp-content\/uploads\/2024\/08\/Serra-4x4-1-886x1024.jpg 886w, https:\/\/jornalfatosenoticias.com.br\/wp-content\/uploads\/2024\/08\/Serra-4x4-1-260x300.jpg 260w, https:\/\/jornalfatosenoticias.com.br\/wp-content\/uploads\/2024\/08\/Serra-4x4-1-768x888.jpg 768w, https:\/\/jornalfatosenoticias.com.br\/wp-content\/uploads\/2024\/08\/Serra-4x4-1.jpg 1181w\" sizes=\"auto, (max-width: 273px) 100vw, 273px\" \/><\/a><\/figure><\/div>\n\n\n\n<p>A ofensiva norte-americana j\u00e1 provoca rea\u00e7\u00f5es divergentes na Am\u00e9rica Latina. Chile, Col\u00f4mbia e Brasil condenaram o ataque por considerarem que ele viola o direito internacional e agrava o cen\u00e1rio de viol\u00eancia. Por outro lado, a Argentina expressou apoio aos EUA, enquanto Cuba e Venezuela demonstraram solidariedade ao regime iraniano, seu tradicional aliado na regi\u00e3o.<\/p>\n\n\n\n<div class=\"wp-block-image\"><figure class=\"aligncenter size-large is-resized\"><a href=\"https:\/\/panper.com.br\/\"><img loading=\"lazy\" decoding=\"async\" src=\"https:\/\/jornalfatosenoticias.com.br\/wp-content\/uploads\/2023\/03\/logo-Panper_portal.jpg\" alt=\"\" class=\"wp-image-40208\" width=\"329\" height=\"228\" srcset=\"https:\/\/jornalfatosenoticias.com.br\/wp-content\/uploads\/2023\/03\/logo-Panper_portal.jpg 400w, https:\/\/jornalfatosenoticias.com.br\/wp-content\/uploads\/2023\/03\/logo-Panper_portal-300x208.jpg 300w\" sizes=\"auto, (max-width: 329px) 100vw, 329px\" \/><\/a><\/figure><\/div>\n\n\n\n<p>Questionada sobre uma poss\u00edvel resolu\u00e7\u00e3o da OEA sobre o Ir\u00e3, a representante americana evitou antecipar qualquer iniciativa formal, mas afirmou que \u201cos acontecimentos do fim de semana devem ser um tema relevante na assembleia\u201d. Ela refor\u00e7ou que \u201ccada pa\u00eds precisar\u00e1 tomar uma decis\u00e3o sobre apoiar ou n\u00e3o um regime ligado ao terrorismo\u201d.<\/p>\n\n\n\n<div class=\"wp-block-image\"><figure class=\"aligncenter size-large is-resized\"><a href=\"https:\/\/www.instagram.com\/restaurantepegoretti\/\"><img loading=\"lazy\" decoding=\"async\" src=\"https:\/\/jornalfatosenoticias.com.br\/wp-content\/uploads\/2023\/12\/pegoretti-logo-pdf-1024x389.jpg\" alt=\"\" class=\"wp-image-47536\" width=\"535\" height=\"203\" srcset=\"https:\/\/jornalfatosenoticias.com.br\/wp-content\/uploads\/2023\/12\/pegoretti-logo-pdf-1024x389.jpg 1024w, https:\/\/jornalfatosenoticias.com.br\/wp-content\/uploads\/2023\/12\/pegoretti-logo-pdf-300x114.jpg 300w, https:\/\/jornalfatosenoticias.com.br\/wp-content\/uploads\/2023\/12\/pegoretti-logo-pdf-768x291.jpg 768w, https:\/\/jornalfatosenoticias.com.br\/wp-content\/uploads\/2023\/12\/pegoretti-logo-pdf.jpg 1120w\" sizes=\"auto, (max-width: 535px) 100vw, 535px\" \/><\/a><\/figure><\/div>\n\n\n\n<p>A 55.\u00aa Assembleia Geral da OEA, que ocorre de 25 a 27 de junho, ser\u00e1 a primeira sob o comando do novo secret\u00e1rio-geral, o surinam\u00eas Albert Ramdin. Ele sucedeu o uruguaio Luis Almagro e se torna o primeiro caribenho a liderar a organiza\u00e7\u00e3o. Entre os principais temas da pauta est\u00e1 a crise pol\u00edtica e humanit\u00e1ria no Haiti, al\u00e9m das tens\u00f5es crescentes envolvendo o Ir\u00e3 e a presen\u00e7a geopol\u00edtica dos EUA e da China no continente. <strong>(Fonte: Conex\u00e3o Pol\u00edtica)<\/strong><\/p>\n\n\n\n<div class=\"wp-block-image\"><figure class=\"aligncenter size-large is-resized\"><a href=\"https:\/\/www.controlsystems.com.br\/\"><img loading=\"lazy\" decoding=\"async\" src=\"https:\/\/jornalfatosenoticias.com.br\/wp-content\/uploads\/2020\/02\/CONTROL-CS.jpg\" alt=\"\" class=\"wp-image-44991\" width=\"292\" height=\"350\" srcset=\"https:\/\/jornalfatosenoticias.com.br\/wp-content\/uploads\/2020\/02\/CONTROL-CS.jpg 834w, https:\/\/jornalfatosenoticias.com.br\/wp-content\/uploads\/2020\/02\/CONTROL-CS-250x300.jpg 250w, https:\/\/jornalfatosenoticias.com.br\/wp-content\/uploads\/2020\/02\/CONTROL-CS-768x921.jpg 768w\" sizes=\"auto, (max-width: 292px) 100vw, 292px\" \/><\/a><\/figure><\/div>\n\n\n\n<hr class=\"wp-block-separator\"\/>\n\n\n\n<h3 class=\"wp-block-heading\"><span class=\"has-inline-color has-black-color\">Comiss\u00e3o da C\u00e2mara pede que PGR investigue Lula por suposta interfer\u00eancia em apura\u00e7\u00f5es da \u201cFarra do INSS\u201d<\/span><\/h3>\n\n\n\n<div class=\"wp-block-image\"><figure class=\"aligncenter size-large\"><img loading=\"lazy\" decoding=\"async\" width=\"768\" height=\"875\" src=\"https:\/\/jornalfatosenoticias.com.br\/wp-content\/uploads\/2025\/06\/quadrilha-silva-e-o-rombo-no-inss_CNN.jpg\" alt=\"\" class=\"wp-image-60215\" srcset=\"https:\/\/jornalfatosenoticias.com.br\/wp-content\/uploads\/2025\/06\/quadrilha-silva-e-o-rombo-no-inss_CNN.jpg 768w, https:\/\/jornalfatosenoticias.com.br\/wp-content\/uploads\/2025\/06\/quadrilha-silva-e-o-rombo-no-inss_CNN-263x300.jpg 263w\" sizes=\"auto, (max-width: 768px) 100vw, 768px\" \/><figcaption><em><span class=\"has-inline-color has-black-color\">(Foto: CNN Brasil\/Reprodu\u00e7\u00e3o)<\/span><\/em><\/figcaption><\/figure><\/div>\n\n\n\n<p>A Comiss\u00e3o de Seguran\u00e7a P\u00fablica da C\u00e2mara dos Deputados aprovou um requerimento que solicita \u00e0 Procuradoria-Geral da Rep\u00fablica (PGR) a abertura de investiga\u00e7\u00e3o contra Luiz In\u00e1cio Lula da Silva (PT). O pedido, no entanto, s\u00f3 ser\u00e1 formalmente encaminhado caso receba autoriza\u00e7\u00e3o do presidente da Casa, deputado Hugo Motta (Republicanos-PB).<\/p>\n\n\n\n<div class=\"wp-block-image\"><figure class=\"aligncenter size-large is-resized\"><a href=\"https:\/\/hotelmarquetti.com.br\/\"><img loading=\"lazy\" decoding=\"async\" src=\"https:\/\/jornalfatosenoticias.com.br\/wp-content\/uploads\/2020\/02\/LOGO-MQ-1024x680.jpg\" alt=\"\" class=\"wp-image-58299\" width=\"356\" height=\"236\" srcset=\"https:\/\/jornalfatosenoticias.com.br\/wp-content\/uploads\/2020\/02\/LOGO-MQ-1024x680.jpg 1024w, https:\/\/jornalfatosenoticias.com.br\/wp-content\/uploads\/2020\/02\/LOGO-MQ-300x199.jpg 300w, https:\/\/jornalfatosenoticias.com.br\/wp-content\/uploads\/2020\/02\/LOGO-MQ-768x510.jpg 768w, https:\/\/jornalfatosenoticias.com.br\/wp-content\/uploads\/2020\/02\/LOGO-MQ-1536x1020.jpg 1536w, https:\/\/jornalfatosenoticias.com.br\/wp-content\/uploads\/2020\/02\/LOGO-MQ-2048x1360.jpg 2048w\" sizes=\"auto, (max-width: 356px) 100vw, 356px\" \/><\/a><\/figure><\/div>\n\n\n\n<p>Os parlamentares alegam poss\u00edveis \u201cabusos na conduta\u201d do chefe do Executivo por declara\u00e7\u00f5es feitas sobre investiga\u00e7\u00f5es da Pol\u00edcia Federal (PF) e da Controladoria-Geral da Uni\u00e3o (CGU) no caso conhecido como \u201cFarra do INSS\u201d. A acusa\u00e7\u00e3o tem como base uma entrevista concedida por Lula em 3 de junho deste ano. Na ocasi\u00e3o, o petista afirmou ter orientado os \u00f3rg\u00e3os de controle a atuarem com \u201cmuita cautela\u201d para evitar \u201ccrucifica\u00e7\u00f5es\u201d de entidades envolvidas na apura\u00e7\u00e3o.<\/p>\n\n\n\n<div class=\"wp-block-image\"><figure class=\"aligncenter size-large is-resized\"><a href=\"https:\/\/www.instagram.com\/rcradiadores\/\"><img loading=\"lazy\" decoding=\"async\" src=\"https:\/\/jornalfatosenoticias.com.br\/wp-content\/uploads\/2022\/10\/RC_800x750_page-0001.jpg\" alt=\"\" class=\"wp-image-35338\" width=\"329\" height=\"309\" srcset=\"https:\/\/jornalfatosenoticias.com.br\/wp-content\/uploads\/2022\/10\/RC_800x750_page-0001.jpg 400w, https:\/\/jornalfatosenoticias.com.br\/wp-content\/uploads\/2022\/10\/RC_800x750_page-0001-300x281.jpg 300w\" sizes=\"auto, (max-width: 329px) 100vw, 329px\" \/><\/a><\/figure><\/div>\n\n\n\n<p>Segundo o requerimento aprovado, as declara\u00e7\u00f5es do presidente configurariam \u201cposs\u00edvel interfer\u00eancia indevida\u201d em investiga\u00e7\u00f5es em curso, violando princ\u00edpios constitucionais como legalidade, moralidade e impessoalidade administrativa. A \u201cFarra do INSS\u201d foi revelada pelo portal Metr\u00f3poles e \u00e9 investigada na Opera\u00e7\u00e3o Sem Desconto. A apura\u00e7\u00e3o aponta que entidades teriam aplicado descontos indevidos em benef\u00edcios de aposentados e pensionistas, com preju\u00edzo estimado em at\u00e9 R$ 6,3 bilh\u00f5es aos cofres p\u00fablicos.<\/p>\n\n\n\n<div class=\"wp-block-image\"><figure class=\"aligncenter size-large is-resized\"><a href=\"https:\/\/www.ithbrasil.com.br\/\"><img loading=\"lazy\" decoding=\"async\" src=\"https:\/\/jornalfatosenoticias.com.br\/wp-content\/uploads\/2023\/08\/ITH.jpeg\" alt=\"\" class=\"wp-image-44638\" width=\"316\" height=\"257\" srcset=\"https:\/\/jornalfatosenoticias.com.br\/wp-content\/uploads\/2023\/08\/ITH.jpeg 800w, https:\/\/jornalfatosenoticias.com.br\/wp-content\/uploads\/2023\/08\/ITH-300x244.jpeg 300w, https:\/\/jornalfatosenoticias.com.br\/wp-content\/uploads\/2023\/08\/ITH-768x624.jpeg 768w\" sizes=\"auto, (max-width: 316px) 100vw, 316px\" \/><\/a><\/figure><\/div>\n\n\n\n<p>O documento aprovado pela comiss\u00e3o afirma que a conduta de Lula pode configurar \u201cdesvio de finalidade\u201d e \u201ccrime de responsabilidade\u201d, elementos que \u2014 em tese \u2014 poderiam embasar eventual pedido de impeachment. A Presid\u00eancia da Rep\u00fablica ainda n\u00e3o se pronunciou sobre o requerimento. A decis\u00e3o agora depende do comando da C\u00e2mara para ser formalmente enviada \u00e0 PGR. <strong>(Fonte: Hora Bras\u00edlia)<\/strong><\/p>\n\n\n\n<div class=\"wp-block-image\"><figure class=\"aligncenter size-large is-resized\"><a href=\"https:\/\/www.instagram.com\/gruposei\/\"><img loading=\"lazy\" decoding=\"async\" src=\"https:\/\/jornalfatosenoticias.com.br\/wp-content\/uploads\/2022\/07\/Logo-Grupo-SEI.jpg\" alt=\"\" class=\"wp-image-31973\" width=\"355\" height=\"186\" srcset=\"https:\/\/jornalfatosenoticias.com.br\/wp-content\/uploads\/2022\/07\/Logo-Grupo-SEI.jpg 713w, https:\/\/jornalfatosenoticias.com.br\/wp-content\/uploads\/2022\/07\/Logo-Grupo-SEI-300x158.jpg 300w\" sizes=\"auto, (max-width: 355px) 100vw, 355px\" \/><\/a><\/figure><\/div>\n\n\n\n<hr class=\"wp-block-separator\"\/>\n\n\n\n<h3 class=\"wp-block-heading\"><span class=\"has-inline-color has-black-color\">Canad\u00e1 inclui Brasil em alerta de \u2018alto grau\u2019 e pede que todos \u2018tenham muito cuidado\u2019<\/span><\/h3>\n\n\n\n<div class=\"wp-block-image\"><figure class=\"aligncenter size-large\"><img loading=\"lazy\" decoding=\"async\" width=\"612\" height=\"388\" src=\"https:\/\/jornalfatosenoticias.com.br\/wp-content\/uploads\/2025\/06\/CANADA-RJ_gettyimages.jpg\" alt=\"\" class=\"wp-image-60214\" srcset=\"https:\/\/jornalfatosenoticias.com.br\/wp-content\/uploads\/2025\/06\/CANADA-RJ_gettyimages.jpg 612w, https:\/\/jornalfatosenoticias.com.br\/wp-content\/uploads\/2025\/06\/CANADA-RJ_gettyimages-300x190.jpg 300w\" sizes=\"auto, (max-width: 612px) 100vw, 612px\" \/><figcaption><span class=\"has-inline-color has-black-color\"><em>Autoridades canadenses citam riscos como criminalidade elevada e viol\u00eancia urbana associada a gangues e outros grupos criminosos no pa\u00eds (Foto: Getty Images)<\/em><\/span><\/figcaption><\/figure><\/div>\n\n\n\n<p><span class=\"has-inline-color has-black-color\">Por <strong>Raul Holderf Nascimento<\/strong><br><\/span>O governo do Canad\u00e1 atualizou sua recomenda\u00e7\u00e3o de viagem para o Brasil e passou a orientar seus cidad\u00e3os a adotarem um \u201calto grau de cautela\u201d ao visitarem o pa\u00eds. O alerta foi publicado na plataforma oficial de avisos internacionais do Departamento de Assuntos Globais canadense, que monitora os riscos de seguran\u00e7a ao redor do mundo e fornece orienta\u00e7\u00f5es a viajantes com base em informa\u00e7\u00f5es diplom\u00e1ticas, consulares e de intelig\u00eancia.<\/p>\n\n\n\n<div class=\"wp-block-image\"><figure class=\"aligncenter size-large is-resized\"><a href=\"https:\/\/www.facebook.com\/postobkr\/?locale=pt_BR\"><img loading=\"lazy\" decoding=\"async\" src=\"https:\/\/jornalfatosenoticias.com.br\/wp-content\/uploads\/2023\/08\/BKR-1024x1021.jpg\" alt=\"\" class=\"wp-image-44494\" width=\"309\" height=\"308\" srcset=\"https:\/\/jornalfatosenoticias.com.br\/wp-content\/uploads\/2023\/08\/BKR-1024x1021.jpg 1024w, https:\/\/jornalfatosenoticias.com.br\/wp-content\/uploads\/2023\/08\/BKR-300x300.jpg 300w, https:\/\/jornalfatosenoticias.com.br\/wp-content\/uploads\/2023\/08\/BKR-150x150.jpg 150w, https:\/\/jornalfatosenoticias.com.br\/wp-content\/uploads\/2023\/08\/BKR-768x766.jpg 768w, https:\/\/jornalfatosenoticias.com.br\/wp-content\/uploads\/2023\/08\/BKR.jpg 1080w\" sizes=\"auto, (max-width: 309px) 100vw, 309px\" \/><\/a><\/figure><\/div>\n\n\n\n<p>Segundo o informe, o motivo da eleva\u00e7\u00e3o do status se deve aos \u201caltos \u00edndices de criminalidade e incidentes frequentes de gangues e outros tipos de viol\u00eancia em \u00e1reas urbanas\u201d. A recomenda\u00e7\u00e3o aparece em realce, acompanhada de um \u00edcone de alerta amarelo, e inclui a seguinte orienta\u00e7\u00e3o: \u201ctenha muito cuidado no Brasil devido aos altos \u00edndices de criminalidade e incidentes frequentes de gangues e outros tipos de viol\u00eancia em \u00e1reas urbanas\u201d.<\/p>\n\n\n\n<div class=\"wp-block-image\"><figure class=\"aligncenter size-large\"><a href=\"http:\/\/www.ferrarimaquinas.com.br\/\"><img loading=\"lazy\" decoding=\"async\" width=\"300\" height=\"250\" src=\"https:\/\/jornalfatosenoticias.com.br\/wp-content\/uploads\/2022\/02\/FERRARI_MAQUINAS-E-FERRAMENTAS2.jpg\" alt=\"\" class=\"wp-image-27860\"\/><\/a><\/figure><\/div>\n\n\n\n<p>O n\u00edvel de alerta adotado pelo Canad\u00e1 n\u00e3o equivale a uma proibi\u00e7\u00e3o de viagens, mas representa um grau intermedi\u00e1rio de aten\u00e7\u00e3o na escala canadense, que possui quatro categorias: \u201ctome as precau\u00e7\u00f5es normais\u201d, \u201ctenha um alto grau de cautela\u201d, \u201cevite viagens n\u00e3o essenciais\u201d e \u201cevite todas as viagens\u201d. A classifica\u00e7\u00e3o atual posiciona o Brasil no segundo n\u00edvel, o que significa que o governo considera haver riscos relevantes \u00e0 seguran\u00e7a dos viajantes, exigindo medidas adicionais de precau\u00e7\u00e3o.<\/p>\n\n\n\n<div class=\"wp-block-image\"><figure class=\"aligncenter size-large is-resized\"><a href=\"https:\/\/www.legisjuris.com.br\/\"><img loading=\"lazy\" decoding=\"async\" src=\"https:\/\/jornalfatosenoticias.com.br\/wp-content\/uploads\/2024\/09\/Legis-Juris-Consultoria_logo.jpg\" alt=\"\" class=\"wp-image-53915\" width=\"535\" height=\"224\" srcset=\"https:\/\/jornalfatosenoticias.com.br\/wp-content\/uploads\/2024\/09\/Legis-Juris-Consultoria_logo.jpg 969w, https:\/\/jornalfatosenoticias.com.br\/wp-content\/uploads\/2024\/09\/Legis-Juris-Consultoria_logo-300x126.jpg 300w, https:\/\/jornalfatosenoticias.com.br\/wp-content\/uploads\/2024\/09\/Legis-Juris-Consultoria_logo-768x322.jpg 768w\" sizes=\"auto, (max-width: 535px) 100vw, 535px\" \/><\/a><\/figure><\/div>\n\n\n\n<p>O alerta n\u00e3o menciona localidades espec\u00edficas, mas se baseia em ocorr\u00eancias recorrentes de viol\u00eancia, como assaltos, furtos, sequestros-rel\u00e2mpago, confrontos armados e a atua\u00e7\u00e3o de organiza\u00e7\u00f5es criminosas em centros urbanos. Cidades como Rio de Janeiro, S\u00e3o Paulo, Recife e Salvador costumam ser as mais citadas em relat\u00f3rios estrangeiros de seguran\u00e7a, embora o aviso canadense tenha car\u00e1ter nacional.<\/p>\n\n\n\n<div class=\"wp-block-image\"><figure class=\"aligncenter size-large\"><a href=\"https:\/\/www.cesconetto.com.br\/\"><img loading=\"lazy\" decoding=\"async\" width=\"300\" height=\"250\" src=\"https:\/\/jornalfatosenoticias.com.br\/wp-content\/uploads\/2020\/02\/Banner-2.png\" alt=\"\" class=\"wp-image-43787\"\/><\/a><\/figure><\/div>\n\n\n\n<p>Medidas desse tipo s\u00e3o comumente adotadas por pa\u00edses que mant\u00eam miss\u00f5es diplom\u00e1ticas no Brasil e aplicadas para informar seus cidad\u00e3os sobre riscos potenciais durante viagens internacionais. Nos \u00faltimos anos, Estados Unidos, Reino Unido, Fran\u00e7a e Alemanha tamb\u00e9m emitiram recomenda\u00e7\u00f5es semelhantes em rela\u00e7\u00e3o ao Brasil. <strong>(Fonte: Conex\u00e3o Pol\u00edtica)<\/strong><\/p>\n\n\n\n<div class=\"wp-block-image\"><figure class=\"aligncenter size-large\"><a href=\"https:\/\/www.controlsystems.com.br\/\"><img loading=\"lazy\" decoding=\"async\" width=\"1024\" height=\"109\" src=\"https:\/\/jornalfatosenoticias.com.br\/wp-content\/uploads\/2020\/02\/CONTROL-CS2-1024x109.jpg\" alt=\"\" class=\"wp-image-44989\" srcset=\"https:\/\/jornalfatosenoticias.com.br\/wp-content\/uploads\/2020\/02\/CONTROL-CS2-1024x109.jpg 1024w, https:\/\/jornalfatosenoticias.com.br\/wp-content\/uploads\/2020\/02\/CONTROL-CS2-300x32.jpg 300w, https:\/\/jornalfatosenoticias.com.br\/wp-content\/uploads\/2020\/02\/CONTROL-CS2-768x82.jpg 768w, https:\/\/jornalfatosenoticias.com.br\/wp-content\/uploads\/2020\/02\/CONTROL-CS2.jpg 1120w\" sizes=\"auto, (max-width: 1024px) 100vw, 1024px\" \/><\/a><\/figure><\/div>\n\n\n\n<hr class=\"wp-block-separator\"\/>\n\n\n\n<h3 class=\"wp-block-heading\"><span class=\"has-inline-color has-black-color\">Minist\u00e9rio da Sa\u00fade, sob Padilha, \u00e9 alvo de den\u00fancia no TCU por contratos em d\u00f3lar que podem gerar preju\u00edzo de R$ 50 milh\u00f5es<\/span><\/h3>\n\n\n\n<div class=\"wp-block-image\"><figure class=\"aligncenter size-large\"><img loading=\"lazy\" decoding=\"async\" width=\"612\" height=\"409\" src=\"https:\/\/jornalfatosenoticias.com.br\/wp-content\/uploads\/2025\/06\/padilha-escandalo-ministerio-da-saude_gettyimages.jpg\" alt=\"\" class=\"wp-image-60213\" srcset=\"https:\/\/jornalfatosenoticias.com.br\/wp-content\/uploads\/2025\/06\/padilha-escandalo-ministerio-da-saude_gettyimages.jpg 612w, https:\/\/jornalfatosenoticias.com.br\/wp-content\/uploads\/2025\/06\/padilha-escandalo-ministerio-da-saude_gettyimages-300x200.jpg 300w\" sizes=\"auto, (max-width: 612px) 100vw, 612px\" \/><figcaption><em><span class=\"has-inline-color has-black-color\">Luiz Inacio Lula da Silva (PT) e o ministro da Sa\u00fade, Alexandre Padilha (PT) (Foto: Getty Images)<\/span><\/em><\/figcaption><\/figure><\/div>\n\n\n\n<p>A gest\u00e3o do ministro da Sa\u00fade, Alexandre Padilha (PT), est\u00e1 na mira do Tribunal de Contas da Uni\u00e3o (TCU) por suspeitas de irregularidade em dois contratos milion\u00e1rios para a compra de insulina humana. Segundo den\u00fancia enviada ao \u00f3rg\u00e3o de controle, o minist\u00e9rio teria burlado o edital da licita\u00e7\u00e3o ao fechar os contratos em d\u00f3lar com a empresa GlobalX Technology Limited, sediada em Hong Kong \u2014 medida que pode gerar um sobrepre\u00e7o de at\u00e9 R$ 50 milh\u00f5es aos cofres p\u00fablicos.<\/p>\n\n\n\n<div class=\"wp-block-image\"><figure class=\"aligncenter size-large is-resized\"><a href=\"https:\/\/www.instagram.com\/esteio.churrascaria\/\"><img loading=\"lazy\" decoding=\"async\" src=\"https:\/\/jornalfatosenoticias.com.br\/wp-content\/uploads\/2022\/02\/LOGO-ESTEIO-1024x730.png\" alt=\"\" class=\"wp-image-27942\" width=\"324\" height=\"231\" srcset=\"https:\/\/jornalfatosenoticias.com.br\/wp-content\/uploads\/2022\/02\/LOGO-ESTEIO-1024x730.png 1024w, https:\/\/jornalfatosenoticias.com.br\/wp-content\/uploads\/2022\/02\/LOGO-ESTEIO-300x214.png 300w, https:\/\/jornalfatosenoticias.com.br\/wp-content\/uploads\/2022\/02\/LOGO-ESTEIO-768x548.png 768w, https:\/\/jornalfatosenoticias.com.br\/wp-content\/uploads\/2022\/02\/LOGO-ESTEIO.png 1123w\" sizes=\"auto, (max-width: 324px) 100vw, 324px\" \/><\/a><\/figure><\/div>\n\n\n\n<p>O caso envolve o preg\u00e3o eletr\u00f4nico n.\u00ba 90104\/24, que previa expressamente que os contratos deveriam ser firmados em reais. Apesar disso, o Minist\u00e9rio da Sa\u00fade fechou dois contratos no valor de US$ 52,2 milh\u00f5es cada, totalizando cerca de R$ 600 milh\u00f5es ao c\u00e2mbio utilizado (R$ 5,46 por d\u00f3lar). A convers\u00e3o eleva significativamente os custos frente \u00e0 proposta original.<\/p>\n\n\n\n<div class=\"wp-block-image\"><figure class=\"aligncenter size-large is-resized\"><a href=\"https:\/\/www.facebook.com\/vetor.vix\/\"><img loading=\"lazy\" decoding=\"async\" src=\"https:\/\/jornalfatosenoticias.com.br\/wp-content\/uploads\/2023\/09\/vetorvix1024_1.jpg\" alt=\"\" class=\"wp-image-44868\" width=\"546\" height=\"145\" srcset=\"https:\/\/jornalfatosenoticias.com.br\/wp-content\/uploads\/2023\/09\/vetorvix1024_1.jpg 1024w, https:\/\/jornalfatosenoticias.com.br\/wp-content\/uploads\/2023\/09\/vetorvix1024_1-300x80.jpg 300w, https:\/\/jornalfatosenoticias.com.br\/wp-content\/uploads\/2023\/09\/vetorvix1024_1-768x205.jpg 768w\" sizes=\"auto, (max-width: 546px) 100vw, 546px\" \/><\/a><\/figure><\/div>\n\n\n\n<p>A den\u00fancia sustenta que a contrata\u00e7\u00e3o em moeda estrangeira viola o princ\u00edpio da vincula\u00e7\u00e3o ao instrumento convocat\u00f3rio e dribla exig\u00eancias legais. O pr\u00f3prio pregoeiro da licita\u00e7\u00e3o, em consulta p\u00fablica no sistema ComprasGov, confirmou que os valores deveriam ser apresentados e pagos exclusivamente em reais. A empresa vencedora, GlobalX, tem sede em Hong Kong e, segundo informa\u00e7\u00f5es preliminares, n\u00e3o possui hist\u00f3rico de fornecimento direto ao Sistema \u00danico de Sa\u00fade (SUS), o que tamb\u00e9m levantou alertas entre auditores.<\/p>\n\n\n\n<div class=\"wp-block-image\"><figure class=\"aligncenter size-large is-resized\"><a href=\"https:\/\/www.instagram.com\/serra4x4cambioautomatico\/\"><img loading=\"lazy\" decoding=\"async\" src=\"https:\/\/jornalfatosenoticias.com.br\/wp-content\/uploads\/2024\/08\/Serra-4x4-1-886x1024.jpg\" alt=\"\" class=\"wp-image-53632\" width=\"265\" height=\"306\" srcset=\"https:\/\/jornalfatosenoticias.com.br\/wp-content\/uploads\/2024\/08\/Serra-4x4-1-886x1024.jpg 886w, https:\/\/jornalfatosenoticias.com.br\/wp-content\/uploads\/2024\/08\/Serra-4x4-1-260x300.jpg 260w, https:\/\/jornalfatosenoticias.com.br\/wp-content\/uploads\/2024\/08\/Serra-4x4-1-768x888.jpg 768w, https:\/\/jornalfatosenoticias.com.br\/wp-content\/uploads\/2024\/08\/Serra-4x4-1.jpg 1181w\" sizes=\"auto, (max-width: 265px) 100vw, 265px\" \/><\/a><\/figure><\/div>\n\n\n\n<p>O relator da den\u00fancia no TCU \u00e9 o ministro Aroldo Cedraz, que j\u00e1 determinou an\u00e1lise preliminar do caso. A depender do parecer t\u00e9cnico, o tribunal poder\u00e1 determinar a suspens\u00e3o dos contratos e abertura de processo para apurar eventual dano ao er\u00e1rio. A pol\u00eamica se soma ao desgaste recente de Padilha, acusado por opositores de comandar um novo \u201cor\u00e7amento secreto\u201d dentro da pasta, com libera\u00e7\u00e3o de verbas privilegiando redutos eleitorais de aliados pol\u00edticos. <strong>(Fonte: Hora Bras\u00edlia)<\/strong><\/p>\n\n\n\n<div class=\"wp-block-image\"><figure class=\"aligncenter size-large is-resized\"><a href=\"https:\/\/panper.com.br\/\"><img loading=\"lazy\" decoding=\"async\" src=\"https:\/\/jornalfatosenoticias.com.br\/wp-content\/uploads\/2023\/03\/logo-Panper_portal.jpg\" alt=\"\" class=\"wp-image-40208\" width=\"349\" height=\"242\" srcset=\"https:\/\/jornalfatosenoticias.com.br\/wp-content\/uploads\/2023\/03\/logo-Panper_portal.jpg 400w, https:\/\/jornalfatosenoticias.com.br\/wp-content\/uploads\/2023\/03\/logo-Panper_portal-300x208.jpg 300w\" sizes=\"auto, (max-width: 349px) 100vw, 349px\" \/><\/a><\/figure><\/div>\n\n\n\n<hr class=\"wp-block-separator\"\/>\n\n\n\n<h3 class=\"wp-block-heading\"><span class=\"has-inline-color has-black-color\">Tiktoker venezuelano \u00e9 morto ap\u00f3s denunciar v\u00ednculo da pol\u00edcia com o Tren de Aragua<\/span><\/h3>\n\n\n\n<div class=\"wp-block-image\"><figure class=\"aligncenter size-large\"><img loading=\"lazy\" decoding=\"async\" width=\"878\" height=\"526\" src=\"https:\/\/jornalfatosenoticias.com.br\/wp-content\/uploads\/2025\/06\/influencer-venezuelano.png\" alt=\"\" class=\"wp-image-60212\" srcset=\"https:\/\/jornalfatosenoticias.com.br\/wp-content\/uploads\/2025\/06\/influencer-venezuelano.png 878w, https:\/\/jornalfatosenoticias.com.br\/wp-content\/uploads\/2025\/06\/influencer-venezuelano-300x180.png 300w, https:\/\/jornalfatosenoticias.com.br\/wp-content\/uploads\/2025\/06\/influencer-venezuelano-768x460.png 768w\" sizes=\"auto, (max-width: 878px) 100vw, 878px\" \/><figcaption><em><span class=\"has-inline-color has-black-color\">(Foto: Reprodu\u00e7\u00e3o internet)<\/span><\/em><\/figcaption><\/figure><\/div>\n\n\n\n<p><span class=\"has-inline-color has-black-color\">Por<strong> Isabella de Paula<\/strong><br><\/span>Gabriel Jes\u00fas Sarmiento, um influenciador digital venezuelano de 25 anos, foi assassinado durante uma transmiss\u00e3o na rede social TikTok, na madrugada de segunda-feira (23). Relatos da imprensa local apontam que pelo menos dois homens armados invadiram a resid\u00eancia do jovem, localizada na cidade de El Pi\u00f1onal, no centro da Venezuela, e iniciaram os disparos enquanto o p\u00fablico do influenciador acompanhava uma programa\u00e7\u00e3o ao vivo em seu canal.<\/p>\n\n\n\n<div class=\"wp-block-image\"><figure class=\"aligncenter size-large is-resized\"><a href=\"https:\/\/www.facebook.com\/profile.php?id=100069289606145\"><img loading=\"lazy\" decoding=\"async\" src=\"https:\/\/jornalfatosenoticias.com.br\/wp-content\/uploads\/2024\/11\/Guaitolini-Contabilidade-1024x714.jpeg\" alt=\"\" class=\"wp-image-55808\" width=\"338\" height=\"236\" srcset=\"https:\/\/jornalfatosenoticias.com.br\/wp-content\/uploads\/2024\/11\/Guaitolini-Contabilidade-1024x714.jpeg 1024w, https:\/\/jornalfatosenoticias.com.br\/wp-content\/uploads\/2024\/11\/Guaitolini-Contabilidade-300x209.jpeg 300w, https:\/\/jornalfatosenoticias.com.br\/wp-content\/uploads\/2024\/11\/Guaitolini-Contabilidade-768x535.jpeg 768w, https:\/\/jornalfatosenoticias.com.br\/wp-content\/uploads\/2024\/11\/Guaitolini-Contabilidade.jpeg 1280w\" sizes=\"auto, (max-width: 338px) 100vw, 338px\" \/><\/a><\/figure><\/div>\n\n\n\n<p>O crime aconteceu logo ap\u00f3s Sarmiento realizar uma s\u00e9rie de den\u00fancias p\u00fablicas contra membros das gangues criminosas Tren de Aragua e El Tren del Llano, citando um suposto v\u00ednculo dos criminosos com a pol\u00edcia venezuelana. O influenciador comunicou aos seguidores que estava recebendo amea\u00e7as constantes do Tren de Aragua, citando o l\u00edder da organiza\u00e7\u00e3o criminosa &#8220;Ni\u00f1o Guerrero&#8221;, e pediu prote\u00e7\u00e3o das autoridades. No v\u00eddeo, a m\u00e3e dele surge gritando e o influenciador envia um pedido de socorro aos servi\u00e7os de intelig\u00eancia da Venezuela (Sebin), com seu endere\u00e7o exato, mas acaba sendo surpreendido com criminosos invadindo sua casa, sem receber qualquer aux\u00edlio. <strong>(Fonte: Gazeta do Povo)<\/strong><\/p>\n\n\n\n<div class=\"wp-block-image\"><figure class=\"aligncenter size-large is-resized\"><a href=\"https:\/\/www.instagram.com\/restaurantepegoretti\/\"><img loading=\"lazy\" decoding=\"async\" src=\"https:\/\/jornalfatosenoticias.com.br\/wp-content\/uploads\/2023\/12\/pegoretti-logo-pdf-1024x389.jpg\" alt=\"\" class=\"wp-image-47536\" width=\"559\" height=\"212\" srcset=\"https:\/\/jornalfatosenoticias.com.br\/wp-content\/uploads\/2023\/12\/pegoretti-logo-pdf-1024x389.jpg 1024w, https:\/\/jornalfatosenoticias.com.br\/wp-content\/uploads\/2023\/12\/pegoretti-logo-pdf-300x114.jpg 300w, https:\/\/jornalfatosenoticias.com.br\/wp-content\/uploads\/2023\/12\/pegoretti-logo-pdf-768x291.jpg 768w, https:\/\/jornalfatosenoticias.com.br\/wp-content\/uploads\/2023\/12\/pegoretti-logo-pdf.jpg 1120w\" sizes=\"auto, (max-width: 559px) 100vw, 559px\" \/><\/a><\/figure><\/div>\n\n\n\n<hr class=\"wp-block-separator\"\/>\n\n\n\n<h3 class=\"wp-block-heading\"><span class=\"has-inline-color has-black-color\">Deputado quer CPI para investigar se navios iranianos levaram ur\u00e2nio do Brasil<\/span><\/h3>\n\n\n\n<div class=\"wp-block-image\"><figure class=\"aligncenter size-large\"><img loading=\"lazy\" decoding=\"async\" width=\"1000\" height=\"616\" src=\"https:\/\/jornalfatosenoticias.com.br\/wp-content\/uploads\/2025\/06\/Adilson-Barroso-uranio-ira-brasil.jpg\" alt=\"\" class=\"wp-image-60211\" srcset=\"https:\/\/jornalfatosenoticias.com.br\/wp-content\/uploads\/2025\/06\/Adilson-Barroso-uranio-ira-brasil.jpg 1000w, https:\/\/jornalfatosenoticias.com.br\/wp-content\/uploads\/2025\/06\/Adilson-Barroso-uranio-ira-brasil-300x185.jpg 300w, https:\/\/jornalfatosenoticias.com.br\/wp-content\/uploads\/2025\/06\/Adilson-Barroso-uranio-ira-brasil-768x473.jpg 768w\" sizes=\"auto, (max-width: 1000px) 100vw, 1000px\" \/><figcaption><em><span class=\"has-inline-color has-black-color\">Deputado federal Adilson Barroso (PL-SP) (Foto: Kayo Magalh\u00e3es\/C\u00e2mara dos Deputados)<\/span><\/em><\/figcaption><\/figure><\/div>\n\n\n\n<p><span class=\"has-inline-color has-black-color\">Por <strong>Vin\u00edcius Sales e Aline Rechmann<\/strong><br><\/span>O deputado federal Adilson Barroso (PL-SP) protocolou, na segunda-feira (23), um requerimento que busca criar uma Comiss\u00e3o Parlamentar de Inqu\u00e9rito (CPI) para investigar se navios iranianos obtiveram ur\u00e2nio brasileiro durante sua passagem pelo pa\u00eds em 2023. Para ser instaurada, a proposta precisa contar com 171 assinaturas.<\/p>\n\n\n\n<div class=\"wp-block-image\"><figure class=\"aligncenter size-large is-resized\"><a href=\"https:\/\/hotelmarquetti.com.br\/\"><img loading=\"lazy\" decoding=\"async\" src=\"https:\/\/jornalfatosenoticias.com.br\/wp-content\/uploads\/2020\/02\/LOGO-MQ-1024x680.jpg\" alt=\"\" class=\"wp-image-58299\" width=\"309\" height=\"205\" srcset=\"https:\/\/jornalfatosenoticias.com.br\/wp-content\/uploads\/2020\/02\/LOGO-MQ-1024x680.jpg 1024w, https:\/\/jornalfatosenoticias.com.br\/wp-content\/uploads\/2020\/02\/LOGO-MQ-300x199.jpg 300w, https:\/\/jornalfatosenoticias.com.br\/wp-content\/uploads\/2020\/02\/LOGO-MQ-768x510.jpg 768w, https:\/\/jornalfatosenoticias.com.br\/wp-content\/uploads\/2020\/02\/LOGO-MQ-1536x1020.jpg 1536w, https:\/\/jornalfatosenoticias.com.br\/wp-content\/uploads\/2020\/02\/LOGO-MQ-2048x1360.jpg 2048w\" sizes=\"auto, (max-width: 309px) 100vw, 309px\" \/><\/a><\/figure><\/div>\n\n\n\n<p>O pedido segue na esteira da guerra entre Ir\u00e3 e Israel. No \u00faltimo dia 12 de junho, o pa\u00eds comandado por Benjamin Netanyahu realizou ataques a instala\u00e7\u00f5es nucleares iranianas sob o argumento de que o pa\u00eds vizinho tinha ur\u00e2nio enriquecido suficiente para construir v\u00e1rias bombas nucleares em poucos dias.<\/p>\n\n\n\n<div class=\"wp-block-image\"><figure class=\"aligncenter size-large is-resized\"><a href=\"https:\/\/www.instagram.com\/rcradiadores\/\"><img loading=\"lazy\" decoding=\"async\" src=\"https:\/\/jornalfatosenoticias.com.br\/wp-content\/uploads\/2022\/10\/RC_800x750_page-0001.jpg\" alt=\"\" class=\"wp-image-35338\" width=\"313\" height=\"293\" srcset=\"https:\/\/jornalfatosenoticias.com.br\/wp-content\/uploads\/2022\/10\/RC_800x750_page-0001.jpg 400w, https:\/\/jornalfatosenoticias.com.br\/wp-content\/uploads\/2022\/10\/RC_800x750_page-0001-300x281.jpg 300w\" sizes=\"auto, (max-width: 313px) 100vw, 313px\" \/><\/a><\/figure><\/div>\n\n\n\n<p>O pedido de CPI assinado por Barroso rememora o epis\u00f3dio em que dois navios militares iranianos atracaram no Brasil entre os dias 26 de fevereiro e 4 de mar\u00e7o de 2023, no Rio de Janeiro. Na \u00e9poca, o governo de Luiz In\u00e1cio Lula da Silva (PT) foi criticado pela medida. N\u00e3o constam no pedido ind\u00edcios concretos de que uma transfer\u00eancia de ur\u00e2nio do Brasil para o Ir\u00e3 tenha ocorrido. O requerimento se baseia na visita dos navios e na inten\u00e7\u00e3o de n\u00e3o deixar d\u00favidas sobre o assunto. Isso porque informa\u00e7\u00f5es n\u00e3o confirmadas sobre a alegada transfer\u00eancia circularam por redes sociais recentemente. O governo brasileiro nega ter entregue ur\u00e2nio brasileiro ao Ir\u00e3.<\/p>\n\n\n\n<div class=\"wp-block-image\"><figure class=\"aligncenter size-large is-resized\"><a href=\"https:\/\/www.instagram.com\/gruposei\/\"><img loading=\"lazy\" decoding=\"async\" src=\"https:\/\/jornalfatosenoticias.com.br\/wp-content\/uploads\/2022\/07\/Logo-Grupo-SEI.jpg\" alt=\"\" class=\"wp-image-31973\" width=\"388\" height=\"204\" srcset=\"https:\/\/jornalfatosenoticias.com.br\/wp-content\/uploads\/2022\/07\/Logo-Grupo-SEI.jpg 713w, https:\/\/jornalfatosenoticias.com.br\/wp-content\/uploads\/2022\/07\/Logo-Grupo-SEI-300x158.jpg 300w\" sizes=\"auto, (max-width: 388px) 100vw, 388px\" \/><\/a><\/figure><\/div>\n\n\n\n<p>\u201cA combina\u00e7\u00e3o da presen\u00e7a destes navios altamente militarizados, a precariedade de controle na autoriza\u00e7\u00e3o e o hist\u00f3rico de abastecimento e retirada de cargas estrat\u00e9gicas pelos mesmos agentes levantam a suspeita fundamentada de que poderiam estar envolvidos no transporte de material nuclear (como ur\u00e2nio) em rotas informais ou clandestinas\u201d, disse o parlamentar ao justificar o pedido de CPI.<\/p>\n\n\n\n<div class=\"wp-block-image\"><figure class=\"aligncenter size-large is-resized\"><a href=\"https:\/\/www.ithbrasil.com.br\/\"><img loading=\"lazy\" decoding=\"async\" src=\"https:\/\/jornalfatosenoticias.com.br\/wp-content\/uploads\/2023\/08\/ITH.jpeg\" alt=\"\" class=\"wp-image-44638\" width=\"311\" height=\"253\" srcset=\"https:\/\/jornalfatosenoticias.com.br\/wp-content\/uploads\/2023\/08\/ITH.jpeg 800w, https:\/\/jornalfatosenoticias.com.br\/wp-content\/uploads\/2023\/08\/ITH-300x244.jpeg 300w, https:\/\/jornalfatosenoticias.com.br\/wp-content\/uploads\/2023\/08\/ITH-768x624.jpeg 768w\" sizes=\"auto, (max-width: 311px) 100vw, 311px\" \/><\/a><\/figure><\/div>\n\n\n\n<p>At\u00e9 a publica\u00e7\u00e3o dessa reportagem, a assessoria do deputado n\u00e3o havia informado quantas assinaturas havia obtido para o pedido de abertura da CPI. Mesmo que tenha as assinaturas necess\u00e1rias, a comiss\u00e3o pode enfrentar dificuldades de ser pautada porque a C\u00e2mara j\u00e1 tem mais pedidos de CPI do que consegue realizar. O n\u00famero m\u00e1ximo \u00e9 de cinco simult\u00e2neas. <strong>(Fonte: Gazeta do Povo)<\/strong><\/p>\n\n\n\n<div class=\"wp-block-image\"><figure class=\"aligncenter size-large\"><a href=\"https:\/\/mizu.com.br\/\"><img loading=\"lazy\" decoding=\"async\" width=\"729\" height=\"90\" src=\"https:\/\/jornalfatosenoticias.com.br\/wp-content\/uploads\/2020\/02\/Logo_Mizu.png\" alt=\"\" class=\"wp-image-1441\" srcset=\"https:\/\/jornalfatosenoticias.com.br\/wp-content\/uploads\/2020\/02\/Logo_Mizu.png 729w, https:\/\/jornalfatosenoticias.com.br\/wp-content\/uploads\/2020\/02\/Logo_Mizu-300x37.png 300w\" sizes=\"auto, (max-width: 729px) 100vw, 729px\" \/><\/a><\/figure><\/div>\n\n\n\n<hr class=\"wp-block-separator\"\/>\n","protected":false},"excerpt":{"rendered":"<p>Em meio a cr\u00edticas por excesso de deslocamentos oficiais, o Portal da Transpar\u00eancia atualizou os dados sobre os gastos com viagens do governo federal em 2025. At\u00e9 13 de junho, o montante j\u00e1 atinge R$ 604,7 milh\u00f5es \u2014 valor que n\u00e3o contempla os custos com aeronaves da For\u00e7a A\u00e9rea Brasileira (FAB), utilizadas por Luiz In\u00e1cio [&hellip;]<\/p>\n","protected":false},"author":3,"featured_media":60217,"comment_status":"open","ping_status":"open","sticky":false,"template":"","format":"standard","meta":{"footnotes":""},"categories":[10],"tags":[23965,22480,2668,25417,2147,27461,26809,27467,18343,27465,5107,26808,27466,162,27468,27460,22274,27464,27462,8605,27463],"class_list":["post-60210","post","type-post","status-publish","format-standard","has-post-thumbnail","hentry","category-politica","tag-alexandre-padilha","tag-benjamin-netanyahu","tag-canada","tag-criminalidade-no-brasil","tag-donald-trump","tag-fraude-bilionario-no-inss","tag-frei-chico","tag-gastos-governo-lula","tag-governo-lula","tag-influenciador-digital-venezuelano","tag-ira","tag-irmao-de-lula","tag-irregularidade-ministerio-da-saude","tag-israel","tag-jatinhos-da-fab","tag-navios-iranianos","tag-oea","tag-tren-de-aragua","tag-uranio-do-brasil","tag-venezuela","tag-viagens-no-governo-lula"],"yoast_head":"<!-- This site is optimized with the Yoast SEO plugin v26.5 - https:\/\/yoast.com\/wordpress\/plugins\/seo\/ -->\n<title>A Semana no Brasil e no Mundo \u2014 Gastos com viagens no governo Lula chegam a R$ 604,7 milh\u00f5es em 2025; valor n\u00e3o inclui uso de jatinhos da FAB - Jornal Fatos e Not\u00edcias<\/title>\n<meta name=\"robots\" content=\"index, follow, max-snippet:-1, max-image-preview:large, max-video-preview:-1\" \/>\n<link rel=\"canonical\" href=\"https:\/\/jornalfatosenoticias.com.br\/index.php\/2025\/06\/26\/a-semana-no-brasil-e-no-mundo-gastos-com-viagens-no-governo-lula-chegam-a-r-6047-milhoes-em-2025-valor-nao-inclui-uso-de-jatinhos-da-fab\/\" \/>\n<meta property=\"og:locale\" content=\"pt_BR\" \/>\n<meta property=\"og:type\" content=\"article\" \/>\n<meta property=\"og:title\" content=\"A Semana no Brasil e no Mundo \u2014 Gastos com viagens no governo Lula chegam a R$ 604,7 milh\u00f5es em 2025; valor n\u00e3o inclui uso de jatinhos da FAB - Jornal Fatos e Not\u00edcias\" \/>\n<meta property=\"og:description\" content=\"Em meio a cr\u00edticas por excesso de deslocamentos oficiais, o Portal da Transpar\u00eancia atualizou os dados sobre os gastos com viagens do governo federal em 2025. At\u00e9 13 de junho, o montante j\u00e1 atinge R$ 604,7 milh\u00f5es \u2014 valor que n\u00e3o contempla os custos com aeronaves da For\u00e7a A\u00e9rea Brasileira (FAB), utilizadas por Luiz In\u00e1cio [&hellip;]\" \/>\n<meta property=\"og:url\" content=\"https:\/\/jornalfatosenoticias.com.br\/index.php\/2025\/06\/26\/a-semana-no-brasil-e-no-mundo-gastos-com-viagens-no-governo-lula-chegam-a-r-6047-milhoes-em-2025-valor-nao-inclui-uso-de-jatinhos-da-fab\/\" \/>\n<meta property=\"og:site_name\" content=\"Jornal Fatos e Not\u00edcias\" \/>\n<meta property=\"article:published_time\" content=\"2025-06-26T18:08:59+00:00\" \/>\n<meta property=\"article:modified_time\" content=\"2025-06-26T18:09:00+00:00\" \/>\n<meta property=\"og:image\" content=\"https:\/\/jornalfatosenoticias.com.br\/wp-content\/uploads\/2025\/06\/VIAGENS-DO-MOLUSCO_gettyimages.jpg\" \/>\n\t<meta property=\"og:image:width\" content=\"612\" \/>\n\t<meta property=\"og:image:height\" content=\"408\" \/>\n\t<meta property=\"og:image:type\" content=\"image\/jpeg\" \/>\n<meta name=\"author\" content=\"Haroldo Filho\" \/>\n<meta name=\"twitter:card\" content=\"summary_large_image\" \/>\n<meta name=\"twitter:label1\" content=\"Escrito por\" \/>\n\t<meta name=\"twitter:data1\" content=\"Haroldo Filho\" \/>\n\t<meta name=\"twitter:label2\" content=\"Est. tempo de leitura\" \/>\n\t<meta name=\"twitter:data2\" content=\"11 minutos\" \/>\n<script type=\"application\/ld+json\" class=\"yoast-schema-graph\">{\"@context\":\"https:\/\/schema.org\",\"@graph\":[{\"@type\":\"Article\",\"@id\":\"https:\/\/jornalfatosenoticias.com.br\/index.php\/2025\/06\/26\/a-semana-no-brasil-e-no-mundo-gastos-com-viagens-no-governo-lula-chegam-a-r-6047-milhoes-em-2025-valor-nao-inclui-uso-de-jatinhos-da-fab\/#article\",\"isPartOf\":{\"@id\":\"https:\/\/jornalfatosenoticias.com.br\/index.php\/2025\/06\/26\/a-semana-no-brasil-e-no-mundo-gastos-com-viagens-no-governo-lula-chegam-a-r-6047-milhoes-em-2025-valor-nao-inclui-uso-de-jatinhos-da-fab\/\"},\"author\":{\"name\":\"Haroldo Filho\",\"@id\":\"https:\/\/jornalfatosenoticias.com.br\/#\/schema\/person\/05c46cc25b42a5c27e004fb0fa6b4965\"},\"headline\":\"A Semana no Brasil e no Mundo \u2014 Gastos com viagens no governo Lula chegam a R$ 604,7 milh\u00f5es em 2025; valor n\u00e3o inclui uso de jatinhos da FAB\",\"datePublished\":\"2025-06-26T18:08:59+00:00\",\"dateModified\":\"2025-06-26T18:09:00+00:00\",\"mainEntityOfPage\":{\"@id\":\"https:\/\/jornalfatosenoticias.com.br\/index.php\/2025\/06\/26\/a-semana-no-brasil-e-no-mundo-gastos-com-viagens-no-governo-lula-chegam-a-r-6047-milhoes-em-2025-valor-nao-inclui-uso-de-jatinhos-da-fab\/\"},\"wordCount\":2312,\"commentCount\":0,\"publisher\":{\"@id\":\"https:\/\/jornalfatosenoticias.com.br\/#organization\"},\"image\":{\"@id\":\"https:\/\/jornalfatosenoticias.com.br\/index.php\/2025\/06\/26\/a-semana-no-brasil-e-no-mundo-gastos-com-viagens-no-governo-lula-chegam-a-r-6047-milhoes-em-2025-valor-nao-inclui-uso-de-jatinhos-da-fab\/#primaryimage\"},\"thumbnailUrl\":\"https:\/\/jornalfatosenoticias.com.br\/wp-content\/uploads\/2025\/06\/VIAGENS-DO-MOLUSCO_gettyimages.jpg\",\"keywords\":[\"Alexandre Padilha\",\"Benjamin Netanyahu\",\"Canad\u00e1\",\"criminalidade no Brasil\",\"Donald Trump\",\"fraude bilion\u00e1rio no INSS\",\"frei Chico\",\"gastos governo Lula\",\"governo Lula\",\"influenciador digital venezuelano\",\"Ir\u00e3\",\"irm\u00e3o de Lula\",\"irregularidade Minist\u00e9rio da Sa\u00fade\",\"Israel\",\"jatinhos da FAB\",\"navios iranianos\",\"OEA\",\"Tren de Aragua\",\"ur\u00e2nio do Brasil\",\"Venezuela\",\"viagens no governo Lula\"],\"articleSection\":[\"Pol\u00edtica\"],\"inLanguage\":\"pt-BR\",\"potentialAction\":[{\"@type\":\"CommentAction\",\"name\":\"Comment\",\"target\":[\"https:\/\/jornalfatosenoticias.com.br\/index.php\/2025\/06\/26\/a-semana-no-brasil-e-no-mundo-gastos-com-viagens-no-governo-lula-chegam-a-r-6047-milhoes-em-2025-valor-nao-inclui-uso-de-jatinhos-da-fab\/#respond\"]}]},{\"@type\":\"WebPage\",\"@id\":\"https:\/\/jornalfatosenoticias.com.br\/index.php\/2025\/06\/26\/a-semana-no-brasil-e-no-mundo-gastos-com-viagens-no-governo-lula-chegam-a-r-6047-milhoes-em-2025-valor-nao-inclui-uso-de-jatinhos-da-fab\/\",\"url\":\"https:\/\/jornalfatosenoticias.com.br\/index.php\/2025\/06\/26\/a-semana-no-brasil-e-no-mundo-gastos-com-viagens-no-governo-lula-chegam-a-r-6047-milhoes-em-2025-valor-nao-inclui-uso-de-jatinhos-da-fab\/\",\"name\":\"A Semana no Brasil e no Mundo \u2014 Gastos com viagens no governo Lula chegam a R$ 604,7 milh\u00f5es em 2025; valor n\u00e3o inclui uso de jatinhos da FAB - Jornal Fatos e Not\u00edcias\",\"isPartOf\":{\"@id\":\"https:\/\/jornalfatosenoticias.com.br\/#website\"},\"primaryImageOfPage\":{\"@id\":\"https:\/\/jornalfatosenoticias.com.br\/index.php\/2025\/06\/26\/a-semana-no-brasil-e-no-mundo-gastos-com-viagens-no-governo-lula-chegam-a-r-6047-milhoes-em-2025-valor-nao-inclui-uso-de-jatinhos-da-fab\/#primaryimage\"},\"image\":{\"@id\":\"https:\/\/jornalfatosenoticias.com.br\/index.php\/2025\/06\/26\/a-semana-no-brasil-e-no-mundo-gastos-com-viagens-no-governo-lula-chegam-a-r-6047-milhoes-em-2025-valor-nao-inclui-uso-de-jatinhos-da-fab\/#primaryimage\"},\"thumbnailUrl\":\"https:\/\/jornalfatosenoticias.com.br\/wp-content\/uploads\/2025\/06\/VIAGENS-DO-MOLUSCO_gettyimages.jpg\",\"datePublished\":\"2025-06-26T18:08:59+00:00\",\"dateModified\":\"2025-06-26T18:09:00+00:00\",\"breadcrumb\":{\"@id\":\"https:\/\/jornalfatosenoticias.com.br\/index.php\/2025\/06\/26\/a-semana-no-brasil-e-no-mundo-gastos-com-viagens-no-governo-lula-chegam-a-r-6047-milhoes-em-2025-valor-nao-inclui-uso-de-jatinhos-da-fab\/#breadcrumb\"},\"inLanguage\":\"pt-BR\",\"potentialAction\":[{\"@type\":\"ReadAction\",\"target\":[\"https:\/\/jornalfatosenoticias.com.br\/index.php\/2025\/06\/26\/a-semana-no-brasil-e-no-mundo-gastos-com-viagens-no-governo-lula-chegam-a-r-6047-milhoes-em-2025-valor-nao-inclui-uso-de-jatinhos-da-fab\/\"]}]},{\"@type\":\"ImageObject\",\"inLanguage\":\"pt-BR\",\"@id\":\"https:\/\/jornalfatosenoticias.com.br\/index.php\/2025\/06\/26\/a-semana-no-brasil-e-no-mundo-gastos-com-viagens-no-governo-lula-chegam-a-r-6047-milhoes-em-2025-valor-nao-inclui-uso-de-jatinhos-da-fab\/#primaryimage\",\"url\":\"https:\/\/jornalfatosenoticias.com.br\/wp-content\/uploads\/2025\/06\/VIAGENS-DO-MOLUSCO_gettyimages.jpg\",\"contentUrl\":\"https:\/\/jornalfatosenoticias.com.br\/wp-content\/uploads\/2025\/06\/VIAGENS-DO-MOLUSCO_gettyimages.jpg\",\"width\":612,\"height\":408,\"caption\":\"TOPSHOT - Brazil's President Luiz Inacio Lula da Silva (R) and First Lady Rosangela \\\"Janja\\\" da Silva are pictured during a visit to the Embraer headquarters in Sao Jose dos Campos, Sao Paulo, Brazil, on April 26, 2024. (Photo by Miguel SCHINCARIOL \/ AFP) (Photo by MIGUEL SCHINCARIOL\/AFP via Getty Images)\"},{\"@type\":\"BreadcrumbList\",\"@id\":\"https:\/\/jornalfatosenoticias.com.br\/index.php\/2025\/06\/26\/a-semana-no-brasil-e-no-mundo-gastos-com-viagens-no-governo-lula-chegam-a-r-6047-milhoes-em-2025-valor-nao-inclui-uso-de-jatinhos-da-fab\/#breadcrumb\",\"itemListElement\":[{\"@type\":\"ListItem\",\"position\":1,\"name\":\"In\u00edcio\",\"item\":\"https:\/\/jornalfatosenoticias.com.br\/\"},{\"@type\":\"ListItem\",\"position\":2,\"name\":\"A Semana no Brasil e no Mundo \u2014 Gastos com viagens no governo Lula chegam a R$ 604,7 milh\u00f5es em 2025; valor n\u00e3o inclui uso de jatinhos da FAB\"}]},{\"@type\":\"WebSite\",\"@id\":\"https:\/\/jornalfatosenoticias.com.br\/#website\",\"url\":\"https:\/\/jornalfatosenoticias.com.br\/\",\"name\":\"Jornal Fatos e Not\u00edcias\",\"description\":\"Not\u00edcias em geral\",\"publisher\":{\"@id\":\"https:\/\/jornalfatosenoticias.com.br\/#organization\"},\"potentialAction\":[{\"@type\":\"SearchAction\",\"target\":{\"@type\":\"EntryPoint\",\"urlTemplate\":\"https:\/\/jornalfatosenoticias.com.br\/?s={search_term_string}\"},\"query-input\":{\"@type\":\"PropertyValueSpecification\",\"valueRequired\":true,\"valueName\":\"search_term_string\"}}],\"inLanguage\":\"pt-BR\"},{\"@type\":\"Organization\",\"@id\":\"https:\/\/jornalfatosenoticias.com.br\/#organization\",\"name\":\"Jornal Fatos e Not\u00edcias\",\"url\":\"https:\/\/jornalfatosenoticias.com.br\/\",\"logo\":{\"@type\":\"ImageObject\",\"inLanguage\":\"pt-BR\",\"@id\":\"https:\/\/jornalfatosenoticias.com.br\/#\/schema\/logo\/image\/\",\"url\":\"https:\/\/jornalfatosenoticias.com.br\/wp-content\/uploads\/2020\/02\/logo120.png\",\"contentUrl\":\"https:\/\/jornalfatosenoticias.com.br\/wp-content\/uploads\/2020\/02\/logo120.png\",\"width\":1227,\"height\":120,\"caption\":\"Jornal Fatos e Not\u00edcias\"},\"image\":{\"@id\":\"https:\/\/jornalfatosenoticias.com.br\/#\/schema\/logo\/image\/\"}},{\"@type\":\"Person\",\"@id\":\"https:\/\/jornalfatosenoticias.com.br\/#\/schema\/person\/05c46cc25b42a5c27e004fb0fa6b4965\",\"name\":\"Haroldo Filho\",\"image\":{\"@type\":\"ImageObject\",\"inLanguage\":\"pt-BR\",\"@id\":\"https:\/\/jornalfatosenoticias.com.br\/#\/schema\/person\/image\/\",\"url\":\"https:\/\/jornalfatosenoticias.com.br\/wp-content\/uploads\/2025\/08\/WhatsApp-Image-2025-08-18-at-15.30.28-150x150.jpeg\",\"contentUrl\":\"https:\/\/jornalfatosenoticias.com.br\/wp-content\/uploads\/2025\/08\/WhatsApp-Image-2025-08-18-at-15.30.28-150x150.jpeg\",\"caption\":\"Haroldo Filho\"},\"description\":\"Jornalista \u2013 DRT: 0003818\/ES Coordenador-geral da ONG Educar para Crescer\",\"url\":\"https:\/\/jornalfatosenoticias.com.br\/index.php\/author\/haroldo\/\"}]}<\/script>\n<!-- \/ Yoast SEO plugin. -->","yoast_head_json":{"title":"A Semana no Brasil e no Mundo \u2014 Gastos com viagens no governo Lula chegam a R$ 604,7 milh\u00f5es em 2025; valor n\u00e3o inclui uso de jatinhos da FAB - Jornal Fatos e Not\u00edcias","robots":{"index":"index","follow":"follow","max-snippet":"max-snippet:-1","max-image-preview":"max-image-preview:large","max-video-preview":"max-video-preview:-1"},"canonical":"https:\/\/jornalfatosenoticias.com.br\/index.php\/2025\/06\/26\/a-semana-no-brasil-e-no-mundo-gastos-com-viagens-no-governo-lula-chegam-a-r-6047-milhoes-em-2025-valor-nao-inclui-uso-de-jatinhos-da-fab\/","og_locale":"pt_BR","og_type":"article","og_title":"A Semana no Brasil e no Mundo \u2014 Gastos com viagens no governo Lula chegam a R$ 604,7 milh\u00f5es em 2025; valor n\u00e3o inclui uso de jatinhos da FAB - Jornal Fatos e Not\u00edcias","og_description":"Em meio a cr\u00edticas por excesso de deslocamentos oficiais, o Portal da Transpar\u00eancia atualizou os dados sobre os gastos com viagens do governo federal em 2025. At\u00e9 13 de junho, o montante j\u00e1 atinge R$ 604,7 milh\u00f5es \u2014 valor que n\u00e3o contempla os custos com aeronaves da For\u00e7a A\u00e9rea Brasileira (FAB), utilizadas por Luiz In\u00e1cio [&hellip;]","og_url":"https:\/\/jornalfatosenoticias.com.br\/index.php\/2025\/06\/26\/a-semana-no-brasil-e-no-mundo-gastos-com-viagens-no-governo-lula-chegam-a-r-6047-milhoes-em-2025-valor-nao-inclui-uso-de-jatinhos-da-fab\/","og_site_name":"Jornal Fatos e Not\u00edcias","article_published_time":"2025-06-26T18:08:59+00:00","article_modified_time":"2025-06-26T18:09:00+00:00","og_image":[{"width":612,"height":408,"url":"https:\/\/jornalfatosenoticias.com.br\/wp-content\/uploads\/2025\/06\/VIAGENS-DO-MOLUSCO_gettyimages.jpg","type":"image\/jpeg"}],"author":"Haroldo Filho","twitter_card":"summary_large_image","twitter_misc":{"Escrito por":"Haroldo Filho","Est. tempo de leitura":"11 minutos"},"schema":{"@context":"https:\/\/schema.org","@graph":[{"@type":"Article","@id":"https:\/\/jornalfatosenoticias.com.br\/index.php\/2025\/06\/26\/a-semana-no-brasil-e-no-mundo-gastos-com-viagens-no-governo-lula-chegam-a-r-6047-milhoes-em-2025-valor-nao-inclui-uso-de-jatinhos-da-fab\/#article","isPartOf":{"@id":"https:\/\/jornalfatosenoticias.com.br\/index.php\/2025\/06\/26\/a-semana-no-brasil-e-no-mundo-gastos-com-viagens-no-governo-lula-chegam-a-r-6047-milhoes-em-2025-valor-nao-inclui-uso-de-jatinhos-da-fab\/"},"author":{"name":"Haroldo Filho","@id":"https:\/\/jornalfatosenoticias.com.br\/#\/schema\/person\/05c46cc25b42a5c27e004fb0fa6b4965"},"headline":"A Semana no Brasil e no Mundo \u2014 Gastos com viagens no governo Lula chegam a R$ 604,7 milh\u00f5es em 2025; valor n\u00e3o inclui uso de jatinhos da FAB","datePublished":"2025-06-26T18:08:59+00:00","dateModified":"2025-06-26T18:09:00+00:00","mainEntityOfPage":{"@id":"https:\/\/jornalfatosenoticias.com.br\/index.php\/2025\/06\/26\/a-semana-no-brasil-e-no-mundo-gastos-com-viagens-no-governo-lula-chegam-a-r-6047-milhoes-em-2025-valor-nao-inclui-uso-de-jatinhos-da-fab\/"},"wordCount":2312,"commentCount":0,"publisher":{"@id":"https:\/\/jornalfatosenoticias.com.br\/#organization"},"image":{"@id":"https:\/\/jornalfatosenoticias.com.br\/index.php\/2025\/06\/26\/a-semana-no-brasil-e-no-mundo-gastos-com-viagens-no-governo-lula-chegam-a-r-6047-milhoes-em-2025-valor-nao-inclui-uso-de-jatinhos-da-fab\/#primaryimage"},"thumbnailUrl":"https:\/\/jornalfatosenoticias.com.br\/wp-content\/uploads\/2025\/06\/VIAGENS-DO-MOLUSCO_gettyimages.jpg","keywords":["Alexandre Padilha","Benjamin Netanyahu","Canad\u00e1","criminalidade no Brasil","Donald Trump","fraude bilion\u00e1rio no INSS","frei Chico","gastos governo Lula","governo Lula","influenciador digital venezuelano","Ir\u00e3","irm\u00e3o de Lula","irregularidade Minist\u00e9rio da Sa\u00fade","Israel","jatinhos da FAB","navios iranianos","OEA","Tren de Aragua","ur\u00e2nio do Brasil","Venezuela","viagens no governo Lula"],"articleSection":["Pol\u00edtica"],"inLanguage":"pt-BR","potentialAction":[{"@type":"CommentAction","name":"Comment","target":["https:\/\/jornalfatosenoticias.com.br\/index.php\/2025\/06\/26\/a-semana-no-brasil-e-no-mundo-gastos-com-viagens-no-governo-lula-chegam-a-r-6047-milhoes-em-2025-valor-nao-inclui-uso-de-jatinhos-da-fab\/#respond"]}]},{"@type":"WebPage","@id":"https:\/\/jornalfatosenoticias.com.br\/index.php\/2025\/06\/26\/a-semana-no-brasil-e-no-mundo-gastos-com-viagens-no-governo-lula-chegam-a-r-6047-milhoes-em-2025-valor-nao-inclui-uso-de-jatinhos-da-fab\/","url":"https:\/\/jornalfatosenoticias.com.br\/index.php\/2025\/06\/26\/a-semana-no-brasil-e-no-mundo-gastos-com-viagens-no-governo-lula-chegam-a-r-6047-milhoes-em-2025-valor-nao-inclui-uso-de-jatinhos-da-fab\/","name":"A Semana no Brasil e no Mundo \u2014 Gastos com viagens no governo Lula chegam a R$ 604,7 milh\u00f5es em 2025; valor n\u00e3o inclui uso de jatinhos da FAB - Jornal Fatos e Not\u00edcias","isPartOf":{"@id":"https:\/\/jornalfatosenoticias.com.br\/#website"},"primaryImageOfPage":{"@id":"https:\/\/jornalfatosenoticias.com.br\/index.php\/2025\/06\/26\/a-semana-no-brasil-e-no-mundo-gastos-com-viagens-no-governo-lula-chegam-a-r-6047-milhoes-em-2025-valor-nao-inclui-uso-de-jatinhos-da-fab\/#primaryimage"},"image":{"@id":"https:\/\/jornalfatosenoticias.com.br\/index.php\/2025\/06\/26\/a-semana-no-brasil-e-no-mundo-gastos-com-viagens-no-governo-lula-chegam-a-r-6047-milhoes-em-2025-valor-nao-inclui-uso-de-jatinhos-da-fab\/#primaryimage"},"thumbnailUrl":"https:\/\/jornalfatosenoticias.com.br\/wp-content\/uploads\/2025\/06\/VIAGENS-DO-MOLUSCO_gettyimages.jpg","datePublished":"2025-06-26T18:08:59+00:00","dateModified":"2025-06-26T18:09:00+00:00","breadcrumb":{"@id":"https:\/\/jornalfatosenoticias.com.br\/index.php\/2025\/06\/26\/a-semana-no-brasil-e-no-mundo-gastos-com-viagens-no-governo-lula-chegam-a-r-6047-milhoes-em-2025-valor-nao-inclui-uso-de-jatinhos-da-fab\/#breadcrumb"},"inLanguage":"pt-BR","potentialAction":[{"@type":"ReadAction","target":["https:\/\/jornalfatosenoticias.com.br\/index.php\/2025\/06\/26\/a-semana-no-brasil-e-no-mundo-gastos-com-viagens-no-governo-lula-chegam-a-r-6047-milhoes-em-2025-valor-nao-inclui-uso-de-jatinhos-da-fab\/"]}]},{"@type":"ImageObject","inLanguage":"pt-BR","@id":"https:\/\/jornalfatosenoticias.com.br\/index.php\/2025\/06\/26\/a-semana-no-brasil-e-no-mundo-gastos-com-viagens-no-governo-lula-chegam-a-r-6047-milhoes-em-2025-valor-nao-inclui-uso-de-jatinhos-da-fab\/#primaryimage","url":"https:\/\/jornalfatosenoticias.com.br\/wp-content\/uploads\/2025\/06\/VIAGENS-DO-MOLUSCO_gettyimages.jpg","contentUrl":"https:\/\/jornalfatosenoticias.com.br\/wp-content\/uploads\/2025\/06\/VIAGENS-DO-MOLUSCO_gettyimages.jpg","width":612,"height":408,"caption":"TOPSHOT - Brazil's President Luiz Inacio Lula da Silva (R) and First Lady Rosangela \"Janja\" da Silva are pictured during a visit to the Embraer headquarters in Sao Jose dos Campos, Sao Paulo, Brazil, on April 26, 2024. (Photo by Miguel SCHINCARIOL \/ AFP) (Photo by MIGUEL SCHINCARIOL\/AFP via Getty Images)"},{"@type":"BreadcrumbList","@id":"https:\/\/jornalfatosenoticias.com.br\/index.php\/2025\/06\/26\/a-semana-no-brasil-e-no-mundo-gastos-com-viagens-no-governo-lula-chegam-a-r-6047-milhoes-em-2025-valor-nao-inclui-uso-de-jatinhos-da-fab\/#breadcrumb","itemListElement":[{"@type":"ListItem","position":1,"name":"In\u00edcio","item":"https:\/\/jornalfatosenoticias.com.br\/"},{"@type":"ListItem","position":2,"name":"A Semana no Brasil e no Mundo \u2014 Gastos com viagens no governo Lula chegam a R$ 604,7 milh\u00f5es em 2025; valor n\u00e3o inclui uso de jatinhos da FAB"}]},{"@type":"WebSite","@id":"https:\/\/jornalfatosenoticias.com.br\/#website","url":"https:\/\/jornalfatosenoticias.com.br\/","name":"Jornal Fatos e Not\u00edcias","description":"Not\u00edcias em geral","publisher":{"@id":"https:\/\/jornalfatosenoticias.com.br\/#organization"},"potentialAction":[{"@type":"SearchAction","target":{"@type":"EntryPoint","urlTemplate":"https:\/\/jornalfatosenoticias.com.br\/?s={search_term_string}"},"query-input":{"@type":"PropertyValueSpecification","valueRequired":true,"valueName":"search_term_string"}}],"inLanguage":"pt-BR"},{"@type":"Organization","@id":"https:\/\/jornalfatosenoticias.com.br\/#organization","name":"Jornal Fatos e Not\u00edcias","url":"https:\/\/jornalfatosenoticias.com.br\/","logo":{"@type":"ImageObject","inLanguage":"pt-BR","@id":"https:\/\/jornalfatosenoticias.com.br\/#\/schema\/logo\/image\/","url":"https:\/\/jornalfatosenoticias.com.br\/wp-content\/uploads\/2020\/02\/logo120.png","contentUrl":"https:\/\/jornalfatosenoticias.com.br\/wp-content\/uploads\/2020\/02\/logo120.png","width":1227,"height":120,"caption":"Jornal Fatos e Not\u00edcias"},"image":{"@id":"https:\/\/jornalfatosenoticias.com.br\/#\/schema\/logo\/image\/"}},{"@type":"Person","@id":"https:\/\/jornalfatosenoticias.com.br\/#\/schema\/person\/05c46cc25b42a5c27e004fb0fa6b4965","name":"Haroldo Filho","image":{"@type":"ImageObject","inLanguage":"pt-BR","@id":"https:\/\/jornalfatosenoticias.com.br\/#\/schema\/person\/image\/","url":"https:\/\/jornalfatosenoticias.com.br\/wp-content\/uploads\/2025\/08\/WhatsApp-Image-2025-08-18-at-15.30.28-150x150.jpeg","contentUrl":"https:\/\/jornalfatosenoticias.com.br\/wp-content\/uploads\/2025\/08\/WhatsApp-Image-2025-08-18-at-15.30.28-150x150.jpeg","caption":"Haroldo Filho"},"description":"Jornalista \u2013 DRT: 0003818\/ES Coordenador-geral da ONG Educar para Crescer","url":"https:\/\/jornalfatosenoticias.com.br\/index.php\/author\/haroldo\/"}]}},"cc_featured_image_caption":{"caption_text":"(Foto: Getty Images) ","source_text":"","source_url":""},"jetpack_featured_media_url":"https:\/\/jornalfatosenoticias.com.br\/wp-content\/uploads\/2025\/06\/VIAGENS-DO-MOLUSCO_gettyimages.jpg","_links":{"self":[{"href":"https:\/\/jornalfatosenoticias.com.br\/index.php\/wp-json\/wp\/v2\/posts\/60210","targetHints":{"allow":["GET"]}}],"collection":[{"href":"https:\/\/jornalfatosenoticias.com.br\/index.php\/wp-json\/wp\/v2\/posts"}],"about":[{"href":"https:\/\/jornalfatosenoticias.com.br\/index.php\/wp-json\/wp\/v2\/types\/post"}],"author":[{"embeddable":true,"href":"https:\/\/jornalfatosenoticias.com.br\/index.php\/wp-json\/wp\/v2\/users\/3"}],"replies":[{"embeddable":true,"href":"https:\/\/jornalfatosenoticias.com.br\/index.php\/wp-json\/wp\/v2\/comments?post=60210"}],"version-history":[{"count":0,"href":"https:\/\/jornalfatosenoticias.com.br\/index.php\/wp-json\/wp\/v2\/posts\/60210\/revisions"}],"wp:featuredmedia":[{"embeddable":true,"href":"https:\/\/jornalfatosenoticias.com.br\/index.php\/wp-json\/wp\/v2\/media\/60217"}],"wp:attachment":[{"href":"https:\/\/jornalfatosenoticias.com.br\/index.php\/wp-json\/wp\/v2\/media?parent=60210"}],"wp:term":[{"taxonomy":"category","embeddable":true,"href":"https:\/\/jornalfatosenoticias.com.br\/index.php\/wp-json\/wp\/v2\/categories?post=60210"},{"taxonomy":"post_tag","embeddable":true,"href":"https:\/\/jornalfatosenoticias.com.br\/index.php\/wp-json\/wp\/v2\/tags?post=60210"}],"curies":[{"name":"wp","href":"https:\/\/api.w.org\/{rel}","templated":true}]}}