{"id":60222,"date":"2025-06-26T15:25:48","date_gmt":"2025-06-26T18:25:48","guid":{"rendered":"https:\/\/jornalfatosenoticias.com.br\/?p=60222"},"modified":"2025-06-26T15:25:50","modified_gmt":"2025-06-26T18:25:50","slug":"estupidez-parte-ii","status":"publish","type":"post","link":"https:\/\/jornalfatosenoticias.com.br\/index.php\/2025\/06\/26\/estupidez-parte-ii\/","title":{"rendered":"Estupidez \u2014 Parte II"},"content":{"rendered":"\n<p><span class=\"has-inline-color has-black-color\"><em>A sensa\u00e7\u00e3o \u00e9 que nadamos e nos afogamos, num oceano de estupidez que n\u00e3o sabe o que \u00e9 a l\u00f3gica, nem mesmo o bom senso<\/em><\/span><\/p>\n\n\n\n<div class=\"wp-block-image\"><figure class=\"aligncenter size-large\"><a href=\"https:\/\/mizu.com.br\/\"><img loading=\"lazy\" decoding=\"async\" width=\"729\" height=\"90\" src=\"https:\/\/jornalfatosenoticias.com.br\/wp-content\/uploads\/2020\/02\/Logo_Mizu.png\" alt=\"\" class=\"wp-image-1441\" srcset=\"https:\/\/jornalfatosenoticias.com.br\/wp-content\/uploads\/2020\/02\/Logo_Mizu.png 729w, https:\/\/jornalfatosenoticias.com.br\/wp-content\/uploads\/2020\/02\/Logo_Mizu-300x37.png 300w\" sizes=\"auto, (max-width: 729px) 100vw, 729px\" \/><\/a><\/figure><\/div>\n\n\n\n<p>De onde surgiram as mentiras pseudot\u00e9cnicas? \u00c9 estarrecedor se deparar com arbitrariedades que se pretendem \u201cafirma\u00e7\u00f5es absolutas\u201d. S\u00e3o faladas como dogmas. Aliena\u00e7\u00e3o parental, m\u00e3e narcisista, falsas mem\u00f3rias de crian\u00e7as, constela\u00e7\u00e3o familiar, refazendo la\u00e7os, revincular, reprograma\u00e7\u00e3o de crian\u00e7a, compromisso de alian\u00e7a, s\u00e3o apenas alguns dos absurdos que t\u00eam sido espalhados. E, como s\u00e3o redu\u00e7\u00f5es simplificadas, n\u00e3o h\u00e1 o menor tra\u00e7o de preocupa\u00e7\u00e3o com a necessidade de Ci\u00eancia.<br>A Ci\u00eancia \u00e9 o que permite que, repetindo as mesmas condi\u00e7\u00f5es, chegaremos ao mesmo resultado. O beb\u00ea \u00e9 um cientista natural. Toda aquisi\u00e7\u00e3o que ele galga, seja ela motora, lingu\u00edstica, intelectual ou afetiva, \u00e9 resultado de sequ\u00eancia de repeti\u00e7\u00e3o que busca confirmar uma hip\u00f3tese, mesmo que o pr\u00f3prio beb\u00ea\/crian\u00e7a n\u00e3o tenha capacidade de formular sua hip\u00f3tese. Como somos seres epistemof\u00edlicos, estamos, incessantemente, atr\u00e1s de Conhecimento. E continuamos com essa curiosidade, cada vez mais agu\u00e7ada, quando acessamos as regras rigorosas da Ci\u00eancia. E, somente seguindo os rigores da pesquisa sobre um ponto, conseguimos ter seguran\u00e7a para avan\u00e7ar no desenvolvimento. Inicialmente o desenvolvimento do corpo, acompanhado pelo desenvolvimento do conhecimento.<\/p>\n\n\n\n<div class=\"wp-block-image\"><figure class=\"aligncenter size-large\"><img loading=\"lazy\" decoding=\"async\" width=\"740\" height=\"493\" src=\"https:\/\/jornalfatosenoticias.com.br\/wp-content\/uploads\/2025\/06\/abuso-criancas_freepik-ia.jpg\" alt=\"\" class=\"wp-image-60223\" srcset=\"https:\/\/jornalfatosenoticias.com.br\/wp-content\/uploads\/2025\/06\/abuso-criancas_freepik-ia.jpg 740w, https:\/\/jornalfatosenoticias.com.br\/wp-content\/uploads\/2025\/06\/abuso-criancas_freepik-ia-300x200.jpg 300w\" sizes=\"auto, (max-width: 740px) 100vw, 740px\" \/><figcaption><em><span class=\"has-inline-color has-black-color\">(Foto: Freepik gerada com IA)<\/span><\/em><\/figcaption><\/figure><\/div>\n\n\n\n<p>No entanto, hoje a modernidade l\u00edquida invadiu esses alicerces s\u00f3lidos e os derreteu. A Ci\u00eancia vem sendo aviltada, insultada por afirma\u00e7\u00f5es falsas e levianas, que induzem ao erro. E tudo em tempo digital. O tempo e o espa\u00e7o foram aniquilados pelo \u201cclick\u201d de um teclado bem observado pelo Soci\u00f3logo Bauman. Essa instantaneidade se derramou sobre as rela\u00e7\u00f5es afetivas, as rela\u00e7\u00f5es sociais, e o mundo parece ter perdido a sua exist\u00eancia concreta. O virtual assumiu a vida e a import\u00e2ncia que ela tinha.<\/p>\n\n\n\n<div class=\"wp-block-image\"><figure class=\"aligncenter size-large\"><a href=\"http:\/\/www.ferrarimaquinas.com.br\/\"><img loading=\"lazy\" decoding=\"async\" width=\"300\" height=\"250\" src=\"https:\/\/jornalfatosenoticias.com.br\/wp-content\/uploads\/2022\/02\/FERRARI_MAQUINAS-E-FERRAMENTAS2.jpg\" alt=\"\" class=\"wp-image-27860\"\/><\/a><\/figure><\/div>\n\n\n\n<p>No \u201cclick\u201d chegou tamb\u00e9m a estupidez. O reinado da estupidez. A mesma aniquila\u00e7\u00e3o de tempo e espa\u00e7o invadiu o campo do conhecimento para torn\u00e1-lo superficial, ralo, fluido, sem etiologia, sem eira nem beira, dando lugar \u00e0 prolifera\u00e7\u00e3o de teses falaciosas, sem fundamenta\u00e7\u00e3o. A verdade n\u00e3o importa mais. Assim como a roda, nos prim\u00f3rdios, foi concebida quadrada, a terra come\u00e7ou a sofrer a tese de ser plana. A roda quadrada precisava que alguns homens exercessem a for\u00e7a para empurrar a carro\u00e7a, at\u00e9 que descobriram que, de tanto empurrar a carro\u00e7a, ao desgastar as quinas do quadrado, a roda arredondava. Foi da estupidez que chegamos \u00e0 roda redonda, para a terra plana, precisamos esperar que a capotagem arredonde o planeta.<\/p>\n\n\n\n<div class=\"wp-block-image\"><figure class=\"aligncenter size-large is-resized\"><a href=\"https:\/\/www.controlsystems.com.br\/\"><img loading=\"lazy\" decoding=\"async\" src=\"https:\/\/jornalfatosenoticias.com.br\/wp-content\/uploads\/2020\/02\/CONTROL-CS.jpg\" alt=\"\" class=\"wp-image-44991\" width=\"274\" height=\"328\" srcset=\"https:\/\/jornalfatosenoticias.com.br\/wp-content\/uploads\/2020\/02\/CONTROL-CS.jpg 834w, https:\/\/jornalfatosenoticias.com.br\/wp-content\/uploads\/2020\/02\/CONTROL-CS-250x300.jpg 250w, https:\/\/jornalfatosenoticias.com.br\/wp-content\/uploads\/2020\/02\/CONTROL-CS-768x921.jpg 768w\" sizes=\"auto, (max-width: 274px) 100vw, 274px\" \/><\/a><\/figure><\/div>\n\n\n\n<p>A sensa\u00e7\u00e3o \u00e9 que nadamos e nos afogamos, num oceano de estupidez que n\u00e3o sabe o que \u00e9 a l\u00f3gica, nem mesmo o bom senso. Desde que algumas pessoas se autointitularam \u201cexperts\u201d em algum assunto, ou em todos os assuntos, sem seguir nenhum estudo formal, desprezando a Ci\u00eancia, todos se acham experts em tudo. Tornaram \u201copineiros\u201d autoridades que se arvoram a \u201cinfluenciar\u201d a popula\u00e7\u00e3o digital e esta se encarrega de \u201ccopiar\/colar\u201d para todos os lados como se estivessem espalhando verdades absolutas. Conceitos cient\u00edficos s\u00e3o entendidos pela metade ou ter\u00e7a parte, para dar uma maquiagem de seriedade. N\u00e3o h\u00e1 escr\u00fapulo. A precariza\u00e7\u00e3o da escolaridade tem uma parcela nessa manobra pseudointelectual, mas n\u00e3o \u00e9 a respons\u00e1vel toda. H\u00e1 uma neglig\u00eancia do raciocinar, h\u00e1 uma pregui\u00e7a de pensar, h\u00e1 um apego \u00e0 instantaneidade do saber, que vindo assim, \u00e9 facilmente descartado, tamb\u00e9m.<\/p>\n\n\n\n<div class=\"wp-block-image\"><figure class=\"aligncenter size-large\"><img loading=\"lazy\" decoding=\"async\" width=\"740\" height=\"415\" src=\"https:\/\/jornalfatosenoticias.com.br\/wp-content\/uploads\/2025\/06\/mae-e-filha-justica_freepik-ia.jpg\" alt=\"\" class=\"wp-image-60224\" srcset=\"https:\/\/jornalfatosenoticias.com.br\/wp-content\/uploads\/2025\/06\/mae-e-filha-justica_freepik-ia.jpg 740w, https:\/\/jornalfatosenoticias.com.br\/wp-content\/uploads\/2025\/06\/mae-e-filha-justica_freepik-ia-300x168.jpg 300w\" sizes=\"auto, (max-width: 740px) 100vw, 740px\" \/><figcaption><em><span class=\"has-inline-color has-black-color\">(Foto: Freepik gerada com IA)<\/span><\/em><\/figcaption><\/figure><\/div>\n\n\n\n<p>\u00c9 devastador o efeito dessa estupidez quando estamos lidando com a vida de vulner\u00e1veis. E ainda temos que lidar com a decep\u00e7\u00e3o de figuras antes representantes garantidoras da sensa\u00e7\u00e3o de justi\u00e7a. Como fazer para acomodar, conceito epistemol\u00f3gico do Piaget, que se refere \u00e0 aquisi\u00e7\u00e3o de desenvolvimento, assimila\u00e7\u00e3o e acomoda\u00e7\u00e3o, o que n\u00e3o faz sentido algum.<\/p>\n\n\n\n<div class=\"wp-block-image\"><figure class=\"aligncenter size-large is-resized\"><a href=\"https:\/\/hotelmarquetti.com.br\/\"><img loading=\"lazy\" decoding=\"async\" src=\"https:\/\/jornalfatosenoticias.com.br\/wp-content\/uploads\/2020\/02\/LOGO-MQ-1024x680.jpg\" alt=\"\" class=\"wp-image-58299\" width=\"353\" height=\"234\" srcset=\"https:\/\/jornalfatosenoticias.com.br\/wp-content\/uploads\/2020\/02\/LOGO-MQ-1024x680.jpg 1024w, https:\/\/jornalfatosenoticias.com.br\/wp-content\/uploads\/2020\/02\/LOGO-MQ-300x199.jpg 300w, https:\/\/jornalfatosenoticias.com.br\/wp-content\/uploads\/2020\/02\/LOGO-MQ-768x510.jpg 768w, https:\/\/jornalfatosenoticias.com.br\/wp-content\/uploads\/2020\/02\/LOGO-MQ-1536x1020.jpg 1536w, https:\/\/jornalfatosenoticias.com.br\/wp-content\/uploads\/2020\/02\/LOGO-MQ-2048x1360.jpg 2048w\" sizes=\"auto, (max-width: 353px) 100vw, 353px\" \/><\/a><\/figure><\/div>\n\n\n\n<p>Achar que determinado comportamento de viol\u00eancia f\u00edsica, incluindo tortura, e viol\u00eancia sexual, n\u00e3o est\u00e3o mais acontecendo, \u201cele n\u00e3o bate mais e n\u00e3o vai mais bater\u201d ou \u201cele n\u00e3o abusa mais, e n\u00e3o vai mais abusar\u201d, frases que n\u00e3o t\u00eam nenhum respaldo de nenhuma ordem. Mas que justificam, sim justificam, s\u00famulas que autorizam a conviv\u00eancia sem nenhum controle entre genitor predador e crian\u00e7a, liberando sem averiguar, sem investigar, porque, afinal, \u00e9 apenas e t\u00e3o somente um conflito familiar protagonizado pela m\u00e3e alienadora. O crime? que crime? O Mito da Fam\u00edlia Feliz, t\u00edtulo de artigo de uma Desembargadora que afirma, em subt\u00edtulo do referido artigo, <em>A Cegueira da justi\u00e7a<\/em>, onde escreve que a Justi\u00e7a legitima o incesto. E acrescenta (p\u00e1gina 176 do livro \u201cIncesto e aliena\u00e7\u00e3o Parental \u2014 realidades que a Justi\u00e7a insiste em n\u00e3o ver\u201d, 2010) que o descr\u00e9dito na fala da crian\u00e7a e a impunidade do agressor, permitindo que haja continuidade desse comportamento, E segue: \u201ca Justi\u00e7a acaba sendo conivente com o infrator, culpabilizando a v\u00edtima\u201d.<\/p>\n\n\n\n<div class=\"wp-block-image\"><figure class=\"aligncenter size-large is-resized\"><a href=\"https:\/\/www.instagram.com\/serra4x4cambioautomatico\/\"><img loading=\"lazy\" decoding=\"async\" src=\"https:\/\/jornalfatosenoticias.com.br\/wp-content\/uploads\/2024\/08\/Serra-4x4-1-886x1024.jpg\" alt=\"\" class=\"wp-image-53632\" width=\"285\" height=\"330\" srcset=\"https:\/\/jornalfatosenoticias.com.br\/wp-content\/uploads\/2024\/08\/Serra-4x4-1-886x1024.jpg 886w, https:\/\/jornalfatosenoticias.com.br\/wp-content\/uploads\/2024\/08\/Serra-4x4-1-260x300.jpg 260w, https:\/\/jornalfatosenoticias.com.br\/wp-content\/uploads\/2024\/08\/Serra-4x4-1-768x888.jpg 768w, https:\/\/jornalfatosenoticias.com.br\/wp-content\/uploads\/2024\/08\/Serra-4x4-1.jpg 1181w\" sizes=\"auto, (max-width: 285px) 100vw, 285px\" \/><\/a><\/figure><\/div>\n\n\n\n<p>Vale remarcar que essa \u00e9 uma edi\u00e7\u00e3o de 2010. Se contarmos que todas as den\u00fancias de abuso sexual intrafamiliar, incestuoso, sofreram invers\u00e3o para a Vara de Fam\u00edlia, como sendo uma acusa\u00e7\u00e3o de aliena\u00e7\u00e3o parental, essa fal\u00e1cia, quanto de coniv\u00eancia com criminosos da inf\u00e2ncia somamos at\u00e9 hoje em 2025? Essa invers\u00e3o para a Vara de Fam\u00edlia foi uma instru\u00e7\u00e3o de Gardner, o m\u00e9dico generalista ped\u00f3filo, que inventou esse termo, que engendrou essa manobra para defender genitores abusadores.<\/p>\n\n\n\n<div class=\"wp-block-image\"><figure class=\"aligncenter size-large is-resized\"><a href=\"https:\/\/www.facebook.com\/profile.php?id=100069289606145\"><img loading=\"lazy\" decoding=\"async\" src=\"https:\/\/jornalfatosenoticias.com.br\/wp-content\/uploads\/2024\/11\/Guaitolini-Contabilidade-1024x714.jpeg\" alt=\"\" class=\"wp-image-55808\" width=\"304\" height=\"212\" srcset=\"https:\/\/jornalfatosenoticias.com.br\/wp-content\/uploads\/2024\/11\/Guaitolini-Contabilidade-1024x714.jpeg 1024w, https:\/\/jornalfatosenoticias.com.br\/wp-content\/uploads\/2024\/11\/Guaitolini-Contabilidade-300x209.jpeg 300w, https:\/\/jornalfatosenoticias.com.br\/wp-content\/uploads\/2024\/11\/Guaitolini-Contabilidade-768x535.jpeg 768w, https:\/\/jornalfatosenoticias.com.br\/wp-content\/uploads\/2024\/11\/Guaitolini-Contabilidade.jpeg 1280w\" sizes=\"auto, (max-width: 304px) 100vw, 304px\" \/><\/a><\/figure><\/div>\n\n\n\n<p>Hoje, h\u00e1 uma estrat\u00e9gia que se constitui em dar novas alcunhas: polariza\u00e7\u00e3o familiar para aliena\u00e7\u00e3o parental, mem\u00f3rias vic\u00e1rias para falsas mem\u00f3rias, reprograma\u00e7\u00e3o para lavagem cerebral executada por \u201cpsic\u00f3loga\u201d, reconstituindo la\u00e7os para um arranjo de constela\u00e7\u00e3o familiar, e assim por diante.<br>N\u00e3o consigo encontrar outro termo. \u00c9 estupidez.<\/p>\n\n\n\n<div class=\"wp-block-image\"><figure class=\"aligncenter size-large is-resized\"><a href=\"https:\/\/www.facebook.com\/postobkr\/?locale=pt_BR\"><img loading=\"lazy\" decoding=\"async\" src=\"https:\/\/jornalfatosenoticias.com.br\/wp-content\/uploads\/2023\/08\/BKR-1024x1021.jpg\" alt=\"\" class=\"wp-image-44494\" width=\"277\" height=\"276\" srcset=\"https:\/\/jornalfatosenoticias.com.br\/wp-content\/uploads\/2023\/08\/BKR-1024x1021.jpg 1024w, https:\/\/jornalfatosenoticias.com.br\/wp-content\/uploads\/2023\/08\/BKR-300x300.jpg 300w, https:\/\/jornalfatosenoticias.com.br\/wp-content\/uploads\/2023\/08\/BKR-150x150.jpg 150w, https:\/\/jornalfatosenoticias.com.br\/wp-content\/uploads\/2023\/08\/BKR-768x766.jpg 768w, https:\/\/jornalfatosenoticias.com.br\/wp-content\/uploads\/2023\/08\/BKR.jpg 1080w\" sizes=\"auto, (max-width: 277px) 100vw, 277px\" \/><\/a><\/figure><\/div>\n","protected":false},"excerpt":{"rendered":"<p>A sensa\u00e7\u00e3o \u00e9 que nadamos e nos afogamos, num oceano de estupidez que n\u00e3o sabe o que \u00e9 a l\u00f3gica, nem mesmo o bom senso De onde surgiram as mentiras pseudot\u00e9cnicas? \u00c9 estarrecedor se deparar com arbitrariedades que se pretendem \u201cafirma\u00e7\u00f5es absolutas\u201d. S\u00e3o faladas como dogmas. Aliena\u00e7\u00e3o parental, m\u00e3e narcisista, falsas mem\u00f3rias de crian\u00e7as, constela\u00e7\u00e3o [&hellip;]<\/p>\n","protected":false},"author":8,"featured_media":60225,"comment_status":"open","ping_status":"open","sticky":false,"template":"","format":"standard","meta":{"footnotes":""},"categories":[2522],"tags":[4298,27400,1345,2303,6561,4808,818],"class_list":["post-60222","post","type-post","status-publish","format-standard","has-post-thumbnail","hentry","category-comportamento","tag-alienacao-parental","tag-estupidez","tag-justica","tag-tortura","tag-violencia-fisica","tag-violencia-sexual","tag-vulneraveis"],"yoast_head":"<!-- This site is optimized with the Yoast SEO plugin v26.5 - https:\/\/yoast.com\/wordpress\/plugins\/seo\/ -->\n<title>Estupidez \u2014 Parte II - Jornal Fatos e Not\u00edcias<\/title>\n<meta name=\"robots\" content=\"index, follow, max-snippet:-1, max-image-preview:large, max-video-preview:-1\" \/>\n<link rel=\"canonical\" href=\"https:\/\/jornalfatosenoticias.com.br\/index.php\/2025\/06\/26\/estupidez-parte-ii\/\" \/>\n<meta property=\"og:locale\" content=\"pt_BR\" \/>\n<meta property=\"og:type\" content=\"article\" \/>\n<meta property=\"og:title\" content=\"Estupidez \u2014 Parte II - Jornal Fatos e Not\u00edcias\" \/>\n<meta property=\"og:description\" content=\"A sensa\u00e7\u00e3o \u00e9 que nadamos e nos afogamos, num oceano de estupidez que n\u00e3o sabe o que \u00e9 a l\u00f3gica, nem mesmo o bom senso De onde surgiram as mentiras pseudot\u00e9cnicas? \u00c9 estarrecedor se deparar com arbitrariedades que se pretendem \u201cafirma\u00e7\u00f5es absolutas\u201d. S\u00e3o faladas como dogmas. Aliena\u00e7\u00e3o parental, m\u00e3e narcisista, falsas mem\u00f3rias de crian\u00e7as, constela\u00e7\u00e3o [&hellip;]\" \/>\n<meta property=\"og:url\" content=\"https:\/\/jornalfatosenoticias.com.br\/index.php\/2025\/06\/26\/estupidez-parte-ii\/\" \/>\n<meta property=\"og:site_name\" content=\"Jornal Fatos e Not\u00edcias\" \/>\n<meta property=\"article:published_time\" content=\"2025-06-26T18:25:48+00:00\" \/>\n<meta property=\"article:modified_time\" content=\"2025-06-26T18:25:50+00:00\" \/>\n<meta property=\"og:image\" content=\"https:\/\/jornalfatosenoticias.com.br\/wp-content\/uploads\/2025\/06\/alienacao-contra-a-mae_freepik.jpeg\" \/>\n\t<meta property=\"og:image:width\" content=\"740\" \/>\n\t<meta property=\"og:image:height\" content=\"493\" \/>\n\t<meta property=\"og:image:type\" content=\"image\/jpeg\" \/>\n<meta name=\"author\" content=\"Ana Maria Iencarelli\" \/>\n<meta name=\"twitter:card\" content=\"summary_large_image\" \/>\n<meta name=\"twitter:label1\" content=\"Escrito por\" \/>\n\t<meta name=\"twitter:data1\" content=\"Ana Maria Iencarelli\" \/>\n\t<meta name=\"twitter:label2\" content=\"Est. tempo de leitura\" \/>\n\t<meta name=\"twitter:data2\" content=\"5 minutos\" \/>\n<script type=\"application\/ld+json\" class=\"yoast-schema-graph\">{\"@context\":\"https:\/\/schema.org\",\"@graph\":[{\"@type\":\"Article\",\"@id\":\"https:\/\/jornalfatosenoticias.com.br\/index.php\/2025\/06\/26\/estupidez-parte-ii\/#article\",\"isPartOf\":{\"@id\":\"https:\/\/jornalfatosenoticias.com.br\/index.php\/2025\/06\/26\/estupidez-parte-ii\/\"},\"author\":{\"name\":\"Ana Maria Iencarelli\",\"@id\":\"https:\/\/jornalfatosenoticias.com.br\/#\/schema\/person\/c33fcf5fb02d729d3fec92c6737a22d1\"},\"headline\":\"Estupidez \u2014 Parte II\",\"datePublished\":\"2025-06-26T18:25:48+00:00\",\"dateModified\":\"2025-06-26T18:25:50+00:00\",\"mainEntityOfPage\":{\"@id\":\"https:\/\/jornalfatosenoticias.com.br\/index.php\/2025\/06\/26\/estupidez-parte-ii\/\"},\"wordCount\":1015,\"commentCount\":0,\"publisher\":{\"@id\":\"https:\/\/jornalfatosenoticias.com.br\/#organization\"},\"image\":{\"@id\":\"https:\/\/jornalfatosenoticias.com.br\/index.php\/2025\/06\/26\/estupidez-parte-ii\/#primaryimage\"},\"thumbnailUrl\":\"https:\/\/jornalfatosenoticias.com.br\/wp-content\/uploads\/2025\/06\/alienacao-contra-a-mae_freepik.jpeg\",\"keywords\":[\"aliena\u00e7\u00e3o parental\",\"estupidez\",\"justi\u00e7a\",\"tortura\",\"viol\u00eancia f\u00edsica\",\"Viol\u00eancia Sexual\",\"vulner\u00e1veis\"],\"articleSection\":[\"Comportamento &amp; Equil\u00edbrio\"],\"inLanguage\":\"pt-BR\",\"potentialAction\":[{\"@type\":\"CommentAction\",\"name\":\"Comment\",\"target\":[\"https:\/\/jornalfatosenoticias.com.br\/index.php\/2025\/06\/26\/estupidez-parte-ii\/#respond\"]}]},{\"@type\":\"WebPage\",\"@id\":\"https:\/\/jornalfatosenoticias.com.br\/index.php\/2025\/06\/26\/estupidez-parte-ii\/\",\"url\":\"https:\/\/jornalfatosenoticias.com.br\/index.php\/2025\/06\/26\/estupidez-parte-ii\/\",\"name\":\"Estupidez \u2014 Parte II - Jornal Fatos e Not\u00edcias\",\"isPartOf\":{\"@id\":\"https:\/\/jornalfatosenoticias.com.br\/#website\"},\"primaryImageOfPage\":{\"@id\":\"https:\/\/jornalfatosenoticias.com.br\/index.php\/2025\/06\/26\/estupidez-parte-ii\/#primaryimage\"},\"image\":{\"@id\":\"https:\/\/jornalfatosenoticias.com.br\/index.php\/2025\/06\/26\/estupidez-parte-ii\/#primaryimage\"},\"thumbnailUrl\":\"https:\/\/jornalfatosenoticias.com.br\/wp-content\/uploads\/2025\/06\/alienacao-contra-a-mae_freepik.jpeg\",\"datePublished\":\"2025-06-26T18:25:48+00:00\",\"dateModified\":\"2025-06-26T18:25:50+00:00\",\"breadcrumb\":{\"@id\":\"https:\/\/jornalfatosenoticias.com.br\/index.php\/2025\/06\/26\/estupidez-parte-ii\/#breadcrumb\"},\"inLanguage\":\"pt-BR\",\"potentialAction\":[{\"@type\":\"ReadAction\",\"target\":[\"https:\/\/jornalfatosenoticias.com.br\/index.php\/2025\/06\/26\/estupidez-parte-ii\/\"]}]},{\"@type\":\"ImageObject\",\"inLanguage\":\"pt-BR\",\"@id\":\"https:\/\/jornalfatosenoticias.com.br\/index.php\/2025\/06\/26\/estupidez-parte-ii\/#primaryimage\",\"url\":\"https:\/\/jornalfatosenoticias.com.br\/wp-content\/uploads\/2025\/06\/alienacao-contra-a-mae_freepik.jpeg\",\"contentUrl\":\"https:\/\/jornalfatosenoticias.com.br\/wp-content\/uploads\/2025\/06\/alienacao-contra-a-mae_freepik.jpeg\",\"width\":740,\"height\":493},{\"@type\":\"BreadcrumbList\",\"@id\":\"https:\/\/jornalfatosenoticias.com.br\/index.php\/2025\/06\/26\/estupidez-parte-ii\/#breadcrumb\",\"itemListElement\":[{\"@type\":\"ListItem\",\"position\":1,\"name\":\"In\u00edcio\",\"item\":\"https:\/\/jornalfatosenoticias.com.br\/\"},{\"@type\":\"ListItem\",\"position\":2,\"name\":\"Estupidez \u2014 Parte II\"}]},{\"@type\":\"WebSite\",\"@id\":\"https:\/\/jornalfatosenoticias.com.br\/#website\",\"url\":\"https:\/\/jornalfatosenoticias.com.br\/\",\"name\":\"Jornal Fatos e Not\u00edcias\",\"description\":\"Not\u00edcias em geral\",\"publisher\":{\"@id\":\"https:\/\/jornalfatosenoticias.com.br\/#organization\"},\"potentialAction\":[{\"@type\":\"SearchAction\",\"target\":{\"@type\":\"EntryPoint\",\"urlTemplate\":\"https:\/\/jornalfatosenoticias.com.br\/?s={search_term_string}\"},\"query-input\":{\"@type\":\"PropertyValueSpecification\",\"valueRequired\":true,\"valueName\":\"search_term_string\"}}],\"inLanguage\":\"pt-BR\"},{\"@type\":\"Organization\",\"@id\":\"https:\/\/jornalfatosenoticias.com.br\/#organization\",\"name\":\"Jornal Fatos e Not\u00edcias\",\"url\":\"https:\/\/jornalfatosenoticias.com.br\/\",\"logo\":{\"@type\":\"ImageObject\",\"inLanguage\":\"pt-BR\",\"@id\":\"https:\/\/jornalfatosenoticias.com.br\/#\/schema\/logo\/image\/\",\"url\":\"https:\/\/jornalfatosenoticias.com.br\/wp-content\/uploads\/2020\/02\/logo120.png\",\"contentUrl\":\"https:\/\/jornalfatosenoticias.com.br\/wp-content\/uploads\/2020\/02\/logo120.png\",\"width\":1227,\"height\":120,\"caption\":\"Jornal Fatos e Not\u00edcias\"},\"image\":{\"@id\":\"https:\/\/jornalfatosenoticias.com.br\/#\/schema\/logo\/image\/\"}},{\"@type\":\"Person\",\"@id\":\"https:\/\/jornalfatosenoticias.com.br\/#\/schema\/person\/c33fcf5fb02d729d3fec92c6737a22d1\",\"name\":\"Ana Maria Iencarelli\",\"image\":{\"@type\":\"ImageObject\",\"inLanguage\":\"pt-BR\",\"@id\":\"https:\/\/jornalfatosenoticias.com.br\/#\/schema\/person\/image\/\",\"url\":\"https:\/\/jornalfatosenoticias.com.br\/wp-content\/uploads\/2020\/02\/Ana-Maria-Iencarelli-1-150x150.jpg\",\"contentUrl\":\"https:\/\/jornalfatosenoticias.com.br\/wp-content\/uploads\/2020\/02\/Ana-Maria-Iencarelli-1-150x150.jpg\",\"caption\":\"Ana Maria Iencarelli\"},\"description\":\"Psicanalista Cl\u00ednica, especializada no atendimento a Crian\u00e7as e Adolescentes. Presidente da ONG Vozes de Anjos.\",\"url\":\"https:\/\/jornalfatosenoticias.com.br\/index.php\/author\/anamaria\/\"}]}<\/script>\n<!-- \/ Yoast SEO plugin. -->","yoast_head_json":{"title":"Estupidez \u2014 Parte II - Jornal Fatos e Not\u00edcias","robots":{"index":"index","follow":"follow","max-snippet":"max-snippet:-1","max-image-preview":"max-image-preview:large","max-video-preview":"max-video-preview:-1"},"canonical":"https:\/\/jornalfatosenoticias.com.br\/index.php\/2025\/06\/26\/estupidez-parte-ii\/","og_locale":"pt_BR","og_type":"article","og_title":"Estupidez \u2014 Parte II - Jornal Fatos e Not\u00edcias","og_description":"A sensa\u00e7\u00e3o \u00e9 que nadamos e nos afogamos, num oceano de estupidez que n\u00e3o sabe o que \u00e9 a l\u00f3gica, nem mesmo o bom senso De onde surgiram as mentiras pseudot\u00e9cnicas? \u00c9 estarrecedor se deparar com arbitrariedades que se pretendem \u201cafirma\u00e7\u00f5es absolutas\u201d. S\u00e3o faladas como dogmas. Aliena\u00e7\u00e3o parental, m\u00e3e narcisista, falsas mem\u00f3rias de crian\u00e7as, constela\u00e7\u00e3o [&hellip;]","og_url":"https:\/\/jornalfatosenoticias.com.br\/index.php\/2025\/06\/26\/estupidez-parte-ii\/","og_site_name":"Jornal Fatos e Not\u00edcias","article_published_time":"2025-06-26T18:25:48+00:00","article_modified_time":"2025-06-26T18:25:50+00:00","og_image":[{"width":740,"height":493,"url":"https:\/\/jornalfatosenoticias.com.br\/wp-content\/uploads\/2025\/06\/alienacao-contra-a-mae_freepik.jpeg","type":"image\/jpeg"}],"author":"Ana Maria Iencarelli","twitter_card":"summary_large_image","twitter_misc":{"Escrito por":"Ana Maria Iencarelli","Est. tempo de leitura":"5 minutos"},"schema":{"@context":"https:\/\/schema.org","@graph":[{"@type":"Article","@id":"https:\/\/jornalfatosenoticias.com.br\/index.php\/2025\/06\/26\/estupidez-parte-ii\/#article","isPartOf":{"@id":"https:\/\/jornalfatosenoticias.com.br\/index.php\/2025\/06\/26\/estupidez-parte-ii\/"},"author":{"name":"Ana Maria Iencarelli","@id":"https:\/\/jornalfatosenoticias.com.br\/#\/schema\/person\/c33fcf5fb02d729d3fec92c6737a22d1"},"headline":"Estupidez \u2014 Parte II","datePublished":"2025-06-26T18:25:48+00:00","dateModified":"2025-06-26T18:25:50+00:00","mainEntityOfPage":{"@id":"https:\/\/jornalfatosenoticias.com.br\/index.php\/2025\/06\/26\/estupidez-parte-ii\/"},"wordCount":1015,"commentCount":0,"publisher":{"@id":"https:\/\/jornalfatosenoticias.com.br\/#organization"},"image":{"@id":"https:\/\/jornalfatosenoticias.com.br\/index.php\/2025\/06\/26\/estupidez-parte-ii\/#primaryimage"},"thumbnailUrl":"https:\/\/jornalfatosenoticias.com.br\/wp-content\/uploads\/2025\/06\/alienacao-contra-a-mae_freepik.jpeg","keywords":["aliena\u00e7\u00e3o parental","estupidez","justi\u00e7a","tortura","viol\u00eancia f\u00edsica","Viol\u00eancia Sexual","vulner\u00e1veis"],"articleSection":["Comportamento &amp; Equil\u00edbrio"],"inLanguage":"pt-BR","potentialAction":[{"@type":"CommentAction","name":"Comment","target":["https:\/\/jornalfatosenoticias.com.br\/index.php\/2025\/06\/26\/estupidez-parte-ii\/#respond"]}]},{"@type":"WebPage","@id":"https:\/\/jornalfatosenoticias.com.br\/index.php\/2025\/06\/26\/estupidez-parte-ii\/","url":"https:\/\/jornalfatosenoticias.com.br\/index.php\/2025\/06\/26\/estupidez-parte-ii\/","name":"Estupidez \u2014 Parte II - Jornal Fatos e Not\u00edcias","isPartOf":{"@id":"https:\/\/jornalfatosenoticias.com.br\/#website"},"primaryImageOfPage":{"@id":"https:\/\/jornalfatosenoticias.com.br\/index.php\/2025\/06\/26\/estupidez-parte-ii\/#primaryimage"},"image":{"@id":"https:\/\/jornalfatosenoticias.com.br\/index.php\/2025\/06\/26\/estupidez-parte-ii\/#primaryimage"},"thumbnailUrl":"https:\/\/jornalfatosenoticias.com.br\/wp-content\/uploads\/2025\/06\/alienacao-contra-a-mae_freepik.jpeg","datePublished":"2025-06-26T18:25:48+00:00","dateModified":"2025-06-26T18:25:50+00:00","breadcrumb":{"@id":"https:\/\/jornalfatosenoticias.com.br\/index.php\/2025\/06\/26\/estupidez-parte-ii\/#breadcrumb"},"inLanguage":"pt-BR","potentialAction":[{"@type":"ReadAction","target":["https:\/\/jornalfatosenoticias.com.br\/index.php\/2025\/06\/26\/estupidez-parte-ii\/"]}]},{"@type":"ImageObject","inLanguage":"pt-BR","@id":"https:\/\/jornalfatosenoticias.com.br\/index.php\/2025\/06\/26\/estupidez-parte-ii\/#primaryimage","url":"https:\/\/jornalfatosenoticias.com.br\/wp-content\/uploads\/2025\/06\/alienacao-contra-a-mae_freepik.jpeg","contentUrl":"https:\/\/jornalfatosenoticias.com.br\/wp-content\/uploads\/2025\/06\/alienacao-contra-a-mae_freepik.jpeg","width":740,"height":493},{"@type":"BreadcrumbList","@id":"https:\/\/jornalfatosenoticias.com.br\/index.php\/2025\/06\/26\/estupidez-parte-ii\/#breadcrumb","itemListElement":[{"@type":"ListItem","position":1,"name":"In\u00edcio","item":"https:\/\/jornalfatosenoticias.com.br\/"},{"@type":"ListItem","position":2,"name":"Estupidez \u2014 Parte II"}]},{"@type":"WebSite","@id":"https:\/\/jornalfatosenoticias.com.br\/#website","url":"https:\/\/jornalfatosenoticias.com.br\/","name":"Jornal Fatos e Not\u00edcias","description":"Not\u00edcias em geral","publisher":{"@id":"https:\/\/jornalfatosenoticias.com.br\/#organization"},"potentialAction":[{"@type":"SearchAction","target":{"@type":"EntryPoint","urlTemplate":"https:\/\/jornalfatosenoticias.com.br\/?s={search_term_string}"},"query-input":{"@type":"PropertyValueSpecification","valueRequired":true,"valueName":"search_term_string"}}],"inLanguage":"pt-BR"},{"@type":"Organization","@id":"https:\/\/jornalfatosenoticias.com.br\/#organization","name":"Jornal Fatos e Not\u00edcias","url":"https:\/\/jornalfatosenoticias.com.br\/","logo":{"@type":"ImageObject","inLanguage":"pt-BR","@id":"https:\/\/jornalfatosenoticias.com.br\/#\/schema\/logo\/image\/","url":"https:\/\/jornalfatosenoticias.com.br\/wp-content\/uploads\/2020\/02\/logo120.png","contentUrl":"https:\/\/jornalfatosenoticias.com.br\/wp-content\/uploads\/2020\/02\/logo120.png","width":1227,"height":120,"caption":"Jornal Fatos e Not\u00edcias"},"image":{"@id":"https:\/\/jornalfatosenoticias.com.br\/#\/schema\/logo\/image\/"}},{"@type":"Person","@id":"https:\/\/jornalfatosenoticias.com.br\/#\/schema\/person\/c33fcf5fb02d729d3fec92c6737a22d1","name":"Ana Maria Iencarelli","image":{"@type":"ImageObject","inLanguage":"pt-BR","@id":"https:\/\/jornalfatosenoticias.com.br\/#\/schema\/person\/image\/","url":"https:\/\/jornalfatosenoticias.com.br\/wp-content\/uploads\/2020\/02\/Ana-Maria-Iencarelli-1-150x150.jpg","contentUrl":"https:\/\/jornalfatosenoticias.com.br\/wp-content\/uploads\/2020\/02\/Ana-Maria-Iencarelli-1-150x150.jpg","caption":"Ana Maria Iencarelli"},"description":"Psicanalista Cl\u00ednica, especializada no atendimento a Crian\u00e7as e Adolescentes. Presidente da ONG Vozes de Anjos.","url":"https:\/\/jornalfatosenoticias.com.br\/index.php\/author\/anamaria\/"}]}},"cc_featured_image_caption":{"caption_text":" (Foto: Freepik) ","source_text":"","source_url":""},"jetpack_featured_media_url":"https:\/\/jornalfatosenoticias.com.br\/wp-content\/uploads\/2025\/06\/alienacao-contra-a-mae_freepik.jpeg","_links":{"self":[{"href":"https:\/\/jornalfatosenoticias.com.br\/index.php\/wp-json\/wp\/v2\/posts\/60222","targetHints":{"allow":["GET"]}}],"collection":[{"href":"https:\/\/jornalfatosenoticias.com.br\/index.php\/wp-json\/wp\/v2\/posts"}],"about":[{"href":"https:\/\/jornalfatosenoticias.com.br\/index.php\/wp-json\/wp\/v2\/types\/post"}],"author":[{"embeddable":true,"href":"https:\/\/jornalfatosenoticias.com.br\/index.php\/wp-json\/wp\/v2\/users\/8"}],"replies":[{"embeddable":true,"href":"https:\/\/jornalfatosenoticias.com.br\/index.php\/wp-json\/wp\/v2\/comments?post=60222"}],"version-history":[{"count":0,"href":"https:\/\/jornalfatosenoticias.com.br\/index.php\/wp-json\/wp\/v2\/posts\/60222\/revisions"}],"wp:featuredmedia":[{"embeddable":true,"href":"https:\/\/jornalfatosenoticias.com.br\/index.php\/wp-json\/wp\/v2\/media\/60225"}],"wp:attachment":[{"href":"https:\/\/jornalfatosenoticias.com.br\/index.php\/wp-json\/wp\/v2\/media?parent=60222"}],"wp:term":[{"taxonomy":"category","embeddable":true,"href":"https:\/\/jornalfatosenoticias.com.br\/index.php\/wp-json\/wp\/v2\/categories?post=60222"},{"taxonomy":"post_tag","embeddable":true,"href":"https:\/\/jornalfatosenoticias.com.br\/index.php\/wp-json\/wp\/v2\/tags?post=60222"}],"curies":[{"name":"wp","href":"https:\/\/api.w.org\/{rel}","templated":true}]}}