{"id":60236,"date":"2025-06-26T16:20:07","date_gmt":"2025-06-26T19:20:07","guid":{"rendered":"https:\/\/jornalfatosenoticias.com.br\/?p=60236"},"modified":"2025-06-26T16:20:08","modified_gmt":"2025-06-26T19:20:08","slug":"as-cinco-colunas-da-lideranca-estrategica-visao-execucao-cultura-pessoas-e-adaptacao","status":"publish","type":"post","link":"https:\/\/jornalfatosenoticias.com.br\/index.php\/2025\/06\/26\/as-cinco-colunas-da-lideranca-estrategica-visao-execucao-cultura-pessoas-e-adaptacao\/","title":{"rendered":"As cinco colunas da lideran\u00e7a estrat\u00e9gica: vis\u00e3o, execu\u00e7\u00e3o, cultura, pessoas e adapta\u00e7\u00e3o"},"content":{"rendered":"\n<p><em><span class=\"has-inline-color has-black-color\">N\u00e3o basta apenas ter uma boa ideia; \u00e9 preciso a disciplina para transform\u00e1-la em realidade, e \u00e9 a\u00ed que a lideran\u00e7a estrat\u00e9gica se destaca<\/span><\/em><\/p>\n\n\n\n<div class=\"wp-block-image\"><figure class=\"aligncenter size-large\"><a href=\"https:\/\/mizu.com.br\/\"><img loading=\"lazy\" decoding=\"async\" width=\"729\" height=\"90\" src=\"https:\/\/jornalfatosenoticias.com.br\/wp-content\/uploads\/2020\/02\/Logo_Mizu.png\" alt=\"\" class=\"wp-image-1441\" srcset=\"https:\/\/jornalfatosenoticias.com.br\/wp-content\/uploads\/2020\/02\/Logo_Mizu.png 729w, https:\/\/jornalfatosenoticias.com.br\/wp-content\/uploads\/2020\/02\/Logo_Mizu-300x37.png 300w\" sizes=\"auto, (max-width: 729px) 100vw, 729px\" \/><\/a><\/figure><\/div>\n\n\n\n<p>No din\u00e2mico cen\u00e1rio empresarial de hoje, a lideran\u00e7a estrat\u00e9gica n\u00e3o \u00e9 apenas um diferencial, mas uma necessidade premente. N\u00e3o basta apenas ter uma boa ideia; \u00e9 preciso a <strong>disciplina<\/strong> para transform\u00e1-la em realidade, e \u00e9 a\u00ed que a <strong>lideran\u00e7a estrat\u00e9gica<\/strong> se destaca. Ela atua como a b\u00fassola que orienta a organiza\u00e7\u00e3o em meio \u00e0s tempestades, garantindo que o norte seja sempre o sucesso e a sustentabilidade. Para compreendermos sua ess\u00eancia, podemos desvend\u00e1-la em cinco pilares fundamentais, as &#8220;cinco colunas&#8221; que sustentam qualquer empreendimento bem-sucedido.<\/p>\n\n\n\n<div class=\"wp-block-image\"><figure class=\"aligncenter size-large is-resized\"><a href=\"https:\/\/www.facebook.com\/postobkr\/?locale=pt_BR\"><img loading=\"lazy\" decoding=\"async\" src=\"https:\/\/jornalfatosenoticias.com.br\/wp-content\/uploads\/2023\/08\/BKR-1024x1021.jpg\" alt=\"\" class=\"wp-image-44494\" width=\"277\" height=\"276\" srcset=\"https:\/\/jornalfatosenoticias.com.br\/wp-content\/uploads\/2023\/08\/BKR-1024x1021.jpg 1024w, https:\/\/jornalfatosenoticias.com.br\/wp-content\/uploads\/2023\/08\/BKR-300x300.jpg 300w, https:\/\/jornalfatosenoticias.com.br\/wp-content\/uploads\/2023\/08\/BKR-150x150.jpg 150w, https:\/\/jornalfatosenoticias.com.br\/wp-content\/uploads\/2023\/08\/BKR-768x766.jpg 768w, https:\/\/jornalfatosenoticias.com.br\/wp-content\/uploads\/2023\/08\/BKR.jpg 1080w\" sizes=\"auto, (max-width: 277px) 100vw, 277px\" \/><\/a><\/figure><\/div>\n\n\n\n<p><strong><span class=\"has-inline-color has-vivid-purple-color\">Vis\u00e3o: onde queremos chegar?<br><\/span><\/strong>A primeira e talvez mais crucial coluna \u00e9 a <strong>Vis\u00e3o.<\/strong> Uma organiza\u00e7\u00e3o sem uma vis\u00e3o clara \u00e9 como um navio \u00e0 deriva, sem rumo definido. A l\u00edder estrat\u00e9gica \u00e9 aquela que n\u00e3o apenas enxerga o futuro desejado, mas que consegue articul\u00e1-lo de forma inspiradora e tang\u00edvel para toda a equipe. Essa vis\u00e3o deve ser ambiciosa, mas realista; desafiadora, mas alcan\u00e7\u00e1vel. Ela serve como o prop\u00f3sito maior, o farol que ilumina o caminho e motiva a todos a trabalhar em prol de um objetivo comum. Sem uma vis\u00e3o bem definida, a energia e o talento da equipe podem se dispersar, resultando em esfor\u00e7os fragmentados e resultados aqu\u00e9m do esperado.<\/p>\n\n\n\n<div class=\"wp-block-image\"><figure class=\"aligncenter size-large is-resized\"><a href=\"https:\/\/www.controlsystems.com.br\/\"><img loading=\"lazy\" decoding=\"async\" src=\"https:\/\/jornalfatosenoticias.com.br\/wp-content\/uploads\/2020\/02\/CONTROL-CS.jpg\" alt=\"\" class=\"wp-image-44991\" width=\"295\" height=\"353\" srcset=\"https:\/\/jornalfatosenoticias.com.br\/wp-content\/uploads\/2020\/02\/CONTROL-CS.jpg 834w, https:\/\/jornalfatosenoticias.com.br\/wp-content\/uploads\/2020\/02\/CONTROL-CS-250x300.jpg 250w, https:\/\/jornalfatosenoticias.com.br\/wp-content\/uploads\/2020\/02\/CONTROL-CS-768x921.jpg 768w\" sizes=\"auto, (max-width: 295px) 100vw, 295px\" \/><\/a><\/figure><\/div>\n\n\n\n<p><strong><span class=\"has-inline-color has-vivid-purple-color\">Execu\u00e7\u00e3o: como vamos chegar l\u00e1?<br><\/span><\/strong>Ter uma vis\u00e3o brilhante \u00e9 apenas metade da batalha. A segunda coluna, e talvez a mais desafiadora, \u00e9 a <strong>Execu\u00e7\u00e3o.<\/strong> \u00c9 na execu\u00e7\u00e3o que a disciplina se manifesta plenamente. Muitos planos estrat\u00e9gicos falham n\u00e3o por serem ruins, mas pela incapacidade de serem transformados em a\u00e7\u00f5es concretas e eficazes. A l\u00edder estrat\u00e9gica precisa ser uma mestra na arte de traduzir a vis\u00e3o em metas claras, responsabilidades definidas e prazos estabelecidos. Isso envolve a aloca\u00e7\u00e3o inteligente de recursos, o acompanhamento constante do progresso e a capacidade de ajustar a rota quando necess\u00e1rio. A execu\u00e7\u00e3o exige rigor, consist\u00eancia e uma dose saud\u00e1vel de teimosia para superar os obst\u00e1culos que inevitavelmente surgir\u00e3o.<\/p>\n\n\n\n<div class=\"wp-block-image\"><figure class=\"aligncenter size-large is-resized\"><a href=\"https:\/\/www.instagram.com\/gruposei\/\"><img loading=\"lazy\" decoding=\"async\" src=\"https:\/\/jornalfatosenoticias.com.br\/wp-content\/uploads\/2022\/07\/Logo-Grupo-SEI.jpg\" alt=\"\" class=\"wp-image-31973\" width=\"343\" height=\"180\" srcset=\"https:\/\/jornalfatosenoticias.com.br\/wp-content\/uploads\/2022\/07\/Logo-Grupo-SEI.jpg 713w, https:\/\/jornalfatosenoticias.com.br\/wp-content\/uploads\/2022\/07\/Logo-Grupo-SEI-300x158.jpg 300w\" sizes=\"auto, (max-width: 343px) 100vw, 343px\" \/><\/a><\/figure><\/div>\n\n\n\n<p><strong><span class=\"has-inline-color has-vivid-purple-color\">Cultura: o ambiente que nos permite florescer<br><\/span><\/strong>A terceira coluna, muitas vezes subestimada, \u00e9 a <strong>Cultura organizacional.<\/strong> Ela \u00e9 o solo onde a estrat\u00e9gia \u00e9 plantada e, se n\u00e3o for f\u00e9rtil, nada crescer\u00e1. A l\u00edder estrat\u00e9gica entende que a cultura \u00e9 o conjunto de valores, cren\u00e7as e comportamentos que permeiam a organiza\u00e7\u00e3o, influenciando diretamente a forma como as pessoas trabalham, interagem e tomam decis\u00f5es. Uma cultura forte, alinhada \u00e0 estrat\u00e9gia, fomenta a inova\u00e7\u00e3o, a colabora\u00e7\u00e3o, a responsabilidade e a resili\u00eancia. A l\u00edder estrat\u00e9gica n\u00e3o apenas molda essa cultura, mas tamb\u00e9m a vive e a promove ativamente, garantindo que os valores da empresa sejam refletidos nas atitudes di\u00e1rias de todos.<\/p>\n\n\n\n<div class=\"wp-block-image\"><figure class=\"aligncenter size-large\"><a href=\"http:\/\/www.ferrarimaquinas.com.br\/\"><img loading=\"lazy\" decoding=\"async\" width=\"300\" height=\"250\" src=\"https:\/\/jornalfatosenoticias.com.br\/wp-content\/uploads\/2022\/02\/FERRARI_MAQUINAS-E-FERRAMENTAS2.jpg\" alt=\"\" class=\"wp-image-27860\"\/><\/a><\/figure><\/div>\n\n\n\n<p><strong><span class=\"has-inline-color has-vivid-purple-color\">Pessoas: quem nos levar\u00e1 at\u00e9 l\u00e1?<br><\/span><\/strong>Nenhuma estrat\u00e9gia, por mais brilhante que seja, pode ser bem-sucedida sem as <strong>Pessoas<\/strong> certas no lugar certo. Esta \u00e9 a quarta coluna. A l\u00edder estrat\u00e9gica sabe que o capital humano \u00e9 o ativo mais valioso de qualquer organiza\u00e7\u00e3o. Isso significa atrair, desenvolver e reter talentos, garantindo que cada membro da equipe n\u00e3o apenas possua as habilidades necess\u00e1rias, mas tamb\u00e9m esteja alinhado com a vis\u00e3o e os valores da empresa. Envolve empoderar as equipes, delegar com confian\u00e7a, oferecer feedback construtivo e reconhecer o esfor\u00e7o e o desempenho. Uma boa l\u00edder estrat\u00e9gica \u00e9, acima de tudo, uma desenvolvedora de pessoas, capacitando-as para que a organiza\u00e7\u00e3o, como um todo, possa crescer e prosperar.<\/p>\n\n\n\n<div class=\"wp-block-image\"><figure class=\"aligncenter size-large is-resized\"><a href=\"https:\/\/panper.com.br\/\"><img loading=\"lazy\" decoding=\"async\" src=\"https:\/\/jornalfatosenoticias.com.br\/wp-content\/uploads\/2023\/03\/logo-Panper_portal.jpg\" alt=\"\" class=\"wp-image-40208\" width=\"309\" height=\"214\" srcset=\"https:\/\/jornalfatosenoticias.com.br\/wp-content\/uploads\/2023\/03\/logo-Panper_portal.jpg 400w, https:\/\/jornalfatosenoticias.com.br\/wp-content\/uploads\/2023\/03\/logo-Panper_portal-300x208.jpg 300w\" sizes=\"auto, (max-width: 309px) 100vw, 309px\" \/><\/a><\/figure><\/div>\n\n\n\n<p><strong><span class=\"has-inline-color has-vivid-purple-color\">Adapta\u00e7\u00e3o: como nos mantemos relevantes?<br><\/span><\/strong>Por fim, mas n\u00e3o menos importante, temos a <strong>Adapta\u00e7\u00e3o. <\/strong>Em um mundo em constante mudan\u00e7a, a rigidez \u00e9 um caminho para a obsolesc\u00eancia. A quinta coluna da lideran\u00e7a estrat\u00e9gica reside na capacidade de se ajustar, de aprender com os erros e de abra\u00e7ar a mudan\u00e7a. A l\u00edder estrat\u00e9gica n\u00e3o tem medo de revisar a estrat\u00e9gia, de experimentar novas abordagens e de pivotar quando o cen\u00e1rio externo exige. Isso requer uma mente aberta, curiosidade constante e a habilidade de transformar desafios em oportunidades. A disciplina da adapta\u00e7\u00e3o garante que a organiza\u00e7\u00e3o permane\u00e7a relevante e competitiva a longo prazo, pronta para enfrentar os desafios de amanh\u00e3.<\/p>\n\n\n\n<div class=\"wp-block-image\"><figure class=\"aligncenter size-large\"><a href=\"https:\/\/www.cesconetto.com.br\/\"><img loading=\"lazy\" decoding=\"async\" width=\"300\" height=\"250\" src=\"https:\/\/jornalfatosenoticias.com.br\/wp-content\/uploads\/2020\/02\/Banner-2.png\" alt=\"\" class=\"wp-image-43787\"\/><\/a><\/figure><\/div>\n\n\n\n<p>Portanto, a lideran\u00e7a estrat\u00e9gica \u00e9 a arte de harmonizar essas cinco colunas: ter uma <strong>Vis\u00e3o <\/strong>clara, ser implac\u00e1vel na <strong>Execu\u00e7\u00e3o,<\/strong> cultivar uma <strong>Cultura<\/strong> robusta, valorizar e desenvolver suas <strong>Pessoas<\/strong> e ter a capacidade de <strong>Adapta\u00e7\u00e3o<\/strong> cont\u00ednua. \u00c9 a disciplina de equilibrar o planejamento com a a\u00e7\u00e3o, a inspira\u00e7\u00e3o com a realidade. Quando esses pilares est\u00e3o bem alicer\u00e7ados, a liberdade de inovar, crescer e prosperar se torna uma consequ\u00eancia natural.<\/p>\n\n\n\n<div class=\"wp-block-image\"><figure class=\"aligncenter size-large is-resized\"><a href=\"https:\/\/www.facebook.com\/vetor.vix\/\"><img loading=\"lazy\" decoding=\"async\" src=\"https:\/\/jornalfatosenoticias.com.br\/wp-content\/uploads\/2023\/09\/vetorvix1024_1.jpg\" alt=\"\" class=\"wp-image-44868\" width=\"531\" height=\"141\" srcset=\"https:\/\/jornalfatosenoticias.com.br\/wp-content\/uploads\/2023\/09\/vetorvix1024_1.jpg 1024w, https:\/\/jornalfatosenoticias.com.br\/wp-content\/uploads\/2023\/09\/vetorvix1024_1-300x80.jpg 300w, https:\/\/jornalfatosenoticias.com.br\/wp-content\/uploads\/2023\/09\/vetorvix1024_1-768x205.jpg 768w\" sizes=\"auto, (max-width: 531px) 100vw, 531px\" \/><\/a><\/figure><\/div>\n","protected":false},"excerpt":{"rendered":"<p>N\u00e3o basta apenas ter uma boa ideia; \u00e9 preciso a disciplina para transform\u00e1-la em realidade, e \u00e9 a\u00ed que a lideran\u00e7a estrat\u00e9gica se destaca No din\u00e2mico cen\u00e1rio empresarial de hoje, a lideran\u00e7a estrat\u00e9gica n\u00e3o \u00e9 apenas um diferencial, mas uma necessidade premente. N\u00e3o basta apenas ter uma boa ideia; \u00e9 preciso a disciplina para transform\u00e1-la [&hellip;]<\/p>\n","protected":false},"author":37,"featured_media":60237,"comment_status":"open","ping_status":"open","sticky":false,"template":"","format":"standard","meta":{"footnotes":""},"categories":[5],"tags":[5940,11680,27476,4929],"class_list":["post-60236","post","type-post","status-publish","format-standard","has-post-thumbnail","hentry","category-geral","tag-adaptacao","tag-disciplina","tag-lideranca-estrategica","tag-visao"],"yoast_head":"<!-- This site is optimized with the Yoast SEO plugin v26.5 - https:\/\/yoast.com\/wordpress\/plugins\/seo\/ -->\n<title>As cinco colunas da lideran\u00e7a estrat\u00e9gica: vis\u00e3o, execu\u00e7\u00e3o, cultura, pessoas e adapta\u00e7\u00e3o - Jornal Fatos e Not\u00edcias<\/title>\n<meta name=\"robots\" content=\"index, follow, max-snippet:-1, max-image-preview:large, max-video-preview:-1\" \/>\n<link rel=\"canonical\" href=\"https:\/\/jornalfatosenoticias.com.br\/index.php\/2025\/06\/26\/as-cinco-colunas-da-lideranca-estrategica-visao-execucao-cultura-pessoas-e-adaptacao\/\" \/>\n<meta property=\"og:locale\" content=\"pt_BR\" \/>\n<meta property=\"og:type\" content=\"article\" \/>\n<meta property=\"og:title\" content=\"As cinco colunas da lideran\u00e7a estrat\u00e9gica: vis\u00e3o, execu\u00e7\u00e3o, cultura, pessoas e adapta\u00e7\u00e3o - Jornal Fatos e Not\u00edcias\" \/>\n<meta property=\"og:description\" content=\"N\u00e3o basta apenas ter uma boa ideia; \u00e9 preciso a disciplina para transform\u00e1-la em realidade, e \u00e9 a\u00ed que a lideran\u00e7a estrat\u00e9gica se destaca No din\u00e2mico cen\u00e1rio empresarial de hoje, a lideran\u00e7a estrat\u00e9gica n\u00e3o \u00e9 apenas um diferencial, mas uma necessidade premente. N\u00e3o basta apenas ter uma boa ideia; \u00e9 preciso a disciplina para transform\u00e1-la [&hellip;]\" \/>\n<meta property=\"og:url\" content=\"https:\/\/jornalfatosenoticias.com.br\/index.php\/2025\/06\/26\/as-cinco-colunas-da-lideranca-estrategica-visao-execucao-cultura-pessoas-e-adaptacao\/\" \/>\n<meta property=\"og:site_name\" content=\"Jornal Fatos e Not\u00edcias\" \/>\n<meta property=\"article:published_time\" content=\"2025-06-26T19:20:07+00:00\" \/>\n<meta property=\"article:modified_time\" content=\"2025-06-26T19:20:08+00:00\" \/>\n<meta property=\"og:image\" content=\"https:\/\/jornalfatosenoticias.com.br\/wp-content\/uploads\/2025\/06\/lideranca-estrategica_freepik.jpg\" \/>\n\t<meta property=\"og:image:width\" content=\"678\" \/>\n\t<meta property=\"og:image:height\" content=\"1000\" \/>\n\t<meta property=\"og:image:type\" content=\"image\/jpeg\" \/>\n<meta name=\"author\" content=\"Milena Rohr\" \/>\n<meta name=\"twitter:card\" content=\"summary_large_image\" \/>\n<meta name=\"twitter:label1\" content=\"Escrito por\" \/>\n\t<meta name=\"twitter:data1\" content=\"Milena Rohr\" \/>\n\t<meta name=\"twitter:label2\" content=\"Est. tempo de leitura\" \/>\n\t<meta name=\"twitter:data2\" content=\"4 minutos\" \/>\n<script type=\"application\/ld+json\" class=\"yoast-schema-graph\">{\"@context\":\"https:\/\/schema.org\",\"@graph\":[{\"@type\":\"Article\",\"@id\":\"https:\/\/jornalfatosenoticias.com.br\/index.php\/2025\/06\/26\/as-cinco-colunas-da-lideranca-estrategica-visao-execucao-cultura-pessoas-e-adaptacao\/#article\",\"isPartOf\":{\"@id\":\"https:\/\/jornalfatosenoticias.com.br\/index.php\/2025\/06\/26\/as-cinco-colunas-da-lideranca-estrategica-visao-execucao-cultura-pessoas-e-adaptacao\/\"},\"author\":{\"name\":\"Milena Rohr\",\"@id\":\"https:\/\/jornalfatosenoticias.com.br\/#\/schema\/person\/bd76a40517f387e41cc072b0d3c7d627\"},\"headline\":\"As cinco colunas da lideran\u00e7a estrat\u00e9gica: vis\u00e3o, execu\u00e7\u00e3o, cultura, pessoas e adapta\u00e7\u00e3o\",\"datePublished\":\"2025-06-26T19:20:07+00:00\",\"dateModified\":\"2025-06-26T19:20:08+00:00\",\"mainEntityOfPage\":{\"@id\":\"https:\/\/jornalfatosenoticias.com.br\/index.php\/2025\/06\/26\/as-cinco-colunas-da-lideranca-estrategica-visao-execucao-cultura-pessoas-e-adaptacao\/\"},\"wordCount\":838,\"commentCount\":0,\"publisher\":{\"@id\":\"https:\/\/jornalfatosenoticias.com.br\/#organization\"},\"image\":{\"@id\":\"https:\/\/jornalfatosenoticias.com.br\/index.php\/2025\/06\/26\/as-cinco-colunas-da-lideranca-estrategica-visao-execucao-cultura-pessoas-e-adaptacao\/#primaryimage\"},\"thumbnailUrl\":\"https:\/\/jornalfatosenoticias.com.br\/wp-content\/uploads\/2025\/06\/lideranca-estrategica_freepik.jpg\",\"keywords\":[\"adapta\u00e7\u00e3o\",\"disciplina\",\"lideran\u00e7a estrat\u00e9gica\",\"vis\u00e3o\"],\"articleSection\":[\"Geral\"],\"inLanguage\":\"pt-BR\",\"potentialAction\":[{\"@type\":\"CommentAction\",\"name\":\"Comment\",\"target\":[\"https:\/\/jornalfatosenoticias.com.br\/index.php\/2025\/06\/26\/as-cinco-colunas-da-lideranca-estrategica-visao-execucao-cultura-pessoas-e-adaptacao\/#respond\"]}]},{\"@type\":\"WebPage\",\"@id\":\"https:\/\/jornalfatosenoticias.com.br\/index.php\/2025\/06\/26\/as-cinco-colunas-da-lideranca-estrategica-visao-execucao-cultura-pessoas-e-adaptacao\/\",\"url\":\"https:\/\/jornalfatosenoticias.com.br\/index.php\/2025\/06\/26\/as-cinco-colunas-da-lideranca-estrategica-visao-execucao-cultura-pessoas-e-adaptacao\/\",\"name\":\"As cinco colunas da lideran\u00e7a estrat\u00e9gica: vis\u00e3o, execu\u00e7\u00e3o, cultura, pessoas e adapta\u00e7\u00e3o - Jornal Fatos e Not\u00edcias\",\"isPartOf\":{\"@id\":\"https:\/\/jornalfatosenoticias.com.br\/#website\"},\"primaryImageOfPage\":{\"@id\":\"https:\/\/jornalfatosenoticias.com.br\/index.php\/2025\/06\/26\/as-cinco-colunas-da-lideranca-estrategica-visao-execucao-cultura-pessoas-e-adaptacao\/#primaryimage\"},\"image\":{\"@id\":\"https:\/\/jornalfatosenoticias.com.br\/index.php\/2025\/06\/26\/as-cinco-colunas-da-lideranca-estrategica-visao-execucao-cultura-pessoas-e-adaptacao\/#primaryimage\"},\"thumbnailUrl\":\"https:\/\/jornalfatosenoticias.com.br\/wp-content\/uploads\/2025\/06\/lideranca-estrategica_freepik.jpg\",\"datePublished\":\"2025-06-26T19:20:07+00:00\",\"dateModified\":\"2025-06-26T19:20:08+00:00\",\"breadcrumb\":{\"@id\":\"https:\/\/jornalfatosenoticias.com.br\/index.php\/2025\/06\/26\/as-cinco-colunas-da-lideranca-estrategica-visao-execucao-cultura-pessoas-e-adaptacao\/#breadcrumb\"},\"inLanguage\":\"pt-BR\",\"potentialAction\":[{\"@type\":\"ReadAction\",\"target\":[\"https:\/\/jornalfatosenoticias.com.br\/index.php\/2025\/06\/26\/as-cinco-colunas-da-lideranca-estrategica-visao-execucao-cultura-pessoas-e-adaptacao\/\"]}]},{\"@type\":\"ImageObject\",\"inLanguage\":\"pt-BR\",\"@id\":\"https:\/\/jornalfatosenoticias.com.br\/index.php\/2025\/06\/26\/as-cinco-colunas-da-lideranca-estrategica-visao-execucao-cultura-pessoas-e-adaptacao\/#primaryimage\",\"url\":\"https:\/\/jornalfatosenoticias.com.br\/wp-content\/uploads\/2025\/06\/lideranca-estrategica_freepik.jpg\",\"contentUrl\":\"https:\/\/jornalfatosenoticias.com.br\/wp-content\/uploads\/2025\/06\/lideranca-estrategica_freepik.jpg\",\"width\":678,\"height\":1000,\"caption\":\"Business success concept with chessboard on wooden and foggy background side view. man placing figure on pyramid of blocks.\"},{\"@type\":\"BreadcrumbList\",\"@id\":\"https:\/\/jornalfatosenoticias.com.br\/index.php\/2025\/06\/26\/as-cinco-colunas-da-lideranca-estrategica-visao-execucao-cultura-pessoas-e-adaptacao\/#breadcrumb\",\"itemListElement\":[{\"@type\":\"ListItem\",\"position\":1,\"name\":\"In\u00edcio\",\"item\":\"https:\/\/jornalfatosenoticias.com.br\/\"},{\"@type\":\"ListItem\",\"position\":2,\"name\":\"As cinco colunas da lideran\u00e7a estrat\u00e9gica: vis\u00e3o, execu\u00e7\u00e3o, cultura, pessoas e adapta\u00e7\u00e3o\"}]},{\"@type\":\"WebSite\",\"@id\":\"https:\/\/jornalfatosenoticias.com.br\/#website\",\"url\":\"https:\/\/jornalfatosenoticias.com.br\/\",\"name\":\"Jornal Fatos e Not\u00edcias\",\"description\":\"Not\u00edcias em geral\",\"publisher\":{\"@id\":\"https:\/\/jornalfatosenoticias.com.br\/#organization\"},\"potentialAction\":[{\"@type\":\"SearchAction\",\"target\":{\"@type\":\"EntryPoint\",\"urlTemplate\":\"https:\/\/jornalfatosenoticias.com.br\/?s={search_term_string}\"},\"query-input\":{\"@type\":\"PropertyValueSpecification\",\"valueRequired\":true,\"valueName\":\"search_term_string\"}}],\"inLanguage\":\"pt-BR\"},{\"@type\":\"Organization\",\"@id\":\"https:\/\/jornalfatosenoticias.com.br\/#organization\",\"name\":\"Jornal Fatos e Not\u00edcias\",\"url\":\"https:\/\/jornalfatosenoticias.com.br\/\",\"logo\":{\"@type\":\"ImageObject\",\"inLanguage\":\"pt-BR\",\"@id\":\"https:\/\/jornalfatosenoticias.com.br\/#\/schema\/logo\/image\/\",\"url\":\"https:\/\/jornalfatosenoticias.com.br\/wp-content\/uploads\/2020\/02\/logo120.png\",\"contentUrl\":\"https:\/\/jornalfatosenoticias.com.br\/wp-content\/uploads\/2020\/02\/logo120.png\",\"width\":1227,\"height\":120,\"caption\":\"Jornal Fatos e Not\u00edcias\"},\"image\":{\"@id\":\"https:\/\/jornalfatosenoticias.com.br\/#\/schema\/logo\/image\/\"}},{\"@type\":\"Person\",\"@id\":\"https:\/\/jornalfatosenoticias.com.br\/#\/schema\/person\/bd76a40517f387e41cc072b0d3c7d627\",\"name\":\"Milena Rohr\",\"image\":{\"@type\":\"ImageObject\",\"inLanguage\":\"pt-BR\",\"@id\":\"https:\/\/jornalfatosenoticias.com.br\/#\/schema\/person\/image\/\",\"url\":\"https:\/\/jornalfatosenoticias.com.br\/wp-content\/uploads\/2026\/03\/Milena-Rohr_portal-150x150.jpg\",\"contentUrl\":\"https:\/\/jornalfatosenoticias.com.br\/wp-content\/uploads\/2026\/03\/Milena-Rohr_portal-150x150.jpg\",\"caption\":\"Milena Rohr\"},\"description\":\"Milena Rohr S\u00f3cia e diretora do MasterMind (Funda\u00e7\u00e3o Napoleon Hill), Gestora Empresarial, Embaixadora do BNI, Palestrante, Escritora, Colunista e Mentora FRST do Grupo Falconi\",\"url\":\"https:\/\/jornalfatosenoticias.com.br\/index.php\/author\/milena-rhor\/\"}]}<\/script>\n<!-- \/ Yoast SEO plugin. -->","yoast_head_json":{"title":"As cinco colunas da lideran\u00e7a estrat\u00e9gica: vis\u00e3o, execu\u00e7\u00e3o, cultura, pessoas e adapta\u00e7\u00e3o - Jornal Fatos e Not\u00edcias","robots":{"index":"index","follow":"follow","max-snippet":"max-snippet:-1","max-image-preview":"max-image-preview:large","max-video-preview":"max-video-preview:-1"},"canonical":"https:\/\/jornalfatosenoticias.com.br\/index.php\/2025\/06\/26\/as-cinco-colunas-da-lideranca-estrategica-visao-execucao-cultura-pessoas-e-adaptacao\/","og_locale":"pt_BR","og_type":"article","og_title":"As cinco colunas da lideran\u00e7a estrat\u00e9gica: vis\u00e3o, execu\u00e7\u00e3o, cultura, pessoas e adapta\u00e7\u00e3o - Jornal Fatos e Not\u00edcias","og_description":"N\u00e3o basta apenas ter uma boa ideia; \u00e9 preciso a disciplina para transform\u00e1-la em realidade, e \u00e9 a\u00ed que a lideran\u00e7a estrat\u00e9gica se destaca No din\u00e2mico cen\u00e1rio empresarial de hoje, a lideran\u00e7a estrat\u00e9gica n\u00e3o \u00e9 apenas um diferencial, mas uma necessidade premente. N\u00e3o basta apenas ter uma boa ideia; \u00e9 preciso a disciplina para transform\u00e1-la [&hellip;]","og_url":"https:\/\/jornalfatosenoticias.com.br\/index.php\/2025\/06\/26\/as-cinco-colunas-da-lideranca-estrategica-visao-execucao-cultura-pessoas-e-adaptacao\/","og_site_name":"Jornal Fatos e Not\u00edcias","article_published_time":"2025-06-26T19:20:07+00:00","article_modified_time":"2025-06-26T19:20:08+00:00","og_image":[{"width":678,"height":1000,"url":"https:\/\/jornalfatosenoticias.com.br\/wp-content\/uploads\/2025\/06\/lideranca-estrategica_freepik.jpg","type":"image\/jpeg"}],"author":"Milena Rohr","twitter_card":"summary_large_image","twitter_misc":{"Escrito por":"Milena Rohr","Est. tempo de leitura":"4 minutos"},"schema":{"@context":"https:\/\/schema.org","@graph":[{"@type":"Article","@id":"https:\/\/jornalfatosenoticias.com.br\/index.php\/2025\/06\/26\/as-cinco-colunas-da-lideranca-estrategica-visao-execucao-cultura-pessoas-e-adaptacao\/#article","isPartOf":{"@id":"https:\/\/jornalfatosenoticias.com.br\/index.php\/2025\/06\/26\/as-cinco-colunas-da-lideranca-estrategica-visao-execucao-cultura-pessoas-e-adaptacao\/"},"author":{"name":"Milena Rohr","@id":"https:\/\/jornalfatosenoticias.com.br\/#\/schema\/person\/bd76a40517f387e41cc072b0d3c7d627"},"headline":"As cinco colunas da lideran\u00e7a estrat\u00e9gica: vis\u00e3o, execu\u00e7\u00e3o, cultura, pessoas e adapta\u00e7\u00e3o","datePublished":"2025-06-26T19:20:07+00:00","dateModified":"2025-06-26T19:20:08+00:00","mainEntityOfPage":{"@id":"https:\/\/jornalfatosenoticias.com.br\/index.php\/2025\/06\/26\/as-cinco-colunas-da-lideranca-estrategica-visao-execucao-cultura-pessoas-e-adaptacao\/"},"wordCount":838,"commentCount":0,"publisher":{"@id":"https:\/\/jornalfatosenoticias.com.br\/#organization"},"image":{"@id":"https:\/\/jornalfatosenoticias.com.br\/index.php\/2025\/06\/26\/as-cinco-colunas-da-lideranca-estrategica-visao-execucao-cultura-pessoas-e-adaptacao\/#primaryimage"},"thumbnailUrl":"https:\/\/jornalfatosenoticias.com.br\/wp-content\/uploads\/2025\/06\/lideranca-estrategica_freepik.jpg","keywords":["adapta\u00e7\u00e3o","disciplina","lideran\u00e7a estrat\u00e9gica","vis\u00e3o"],"articleSection":["Geral"],"inLanguage":"pt-BR","potentialAction":[{"@type":"CommentAction","name":"Comment","target":["https:\/\/jornalfatosenoticias.com.br\/index.php\/2025\/06\/26\/as-cinco-colunas-da-lideranca-estrategica-visao-execucao-cultura-pessoas-e-adaptacao\/#respond"]}]},{"@type":"WebPage","@id":"https:\/\/jornalfatosenoticias.com.br\/index.php\/2025\/06\/26\/as-cinco-colunas-da-lideranca-estrategica-visao-execucao-cultura-pessoas-e-adaptacao\/","url":"https:\/\/jornalfatosenoticias.com.br\/index.php\/2025\/06\/26\/as-cinco-colunas-da-lideranca-estrategica-visao-execucao-cultura-pessoas-e-adaptacao\/","name":"As cinco colunas da lideran\u00e7a estrat\u00e9gica: vis\u00e3o, execu\u00e7\u00e3o, cultura, pessoas e adapta\u00e7\u00e3o - Jornal Fatos e Not\u00edcias","isPartOf":{"@id":"https:\/\/jornalfatosenoticias.com.br\/#website"},"primaryImageOfPage":{"@id":"https:\/\/jornalfatosenoticias.com.br\/index.php\/2025\/06\/26\/as-cinco-colunas-da-lideranca-estrategica-visao-execucao-cultura-pessoas-e-adaptacao\/#primaryimage"},"image":{"@id":"https:\/\/jornalfatosenoticias.com.br\/index.php\/2025\/06\/26\/as-cinco-colunas-da-lideranca-estrategica-visao-execucao-cultura-pessoas-e-adaptacao\/#primaryimage"},"thumbnailUrl":"https:\/\/jornalfatosenoticias.com.br\/wp-content\/uploads\/2025\/06\/lideranca-estrategica_freepik.jpg","datePublished":"2025-06-26T19:20:07+00:00","dateModified":"2025-06-26T19:20:08+00:00","breadcrumb":{"@id":"https:\/\/jornalfatosenoticias.com.br\/index.php\/2025\/06\/26\/as-cinco-colunas-da-lideranca-estrategica-visao-execucao-cultura-pessoas-e-adaptacao\/#breadcrumb"},"inLanguage":"pt-BR","potentialAction":[{"@type":"ReadAction","target":["https:\/\/jornalfatosenoticias.com.br\/index.php\/2025\/06\/26\/as-cinco-colunas-da-lideranca-estrategica-visao-execucao-cultura-pessoas-e-adaptacao\/"]}]},{"@type":"ImageObject","inLanguage":"pt-BR","@id":"https:\/\/jornalfatosenoticias.com.br\/index.php\/2025\/06\/26\/as-cinco-colunas-da-lideranca-estrategica-visao-execucao-cultura-pessoas-e-adaptacao\/#primaryimage","url":"https:\/\/jornalfatosenoticias.com.br\/wp-content\/uploads\/2025\/06\/lideranca-estrategica_freepik.jpg","contentUrl":"https:\/\/jornalfatosenoticias.com.br\/wp-content\/uploads\/2025\/06\/lideranca-estrategica_freepik.jpg","width":678,"height":1000,"caption":"Business success concept with chessboard on wooden and foggy background side view. man placing figure on pyramid of blocks."},{"@type":"BreadcrumbList","@id":"https:\/\/jornalfatosenoticias.com.br\/index.php\/2025\/06\/26\/as-cinco-colunas-da-lideranca-estrategica-visao-execucao-cultura-pessoas-e-adaptacao\/#breadcrumb","itemListElement":[{"@type":"ListItem","position":1,"name":"In\u00edcio","item":"https:\/\/jornalfatosenoticias.com.br\/"},{"@type":"ListItem","position":2,"name":"As cinco colunas da lideran\u00e7a estrat\u00e9gica: vis\u00e3o, execu\u00e7\u00e3o, cultura, pessoas e adapta\u00e7\u00e3o"}]},{"@type":"WebSite","@id":"https:\/\/jornalfatosenoticias.com.br\/#website","url":"https:\/\/jornalfatosenoticias.com.br\/","name":"Jornal Fatos e Not\u00edcias","description":"Not\u00edcias em geral","publisher":{"@id":"https:\/\/jornalfatosenoticias.com.br\/#organization"},"potentialAction":[{"@type":"SearchAction","target":{"@type":"EntryPoint","urlTemplate":"https:\/\/jornalfatosenoticias.com.br\/?s={search_term_string}"},"query-input":{"@type":"PropertyValueSpecification","valueRequired":true,"valueName":"search_term_string"}}],"inLanguage":"pt-BR"},{"@type":"Organization","@id":"https:\/\/jornalfatosenoticias.com.br\/#organization","name":"Jornal Fatos e Not\u00edcias","url":"https:\/\/jornalfatosenoticias.com.br\/","logo":{"@type":"ImageObject","inLanguage":"pt-BR","@id":"https:\/\/jornalfatosenoticias.com.br\/#\/schema\/logo\/image\/","url":"https:\/\/jornalfatosenoticias.com.br\/wp-content\/uploads\/2020\/02\/logo120.png","contentUrl":"https:\/\/jornalfatosenoticias.com.br\/wp-content\/uploads\/2020\/02\/logo120.png","width":1227,"height":120,"caption":"Jornal Fatos e Not\u00edcias"},"image":{"@id":"https:\/\/jornalfatosenoticias.com.br\/#\/schema\/logo\/image\/"}},{"@type":"Person","@id":"https:\/\/jornalfatosenoticias.com.br\/#\/schema\/person\/bd76a40517f387e41cc072b0d3c7d627","name":"Milena Rohr","image":{"@type":"ImageObject","inLanguage":"pt-BR","@id":"https:\/\/jornalfatosenoticias.com.br\/#\/schema\/person\/image\/","url":"https:\/\/jornalfatosenoticias.com.br\/wp-content\/uploads\/2026\/03\/Milena-Rohr_portal-150x150.jpg","contentUrl":"https:\/\/jornalfatosenoticias.com.br\/wp-content\/uploads\/2026\/03\/Milena-Rohr_portal-150x150.jpg","caption":"Milena Rohr"},"description":"Milena Rohr S\u00f3cia e diretora do MasterMind (Funda\u00e7\u00e3o Napoleon Hill), Gestora Empresarial, Embaixadora do BNI, Palestrante, Escritora, Colunista e Mentora FRST do Grupo Falconi","url":"https:\/\/jornalfatosenoticias.com.br\/index.php\/author\/milena-rhor\/"}]}},"cc_featured_image_caption":{"caption_text":"(Foto: Freepik) ","source_text":"","source_url":""},"jetpack_featured_media_url":"https:\/\/jornalfatosenoticias.com.br\/wp-content\/uploads\/2025\/06\/lideranca-estrategica_freepik.jpg","_links":{"self":[{"href":"https:\/\/jornalfatosenoticias.com.br\/index.php\/wp-json\/wp\/v2\/posts\/60236","targetHints":{"allow":["GET"]}}],"collection":[{"href":"https:\/\/jornalfatosenoticias.com.br\/index.php\/wp-json\/wp\/v2\/posts"}],"about":[{"href":"https:\/\/jornalfatosenoticias.com.br\/index.php\/wp-json\/wp\/v2\/types\/post"}],"author":[{"embeddable":true,"href":"https:\/\/jornalfatosenoticias.com.br\/index.php\/wp-json\/wp\/v2\/users\/37"}],"replies":[{"embeddable":true,"href":"https:\/\/jornalfatosenoticias.com.br\/index.php\/wp-json\/wp\/v2\/comments?post=60236"}],"version-history":[{"count":0,"href":"https:\/\/jornalfatosenoticias.com.br\/index.php\/wp-json\/wp\/v2\/posts\/60236\/revisions"}],"wp:featuredmedia":[{"embeddable":true,"href":"https:\/\/jornalfatosenoticias.com.br\/index.php\/wp-json\/wp\/v2\/media\/60237"}],"wp:attachment":[{"href":"https:\/\/jornalfatosenoticias.com.br\/index.php\/wp-json\/wp\/v2\/media?parent=60236"}],"wp:term":[{"taxonomy":"category","embeddable":true,"href":"https:\/\/jornalfatosenoticias.com.br\/index.php\/wp-json\/wp\/v2\/categories?post=60236"},{"taxonomy":"post_tag","embeddable":true,"href":"https:\/\/jornalfatosenoticias.com.br\/index.php\/wp-json\/wp\/v2\/tags?post=60236"}],"curies":[{"name":"wp","href":"https:\/\/api.w.org\/{rel}","templated":true}]}}