{"id":60260,"date":"2025-06-27T14:36:16","date_gmt":"2025-06-27T17:36:16","guid":{"rendered":"https:\/\/jornalfatosenoticias.com.br\/?p=60260"},"modified":"2025-06-27T14:36:18","modified_gmt":"2025-06-27T17:36:18","slug":"meta-e-oakley-anunciam-oculos-inteligentes-estilosos-e-que-gravam-em-3k","status":"publish","type":"post","link":"https:\/\/jornalfatosenoticias.com.br\/index.php\/2025\/06\/27\/meta-e-oakley-anunciam-oculos-inteligentes-estilosos-e-que-gravam-em-3k\/","title":{"rendered":"Meta e Oakley anunciam \u00f3culos inteligentes, \u201cestilosos\u201d e que gravam em 3K"},"content":{"rendered":"\n<p><em><span class=\"has-inline-color has-black-color\"><a href=\"https:\/\/tecnoblog.net\/noticias\/meta-e-oakley-anunciam-oculos-inteligentes-estilosos-e-que-gravam-em-3k\/#\">Oakley<\/a>\u00a0Meta\u00a0<a href=\"https:\/\/tecnoblog.net\/noticias\/meta-e-oakley-anunciam-oculos-inteligentes-estilosos-e-que-gravam-em-3k\/#\">HSTN<\/a> tem pre\u00e7o sugerido entre US$ 399 e US$ 499. Al\u00e9m de gravar v\u00eddeos, <a href=\"https:\/\/tecnoblog.net\/noticias\/meta-e-oakley-anunciam-oculos-inteligentes-estilosos-e-que-gravam-em-3k\/#\">\u00f3culos<\/a> podem reproduzir \u00e1udio, fazer chamadas, entre outras a\u00e7\u00f5es<\/span><\/em><\/p>\n\n\n\n<p><span class=\"has-inline-color has-black-color\">Por <strong><a href=\"https:\/\/tecnoblog.net\/author\/emerson-alecrim\/\">Emerson Alecrim<\/a><\/strong><\/span><\/p>\n\n\n\n<div class=\"wp-block-image\"><figure class=\"aligncenter size-large is-resized\"><a href=\"https:\/\/www.facebook.com\/vetor.vix\/\"><img loading=\"lazy\" decoding=\"async\" src=\"https:\/\/jornalfatosenoticias.com.br\/wp-content\/uploads\/2023\/09\/vetorvix1024_1.jpg\" alt=\"\" class=\"wp-image-44868\" width=\"551\" height=\"146\" srcset=\"https:\/\/jornalfatosenoticias.com.br\/wp-content\/uploads\/2023\/09\/vetorvix1024_1.jpg 1024w, https:\/\/jornalfatosenoticias.com.br\/wp-content\/uploads\/2023\/09\/vetorvix1024_1-300x80.jpg 300w, https:\/\/jornalfatosenoticias.com.br\/wp-content\/uploads\/2023\/09\/vetorvix1024_1-768x205.jpg 768w\" sizes=\"auto, (max-width: 551px) 100vw, 551px\" \/><\/a><\/figure><\/div>\n\n\n\n<p>A Meta escolheu a \u00faltima sexta-feira (20) para fazer o an\u00fancio oficial de seus novos \u00f3culos inteligentes. Fruto de uma parceria com a Oakley, a novidade traz c\u00e2mera frontal, alto-falantes e microfones integrados \u00e0 arma\u00e7\u00e3o, tudo isso a pre\u00e7os que chegam a US$ 499 (R$ 2.736 na convers\u00e3o direta). Os \u00f3culos foram batizados como Oakley Meta HSTN. O produto conta com lentes arredondadas protegidas com uma arma\u00e7\u00e3o grossa, mas com linhas esportivas. Isso porque a novidade foi desenvolvida para um p\u00fablico que, al\u00e9m de esperar por recursos inteligentes, quer algo \u201cestiloso\u201d.<br>Quanto aos tais recursos inteligentes, o Oakley Meta HSTN pode ser usado para chamadas telef\u00f4nicas, grava\u00e7\u00e3o de v\u00eddeo (como se fosse uma c\u00e2mera de a\u00e7\u00e3o), reprodu\u00e7\u00e3o de m\u00fasica ou podcasts, obten\u00e7\u00e3o de informa\u00e7\u00f5es r\u00e1pidas, entre outras possibilidades. Para tanto, basta o usu\u00e1rio dar um comando de voz, como \u201chey, Meta, grave um v\u00eddeo agora\u201d. As intera\u00e7\u00f5es ser\u00e3o interpretadas e convertidas em a\u00e7\u00e3o pela Meta AI.<\/p>\n\n\n\n<div class=\"wp-block-image\"><figure class=\"aligncenter size-large is-resized\"><a href=\"https:\/\/www.facebook.com\/postobkr\/?locale=pt_BR\"><img loading=\"lazy\" decoding=\"async\" src=\"https:\/\/jornalfatosenoticias.com.br\/wp-content\/uploads\/2023\/08\/BKR-1024x1021.jpg\" alt=\"\" class=\"wp-image-44494\" width=\"273\" height=\"272\" srcset=\"https:\/\/jornalfatosenoticias.com.br\/wp-content\/uploads\/2023\/08\/BKR-1024x1021.jpg 1024w, https:\/\/jornalfatosenoticias.com.br\/wp-content\/uploads\/2023\/08\/BKR-300x300.jpg 300w, https:\/\/jornalfatosenoticias.com.br\/wp-content\/uploads\/2023\/08\/BKR-150x150.jpg 150w, https:\/\/jornalfatosenoticias.com.br\/wp-content\/uploads\/2023\/08\/BKR-768x766.jpg 768w, https:\/\/jornalfatosenoticias.com.br\/wp-content\/uploads\/2023\/08\/BKR.jpg 1080w\" sizes=\"auto, (max-width: 273px) 100vw, 273px\" \/><\/a><\/figure><\/div>\n\n\n\n<p>Falando em gravar, a Meta explica que a c\u00e2mera do Oakley Meta HSTN pode gerar v\u00eddeos em 3K, um avan\u00e7o consider\u00e1vel em rela\u00e7\u00e3o \u00e0 resolu\u00e7\u00e3o 1080p dos <a href=\"https:\/\/tecnoblog.net\/noticias\/oculos-da-meta-agora-fazem-ligacoes-de-video-pelo-whatsapp\/\">\u00f3culos feitos em parceria com a Ray-Ban<\/a>. J\u00e1 a bateria tem autonomia estimada em at\u00e9 oito horas em condi\u00e7\u00f5es de uso moderado, sendo poss\u00edvel obter 50% de carga em apenas 20 minutos. De modo complementar, o estojo dos \u00f3culos \u00e9 capaz de fornecer at\u00e9 48 horas de recarga. Os \u00f3culos contam ainda com certificado IPX4 para resist\u00eancia \u00e0 \u00e1gua.<\/p>\n\n\n\n<figure class=\"wp-block-embed-youtube wp-block-embed is-type-video is-provider-youtube wp-embed-aspect-16-9 wp-has-aspect-ratio\"><div class=\"wp-block-embed__wrapper\">\n<iframe loading=\"lazy\" title=\"Introducing Performance AI glasses by Oakley Meta\" width=\"660\" height=\"371\" src=\"https:\/\/www.youtube.com\/embed\/Wr-_neqfirc?feature=oembed\" frameborder=\"0\" allow=\"accelerometer; autoplay; clipboard-write; encrypted-media; gyroscope; picture-in-picture; web-share\" referrerpolicy=\"strict-origin-when-cross-origin\" allowfullscreen><\/iframe>\n<\/div><\/figure>\n\n\n\n<p><strong><span class=\"has-inline-color has-vivid-cyan-blue-color\">Quando o Oakley Meta HSTN ser\u00e1 lan\u00e7ado?<br><\/span><\/strong>A pr\u00e9-venda dos novos \u00f3culos inteligentes da Meta e Oakley come\u00e7ar\u00e1 em 11 de julho de 2025 nos seguintes pa\u00edses: Alemanha, Austr\u00e1lia, \u00c1ustria, B\u00e9lgica, Canad\u00e1, Dinamarca, Espanha, Estados Unidos, Finl\u00e2ndia, Fran\u00e7a, Irlanda, It\u00e1lia, Noruega, Reino Unido e Su\u00e9cia. N\u00e3o h\u00e1 previs\u00e3o de lan\u00e7amento oficial no Brasil.<\/p>\n\n\n\n<div class=\"wp-block-image\"><figure class=\"aligncenter size-large is-resized\"><a href=\"https:\/\/www.instagram.com\/serra4x4cambioautomatico\/\"><img loading=\"lazy\" decoding=\"async\" src=\"https:\/\/jornalfatosenoticias.com.br\/wp-content\/uploads\/2024\/08\/Serra-4x4-1-886x1024.jpg\" alt=\"\" class=\"wp-image-53632\" width=\"238\" height=\"275\" srcset=\"https:\/\/jornalfatosenoticias.com.br\/wp-content\/uploads\/2024\/08\/Serra-4x4-1-886x1024.jpg 886w, https:\/\/jornalfatosenoticias.com.br\/wp-content\/uploads\/2024\/08\/Serra-4x4-1-260x300.jpg 260w, https:\/\/jornalfatosenoticias.com.br\/wp-content\/uploads\/2024\/08\/Serra-4x4-1-768x888.jpg 768w, https:\/\/jornalfatosenoticias.com.br\/wp-content\/uploads\/2024\/08\/Serra-4x4-1.jpg 1181w\" sizes=\"auto, (max-width: 238px) 100vw, 238px\" \/><\/a><\/figure><\/div>\n\n\n\n<p>Nos Estados Unidos, o Oakley Meta HSTN ter\u00e1 uma edi\u00e7\u00e3o limitada com pre\u00e7o oficial de US$ 499 (R$ 2.736), mas haver\u00e1 op\u00e7\u00f5es custando a partir de US$ 399 (R$ 2.190). Os custos podem variar de acordo com as lentes escolhidas (\u00e9 o caso de quem optar por lentes de grau). Vale destacar ainda que os \u00f3culos ter\u00e3o arma\u00e7\u00e3o em quatro op\u00e7\u00f5es de cores: cinza, preta, marrom e transparente.<\/p>\n\n\n\n<div class=\"wp-block-image\"><figure class=\"aligncenter size-large is-resized\"><a href=\"https:\/\/www.facebook.com\/profile.php?id=100069289606145\"><img loading=\"lazy\" decoding=\"async\" src=\"https:\/\/jornalfatosenoticias.com.br\/wp-content\/uploads\/2024\/11\/Guaitolini-Contabilidade-1024x714.jpeg\" alt=\"\" class=\"wp-image-55808\" width=\"306\" height=\"213\" srcset=\"https:\/\/jornalfatosenoticias.com.br\/wp-content\/uploads\/2024\/11\/Guaitolini-Contabilidade-1024x714.jpeg 1024w, https:\/\/jornalfatosenoticias.com.br\/wp-content\/uploads\/2024\/11\/Guaitolini-Contabilidade-300x209.jpeg 300w, https:\/\/jornalfatosenoticias.com.br\/wp-content\/uploads\/2024\/11\/Guaitolini-Contabilidade-768x535.jpeg 768w, https:\/\/jornalfatosenoticias.com.br\/wp-content\/uploads\/2024\/11\/Guaitolini-Contabilidade.jpeg 1280w\" sizes=\"auto, (max-width: 306px) 100vw, 306px\" \/><\/a><\/figure><\/div>\n\n\n\n<p><strong>Fonte: <a href=\"https:\/\/tecnoblog.net\/noticias\/meta-e-oakley-anunciam-oculos-inteligentes-estilosos-e-que-gravam-em-3k\/\">Tecnoblog<\/a><\/strong><\/p>\n","protected":false},"excerpt":{"rendered":"<p>Oakley\u00a0Meta\u00a0HSTN tem pre\u00e7o sugerido entre US$ 399 e US$ 499. Al\u00e9m de gravar v\u00eddeos, \u00f3culos podem reproduzir \u00e1udio, fazer chamadas, entre outras a\u00e7\u00f5es Por Emerson Alecrim A Meta escolheu a \u00faltima sexta-feira (20) para fazer o an\u00fancio oficial de seus novos \u00f3culos inteligentes. Fruto de uma parceria com a Oakley, a novidade traz c\u00e2mera frontal, [&hellip;]<\/p>\n","protected":false},"author":2,"featured_media":60261,"comment_status":"open","ping_status":"open","sticky":false,"template":"","format":"standard","meta":{"footnotes":""},"categories":[3],"tags":[417,1375,597,2668,157,159,2339,119,19841,124,23082,1958,27487,7958,5305,2834,2330],"class_list":["post-60260","post","type-post","status-publish","format-standard","has-post-thumbnail","hentry","category-tecnologia","tag-alemanha","tag-australia","tag-brasil","tag-canada","tag-espanha","tag-eua","tag-finlandia","tag-franca","tag-irlanda","tag-italia","tag-meta","tag-noruega","tag-oakley","tag-oculos","tag-ray-ban","tag-reino-unido","tag-suecia"],"yoast_head":"<!-- This site is optimized with the Yoast SEO plugin v26.5 - https:\/\/yoast.com\/wordpress\/plugins\/seo\/ -->\n<title>Meta e Oakley anunciam \u00f3culos inteligentes, \u201cestilosos\u201d e que gravam em 3K - Jornal Fatos e Not\u00edcias<\/title>\n<meta name=\"robots\" content=\"index, follow, max-snippet:-1, max-image-preview:large, max-video-preview:-1\" \/>\n<link rel=\"canonical\" href=\"https:\/\/jornalfatosenoticias.com.br\/index.php\/2025\/06\/27\/meta-e-oakley-anunciam-oculos-inteligentes-estilosos-e-que-gravam-em-3k\/\" \/>\n<meta property=\"og:locale\" content=\"pt_BR\" \/>\n<meta property=\"og:type\" content=\"article\" \/>\n<meta property=\"og:title\" content=\"Meta e Oakley anunciam \u00f3culos inteligentes, \u201cestilosos\u201d e que gravam em 3K - Jornal Fatos e Not\u00edcias\" \/>\n<meta property=\"og:description\" content=\"Oakley\u00a0Meta\u00a0HSTN tem pre\u00e7o sugerido entre US$ 399 e US$ 499. Al\u00e9m de gravar v\u00eddeos, \u00f3culos podem reproduzir \u00e1udio, fazer chamadas, entre outras a\u00e7\u00f5es Por Emerson Alecrim A Meta escolheu a \u00faltima sexta-feira (20) para fazer o an\u00fancio oficial de seus novos \u00f3culos inteligentes. Fruto de uma parceria com a Oakley, a novidade traz c\u00e2mera frontal, [&hellip;]\" \/>\n<meta property=\"og:url\" content=\"https:\/\/jornalfatosenoticias.com.br\/index.php\/2025\/06\/27\/meta-e-oakley-anunciam-oculos-inteligentes-estilosos-e-que-gravam-em-3k\/\" \/>\n<meta property=\"og:site_name\" content=\"Jornal Fatos e Not\u00edcias\" \/>\n<meta property=\"article:published_time\" content=\"2025-06-27T17:36:16+00:00\" \/>\n<meta property=\"article:modified_time\" content=\"2025-06-27T17:36:18+00:00\" \/>\n<meta property=\"og:image\" content=\"https:\/\/jornalfatosenoticias.com.br\/wp-content\/uploads\/2025\/06\/oculos-meta-oakley.jpg\" \/>\n\t<meta property=\"og:image:width\" content=\"1000\" \/>\n\t<meta property=\"og:image:height\" content=\"562\" \/>\n\t<meta property=\"og:image:type\" content=\"image\/jpeg\" \/>\n<meta name=\"author\" content=\"Luzimara Fernandes\" \/>\n<meta name=\"twitter:card\" content=\"summary_large_image\" \/>\n<meta name=\"twitter:label1\" content=\"Escrito por\" \/>\n\t<meta name=\"twitter:data1\" content=\"Luzimara Fernandes\" \/>\n\t<meta name=\"twitter:label2\" content=\"Est. tempo de leitura\" \/>\n\t<meta name=\"twitter:data2\" content=\"2 minutos\" \/>\n<script type=\"application\/ld+json\" class=\"yoast-schema-graph\">{\"@context\":\"https:\/\/schema.org\",\"@graph\":[{\"@type\":\"Article\",\"@id\":\"https:\/\/jornalfatosenoticias.com.br\/index.php\/2025\/06\/27\/meta-e-oakley-anunciam-oculos-inteligentes-estilosos-e-que-gravam-em-3k\/#article\",\"isPartOf\":{\"@id\":\"https:\/\/jornalfatosenoticias.com.br\/index.php\/2025\/06\/27\/meta-e-oakley-anunciam-oculos-inteligentes-estilosos-e-que-gravam-em-3k\/\"},\"author\":{\"name\":\"Luzimara Fernandes\",\"@id\":\"https:\/\/jornalfatosenoticias.com.br\/#\/schema\/person\/d63837fa13ac8666eb9e74e0985d6f81\"},\"headline\":\"Meta e Oakley anunciam \u00f3culos inteligentes, \u201cestilosos\u201d e que gravam em 3K\",\"datePublished\":\"2025-06-27T17:36:16+00:00\",\"dateModified\":\"2025-06-27T17:36:18+00:00\",\"mainEntityOfPage\":{\"@id\":\"https:\/\/jornalfatosenoticias.com.br\/index.php\/2025\/06\/27\/meta-e-oakley-anunciam-oculos-inteligentes-estilosos-e-que-gravam-em-3k\/\"},\"wordCount\":465,\"commentCount\":0,\"publisher\":{\"@id\":\"https:\/\/jornalfatosenoticias.com.br\/#organization\"},\"image\":{\"@id\":\"https:\/\/jornalfatosenoticias.com.br\/index.php\/2025\/06\/27\/meta-e-oakley-anunciam-oculos-inteligentes-estilosos-e-que-gravam-em-3k\/#primaryimage\"},\"thumbnailUrl\":\"https:\/\/jornalfatosenoticias.com.br\/wp-content\/uploads\/2025\/06\/oculos-meta-oakley.jpg\",\"keywords\":[\"Alemanha\",\"Austr\u00e1lia\",\"Brasil\",\"Canad\u00e1\",\"Espanha\",\"EUA\",\"Finl\u00e2ndia\",\"Fran\u00e7a\",\"Irlanda\",\"It\u00e1lia\",\"meta\",\"Noruega\",\"Oakley\",\"\u00f3culos\",\"Ray-Ban\",\"Reino Unido\",\"Su\u00e9cia\"],\"articleSection\":[\"Tecnologia &amp; Inova\u00e7\u00e3o\"],\"inLanguage\":\"pt-BR\",\"potentialAction\":[{\"@type\":\"CommentAction\",\"name\":\"Comment\",\"target\":[\"https:\/\/jornalfatosenoticias.com.br\/index.php\/2025\/06\/27\/meta-e-oakley-anunciam-oculos-inteligentes-estilosos-e-que-gravam-em-3k\/#respond\"]}]},{\"@type\":\"WebPage\",\"@id\":\"https:\/\/jornalfatosenoticias.com.br\/index.php\/2025\/06\/27\/meta-e-oakley-anunciam-oculos-inteligentes-estilosos-e-que-gravam-em-3k\/\",\"url\":\"https:\/\/jornalfatosenoticias.com.br\/index.php\/2025\/06\/27\/meta-e-oakley-anunciam-oculos-inteligentes-estilosos-e-que-gravam-em-3k\/\",\"name\":\"Meta e Oakley anunciam \u00f3culos inteligentes, \u201cestilosos\u201d e que gravam em 3K - Jornal Fatos e Not\u00edcias\",\"isPartOf\":{\"@id\":\"https:\/\/jornalfatosenoticias.com.br\/#website\"},\"primaryImageOfPage\":{\"@id\":\"https:\/\/jornalfatosenoticias.com.br\/index.php\/2025\/06\/27\/meta-e-oakley-anunciam-oculos-inteligentes-estilosos-e-que-gravam-em-3k\/#primaryimage\"},\"image\":{\"@id\":\"https:\/\/jornalfatosenoticias.com.br\/index.php\/2025\/06\/27\/meta-e-oakley-anunciam-oculos-inteligentes-estilosos-e-que-gravam-em-3k\/#primaryimage\"},\"thumbnailUrl\":\"https:\/\/jornalfatosenoticias.com.br\/wp-content\/uploads\/2025\/06\/oculos-meta-oakley.jpg\",\"datePublished\":\"2025-06-27T17:36:16+00:00\",\"dateModified\":\"2025-06-27T17:36:18+00:00\",\"breadcrumb\":{\"@id\":\"https:\/\/jornalfatosenoticias.com.br\/index.php\/2025\/06\/27\/meta-e-oakley-anunciam-oculos-inteligentes-estilosos-e-que-gravam-em-3k\/#breadcrumb\"},\"inLanguage\":\"pt-BR\",\"potentialAction\":[{\"@type\":\"ReadAction\",\"target\":[\"https:\/\/jornalfatosenoticias.com.br\/index.php\/2025\/06\/27\/meta-e-oakley-anunciam-oculos-inteligentes-estilosos-e-que-gravam-em-3k\/\"]}]},{\"@type\":\"ImageObject\",\"inLanguage\":\"pt-BR\",\"@id\":\"https:\/\/jornalfatosenoticias.com.br\/index.php\/2025\/06\/27\/meta-e-oakley-anunciam-oculos-inteligentes-estilosos-e-que-gravam-em-3k\/#primaryimage\",\"url\":\"https:\/\/jornalfatosenoticias.com.br\/wp-content\/uploads\/2025\/06\/oculos-meta-oakley.jpg\",\"contentUrl\":\"https:\/\/jornalfatosenoticias.com.br\/wp-content\/uploads\/2025\/06\/oculos-meta-oakley.jpg\",\"width\":1000,\"height\":562},{\"@type\":\"BreadcrumbList\",\"@id\":\"https:\/\/jornalfatosenoticias.com.br\/index.php\/2025\/06\/27\/meta-e-oakley-anunciam-oculos-inteligentes-estilosos-e-que-gravam-em-3k\/#breadcrumb\",\"itemListElement\":[{\"@type\":\"ListItem\",\"position\":1,\"name\":\"In\u00edcio\",\"item\":\"https:\/\/jornalfatosenoticias.com.br\/\"},{\"@type\":\"ListItem\",\"position\":2,\"name\":\"Meta e Oakley anunciam \u00f3culos inteligentes, \u201cestilosos\u201d e que gravam em 3K\"}]},{\"@type\":\"WebSite\",\"@id\":\"https:\/\/jornalfatosenoticias.com.br\/#website\",\"url\":\"https:\/\/jornalfatosenoticias.com.br\/\",\"name\":\"Jornal Fatos e Not\u00edcias\",\"description\":\"Not\u00edcias em geral\",\"publisher\":{\"@id\":\"https:\/\/jornalfatosenoticias.com.br\/#organization\"},\"potentialAction\":[{\"@type\":\"SearchAction\",\"target\":{\"@type\":\"EntryPoint\",\"urlTemplate\":\"https:\/\/jornalfatosenoticias.com.br\/?s={search_term_string}\"},\"query-input\":{\"@type\":\"PropertyValueSpecification\",\"valueRequired\":true,\"valueName\":\"search_term_string\"}}],\"inLanguage\":\"pt-BR\"},{\"@type\":\"Organization\",\"@id\":\"https:\/\/jornalfatosenoticias.com.br\/#organization\",\"name\":\"Jornal Fatos e Not\u00edcias\",\"url\":\"https:\/\/jornalfatosenoticias.com.br\/\",\"logo\":{\"@type\":\"ImageObject\",\"inLanguage\":\"pt-BR\",\"@id\":\"https:\/\/jornalfatosenoticias.com.br\/#\/schema\/logo\/image\/\",\"url\":\"https:\/\/jornalfatosenoticias.com.br\/wp-content\/uploads\/2020\/02\/logo120.png\",\"contentUrl\":\"https:\/\/jornalfatosenoticias.com.br\/wp-content\/uploads\/2020\/02\/logo120.png\",\"width\":1227,\"height\":120,\"caption\":\"Jornal Fatos e Not\u00edcias\"},\"image\":{\"@id\":\"https:\/\/jornalfatosenoticias.com.br\/#\/schema\/logo\/image\/\"}},{\"@type\":\"Person\",\"@id\":\"https:\/\/jornalfatosenoticias.com.br\/#\/schema\/person\/d63837fa13ac8666eb9e74e0985d6f81\",\"name\":\"Luzimara Fernandes\",\"image\":{\"@type\":\"ImageObject\",\"inLanguage\":\"pt-BR\",\"@id\":\"https:\/\/jornalfatosenoticias.com.br\/#\/schema\/person\/image\/\",\"url\":\"https:\/\/jornalfatosenoticias.com.br\/wp-content\/uploads\/2025\/05\/EU_portal.jpg\",\"contentUrl\":\"https:\/\/jornalfatosenoticias.com.br\/wp-content\/uploads\/2025\/05\/EU_portal.jpg\",\"caption\":\"Luzimara Fernandes\"},\"description\":\"Jornalista MTB 2358-ES\",\"sameAs\":[\"https:\/\/jornalfatosenoticias.com.br\"],\"url\":\"https:\/\/jornalfatosenoticias.com.br\/index.php\/author\/luzimara\/\"}]}<\/script>\n<!-- \/ Yoast SEO plugin. -->","yoast_head_json":{"title":"Meta e Oakley anunciam \u00f3culos inteligentes, \u201cestilosos\u201d e que gravam em 3K - Jornal Fatos e Not\u00edcias","robots":{"index":"index","follow":"follow","max-snippet":"max-snippet:-1","max-image-preview":"max-image-preview:large","max-video-preview":"max-video-preview:-1"},"canonical":"https:\/\/jornalfatosenoticias.com.br\/index.php\/2025\/06\/27\/meta-e-oakley-anunciam-oculos-inteligentes-estilosos-e-que-gravam-em-3k\/","og_locale":"pt_BR","og_type":"article","og_title":"Meta e Oakley anunciam \u00f3culos inteligentes, \u201cestilosos\u201d e que gravam em 3K - Jornal Fatos e Not\u00edcias","og_description":"Oakley\u00a0Meta\u00a0HSTN tem pre\u00e7o sugerido entre US$ 399 e US$ 499. Al\u00e9m de gravar v\u00eddeos, \u00f3culos podem reproduzir \u00e1udio, fazer chamadas, entre outras a\u00e7\u00f5es Por Emerson Alecrim A Meta escolheu a \u00faltima sexta-feira (20) para fazer o an\u00fancio oficial de seus novos \u00f3culos inteligentes. Fruto de uma parceria com a Oakley, a novidade traz c\u00e2mera frontal, [&hellip;]","og_url":"https:\/\/jornalfatosenoticias.com.br\/index.php\/2025\/06\/27\/meta-e-oakley-anunciam-oculos-inteligentes-estilosos-e-que-gravam-em-3k\/","og_site_name":"Jornal Fatos e Not\u00edcias","article_published_time":"2025-06-27T17:36:16+00:00","article_modified_time":"2025-06-27T17:36:18+00:00","og_image":[{"width":1000,"height":562,"url":"https:\/\/jornalfatosenoticias.com.br\/wp-content\/uploads\/2025\/06\/oculos-meta-oakley.jpg","type":"image\/jpeg"}],"author":"Luzimara Fernandes","twitter_card":"summary_large_image","twitter_misc":{"Escrito por":"Luzimara Fernandes","Est. tempo de leitura":"2 minutos"},"schema":{"@context":"https:\/\/schema.org","@graph":[{"@type":"Article","@id":"https:\/\/jornalfatosenoticias.com.br\/index.php\/2025\/06\/27\/meta-e-oakley-anunciam-oculos-inteligentes-estilosos-e-que-gravam-em-3k\/#article","isPartOf":{"@id":"https:\/\/jornalfatosenoticias.com.br\/index.php\/2025\/06\/27\/meta-e-oakley-anunciam-oculos-inteligentes-estilosos-e-que-gravam-em-3k\/"},"author":{"name":"Luzimara Fernandes","@id":"https:\/\/jornalfatosenoticias.com.br\/#\/schema\/person\/d63837fa13ac8666eb9e74e0985d6f81"},"headline":"Meta e Oakley anunciam \u00f3culos inteligentes, \u201cestilosos\u201d e que gravam em 3K","datePublished":"2025-06-27T17:36:16+00:00","dateModified":"2025-06-27T17:36:18+00:00","mainEntityOfPage":{"@id":"https:\/\/jornalfatosenoticias.com.br\/index.php\/2025\/06\/27\/meta-e-oakley-anunciam-oculos-inteligentes-estilosos-e-que-gravam-em-3k\/"},"wordCount":465,"commentCount":0,"publisher":{"@id":"https:\/\/jornalfatosenoticias.com.br\/#organization"},"image":{"@id":"https:\/\/jornalfatosenoticias.com.br\/index.php\/2025\/06\/27\/meta-e-oakley-anunciam-oculos-inteligentes-estilosos-e-que-gravam-em-3k\/#primaryimage"},"thumbnailUrl":"https:\/\/jornalfatosenoticias.com.br\/wp-content\/uploads\/2025\/06\/oculos-meta-oakley.jpg","keywords":["Alemanha","Austr\u00e1lia","Brasil","Canad\u00e1","Espanha","EUA","Finl\u00e2ndia","Fran\u00e7a","Irlanda","It\u00e1lia","meta","Noruega","Oakley","\u00f3culos","Ray-Ban","Reino Unido","Su\u00e9cia"],"articleSection":["Tecnologia &amp; Inova\u00e7\u00e3o"],"inLanguage":"pt-BR","potentialAction":[{"@type":"CommentAction","name":"Comment","target":["https:\/\/jornalfatosenoticias.com.br\/index.php\/2025\/06\/27\/meta-e-oakley-anunciam-oculos-inteligentes-estilosos-e-que-gravam-em-3k\/#respond"]}]},{"@type":"WebPage","@id":"https:\/\/jornalfatosenoticias.com.br\/index.php\/2025\/06\/27\/meta-e-oakley-anunciam-oculos-inteligentes-estilosos-e-que-gravam-em-3k\/","url":"https:\/\/jornalfatosenoticias.com.br\/index.php\/2025\/06\/27\/meta-e-oakley-anunciam-oculos-inteligentes-estilosos-e-que-gravam-em-3k\/","name":"Meta e Oakley anunciam \u00f3culos inteligentes, \u201cestilosos\u201d e que gravam em 3K - Jornal Fatos e Not\u00edcias","isPartOf":{"@id":"https:\/\/jornalfatosenoticias.com.br\/#website"},"primaryImageOfPage":{"@id":"https:\/\/jornalfatosenoticias.com.br\/index.php\/2025\/06\/27\/meta-e-oakley-anunciam-oculos-inteligentes-estilosos-e-que-gravam-em-3k\/#primaryimage"},"image":{"@id":"https:\/\/jornalfatosenoticias.com.br\/index.php\/2025\/06\/27\/meta-e-oakley-anunciam-oculos-inteligentes-estilosos-e-que-gravam-em-3k\/#primaryimage"},"thumbnailUrl":"https:\/\/jornalfatosenoticias.com.br\/wp-content\/uploads\/2025\/06\/oculos-meta-oakley.jpg","datePublished":"2025-06-27T17:36:16+00:00","dateModified":"2025-06-27T17:36:18+00:00","breadcrumb":{"@id":"https:\/\/jornalfatosenoticias.com.br\/index.php\/2025\/06\/27\/meta-e-oakley-anunciam-oculos-inteligentes-estilosos-e-que-gravam-em-3k\/#breadcrumb"},"inLanguage":"pt-BR","potentialAction":[{"@type":"ReadAction","target":["https:\/\/jornalfatosenoticias.com.br\/index.php\/2025\/06\/27\/meta-e-oakley-anunciam-oculos-inteligentes-estilosos-e-que-gravam-em-3k\/"]}]},{"@type":"ImageObject","inLanguage":"pt-BR","@id":"https:\/\/jornalfatosenoticias.com.br\/index.php\/2025\/06\/27\/meta-e-oakley-anunciam-oculos-inteligentes-estilosos-e-que-gravam-em-3k\/#primaryimage","url":"https:\/\/jornalfatosenoticias.com.br\/wp-content\/uploads\/2025\/06\/oculos-meta-oakley.jpg","contentUrl":"https:\/\/jornalfatosenoticias.com.br\/wp-content\/uploads\/2025\/06\/oculos-meta-oakley.jpg","width":1000,"height":562},{"@type":"BreadcrumbList","@id":"https:\/\/jornalfatosenoticias.com.br\/index.php\/2025\/06\/27\/meta-e-oakley-anunciam-oculos-inteligentes-estilosos-e-que-gravam-em-3k\/#breadcrumb","itemListElement":[{"@type":"ListItem","position":1,"name":"In\u00edcio","item":"https:\/\/jornalfatosenoticias.com.br\/"},{"@type":"ListItem","position":2,"name":"Meta e Oakley anunciam \u00f3culos inteligentes, \u201cestilosos\u201d e que gravam em 3K"}]},{"@type":"WebSite","@id":"https:\/\/jornalfatosenoticias.com.br\/#website","url":"https:\/\/jornalfatosenoticias.com.br\/","name":"Jornal Fatos e Not\u00edcias","description":"Not\u00edcias em geral","publisher":{"@id":"https:\/\/jornalfatosenoticias.com.br\/#organization"},"potentialAction":[{"@type":"SearchAction","target":{"@type":"EntryPoint","urlTemplate":"https:\/\/jornalfatosenoticias.com.br\/?s={search_term_string}"},"query-input":{"@type":"PropertyValueSpecification","valueRequired":true,"valueName":"search_term_string"}}],"inLanguage":"pt-BR"},{"@type":"Organization","@id":"https:\/\/jornalfatosenoticias.com.br\/#organization","name":"Jornal Fatos e Not\u00edcias","url":"https:\/\/jornalfatosenoticias.com.br\/","logo":{"@type":"ImageObject","inLanguage":"pt-BR","@id":"https:\/\/jornalfatosenoticias.com.br\/#\/schema\/logo\/image\/","url":"https:\/\/jornalfatosenoticias.com.br\/wp-content\/uploads\/2020\/02\/logo120.png","contentUrl":"https:\/\/jornalfatosenoticias.com.br\/wp-content\/uploads\/2020\/02\/logo120.png","width":1227,"height":120,"caption":"Jornal Fatos e Not\u00edcias"},"image":{"@id":"https:\/\/jornalfatosenoticias.com.br\/#\/schema\/logo\/image\/"}},{"@type":"Person","@id":"https:\/\/jornalfatosenoticias.com.br\/#\/schema\/person\/d63837fa13ac8666eb9e74e0985d6f81","name":"Luzimara Fernandes","image":{"@type":"ImageObject","inLanguage":"pt-BR","@id":"https:\/\/jornalfatosenoticias.com.br\/#\/schema\/person\/image\/","url":"https:\/\/jornalfatosenoticias.com.br\/wp-content\/uploads\/2025\/05\/EU_portal.jpg","contentUrl":"https:\/\/jornalfatosenoticias.com.br\/wp-content\/uploads\/2025\/05\/EU_portal.jpg","caption":"Luzimara Fernandes"},"description":"Jornalista MTB 2358-ES","sameAs":["https:\/\/jornalfatosenoticias.com.br"],"url":"https:\/\/jornalfatosenoticias.com.br\/index.php\/author\/luzimara\/"}]}},"cc_featured_image_caption":{"caption_text":"(Foto: Oakley\/Reprodu\u00e7\u00e3o) ","source_text":"","source_url":""},"jetpack_featured_media_url":"https:\/\/jornalfatosenoticias.com.br\/wp-content\/uploads\/2025\/06\/oculos-meta-oakley.jpg","_links":{"self":[{"href":"https:\/\/jornalfatosenoticias.com.br\/index.php\/wp-json\/wp\/v2\/posts\/60260","targetHints":{"allow":["GET"]}}],"collection":[{"href":"https:\/\/jornalfatosenoticias.com.br\/index.php\/wp-json\/wp\/v2\/posts"}],"about":[{"href":"https:\/\/jornalfatosenoticias.com.br\/index.php\/wp-json\/wp\/v2\/types\/post"}],"author":[{"embeddable":true,"href":"https:\/\/jornalfatosenoticias.com.br\/index.php\/wp-json\/wp\/v2\/users\/2"}],"replies":[{"embeddable":true,"href":"https:\/\/jornalfatosenoticias.com.br\/index.php\/wp-json\/wp\/v2\/comments?post=60260"}],"version-history":[{"count":0,"href":"https:\/\/jornalfatosenoticias.com.br\/index.php\/wp-json\/wp\/v2\/posts\/60260\/revisions"}],"wp:featuredmedia":[{"embeddable":true,"href":"https:\/\/jornalfatosenoticias.com.br\/index.php\/wp-json\/wp\/v2\/media\/60261"}],"wp:attachment":[{"href":"https:\/\/jornalfatosenoticias.com.br\/index.php\/wp-json\/wp\/v2\/media?parent=60260"}],"wp:term":[{"taxonomy":"category","embeddable":true,"href":"https:\/\/jornalfatosenoticias.com.br\/index.php\/wp-json\/wp\/v2\/categories?post=60260"},{"taxonomy":"post_tag","embeddable":true,"href":"https:\/\/jornalfatosenoticias.com.br\/index.php\/wp-json\/wp\/v2\/tags?post=60260"}],"curies":[{"name":"wp","href":"https:\/\/api.w.org\/{rel}","templated":true}]}}