{"id":60277,"date":"2025-06-27T15:28:21","date_gmt":"2025-06-27T18:28:21","guid":{"rendered":"https:\/\/jornalfatosenoticias.com.br\/?p=60277"},"modified":"2025-06-27T15:28:23","modified_gmt":"2025-06-27T18:28:23","slug":"fisicos-encontram-indicios-da-possivel-quinta-forca-da-natureza-em-experimento","status":"publish","type":"post","link":"https:\/\/jornalfatosenoticias.com.br\/index.php\/2025\/06\/27\/fisicos-encontram-indicios-da-possivel-quinta-forca-da-natureza-em-experimento\/","title":{"rendered":"F\u00edsicos encontram ind\u00edcios da poss\u00edvel quinta for\u00e7a da natureza em experimento"},"content":{"rendered":"\n<p><em><span class=\"has-inline-color has-black-color\">Anomalia em transi\u00e7\u00f5es at\u00f4micas desafia Modelo Padr\u00e3o e reacende busca por novas for\u00e7as fundamentais al\u00e9m das conhecidas<\/span><\/em><\/p>\n\n\n\n<p><span class=\"has-inline-color has-black-color\">Por <strong>Felipe Sales Gomes<\/strong><\/span><\/p>\n\n\n\n<div class=\"wp-block-image\"><figure class=\"aligncenter size-large\"><a href=\"https:\/\/www.instagram.com\/rcradiadores\/\"><img loading=\"lazy\" decoding=\"async\" width=\"560\" height=\"60\" src=\"https:\/\/jornalfatosenoticias.com.br\/wp-content\/uploads\/2022\/10\/Propaganda-RC-Radiadores-Jornal_page-0001.jpg\" alt=\"\" class=\"wp-image-35270\" srcset=\"https:\/\/jornalfatosenoticias.com.br\/wp-content\/uploads\/2022\/10\/Propaganda-RC-Radiadores-Jornal_page-0001.jpg 560w, https:\/\/jornalfatosenoticias.com.br\/wp-content\/uploads\/2022\/10\/Propaganda-RC-Radiadores-Jornal_page-0001-300x32.jpg 300w\" sizes=\"auto, (max-width: 560px) 100vw, 560px\" \/><\/a><\/figure><\/div>\n\n\n\n<p>Um grupo de <strong><a href=\"https:\/\/aventurasnahistoria.com.br\/noticias\/reportagem\/muito-alem-de-breaking-bad-quem-foi-o-verdadeiro-heisenberg.phtml\" rel=\"noreferrer noopener\" target=\"_blank\">f\u00edsicos<\/a>\u00a0<\/strong>da Alemanha,\u00a0<a href=\"https:\/\/aventurasnahistoria.com.br\/noticias\/historia-hoje\/descoberta-em-caverna-da-australia-revela-ocupacao-humana-de-20-mil-anos.phtml\" rel=\"noreferrer noopener\" target=\"_blank\"><strong>Austr\u00e1lia<\/strong><\/a>\u00a0e Su\u00ed\u00e7a anunciou recentemente uma descoberta que pode representar um novo marco na hist\u00f3ria da ci\u00eancia: ind\u00edcios da exist\u00eancia de uma\u00a0<mark>quinta for\u00e7a da natureza<\/mark>. A conclus\u00e3o surgiu ap\u00f3s an\u00e1lises de alta precis\u00e3o em <mark>experimentos com \u00e1tomos de c\u00e1lcio<\/mark>, que mostraram comportamentos inexplic\u00e1veis pelas quatro for\u00e7as fundamentais j\u00e1 conhecidas: gravidade,\u00a0<a href=\"https:\/\/aventurasnahistoria.com.br\/noticias\/historia-hoje\/cientistas-descobrem-nova-forma-de-magnetismo-que-pode-solucionar-grande-dilema.phtml\" rel=\"noreferrer noopener\" target=\"_blank\"><strong>eletromagnetismo<\/strong><\/a>, for\u00e7a forte e for\u00e7a fraca.<br>O estudo, publicado em 10 de junho na <a href=\"https:\/\/journals.aps.org\/prl\/abstract\/10.1103\/PhysRevLett.134.233002\" rel=\"noreferrer noopener\" target=\"_blank\"><strong>Physical Review Letters<\/strong><\/a>, examinou as transi\u00e7\u00f5es at\u00f4micas em cinco is\u00f3topos de c\u00e1lcio. As medi\u00e7\u00f5es indicaram desvios em rela\u00e7\u00e3o ao que o Modelo Padr\u00e3o da f\u00edsica previa \u2014 um comportamento n\u00e3o linear, quando o esperado seria uma transforma\u00e7\u00e3o gradual e linear. O n\u00edvel de confiabilidade do resultado, segundo os cientistas, \u00e9\u00a0<mark>alt\u00edssimo<\/mark>: cerca de mil sigmas, valor que praticamente descarta erro experimental.<\/p>\n\n\n\n<div class=\"wp-block-image\"><figure class=\"aligncenter size-large\"><a href=\"http:\/\/www.ferrarimaquinas.com.br\/\"><img loading=\"lazy\" decoding=\"async\" width=\"300\" height=\"250\" src=\"https:\/\/jornalfatosenoticias.com.br\/wp-content\/uploads\/2022\/02\/FERRARI_MAQUINAS-E-FERRAMENTAS2.jpg\" alt=\"\" class=\"wp-image-27860\"\/><\/a><\/figure><\/div>\n\n\n\n<p>Apesar do entusiasmo, os pesquisadores\u00a0<mark>adotam cautela<\/mark>. Os desvios observados podem estar relacionados a efeitos ainda n\u00e3o totalmente compreendidos dentro do pr\u00f3prio Modelo Padr\u00e3o, como a polariza\u00e7\u00e3o nuclear. Ainda assim, os dados permitem calcular limites para a massa de uma part\u00edcula hipot\u00e9tica que carregaria essa nova for\u00e7a \u2014 embora essa part\u00edcula ainda n\u00e3o tenha sido detectada.<\/p>\n\n\n\n<div class=\"wp-block-image\"><figure class=\"aligncenter size-large is-resized\"><a href=\"https:\/\/www.facebook.com\/vetor.vix\/\"><img loading=\"lazy\" decoding=\"async\" src=\"https:\/\/jornalfatosenoticias.com.br\/wp-content\/uploads\/2023\/09\/vetorvix1024_1.jpg\" alt=\"\" class=\"wp-image-44868\" width=\"528\" height=\"140\" srcset=\"https:\/\/jornalfatosenoticias.com.br\/wp-content\/uploads\/2023\/09\/vetorvix1024_1.jpg 1024w, https:\/\/jornalfatosenoticias.com.br\/wp-content\/uploads\/2023\/09\/vetorvix1024_1-300x80.jpg 300w, https:\/\/jornalfatosenoticias.com.br\/wp-content\/uploads\/2023\/09\/vetorvix1024_1-768x205.jpg 768w\" sizes=\"auto, (max-width: 528px) 100vw, 528px\" \/><\/a><\/figure><\/div>\n\n\n\n<p>A equipe sugere que a anomalia possa ser explicada por uma\u00a0<mark>intera\u00e7\u00e3o at\u00e9 ent\u00e3o desconhecida<\/mark> entre el\u00e9trons e n\u00eautrons, possivelmente mediada por um b\u00f3son escalar, capaz de gerar as sutis altera\u00e7\u00f5es nas transi\u00e7\u00f5es at\u00f4micas. A ideia lembra o modelo da intera\u00e7\u00e3o de Yukawa, mas aplicada de forma in\u00e9dita a el\u00e9trons e n\u00eautrons.<\/p>\n\n\n\n<div class=\"wp-block-image\"><figure class=\"aligncenter size-large is-resized\"><img loading=\"lazy\" decoding=\"async\" src=\"https:\/\/jornalfatosenoticias.com.br\/wp-content\/uploads\/2020\/02\/CONTROL-CS.jpg\" alt=\"\" class=\"wp-image-44991\" width=\"227\" height=\"272\" srcset=\"https:\/\/jornalfatosenoticias.com.br\/wp-content\/uploads\/2020\/02\/CONTROL-CS.jpg 834w, https:\/\/jornalfatosenoticias.com.br\/wp-content\/uploads\/2020\/02\/CONTROL-CS-250x300.jpg 250w, https:\/\/jornalfatosenoticias.com.br\/wp-content\/uploads\/2020\/02\/CONTROL-CS-768x921.jpg 768w\" sizes=\"auto, (max-width: 227px) 100vw, 227px\" \/><\/figure><\/div>\n\n\n\n<p>Desde os anos 1970, o Modelo Padr\u00e3o tem servido como principal estrutura te\u00f3rica para entender as intera\u00e7\u00f5es entre part\u00edculas subat\u00f4micas. No entanto, ele n\u00e3o responde a mist\u00e9rios como a natureza da mat\u00e9ria escura ou o desequil\u00edbrio entre mat\u00e9ria e antimat\u00e9ria no universo \u2014 por isso, h\u00e1 d\u00e9cadas a f\u00edsica busca pistas de for\u00e7as al\u00e9m das quatro fundamentais. A espectroscopia de precis\u00e3o, como a utilizada neste estudo, vem se mostrando uma ferramenta promissora para desvendar essas quest\u00f5es. <\/p>\n\n\n\n<div class=\"wp-block-image\"><figure class=\"aligncenter size-large is-resized\"><a href=\"https:\/\/www.instagram.com\/esteio.churrascaria\/\"><img loading=\"lazy\" decoding=\"async\" src=\"https:\/\/jornalfatosenoticias.com.br\/wp-content\/uploads\/2022\/02\/LOGO-ESTEIO-1024x730.png\" alt=\"\" class=\"wp-image-27942\" width=\"313\" height=\"223\" srcset=\"https:\/\/jornalfatosenoticias.com.br\/wp-content\/uploads\/2022\/02\/LOGO-ESTEIO-1024x730.png 1024w, https:\/\/jornalfatosenoticias.com.br\/wp-content\/uploads\/2022\/02\/LOGO-ESTEIO-300x214.png 300w, https:\/\/jornalfatosenoticias.com.br\/wp-content\/uploads\/2022\/02\/LOGO-ESTEIO-768x548.png 768w, https:\/\/jornalfatosenoticias.com.br\/wp-content\/uploads\/2022\/02\/LOGO-ESTEIO.png 1123w\" sizes=\"auto, (max-width: 313px) 100vw, 313px\" \/><\/a><\/figure><\/div>\n\n\n\n<blockquote class=\"wp-block-quote is-layout-flow wp-block-quote-is-layout-flow\"><p><span class=\"has-inline-color has-luminous-vivid-orange-color\">Os dados estreitam o caminho onde essa poss\u00edvel quinta for\u00e7a pode existir\u201d, afirmam os autores no artigo. Apesar de n\u00e3o confirmarem a descoberta, os cientistas destacam que o estudo representa mais um passo na tentativa de\u00a0<mark>compreender as leis mais profundas<\/mark> do universo.<\/span><\/p><\/blockquote>\n\n\n\n<div class=\"wp-block-image\"><figure class=\"aligncenter size-large is-resized\"><a href=\"https:\/\/www.instagram.com\/gruposei\/\"><img loading=\"lazy\" decoding=\"async\" src=\"https:\/\/jornalfatosenoticias.com.br\/wp-content\/uploads\/2022\/07\/Logo-Grupo-SEI.jpg\" alt=\"\" class=\"wp-image-31973\" width=\"320\" height=\"168\" srcset=\"https:\/\/jornalfatosenoticias.com.br\/wp-content\/uploads\/2022\/07\/Logo-Grupo-SEI.jpg 713w, https:\/\/jornalfatosenoticias.com.br\/wp-content\/uploads\/2022\/07\/Logo-Grupo-SEI-300x158.jpg 300w\" sizes=\"auto, (max-width: 320px) 100vw, 320px\" \/><\/a><\/figure><\/div>\n\n\n\n<p><strong>Fonte: <a href=\"https:\/\/aventurasnahistoria.com.br\/noticias\/historia-hoje\/fisicos-encontram-indicios-da-possivel-quinta-forca-da-natureza-em-experimento.phtml\">Aventuras na Hist\u00f3ria<\/a><\/strong><\/p>\n","protected":false},"excerpt":{"rendered":"<p>Anomalia em transi\u00e7\u00f5es at\u00f4micas desafia Modelo Padr\u00e3o e reacende busca por novas for\u00e7as fundamentais al\u00e9m das conhecidas Por Felipe Sales Gomes Um grupo de f\u00edsicos\u00a0da Alemanha,\u00a0Austr\u00e1lia\u00a0e Su\u00ed\u00e7a anunciou recentemente uma descoberta que pode representar um novo marco na hist\u00f3ria da ci\u00eancia: ind\u00edcios da exist\u00eancia de uma\u00a0quinta for\u00e7a da natureza. A conclus\u00e3o surgiu ap\u00f3s an\u00e1lises de [&hellip;]<\/p>\n","protected":false},"author":2,"featured_media":60278,"comment_status":"open","ping_status":"open","sticky":false,"template":"","format":"standard","meta":{"footnotes":""},"categories":[2],"tags":[166,1666,714,267,9092,1802,115],"class_list":["post-60277","post","type-post","status-publish","format-standard","has-post-thumbnail","hentry","category-ciencia","tag-ciencia","tag-descoberta","tag-estudo","tag-fisica","tag-forca","tag-materia","tag-pesquisa"],"yoast_head":"<!-- This site is optimized with the Yoast SEO plugin v26.5 - https:\/\/yoast.com\/wordpress\/plugins\/seo\/ -->\n<title>F\u00edsicos encontram ind\u00edcios da poss\u00edvel quinta for\u00e7a da natureza em experimento - Jornal Fatos e Not\u00edcias<\/title>\n<meta name=\"robots\" content=\"index, follow, max-snippet:-1, max-image-preview:large, max-video-preview:-1\" \/>\n<link rel=\"canonical\" href=\"https:\/\/jornalfatosenoticias.com.br\/index.php\/2025\/06\/27\/fisicos-encontram-indicios-da-possivel-quinta-forca-da-natureza-em-experimento\/\" \/>\n<meta property=\"og:locale\" content=\"pt_BR\" \/>\n<meta property=\"og:type\" content=\"article\" \/>\n<meta property=\"og:title\" content=\"F\u00edsicos encontram ind\u00edcios da poss\u00edvel quinta for\u00e7a da natureza em experimento - Jornal Fatos e Not\u00edcias\" \/>\n<meta property=\"og:description\" content=\"Anomalia em transi\u00e7\u00f5es at\u00f4micas desafia Modelo Padr\u00e3o e reacende busca por novas for\u00e7as fundamentais al\u00e9m das conhecidas Por Felipe Sales Gomes Um grupo de f\u00edsicos\u00a0da Alemanha,\u00a0Austr\u00e1lia\u00a0e Su\u00ed\u00e7a anunciou recentemente uma descoberta que pode representar um novo marco na hist\u00f3ria da ci\u00eancia: ind\u00edcios da exist\u00eancia de uma\u00a0quinta for\u00e7a da natureza. A conclus\u00e3o surgiu ap\u00f3s an\u00e1lises de [&hellip;]\" \/>\n<meta property=\"og:url\" content=\"https:\/\/jornalfatosenoticias.com.br\/index.php\/2025\/06\/27\/fisicos-encontram-indicios-da-possivel-quinta-forca-da-natureza-em-experimento\/\" \/>\n<meta property=\"og:site_name\" content=\"Jornal Fatos e Not\u00edcias\" \/>\n<meta property=\"article:published_time\" content=\"2025-06-27T18:28:21+00:00\" \/>\n<meta property=\"article:modified_time\" content=\"2025-06-27T18:28:23+00:00\" \/>\n<meta property=\"og:image\" content=\"https:\/\/jornalfatosenoticias.com.br\/wp-content\/uploads\/2025\/06\/fisicos-5-forca-da-natureza_freepik.jpg\" \/>\n\t<meta property=\"og:image:width\" content=\"1000\" \/>\n\t<meta property=\"og:image:height\" content=\"666\" \/>\n\t<meta property=\"og:image:type\" content=\"image\/jpeg\" \/>\n<meta name=\"author\" content=\"Luzimara Fernandes\" \/>\n<meta name=\"twitter:card\" content=\"summary_large_image\" \/>\n<meta name=\"twitter:label1\" content=\"Escrito por\" \/>\n\t<meta name=\"twitter:data1\" content=\"Luzimara Fernandes\" \/>\n\t<meta name=\"twitter:label2\" content=\"Est. tempo de leitura\" \/>\n\t<meta name=\"twitter:data2\" content=\"2 minutos\" \/>\n<script type=\"application\/ld+json\" class=\"yoast-schema-graph\">{\"@context\":\"https:\/\/schema.org\",\"@graph\":[{\"@type\":\"Article\",\"@id\":\"https:\/\/jornalfatosenoticias.com.br\/index.php\/2025\/06\/27\/fisicos-encontram-indicios-da-possivel-quinta-forca-da-natureza-em-experimento\/#article\",\"isPartOf\":{\"@id\":\"https:\/\/jornalfatosenoticias.com.br\/index.php\/2025\/06\/27\/fisicos-encontram-indicios-da-possivel-quinta-forca-da-natureza-em-experimento\/\"},\"author\":{\"name\":\"Luzimara Fernandes\",\"@id\":\"https:\/\/jornalfatosenoticias.com.br\/#\/schema\/person\/d63837fa13ac8666eb9e74e0985d6f81\"},\"headline\":\"F\u00edsicos encontram ind\u00edcios da poss\u00edvel quinta for\u00e7a da natureza em experimento\",\"datePublished\":\"2025-06-27T18:28:21+00:00\",\"dateModified\":\"2025-06-27T18:28:23+00:00\",\"mainEntityOfPage\":{\"@id\":\"https:\/\/jornalfatosenoticias.com.br\/index.php\/2025\/06\/27\/fisicos-encontram-indicios-da-possivel-quinta-forca-da-natureza-em-experimento\/\"},\"wordCount\":469,\"commentCount\":0,\"publisher\":{\"@id\":\"https:\/\/jornalfatosenoticias.com.br\/#organization\"},\"image\":{\"@id\":\"https:\/\/jornalfatosenoticias.com.br\/index.php\/2025\/06\/27\/fisicos-encontram-indicios-da-possivel-quinta-forca-da-natureza-em-experimento\/#primaryimage\"},\"thumbnailUrl\":\"https:\/\/jornalfatosenoticias.com.br\/wp-content\/uploads\/2025\/06\/fisicos-5-forca-da-natureza_freepik.jpg\",\"keywords\":[\"ci\u00eancia\",\"descoberta\",\"Estudo\",\"f\u00edsica\",\"for\u00e7a\",\"mat\u00e9ria\",\"pesquisa\"],\"articleSection\":[\"Ci\u00eancia\"],\"inLanguage\":\"pt-BR\",\"potentialAction\":[{\"@type\":\"CommentAction\",\"name\":\"Comment\",\"target\":[\"https:\/\/jornalfatosenoticias.com.br\/index.php\/2025\/06\/27\/fisicos-encontram-indicios-da-possivel-quinta-forca-da-natureza-em-experimento\/#respond\"]}]},{\"@type\":\"WebPage\",\"@id\":\"https:\/\/jornalfatosenoticias.com.br\/index.php\/2025\/06\/27\/fisicos-encontram-indicios-da-possivel-quinta-forca-da-natureza-em-experimento\/\",\"url\":\"https:\/\/jornalfatosenoticias.com.br\/index.php\/2025\/06\/27\/fisicos-encontram-indicios-da-possivel-quinta-forca-da-natureza-em-experimento\/\",\"name\":\"F\u00edsicos encontram ind\u00edcios da poss\u00edvel quinta for\u00e7a da natureza em experimento - Jornal Fatos e Not\u00edcias\",\"isPartOf\":{\"@id\":\"https:\/\/jornalfatosenoticias.com.br\/#website\"},\"primaryImageOfPage\":{\"@id\":\"https:\/\/jornalfatosenoticias.com.br\/index.php\/2025\/06\/27\/fisicos-encontram-indicios-da-possivel-quinta-forca-da-natureza-em-experimento\/#primaryimage\"},\"image\":{\"@id\":\"https:\/\/jornalfatosenoticias.com.br\/index.php\/2025\/06\/27\/fisicos-encontram-indicios-da-possivel-quinta-forca-da-natureza-em-experimento\/#primaryimage\"},\"thumbnailUrl\":\"https:\/\/jornalfatosenoticias.com.br\/wp-content\/uploads\/2025\/06\/fisicos-5-forca-da-natureza_freepik.jpg\",\"datePublished\":\"2025-06-27T18:28:21+00:00\",\"dateModified\":\"2025-06-27T18:28:23+00:00\",\"breadcrumb\":{\"@id\":\"https:\/\/jornalfatosenoticias.com.br\/index.php\/2025\/06\/27\/fisicos-encontram-indicios-da-possivel-quinta-forca-da-natureza-em-experimento\/#breadcrumb\"},\"inLanguage\":\"pt-BR\",\"potentialAction\":[{\"@type\":\"ReadAction\",\"target\":[\"https:\/\/jornalfatosenoticias.com.br\/index.php\/2025\/06\/27\/fisicos-encontram-indicios-da-possivel-quinta-forca-da-natureza-em-experimento\/\"]}]},{\"@type\":\"ImageObject\",\"inLanguage\":\"pt-BR\",\"@id\":\"https:\/\/jornalfatosenoticias.com.br\/index.php\/2025\/06\/27\/fisicos-encontram-indicios-da-possivel-quinta-forca-da-natureza-em-experimento\/#primaryimage\",\"url\":\"https:\/\/jornalfatosenoticias.com.br\/wp-content\/uploads\/2025\/06\/fisicos-5-forca-da-natureza_freepik.jpg\",\"contentUrl\":\"https:\/\/jornalfatosenoticias.com.br\/wp-content\/uploads\/2025\/06\/fisicos-5-forca-da-natureza_freepik.jpg\",\"width\":1000,\"height\":666,\"caption\":\"Atom biotechnology nuclear medicine with scientist&rsquo;s hands digital transformation remix\"},{\"@type\":\"BreadcrumbList\",\"@id\":\"https:\/\/jornalfatosenoticias.com.br\/index.php\/2025\/06\/27\/fisicos-encontram-indicios-da-possivel-quinta-forca-da-natureza-em-experimento\/#breadcrumb\",\"itemListElement\":[{\"@type\":\"ListItem\",\"position\":1,\"name\":\"In\u00edcio\",\"item\":\"https:\/\/jornalfatosenoticias.com.br\/\"},{\"@type\":\"ListItem\",\"position\":2,\"name\":\"F\u00edsicos encontram ind\u00edcios da poss\u00edvel quinta for\u00e7a da natureza em experimento\"}]},{\"@type\":\"WebSite\",\"@id\":\"https:\/\/jornalfatosenoticias.com.br\/#website\",\"url\":\"https:\/\/jornalfatosenoticias.com.br\/\",\"name\":\"Jornal Fatos e Not\u00edcias\",\"description\":\"Not\u00edcias em geral\",\"publisher\":{\"@id\":\"https:\/\/jornalfatosenoticias.com.br\/#organization\"},\"potentialAction\":[{\"@type\":\"SearchAction\",\"target\":{\"@type\":\"EntryPoint\",\"urlTemplate\":\"https:\/\/jornalfatosenoticias.com.br\/?s={search_term_string}\"},\"query-input\":{\"@type\":\"PropertyValueSpecification\",\"valueRequired\":true,\"valueName\":\"search_term_string\"}}],\"inLanguage\":\"pt-BR\"},{\"@type\":\"Organization\",\"@id\":\"https:\/\/jornalfatosenoticias.com.br\/#organization\",\"name\":\"Jornal Fatos e Not\u00edcias\",\"url\":\"https:\/\/jornalfatosenoticias.com.br\/\",\"logo\":{\"@type\":\"ImageObject\",\"inLanguage\":\"pt-BR\",\"@id\":\"https:\/\/jornalfatosenoticias.com.br\/#\/schema\/logo\/image\/\",\"url\":\"https:\/\/jornalfatosenoticias.com.br\/wp-content\/uploads\/2020\/02\/logo120.png\",\"contentUrl\":\"https:\/\/jornalfatosenoticias.com.br\/wp-content\/uploads\/2020\/02\/logo120.png\",\"width\":1227,\"height\":120,\"caption\":\"Jornal Fatos e Not\u00edcias\"},\"image\":{\"@id\":\"https:\/\/jornalfatosenoticias.com.br\/#\/schema\/logo\/image\/\"}},{\"@type\":\"Person\",\"@id\":\"https:\/\/jornalfatosenoticias.com.br\/#\/schema\/person\/d63837fa13ac8666eb9e74e0985d6f81\",\"name\":\"Luzimara Fernandes\",\"image\":{\"@type\":\"ImageObject\",\"inLanguage\":\"pt-BR\",\"@id\":\"https:\/\/jornalfatosenoticias.com.br\/#\/schema\/person\/image\/\",\"url\":\"https:\/\/jornalfatosenoticias.com.br\/wp-content\/uploads\/2025\/05\/EU_portal.jpg\",\"contentUrl\":\"https:\/\/jornalfatosenoticias.com.br\/wp-content\/uploads\/2025\/05\/EU_portal.jpg\",\"caption\":\"Luzimara Fernandes\"},\"description\":\"Jornalista MTB 2358-ES\",\"sameAs\":[\"https:\/\/jornalfatosenoticias.com.br\"],\"url\":\"https:\/\/jornalfatosenoticias.com.br\/index.php\/author\/luzimara\/\"}]}<\/script>\n<!-- \/ Yoast SEO plugin. -->","yoast_head_json":{"title":"F\u00edsicos encontram ind\u00edcios da poss\u00edvel quinta for\u00e7a da natureza em experimento - Jornal Fatos e Not\u00edcias","robots":{"index":"index","follow":"follow","max-snippet":"max-snippet:-1","max-image-preview":"max-image-preview:large","max-video-preview":"max-video-preview:-1"},"canonical":"https:\/\/jornalfatosenoticias.com.br\/index.php\/2025\/06\/27\/fisicos-encontram-indicios-da-possivel-quinta-forca-da-natureza-em-experimento\/","og_locale":"pt_BR","og_type":"article","og_title":"F\u00edsicos encontram ind\u00edcios da poss\u00edvel quinta for\u00e7a da natureza em experimento - Jornal Fatos e Not\u00edcias","og_description":"Anomalia em transi\u00e7\u00f5es at\u00f4micas desafia Modelo Padr\u00e3o e reacende busca por novas for\u00e7as fundamentais al\u00e9m das conhecidas Por Felipe Sales Gomes Um grupo de f\u00edsicos\u00a0da Alemanha,\u00a0Austr\u00e1lia\u00a0e Su\u00ed\u00e7a anunciou recentemente uma descoberta que pode representar um novo marco na hist\u00f3ria da ci\u00eancia: ind\u00edcios da exist\u00eancia de uma\u00a0quinta for\u00e7a da natureza. A conclus\u00e3o surgiu ap\u00f3s an\u00e1lises de [&hellip;]","og_url":"https:\/\/jornalfatosenoticias.com.br\/index.php\/2025\/06\/27\/fisicos-encontram-indicios-da-possivel-quinta-forca-da-natureza-em-experimento\/","og_site_name":"Jornal Fatos e Not\u00edcias","article_published_time":"2025-06-27T18:28:21+00:00","article_modified_time":"2025-06-27T18:28:23+00:00","og_image":[{"width":1000,"height":666,"url":"https:\/\/jornalfatosenoticias.com.br\/wp-content\/uploads\/2025\/06\/fisicos-5-forca-da-natureza_freepik.jpg","type":"image\/jpeg"}],"author":"Luzimara Fernandes","twitter_card":"summary_large_image","twitter_misc":{"Escrito por":"Luzimara Fernandes","Est. tempo de leitura":"2 minutos"},"schema":{"@context":"https:\/\/schema.org","@graph":[{"@type":"Article","@id":"https:\/\/jornalfatosenoticias.com.br\/index.php\/2025\/06\/27\/fisicos-encontram-indicios-da-possivel-quinta-forca-da-natureza-em-experimento\/#article","isPartOf":{"@id":"https:\/\/jornalfatosenoticias.com.br\/index.php\/2025\/06\/27\/fisicos-encontram-indicios-da-possivel-quinta-forca-da-natureza-em-experimento\/"},"author":{"name":"Luzimara Fernandes","@id":"https:\/\/jornalfatosenoticias.com.br\/#\/schema\/person\/d63837fa13ac8666eb9e74e0985d6f81"},"headline":"F\u00edsicos encontram ind\u00edcios da poss\u00edvel quinta for\u00e7a da natureza em experimento","datePublished":"2025-06-27T18:28:21+00:00","dateModified":"2025-06-27T18:28:23+00:00","mainEntityOfPage":{"@id":"https:\/\/jornalfatosenoticias.com.br\/index.php\/2025\/06\/27\/fisicos-encontram-indicios-da-possivel-quinta-forca-da-natureza-em-experimento\/"},"wordCount":469,"commentCount":0,"publisher":{"@id":"https:\/\/jornalfatosenoticias.com.br\/#organization"},"image":{"@id":"https:\/\/jornalfatosenoticias.com.br\/index.php\/2025\/06\/27\/fisicos-encontram-indicios-da-possivel-quinta-forca-da-natureza-em-experimento\/#primaryimage"},"thumbnailUrl":"https:\/\/jornalfatosenoticias.com.br\/wp-content\/uploads\/2025\/06\/fisicos-5-forca-da-natureza_freepik.jpg","keywords":["ci\u00eancia","descoberta","Estudo","f\u00edsica","for\u00e7a","mat\u00e9ria","pesquisa"],"articleSection":["Ci\u00eancia"],"inLanguage":"pt-BR","potentialAction":[{"@type":"CommentAction","name":"Comment","target":["https:\/\/jornalfatosenoticias.com.br\/index.php\/2025\/06\/27\/fisicos-encontram-indicios-da-possivel-quinta-forca-da-natureza-em-experimento\/#respond"]}]},{"@type":"WebPage","@id":"https:\/\/jornalfatosenoticias.com.br\/index.php\/2025\/06\/27\/fisicos-encontram-indicios-da-possivel-quinta-forca-da-natureza-em-experimento\/","url":"https:\/\/jornalfatosenoticias.com.br\/index.php\/2025\/06\/27\/fisicos-encontram-indicios-da-possivel-quinta-forca-da-natureza-em-experimento\/","name":"F\u00edsicos encontram ind\u00edcios da poss\u00edvel quinta for\u00e7a da natureza em experimento - Jornal Fatos e Not\u00edcias","isPartOf":{"@id":"https:\/\/jornalfatosenoticias.com.br\/#website"},"primaryImageOfPage":{"@id":"https:\/\/jornalfatosenoticias.com.br\/index.php\/2025\/06\/27\/fisicos-encontram-indicios-da-possivel-quinta-forca-da-natureza-em-experimento\/#primaryimage"},"image":{"@id":"https:\/\/jornalfatosenoticias.com.br\/index.php\/2025\/06\/27\/fisicos-encontram-indicios-da-possivel-quinta-forca-da-natureza-em-experimento\/#primaryimage"},"thumbnailUrl":"https:\/\/jornalfatosenoticias.com.br\/wp-content\/uploads\/2025\/06\/fisicos-5-forca-da-natureza_freepik.jpg","datePublished":"2025-06-27T18:28:21+00:00","dateModified":"2025-06-27T18:28:23+00:00","breadcrumb":{"@id":"https:\/\/jornalfatosenoticias.com.br\/index.php\/2025\/06\/27\/fisicos-encontram-indicios-da-possivel-quinta-forca-da-natureza-em-experimento\/#breadcrumb"},"inLanguage":"pt-BR","potentialAction":[{"@type":"ReadAction","target":["https:\/\/jornalfatosenoticias.com.br\/index.php\/2025\/06\/27\/fisicos-encontram-indicios-da-possivel-quinta-forca-da-natureza-em-experimento\/"]}]},{"@type":"ImageObject","inLanguage":"pt-BR","@id":"https:\/\/jornalfatosenoticias.com.br\/index.php\/2025\/06\/27\/fisicos-encontram-indicios-da-possivel-quinta-forca-da-natureza-em-experimento\/#primaryimage","url":"https:\/\/jornalfatosenoticias.com.br\/wp-content\/uploads\/2025\/06\/fisicos-5-forca-da-natureza_freepik.jpg","contentUrl":"https:\/\/jornalfatosenoticias.com.br\/wp-content\/uploads\/2025\/06\/fisicos-5-forca-da-natureza_freepik.jpg","width":1000,"height":666,"caption":"Atom biotechnology nuclear medicine with scientist&rsquo;s hands digital transformation remix"},{"@type":"BreadcrumbList","@id":"https:\/\/jornalfatosenoticias.com.br\/index.php\/2025\/06\/27\/fisicos-encontram-indicios-da-possivel-quinta-forca-da-natureza-em-experimento\/#breadcrumb","itemListElement":[{"@type":"ListItem","position":1,"name":"In\u00edcio","item":"https:\/\/jornalfatosenoticias.com.br\/"},{"@type":"ListItem","position":2,"name":"F\u00edsicos encontram ind\u00edcios da poss\u00edvel quinta for\u00e7a da natureza em experimento"}]},{"@type":"WebSite","@id":"https:\/\/jornalfatosenoticias.com.br\/#website","url":"https:\/\/jornalfatosenoticias.com.br\/","name":"Jornal Fatos e Not\u00edcias","description":"Not\u00edcias em geral","publisher":{"@id":"https:\/\/jornalfatosenoticias.com.br\/#organization"},"potentialAction":[{"@type":"SearchAction","target":{"@type":"EntryPoint","urlTemplate":"https:\/\/jornalfatosenoticias.com.br\/?s={search_term_string}"},"query-input":{"@type":"PropertyValueSpecification","valueRequired":true,"valueName":"search_term_string"}}],"inLanguage":"pt-BR"},{"@type":"Organization","@id":"https:\/\/jornalfatosenoticias.com.br\/#organization","name":"Jornal Fatos e Not\u00edcias","url":"https:\/\/jornalfatosenoticias.com.br\/","logo":{"@type":"ImageObject","inLanguage":"pt-BR","@id":"https:\/\/jornalfatosenoticias.com.br\/#\/schema\/logo\/image\/","url":"https:\/\/jornalfatosenoticias.com.br\/wp-content\/uploads\/2020\/02\/logo120.png","contentUrl":"https:\/\/jornalfatosenoticias.com.br\/wp-content\/uploads\/2020\/02\/logo120.png","width":1227,"height":120,"caption":"Jornal Fatos e Not\u00edcias"},"image":{"@id":"https:\/\/jornalfatosenoticias.com.br\/#\/schema\/logo\/image\/"}},{"@type":"Person","@id":"https:\/\/jornalfatosenoticias.com.br\/#\/schema\/person\/d63837fa13ac8666eb9e74e0985d6f81","name":"Luzimara Fernandes","image":{"@type":"ImageObject","inLanguage":"pt-BR","@id":"https:\/\/jornalfatosenoticias.com.br\/#\/schema\/person\/image\/","url":"https:\/\/jornalfatosenoticias.com.br\/wp-content\/uploads\/2025\/05\/EU_portal.jpg","contentUrl":"https:\/\/jornalfatosenoticias.com.br\/wp-content\/uploads\/2025\/05\/EU_portal.jpg","caption":"Luzimara Fernandes"},"description":"Jornalista MTB 2358-ES","sameAs":["https:\/\/jornalfatosenoticias.com.br"],"url":"https:\/\/jornalfatosenoticias.com.br\/index.php\/author\/luzimara\/"}]}},"cc_featured_image_caption":{"caption_text":"(Foto: Freepik) ","source_text":"","source_url":""},"jetpack_featured_media_url":"https:\/\/jornalfatosenoticias.com.br\/wp-content\/uploads\/2025\/06\/fisicos-5-forca-da-natureza_freepik.jpg","_links":{"self":[{"href":"https:\/\/jornalfatosenoticias.com.br\/index.php\/wp-json\/wp\/v2\/posts\/60277","targetHints":{"allow":["GET"]}}],"collection":[{"href":"https:\/\/jornalfatosenoticias.com.br\/index.php\/wp-json\/wp\/v2\/posts"}],"about":[{"href":"https:\/\/jornalfatosenoticias.com.br\/index.php\/wp-json\/wp\/v2\/types\/post"}],"author":[{"embeddable":true,"href":"https:\/\/jornalfatosenoticias.com.br\/index.php\/wp-json\/wp\/v2\/users\/2"}],"replies":[{"embeddable":true,"href":"https:\/\/jornalfatosenoticias.com.br\/index.php\/wp-json\/wp\/v2\/comments?post=60277"}],"version-history":[{"count":0,"href":"https:\/\/jornalfatosenoticias.com.br\/index.php\/wp-json\/wp\/v2\/posts\/60277\/revisions"}],"wp:featuredmedia":[{"embeddable":true,"href":"https:\/\/jornalfatosenoticias.com.br\/index.php\/wp-json\/wp\/v2\/media\/60278"}],"wp:attachment":[{"href":"https:\/\/jornalfatosenoticias.com.br\/index.php\/wp-json\/wp\/v2\/media?parent=60277"}],"wp:term":[{"taxonomy":"category","embeddable":true,"href":"https:\/\/jornalfatosenoticias.com.br\/index.php\/wp-json\/wp\/v2\/categories?post=60277"},{"taxonomy":"post_tag","embeddable":true,"href":"https:\/\/jornalfatosenoticias.com.br\/index.php\/wp-json\/wp\/v2\/tags?post=60277"}],"curies":[{"name":"wp","href":"https:\/\/api.w.org\/{rel}","templated":true}]}}