{"id":60300,"date":"2025-06-30T14:29:11","date_gmt":"2025-06-30T17:29:11","guid":{"rendered":"https:\/\/jornalfatosenoticias.com.br\/?p=60300"},"modified":"2025-06-30T14:29:12","modified_gmt":"2025-06-30T17:29:12","slug":"tomar-cafe-faz-as-celulas-viverem-mais-veja-o-que-diz-novo-estudo","status":"publish","type":"post","link":"https:\/\/jornalfatosenoticias.com.br\/index.php\/2025\/06\/30\/tomar-cafe-faz-as-celulas-viverem-mais-veja-o-que-diz-novo-estudo\/","title":{"rendered":"Tomar caf\u00e9 faz as c\u00e9lulas viverem mais? Veja o que diz novo estudo"},"content":{"rendered":"\n<p><em><span class=\"has-inline-color has-black-color\">Estudo brit\u00e2nico revela como a cafe\u00edna ajuda a desacelerar o envelhecimento das c\u00e9lulas<\/span><\/em><\/p>\n\n\n\n<p><span class=\"has-inline-color has-black-color\">Por <strong><a href=\"https:\/\/gizmodo.uol.com.br\/author\/isabela-oliveira\/\" rel=\"sponsored nofollow\">Isabela Oliveira<\/a><\/strong><\/span><\/p>\n\n\n\n<div class=\"wp-block-image\"><figure class=\"aligncenter size-large\"><a href=\"https:\/\/mizu.com.br\/\"><img loading=\"lazy\" decoding=\"async\" width=\"729\" height=\"90\" src=\"https:\/\/jornalfatosenoticias.com.br\/wp-content\/uploads\/2020\/02\/Logo_Mizu.png\" alt=\"\" class=\"wp-image-1441\" srcset=\"https:\/\/jornalfatosenoticias.com.br\/wp-content\/uploads\/2020\/02\/Logo_Mizu.png 729w, https:\/\/jornalfatosenoticias.com.br\/wp-content\/uploads\/2020\/02\/Logo_Mizu-300x37.png 300w\" sizes=\"auto, (max-width: 729px) 100vw, 729px\" \/><\/a><\/figure><\/div>\n\n\n\n<p>A cafe\u00edna pode at\u00e9 <a href=\"https:\/\/gizmodo.uol.com.br\/estudo-reforca-como-a-cafeina-prejudica-a-qualidade-do-sono\/\">fazer mal para o sono<\/a>, mas tem\u00a0<a href=\"https:\/\/gizmodo.uol.com.br\/trigonelina-presente-no-cafe-pode-melhorar-funcoes-cognitivas-diz-estudo\/\">os seus benef\u00edcios<\/a>! Cientistas descobriram que o caf\u00e9 energiza as c\u00e9lulas de modo que retarda o envelhecimento. De acordo com um novo estudo, da Universidade Queen Mary, de Londres, publicado na revista <a href=\"https:\/\/microbialcell.com\/researcharticles\/2025a-alao-microbial-cell\/\" target=\"_blank\" rel=\"noreferrer noopener\"><em>Microbial Cell<\/em><\/a>, a cafe\u00edna ativa a antiga enzima sens\u00edvel a combust\u00edvel AMPK, um caminho de longevidade que ajuda as c\u00e9lulas a controlar o estresse, reparar danos e viver mais.<br>Com a nova pesquisa, os cientistas compreenderam o funcionamento da cafe\u00edna nas c\u00e9lulas. Ele tamb\u00e9m ajuda a entender suas conex\u00f5es com redes de genes e prote\u00ednas responsivas a nutrientes e estresse. Para isso, a equipe estudou a levedura de fiss\u00e3o, organismo unicelular semelhante \u00e0s c\u00e9lulas humanas, descobrindo que cafe\u00edna acessa um antigo sistema de energia celular.<\/p>\n\n\n\n<div class=\"wp-block-image\"><figure class=\"aligncenter size-large is-resized\"><a href=\"https:\/\/www.facebook.com\/postobkr\/?locale=pt_BR\"><img loading=\"lazy\" decoding=\"async\" src=\"https:\/\/jornalfatosenoticias.com.br\/wp-content\/uploads\/2023\/08\/BKR-1024x1021.jpg\" alt=\"\" class=\"wp-image-44494\" width=\"283\" height=\"282\" srcset=\"https:\/\/jornalfatosenoticias.com.br\/wp-content\/uploads\/2023\/08\/BKR-1024x1021.jpg 1024w, https:\/\/jornalfatosenoticias.com.br\/wp-content\/uploads\/2023\/08\/BKR-300x300.jpg 300w, https:\/\/jornalfatosenoticias.com.br\/wp-content\/uploads\/2023\/08\/BKR-150x150.jpg 150w, https:\/\/jornalfatosenoticias.com.br\/wp-content\/uploads\/2023\/08\/BKR-768x766.jpg 768w, https:\/\/jornalfatosenoticias.com.br\/wp-content\/uploads\/2023\/08\/BKR.jpg 1080w\" sizes=\"auto, (max-width: 283px) 100vw, 283px\" \/><\/a><\/figure><\/div>\n\n\n\n<p>Anteriormente, o mesmo time descobriu que a cafe\u00edna ajuda as c\u00e9lulas a viverem mais, atuando sobre o regulador de crescimento TOR (Alvo da Rapamicina). Este interruptor biol\u00f3gico informa \u00e0s c\u00e9lulas quando crescer, com base na quantidade de alimento e energia dispon\u00edveis, controlando as respostas energ\u00e9ticas e de estresse em seres vivos.<\/p>\n\n\n\n<div class=\"wp-block-image\"><figure class=\"aligncenter size-large is-resized\"><a href=\"https:\/\/hotelmarquetti.com.br\/\"><img loading=\"lazy\" decoding=\"async\" src=\"https:\/\/jornalfatosenoticias.com.br\/wp-content\/uploads\/2020\/02\/LOGO-MQ-1024x680.jpg\" alt=\"\" class=\"wp-image-58299\" width=\"334\" height=\"222\" srcset=\"https:\/\/jornalfatosenoticias.com.br\/wp-content\/uploads\/2020\/02\/LOGO-MQ-1024x680.jpg 1024w, https:\/\/jornalfatosenoticias.com.br\/wp-content\/uploads\/2020\/02\/LOGO-MQ-300x199.jpg 300w, https:\/\/jornalfatosenoticias.com.br\/wp-content\/uploads\/2020\/02\/LOGO-MQ-768x510.jpg 768w, https:\/\/jornalfatosenoticias.com.br\/wp-content\/uploads\/2020\/02\/LOGO-MQ-1536x1020.jpg 1536w, https:\/\/jornalfatosenoticias.com.br\/wp-content\/uploads\/2020\/02\/LOGO-MQ-2048x1360.jpg 2048w\" sizes=\"auto, (max-width: 334px) 100vw, 334px\" \/><\/a><\/figure><\/div>\n\n\n\n<p>J\u00e1 no novo estudo, os cientistas entenderam que o caf\u00e9 n\u00e3o atua diretamente no TOR, mas sim ativando o sistema AMPK. A prote\u00edna quinase ativada por AMP \u00e9 um medidor de combust\u00edvel celular evolutivamente conservado em leveduras e humanos. Ela desempenha um papel vital na manuten\u00e7\u00e3o do equil\u00edbrio metab\u00f3lico. Al\u00e9m disso, a AMPK tamb\u00e9m \u00e9 alvo da metformina, <a href=\"https:\/\/gizmodo.uol.com.br\/tomar-cafe-pode-reduzir-risco-de-diabetes-segundo-estudos\/\">rem\u00e9dio antidiab\u00e9tico<\/a> em estudos pelo potencial de prolongar a vida humana junto com a rapamicina.<\/p>\n\n\n\n<div class=\"wp-block-image\"><figure class=\"aligncenter size-large is-resized\"><a href=\"https:\/\/www.instagram.com\/esteio.churrascaria\/\"><img loading=\"lazy\" decoding=\"async\" src=\"https:\/\/jornalfatosenoticias.com.br\/wp-content\/uploads\/2022\/02\/LOGO-ESTEIO-1024x730.png\" alt=\"\" class=\"wp-image-27942\" width=\"327\" height=\"233\" srcset=\"https:\/\/jornalfatosenoticias.com.br\/wp-content\/uploads\/2022\/02\/LOGO-ESTEIO-1024x730.png 1024w, https:\/\/jornalfatosenoticias.com.br\/wp-content\/uploads\/2022\/02\/LOGO-ESTEIO-300x214.png 300w, https:\/\/jornalfatosenoticias.com.br\/wp-content\/uploads\/2022\/02\/LOGO-ESTEIO-768x548.png 768w, https:\/\/jornalfatosenoticias.com.br\/wp-content\/uploads\/2022\/02\/LOGO-ESTEIO.png 1123w\" sizes=\"auto, (max-width: 327px) 100vw, 327px\" \/><\/a><\/figure><\/div>\n\n\n\n<blockquote class=\"wp-block-quote is-layout-flow wp-block-quote-is-layout-flow\"><p><span class=\"has-inline-color has-luminous-vivid-orange-color\">Quando suas c\u00e9lulas est\u00e3o com pouca energia, a AMPK entra em a\u00e7\u00e3o para ajud\u00e1-las a lidar com a situa\u00e7\u00e3o\u201d, disse o Dr. Charalampos Rallis, autor s\u00eanior do estudo. \u201cE nossos resultados mostram que a cafe\u00edna ajuda a acionar esse mecanismo\u201d.<\/span><\/p><\/blockquote>\n\n\n\n<div class=\"wp-block-image\"><figure class=\"aligncenter size-large is-resized\"><a href=\"https:\/\/www.instagram.com\/restaurantepegoretti\/\"><img loading=\"lazy\" decoding=\"async\" src=\"https:\/\/jornalfatosenoticias.com.br\/wp-content\/uploads\/2023\/12\/pegoretti-logo-pdf-1024x389.jpg\" alt=\"\" class=\"wp-image-47536\" width=\"490\" height=\"186\" srcset=\"https:\/\/jornalfatosenoticias.com.br\/wp-content\/uploads\/2023\/12\/pegoretti-logo-pdf-1024x389.jpg 1024w, https:\/\/jornalfatosenoticias.com.br\/wp-content\/uploads\/2023\/12\/pegoretti-logo-pdf-300x114.jpg 300w, https:\/\/jornalfatosenoticias.com.br\/wp-content\/uploads\/2023\/12\/pegoretti-logo-pdf-768x291.jpg 768w, https:\/\/jornalfatosenoticias.com.br\/wp-content\/uploads\/2023\/12\/pegoretti-logo-pdf.jpg 1120w\" sizes=\"auto, (max-width: 490px) 100vw, 490px\" \/><\/a><\/figure><\/div>\n\n\n\n<p>Dessa forma, o efeito da cafe\u00edna na AMPK influencia o crescimento das c\u00e9lulas, reparam seu DNA e respondem ao estresse, fatores que t\u00eam liga\u00e7\u00e3o com o <a href=\"https:\/\/gizmodo.uol.com.br\/cientistas-revelam-duas-idades-decisivas-do-envelhecimento-humano-saiba-quais\/\">envelhecimento<\/a> e com as doen\u00e7as.<\/p>\n\n\n\n<p><strong>Fonte: <a href=\"https:\/\/gizmodo.uol.com.br\/tomar-cafe-faz-as-celulas-viverem-mais-veja-o-que-diz-novo-estudo\/\">Giz Brasil<\/a><\/strong><\/p>\n","protected":false},"excerpt":{"rendered":"<p>Estudo brit\u00e2nico revela como a cafe\u00edna ajuda a desacelerar o envelhecimento das c\u00e9lulas Por Isabela Oliveira A cafe\u00edna pode at\u00e9 fazer mal para o sono, mas tem\u00a0os seus benef\u00edcios! Cientistas descobriram que o caf\u00e9 energiza as c\u00e9lulas de modo que retarda o envelhecimento. De acordo com um novo estudo, da Universidade Queen Mary, de Londres, [&hellip;]<\/p>\n","protected":false},"author":2,"featured_media":60301,"comment_status":"open","ping_status":"open","sticky":false,"template":"","format":"standard","meta":{"footnotes":""},"categories":[11],"tags":[20542,2319,2324,2314,27517],"class_list":["post-60300","post","type-post","status-publish","format-standard","has-post-thumbnail","hentry","category-saude","tag-antienvelhecimento","tag-cafe","tag-cafeina","tag-celulas","tag-envelhecimento-das-celulas"],"yoast_head":"<!-- This site is optimized with the Yoast SEO plugin v26.5 - https:\/\/yoast.com\/wordpress\/plugins\/seo\/ -->\n<title>Tomar caf\u00e9 faz as c\u00e9lulas viverem mais? Veja o que diz novo estudo - Jornal Fatos e Not\u00edcias<\/title>\n<meta name=\"robots\" content=\"index, follow, max-snippet:-1, max-image-preview:large, max-video-preview:-1\" \/>\n<link rel=\"canonical\" href=\"https:\/\/jornalfatosenoticias.com.br\/index.php\/2025\/06\/30\/tomar-cafe-faz-as-celulas-viverem-mais-veja-o-que-diz-novo-estudo\/\" \/>\n<meta property=\"og:locale\" content=\"pt_BR\" \/>\n<meta property=\"og:type\" content=\"article\" \/>\n<meta property=\"og:title\" content=\"Tomar caf\u00e9 faz as c\u00e9lulas viverem mais? Veja o que diz novo estudo - Jornal Fatos e Not\u00edcias\" \/>\n<meta property=\"og:description\" content=\"Estudo brit\u00e2nico revela como a cafe\u00edna ajuda a desacelerar o envelhecimento das c\u00e9lulas Por Isabela Oliveira A cafe\u00edna pode at\u00e9 fazer mal para o sono, mas tem\u00a0os seus benef\u00edcios! Cientistas descobriram que o caf\u00e9 energiza as c\u00e9lulas de modo que retarda o envelhecimento. De acordo com um novo estudo, da Universidade Queen Mary, de Londres, [&hellip;]\" \/>\n<meta property=\"og:url\" content=\"https:\/\/jornalfatosenoticias.com.br\/index.php\/2025\/06\/30\/tomar-cafe-faz-as-celulas-viverem-mais-veja-o-que-diz-novo-estudo\/\" \/>\n<meta property=\"og:site_name\" content=\"Jornal Fatos e Not\u00edcias\" \/>\n<meta property=\"article:published_time\" content=\"2025-06-30T17:29:11+00:00\" \/>\n<meta property=\"article:modified_time\" content=\"2025-06-30T17:29:12+00:00\" \/>\n<meta property=\"og:image\" content=\"https:\/\/jornalfatosenoticias.com.br\/wp-content\/uploads\/2025\/06\/tomar-cafe_freepik.jpg\" \/>\n\t<meta property=\"og:image:width\" content=\"1000\" \/>\n\t<meta property=\"og:image:height\" content=\"666\" \/>\n\t<meta property=\"og:image:type\" content=\"image\/jpeg\" \/>\n<meta name=\"author\" content=\"Luzimara Fernandes\" \/>\n<meta name=\"twitter:card\" content=\"summary_large_image\" \/>\n<meta name=\"twitter:label1\" content=\"Escrito por\" \/>\n\t<meta name=\"twitter:data1\" content=\"Luzimara Fernandes\" \/>\n\t<meta name=\"twitter:label2\" content=\"Est. tempo de leitura\" \/>\n\t<meta name=\"twitter:data2\" content=\"2 minutos\" \/>\n<script type=\"application\/ld+json\" class=\"yoast-schema-graph\">{\"@context\":\"https:\/\/schema.org\",\"@graph\":[{\"@type\":\"Article\",\"@id\":\"https:\/\/jornalfatosenoticias.com.br\/index.php\/2025\/06\/30\/tomar-cafe-faz-as-celulas-viverem-mais-veja-o-que-diz-novo-estudo\/#article\",\"isPartOf\":{\"@id\":\"https:\/\/jornalfatosenoticias.com.br\/index.php\/2025\/06\/30\/tomar-cafe-faz-as-celulas-viverem-mais-veja-o-que-diz-novo-estudo\/\"},\"author\":{\"name\":\"Luzimara Fernandes\",\"@id\":\"https:\/\/jornalfatosenoticias.com.br\/#\/schema\/person\/d63837fa13ac8666eb9e74e0985d6f81\"},\"headline\":\"Tomar caf\u00e9 faz as c\u00e9lulas viverem mais? Veja o que diz novo estudo\",\"datePublished\":\"2025-06-30T17:29:11+00:00\",\"dateModified\":\"2025-06-30T17:29:12+00:00\",\"mainEntityOfPage\":{\"@id\":\"https:\/\/jornalfatosenoticias.com.br\/index.php\/2025\/06\/30\/tomar-cafe-faz-as-celulas-viverem-mais-veja-o-que-diz-novo-estudo\/\"},\"wordCount\":400,\"commentCount\":0,\"publisher\":{\"@id\":\"https:\/\/jornalfatosenoticias.com.br\/#organization\"},\"image\":{\"@id\":\"https:\/\/jornalfatosenoticias.com.br\/index.php\/2025\/06\/30\/tomar-cafe-faz-as-celulas-viverem-mais-veja-o-que-diz-novo-estudo\/#primaryimage\"},\"thumbnailUrl\":\"https:\/\/jornalfatosenoticias.com.br\/wp-content\/uploads\/2025\/06\/tomar-cafe_freepik.jpg\",\"keywords\":[\"antienvelhecimento\",\"caf\u00e9\",\"cafe\u00edna\",\"c\u00e9lulas\",\"envelhecimento das c\u00e9lulas\"],\"articleSection\":[\"Sa\u00fade\"],\"inLanguage\":\"pt-BR\",\"potentialAction\":[{\"@type\":\"CommentAction\",\"name\":\"Comment\",\"target\":[\"https:\/\/jornalfatosenoticias.com.br\/index.php\/2025\/06\/30\/tomar-cafe-faz-as-celulas-viverem-mais-veja-o-que-diz-novo-estudo\/#respond\"]}]},{\"@type\":\"WebPage\",\"@id\":\"https:\/\/jornalfatosenoticias.com.br\/index.php\/2025\/06\/30\/tomar-cafe-faz-as-celulas-viverem-mais-veja-o-que-diz-novo-estudo\/\",\"url\":\"https:\/\/jornalfatosenoticias.com.br\/index.php\/2025\/06\/30\/tomar-cafe-faz-as-celulas-viverem-mais-veja-o-que-diz-novo-estudo\/\",\"name\":\"Tomar caf\u00e9 faz as c\u00e9lulas viverem mais? Veja o que diz novo estudo - Jornal Fatos e Not\u00edcias\",\"isPartOf\":{\"@id\":\"https:\/\/jornalfatosenoticias.com.br\/#website\"},\"primaryImageOfPage\":{\"@id\":\"https:\/\/jornalfatosenoticias.com.br\/index.php\/2025\/06\/30\/tomar-cafe-faz-as-celulas-viverem-mais-veja-o-que-diz-novo-estudo\/#primaryimage\"},\"image\":{\"@id\":\"https:\/\/jornalfatosenoticias.com.br\/index.php\/2025\/06\/30\/tomar-cafe-faz-as-celulas-viverem-mais-veja-o-que-diz-novo-estudo\/#primaryimage\"},\"thumbnailUrl\":\"https:\/\/jornalfatosenoticias.com.br\/wp-content\/uploads\/2025\/06\/tomar-cafe_freepik.jpg\",\"datePublished\":\"2025-06-30T17:29:11+00:00\",\"dateModified\":\"2025-06-30T17:29:12+00:00\",\"breadcrumb\":{\"@id\":\"https:\/\/jornalfatosenoticias.com.br\/index.php\/2025\/06\/30\/tomar-cafe-faz-as-celulas-viverem-mais-veja-o-que-diz-novo-estudo\/#breadcrumb\"},\"inLanguage\":\"pt-BR\",\"potentialAction\":[{\"@type\":\"ReadAction\",\"target\":[\"https:\/\/jornalfatosenoticias.com.br\/index.php\/2025\/06\/30\/tomar-cafe-faz-as-celulas-viverem-mais-veja-o-que-diz-novo-estudo\/\"]}]},{\"@type\":\"ImageObject\",\"inLanguage\":\"pt-BR\",\"@id\":\"https:\/\/jornalfatosenoticias.com.br\/index.php\/2025\/06\/30\/tomar-cafe-faz-as-celulas-viverem-mais-veja-o-que-diz-novo-estudo\/#primaryimage\",\"url\":\"https:\/\/jornalfatosenoticias.com.br\/wp-content\/uploads\/2025\/06\/tomar-cafe_freepik.jpg\",\"contentUrl\":\"https:\/\/jornalfatosenoticias.com.br\/wp-content\/uploads\/2025\/06\/tomar-cafe_freepik.jpg\",\"width\":1000,\"height\":666,\"caption\":\"Enthusiastic hipster dark-skinned woman with Afro hairstyle checking her news feed or messaging via social networks, using free wi-fi on mobile phone, smiling, sitting at cafe.\"},{\"@type\":\"BreadcrumbList\",\"@id\":\"https:\/\/jornalfatosenoticias.com.br\/index.php\/2025\/06\/30\/tomar-cafe-faz-as-celulas-viverem-mais-veja-o-que-diz-novo-estudo\/#breadcrumb\",\"itemListElement\":[{\"@type\":\"ListItem\",\"position\":1,\"name\":\"In\u00edcio\",\"item\":\"https:\/\/jornalfatosenoticias.com.br\/\"},{\"@type\":\"ListItem\",\"position\":2,\"name\":\"Tomar caf\u00e9 faz as c\u00e9lulas viverem mais? Veja o que diz novo estudo\"}]},{\"@type\":\"WebSite\",\"@id\":\"https:\/\/jornalfatosenoticias.com.br\/#website\",\"url\":\"https:\/\/jornalfatosenoticias.com.br\/\",\"name\":\"Jornal Fatos e Not\u00edcias\",\"description\":\"Not\u00edcias em geral\",\"publisher\":{\"@id\":\"https:\/\/jornalfatosenoticias.com.br\/#organization\"},\"potentialAction\":[{\"@type\":\"SearchAction\",\"target\":{\"@type\":\"EntryPoint\",\"urlTemplate\":\"https:\/\/jornalfatosenoticias.com.br\/?s={search_term_string}\"},\"query-input\":{\"@type\":\"PropertyValueSpecification\",\"valueRequired\":true,\"valueName\":\"search_term_string\"}}],\"inLanguage\":\"pt-BR\"},{\"@type\":\"Organization\",\"@id\":\"https:\/\/jornalfatosenoticias.com.br\/#organization\",\"name\":\"Jornal Fatos e Not\u00edcias\",\"url\":\"https:\/\/jornalfatosenoticias.com.br\/\",\"logo\":{\"@type\":\"ImageObject\",\"inLanguage\":\"pt-BR\",\"@id\":\"https:\/\/jornalfatosenoticias.com.br\/#\/schema\/logo\/image\/\",\"url\":\"https:\/\/jornalfatosenoticias.com.br\/wp-content\/uploads\/2020\/02\/logo120.png\",\"contentUrl\":\"https:\/\/jornalfatosenoticias.com.br\/wp-content\/uploads\/2020\/02\/logo120.png\",\"width\":1227,\"height\":120,\"caption\":\"Jornal Fatos e Not\u00edcias\"},\"image\":{\"@id\":\"https:\/\/jornalfatosenoticias.com.br\/#\/schema\/logo\/image\/\"}},{\"@type\":\"Person\",\"@id\":\"https:\/\/jornalfatosenoticias.com.br\/#\/schema\/person\/d63837fa13ac8666eb9e74e0985d6f81\",\"name\":\"Luzimara Fernandes\",\"image\":{\"@type\":\"ImageObject\",\"inLanguage\":\"pt-BR\",\"@id\":\"https:\/\/jornalfatosenoticias.com.br\/#\/schema\/person\/image\/\",\"url\":\"https:\/\/jornalfatosenoticias.com.br\/wp-content\/uploads\/2025\/05\/EU_portal.jpg\",\"contentUrl\":\"https:\/\/jornalfatosenoticias.com.br\/wp-content\/uploads\/2025\/05\/EU_portal.jpg\",\"caption\":\"Luzimara Fernandes\"},\"description\":\"Jornalista MTB 2358-ES\",\"sameAs\":[\"https:\/\/jornalfatosenoticias.com.br\"],\"url\":\"https:\/\/jornalfatosenoticias.com.br\/index.php\/author\/luzimara\/\"}]}<\/script>\n<!-- \/ Yoast SEO plugin. -->","yoast_head_json":{"title":"Tomar caf\u00e9 faz as c\u00e9lulas viverem mais? Veja o que diz novo estudo - Jornal Fatos e Not\u00edcias","robots":{"index":"index","follow":"follow","max-snippet":"max-snippet:-1","max-image-preview":"max-image-preview:large","max-video-preview":"max-video-preview:-1"},"canonical":"https:\/\/jornalfatosenoticias.com.br\/index.php\/2025\/06\/30\/tomar-cafe-faz-as-celulas-viverem-mais-veja-o-que-diz-novo-estudo\/","og_locale":"pt_BR","og_type":"article","og_title":"Tomar caf\u00e9 faz as c\u00e9lulas viverem mais? Veja o que diz novo estudo - Jornal Fatos e Not\u00edcias","og_description":"Estudo brit\u00e2nico revela como a cafe\u00edna ajuda a desacelerar o envelhecimento das c\u00e9lulas Por Isabela Oliveira A cafe\u00edna pode at\u00e9 fazer mal para o sono, mas tem\u00a0os seus benef\u00edcios! Cientistas descobriram que o caf\u00e9 energiza as c\u00e9lulas de modo que retarda o envelhecimento. De acordo com um novo estudo, da Universidade Queen Mary, de Londres, [&hellip;]","og_url":"https:\/\/jornalfatosenoticias.com.br\/index.php\/2025\/06\/30\/tomar-cafe-faz-as-celulas-viverem-mais-veja-o-que-diz-novo-estudo\/","og_site_name":"Jornal Fatos e Not\u00edcias","article_published_time":"2025-06-30T17:29:11+00:00","article_modified_time":"2025-06-30T17:29:12+00:00","og_image":[{"width":1000,"height":666,"url":"https:\/\/jornalfatosenoticias.com.br\/wp-content\/uploads\/2025\/06\/tomar-cafe_freepik.jpg","type":"image\/jpeg"}],"author":"Luzimara Fernandes","twitter_card":"summary_large_image","twitter_misc":{"Escrito por":"Luzimara Fernandes","Est. tempo de leitura":"2 minutos"},"schema":{"@context":"https:\/\/schema.org","@graph":[{"@type":"Article","@id":"https:\/\/jornalfatosenoticias.com.br\/index.php\/2025\/06\/30\/tomar-cafe-faz-as-celulas-viverem-mais-veja-o-que-diz-novo-estudo\/#article","isPartOf":{"@id":"https:\/\/jornalfatosenoticias.com.br\/index.php\/2025\/06\/30\/tomar-cafe-faz-as-celulas-viverem-mais-veja-o-que-diz-novo-estudo\/"},"author":{"name":"Luzimara Fernandes","@id":"https:\/\/jornalfatosenoticias.com.br\/#\/schema\/person\/d63837fa13ac8666eb9e74e0985d6f81"},"headline":"Tomar caf\u00e9 faz as c\u00e9lulas viverem mais? Veja o que diz novo estudo","datePublished":"2025-06-30T17:29:11+00:00","dateModified":"2025-06-30T17:29:12+00:00","mainEntityOfPage":{"@id":"https:\/\/jornalfatosenoticias.com.br\/index.php\/2025\/06\/30\/tomar-cafe-faz-as-celulas-viverem-mais-veja-o-que-diz-novo-estudo\/"},"wordCount":400,"commentCount":0,"publisher":{"@id":"https:\/\/jornalfatosenoticias.com.br\/#organization"},"image":{"@id":"https:\/\/jornalfatosenoticias.com.br\/index.php\/2025\/06\/30\/tomar-cafe-faz-as-celulas-viverem-mais-veja-o-que-diz-novo-estudo\/#primaryimage"},"thumbnailUrl":"https:\/\/jornalfatosenoticias.com.br\/wp-content\/uploads\/2025\/06\/tomar-cafe_freepik.jpg","keywords":["antienvelhecimento","caf\u00e9","cafe\u00edna","c\u00e9lulas","envelhecimento das c\u00e9lulas"],"articleSection":["Sa\u00fade"],"inLanguage":"pt-BR","potentialAction":[{"@type":"CommentAction","name":"Comment","target":["https:\/\/jornalfatosenoticias.com.br\/index.php\/2025\/06\/30\/tomar-cafe-faz-as-celulas-viverem-mais-veja-o-que-diz-novo-estudo\/#respond"]}]},{"@type":"WebPage","@id":"https:\/\/jornalfatosenoticias.com.br\/index.php\/2025\/06\/30\/tomar-cafe-faz-as-celulas-viverem-mais-veja-o-que-diz-novo-estudo\/","url":"https:\/\/jornalfatosenoticias.com.br\/index.php\/2025\/06\/30\/tomar-cafe-faz-as-celulas-viverem-mais-veja-o-que-diz-novo-estudo\/","name":"Tomar caf\u00e9 faz as c\u00e9lulas viverem mais? Veja o que diz novo estudo - Jornal Fatos e Not\u00edcias","isPartOf":{"@id":"https:\/\/jornalfatosenoticias.com.br\/#website"},"primaryImageOfPage":{"@id":"https:\/\/jornalfatosenoticias.com.br\/index.php\/2025\/06\/30\/tomar-cafe-faz-as-celulas-viverem-mais-veja-o-que-diz-novo-estudo\/#primaryimage"},"image":{"@id":"https:\/\/jornalfatosenoticias.com.br\/index.php\/2025\/06\/30\/tomar-cafe-faz-as-celulas-viverem-mais-veja-o-que-diz-novo-estudo\/#primaryimage"},"thumbnailUrl":"https:\/\/jornalfatosenoticias.com.br\/wp-content\/uploads\/2025\/06\/tomar-cafe_freepik.jpg","datePublished":"2025-06-30T17:29:11+00:00","dateModified":"2025-06-30T17:29:12+00:00","breadcrumb":{"@id":"https:\/\/jornalfatosenoticias.com.br\/index.php\/2025\/06\/30\/tomar-cafe-faz-as-celulas-viverem-mais-veja-o-que-diz-novo-estudo\/#breadcrumb"},"inLanguage":"pt-BR","potentialAction":[{"@type":"ReadAction","target":["https:\/\/jornalfatosenoticias.com.br\/index.php\/2025\/06\/30\/tomar-cafe-faz-as-celulas-viverem-mais-veja-o-que-diz-novo-estudo\/"]}]},{"@type":"ImageObject","inLanguage":"pt-BR","@id":"https:\/\/jornalfatosenoticias.com.br\/index.php\/2025\/06\/30\/tomar-cafe-faz-as-celulas-viverem-mais-veja-o-que-diz-novo-estudo\/#primaryimage","url":"https:\/\/jornalfatosenoticias.com.br\/wp-content\/uploads\/2025\/06\/tomar-cafe_freepik.jpg","contentUrl":"https:\/\/jornalfatosenoticias.com.br\/wp-content\/uploads\/2025\/06\/tomar-cafe_freepik.jpg","width":1000,"height":666,"caption":"Enthusiastic hipster dark-skinned woman with Afro hairstyle checking her news feed or messaging via social networks, using free wi-fi on mobile phone, smiling, sitting at cafe."},{"@type":"BreadcrumbList","@id":"https:\/\/jornalfatosenoticias.com.br\/index.php\/2025\/06\/30\/tomar-cafe-faz-as-celulas-viverem-mais-veja-o-que-diz-novo-estudo\/#breadcrumb","itemListElement":[{"@type":"ListItem","position":1,"name":"In\u00edcio","item":"https:\/\/jornalfatosenoticias.com.br\/"},{"@type":"ListItem","position":2,"name":"Tomar caf\u00e9 faz as c\u00e9lulas viverem mais? Veja o que diz novo estudo"}]},{"@type":"WebSite","@id":"https:\/\/jornalfatosenoticias.com.br\/#website","url":"https:\/\/jornalfatosenoticias.com.br\/","name":"Jornal Fatos e Not\u00edcias","description":"Not\u00edcias em geral","publisher":{"@id":"https:\/\/jornalfatosenoticias.com.br\/#organization"},"potentialAction":[{"@type":"SearchAction","target":{"@type":"EntryPoint","urlTemplate":"https:\/\/jornalfatosenoticias.com.br\/?s={search_term_string}"},"query-input":{"@type":"PropertyValueSpecification","valueRequired":true,"valueName":"search_term_string"}}],"inLanguage":"pt-BR"},{"@type":"Organization","@id":"https:\/\/jornalfatosenoticias.com.br\/#organization","name":"Jornal Fatos e Not\u00edcias","url":"https:\/\/jornalfatosenoticias.com.br\/","logo":{"@type":"ImageObject","inLanguage":"pt-BR","@id":"https:\/\/jornalfatosenoticias.com.br\/#\/schema\/logo\/image\/","url":"https:\/\/jornalfatosenoticias.com.br\/wp-content\/uploads\/2020\/02\/logo120.png","contentUrl":"https:\/\/jornalfatosenoticias.com.br\/wp-content\/uploads\/2020\/02\/logo120.png","width":1227,"height":120,"caption":"Jornal Fatos e Not\u00edcias"},"image":{"@id":"https:\/\/jornalfatosenoticias.com.br\/#\/schema\/logo\/image\/"}},{"@type":"Person","@id":"https:\/\/jornalfatosenoticias.com.br\/#\/schema\/person\/d63837fa13ac8666eb9e74e0985d6f81","name":"Luzimara Fernandes","image":{"@type":"ImageObject","inLanguage":"pt-BR","@id":"https:\/\/jornalfatosenoticias.com.br\/#\/schema\/person\/image\/","url":"https:\/\/jornalfatosenoticias.com.br\/wp-content\/uploads\/2025\/05\/EU_portal.jpg","contentUrl":"https:\/\/jornalfatosenoticias.com.br\/wp-content\/uploads\/2025\/05\/EU_portal.jpg","caption":"Luzimara Fernandes"},"description":"Jornalista MTB 2358-ES","sameAs":["https:\/\/jornalfatosenoticias.com.br"],"url":"https:\/\/jornalfatosenoticias.com.br\/index.php\/author\/luzimara\/"}]}},"cc_featured_image_caption":{"caption_text":"(Foto: Freepik) ","source_text":"","source_url":""},"jetpack_featured_media_url":"https:\/\/jornalfatosenoticias.com.br\/wp-content\/uploads\/2025\/06\/tomar-cafe_freepik.jpg","_links":{"self":[{"href":"https:\/\/jornalfatosenoticias.com.br\/index.php\/wp-json\/wp\/v2\/posts\/60300","targetHints":{"allow":["GET"]}}],"collection":[{"href":"https:\/\/jornalfatosenoticias.com.br\/index.php\/wp-json\/wp\/v2\/posts"}],"about":[{"href":"https:\/\/jornalfatosenoticias.com.br\/index.php\/wp-json\/wp\/v2\/types\/post"}],"author":[{"embeddable":true,"href":"https:\/\/jornalfatosenoticias.com.br\/index.php\/wp-json\/wp\/v2\/users\/2"}],"replies":[{"embeddable":true,"href":"https:\/\/jornalfatosenoticias.com.br\/index.php\/wp-json\/wp\/v2\/comments?post=60300"}],"version-history":[{"count":0,"href":"https:\/\/jornalfatosenoticias.com.br\/index.php\/wp-json\/wp\/v2\/posts\/60300\/revisions"}],"wp:featuredmedia":[{"embeddable":true,"href":"https:\/\/jornalfatosenoticias.com.br\/index.php\/wp-json\/wp\/v2\/media\/60301"}],"wp:attachment":[{"href":"https:\/\/jornalfatosenoticias.com.br\/index.php\/wp-json\/wp\/v2\/media?parent=60300"}],"wp:term":[{"taxonomy":"category","embeddable":true,"href":"https:\/\/jornalfatosenoticias.com.br\/index.php\/wp-json\/wp\/v2\/categories?post=60300"},{"taxonomy":"post_tag","embeddable":true,"href":"https:\/\/jornalfatosenoticias.com.br\/index.php\/wp-json\/wp\/v2\/tags?post=60300"}],"curies":[{"name":"wp","href":"https:\/\/api.w.org\/{rel}","templated":true}]}}