{"id":60303,"date":"2025-06-30T15:24:22","date_gmt":"2025-06-30T18:24:22","guid":{"rendered":"https:\/\/jornalfatosenoticias.com.br\/?p=60303"},"modified":"2025-06-30T15:24:24","modified_gmt":"2025-06-30T18:24:24","slug":"saint-exupery-autor-de-o-pequeno-principe-desapareceu-em-voo-na-segunda-guerra","status":"publish","type":"post","link":"https:\/\/jornalfatosenoticias.com.br\/index.php\/2025\/06\/30\/saint-exupery-autor-de-o-pequeno-principe-desapareceu-em-voo-na-segunda-guerra\/","title":{"rendered":"Saint-Exup\u00e9ry: Autor de &#8216;O Pequeno Pr\u00edncipe&#8217; desapareceu em voo na Segunda Guerra"},"content":{"rendered":"\n<p><em><span class=\"has-inline-color has-black-color\">Mundialmente famoso pelo cl\u00e1ssico &#8216;O Pequeno Pr\u00edncipe&#8217;, Antoine de Saint-Exup\u00e9ry, que faria 125 anos neste 29 de junho, desapareceu em voo na 2.\u00aa Guerra<\/span><\/em><\/p>\n\n\n\n<p><span class=\"has-inline-color has-black-color\">Por <strong><a href=\"https:\/\/aventurasnahistoria.com.br\/autor\/fabio-previdelli\/\"><strong>Fabio Previdelli<\/strong><\/a><\/strong><\/span><\/p>\n\n\n\n<div class=\"wp-block-image\"><figure class=\"aligncenter size-large is-resized\"><a href=\"https:\/\/www.facebook.com\/vetor.vix\/\"><img loading=\"lazy\" decoding=\"async\" src=\"https:\/\/jornalfatosenoticias.com.br\/wp-content\/uploads\/2023\/09\/vetorvix1024_1.jpg\" alt=\"\" class=\"wp-image-44868\" width=\"524\" height=\"139\" srcset=\"https:\/\/jornalfatosenoticias.com.br\/wp-content\/uploads\/2023\/09\/vetorvix1024_1.jpg 1024w, https:\/\/jornalfatosenoticias.com.br\/wp-content\/uploads\/2023\/09\/vetorvix1024_1-300x80.jpg 300w, https:\/\/jornalfatosenoticias.com.br\/wp-content\/uploads\/2023\/09\/vetorvix1024_1-768x205.jpg 768w\" sizes=\"auto, (max-width: 524px) 100vw, 524px\" \/><\/a><\/figure><\/div>\n\n\n\n<p>&#8220;\u00c9 s\u00f3 com o cora\u00e7\u00e3o que conseguimos ver de verdade, o que \u00e9 essencial \u00e9 invis\u00edvel aos olhos&#8221;. S\u00e3o por frases como essa que Antoine de Saint-Exup\u00e9ry ficou mundialmente famoso com seu cl\u00e1ssico liter\u00e1rio <strong>&#8216;<a href=\"https:\/\/aventurasnahistoria.com.br\/noticias\/valdo-resende\/onde-estao-imagens-originais-de-o-pequeno-principe.phtml\" rel=\"noreferrer noopener\" target=\"_blank\">O Pequeno Pr\u00edncipe<\/a>&#8216;<\/strong>. Um dos grandes nomes da hist\u00f3ria da literatura, o franc\u00eas foi um pioneiro da avia\u00e7\u00e3o que perdeu a vida em circunst\u00e2ncias misteriosas durante a <strong><a href=\"https:\/\/aventurasnahistoria.com.br\/tags\/segunda-guerra\" rel=\"noreferrer noopener\" target=\"_blank\">Segunda Guerra Mundial<\/a>.<\/strong> Relembre a trajet\u00f3ria do pai de &#8216;O Pequeno Pr\u00edncipe&#8217;, que completaria 125 anos neste domingo (29).<\/p>\n\n\n\n<div class=\"wp-block-image\"><figure class=\"aligncenter size-large\"><a href=\"https:\/\/www.cesconetto.com.br\/\"><img loading=\"lazy\" decoding=\"async\" width=\"300\" height=\"250\" src=\"https:\/\/jornalfatosenoticias.com.br\/wp-content\/uploads\/2020\/02\/Banner-2.png\" alt=\"\" class=\"wp-image-43787\"\/><\/a><\/figure><\/div>\n\n\n\n<p><strong><span class=\"has-inline-color has-black-color\">Antoine, o piloto<br><\/span><\/strong>Antoine-Marie-Roger de Saint-Exup\u00e9ry nasceu em Lyon, na Fran\u00e7a, em 29 de junho de 1900 \u2014 h\u00e1 exatos 125 anos. Descendente de uma fam\u00edlia aristocr\u00e1tica, Saint-Exup\u00e9ry cresceu com relativo conforto, embora tenha se acostumado \u00e0 tristeza, pois seu amado irm\u00e3o mais novo, Fran\u00e7ois, morreu de febre reum\u00e1tica com apenas 15 anos.<\/p>\n\n\n\n<div class=\"wp-block-image\"><figure class=\"aligncenter size-large is-resized\"><a href=\"https:\/\/www.legisjuris.com.br\/\"><img loading=\"lazy\" decoding=\"async\" src=\"https:\/\/jornalfatosenoticias.com.br\/wp-content\/uploads\/2024\/09\/Legis-Juris-Consultoria_logo.jpg\" alt=\"\" class=\"wp-image-53915\" width=\"532\" height=\"223\" srcset=\"https:\/\/jornalfatosenoticias.com.br\/wp-content\/uploads\/2024\/09\/Legis-Juris-Consultoria_logo.jpg 969w, https:\/\/jornalfatosenoticias.com.br\/wp-content\/uploads\/2024\/09\/Legis-Juris-Consultoria_logo-300x126.jpg 300w, https:\/\/jornalfatosenoticias.com.br\/wp-content\/uploads\/2024\/09\/Legis-Juris-Consultoria_logo-768x322.jpg 768w\" sizes=\"auto, (max-width: 532px) 100vw, 532px\" \/><\/a><\/figure><\/div>\n\n\n\n<p>Quando a <strong><a href=\"https:\/\/aventurasnahistoria.com.br\/noticias\/historia-hoje\/morte-que-causou-uma-guerra-mundial-ha-111-anos-francisco-ferdinando-era-assassinado.phtml\" rel=\"noreferrer noopener\" target=\"_blank\">Primeira Guerra Mundial eclodiu<\/a><\/strong>, ele era apenas um estudante. Mas Saint-Exup\u00e9ry ingressou no ex\u00e9rcito franc\u00eas em 1921 \u2014 ou seja, tr\u00eas anos ap\u00f3s o fim do conflito. Em um primeiro momento, Antoine fez parte da cavalaria do Ex\u00e9rcito franc\u00eas, apesar de j\u00e1 ter certa experi\u00eancia em voar de avi\u00e3o, visto que ele voou pela primeira vez em 1912. O pai de &#8216;O Pequeno Pr\u00edncipe&#8217; sempre teve o sonho de ser piloto.<\/p>\n\n\n\n<div class=\"wp-block-image\"><figure class=\"aligncenter size-large\"><img loading=\"lazy\" decoding=\"async\" width=\"1000\" height=\"700\" src=\"https:\/\/jornalfatosenoticias.com.br\/wp-content\/uploads\/2025\/06\/Saint-Exupery_gettyimages.jpg\" alt=\"\" class=\"wp-image-60304\" srcset=\"https:\/\/jornalfatosenoticias.com.br\/wp-content\/uploads\/2025\/06\/Saint-Exupery_gettyimages.jpg 1000w, https:\/\/jornalfatosenoticias.com.br\/wp-content\/uploads\/2025\/06\/Saint-Exupery_gettyimages-300x210.jpg 300w, https:\/\/jornalfatosenoticias.com.br\/wp-content\/uploads\/2025\/06\/Saint-Exupery_gettyimages-768x538.jpg 768w\" sizes=\"auto, (max-width: 1000px) 100vw, 1000px\" \/><figcaption><em><span class=\"has-inline-color has-black-color\">Antoine Saint-Exup\u00e9ry (Foto: Getty Images)<\/span><\/em><\/figcaption><\/figure><\/div>\n\n\n\n<p>Tempos depois, o desejo passou a se tornar cada vez mais realidade ao garantir sua transfer\u00eancia para a For\u00e7a A\u00e9rea Francesa. Foi l\u00e1 que Saint-Exup\u00e9ry voou solo pela primeira vez em um triplano Sopwith e, assim, conquistou suas asas de piloto. Come\u00e7ava seu maior caso de amor que logo se transformaria em obsess\u00e3o que ele carregaria at\u00e9 o fim de sua vida.<\/p>\n\n\n\n<div class=\"wp-block-image\"><figure class=\"aligncenter size-large is-resized\"><a href=\"https:\/\/www.controlsystems.com.br\/\"><img loading=\"lazy\" decoding=\"async\" src=\"https:\/\/jornalfatosenoticias.com.br\/wp-content\/uploads\/2020\/02\/CONTROL-CS.jpg\" alt=\"\" class=\"wp-image-44991\" width=\"276\" height=\"331\" srcset=\"https:\/\/jornalfatosenoticias.com.br\/wp-content\/uploads\/2020\/02\/CONTROL-CS.jpg 834w, https:\/\/jornalfatosenoticias.com.br\/wp-content\/uploads\/2020\/02\/CONTROL-CS-250x300.jpg 250w, https:\/\/jornalfatosenoticias.com.br\/wp-content\/uploads\/2020\/02\/CONTROL-CS-768x921.jpg 768w\" sizes=\"auto, (max-width: 276px) 100vw, 276px\" \/><\/a><\/figure><\/div>\n\n\n\n<p>O Museu Nacional da Segunda Guerra Mundial registra que ele passou um breve per\u00edodo no Marrocos, no Norte da \u00c1frica, antes de deixar a For\u00e7a A\u00e9rea, mas n\u00e3o de parar de voar. No come\u00e7o de 1923, Antoine de Saint-Exup\u00e9ry sofreu uma fratura no cr\u00e2nio ap\u00f3s um acidente de avi\u00e3o, o que n\u00e3o o impossibilitou de iniciar sua carreira de piloto de correio, voando por toda a Europa Ocidental e Norte da \u00c1frica.<\/p>\n\n\n\n<div class=\"wp-block-image\"><figure class=\"aligncenter size-large is-resized\"><a href=\"https:\/\/www.facebook.com\/profile.php?id=100069289606145\"><img loading=\"lazy\" decoding=\"async\" src=\"https:\/\/jornalfatosenoticias.com.br\/wp-content\/uploads\/2024\/11\/Guaitolini-Contabilidade-1024x714.jpeg\" alt=\"\" class=\"wp-image-55808\" width=\"341\" height=\"237\" srcset=\"https:\/\/jornalfatosenoticias.com.br\/wp-content\/uploads\/2024\/11\/Guaitolini-Contabilidade-1024x714.jpeg 1024w, https:\/\/jornalfatosenoticias.com.br\/wp-content\/uploads\/2024\/11\/Guaitolini-Contabilidade-300x209.jpeg 300w, https:\/\/jornalfatosenoticias.com.br\/wp-content\/uploads\/2024\/11\/Guaitolini-Contabilidade-768x535.jpeg 768w, https:\/\/jornalfatosenoticias.com.br\/wp-content\/uploads\/2024\/11\/Guaitolini-Contabilidade.jpeg 1280w\" sizes=\"auto, (max-width: 341px) 100vw, 341px\" \/><\/a><\/figure><\/div>\n\n\n\n<p>A paix\u00e3o pelo deserto e pelas pessoas que ali viviam levou Saint-Exup\u00e9ry a se tornar diretor de um aer\u00f3dromo no Saara Ocidental. Do local, ele partia em viagens por toda a regi\u00e3o, principalmente em resgate de pilotos cujas aeronaves haviam ca\u00eddo naquela regi\u00e3o \u00e1rida e amea\u00e7adora. As habilidades que adquiriu nesse trabalho seriam \u00fateis mais tarde.<\/p>\n\n\n\n<div class=\"wp-block-image\"><figure class=\"aligncenter size-large\"><a href=\"http:\/\/www.ferrarimaquinas.com.br\/\"><img loading=\"lazy\" decoding=\"async\" width=\"300\" height=\"250\" src=\"https:\/\/jornalfatosenoticias.com.br\/wp-content\/uploads\/2022\/02\/FERRARI_MAQUINAS-E-FERRAMENTAS2.jpg\" alt=\"\" class=\"wp-image-27860\"\/><\/a><\/figure><\/div>\n\n\n\n<p><strong><span class=\"has-inline-color has-black-color\">Saint-Exup\u00e9ry, o escritor<br><\/span><\/strong>Saint-Exup\u00e9ry se mudou para a Argentina em 1929, onde se tornou diretor de uma linha de correio a\u00e9reo. Foi nesse mesmo per\u00edodo, inclusive, que ele come\u00e7ou a escrever, publicando seus dois primeiros romances: &#8216;Correio ao Sul&#8217; (1929) e &#8216;Voo Noturno&#8217; (1931); obras baseadas em suas pr\u00f3prias aventuras.<br>Uma das maiores aventuras de sua vida ocorreu em 1935, quando ele tentou realizar um voo de Paris para Saigon, na Indochina governada pela Fran\u00e7a, na tentativa de bater o recorde de velocidade para aquela dist\u00e2ncia.<\/p>\n\n\n\n<div class=\"wp-block-image\"><figure class=\"aligncenter size-large is-resized\"><a href=\"https:\/\/www.instagram.com\/serra4x4cambioautomatico\/\"><img loading=\"lazy\" decoding=\"async\" src=\"https:\/\/jornalfatosenoticias.com.br\/wp-content\/uploads\/2024\/08\/Serra-4x4-1-886x1024.jpg\" alt=\"\" class=\"wp-image-53632\" width=\"241\" height=\"278\" srcset=\"https:\/\/jornalfatosenoticias.com.br\/wp-content\/uploads\/2024\/08\/Serra-4x4-1-886x1024.jpg 886w, https:\/\/jornalfatosenoticias.com.br\/wp-content\/uploads\/2024\/08\/Serra-4x4-1-260x300.jpg 260w, https:\/\/jornalfatosenoticias.com.br\/wp-content\/uploads\/2024\/08\/Serra-4x4-1-768x888.jpg 768w, https:\/\/jornalfatosenoticias.com.br\/wp-content\/uploads\/2024\/08\/Serra-4x4-1.jpg 1181w\" sizes=\"auto, (max-width: 241px) 100vw, 241px\" \/><\/a><\/figure><\/div>\n\n\n\n<p>Pilotando um monoplano de turismo Caudron Simoun, ele caiu no Saara ap\u00f3s 20 horas de voo. Saint-Exup\u00e9ry e seu navegador n\u00e3o tinham nada al\u00e9m de um pouco de vinho, uma garrafa t\u00e9rmica de caf\u00e9, algumas laranjas, uvas e um pouco de chocolate com alguns biscoitos.<\/p>\n\n\n\n<div class=\"wp-block-image\"><figure class=\"aligncenter size-large is-resized\"><a href=\"https:\/\/hotelmarquetti.com.br\/\"><img loading=\"lazy\" decoding=\"async\" src=\"https:\/\/jornalfatosenoticias.com.br\/wp-content\/uploads\/2020\/02\/LOGO-MQ-1024x680.jpg\" alt=\"\" class=\"wp-image-58299\" width=\"319\" height=\"212\" srcset=\"https:\/\/jornalfatosenoticias.com.br\/wp-content\/uploads\/2020\/02\/LOGO-MQ-1024x680.jpg 1024w, https:\/\/jornalfatosenoticias.com.br\/wp-content\/uploads\/2020\/02\/LOGO-MQ-300x199.jpg 300w, https:\/\/jornalfatosenoticias.com.br\/wp-content\/uploads\/2020\/02\/LOGO-MQ-768x510.jpg 768w, https:\/\/jornalfatosenoticias.com.br\/wp-content\/uploads\/2020\/02\/LOGO-MQ-1536x1020.jpg 1536w, https:\/\/jornalfatosenoticias.com.br\/wp-content\/uploads\/2020\/02\/LOGO-MQ-2048x1360.jpg 2048w\" sizes=\"auto, (max-width: 319px) 100vw, 319px\" \/><\/a><\/figure><\/div>\n\n\n\n<p>A trajet\u00f3ria da dupla no meio do deserto durou quatro dias que quase lhes custaram a vida, mas Antoine e seu navegador acabaram resgatados por um membro da tribo do deserto. A experi\u00eancia se tornaria o evento central nas mem\u00f3rias de Saint-Exup\u00e9ry em &#8216;Vento, Areia e Estrelas&#8217; (1939).<\/p>\n\n\n\n<div class=\"wp-block-image\"><figure class=\"aligncenter size-large\"><img loading=\"lazy\" decoding=\"async\" width=\"1000\" height=\"749\" src=\"https:\/\/jornalfatosenoticias.com.br\/wp-content\/uploads\/2025\/06\/Saint-Exupery2_gettyimages.jpg\" alt=\"\" class=\"wp-image-60305\" srcset=\"https:\/\/jornalfatosenoticias.com.br\/wp-content\/uploads\/2025\/06\/Saint-Exupery2_gettyimages.jpg 1000w, https:\/\/jornalfatosenoticias.com.br\/wp-content\/uploads\/2025\/06\/Saint-Exupery2_gettyimages-300x225.jpg 300w, https:\/\/jornalfatosenoticias.com.br\/wp-content\/uploads\/2025\/06\/Saint-Exupery2_gettyimages-768x575.jpg 768w\" sizes=\"auto, (max-width: 1000px) 100vw, 1000px\" \/><figcaption><em><span class=\"has-inline-color has-black-color\">Antoine Saint-Exup\u00e9ry (Foto: Getty Images)<\/span><\/em><\/figcaption><\/figure><\/div>\n\n\n\n<p><strong><span class=\"has-inline-color has-black-color\">O \u00faltimo voo do Pequeno Pr\u00edncipe<br><\/span><\/strong>Com a eclos\u00e3o da Segunda Guerra Mundial, em 1939, Antoine Saint-Exup\u00e9ry se candidatou e foi aceito como piloto de reconhecimento na For\u00e7a A\u00e9rea Francesa. Um detalhe curioso \u00e9 que ele ainda se recuperava de ferimentos graves que havia sofrido em outro acidente a\u00e9reo na Guatemala no ano anterior.<\/p>\n\n\n\n<div class=\"wp-block-image\"><figure class=\"aligncenter size-large is-resized\"><a href=\"https:\/\/www.facebook.com\/postobkr\/?locale=pt_BR\"><img loading=\"lazy\" decoding=\"async\" src=\"https:\/\/jornalfatosenoticias.com.br\/wp-content\/uploads\/2023\/08\/BKR-1024x1021.jpg\" alt=\"\" class=\"wp-image-44494\" width=\"283\" height=\"282\" srcset=\"https:\/\/jornalfatosenoticias.com.br\/wp-content\/uploads\/2023\/08\/BKR-1024x1021.jpg 1024w, https:\/\/jornalfatosenoticias.com.br\/wp-content\/uploads\/2023\/08\/BKR-300x300.jpg 300w, https:\/\/jornalfatosenoticias.com.br\/wp-content\/uploads\/2023\/08\/BKR-150x150.jpg 150w, https:\/\/jornalfatosenoticias.com.br\/wp-content\/uploads\/2023\/08\/BKR-768x766.jpg 768w, https:\/\/jornalfatosenoticias.com.br\/wp-content\/uploads\/2023\/08\/BKR.jpg 1080w\" sizes=\"auto, (max-width: 283px) 100vw, 283px\" \/><\/a><\/figure><\/div>\n\n\n\n<p>O Museu Nacional da Segunda Guerra aponta que, ap\u00f3s o colapso da Fran\u00e7a, ele fugiu para os Estados Unidos, passando os pr\u00f3ximos dois anos l\u00e1 e no Canad\u00e1 defendendo a liberta\u00e7\u00e3o de seu pa\u00eds da ocupa\u00e7\u00e3o alem\u00e3 e tamb\u00e9m denunciando o estado remanescente franc\u00eas de Vichy que colaborava com os nazistas.<\/p>\n\n\n\n<div class=\"wp-block-image\"><figure class=\"aligncenter size-large is-resized\"><a href=\"https:\/\/www.instagram.com\/gruposei\/\"><img loading=\"lazy\" decoding=\"async\" src=\"https:\/\/jornalfatosenoticias.com.br\/wp-content\/uploads\/2022\/07\/Logo-Grupo-SEI.jpg\" alt=\"\" class=\"wp-image-31973\" width=\"364\" height=\"191\" srcset=\"https:\/\/jornalfatosenoticias.com.br\/wp-content\/uploads\/2022\/07\/Logo-Grupo-SEI.jpg 713w, https:\/\/jornalfatosenoticias.com.br\/wp-content\/uploads\/2022\/07\/Logo-Grupo-SEI-300x158.jpg 300w\" sizes=\"auto, (max-width: 364px) 100vw, 364px\" \/><\/a><\/figure><\/div>\n\n\n\n<p>Foi no per\u00edodo em que esteve nos Estados Unidos, ali\u00e1s, que Saint-Exup\u00e9ry escreveu &#8216;O Pequeno Pr\u00edncipe&#8217;, sua obra mais conhecida, que foi publicada em 1943. Em paralelo ao lan\u00e7amento, Antoine estava desesperado n\u00e3o apenas para retornar ao ar, mas para se juntar \u00e0 luta por sua terra natal. Mas, apesar do desejo e de ter apenas 43 anos, uma s\u00e9rie de ferimentos o impediam de virar a cabe\u00e7a para a esquerda ou mesmo de se vestir sem ajuda.<\/p>\n\n\n\n<div class=\"wp-block-image\"><figure class=\"aligncenter size-large is-resized\"><a href=\"https:\/\/www.instagram.com\/restaurantepegoretti\/\"><img loading=\"lazy\" decoding=\"async\" src=\"https:\/\/jornalfatosenoticias.com.br\/wp-content\/uploads\/2023\/12\/pegoretti-logo-pdf-1024x389.jpg\" alt=\"\" class=\"wp-image-47536\" width=\"525\" height=\"199\" srcset=\"https:\/\/jornalfatosenoticias.com.br\/wp-content\/uploads\/2023\/12\/pegoretti-logo-pdf-1024x389.jpg 1024w, https:\/\/jornalfatosenoticias.com.br\/wp-content\/uploads\/2023\/12\/pegoretti-logo-pdf-300x114.jpg 300w, https:\/\/jornalfatosenoticias.com.br\/wp-content\/uploads\/2023\/12\/pegoretti-logo-pdf-768x291.jpg 768w, https:\/\/jornalfatosenoticias.com.br\/wp-content\/uploads\/2023\/12\/pegoretti-logo-pdf.jpg 1120w\" sizes=\"auto, (max-width: 525px) 100vw, 525px\" \/><\/a><\/figure><\/div>\n\n\n\n<p>\u00c0quela altura, Saint-Exup\u00e9ry j\u00e1 era uma figura de renome internacional, principalmente por suas participa\u00e7\u00f5es nos esfor\u00e7os militares da Fran\u00e7a Livre; o que contribuiu para seu crescimento como personagem \u2014 o que lhe ajudou a ser atendido em seus repetidos pedidos para defender seu pa\u00eds. Assim, retornou ao servi\u00e7o no Norte da \u00c1frica como piloto de reconhecimento em abril de 1943, pilotando uma variante F-5B do P-38 Lightning. Um acidente em seu segundo voo foi um mau press\u00e1gio para o futuro de Saint-Exup\u00e9ry, mas ele foi, mesmo assim, reconduzido ao servi\u00e7o ap\u00f3s se recuperar.<\/p>\n\n\n\n<div class=\"wp-block-image\"><figure class=\"aligncenter size-large is-resized\"><a href=\"https:\/\/panper.com.br\/\"><img loading=\"lazy\" decoding=\"async\" src=\"https:\/\/jornalfatosenoticias.com.br\/wp-content\/uploads\/2023\/03\/logo-Panper_portal.jpg\" alt=\"\" class=\"wp-image-40208\" width=\"331\" height=\"229\" srcset=\"https:\/\/jornalfatosenoticias.com.br\/wp-content\/uploads\/2023\/03\/logo-Panper_portal.jpg 400w, https:\/\/jornalfatosenoticias.com.br\/wp-content\/uploads\/2023\/03\/logo-Panper_portal-300x208.jpg 300w\" sizes=\"auto, (max-width: 331px) 100vw, 331px\" \/><\/a><\/figure><\/div>\n\n\n\n<p>No dia 31 de julho de 1944, Saint-Exup\u00e9ry se preparava para a chamada\u00a0<mark>Opera\u00e7\u00e3o Drag\u00e3o<\/mark> \u2014 a invas\u00e3o aliada do sul da Fran\u00e7a. Neste dia, o piloto decolou de um campo na Ilha de C\u00f3rsega para tirar fotos e fazer reconhecimento na regi\u00e3o de Grenoble, Fran\u00e7a. Mas ele nunca retornou. Depois de oito dias, Antoine Saint-Exup\u00e9ry foi oficialmente declarado desaparecido em combate, presumivelmente abatido pelo inimigo. O que exatamente aconteceu permanece um mist\u00e9rio.<\/p>\n\n\n\n<div class=\"wp-block-image\"><figure class=\"aligncenter size-large is-resized\"><a href=\"https:\/\/www.instagram.com\/rcradiadores\/\"><img loading=\"lazy\" decoding=\"async\" src=\"https:\/\/jornalfatosenoticias.com.br\/wp-content\/uploads\/2022\/10\/RC_800x750_page-0001.jpg\" alt=\"\" class=\"wp-image-35338\" width=\"298\" height=\"279\" srcset=\"https:\/\/jornalfatosenoticias.com.br\/wp-content\/uploads\/2022\/10\/RC_800x750_page-0001.jpg 400w, https:\/\/jornalfatosenoticias.com.br\/wp-content\/uploads\/2022\/10\/RC_800x750_page-0001-300x281.jpg 300w\" sizes=\"auto, (max-width: 298px) 100vw, 298px\" \/><\/a><\/figure><\/div>\n\n\n\n<p><strong><span class=\"has-inline-color has-black-color\">Vest\u00edgios de Antoine?<br><\/span><\/strong>Mais de 40 anos depois, em 1998, um pescador franc\u00eas encontrou a pulseira de identidade de Saint-Exup\u00e9ry no oceano pr\u00f3ximo \u00e0 cidade de Marselha. Dois anos depois, mergulhadores localizaram os restos de sua aeronave na regi\u00e3o. Os achados, curiosamente, levaram ao passado, visto que, em agosto de 1944, um corpo que n\u00e3o p\u00f4de ser identificado foi encontrado vestindo uniforme franc\u00eas. Vale ressaltar, por\u00e9m, que o local ficava bem distante da rota de voo de Saint-Exup\u00e9ry.<\/p>\n\n\n\n<div class=\"wp-block-image\"><figure class=\"aligncenter size-large is-resized\"><a href=\"https:\/\/www.instagram.com\/esteio.churrascaria\/\"><img loading=\"lazy\" decoding=\"async\" src=\"https:\/\/jornalfatosenoticias.com.br\/wp-content\/uploads\/2022\/02\/LOGO-ESTEIO-1024x730.png\" alt=\"\" class=\"wp-image-27942\" width=\"310\" height=\"221\" srcset=\"https:\/\/jornalfatosenoticias.com.br\/wp-content\/uploads\/2022\/02\/LOGO-ESTEIO-1024x730.png 1024w, https:\/\/jornalfatosenoticias.com.br\/wp-content\/uploads\/2022\/02\/LOGO-ESTEIO-300x214.png 300w, https:\/\/jornalfatosenoticias.com.br\/wp-content\/uploads\/2022\/02\/LOGO-ESTEIO-768x548.png 768w, https:\/\/jornalfatosenoticias.com.br\/wp-content\/uploads\/2022\/02\/LOGO-ESTEIO.png 1123w\" sizes=\"auto, (max-width: 310px) 100vw, 310px\" \/><\/a><\/figure><\/div>\n\n\n\n<p>Apesar dos relatos,\u00a0<mark>o destino do corpo do\u00a0<strong>Antoine Saint-Exup\u00e9ry<\/strong>\u00a0jamais foi confirmado<\/mark>. Uma das possibilidades de seu desaparecimento \u00e9 que um piloto alem\u00e3o havia abatido uma aeronave semelhante a um P-38 na \u00e1rea em 31 de julho, mas arque\u00f3logos subaqu\u00e1ticos n\u00e3o conseguiram encontrar nenhuma evid\u00eancia de danos causados \u200b\u200bpor a\u00e7\u00e3o inimiga nos restos da aeronave do escritor.<\/p>\n\n\n\n<div class=\"wp-block-image\"><figure class=\"aligncenter size-large\"><a href=\"https:\/\/mizu.com.br\/\"><img loading=\"lazy\" decoding=\"async\" width=\"729\" height=\"90\" src=\"https:\/\/jornalfatosenoticias.com.br\/wp-content\/uploads\/2020\/02\/Logo_Mizu.png\" alt=\"\" class=\"wp-image-1441\" srcset=\"https:\/\/jornalfatosenoticias.com.br\/wp-content\/uploads\/2020\/02\/Logo_Mizu.png 729w, https:\/\/jornalfatosenoticias.com.br\/wp-content\/uploads\/2020\/02\/Logo_Mizu-300x37.png 300w\" sizes=\"auto, (max-width: 729px) 100vw, 729px\" \/><\/a><\/figure><\/div>\n\n\n\n<p><strong>Fonte: <a href=\"https:\/\/aventurasnahistoria.com.br\/noticias\/reportagem\/saint-exupery-autor-de-o-pequeno-principe-desapareceu-em-voo-na-segunda-guerra.phtml\">Aventuras na Hist\u00f3ria<\/a><\/strong><\/p>\n","protected":false},"excerpt":{"rendered":"<p>Mundialmente famoso pelo cl\u00e1ssico &#8216;O Pequeno Pr\u00edncipe&#8217;, Antoine de Saint-Exup\u00e9ry, que faria 125 anos neste 29 de junho, desapareceu em voo na 2.\u00aa Guerra Por Fabio Previdelli &#8220;\u00c9 s\u00f3 com o cora\u00e7\u00e3o que conseguimos ver de verdade, o que \u00e9 essencial \u00e9 invis\u00edvel aos olhos&#8221;. S\u00e3o por frases como essa que Antoine de Saint-Exup\u00e9ry ficou [&hellip;]<\/p>\n","protected":false},"author":2,"featured_media":60306,"comment_status":"open","ping_status":"open","sticky":false,"template":"","format":"standard","meta":{"footnotes":""},"categories":[4],"tags":[27519,1850,19181,6461,27518,18255],"class_list":["post-60303","post","type-post","status-publish","format-standard","has-post-thumbnail","hentry","category-cultura","tag-antoine-saint-exupery","tag-curiosidades","tag-o-pequeno-principe","tag-personagem","tag-piloto-de-aviao","tag-segunda-guerra"],"yoast_head":"<!-- This site is optimized with the Yoast SEO plugin v26.5 - https:\/\/yoast.com\/wordpress\/plugins\/seo\/ -->\n<title>Saint-Exup\u00e9ry: Autor de &#039;O Pequeno Pr\u00edncipe&#039; desapareceu em voo na Segunda Guerra - Jornal Fatos e Not\u00edcias<\/title>\n<meta name=\"robots\" content=\"index, follow, max-snippet:-1, max-image-preview:large, max-video-preview:-1\" \/>\n<link rel=\"canonical\" href=\"https:\/\/jornalfatosenoticias.com.br\/index.php\/2025\/06\/30\/saint-exupery-autor-de-o-pequeno-principe-desapareceu-em-voo-na-segunda-guerra\/\" \/>\n<meta property=\"og:locale\" content=\"pt_BR\" \/>\n<meta property=\"og:type\" content=\"article\" \/>\n<meta property=\"og:title\" content=\"Saint-Exup\u00e9ry: Autor de &#039;O Pequeno Pr\u00edncipe&#039; desapareceu em voo na Segunda Guerra - Jornal Fatos e Not\u00edcias\" \/>\n<meta property=\"og:description\" content=\"Mundialmente famoso pelo cl\u00e1ssico &#8216;O Pequeno Pr\u00edncipe&#8217;, Antoine de Saint-Exup\u00e9ry, que faria 125 anos neste 29 de junho, desapareceu em voo na 2.\u00aa Guerra Por Fabio Previdelli &#8220;\u00c9 s\u00f3 com o cora\u00e7\u00e3o que conseguimos ver de verdade, o que \u00e9 essencial \u00e9 invis\u00edvel aos olhos&#8221;. S\u00e3o por frases como essa que Antoine de Saint-Exup\u00e9ry ficou [&hellip;]\" \/>\n<meta property=\"og:url\" content=\"https:\/\/jornalfatosenoticias.com.br\/index.php\/2025\/06\/30\/saint-exupery-autor-de-o-pequeno-principe-desapareceu-em-voo-na-segunda-guerra\/\" \/>\n<meta property=\"og:site_name\" content=\"Jornal Fatos e Not\u00edcias\" \/>\n<meta property=\"article:published_time\" content=\"2025-06-30T18:24:22+00:00\" \/>\n<meta property=\"article:modified_time\" content=\"2025-06-30T18:24:24+00:00\" \/>\n<meta property=\"og:image\" content=\"https:\/\/jornalfatosenoticias.com.br\/wp-content\/uploads\/2025\/06\/Saint-Exupery-pequeno_principe_capa.jpg\" \/>\n\t<meta property=\"og:image:width\" content=\"800\" \/>\n\t<meta property=\"og:image:height\" content=\"450\" \/>\n\t<meta property=\"og:image:type\" content=\"image\/jpeg\" \/>\n<meta name=\"author\" content=\"Luzimara Fernandes\" \/>\n<meta name=\"twitter:card\" content=\"summary_large_image\" \/>\n<meta name=\"twitter:label1\" content=\"Escrito por\" \/>\n\t<meta name=\"twitter:data1\" content=\"Luzimara Fernandes\" \/>\n\t<meta name=\"twitter:label2\" content=\"Est. tempo de leitura\" \/>\n\t<meta name=\"twitter:data2\" content=\"6 minutos\" \/>\n<script type=\"application\/ld+json\" class=\"yoast-schema-graph\">{\"@context\":\"https:\/\/schema.org\",\"@graph\":[{\"@type\":\"Article\",\"@id\":\"https:\/\/jornalfatosenoticias.com.br\/index.php\/2025\/06\/30\/saint-exupery-autor-de-o-pequeno-principe-desapareceu-em-voo-na-segunda-guerra\/#article\",\"isPartOf\":{\"@id\":\"https:\/\/jornalfatosenoticias.com.br\/index.php\/2025\/06\/30\/saint-exupery-autor-de-o-pequeno-principe-desapareceu-em-voo-na-segunda-guerra\/\"},\"author\":{\"name\":\"Luzimara Fernandes\",\"@id\":\"https:\/\/jornalfatosenoticias.com.br\/#\/schema\/person\/d63837fa13ac8666eb9e74e0985d6f81\"},\"headline\":\"Saint-Exup\u00e9ry: Autor de &#8216;O Pequeno Pr\u00edncipe&#8217; desapareceu em voo na Segunda Guerra\",\"datePublished\":\"2025-06-30T18:24:22+00:00\",\"dateModified\":\"2025-06-30T18:24:24+00:00\",\"mainEntityOfPage\":{\"@id\":\"https:\/\/jornalfatosenoticias.com.br\/index.php\/2025\/06\/30\/saint-exupery-autor-de-o-pequeno-principe-desapareceu-em-voo-na-segunda-guerra\/\"},\"wordCount\":1212,\"commentCount\":0,\"publisher\":{\"@id\":\"https:\/\/jornalfatosenoticias.com.br\/#organization\"},\"image\":{\"@id\":\"https:\/\/jornalfatosenoticias.com.br\/index.php\/2025\/06\/30\/saint-exupery-autor-de-o-pequeno-principe-desapareceu-em-voo-na-segunda-guerra\/#primaryimage\"},\"thumbnailUrl\":\"https:\/\/jornalfatosenoticias.com.br\/wp-content\/uploads\/2025\/06\/Saint-Exupery-pequeno_principe_capa.jpg\",\"keywords\":[\"Antoine Saint-Exup\u00e9ry\",\"curiosidades\",\"O Pequeno Pr\u00edncipe\",\"personagem\",\"piloto de avi\u00e3o\",\"Segunda Guerra\"],\"articleSection\":[\"Cultura\"],\"inLanguage\":\"pt-BR\",\"potentialAction\":[{\"@type\":\"CommentAction\",\"name\":\"Comment\",\"target\":[\"https:\/\/jornalfatosenoticias.com.br\/index.php\/2025\/06\/30\/saint-exupery-autor-de-o-pequeno-principe-desapareceu-em-voo-na-segunda-guerra\/#respond\"]}]},{\"@type\":\"WebPage\",\"@id\":\"https:\/\/jornalfatosenoticias.com.br\/index.php\/2025\/06\/30\/saint-exupery-autor-de-o-pequeno-principe-desapareceu-em-voo-na-segunda-guerra\/\",\"url\":\"https:\/\/jornalfatosenoticias.com.br\/index.php\/2025\/06\/30\/saint-exupery-autor-de-o-pequeno-principe-desapareceu-em-voo-na-segunda-guerra\/\",\"name\":\"Saint-Exup\u00e9ry: Autor de 'O Pequeno Pr\u00edncipe' desapareceu em voo na Segunda Guerra - Jornal Fatos e Not\u00edcias\",\"isPartOf\":{\"@id\":\"https:\/\/jornalfatosenoticias.com.br\/#website\"},\"primaryImageOfPage\":{\"@id\":\"https:\/\/jornalfatosenoticias.com.br\/index.php\/2025\/06\/30\/saint-exupery-autor-de-o-pequeno-principe-desapareceu-em-voo-na-segunda-guerra\/#primaryimage\"},\"image\":{\"@id\":\"https:\/\/jornalfatosenoticias.com.br\/index.php\/2025\/06\/30\/saint-exupery-autor-de-o-pequeno-principe-desapareceu-em-voo-na-segunda-guerra\/#primaryimage\"},\"thumbnailUrl\":\"https:\/\/jornalfatosenoticias.com.br\/wp-content\/uploads\/2025\/06\/Saint-Exupery-pequeno_principe_capa.jpg\",\"datePublished\":\"2025-06-30T18:24:22+00:00\",\"dateModified\":\"2025-06-30T18:24:24+00:00\",\"breadcrumb\":{\"@id\":\"https:\/\/jornalfatosenoticias.com.br\/index.php\/2025\/06\/30\/saint-exupery-autor-de-o-pequeno-principe-desapareceu-em-voo-na-segunda-guerra\/#breadcrumb\"},\"inLanguage\":\"pt-BR\",\"potentialAction\":[{\"@type\":\"ReadAction\",\"target\":[\"https:\/\/jornalfatosenoticias.com.br\/index.php\/2025\/06\/30\/saint-exupery-autor-de-o-pequeno-principe-desapareceu-em-voo-na-segunda-guerra\/\"]}]},{\"@type\":\"ImageObject\",\"inLanguage\":\"pt-BR\",\"@id\":\"https:\/\/jornalfatosenoticias.com.br\/index.php\/2025\/06\/30\/saint-exupery-autor-de-o-pequeno-principe-desapareceu-em-voo-na-segunda-guerra\/#primaryimage\",\"url\":\"https:\/\/jornalfatosenoticias.com.br\/wp-content\/uploads\/2025\/06\/Saint-Exupery-pequeno_principe_capa.jpg\",\"contentUrl\":\"https:\/\/jornalfatosenoticias.com.br\/wp-content\/uploads\/2025\/06\/Saint-Exupery-pequeno_principe_capa.jpg\",\"width\":800,\"height\":450},{\"@type\":\"BreadcrumbList\",\"@id\":\"https:\/\/jornalfatosenoticias.com.br\/index.php\/2025\/06\/30\/saint-exupery-autor-de-o-pequeno-principe-desapareceu-em-voo-na-segunda-guerra\/#breadcrumb\",\"itemListElement\":[{\"@type\":\"ListItem\",\"position\":1,\"name\":\"In\u00edcio\",\"item\":\"https:\/\/jornalfatosenoticias.com.br\/\"},{\"@type\":\"ListItem\",\"position\":2,\"name\":\"Saint-Exup\u00e9ry: Autor de &#8216;O Pequeno Pr\u00edncipe&#8217; desapareceu em voo na Segunda Guerra\"}]},{\"@type\":\"WebSite\",\"@id\":\"https:\/\/jornalfatosenoticias.com.br\/#website\",\"url\":\"https:\/\/jornalfatosenoticias.com.br\/\",\"name\":\"Jornal Fatos e Not\u00edcias\",\"description\":\"Not\u00edcias em geral\",\"publisher\":{\"@id\":\"https:\/\/jornalfatosenoticias.com.br\/#organization\"},\"potentialAction\":[{\"@type\":\"SearchAction\",\"target\":{\"@type\":\"EntryPoint\",\"urlTemplate\":\"https:\/\/jornalfatosenoticias.com.br\/?s={search_term_string}\"},\"query-input\":{\"@type\":\"PropertyValueSpecification\",\"valueRequired\":true,\"valueName\":\"search_term_string\"}}],\"inLanguage\":\"pt-BR\"},{\"@type\":\"Organization\",\"@id\":\"https:\/\/jornalfatosenoticias.com.br\/#organization\",\"name\":\"Jornal Fatos e Not\u00edcias\",\"url\":\"https:\/\/jornalfatosenoticias.com.br\/\",\"logo\":{\"@type\":\"ImageObject\",\"inLanguage\":\"pt-BR\",\"@id\":\"https:\/\/jornalfatosenoticias.com.br\/#\/schema\/logo\/image\/\",\"url\":\"https:\/\/jornalfatosenoticias.com.br\/wp-content\/uploads\/2020\/02\/logo120.png\",\"contentUrl\":\"https:\/\/jornalfatosenoticias.com.br\/wp-content\/uploads\/2020\/02\/logo120.png\",\"width\":1227,\"height\":120,\"caption\":\"Jornal Fatos e Not\u00edcias\"},\"image\":{\"@id\":\"https:\/\/jornalfatosenoticias.com.br\/#\/schema\/logo\/image\/\"}},{\"@type\":\"Person\",\"@id\":\"https:\/\/jornalfatosenoticias.com.br\/#\/schema\/person\/d63837fa13ac8666eb9e74e0985d6f81\",\"name\":\"Luzimara Fernandes\",\"image\":{\"@type\":\"ImageObject\",\"inLanguage\":\"pt-BR\",\"@id\":\"https:\/\/jornalfatosenoticias.com.br\/#\/schema\/person\/image\/\",\"url\":\"https:\/\/jornalfatosenoticias.com.br\/wp-content\/uploads\/2025\/05\/EU_portal.jpg\",\"contentUrl\":\"https:\/\/jornalfatosenoticias.com.br\/wp-content\/uploads\/2025\/05\/EU_portal.jpg\",\"caption\":\"Luzimara Fernandes\"},\"description\":\"Jornalista MTB 2358-ES\",\"sameAs\":[\"https:\/\/jornalfatosenoticias.com.br\"],\"url\":\"https:\/\/jornalfatosenoticias.com.br\/index.php\/author\/luzimara\/\"}]}<\/script>\n<!-- \/ Yoast SEO plugin. -->","yoast_head_json":{"title":"Saint-Exup\u00e9ry: Autor de 'O Pequeno Pr\u00edncipe' desapareceu em voo na Segunda Guerra - Jornal Fatos e Not\u00edcias","robots":{"index":"index","follow":"follow","max-snippet":"max-snippet:-1","max-image-preview":"max-image-preview:large","max-video-preview":"max-video-preview:-1"},"canonical":"https:\/\/jornalfatosenoticias.com.br\/index.php\/2025\/06\/30\/saint-exupery-autor-de-o-pequeno-principe-desapareceu-em-voo-na-segunda-guerra\/","og_locale":"pt_BR","og_type":"article","og_title":"Saint-Exup\u00e9ry: Autor de 'O Pequeno Pr\u00edncipe' desapareceu em voo na Segunda Guerra - Jornal Fatos e Not\u00edcias","og_description":"Mundialmente famoso pelo cl\u00e1ssico &#8216;O Pequeno Pr\u00edncipe&#8217;, Antoine de Saint-Exup\u00e9ry, que faria 125 anos neste 29 de junho, desapareceu em voo na 2.\u00aa Guerra Por Fabio Previdelli &#8220;\u00c9 s\u00f3 com o cora\u00e7\u00e3o que conseguimos ver de verdade, o que \u00e9 essencial \u00e9 invis\u00edvel aos olhos&#8221;. S\u00e3o por frases como essa que Antoine de Saint-Exup\u00e9ry ficou [&hellip;]","og_url":"https:\/\/jornalfatosenoticias.com.br\/index.php\/2025\/06\/30\/saint-exupery-autor-de-o-pequeno-principe-desapareceu-em-voo-na-segunda-guerra\/","og_site_name":"Jornal Fatos e Not\u00edcias","article_published_time":"2025-06-30T18:24:22+00:00","article_modified_time":"2025-06-30T18:24:24+00:00","og_image":[{"width":800,"height":450,"url":"https:\/\/jornalfatosenoticias.com.br\/wp-content\/uploads\/2025\/06\/Saint-Exupery-pequeno_principe_capa.jpg","type":"image\/jpeg"}],"author":"Luzimara Fernandes","twitter_card":"summary_large_image","twitter_misc":{"Escrito por":"Luzimara Fernandes","Est. tempo de leitura":"6 minutos"},"schema":{"@context":"https:\/\/schema.org","@graph":[{"@type":"Article","@id":"https:\/\/jornalfatosenoticias.com.br\/index.php\/2025\/06\/30\/saint-exupery-autor-de-o-pequeno-principe-desapareceu-em-voo-na-segunda-guerra\/#article","isPartOf":{"@id":"https:\/\/jornalfatosenoticias.com.br\/index.php\/2025\/06\/30\/saint-exupery-autor-de-o-pequeno-principe-desapareceu-em-voo-na-segunda-guerra\/"},"author":{"name":"Luzimara Fernandes","@id":"https:\/\/jornalfatosenoticias.com.br\/#\/schema\/person\/d63837fa13ac8666eb9e74e0985d6f81"},"headline":"Saint-Exup\u00e9ry: Autor de &#8216;O Pequeno Pr\u00edncipe&#8217; desapareceu em voo na Segunda Guerra","datePublished":"2025-06-30T18:24:22+00:00","dateModified":"2025-06-30T18:24:24+00:00","mainEntityOfPage":{"@id":"https:\/\/jornalfatosenoticias.com.br\/index.php\/2025\/06\/30\/saint-exupery-autor-de-o-pequeno-principe-desapareceu-em-voo-na-segunda-guerra\/"},"wordCount":1212,"commentCount":0,"publisher":{"@id":"https:\/\/jornalfatosenoticias.com.br\/#organization"},"image":{"@id":"https:\/\/jornalfatosenoticias.com.br\/index.php\/2025\/06\/30\/saint-exupery-autor-de-o-pequeno-principe-desapareceu-em-voo-na-segunda-guerra\/#primaryimage"},"thumbnailUrl":"https:\/\/jornalfatosenoticias.com.br\/wp-content\/uploads\/2025\/06\/Saint-Exupery-pequeno_principe_capa.jpg","keywords":["Antoine Saint-Exup\u00e9ry","curiosidades","O Pequeno Pr\u00edncipe","personagem","piloto de avi\u00e3o","Segunda Guerra"],"articleSection":["Cultura"],"inLanguage":"pt-BR","potentialAction":[{"@type":"CommentAction","name":"Comment","target":["https:\/\/jornalfatosenoticias.com.br\/index.php\/2025\/06\/30\/saint-exupery-autor-de-o-pequeno-principe-desapareceu-em-voo-na-segunda-guerra\/#respond"]}]},{"@type":"WebPage","@id":"https:\/\/jornalfatosenoticias.com.br\/index.php\/2025\/06\/30\/saint-exupery-autor-de-o-pequeno-principe-desapareceu-em-voo-na-segunda-guerra\/","url":"https:\/\/jornalfatosenoticias.com.br\/index.php\/2025\/06\/30\/saint-exupery-autor-de-o-pequeno-principe-desapareceu-em-voo-na-segunda-guerra\/","name":"Saint-Exup\u00e9ry: Autor de 'O Pequeno Pr\u00edncipe' desapareceu em voo na Segunda Guerra - Jornal Fatos e Not\u00edcias","isPartOf":{"@id":"https:\/\/jornalfatosenoticias.com.br\/#website"},"primaryImageOfPage":{"@id":"https:\/\/jornalfatosenoticias.com.br\/index.php\/2025\/06\/30\/saint-exupery-autor-de-o-pequeno-principe-desapareceu-em-voo-na-segunda-guerra\/#primaryimage"},"image":{"@id":"https:\/\/jornalfatosenoticias.com.br\/index.php\/2025\/06\/30\/saint-exupery-autor-de-o-pequeno-principe-desapareceu-em-voo-na-segunda-guerra\/#primaryimage"},"thumbnailUrl":"https:\/\/jornalfatosenoticias.com.br\/wp-content\/uploads\/2025\/06\/Saint-Exupery-pequeno_principe_capa.jpg","datePublished":"2025-06-30T18:24:22+00:00","dateModified":"2025-06-30T18:24:24+00:00","breadcrumb":{"@id":"https:\/\/jornalfatosenoticias.com.br\/index.php\/2025\/06\/30\/saint-exupery-autor-de-o-pequeno-principe-desapareceu-em-voo-na-segunda-guerra\/#breadcrumb"},"inLanguage":"pt-BR","potentialAction":[{"@type":"ReadAction","target":["https:\/\/jornalfatosenoticias.com.br\/index.php\/2025\/06\/30\/saint-exupery-autor-de-o-pequeno-principe-desapareceu-em-voo-na-segunda-guerra\/"]}]},{"@type":"ImageObject","inLanguage":"pt-BR","@id":"https:\/\/jornalfatosenoticias.com.br\/index.php\/2025\/06\/30\/saint-exupery-autor-de-o-pequeno-principe-desapareceu-em-voo-na-segunda-guerra\/#primaryimage","url":"https:\/\/jornalfatosenoticias.com.br\/wp-content\/uploads\/2025\/06\/Saint-Exupery-pequeno_principe_capa.jpg","contentUrl":"https:\/\/jornalfatosenoticias.com.br\/wp-content\/uploads\/2025\/06\/Saint-Exupery-pequeno_principe_capa.jpg","width":800,"height":450},{"@type":"BreadcrumbList","@id":"https:\/\/jornalfatosenoticias.com.br\/index.php\/2025\/06\/30\/saint-exupery-autor-de-o-pequeno-principe-desapareceu-em-voo-na-segunda-guerra\/#breadcrumb","itemListElement":[{"@type":"ListItem","position":1,"name":"In\u00edcio","item":"https:\/\/jornalfatosenoticias.com.br\/"},{"@type":"ListItem","position":2,"name":"Saint-Exup\u00e9ry: Autor de &#8216;O Pequeno Pr\u00edncipe&#8217; desapareceu em voo na Segunda Guerra"}]},{"@type":"WebSite","@id":"https:\/\/jornalfatosenoticias.com.br\/#website","url":"https:\/\/jornalfatosenoticias.com.br\/","name":"Jornal Fatos e Not\u00edcias","description":"Not\u00edcias em geral","publisher":{"@id":"https:\/\/jornalfatosenoticias.com.br\/#organization"},"potentialAction":[{"@type":"SearchAction","target":{"@type":"EntryPoint","urlTemplate":"https:\/\/jornalfatosenoticias.com.br\/?s={search_term_string}"},"query-input":{"@type":"PropertyValueSpecification","valueRequired":true,"valueName":"search_term_string"}}],"inLanguage":"pt-BR"},{"@type":"Organization","@id":"https:\/\/jornalfatosenoticias.com.br\/#organization","name":"Jornal Fatos e Not\u00edcias","url":"https:\/\/jornalfatosenoticias.com.br\/","logo":{"@type":"ImageObject","inLanguage":"pt-BR","@id":"https:\/\/jornalfatosenoticias.com.br\/#\/schema\/logo\/image\/","url":"https:\/\/jornalfatosenoticias.com.br\/wp-content\/uploads\/2020\/02\/logo120.png","contentUrl":"https:\/\/jornalfatosenoticias.com.br\/wp-content\/uploads\/2020\/02\/logo120.png","width":1227,"height":120,"caption":"Jornal Fatos e Not\u00edcias"},"image":{"@id":"https:\/\/jornalfatosenoticias.com.br\/#\/schema\/logo\/image\/"}},{"@type":"Person","@id":"https:\/\/jornalfatosenoticias.com.br\/#\/schema\/person\/d63837fa13ac8666eb9e74e0985d6f81","name":"Luzimara Fernandes","image":{"@type":"ImageObject","inLanguage":"pt-BR","@id":"https:\/\/jornalfatosenoticias.com.br\/#\/schema\/person\/image\/","url":"https:\/\/jornalfatosenoticias.com.br\/wp-content\/uploads\/2025\/05\/EU_portal.jpg","contentUrl":"https:\/\/jornalfatosenoticias.com.br\/wp-content\/uploads\/2025\/05\/EU_portal.jpg","caption":"Luzimara Fernandes"},"description":"Jornalista MTB 2358-ES","sameAs":["https:\/\/jornalfatosenoticias.com.br"],"url":"https:\/\/jornalfatosenoticias.com.br\/index.php\/author\/luzimara\/"}]}},"cc_featured_image_caption":{"caption_text":"(Foto: Dom\u00ednio P\u00fablico) ","source_text":"","source_url":""},"jetpack_featured_media_url":"https:\/\/jornalfatosenoticias.com.br\/wp-content\/uploads\/2025\/06\/Saint-Exupery-pequeno_principe_capa.jpg","_links":{"self":[{"href":"https:\/\/jornalfatosenoticias.com.br\/index.php\/wp-json\/wp\/v2\/posts\/60303","targetHints":{"allow":["GET"]}}],"collection":[{"href":"https:\/\/jornalfatosenoticias.com.br\/index.php\/wp-json\/wp\/v2\/posts"}],"about":[{"href":"https:\/\/jornalfatosenoticias.com.br\/index.php\/wp-json\/wp\/v2\/types\/post"}],"author":[{"embeddable":true,"href":"https:\/\/jornalfatosenoticias.com.br\/index.php\/wp-json\/wp\/v2\/users\/2"}],"replies":[{"embeddable":true,"href":"https:\/\/jornalfatosenoticias.com.br\/index.php\/wp-json\/wp\/v2\/comments?post=60303"}],"version-history":[{"count":0,"href":"https:\/\/jornalfatosenoticias.com.br\/index.php\/wp-json\/wp\/v2\/posts\/60303\/revisions"}],"wp:featuredmedia":[{"embeddable":true,"href":"https:\/\/jornalfatosenoticias.com.br\/index.php\/wp-json\/wp\/v2\/media\/60306"}],"wp:attachment":[{"href":"https:\/\/jornalfatosenoticias.com.br\/index.php\/wp-json\/wp\/v2\/media?parent=60303"}],"wp:term":[{"taxonomy":"category","embeddable":true,"href":"https:\/\/jornalfatosenoticias.com.br\/index.php\/wp-json\/wp\/v2\/categories?post=60303"},{"taxonomy":"post_tag","embeddable":true,"href":"https:\/\/jornalfatosenoticias.com.br\/index.php\/wp-json\/wp\/v2\/tags?post=60303"}],"curies":[{"name":"wp","href":"https:\/\/api.w.org\/{rel}","templated":true}]}}