{"id":60312,"date":"2025-06-30T16:20:03","date_gmt":"2025-06-30T19:20:03","guid":{"rendered":"https:\/\/jornalfatosenoticias.com.br\/?p=60312"},"modified":"2025-06-30T16:20:04","modified_gmt":"2025-06-30T19:20:04","slug":"aves-resgatadas-em-roraima-passam-por-treinamento-de-voo-para-retorno-a-natureza","status":"publish","type":"post","link":"https:\/\/jornalfatosenoticias.com.br\/index.php\/2025\/06\/30\/aves-resgatadas-em-roraima-passam-por-treinamento-de-voo-para-retorno-a-natureza\/","title":{"rendered":"Aves resgatadas em Roraima passam por \u2018treinamento de voo\u2019 para retorno \u00e0 natureza"},"content":{"rendered":"\n<p><em><span class=\"has-inline-color has-black-color\">Dos 48 animais no Bosque dos Papagaios, 11 passam por reabilita\u00e7\u00e3o semanal para voltarem a voar<\/span><\/em><\/p>\n\n\n\n<div class=\"wp-block-image\"><figure class=\"aligncenter size-large\"><a href=\"https:\/\/mizu.com.br\/\"><img loading=\"lazy\" decoding=\"async\" width=\"729\" height=\"90\" src=\"https:\/\/jornalfatosenoticias.com.br\/wp-content\/uploads\/2020\/02\/Logo_Mizu.png\" alt=\"\" class=\"wp-image-1441\" srcset=\"https:\/\/jornalfatosenoticias.com.br\/wp-content\/uploads\/2020\/02\/Logo_Mizu.png 729w, https:\/\/jornalfatosenoticias.com.br\/wp-content\/uploads\/2020\/02\/Logo_Mizu-300x37.png 300w\" sizes=\"auto, (max-width: 729px) 100vw, 729px\" \/><\/a><\/figure><\/div>\n\n\n\n<p>Compromisso com a restaura\u00e7\u00e3o do equil\u00edbrio ambiental, o trabalho de reintrodu\u00e7\u00e3o de animais silvestres \u00e0 natureza necessita de planejamento. Diante disso, aves resgatadas abrigadas no <a href=\"https:\/\/portalamazonia.com\/turismo\/conheca-o-bosque-dos-papagaios-uma-imersao-na-natureza-em-boa-vista\/\">Bosque dos Papagaios,<\/a> bairro Paraviana, em Boa Vista (RR), passam por treinamento de voo, uma das etapas essenciais no processo de reabilita\u00e7\u00e3o.<br>Atualmente, 48 aves est\u00e3o no equipamento municipal, dentre elas, arara, papagaio, periquito, maitaca, mariana e tucano. Onze delas passam pelo treinamento, sendo seis araras e cinco papagaios, com a possibilidade de retorno ao meio ambiente. De acordo com o diretor do bosque, Luciano Ibiapina, a prepara\u00e7\u00e3o de soltura desses animais garante uma reintegra\u00e7\u00e3o segura ao ecossistema.<\/p>\n\n\n\n<div class=\"wp-block-image\"><figure class=\"aligncenter size-large is-resized\"><a href=\"https:\/\/www.instagram.com\/serra4x4cambioautomatico\/\"><img loading=\"lazy\" decoding=\"async\" src=\"https:\/\/jornalfatosenoticias.com.br\/wp-content\/uploads\/2024\/08\/Serra-4x4-1-886x1024.jpg\" alt=\"\" class=\"wp-image-53632\" width=\"279\" height=\"322\" srcset=\"https:\/\/jornalfatosenoticias.com.br\/wp-content\/uploads\/2024\/08\/Serra-4x4-1-886x1024.jpg 886w, https:\/\/jornalfatosenoticias.com.br\/wp-content\/uploads\/2024\/08\/Serra-4x4-1-260x300.jpg 260w, https:\/\/jornalfatosenoticias.com.br\/wp-content\/uploads\/2024\/08\/Serra-4x4-1-768x888.jpg 768w, https:\/\/jornalfatosenoticias.com.br\/wp-content\/uploads\/2024\/08\/Serra-4x4-1.jpg 1181w\" sizes=\"auto, (max-width: 279px) 100vw, 279px\" \/><\/a><\/figure><\/div>\n\n\n\n<blockquote class=\"wp-block-quote is-layout-flow wp-block-quote-is-layout-flow\"><p><span class=\"has-inline-color has-luminous-vivid-orange-color\">Aves com a musculatura prejudicada passam por treinamento semanalmente aqui no bosque. O objetivo \u00e9 fortalecer os m\u00fasculos das asas para sustentar o corpo do animal durante voos longos. A gente tem aves que j\u00e1 recuperaram 50% da capacidade de voo e a meta \u00e9 atingir 100% para que estejam prontos para soltura no fim do ano, reintegrando-os de forma eficiente e sem intercorr\u00eancias\u201d, disse.<\/span><\/p><\/blockquote>\n\n\n\n<div class=\"wp-block-image\"><figure class=\"aligncenter size-large is-resized\"><a href=\"https:\/\/hotelmarquetti.com.br\/\"><img loading=\"lazy\" decoding=\"async\" src=\"https:\/\/jornalfatosenoticias.com.br\/wp-content\/uploads\/2020\/02\/LOGO-MQ-1024x680.jpg\" alt=\"\" class=\"wp-image-58299\" width=\"410\" height=\"272\" srcset=\"https:\/\/jornalfatosenoticias.com.br\/wp-content\/uploads\/2020\/02\/LOGO-MQ-1024x680.jpg 1024w, https:\/\/jornalfatosenoticias.com.br\/wp-content\/uploads\/2020\/02\/LOGO-MQ-300x199.jpg 300w, https:\/\/jornalfatosenoticias.com.br\/wp-content\/uploads\/2020\/02\/LOGO-MQ-768x510.jpg 768w, https:\/\/jornalfatosenoticias.com.br\/wp-content\/uploads\/2020\/02\/LOGO-MQ-1536x1020.jpg 1536w, https:\/\/jornalfatosenoticias.com.br\/wp-content\/uploads\/2020\/02\/LOGO-MQ-2048x1360.jpg 2048w\" sizes=\"auto, (max-width: 410px) 100vw, 410px\" \/><\/a><\/figure><\/div>\n\n\n\n<p>Ao t\u00e9rmino do treinamento, os animais s\u00e3o entregues ao Centro&nbsp;de Triagem de Animais Silvestres (Cetas), do Instituto Brasileiro do Meio Ambiente e dos Recursos Naturais Renov\u00e1veis (Ibama). Com isso, os profissionais mapeiam e programam a reintegra\u00e7\u00e3o das aves aptas a retornarem para a natureza.<\/p>\n\n\n\n<div class=\"wp-block-image\"><figure class=\"aligncenter size-large\"><a href=\"https:\/\/www.cesconetto.com.br\/\"><img loading=\"lazy\" decoding=\"async\" width=\"300\" height=\"250\" src=\"https:\/\/jornalfatosenoticias.com.br\/wp-content\/uploads\/2020\/02\/Banner-2.png\" alt=\"\" class=\"wp-image-43787\"\/><\/a><\/figure><\/div>\n\n\n\n<p><strong><span class=\"has-inline-color has-vivid-green-cyan-color\">Funcionamento do Bosque dos Papagaios<br><\/span><\/strong>Com exce\u00e7\u00e3o das segundas-feiras, feriados e pontos facultativos, o hor\u00e1rio de funcionamento do bosque \u00e9 das 8h \u00e0s 18h em dias \u00fateis. Aos fins de semana, das 8h \u00e0s 12h e das 14h \u00e0s 18h. Vale ressaltar que no local n\u00e3o \u00e9 permitido entrar com animais dom\u00e9sticos, alimentar os animais, entrar com bebida alco\u00f3lica, consumir alimentos nas trilhas, fumar e descartar res\u00edduos de forma irregular.<\/p>\n\n\n\n<div class=\"wp-block-image\"><figure class=\"aligncenter size-large is-resized\"><a href=\"https:\/\/www.legisjuris.com.br\/\"><img loading=\"lazy\" decoding=\"async\" src=\"https:\/\/jornalfatosenoticias.com.br\/wp-content\/uploads\/2024\/09\/Legis-Juris-Consultoria_logo.jpg\" alt=\"\" class=\"wp-image-53915\" width=\"523\" height=\"219\" srcset=\"https:\/\/jornalfatosenoticias.com.br\/wp-content\/uploads\/2024\/09\/Legis-Juris-Consultoria_logo.jpg 969w, https:\/\/jornalfatosenoticias.com.br\/wp-content\/uploads\/2024\/09\/Legis-Juris-Consultoria_logo-300x126.jpg 300w, https:\/\/jornalfatosenoticias.com.br\/wp-content\/uploads\/2024\/09\/Legis-Juris-Consultoria_logo-768x322.jpg 768w\" sizes=\"auto, (max-width: 523px) 100vw, 523px\" \/><\/a><\/figure><\/div>\n\n\n\n<p><strong>Fonte: <a href=\"https:\/\/portalamazonia.com\/meio-ambiente\/aves-resgatadas-em-roraima\/\">Portal Amaz\u00f4nia<\/a><\/strong><\/p>\n","protected":false},"excerpt":{"rendered":"<p>Dos 48 animais no Bosque dos Papagaios, 11 passam por reabilita\u00e7\u00e3o semanal para voltarem a voar Compromisso com a restaura\u00e7\u00e3o do equil\u00edbrio ambiental, o trabalho de reintrodu\u00e7\u00e3o de animais silvestres \u00e0 natureza necessita de planejamento. Diante disso, aves resgatadas abrigadas no Bosque dos Papagaios, bairro Paraviana, em Boa Vista (RR), passam por treinamento de voo, [&hellip;]<\/p>\n","protected":false},"author":2,"featured_media":60313,"comment_status":"open","ping_status":"open","sticky":false,"template":"","format":"standard","meta":{"footnotes":""},"categories":[8],"tags":[321,27522,10794,945,1610],"class_list":["post-60312","post","type-post","status-publish","format-standard","has-post-thumbnail","hentry","category-meio-ambiente","tag-aves","tag-aves-resgatadas","tag-boa-vista","tag-meio-ambiente","tag-roraima"],"yoast_head":"<!-- This site is optimized with the Yoast SEO plugin v26.5 - https:\/\/yoast.com\/wordpress\/plugins\/seo\/ -->\n<title>Aves resgatadas em Roraima passam por \u2018treinamento de voo\u2019 para retorno \u00e0 natureza - Jornal Fatos e Not\u00edcias<\/title>\n<meta name=\"robots\" content=\"index, follow, max-snippet:-1, max-image-preview:large, max-video-preview:-1\" \/>\n<link rel=\"canonical\" href=\"https:\/\/jornalfatosenoticias.com.br\/index.php\/2025\/06\/30\/aves-resgatadas-em-roraima-passam-por-treinamento-de-voo-para-retorno-a-natureza\/\" \/>\n<meta property=\"og:locale\" content=\"pt_BR\" \/>\n<meta property=\"og:type\" content=\"article\" \/>\n<meta property=\"og:title\" content=\"Aves resgatadas em Roraima passam por \u2018treinamento de voo\u2019 para retorno \u00e0 natureza - Jornal Fatos e Not\u00edcias\" \/>\n<meta property=\"og:description\" content=\"Dos 48 animais no Bosque dos Papagaios, 11 passam por reabilita\u00e7\u00e3o semanal para voltarem a voar Compromisso com a restaura\u00e7\u00e3o do equil\u00edbrio ambiental, o trabalho de reintrodu\u00e7\u00e3o de animais silvestres \u00e0 natureza necessita de planejamento. Diante disso, aves resgatadas abrigadas no Bosque dos Papagaios, bairro Paraviana, em Boa Vista (RR), passam por treinamento de voo, [&hellip;]\" \/>\n<meta property=\"og:url\" content=\"https:\/\/jornalfatosenoticias.com.br\/index.php\/2025\/06\/30\/aves-resgatadas-em-roraima-passam-por-treinamento-de-voo-para-retorno-a-natureza\/\" \/>\n<meta property=\"og:site_name\" content=\"Jornal Fatos e Not\u00edcias\" \/>\n<meta property=\"article:published_time\" content=\"2025-06-30T19:20:03+00:00\" \/>\n<meta property=\"article:modified_time\" content=\"2025-06-30T19:20:04+00:00\" \/>\n<meta property=\"og:image\" content=\"https:\/\/jornalfatosenoticias.com.br\/wp-content\/uploads\/2025\/06\/aves-voo_istock.jpg\" \/>\n\t<meta property=\"og:image:width\" content=\"612\" \/>\n\t<meta property=\"og:image:height\" content=\"407\" \/>\n\t<meta property=\"og:image:type\" content=\"image\/jpeg\" \/>\n<meta name=\"author\" content=\"Luzimara Fernandes\" \/>\n<meta name=\"twitter:card\" content=\"summary_large_image\" \/>\n<meta name=\"twitter:label1\" content=\"Escrito por\" \/>\n\t<meta name=\"twitter:data1\" content=\"Luzimara Fernandes\" \/>\n\t<meta name=\"twitter:label2\" content=\"Est. tempo de leitura\" \/>\n\t<meta name=\"twitter:data2\" content=\"2 minutos\" \/>\n<script type=\"application\/ld+json\" class=\"yoast-schema-graph\">{\"@context\":\"https:\/\/schema.org\",\"@graph\":[{\"@type\":\"Article\",\"@id\":\"https:\/\/jornalfatosenoticias.com.br\/index.php\/2025\/06\/30\/aves-resgatadas-em-roraima-passam-por-treinamento-de-voo-para-retorno-a-natureza\/#article\",\"isPartOf\":{\"@id\":\"https:\/\/jornalfatosenoticias.com.br\/index.php\/2025\/06\/30\/aves-resgatadas-em-roraima-passam-por-treinamento-de-voo-para-retorno-a-natureza\/\"},\"author\":{\"name\":\"Luzimara Fernandes\",\"@id\":\"https:\/\/jornalfatosenoticias.com.br\/#\/schema\/person\/d63837fa13ac8666eb9e74e0985d6f81\"},\"headline\":\"Aves resgatadas em Roraima passam por \u2018treinamento de voo\u2019 para retorno \u00e0 natureza\",\"datePublished\":\"2025-06-30T19:20:03+00:00\",\"dateModified\":\"2025-06-30T19:20:04+00:00\",\"mainEntityOfPage\":{\"@id\":\"https:\/\/jornalfatosenoticias.com.br\/index.php\/2025\/06\/30\/aves-resgatadas-em-roraima-passam-por-treinamento-de-voo-para-retorno-a-natureza\/\"},\"wordCount\":326,\"commentCount\":0,\"publisher\":{\"@id\":\"https:\/\/jornalfatosenoticias.com.br\/#organization\"},\"image\":{\"@id\":\"https:\/\/jornalfatosenoticias.com.br\/index.php\/2025\/06\/30\/aves-resgatadas-em-roraima-passam-por-treinamento-de-voo-para-retorno-a-natureza\/#primaryimage\"},\"thumbnailUrl\":\"https:\/\/jornalfatosenoticias.com.br\/wp-content\/uploads\/2025\/06\/aves-voo_istock.jpg\",\"keywords\":[\"aves\",\"aves resgatadas\",\"Boa Vista\",\"meio ambiente\",\"Roraima\"],\"articleSection\":[\"Meio ambiente\"],\"inLanguage\":\"pt-BR\",\"potentialAction\":[{\"@type\":\"CommentAction\",\"name\":\"Comment\",\"target\":[\"https:\/\/jornalfatosenoticias.com.br\/index.php\/2025\/06\/30\/aves-resgatadas-em-roraima-passam-por-treinamento-de-voo-para-retorno-a-natureza\/#respond\"]}]},{\"@type\":\"WebPage\",\"@id\":\"https:\/\/jornalfatosenoticias.com.br\/index.php\/2025\/06\/30\/aves-resgatadas-em-roraima-passam-por-treinamento-de-voo-para-retorno-a-natureza\/\",\"url\":\"https:\/\/jornalfatosenoticias.com.br\/index.php\/2025\/06\/30\/aves-resgatadas-em-roraima-passam-por-treinamento-de-voo-para-retorno-a-natureza\/\",\"name\":\"Aves resgatadas em Roraima passam por \u2018treinamento de voo\u2019 para retorno \u00e0 natureza - Jornal Fatos e Not\u00edcias\",\"isPartOf\":{\"@id\":\"https:\/\/jornalfatosenoticias.com.br\/#website\"},\"primaryImageOfPage\":{\"@id\":\"https:\/\/jornalfatosenoticias.com.br\/index.php\/2025\/06\/30\/aves-resgatadas-em-roraima-passam-por-treinamento-de-voo-para-retorno-a-natureza\/#primaryimage\"},\"image\":{\"@id\":\"https:\/\/jornalfatosenoticias.com.br\/index.php\/2025\/06\/30\/aves-resgatadas-em-roraima-passam-por-treinamento-de-voo-para-retorno-a-natureza\/#primaryimage\"},\"thumbnailUrl\":\"https:\/\/jornalfatosenoticias.com.br\/wp-content\/uploads\/2025\/06\/aves-voo_istock.jpg\",\"datePublished\":\"2025-06-30T19:20:03+00:00\",\"dateModified\":\"2025-06-30T19:20:04+00:00\",\"breadcrumb\":{\"@id\":\"https:\/\/jornalfatosenoticias.com.br\/index.php\/2025\/06\/30\/aves-resgatadas-em-roraima-passam-por-treinamento-de-voo-para-retorno-a-natureza\/#breadcrumb\"},\"inLanguage\":\"pt-BR\",\"potentialAction\":[{\"@type\":\"ReadAction\",\"target\":[\"https:\/\/jornalfatosenoticias.com.br\/index.php\/2025\/06\/30\/aves-resgatadas-em-roraima-passam-por-treinamento-de-voo-para-retorno-a-natureza\/\"]}]},{\"@type\":\"ImageObject\",\"inLanguage\":\"pt-BR\",\"@id\":\"https:\/\/jornalfatosenoticias.com.br\/index.php\/2025\/06\/30\/aves-resgatadas-em-roraima-passam-por-treinamento-de-voo-para-retorno-a-natureza\/#primaryimage\",\"url\":\"https:\/\/jornalfatosenoticias.com.br\/wp-content\/uploads\/2025\/06\/aves-voo_istock.jpg\",\"contentUrl\":\"https:\/\/jornalfatosenoticias.com.br\/wp-content\/uploads\/2025\/06\/aves-voo_istock.jpg\",\"width\":612,\"height\":407,\"caption\":\"Flying blue-and-yellow Macaw- Ara ararauna from side\"},{\"@type\":\"BreadcrumbList\",\"@id\":\"https:\/\/jornalfatosenoticias.com.br\/index.php\/2025\/06\/30\/aves-resgatadas-em-roraima-passam-por-treinamento-de-voo-para-retorno-a-natureza\/#breadcrumb\",\"itemListElement\":[{\"@type\":\"ListItem\",\"position\":1,\"name\":\"In\u00edcio\",\"item\":\"https:\/\/jornalfatosenoticias.com.br\/\"},{\"@type\":\"ListItem\",\"position\":2,\"name\":\"Aves resgatadas em Roraima passam por \u2018treinamento de voo\u2019 para retorno \u00e0 natureza\"}]},{\"@type\":\"WebSite\",\"@id\":\"https:\/\/jornalfatosenoticias.com.br\/#website\",\"url\":\"https:\/\/jornalfatosenoticias.com.br\/\",\"name\":\"Jornal Fatos e Not\u00edcias\",\"description\":\"Not\u00edcias em geral\",\"publisher\":{\"@id\":\"https:\/\/jornalfatosenoticias.com.br\/#organization\"},\"potentialAction\":[{\"@type\":\"SearchAction\",\"target\":{\"@type\":\"EntryPoint\",\"urlTemplate\":\"https:\/\/jornalfatosenoticias.com.br\/?s={search_term_string}\"},\"query-input\":{\"@type\":\"PropertyValueSpecification\",\"valueRequired\":true,\"valueName\":\"search_term_string\"}}],\"inLanguage\":\"pt-BR\"},{\"@type\":\"Organization\",\"@id\":\"https:\/\/jornalfatosenoticias.com.br\/#organization\",\"name\":\"Jornal Fatos e Not\u00edcias\",\"url\":\"https:\/\/jornalfatosenoticias.com.br\/\",\"logo\":{\"@type\":\"ImageObject\",\"inLanguage\":\"pt-BR\",\"@id\":\"https:\/\/jornalfatosenoticias.com.br\/#\/schema\/logo\/image\/\",\"url\":\"https:\/\/jornalfatosenoticias.com.br\/wp-content\/uploads\/2020\/02\/logo120.png\",\"contentUrl\":\"https:\/\/jornalfatosenoticias.com.br\/wp-content\/uploads\/2020\/02\/logo120.png\",\"width\":1227,\"height\":120,\"caption\":\"Jornal Fatos e Not\u00edcias\"},\"image\":{\"@id\":\"https:\/\/jornalfatosenoticias.com.br\/#\/schema\/logo\/image\/\"}},{\"@type\":\"Person\",\"@id\":\"https:\/\/jornalfatosenoticias.com.br\/#\/schema\/person\/d63837fa13ac8666eb9e74e0985d6f81\",\"name\":\"Luzimara Fernandes\",\"image\":{\"@type\":\"ImageObject\",\"inLanguage\":\"pt-BR\",\"@id\":\"https:\/\/jornalfatosenoticias.com.br\/#\/schema\/person\/image\/\",\"url\":\"https:\/\/jornalfatosenoticias.com.br\/wp-content\/uploads\/2025\/05\/EU_portal.jpg\",\"contentUrl\":\"https:\/\/jornalfatosenoticias.com.br\/wp-content\/uploads\/2025\/05\/EU_portal.jpg\",\"caption\":\"Luzimara Fernandes\"},\"description\":\"Jornalista MTB 2358-ES\",\"sameAs\":[\"https:\/\/jornalfatosenoticias.com.br\"],\"url\":\"https:\/\/jornalfatosenoticias.com.br\/index.php\/author\/luzimara\/\"}]}<\/script>\n<!-- \/ Yoast SEO plugin. -->","yoast_head_json":{"title":"Aves resgatadas em Roraima passam por \u2018treinamento de voo\u2019 para retorno \u00e0 natureza - Jornal Fatos e Not\u00edcias","robots":{"index":"index","follow":"follow","max-snippet":"max-snippet:-1","max-image-preview":"max-image-preview:large","max-video-preview":"max-video-preview:-1"},"canonical":"https:\/\/jornalfatosenoticias.com.br\/index.php\/2025\/06\/30\/aves-resgatadas-em-roraima-passam-por-treinamento-de-voo-para-retorno-a-natureza\/","og_locale":"pt_BR","og_type":"article","og_title":"Aves resgatadas em Roraima passam por \u2018treinamento de voo\u2019 para retorno \u00e0 natureza - Jornal Fatos e Not\u00edcias","og_description":"Dos 48 animais no Bosque dos Papagaios, 11 passam por reabilita\u00e7\u00e3o semanal para voltarem a voar Compromisso com a restaura\u00e7\u00e3o do equil\u00edbrio ambiental, o trabalho de reintrodu\u00e7\u00e3o de animais silvestres \u00e0 natureza necessita de planejamento. Diante disso, aves resgatadas abrigadas no Bosque dos Papagaios, bairro Paraviana, em Boa Vista (RR), passam por treinamento de voo, [&hellip;]","og_url":"https:\/\/jornalfatosenoticias.com.br\/index.php\/2025\/06\/30\/aves-resgatadas-em-roraima-passam-por-treinamento-de-voo-para-retorno-a-natureza\/","og_site_name":"Jornal Fatos e Not\u00edcias","article_published_time":"2025-06-30T19:20:03+00:00","article_modified_time":"2025-06-30T19:20:04+00:00","og_image":[{"width":612,"height":407,"url":"https:\/\/jornalfatosenoticias.com.br\/wp-content\/uploads\/2025\/06\/aves-voo_istock.jpg","type":"image\/jpeg"}],"author":"Luzimara Fernandes","twitter_card":"summary_large_image","twitter_misc":{"Escrito por":"Luzimara Fernandes","Est. tempo de leitura":"2 minutos"},"schema":{"@context":"https:\/\/schema.org","@graph":[{"@type":"Article","@id":"https:\/\/jornalfatosenoticias.com.br\/index.php\/2025\/06\/30\/aves-resgatadas-em-roraima-passam-por-treinamento-de-voo-para-retorno-a-natureza\/#article","isPartOf":{"@id":"https:\/\/jornalfatosenoticias.com.br\/index.php\/2025\/06\/30\/aves-resgatadas-em-roraima-passam-por-treinamento-de-voo-para-retorno-a-natureza\/"},"author":{"name":"Luzimara Fernandes","@id":"https:\/\/jornalfatosenoticias.com.br\/#\/schema\/person\/d63837fa13ac8666eb9e74e0985d6f81"},"headline":"Aves resgatadas em Roraima passam por \u2018treinamento de voo\u2019 para retorno \u00e0 natureza","datePublished":"2025-06-30T19:20:03+00:00","dateModified":"2025-06-30T19:20:04+00:00","mainEntityOfPage":{"@id":"https:\/\/jornalfatosenoticias.com.br\/index.php\/2025\/06\/30\/aves-resgatadas-em-roraima-passam-por-treinamento-de-voo-para-retorno-a-natureza\/"},"wordCount":326,"commentCount":0,"publisher":{"@id":"https:\/\/jornalfatosenoticias.com.br\/#organization"},"image":{"@id":"https:\/\/jornalfatosenoticias.com.br\/index.php\/2025\/06\/30\/aves-resgatadas-em-roraima-passam-por-treinamento-de-voo-para-retorno-a-natureza\/#primaryimage"},"thumbnailUrl":"https:\/\/jornalfatosenoticias.com.br\/wp-content\/uploads\/2025\/06\/aves-voo_istock.jpg","keywords":["aves","aves resgatadas","Boa Vista","meio ambiente","Roraima"],"articleSection":["Meio ambiente"],"inLanguage":"pt-BR","potentialAction":[{"@type":"CommentAction","name":"Comment","target":["https:\/\/jornalfatosenoticias.com.br\/index.php\/2025\/06\/30\/aves-resgatadas-em-roraima-passam-por-treinamento-de-voo-para-retorno-a-natureza\/#respond"]}]},{"@type":"WebPage","@id":"https:\/\/jornalfatosenoticias.com.br\/index.php\/2025\/06\/30\/aves-resgatadas-em-roraima-passam-por-treinamento-de-voo-para-retorno-a-natureza\/","url":"https:\/\/jornalfatosenoticias.com.br\/index.php\/2025\/06\/30\/aves-resgatadas-em-roraima-passam-por-treinamento-de-voo-para-retorno-a-natureza\/","name":"Aves resgatadas em Roraima passam por \u2018treinamento de voo\u2019 para retorno \u00e0 natureza - Jornal Fatos e Not\u00edcias","isPartOf":{"@id":"https:\/\/jornalfatosenoticias.com.br\/#website"},"primaryImageOfPage":{"@id":"https:\/\/jornalfatosenoticias.com.br\/index.php\/2025\/06\/30\/aves-resgatadas-em-roraima-passam-por-treinamento-de-voo-para-retorno-a-natureza\/#primaryimage"},"image":{"@id":"https:\/\/jornalfatosenoticias.com.br\/index.php\/2025\/06\/30\/aves-resgatadas-em-roraima-passam-por-treinamento-de-voo-para-retorno-a-natureza\/#primaryimage"},"thumbnailUrl":"https:\/\/jornalfatosenoticias.com.br\/wp-content\/uploads\/2025\/06\/aves-voo_istock.jpg","datePublished":"2025-06-30T19:20:03+00:00","dateModified":"2025-06-30T19:20:04+00:00","breadcrumb":{"@id":"https:\/\/jornalfatosenoticias.com.br\/index.php\/2025\/06\/30\/aves-resgatadas-em-roraima-passam-por-treinamento-de-voo-para-retorno-a-natureza\/#breadcrumb"},"inLanguage":"pt-BR","potentialAction":[{"@type":"ReadAction","target":["https:\/\/jornalfatosenoticias.com.br\/index.php\/2025\/06\/30\/aves-resgatadas-em-roraima-passam-por-treinamento-de-voo-para-retorno-a-natureza\/"]}]},{"@type":"ImageObject","inLanguage":"pt-BR","@id":"https:\/\/jornalfatosenoticias.com.br\/index.php\/2025\/06\/30\/aves-resgatadas-em-roraima-passam-por-treinamento-de-voo-para-retorno-a-natureza\/#primaryimage","url":"https:\/\/jornalfatosenoticias.com.br\/wp-content\/uploads\/2025\/06\/aves-voo_istock.jpg","contentUrl":"https:\/\/jornalfatosenoticias.com.br\/wp-content\/uploads\/2025\/06\/aves-voo_istock.jpg","width":612,"height":407,"caption":"Flying blue-and-yellow Macaw- Ara ararauna from side"},{"@type":"BreadcrumbList","@id":"https:\/\/jornalfatosenoticias.com.br\/index.php\/2025\/06\/30\/aves-resgatadas-em-roraima-passam-por-treinamento-de-voo-para-retorno-a-natureza\/#breadcrumb","itemListElement":[{"@type":"ListItem","position":1,"name":"In\u00edcio","item":"https:\/\/jornalfatosenoticias.com.br\/"},{"@type":"ListItem","position":2,"name":"Aves resgatadas em Roraima passam por \u2018treinamento de voo\u2019 para retorno \u00e0 natureza"}]},{"@type":"WebSite","@id":"https:\/\/jornalfatosenoticias.com.br\/#website","url":"https:\/\/jornalfatosenoticias.com.br\/","name":"Jornal Fatos e Not\u00edcias","description":"Not\u00edcias em geral","publisher":{"@id":"https:\/\/jornalfatosenoticias.com.br\/#organization"},"potentialAction":[{"@type":"SearchAction","target":{"@type":"EntryPoint","urlTemplate":"https:\/\/jornalfatosenoticias.com.br\/?s={search_term_string}"},"query-input":{"@type":"PropertyValueSpecification","valueRequired":true,"valueName":"search_term_string"}}],"inLanguage":"pt-BR"},{"@type":"Organization","@id":"https:\/\/jornalfatosenoticias.com.br\/#organization","name":"Jornal Fatos e Not\u00edcias","url":"https:\/\/jornalfatosenoticias.com.br\/","logo":{"@type":"ImageObject","inLanguage":"pt-BR","@id":"https:\/\/jornalfatosenoticias.com.br\/#\/schema\/logo\/image\/","url":"https:\/\/jornalfatosenoticias.com.br\/wp-content\/uploads\/2020\/02\/logo120.png","contentUrl":"https:\/\/jornalfatosenoticias.com.br\/wp-content\/uploads\/2020\/02\/logo120.png","width":1227,"height":120,"caption":"Jornal Fatos e Not\u00edcias"},"image":{"@id":"https:\/\/jornalfatosenoticias.com.br\/#\/schema\/logo\/image\/"}},{"@type":"Person","@id":"https:\/\/jornalfatosenoticias.com.br\/#\/schema\/person\/d63837fa13ac8666eb9e74e0985d6f81","name":"Luzimara Fernandes","image":{"@type":"ImageObject","inLanguage":"pt-BR","@id":"https:\/\/jornalfatosenoticias.com.br\/#\/schema\/person\/image\/","url":"https:\/\/jornalfatosenoticias.com.br\/wp-content\/uploads\/2025\/05\/EU_portal.jpg","contentUrl":"https:\/\/jornalfatosenoticias.com.br\/wp-content\/uploads\/2025\/05\/EU_portal.jpg","caption":"Luzimara Fernandes"},"description":"Jornalista MTB 2358-ES","sameAs":["https:\/\/jornalfatosenoticias.com.br"],"url":"https:\/\/jornalfatosenoticias.com.br\/index.php\/author\/luzimara\/"}]}},"cc_featured_image_caption":{"caption_text":"(Foto: iStock) ","source_text":"","source_url":""},"jetpack_featured_media_url":"https:\/\/jornalfatosenoticias.com.br\/wp-content\/uploads\/2025\/06\/aves-voo_istock.jpg","_links":{"self":[{"href":"https:\/\/jornalfatosenoticias.com.br\/index.php\/wp-json\/wp\/v2\/posts\/60312","targetHints":{"allow":["GET"]}}],"collection":[{"href":"https:\/\/jornalfatosenoticias.com.br\/index.php\/wp-json\/wp\/v2\/posts"}],"about":[{"href":"https:\/\/jornalfatosenoticias.com.br\/index.php\/wp-json\/wp\/v2\/types\/post"}],"author":[{"embeddable":true,"href":"https:\/\/jornalfatosenoticias.com.br\/index.php\/wp-json\/wp\/v2\/users\/2"}],"replies":[{"embeddable":true,"href":"https:\/\/jornalfatosenoticias.com.br\/index.php\/wp-json\/wp\/v2\/comments?post=60312"}],"version-history":[{"count":0,"href":"https:\/\/jornalfatosenoticias.com.br\/index.php\/wp-json\/wp\/v2\/posts\/60312\/revisions"}],"wp:featuredmedia":[{"embeddable":true,"href":"https:\/\/jornalfatosenoticias.com.br\/index.php\/wp-json\/wp\/v2\/media\/60313"}],"wp:attachment":[{"href":"https:\/\/jornalfatosenoticias.com.br\/index.php\/wp-json\/wp\/v2\/media?parent=60312"}],"wp:term":[{"taxonomy":"category","embeddable":true,"href":"https:\/\/jornalfatosenoticias.com.br\/index.php\/wp-json\/wp\/v2\/categories?post=60312"},{"taxonomy":"post_tag","embeddable":true,"href":"https:\/\/jornalfatosenoticias.com.br\/index.php\/wp-json\/wp\/v2\/tags?post=60312"}],"curies":[{"name":"wp","href":"https:\/\/api.w.org\/{rel}","templated":true}]}}