{"id":60316,"date":"2025-07-01T09:22:33","date_gmt":"2025-07-01T12:22:33","guid":{"rendered":"https:\/\/jornalfatosenoticias.com.br\/?p=60316"},"modified":"2025-07-01T09:22:35","modified_gmt":"2025-07-01T12:22:35","slug":"mato-grosso-alavanca-crescimento-e-brasil-retoma-lideranca-da-producao-mundial-de-algodao","status":"publish","type":"post","link":"https:\/\/jornalfatosenoticias.com.br\/index.php\/2025\/07\/01\/mato-grosso-alavanca-crescimento-e-brasil-retoma-lideranca-da-producao-mundial-de-algodao\/","title":{"rendered":"Mato Grosso alavanca crescimento e Brasil retoma lideran\u00e7a da produ\u00e7\u00e3o mundial de algod\u00e3o"},"content":{"rendered":"\n<p><em><span class=\"has-inline-color has-black-color\">Brasil supera exporta\u00e7\u00e3o estadunidense de algod\u00e3o, com 2,68 milh\u00f5es de toneladas negociadas em 2024<\/span><\/em><\/p>\n\n\n\n<p><span class=\"has-inline-color has-black-color\">Por <strong>Bruno Maffi<\/strong><\/span><\/p>\n\n\n\n<div class=\"wp-block-image\"><figure class=\"aligncenter size-large is-resized\"><a href=\"https:\/\/www.facebook.com\/vetor.vix\/\"><img loading=\"lazy\" decoding=\"async\" src=\"https:\/\/jornalfatosenoticias.com.br\/wp-content\/uploads\/2023\/09\/vetorvix1024_1.jpg\" alt=\"\" class=\"wp-image-44868\" width=\"558\" height=\"148\" srcset=\"https:\/\/jornalfatosenoticias.com.br\/wp-content\/uploads\/2023\/09\/vetorvix1024_1.jpg 1024w, https:\/\/jornalfatosenoticias.com.br\/wp-content\/uploads\/2023\/09\/vetorvix1024_1-300x80.jpg 300w, https:\/\/jornalfatosenoticias.com.br\/wp-content\/uploads\/2023\/09\/vetorvix1024_1-768x205.jpg 768w\" sizes=\"auto, (max-width: 558px) 100vw, 558px\" \/><\/a><\/figure><\/div>\n\n\n\n<p>O Brasil deve consolidar a lideran\u00e7a mundial nas exporta\u00e7\u00f5es de algod\u00e3o com a safra de 2025. Os produtores planejam colher 3,95 milh\u00f5es de toneladas e vender 2,9 milh\u00f5es ao mercado externo. Em 2024, o Brasil superou os Estados Unidos nas exporta\u00e7\u00f5es, pa\u00eds que liderava o <em>ranking<\/em> mundial por toda a d\u00e9cada at\u00e9 ent\u00e3o. Com a guerra tarif\u00e1ria, a produ\u00e7\u00e3o brasileira conquistou o mercado chin\u00eas, antes dominado pelos estadunidenses.<br>No ano passado, o Brasil produziu 3,7 milh\u00f5es de toneladas e exportou 2,68 milh\u00f5es. A exporta\u00e7\u00e3o gerou US$ 5,2 bilh\u00f5es em receita. Os dados s\u00e3o da Companhia Nacional de Abastecimento (Conab) e do Minist\u00e9rio do Desenvolvimento, Ind\u00fastria, Com\u00e9rcio e Servi\u00e7os.<\/p>\n\n\n\n<div class=\"wp-block-image\"><figure class=\"aligncenter size-large is-resized\"><a href=\"https:\/\/www.instagram.com\/esteio.churrascaria\/\"><img loading=\"lazy\" decoding=\"async\" src=\"https:\/\/jornalfatosenoticias.com.br\/wp-content\/uploads\/2022\/02\/LOGO-ESTEIO-1024x730.png\" alt=\"\" class=\"wp-image-27942\" width=\"324\" height=\"231\" srcset=\"https:\/\/jornalfatosenoticias.com.br\/wp-content\/uploads\/2022\/02\/LOGO-ESTEIO-1024x730.png 1024w, https:\/\/jornalfatosenoticias.com.br\/wp-content\/uploads\/2022\/02\/LOGO-ESTEIO-300x214.png 300w, https:\/\/jornalfatosenoticias.com.br\/wp-content\/uploads\/2022\/02\/LOGO-ESTEIO-768x548.png 768w, https:\/\/jornalfatosenoticias.com.br\/wp-content\/uploads\/2022\/02\/LOGO-ESTEIO.png 1123w\" sizes=\"auto, (max-width: 324px) 100vw, 324px\" \/><\/a><\/figure><\/div>\n\n\n\n<blockquote class=\"wp-block-quote is-layout-flow wp-block-quote-is-layout-flow\"><p><span class=\"has-inline-color has-luminous-vivid-orange-color\">A posi\u00e7\u00e3o de destaque como l\u00edder na exporta\u00e7\u00e3o de algod\u00e3o \u00e9 resultado de um trabalho consistente do setor, com investimentos em qualidade, rastreabilidade e sustentabilidade ao longo das \u00faltimas d\u00e9cadas. Atualmente, o algod\u00e3o brasileiro \u00e9 reconhecido no exterior por essas caracter\u00edsticas, especialmente em mercados exigentes como o asi\u00e1tico\u201d, afirma o presidente da Associa\u00e7\u00e3o Brasileira dos Produtores de Algod\u00e3o (Abrapa), Gustavo Piccoli.<\/span><\/p><\/blockquote>\n\n\n\n<div class=\"wp-block-image\"><figure class=\"aligncenter size-large is-resized\"><a href=\"https:\/\/www.instagram.com\/gruposei\/\"><img loading=\"lazy\" decoding=\"async\" src=\"https:\/\/jornalfatosenoticias.com.br\/wp-content\/uploads\/2022\/07\/Logo-Grupo-SEI.jpg\" alt=\"\" class=\"wp-image-31973\" width=\"396\" height=\"208\" srcset=\"https:\/\/jornalfatosenoticias.com.br\/wp-content\/uploads\/2022\/07\/Logo-Grupo-SEI.jpg 713w, https:\/\/jornalfatosenoticias.com.br\/wp-content\/uploads\/2022\/07\/Logo-Grupo-SEI-300x158.jpg 300w\" sizes=\"auto, (max-width: 396px) 100vw, 396px\" \/><\/a><\/figure><\/div>\n\n\n\n<p><strong><span class=\"has-inline-color has-black-color\">Os principais compradores do algod\u00e3o brasileiro em 2024, segundo o IBGE, foram:<br><\/span><\/strong>\ud83d\udd39 China (US$ 1,7 bilh\u00e3o)<br>\ud83d\udd39 Vietn\u00e3 (US$ 1 bilh\u00e3o)<br>\ud83d\udd39 Bangladesh (US$ 604,4 milh\u00f5es)<br>\ud83d\udd39 Paquist\u00e3o (US$ 519,9 milh\u00f5es)<br>\ud83d\udd39 Turquia (US$ 460,9 milh\u00f5es)<\/p>\n\n\n\n<div class=\"wp-block-image\"><figure class=\"aligncenter size-large\"><img loading=\"lazy\" decoding=\"async\" width=\"612\" height=\"408\" src=\"https:\/\/jornalfatosenoticias.com.br\/wp-content\/uploads\/2025\/07\/algodao_istock.jpg\" alt=\"\" class=\"wp-image-60317\" srcset=\"https:\/\/jornalfatosenoticias.com.br\/wp-content\/uploads\/2025\/07\/algodao_istock.jpg 612w, https:\/\/jornalfatosenoticias.com.br\/wp-content\/uploads\/2025\/07\/algodao_istock-300x200.jpg 300w\" sizes=\"auto, (max-width: 612px) 100vw, 612px\" \/><figcaption><em><span class=\"has-inline-color has-black-color\">Brasil deve produzir 3,95 milh\u00f5es de toneladas de algod\u00e3o em 2025 e exportar 2,9 milh\u00f5es de toneladas (Foto: iStock)<\/span><\/em><\/figcaption><\/figure><\/div>\n\n\n\n<p>O estado do Mato Grosso respondeu por 70% da produ\u00e7\u00e3o brasileira de algod\u00e3o em 2024, com 2,6 milh\u00f5es de toneladas. Algumas iniciativas voltadas ao setor contribu\u00edram para a chegada a esse patamar, como o programa denominado Proalmat, criado nos anos 1990, e pelo qual o governo estadual oferece incentivos fiscais.<\/p>\n\n\n\n<div class=\"wp-block-image\"><figure class=\"aligncenter size-large is-resized\"><a href=\"https:\/\/www.controlsystems.com.br\/\"><img loading=\"lazy\" decoding=\"async\" src=\"https:\/\/jornalfatosenoticias.com.br\/wp-content\/uploads\/2020\/02\/CONTROL-CS.jpg\" alt=\"\" class=\"wp-image-44991\" width=\"273\" height=\"328\" srcset=\"https:\/\/jornalfatosenoticias.com.br\/wp-content\/uploads\/2020\/02\/CONTROL-CS.jpg 834w, https:\/\/jornalfatosenoticias.com.br\/wp-content\/uploads\/2020\/02\/CONTROL-CS-250x300.jpg 250w, https:\/\/jornalfatosenoticias.com.br\/wp-content\/uploads\/2020\/02\/CONTROL-CS-768x921.jpg 768w\" sizes=\"auto, (max-width: 273px) 100vw, 273px\" \/><\/a><\/figure><\/div>\n\n\n\n<p>As medidas incluem redu\u00e7\u00e3o do ICMS e cr\u00e9dito presumido de 65% nas vendas interestaduais. O poder p\u00fablico atrela esse mecanismo ao aumento obtido na competitividade, com atra\u00e7\u00e3o de compradores do Brasil e do exterior. Segundo relat\u00f3rio da Secretaria de Desenvolvimento Econ\u00f4mico de Mato Grosso (Sedec), o Proalmat registrou 2.153 empresas credenciadas em 2023. No ano passado, o faturamento com vendas internas e interestaduais chegou a R$ 18,344 bilh\u00f5es, valor que equivale a um crescimento de 51,17% em rela\u00e7\u00e3o aos 12 meses anteriores.<\/p>\n\n\n\n<div class=\"wp-block-image\"><figure class=\"aligncenter size-large\"><img loading=\"lazy\" decoding=\"async\" width=\"660\" height=\"372\" src=\"https:\/\/jornalfatosenoticias.com.br\/wp-content\/uploads\/2025\/07\/maquina-algodao.jpg\" alt=\"\" class=\"wp-image-60318\" srcset=\"https:\/\/jornalfatosenoticias.com.br\/wp-content\/uploads\/2025\/07\/maquina-algodao.jpg 660w, https:\/\/jornalfatosenoticias.com.br\/wp-content\/uploads\/2025\/07\/maquina-algodao-300x169.jpg 300w\" sizes=\"auto, (max-width: 660px) 100vw, 660px\" \/><figcaption><em><span class=\"has-inline-color has-black-color\">Mato Grosso produziu 2,6 milh\u00f5es de toneladas de algod\u00e3o em 2024, o que corresponde a 70% da produ\u00e7\u00e3o nacional (Foto: Carlos Rudiney\/Arquivo Abrapa)<\/span><\/em><\/figcaption><\/figure><\/div>\n\n\n\n<p><strong><span class=\"has-inline-color has-black-color\">Guerra tarif\u00e1ria causa instabilidade na cadeia global do algod\u00e3o<br><\/span><\/strong>Em maio do ano passado, o pre\u00e7o m\u00e9dio de exporta\u00e7\u00e3o do algod\u00e3o brasileiro foi de US$ 1.954,60 por tonelada. J\u00e1 neste ano, no mesmo m\u00eas, o valor caiu para US$ 1.609,30 \u2014 uma queda de 17,7%, conforme dados da Secretaria de Com\u00e9rcio Exterior, do Minist\u00e9rio do Desenvolvimento, Ind\u00fastria, Com\u00e9rcio e Servi\u00e7os. Nesse contexto, as tarifas internacionais causaram oscila\u00e7\u00f5es no mercado \u2014 medidas dos Estados Unidos e as rea\u00e7\u00f5es da China influenciaram diretamente nos pre\u00e7os.<\/p>\n\n\n\n<div class=\"wp-block-image\"><figure class=\"aligncenter size-large\"><a href=\"http:\/\/www.ferrarimaquinas.com.br\/\"><img loading=\"lazy\" decoding=\"async\" width=\"300\" height=\"250\" src=\"https:\/\/jornalfatosenoticias.com.br\/wp-content\/uploads\/2022\/02\/FERRARI_MAQUINAS-E-FERRAMENTAS2.jpg\" alt=\"\" class=\"wp-image-27860\"\/><\/a><\/figure><\/div>\n\n\n\n<blockquote class=\"wp-block-quote is-layout-flow wp-block-quote-is-layout-flow\"><p><span class=\"has-inline-color has-luminous-vivid-orange-color\">Por isso, seguimos atentos aos desafios do setor, como a volatilidade do mercado internacional e a evolu\u00e7\u00e3o das exig\u00eancias por pr\u00e1ticas sustent\u00e1veis, fatores fundamentais para garantir competitividade no longo prazo\u201d, afirma o presidente da Abrapa.<\/span><\/p><\/blockquote>\n\n\n\n<div class=\"wp-block-image\"><figure class=\"aligncenter size-large is-resized\"><a href=\"https:\/\/www.facebook.com\/profile.php?id=100069289606145\"><img loading=\"lazy\" decoding=\"async\" src=\"https:\/\/jornalfatosenoticias.com.br\/wp-content\/uploads\/2024\/11\/Guaitolini-Contabilidade-1024x714.jpeg\" alt=\"\" class=\"wp-image-55808\" width=\"310\" height=\"216\" srcset=\"https:\/\/jornalfatosenoticias.com.br\/wp-content\/uploads\/2024\/11\/Guaitolini-Contabilidade-1024x714.jpeg 1024w, https:\/\/jornalfatosenoticias.com.br\/wp-content\/uploads\/2024\/11\/Guaitolini-Contabilidade-300x209.jpeg 300w, https:\/\/jornalfatosenoticias.com.br\/wp-content\/uploads\/2024\/11\/Guaitolini-Contabilidade-768x535.jpeg 768w, https:\/\/jornalfatosenoticias.com.br\/wp-content\/uploads\/2024\/11\/Guaitolini-Contabilidade.jpeg 1280w\" sizes=\"auto, (max-width: 310px) 100vw, 310px\" \/><\/a><\/figure><\/div>\n\n\n\n<p>O cen\u00e1rio global \u00e9 de pre\u00e7os reprimidos, devido a uma demanda internacional enfraquecida, na avalia\u00e7\u00e3o do presidente da Associa\u00e7\u00e3o Nacional dos Exportadores de Algod\u00e3o (Anea), Miguel Faus. \u201cA China segue sendo um destino importante para o algod\u00e3o brasileiro, no entanto, a concorr\u00eancia dos EUA deve se intensificar em mercados onde o Brasil tem se consolidado nos \u00faltimos anos, como \u00cdndia, Egito, Paquist\u00e3o, Bangladesh, Vietn\u00e3 e Turquia\u201d, analisa ele.<\/p>\n\n\n\n<div class=\"wp-block-image\"><figure class=\"aligncenter size-large is-resized\"><a href=\"https:\/\/www.facebook.com\/postobkr\/?locale=pt_BR\"><img loading=\"lazy\" decoding=\"async\" src=\"https:\/\/jornalfatosenoticias.com.br\/wp-content\/uploads\/2023\/08\/BKR-1024x1021.jpg\" alt=\"\" class=\"wp-image-44494\" width=\"276\" height=\"275\" srcset=\"https:\/\/jornalfatosenoticias.com.br\/wp-content\/uploads\/2023\/08\/BKR-1024x1021.jpg 1024w, https:\/\/jornalfatosenoticias.com.br\/wp-content\/uploads\/2023\/08\/BKR-300x300.jpg 300w, https:\/\/jornalfatosenoticias.com.br\/wp-content\/uploads\/2023\/08\/BKR-150x150.jpg 150w, https:\/\/jornalfatosenoticias.com.br\/wp-content\/uploads\/2023\/08\/BKR-768x766.jpg 768w, https:\/\/jornalfatosenoticias.com.br\/wp-content\/uploads\/2023\/08\/BKR.jpg 1080w\" sizes=\"auto, (max-width: 276px) 100vw, 276px\" \/><\/a><\/figure><\/div>\n\n\n\n<p><strong><span class=\"has-inline-color has-black-color\">Vietn\u00e3 ganha destaque na compra do algod\u00e3o brasileiro<br><\/span><\/strong>Segundo a Anea, o Brasil embarcou 2,2 milh\u00f5es de toneladas de algod\u00e3o entre julho de 2024 e mar\u00e7o de 2025. J\u00e1 em abril, o pa\u00eds exportou 239 mil toneladas, queda de 0,9% em rela\u00e7\u00e3o ao mesmo m\u00eas do ano anterior. Em mar\u00e7o, exportou o mesmo volume, uma redu\u00e7\u00e3o de 5,3%.<\/p>\n\n\n\n<div class=\"wp-block-image\"><figure class=\"aligncenter size-large is-resized\"><a href=\"https:\/\/www.instagram.com\/restaurantepegoretti\/\"><img loading=\"lazy\" decoding=\"async\" src=\"https:\/\/jornalfatosenoticias.com.br\/wp-content\/uploads\/2023\/12\/pegoretti-logo-pdf-1024x389.jpg\" alt=\"\" class=\"wp-image-47536\" width=\"496\" height=\"188\" srcset=\"https:\/\/jornalfatosenoticias.com.br\/wp-content\/uploads\/2023\/12\/pegoretti-logo-pdf-1024x389.jpg 1024w, https:\/\/jornalfatosenoticias.com.br\/wp-content\/uploads\/2023\/12\/pegoretti-logo-pdf-300x114.jpg 300w, https:\/\/jornalfatosenoticias.com.br\/wp-content\/uploads\/2023\/12\/pegoretti-logo-pdf-768x291.jpg 768w, https:\/\/jornalfatosenoticias.com.br\/wp-content\/uploads\/2023\/12\/pegoretti-logo-pdf.jpg 1120w\" sizes=\"auto, (max-width: 496px) 100vw, 496px\" \/><\/a><\/figure><\/div>\n\n\n\n<p>No acumulado de agosto de2024 a abril de 2025, o Vietn\u00e3 \u00e9 o principal destino das exporta\u00e7\u00f5es brasileiras (462 mil toneladas), representando 19% do total embarcado. Com esse resultado, o Vietn\u00e3 ultrapassou a China como principal destino, em fun\u00e7\u00e3o da redu\u00e7\u00e3o de 775 mil toneladas, em compara\u00e7\u00e3o ao mesmo per\u00edodo do ano passado, dos embarques para o mercado chin\u00eas.<\/p>\n\n\n\n<div class=\"wp-block-image\"><figure class=\"aligncenter size-large\"><img loading=\"lazy\" decoding=\"async\" width=\"660\" height=\"372\" src=\"https:\/\/jornalfatosenoticias.com.br\/wp-content\/uploads\/2025\/07\/Colheita-do-Algodao-em-Campo-Verde-MT.jpg\" alt=\"\" class=\"wp-image-60319\" srcset=\"https:\/\/jornalfatosenoticias.com.br\/wp-content\/uploads\/2025\/07\/Colheita-do-Algodao-em-Campo-Verde-MT.jpg 660w, https:\/\/jornalfatosenoticias.com.br\/wp-content\/uploads\/2025\/07\/Colheita-do-Algodao-em-Campo-Verde-MT-300x169.jpg 300w\" sizes=\"auto, (max-width: 660px) 100vw, 660px\" \/><figcaption><em><span class=\"has-inline-color has-black-color\">Brasil quer consolidar exporta\u00e7\u00e3o de algod\u00e3o ao mercado asi\u00e1tico, com foco em China, Vietn\u00e3 e Coreia do Sul (Foto: Michel Alvim\/Governo do MT)<\/span><\/em><\/figcaption><\/figure><\/div>\n\n\n\n<p><strong><span class=\"has-inline-color has-black-color\">Brasil busca crescimento no mercado asi\u00e1tico para exporta\u00e7\u00e3o do algod\u00e3o<br><\/span><\/strong>Representantes da Abrapa e de associa\u00e7\u00f5es estaduais de produtores de algod\u00e3o visitaram a China e a Coreia do Sul no m\u00eas de junho \u2014 \u00e9 a segunda vez este ano. O objetivo \u00e9 estreitar os la\u00e7os comerciais com a cadeia t\u00eaxtil dos dois pa\u00edses. O grupo brasileiro participou da China International Cotton Conference (CICC 2025), um dos maiores eventos da ind\u00fastria t\u00eaxtil chinesa.<\/p>\n\n\n\n<div class=\"wp-block-image\"><figure class=\"aligncenter size-large is-resized\"><a href=\"https:\/\/www.instagram.com\/serra4x4cambioautomatico\/\"><img loading=\"lazy\" decoding=\"async\" src=\"https:\/\/jornalfatosenoticias.com.br\/wp-content\/uploads\/2024\/08\/Serra-4x4-1-886x1024.jpg\" alt=\"\" class=\"wp-image-53632\" width=\"254\" height=\"294\" srcset=\"https:\/\/jornalfatosenoticias.com.br\/wp-content\/uploads\/2024\/08\/Serra-4x4-1-886x1024.jpg 886w, https:\/\/jornalfatosenoticias.com.br\/wp-content\/uploads\/2024\/08\/Serra-4x4-1-260x300.jpg 260w, https:\/\/jornalfatosenoticias.com.br\/wp-content\/uploads\/2024\/08\/Serra-4x4-1-768x888.jpg 768w, https:\/\/jornalfatosenoticias.com.br\/wp-content\/uploads\/2024\/08\/Serra-4x4-1.jpg 1181w\" sizes=\"auto, (max-width: 254px) 100vw, 254px\" \/><\/a><\/figure><\/div>\n\n\n\n<p>Al\u00e9m do interesse t\u00eaxtil, o mercado chin\u00eas \u00e9 oportunidade para o beneficiamento do caro\u00e7o de algod\u00e3o, insumo da ind\u00fastria de ra\u00e7\u00e3o animal. O ingrediente \u00e9 usado especialmente para ruminantes, devido ao alto teor de prote\u00edna, energia e fibra.<\/p>\n\n\n\n<div class=\"wp-block-image\"><figure class=\"aligncenter size-large is-resized\"><a href=\"https:\/\/www.instagram.com\/rcradiadores\/\"><img loading=\"lazy\" decoding=\"async\" src=\"https:\/\/jornalfatosenoticias.com.br\/wp-content\/uploads\/2022\/10\/RC_800x750_page-0001.jpg\" alt=\"\" class=\"wp-image-35338\" width=\"269\" height=\"252\" srcset=\"https:\/\/jornalfatosenoticias.com.br\/wp-content\/uploads\/2022\/10\/RC_800x750_page-0001.jpg 400w, https:\/\/jornalfatosenoticias.com.br\/wp-content\/uploads\/2022\/10\/RC_800x750_page-0001-300x281.jpg 300w\" sizes=\"auto, (max-width: 269px) 100vw, 269px\" \/><\/a><\/figure><\/div>\n\n\n\n<p>A Coreia do Sul \u00e9 outro parceiro estrat\u00e9gico para as exporta\u00e7\u00f5es brasileiras, j\u00e1 que \u00e9 um pa\u00eds que tem uma ind\u00fastria muito desenvolvida em rela\u00e7\u00e3o ao mercado t\u00eaxtil e de design. No \u00faltimo ano, o pa\u00eds ocupou a 8.\u00aa posi\u00e7\u00e3o entre os que mais compraram o algod\u00e3o do Brasil. Atualmente, 48% de todo algod\u00e3o importado pela Coreia \u00e9 brasileiro.<\/p>\n\n\n\n<div class=\"wp-block-image\"><figure class=\"aligncenter size-large is-resized\"><a href=\"https:\/\/panper.com.br\/\"><img loading=\"lazy\" decoding=\"async\" src=\"https:\/\/jornalfatosenoticias.com.br\/wp-content\/uploads\/2023\/03\/logo-Panper_portal.jpg\" alt=\"\" class=\"wp-image-40208\" width=\"321\" height=\"222\" srcset=\"https:\/\/jornalfatosenoticias.com.br\/wp-content\/uploads\/2023\/03\/logo-Panper_portal.jpg 400w, https:\/\/jornalfatosenoticias.com.br\/wp-content\/uploads\/2023\/03\/logo-Panper_portal-300x208.jpg 300w\" sizes=\"auto, (max-width: 321px) 100vw, 321px\" \/><\/a><\/figure><\/div>\n\n\n\n<p><strong>Fonte: <a href=\"https:\/\/www.gazetadopovo.com.br\/brasil\/mato-grosso-alavanca-crescimento-brasil-lidera-producao-exportacao-algodao\/\">Gazeta do Povo<\/a><\/strong><\/p>\n","protected":false},"excerpt":{"rendered":"<p>Brasil supera exporta\u00e7\u00e3o estadunidense de algod\u00e3o, com 2,68 milh\u00f5es de toneladas negociadas em 2024 Por Bruno Maffi O Brasil deve consolidar a lideran\u00e7a mundial nas exporta\u00e7\u00f5es de algod\u00e3o com a safra de 2025. Os produtores planejam colher 3,95 milh\u00f5es de toneladas e vender 2,9 milh\u00f5es ao mercado externo. Em 2024, o Brasil superou os Estados [&hellip;]<\/p>\n","protected":false},"author":2,"featured_media":60320,"comment_status":"open","ping_status":"open","sticky":false,"template":"","format":"standard","meta":{"footnotes":""},"categories":[9],"tags":[27525,3669,597,85,3441,159,311,1733,27523,27526,6007,27524],"class_list":["post-60316","post","type-post","status-publish","format-standard","has-post-thumbnail","hentry","category-economia","tag-abrapa","tag-algodao","tag-brasil","tag-china","tag-coreia-do-sul","tag-eua","tag-exportacao","tag-mato-grosso","tag-mercado-externo","tag-mercado-interno","tag-plantacao","tag-producao-mundial-de-algodao"],"yoast_head":"<!-- This site is optimized with the Yoast SEO plugin v26.5 - https:\/\/yoast.com\/wordpress\/plugins\/seo\/ -->\n<title>Mato Grosso alavanca crescimento e Brasil retoma lideran\u00e7a da produ\u00e7\u00e3o mundial de algod\u00e3o - Jornal Fatos e Not\u00edcias<\/title>\n<meta name=\"robots\" content=\"index, follow, max-snippet:-1, max-image-preview:large, max-video-preview:-1\" \/>\n<link rel=\"canonical\" href=\"https:\/\/jornalfatosenoticias.com.br\/index.php\/2025\/07\/01\/mato-grosso-alavanca-crescimento-e-brasil-retoma-lideranca-da-producao-mundial-de-algodao\/\" \/>\n<meta property=\"og:locale\" content=\"pt_BR\" \/>\n<meta property=\"og:type\" content=\"article\" \/>\n<meta property=\"og:title\" content=\"Mato Grosso alavanca crescimento e Brasil retoma lideran\u00e7a da produ\u00e7\u00e3o mundial de algod\u00e3o - Jornal Fatos e Not\u00edcias\" \/>\n<meta property=\"og:description\" content=\"Brasil supera exporta\u00e7\u00e3o estadunidense de algod\u00e3o, com 2,68 milh\u00f5es de toneladas negociadas em 2024 Por Bruno Maffi O Brasil deve consolidar a lideran\u00e7a mundial nas exporta\u00e7\u00f5es de algod\u00e3o com a safra de 2025. Os produtores planejam colher 3,95 milh\u00f5es de toneladas e vender 2,9 milh\u00f5es ao mercado externo. Em 2024, o Brasil superou os Estados [&hellip;]\" \/>\n<meta property=\"og:url\" content=\"https:\/\/jornalfatosenoticias.com.br\/index.php\/2025\/07\/01\/mato-grosso-alavanca-crescimento-e-brasil-retoma-lideranca-da-producao-mundial-de-algodao\/\" \/>\n<meta property=\"og:site_name\" content=\"Jornal Fatos e Not\u00edcias\" \/>\n<meta property=\"article:published_time\" content=\"2025-07-01T12:22:33+00:00\" \/>\n<meta property=\"article:modified_time\" content=\"2025-07-01T12:22:35+00:00\" \/>\n<meta property=\"og:image\" content=\"https:\/\/jornalfatosenoticias.com.br\/wp-content\/uploads\/2025\/07\/plantacao-algodao_istock.jpg\" \/>\n\t<meta property=\"og:image:width\" content=\"612\" \/>\n\t<meta property=\"og:image:height\" content=\"355\" \/>\n\t<meta property=\"og:image:type\" content=\"image\/jpeg\" \/>\n<meta name=\"author\" content=\"Luzimara Fernandes\" \/>\n<meta name=\"twitter:card\" content=\"summary_large_image\" \/>\n<meta name=\"twitter:label1\" content=\"Escrito por\" \/>\n\t<meta name=\"twitter:data1\" content=\"Luzimara Fernandes\" \/>\n\t<meta name=\"twitter:label2\" content=\"Est. tempo de leitura\" \/>\n\t<meta name=\"twitter:data2\" content=\"5 minutos\" \/>\n<script type=\"application\/ld+json\" class=\"yoast-schema-graph\">{\"@context\":\"https:\/\/schema.org\",\"@graph\":[{\"@type\":\"Article\",\"@id\":\"https:\/\/jornalfatosenoticias.com.br\/index.php\/2025\/07\/01\/mato-grosso-alavanca-crescimento-e-brasil-retoma-lideranca-da-producao-mundial-de-algodao\/#article\",\"isPartOf\":{\"@id\":\"https:\/\/jornalfatosenoticias.com.br\/index.php\/2025\/07\/01\/mato-grosso-alavanca-crescimento-e-brasil-retoma-lideranca-da-producao-mundial-de-algodao\/\"},\"author\":{\"name\":\"Luzimara Fernandes\",\"@id\":\"https:\/\/jornalfatosenoticias.com.br\/#\/schema\/person\/d63837fa13ac8666eb9e74e0985d6f81\"},\"headline\":\"Mato Grosso alavanca crescimento e Brasil retoma lideran\u00e7a da produ\u00e7\u00e3o mundial de algod\u00e3o\",\"datePublished\":\"2025-07-01T12:22:33+00:00\",\"dateModified\":\"2025-07-01T12:22:35+00:00\",\"mainEntityOfPage\":{\"@id\":\"https:\/\/jornalfatosenoticias.com.br\/index.php\/2025\/07\/01\/mato-grosso-alavanca-crescimento-e-brasil-retoma-lideranca-da-producao-mundial-de-algodao\/\"},\"wordCount\":982,\"commentCount\":0,\"publisher\":{\"@id\":\"https:\/\/jornalfatosenoticias.com.br\/#organization\"},\"image\":{\"@id\":\"https:\/\/jornalfatosenoticias.com.br\/index.php\/2025\/07\/01\/mato-grosso-alavanca-crescimento-e-brasil-retoma-lideranca-da-producao-mundial-de-algodao\/#primaryimage\"},\"thumbnailUrl\":\"https:\/\/jornalfatosenoticias.com.br\/wp-content\/uploads\/2025\/07\/plantacao-algodao_istock.jpg\",\"keywords\":[\"Abrapa\",\"algod\u00e3o\",\"Brasil\",\"china\",\"Coreia do Sul\",\"EUA\",\"exporta\u00e7\u00e3o\",\"Mato Grosso\",\"mercado externo\",\"mercado interno\",\"planta\u00e7\u00e3o\",\"produ\u00e7\u00e3o mundial de algod\u00e3o\"],\"articleSection\":[\"Economia\"],\"inLanguage\":\"pt-BR\",\"potentialAction\":[{\"@type\":\"CommentAction\",\"name\":\"Comment\",\"target\":[\"https:\/\/jornalfatosenoticias.com.br\/index.php\/2025\/07\/01\/mato-grosso-alavanca-crescimento-e-brasil-retoma-lideranca-da-producao-mundial-de-algodao\/#respond\"]}]},{\"@type\":\"WebPage\",\"@id\":\"https:\/\/jornalfatosenoticias.com.br\/index.php\/2025\/07\/01\/mato-grosso-alavanca-crescimento-e-brasil-retoma-lideranca-da-producao-mundial-de-algodao\/\",\"url\":\"https:\/\/jornalfatosenoticias.com.br\/index.php\/2025\/07\/01\/mato-grosso-alavanca-crescimento-e-brasil-retoma-lideranca-da-producao-mundial-de-algodao\/\",\"name\":\"Mato Grosso alavanca crescimento e Brasil retoma lideran\u00e7a da produ\u00e7\u00e3o mundial de algod\u00e3o - Jornal Fatos e Not\u00edcias\",\"isPartOf\":{\"@id\":\"https:\/\/jornalfatosenoticias.com.br\/#website\"},\"primaryImageOfPage\":{\"@id\":\"https:\/\/jornalfatosenoticias.com.br\/index.php\/2025\/07\/01\/mato-grosso-alavanca-crescimento-e-brasil-retoma-lideranca-da-producao-mundial-de-algodao\/#primaryimage\"},\"image\":{\"@id\":\"https:\/\/jornalfatosenoticias.com.br\/index.php\/2025\/07\/01\/mato-grosso-alavanca-crescimento-e-brasil-retoma-lideranca-da-producao-mundial-de-algodao\/#primaryimage\"},\"thumbnailUrl\":\"https:\/\/jornalfatosenoticias.com.br\/wp-content\/uploads\/2025\/07\/plantacao-algodao_istock.jpg\",\"datePublished\":\"2025-07-01T12:22:33+00:00\",\"dateModified\":\"2025-07-01T12:22:35+00:00\",\"breadcrumb\":{\"@id\":\"https:\/\/jornalfatosenoticias.com.br\/index.php\/2025\/07\/01\/mato-grosso-alavanca-crescimento-e-brasil-retoma-lideranca-da-producao-mundial-de-algodao\/#breadcrumb\"},\"inLanguage\":\"pt-BR\",\"potentialAction\":[{\"@type\":\"ReadAction\",\"target\":[\"https:\/\/jornalfatosenoticias.com.br\/index.php\/2025\/07\/01\/mato-grosso-alavanca-crescimento-e-brasil-retoma-lideranca-da-producao-mundial-de-algodao\/\"]}]},{\"@type\":\"ImageObject\",\"inLanguage\":\"pt-BR\",\"@id\":\"https:\/\/jornalfatosenoticias.com.br\/index.php\/2025\/07\/01\/mato-grosso-alavanca-crescimento-e-brasil-retoma-lideranca-da-producao-mundial-de-algodao\/#primaryimage\",\"url\":\"https:\/\/jornalfatosenoticias.com.br\/wp-content\/uploads\/2025\/07\/plantacao-algodao_istock.jpg\",\"contentUrl\":\"https:\/\/jornalfatosenoticias.com.br\/wp-content\/uploads\/2025\/07\/plantacao-algodao_istock.jpg\",\"width\":612,\"height\":355,\"caption\":\"Cotton plants appear in neat rows on a Texas plantation\"},{\"@type\":\"BreadcrumbList\",\"@id\":\"https:\/\/jornalfatosenoticias.com.br\/index.php\/2025\/07\/01\/mato-grosso-alavanca-crescimento-e-brasil-retoma-lideranca-da-producao-mundial-de-algodao\/#breadcrumb\",\"itemListElement\":[{\"@type\":\"ListItem\",\"position\":1,\"name\":\"In\u00edcio\",\"item\":\"https:\/\/jornalfatosenoticias.com.br\/\"},{\"@type\":\"ListItem\",\"position\":2,\"name\":\"Mato Grosso alavanca crescimento e Brasil retoma lideran\u00e7a da produ\u00e7\u00e3o mundial de algod\u00e3o\"}]},{\"@type\":\"WebSite\",\"@id\":\"https:\/\/jornalfatosenoticias.com.br\/#website\",\"url\":\"https:\/\/jornalfatosenoticias.com.br\/\",\"name\":\"Jornal Fatos e Not\u00edcias\",\"description\":\"Not\u00edcias em geral\",\"publisher\":{\"@id\":\"https:\/\/jornalfatosenoticias.com.br\/#organization\"},\"potentialAction\":[{\"@type\":\"SearchAction\",\"target\":{\"@type\":\"EntryPoint\",\"urlTemplate\":\"https:\/\/jornalfatosenoticias.com.br\/?s={search_term_string}\"},\"query-input\":{\"@type\":\"PropertyValueSpecification\",\"valueRequired\":true,\"valueName\":\"search_term_string\"}}],\"inLanguage\":\"pt-BR\"},{\"@type\":\"Organization\",\"@id\":\"https:\/\/jornalfatosenoticias.com.br\/#organization\",\"name\":\"Jornal Fatos e Not\u00edcias\",\"url\":\"https:\/\/jornalfatosenoticias.com.br\/\",\"logo\":{\"@type\":\"ImageObject\",\"inLanguage\":\"pt-BR\",\"@id\":\"https:\/\/jornalfatosenoticias.com.br\/#\/schema\/logo\/image\/\",\"url\":\"https:\/\/jornalfatosenoticias.com.br\/wp-content\/uploads\/2020\/02\/logo120.png\",\"contentUrl\":\"https:\/\/jornalfatosenoticias.com.br\/wp-content\/uploads\/2020\/02\/logo120.png\",\"width\":1227,\"height\":120,\"caption\":\"Jornal Fatos e Not\u00edcias\"},\"image\":{\"@id\":\"https:\/\/jornalfatosenoticias.com.br\/#\/schema\/logo\/image\/\"}},{\"@type\":\"Person\",\"@id\":\"https:\/\/jornalfatosenoticias.com.br\/#\/schema\/person\/d63837fa13ac8666eb9e74e0985d6f81\",\"name\":\"Luzimara Fernandes\",\"image\":{\"@type\":\"ImageObject\",\"inLanguage\":\"pt-BR\",\"@id\":\"https:\/\/jornalfatosenoticias.com.br\/#\/schema\/person\/image\/\",\"url\":\"https:\/\/jornalfatosenoticias.com.br\/wp-content\/uploads\/2025\/05\/EU_portal.jpg\",\"contentUrl\":\"https:\/\/jornalfatosenoticias.com.br\/wp-content\/uploads\/2025\/05\/EU_portal.jpg\",\"caption\":\"Luzimara Fernandes\"},\"description\":\"Jornalista MTB 2358-ES\",\"sameAs\":[\"https:\/\/jornalfatosenoticias.com.br\"],\"url\":\"https:\/\/jornalfatosenoticias.com.br\/index.php\/author\/luzimara\/\"}]}<\/script>\n<!-- \/ Yoast SEO plugin. -->","yoast_head_json":{"title":"Mato Grosso alavanca crescimento e Brasil retoma lideran\u00e7a da produ\u00e7\u00e3o mundial de algod\u00e3o - Jornal Fatos e Not\u00edcias","robots":{"index":"index","follow":"follow","max-snippet":"max-snippet:-1","max-image-preview":"max-image-preview:large","max-video-preview":"max-video-preview:-1"},"canonical":"https:\/\/jornalfatosenoticias.com.br\/index.php\/2025\/07\/01\/mato-grosso-alavanca-crescimento-e-brasil-retoma-lideranca-da-producao-mundial-de-algodao\/","og_locale":"pt_BR","og_type":"article","og_title":"Mato Grosso alavanca crescimento e Brasil retoma lideran\u00e7a da produ\u00e7\u00e3o mundial de algod\u00e3o - Jornal Fatos e Not\u00edcias","og_description":"Brasil supera exporta\u00e7\u00e3o estadunidense de algod\u00e3o, com 2,68 milh\u00f5es de toneladas negociadas em 2024 Por Bruno Maffi O Brasil deve consolidar a lideran\u00e7a mundial nas exporta\u00e7\u00f5es de algod\u00e3o com a safra de 2025. Os produtores planejam colher 3,95 milh\u00f5es de toneladas e vender 2,9 milh\u00f5es ao mercado externo. Em 2024, o Brasil superou os Estados [&hellip;]","og_url":"https:\/\/jornalfatosenoticias.com.br\/index.php\/2025\/07\/01\/mato-grosso-alavanca-crescimento-e-brasil-retoma-lideranca-da-producao-mundial-de-algodao\/","og_site_name":"Jornal Fatos e Not\u00edcias","article_published_time":"2025-07-01T12:22:33+00:00","article_modified_time":"2025-07-01T12:22:35+00:00","og_image":[{"width":612,"height":355,"url":"https:\/\/jornalfatosenoticias.com.br\/wp-content\/uploads\/2025\/07\/plantacao-algodao_istock.jpg","type":"image\/jpeg"}],"author":"Luzimara Fernandes","twitter_card":"summary_large_image","twitter_misc":{"Escrito por":"Luzimara Fernandes","Est. tempo de leitura":"5 minutos"},"schema":{"@context":"https:\/\/schema.org","@graph":[{"@type":"Article","@id":"https:\/\/jornalfatosenoticias.com.br\/index.php\/2025\/07\/01\/mato-grosso-alavanca-crescimento-e-brasil-retoma-lideranca-da-producao-mundial-de-algodao\/#article","isPartOf":{"@id":"https:\/\/jornalfatosenoticias.com.br\/index.php\/2025\/07\/01\/mato-grosso-alavanca-crescimento-e-brasil-retoma-lideranca-da-producao-mundial-de-algodao\/"},"author":{"name":"Luzimara Fernandes","@id":"https:\/\/jornalfatosenoticias.com.br\/#\/schema\/person\/d63837fa13ac8666eb9e74e0985d6f81"},"headline":"Mato Grosso alavanca crescimento e Brasil retoma lideran\u00e7a da produ\u00e7\u00e3o mundial de algod\u00e3o","datePublished":"2025-07-01T12:22:33+00:00","dateModified":"2025-07-01T12:22:35+00:00","mainEntityOfPage":{"@id":"https:\/\/jornalfatosenoticias.com.br\/index.php\/2025\/07\/01\/mato-grosso-alavanca-crescimento-e-brasil-retoma-lideranca-da-producao-mundial-de-algodao\/"},"wordCount":982,"commentCount":0,"publisher":{"@id":"https:\/\/jornalfatosenoticias.com.br\/#organization"},"image":{"@id":"https:\/\/jornalfatosenoticias.com.br\/index.php\/2025\/07\/01\/mato-grosso-alavanca-crescimento-e-brasil-retoma-lideranca-da-producao-mundial-de-algodao\/#primaryimage"},"thumbnailUrl":"https:\/\/jornalfatosenoticias.com.br\/wp-content\/uploads\/2025\/07\/plantacao-algodao_istock.jpg","keywords":["Abrapa","algod\u00e3o","Brasil","china","Coreia do Sul","EUA","exporta\u00e7\u00e3o","Mato Grosso","mercado externo","mercado interno","planta\u00e7\u00e3o","produ\u00e7\u00e3o mundial de algod\u00e3o"],"articleSection":["Economia"],"inLanguage":"pt-BR","potentialAction":[{"@type":"CommentAction","name":"Comment","target":["https:\/\/jornalfatosenoticias.com.br\/index.php\/2025\/07\/01\/mato-grosso-alavanca-crescimento-e-brasil-retoma-lideranca-da-producao-mundial-de-algodao\/#respond"]}]},{"@type":"WebPage","@id":"https:\/\/jornalfatosenoticias.com.br\/index.php\/2025\/07\/01\/mato-grosso-alavanca-crescimento-e-brasil-retoma-lideranca-da-producao-mundial-de-algodao\/","url":"https:\/\/jornalfatosenoticias.com.br\/index.php\/2025\/07\/01\/mato-grosso-alavanca-crescimento-e-brasil-retoma-lideranca-da-producao-mundial-de-algodao\/","name":"Mato Grosso alavanca crescimento e Brasil retoma lideran\u00e7a da produ\u00e7\u00e3o mundial de algod\u00e3o - Jornal Fatos e Not\u00edcias","isPartOf":{"@id":"https:\/\/jornalfatosenoticias.com.br\/#website"},"primaryImageOfPage":{"@id":"https:\/\/jornalfatosenoticias.com.br\/index.php\/2025\/07\/01\/mato-grosso-alavanca-crescimento-e-brasil-retoma-lideranca-da-producao-mundial-de-algodao\/#primaryimage"},"image":{"@id":"https:\/\/jornalfatosenoticias.com.br\/index.php\/2025\/07\/01\/mato-grosso-alavanca-crescimento-e-brasil-retoma-lideranca-da-producao-mundial-de-algodao\/#primaryimage"},"thumbnailUrl":"https:\/\/jornalfatosenoticias.com.br\/wp-content\/uploads\/2025\/07\/plantacao-algodao_istock.jpg","datePublished":"2025-07-01T12:22:33+00:00","dateModified":"2025-07-01T12:22:35+00:00","breadcrumb":{"@id":"https:\/\/jornalfatosenoticias.com.br\/index.php\/2025\/07\/01\/mato-grosso-alavanca-crescimento-e-brasil-retoma-lideranca-da-producao-mundial-de-algodao\/#breadcrumb"},"inLanguage":"pt-BR","potentialAction":[{"@type":"ReadAction","target":["https:\/\/jornalfatosenoticias.com.br\/index.php\/2025\/07\/01\/mato-grosso-alavanca-crescimento-e-brasil-retoma-lideranca-da-producao-mundial-de-algodao\/"]}]},{"@type":"ImageObject","inLanguage":"pt-BR","@id":"https:\/\/jornalfatosenoticias.com.br\/index.php\/2025\/07\/01\/mato-grosso-alavanca-crescimento-e-brasil-retoma-lideranca-da-producao-mundial-de-algodao\/#primaryimage","url":"https:\/\/jornalfatosenoticias.com.br\/wp-content\/uploads\/2025\/07\/plantacao-algodao_istock.jpg","contentUrl":"https:\/\/jornalfatosenoticias.com.br\/wp-content\/uploads\/2025\/07\/plantacao-algodao_istock.jpg","width":612,"height":355,"caption":"Cotton plants appear in neat rows on a Texas plantation"},{"@type":"BreadcrumbList","@id":"https:\/\/jornalfatosenoticias.com.br\/index.php\/2025\/07\/01\/mato-grosso-alavanca-crescimento-e-brasil-retoma-lideranca-da-producao-mundial-de-algodao\/#breadcrumb","itemListElement":[{"@type":"ListItem","position":1,"name":"In\u00edcio","item":"https:\/\/jornalfatosenoticias.com.br\/"},{"@type":"ListItem","position":2,"name":"Mato Grosso alavanca crescimento e Brasil retoma lideran\u00e7a da produ\u00e7\u00e3o mundial de algod\u00e3o"}]},{"@type":"WebSite","@id":"https:\/\/jornalfatosenoticias.com.br\/#website","url":"https:\/\/jornalfatosenoticias.com.br\/","name":"Jornal Fatos e Not\u00edcias","description":"Not\u00edcias em geral","publisher":{"@id":"https:\/\/jornalfatosenoticias.com.br\/#organization"},"potentialAction":[{"@type":"SearchAction","target":{"@type":"EntryPoint","urlTemplate":"https:\/\/jornalfatosenoticias.com.br\/?s={search_term_string}"},"query-input":{"@type":"PropertyValueSpecification","valueRequired":true,"valueName":"search_term_string"}}],"inLanguage":"pt-BR"},{"@type":"Organization","@id":"https:\/\/jornalfatosenoticias.com.br\/#organization","name":"Jornal Fatos e Not\u00edcias","url":"https:\/\/jornalfatosenoticias.com.br\/","logo":{"@type":"ImageObject","inLanguage":"pt-BR","@id":"https:\/\/jornalfatosenoticias.com.br\/#\/schema\/logo\/image\/","url":"https:\/\/jornalfatosenoticias.com.br\/wp-content\/uploads\/2020\/02\/logo120.png","contentUrl":"https:\/\/jornalfatosenoticias.com.br\/wp-content\/uploads\/2020\/02\/logo120.png","width":1227,"height":120,"caption":"Jornal Fatos e Not\u00edcias"},"image":{"@id":"https:\/\/jornalfatosenoticias.com.br\/#\/schema\/logo\/image\/"}},{"@type":"Person","@id":"https:\/\/jornalfatosenoticias.com.br\/#\/schema\/person\/d63837fa13ac8666eb9e74e0985d6f81","name":"Luzimara Fernandes","image":{"@type":"ImageObject","inLanguage":"pt-BR","@id":"https:\/\/jornalfatosenoticias.com.br\/#\/schema\/person\/image\/","url":"https:\/\/jornalfatosenoticias.com.br\/wp-content\/uploads\/2025\/05\/EU_portal.jpg","contentUrl":"https:\/\/jornalfatosenoticias.com.br\/wp-content\/uploads\/2025\/05\/EU_portal.jpg","caption":"Luzimara Fernandes"},"description":"Jornalista MTB 2358-ES","sameAs":["https:\/\/jornalfatosenoticias.com.br"],"url":"https:\/\/jornalfatosenoticias.com.br\/index.php\/author\/luzimara\/"}]}},"cc_featured_image_caption":{"caption_text":"(Foto: iStock) ","source_text":"","source_url":""},"jetpack_featured_media_url":"https:\/\/jornalfatosenoticias.com.br\/wp-content\/uploads\/2025\/07\/plantacao-algodao_istock.jpg","_links":{"self":[{"href":"https:\/\/jornalfatosenoticias.com.br\/index.php\/wp-json\/wp\/v2\/posts\/60316","targetHints":{"allow":["GET"]}}],"collection":[{"href":"https:\/\/jornalfatosenoticias.com.br\/index.php\/wp-json\/wp\/v2\/posts"}],"about":[{"href":"https:\/\/jornalfatosenoticias.com.br\/index.php\/wp-json\/wp\/v2\/types\/post"}],"author":[{"embeddable":true,"href":"https:\/\/jornalfatosenoticias.com.br\/index.php\/wp-json\/wp\/v2\/users\/2"}],"replies":[{"embeddable":true,"href":"https:\/\/jornalfatosenoticias.com.br\/index.php\/wp-json\/wp\/v2\/comments?post=60316"}],"version-history":[{"count":0,"href":"https:\/\/jornalfatosenoticias.com.br\/index.php\/wp-json\/wp\/v2\/posts\/60316\/revisions"}],"wp:featuredmedia":[{"embeddable":true,"href":"https:\/\/jornalfatosenoticias.com.br\/index.php\/wp-json\/wp\/v2\/media\/60320"}],"wp:attachment":[{"href":"https:\/\/jornalfatosenoticias.com.br\/index.php\/wp-json\/wp\/v2\/media?parent=60316"}],"wp:term":[{"taxonomy":"category","embeddable":true,"href":"https:\/\/jornalfatosenoticias.com.br\/index.php\/wp-json\/wp\/v2\/categories?post=60316"},{"taxonomy":"post_tag","embeddable":true,"href":"https:\/\/jornalfatosenoticias.com.br\/index.php\/wp-json\/wp\/v2\/tags?post=60316"}],"curies":[{"name":"wp","href":"https:\/\/api.w.org\/{rel}","templated":true}]}}