{"id":60325,"date":"2025-07-01T09:56:28","date_gmt":"2025-07-01T12:56:28","guid":{"rendered":"https:\/\/jornalfatosenoticias.com.br\/?p=60325"},"modified":"2025-07-01T09:58:02","modified_gmt":"2025-07-01T12:58:02","slug":"deputada-do-psol-quer-banir-todas-as-plataformas-que-nao-tem-representante-do-brasil","status":"publish","type":"post","link":"https:\/\/jornalfatosenoticias.com.br\/index.php\/2025\/07\/01\/deputada-do-psol-quer-banir-todas-as-plataformas-que-nao-tem-representante-do-brasil\/","title":{"rendered":"Deputada do Psol quer banir todas as plataformas que n\u00e3o t\u00eam representante do Brasil"},"content":{"rendered":"\n<p><em><span class=\"has-inline-color has-black-color\">Proposta de Tal\u00edria Petrone (Psol-RJ) legitima s\u00e9rie de bloqueios de plataformas adotada por Alexandre de Moraes contra redes como X e Telegram<\/span><\/em><\/p>\n\n\n\n<p><span class=\"has-inline-color has-black-color\">Por <strong><a href=\"https:\/\/www.gazetadopovo.com.br\/autor\/gabriel-sestrem\/\" rel=\"sponsored nofollow\">Gabriel Sestrem<\/a><\/strong><\/span><\/p>\n\n\n\n<div class=\"wp-block-image\"><figure class=\"aligncenter size-large\"><a href=\"https:\/\/panper.com.br\/\"><img loading=\"lazy\" decoding=\"async\" width=\"1024\" height=\"111\" src=\"https:\/\/jornalfatosenoticias.com.br\/wp-content\/uploads\/2020\/02\/WhatsApp-Image-2022-09-23-at-12.09.18-1024x111.jpeg\" alt=\"\" class=\"wp-image-34527\" srcset=\"https:\/\/jornalfatosenoticias.com.br\/wp-content\/uploads\/2020\/02\/WhatsApp-Image-2022-09-23-at-12.09.18-1024x111.jpeg 1024w, https:\/\/jornalfatosenoticias.com.br\/wp-content\/uploads\/2020\/02\/WhatsApp-Image-2022-09-23-at-12.09.18-300x32.jpeg 300w, https:\/\/jornalfatosenoticias.com.br\/wp-content\/uploads\/2020\/02\/WhatsApp-Image-2022-09-23-at-12.09.18-768x83.jpeg 768w, https:\/\/jornalfatosenoticias.com.br\/wp-content\/uploads\/2020\/02\/WhatsApp-Image-2022-09-23-at-12.09.18.jpeg 1121w\" sizes=\"auto, (max-width: 1024px) 100vw, 1024px\" \/><\/a><\/figure><\/div>\n\n\n\n<p>A deputada federal Tal\u00edria Petrone, l\u00edder da bancada do Psol na C\u00e2mara, apresentou um projeto de lei que pune com suspens\u00e3o das atividades todas as plataformas digitais que n\u00e3o mantiverem representa\u00e7\u00e3o legal no Brasil. Em resumo, todo e qualquer servi\u00e7o digital \u2014 de uma pequena empresa que fornece antiv\u00edrus ou sistema de VPN at\u00e9 uma grande rede social \u2014 seria obrigado a formalizar um representante, ainda que n\u00e3o direcione seus servi\u00e7os a brasileiros. Basta que o servi\u00e7o esteja acess\u00edvel no pa\u00eds para que seja pass\u00edvel de banimento.<br>A justificativa da representante do Psol \u00e9 que a medida refor\u00e7aria a responsabilidade jur\u00eddica das empresas, no sentido de represent\u00e1-las perante \u00f3rg\u00e3os administrativos e judiciais e assumir a responsabilidade por eventuais multas decorrentes do descumprimento de obriga\u00e7\u00f5es legais.<\/p>\n\n\n\n<div class=\"wp-block-image\"><figure class=\"aligncenter size-large\"><a href=\"http:\/\/www.ferrarimaquinas.com.br\/\"><img loading=\"lazy\" decoding=\"async\" width=\"300\" height=\"250\" src=\"https:\/\/jornalfatosenoticias.com.br\/wp-content\/uploads\/2022\/02\/FERRARI_MAQUINAS-E-FERRAMENTAS2.jpg\" alt=\"\" class=\"wp-image-27860\"\/><\/a><\/figure><\/div>\n\n\n\n<p>No entanto, a proposta \u00e9 vista com muitas ressalvas por especialistas em Direito Digital, que alertam que a medida criaria um ambiente digital arriscado para empresas, trazendo consequ\u00eancias econ\u00f4micas ao pa\u00eds, e impactaria o modelo de neutralidade da rede e da internet livre. Para Giuliano Miotto, advogado e diretor-presidente do Instituto Liberdade e Justi\u00e7a, a eventual aprova\u00e7\u00e3o do projeto de lei abriria margem para um perigoso controle estatal sobre o que pode ou n\u00e3o funcionar no ambiente digital brasileiro.<\/p>\n\n\n\n<div class=\"wp-block-image\"><figure class=\"aligncenter size-large is-resized\"><a href=\"https:\/\/www.instagram.com\/esteio.churrascaria\/\"><img loading=\"lazy\" decoding=\"async\" src=\"https:\/\/jornalfatosenoticias.com.br\/wp-content\/uploads\/2022\/02\/LOGO-ESTEIO-1024x730.png\" alt=\"\" class=\"wp-image-27942\" width=\"327\" height=\"233\" srcset=\"https:\/\/jornalfatosenoticias.com.br\/wp-content\/uploads\/2022\/02\/LOGO-ESTEIO-1024x730.png 1024w, https:\/\/jornalfatosenoticias.com.br\/wp-content\/uploads\/2022\/02\/LOGO-ESTEIO-300x214.png 300w, https:\/\/jornalfatosenoticias.com.br\/wp-content\/uploads\/2022\/02\/LOGO-ESTEIO-768x548.png 768w, https:\/\/jornalfatosenoticias.com.br\/wp-content\/uploads\/2022\/02\/LOGO-ESTEIO.png 1123w\" sizes=\"auto, (max-width: 327px) 100vw, 327px\" \/><\/a><\/figure><\/div>\n\n\n\n<blockquote class=\"wp-block-quote is-layout-flow wp-block-quote-is-layout-flow\"><p><span class=\"has-inline-color has-luminous-vivid-orange-color\">O efeito direto ser\u00e1 ainda mais restri\u00e7\u00f5es \u00e0 liberdade digital e aumento da interfer\u00eancia pol\u00edtica sobre as plataformas. Na teoria, o alvo seriam as big techs, mas o impacto real recai sobre todo o ecossistema digital \u2014 inclusive startups, desenvolvedores independentes e servi\u00e7os inovadores\u201d, explica. \u201cO Brasil pode dar um passo rumo a um modelo autorit\u00e1rio de regula\u00e7\u00e3o da internet, semelhante ao de regimes que bloqueiam servi\u00e7os \u00e0 revelia de garantias constitucionais, como R\u00fassia e China\u201d, prossegue.<\/span><\/p><\/blockquote>\n\n\n\n<div class=\"wp-block-image\"><figure class=\"aligncenter size-large is-resized\"><a href=\"https:\/\/www.instagram.com\/restaurantepegoretti\/\"><img loading=\"lazy\" decoding=\"async\" src=\"https:\/\/jornalfatosenoticias.com.br\/wp-content\/uploads\/2023\/12\/pegoretti-logo-pdf-1024x389.jpg\" alt=\"\" class=\"wp-image-47536\" width=\"461\" height=\"175\" srcset=\"https:\/\/jornalfatosenoticias.com.br\/wp-content\/uploads\/2023\/12\/pegoretti-logo-pdf-1024x389.jpg 1024w, https:\/\/jornalfatosenoticias.com.br\/wp-content\/uploads\/2023\/12\/pegoretti-logo-pdf-300x114.jpg 300w, https:\/\/jornalfatosenoticias.com.br\/wp-content\/uploads\/2023\/12\/pegoretti-logo-pdf-768x291.jpg 768w, https:\/\/jornalfatosenoticias.com.br\/wp-content\/uploads\/2023\/12\/pegoretti-logo-pdf.jpg 1120w\" sizes=\"auto, (max-width: 461px) 100vw, 461px\" \/><\/a><\/figure><\/div>\n\n\n\n<p><strong><span class=\"has-inline-color has-vivid-purple-color\">Puni\u00e7\u00f5es abrangem empresas de todos os portes, do streaming ao delivery<br><\/span><\/strong>Tecnicamente, o projeto de lei enquadra os provedores de aplica\u00e7\u00f5es de internet. Ou seja, todos os servi\u00e7os, plataformas, sistemas e programas dispon\u00edveis a usu\u00e1rios ou empresas \u2014 desde plataformas de streaming a aplicativos de delivery, e-commerce, gest\u00e3o e jogos online, de todos os portes.<\/p>\n\n\n\n<div class=\"wp-block-image\"><figure class=\"aligncenter size-large is-resized\"><a href=\"https:\/\/www.instagram.com\/gruposei\/\"><img loading=\"lazy\" decoding=\"async\" src=\"https:\/\/jornalfatosenoticias.com.br\/wp-content\/uploads\/2022\/07\/Logo-Grupo-SEI.jpg\" alt=\"\" class=\"wp-image-31973\" width=\"394\" height=\"207\" srcset=\"https:\/\/jornalfatosenoticias.com.br\/wp-content\/uploads\/2022\/07\/Logo-Grupo-SEI.jpg 713w, https:\/\/jornalfatosenoticias.com.br\/wp-content\/uploads\/2022\/07\/Logo-Grupo-SEI-300x158.jpg 300w\" sizes=\"auto, (max-width: 394px) 100vw, 394px\" \/><\/a><\/figure><\/div>\n\n\n\n<p>Apesar disso, a justificativa da deputada do Psol mostra que a proposta tem um alvo claro: as redes sociais. \u201cNo contexto atual, em que as plataformas digitais exercem influ\u00eancia direta sobre a comunica\u00e7\u00e3o, economia e rela\u00e7\u00f5es sociais, torna-se indispens\u00e1vel assegurar que essas empresas mantenham estruturas formais de responsabiliza\u00e7\u00e3o e de atendimento, aptas a cumprir determina\u00e7\u00f5es legais e judiciais no pa\u00eds\u201d, diz Tal\u00edria Petrone.<\/p>\n\n\n\n<div class=\"wp-block-image\"><figure class=\"aligncenter size-large is-resized\"><a href=\"https:\/\/www.instagram.com\/rcradiadores\/\"><img loading=\"lazy\" decoding=\"async\" src=\"https:\/\/jornalfatosenoticias.com.br\/wp-content\/uploads\/2022\/10\/RC_800x750_page-0001.jpg\" alt=\"\" class=\"wp-image-35338\" width=\"299\" height=\"280\" srcset=\"https:\/\/jornalfatosenoticias.com.br\/wp-content\/uploads\/2022\/10\/RC_800x750_page-0001.jpg 400w, https:\/\/jornalfatosenoticias.com.br\/wp-content\/uploads\/2022\/10\/RC_800x750_page-0001-300x281.jpg 300w\" sizes=\"auto, (max-width: 299px) 100vw, 299px\" \/><\/a><\/figure><\/div>\n\n\n\n<p>No Brasil, tr\u00eas plataformas de redes sociais (X, Telegram e Rumble) j\u00e1 foram bloqueadas ou amea\u00e7adas de bloqueio por decis\u00e3o do ministro do Supremo Tribunal Federal (STF), Alexandre de Moraes, com base na aus\u00eancia de representante legal. O caso mais emblem\u00e1tico foi o bloqueio do X (antigo Twitter) no Brasil, em 2024, que durou mais de um m\u00eas e afetou milh\u00f5es de usu\u00e1rios e empresas.<\/p>\n\n\n\n<div class=\"wp-block-image\"><figure class=\"aligncenter size-large is-resized\"><a href=\"https:\/\/www.facebook.com\/postobkr\/?locale=pt_BR\"><img loading=\"lazy\" decoding=\"async\" src=\"https:\/\/jornalfatosenoticias.com.br\/wp-content\/uploads\/2023\/08\/BKR-1024x1021.jpg\" alt=\"\" class=\"wp-image-44494\" width=\"279\" height=\"278\" srcset=\"https:\/\/jornalfatosenoticias.com.br\/wp-content\/uploads\/2023\/08\/BKR-1024x1021.jpg 1024w, https:\/\/jornalfatosenoticias.com.br\/wp-content\/uploads\/2023\/08\/BKR-300x300.jpg 300w, https:\/\/jornalfatosenoticias.com.br\/wp-content\/uploads\/2023\/08\/BKR-150x150.jpg 150w, https:\/\/jornalfatosenoticias.com.br\/wp-content\/uploads\/2023\/08\/BKR-768x766.jpg 768w, https:\/\/jornalfatosenoticias.com.br\/wp-content\/uploads\/2023\/08\/BKR.jpg 1080w\" sizes=\"auto, (max-width: 279px) 100vw, 279px\" \/><\/a><\/figure><\/div>\n\n\n\n<blockquote class=\"wp-block-quote is-layout-flow wp-block-quote-is-layout-flow\"><p><span class=\"has-inline-color has-black-color\">Em comum entre as tr\u00eas plataformas, alvos das retalia\u00e7\u00f5es, todas possuem hist\u00f3rico de defesa da liberdade de express\u00e3o e se posicionam abertamente contra a censura.<\/span><\/p><\/blockquote>\n\n\n\n<div class=\"wp-block-image\"><figure class=\"aligncenter size-large is-resized\"><a href=\"https:\/\/www.facebook.com\/vetor.vix\/\"><img loading=\"lazy\" decoding=\"async\" src=\"https:\/\/jornalfatosenoticias.com.br\/wp-content\/uploads\/2023\/09\/vetorvix1024_1.jpg\" alt=\"\" class=\"wp-image-44868\" width=\"528\" height=\"140\" srcset=\"https:\/\/jornalfatosenoticias.com.br\/wp-content\/uploads\/2023\/09\/vetorvix1024_1.jpg 1024w, https:\/\/jornalfatosenoticias.com.br\/wp-content\/uploads\/2023\/09\/vetorvix1024_1-300x80.jpg 300w, https:\/\/jornalfatosenoticias.com.br\/wp-content\/uploads\/2023\/09\/vetorvix1024_1-768x205.jpg 768w\" sizes=\"auto, (max-width: 528px) 100vw, 528px\" \/><\/a><\/figure><\/div>\n\n\n\n<p>Durante o bloqueio do X, a rede social Bluesky, que mant\u00e9m modelo semelhante ao antigo Twitter, ganhou muitos adeptos no Brasil. A plataforma tamb\u00e9m n\u00e3o possu\u00eda representante legal no Brasil, mas Alexandre de Moraes n\u00e3o a interpelou \u2014 pelo contr\u00e1rio, o STF decidiu criar um perfil na rede na mesma semana em que o X foi suspenso.<\/p>\n\n\n\n<div class=\"wp-block-image\"><figure class=\"aligncenter size-large is-resized\"><a href=\"https:\/\/www.facebook.com\/profile.php?id=100069289606145\"><img loading=\"lazy\" decoding=\"async\" src=\"https:\/\/jornalfatosenoticias.com.br\/wp-content\/uploads\/2024\/11\/Guaitolini-Contabilidade-1024x714.jpeg\" alt=\"\" class=\"wp-image-55808\" width=\"356\" height=\"248\" srcset=\"https:\/\/jornalfatosenoticias.com.br\/wp-content\/uploads\/2024\/11\/Guaitolini-Contabilidade-1024x714.jpeg 1024w, https:\/\/jornalfatosenoticias.com.br\/wp-content\/uploads\/2024\/11\/Guaitolini-Contabilidade-300x209.jpeg 300w, https:\/\/jornalfatosenoticias.com.br\/wp-content\/uploads\/2024\/11\/Guaitolini-Contabilidade-768x535.jpeg 768w, https:\/\/jornalfatosenoticias.com.br\/wp-content\/uploads\/2024\/11\/Guaitolini-Contabilidade.jpeg 1280w\" sizes=\"auto, (max-width: 356px) 100vw, 356px\" \/><\/a><\/figure><\/div>\n\n\n\n<blockquote class=\"wp-block-quote is-layout-flow wp-block-quote-is-layout-flow\"><p><span class=\"has-inline-color has-luminous-vivid-orange-color\">N\u00e3o tenho d\u00favidas de que essa legisla\u00e7\u00e3o, se aprovada, pode ser instrumentalizada para fins de censura seletiva\u201d, diz Miotto. \u201cAo obrigar representa\u00e7\u00e3o legal, o projeto de lei pode ser usado para perseguir empresas que n\u00e3o se alinham ao discurso dominante ou que n\u00e3o atendem a exig\u00eancias de modera\u00e7\u00e3o sob medida. O risco \u00e9 evidente: regula\u00e7\u00e3o se torna um instrumento de coer\u00e7\u00e3o pol\u00edtica, e n\u00e3o de defesa do cidad\u00e3o\u201d, prossegue.<\/span><\/p><\/blockquote>\n\n\n\n<div class=\"wp-block-image\"><figure class=\"aligncenter size-large is-resized\"><a href=\"https:\/\/www.controlsystems.com.br\/\"><img loading=\"lazy\" decoding=\"async\" src=\"https:\/\/jornalfatosenoticias.com.br\/wp-content\/uploads\/2020\/02\/CONTROL-CS.jpg\" alt=\"\" class=\"wp-image-44991\" width=\"293\" height=\"351\" srcset=\"https:\/\/jornalfatosenoticias.com.br\/wp-content\/uploads\/2020\/02\/CONTROL-CS.jpg 834w, https:\/\/jornalfatosenoticias.com.br\/wp-content\/uploads\/2020\/02\/CONTROL-CS-250x300.jpg 250w, https:\/\/jornalfatosenoticias.com.br\/wp-content\/uploads\/2020\/02\/CONTROL-CS-768x921.jpg 768w\" sizes=\"auto, (max-width: 293px) 100vw, 293px\" \/><\/a><\/figure><\/div>\n\n\n\n<p><strong><span class=\"has-inline-color has-vivid-purple-color\">Especialista v\u00ea proposta do Psol como \u201cradicalismo\u201d<br><\/span><\/strong>O Marco Civil da Internet j\u00e1 imp\u00f5e a obriga\u00e7\u00e3o de que provedores de aplica\u00e7\u00f5es que coletam, armazenam ou processam dados no Brasil devem ter representa\u00e7\u00e3o legal no pa\u00eds, mas o texto n\u00e3o traz penalidades t\u00e3o significativas como o banimento.<\/p>\n\n\n\n<blockquote class=\"wp-block-quote is-layout-flow wp-block-quote-is-layout-flow\"><p><span class=\"has-inline-color has-luminous-vivid-orange-color\">A grande quest\u00e3o \u00e9 a suspens\u00e3o judicial pela mera exist\u00eancia, ainda que n\u00e3o tenha cometido infra\u00e7\u00f5es\u201d, explica Ana Paula Canto de Lima, advogada especialista em Direito Digital. \u201cIsso cria uma barreira de entrada para pequenas aplica\u00e7\u00f5es que n\u00e3o podem arcar com tais custos, podendo inclusive causar um desinteresse de novas empresas entrarem no mercado. Al\u00e9m disso, empresas podem deixar de operar no Brasil diante das dificuldades apresentadas\u201d, prossegue.<\/span><\/p><\/blockquote>\n\n\n\n<div class=\"wp-block-image\"><figure class=\"aligncenter size-large is-resized\"><a href=\"https:\/\/www.legisjuris.com.br\/\"><img loading=\"lazy\" decoding=\"async\" src=\"https:\/\/jornalfatosenoticias.com.br\/wp-content\/uploads\/2024\/09\/Legis-Juris-Consultoria_logo.jpg\" alt=\"\" class=\"wp-image-53915\" width=\"530\" height=\"222\" srcset=\"https:\/\/jornalfatosenoticias.com.br\/wp-content\/uploads\/2024\/09\/Legis-Juris-Consultoria_logo.jpg 969w, https:\/\/jornalfatosenoticias.com.br\/wp-content\/uploads\/2024\/09\/Legis-Juris-Consultoria_logo-300x126.jpg 300w, https:\/\/jornalfatosenoticias.com.br\/wp-content\/uploads\/2024\/09\/Legis-Juris-Consultoria_logo-768x322.jpg 768w\" sizes=\"auto, (max-width: 530px) 100vw, 530px\" \/><\/a><\/figure><\/div>\n\n\n\n<p>Para a jurista, o texto da parlamentar do Psol n\u00e3o apresenta crit\u00e9rios claros que justifiquem o bloqueio das aplica\u00e7\u00f5es no Brasil \u2014 medida que ela classificada como \u201cradicalismo\u201d. \u201cA aprova\u00e7\u00e3o da proposta cria um ambiente digital hostil e vai na contram\u00e3o do que se espera de globaliza\u00e7\u00e3o. Impacta, inclusive, o empreendedorismo, visto que todos os portes de aplica\u00e7\u00f5es seriam alcan\u00e7ados, causando uma restri\u00e7\u00e3o desproporcional ao acesso \u00e0 informa\u00e7\u00e3o\u201d, afirma.<\/p>\n\n\n\n<div class=\"wp-block-image\"><figure class=\"aligncenter size-large is-resized\"><a href=\"https:\/\/www.instagram.com\/serra4x4cambioautomatico\/\"><img loading=\"lazy\" decoding=\"async\" src=\"https:\/\/jornalfatosenoticias.com.br\/wp-content\/uploads\/2024\/08\/Serra-4x4-1-886x1024.jpg\" alt=\"\" class=\"wp-image-53632\" width=\"300\" height=\"347\" srcset=\"https:\/\/jornalfatosenoticias.com.br\/wp-content\/uploads\/2024\/08\/Serra-4x4-1-886x1024.jpg 886w, https:\/\/jornalfatosenoticias.com.br\/wp-content\/uploads\/2024\/08\/Serra-4x4-1-260x300.jpg 260w, https:\/\/jornalfatosenoticias.com.br\/wp-content\/uploads\/2024\/08\/Serra-4x4-1-768x888.jpg 768w, https:\/\/jornalfatosenoticias.com.br\/wp-content\/uploads\/2024\/08\/Serra-4x4-1.jpg 1181w\" sizes=\"auto, (max-width: 300px) 100vw, 300px\" \/><\/a><\/figure><\/div>\n\n\n\n<p><strong><span class=\"has-inline-color has-vivid-purple-color\">Inseguran\u00e7a jur\u00eddica e afastamento de empresas<br><\/span><\/strong>Como apontado por fontes ouvidas pela reportagem, uma eventual aprova\u00e7\u00e3o desse projeto de lei poderia, em \u00faltima inst\u00e2ncia, gerar um apag\u00e3o seletivo de alguns servi\u00e7os, impactando todos os usu\u00e1rios brasileiros das plataformas afetadas. O outro efeito colateral seria o desinteresse para empresas de atuarem no Brasil \u2014 inclusive com bloqueio dos servi\u00e7os a usu\u00e1rios brasileiros por iniciativa pr\u00f3pria para evitar penaliza\u00e7\u00f5es.<\/p>\n\n\n\n<div class=\"wp-block-image\"><figure class=\"aligncenter size-large\"><a href=\"https:\/\/www.cesconetto.com.br\/\"><img loading=\"lazy\" decoding=\"async\" width=\"300\" height=\"250\" src=\"https:\/\/jornalfatosenoticias.com.br\/wp-content\/uploads\/2020\/02\/Banner-2.png\" alt=\"\" class=\"wp-image-43787\"\/><\/a><\/figure><\/div>\n\n\n\n<blockquote class=\"wp-block-quote is-layout-flow wp-block-quote-is-layout-flow\"><p><span class=\"has-inline-color has-luminous-vivid-orange-color\">Essa exig\u00eancia criaria barreiras especialmente a pequenas e m\u00e9dias plataformas, o que tamb\u00e9m impacta a inova\u00e7\u00e3o e a concorr\u00eancia, favorecendo grandes empresas que j\u00e1 operam no pa\u00eds e que est\u00e3o alinhadas a interesses institucionais. Em vez de proteger o usu\u00e1rio, a proposta cria um ambiente de inseguran\u00e7a jur\u00eddica e desest\u00edmulo a novos investimentos em tecnologia, al\u00e9m de comprometer a diversidade digital\u201d, explica Miotto.<\/span><\/p><\/blockquote>\n\n\n\n<div class=\"wp-block-image\"><figure class=\"aligncenter size-large is-resized\"><a href=\"https:\/\/hotelmarquetti.com.br\/\"><img loading=\"lazy\" decoding=\"async\" src=\"https:\/\/jornalfatosenoticias.com.br\/wp-content\/uploads\/2020\/02\/LOGO-MQ-1024x680.jpg\" alt=\"\" class=\"wp-image-58299\" width=\"358\" height=\"238\" srcset=\"https:\/\/jornalfatosenoticias.com.br\/wp-content\/uploads\/2020\/02\/LOGO-MQ-1024x680.jpg 1024w, https:\/\/jornalfatosenoticias.com.br\/wp-content\/uploads\/2020\/02\/LOGO-MQ-300x199.jpg 300w, https:\/\/jornalfatosenoticias.com.br\/wp-content\/uploads\/2020\/02\/LOGO-MQ-768x510.jpg 768w, https:\/\/jornalfatosenoticias.com.br\/wp-content\/uploads\/2020\/02\/LOGO-MQ-1536x1020.jpg 1536w, https:\/\/jornalfatosenoticias.com.br\/wp-content\/uploads\/2020\/02\/LOGO-MQ-2048x1360.jpg 2048w\" sizes=\"auto, (max-width: 358px) 100vw, 358px\" \/><\/a><\/figure><\/div>\n\n\n\n<p><span class=\"has-inline-color has-black-color\"><strong>(Foto: Bruno Spada\/C\u00e2mara dos Deputados\/Victor Piemonte\/STF)<\/strong><\/span><\/p>\n\n\n\n<p><strong>Fonte: <a href=\"https:\/\/www.gazetadopovo.com.br\/vida-e-cidadania\/deputada-psol-quer-banir-plataformas-que-nao-tem-representante-legal-brasil\/?ref=mais-comentadas\">Gazeta do Povo<\/a><\/strong><\/p>\n","protected":false},"excerpt":{"rendered":"<p>Proposta de Tal\u00edria Petrone (Psol-RJ) legitima s\u00e9rie de bloqueios de plataformas adotada por Alexandre de Moraes contra redes como X e Telegram Por Gabriel Sestrem A deputada federal Tal\u00edria Petrone, l\u00edder da bancada do Psol na C\u00e2mara, apresentou um projeto de lei que pune com suspens\u00e3o das atividades todas as plataformas digitais que n\u00e3o mantiverem [&hellip;]<\/p>\n","protected":false},"author":2,"featured_media":60326,"comment_status":"open","ping_status":"open","sticky":false,"template":"","format":"standard","meta":{"footnotes":""},"categories":[10],"tags":[13889,19246,2149,1564,16935,22873,1563,294,24744],"class_list":["post-60325","post","type-post","status-publish","format-standard","has-post-thumbnail","hentry","category-politica","tag-alexandre-de-moraes","tag-big-techs","tag-censura","tag-internet","tag-liberdade-de-expressao","tag-psol","tag-redes-sociais","tag-stf","tag-taliria-petrone"],"yoast_head":"<!-- This site is optimized with the Yoast SEO plugin v26.5 - https:\/\/yoast.com\/wordpress\/plugins\/seo\/ -->\n<title>Deputada do Psol quer banir todas as plataformas que n\u00e3o t\u00eam representante do Brasil - Jornal Fatos e Not\u00edcias<\/title>\n<meta name=\"robots\" content=\"index, follow, max-snippet:-1, max-image-preview:large, max-video-preview:-1\" \/>\n<link rel=\"canonical\" href=\"https:\/\/jornalfatosenoticias.com.br\/index.php\/2025\/07\/01\/deputada-do-psol-quer-banir-todas-as-plataformas-que-nao-tem-representante-do-brasil\/\" \/>\n<meta property=\"og:locale\" content=\"pt_BR\" \/>\n<meta property=\"og:type\" content=\"article\" \/>\n<meta property=\"og:title\" content=\"Deputada do Psol quer banir todas as plataformas que n\u00e3o t\u00eam representante do Brasil - Jornal Fatos e Not\u00edcias\" \/>\n<meta property=\"og:description\" content=\"Proposta de Tal\u00edria Petrone (Psol-RJ) legitima s\u00e9rie de bloqueios de plataformas adotada por Alexandre de Moraes contra redes como X e Telegram Por Gabriel Sestrem A deputada federal Tal\u00edria Petrone, l\u00edder da bancada do Psol na C\u00e2mara, apresentou um projeto de lei que pune com suspens\u00e3o das atividades todas as plataformas digitais que n\u00e3o mantiverem [&hellip;]\" \/>\n<meta property=\"og:url\" content=\"https:\/\/jornalfatosenoticias.com.br\/index.php\/2025\/07\/01\/deputada-do-psol-quer-banir-todas-as-plataformas-que-nao-tem-representante-do-brasil\/\" \/>\n<meta property=\"og:site_name\" content=\"Jornal Fatos e Not\u00edcias\" \/>\n<meta property=\"article:published_time\" content=\"2025-07-01T12:56:28+00:00\" \/>\n<meta property=\"article:modified_time\" content=\"2025-07-01T12:58:02+00:00\" \/>\n<meta property=\"og:image\" content=\"https:\/\/jornalfatosenoticias.com.br\/wp-content\/uploads\/2025\/07\/psol-bloqueio-alexandre-moraes.jpg\" \/>\n\t<meta property=\"og:image:width\" content=\"960\" \/>\n\t<meta property=\"og:image:height\" content=\"540\" \/>\n\t<meta property=\"og:image:type\" content=\"image\/jpeg\" \/>\n<meta name=\"author\" content=\"Luzimara Fernandes\" \/>\n<meta name=\"twitter:card\" content=\"summary_large_image\" \/>\n<meta name=\"twitter:label1\" content=\"Escrito por\" \/>\n\t<meta name=\"twitter:data1\" content=\"Luzimara Fernandes\" \/>\n\t<meta name=\"twitter:label2\" content=\"Est. tempo de leitura\" \/>\n\t<meta name=\"twitter:data2\" content=\"5 minutos\" \/>\n<script type=\"application\/ld+json\" class=\"yoast-schema-graph\">{\"@context\":\"https:\/\/schema.org\",\"@graph\":[{\"@type\":\"Article\",\"@id\":\"https:\/\/jornalfatosenoticias.com.br\/index.php\/2025\/07\/01\/deputada-do-psol-quer-banir-todas-as-plataformas-que-nao-tem-representante-do-brasil\/#article\",\"isPartOf\":{\"@id\":\"https:\/\/jornalfatosenoticias.com.br\/index.php\/2025\/07\/01\/deputada-do-psol-quer-banir-todas-as-plataformas-que-nao-tem-representante-do-brasil\/\"},\"author\":{\"name\":\"Luzimara Fernandes\",\"@id\":\"https:\/\/jornalfatosenoticias.com.br\/#\/schema\/person\/d63837fa13ac8666eb9e74e0985d6f81\"},\"headline\":\"Deputada do Psol quer banir todas as plataformas que n\u00e3o t\u00eam representante do Brasil\",\"datePublished\":\"2025-07-01T12:56:28+00:00\",\"dateModified\":\"2025-07-01T12:58:02+00:00\",\"mainEntityOfPage\":{\"@id\":\"https:\/\/jornalfatosenoticias.com.br\/index.php\/2025\/07\/01\/deputada-do-psol-quer-banir-todas-as-plataformas-que-nao-tem-representante-do-brasil\/\"},\"wordCount\":1096,\"commentCount\":0,\"publisher\":{\"@id\":\"https:\/\/jornalfatosenoticias.com.br\/#organization\"},\"image\":{\"@id\":\"https:\/\/jornalfatosenoticias.com.br\/index.php\/2025\/07\/01\/deputada-do-psol-quer-banir-todas-as-plataformas-que-nao-tem-representante-do-brasil\/#primaryimage\"},\"thumbnailUrl\":\"https:\/\/jornalfatosenoticias.com.br\/wp-content\/uploads\/2025\/07\/psol-bloqueio-alexandre-moraes.jpg\",\"keywords\":[\"Alexandre de Moraes\",\"big techs\",\"censura\",\"internet\",\"liberdade de express\u00e3o\",\"PSOL\",\"redes sociais\",\"STF\",\"Tal\u00edria Petrone\"],\"articleSection\":[\"Pol\u00edtica\"],\"inLanguage\":\"pt-BR\",\"potentialAction\":[{\"@type\":\"CommentAction\",\"name\":\"Comment\",\"target\":[\"https:\/\/jornalfatosenoticias.com.br\/index.php\/2025\/07\/01\/deputada-do-psol-quer-banir-todas-as-plataformas-que-nao-tem-representante-do-brasil\/#respond\"]}]},{\"@type\":\"WebPage\",\"@id\":\"https:\/\/jornalfatosenoticias.com.br\/index.php\/2025\/07\/01\/deputada-do-psol-quer-banir-todas-as-plataformas-que-nao-tem-representante-do-brasil\/\",\"url\":\"https:\/\/jornalfatosenoticias.com.br\/index.php\/2025\/07\/01\/deputada-do-psol-quer-banir-todas-as-plataformas-que-nao-tem-representante-do-brasil\/\",\"name\":\"Deputada do Psol quer banir todas as plataformas que n\u00e3o t\u00eam representante do Brasil - Jornal Fatos e Not\u00edcias\",\"isPartOf\":{\"@id\":\"https:\/\/jornalfatosenoticias.com.br\/#website\"},\"primaryImageOfPage\":{\"@id\":\"https:\/\/jornalfatosenoticias.com.br\/index.php\/2025\/07\/01\/deputada-do-psol-quer-banir-todas-as-plataformas-que-nao-tem-representante-do-brasil\/#primaryimage\"},\"image\":{\"@id\":\"https:\/\/jornalfatosenoticias.com.br\/index.php\/2025\/07\/01\/deputada-do-psol-quer-banir-todas-as-plataformas-que-nao-tem-representante-do-brasil\/#primaryimage\"},\"thumbnailUrl\":\"https:\/\/jornalfatosenoticias.com.br\/wp-content\/uploads\/2025\/07\/psol-bloqueio-alexandre-moraes.jpg\",\"datePublished\":\"2025-07-01T12:56:28+00:00\",\"dateModified\":\"2025-07-01T12:58:02+00:00\",\"breadcrumb\":{\"@id\":\"https:\/\/jornalfatosenoticias.com.br\/index.php\/2025\/07\/01\/deputada-do-psol-quer-banir-todas-as-plataformas-que-nao-tem-representante-do-brasil\/#breadcrumb\"},\"inLanguage\":\"pt-BR\",\"potentialAction\":[{\"@type\":\"ReadAction\",\"target\":[\"https:\/\/jornalfatosenoticias.com.br\/index.php\/2025\/07\/01\/deputada-do-psol-quer-banir-todas-as-plataformas-que-nao-tem-representante-do-brasil\/\"]}]},{\"@type\":\"ImageObject\",\"inLanguage\":\"pt-BR\",\"@id\":\"https:\/\/jornalfatosenoticias.com.br\/index.php\/2025\/07\/01\/deputada-do-psol-quer-banir-todas-as-plataformas-que-nao-tem-representante-do-brasil\/#primaryimage\",\"url\":\"https:\/\/jornalfatosenoticias.com.br\/wp-content\/uploads\/2025\/07\/psol-bloqueio-alexandre-moraes.jpg\",\"contentUrl\":\"https:\/\/jornalfatosenoticias.com.br\/wp-content\/uploads\/2025\/07\/psol-bloqueio-alexandre-moraes.jpg\",\"width\":960,\"height\":540},{\"@type\":\"BreadcrumbList\",\"@id\":\"https:\/\/jornalfatosenoticias.com.br\/index.php\/2025\/07\/01\/deputada-do-psol-quer-banir-todas-as-plataformas-que-nao-tem-representante-do-brasil\/#breadcrumb\",\"itemListElement\":[{\"@type\":\"ListItem\",\"position\":1,\"name\":\"In\u00edcio\",\"item\":\"https:\/\/jornalfatosenoticias.com.br\/\"},{\"@type\":\"ListItem\",\"position\":2,\"name\":\"Deputada do Psol quer banir todas as plataformas que n\u00e3o t\u00eam representante do Brasil\"}]},{\"@type\":\"WebSite\",\"@id\":\"https:\/\/jornalfatosenoticias.com.br\/#website\",\"url\":\"https:\/\/jornalfatosenoticias.com.br\/\",\"name\":\"Jornal Fatos e Not\u00edcias\",\"description\":\"Not\u00edcias em geral\",\"publisher\":{\"@id\":\"https:\/\/jornalfatosenoticias.com.br\/#organization\"},\"potentialAction\":[{\"@type\":\"SearchAction\",\"target\":{\"@type\":\"EntryPoint\",\"urlTemplate\":\"https:\/\/jornalfatosenoticias.com.br\/?s={search_term_string}\"},\"query-input\":{\"@type\":\"PropertyValueSpecification\",\"valueRequired\":true,\"valueName\":\"search_term_string\"}}],\"inLanguage\":\"pt-BR\"},{\"@type\":\"Organization\",\"@id\":\"https:\/\/jornalfatosenoticias.com.br\/#organization\",\"name\":\"Jornal Fatos e Not\u00edcias\",\"url\":\"https:\/\/jornalfatosenoticias.com.br\/\",\"logo\":{\"@type\":\"ImageObject\",\"inLanguage\":\"pt-BR\",\"@id\":\"https:\/\/jornalfatosenoticias.com.br\/#\/schema\/logo\/image\/\",\"url\":\"https:\/\/jornalfatosenoticias.com.br\/wp-content\/uploads\/2020\/02\/logo120.png\",\"contentUrl\":\"https:\/\/jornalfatosenoticias.com.br\/wp-content\/uploads\/2020\/02\/logo120.png\",\"width\":1227,\"height\":120,\"caption\":\"Jornal Fatos e Not\u00edcias\"},\"image\":{\"@id\":\"https:\/\/jornalfatosenoticias.com.br\/#\/schema\/logo\/image\/\"}},{\"@type\":\"Person\",\"@id\":\"https:\/\/jornalfatosenoticias.com.br\/#\/schema\/person\/d63837fa13ac8666eb9e74e0985d6f81\",\"name\":\"Luzimara Fernandes\",\"image\":{\"@type\":\"ImageObject\",\"inLanguage\":\"pt-BR\",\"@id\":\"https:\/\/jornalfatosenoticias.com.br\/#\/schema\/person\/image\/\",\"url\":\"https:\/\/jornalfatosenoticias.com.br\/wp-content\/uploads\/2025\/05\/EU_portal.jpg\",\"contentUrl\":\"https:\/\/jornalfatosenoticias.com.br\/wp-content\/uploads\/2025\/05\/EU_portal.jpg\",\"caption\":\"Luzimara Fernandes\"},\"description\":\"Jornalista MTB 2358-ES\",\"sameAs\":[\"https:\/\/jornalfatosenoticias.com.br\"],\"url\":\"https:\/\/jornalfatosenoticias.com.br\/index.php\/author\/luzimara\/\"}]}<\/script>\n<!-- \/ Yoast SEO plugin. -->","yoast_head_json":{"title":"Deputada do Psol quer banir todas as plataformas que n\u00e3o t\u00eam representante do Brasil - Jornal Fatos e Not\u00edcias","robots":{"index":"index","follow":"follow","max-snippet":"max-snippet:-1","max-image-preview":"max-image-preview:large","max-video-preview":"max-video-preview:-1"},"canonical":"https:\/\/jornalfatosenoticias.com.br\/index.php\/2025\/07\/01\/deputada-do-psol-quer-banir-todas-as-plataformas-que-nao-tem-representante-do-brasil\/","og_locale":"pt_BR","og_type":"article","og_title":"Deputada do Psol quer banir todas as plataformas que n\u00e3o t\u00eam representante do Brasil - Jornal Fatos e Not\u00edcias","og_description":"Proposta de Tal\u00edria Petrone (Psol-RJ) legitima s\u00e9rie de bloqueios de plataformas adotada por Alexandre de Moraes contra redes como X e Telegram Por Gabriel Sestrem A deputada federal Tal\u00edria Petrone, l\u00edder da bancada do Psol na C\u00e2mara, apresentou um projeto de lei que pune com suspens\u00e3o das atividades todas as plataformas digitais que n\u00e3o mantiverem [&hellip;]","og_url":"https:\/\/jornalfatosenoticias.com.br\/index.php\/2025\/07\/01\/deputada-do-psol-quer-banir-todas-as-plataformas-que-nao-tem-representante-do-brasil\/","og_site_name":"Jornal Fatos e Not\u00edcias","article_published_time":"2025-07-01T12:56:28+00:00","article_modified_time":"2025-07-01T12:58:02+00:00","og_image":[{"width":960,"height":540,"url":"https:\/\/jornalfatosenoticias.com.br\/wp-content\/uploads\/2025\/07\/psol-bloqueio-alexandre-moraes.jpg","type":"image\/jpeg"}],"author":"Luzimara Fernandes","twitter_card":"summary_large_image","twitter_misc":{"Escrito por":"Luzimara Fernandes","Est. tempo de leitura":"5 minutos"},"schema":{"@context":"https:\/\/schema.org","@graph":[{"@type":"Article","@id":"https:\/\/jornalfatosenoticias.com.br\/index.php\/2025\/07\/01\/deputada-do-psol-quer-banir-todas-as-plataformas-que-nao-tem-representante-do-brasil\/#article","isPartOf":{"@id":"https:\/\/jornalfatosenoticias.com.br\/index.php\/2025\/07\/01\/deputada-do-psol-quer-banir-todas-as-plataformas-que-nao-tem-representante-do-brasil\/"},"author":{"name":"Luzimara Fernandes","@id":"https:\/\/jornalfatosenoticias.com.br\/#\/schema\/person\/d63837fa13ac8666eb9e74e0985d6f81"},"headline":"Deputada do Psol quer banir todas as plataformas que n\u00e3o t\u00eam representante do Brasil","datePublished":"2025-07-01T12:56:28+00:00","dateModified":"2025-07-01T12:58:02+00:00","mainEntityOfPage":{"@id":"https:\/\/jornalfatosenoticias.com.br\/index.php\/2025\/07\/01\/deputada-do-psol-quer-banir-todas-as-plataformas-que-nao-tem-representante-do-brasil\/"},"wordCount":1096,"commentCount":0,"publisher":{"@id":"https:\/\/jornalfatosenoticias.com.br\/#organization"},"image":{"@id":"https:\/\/jornalfatosenoticias.com.br\/index.php\/2025\/07\/01\/deputada-do-psol-quer-banir-todas-as-plataformas-que-nao-tem-representante-do-brasil\/#primaryimage"},"thumbnailUrl":"https:\/\/jornalfatosenoticias.com.br\/wp-content\/uploads\/2025\/07\/psol-bloqueio-alexandre-moraes.jpg","keywords":["Alexandre de Moraes","big techs","censura","internet","liberdade de express\u00e3o","PSOL","redes sociais","STF","Tal\u00edria Petrone"],"articleSection":["Pol\u00edtica"],"inLanguage":"pt-BR","potentialAction":[{"@type":"CommentAction","name":"Comment","target":["https:\/\/jornalfatosenoticias.com.br\/index.php\/2025\/07\/01\/deputada-do-psol-quer-banir-todas-as-plataformas-que-nao-tem-representante-do-brasil\/#respond"]}]},{"@type":"WebPage","@id":"https:\/\/jornalfatosenoticias.com.br\/index.php\/2025\/07\/01\/deputada-do-psol-quer-banir-todas-as-plataformas-que-nao-tem-representante-do-brasil\/","url":"https:\/\/jornalfatosenoticias.com.br\/index.php\/2025\/07\/01\/deputada-do-psol-quer-banir-todas-as-plataformas-que-nao-tem-representante-do-brasil\/","name":"Deputada do Psol quer banir todas as plataformas que n\u00e3o t\u00eam representante do Brasil - Jornal Fatos e Not\u00edcias","isPartOf":{"@id":"https:\/\/jornalfatosenoticias.com.br\/#website"},"primaryImageOfPage":{"@id":"https:\/\/jornalfatosenoticias.com.br\/index.php\/2025\/07\/01\/deputada-do-psol-quer-banir-todas-as-plataformas-que-nao-tem-representante-do-brasil\/#primaryimage"},"image":{"@id":"https:\/\/jornalfatosenoticias.com.br\/index.php\/2025\/07\/01\/deputada-do-psol-quer-banir-todas-as-plataformas-que-nao-tem-representante-do-brasil\/#primaryimage"},"thumbnailUrl":"https:\/\/jornalfatosenoticias.com.br\/wp-content\/uploads\/2025\/07\/psol-bloqueio-alexandre-moraes.jpg","datePublished":"2025-07-01T12:56:28+00:00","dateModified":"2025-07-01T12:58:02+00:00","breadcrumb":{"@id":"https:\/\/jornalfatosenoticias.com.br\/index.php\/2025\/07\/01\/deputada-do-psol-quer-banir-todas-as-plataformas-que-nao-tem-representante-do-brasil\/#breadcrumb"},"inLanguage":"pt-BR","potentialAction":[{"@type":"ReadAction","target":["https:\/\/jornalfatosenoticias.com.br\/index.php\/2025\/07\/01\/deputada-do-psol-quer-banir-todas-as-plataformas-que-nao-tem-representante-do-brasil\/"]}]},{"@type":"ImageObject","inLanguage":"pt-BR","@id":"https:\/\/jornalfatosenoticias.com.br\/index.php\/2025\/07\/01\/deputada-do-psol-quer-banir-todas-as-plataformas-que-nao-tem-representante-do-brasil\/#primaryimage","url":"https:\/\/jornalfatosenoticias.com.br\/wp-content\/uploads\/2025\/07\/psol-bloqueio-alexandre-moraes.jpg","contentUrl":"https:\/\/jornalfatosenoticias.com.br\/wp-content\/uploads\/2025\/07\/psol-bloqueio-alexandre-moraes.jpg","width":960,"height":540},{"@type":"BreadcrumbList","@id":"https:\/\/jornalfatosenoticias.com.br\/index.php\/2025\/07\/01\/deputada-do-psol-quer-banir-todas-as-plataformas-que-nao-tem-representante-do-brasil\/#breadcrumb","itemListElement":[{"@type":"ListItem","position":1,"name":"In\u00edcio","item":"https:\/\/jornalfatosenoticias.com.br\/"},{"@type":"ListItem","position":2,"name":"Deputada do Psol quer banir todas as plataformas que n\u00e3o t\u00eam representante do Brasil"}]},{"@type":"WebSite","@id":"https:\/\/jornalfatosenoticias.com.br\/#website","url":"https:\/\/jornalfatosenoticias.com.br\/","name":"Jornal Fatos e Not\u00edcias","description":"Not\u00edcias em geral","publisher":{"@id":"https:\/\/jornalfatosenoticias.com.br\/#organization"},"potentialAction":[{"@type":"SearchAction","target":{"@type":"EntryPoint","urlTemplate":"https:\/\/jornalfatosenoticias.com.br\/?s={search_term_string}"},"query-input":{"@type":"PropertyValueSpecification","valueRequired":true,"valueName":"search_term_string"}}],"inLanguage":"pt-BR"},{"@type":"Organization","@id":"https:\/\/jornalfatosenoticias.com.br\/#organization","name":"Jornal Fatos e Not\u00edcias","url":"https:\/\/jornalfatosenoticias.com.br\/","logo":{"@type":"ImageObject","inLanguage":"pt-BR","@id":"https:\/\/jornalfatosenoticias.com.br\/#\/schema\/logo\/image\/","url":"https:\/\/jornalfatosenoticias.com.br\/wp-content\/uploads\/2020\/02\/logo120.png","contentUrl":"https:\/\/jornalfatosenoticias.com.br\/wp-content\/uploads\/2020\/02\/logo120.png","width":1227,"height":120,"caption":"Jornal Fatos e Not\u00edcias"},"image":{"@id":"https:\/\/jornalfatosenoticias.com.br\/#\/schema\/logo\/image\/"}},{"@type":"Person","@id":"https:\/\/jornalfatosenoticias.com.br\/#\/schema\/person\/d63837fa13ac8666eb9e74e0985d6f81","name":"Luzimara Fernandes","image":{"@type":"ImageObject","inLanguage":"pt-BR","@id":"https:\/\/jornalfatosenoticias.com.br\/#\/schema\/person\/image\/","url":"https:\/\/jornalfatosenoticias.com.br\/wp-content\/uploads\/2025\/05\/EU_portal.jpg","contentUrl":"https:\/\/jornalfatosenoticias.com.br\/wp-content\/uploads\/2025\/05\/EU_portal.jpg","caption":"Luzimara Fernandes"},"description":"Jornalista MTB 2358-ES","sameAs":["https:\/\/jornalfatosenoticias.com.br"],"url":"https:\/\/jornalfatosenoticias.com.br\/index.php\/author\/luzimara\/"}]}},"cc_featured_image_caption":{"caption_text":"","source_text":"","source_url":""},"jetpack_featured_media_url":"https:\/\/jornalfatosenoticias.com.br\/wp-content\/uploads\/2025\/07\/psol-bloqueio-alexandre-moraes.jpg","_links":{"self":[{"href":"https:\/\/jornalfatosenoticias.com.br\/index.php\/wp-json\/wp\/v2\/posts\/60325","targetHints":{"allow":["GET"]}}],"collection":[{"href":"https:\/\/jornalfatosenoticias.com.br\/index.php\/wp-json\/wp\/v2\/posts"}],"about":[{"href":"https:\/\/jornalfatosenoticias.com.br\/index.php\/wp-json\/wp\/v2\/types\/post"}],"author":[{"embeddable":true,"href":"https:\/\/jornalfatosenoticias.com.br\/index.php\/wp-json\/wp\/v2\/users\/2"}],"replies":[{"embeddable":true,"href":"https:\/\/jornalfatosenoticias.com.br\/index.php\/wp-json\/wp\/v2\/comments?post=60325"}],"version-history":[{"count":0,"href":"https:\/\/jornalfatosenoticias.com.br\/index.php\/wp-json\/wp\/v2\/posts\/60325\/revisions"}],"wp:featuredmedia":[{"embeddable":true,"href":"https:\/\/jornalfatosenoticias.com.br\/index.php\/wp-json\/wp\/v2\/media\/60326"}],"wp:attachment":[{"href":"https:\/\/jornalfatosenoticias.com.br\/index.php\/wp-json\/wp\/v2\/media?parent=60325"}],"wp:term":[{"taxonomy":"category","embeddable":true,"href":"https:\/\/jornalfatosenoticias.com.br\/index.php\/wp-json\/wp\/v2\/categories?post=60325"},{"taxonomy":"post_tag","embeddable":true,"href":"https:\/\/jornalfatosenoticias.com.br\/index.php\/wp-json\/wp\/v2\/tags?post=60325"}],"curies":[{"name":"wp","href":"https:\/\/api.w.org\/{rel}","templated":true}]}}