{"id":60329,"date":"2025-07-01T10:24:43","date_gmt":"2025-07-01T13:24:43","guid":{"rendered":"https:\/\/jornalfatosenoticias.com.br\/?p=60329"},"modified":"2025-07-01T10:25:24","modified_gmt":"2025-07-01T13:25:24","slug":"filme-de-jornalista-portugues-sobre-alexandre-de-moraes-sera-lancado-em-julho","status":"publish","type":"post","link":"https:\/\/jornalfatosenoticias.com.br\/index.php\/2025\/07\/01\/filme-de-jornalista-portugues-sobre-alexandre-de-moraes-sera-lancado-em-julho\/","title":{"rendered":"Filme de jornalista portugu\u00eas sobre Alexandre de Moraes ser\u00e1 lan\u00e7ado em julho; veja o trailer"},"content":{"rendered":"\n<p><em><span class=\"has-inline-color has-black-color\">Alexandre de Moraes, ministro do Supremo Tribunal Federal (STF)<\/span><\/em><\/p>\n\n\n\n<p><span class=\"has-inline-color has-black-color\">Por <strong><a href=\"https:\/\/www.gazetadopovo.com.br\/autor\/desiree-penalba\/\">Desir\u00e9e Pe\u00f1alba<\/a><\/strong><\/span><\/p>\n\n\n\n<div class=\"wp-block-image\"><figure class=\"aligncenter size-large\"><a href=\"https:\/\/www.cesconetto.com.br\/\"><img loading=\"lazy\" decoding=\"async\" width=\"1024\" height=\"100\" src=\"https:\/\/jornalfatosenoticias.com.br\/wp-content\/uploads\/2022\/05\/NOVA-LOGO-CESCONETTO-1024x100.jpg\" alt=\"\" class=\"wp-image-30792\" srcset=\"https:\/\/jornalfatosenoticias.com.br\/wp-content\/uploads\/2022\/05\/NOVA-LOGO-CESCONETTO-1024x100.jpg 1024w, https:\/\/jornalfatosenoticias.com.br\/wp-content\/uploads\/2022\/05\/NOVA-LOGO-CESCONETTO-300x29.jpg 300w, https:\/\/jornalfatosenoticias.com.br\/wp-content\/uploads\/2022\/05\/NOVA-LOGO-CESCONETTO-768x75.jpg 768w, https:\/\/jornalfatosenoticias.com.br\/wp-content\/uploads\/2022\/05\/NOVA-LOGO-CESCONETTO.jpg 1280w\" sizes=\"auto, (max-width: 1024px) 100vw, 1024px\" \/><\/a><\/figure><\/div>\n\n\n\n<p>O aguardado document\u00e1rio \u201cThe Fake Judge: The Story of a Nation in the Hands of a Psychopath\u201d (O Falso Juiz: A Hist\u00f3ria de uma Na\u00e7\u00e3o nas M\u00e3os de um Psicopata), previsto para sair em maio desde ano, teve seu lan\u00e7amento adiado para data ainda a confirmar. A mudan\u00e7a ocorreu por conta de novas informa\u00e7\u00f5es relacionadas ao ex-presidente Jair Bolsonaro e da complexidade do material reunido.<br>\u201cO lan\u00e7amento do document\u00e1rio foi adiado e ser\u00e1 lan\u00e7ado apenas neste m\u00eas de julho, devido \u00e0s \u00faltimas atualiza\u00e7\u00f5es sobre os \u00faltimos acontecimentos em torno de Bolsonaro e pelo fato de eu ter muitas, muitas horas de testemunhos\u201d, explica o jornalista portugu\u00eas S\u00e9rgio Tavares, diretor da obra, em entrevista exclusiva \u00e0 Gazeta do Povo.<\/p>\n\n\n\n<div class=\"wp-block-image\"><figure class=\"aligncenter size-large is-resized\"><a href=\"https:\/\/www.instagram.com\/gruposei\/\"><img loading=\"lazy\" decoding=\"async\" src=\"https:\/\/jornalfatosenoticias.com.br\/wp-content\/uploads\/2022\/07\/Logo-Grupo-SEI.jpg\" alt=\"\" class=\"wp-image-31973\" width=\"404\" height=\"212\" srcset=\"https:\/\/jornalfatosenoticias.com.br\/wp-content\/uploads\/2022\/07\/Logo-Grupo-SEI.jpg 713w, https:\/\/jornalfatosenoticias.com.br\/wp-content\/uploads\/2022\/07\/Logo-Grupo-SEI-300x158.jpg 300w\" sizes=\"auto, (max-width: 404px) 100vw, 404px\" \/><\/a><\/figure><\/div>\n\n\n\n<p>Enquanto a estreia n\u00e3o chega, o trailer oficial j\u00e1 pode ser assistido no site da produtora Media Truth Studios, respons\u00e1vel pela produ\u00e7\u00e3o. A pr\u00e9via promete um conte\u00fado contundente, com acusa\u00e7\u00f5es diretas ao ministro Alexandre de Moraes, do Supremo Tribunal Federal (STF), retratado como figura central no que Tavares define como uma amea\u00e7a \u00e0 democracia brasileira.<\/p>\n\n\n\n<div class=\"wp-block-image\"><figure class=\"aligncenter size-large is-resized\"><a href=\"https:\/\/www.instagram.com\/esteio.churrascaria\/\"><img loading=\"lazy\" decoding=\"async\" src=\"https:\/\/jornalfatosenoticias.com.br\/wp-content\/uploads\/2022\/02\/LOGO-ESTEIO-1024x730.png\" alt=\"\" class=\"wp-image-27942\" width=\"337\" height=\"240\" srcset=\"https:\/\/jornalfatosenoticias.com.br\/wp-content\/uploads\/2022\/02\/LOGO-ESTEIO-1024x730.png 1024w, https:\/\/jornalfatosenoticias.com.br\/wp-content\/uploads\/2022\/02\/LOGO-ESTEIO-300x214.png 300w, https:\/\/jornalfatosenoticias.com.br\/wp-content\/uploads\/2022\/02\/LOGO-ESTEIO-768x548.png 768w, https:\/\/jornalfatosenoticias.com.br\/wp-content\/uploads\/2022\/02\/LOGO-ESTEIO.png 1123w\" sizes=\"auto, (max-width: 337px) 100vw, 337px\" \/><\/a><\/figure><\/div>\n\n\n\n<blockquote class=\"wp-block-quote is-layout-flow wp-block-quote-is-layout-flow\"><p><span class=\"has-inline-color has-luminous-vivid-orange-color\">Eu gravei em dez pa\u00edses com dezenas de pessoas, ent\u00e3o a edi\u00e7\u00e3o e a produ\u00e7\u00e3o est\u00e3o a ser mais longas do que o previsto\u201d, afirma o diretor portugu\u00eas. Segundo ele, o grande volume de material precisa ser condensado em apenas 90 minutos, exigindo um trabalho meticuloso de sele\u00e7\u00e3o e montagem.<\/span><\/p><\/blockquote>\n\n\n\n<div class=\"wp-block-image\"><figure class=\"aligncenter size-large\"><a href=\"http:\/\/www.ferrarimaquinas.com.br\/\"><img loading=\"lazy\" decoding=\"async\" width=\"300\" height=\"250\" src=\"https:\/\/jornalfatosenoticias.com.br\/wp-content\/uploads\/2022\/02\/FERRARI_MAQUINAS-E-FERRAMENTAS2.jpg\" alt=\"\" class=\"wp-image-27860\"\/><\/a><\/figure><\/div>\n\n\n\n<p><strong><span class=\"has-inline-color has-black-color\">Exibi\u00e7\u00f5es presenciais antes do lan\u00e7amento on-line<br><\/span><\/strong>S\u00e9rgio Tavares conta que todas as filmagens e entrevistas j\u00e1 foram conclu\u00eddas. Neste momento, a produ\u00e7\u00e3o est\u00e1 na fase de p\u00f3s-produ\u00e7\u00e3o, dedicada \u00e0 edi\u00e7\u00e3o de conte\u00fado. No entanto, para o lan\u00e7amento haver\u00e1 uma estrat\u00e9gia para aumentar a expectativa, sobretudo aos brasileiros. \u201cPrimeiro ser\u00e1 lan\u00e7ado num cinema aqui em Portugal, em Lisboa, com muitos convidados da direita, personalidades, celebridades, com direito a tapete vermelho\u201d, afirma Tavares. \u201cDepois ser\u00e1 feito num cinema em Orlando, nos Estados Unidos tamb\u00e9m, com muitas celebridades l\u00e1 presentes. E s\u00f3 depois disso ser\u00e1 lan\u00e7ado on-line no YouTube em lan\u00e7amento mundial\u201d, comentou.<\/p>\n\n\n\n<div class=\"wp-block-image\"><figure class=\"aligncenter size-large is-resized\"><a href=\"https:\/\/www.controlsystems.com.br\/\"><img loading=\"lazy\" decoding=\"async\" src=\"https:\/\/jornalfatosenoticias.com.br\/wp-content\/uploads\/2020\/02\/CONTROL-CS.jpg\" alt=\"\" class=\"wp-image-44991\" width=\"291\" height=\"348\" srcset=\"https:\/\/jornalfatosenoticias.com.br\/wp-content\/uploads\/2020\/02\/CONTROL-CS.jpg 834w, https:\/\/jornalfatosenoticias.com.br\/wp-content\/uploads\/2020\/02\/CONTROL-CS-250x300.jpg 250w, https:\/\/jornalfatosenoticias.com.br\/wp-content\/uploads\/2020\/02\/CONTROL-CS-768x921.jpg 768w\" sizes=\"auto, (max-width: 291px) 100vw, 291px\" \/><\/a><\/figure><\/div>\n\n\n\n<p>Quando estrear pela plataforma de internet, o document\u00e1rio ser\u00e1 gratuito e contar\u00e1 com legendas em portugu\u00eas. Em seguida, outras vers\u00f5es com legendas em idiomas como espanhol, franc\u00eas, alem\u00e3o e russo tamb\u00e9m ser\u00e3o disponibilizadas, com o objetivo de ampliar o alcance internacional do document\u00e1rio. \u201cSer\u00e1 uma distribui\u00e7\u00e3o realmente global\u201d, garante o jornalista.<\/p>\n\n\n\n<div class=\"wp-block-image\"><figure class=\"aligncenter size-large\"><img loading=\"lazy\" decoding=\"async\" width=\"960\" height=\"540\" src=\"https:\/\/jornalfatosenoticias.com.br\/wp-content\/uploads\/2025\/07\/alexandre_Moraes_STF.jpg\" alt=\"\" class=\"wp-image-60331\" srcset=\"https:\/\/jornalfatosenoticias.com.br\/wp-content\/uploads\/2025\/07\/alexandre_Moraes_STF.jpg 960w, https:\/\/jornalfatosenoticias.com.br\/wp-content\/uploads\/2025\/07\/alexandre_Moraes_STF-300x169.jpg 300w, https:\/\/jornalfatosenoticias.com.br\/wp-content\/uploads\/2025\/07\/alexandre_Moraes_STF-768x432.jpg 768w\" sizes=\"auto, (max-width: 960px) 100vw, 960px\" \/><figcaption><em><span class=\"has-inline-color has-black-color\">(Foto: Ant\u00f4nio Augusto\/STF)<\/span><\/em><\/figcaption><\/figure><\/div>\n\n\n\n<p><strong><span class=\"has-inline-color has-black-color\">Or\u00e7amento robusto e planos de sequ\u00eancia<br><\/span><\/strong>Apesar do interesse que o filme sobre Alexandre de Moraes j\u00e1 despertou, o financiamento ainda est\u00e1 aqu\u00e9m do necess\u00e1rio. \u201cOs gastos com este document\u00e1rio foram cerca de 50 mil euros. Em termos de bilheteria, de bilhetes de apoio, foram j\u00e1 arrecadados cerca de tr\u00eas mil euros\u201d, revela Tavares. Isso representa pouco mais de 5% do total investido at\u00e9 agora. Ainda assim, ele acredita que o cen\u00e1rio vai mudar ap\u00f3s o lan\u00e7amento: \u201cmuitas pessoas ir\u00e3o querer apoiar em recompensa pelo esfor\u00e7o e pelo trabalho\u201d, explica.<\/p>\n\n\n\n<div class=\"wp-block-image\"><figure class=\"aligncenter size-large is-resized\"><a href=\"https:\/\/panper.com.br\/\"><img loading=\"lazy\" decoding=\"async\" src=\"https:\/\/jornalfatosenoticias.com.br\/wp-content\/uploads\/2023\/03\/logo-Panper_portal.jpg\" alt=\"\" class=\"wp-image-40208\" width=\"316\" height=\"219\" srcset=\"https:\/\/jornalfatosenoticias.com.br\/wp-content\/uploads\/2023\/03\/logo-Panper_portal.jpg 400w, https:\/\/jornalfatosenoticias.com.br\/wp-content\/uploads\/2023\/03\/logo-Panper_portal-300x208.jpg 300w\" sizes=\"auto, (max-width: 316px) 100vw, 316px\" \/><\/a><\/figure><\/div>\n\n\n\n<p>Outra novidade que o jornalista adiantou ser\u00e1 a continua\u00e7\u00e3o: The Fake Judge 2, desta vez voltado ao ministro Gilmar Mendes, tamb\u00e9m ministro da suprema corte brasileira. A produ\u00e7\u00e3o est\u00e1 prevista para 2026 e ser\u00e1, segundo Tavares, ainda mais detalhada. O jornalista afirma que sua inten\u00e7\u00e3o \u00e9 ampliar o escopo de investiga\u00e7\u00e3o sobre o Judici\u00e1rio brasileiro, abordando figuras que, em sua vis\u00e3o, concentram poder de forma arbitr\u00e1ria.<\/p>\n\n\n\n<div class=\"wp-block-image\"><figure class=\"aligncenter size-large is-resized\"><a href=\"https:\/\/www.instagram.com\/serra4x4cambioautomatico\/\"><img loading=\"lazy\" decoding=\"async\" src=\"https:\/\/jornalfatosenoticias.com.br\/wp-content\/uploads\/2024\/08\/Serra-4x4-1-886x1024.jpg\" alt=\"\" class=\"wp-image-53632\" width=\"282\" height=\"326\" srcset=\"https:\/\/jornalfatosenoticias.com.br\/wp-content\/uploads\/2024\/08\/Serra-4x4-1-886x1024.jpg 886w, https:\/\/jornalfatosenoticias.com.br\/wp-content\/uploads\/2024\/08\/Serra-4x4-1-260x300.jpg 260w, https:\/\/jornalfatosenoticias.com.br\/wp-content\/uploads\/2024\/08\/Serra-4x4-1-768x888.jpg 768w, https:\/\/jornalfatosenoticias.com.br\/wp-content\/uploads\/2024\/08\/Serra-4x4-1.jpg 1181w\" sizes=\"auto, (max-width: 282px) 100vw, 282px\" \/><\/a><\/figure><\/div>\n\n\n\n<p><strong><span class=\"has-inline-color has-black-color\">Receio de doa\u00e7\u00f5es? Diretor tranquiliza apoiadores brasileiros<br><\/span><\/strong>Diante do contexto pol\u00edtico no Brasil, muitos simpatizantes da proposta hesitam em apoiar financeiramente o document\u00e1rio por receio de retalia\u00e7\u00f5es. Ao comentar sobre isso, S\u00e9rgio Tavares foi categ\u00f3rico: \u201cn\u00e3o t\u00eam que ter receio porque os bilhetes de apoio n\u00e3o s\u00e3o pagos atrav\u00e9s de Pix. S\u00e3o pagos por meio de refer\u00eancias multibanco ou por meio de cart\u00f5es de cr\u00e9dito, no site da produtora\u201d. <\/p>\n\n\n\n<div class=\"wp-block-image\"><figure class=\"aligncenter size-large is-resized\"><a href=\"https:\/\/www.facebook.com\/profile.php?id=100069289606145\"><img loading=\"lazy\" decoding=\"async\" src=\"https:\/\/jornalfatosenoticias.com.br\/wp-content\/uploads\/2024\/11\/Guaitolini-Contabilidade-1024x714.jpeg\" alt=\"\" class=\"wp-image-55808\" width=\"339\" height=\"236\" srcset=\"https:\/\/jornalfatosenoticias.com.br\/wp-content\/uploads\/2024\/11\/Guaitolini-Contabilidade-1024x714.jpeg 1024w, https:\/\/jornalfatosenoticias.com.br\/wp-content\/uploads\/2024\/11\/Guaitolini-Contabilidade-300x209.jpeg 300w, https:\/\/jornalfatosenoticias.com.br\/wp-content\/uploads\/2024\/11\/Guaitolini-Contabilidade-768x535.jpeg 768w, https:\/\/jornalfatosenoticias.com.br\/wp-content\/uploads\/2024\/11\/Guaitolini-Contabilidade.jpeg 1280w\" sizes=\"auto, (max-width: 339px) 100vw, 339px\" \/><\/a><\/figure><\/div>\n\n\n\n<p>Ademais, segundo ele, isso impede qualquer tipo de persegui\u00e7\u00e3o ou quebra de sigilo: \u201c\u00e9 imposs\u00edvel que Moraes v\u00e1 dar repres\u00e1lia \u00e0s pessoas que est\u00e3o simplesmente a comprar um bilhete para ver um filme. N\u00e3o h\u00e1 nenhum fundamento legal, n\u00e3o h\u00e1 nenhuma forma de se apegar nesse assunto\u201d.<\/p>\n\n\n\n<div class=\"wp-block-image\"><figure class=\"aligncenter size-large is-resized\"><a href=\"https:\/\/www.facebook.com\/postobkr\/?locale=pt_BR\"><img loading=\"lazy\" decoding=\"async\" src=\"https:\/\/jornalfatosenoticias.com.br\/wp-content\/uploads\/2023\/08\/BKR-1024x1021.jpg\" alt=\"\" class=\"wp-image-44494\" width=\"271\" height=\"270\" srcset=\"https:\/\/jornalfatosenoticias.com.br\/wp-content\/uploads\/2023\/08\/BKR-1024x1021.jpg 1024w, https:\/\/jornalfatosenoticias.com.br\/wp-content\/uploads\/2023\/08\/BKR-300x300.jpg 300w, https:\/\/jornalfatosenoticias.com.br\/wp-content\/uploads\/2023\/08\/BKR-150x150.jpg 150w, https:\/\/jornalfatosenoticias.com.br\/wp-content\/uploads\/2023\/08\/BKR-768x766.jpg 768w, https:\/\/jornalfatosenoticias.com.br\/wp-content\/uploads\/2023\/08\/BKR.jpg 1080w\" sizes=\"auto, (max-width: 271px) 100vw, 271px\" \/><\/a><\/figure><\/div>\n\n\n\n<p>Os chamados \u201cbilhetes de apoio\u201d funcionam como uma forma de contribuir financeiramente com o projeto e j\u00e1 est\u00e3o dispon\u00edveis no site oficial da Media Truth Studios. L\u00e1, os interessados tamb\u00e9m podem acompanhar atualiza\u00e7\u00f5es da produ\u00e7\u00e3o, assistir ao trailer e obter informa\u00e7\u00f5es sobre as estreias presenciais.<\/p>\n\n\n\n<div class=\"wp-block-image\"><figure class=\"aligncenter size-large is-resized\"><a href=\"https:\/\/www.facebook.com\/vetor.vix\/\"><img loading=\"lazy\" decoding=\"async\" src=\"https:\/\/jornalfatosenoticias.com.br\/wp-content\/uploads\/2023\/09\/vetorvix1024_1.jpg\" alt=\"\" class=\"wp-image-44868\" width=\"547\" height=\"145\" srcset=\"https:\/\/jornalfatosenoticias.com.br\/wp-content\/uploads\/2023\/09\/vetorvix1024_1.jpg 1024w, https:\/\/jornalfatosenoticias.com.br\/wp-content\/uploads\/2023\/09\/vetorvix1024_1-300x80.jpg 300w, https:\/\/jornalfatosenoticias.com.br\/wp-content\/uploads\/2023\/09\/vetorvix1024_1-768x205.jpg 768w\" sizes=\"auto, (max-width: 547px) 100vw, 547px\" \/><\/a><\/figure><\/div>\n\n\n\n<p><strong><span class=\"has-inline-color has-black-color\">Impacto internacional: &#8220;vai ser determinante para derrubar Alexandre de Moraes&#8221;<br><\/span><\/strong>Al\u00e9m de documentar os bastidores do Judici\u00e1rio brasileiro, o filme busca eco internacional, especialmente nos Estados Unidos, onde ocorrem articula\u00e7\u00f5es para sancionar as a\u00e7\u00f5es do ministro. Tavares acredita que a obra poder\u00e1 contribuir para expor as pr\u00e1ticas de Moraes no exterior, influenciar a opini\u00e3o p\u00fablica internacional e subsidiar as repres\u00e1lias pleiteadas pela direita naquele pa\u00eds. <\/p>\n\n\n\n<div class=\"wp-block-image\"><figure class=\"aligncenter size-large is-resized\"><a href=\"https:\/\/www.instagram.com\/rcradiadores\/\"><img loading=\"lazy\" decoding=\"async\" src=\"https:\/\/jornalfatosenoticias.com.br\/wp-content\/uploads\/2022\/10\/RC_800x750_page-0001.jpg\" alt=\"\" class=\"wp-image-35338\" width=\"288\" height=\"270\" srcset=\"https:\/\/jornalfatosenoticias.com.br\/wp-content\/uploads\/2022\/10\/RC_800x750_page-0001.jpg 400w, https:\/\/jornalfatosenoticias.com.br\/wp-content\/uploads\/2022\/10\/RC_800x750_page-0001-300x281.jpg 300w\" sizes=\"auto, (max-width: 288px) 100vw, 288px\" \/><\/a><\/figure><\/div>\n\n\n\n<blockquote class=\"wp-block-quote is-layout-flow wp-block-quote-is-layout-flow\"><p><span class=\"has-inline-color has-luminous-vivid-orange-color\">A expectativa \u00e9 que este document\u00e1rio seja determinante para que, nos Estados Unidos, toda a gente veja o que se est\u00e1 a passar no Brasil\u201d, afirma. Por fim, ao encerrar a entrevista, ele demonstrou entusiasmo com o potencial impacto da obra: \u201co document\u00e1rio, posso aqui j\u00e1 adiantar, est\u00e1 a ficar incr\u00edvel, est\u00e1 a ficar muito completo, e eu acho que vai ser determinante para derrubar o Alexandre Moraes\u201d.<\/span><\/p><\/blockquote>\n\n\n\n<div class=\"wp-block-image\"><figure class=\"aligncenter size-large\"><a href=\"https:\/\/mizu.com.br\/\"><img loading=\"lazy\" decoding=\"async\" width=\"729\" height=\"90\" src=\"https:\/\/jornalfatosenoticias.com.br\/wp-content\/uploads\/2020\/02\/Logo_Mizu.png\" alt=\"\" class=\"wp-image-1441\" srcset=\"https:\/\/jornalfatosenoticias.com.br\/wp-content\/uploads\/2020\/02\/Logo_Mizu.png 729w, https:\/\/jornalfatosenoticias.com.br\/wp-content\/uploads\/2020\/02\/Logo_Mizu-300x37.png 300w\" sizes=\"auto, (max-width: 729px) 100vw, 729px\" \/><\/a><\/figure><\/div>\n\n\n\n<h3 class=\"wp-block-heading\"><strong><span class=\"has-inline-color has-black-color\">Assista abaixo o trailer:<\/span><\/strong><\/h3>\n\n\n\n<figure class=\"wp-block-embed-youtube wp-block-embed is-type-video is-provider-youtube wp-embed-aspect-16-9 wp-has-aspect-ratio\"><div class=\"wp-block-embed__wrapper\">\n<iframe loading=\"lazy\" title=\"TRAILER: Documentary &quot;The Fake Judge&quot; (2025)\" width=\"660\" height=\"371\" src=\"https:\/\/www.youtube.com\/embed\/rny_qXLrGPU?feature=oembed\" frameborder=\"0\" allow=\"accelerometer; autoplay; clipboard-write; encrypted-media; gyroscope; picture-in-picture; web-share\" referrerpolicy=\"strict-origin-when-cross-origin\" allowfullscreen><\/iframe>\n<\/div><\/figure>\n\n\n\n<p><strong>Fonte: <a href=\"https:\/\/www.gazetadopovo.com.br\/cultura\/filme-de-jornalista-portugues-sobre-alexandre-de-moraes-sera-lancado-em-julho-veja-o-trailer\/\">Gazeta do Povo<\/a><\/strong><\/p>\n","protected":false},"excerpt":{"rendered":"<p>Alexandre de Moraes, ministro do Supremo Tribunal Federal (STF) Por Desir\u00e9e Pe\u00f1alba O aguardado document\u00e1rio \u201cThe Fake Judge: The Story of a Nation in the Hands of a Psychopath\u201d (O Falso Juiz: A Hist\u00f3ria de uma Na\u00e7\u00e3o nas M\u00e3os de um Psicopata), previsto para sair em maio desde ano, teve seu lan\u00e7amento adiado para data [&hellip;]<\/p>\n","protected":false},"author":2,"featured_media":60330,"comment_status":"open","ping_status":"open","sticky":false,"template":"","format":"standard","meta":{"footnotes":""},"categories":[4],"tags":[13889,2149,2095,2507,27528,26176,926],"class_list":["post-60329","post","type-post","status-publish","format-standard","has-post-thumbnail","hentry","category-cultura","tag-alexandre-de-moraes","tag-censura","tag-documentarios","tag-filmes","tag-sergio-tavares","tag-the-fake-judge","tag-youtube"],"yoast_head":"<!-- This site is optimized with the Yoast SEO plugin v26.5 - https:\/\/yoast.com\/wordpress\/plugins\/seo\/ -->\n<title>Filme de jornalista portugu\u00eas sobre Alexandre de Moraes ser\u00e1 lan\u00e7ado em julho; veja o trailer - Jornal Fatos e Not\u00edcias<\/title>\n<meta name=\"robots\" content=\"index, follow, max-snippet:-1, max-image-preview:large, max-video-preview:-1\" \/>\n<link rel=\"canonical\" href=\"https:\/\/jornalfatosenoticias.com.br\/index.php\/2025\/07\/01\/filme-de-jornalista-portugues-sobre-alexandre-de-moraes-sera-lancado-em-julho\/\" \/>\n<meta property=\"og:locale\" content=\"pt_BR\" \/>\n<meta property=\"og:type\" content=\"article\" \/>\n<meta property=\"og:title\" content=\"Filme de jornalista portugu\u00eas sobre Alexandre de Moraes ser\u00e1 lan\u00e7ado em julho; veja o trailer - Jornal Fatos e Not\u00edcias\" \/>\n<meta property=\"og:description\" content=\"Alexandre de Moraes, ministro do Supremo Tribunal Federal (STF) Por Desir\u00e9e Pe\u00f1alba O aguardado document\u00e1rio \u201cThe Fake Judge: The Story of a Nation in the Hands of a Psychopath\u201d (O Falso Juiz: A Hist\u00f3ria de uma Na\u00e7\u00e3o nas M\u00e3os de um Psicopata), previsto para sair em maio desde ano, teve seu lan\u00e7amento adiado para data [&hellip;]\" \/>\n<meta property=\"og:url\" content=\"https:\/\/jornalfatosenoticias.com.br\/index.php\/2025\/07\/01\/filme-de-jornalista-portugues-sobre-alexandre-de-moraes-sera-lancado-em-julho\/\" \/>\n<meta property=\"og:site_name\" content=\"Jornal Fatos e Not\u00edcias\" \/>\n<meta property=\"article:published_time\" content=\"2025-07-01T13:24:43+00:00\" \/>\n<meta property=\"article:modified_time\" content=\"2025-07-01T13:25:24+00:00\" \/>\n<meta property=\"og:image\" content=\"https:\/\/jornalfatosenoticias.com.br\/wp-content\/uploads\/2025\/07\/The-Fake-Judge.jpg\" \/>\n\t<meta property=\"og:image:width\" content=\"1000\" \/>\n\t<meta property=\"og:image:height\" content=\"562\" \/>\n\t<meta property=\"og:image:type\" content=\"image\/jpeg\" \/>\n<meta name=\"author\" content=\"Luzimara Fernandes\" \/>\n<meta name=\"twitter:card\" content=\"summary_large_image\" \/>\n<meta name=\"twitter:label1\" content=\"Escrito por\" \/>\n\t<meta name=\"twitter:data1\" content=\"Luzimara Fernandes\" \/>\n\t<meta name=\"twitter:label2\" content=\"Est. tempo de leitura\" \/>\n\t<meta name=\"twitter:data2\" content=\"5 minutos\" \/>\n<script type=\"application\/ld+json\" class=\"yoast-schema-graph\">{\"@context\":\"https:\/\/schema.org\",\"@graph\":[{\"@type\":\"Article\",\"@id\":\"https:\/\/jornalfatosenoticias.com.br\/index.php\/2025\/07\/01\/filme-de-jornalista-portugues-sobre-alexandre-de-moraes-sera-lancado-em-julho\/#article\",\"isPartOf\":{\"@id\":\"https:\/\/jornalfatosenoticias.com.br\/index.php\/2025\/07\/01\/filme-de-jornalista-portugues-sobre-alexandre-de-moraes-sera-lancado-em-julho\/\"},\"author\":{\"name\":\"Luzimara Fernandes\",\"@id\":\"https:\/\/jornalfatosenoticias.com.br\/#\/schema\/person\/d63837fa13ac8666eb9e74e0985d6f81\"},\"headline\":\"Filme de jornalista portugu\u00eas sobre Alexandre de Moraes ser\u00e1 lan\u00e7ado em julho; veja o trailer\",\"datePublished\":\"2025-07-01T13:24:43+00:00\",\"dateModified\":\"2025-07-01T13:25:24+00:00\",\"mainEntityOfPage\":{\"@id\":\"https:\/\/jornalfatosenoticias.com.br\/index.php\/2025\/07\/01\/filme-de-jornalista-portugues-sobre-alexandre-de-moraes-sera-lancado-em-julho\/\"},\"wordCount\":1004,\"commentCount\":0,\"publisher\":{\"@id\":\"https:\/\/jornalfatosenoticias.com.br\/#organization\"},\"image\":{\"@id\":\"https:\/\/jornalfatosenoticias.com.br\/index.php\/2025\/07\/01\/filme-de-jornalista-portugues-sobre-alexandre-de-moraes-sera-lancado-em-julho\/#primaryimage\"},\"thumbnailUrl\":\"https:\/\/jornalfatosenoticias.com.br\/wp-content\/uploads\/2025\/07\/The-Fake-Judge.jpg\",\"keywords\":[\"Alexandre de Moraes\",\"censura\",\"document\u00e1rios\",\"filmes\",\"S\u00e9rgio Tavares\",\"The Fake Judge\",\"YouTube\"],\"articleSection\":[\"Cultura\"],\"inLanguage\":\"pt-BR\",\"potentialAction\":[{\"@type\":\"CommentAction\",\"name\":\"Comment\",\"target\":[\"https:\/\/jornalfatosenoticias.com.br\/index.php\/2025\/07\/01\/filme-de-jornalista-portugues-sobre-alexandre-de-moraes-sera-lancado-em-julho\/#respond\"]}]},{\"@type\":\"WebPage\",\"@id\":\"https:\/\/jornalfatosenoticias.com.br\/index.php\/2025\/07\/01\/filme-de-jornalista-portugues-sobre-alexandre-de-moraes-sera-lancado-em-julho\/\",\"url\":\"https:\/\/jornalfatosenoticias.com.br\/index.php\/2025\/07\/01\/filme-de-jornalista-portugues-sobre-alexandre-de-moraes-sera-lancado-em-julho\/\",\"name\":\"Filme de jornalista portugu\u00eas sobre Alexandre de Moraes ser\u00e1 lan\u00e7ado em julho; veja o trailer - Jornal Fatos e Not\u00edcias\",\"isPartOf\":{\"@id\":\"https:\/\/jornalfatosenoticias.com.br\/#website\"},\"primaryImageOfPage\":{\"@id\":\"https:\/\/jornalfatosenoticias.com.br\/index.php\/2025\/07\/01\/filme-de-jornalista-portugues-sobre-alexandre-de-moraes-sera-lancado-em-julho\/#primaryimage\"},\"image\":{\"@id\":\"https:\/\/jornalfatosenoticias.com.br\/index.php\/2025\/07\/01\/filme-de-jornalista-portugues-sobre-alexandre-de-moraes-sera-lancado-em-julho\/#primaryimage\"},\"thumbnailUrl\":\"https:\/\/jornalfatosenoticias.com.br\/wp-content\/uploads\/2025\/07\/The-Fake-Judge.jpg\",\"datePublished\":\"2025-07-01T13:24:43+00:00\",\"dateModified\":\"2025-07-01T13:25:24+00:00\",\"breadcrumb\":{\"@id\":\"https:\/\/jornalfatosenoticias.com.br\/index.php\/2025\/07\/01\/filme-de-jornalista-portugues-sobre-alexandre-de-moraes-sera-lancado-em-julho\/#breadcrumb\"},\"inLanguage\":\"pt-BR\",\"potentialAction\":[{\"@type\":\"ReadAction\",\"target\":[\"https:\/\/jornalfatosenoticias.com.br\/index.php\/2025\/07\/01\/filme-de-jornalista-portugues-sobre-alexandre-de-moraes-sera-lancado-em-julho\/\"]}]},{\"@type\":\"ImageObject\",\"inLanguage\":\"pt-BR\",\"@id\":\"https:\/\/jornalfatosenoticias.com.br\/index.php\/2025\/07\/01\/filme-de-jornalista-portugues-sobre-alexandre-de-moraes-sera-lancado-em-julho\/#primaryimage\",\"url\":\"https:\/\/jornalfatosenoticias.com.br\/wp-content\/uploads\/2025\/07\/The-Fake-Judge.jpg\",\"contentUrl\":\"https:\/\/jornalfatosenoticias.com.br\/wp-content\/uploads\/2025\/07\/The-Fake-Judge.jpg\",\"width\":1000,\"height\":562},{\"@type\":\"BreadcrumbList\",\"@id\":\"https:\/\/jornalfatosenoticias.com.br\/index.php\/2025\/07\/01\/filme-de-jornalista-portugues-sobre-alexandre-de-moraes-sera-lancado-em-julho\/#breadcrumb\",\"itemListElement\":[{\"@type\":\"ListItem\",\"position\":1,\"name\":\"In\u00edcio\",\"item\":\"https:\/\/jornalfatosenoticias.com.br\/\"},{\"@type\":\"ListItem\",\"position\":2,\"name\":\"Filme de jornalista portugu\u00eas sobre Alexandre de Moraes ser\u00e1 lan\u00e7ado em julho; veja o trailer\"}]},{\"@type\":\"WebSite\",\"@id\":\"https:\/\/jornalfatosenoticias.com.br\/#website\",\"url\":\"https:\/\/jornalfatosenoticias.com.br\/\",\"name\":\"Jornal Fatos e Not\u00edcias\",\"description\":\"Not\u00edcias em geral\",\"publisher\":{\"@id\":\"https:\/\/jornalfatosenoticias.com.br\/#organization\"},\"potentialAction\":[{\"@type\":\"SearchAction\",\"target\":{\"@type\":\"EntryPoint\",\"urlTemplate\":\"https:\/\/jornalfatosenoticias.com.br\/?s={search_term_string}\"},\"query-input\":{\"@type\":\"PropertyValueSpecification\",\"valueRequired\":true,\"valueName\":\"search_term_string\"}}],\"inLanguage\":\"pt-BR\"},{\"@type\":\"Organization\",\"@id\":\"https:\/\/jornalfatosenoticias.com.br\/#organization\",\"name\":\"Jornal Fatos e Not\u00edcias\",\"url\":\"https:\/\/jornalfatosenoticias.com.br\/\",\"logo\":{\"@type\":\"ImageObject\",\"inLanguage\":\"pt-BR\",\"@id\":\"https:\/\/jornalfatosenoticias.com.br\/#\/schema\/logo\/image\/\",\"url\":\"https:\/\/jornalfatosenoticias.com.br\/wp-content\/uploads\/2020\/02\/logo120.png\",\"contentUrl\":\"https:\/\/jornalfatosenoticias.com.br\/wp-content\/uploads\/2020\/02\/logo120.png\",\"width\":1227,\"height\":120,\"caption\":\"Jornal Fatos e Not\u00edcias\"},\"image\":{\"@id\":\"https:\/\/jornalfatosenoticias.com.br\/#\/schema\/logo\/image\/\"}},{\"@type\":\"Person\",\"@id\":\"https:\/\/jornalfatosenoticias.com.br\/#\/schema\/person\/d63837fa13ac8666eb9e74e0985d6f81\",\"name\":\"Luzimara Fernandes\",\"image\":{\"@type\":\"ImageObject\",\"inLanguage\":\"pt-BR\",\"@id\":\"https:\/\/jornalfatosenoticias.com.br\/#\/schema\/person\/image\/\",\"url\":\"https:\/\/jornalfatosenoticias.com.br\/wp-content\/uploads\/2025\/05\/EU_portal.jpg\",\"contentUrl\":\"https:\/\/jornalfatosenoticias.com.br\/wp-content\/uploads\/2025\/05\/EU_portal.jpg\",\"caption\":\"Luzimara Fernandes\"},\"description\":\"Jornalista MTB 2358-ES\",\"sameAs\":[\"https:\/\/jornalfatosenoticias.com.br\"],\"url\":\"https:\/\/jornalfatosenoticias.com.br\/index.php\/author\/luzimara\/\"}]}<\/script>\n<!-- \/ Yoast SEO plugin. -->","yoast_head_json":{"title":"Filme de jornalista portugu\u00eas sobre Alexandre de Moraes ser\u00e1 lan\u00e7ado em julho; veja o trailer - Jornal Fatos e Not\u00edcias","robots":{"index":"index","follow":"follow","max-snippet":"max-snippet:-1","max-image-preview":"max-image-preview:large","max-video-preview":"max-video-preview:-1"},"canonical":"https:\/\/jornalfatosenoticias.com.br\/index.php\/2025\/07\/01\/filme-de-jornalista-portugues-sobre-alexandre-de-moraes-sera-lancado-em-julho\/","og_locale":"pt_BR","og_type":"article","og_title":"Filme de jornalista portugu\u00eas sobre Alexandre de Moraes ser\u00e1 lan\u00e7ado em julho; veja o trailer - Jornal Fatos e Not\u00edcias","og_description":"Alexandre de Moraes, ministro do Supremo Tribunal Federal (STF) Por Desir\u00e9e Pe\u00f1alba O aguardado document\u00e1rio \u201cThe Fake Judge: The Story of a Nation in the Hands of a Psychopath\u201d (O Falso Juiz: A Hist\u00f3ria de uma Na\u00e7\u00e3o nas M\u00e3os de um Psicopata), previsto para sair em maio desde ano, teve seu lan\u00e7amento adiado para data [&hellip;]","og_url":"https:\/\/jornalfatosenoticias.com.br\/index.php\/2025\/07\/01\/filme-de-jornalista-portugues-sobre-alexandre-de-moraes-sera-lancado-em-julho\/","og_site_name":"Jornal Fatos e Not\u00edcias","article_published_time":"2025-07-01T13:24:43+00:00","article_modified_time":"2025-07-01T13:25:24+00:00","og_image":[{"width":1000,"height":562,"url":"https:\/\/jornalfatosenoticias.com.br\/wp-content\/uploads\/2025\/07\/The-Fake-Judge.jpg","type":"image\/jpeg"}],"author":"Luzimara Fernandes","twitter_card":"summary_large_image","twitter_misc":{"Escrito por":"Luzimara Fernandes","Est. tempo de leitura":"5 minutos"},"schema":{"@context":"https:\/\/schema.org","@graph":[{"@type":"Article","@id":"https:\/\/jornalfatosenoticias.com.br\/index.php\/2025\/07\/01\/filme-de-jornalista-portugues-sobre-alexandre-de-moraes-sera-lancado-em-julho\/#article","isPartOf":{"@id":"https:\/\/jornalfatosenoticias.com.br\/index.php\/2025\/07\/01\/filme-de-jornalista-portugues-sobre-alexandre-de-moraes-sera-lancado-em-julho\/"},"author":{"name":"Luzimara Fernandes","@id":"https:\/\/jornalfatosenoticias.com.br\/#\/schema\/person\/d63837fa13ac8666eb9e74e0985d6f81"},"headline":"Filme de jornalista portugu\u00eas sobre Alexandre de Moraes ser\u00e1 lan\u00e7ado em julho; veja o trailer","datePublished":"2025-07-01T13:24:43+00:00","dateModified":"2025-07-01T13:25:24+00:00","mainEntityOfPage":{"@id":"https:\/\/jornalfatosenoticias.com.br\/index.php\/2025\/07\/01\/filme-de-jornalista-portugues-sobre-alexandre-de-moraes-sera-lancado-em-julho\/"},"wordCount":1004,"commentCount":0,"publisher":{"@id":"https:\/\/jornalfatosenoticias.com.br\/#organization"},"image":{"@id":"https:\/\/jornalfatosenoticias.com.br\/index.php\/2025\/07\/01\/filme-de-jornalista-portugues-sobre-alexandre-de-moraes-sera-lancado-em-julho\/#primaryimage"},"thumbnailUrl":"https:\/\/jornalfatosenoticias.com.br\/wp-content\/uploads\/2025\/07\/The-Fake-Judge.jpg","keywords":["Alexandre de Moraes","censura","document\u00e1rios","filmes","S\u00e9rgio Tavares","The Fake Judge","YouTube"],"articleSection":["Cultura"],"inLanguage":"pt-BR","potentialAction":[{"@type":"CommentAction","name":"Comment","target":["https:\/\/jornalfatosenoticias.com.br\/index.php\/2025\/07\/01\/filme-de-jornalista-portugues-sobre-alexandre-de-moraes-sera-lancado-em-julho\/#respond"]}]},{"@type":"WebPage","@id":"https:\/\/jornalfatosenoticias.com.br\/index.php\/2025\/07\/01\/filme-de-jornalista-portugues-sobre-alexandre-de-moraes-sera-lancado-em-julho\/","url":"https:\/\/jornalfatosenoticias.com.br\/index.php\/2025\/07\/01\/filme-de-jornalista-portugues-sobre-alexandre-de-moraes-sera-lancado-em-julho\/","name":"Filme de jornalista portugu\u00eas sobre Alexandre de Moraes ser\u00e1 lan\u00e7ado em julho; veja o trailer - Jornal Fatos e Not\u00edcias","isPartOf":{"@id":"https:\/\/jornalfatosenoticias.com.br\/#website"},"primaryImageOfPage":{"@id":"https:\/\/jornalfatosenoticias.com.br\/index.php\/2025\/07\/01\/filme-de-jornalista-portugues-sobre-alexandre-de-moraes-sera-lancado-em-julho\/#primaryimage"},"image":{"@id":"https:\/\/jornalfatosenoticias.com.br\/index.php\/2025\/07\/01\/filme-de-jornalista-portugues-sobre-alexandre-de-moraes-sera-lancado-em-julho\/#primaryimage"},"thumbnailUrl":"https:\/\/jornalfatosenoticias.com.br\/wp-content\/uploads\/2025\/07\/The-Fake-Judge.jpg","datePublished":"2025-07-01T13:24:43+00:00","dateModified":"2025-07-01T13:25:24+00:00","breadcrumb":{"@id":"https:\/\/jornalfatosenoticias.com.br\/index.php\/2025\/07\/01\/filme-de-jornalista-portugues-sobre-alexandre-de-moraes-sera-lancado-em-julho\/#breadcrumb"},"inLanguage":"pt-BR","potentialAction":[{"@type":"ReadAction","target":["https:\/\/jornalfatosenoticias.com.br\/index.php\/2025\/07\/01\/filme-de-jornalista-portugues-sobre-alexandre-de-moraes-sera-lancado-em-julho\/"]}]},{"@type":"ImageObject","inLanguage":"pt-BR","@id":"https:\/\/jornalfatosenoticias.com.br\/index.php\/2025\/07\/01\/filme-de-jornalista-portugues-sobre-alexandre-de-moraes-sera-lancado-em-julho\/#primaryimage","url":"https:\/\/jornalfatosenoticias.com.br\/wp-content\/uploads\/2025\/07\/The-Fake-Judge.jpg","contentUrl":"https:\/\/jornalfatosenoticias.com.br\/wp-content\/uploads\/2025\/07\/The-Fake-Judge.jpg","width":1000,"height":562},{"@type":"BreadcrumbList","@id":"https:\/\/jornalfatosenoticias.com.br\/index.php\/2025\/07\/01\/filme-de-jornalista-portugues-sobre-alexandre-de-moraes-sera-lancado-em-julho\/#breadcrumb","itemListElement":[{"@type":"ListItem","position":1,"name":"In\u00edcio","item":"https:\/\/jornalfatosenoticias.com.br\/"},{"@type":"ListItem","position":2,"name":"Filme de jornalista portugu\u00eas sobre Alexandre de Moraes ser\u00e1 lan\u00e7ado em julho; veja o trailer"}]},{"@type":"WebSite","@id":"https:\/\/jornalfatosenoticias.com.br\/#website","url":"https:\/\/jornalfatosenoticias.com.br\/","name":"Jornal Fatos e Not\u00edcias","description":"Not\u00edcias em geral","publisher":{"@id":"https:\/\/jornalfatosenoticias.com.br\/#organization"},"potentialAction":[{"@type":"SearchAction","target":{"@type":"EntryPoint","urlTemplate":"https:\/\/jornalfatosenoticias.com.br\/?s={search_term_string}"},"query-input":{"@type":"PropertyValueSpecification","valueRequired":true,"valueName":"search_term_string"}}],"inLanguage":"pt-BR"},{"@type":"Organization","@id":"https:\/\/jornalfatosenoticias.com.br\/#organization","name":"Jornal Fatos e Not\u00edcias","url":"https:\/\/jornalfatosenoticias.com.br\/","logo":{"@type":"ImageObject","inLanguage":"pt-BR","@id":"https:\/\/jornalfatosenoticias.com.br\/#\/schema\/logo\/image\/","url":"https:\/\/jornalfatosenoticias.com.br\/wp-content\/uploads\/2020\/02\/logo120.png","contentUrl":"https:\/\/jornalfatosenoticias.com.br\/wp-content\/uploads\/2020\/02\/logo120.png","width":1227,"height":120,"caption":"Jornal Fatos e Not\u00edcias"},"image":{"@id":"https:\/\/jornalfatosenoticias.com.br\/#\/schema\/logo\/image\/"}},{"@type":"Person","@id":"https:\/\/jornalfatosenoticias.com.br\/#\/schema\/person\/d63837fa13ac8666eb9e74e0985d6f81","name":"Luzimara Fernandes","image":{"@type":"ImageObject","inLanguage":"pt-BR","@id":"https:\/\/jornalfatosenoticias.com.br\/#\/schema\/person\/image\/","url":"https:\/\/jornalfatosenoticias.com.br\/wp-content\/uploads\/2025\/05\/EU_portal.jpg","contentUrl":"https:\/\/jornalfatosenoticias.com.br\/wp-content\/uploads\/2025\/05\/EU_portal.jpg","caption":"Luzimara Fernandes"},"description":"Jornalista MTB 2358-ES","sameAs":["https:\/\/jornalfatosenoticias.com.br"],"url":"https:\/\/jornalfatosenoticias.com.br\/index.php\/author\/luzimara\/"}]}},"cc_featured_image_caption":{"caption_text":"(Foto: Reprodu\u00e7\u00e3o\/Instagram)","source_text":"","source_url":""},"jetpack_featured_media_url":"https:\/\/jornalfatosenoticias.com.br\/wp-content\/uploads\/2025\/07\/The-Fake-Judge.jpg","_links":{"self":[{"href":"https:\/\/jornalfatosenoticias.com.br\/index.php\/wp-json\/wp\/v2\/posts\/60329","targetHints":{"allow":["GET"]}}],"collection":[{"href":"https:\/\/jornalfatosenoticias.com.br\/index.php\/wp-json\/wp\/v2\/posts"}],"about":[{"href":"https:\/\/jornalfatosenoticias.com.br\/index.php\/wp-json\/wp\/v2\/types\/post"}],"author":[{"embeddable":true,"href":"https:\/\/jornalfatosenoticias.com.br\/index.php\/wp-json\/wp\/v2\/users\/2"}],"replies":[{"embeddable":true,"href":"https:\/\/jornalfatosenoticias.com.br\/index.php\/wp-json\/wp\/v2\/comments?post=60329"}],"version-history":[{"count":0,"href":"https:\/\/jornalfatosenoticias.com.br\/index.php\/wp-json\/wp\/v2\/posts\/60329\/revisions"}],"wp:featuredmedia":[{"embeddable":true,"href":"https:\/\/jornalfatosenoticias.com.br\/index.php\/wp-json\/wp\/v2\/media\/60330"}],"wp:attachment":[{"href":"https:\/\/jornalfatosenoticias.com.br\/index.php\/wp-json\/wp\/v2\/media?parent=60329"}],"wp:term":[{"taxonomy":"category","embeddable":true,"href":"https:\/\/jornalfatosenoticias.com.br\/index.php\/wp-json\/wp\/v2\/categories?post=60329"},{"taxonomy":"post_tag","embeddable":true,"href":"https:\/\/jornalfatosenoticias.com.br\/index.php\/wp-json\/wp\/v2\/tags?post=60329"}],"curies":[{"name":"wp","href":"https:\/\/api.w.org\/{rel}","templated":true}]}}