{"id":6033,"date":"2020-07-01T09:47:34","date_gmt":"2020-07-01T12:47:34","guid":{"rendered":"https:\/\/jornalfatosenoticias.com.br\/?p=6033"},"modified":"2020-07-01T09:47:40","modified_gmt":"2020-07-01T12:47:40","slug":"ventos-e-chuvas-fortes-provocam-tres-mortes-em-santa-catarina","status":"publish","type":"post","link":"https:\/\/jornalfatosenoticias.com.br\/index.php\/2020\/07\/01\/ventos-e-chuvas-fortes-provocam-tres-mortes-em-santa-catarina\/","title":{"rendered":"Ventos e chuvas fortes provocam tr\u00eas mortes em Santa Catarina"},"content":{"rendered":"\n<h6 class=\"wp-block-heading\"><em>Tempestades tamb\u00e9m atingiram o Paran\u00e1<\/em><\/h6>\n\n\n\n<p>Os ventos e chuvas fortes que atingiram Santa Catarina nesta ter\u00e7a-feira (30) deixaram tr\u00eas mortos, segundo levantamento do Corpo de Bombeiros Militar do estado, at\u00e9 as 18h. Uma idosa de 78 anos morreu em Chapec\u00f3 atingida por uma \u00e1rvore, e um homem, em Santo Amaro da Imperatriz, morreu ap\u00f3s ser atingido por fios de alta-tens\u00e3o. A terceira morte aconteceu na cidade de Tijucas ap\u00f3s um desabamento. No local, outra pessoa est\u00e1 desaparecida.<br>Segundo levantamento das coordenadorias regionais da Defesa Civil de Santa Catarina, 25 munic\u00edpios foram atingidos no estado e os bombeiros atenderam a 900 ocorr\u00eancias. A Defesa Civil relatou que ventos chegaram a 120 km\/h no Morro da Igreja, no Parque Nacional de S\u00e3o Joaquim, pr\u00f3ximo ao munic\u00edpio de Bom Jardim da Serra.<br>Pelo Twitter, o governador Carlos Mois\u00e9s afirmou que as equipes da Defesa Civil e outros \u00f3rg\u00e3os do governo estadual continuam monitorando a situa\u00e7\u00e3o. \u201cVamos empenhar todos os esfor\u00e7os necess\u00e1rios para n\u00e3o deixar ningu\u00e9m desassistido\u201d, escreveu na rede social. \u201cNossas equipes seguem com o trabalho nas regi\u00f5es atingidas. Recebo com muita tristeza a not\u00edcia de que pelo menos tr\u00eas pessoas perderam a vida em decorr\u00eancia do vendaval. Minha solidariedade a todas estas fam\u00edlias\u201d disse o governador.<br>Segundo Mois\u00e9s, muitas cidades est\u00e3o sem sinal de telefone e internet e h\u00e1 mais de um milh\u00e3o de unidades consumidoras sem eletricidade. Ele pediu \u00e0 popula\u00e7\u00e3o que fique em local seguro, pois essa situa\u00e7\u00e3o dificulta a comunica\u00e7\u00e3o. \u201cCaso esteja em situa\u00e7\u00e3o de perigo, procure manter a calma e tente acionar os Bombeiros no 193\u201d.<\/p>\n\n\n\n<h4 class=\"wp-block-heading\">Paran\u00e1<\/h4>\n\n\n\n<p>As fortes chuvas tamb\u00e9m chegaram ao Paran\u00e1, atingindo entre outras, a capital do estado, Curitiba, e cidades pr\u00f3ximas. At\u00e9 as 19h desta ter\u00e7a-feira (30), a prefeitura de Curitiba registrou 406 solicita\u00e7\u00f5es de ocorr\u00eancias com quedas de \u00e1rvores ou galhos, em vias p\u00fablicas e terrenos particulares. No entanto, muitas chamadas foram para um mesmo endere\u00e7o.<br>\u201cEnquanto estiver chovendo, a orienta\u00e7\u00e3o da Defesa Civil \u00e9 que se evite sair de casa. Se a pessoa j\u00e1 estiver na rua, deve evitar se abrigar embaixo de \u00e1rvores e de estruturas met\u00e1licas, estando a p\u00e9 ou de carro. Redobre a aten\u00e7\u00e3o e reduza a velocidade\u201d, diz boletim da Defesa Civil de Curitiba.<br>Segundo o Sistema de Tecnologia e Monitoramento Ambiental do Paran\u00e1 (Simepar), site de meteorologia oficial do Paran\u00e1, uma nova frente fria formou-se nesta ter\u00e7a-feira sobre o Sul do Brasil, com acumulados acima dos 100 mil\u00edmetros em alguns munic\u00edpios dos dois estados.<br>\u201cEste sistema frontal avan\u00e7a tamb\u00e9m pelo Paran\u00e1 ao longo do dia, mas com chuva menos expressiva prevista. Algum temporal pontual n\u00e3o est\u00e1 descartado, e os ventos de norte\/noroeste sopram com intensidade moderada a forte por alguns momentos\u201d, diz nota no site.<\/p>\n\n\n\n<p><strong><em>Fonte: <a href=\"https:\/\/agenciabrasil.ebc.com.br\/geral\/noticia\/2020-06\/ventos-e-chuvas-fortes-provocam-tres-mortes-em-santa-catarina\">Ag\u00eancia Brasil<\/a><\/em><\/strong><\/p>\n","protected":false},"excerpt":{"rendered":"<p>Tempestades tamb\u00e9m atingiram o Paran\u00e1 Os ventos e chuvas fortes que atingiram Santa Catarina nesta ter\u00e7a-feira (30) deixaram tr\u00eas mortos, segundo levantamento do Corpo de Bombeiros Militar do estado, at\u00e9 as 18h. Uma idosa de 78 anos morreu em Chapec\u00f3 atingida por uma \u00e1rvore, e um homem, em Santo Amaro da Imperatriz, morreu ap\u00f3s ser [&hellip;]<\/p>\n","protected":false},"author":2,"featured_media":6034,"comment_status":"open","ping_status":"open","sticky":false,"template":"","format":"standard","meta":{"footnotes":""},"categories":[5],"tags":[3584,3585,3588,1460,3586,3587],"class_list":["post-6033","post","type-post","status-publish","format-standard","has-post-thumbnail","hentry","category-geral","tag-chuva-forte","tag-curitiba","tag-defesa-civil","tag-parana","tag-santa-catarina","tag-tempestade"],"yoast_head":"<!-- This site is optimized with the Yoast SEO plugin v26.5 - https:\/\/yoast.com\/wordpress\/plugins\/seo\/ -->\n<title>Ventos e chuvas fortes provocam tr\u00eas mortes em Santa Catarina - Jornal Fatos e Not\u00edcias<\/title>\n<meta name=\"robots\" content=\"index, follow, max-snippet:-1, max-image-preview:large, max-video-preview:-1\" \/>\n<link rel=\"canonical\" href=\"https:\/\/jornalfatosenoticias.com.br\/index.php\/2020\/07\/01\/ventos-e-chuvas-fortes-provocam-tres-mortes-em-santa-catarina\/\" \/>\n<meta property=\"og:locale\" content=\"pt_BR\" \/>\n<meta property=\"og:type\" content=\"article\" \/>\n<meta property=\"og:title\" content=\"Ventos e chuvas fortes provocam tr\u00eas mortes em Santa Catarina - Jornal Fatos e Not\u00edcias\" \/>\n<meta property=\"og:description\" content=\"Tempestades tamb\u00e9m atingiram o Paran\u00e1 Os ventos e chuvas fortes que atingiram Santa Catarina nesta ter\u00e7a-feira (30) deixaram tr\u00eas mortos, segundo levantamento do Corpo de Bombeiros Militar do estado, at\u00e9 as 18h. Uma idosa de 78 anos morreu em Chapec\u00f3 atingida por uma \u00e1rvore, e um homem, em Santo Amaro da Imperatriz, morreu ap\u00f3s ser [&hellip;]\" \/>\n<meta property=\"og:url\" content=\"https:\/\/jornalfatosenoticias.com.br\/index.php\/2020\/07\/01\/ventos-e-chuvas-fortes-provocam-tres-mortes-em-santa-catarina\/\" \/>\n<meta property=\"og:site_name\" content=\"Jornal Fatos e Not\u00edcias\" \/>\n<meta property=\"article:published_time\" content=\"2020-07-01T12:47:34+00:00\" \/>\n<meta property=\"article:modified_time\" content=\"2020-07-01T12:47:40+00:00\" \/>\n<meta property=\"og:image\" content=\"https:\/\/jornalfatosenoticias.com.br\/wp-content\/uploads\/2020\/07\/tempestade-santa_catarina_ciclone_extratropical.jpg\" \/>\n\t<meta property=\"og:image:width\" content=\"1000\" \/>\n\t<meta property=\"og:image:height\" content=\"598\" \/>\n\t<meta property=\"og:image:type\" content=\"image\/jpeg\" \/>\n<meta name=\"author\" content=\"Luzimara Fernandes\" \/>\n<meta name=\"twitter:card\" content=\"summary_large_image\" \/>\n<meta name=\"twitter:label1\" content=\"Escrito por\" \/>\n\t<meta name=\"twitter:data1\" content=\"Luzimara Fernandes\" \/>\n\t<meta name=\"twitter:label2\" content=\"Est. tempo de leitura\" \/>\n\t<meta name=\"twitter:data2\" content=\"2 minutos\" \/>\n<script type=\"application\/ld+json\" class=\"yoast-schema-graph\">{\"@context\":\"https:\/\/schema.org\",\"@graph\":[{\"@type\":\"Article\",\"@id\":\"https:\/\/jornalfatosenoticias.com.br\/index.php\/2020\/07\/01\/ventos-e-chuvas-fortes-provocam-tres-mortes-em-santa-catarina\/#article\",\"isPartOf\":{\"@id\":\"https:\/\/jornalfatosenoticias.com.br\/index.php\/2020\/07\/01\/ventos-e-chuvas-fortes-provocam-tres-mortes-em-santa-catarina\/\"},\"author\":{\"name\":\"Luzimara Fernandes\",\"@id\":\"https:\/\/jornalfatosenoticias.com.br\/#\/schema\/person\/d63837fa13ac8666eb9e74e0985d6f81\"},\"headline\":\"Ventos e chuvas fortes provocam tr\u00eas mortes em Santa Catarina\",\"datePublished\":\"2020-07-01T12:47:34+00:00\",\"dateModified\":\"2020-07-01T12:47:40+00:00\",\"mainEntityOfPage\":{\"@id\":\"https:\/\/jornalfatosenoticias.com.br\/index.php\/2020\/07\/01\/ventos-e-chuvas-fortes-provocam-tres-mortes-em-santa-catarina\/\"},\"wordCount\":500,\"commentCount\":0,\"publisher\":{\"@id\":\"https:\/\/jornalfatosenoticias.com.br\/#organization\"},\"image\":{\"@id\":\"https:\/\/jornalfatosenoticias.com.br\/index.php\/2020\/07\/01\/ventos-e-chuvas-fortes-provocam-tres-mortes-em-santa-catarina\/#primaryimage\"},\"thumbnailUrl\":\"https:\/\/jornalfatosenoticias.com.br\/wp-content\/uploads\/2020\/07\/tempestade-santa_catarina_ciclone_extratropical.jpg\",\"keywords\":[\"chuva forte\",\"Curitiba\",\"Defesa Civil\",\"Paran\u00e1\",\"Santa Catarina\",\"tempestade\"],\"articleSection\":[\"Geral\"],\"inLanguage\":\"pt-BR\",\"potentialAction\":[{\"@type\":\"CommentAction\",\"name\":\"Comment\",\"target\":[\"https:\/\/jornalfatosenoticias.com.br\/index.php\/2020\/07\/01\/ventos-e-chuvas-fortes-provocam-tres-mortes-em-santa-catarina\/#respond\"]}]},{\"@type\":\"WebPage\",\"@id\":\"https:\/\/jornalfatosenoticias.com.br\/index.php\/2020\/07\/01\/ventos-e-chuvas-fortes-provocam-tres-mortes-em-santa-catarina\/\",\"url\":\"https:\/\/jornalfatosenoticias.com.br\/index.php\/2020\/07\/01\/ventos-e-chuvas-fortes-provocam-tres-mortes-em-santa-catarina\/\",\"name\":\"Ventos e chuvas fortes provocam tr\u00eas mortes em Santa Catarina - Jornal Fatos e Not\u00edcias\",\"isPartOf\":{\"@id\":\"https:\/\/jornalfatosenoticias.com.br\/#website\"},\"primaryImageOfPage\":{\"@id\":\"https:\/\/jornalfatosenoticias.com.br\/index.php\/2020\/07\/01\/ventos-e-chuvas-fortes-provocam-tres-mortes-em-santa-catarina\/#primaryimage\"},\"image\":{\"@id\":\"https:\/\/jornalfatosenoticias.com.br\/index.php\/2020\/07\/01\/ventos-e-chuvas-fortes-provocam-tres-mortes-em-santa-catarina\/#primaryimage\"},\"thumbnailUrl\":\"https:\/\/jornalfatosenoticias.com.br\/wp-content\/uploads\/2020\/07\/tempestade-santa_catarina_ciclone_extratropical.jpg\",\"datePublished\":\"2020-07-01T12:47:34+00:00\",\"dateModified\":\"2020-07-01T12:47:40+00:00\",\"breadcrumb\":{\"@id\":\"https:\/\/jornalfatosenoticias.com.br\/index.php\/2020\/07\/01\/ventos-e-chuvas-fortes-provocam-tres-mortes-em-santa-catarina\/#breadcrumb\"},\"inLanguage\":\"pt-BR\",\"potentialAction\":[{\"@type\":\"ReadAction\",\"target\":[\"https:\/\/jornalfatosenoticias.com.br\/index.php\/2020\/07\/01\/ventos-e-chuvas-fortes-provocam-tres-mortes-em-santa-catarina\/\"]}]},{\"@type\":\"ImageObject\",\"inLanguage\":\"pt-BR\",\"@id\":\"https:\/\/jornalfatosenoticias.com.br\/index.php\/2020\/07\/01\/ventos-e-chuvas-fortes-provocam-tres-mortes-em-santa-catarina\/#primaryimage\",\"url\":\"https:\/\/jornalfatosenoticias.com.br\/wp-content\/uploads\/2020\/07\/tempestade-santa_catarina_ciclone_extratropical.jpg\",\"contentUrl\":\"https:\/\/jornalfatosenoticias.com.br\/wp-content\/uploads\/2020\/07\/tempestade-santa_catarina_ciclone_extratropical.jpg\",\"width\":1000,\"height\":598,\"caption\":\"Galp\u00e3o destru\u00eddo no munic\u00edpio de palmitos. Foto: Divulga\u00e7\u00e3o DCSC\"},{\"@type\":\"BreadcrumbList\",\"@id\":\"https:\/\/jornalfatosenoticias.com.br\/index.php\/2020\/07\/01\/ventos-e-chuvas-fortes-provocam-tres-mortes-em-santa-catarina\/#breadcrumb\",\"itemListElement\":[{\"@type\":\"ListItem\",\"position\":1,\"name\":\"In\u00edcio\",\"item\":\"https:\/\/jornalfatosenoticias.com.br\/\"},{\"@type\":\"ListItem\",\"position\":2,\"name\":\"Ventos e chuvas fortes provocam tr\u00eas mortes em Santa Catarina\"}]},{\"@type\":\"WebSite\",\"@id\":\"https:\/\/jornalfatosenoticias.com.br\/#website\",\"url\":\"https:\/\/jornalfatosenoticias.com.br\/\",\"name\":\"Jornal Fatos e Not\u00edcias\",\"description\":\"Not\u00edcias em geral\",\"publisher\":{\"@id\":\"https:\/\/jornalfatosenoticias.com.br\/#organization\"},\"potentialAction\":[{\"@type\":\"SearchAction\",\"target\":{\"@type\":\"EntryPoint\",\"urlTemplate\":\"https:\/\/jornalfatosenoticias.com.br\/?s={search_term_string}\"},\"query-input\":{\"@type\":\"PropertyValueSpecification\",\"valueRequired\":true,\"valueName\":\"search_term_string\"}}],\"inLanguage\":\"pt-BR\"},{\"@type\":\"Organization\",\"@id\":\"https:\/\/jornalfatosenoticias.com.br\/#organization\",\"name\":\"Jornal Fatos e Not\u00edcias\",\"url\":\"https:\/\/jornalfatosenoticias.com.br\/\",\"logo\":{\"@type\":\"ImageObject\",\"inLanguage\":\"pt-BR\",\"@id\":\"https:\/\/jornalfatosenoticias.com.br\/#\/schema\/logo\/image\/\",\"url\":\"https:\/\/jornalfatosenoticias.com.br\/wp-content\/uploads\/2020\/02\/logo120.png\",\"contentUrl\":\"https:\/\/jornalfatosenoticias.com.br\/wp-content\/uploads\/2020\/02\/logo120.png\",\"width\":1227,\"height\":120,\"caption\":\"Jornal Fatos e Not\u00edcias\"},\"image\":{\"@id\":\"https:\/\/jornalfatosenoticias.com.br\/#\/schema\/logo\/image\/\"}},{\"@type\":\"Person\",\"@id\":\"https:\/\/jornalfatosenoticias.com.br\/#\/schema\/person\/d63837fa13ac8666eb9e74e0985d6f81\",\"name\":\"Luzimara Fernandes\",\"image\":{\"@type\":\"ImageObject\",\"inLanguage\":\"pt-BR\",\"@id\":\"https:\/\/jornalfatosenoticias.com.br\/#\/schema\/person\/image\/\",\"url\":\"https:\/\/jornalfatosenoticias.com.br\/wp-content\/uploads\/2025\/05\/EU_portal.jpg\",\"contentUrl\":\"https:\/\/jornalfatosenoticias.com.br\/wp-content\/uploads\/2025\/05\/EU_portal.jpg\",\"caption\":\"Luzimara Fernandes\"},\"description\":\"Jornalista MTB 2358-ES\",\"sameAs\":[\"https:\/\/jornalfatosenoticias.com.br\"],\"url\":\"https:\/\/jornalfatosenoticias.com.br\/index.php\/author\/luzimara\/\"}]}<\/script>\n<!-- \/ Yoast SEO plugin. -->","yoast_head_json":{"title":"Ventos e chuvas fortes provocam tr\u00eas mortes em Santa Catarina - Jornal Fatos e Not\u00edcias","robots":{"index":"index","follow":"follow","max-snippet":"max-snippet:-1","max-image-preview":"max-image-preview:large","max-video-preview":"max-video-preview:-1"},"canonical":"https:\/\/jornalfatosenoticias.com.br\/index.php\/2020\/07\/01\/ventos-e-chuvas-fortes-provocam-tres-mortes-em-santa-catarina\/","og_locale":"pt_BR","og_type":"article","og_title":"Ventos e chuvas fortes provocam tr\u00eas mortes em Santa Catarina - Jornal Fatos e Not\u00edcias","og_description":"Tempestades tamb\u00e9m atingiram o Paran\u00e1 Os ventos e chuvas fortes que atingiram Santa Catarina nesta ter\u00e7a-feira (30) deixaram tr\u00eas mortos, segundo levantamento do Corpo de Bombeiros Militar do estado, at\u00e9 as 18h. Uma idosa de 78 anos morreu em Chapec\u00f3 atingida por uma \u00e1rvore, e um homem, em Santo Amaro da Imperatriz, morreu ap\u00f3s ser [&hellip;]","og_url":"https:\/\/jornalfatosenoticias.com.br\/index.php\/2020\/07\/01\/ventos-e-chuvas-fortes-provocam-tres-mortes-em-santa-catarina\/","og_site_name":"Jornal Fatos e Not\u00edcias","article_published_time":"2020-07-01T12:47:34+00:00","article_modified_time":"2020-07-01T12:47:40+00:00","og_image":[{"width":1000,"height":598,"url":"https:\/\/jornalfatosenoticias.com.br\/wp-content\/uploads\/2020\/07\/tempestade-santa_catarina_ciclone_extratropical.jpg","type":"image\/jpeg"}],"author":"Luzimara Fernandes","twitter_card":"summary_large_image","twitter_misc":{"Escrito por":"Luzimara Fernandes","Est. tempo de leitura":"2 minutos"},"schema":{"@context":"https:\/\/schema.org","@graph":[{"@type":"Article","@id":"https:\/\/jornalfatosenoticias.com.br\/index.php\/2020\/07\/01\/ventos-e-chuvas-fortes-provocam-tres-mortes-em-santa-catarina\/#article","isPartOf":{"@id":"https:\/\/jornalfatosenoticias.com.br\/index.php\/2020\/07\/01\/ventos-e-chuvas-fortes-provocam-tres-mortes-em-santa-catarina\/"},"author":{"name":"Luzimara Fernandes","@id":"https:\/\/jornalfatosenoticias.com.br\/#\/schema\/person\/d63837fa13ac8666eb9e74e0985d6f81"},"headline":"Ventos e chuvas fortes provocam tr\u00eas mortes em Santa Catarina","datePublished":"2020-07-01T12:47:34+00:00","dateModified":"2020-07-01T12:47:40+00:00","mainEntityOfPage":{"@id":"https:\/\/jornalfatosenoticias.com.br\/index.php\/2020\/07\/01\/ventos-e-chuvas-fortes-provocam-tres-mortes-em-santa-catarina\/"},"wordCount":500,"commentCount":0,"publisher":{"@id":"https:\/\/jornalfatosenoticias.com.br\/#organization"},"image":{"@id":"https:\/\/jornalfatosenoticias.com.br\/index.php\/2020\/07\/01\/ventos-e-chuvas-fortes-provocam-tres-mortes-em-santa-catarina\/#primaryimage"},"thumbnailUrl":"https:\/\/jornalfatosenoticias.com.br\/wp-content\/uploads\/2020\/07\/tempestade-santa_catarina_ciclone_extratropical.jpg","keywords":["chuva forte","Curitiba","Defesa Civil","Paran\u00e1","Santa Catarina","tempestade"],"articleSection":["Geral"],"inLanguage":"pt-BR","potentialAction":[{"@type":"CommentAction","name":"Comment","target":["https:\/\/jornalfatosenoticias.com.br\/index.php\/2020\/07\/01\/ventos-e-chuvas-fortes-provocam-tres-mortes-em-santa-catarina\/#respond"]}]},{"@type":"WebPage","@id":"https:\/\/jornalfatosenoticias.com.br\/index.php\/2020\/07\/01\/ventos-e-chuvas-fortes-provocam-tres-mortes-em-santa-catarina\/","url":"https:\/\/jornalfatosenoticias.com.br\/index.php\/2020\/07\/01\/ventos-e-chuvas-fortes-provocam-tres-mortes-em-santa-catarina\/","name":"Ventos e chuvas fortes provocam tr\u00eas mortes em Santa Catarina - Jornal Fatos e Not\u00edcias","isPartOf":{"@id":"https:\/\/jornalfatosenoticias.com.br\/#website"},"primaryImageOfPage":{"@id":"https:\/\/jornalfatosenoticias.com.br\/index.php\/2020\/07\/01\/ventos-e-chuvas-fortes-provocam-tres-mortes-em-santa-catarina\/#primaryimage"},"image":{"@id":"https:\/\/jornalfatosenoticias.com.br\/index.php\/2020\/07\/01\/ventos-e-chuvas-fortes-provocam-tres-mortes-em-santa-catarina\/#primaryimage"},"thumbnailUrl":"https:\/\/jornalfatosenoticias.com.br\/wp-content\/uploads\/2020\/07\/tempestade-santa_catarina_ciclone_extratropical.jpg","datePublished":"2020-07-01T12:47:34+00:00","dateModified":"2020-07-01T12:47:40+00:00","breadcrumb":{"@id":"https:\/\/jornalfatosenoticias.com.br\/index.php\/2020\/07\/01\/ventos-e-chuvas-fortes-provocam-tres-mortes-em-santa-catarina\/#breadcrumb"},"inLanguage":"pt-BR","potentialAction":[{"@type":"ReadAction","target":["https:\/\/jornalfatosenoticias.com.br\/index.php\/2020\/07\/01\/ventos-e-chuvas-fortes-provocam-tres-mortes-em-santa-catarina\/"]}]},{"@type":"ImageObject","inLanguage":"pt-BR","@id":"https:\/\/jornalfatosenoticias.com.br\/index.php\/2020\/07\/01\/ventos-e-chuvas-fortes-provocam-tres-mortes-em-santa-catarina\/#primaryimage","url":"https:\/\/jornalfatosenoticias.com.br\/wp-content\/uploads\/2020\/07\/tempestade-santa_catarina_ciclone_extratropical.jpg","contentUrl":"https:\/\/jornalfatosenoticias.com.br\/wp-content\/uploads\/2020\/07\/tempestade-santa_catarina_ciclone_extratropical.jpg","width":1000,"height":598,"caption":"Galp\u00e3o destru\u00eddo no munic\u00edpio de palmitos. Foto: Divulga\u00e7\u00e3o DCSC"},{"@type":"BreadcrumbList","@id":"https:\/\/jornalfatosenoticias.com.br\/index.php\/2020\/07\/01\/ventos-e-chuvas-fortes-provocam-tres-mortes-em-santa-catarina\/#breadcrumb","itemListElement":[{"@type":"ListItem","position":1,"name":"In\u00edcio","item":"https:\/\/jornalfatosenoticias.com.br\/"},{"@type":"ListItem","position":2,"name":"Ventos e chuvas fortes provocam tr\u00eas mortes em Santa Catarina"}]},{"@type":"WebSite","@id":"https:\/\/jornalfatosenoticias.com.br\/#website","url":"https:\/\/jornalfatosenoticias.com.br\/","name":"Jornal Fatos e Not\u00edcias","description":"Not\u00edcias em geral","publisher":{"@id":"https:\/\/jornalfatosenoticias.com.br\/#organization"},"potentialAction":[{"@type":"SearchAction","target":{"@type":"EntryPoint","urlTemplate":"https:\/\/jornalfatosenoticias.com.br\/?s={search_term_string}"},"query-input":{"@type":"PropertyValueSpecification","valueRequired":true,"valueName":"search_term_string"}}],"inLanguage":"pt-BR"},{"@type":"Organization","@id":"https:\/\/jornalfatosenoticias.com.br\/#organization","name":"Jornal Fatos e Not\u00edcias","url":"https:\/\/jornalfatosenoticias.com.br\/","logo":{"@type":"ImageObject","inLanguage":"pt-BR","@id":"https:\/\/jornalfatosenoticias.com.br\/#\/schema\/logo\/image\/","url":"https:\/\/jornalfatosenoticias.com.br\/wp-content\/uploads\/2020\/02\/logo120.png","contentUrl":"https:\/\/jornalfatosenoticias.com.br\/wp-content\/uploads\/2020\/02\/logo120.png","width":1227,"height":120,"caption":"Jornal Fatos e Not\u00edcias"},"image":{"@id":"https:\/\/jornalfatosenoticias.com.br\/#\/schema\/logo\/image\/"}},{"@type":"Person","@id":"https:\/\/jornalfatosenoticias.com.br\/#\/schema\/person\/d63837fa13ac8666eb9e74e0985d6f81","name":"Luzimara Fernandes","image":{"@type":"ImageObject","inLanguage":"pt-BR","@id":"https:\/\/jornalfatosenoticias.com.br\/#\/schema\/person\/image\/","url":"https:\/\/jornalfatosenoticias.com.br\/wp-content\/uploads\/2025\/05\/EU_portal.jpg","contentUrl":"https:\/\/jornalfatosenoticias.com.br\/wp-content\/uploads\/2025\/05\/EU_portal.jpg","caption":"Luzimara Fernandes"},"description":"Jornalista MTB 2358-ES","sameAs":["https:\/\/jornalfatosenoticias.com.br"],"url":"https:\/\/jornalfatosenoticias.com.br\/index.php\/author\/luzimara\/"}]}},"cc_featured_image_caption":{"caption_text":"Ciclone extratropical, Santa Catarina","source_text":"","source_url":""},"jetpack_featured_media_url":"https:\/\/jornalfatosenoticias.com.br\/wp-content\/uploads\/2020\/07\/tempestade-santa_catarina_ciclone_extratropical.jpg","_links":{"self":[{"href":"https:\/\/jornalfatosenoticias.com.br\/index.php\/wp-json\/wp\/v2\/posts\/6033","targetHints":{"allow":["GET"]}}],"collection":[{"href":"https:\/\/jornalfatosenoticias.com.br\/index.php\/wp-json\/wp\/v2\/posts"}],"about":[{"href":"https:\/\/jornalfatosenoticias.com.br\/index.php\/wp-json\/wp\/v2\/types\/post"}],"author":[{"embeddable":true,"href":"https:\/\/jornalfatosenoticias.com.br\/index.php\/wp-json\/wp\/v2\/users\/2"}],"replies":[{"embeddable":true,"href":"https:\/\/jornalfatosenoticias.com.br\/index.php\/wp-json\/wp\/v2\/comments?post=6033"}],"version-history":[{"count":0,"href":"https:\/\/jornalfatosenoticias.com.br\/index.php\/wp-json\/wp\/v2\/posts\/6033\/revisions"}],"wp:featuredmedia":[{"embeddable":true,"href":"https:\/\/jornalfatosenoticias.com.br\/index.php\/wp-json\/wp\/v2\/media\/6034"}],"wp:attachment":[{"href":"https:\/\/jornalfatosenoticias.com.br\/index.php\/wp-json\/wp\/v2\/media?parent=6033"}],"wp:term":[{"taxonomy":"category","embeddable":true,"href":"https:\/\/jornalfatosenoticias.com.br\/index.php\/wp-json\/wp\/v2\/categories?post=6033"},{"taxonomy":"post_tag","embeddable":true,"href":"https:\/\/jornalfatosenoticias.com.br\/index.php\/wp-json\/wp\/v2\/tags?post=6033"}],"curies":[{"name":"wp","href":"https:\/\/api.w.org\/{rel}","templated":true}]}}