{"id":60335,"date":"2025-07-01T10:34:31","date_gmt":"2025-07-01T13:34:31","guid":{"rendered":"https:\/\/jornalfatosenoticias.com.br\/?p=60335"},"modified":"2025-07-01T10:34:32","modified_gmt":"2025-07-01T13:34:32","slug":"politicas-de-milei-impulsionam-atividade-economica-da-argentina","status":"publish","type":"post","link":"https:\/\/jornalfatosenoticias.com.br\/index.php\/2025\/07\/01\/politicas-de-milei-impulsionam-atividade-economica-da-argentina\/","title":{"rendered":"Pol\u00edticas de Milei impulsionam atividade econ\u00f4mica da Argentina"},"content":{"rendered":"\n<p><em><span class=\"has-inline-color has-black-color\">Sob a presid\u00eancia de Javier Milei, a Argentina tem melhorado seus \u00edndices econ\u00f4micos<\/span><\/em><\/p>\n\n\n\n<p><span class=\"has-inline-color has-black-color\">Por <strong>Ag\u00eancia EFE<\/strong><\/span><\/p>\n\n\n\n<div class=\"wp-block-image\"><figure class=\"aligncenter size-large\"><a href=\"https:\/\/mizu.com.br\/\"><img loading=\"lazy\" decoding=\"async\" width=\"729\" height=\"90\" src=\"https:\/\/jornalfatosenoticias.com.br\/wp-content\/uploads\/2020\/02\/Logo_Mizu.png\" alt=\"\" class=\"wp-image-1441\" srcset=\"https:\/\/jornalfatosenoticias.com.br\/wp-content\/uploads\/2020\/02\/Logo_Mizu.png 729w, https:\/\/jornalfatosenoticias.com.br\/wp-content\/uploads\/2020\/02\/Logo_Mizu-300x37.png 300w\" sizes=\"auto, (max-width: 729px) 100vw, 729px\" \/><\/a><\/figure><\/div>\n\n\n\n<p>A atividade econ\u00f4mica na Argentina registrou em abril alta de 1,9% em compara\u00e7\u00e3o com mar\u00e7o, ap\u00f3s ter ca\u00eddo 1,9% nesse m\u00eas, segundo dados divulgados pelo Instituto Nacional de Estat\u00edstica e Censos (Indec) que servem como term\u00f4metro da varia\u00e7\u00e3o trimestral do Produto Interno Bruto (PIB). Os dados mostram, al\u00e9m disso, uma recupera\u00e7\u00e3o de 7,7% em compara\u00e7\u00e3o com abril de 2024, o que marca a s\u00e9tima alta interanual consecutiva.<br>A melhora da atividade econ\u00f4mica em rela\u00e7\u00e3o a mar\u00e7o est\u00e1 dentro de uma mudan\u00e7a de expectativas ap\u00f3s a forte incerteza que prevaleceu na economia argentina durante o terceiro m\u00eas do ano diante da possibilidade de uma mudan\u00e7a na pol\u00edtica cambial. Essa mudan\u00e7a cambial se concretizou em abril, ap\u00f3s a assinatura de um novo acordo de facilidades ampliadas entre o pa\u00eds e o Fundo Monet\u00e1rio Internacional (FMI).<\/p>\n\n\n\n<div class=\"wp-block-image\"><figure class=\"aligncenter size-large is-resized\"><a href=\"https:\/\/www.facebook.com\/profile.php?id=100069289606145\"><img loading=\"lazy\" decoding=\"async\" src=\"https:\/\/jornalfatosenoticias.com.br\/wp-content\/uploads\/2024\/11\/Guaitolini-Contabilidade-1024x714.jpeg\" alt=\"\" class=\"wp-image-55808\" width=\"325\" height=\"226\" srcset=\"https:\/\/jornalfatosenoticias.com.br\/wp-content\/uploads\/2024\/11\/Guaitolini-Contabilidade-1024x714.jpeg 1024w, https:\/\/jornalfatosenoticias.com.br\/wp-content\/uploads\/2024\/11\/Guaitolini-Contabilidade-300x209.jpeg 300w, https:\/\/jornalfatosenoticias.com.br\/wp-content\/uploads\/2024\/11\/Guaitolini-Contabilidade-768x535.jpeg 768w, https:\/\/jornalfatosenoticias.com.br\/wp-content\/uploads\/2024\/11\/Guaitolini-Contabilidade.jpeg 1280w\" sizes=\"auto, (max-width: 325px) 100vw, 325px\" \/><\/a><\/figure><\/div>\n\n\n\n<p>Al\u00e9m disso, no quarto m\u00eas do ano, os diversos setores econ\u00f4micos atuaram em um cen\u00e1rio de desacelera\u00e7\u00e3o da infla\u00e7\u00e3o, que em abril subiu 2,8%, abaixo da varia\u00e7\u00e3o mensal de 3,7% registrada em mar\u00e7o. De acordo com o relat\u00f3rio divulgado nesta segunda-feira (30), 12 dos 16 setores que contribuem para a medi\u00e7\u00e3o conseguiram em abril uma recupera\u00e7\u00e3o em termos interanuais, entre eles, a atividade financeira (28,4%), a constru\u00e7\u00e3o (17,1%), o com\u00e9rcio (15,6%) e a ind\u00fastria (7,6%). As maiores quedas interanuais em abril ocorreram na pesca (-20,2%) e nos servi\u00e7os de energia el\u00e9trica, g\u00e1s e \u00e1gua (-3,4%).<\/p>\n\n\n\n<div class=\"wp-block-image\"><figure class=\"aligncenter size-large is-resized\"><a href=\"https:\/\/www.instagram.com\/restaurantepegoretti\/\"><img loading=\"lazy\" decoding=\"async\" src=\"https:\/\/jornalfatosenoticias.com.br\/wp-content\/uploads\/2023\/12\/pegoretti-logo-pdf-1024x389.jpg\" alt=\"\" class=\"wp-image-47536\" width=\"514\" height=\"195\" srcset=\"https:\/\/jornalfatosenoticias.com.br\/wp-content\/uploads\/2023\/12\/pegoretti-logo-pdf-1024x389.jpg 1024w, https:\/\/jornalfatosenoticias.com.br\/wp-content\/uploads\/2023\/12\/pegoretti-logo-pdf-300x114.jpg 300w, https:\/\/jornalfatosenoticias.com.br\/wp-content\/uploads\/2023\/12\/pegoretti-logo-pdf-768x291.jpg 768w, https:\/\/jornalfatosenoticias.com.br\/wp-content\/uploads\/2023\/12\/pegoretti-logo-pdf.jpg 1120w\" sizes=\"auto, (max-width: 514px) 100vw, 514px\" \/><\/a><\/figure><\/div>\n\n\n\n<p>O relat\u00f3rio desta segunda-feira n\u00e3o inclui dados sobre o desempenho mensal de cada setor, mas, de acordo com dados do Indec divulgados h\u00e1 alguns dias, a atividade industrial registrou em abril uma recupera\u00e7\u00e3o de 2,2% em compara\u00e7\u00e3o com mar\u00e7o, enquanto a constru\u00e7\u00e3o cresceu 5,1%. De acordo com um relat\u00f3rio do BBVA Research, a recupera\u00e7\u00e3o da atividade econ\u00f4mica da Argentina \u201ccontinua sendo heterog\u00eanea\u201d.<\/p>\n\n\n\n<div class=\"wp-block-image\"><figure class=\"aligncenter size-large\"><a href=\"http:\/\/www.ferrarimaquinas.com.br\/\"><img loading=\"lazy\" decoding=\"async\" width=\"300\" height=\"250\" src=\"https:\/\/jornalfatosenoticias.com.br\/wp-content\/uploads\/2022\/02\/FERRARI_MAQUINAS-E-FERRAMENTAS2.jpg\" alt=\"\" class=\"wp-image-27860\"\/><\/a><\/figure><\/div>\n\n\n\n<blockquote class=\"wp-block-quote is-layout-flow wp-block-quote-is-layout-flow\"><p><span class=\"has-inline-color has-luminous-vivid-orange-color\">Destacam-se os avan\u00e7os em hidrocarbonetos e minera\u00e7\u00e3o, impulsionados por (o campo de) Vaca Muerta, no sul, e pelos projetos de l\u00edtio e cobre, no norte e oeste do pa\u00eds. A intermedia\u00e7\u00e3o financeira tamb\u00e9m se recupera, em linha com a expans\u00e3o do cr\u00e9dito ao setor privado, e as atividades agr\u00edcolas apresentam bom desempenho devido a uma campanha melhor e a incentivos fiscais\u201d, destacou o relat\u00f3rio.<\/span><\/p><\/blockquote>\n\n\n\n<div class=\"wp-block-image\"><figure class=\"aligncenter size-large is-resized\"><a href=\"https:\/\/www.legisjuris.com.br\/\"><img loading=\"lazy\" decoding=\"async\" src=\"https:\/\/jornalfatosenoticias.com.br\/wp-content\/uploads\/2024\/09\/Legis-Juris-Consultoria_logo.jpg\" alt=\"\" class=\"wp-image-53915\" width=\"511\" height=\"214\" srcset=\"https:\/\/jornalfatosenoticias.com.br\/wp-content\/uploads\/2024\/09\/Legis-Juris-Consultoria_logo.jpg 969w, https:\/\/jornalfatosenoticias.com.br\/wp-content\/uploads\/2024\/09\/Legis-Juris-Consultoria_logo-300x126.jpg 300w, https:\/\/jornalfatosenoticias.com.br\/wp-content\/uploads\/2024\/09\/Legis-Juris-Consultoria_logo-768x322.jpg 768w\" sizes=\"auto, (max-width: 511px) 100vw, 511px\" \/><\/a><\/figure><\/div>\n\n\n\n<p>A empresa de pesquisa e an\u00e1lise econ\u00f4mica disse que a ind\u00fastria est\u00e1 se expandindo de forma mista, j\u00e1 que a produ\u00e7\u00e3o de ve\u00edculos, produtos qu\u00edmicos e alimentos cresce, mas persistem dificuldades nos setores t\u00eaxtil, cal\u00e7adista e de eletrodom\u00e9sticos. De acordo com dados do Indec, a atividade econ\u00f4mica acumulou alta de 6,3% no primeiro quadrimestre do ano.<\/p>\n\n\n\n<div class=\"wp-block-image\"><figure class=\"aligncenter size-large is-resized\"><a href=\"https:\/\/www.instagram.com\/serra4x4cambioautomatico\/\"><img loading=\"lazy\" decoding=\"async\" src=\"https:\/\/jornalfatosenoticias.com.br\/wp-content\/uploads\/2024\/08\/Serra-4x4-1-886x1024.jpg\" alt=\"\" class=\"wp-image-53632\" width=\"301\" height=\"347\" srcset=\"https:\/\/jornalfatosenoticias.com.br\/wp-content\/uploads\/2024\/08\/Serra-4x4-1-886x1024.jpg 886w, https:\/\/jornalfatosenoticias.com.br\/wp-content\/uploads\/2024\/08\/Serra-4x4-1-260x300.jpg 260w, https:\/\/jornalfatosenoticias.com.br\/wp-content\/uploads\/2024\/08\/Serra-4x4-1-768x888.jpg 768w, https:\/\/jornalfatosenoticias.com.br\/wp-content\/uploads\/2024\/08\/Serra-4x4-1.jpg 1181w\" sizes=\"auto, (max-width: 301px) 100vw, 301px\" \/><\/a><\/figure><\/div>\n\n\n\n<p>Em 2024, no contexto do severo ajuste implementado pelo governo de Javier Milei, o PIB da Argentina recuou 1,7%, seu pior desempenho desde 2020, quando a atividade econ\u00f4mica havia despencado 9,9% em meio \u00e0 pandemia de covid-19. De acordo com economistas privados consultados mensalmente pelo Banco Central da Argentina para seu relat\u00f3rio de expectativas, em 2025 a economia do pa\u00eds crescer\u00e1 5,2%.<\/p>\n\n\n\n<div class=\"wp-block-image\"><figure class=\"aligncenter size-large is-resized\"><a href=\"https:\/\/www.facebook.com\/vetor.vix\/\"><img loading=\"lazy\" decoding=\"async\" src=\"https:\/\/jornalfatosenoticias.com.br\/wp-content\/uploads\/2023\/09\/vetorvix1024_1.jpg\" alt=\"\" class=\"wp-image-44868\" width=\"535\" height=\"142\" srcset=\"https:\/\/jornalfatosenoticias.com.br\/wp-content\/uploads\/2023\/09\/vetorvix1024_1.jpg 1024w, https:\/\/jornalfatosenoticias.com.br\/wp-content\/uploads\/2023\/09\/vetorvix1024_1-300x80.jpg 300w, https:\/\/jornalfatosenoticias.com.br\/wp-content\/uploads\/2023\/09\/vetorvix1024_1-768x205.jpg 768w\" sizes=\"auto, (max-width: 535px) 100vw, 535px\" \/><\/a><\/figure><\/div>\n\n\n\n<p><strong>Fonte: <a href=\"https:\/\/www.gazetadopovo.com.br\/mundo\/politicas-de-milei-impulsionam-atividade-economica-da-argentina\/\">Gazeta do Povo<\/a><\/strong><\/p>\n","protected":false},"excerpt":{"rendered":"<p>Sob a presid\u00eancia de Javier Milei, a Argentina tem melhorado seus \u00edndices econ\u00f4micos Por Ag\u00eancia EFE A atividade econ\u00f4mica na Argentina registrou em abril alta de 1,9% em compara\u00e7\u00e3o com mar\u00e7o, ap\u00f3s ter ca\u00eddo 1,9% nesse m\u00eas, segundo dados divulgados pelo Instituto Nacional de Estat\u00edstica e Censos (Indec) que servem como term\u00f4metro da varia\u00e7\u00e3o trimestral [&hellip;]<\/p>\n","protected":false},"author":2,"featured_media":56578,"comment_status":"open","ping_status":"open","sticky":false,"template":"","format":"standard","meta":{"footnotes":""},"categories":[9,41],"tags":[5995,27529,23610,240,18616,18218],"class_list":["post-60335","post","type-post","status-publish","format-standard","has-post-thumbnail","hentry","category-economia","category-internacional","tag-argentina","tag-atividade-economica-argentina","tag-banco-central-da-argentina","tag-economia","tag-javier-milei","tag-pib-da-argentina"],"yoast_head":"<!-- This site is optimized with the Yoast SEO plugin v26.5 - https:\/\/yoast.com\/wordpress\/plugins\/seo\/ -->\n<title>Pol\u00edticas de Milei impulsionam atividade econ\u00f4mica da Argentina - Jornal Fatos e Not\u00edcias<\/title>\n<meta name=\"robots\" content=\"index, follow, max-snippet:-1, max-image-preview:large, max-video-preview:-1\" \/>\n<link rel=\"canonical\" href=\"https:\/\/jornalfatosenoticias.com.br\/index.php\/2025\/07\/01\/politicas-de-milei-impulsionam-atividade-economica-da-argentina\/\" \/>\n<meta property=\"og:locale\" content=\"pt_BR\" \/>\n<meta property=\"og:type\" content=\"article\" \/>\n<meta property=\"og:title\" content=\"Pol\u00edticas de Milei impulsionam atividade econ\u00f4mica da Argentina - Jornal Fatos e Not\u00edcias\" \/>\n<meta property=\"og:description\" content=\"Sob a presid\u00eancia de Javier Milei, a Argentina tem melhorado seus \u00edndices econ\u00f4micos Por Ag\u00eancia EFE A atividade econ\u00f4mica na Argentina registrou em abril alta de 1,9% em compara\u00e7\u00e3o com mar\u00e7o, ap\u00f3s ter ca\u00eddo 1,9% nesse m\u00eas, segundo dados divulgados pelo Instituto Nacional de Estat\u00edstica e Censos (Indec) que servem como term\u00f4metro da varia\u00e7\u00e3o trimestral [&hellip;]\" \/>\n<meta property=\"og:url\" content=\"https:\/\/jornalfatosenoticias.com.br\/index.php\/2025\/07\/01\/politicas-de-milei-impulsionam-atividade-economica-da-argentina\/\" \/>\n<meta property=\"og:site_name\" content=\"Jornal Fatos e Not\u00edcias\" \/>\n<meta property=\"article:published_time\" content=\"2025-07-01T13:34:31+00:00\" \/>\n<meta property=\"article:modified_time\" content=\"2025-07-01T13:34:32+00:00\" \/>\n<meta property=\"og:image\" content=\"https:\/\/jornalfatosenoticias.com.br\/wp-content\/uploads\/2024\/12\/Milei_gettyimages-2.jpg\" \/>\n\t<meta property=\"og:image:width\" content=\"612\" \/>\n\t<meta property=\"og:image:height\" content=\"408\" \/>\n\t<meta property=\"og:image:type\" content=\"image\/jpeg\" \/>\n<meta name=\"author\" content=\"Luzimara Fernandes\" \/>\n<meta name=\"twitter:card\" content=\"summary_large_image\" \/>\n<meta name=\"twitter:label1\" content=\"Escrito por\" \/>\n\t<meta name=\"twitter:data1\" content=\"Luzimara Fernandes\" \/>\n\t<meta name=\"twitter:label2\" content=\"Est. tempo de leitura\" \/>\n\t<meta name=\"twitter:data2\" content=\"3 minutos\" \/>\n<script type=\"application\/ld+json\" class=\"yoast-schema-graph\">{\"@context\":\"https:\/\/schema.org\",\"@graph\":[{\"@type\":\"Article\",\"@id\":\"https:\/\/jornalfatosenoticias.com.br\/index.php\/2025\/07\/01\/politicas-de-milei-impulsionam-atividade-economica-da-argentina\/#article\",\"isPartOf\":{\"@id\":\"https:\/\/jornalfatosenoticias.com.br\/index.php\/2025\/07\/01\/politicas-de-milei-impulsionam-atividade-economica-da-argentina\/\"},\"author\":{\"name\":\"Luzimara Fernandes\",\"@id\":\"https:\/\/jornalfatosenoticias.com.br\/#\/schema\/person\/d63837fa13ac8666eb9e74e0985d6f81\"},\"headline\":\"Pol\u00edticas de Milei impulsionam atividade econ\u00f4mica da Argentina\",\"datePublished\":\"2025-07-01T13:34:31+00:00\",\"dateModified\":\"2025-07-01T13:34:32+00:00\",\"mainEntityOfPage\":{\"@id\":\"https:\/\/jornalfatosenoticias.com.br\/index.php\/2025\/07\/01\/politicas-de-milei-impulsionam-atividade-economica-da-argentina\/\"},\"wordCount\":557,\"commentCount\":0,\"publisher\":{\"@id\":\"https:\/\/jornalfatosenoticias.com.br\/#organization\"},\"image\":{\"@id\":\"https:\/\/jornalfatosenoticias.com.br\/index.php\/2025\/07\/01\/politicas-de-milei-impulsionam-atividade-economica-da-argentina\/#primaryimage\"},\"thumbnailUrl\":\"https:\/\/jornalfatosenoticias.com.br\/wp-content\/uploads\/2024\/12\/Milei_gettyimages-2.jpg\",\"keywords\":[\"Argentina\",\"atividade econ\u00f4mica argentina\",\"Banco Central da Argentina\",\"economia\",\"Javier Milei\",\"PIB da Argentina\"],\"articleSection\":[\"Economia\",\"Internacional\"],\"inLanguage\":\"pt-BR\",\"potentialAction\":[{\"@type\":\"CommentAction\",\"name\":\"Comment\",\"target\":[\"https:\/\/jornalfatosenoticias.com.br\/index.php\/2025\/07\/01\/politicas-de-milei-impulsionam-atividade-economica-da-argentina\/#respond\"]}]},{\"@type\":\"WebPage\",\"@id\":\"https:\/\/jornalfatosenoticias.com.br\/index.php\/2025\/07\/01\/politicas-de-milei-impulsionam-atividade-economica-da-argentina\/\",\"url\":\"https:\/\/jornalfatosenoticias.com.br\/index.php\/2025\/07\/01\/politicas-de-milei-impulsionam-atividade-economica-da-argentina\/\",\"name\":\"Pol\u00edticas de Milei impulsionam atividade econ\u00f4mica da Argentina - Jornal Fatos e Not\u00edcias\",\"isPartOf\":{\"@id\":\"https:\/\/jornalfatosenoticias.com.br\/#website\"},\"primaryImageOfPage\":{\"@id\":\"https:\/\/jornalfatosenoticias.com.br\/index.php\/2025\/07\/01\/politicas-de-milei-impulsionam-atividade-economica-da-argentina\/#primaryimage\"},\"image\":{\"@id\":\"https:\/\/jornalfatosenoticias.com.br\/index.php\/2025\/07\/01\/politicas-de-milei-impulsionam-atividade-economica-da-argentina\/#primaryimage\"},\"thumbnailUrl\":\"https:\/\/jornalfatosenoticias.com.br\/wp-content\/uploads\/2024\/12\/Milei_gettyimages-2.jpg\",\"datePublished\":\"2025-07-01T13:34:31+00:00\",\"dateModified\":\"2025-07-01T13:34:32+00:00\",\"breadcrumb\":{\"@id\":\"https:\/\/jornalfatosenoticias.com.br\/index.php\/2025\/07\/01\/politicas-de-milei-impulsionam-atividade-economica-da-argentina\/#breadcrumb\"},\"inLanguage\":\"pt-BR\",\"potentialAction\":[{\"@type\":\"ReadAction\",\"target\":[\"https:\/\/jornalfatosenoticias.com.br\/index.php\/2025\/07\/01\/politicas-de-milei-impulsionam-atividade-economica-da-argentina\/\"]}]},{\"@type\":\"ImageObject\",\"inLanguage\":\"pt-BR\",\"@id\":\"https:\/\/jornalfatosenoticias.com.br\/index.php\/2025\/07\/01\/politicas-de-milei-impulsionam-atividade-economica-da-argentina\/#primaryimage\",\"url\":\"https:\/\/jornalfatosenoticias.com.br\/wp-content\/uploads\/2024\/12\/Milei_gettyimages-2.jpg\",\"contentUrl\":\"https:\/\/jornalfatosenoticias.com.br\/wp-content\/uploads\/2024\/12\/Milei_gettyimages-2.jpg\",\"width\":612,\"height\":408,\"caption\":\"ROME, ITALY - DECEMBER 14: President of Argentina Javier Milei attends the annual political convention Atreju organized by Brothers of Italy (Fratelli d'Italia) party at Circo Massimo, on December 14, 2024 in Rome, Italy. (Photo by Antonio Masiello\/Getty Images)\"},{\"@type\":\"BreadcrumbList\",\"@id\":\"https:\/\/jornalfatosenoticias.com.br\/index.php\/2025\/07\/01\/politicas-de-milei-impulsionam-atividade-economica-da-argentina\/#breadcrumb\",\"itemListElement\":[{\"@type\":\"ListItem\",\"position\":1,\"name\":\"In\u00edcio\",\"item\":\"https:\/\/jornalfatosenoticias.com.br\/\"},{\"@type\":\"ListItem\",\"position\":2,\"name\":\"Pol\u00edticas de Milei impulsionam atividade econ\u00f4mica da Argentina\"}]},{\"@type\":\"WebSite\",\"@id\":\"https:\/\/jornalfatosenoticias.com.br\/#website\",\"url\":\"https:\/\/jornalfatosenoticias.com.br\/\",\"name\":\"Jornal Fatos e Not\u00edcias\",\"description\":\"Not\u00edcias em geral\",\"publisher\":{\"@id\":\"https:\/\/jornalfatosenoticias.com.br\/#organization\"},\"potentialAction\":[{\"@type\":\"SearchAction\",\"target\":{\"@type\":\"EntryPoint\",\"urlTemplate\":\"https:\/\/jornalfatosenoticias.com.br\/?s={search_term_string}\"},\"query-input\":{\"@type\":\"PropertyValueSpecification\",\"valueRequired\":true,\"valueName\":\"search_term_string\"}}],\"inLanguage\":\"pt-BR\"},{\"@type\":\"Organization\",\"@id\":\"https:\/\/jornalfatosenoticias.com.br\/#organization\",\"name\":\"Jornal Fatos e Not\u00edcias\",\"url\":\"https:\/\/jornalfatosenoticias.com.br\/\",\"logo\":{\"@type\":\"ImageObject\",\"inLanguage\":\"pt-BR\",\"@id\":\"https:\/\/jornalfatosenoticias.com.br\/#\/schema\/logo\/image\/\",\"url\":\"https:\/\/jornalfatosenoticias.com.br\/wp-content\/uploads\/2020\/02\/logo120.png\",\"contentUrl\":\"https:\/\/jornalfatosenoticias.com.br\/wp-content\/uploads\/2020\/02\/logo120.png\",\"width\":1227,\"height\":120,\"caption\":\"Jornal Fatos e Not\u00edcias\"},\"image\":{\"@id\":\"https:\/\/jornalfatosenoticias.com.br\/#\/schema\/logo\/image\/\"}},{\"@type\":\"Person\",\"@id\":\"https:\/\/jornalfatosenoticias.com.br\/#\/schema\/person\/d63837fa13ac8666eb9e74e0985d6f81\",\"name\":\"Luzimara Fernandes\",\"image\":{\"@type\":\"ImageObject\",\"inLanguage\":\"pt-BR\",\"@id\":\"https:\/\/jornalfatosenoticias.com.br\/#\/schema\/person\/image\/\",\"url\":\"https:\/\/jornalfatosenoticias.com.br\/wp-content\/uploads\/2025\/05\/EU_portal.jpg\",\"contentUrl\":\"https:\/\/jornalfatosenoticias.com.br\/wp-content\/uploads\/2025\/05\/EU_portal.jpg\",\"caption\":\"Luzimara Fernandes\"},\"description\":\"Jornalista MTB 2358-ES\",\"sameAs\":[\"https:\/\/jornalfatosenoticias.com.br\"],\"url\":\"https:\/\/jornalfatosenoticias.com.br\/index.php\/author\/luzimara\/\"}]}<\/script>\n<!-- \/ Yoast SEO plugin. -->","yoast_head_json":{"title":"Pol\u00edticas de Milei impulsionam atividade econ\u00f4mica da Argentina - Jornal Fatos e Not\u00edcias","robots":{"index":"index","follow":"follow","max-snippet":"max-snippet:-1","max-image-preview":"max-image-preview:large","max-video-preview":"max-video-preview:-1"},"canonical":"https:\/\/jornalfatosenoticias.com.br\/index.php\/2025\/07\/01\/politicas-de-milei-impulsionam-atividade-economica-da-argentina\/","og_locale":"pt_BR","og_type":"article","og_title":"Pol\u00edticas de Milei impulsionam atividade econ\u00f4mica da Argentina - Jornal Fatos e Not\u00edcias","og_description":"Sob a presid\u00eancia de Javier Milei, a Argentina tem melhorado seus \u00edndices econ\u00f4micos Por Ag\u00eancia EFE A atividade econ\u00f4mica na Argentina registrou em abril alta de 1,9% em compara\u00e7\u00e3o com mar\u00e7o, ap\u00f3s ter ca\u00eddo 1,9% nesse m\u00eas, segundo dados divulgados pelo Instituto Nacional de Estat\u00edstica e Censos (Indec) que servem como term\u00f4metro da varia\u00e7\u00e3o trimestral [&hellip;]","og_url":"https:\/\/jornalfatosenoticias.com.br\/index.php\/2025\/07\/01\/politicas-de-milei-impulsionam-atividade-economica-da-argentina\/","og_site_name":"Jornal Fatos e Not\u00edcias","article_published_time":"2025-07-01T13:34:31+00:00","article_modified_time":"2025-07-01T13:34:32+00:00","og_image":[{"width":612,"height":408,"url":"https:\/\/jornalfatosenoticias.com.br\/wp-content\/uploads\/2024\/12\/Milei_gettyimages-2.jpg","type":"image\/jpeg"}],"author":"Luzimara Fernandes","twitter_card":"summary_large_image","twitter_misc":{"Escrito por":"Luzimara Fernandes","Est. tempo de leitura":"3 minutos"},"schema":{"@context":"https:\/\/schema.org","@graph":[{"@type":"Article","@id":"https:\/\/jornalfatosenoticias.com.br\/index.php\/2025\/07\/01\/politicas-de-milei-impulsionam-atividade-economica-da-argentina\/#article","isPartOf":{"@id":"https:\/\/jornalfatosenoticias.com.br\/index.php\/2025\/07\/01\/politicas-de-milei-impulsionam-atividade-economica-da-argentina\/"},"author":{"name":"Luzimara Fernandes","@id":"https:\/\/jornalfatosenoticias.com.br\/#\/schema\/person\/d63837fa13ac8666eb9e74e0985d6f81"},"headline":"Pol\u00edticas de Milei impulsionam atividade econ\u00f4mica da Argentina","datePublished":"2025-07-01T13:34:31+00:00","dateModified":"2025-07-01T13:34:32+00:00","mainEntityOfPage":{"@id":"https:\/\/jornalfatosenoticias.com.br\/index.php\/2025\/07\/01\/politicas-de-milei-impulsionam-atividade-economica-da-argentina\/"},"wordCount":557,"commentCount":0,"publisher":{"@id":"https:\/\/jornalfatosenoticias.com.br\/#organization"},"image":{"@id":"https:\/\/jornalfatosenoticias.com.br\/index.php\/2025\/07\/01\/politicas-de-milei-impulsionam-atividade-economica-da-argentina\/#primaryimage"},"thumbnailUrl":"https:\/\/jornalfatosenoticias.com.br\/wp-content\/uploads\/2024\/12\/Milei_gettyimages-2.jpg","keywords":["Argentina","atividade econ\u00f4mica argentina","Banco Central da Argentina","economia","Javier Milei","PIB da Argentina"],"articleSection":["Economia","Internacional"],"inLanguage":"pt-BR","potentialAction":[{"@type":"CommentAction","name":"Comment","target":["https:\/\/jornalfatosenoticias.com.br\/index.php\/2025\/07\/01\/politicas-de-milei-impulsionam-atividade-economica-da-argentina\/#respond"]}]},{"@type":"WebPage","@id":"https:\/\/jornalfatosenoticias.com.br\/index.php\/2025\/07\/01\/politicas-de-milei-impulsionam-atividade-economica-da-argentina\/","url":"https:\/\/jornalfatosenoticias.com.br\/index.php\/2025\/07\/01\/politicas-de-milei-impulsionam-atividade-economica-da-argentina\/","name":"Pol\u00edticas de Milei impulsionam atividade econ\u00f4mica da Argentina - Jornal Fatos e Not\u00edcias","isPartOf":{"@id":"https:\/\/jornalfatosenoticias.com.br\/#website"},"primaryImageOfPage":{"@id":"https:\/\/jornalfatosenoticias.com.br\/index.php\/2025\/07\/01\/politicas-de-milei-impulsionam-atividade-economica-da-argentina\/#primaryimage"},"image":{"@id":"https:\/\/jornalfatosenoticias.com.br\/index.php\/2025\/07\/01\/politicas-de-milei-impulsionam-atividade-economica-da-argentina\/#primaryimage"},"thumbnailUrl":"https:\/\/jornalfatosenoticias.com.br\/wp-content\/uploads\/2024\/12\/Milei_gettyimages-2.jpg","datePublished":"2025-07-01T13:34:31+00:00","dateModified":"2025-07-01T13:34:32+00:00","breadcrumb":{"@id":"https:\/\/jornalfatosenoticias.com.br\/index.php\/2025\/07\/01\/politicas-de-milei-impulsionam-atividade-economica-da-argentina\/#breadcrumb"},"inLanguage":"pt-BR","potentialAction":[{"@type":"ReadAction","target":["https:\/\/jornalfatosenoticias.com.br\/index.php\/2025\/07\/01\/politicas-de-milei-impulsionam-atividade-economica-da-argentina\/"]}]},{"@type":"ImageObject","inLanguage":"pt-BR","@id":"https:\/\/jornalfatosenoticias.com.br\/index.php\/2025\/07\/01\/politicas-de-milei-impulsionam-atividade-economica-da-argentina\/#primaryimage","url":"https:\/\/jornalfatosenoticias.com.br\/wp-content\/uploads\/2024\/12\/Milei_gettyimages-2.jpg","contentUrl":"https:\/\/jornalfatosenoticias.com.br\/wp-content\/uploads\/2024\/12\/Milei_gettyimages-2.jpg","width":612,"height":408,"caption":"ROME, ITALY - DECEMBER 14: President of Argentina Javier Milei attends the annual political convention Atreju organized by Brothers of Italy (Fratelli d'Italia) party at Circo Massimo, on December 14, 2024 in Rome, Italy. (Photo by Antonio Masiello\/Getty Images)"},{"@type":"BreadcrumbList","@id":"https:\/\/jornalfatosenoticias.com.br\/index.php\/2025\/07\/01\/politicas-de-milei-impulsionam-atividade-economica-da-argentina\/#breadcrumb","itemListElement":[{"@type":"ListItem","position":1,"name":"In\u00edcio","item":"https:\/\/jornalfatosenoticias.com.br\/"},{"@type":"ListItem","position":2,"name":"Pol\u00edticas de Milei impulsionam atividade econ\u00f4mica da Argentina"}]},{"@type":"WebSite","@id":"https:\/\/jornalfatosenoticias.com.br\/#website","url":"https:\/\/jornalfatosenoticias.com.br\/","name":"Jornal Fatos e Not\u00edcias","description":"Not\u00edcias em geral","publisher":{"@id":"https:\/\/jornalfatosenoticias.com.br\/#organization"},"potentialAction":[{"@type":"SearchAction","target":{"@type":"EntryPoint","urlTemplate":"https:\/\/jornalfatosenoticias.com.br\/?s={search_term_string}"},"query-input":{"@type":"PropertyValueSpecification","valueRequired":true,"valueName":"search_term_string"}}],"inLanguage":"pt-BR"},{"@type":"Organization","@id":"https:\/\/jornalfatosenoticias.com.br\/#organization","name":"Jornal Fatos e Not\u00edcias","url":"https:\/\/jornalfatosenoticias.com.br\/","logo":{"@type":"ImageObject","inLanguage":"pt-BR","@id":"https:\/\/jornalfatosenoticias.com.br\/#\/schema\/logo\/image\/","url":"https:\/\/jornalfatosenoticias.com.br\/wp-content\/uploads\/2020\/02\/logo120.png","contentUrl":"https:\/\/jornalfatosenoticias.com.br\/wp-content\/uploads\/2020\/02\/logo120.png","width":1227,"height":120,"caption":"Jornal Fatos e Not\u00edcias"},"image":{"@id":"https:\/\/jornalfatosenoticias.com.br\/#\/schema\/logo\/image\/"}},{"@type":"Person","@id":"https:\/\/jornalfatosenoticias.com.br\/#\/schema\/person\/d63837fa13ac8666eb9e74e0985d6f81","name":"Luzimara Fernandes","image":{"@type":"ImageObject","inLanguage":"pt-BR","@id":"https:\/\/jornalfatosenoticias.com.br\/#\/schema\/person\/image\/","url":"https:\/\/jornalfatosenoticias.com.br\/wp-content\/uploads\/2025\/05\/EU_portal.jpg","contentUrl":"https:\/\/jornalfatosenoticias.com.br\/wp-content\/uploads\/2025\/05\/EU_portal.jpg","caption":"Luzimara Fernandes"},"description":"Jornalista MTB 2358-ES","sameAs":["https:\/\/jornalfatosenoticias.com.br"],"url":"https:\/\/jornalfatosenoticias.com.br\/index.php\/author\/luzimara\/"}]}},"cc_featured_image_caption":{"caption_text":"(Foto: Getty Images)","source_text":"","source_url":""},"jetpack_featured_media_url":"https:\/\/jornalfatosenoticias.com.br\/wp-content\/uploads\/2024\/12\/Milei_gettyimages-2.jpg","_links":{"self":[{"href":"https:\/\/jornalfatosenoticias.com.br\/index.php\/wp-json\/wp\/v2\/posts\/60335","targetHints":{"allow":["GET"]}}],"collection":[{"href":"https:\/\/jornalfatosenoticias.com.br\/index.php\/wp-json\/wp\/v2\/posts"}],"about":[{"href":"https:\/\/jornalfatosenoticias.com.br\/index.php\/wp-json\/wp\/v2\/types\/post"}],"author":[{"embeddable":true,"href":"https:\/\/jornalfatosenoticias.com.br\/index.php\/wp-json\/wp\/v2\/users\/2"}],"replies":[{"embeddable":true,"href":"https:\/\/jornalfatosenoticias.com.br\/index.php\/wp-json\/wp\/v2\/comments?post=60335"}],"version-history":[{"count":0,"href":"https:\/\/jornalfatosenoticias.com.br\/index.php\/wp-json\/wp\/v2\/posts\/60335\/revisions"}],"wp:featuredmedia":[{"embeddable":true,"href":"https:\/\/jornalfatosenoticias.com.br\/index.php\/wp-json\/wp\/v2\/media\/56578"}],"wp:attachment":[{"href":"https:\/\/jornalfatosenoticias.com.br\/index.php\/wp-json\/wp\/v2\/media?parent=60335"}],"wp:term":[{"taxonomy":"category","embeddable":true,"href":"https:\/\/jornalfatosenoticias.com.br\/index.php\/wp-json\/wp\/v2\/categories?post=60335"},{"taxonomy":"post_tag","embeddable":true,"href":"https:\/\/jornalfatosenoticias.com.br\/index.php\/wp-json\/wp\/v2\/tags?post=60335"}],"curies":[{"name":"wp","href":"https:\/\/api.w.org\/{rel}","templated":true}]}}