{"id":60337,"date":"2025-07-01T10:51:59","date_gmt":"2025-07-01T13:51:59","guid":{"rendered":"https:\/\/jornalfatosenoticias.com.br\/?p=60337"},"modified":"2025-07-01T10:52:01","modified_gmt":"2025-07-01T13:52:01","slug":"tecnica-inedita-de-arquitetura-de-plantas-deixa-o-cafe-mais-gostoso-ate-na-seca","status":"publish","type":"post","link":"https:\/\/jornalfatosenoticias.com.br\/index.php\/2025\/07\/01\/tecnica-inedita-de-arquitetura-de-plantas-deixa-o-cafe-mais-gostoso-ate-na-seca\/","title":{"rendered":"T\u00e9cnica in\u00e9dita de \u201carquitetura de plantas\u201d deixa o caf\u00e9 mais gostoso at\u00e9 na seca"},"content":{"rendered":"\n<p><em><span class=\"has-inline-color has-black-color\">T\u00e9cnica in\u00e9dita de modelagem funcional-estrutural permitiu identificar melhor t\u00e9cnica de manejo de irriga\u00e7\u00e3o e horm\u00f4nios vegetais para aumento de qualidade e produtividade de caf\u00e9<\/span><\/em><\/p>\n\n\n\n<p><span class=\"has-inline-color has-black-color\">Por <strong><a href=\"https:\/\/www.gazetadopovo.com.br\/autor\/celio-yano\/\">C\u00e9lio Yano<\/a><\/strong><\/span><\/p>\n\n\n\n<div class=\"wp-block-image\"><figure class=\"aligncenter size-large\"><a href=\"https:\/\/www.instagram.com\/rcradiadores\/\"><img loading=\"lazy\" decoding=\"async\" width=\"560\" height=\"60\" src=\"https:\/\/jornalfatosenoticias.com.br\/wp-content\/uploads\/2022\/10\/Propaganda-RC-Radiadores-Jornal_page-0001.jpg\" alt=\"\" class=\"wp-image-35270\" srcset=\"https:\/\/jornalfatosenoticias.com.br\/wp-content\/uploads\/2022\/10\/Propaganda-RC-Radiadores-Jornal_page-0001.jpg 560w, https:\/\/jornalfatosenoticias.com.br\/wp-content\/uploads\/2022\/10\/Propaganda-RC-Radiadores-Jornal_page-0001-300x32.jpg 300w\" sizes=\"auto, (max-width: 560px) 100vw, 560px\" \/><\/a><\/figure><\/div>\n\n\n\n<p>Utilizando uma t\u00e9cnica de modelagem 3D da arquitetura de plantas, pesquisadores da Embrapa descobriram como a aplica\u00e7\u00e3o de reguladores de crescimento vegetal (PGR, na sigla em ingl\u00eas) e um manejo estrat\u00e9gico de irriga\u00e7\u00e3o podem aprimorar a qualidade e a produtividade de gr\u00e3os de caf\u00e9 ar\u00e1bica, mesmo em situa\u00e7\u00f5es de seca.<br>A falta de homogeneidade na matura\u00e7\u00e3o dos frutos \u00e9 um dos desafios da cafeicultura, por impactar diretamente na composi\u00e7\u00e3o qu\u00edmica dos gr\u00e3os e, consequentemente, na qualidade final da bebida. Bagas n\u00e3o maduras podem conferir um sabor \u201cadstringente, herb\u00e1ceo ou de feno\u201d, prejudicando a classifica\u00e7\u00e3o do caf\u00e9.<\/p>\n\n\n\n<div class=\"wp-block-image\"><figure class=\"aligncenter size-large is-resized\"><a href=\"https:\/\/www.facebook.com\/postobkr\/?locale=pt_BR\"><img loading=\"lazy\" decoding=\"async\" src=\"https:\/\/jornalfatosenoticias.com.br\/wp-content\/uploads\/2023\/08\/BKR-1024x1021.jpg\" alt=\"\" class=\"wp-image-44494\" width=\"301\" height=\"300\" srcset=\"https:\/\/jornalfatosenoticias.com.br\/wp-content\/uploads\/2023\/08\/BKR-1024x1021.jpg 1024w, https:\/\/jornalfatosenoticias.com.br\/wp-content\/uploads\/2023\/08\/BKR-300x300.jpg 300w, https:\/\/jornalfatosenoticias.com.br\/wp-content\/uploads\/2023\/08\/BKR-150x150.jpg 150w, https:\/\/jornalfatosenoticias.com.br\/wp-content\/uploads\/2023\/08\/BKR-768x766.jpg 768w, https:\/\/jornalfatosenoticias.com.br\/wp-content\/uploads\/2023\/08\/BKR.jpg 1080w\" sizes=\"auto, (max-width: 301px) 100vw, 301px\" \/><\/a><\/figure><\/div>\n\n\n\n<p>O estudo, que utilizou de forma in\u00e9dita an\u00e1lises arquitet\u00f4nicas da distribui\u00e7\u00e3o das bagas e modelagem funcional-estrutural de plantas (FSPM), deve ajudar a contornar o problema. A pesquisa foi liderada por Miroslava Rako\u010devi\u0107 e contou com a participa\u00e7\u00e3o de Eunice Reis Batista, Fabio Takeshi Matsunaga, da UniSenai, de Londrina (PR), e de Maria Br\u00edgida dos Santos Scholz, do Instituto Agron\u00f4mico do Paran\u00e1 (Iapar).<\/p>\n\n\n\n<div class=\"wp-block-image\"><figure class=\"aligncenter size-large is-resized\"><a href=\"https:\/\/www.instagram.com\/gruposei\/\"><img loading=\"lazy\" decoding=\"async\" src=\"https:\/\/jornalfatosenoticias.com.br\/wp-content\/uploads\/2022\/07\/Logo-Grupo-SEI.jpg\" alt=\"\" class=\"wp-image-31973\" width=\"385\" height=\"202\" srcset=\"https:\/\/jornalfatosenoticias.com.br\/wp-content\/uploads\/2022\/07\/Logo-Grupo-SEI.jpg 713w, https:\/\/jornalfatosenoticias.com.br\/wp-content\/uploads\/2022\/07\/Logo-Grupo-SEI-300x158.jpg 300w\" sizes=\"auto, (max-width: 385px) 100vw, 385px\" \/><\/a><\/figure><\/div>\n\n\n\n<p>A pesquisa utilizou ferramentas avan\u00e7adas de modelagem funcional-estrutural de plantas para simular como as plantas respondem aos diferentes manejos. As simula\u00e7\u00f5es mostraram, em alta resolu\u00e7\u00e3o, como a arquitetura da planta, a distribui\u00e7\u00e3o dos ramos e a posi\u00e7\u00e3o dos frutos afetam tanto a capta\u00e7\u00e3o de luz quanto o desenvolvimento dos gr\u00e3os.<\/p>\n\n\n\n<div class=\"wp-block-image\"><figure class=\"aligncenter size-large is-resized\"><a href=\"https:\/\/www.instagram.com\/esteio.churrascaria\/\"><img loading=\"lazy\" decoding=\"async\" src=\"https:\/\/jornalfatosenoticias.com.br\/wp-content\/uploads\/2022\/02\/LOGO-ESTEIO-1024x730.png\" alt=\"\" class=\"wp-image-27942\" width=\"314\" height=\"223\" srcset=\"https:\/\/jornalfatosenoticias.com.br\/wp-content\/uploads\/2022\/02\/LOGO-ESTEIO-1024x730.png 1024w, https:\/\/jornalfatosenoticias.com.br\/wp-content\/uploads\/2022\/02\/LOGO-ESTEIO-300x214.png 300w, https:\/\/jornalfatosenoticias.com.br\/wp-content\/uploads\/2022\/02\/LOGO-ESTEIO-768x548.png 768w, https:\/\/jornalfatosenoticias.com.br\/wp-content\/uploads\/2022\/02\/LOGO-ESTEIO.png 1123w\" sizes=\"auto, (max-width: 314px) 100vw, 314px\" \/><\/a><\/figure><\/div>\n\n\n\n<blockquote class=\"wp-block-quote is-layout-flow wp-block-quote-is-layout-flow\"><p><span class=\"has-inline-color has-luminous-vivid-orange-color\">O que a modelagem ajuda a mostrar \u00e9 que h\u00e1 uma diferen\u00e7a grande, se a gente observa a ecofisiologia, ou seja, a transpira\u00e7\u00e3o, a fotoss\u00edntese e assim por diante \u2014 na escala de folhas, e na escala da planta\u201d, diz Miroslava. Ela explica que cada folha que se encontra no caminho dos raios solares, absorve e transmite a luz para as demais partes. \u201cPorque a integra\u00e7\u00e3o n\u00e3o \u00e9 uma simples multiplica\u00e7\u00e3o\u201d.<\/span><\/p><\/blockquote>\n\n\n\n<div class=\"wp-block-image\"><figure class=\"aligncenter size-large is-resized\"><a href=\"https:\/\/www.controlsystems.com.br\/\"><img loading=\"lazy\" decoding=\"async\" src=\"https:\/\/jornalfatosenoticias.com.br\/wp-content\/uploads\/2020\/02\/CONTROL-CS.jpg\" alt=\"\" class=\"wp-image-44991\" width=\"299\" height=\"358\" srcset=\"https:\/\/jornalfatosenoticias.com.br\/wp-content\/uploads\/2020\/02\/CONTROL-CS.jpg 834w, https:\/\/jornalfatosenoticias.com.br\/wp-content\/uploads\/2020\/02\/CONTROL-CS-250x300.jpg 250w, https:\/\/jornalfatosenoticias.com.br\/wp-content\/uploads\/2020\/02\/CONTROL-CS-768x921.jpg 768w\" sizes=\"auto, (max-width: 299px) 100vw, 299px\" \/><\/a><\/figure><\/div>\n\n\n\n<p><strong><span class=\"has-inline-color has-black-color\">Reguladores de crescimento para um caf\u00e9 de qualidade<br><\/span><\/strong>Os pesquisadores utilizaram o caf\u00e9 ar\u00e1bica da variedade Catua\u00ed Vermelho IAC 144 e focaram em dois PGRs principais: o \u00e1cido giber\u00e9lico (GA3) e o Ethephon. Ambos se mostraram fundamentais para atingir a matura\u00e7\u00e3o homog\u00eanea das bagas. O GA3 foi particularmente eficaz, demonstrando maior efeito positivo na matura\u00e7\u00e3o dos frutos. Plantas tratadas com o horm\u00f4nio vegetal apresentaram uma maior propor\u00e7\u00e3o de bagas vermelhas (maduras) em rela\u00e7\u00e3o \u00e0 biomassa total. Al\u00e9m disso, notou-se um menor teor total de \u00e1cido clorog\u00eanico (CGA) nos gr\u00e3os de caf\u00e9, o que \u00e9 um indicativo de qualidade superior.<\/p>\n\n\n\n<div class=\"wp-block-image\"><figure class=\"aligncenter size-large is-resized\"><a href=\"https:\/\/panper.com.br\/\"><img loading=\"lazy\" decoding=\"async\" src=\"https:\/\/jornalfatosenoticias.com.br\/wp-content\/uploads\/2023\/03\/logo-Panper_portal.jpg\" alt=\"\" class=\"wp-image-40208\" width=\"347\" height=\"240\" srcset=\"https:\/\/jornalfatosenoticias.com.br\/wp-content\/uploads\/2023\/03\/logo-Panper_portal.jpg 400w, https:\/\/jornalfatosenoticias.com.br\/wp-content\/uploads\/2023\/03\/logo-Panper_portal-300x208.jpg 300w\" sizes=\"auto, (max-width: 347px) 100vw, 347px\" \/><\/a><\/figure><\/div>\n\n\n\n<p>O Ethephon \u00e9 conhecido por promover o amadurecimento e a abscis\u00e3o de frutos, isto \u00e9, a queda natural quando est\u00e3o maduros. A pesquisa mostrou que, embora possa induzir a queda de folhas, o PGR n\u00e3o comprometeu a fotoss\u00edntese da planta e aumentou os polifen\u00f3is totais do gr\u00e3o de caf\u00e9, levando a uma maior produ\u00e7\u00e3o de bagas em certas partes da planta. A combina\u00e7\u00e3o de GA3 e Ethephon se mostrou crucial para a produ\u00e7\u00e3o sustent\u00e1vel de bagas, contribuindo para a homogeneidade e qualidade do gr\u00e3o.<\/p>\n\n\n\n<div class=\"wp-block-image\"><figure class=\"aligncenter size-large is-resized\"><a href=\"https:\/\/www.instagram.com\/restaurantepegoretti\/\"><img loading=\"lazy\" decoding=\"async\" src=\"https:\/\/jornalfatosenoticias.com.br\/wp-content\/uploads\/2023\/12\/pegoretti-logo-pdf-1024x389.jpg\" alt=\"\" class=\"wp-image-47536\" width=\"477\" height=\"181\" srcset=\"https:\/\/jornalfatosenoticias.com.br\/wp-content\/uploads\/2023\/12\/pegoretti-logo-pdf-1024x389.jpg 1024w, https:\/\/jornalfatosenoticias.com.br\/wp-content\/uploads\/2023\/12\/pegoretti-logo-pdf-300x114.jpg 300w, https:\/\/jornalfatosenoticias.com.br\/wp-content\/uploads\/2023\/12\/pegoretti-logo-pdf-768x291.jpg 768w, https:\/\/jornalfatosenoticias.com.br\/wp-content\/uploads\/2023\/12\/pegoretti-logo-pdf.jpg 1120w\" sizes=\"auto, (max-width: 477px) 100vw, 477px\" \/><\/a><\/figure><\/div>\n\n\n\n<p><strong><span class=\"has-inline-color has-black-color\">Irriga\u00e7\u00e3o estrat\u00e9gica: aliada da produtividade do caf\u00e9<br><\/span><\/strong>Para regi\u00f5es do Brasil que enfrentam longos per\u00edodos de seca, a pesquisa revelou ainda que um per\u00edodo curto e sustent\u00e1vel de irriga\u00e7\u00e3o, realizado seis semanas antes da colheita, \u00e9 significativamente ben\u00e9fico para as plantas de caf\u00e9. As plantas que receberam essa irriga\u00e7\u00e3o apresentaram uma produtividade maior de bagas vermelhas e totais em compara\u00e7\u00e3o com as n\u00e3o irrigadas. A irriga\u00e7\u00e3o foi essencial para preservar a \u00e1rea foliar e a fotoss\u00edntese da planta inteira, fatores cruciais para a sa\u00fade e produtividade da lavoura.<\/p>\n\n\n\n<div class=\"wp-block-image\"><figure class=\"aligncenter size-large is-resized\"><a href=\"https:\/\/www.instagram.com\/serra4x4cambioautomatico\/\"><img loading=\"lazy\" decoding=\"async\" src=\"https:\/\/jornalfatosenoticias.com.br\/wp-content\/uploads\/2024\/08\/Serra-4x4-1-886x1024.jpg\" alt=\"\" class=\"wp-image-53632\" width=\"300\" height=\"346\" srcset=\"https:\/\/jornalfatosenoticias.com.br\/wp-content\/uploads\/2024\/08\/Serra-4x4-1-886x1024.jpg 886w, https:\/\/jornalfatosenoticias.com.br\/wp-content\/uploads\/2024\/08\/Serra-4x4-1-260x300.jpg 260w, https:\/\/jornalfatosenoticias.com.br\/wp-content\/uploads\/2024\/08\/Serra-4x4-1-768x888.jpg 768w, https:\/\/jornalfatosenoticias.com.br\/wp-content\/uploads\/2024\/08\/Serra-4x4-1.jpg 1181w\" sizes=\"auto, (max-width: 300px) 100vw, 300px\" \/><\/a><\/figure><\/div>\n\n\n\n<p>Embora a irriga\u00e7\u00e3o possa, em alguns casos, atrasar ligeiramente a matura\u00e7\u00e3o, esse atraso \u00e9 compensado por melhorias significativas na composi\u00e7\u00e3o qu\u00edmica dos gr\u00e3os, com aumento nos teores de lip\u00eddios e cafestol (kahweol), componentes essenciais para o aroma e o sabor do caf\u00e9. Outro achado relevante foi a confirma\u00e7\u00e3o do papel estrat\u00e9gico dos ramos de terceira ordem na produ\u00e7\u00e3o de caf\u00e9. O manejo tradicional, em geral, foca nos ramos de segunda ordem.<\/p>\n\n\n\n<div class=\"wp-block-image\"><figure class=\"aligncenter size-large is-resized\"><a href=\"https:\/\/hotelmarquetti.com.br\/\"><img loading=\"lazy\" decoding=\"async\" src=\"https:\/\/jornalfatosenoticias.com.br\/wp-content\/uploads\/2020\/02\/LOGO-MQ-1024x680.jpg\" alt=\"\" class=\"wp-image-58299\" width=\"383\" height=\"254\" srcset=\"https:\/\/jornalfatosenoticias.com.br\/wp-content\/uploads\/2020\/02\/LOGO-MQ-1024x680.jpg 1024w, https:\/\/jornalfatosenoticias.com.br\/wp-content\/uploads\/2020\/02\/LOGO-MQ-300x199.jpg 300w, https:\/\/jornalfatosenoticias.com.br\/wp-content\/uploads\/2020\/02\/LOGO-MQ-768x510.jpg 768w, https:\/\/jornalfatosenoticias.com.br\/wp-content\/uploads\/2020\/02\/LOGO-MQ-1536x1020.jpg 1536w, https:\/\/jornalfatosenoticias.com.br\/wp-content\/uploads\/2020\/02\/LOGO-MQ-2048x1360.jpg 2048w\" sizes=\"auto, (max-width: 383px) 100vw, 383px\" \/><\/a><\/figure><\/div>\n\n\n\n<p>A modelagem 3D mostrou que os ramos de terceira ordem s\u00e3o respons\u00e1veis por at\u00e9 37% das bagas vermelhas e 25% das verdes, principalmente nas plantas irrigadas. Isso significa que pr\u00e1ticas como podas e manejo da copa precisam considerar a import\u00e2ncia desses ramos para garantir uma safra de caf\u00e9 com mais produtividade e equil\u00edbrio.<\/p>\n\n\n\n<div class=\"wp-block-image\"><figure class=\"aligncenter size-large\"><a href=\"http:\/\/www.ferrarimaquinas.com.br\/\"><img loading=\"lazy\" decoding=\"async\" width=\"300\" height=\"250\" src=\"https:\/\/jornalfatosenoticias.com.br\/wp-content\/uploads\/2022\/02\/FERRARI_MAQUINAS-E-FERRAMENTAS2.jpg\" alt=\"\" class=\"wp-image-27860\"\/><\/a><\/figure><\/div>\n\n\n\n<p><strong><span class=\"has-inline-color has-black-color\">Sustentabilidade e adapta\u00e7\u00e3o do caf\u00e9 \u00e0s mudan\u00e7as clim\u00e1ticas<br><\/span><\/strong>O estudo confirma que \u00e9 poss\u00edvel produzir caf\u00e9 de alta qualidade mesmo sob estresse h\u00eddrico, desde que haja manejo eficiente da \u00e1gua e uso criterioso de reguladores de crescimento. Essa estrat\u00e9gia \u00e9 particularmente valiosa para produtores que enfrentam floradas desuniformes \u2014 uma realidade comum nas regi\u00f5es produtoras \u2014 e que buscam melhorar tanto o rendimento quanto a qualidade sensorial do caf\u00e9.<\/p>\n\n\n\n<div class=\"wp-block-image\"><figure class=\"aligncenter size-large is-resized\"><a href=\"https:\/\/www.facebook.com\/vetor.vix\/\"><img loading=\"lazy\" decoding=\"async\" src=\"https:\/\/jornalfatosenoticias.com.br\/wp-content\/uploads\/2023\/09\/vetorvix1024_1.jpg\" alt=\"\" class=\"wp-image-44868\" width=\"535\" height=\"142\" srcset=\"https:\/\/jornalfatosenoticias.com.br\/wp-content\/uploads\/2023\/09\/vetorvix1024_1.jpg 1024w, https:\/\/jornalfatosenoticias.com.br\/wp-content\/uploads\/2023\/09\/vetorvix1024_1-300x80.jpg 300w, https:\/\/jornalfatosenoticias.com.br\/wp-content\/uploads\/2023\/09\/vetorvix1024_1-768x205.jpg 768w\" sizes=\"auto, (max-width: 535px) 100vw, 535px\" \/><\/a><\/figure><\/div>\n\n\n\n<p>Al\u00e9m dos benef\u00edcios econ\u00f4micos, as pr\u00e1ticas recomendadas no estudo tamb\u00e9m s\u00e3o mais sustent\u00e1veis, pois evitam o uso excessivo de \u00e1gua e produtos qu\u00edmicos, ao mesmo tempo em que mant\u00eam a planta saud\u00e1vel e produtiva. A pesquisa abre novos caminhos ainda para uma cafeicultura mais resistente \u00e0s mudan\u00e7as clim\u00e1ticas.<\/p>\n\n\n\n<p><strong>Fonte: <a href=\"https:\/\/www.gazetadopovo.com.br\/agronegocio\/modelagem-3d-cafe-qualidade-produtividade\/\">Gazeta do Povo<\/a><\/strong><\/p>\n","protected":false},"excerpt":{"rendered":"<p>T\u00e9cnica in\u00e9dita de modelagem funcional-estrutural permitiu identificar melhor t\u00e9cnica de manejo de irriga\u00e7\u00e3o e horm\u00f4nios vegetais para aumento de qualidade e produtividade de caf\u00e9 Por C\u00e9lio Yano Utilizando uma t\u00e9cnica de modelagem 3D da arquitetura de plantas, pesquisadores da Embrapa descobriram como a aplica\u00e7\u00e3o de reguladores de crescimento vegetal (PGR, na sigla em ingl\u00eas) e [&hellip;]<\/p>\n","protected":false},"author":2,"featured_media":60338,"comment_status":"open","ping_status":"open","sticky":false,"template":"","format":"standard","meta":{"footnotes":""},"categories":[5],"tags":[279,2319,71,10380,27532,27530,734,27531],"class_list":["post-60337","post","type-post","status-publish","format-standard","has-post-thumbnail","hentry","category-geral","tag-agropecuaria","tag-cafe","tag-embrapa","tag-grao","tag-pesquisa-da-embrapa","tag-produtividade-de-cafe","tag-sustentabilidade","tag-tecnica-de-manejo"],"yoast_head":"<!-- This site is optimized with the Yoast SEO plugin v26.5 - https:\/\/yoast.com\/wordpress\/plugins\/seo\/ -->\n<title>T\u00e9cnica in\u00e9dita de \u201carquitetura de plantas\u201d deixa o caf\u00e9 mais gostoso at\u00e9 na seca - Jornal Fatos e Not\u00edcias<\/title>\n<meta name=\"robots\" content=\"index, follow, max-snippet:-1, max-image-preview:large, max-video-preview:-1\" \/>\n<link rel=\"canonical\" href=\"https:\/\/jornalfatosenoticias.com.br\/index.php\/2025\/07\/01\/tecnica-inedita-de-arquitetura-de-plantas-deixa-o-cafe-mais-gostoso-ate-na-seca\/\" \/>\n<meta property=\"og:locale\" content=\"pt_BR\" \/>\n<meta property=\"og:type\" content=\"article\" \/>\n<meta property=\"og:title\" content=\"T\u00e9cnica in\u00e9dita de \u201carquitetura de plantas\u201d deixa o caf\u00e9 mais gostoso at\u00e9 na seca - Jornal Fatos e Not\u00edcias\" \/>\n<meta property=\"og:description\" content=\"T\u00e9cnica in\u00e9dita de modelagem funcional-estrutural permitiu identificar melhor t\u00e9cnica de manejo de irriga\u00e7\u00e3o e horm\u00f4nios vegetais para aumento de qualidade e produtividade de caf\u00e9 Por C\u00e9lio Yano Utilizando uma t\u00e9cnica de modelagem 3D da arquitetura de plantas, pesquisadores da Embrapa descobriram como a aplica\u00e7\u00e3o de reguladores de crescimento vegetal (PGR, na sigla em ingl\u00eas) e [&hellip;]\" \/>\n<meta property=\"og:url\" content=\"https:\/\/jornalfatosenoticias.com.br\/index.php\/2025\/07\/01\/tecnica-inedita-de-arquitetura-de-plantas-deixa-o-cafe-mais-gostoso-ate-na-seca\/\" \/>\n<meta property=\"og:site_name\" content=\"Jornal Fatos e Not\u00edcias\" \/>\n<meta property=\"article:published_time\" content=\"2025-07-01T13:51:59+00:00\" \/>\n<meta property=\"article:modified_time\" content=\"2025-07-01T13:52:01+00:00\" \/>\n<meta property=\"og:image\" content=\"https:\/\/jornalfatosenoticias.com.br\/wp-content\/uploads\/2025\/07\/pesquisa-Embrapa-graos-de-cafe_freepik.jpg\" \/>\n\t<meta property=\"og:image:width\" content=\"1000\" \/>\n\t<meta property=\"og:image:height\" content=\"666\" \/>\n\t<meta property=\"og:image:type\" content=\"image\/jpeg\" \/>\n<meta name=\"author\" content=\"Luzimara Fernandes\" \/>\n<meta name=\"twitter:card\" content=\"summary_large_image\" \/>\n<meta name=\"twitter:label1\" content=\"Escrito por\" \/>\n\t<meta name=\"twitter:data1\" content=\"Luzimara Fernandes\" \/>\n\t<meta name=\"twitter:label2\" content=\"Est. tempo de leitura\" \/>\n\t<meta name=\"twitter:data2\" content=\"5 minutos\" \/>\n<script type=\"application\/ld+json\" class=\"yoast-schema-graph\">{\"@context\":\"https:\/\/schema.org\",\"@graph\":[{\"@type\":\"Article\",\"@id\":\"https:\/\/jornalfatosenoticias.com.br\/index.php\/2025\/07\/01\/tecnica-inedita-de-arquitetura-de-plantas-deixa-o-cafe-mais-gostoso-ate-na-seca\/#article\",\"isPartOf\":{\"@id\":\"https:\/\/jornalfatosenoticias.com.br\/index.php\/2025\/07\/01\/tecnica-inedita-de-arquitetura-de-plantas-deixa-o-cafe-mais-gostoso-ate-na-seca\/\"},\"author\":{\"name\":\"Luzimara Fernandes\",\"@id\":\"https:\/\/jornalfatosenoticias.com.br\/#\/schema\/person\/d63837fa13ac8666eb9e74e0985d6f81\"},\"headline\":\"T\u00e9cnica in\u00e9dita de \u201carquitetura de plantas\u201d deixa o caf\u00e9 mais gostoso at\u00e9 na seca\",\"datePublished\":\"2025-07-01T13:51:59+00:00\",\"dateModified\":\"2025-07-01T13:52:01+00:00\",\"mainEntityOfPage\":{\"@id\":\"https:\/\/jornalfatosenoticias.com.br\/index.php\/2025\/07\/01\/tecnica-inedita-de-arquitetura-de-plantas-deixa-o-cafe-mais-gostoso-ate-na-seca\/\"},\"wordCount\":932,\"commentCount\":0,\"publisher\":{\"@id\":\"https:\/\/jornalfatosenoticias.com.br\/#organization\"},\"image\":{\"@id\":\"https:\/\/jornalfatosenoticias.com.br\/index.php\/2025\/07\/01\/tecnica-inedita-de-arquitetura-de-plantas-deixa-o-cafe-mais-gostoso-ate-na-seca\/#primaryimage\"},\"thumbnailUrl\":\"https:\/\/jornalfatosenoticias.com.br\/wp-content\/uploads\/2025\/07\/pesquisa-Embrapa-graos-de-cafe_freepik.jpg\",\"keywords\":[\"agropecu\u00e1ria\",\"caf\u00e9\",\"embrapa\",\"gr\u00e3o\",\"pesquisa da Embrapa\",\"produtividade de caf\u00e9\",\"sustentabilidade\",\"t\u00e9cnica de manejo\"],\"articleSection\":[\"Geral\"],\"inLanguage\":\"pt-BR\",\"potentialAction\":[{\"@type\":\"CommentAction\",\"name\":\"Comment\",\"target\":[\"https:\/\/jornalfatosenoticias.com.br\/index.php\/2025\/07\/01\/tecnica-inedita-de-arquitetura-de-plantas-deixa-o-cafe-mais-gostoso-ate-na-seca\/#respond\"]}]},{\"@type\":\"WebPage\",\"@id\":\"https:\/\/jornalfatosenoticias.com.br\/index.php\/2025\/07\/01\/tecnica-inedita-de-arquitetura-de-plantas-deixa-o-cafe-mais-gostoso-ate-na-seca\/\",\"url\":\"https:\/\/jornalfatosenoticias.com.br\/index.php\/2025\/07\/01\/tecnica-inedita-de-arquitetura-de-plantas-deixa-o-cafe-mais-gostoso-ate-na-seca\/\",\"name\":\"T\u00e9cnica in\u00e9dita de \u201carquitetura de plantas\u201d deixa o caf\u00e9 mais gostoso at\u00e9 na seca - Jornal Fatos e Not\u00edcias\",\"isPartOf\":{\"@id\":\"https:\/\/jornalfatosenoticias.com.br\/#website\"},\"primaryImageOfPage\":{\"@id\":\"https:\/\/jornalfatosenoticias.com.br\/index.php\/2025\/07\/01\/tecnica-inedita-de-arquitetura-de-plantas-deixa-o-cafe-mais-gostoso-ate-na-seca\/#primaryimage\"},\"image\":{\"@id\":\"https:\/\/jornalfatosenoticias.com.br\/index.php\/2025\/07\/01\/tecnica-inedita-de-arquitetura-de-plantas-deixa-o-cafe-mais-gostoso-ate-na-seca\/#primaryimage\"},\"thumbnailUrl\":\"https:\/\/jornalfatosenoticias.com.br\/wp-content\/uploads\/2025\/07\/pesquisa-Embrapa-graos-de-cafe_freepik.jpg\",\"datePublished\":\"2025-07-01T13:51:59+00:00\",\"dateModified\":\"2025-07-01T13:52:01+00:00\",\"breadcrumb\":{\"@id\":\"https:\/\/jornalfatosenoticias.com.br\/index.php\/2025\/07\/01\/tecnica-inedita-de-arquitetura-de-plantas-deixa-o-cafe-mais-gostoso-ate-na-seca\/#breadcrumb\"},\"inLanguage\":\"pt-BR\",\"potentialAction\":[{\"@type\":\"ReadAction\",\"target\":[\"https:\/\/jornalfatosenoticias.com.br\/index.php\/2025\/07\/01\/tecnica-inedita-de-arquitetura-de-plantas-deixa-o-cafe-mais-gostoso-ate-na-seca\/\"]}]},{\"@type\":\"ImageObject\",\"inLanguage\":\"pt-BR\",\"@id\":\"https:\/\/jornalfatosenoticias.com.br\/index.php\/2025\/07\/01\/tecnica-inedita-de-arquitetura-de-plantas-deixa-o-cafe-mais-gostoso-ate-na-seca\/#primaryimage\",\"url\":\"https:\/\/jornalfatosenoticias.com.br\/wp-content\/uploads\/2025\/07\/pesquisa-Embrapa-graos-de-cafe_freepik.jpg\",\"contentUrl\":\"https:\/\/jornalfatosenoticias.com.br\/wp-content\/uploads\/2025\/07\/pesquisa-Embrapa-graos-de-cafe_freepik.jpg\",\"width\":1000,\"height\":666,\"caption\":\"Hands that are picking coffee beans from the coffee tree\"},{\"@type\":\"BreadcrumbList\",\"@id\":\"https:\/\/jornalfatosenoticias.com.br\/index.php\/2025\/07\/01\/tecnica-inedita-de-arquitetura-de-plantas-deixa-o-cafe-mais-gostoso-ate-na-seca\/#breadcrumb\",\"itemListElement\":[{\"@type\":\"ListItem\",\"position\":1,\"name\":\"In\u00edcio\",\"item\":\"https:\/\/jornalfatosenoticias.com.br\/\"},{\"@type\":\"ListItem\",\"position\":2,\"name\":\"T\u00e9cnica in\u00e9dita de \u201carquitetura de plantas\u201d deixa o caf\u00e9 mais gostoso at\u00e9 na seca\"}]},{\"@type\":\"WebSite\",\"@id\":\"https:\/\/jornalfatosenoticias.com.br\/#website\",\"url\":\"https:\/\/jornalfatosenoticias.com.br\/\",\"name\":\"Jornal Fatos e Not\u00edcias\",\"description\":\"Not\u00edcias em geral\",\"publisher\":{\"@id\":\"https:\/\/jornalfatosenoticias.com.br\/#organization\"},\"potentialAction\":[{\"@type\":\"SearchAction\",\"target\":{\"@type\":\"EntryPoint\",\"urlTemplate\":\"https:\/\/jornalfatosenoticias.com.br\/?s={search_term_string}\"},\"query-input\":{\"@type\":\"PropertyValueSpecification\",\"valueRequired\":true,\"valueName\":\"search_term_string\"}}],\"inLanguage\":\"pt-BR\"},{\"@type\":\"Organization\",\"@id\":\"https:\/\/jornalfatosenoticias.com.br\/#organization\",\"name\":\"Jornal Fatos e Not\u00edcias\",\"url\":\"https:\/\/jornalfatosenoticias.com.br\/\",\"logo\":{\"@type\":\"ImageObject\",\"inLanguage\":\"pt-BR\",\"@id\":\"https:\/\/jornalfatosenoticias.com.br\/#\/schema\/logo\/image\/\",\"url\":\"https:\/\/jornalfatosenoticias.com.br\/wp-content\/uploads\/2020\/02\/logo120.png\",\"contentUrl\":\"https:\/\/jornalfatosenoticias.com.br\/wp-content\/uploads\/2020\/02\/logo120.png\",\"width\":1227,\"height\":120,\"caption\":\"Jornal Fatos e Not\u00edcias\"},\"image\":{\"@id\":\"https:\/\/jornalfatosenoticias.com.br\/#\/schema\/logo\/image\/\"}},{\"@type\":\"Person\",\"@id\":\"https:\/\/jornalfatosenoticias.com.br\/#\/schema\/person\/d63837fa13ac8666eb9e74e0985d6f81\",\"name\":\"Luzimara Fernandes\",\"image\":{\"@type\":\"ImageObject\",\"inLanguage\":\"pt-BR\",\"@id\":\"https:\/\/jornalfatosenoticias.com.br\/#\/schema\/person\/image\/\",\"url\":\"https:\/\/jornalfatosenoticias.com.br\/wp-content\/uploads\/2025\/05\/EU_portal.jpg\",\"contentUrl\":\"https:\/\/jornalfatosenoticias.com.br\/wp-content\/uploads\/2025\/05\/EU_portal.jpg\",\"caption\":\"Luzimara Fernandes\"},\"description\":\"Jornalista MTB 2358-ES\",\"sameAs\":[\"https:\/\/jornalfatosenoticias.com.br\"],\"url\":\"https:\/\/jornalfatosenoticias.com.br\/index.php\/author\/luzimara\/\"}]}<\/script>\n<!-- \/ Yoast SEO plugin. -->","yoast_head_json":{"title":"T\u00e9cnica in\u00e9dita de \u201carquitetura de plantas\u201d deixa o caf\u00e9 mais gostoso at\u00e9 na seca - Jornal Fatos e Not\u00edcias","robots":{"index":"index","follow":"follow","max-snippet":"max-snippet:-1","max-image-preview":"max-image-preview:large","max-video-preview":"max-video-preview:-1"},"canonical":"https:\/\/jornalfatosenoticias.com.br\/index.php\/2025\/07\/01\/tecnica-inedita-de-arquitetura-de-plantas-deixa-o-cafe-mais-gostoso-ate-na-seca\/","og_locale":"pt_BR","og_type":"article","og_title":"T\u00e9cnica in\u00e9dita de \u201carquitetura de plantas\u201d deixa o caf\u00e9 mais gostoso at\u00e9 na seca - Jornal Fatos e Not\u00edcias","og_description":"T\u00e9cnica in\u00e9dita de modelagem funcional-estrutural permitiu identificar melhor t\u00e9cnica de manejo de irriga\u00e7\u00e3o e horm\u00f4nios vegetais para aumento de qualidade e produtividade de caf\u00e9 Por C\u00e9lio Yano Utilizando uma t\u00e9cnica de modelagem 3D da arquitetura de plantas, pesquisadores da Embrapa descobriram como a aplica\u00e7\u00e3o de reguladores de crescimento vegetal (PGR, na sigla em ingl\u00eas) e [&hellip;]","og_url":"https:\/\/jornalfatosenoticias.com.br\/index.php\/2025\/07\/01\/tecnica-inedita-de-arquitetura-de-plantas-deixa-o-cafe-mais-gostoso-ate-na-seca\/","og_site_name":"Jornal Fatos e Not\u00edcias","article_published_time":"2025-07-01T13:51:59+00:00","article_modified_time":"2025-07-01T13:52:01+00:00","og_image":[{"width":1000,"height":666,"url":"https:\/\/jornalfatosenoticias.com.br\/wp-content\/uploads\/2025\/07\/pesquisa-Embrapa-graos-de-cafe_freepik.jpg","type":"image\/jpeg"}],"author":"Luzimara Fernandes","twitter_card":"summary_large_image","twitter_misc":{"Escrito por":"Luzimara Fernandes","Est. tempo de leitura":"5 minutos"},"schema":{"@context":"https:\/\/schema.org","@graph":[{"@type":"Article","@id":"https:\/\/jornalfatosenoticias.com.br\/index.php\/2025\/07\/01\/tecnica-inedita-de-arquitetura-de-plantas-deixa-o-cafe-mais-gostoso-ate-na-seca\/#article","isPartOf":{"@id":"https:\/\/jornalfatosenoticias.com.br\/index.php\/2025\/07\/01\/tecnica-inedita-de-arquitetura-de-plantas-deixa-o-cafe-mais-gostoso-ate-na-seca\/"},"author":{"name":"Luzimara Fernandes","@id":"https:\/\/jornalfatosenoticias.com.br\/#\/schema\/person\/d63837fa13ac8666eb9e74e0985d6f81"},"headline":"T\u00e9cnica in\u00e9dita de \u201carquitetura de plantas\u201d deixa o caf\u00e9 mais gostoso at\u00e9 na seca","datePublished":"2025-07-01T13:51:59+00:00","dateModified":"2025-07-01T13:52:01+00:00","mainEntityOfPage":{"@id":"https:\/\/jornalfatosenoticias.com.br\/index.php\/2025\/07\/01\/tecnica-inedita-de-arquitetura-de-plantas-deixa-o-cafe-mais-gostoso-ate-na-seca\/"},"wordCount":932,"commentCount":0,"publisher":{"@id":"https:\/\/jornalfatosenoticias.com.br\/#organization"},"image":{"@id":"https:\/\/jornalfatosenoticias.com.br\/index.php\/2025\/07\/01\/tecnica-inedita-de-arquitetura-de-plantas-deixa-o-cafe-mais-gostoso-ate-na-seca\/#primaryimage"},"thumbnailUrl":"https:\/\/jornalfatosenoticias.com.br\/wp-content\/uploads\/2025\/07\/pesquisa-Embrapa-graos-de-cafe_freepik.jpg","keywords":["agropecu\u00e1ria","caf\u00e9","embrapa","gr\u00e3o","pesquisa da Embrapa","produtividade de caf\u00e9","sustentabilidade","t\u00e9cnica de manejo"],"articleSection":["Geral"],"inLanguage":"pt-BR","potentialAction":[{"@type":"CommentAction","name":"Comment","target":["https:\/\/jornalfatosenoticias.com.br\/index.php\/2025\/07\/01\/tecnica-inedita-de-arquitetura-de-plantas-deixa-o-cafe-mais-gostoso-ate-na-seca\/#respond"]}]},{"@type":"WebPage","@id":"https:\/\/jornalfatosenoticias.com.br\/index.php\/2025\/07\/01\/tecnica-inedita-de-arquitetura-de-plantas-deixa-o-cafe-mais-gostoso-ate-na-seca\/","url":"https:\/\/jornalfatosenoticias.com.br\/index.php\/2025\/07\/01\/tecnica-inedita-de-arquitetura-de-plantas-deixa-o-cafe-mais-gostoso-ate-na-seca\/","name":"T\u00e9cnica in\u00e9dita de \u201carquitetura de plantas\u201d deixa o caf\u00e9 mais gostoso at\u00e9 na seca - Jornal Fatos e Not\u00edcias","isPartOf":{"@id":"https:\/\/jornalfatosenoticias.com.br\/#website"},"primaryImageOfPage":{"@id":"https:\/\/jornalfatosenoticias.com.br\/index.php\/2025\/07\/01\/tecnica-inedita-de-arquitetura-de-plantas-deixa-o-cafe-mais-gostoso-ate-na-seca\/#primaryimage"},"image":{"@id":"https:\/\/jornalfatosenoticias.com.br\/index.php\/2025\/07\/01\/tecnica-inedita-de-arquitetura-de-plantas-deixa-o-cafe-mais-gostoso-ate-na-seca\/#primaryimage"},"thumbnailUrl":"https:\/\/jornalfatosenoticias.com.br\/wp-content\/uploads\/2025\/07\/pesquisa-Embrapa-graos-de-cafe_freepik.jpg","datePublished":"2025-07-01T13:51:59+00:00","dateModified":"2025-07-01T13:52:01+00:00","breadcrumb":{"@id":"https:\/\/jornalfatosenoticias.com.br\/index.php\/2025\/07\/01\/tecnica-inedita-de-arquitetura-de-plantas-deixa-o-cafe-mais-gostoso-ate-na-seca\/#breadcrumb"},"inLanguage":"pt-BR","potentialAction":[{"@type":"ReadAction","target":["https:\/\/jornalfatosenoticias.com.br\/index.php\/2025\/07\/01\/tecnica-inedita-de-arquitetura-de-plantas-deixa-o-cafe-mais-gostoso-ate-na-seca\/"]}]},{"@type":"ImageObject","inLanguage":"pt-BR","@id":"https:\/\/jornalfatosenoticias.com.br\/index.php\/2025\/07\/01\/tecnica-inedita-de-arquitetura-de-plantas-deixa-o-cafe-mais-gostoso-ate-na-seca\/#primaryimage","url":"https:\/\/jornalfatosenoticias.com.br\/wp-content\/uploads\/2025\/07\/pesquisa-Embrapa-graos-de-cafe_freepik.jpg","contentUrl":"https:\/\/jornalfatosenoticias.com.br\/wp-content\/uploads\/2025\/07\/pesquisa-Embrapa-graos-de-cafe_freepik.jpg","width":1000,"height":666,"caption":"Hands that are picking coffee beans from the coffee tree"},{"@type":"BreadcrumbList","@id":"https:\/\/jornalfatosenoticias.com.br\/index.php\/2025\/07\/01\/tecnica-inedita-de-arquitetura-de-plantas-deixa-o-cafe-mais-gostoso-ate-na-seca\/#breadcrumb","itemListElement":[{"@type":"ListItem","position":1,"name":"In\u00edcio","item":"https:\/\/jornalfatosenoticias.com.br\/"},{"@type":"ListItem","position":2,"name":"T\u00e9cnica in\u00e9dita de \u201carquitetura de plantas\u201d deixa o caf\u00e9 mais gostoso at\u00e9 na seca"}]},{"@type":"WebSite","@id":"https:\/\/jornalfatosenoticias.com.br\/#website","url":"https:\/\/jornalfatosenoticias.com.br\/","name":"Jornal Fatos e Not\u00edcias","description":"Not\u00edcias em geral","publisher":{"@id":"https:\/\/jornalfatosenoticias.com.br\/#organization"},"potentialAction":[{"@type":"SearchAction","target":{"@type":"EntryPoint","urlTemplate":"https:\/\/jornalfatosenoticias.com.br\/?s={search_term_string}"},"query-input":{"@type":"PropertyValueSpecification","valueRequired":true,"valueName":"search_term_string"}}],"inLanguage":"pt-BR"},{"@type":"Organization","@id":"https:\/\/jornalfatosenoticias.com.br\/#organization","name":"Jornal Fatos e Not\u00edcias","url":"https:\/\/jornalfatosenoticias.com.br\/","logo":{"@type":"ImageObject","inLanguage":"pt-BR","@id":"https:\/\/jornalfatosenoticias.com.br\/#\/schema\/logo\/image\/","url":"https:\/\/jornalfatosenoticias.com.br\/wp-content\/uploads\/2020\/02\/logo120.png","contentUrl":"https:\/\/jornalfatosenoticias.com.br\/wp-content\/uploads\/2020\/02\/logo120.png","width":1227,"height":120,"caption":"Jornal Fatos e Not\u00edcias"},"image":{"@id":"https:\/\/jornalfatosenoticias.com.br\/#\/schema\/logo\/image\/"}},{"@type":"Person","@id":"https:\/\/jornalfatosenoticias.com.br\/#\/schema\/person\/d63837fa13ac8666eb9e74e0985d6f81","name":"Luzimara Fernandes","image":{"@type":"ImageObject","inLanguage":"pt-BR","@id":"https:\/\/jornalfatosenoticias.com.br\/#\/schema\/person\/image\/","url":"https:\/\/jornalfatosenoticias.com.br\/wp-content\/uploads\/2025\/05\/EU_portal.jpg","contentUrl":"https:\/\/jornalfatosenoticias.com.br\/wp-content\/uploads\/2025\/05\/EU_portal.jpg","caption":"Luzimara Fernandes"},"description":"Jornalista MTB 2358-ES","sameAs":["https:\/\/jornalfatosenoticias.com.br"],"url":"https:\/\/jornalfatosenoticias.com.br\/index.php\/author\/luzimara\/"}]}},"cc_featured_image_caption":{"caption_text":"(Foto: Freepik)","source_text":"","source_url":""},"jetpack_featured_media_url":"https:\/\/jornalfatosenoticias.com.br\/wp-content\/uploads\/2025\/07\/pesquisa-Embrapa-graos-de-cafe_freepik.jpg","_links":{"self":[{"href":"https:\/\/jornalfatosenoticias.com.br\/index.php\/wp-json\/wp\/v2\/posts\/60337","targetHints":{"allow":["GET"]}}],"collection":[{"href":"https:\/\/jornalfatosenoticias.com.br\/index.php\/wp-json\/wp\/v2\/posts"}],"about":[{"href":"https:\/\/jornalfatosenoticias.com.br\/index.php\/wp-json\/wp\/v2\/types\/post"}],"author":[{"embeddable":true,"href":"https:\/\/jornalfatosenoticias.com.br\/index.php\/wp-json\/wp\/v2\/users\/2"}],"replies":[{"embeddable":true,"href":"https:\/\/jornalfatosenoticias.com.br\/index.php\/wp-json\/wp\/v2\/comments?post=60337"}],"version-history":[{"count":0,"href":"https:\/\/jornalfatosenoticias.com.br\/index.php\/wp-json\/wp\/v2\/posts\/60337\/revisions"}],"wp:featuredmedia":[{"embeddable":true,"href":"https:\/\/jornalfatosenoticias.com.br\/index.php\/wp-json\/wp\/v2\/media\/60338"}],"wp:attachment":[{"href":"https:\/\/jornalfatosenoticias.com.br\/index.php\/wp-json\/wp\/v2\/media?parent=60337"}],"wp:term":[{"taxonomy":"category","embeddable":true,"href":"https:\/\/jornalfatosenoticias.com.br\/index.php\/wp-json\/wp\/v2\/categories?post=60337"},{"taxonomy":"post_tag","embeddable":true,"href":"https:\/\/jornalfatosenoticias.com.br\/index.php\/wp-json\/wp\/v2\/tags?post=60337"}],"curies":[{"name":"wp","href":"https:\/\/api.w.org\/{rel}","templated":true}]}}