{"id":60346,"date":"2025-07-01T14:31:46","date_gmt":"2025-07-01T17:31:46","guid":{"rendered":"https:\/\/jornalfatosenoticias.com.br\/?p=60346"},"modified":"2025-07-01T14:31:47","modified_gmt":"2025-07-01T17:31:47","slug":"ruinas-nos-andes-revelam-detalhes-de-povo-perdido-no-lago-titicaca","status":"publish","type":"post","link":"https:\/\/jornalfatosenoticias.com.br\/index.php\/2025\/07\/01\/ruinas-nos-andes-revelam-detalhes-de-povo-perdido-no-lago-titicaca\/","title":{"rendered":"Ru\u00ednas nos Andes revelam detalhes de povo perdido no Lago Titicaca"},"content":{"rendered":"\n<p><em><span class=\"has-inline-color has-black-color\">Pesquisadores da Universidade Estadual da Pensilv\u00e2nia (Penn State), nos EUA, descobrem antigo templo da sociedade Tiwanaku, na Bol\u00edvia<\/span><\/em><\/p>\n\n\n\n<p><span class=\"has-inline-color has-black-color\">Por <strong><a href=\"https:\/\/gizmodo.uol.com.br\/author\/isabela-oliveira\/\">Isabela Oliveira<\/a><\/strong><\/span><\/p>\n\n\n\n<div class=\"wp-block-image\"><figure class=\"aligncenter size-large is-resized\"><a href=\"https:\/\/www.facebook.com\/vetor.vix\/\"><img loading=\"lazy\" decoding=\"async\" src=\"https:\/\/jornalfatosenoticias.com.br\/wp-content\/uploads\/2023\/09\/vetorvix1024_1.jpg\" alt=\"\" class=\"wp-image-44868\" width=\"546\" height=\"145\" srcset=\"https:\/\/jornalfatosenoticias.com.br\/wp-content\/uploads\/2023\/09\/vetorvix1024_1.jpg 1024w, https:\/\/jornalfatosenoticias.com.br\/wp-content\/uploads\/2023\/09\/vetorvix1024_1-300x80.jpg 300w, https:\/\/jornalfatosenoticias.com.br\/wp-content\/uploads\/2023\/09\/vetorvix1024_1-768x205.jpg 768w\" sizes=\"auto, (max-width: 546px) 100vw, 546px\" \/><\/a><\/figure><\/div>\n\n\n\n<p>Cientistas descobriram um <a href=\"https:\/\/gizmodo.uol.com.br\/arqueologos-acham-tesouro-de-2-600-anos-em-templo-no-egito\/\">templo<\/a>\u00a0da poderosa antiga sociedade Tiwanaku, perto da costa sul do\u00a0<a href=\"https:\/\/gizmodo.uol.com.br\/oferenca-inca-encontrada-lago-titicaca\/\">Lago Titicaca<\/a>, na\u00a0<a href=\"https:\/\/gizmodo.uol.com.br\/vai-ter-erupcao-vulcao-zumbi-da-bolivia-passa-por-tomografia-sismica\/\">Bol\u00edvia<\/a>. A\u00a0<a href=\"https:\/\/www.cambridge.org\/core\/journals\/antiquity\/article\/gateway-to-the-east-the-palaspata-temple-and-the-southeastern-expansion-of-the-tiwanaku-state\/FE7182E32049DF2293A54105F589E1D6\" target=\"_blank\" rel=\"noreferrer noopener\">descoberta<\/a> das ru\u00ednas revela informa\u00e7\u00f5es sobre o auge dessa sociedade, um dos primeiros exemplos de civiliza\u00e7\u00e3o nos Andes e precursora do imp\u00e9rio Inca.<br>Segundo Jos\u00e9 Capriles, professor de antropologia da Universidade Penn State, essa sociedade \u201centrou em colapso por volta de 1000 d.C. e estava em ru\u00ednas quando os incas conquistaram os Andes no s\u00e9culo 15\u201d.<\/p>\n\n\n\n<div class=\"wp-block-image\"><figure class=\"aligncenter size-large\"><a href=\"http:\/\/www.ferrarimaquinas.com.br\/\"><img loading=\"lazy\" decoding=\"async\" width=\"300\" height=\"250\" src=\"https:\/\/jornalfatosenoticias.com.br\/wp-content\/uploads\/2022\/02\/FERRARI_MAQUINAS-E-FERRAMENTAS2.jpg\" alt=\"\" class=\"wp-image-27860\"\/><\/a><\/figure><\/div>\n\n\n\n<blockquote class=\"wp-block-quote is-layout-flow wp-block-quote-is-layout-flow\"><p><span class=\"has-inline-color has-luminous-vivid-orange-color\">Em seu auge, ostentava uma estrutura social altamente organizada, deixando para tr\u00e1s vest\u00edgios de monumentos arquitet\u00f4nicos como pir\u00e2mides, templos com terra\u00e7os e mon\u00f3litos, a maioria dos quais distribu\u00eddos em s\u00edtios ao redor do Lago Titicaca\u201d, disse (via Phys.org).<\/span><\/p><\/blockquote>\n\n\n\n<div class=\"wp-block-image\"><figure class=\"aligncenter size-large is-resized\"><a href=\"https:\/\/www.instagram.com\/restaurantepegoretti\/\"><img loading=\"lazy\" decoding=\"async\" src=\"https:\/\/jornalfatosenoticias.com.br\/wp-content\/uploads\/2023\/12\/pegoretti-logo-pdf-1024x389.jpg\" alt=\"\" class=\"wp-image-47536\" width=\"504\" height=\"191\" srcset=\"https:\/\/jornalfatosenoticias.com.br\/wp-content\/uploads\/2023\/12\/pegoretti-logo-pdf-1024x389.jpg 1024w, https:\/\/jornalfatosenoticias.com.br\/wp-content\/uploads\/2023\/12\/pegoretti-logo-pdf-300x114.jpg 300w, https:\/\/jornalfatosenoticias.com.br\/wp-content\/uploads\/2023\/12\/pegoretti-logo-pdf-768x291.jpg 768w, https:\/\/jornalfatosenoticias.com.br\/wp-content\/uploads\/2023\/12\/pegoretti-logo-pdf.jpg 1120w\" sizes=\"auto, (max-width: 504px) 100vw, 504px\" \/><\/a><\/figure><\/div>\n\n\n\n<p>O complexo de templos fica a cerca de 209 quil\u00f4metros ao sul do s\u00edtio hist\u00f3rico de Tiauanaco. Ele est\u00e1 no topo de uma colina discreta, com posi\u00e7\u00e3o estrat\u00e9gica para agricultores ind\u00edgenas locais. Na \u00e9poca de Tiwanaku, o local conectava tr\u00eas rotas comerciais principais: para as terras altas ao norte de Titicaca, o \u00e1rido Altiplano para pastoreio de lhamas a oeste e os vales agr\u00edcolas do leste andino de Cochabamba.<\/p>\n\n\n\n<div class=\"wp-block-image\"><figure class=\"aligncenter size-large is-resized\"><a href=\"https:\/\/www.legisjuris.com.br\/\"><img loading=\"lazy\" decoding=\"async\" src=\"https:\/\/jornalfatosenoticias.com.br\/wp-content\/uploads\/2024\/09\/Legis-Juris-Consultoria_logo.jpg\" alt=\"\" class=\"wp-image-53915\" width=\"525\" height=\"220\" srcset=\"https:\/\/jornalfatosenoticias.com.br\/wp-content\/uploads\/2024\/09\/Legis-Juris-Consultoria_logo.jpg 969w, https:\/\/jornalfatosenoticias.com.br\/wp-content\/uploads\/2024\/09\/Legis-Juris-Consultoria_logo-300x126.jpg 300w, https:\/\/jornalfatosenoticias.com.br\/wp-content\/uploads\/2024\/09\/Legis-Juris-Consultoria_logo-768x322.jpg 768w\" sizes=\"auto, (max-width: 525px) 100vw, 525px\" \/><\/a><\/figure><\/div>\n\n\n\n<p>Por isso, os pesquisadores compreendem a prov\u00e1vel import\u00e2ncia do local para conectar pessoas, que se mudavam, comercializavam e constru\u00edam monumentos em locais significativos. Para visualizar detalhes da \u00e1rea, a equipe realizou voos de ve\u00edculo a\u00e9reo n\u00e3o tripulado e combinou imagens de sat\u00e9lite.<\/p>\n\n\n\n<div class=\"wp-block-image\"><figure class=\"aligncenter size-large is-resized\"><a href=\"https:\/\/www.instagram.com\/esteio.churrascaria\/\"><img loading=\"lazy\" decoding=\"async\" src=\"https:\/\/jornalfatosenoticias.com.br\/wp-content\/uploads\/2022\/02\/LOGO-ESTEIO-1024x730.png\" alt=\"\" class=\"wp-image-27942\" width=\"320\" height=\"228\" srcset=\"https:\/\/jornalfatosenoticias.com.br\/wp-content\/uploads\/2022\/02\/LOGO-ESTEIO-1024x730.png 1024w, https:\/\/jornalfatosenoticias.com.br\/wp-content\/uploads\/2022\/02\/LOGO-ESTEIO-300x214.png 300w, https:\/\/jornalfatosenoticias.com.br\/wp-content\/uploads\/2022\/02\/LOGO-ESTEIO-768x548.png 768w, https:\/\/jornalfatosenoticias.com.br\/wp-content\/uploads\/2022\/02\/LOGO-ESTEIO.png 1123w\" sizes=\"auto, (max-width: 320px) 100vw, 320px\" \/><\/a><\/figure><\/div>\n\n\n\n<blockquote class=\"wp-block-quote is-layout-flow wp-block-quote-is-layout-flow\"><p><span class=\"has-inline-color has-luminous-vivid-orange-color\">Por meio da fotogrametria, uma t\u00e9cnica que usa fotos para construir uma aproxima\u00e7\u00e3o 3D, obtivemos uma representa\u00e7\u00e3o mais detalhada da estrutura e de sua topografia\u201d, disse Capriles.<\/span><\/p><\/blockquote>\n\n\n\n<div class=\"wp-block-image\"><figure class=\"aligncenter size-large is-resized\"><a href=\"https:\/\/www.facebook.com\/profile.php?id=100069289606145\"><img loading=\"lazy\" decoding=\"async\" src=\"https:\/\/jornalfatosenoticias.com.br\/wp-content\/uploads\/2024\/11\/Guaitolini-Contabilidade-1024x714.jpeg\" alt=\"\" class=\"wp-image-55808\" width=\"312\" height=\"217\" srcset=\"https:\/\/jornalfatosenoticias.com.br\/wp-content\/uploads\/2024\/11\/Guaitolini-Contabilidade-1024x714.jpeg 1024w, https:\/\/jornalfatosenoticias.com.br\/wp-content\/uploads\/2024\/11\/Guaitolini-Contabilidade-300x209.jpeg 300w, https:\/\/jornalfatosenoticias.com.br\/wp-content\/uploads\/2024\/11\/Guaitolini-Contabilidade-768x535.jpeg 768w, https:\/\/jornalfatosenoticias.com.br\/wp-content\/uploads\/2024\/11\/Guaitolini-Contabilidade.jpeg 1280w\" sizes=\"auto, (max-width: 312px) 100vw, 312px\" \/><\/a><\/figure><\/div>\n\n\n\n<p><strong><span class=\"has-inline-color has-vivid-purple-color\">Pesquisadores revelaram apar\u00eancia do templo Tiwanaku<br><\/span><\/strong>Alinhamentos de pedras revelaram um antigo templo, com o nome nativo Palaspata. O complexo tem cerca de 125 metros de comprimento por 145m de largura e inclui 15 recintos em torno de um p\u00e1tio. O layout parece indicar a realiza\u00e7\u00e3o de rituais ap\u00f3s o equin\u00f3cio solar, quando o sol est\u00e1 diretamente acima do equador.<\/p>\n\n\n\n<div class=\"wp-block-image\"><figure class=\"aligncenter size-large is-resized\"><a href=\"https:\/\/www.ithbrasil.com.br\/\"><img loading=\"lazy\" decoding=\"async\" src=\"https:\/\/jornalfatosenoticias.com.br\/wp-content\/uploads\/2023\/08\/ITH.jpeg\" alt=\"\" class=\"wp-image-44638\" width=\"308\" height=\"250\" srcset=\"https:\/\/jornalfatosenoticias.com.br\/wp-content\/uploads\/2023\/08\/ITH.jpeg 800w, https:\/\/jornalfatosenoticias.com.br\/wp-content\/uploads\/2023\/08\/ITH-300x244.jpeg 300w, https:\/\/jornalfatosenoticias.com.br\/wp-content\/uploads\/2023\/08\/ITH-768x624.jpeg 768w\" sizes=\"auto, (max-width: 308px) 100vw, 308px\" \/><\/a><\/figure><\/div>\n\n\n\n<p>Usando os dados, os estudiosos desenvolveram uma reconstru\u00e7\u00e3o para revelar a poss\u00edvel apar\u00eancia do templo. Assim, sua superf\u00edcie continha fragmentos de x\u00edcaras keru, para beber a chicha, uma tradicional bebida de milho, em festas e celebra\u00e7\u00f5es agr\u00edcolas.<\/p>\n\n\n\n<div class=\"wp-block-image\"><figure class=\"aligncenter size-large\"><a href=\"https:\/\/mizu.com.br\/\"><img loading=\"lazy\" decoding=\"async\" width=\"729\" height=\"90\" src=\"https:\/\/jornalfatosenoticias.com.br\/wp-content\/uploads\/2020\/02\/Logo_Mizu.png\" alt=\"\" class=\"wp-image-1441\" srcset=\"https:\/\/jornalfatosenoticias.com.br\/wp-content\/uploads\/2020\/02\/Logo_Mizu.png 729w, https:\/\/jornalfatosenoticias.com.br\/wp-content\/uploads\/2020\/02\/Logo_Mizu-300x37.png 300w\" sizes=\"auto, (max-width: 729px) 100vw, 729px\" \/><\/a><\/figure><\/div>\n\n\n\n<p>O cultivo do milho nos vales de Cochabamba, em contraste com o local do templo em altitudes elevadas, ressalta sua import\u00e2ncia em facilitar o acesso a bens, como alimentos, e diferentes tradi\u00e7\u00f5es culin\u00e1rias. As evid\u00eancias apontam para a fun\u00e7\u00e3o do templo como um centro comercial. Contudo, segundo Capriles, o templo provavelmente tinha tamb\u00e9m um prop\u00f3sito religioso. Isso devido \u00e0s \u00e1reas rituais e sua conex\u00e3o f\u00edsica entre o com\u00e9rcio e a distribui\u00e7\u00e3o da colheita.<\/p>\n\n\n\n<div class=\"wp-block-image\"><figure class=\"aligncenter size-large is-resized\"><a href=\"https:\/\/www.instagram.com\/rcradiadores\/\"><img loading=\"lazy\" decoding=\"async\" src=\"https:\/\/jornalfatosenoticias.com.br\/wp-content\/uploads\/2022\/10\/RC_800x750_page-0001.jpg\" alt=\"\" class=\"wp-image-35338\" width=\"304\" height=\"285\" srcset=\"https:\/\/jornalfatosenoticias.com.br\/wp-content\/uploads\/2022\/10\/RC_800x750_page-0001.jpg 400w, https:\/\/jornalfatosenoticias.com.br\/wp-content\/uploads\/2022\/10\/RC_800x750_page-0001-300x281.jpg 300w\" sizes=\"auto, (max-width: 304px) 100vw, 304px\" \/><\/a><\/figure><\/div>\n\n\n\n<blockquote class=\"wp-block-quote is-layout-flow wp-block-quote-is-layout-flow\"><p><span class=\"has-inline-color has-luminous-vivid-orange-color\">A maioria das transa\u00e7\u00f5es econ\u00f4micas e pol\u00edticas tinham que ser mediadas pela divindade, porque essa seria uma linguagem comum que facilitaria a coopera\u00e7\u00e3o de v\u00e1rios indiv\u00edduos\u201d, explicou.<\/span><\/p><\/blockquote>\n\n\n\n<div class=\"wp-block-image\"><figure class=\"aligncenter size-large is-resized\"><a href=\"https:\/\/hotelmarquetti.com.br\/\"><img loading=\"lazy\" decoding=\"async\" src=\"https:\/\/jornalfatosenoticias.com.br\/wp-content\/uploads\/2020\/02\/LOGO-MQ-1024x680.jpg\" alt=\"\" class=\"wp-image-58299\" width=\"328\" height=\"218\" srcset=\"https:\/\/jornalfatosenoticias.com.br\/wp-content\/uploads\/2020\/02\/LOGO-MQ-1024x680.jpg 1024w, https:\/\/jornalfatosenoticias.com.br\/wp-content\/uploads\/2020\/02\/LOGO-MQ-300x199.jpg 300w, https:\/\/jornalfatosenoticias.com.br\/wp-content\/uploads\/2020\/02\/LOGO-MQ-768x510.jpg 768w, https:\/\/jornalfatosenoticias.com.br\/wp-content\/uploads\/2020\/02\/LOGO-MQ-1536x1020.jpg 1536w, https:\/\/jornalfatosenoticias.com.br\/wp-content\/uploads\/2020\/02\/LOGO-MQ-2048x1360.jpg 2048w\" sizes=\"auto, (max-width: 328px) 100vw, 328px\" \/><\/a><\/figure><\/div>\n\n\n\n<p>Por fim, Justo Ventura Guarayo, prefeito do munic\u00edpio de Caracollo, onde est\u00e1 o s\u00edtio, afirmou que a cidade est\u00e1 trabalhando com autoridades estaduais e nacionais para garantir a preserva\u00e7\u00e3o do local.<\/p>\n\n\n\n<p><strong>Fonte: <a href=\"https:\/\/gizmodo.uol.com.br\/ruinas-nos-andes-revelam-detalhes-de-povo-perdido-no-lago-titicaca\/\">Giz Brasil<\/a><\/strong><\/p>\n","protected":false},"excerpt":{"rendered":"<p>Pesquisadores da Universidade Estadual da Pensilv\u00e2nia (Penn State), nos EUA, descobrem antigo templo da sociedade Tiwanaku, na Bol\u00edvia Por Isabela Oliveira Cientistas descobriram um templo\u00a0da poderosa antiga sociedade Tiwanaku, perto da costa sul do\u00a0Lago Titicaca, na\u00a0Bol\u00edvia. A\u00a0descoberta das ru\u00ednas revela informa\u00e7\u00f5es sobre o auge dessa sociedade, um dos primeiros exemplos de civiliza\u00e7\u00e3o nos Andes e [&hellip;]<\/p>\n","protected":false},"author":2,"featured_media":60347,"comment_status":"open","ping_status":"open","sticky":false,"template":"","format":"standard","meta":{"footnotes":""},"categories":[9808],"tags":[207,891,4126,27535,12103,5111],"class_list":["post-60346","post","type-post","status-publish","format-standard","has-post-thumbnail","hentry","category-paleo-arqueologia","tag-andes","tag-bolivia","tag-lago-titicaca","tag-povo-perdido","tag-ruinas","tag-templo"],"yoast_head":"<!-- This site is optimized with the Yoast SEO plugin v26.5 - https:\/\/yoast.com\/wordpress\/plugins\/seo\/ -->\n<title>Ru\u00ednas nos Andes revelam detalhes de povo perdido no Lago Titicaca - Jornal Fatos e Not\u00edcias<\/title>\n<meta name=\"robots\" content=\"index, follow, max-snippet:-1, max-image-preview:large, max-video-preview:-1\" \/>\n<link rel=\"canonical\" href=\"https:\/\/jornalfatosenoticias.com.br\/index.php\/2025\/07\/01\/ruinas-nos-andes-revelam-detalhes-de-povo-perdido-no-lago-titicaca\/\" \/>\n<meta property=\"og:locale\" content=\"pt_BR\" \/>\n<meta property=\"og:type\" content=\"article\" \/>\n<meta property=\"og:title\" content=\"Ru\u00ednas nos Andes revelam detalhes de povo perdido no Lago Titicaca - Jornal Fatos e Not\u00edcias\" \/>\n<meta property=\"og:description\" content=\"Pesquisadores da Universidade Estadual da Pensilv\u00e2nia (Penn State), nos EUA, descobrem antigo templo da sociedade Tiwanaku, na Bol\u00edvia Por Isabela Oliveira Cientistas descobriram um templo\u00a0da poderosa antiga sociedade Tiwanaku, perto da costa sul do\u00a0Lago Titicaca, na\u00a0Bol\u00edvia. A\u00a0descoberta das ru\u00ednas revela informa\u00e7\u00f5es sobre o auge dessa sociedade, um dos primeiros exemplos de civiliza\u00e7\u00e3o nos Andes e [&hellip;]\" \/>\n<meta property=\"og:url\" content=\"https:\/\/jornalfatosenoticias.com.br\/index.php\/2025\/07\/01\/ruinas-nos-andes-revelam-detalhes-de-povo-perdido-no-lago-titicaca\/\" \/>\n<meta property=\"og:site_name\" content=\"Jornal Fatos e Not\u00edcias\" \/>\n<meta property=\"article:published_time\" content=\"2025-07-01T17:31:46+00:00\" \/>\n<meta property=\"article:modified_time\" content=\"2025-07-01T17:31:47+00:00\" \/>\n<meta property=\"og:image\" content=\"https:\/\/jornalfatosenoticias.com.br\/wp-content\/uploads\/2025\/07\/povo-perdido-no-Lago-Titicaca.png\" \/>\n\t<meta property=\"og:image:width\" content=\"1000\" \/>\n\t<meta property=\"og:image:height\" content=\"555\" \/>\n\t<meta property=\"og:image:type\" content=\"image\/png\" \/>\n<meta name=\"author\" content=\"Luzimara Fernandes\" \/>\n<meta name=\"twitter:card\" content=\"summary_large_image\" \/>\n<meta name=\"twitter:label1\" content=\"Escrito por\" \/>\n\t<meta name=\"twitter:data1\" content=\"Luzimara Fernandes\" \/>\n\t<meta name=\"twitter:label2\" content=\"Est. tempo de leitura\" \/>\n\t<meta name=\"twitter:data2\" content=\"3 minutos\" \/>\n<script type=\"application\/ld+json\" class=\"yoast-schema-graph\">{\"@context\":\"https:\/\/schema.org\",\"@graph\":[{\"@type\":\"Article\",\"@id\":\"https:\/\/jornalfatosenoticias.com.br\/index.php\/2025\/07\/01\/ruinas-nos-andes-revelam-detalhes-de-povo-perdido-no-lago-titicaca\/#article\",\"isPartOf\":{\"@id\":\"https:\/\/jornalfatosenoticias.com.br\/index.php\/2025\/07\/01\/ruinas-nos-andes-revelam-detalhes-de-povo-perdido-no-lago-titicaca\/\"},\"author\":{\"name\":\"Luzimara Fernandes\",\"@id\":\"https:\/\/jornalfatosenoticias.com.br\/#\/schema\/person\/d63837fa13ac8666eb9e74e0985d6f81\"},\"headline\":\"Ru\u00ednas nos Andes revelam detalhes de povo perdido no Lago Titicaca\",\"datePublished\":\"2025-07-01T17:31:46+00:00\",\"dateModified\":\"2025-07-01T17:31:47+00:00\",\"mainEntityOfPage\":{\"@id\":\"https:\/\/jornalfatosenoticias.com.br\/index.php\/2025\/07\/01\/ruinas-nos-andes-revelam-detalhes-de-povo-perdido-no-lago-titicaca\/\"},\"wordCount\":579,\"commentCount\":0,\"publisher\":{\"@id\":\"https:\/\/jornalfatosenoticias.com.br\/#organization\"},\"image\":{\"@id\":\"https:\/\/jornalfatosenoticias.com.br\/index.php\/2025\/07\/01\/ruinas-nos-andes-revelam-detalhes-de-povo-perdido-no-lago-titicaca\/#primaryimage\"},\"thumbnailUrl\":\"https:\/\/jornalfatosenoticias.com.br\/wp-content\/uploads\/2025\/07\/povo-perdido-no-Lago-Titicaca.png\",\"keywords\":[\"andes\",\"Bol\u00edvia\",\"lago Titicaca\",\"povo perdido\",\"ru\u00ednas\",\"templo\"],\"articleSection\":[\"Paleo &amp; Arqueologia\"],\"inLanguage\":\"pt-BR\",\"potentialAction\":[{\"@type\":\"CommentAction\",\"name\":\"Comment\",\"target\":[\"https:\/\/jornalfatosenoticias.com.br\/index.php\/2025\/07\/01\/ruinas-nos-andes-revelam-detalhes-de-povo-perdido-no-lago-titicaca\/#respond\"]}]},{\"@type\":\"WebPage\",\"@id\":\"https:\/\/jornalfatosenoticias.com.br\/index.php\/2025\/07\/01\/ruinas-nos-andes-revelam-detalhes-de-povo-perdido-no-lago-titicaca\/\",\"url\":\"https:\/\/jornalfatosenoticias.com.br\/index.php\/2025\/07\/01\/ruinas-nos-andes-revelam-detalhes-de-povo-perdido-no-lago-titicaca\/\",\"name\":\"Ru\u00ednas nos Andes revelam detalhes de povo perdido no Lago Titicaca - Jornal Fatos e Not\u00edcias\",\"isPartOf\":{\"@id\":\"https:\/\/jornalfatosenoticias.com.br\/#website\"},\"primaryImageOfPage\":{\"@id\":\"https:\/\/jornalfatosenoticias.com.br\/index.php\/2025\/07\/01\/ruinas-nos-andes-revelam-detalhes-de-povo-perdido-no-lago-titicaca\/#primaryimage\"},\"image\":{\"@id\":\"https:\/\/jornalfatosenoticias.com.br\/index.php\/2025\/07\/01\/ruinas-nos-andes-revelam-detalhes-de-povo-perdido-no-lago-titicaca\/#primaryimage\"},\"thumbnailUrl\":\"https:\/\/jornalfatosenoticias.com.br\/wp-content\/uploads\/2025\/07\/povo-perdido-no-Lago-Titicaca.png\",\"datePublished\":\"2025-07-01T17:31:46+00:00\",\"dateModified\":\"2025-07-01T17:31:47+00:00\",\"breadcrumb\":{\"@id\":\"https:\/\/jornalfatosenoticias.com.br\/index.php\/2025\/07\/01\/ruinas-nos-andes-revelam-detalhes-de-povo-perdido-no-lago-titicaca\/#breadcrumb\"},\"inLanguage\":\"pt-BR\",\"potentialAction\":[{\"@type\":\"ReadAction\",\"target\":[\"https:\/\/jornalfatosenoticias.com.br\/index.php\/2025\/07\/01\/ruinas-nos-andes-revelam-detalhes-de-povo-perdido-no-lago-titicaca\/\"]}]},{\"@type\":\"ImageObject\",\"inLanguage\":\"pt-BR\",\"@id\":\"https:\/\/jornalfatosenoticias.com.br\/index.php\/2025\/07\/01\/ruinas-nos-andes-revelam-detalhes-de-povo-perdido-no-lago-titicaca\/#primaryimage\",\"url\":\"https:\/\/jornalfatosenoticias.com.br\/wp-content\/uploads\/2025\/07\/povo-perdido-no-Lago-Titicaca.png\",\"contentUrl\":\"https:\/\/jornalfatosenoticias.com.br\/wp-content\/uploads\/2025\/07\/povo-perdido-no-Lago-Titicaca.png\",\"width\":1000,\"height\":555},{\"@type\":\"BreadcrumbList\",\"@id\":\"https:\/\/jornalfatosenoticias.com.br\/index.php\/2025\/07\/01\/ruinas-nos-andes-revelam-detalhes-de-povo-perdido-no-lago-titicaca\/#breadcrumb\",\"itemListElement\":[{\"@type\":\"ListItem\",\"position\":1,\"name\":\"In\u00edcio\",\"item\":\"https:\/\/jornalfatosenoticias.com.br\/\"},{\"@type\":\"ListItem\",\"position\":2,\"name\":\"Ru\u00ednas nos Andes revelam detalhes de povo perdido no Lago Titicaca\"}]},{\"@type\":\"WebSite\",\"@id\":\"https:\/\/jornalfatosenoticias.com.br\/#website\",\"url\":\"https:\/\/jornalfatosenoticias.com.br\/\",\"name\":\"Jornal Fatos e Not\u00edcias\",\"description\":\"Not\u00edcias em geral\",\"publisher\":{\"@id\":\"https:\/\/jornalfatosenoticias.com.br\/#organization\"},\"potentialAction\":[{\"@type\":\"SearchAction\",\"target\":{\"@type\":\"EntryPoint\",\"urlTemplate\":\"https:\/\/jornalfatosenoticias.com.br\/?s={search_term_string}\"},\"query-input\":{\"@type\":\"PropertyValueSpecification\",\"valueRequired\":true,\"valueName\":\"search_term_string\"}}],\"inLanguage\":\"pt-BR\"},{\"@type\":\"Organization\",\"@id\":\"https:\/\/jornalfatosenoticias.com.br\/#organization\",\"name\":\"Jornal Fatos e Not\u00edcias\",\"url\":\"https:\/\/jornalfatosenoticias.com.br\/\",\"logo\":{\"@type\":\"ImageObject\",\"inLanguage\":\"pt-BR\",\"@id\":\"https:\/\/jornalfatosenoticias.com.br\/#\/schema\/logo\/image\/\",\"url\":\"https:\/\/jornalfatosenoticias.com.br\/wp-content\/uploads\/2020\/02\/logo120.png\",\"contentUrl\":\"https:\/\/jornalfatosenoticias.com.br\/wp-content\/uploads\/2020\/02\/logo120.png\",\"width\":1227,\"height\":120,\"caption\":\"Jornal Fatos e Not\u00edcias\"},\"image\":{\"@id\":\"https:\/\/jornalfatosenoticias.com.br\/#\/schema\/logo\/image\/\"}},{\"@type\":\"Person\",\"@id\":\"https:\/\/jornalfatosenoticias.com.br\/#\/schema\/person\/d63837fa13ac8666eb9e74e0985d6f81\",\"name\":\"Luzimara Fernandes\",\"image\":{\"@type\":\"ImageObject\",\"inLanguage\":\"pt-BR\",\"@id\":\"https:\/\/jornalfatosenoticias.com.br\/#\/schema\/person\/image\/\",\"url\":\"https:\/\/jornalfatosenoticias.com.br\/wp-content\/uploads\/2025\/05\/EU_portal.jpg\",\"contentUrl\":\"https:\/\/jornalfatosenoticias.com.br\/wp-content\/uploads\/2025\/05\/EU_portal.jpg\",\"caption\":\"Luzimara Fernandes\"},\"description\":\"Jornalista MTB 2358-ES\",\"sameAs\":[\"https:\/\/jornalfatosenoticias.com.br\"],\"url\":\"https:\/\/jornalfatosenoticias.com.br\/index.php\/author\/luzimara\/\"}]}<\/script>\n<!-- \/ Yoast SEO plugin. -->","yoast_head_json":{"title":"Ru\u00ednas nos Andes revelam detalhes de povo perdido no Lago Titicaca - Jornal Fatos e Not\u00edcias","robots":{"index":"index","follow":"follow","max-snippet":"max-snippet:-1","max-image-preview":"max-image-preview:large","max-video-preview":"max-video-preview:-1"},"canonical":"https:\/\/jornalfatosenoticias.com.br\/index.php\/2025\/07\/01\/ruinas-nos-andes-revelam-detalhes-de-povo-perdido-no-lago-titicaca\/","og_locale":"pt_BR","og_type":"article","og_title":"Ru\u00ednas nos Andes revelam detalhes de povo perdido no Lago Titicaca - Jornal Fatos e Not\u00edcias","og_description":"Pesquisadores da Universidade Estadual da Pensilv\u00e2nia (Penn State), nos EUA, descobrem antigo templo da sociedade Tiwanaku, na Bol\u00edvia Por Isabela Oliveira Cientistas descobriram um templo\u00a0da poderosa antiga sociedade Tiwanaku, perto da costa sul do\u00a0Lago Titicaca, na\u00a0Bol\u00edvia. A\u00a0descoberta das ru\u00ednas revela informa\u00e7\u00f5es sobre o auge dessa sociedade, um dos primeiros exemplos de civiliza\u00e7\u00e3o nos Andes e [&hellip;]","og_url":"https:\/\/jornalfatosenoticias.com.br\/index.php\/2025\/07\/01\/ruinas-nos-andes-revelam-detalhes-de-povo-perdido-no-lago-titicaca\/","og_site_name":"Jornal Fatos e Not\u00edcias","article_published_time":"2025-07-01T17:31:46+00:00","article_modified_time":"2025-07-01T17:31:47+00:00","og_image":[{"width":1000,"height":555,"url":"https:\/\/jornalfatosenoticias.com.br\/wp-content\/uploads\/2025\/07\/povo-perdido-no-Lago-Titicaca.png","type":"image\/png"}],"author":"Luzimara Fernandes","twitter_card":"summary_large_image","twitter_misc":{"Escrito por":"Luzimara Fernandes","Est. tempo de leitura":"3 minutos"},"schema":{"@context":"https:\/\/schema.org","@graph":[{"@type":"Article","@id":"https:\/\/jornalfatosenoticias.com.br\/index.php\/2025\/07\/01\/ruinas-nos-andes-revelam-detalhes-de-povo-perdido-no-lago-titicaca\/#article","isPartOf":{"@id":"https:\/\/jornalfatosenoticias.com.br\/index.php\/2025\/07\/01\/ruinas-nos-andes-revelam-detalhes-de-povo-perdido-no-lago-titicaca\/"},"author":{"name":"Luzimara Fernandes","@id":"https:\/\/jornalfatosenoticias.com.br\/#\/schema\/person\/d63837fa13ac8666eb9e74e0985d6f81"},"headline":"Ru\u00ednas nos Andes revelam detalhes de povo perdido no Lago Titicaca","datePublished":"2025-07-01T17:31:46+00:00","dateModified":"2025-07-01T17:31:47+00:00","mainEntityOfPage":{"@id":"https:\/\/jornalfatosenoticias.com.br\/index.php\/2025\/07\/01\/ruinas-nos-andes-revelam-detalhes-de-povo-perdido-no-lago-titicaca\/"},"wordCount":579,"commentCount":0,"publisher":{"@id":"https:\/\/jornalfatosenoticias.com.br\/#organization"},"image":{"@id":"https:\/\/jornalfatosenoticias.com.br\/index.php\/2025\/07\/01\/ruinas-nos-andes-revelam-detalhes-de-povo-perdido-no-lago-titicaca\/#primaryimage"},"thumbnailUrl":"https:\/\/jornalfatosenoticias.com.br\/wp-content\/uploads\/2025\/07\/povo-perdido-no-Lago-Titicaca.png","keywords":["andes","Bol\u00edvia","lago Titicaca","povo perdido","ru\u00ednas","templo"],"articleSection":["Paleo &amp; Arqueologia"],"inLanguage":"pt-BR","potentialAction":[{"@type":"CommentAction","name":"Comment","target":["https:\/\/jornalfatosenoticias.com.br\/index.php\/2025\/07\/01\/ruinas-nos-andes-revelam-detalhes-de-povo-perdido-no-lago-titicaca\/#respond"]}]},{"@type":"WebPage","@id":"https:\/\/jornalfatosenoticias.com.br\/index.php\/2025\/07\/01\/ruinas-nos-andes-revelam-detalhes-de-povo-perdido-no-lago-titicaca\/","url":"https:\/\/jornalfatosenoticias.com.br\/index.php\/2025\/07\/01\/ruinas-nos-andes-revelam-detalhes-de-povo-perdido-no-lago-titicaca\/","name":"Ru\u00ednas nos Andes revelam detalhes de povo perdido no Lago Titicaca - Jornal Fatos e Not\u00edcias","isPartOf":{"@id":"https:\/\/jornalfatosenoticias.com.br\/#website"},"primaryImageOfPage":{"@id":"https:\/\/jornalfatosenoticias.com.br\/index.php\/2025\/07\/01\/ruinas-nos-andes-revelam-detalhes-de-povo-perdido-no-lago-titicaca\/#primaryimage"},"image":{"@id":"https:\/\/jornalfatosenoticias.com.br\/index.php\/2025\/07\/01\/ruinas-nos-andes-revelam-detalhes-de-povo-perdido-no-lago-titicaca\/#primaryimage"},"thumbnailUrl":"https:\/\/jornalfatosenoticias.com.br\/wp-content\/uploads\/2025\/07\/povo-perdido-no-Lago-Titicaca.png","datePublished":"2025-07-01T17:31:46+00:00","dateModified":"2025-07-01T17:31:47+00:00","breadcrumb":{"@id":"https:\/\/jornalfatosenoticias.com.br\/index.php\/2025\/07\/01\/ruinas-nos-andes-revelam-detalhes-de-povo-perdido-no-lago-titicaca\/#breadcrumb"},"inLanguage":"pt-BR","potentialAction":[{"@type":"ReadAction","target":["https:\/\/jornalfatosenoticias.com.br\/index.php\/2025\/07\/01\/ruinas-nos-andes-revelam-detalhes-de-povo-perdido-no-lago-titicaca\/"]}]},{"@type":"ImageObject","inLanguage":"pt-BR","@id":"https:\/\/jornalfatosenoticias.com.br\/index.php\/2025\/07\/01\/ruinas-nos-andes-revelam-detalhes-de-povo-perdido-no-lago-titicaca\/#primaryimage","url":"https:\/\/jornalfatosenoticias.com.br\/wp-content\/uploads\/2025\/07\/povo-perdido-no-Lago-Titicaca.png","contentUrl":"https:\/\/jornalfatosenoticias.com.br\/wp-content\/uploads\/2025\/07\/povo-perdido-no-Lago-Titicaca.png","width":1000,"height":555},{"@type":"BreadcrumbList","@id":"https:\/\/jornalfatosenoticias.com.br\/index.php\/2025\/07\/01\/ruinas-nos-andes-revelam-detalhes-de-povo-perdido-no-lago-titicaca\/#breadcrumb","itemListElement":[{"@type":"ListItem","position":1,"name":"In\u00edcio","item":"https:\/\/jornalfatosenoticias.com.br\/"},{"@type":"ListItem","position":2,"name":"Ru\u00ednas nos Andes revelam detalhes de povo perdido no Lago Titicaca"}]},{"@type":"WebSite","@id":"https:\/\/jornalfatosenoticias.com.br\/#website","url":"https:\/\/jornalfatosenoticias.com.br\/","name":"Jornal Fatos e Not\u00edcias","description":"Not\u00edcias em geral","publisher":{"@id":"https:\/\/jornalfatosenoticias.com.br\/#organization"},"potentialAction":[{"@type":"SearchAction","target":{"@type":"EntryPoint","urlTemplate":"https:\/\/jornalfatosenoticias.com.br\/?s={search_term_string}"},"query-input":{"@type":"PropertyValueSpecification","valueRequired":true,"valueName":"search_term_string"}}],"inLanguage":"pt-BR"},{"@type":"Organization","@id":"https:\/\/jornalfatosenoticias.com.br\/#organization","name":"Jornal Fatos e Not\u00edcias","url":"https:\/\/jornalfatosenoticias.com.br\/","logo":{"@type":"ImageObject","inLanguage":"pt-BR","@id":"https:\/\/jornalfatosenoticias.com.br\/#\/schema\/logo\/image\/","url":"https:\/\/jornalfatosenoticias.com.br\/wp-content\/uploads\/2020\/02\/logo120.png","contentUrl":"https:\/\/jornalfatosenoticias.com.br\/wp-content\/uploads\/2020\/02\/logo120.png","width":1227,"height":120,"caption":"Jornal Fatos e Not\u00edcias"},"image":{"@id":"https:\/\/jornalfatosenoticias.com.br\/#\/schema\/logo\/image\/"}},{"@type":"Person","@id":"https:\/\/jornalfatosenoticias.com.br\/#\/schema\/person\/d63837fa13ac8666eb9e74e0985d6f81","name":"Luzimara Fernandes","image":{"@type":"ImageObject","inLanguage":"pt-BR","@id":"https:\/\/jornalfatosenoticias.com.br\/#\/schema\/person\/image\/","url":"https:\/\/jornalfatosenoticias.com.br\/wp-content\/uploads\/2025\/05\/EU_portal.jpg","contentUrl":"https:\/\/jornalfatosenoticias.com.br\/wp-content\/uploads\/2025\/05\/EU_portal.jpg","caption":"Luzimara Fernandes"},"description":"Jornalista MTB 2358-ES","sameAs":["https:\/\/jornalfatosenoticias.com.br"],"url":"https:\/\/jornalfatosenoticias.com.br\/index.php\/author\/luzimara\/"}]}},"cc_featured_image_caption":{"caption_text":"(Foto: Reprodu\u00e7\u00e3o\/Antiquity)","source_text":"","source_url":""},"jetpack_featured_media_url":"https:\/\/jornalfatosenoticias.com.br\/wp-content\/uploads\/2025\/07\/povo-perdido-no-Lago-Titicaca.png","_links":{"self":[{"href":"https:\/\/jornalfatosenoticias.com.br\/index.php\/wp-json\/wp\/v2\/posts\/60346","targetHints":{"allow":["GET"]}}],"collection":[{"href":"https:\/\/jornalfatosenoticias.com.br\/index.php\/wp-json\/wp\/v2\/posts"}],"about":[{"href":"https:\/\/jornalfatosenoticias.com.br\/index.php\/wp-json\/wp\/v2\/types\/post"}],"author":[{"embeddable":true,"href":"https:\/\/jornalfatosenoticias.com.br\/index.php\/wp-json\/wp\/v2\/users\/2"}],"replies":[{"embeddable":true,"href":"https:\/\/jornalfatosenoticias.com.br\/index.php\/wp-json\/wp\/v2\/comments?post=60346"}],"version-history":[{"count":0,"href":"https:\/\/jornalfatosenoticias.com.br\/index.php\/wp-json\/wp\/v2\/posts\/60346\/revisions"}],"wp:featuredmedia":[{"embeddable":true,"href":"https:\/\/jornalfatosenoticias.com.br\/index.php\/wp-json\/wp\/v2\/media\/60347"}],"wp:attachment":[{"href":"https:\/\/jornalfatosenoticias.com.br\/index.php\/wp-json\/wp\/v2\/media?parent=60346"}],"wp:term":[{"taxonomy":"category","embeddable":true,"href":"https:\/\/jornalfatosenoticias.com.br\/index.php\/wp-json\/wp\/v2\/categories?post=60346"},{"taxonomy":"post_tag","embeddable":true,"href":"https:\/\/jornalfatosenoticias.com.br\/index.php\/wp-json\/wp\/v2\/tags?post=60346"}],"curies":[{"name":"wp","href":"https:\/\/api.w.org\/{rel}","templated":true}]}}