{"id":60349,"date":"2025-07-01T15:07:22","date_gmt":"2025-07-01T18:07:22","guid":{"rendered":"https:\/\/jornalfatosenoticias.com.br\/?p=60349"},"modified":"2025-07-01T15:07:23","modified_gmt":"2025-07-01T18:07:23","slug":"formiga-feiticeira-tem-cor-rara-que-absorve-quase-toda-luz-visivel","status":"publish","type":"post","link":"https:\/\/jornalfatosenoticias.com.br\/index.php\/2025\/07\/01\/formiga-feiticeira-tem-cor-rara-que-absorve-quase-toda-luz-visivel\/","title":{"rendered":"Formiga-feiticeira tem cor rara que absorve quase toda luz vis\u00edvel"},"content":{"rendered":"\n<p><em><span class=\"has-inline-color has-black-color\">Adapta\u00e7\u00f5es evolutivas criaram estruturas nesta esp\u00e9cie de vespa sem asas, gerando uma rara colora\u00e7\u00e3o ultraescura<\/span><\/em><\/p>\n\n\n\n<p><span class=\"has-inline-color has-black-color\">Por <strong><a href=\"https:\/\/jornal.usp.br\/ciencias\/super-escuridao-formiga-feiticeira-tem-cor-rara-que-absorve-quase-toda-luz-visivel\/\" rel=\"sponsored nofollow\">Jornal da USP<\/a><\/strong><\/span><\/p>\n\n\n\n<div class=\"wp-block-image\"><figure class=\"aligncenter size-large\"><a href=\"https:\/\/panper.com.br\/\"><img loading=\"lazy\" decoding=\"async\" width=\"1024\" height=\"111\" src=\"https:\/\/jornalfatosenoticias.com.br\/wp-content\/uploads\/2020\/02\/WhatsApp-Image-2022-09-23-at-12.09.18-1024x111.jpeg\" alt=\"\" class=\"wp-image-34527\" srcset=\"https:\/\/jornalfatosenoticias.com.br\/wp-content\/uploads\/2020\/02\/WhatsApp-Image-2022-09-23-at-12.09.18-1024x111.jpeg 1024w, https:\/\/jornalfatosenoticias.com.br\/wp-content\/uploads\/2020\/02\/WhatsApp-Image-2022-09-23-at-12.09.18-300x32.jpeg 300w, https:\/\/jornalfatosenoticias.com.br\/wp-content\/uploads\/2020\/02\/WhatsApp-Image-2022-09-23-at-12.09.18-768x83.jpeg 768w, https:\/\/jornalfatosenoticias.com.br\/wp-content\/uploads\/2020\/02\/WhatsApp-Image-2022-09-23-at-12.09.18.jpeg 1121w\" sizes=\"auto, (max-width: 1024px) 100vw, 1024px\" \/><\/a><\/figure><\/div>\n\n\n\n<p>Cores de animais t\u00eam suas origens na evolu\u00e7\u00e3o e podem servir como mecanismos de sobreviv\u00eancia das esp\u00e9cies, seja para atrair parceiros, afastar predadores ou at\u00e9 se camuflar no ambiente. Um <a href=\"https:\/\/www.beilstein-journals.org\/bjnano\/articles\/15\/122\" target=\"_blank\" rel=\"noreferrer noopener\">artigo<\/a>\u00a0publicado na revista cient\u00edfica\u00a0<em>Beilstein Journal of Nanotechnology<\/em> descreveu, pela primeira vez, a presen\u00e7a de cores ultraescuras em vespas conhecidas como formigas-feiticeiras. Foi observado que essas cores raras s\u00e3o formadas por microestruturas que minimizam a luz refletida e maximizam a luz absorvida pelo corpo das vespas, criando uma \u201csuperescurid\u00e3o\u201d. O estudo utilizou procedimentos microsc\u00f3picos para investigar as vantagens adaptativas trazidas pelas cores ultraescuras.<\/p>\n\n\n\n<div class=\"wp-block-image\"><figure class=\"aligncenter size-large\"><a href=\"https:\/\/www.cesconetto.com.br\/\"><img loading=\"lazy\" decoding=\"async\" width=\"300\" height=\"250\" src=\"https:\/\/jornalfatosenoticias.com.br\/wp-content\/uploads\/2022\/02\/Banner-2.png\" alt=\"\" class=\"wp-image-27877\"\/><\/a><\/figure><\/div>\n\n\n\n<p>As formigas-feiticeiras, apesar do nome, s\u00e3o um grupo de vespas pertencentes \u00e0 fam\u00edlia <em>Mutillidae<\/em>. No Brasil, elas normalmente vivem em regi\u00f5es abertas do Cerrado e da Caatinga. Foi nesses ambientes que Vinicius Marques Lopez, doutor em Entomologia pela Faculdade de Filosofia, Ci\u00eancias e Letras de Ribeir\u00e3o Preto (FFCLRP) da USP, coletou os pequenos animais para estudo. <\/p>\n\n\n\n<div class=\"wp-block-image\"><figure class=\"aligncenter size-large is-resized\"><a href=\"https:\/\/www.instagram.com\/gruposei\/\"><img loading=\"lazy\" decoding=\"async\" src=\"https:\/\/jornalfatosenoticias.com.br\/wp-content\/uploads\/2022\/07\/Logo-Grupo-SEI.jpg\" alt=\"\" class=\"wp-image-31973\" width=\"375\" height=\"197\" srcset=\"https:\/\/jornalfatosenoticias.com.br\/wp-content\/uploads\/2022\/07\/Logo-Grupo-SEI.jpg 713w, https:\/\/jornalfatosenoticias.com.br\/wp-content\/uploads\/2022\/07\/Logo-Grupo-SEI-300x158.jpg 300w\" sizes=\"auto, (max-width: 375px) 100vw, 375px\" \/><\/a><\/figure><\/div>\n\n\n\n<p>Desde o mestrado, o bi\u00f3logo vem trabalhando com a colora\u00e7\u00e3o e a evolu\u00e7\u00e3o das formigas-feiticeiras, mas foi no doutorado que ele p\u00f4de estudar as estruturas microsc\u00f3picas respons\u00e1veis por gerar cores pouco encontradas na natureza. O trabalho venceu o <a href=\"https:\/\/prpg.usp.br\/attachments\/article\/31\/Edital-PRPG-2-2025-Premio-Tese-14-resultado.pdf\" target=\"_blank\" rel=\"noreferrer noopener\">Pr\u00eamio Tese Destaque USP 2025<\/a> na categoria Ci\u00eancias Biol\u00f3gicas. Ao usarem um espectr\u00f4metro \u2014 instrumento que mede propriedades de espectros de luz \u2014 para estudar aspectos f\u00edsicos das cores da vespa <em>Traumatomutilla bifurca<\/em>, os pesquisadores se depararam com uma situa\u00e7\u00e3o curiosa.<\/p>\n\n\n\n<div class=\"wp-block-image\"><figure class=\"aligncenter size-large is-resized\"><a href=\"https:\/\/www.facebook.com\/postobkr\/?locale=pt_BR\"><img loading=\"lazy\" decoding=\"async\" src=\"https:\/\/jornalfatosenoticias.com.br\/wp-content\/uploads\/2023\/08\/BKR-1024x1021.jpg\" alt=\"\" class=\"wp-image-44494\" width=\"326\" height=\"325\" srcset=\"https:\/\/jornalfatosenoticias.com.br\/wp-content\/uploads\/2023\/08\/BKR-1024x1021.jpg 1024w, https:\/\/jornalfatosenoticias.com.br\/wp-content\/uploads\/2023\/08\/BKR-300x300.jpg 300w, https:\/\/jornalfatosenoticias.com.br\/wp-content\/uploads\/2023\/08\/BKR-150x150.jpg 150w, https:\/\/jornalfatosenoticias.com.br\/wp-content\/uploads\/2023\/08\/BKR-768x766.jpg 768w, https:\/\/jornalfatosenoticias.com.br\/wp-content\/uploads\/2023\/08\/BKR.jpg 1080w\" sizes=\"auto, (max-width: 326px) 100vw, 326px\" \/><\/a><\/figure><\/div>\n\n\n\n<blockquote class=\"wp-block-quote is-layout-flow wp-block-quote-is-layout-flow\"><p><span class=\"has-inline-color has-luminous-vivid-orange-color\">Quando inserimos as formigas-feiticeiras no aparelho percebemos que a cor do espectro estava abaixo do material preto de controle do equipamento, ou seja, o material refletia mais luz que a pr\u00f3pria formiga\u201d, diz Vinicius Lopez.<\/span><\/p><\/blockquote>\n\n\n\n<p>Ele comenta que, a partir do momento que o espectr\u00f4metro indicou a presen\u00e7a das cores ultraescuras, outros experimentos foram feitos para entender como o fen\u00f4meno ocorria.<\/p>\n\n\n\n<div class=\"wp-block-image\"><figure class=\"aligncenter size-large is-resized\"><a href=\"https:\/\/www.controlsystems.com.br\/\"><img loading=\"lazy\" decoding=\"async\" src=\"https:\/\/jornalfatosenoticias.com.br\/wp-content\/uploads\/2020\/02\/CONTROL-CS.jpg\" alt=\"\" class=\"wp-image-44991\" width=\"282\" height=\"338\" srcset=\"https:\/\/jornalfatosenoticias.com.br\/wp-content\/uploads\/2020\/02\/CONTROL-CS.jpg 834w, https:\/\/jornalfatosenoticias.com.br\/wp-content\/uploads\/2020\/02\/CONTROL-CS-250x300.jpg 250w, https:\/\/jornalfatosenoticias.com.br\/wp-content\/uploads\/2020\/02\/CONTROL-CS-768x921.jpg 768w\" sizes=\"auto, (max-width: 282px) 100vw, 282px\" \/><\/a><\/figure><\/div>\n\n\n\n<p><strong><span class=\"has-inline-color has-vivid-green-cyan-color\">Cut\u00edculas raptoras de luz<br><\/span><\/strong>No exoesqueleto da vespa <em>T. bifurca<\/em> foram encontradas cut\u00edculas muito especializadas formadas por arranjos de microestruturas localizadas na superf\u00edcie do corpo do inseto. Diversas an\u00e1lises microsc\u00f3picas foram feitas para compreender fatores como o tamanho, a ordena\u00e7\u00e3o e a morfologia dessas estruturas respons\u00e1veis por criar a cor excepcionalmente preta. Verificou-se que a luz que atinge as cut\u00edculas vai, progressivamente, sendo direcionada para dentro desses arranjos, ordenados como \u201cfinas p\u00e1ginas de um livro\u201d, de forma que pouqu\u00edssima luz escape e seja refletida.<\/p>\n\n\n\n<div class=\"wp-block-image\"><figure class=\"aligncenter size-large is-resized\"><a href=\"https:\/\/www.instagram.com\/esteio.churrascaria\/\"><img loading=\"lazy\" decoding=\"async\" src=\"https:\/\/jornalfatosenoticias.com.br\/wp-content\/uploads\/2022\/02\/LOGO-ESTEIO-1024x730.png\" alt=\"\" class=\"wp-image-27942\" width=\"345\" height=\"246\" srcset=\"https:\/\/jornalfatosenoticias.com.br\/wp-content\/uploads\/2022\/02\/LOGO-ESTEIO-1024x730.png 1024w, https:\/\/jornalfatosenoticias.com.br\/wp-content\/uploads\/2022\/02\/LOGO-ESTEIO-300x214.png 300w, https:\/\/jornalfatosenoticias.com.br\/wp-content\/uploads\/2022\/02\/LOGO-ESTEIO-768x548.png 768w, https:\/\/jornalfatosenoticias.com.br\/wp-content\/uploads\/2022\/02\/LOGO-ESTEIO.png 1123w\" sizes=\"auto, (max-width: 345px) 100vw, 345px\" \/><\/a><\/figure><\/div>\n\n\n\n<blockquote class=\"wp-block-quote is-layout-flow wp-block-quote-is-layout-flow\"><p><span class=\"has-inline-color has-luminous-vivid-orange-color\">Parece que, junto a essas estruturas ordenadas, h\u00e1 tamb\u00e9m bastante pigmento de melanina. Esse tegumento aumenta o tempo que a luz interage com a estrutura como um todo. Por ela interagir por mais tempo com essa estrutura que tem melanina, a luz acaba sendo mais absorvida\u201d, explica Vinicius Marques Lopez.<\/span><\/p><\/blockquote>\n\n\n\n<div class=\"wp-block-image\"><figure class=\"aligncenter size-large is-resized\"><a href=\"https:\/\/www.instagram.com\/restaurantepegoretti\/\"><img loading=\"lazy\" decoding=\"async\" src=\"https:\/\/jornalfatosenoticias.com.br\/wp-content\/uploads\/2023\/12\/pegoretti-logo-pdf-1024x389.jpg\" alt=\"\" class=\"wp-image-47536\" width=\"493\" height=\"187\" srcset=\"https:\/\/jornalfatosenoticias.com.br\/wp-content\/uploads\/2023\/12\/pegoretti-logo-pdf-1024x389.jpg 1024w, https:\/\/jornalfatosenoticias.com.br\/wp-content\/uploads\/2023\/12\/pegoretti-logo-pdf-300x114.jpg 300w, https:\/\/jornalfatosenoticias.com.br\/wp-content\/uploads\/2023\/12\/pegoretti-logo-pdf-768x291.jpg 768w, https:\/\/jornalfatosenoticias.com.br\/wp-content\/uploads\/2023\/12\/pegoretti-logo-pdf.jpg 1120w\" sizes=\"auto, (max-width: 493px) 100vw, 493px\" \/><\/a><\/figure><\/div>\n\n\n\n<p>Apesar da complexa propriedade encontrada dentro da anatomia das formigas-feiticeiras, Vinicius Lopez destaca que as apari\u00e7\u00f5es de cores ultraescuras na natureza s\u00e3o fen\u00f4menos evolutivamente convergentes, ou seja, n\u00e3o possuem uma ancestralidade comum. O mesmo fen\u00f4meno pode ser observado em algumas aves, r\u00e9pteis e outros artr\u00f3podes, mas n\u00e3o significa que ele se desenvolva da mesma maneira em todos os casos.<\/p>\n\n\n\n<div class=\"wp-block-image\"><figure class=\"aligncenter size-large is-resized\"><a href=\"https:\/\/www.instagram.com\/serra4x4cambioautomatico\/\"><img loading=\"lazy\" decoding=\"async\" src=\"https:\/\/jornalfatosenoticias.com.br\/wp-content\/uploads\/2024\/08\/Serra-4x4-1-886x1024.jpg\" alt=\"\" class=\"wp-image-53632\" width=\"282\" height=\"326\" srcset=\"https:\/\/jornalfatosenoticias.com.br\/wp-content\/uploads\/2024\/08\/Serra-4x4-1-886x1024.jpg 886w, https:\/\/jornalfatosenoticias.com.br\/wp-content\/uploads\/2024\/08\/Serra-4x4-1-260x300.jpg 260w, https:\/\/jornalfatosenoticias.com.br\/wp-content\/uploads\/2024\/08\/Serra-4x4-1-768x888.jpg 768w, https:\/\/jornalfatosenoticias.com.br\/wp-content\/uploads\/2024\/08\/Serra-4x4-1.jpg 1181w\" sizes=\"auto, (max-width: 282px) 100vw, 282px\" \/><\/a><\/figure><\/div>\n\n\n\n<p><strong><span class=\"has-inline-color has-vivid-green-cyan-color\">Cores antipredat\u00f3rias<br><\/span><\/strong>Para entender quais seriam os benef\u00edcios adaptativos da colora\u00e7\u00e3o ultraescura, os pesquisadores buscaram trabalhar em diferentes frentes de an\u00e1lise. Experimentos t\u00e9rmicos, comparando a temperatura do inseto em rela\u00e7\u00e3o ao ambiente n\u00e3o mostraram diferen\u00e7as percept\u00edveis entre as \u00e1reas brancas e as de cut\u00edculas ultraescuras das vespas, \u201cevidenciando que a cor tem um papel secund\u00e1rio na biologia t\u00e9rmica desse animal\u201d, segundo o pesquisador.<\/p>\n\n\n\n<div class=\"wp-block-image\"><figure class=\"aligncenter size-large is-resized\"><a href=\"https:\/\/www.legisjuris.com.br\/\"><img loading=\"lazy\" decoding=\"async\" src=\"https:\/\/jornalfatosenoticias.com.br\/wp-content\/uploads\/2024\/09\/Legis-Juris-Consultoria_logo.jpg\" alt=\"\" class=\"wp-image-53915\" width=\"487\" height=\"204\" srcset=\"https:\/\/jornalfatosenoticias.com.br\/wp-content\/uploads\/2024\/09\/Legis-Juris-Consultoria_logo.jpg 969w, https:\/\/jornalfatosenoticias.com.br\/wp-content\/uploads\/2024\/09\/Legis-Juris-Consultoria_logo-300x126.jpg 300w, https:\/\/jornalfatosenoticias.com.br\/wp-content\/uploads\/2024\/09\/Legis-Juris-Consultoria_logo-768x322.jpg 768w\" sizes=\"auto, (max-width: 487px) 100vw, 487px\" \/><\/a><\/figure><\/div>\n\n\n\n<p>Outra investiga\u00e7\u00e3o tamb\u00e9m foi desenvolvida na tese de Vinicius Lopez que originou o artigo. Nela, realizaram-se modelagens visuais para compreender como predadores interpretam a rara colora\u00e7\u00e3o nos ambientes em que a esp\u00e9cie ocorre. Por meio de dados fisiol\u00f3gicos, fotografias dos insetos em seus habitats e do uso de um alvo de calibra\u00e7\u00e3o de cores (<em>ColorChecker<\/em>), foi poss\u00edvel simular como um predador enxergaria uma formiga-feiticeira.<\/p>\n\n\n\n<div class=\"wp-block-image\"><figure class=\"aligncenter size-large is-resized\"><a href=\"https:\/\/www.instagram.com\/rcradiadores\/\"><img loading=\"lazy\" decoding=\"async\" src=\"https:\/\/jornalfatosenoticias.com.br\/wp-content\/uploads\/2022\/10\/RC_800x750_page-0001.jpg\" alt=\"\" class=\"wp-image-35338\" width=\"329\" height=\"308\" srcset=\"https:\/\/jornalfatosenoticias.com.br\/wp-content\/uploads\/2022\/10\/RC_800x750_page-0001.jpg 400w, https:\/\/jornalfatosenoticias.com.br\/wp-content\/uploads\/2022\/10\/RC_800x750_page-0001-300x281.jpg 300w\" sizes=\"auto, (max-width: 329px) 100vw, 329px\" \/><\/a><\/figure><\/div>\n\n\n\n<p>Os resultados sugerem que predadores como aves e lagartos, capazes de causar dano letal \u00e0s vespas, \u201cs\u00e3o justamente aqueles que as detectam mais facilmente e, ao mesmo tempo, as evitam\u201d. Isso ocorre por adapta\u00e7\u00f5es defensivas desses insetos como o ferr\u00e3o, a cut\u00edcula dura e a impalatabilidade, o que configuraria as cores ultraescuras como uma caracter\u00edstica antipredat\u00f3ria e estrat\u00e9gica para a sobreviv\u00eancia da esp\u00e9cie.<\/p>\n\n\n\n<div class=\"wp-block-image\"><figure class=\"aligncenter size-large is-resized\"><a href=\"https:\/\/www.facebook.com\/profile.php?id=100069289606145\"><img loading=\"lazy\" decoding=\"async\" src=\"https:\/\/jornalfatosenoticias.com.br\/wp-content\/uploads\/2024\/11\/Guaitolini-Contabilidade-1024x714.jpeg\" alt=\"\" class=\"wp-image-55808\" width=\"347\" height=\"242\" srcset=\"https:\/\/jornalfatosenoticias.com.br\/wp-content\/uploads\/2024\/11\/Guaitolini-Contabilidade-1024x714.jpeg 1024w, https:\/\/jornalfatosenoticias.com.br\/wp-content\/uploads\/2024\/11\/Guaitolini-Contabilidade-300x209.jpeg 300w, https:\/\/jornalfatosenoticias.com.br\/wp-content\/uploads\/2024\/11\/Guaitolini-Contabilidade-768x535.jpeg 768w, https:\/\/jornalfatosenoticias.com.br\/wp-content\/uploads\/2024\/11\/Guaitolini-Contabilidade.jpeg 1280w\" sizes=\"auto, (max-width: 347px) 100vw, 347px\" \/><\/a><\/figure><\/div>\n\n\n\n<p>Partindo desse primeiro registro de cores ultraescuras em <em>Hymenoptera<\/em> \u2014 ordem das vespas, abelhas e formigas \u2014 abrem-se potenciais investimentos em estudos para conhecer quais outros grupos possuem essas colora\u00e7\u00f5es e o que levou a esse tipo de adapta\u00e7\u00e3o evolutiva. \u201cS\u00e3o trabalhos importantes at\u00e9 para sugerir aplica\u00e7\u00f5es futuras na ind\u00fastria, principalmente na \u00e1rea da biomim\u00e9tica\u201d, afirma Vinicius Lopez.<\/p>\n\n\n\n<div class=\"wp-block-image\"><figure class=\"aligncenter size-large is-resized\"><a href=\"https:\/\/www.instagram.com\/gruposei\/\"><img loading=\"lazy\" decoding=\"async\" src=\"https:\/\/jornalfatosenoticias.com.br\/wp-content\/uploads\/2022\/07\/Logo-Grupo-SEI.jpg\" alt=\"\" class=\"wp-image-31973\" width=\"400\" height=\"210\" srcset=\"https:\/\/jornalfatosenoticias.com.br\/wp-content\/uploads\/2022\/07\/Logo-Grupo-SEI.jpg 713w, https:\/\/jornalfatosenoticias.com.br\/wp-content\/uploads\/2022\/07\/Logo-Grupo-SEI-300x158.jpg 300w\" sizes=\"auto, (max-width: 400px) 100vw, 400px\" \/><\/a><\/figure><\/div>\n\n\n\n<p>O artigo\u00a0<em>Ultrablack color in velvet ant cuticle<\/em>\u00a0pode ser lido\u00a0<a href=\"https:\/\/www.beilstein-journals.org\/bjnano\/articles\/15\/122\" target=\"_blank\" rel=\"noreferrer noopener\">aqui<\/a>.<\/p>\n\n\n\n<p><strong>Fonte: <a href=\"https:\/\/gizmodo.uol.com.br\/super-escuridao-formiga-feiticeira-tem-cor-rara-que-absorve-quase-toda-luz-visivel\/\">Giz Brasil<\/a><\/strong><\/p>\n","protected":false},"excerpt":{"rendered":"<p>Adapta\u00e7\u00f5es evolutivas criaram estruturas nesta esp\u00e9cie de vespa sem asas, gerando uma rara colora\u00e7\u00e3o ultraescura Por Jornal da USP Cores de animais t\u00eam suas origens na evolu\u00e7\u00e3o e podem servir como mecanismos de sobreviv\u00eancia das esp\u00e9cies, seja para atrair parceiros, afastar predadores ou at\u00e9 se camuflar no ambiente. Um artigo\u00a0publicado na revista cient\u00edfica\u00a0Beilstein Journal of [&hellip;]<\/p>\n","protected":false},"author":2,"featured_media":60350,"comment_status":"open","ping_status":"open","sticky":false,"template":"","format":"standard","meta":{"footnotes":""},"categories":[8],"tags":[59,256,257,3251,27536,5142,5167],"class_list":["post-60349","post","type-post","status-publish","format-standard","has-post-thumbnail","hentry","category-meio-ambiente","tag-abelhas","tag-caatinga","tag-cerrado","tag-coloracao","tag-formiga-feiticeira","tag-formigas","tag-vespas"],"yoast_head":"<!-- This site is optimized with the Yoast SEO plugin v26.5 - https:\/\/yoast.com\/wordpress\/plugins\/seo\/ -->\n<title>Formiga-feiticeira tem cor rara que absorve quase toda luz vis\u00edvel - Jornal Fatos e Not\u00edcias<\/title>\n<meta name=\"robots\" content=\"index, follow, max-snippet:-1, max-image-preview:large, max-video-preview:-1\" \/>\n<link rel=\"canonical\" href=\"https:\/\/jornalfatosenoticias.com.br\/index.php\/2025\/07\/01\/formiga-feiticeira-tem-cor-rara-que-absorve-quase-toda-luz-visivel\/\" \/>\n<meta property=\"og:locale\" content=\"pt_BR\" \/>\n<meta property=\"og:type\" content=\"article\" \/>\n<meta property=\"og:title\" content=\"Formiga-feiticeira tem cor rara que absorve quase toda luz vis\u00edvel - Jornal Fatos e Not\u00edcias\" \/>\n<meta property=\"og:description\" content=\"Adapta\u00e7\u00f5es evolutivas criaram estruturas nesta esp\u00e9cie de vespa sem asas, gerando uma rara colora\u00e7\u00e3o ultraescura Por Jornal da USP Cores de animais t\u00eam suas origens na evolu\u00e7\u00e3o e podem servir como mecanismos de sobreviv\u00eancia das esp\u00e9cies, seja para atrair parceiros, afastar predadores ou at\u00e9 se camuflar no ambiente. Um artigo\u00a0publicado na revista cient\u00edfica\u00a0Beilstein Journal of [&hellip;]\" \/>\n<meta property=\"og:url\" content=\"https:\/\/jornalfatosenoticias.com.br\/index.php\/2025\/07\/01\/formiga-feiticeira-tem-cor-rara-que-absorve-quase-toda-luz-visivel\/\" \/>\n<meta property=\"og:site_name\" content=\"Jornal Fatos e Not\u00edcias\" \/>\n<meta property=\"article:published_time\" content=\"2025-07-01T18:07:22+00:00\" \/>\n<meta property=\"article:modified_time\" content=\"2025-07-01T18:07:23+00:00\" \/>\n<meta property=\"og:image\" content=\"https:\/\/jornalfatosenoticias.com.br\/wp-content\/uploads\/2025\/07\/formiga-feiticeira.jpg\" \/>\n\t<meta property=\"og:image:width\" content=\"1000\" \/>\n\t<meta property=\"og:image:height\" content=\"525\" \/>\n\t<meta property=\"og:image:type\" content=\"image\/jpeg\" \/>\n<meta name=\"author\" content=\"Luzimara Fernandes\" \/>\n<meta name=\"twitter:card\" content=\"summary_large_image\" \/>\n<meta name=\"twitter:label1\" content=\"Escrito por\" \/>\n\t<meta name=\"twitter:data1\" content=\"Luzimara Fernandes\" \/>\n\t<meta name=\"twitter:label2\" content=\"Est. tempo de leitura\" \/>\n\t<meta name=\"twitter:data2\" content=\"4 minutos\" \/>\n<script type=\"application\/ld+json\" class=\"yoast-schema-graph\">{\"@context\":\"https:\/\/schema.org\",\"@graph\":[{\"@type\":\"Article\",\"@id\":\"https:\/\/jornalfatosenoticias.com.br\/index.php\/2025\/07\/01\/formiga-feiticeira-tem-cor-rara-que-absorve-quase-toda-luz-visivel\/#article\",\"isPartOf\":{\"@id\":\"https:\/\/jornalfatosenoticias.com.br\/index.php\/2025\/07\/01\/formiga-feiticeira-tem-cor-rara-que-absorve-quase-toda-luz-visivel\/\"},\"author\":{\"name\":\"Luzimara Fernandes\",\"@id\":\"https:\/\/jornalfatosenoticias.com.br\/#\/schema\/person\/d63837fa13ac8666eb9e74e0985d6f81\"},\"headline\":\"Formiga-feiticeira tem cor rara que absorve quase toda luz vis\u00edvel\",\"datePublished\":\"2025-07-01T18:07:22+00:00\",\"dateModified\":\"2025-07-01T18:07:23+00:00\",\"mainEntityOfPage\":{\"@id\":\"https:\/\/jornalfatosenoticias.com.br\/index.php\/2025\/07\/01\/formiga-feiticeira-tem-cor-rara-que-absorve-quase-toda-luz-visivel\/\"},\"wordCount\":856,\"commentCount\":0,\"publisher\":{\"@id\":\"https:\/\/jornalfatosenoticias.com.br\/#organization\"},\"image\":{\"@id\":\"https:\/\/jornalfatosenoticias.com.br\/index.php\/2025\/07\/01\/formiga-feiticeira-tem-cor-rara-que-absorve-quase-toda-luz-visivel\/#primaryimage\"},\"thumbnailUrl\":\"https:\/\/jornalfatosenoticias.com.br\/wp-content\/uploads\/2025\/07\/formiga-feiticeira.jpg\",\"keywords\":[\"abelhas\",\"caatinga\",\"cerrado\",\"colora\u00e7\u00e3o\",\"formiga-feiticeira\",\"formigas\",\"vespas\"],\"articleSection\":[\"Meio ambiente\"],\"inLanguage\":\"pt-BR\",\"potentialAction\":[{\"@type\":\"CommentAction\",\"name\":\"Comment\",\"target\":[\"https:\/\/jornalfatosenoticias.com.br\/index.php\/2025\/07\/01\/formiga-feiticeira-tem-cor-rara-que-absorve-quase-toda-luz-visivel\/#respond\"]}]},{\"@type\":\"WebPage\",\"@id\":\"https:\/\/jornalfatosenoticias.com.br\/index.php\/2025\/07\/01\/formiga-feiticeira-tem-cor-rara-que-absorve-quase-toda-luz-visivel\/\",\"url\":\"https:\/\/jornalfatosenoticias.com.br\/index.php\/2025\/07\/01\/formiga-feiticeira-tem-cor-rara-que-absorve-quase-toda-luz-visivel\/\",\"name\":\"Formiga-feiticeira tem cor rara que absorve quase toda luz vis\u00edvel - Jornal Fatos e Not\u00edcias\",\"isPartOf\":{\"@id\":\"https:\/\/jornalfatosenoticias.com.br\/#website\"},\"primaryImageOfPage\":{\"@id\":\"https:\/\/jornalfatosenoticias.com.br\/index.php\/2025\/07\/01\/formiga-feiticeira-tem-cor-rara-que-absorve-quase-toda-luz-visivel\/#primaryimage\"},\"image\":{\"@id\":\"https:\/\/jornalfatosenoticias.com.br\/index.php\/2025\/07\/01\/formiga-feiticeira-tem-cor-rara-que-absorve-quase-toda-luz-visivel\/#primaryimage\"},\"thumbnailUrl\":\"https:\/\/jornalfatosenoticias.com.br\/wp-content\/uploads\/2025\/07\/formiga-feiticeira.jpg\",\"datePublished\":\"2025-07-01T18:07:22+00:00\",\"dateModified\":\"2025-07-01T18:07:23+00:00\",\"breadcrumb\":{\"@id\":\"https:\/\/jornalfatosenoticias.com.br\/index.php\/2025\/07\/01\/formiga-feiticeira-tem-cor-rara-que-absorve-quase-toda-luz-visivel\/#breadcrumb\"},\"inLanguage\":\"pt-BR\",\"potentialAction\":[{\"@type\":\"ReadAction\",\"target\":[\"https:\/\/jornalfatosenoticias.com.br\/index.php\/2025\/07\/01\/formiga-feiticeira-tem-cor-rara-que-absorve-quase-toda-luz-visivel\/\"]}]},{\"@type\":\"ImageObject\",\"inLanguage\":\"pt-BR\",\"@id\":\"https:\/\/jornalfatosenoticias.com.br\/index.php\/2025\/07\/01\/formiga-feiticeira-tem-cor-rara-que-absorve-quase-toda-luz-visivel\/#primaryimage\",\"url\":\"https:\/\/jornalfatosenoticias.com.br\/wp-content\/uploads\/2025\/07\/formiga-feiticeira.jpg\",\"contentUrl\":\"https:\/\/jornalfatosenoticias.com.br\/wp-content\/uploads\/2025\/07\/formiga-feiticeira.jpg\",\"width\":1000,\"height\":525},{\"@type\":\"BreadcrumbList\",\"@id\":\"https:\/\/jornalfatosenoticias.com.br\/index.php\/2025\/07\/01\/formiga-feiticeira-tem-cor-rara-que-absorve-quase-toda-luz-visivel\/#breadcrumb\",\"itemListElement\":[{\"@type\":\"ListItem\",\"position\":1,\"name\":\"In\u00edcio\",\"item\":\"https:\/\/jornalfatosenoticias.com.br\/\"},{\"@type\":\"ListItem\",\"position\":2,\"name\":\"Formiga-feiticeira tem cor rara que absorve quase toda luz vis\u00edvel\"}]},{\"@type\":\"WebSite\",\"@id\":\"https:\/\/jornalfatosenoticias.com.br\/#website\",\"url\":\"https:\/\/jornalfatosenoticias.com.br\/\",\"name\":\"Jornal Fatos e Not\u00edcias\",\"description\":\"Not\u00edcias em geral\",\"publisher\":{\"@id\":\"https:\/\/jornalfatosenoticias.com.br\/#organization\"},\"potentialAction\":[{\"@type\":\"SearchAction\",\"target\":{\"@type\":\"EntryPoint\",\"urlTemplate\":\"https:\/\/jornalfatosenoticias.com.br\/?s={search_term_string}\"},\"query-input\":{\"@type\":\"PropertyValueSpecification\",\"valueRequired\":true,\"valueName\":\"search_term_string\"}}],\"inLanguage\":\"pt-BR\"},{\"@type\":\"Organization\",\"@id\":\"https:\/\/jornalfatosenoticias.com.br\/#organization\",\"name\":\"Jornal Fatos e Not\u00edcias\",\"url\":\"https:\/\/jornalfatosenoticias.com.br\/\",\"logo\":{\"@type\":\"ImageObject\",\"inLanguage\":\"pt-BR\",\"@id\":\"https:\/\/jornalfatosenoticias.com.br\/#\/schema\/logo\/image\/\",\"url\":\"https:\/\/jornalfatosenoticias.com.br\/wp-content\/uploads\/2020\/02\/logo120.png\",\"contentUrl\":\"https:\/\/jornalfatosenoticias.com.br\/wp-content\/uploads\/2020\/02\/logo120.png\",\"width\":1227,\"height\":120,\"caption\":\"Jornal Fatos e Not\u00edcias\"},\"image\":{\"@id\":\"https:\/\/jornalfatosenoticias.com.br\/#\/schema\/logo\/image\/\"}},{\"@type\":\"Person\",\"@id\":\"https:\/\/jornalfatosenoticias.com.br\/#\/schema\/person\/d63837fa13ac8666eb9e74e0985d6f81\",\"name\":\"Luzimara Fernandes\",\"image\":{\"@type\":\"ImageObject\",\"inLanguage\":\"pt-BR\",\"@id\":\"https:\/\/jornalfatosenoticias.com.br\/#\/schema\/person\/image\/\",\"url\":\"https:\/\/jornalfatosenoticias.com.br\/wp-content\/uploads\/2025\/05\/EU_portal.jpg\",\"contentUrl\":\"https:\/\/jornalfatosenoticias.com.br\/wp-content\/uploads\/2025\/05\/EU_portal.jpg\",\"caption\":\"Luzimara Fernandes\"},\"description\":\"Jornalista MTB 2358-ES\",\"sameAs\":[\"https:\/\/jornalfatosenoticias.com.br\"],\"url\":\"https:\/\/jornalfatosenoticias.com.br\/index.php\/author\/luzimara\/\"}]}<\/script>\n<!-- \/ Yoast SEO plugin. -->","yoast_head_json":{"title":"Formiga-feiticeira tem cor rara que absorve quase toda luz vis\u00edvel - Jornal Fatos e Not\u00edcias","robots":{"index":"index","follow":"follow","max-snippet":"max-snippet:-1","max-image-preview":"max-image-preview:large","max-video-preview":"max-video-preview:-1"},"canonical":"https:\/\/jornalfatosenoticias.com.br\/index.php\/2025\/07\/01\/formiga-feiticeira-tem-cor-rara-que-absorve-quase-toda-luz-visivel\/","og_locale":"pt_BR","og_type":"article","og_title":"Formiga-feiticeira tem cor rara que absorve quase toda luz vis\u00edvel - Jornal Fatos e Not\u00edcias","og_description":"Adapta\u00e7\u00f5es evolutivas criaram estruturas nesta esp\u00e9cie de vespa sem asas, gerando uma rara colora\u00e7\u00e3o ultraescura Por Jornal da USP Cores de animais t\u00eam suas origens na evolu\u00e7\u00e3o e podem servir como mecanismos de sobreviv\u00eancia das esp\u00e9cies, seja para atrair parceiros, afastar predadores ou at\u00e9 se camuflar no ambiente. Um artigo\u00a0publicado na revista cient\u00edfica\u00a0Beilstein Journal of [&hellip;]","og_url":"https:\/\/jornalfatosenoticias.com.br\/index.php\/2025\/07\/01\/formiga-feiticeira-tem-cor-rara-que-absorve-quase-toda-luz-visivel\/","og_site_name":"Jornal Fatos e Not\u00edcias","article_published_time":"2025-07-01T18:07:22+00:00","article_modified_time":"2025-07-01T18:07:23+00:00","og_image":[{"width":1000,"height":525,"url":"https:\/\/jornalfatosenoticias.com.br\/wp-content\/uploads\/2025\/07\/formiga-feiticeira.jpg","type":"image\/jpeg"}],"author":"Luzimara Fernandes","twitter_card":"summary_large_image","twitter_misc":{"Escrito por":"Luzimara Fernandes","Est. tempo de leitura":"4 minutos"},"schema":{"@context":"https:\/\/schema.org","@graph":[{"@type":"Article","@id":"https:\/\/jornalfatosenoticias.com.br\/index.php\/2025\/07\/01\/formiga-feiticeira-tem-cor-rara-que-absorve-quase-toda-luz-visivel\/#article","isPartOf":{"@id":"https:\/\/jornalfatosenoticias.com.br\/index.php\/2025\/07\/01\/formiga-feiticeira-tem-cor-rara-que-absorve-quase-toda-luz-visivel\/"},"author":{"name":"Luzimara Fernandes","@id":"https:\/\/jornalfatosenoticias.com.br\/#\/schema\/person\/d63837fa13ac8666eb9e74e0985d6f81"},"headline":"Formiga-feiticeira tem cor rara que absorve quase toda luz vis\u00edvel","datePublished":"2025-07-01T18:07:22+00:00","dateModified":"2025-07-01T18:07:23+00:00","mainEntityOfPage":{"@id":"https:\/\/jornalfatosenoticias.com.br\/index.php\/2025\/07\/01\/formiga-feiticeira-tem-cor-rara-que-absorve-quase-toda-luz-visivel\/"},"wordCount":856,"commentCount":0,"publisher":{"@id":"https:\/\/jornalfatosenoticias.com.br\/#organization"},"image":{"@id":"https:\/\/jornalfatosenoticias.com.br\/index.php\/2025\/07\/01\/formiga-feiticeira-tem-cor-rara-que-absorve-quase-toda-luz-visivel\/#primaryimage"},"thumbnailUrl":"https:\/\/jornalfatosenoticias.com.br\/wp-content\/uploads\/2025\/07\/formiga-feiticeira.jpg","keywords":["abelhas","caatinga","cerrado","colora\u00e7\u00e3o","formiga-feiticeira","formigas","vespas"],"articleSection":["Meio ambiente"],"inLanguage":"pt-BR","potentialAction":[{"@type":"CommentAction","name":"Comment","target":["https:\/\/jornalfatosenoticias.com.br\/index.php\/2025\/07\/01\/formiga-feiticeira-tem-cor-rara-que-absorve-quase-toda-luz-visivel\/#respond"]}]},{"@type":"WebPage","@id":"https:\/\/jornalfatosenoticias.com.br\/index.php\/2025\/07\/01\/formiga-feiticeira-tem-cor-rara-que-absorve-quase-toda-luz-visivel\/","url":"https:\/\/jornalfatosenoticias.com.br\/index.php\/2025\/07\/01\/formiga-feiticeira-tem-cor-rara-que-absorve-quase-toda-luz-visivel\/","name":"Formiga-feiticeira tem cor rara que absorve quase toda luz vis\u00edvel - Jornal Fatos e Not\u00edcias","isPartOf":{"@id":"https:\/\/jornalfatosenoticias.com.br\/#website"},"primaryImageOfPage":{"@id":"https:\/\/jornalfatosenoticias.com.br\/index.php\/2025\/07\/01\/formiga-feiticeira-tem-cor-rara-que-absorve-quase-toda-luz-visivel\/#primaryimage"},"image":{"@id":"https:\/\/jornalfatosenoticias.com.br\/index.php\/2025\/07\/01\/formiga-feiticeira-tem-cor-rara-que-absorve-quase-toda-luz-visivel\/#primaryimage"},"thumbnailUrl":"https:\/\/jornalfatosenoticias.com.br\/wp-content\/uploads\/2025\/07\/formiga-feiticeira.jpg","datePublished":"2025-07-01T18:07:22+00:00","dateModified":"2025-07-01T18:07:23+00:00","breadcrumb":{"@id":"https:\/\/jornalfatosenoticias.com.br\/index.php\/2025\/07\/01\/formiga-feiticeira-tem-cor-rara-que-absorve-quase-toda-luz-visivel\/#breadcrumb"},"inLanguage":"pt-BR","potentialAction":[{"@type":"ReadAction","target":["https:\/\/jornalfatosenoticias.com.br\/index.php\/2025\/07\/01\/formiga-feiticeira-tem-cor-rara-que-absorve-quase-toda-luz-visivel\/"]}]},{"@type":"ImageObject","inLanguage":"pt-BR","@id":"https:\/\/jornalfatosenoticias.com.br\/index.php\/2025\/07\/01\/formiga-feiticeira-tem-cor-rara-que-absorve-quase-toda-luz-visivel\/#primaryimage","url":"https:\/\/jornalfatosenoticias.com.br\/wp-content\/uploads\/2025\/07\/formiga-feiticeira.jpg","contentUrl":"https:\/\/jornalfatosenoticias.com.br\/wp-content\/uploads\/2025\/07\/formiga-feiticeira.jpg","width":1000,"height":525},{"@type":"BreadcrumbList","@id":"https:\/\/jornalfatosenoticias.com.br\/index.php\/2025\/07\/01\/formiga-feiticeira-tem-cor-rara-que-absorve-quase-toda-luz-visivel\/#breadcrumb","itemListElement":[{"@type":"ListItem","position":1,"name":"In\u00edcio","item":"https:\/\/jornalfatosenoticias.com.br\/"},{"@type":"ListItem","position":2,"name":"Formiga-feiticeira tem cor rara que absorve quase toda luz vis\u00edvel"}]},{"@type":"WebSite","@id":"https:\/\/jornalfatosenoticias.com.br\/#website","url":"https:\/\/jornalfatosenoticias.com.br\/","name":"Jornal Fatos e Not\u00edcias","description":"Not\u00edcias em geral","publisher":{"@id":"https:\/\/jornalfatosenoticias.com.br\/#organization"},"potentialAction":[{"@type":"SearchAction","target":{"@type":"EntryPoint","urlTemplate":"https:\/\/jornalfatosenoticias.com.br\/?s={search_term_string}"},"query-input":{"@type":"PropertyValueSpecification","valueRequired":true,"valueName":"search_term_string"}}],"inLanguage":"pt-BR"},{"@type":"Organization","@id":"https:\/\/jornalfatosenoticias.com.br\/#organization","name":"Jornal Fatos e Not\u00edcias","url":"https:\/\/jornalfatosenoticias.com.br\/","logo":{"@type":"ImageObject","inLanguage":"pt-BR","@id":"https:\/\/jornalfatosenoticias.com.br\/#\/schema\/logo\/image\/","url":"https:\/\/jornalfatosenoticias.com.br\/wp-content\/uploads\/2020\/02\/logo120.png","contentUrl":"https:\/\/jornalfatosenoticias.com.br\/wp-content\/uploads\/2020\/02\/logo120.png","width":1227,"height":120,"caption":"Jornal Fatos e Not\u00edcias"},"image":{"@id":"https:\/\/jornalfatosenoticias.com.br\/#\/schema\/logo\/image\/"}},{"@type":"Person","@id":"https:\/\/jornalfatosenoticias.com.br\/#\/schema\/person\/d63837fa13ac8666eb9e74e0985d6f81","name":"Luzimara Fernandes","image":{"@type":"ImageObject","inLanguage":"pt-BR","@id":"https:\/\/jornalfatosenoticias.com.br\/#\/schema\/person\/image\/","url":"https:\/\/jornalfatosenoticias.com.br\/wp-content\/uploads\/2025\/05\/EU_portal.jpg","contentUrl":"https:\/\/jornalfatosenoticias.com.br\/wp-content\/uploads\/2025\/05\/EU_portal.jpg","caption":"Luzimara Fernandes"},"description":"Jornalista MTB 2358-ES","sameAs":["https:\/\/jornalfatosenoticias.com.br"],"url":"https:\/\/jornalfatosenoticias.com.br\/index.php\/author\/luzimara\/"}]}},"cc_featured_image_caption":{"caption_text":"(Foto: Jornal da USP\/Reprodu\u00e7\u00e3o)","source_text":"","source_url":""},"jetpack_featured_media_url":"https:\/\/jornalfatosenoticias.com.br\/wp-content\/uploads\/2025\/07\/formiga-feiticeira.jpg","_links":{"self":[{"href":"https:\/\/jornalfatosenoticias.com.br\/index.php\/wp-json\/wp\/v2\/posts\/60349","targetHints":{"allow":["GET"]}}],"collection":[{"href":"https:\/\/jornalfatosenoticias.com.br\/index.php\/wp-json\/wp\/v2\/posts"}],"about":[{"href":"https:\/\/jornalfatosenoticias.com.br\/index.php\/wp-json\/wp\/v2\/types\/post"}],"author":[{"embeddable":true,"href":"https:\/\/jornalfatosenoticias.com.br\/index.php\/wp-json\/wp\/v2\/users\/2"}],"replies":[{"embeddable":true,"href":"https:\/\/jornalfatosenoticias.com.br\/index.php\/wp-json\/wp\/v2\/comments?post=60349"}],"version-history":[{"count":0,"href":"https:\/\/jornalfatosenoticias.com.br\/index.php\/wp-json\/wp\/v2\/posts\/60349\/revisions"}],"wp:featuredmedia":[{"embeddable":true,"href":"https:\/\/jornalfatosenoticias.com.br\/index.php\/wp-json\/wp\/v2\/media\/60350"}],"wp:attachment":[{"href":"https:\/\/jornalfatosenoticias.com.br\/index.php\/wp-json\/wp\/v2\/media?parent=60349"}],"wp:term":[{"taxonomy":"category","embeddable":true,"href":"https:\/\/jornalfatosenoticias.com.br\/index.php\/wp-json\/wp\/v2\/categories?post=60349"},{"taxonomy":"post_tag","embeddable":true,"href":"https:\/\/jornalfatosenoticias.com.br\/index.php\/wp-json\/wp\/v2\/tags?post=60349"}],"curies":[{"name":"wp","href":"https:\/\/api.w.org\/{rel}","templated":true}]}}