{"id":60352,"date":"2025-07-01T15:26:03","date_gmt":"2025-07-01T18:26:03","guid":{"rendered":"https:\/\/jornalfatosenoticias.com.br\/?p=60352"},"modified":"2025-07-01T15:26:04","modified_gmt":"2025-07-01T18:26:04","slug":"conheca-a-primeira-brasileira-a-se-formar-com-nota-maxima-em-harvard","status":"publish","type":"post","link":"https:\/\/jornalfatosenoticias.com.br\/index.php\/2025\/07\/01\/conheca-a-primeira-brasileira-a-se-formar-com-nota-maxima-em-harvard\/","title":{"rendered":"Conhe\u00e7a a primeira brasileira a se formar com nota m\u00e1xima em Harvard"},"content":{"rendered":"\n<p><em><span class=\"has-inline-color has-black-color\">A brasileira, que conquistou o diploma de Havard com m\u00e9rito, pretende cursar o doutorado em Psiquiatria na Universidade de Cambridge<\/span><\/em><\/p>\n\n\n\n<p><span class=\"has-inline-color has-black-color\">Por <strong><a href=\"https:\/\/www.bonsfluidos.com.br\/author\/maria-clara\">Maria Clara Pinheiro<\/a><\/strong><\/span><\/p>\n\n\n\n<div class=\"wp-block-image\"><figure class=\"aligncenter size-large\"><a href=\"https:\/\/mizu.com.br\/\"><img loading=\"lazy\" decoding=\"async\" width=\"729\" height=\"90\" src=\"https:\/\/jornalfatosenoticias.com.br\/wp-content\/uploads\/2020\/02\/Logo_Mizu.png\" alt=\"\" class=\"wp-image-1441\" srcset=\"https:\/\/jornalfatosenoticias.com.br\/wp-content\/uploads\/2020\/02\/Logo_Mizu.png 729w, https:\/\/jornalfatosenoticias.com.br\/wp-content\/uploads\/2020\/02\/Logo_Mizu-300x37.png 300w\" sizes=\"auto, (max-width: 729px) 100vw, 729px\" \/><\/a><\/figure><\/div>\n\n\n\n<p>Sarah Borges sempre sonhou em se conceituar como pesquisadora. O que a brasileira n\u00e3o imaginava, no entanto, era iniciar a sua jornada de sucesso com a nota mais alta de Harvard, uma universidade americana com reconhecimento internacional. O feito ainda fez com ela conquistasse o pr\u00eamio Sophia Freund, concedido aos <a href=\"https:\/\/www.bonsfluidos.com.br\/inspiracao\/projeto-social-abre-inscricoes-para-curso-gratuito-de-capacitacao-para-estudantes-do-ensino-medio-em-sao-paulo.phtml\">estudantes<\/a> com as melhores m\u00e9dias.<br>A hist\u00f3ria da goianiense come\u00e7ou em 2020, logo ap\u00f3s o fim do ensino m\u00e9dio, quando Borges e sua irm\u00e3 <a href=\"https:\/\/www.bonsfluidos.com.br\/esoterismo\/alma-gemea-veja-os-signos-que-mais-se-dao-bem-com-o-seu.phtml\">g\u00eamea<\/a> Sophia passaram no vestibular de Medicina da Universidade de S\u00e3o Paulo (USP). Nesse momento, per\u00edodo em que a pandemia chegou ao Brasil, as meninas e seus familiares encontraram uma raz\u00e3o para comemorar.<\/p>\n\n\n\n<div class=\"wp-block-image\"><figure class=\"aligncenter size-large\"><a href=\"https:\/\/www.cesconetto.com.br\/\"><img loading=\"lazy\" decoding=\"async\" width=\"300\" height=\"250\" src=\"https:\/\/jornalfatosenoticias.com.br\/wp-content\/uploads\/2022\/02\/Banner-2.png\" alt=\"\" class=\"wp-image-27877\"\/><\/a><\/figure><\/div>\n\n\n\n<p>Outro motivo, contudo, surgiu repentinamente meses depois. Em 26 de mar\u00e7o de 2020, enquanto cursava a gradua\u00e7\u00e3o no modelo on-line, a jovem recebeu o e-mail da aprova\u00e7\u00e3o em Harvard. <em>\u201cEu achava que veria um \u2018n\u00e3o\u2019, mas estava escrito: \u2018Congratulations!\u2019 [Parab\u00e9ns, em <a href=\"https:\/\/www.bonsfluidos.com.br\/autoconhecimento\/quer-comecar-a-aprender-ingles-em-2025-veja-tres-dicas.phtml\">ingl\u00eas<\/a>]\u201d, <\/em>contou em entrevista ao \u2018g1\u2019. Sarah, ent\u00e3o, se viu com duas oportunidades imperd\u00edveis: seguir com o curso de medicina na faculdade paulista ou se formar em Psicologia fora do pa\u00eds. Assim, ap\u00f3s conversar com amigos, ela descobriu que se atraia mais pela chance de focar em pesquisas do que de atuar em <a href=\"https:\/\/www.bonsfluidos.com.br\/bem-estar\/56-dos-hospitais-estaduais-de-sp-nao-tem-mais-pacientes-com-covid-19.phtml\">hospitais<\/a>. <em>\u201cTive medo de desistir de um sonho, mas era s\u00f3 o come\u00e7o de outro\u201d, disse.<\/em><\/p>\n\n\n\n<div class=\"wp-block-image\"><figure class=\"aligncenter size-large is-resized\"><a href=\"https:\/\/www.legisjuris.com.br\/\"><img loading=\"lazy\" decoding=\"async\" src=\"https:\/\/jornalfatosenoticias.com.br\/wp-content\/uploads\/2024\/09\/Legis-Juris-Consultoria_logo.jpg\" alt=\"\" class=\"wp-image-53915\" width=\"504\" height=\"211\" srcset=\"https:\/\/jornalfatosenoticias.com.br\/wp-content\/uploads\/2024\/09\/Legis-Juris-Consultoria_logo.jpg 969w, https:\/\/jornalfatosenoticias.com.br\/wp-content\/uploads\/2024\/09\/Legis-Juris-Consultoria_logo-300x126.jpg 300w, https:\/\/jornalfatosenoticias.com.br\/wp-content\/uploads\/2024\/09\/Legis-Juris-Consultoria_logo-768x322.jpg 768w\" sizes=\"auto, (max-width: 504px) 100vw, 504px\" \/><\/a><\/figure><\/div>\n\n\n\n<p>Com esse pensamento, Borges embarcou para os Estados Unidos depois de um ano sab\u00e1tico, no qual esperou pelo controle da <a href=\"https:\/\/www.bonsfluidos.com.br\/bem-estar\/a-pandemia-nos-envelheceu-especialista-esclarece-as-duvidas-sobre-a-pele-pandemica.phtml\">pandemia<\/a> e se dedicou em participar de projetos volunt\u00e1rios. Passados quatro anos, ela mostrou para todos que sua escolha foi certeira.<\/p>\n\n\n\n<div class=\"wp-block-image\"><figure class=\"aligncenter size-large is-resized\"><a href=\"https:\/\/www.controlsystems.com.br\/\"><img loading=\"lazy\" decoding=\"async\" src=\"https:\/\/jornalfatosenoticias.com.br\/wp-content\/uploads\/2020\/02\/CONTROL-CS.jpg\" alt=\"\" class=\"wp-image-44991\" width=\"285\" height=\"342\" srcset=\"https:\/\/jornalfatosenoticias.com.br\/wp-content\/uploads\/2020\/02\/CONTROL-CS.jpg 834w, https:\/\/jornalfatosenoticias.com.br\/wp-content\/uploads\/2020\/02\/CONTROL-CS-250x300.jpg 250w, https:\/\/jornalfatosenoticias.com.br\/wp-content\/uploads\/2020\/02\/CONTROL-CS-768x921.jpg 768w\" sizes=\"auto, (max-width: 285px) 100vw, 285px\" \/><\/a><\/figure><\/div>\n\n\n\n<p>Aos 23 anos, a goianiense finalizou seus estudos com uma tese focada em apontar meios para garantir acesso \u00e0 sa\u00fade mental aos <a href=\"https:\/\/www.bonsfluidos.com.br\/comportamento\/geracao-nem-nem-como-os-pais-sao-afetados-com-o-comportamento-desses-jovens.phtml\">jovens<\/a> do Brasil. O esfor\u00e7o fez que ela se formasse em Havard com m\u00e9rito, aparecendo entre os 53 alunos premiados com um Sophia Freund Prize. Borges \u00e9 a primeira brasileira a conquistar o feito.<\/p>\n\n\n\n<div class=\"wp-block-image\"><figure class=\"aligncenter size-large is-resized\"><a href=\"https:\/\/hotelmarquetti.com.br\/\"><img loading=\"lazy\" decoding=\"async\" src=\"https:\/\/jornalfatosenoticias.com.br\/wp-content\/uploads\/2020\/02\/LOGO-MQ-1024x680.jpg\" alt=\"\" class=\"wp-image-58299\" width=\"367\" height=\"244\" srcset=\"https:\/\/jornalfatosenoticias.com.br\/wp-content\/uploads\/2020\/02\/LOGO-MQ-1024x680.jpg 1024w, https:\/\/jornalfatosenoticias.com.br\/wp-content\/uploads\/2020\/02\/LOGO-MQ-300x199.jpg 300w, https:\/\/jornalfatosenoticias.com.br\/wp-content\/uploads\/2020\/02\/LOGO-MQ-768x510.jpg 768w, https:\/\/jornalfatosenoticias.com.br\/wp-content\/uploads\/2020\/02\/LOGO-MQ-1536x1020.jpg 1536w, https:\/\/jornalfatosenoticias.com.br\/wp-content\/uploads\/2020\/02\/LOGO-MQ-2048x1360.jpg 2048w\" sizes=\"auto, (max-width: 367px) 100vw, 367px\" \/><\/a><\/figure><\/div>\n\n\n\n<p><strong><span class=\"has-inline-color has-vivid-purple-color\">Pr\u00f3ximos passos<br><\/span><\/strong>Seguindo com os planos de permanecer no \u00e2mbito acad\u00eamico, Sarah conseguiu uma bolsa para cursar o doutorado em Psiquiatria na Universidade de Cambridge, no Reino Unido. Em entrevistas, ela afirmou que ir\u00e1 trabalhar para descobrir os melhores m\u00e9todos para prevenir e tratar o emocional de indiv\u00edduos de todo o <a href=\"https:\/\/www.bonsfluidos.com.br\/bem-estar\/quais-sao-os-paises-mais-felizes-do-mundo-veja-o-ranking.phtml\">mundo<\/a>.<\/p>\n\n\n\n<div class=\"wp-block-image\"><figure class=\"aligncenter size-large\"><a href=\"http:\/\/www.ferrarimaquinas.com.br\/\"><img loading=\"lazy\" decoding=\"async\" width=\"300\" height=\"250\" src=\"https:\/\/jornalfatosenoticias.com.br\/wp-content\/uploads\/2022\/02\/FERRARI_MAQUINAS-E-FERRAMENTAS2.jpg\" alt=\"\" class=\"wp-image-27860\"\/><\/a><\/figure><\/div>\n\n\n\n<blockquote class=\"wp-block-quote is-layout-flow wp-block-quote-is-layout-flow\"><p><span class=\"has-inline-color has-luminous-vivid-orange-color\">Depois de quatro anos que transformaram minha vida de formas que ainda n\u00e3o posso entender, saio com a convic\u00e7\u00e3o refor\u00e7ada no poder de uma boa <em><a href=\"https:\/\/www.bonsfluidos.com.br\/coluna-jamar-tejada\/regra-simples-de-educacao-a-crianca-que-se-alimenta-bem-hoje-e-o-adulto-com-saude-amanha.phtml\">educa\u00e7\u00e3o<\/a><\/em> em abrir portas (e mentes) \u2014 e na import\u00e2ncia de mant\u00ea-las abertas para todos\u201d, afirmou em uma postagem no Instagram.<\/span><\/p><\/blockquote>\n\n\n\n<div class=\"wp-block-image\"><figure class=\"aligncenter size-large is-resized\"><a href=\"https:\/\/panper.com.br\/\"><img loading=\"lazy\" decoding=\"async\" src=\"https:\/\/jornalfatosenoticias.com.br\/wp-content\/uploads\/2023\/03\/logo-Panper_portal.jpg\" alt=\"\" class=\"wp-image-40208\" width=\"331\" height=\"229\" srcset=\"https:\/\/jornalfatosenoticias.com.br\/wp-content\/uploads\/2023\/03\/logo-Panper_portal.jpg 400w, https:\/\/jornalfatosenoticias.com.br\/wp-content\/uploads\/2023\/03\/logo-Panper_portal-300x208.jpg 300w\" sizes=\"auto, (max-width: 331px) 100vw, 331px\" \/><\/a><\/figure><\/div>\n\n\n\n<p><strong>Fonte: <a href=\"https:\/\/www.bonsfluidos.com.br\/inspiracao\/feito-unico-brasileira-se-forma-com-nota-maxima-em-harvard.phtml\">Bons Fluidos<\/a><\/strong><\/p>\n","protected":false},"excerpt":{"rendered":"<p>A brasileira, que conquistou o diploma de Havard com m\u00e9rito, pretende cursar o doutorado em Psiquiatria na Universidade de Cambridge Por Maria Clara Pinheiro Sarah Borges sempre sonhou em se conceituar como pesquisadora. O que a brasileira n\u00e3o imaginava, no entanto, era iniciar a sua jornada de sucesso com a nota mais alta de Harvard, [&hellip;]<\/p>\n","protected":false},"author":2,"featured_media":60353,"comment_status":"open","ping_status":"open","sticky":false,"template":"","format":"standard","meta":{"footnotes":""},"categories":[7],"tags":[597,10857,969,1751,2172,23949,27541,1648,7800,2148,27537,1986,2834,27540,688,27539,27538,425,23473,351],"class_list":["post-60352","post","type-post","status-publish","format-standard","has-post-thumbnail","hentry","category-educacao","tag-brasil","tag-brasileira","tag-emocional","tag-estados-unidos","tag-estudante","tag-faculdade","tag-goianiense","tag-harvard","tag-inspiracao","tag-medicina","tag-nota","tag-psicologia","tag-reino-unido","tag-sarah-borges","tag-saude-mental","tag-sophia-freund-prize","tag-tese","tag-universidade","tag-universidade-de-cambridge","tag-usp"],"yoast_head":"<!-- This site is optimized with the Yoast SEO plugin v26.5 - https:\/\/yoast.com\/wordpress\/plugins\/seo\/ -->\n<title>Conhe\u00e7a a primeira brasileira a se formar com nota m\u00e1xima em Harvard - Jornal Fatos e Not\u00edcias<\/title>\n<meta name=\"robots\" content=\"index, follow, max-snippet:-1, max-image-preview:large, max-video-preview:-1\" \/>\n<link rel=\"canonical\" href=\"https:\/\/jornalfatosenoticias.com.br\/index.php\/2025\/07\/01\/conheca-a-primeira-brasileira-a-se-formar-com-nota-maxima-em-harvard\/\" \/>\n<meta property=\"og:locale\" content=\"pt_BR\" \/>\n<meta property=\"og:type\" content=\"article\" \/>\n<meta property=\"og:title\" content=\"Conhe\u00e7a a primeira brasileira a se formar com nota m\u00e1xima em Harvard - Jornal Fatos e Not\u00edcias\" \/>\n<meta property=\"og:description\" content=\"A brasileira, que conquistou o diploma de Havard com m\u00e9rito, pretende cursar o doutorado em Psiquiatria na Universidade de Cambridge Por Maria Clara Pinheiro Sarah Borges sempre sonhou em se conceituar como pesquisadora. O que a brasileira n\u00e3o imaginava, no entanto, era iniciar a sua jornada de sucesso com a nota mais alta de Harvard, [&hellip;]\" \/>\n<meta property=\"og:url\" content=\"https:\/\/jornalfatosenoticias.com.br\/index.php\/2025\/07\/01\/conheca-a-primeira-brasileira-a-se-formar-com-nota-maxima-em-harvard\/\" \/>\n<meta property=\"og:site_name\" content=\"Jornal Fatos e Not\u00edcias\" \/>\n<meta property=\"article:published_time\" content=\"2025-07-01T18:26:03+00:00\" \/>\n<meta property=\"article:modified_time\" content=\"2025-07-01T18:26:04+00:00\" \/>\n<meta property=\"og:image\" content=\"https:\/\/jornalfatosenoticias.com.br\/wp-content\/uploads\/2025\/07\/brasileira_Harvard.png\" \/>\n\t<meta property=\"og:image:width\" content=\"1000\" \/>\n\t<meta property=\"og:image:height\" content=\"562\" \/>\n\t<meta property=\"og:image:type\" content=\"image\/png\" \/>\n<meta name=\"author\" content=\"Luzimara Fernandes\" \/>\n<meta name=\"twitter:card\" content=\"summary_large_image\" \/>\n<meta name=\"twitter:label1\" content=\"Escrito por\" \/>\n\t<meta name=\"twitter:data1\" content=\"Luzimara Fernandes\" \/>\n\t<meta name=\"twitter:label2\" content=\"Est. tempo de leitura\" \/>\n\t<meta name=\"twitter:data2\" content=\"2 minutos\" \/>\n<script type=\"application\/ld+json\" class=\"yoast-schema-graph\">{\"@context\":\"https:\/\/schema.org\",\"@graph\":[{\"@type\":\"Article\",\"@id\":\"https:\/\/jornalfatosenoticias.com.br\/index.php\/2025\/07\/01\/conheca-a-primeira-brasileira-a-se-formar-com-nota-maxima-em-harvard\/#article\",\"isPartOf\":{\"@id\":\"https:\/\/jornalfatosenoticias.com.br\/index.php\/2025\/07\/01\/conheca-a-primeira-brasileira-a-se-formar-com-nota-maxima-em-harvard\/\"},\"author\":{\"name\":\"Luzimara Fernandes\",\"@id\":\"https:\/\/jornalfatosenoticias.com.br\/#\/schema\/person\/d63837fa13ac8666eb9e74e0985d6f81\"},\"headline\":\"Conhe\u00e7a a primeira brasileira a se formar com nota m\u00e1xima em Harvard\",\"datePublished\":\"2025-07-01T18:26:03+00:00\",\"dateModified\":\"2025-07-01T18:26:04+00:00\",\"mainEntityOfPage\":{\"@id\":\"https:\/\/jornalfatosenoticias.com.br\/index.php\/2025\/07\/01\/conheca-a-primeira-brasileira-a-se-formar-com-nota-maxima-em-harvard\/\"},\"wordCount\":483,\"commentCount\":0,\"publisher\":{\"@id\":\"https:\/\/jornalfatosenoticias.com.br\/#organization\"},\"image\":{\"@id\":\"https:\/\/jornalfatosenoticias.com.br\/index.php\/2025\/07\/01\/conheca-a-primeira-brasileira-a-se-formar-com-nota-maxima-em-harvard\/#primaryimage\"},\"thumbnailUrl\":\"https:\/\/jornalfatosenoticias.com.br\/wp-content\/uploads\/2025\/07\/brasileira_Harvard.png\",\"keywords\":[\"Brasil\",\"brasileira\",\"emocional\",\"Estados Unidos\",\"estudante\",\"faculdade\",\"goianiense\",\"Harvard\",\"inspira\u00e7\u00e3o\",\"medicina\",\"nota\",\"psicologia\",\"Reino Unido\",\"Sarah Borges\",\"sa\u00fade mental\",\"Sophia Freund Prize\",\"tese\",\"Universidade\",\"Universidade de Cambridge\",\"USP\"],\"articleSection\":[\"Educa\u00e7\u00e3o\"],\"inLanguage\":\"pt-BR\",\"potentialAction\":[{\"@type\":\"CommentAction\",\"name\":\"Comment\",\"target\":[\"https:\/\/jornalfatosenoticias.com.br\/index.php\/2025\/07\/01\/conheca-a-primeira-brasileira-a-se-formar-com-nota-maxima-em-harvard\/#respond\"]}]},{\"@type\":\"WebPage\",\"@id\":\"https:\/\/jornalfatosenoticias.com.br\/index.php\/2025\/07\/01\/conheca-a-primeira-brasileira-a-se-formar-com-nota-maxima-em-harvard\/\",\"url\":\"https:\/\/jornalfatosenoticias.com.br\/index.php\/2025\/07\/01\/conheca-a-primeira-brasileira-a-se-formar-com-nota-maxima-em-harvard\/\",\"name\":\"Conhe\u00e7a a primeira brasileira a se formar com nota m\u00e1xima em Harvard - Jornal Fatos e Not\u00edcias\",\"isPartOf\":{\"@id\":\"https:\/\/jornalfatosenoticias.com.br\/#website\"},\"primaryImageOfPage\":{\"@id\":\"https:\/\/jornalfatosenoticias.com.br\/index.php\/2025\/07\/01\/conheca-a-primeira-brasileira-a-se-formar-com-nota-maxima-em-harvard\/#primaryimage\"},\"image\":{\"@id\":\"https:\/\/jornalfatosenoticias.com.br\/index.php\/2025\/07\/01\/conheca-a-primeira-brasileira-a-se-formar-com-nota-maxima-em-harvard\/#primaryimage\"},\"thumbnailUrl\":\"https:\/\/jornalfatosenoticias.com.br\/wp-content\/uploads\/2025\/07\/brasileira_Harvard.png\",\"datePublished\":\"2025-07-01T18:26:03+00:00\",\"dateModified\":\"2025-07-01T18:26:04+00:00\",\"breadcrumb\":{\"@id\":\"https:\/\/jornalfatosenoticias.com.br\/index.php\/2025\/07\/01\/conheca-a-primeira-brasileira-a-se-formar-com-nota-maxima-em-harvard\/#breadcrumb\"},\"inLanguage\":\"pt-BR\",\"potentialAction\":[{\"@type\":\"ReadAction\",\"target\":[\"https:\/\/jornalfatosenoticias.com.br\/index.php\/2025\/07\/01\/conheca-a-primeira-brasileira-a-se-formar-com-nota-maxima-em-harvard\/\"]}]},{\"@type\":\"ImageObject\",\"inLanguage\":\"pt-BR\",\"@id\":\"https:\/\/jornalfatosenoticias.com.br\/index.php\/2025\/07\/01\/conheca-a-primeira-brasileira-a-se-formar-com-nota-maxima-em-harvard\/#primaryimage\",\"url\":\"https:\/\/jornalfatosenoticias.com.br\/wp-content\/uploads\/2025\/07\/brasileira_Harvard.png\",\"contentUrl\":\"https:\/\/jornalfatosenoticias.com.br\/wp-content\/uploads\/2025\/07\/brasileira_Harvard.png\",\"width\":1000,\"height\":562},{\"@type\":\"BreadcrumbList\",\"@id\":\"https:\/\/jornalfatosenoticias.com.br\/index.php\/2025\/07\/01\/conheca-a-primeira-brasileira-a-se-formar-com-nota-maxima-em-harvard\/#breadcrumb\",\"itemListElement\":[{\"@type\":\"ListItem\",\"position\":1,\"name\":\"In\u00edcio\",\"item\":\"https:\/\/jornalfatosenoticias.com.br\/\"},{\"@type\":\"ListItem\",\"position\":2,\"name\":\"Conhe\u00e7a a primeira brasileira a se formar com nota m\u00e1xima em Harvard\"}]},{\"@type\":\"WebSite\",\"@id\":\"https:\/\/jornalfatosenoticias.com.br\/#website\",\"url\":\"https:\/\/jornalfatosenoticias.com.br\/\",\"name\":\"Jornal Fatos e Not\u00edcias\",\"description\":\"Not\u00edcias em geral\",\"publisher\":{\"@id\":\"https:\/\/jornalfatosenoticias.com.br\/#organization\"},\"potentialAction\":[{\"@type\":\"SearchAction\",\"target\":{\"@type\":\"EntryPoint\",\"urlTemplate\":\"https:\/\/jornalfatosenoticias.com.br\/?s={search_term_string}\"},\"query-input\":{\"@type\":\"PropertyValueSpecification\",\"valueRequired\":true,\"valueName\":\"search_term_string\"}}],\"inLanguage\":\"pt-BR\"},{\"@type\":\"Organization\",\"@id\":\"https:\/\/jornalfatosenoticias.com.br\/#organization\",\"name\":\"Jornal Fatos e Not\u00edcias\",\"url\":\"https:\/\/jornalfatosenoticias.com.br\/\",\"logo\":{\"@type\":\"ImageObject\",\"inLanguage\":\"pt-BR\",\"@id\":\"https:\/\/jornalfatosenoticias.com.br\/#\/schema\/logo\/image\/\",\"url\":\"https:\/\/jornalfatosenoticias.com.br\/wp-content\/uploads\/2020\/02\/logo120.png\",\"contentUrl\":\"https:\/\/jornalfatosenoticias.com.br\/wp-content\/uploads\/2020\/02\/logo120.png\",\"width\":1227,\"height\":120,\"caption\":\"Jornal Fatos e Not\u00edcias\"},\"image\":{\"@id\":\"https:\/\/jornalfatosenoticias.com.br\/#\/schema\/logo\/image\/\"}},{\"@type\":\"Person\",\"@id\":\"https:\/\/jornalfatosenoticias.com.br\/#\/schema\/person\/d63837fa13ac8666eb9e74e0985d6f81\",\"name\":\"Luzimara Fernandes\",\"image\":{\"@type\":\"ImageObject\",\"inLanguage\":\"pt-BR\",\"@id\":\"https:\/\/jornalfatosenoticias.com.br\/#\/schema\/person\/image\/\",\"url\":\"https:\/\/jornalfatosenoticias.com.br\/wp-content\/uploads\/2025\/05\/EU_portal.jpg\",\"contentUrl\":\"https:\/\/jornalfatosenoticias.com.br\/wp-content\/uploads\/2025\/05\/EU_portal.jpg\",\"caption\":\"Luzimara Fernandes\"},\"description\":\"Jornalista MTB 2358-ES\",\"sameAs\":[\"https:\/\/jornalfatosenoticias.com.br\"],\"url\":\"https:\/\/jornalfatosenoticias.com.br\/index.php\/author\/luzimara\/\"}]}<\/script>\n<!-- \/ Yoast SEO plugin. -->","yoast_head_json":{"title":"Conhe\u00e7a a primeira brasileira a se formar com nota m\u00e1xima em Harvard - Jornal Fatos e Not\u00edcias","robots":{"index":"index","follow":"follow","max-snippet":"max-snippet:-1","max-image-preview":"max-image-preview:large","max-video-preview":"max-video-preview:-1"},"canonical":"https:\/\/jornalfatosenoticias.com.br\/index.php\/2025\/07\/01\/conheca-a-primeira-brasileira-a-se-formar-com-nota-maxima-em-harvard\/","og_locale":"pt_BR","og_type":"article","og_title":"Conhe\u00e7a a primeira brasileira a se formar com nota m\u00e1xima em Harvard - Jornal Fatos e Not\u00edcias","og_description":"A brasileira, que conquistou o diploma de Havard com m\u00e9rito, pretende cursar o doutorado em Psiquiatria na Universidade de Cambridge Por Maria Clara Pinheiro Sarah Borges sempre sonhou em se conceituar como pesquisadora. O que a brasileira n\u00e3o imaginava, no entanto, era iniciar a sua jornada de sucesso com a nota mais alta de Harvard, [&hellip;]","og_url":"https:\/\/jornalfatosenoticias.com.br\/index.php\/2025\/07\/01\/conheca-a-primeira-brasileira-a-se-formar-com-nota-maxima-em-harvard\/","og_site_name":"Jornal Fatos e Not\u00edcias","article_published_time":"2025-07-01T18:26:03+00:00","article_modified_time":"2025-07-01T18:26:04+00:00","og_image":[{"width":1000,"height":562,"url":"https:\/\/jornalfatosenoticias.com.br\/wp-content\/uploads\/2025\/07\/brasileira_Harvard.png","type":"image\/png"}],"author":"Luzimara Fernandes","twitter_card":"summary_large_image","twitter_misc":{"Escrito por":"Luzimara Fernandes","Est. tempo de leitura":"2 minutos"},"schema":{"@context":"https:\/\/schema.org","@graph":[{"@type":"Article","@id":"https:\/\/jornalfatosenoticias.com.br\/index.php\/2025\/07\/01\/conheca-a-primeira-brasileira-a-se-formar-com-nota-maxima-em-harvard\/#article","isPartOf":{"@id":"https:\/\/jornalfatosenoticias.com.br\/index.php\/2025\/07\/01\/conheca-a-primeira-brasileira-a-se-formar-com-nota-maxima-em-harvard\/"},"author":{"name":"Luzimara Fernandes","@id":"https:\/\/jornalfatosenoticias.com.br\/#\/schema\/person\/d63837fa13ac8666eb9e74e0985d6f81"},"headline":"Conhe\u00e7a a primeira brasileira a se formar com nota m\u00e1xima em Harvard","datePublished":"2025-07-01T18:26:03+00:00","dateModified":"2025-07-01T18:26:04+00:00","mainEntityOfPage":{"@id":"https:\/\/jornalfatosenoticias.com.br\/index.php\/2025\/07\/01\/conheca-a-primeira-brasileira-a-se-formar-com-nota-maxima-em-harvard\/"},"wordCount":483,"commentCount":0,"publisher":{"@id":"https:\/\/jornalfatosenoticias.com.br\/#organization"},"image":{"@id":"https:\/\/jornalfatosenoticias.com.br\/index.php\/2025\/07\/01\/conheca-a-primeira-brasileira-a-se-formar-com-nota-maxima-em-harvard\/#primaryimage"},"thumbnailUrl":"https:\/\/jornalfatosenoticias.com.br\/wp-content\/uploads\/2025\/07\/brasileira_Harvard.png","keywords":["Brasil","brasileira","emocional","Estados Unidos","estudante","faculdade","goianiense","Harvard","inspira\u00e7\u00e3o","medicina","nota","psicologia","Reino Unido","Sarah Borges","sa\u00fade mental","Sophia Freund Prize","tese","Universidade","Universidade de Cambridge","USP"],"articleSection":["Educa\u00e7\u00e3o"],"inLanguage":"pt-BR","potentialAction":[{"@type":"CommentAction","name":"Comment","target":["https:\/\/jornalfatosenoticias.com.br\/index.php\/2025\/07\/01\/conheca-a-primeira-brasileira-a-se-formar-com-nota-maxima-em-harvard\/#respond"]}]},{"@type":"WebPage","@id":"https:\/\/jornalfatosenoticias.com.br\/index.php\/2025\/07\/01\/conheca-a-primeira-brasileira-a-se-formar-com-nota-maxima-em-harvard\/","url":"https:\/\/jornalfatosenoticias.com.br\/index.php\/2025\/07\/01\/conheca-a-primeira-brasileira-a-se-formar-com-nota-maxima-em-harvard\/","name":"Conhe\u00e7a a primeira brasileira a se formar com nota m\u00e1xima em Harvard - Jornal Fatos e Not\u00edcias","isPartOf":{"@id":"https:\/\/jornalfatosenoticias.com.br\/#website"},"primaryImageOfPage":{"@id":"https:\/\/jornalfatosenoticias.com.br\/index.php\/2025\/07\/01\/conheca-a-primeira-brasileira-a-se-formar-com-nota-maxima-em-harvard\/#primaryimage"},"image":{"@id":"https:\/\/jornalfatosenoticias.com.br\/index.php\/2025\/07\/01\/conheca-a-primeira-brasileira-a-se-formar-com-nota-maxima-em-harvard\/#primaryimage"},"thumbnailUrl":"https:\/\/jornalfatosenoticias.com.br\/wp-content\/uploads\/2025\/07\/brasileira_Harvard.png","datePublished":"2025-07-01T18:26:03+00:00","dateModified":"2025-07-01T18:26:04+00:00","breadcrumb":{"@id":"https:\/\/jornalfatosenoticias.com.br\/index.php\/2025\/07\/01\/conheca-a-primeira-brasileira-a-se-formar-com-nota-maxima-em-harvard\/#breadcrumb"},"inLanguage":"pt-BR","potentialAction":[{"@type":"ReadAction","target":["https:\/\/jornalfatosenoticias.com.br\/index.php\/2025\/07\/01\/conheca-a-primeira-brasileira-a-se-formar-com-nota-maxima-em-harvard\/"]}]},{"@type":"ImageObject","inLanguage":"pt-BR","@id":"https:\/\/jornalfatosenoticias.com.br\/index.php\/2025\/07\/01\/conheca-a-primeira-brasileira-a-se-formar-com-nota-maxima-em-harvard\/#primaryimage","url":"https:\/\/jornalfatosenoticias.com.br\/wp-content\/uploads\/2025\/07\/brasileira_Harvard.png","contentUrl":"https:\/\/jornalfatosenoticias.com.br\/wp-content\/uploads\/2025\/07\/brasileira_Harvard.png","width":1000,"height":562},{"@type":"BreadcrumbList","@id":"https:\/\/jornalfatosenoticias.com.br\/index.php\/2025\/07\/01\/conheca-a-primeira-brasileira-a-se-formar-com-nota-maxima-em-harvard\/#breadcrumb","itemListElement":[{"@type":"ListItem","position":1,"name":"In\u00edcio","item":"https:\/\/jornalfatosenoticias.com.br\/"},{"@type":"ListItem","position":2,"name":"Conhe\u00e7a a primeira brasileira a se formar com nota m\u00e1xima em Harvard"}]},{"@type":"WebSite","@id":"https:\/\/jornalfatosenoticias.com.br\/#website","url":"https:\/\/jornalfatosenoticias.com.br\/","name":"Jornal Fatos e Not\u00edcias","description":"Not\u00edcias em geral","publisher":{"@id":"https:\/\/jornalfatosenoticias.com.br\/#organization"},"potentialAction":[{"@type":"SearchAction","target":{"@type":"EntryPoint","urlTemplate":"https:\/\/jornalfatosenoticias.com.br\/?s={search_term_string}"},"query-input":{"@type":"PropertyValueSpecification","valueRequired":true,"valueName":"search_term_string"}}],"inLanguage":"pt-BR"},{"@type":"Organization","@id":"https:\/\/jornalfatosenoticias.com.br\/#organization","name":"Jornal Fatos e Not\u00edcias","url":"https:\/\/jornalfatosenoticias.com.br\/","logo":{"@type":"ImageObject","inLanguage":"pt-BR","@id":"https:\/\/jornalfatosenoticias.com.br\/#\/schema\/logo\/image\/","url":"https:\/\/jornalfatosenoticias.com.br\/wp-content\/uploads\/2020\/02\/logo120.png","contentUrl":"https:\/\/jornalfatosenoticias.com.br\/wp-content\/uploads\/2020\/02\/logo120.png","width":1227,"height":120,"caption":"Jornal Fatos e Not\u00edcias"},"image":{"@id":"https:\/\/jornalfatosenoticias.com.br\/#\/schema\/logo\/image\/"}},{"@type":"Person","@id":"https:\/\/jornalfatosenoticias.com.br\/#\/schema\/person\/d63837fa13ac8666eb9e74e0985d6f81","name":"Luzimara Fernandes","image":{"@type":"ImageObject","inLanguage":"pt-BR","@id":"https:\/\/jornalfatosenoticias.com.br\/#\/schema\/person\/image\/","url":"https:\/\/jornalfatosenoticias.com.br\/wp-content\/uploads\/2025\/05\/EU_portal.jpg","contentUrl":"https:\/\/jornalfatosenoticias.com.br\/wp-content\/uploads\/2025\/05\/EU_portal.jpg","caption":"Luzimara Fernandes"},"description":"Jornalista MTB 2358-ES","sameAs":["https:\/\/jornalfatosenoticias.com.br"],"url":"https:\/\/jornalfatosenoticias.com.br\/index.php\/author\/luzimara\/"}]}},"cc_featured_image_caption":{"caption_text":"(Foto: Reprodu\u00e7\u00e3o\/Redes Sociais)","source_text":"","source_url":""},"jetpack_featured_media_url":"https:\/\/jornalfatosenoticias.com.br\/wp-content\/uploads\/2025\/07\/brasileira_Harvard.png","_links":{"self":[{"href":"https:\/\/jornalfatosenoticias.com.br\/index.php\/wp-json\/wp\/v2\/posts\/60352","targetHints":{"allow":["GET"]}}],"collection":[{"href":"https:\/\/jornalfatosenoticias.com.br\/index.php\/wp-json\/wp\/v2\/posts"}],"about":[{"href":"https:\/\/jornalfatosenoticias.com.br\/index.php\/wp-json\/wp\/v2\/types\/post"}],"author":[{"embeddable":true,"href":"https:\/\/jornalfatosenoticias.com.br\/index.php\/wp-json\/wp\/v2\/users\/2"}],"replies":[{"embeddable":true,"href":"https:\/\/jornalfatosenoticias.com.br\/index.php\/wp-json\/wp\/v2\/comments?post=60352"}],"version-history":[{"count":0,"href":"https:\/\/jornalfatosenoticias.com.br\/index.php\/wp-json\/wp\/v2\/posts\/60352\/revisions"}],"wp:featuredmedia":[{"embeddable":true,"href":"https:\/\/jornalfatosenoticias.com.br\/index.php\/wp-json\/wp\/v2\/media\/60353"}],"wp:attachment":[{"href":"https:\/\/jornalfatosenoticias.com.br\/index.php\/wp-json\/wp\/v2\/media?parent=60352"}],"wp:term":[{"taxonomy":"category","embeddable":true,"href":"https:\/\/jornalfatosenoticias.com.br\/index.php\/wp-json\/wp\/v2\/categories?post=60352"},{"taxonomy":"post_tag","embeddable":true,"href":"https:\/\/jornalfatosenoticias.com.br\/index.php\/wp-json\/wp\/v2\/tags?post=60352"}],"curies":[{"name":"wp","href":"https:\/\/api.w.org\/{rel}","templated":true}]}}