{"id":60367,"date":"2025-07-03T19:50:10","date_gmt":"2025-07-03T22:50:10","guid":{"rendered":"https:\/\/jornalfatosenoticias.com.br\/?p=60367"},"modified":"2025-07-03T19:50:11","modified_gmt":"2025-07-03T22:50:11","slug":"a-semana-no-brasil-e-no-mundo-lula-admite-que-nao-governa-mais-sem-o-judiciario","status":"publish","type":"post","link":"https:\/\/jornalfatosenoticias.com.br\/index.php\/2025\/07\/03\/a-semana-no-brasil-e-no-mundo-lula-admite-que-nao-governa-mais-sem-o-judiciario\/","title":{"rendered":"A Semana no Brasil e no Mundo \u2014 Lula admite que n\u00e3o governa mais sem o Judici\u00e1rio"},"content":{"rendered":"\n<div class=\"wp-block-image\"><figure class=\"aligncenter size-large\"><a href=\"https:\/\/mizu.com.br\/\"><img loading=\"lazy\" decoding=\"async\" width=\"729\" height=\"90\" src=\"https:\/\/jornalfatosenoticias.com.br\/wp-content\/uploads\/2020\/02\/Logo_Mizu.png\" alt=\"\" class=\"wp-image-1441\" srcset=\"https:\/\/jornalfatosenoticias.com.br\/wp-content\/uploads\/2020\/02\/Logo_Mizu.png 729w, https:\/\/jornalfatosenoticias.com.br\/wp-content\/uploads\/2020\/02\/Logo_Mizu-300x37.png 300w\" sizes=\"auto, (max-width: 729px) 100vw, 729px\" \/><\/a><\/figure><\/div>\n\n\n\n<p>A declara\u00e7\u00e3o de Luiz In\u00e1cio Lula da Silva, feita nesta quarta-feira (2), n\u00e3o poderia ser mais reveladora \u2014 e alarmante: \u201cse eu n\u00e3o for \u00e0 Suprema Corte, eu n\u00e3o governo mais o pa\u00eds\u201d. Com essa frase, Lula n\u00e3o apenas reconhece a fragilidade de seu governo como tamb\u00e9m normaliza uma invers\u00e3o institucional grave: a substitui\u00e7\u00e3o do apoio pol\u00edtico no Congresso pela depend\u00eancia crescente do Judici\u00e1rio.<br>Dizer que s\u00f3 governa porque tem o STF \u00e9 admitir que perdeu a governabilidade pelas vias tradicionais da democracia. E, pior ainda, \u00e9 refor\u00e7ar a ideia de que o Supremo Tribunal Federal virou uma esp\u00e9cie de \u201cseguro institucional\u201d para um governo que j\u00e1 n\u00e3o consegue negociar, liderar ou convencer parlamentares. Trata-se de uma confiss\u00e3o de fraqueza \u2014 e um sintoma de um presidencialismo em estado de UTI.<\/p>\n\n\n\n<div class=\"wp-block-image\"><figure class=\"aligncenter size-large is-resized\"><a href=\"https:\/\/www.facebook.com\/profile.php?id=100069289606145\"><img loading=\"lazy\" decoding=\"async\" src=\"https:\/\/jornalfatosenoticias.com.br\/wp-content\/uploads\/2024\/11\/Guaitolini-Contabilidade-1024x714.jpeg\" alt=\"\" class=\"wp-image-55808\" width=\"352\" height=\"245\" srcset=\"https:\/\/jornalfatosenoticias.com.br\/wp-content\/uploads\/2024\/11\/Guaitolini-Contabilidade-1024x714.jpeg 1024w, https:\/\/jornalfatosenoticias.com.br\/wp-content\/uploads\/2024\/11\/Guaitolini-Contabilidade-300x209.jpeg 300w, https:\/\/jornalfatosenoticias.com.br\/wp-content\/uploads\/2024\/11\/Guaitolini-Contabilidade-768x535.jpeg 768w, https:\/\/jornalfatosenoticias.com.br\/wp-content\/uploads\/2024\/11\/Guaitolini-Contabilidade.jpeg 1280w\" sizes=\"auto, (max-width: 352px) 100vw, 352px\" \/><\/a><\/figure><\/div>\n\n\n\n<p>A rea\u00e7\u00e3o de Lula veio ap\u00f3s a derrubada, pelo Congresso, do decreto que aumentava a al\u00edquota do IOF. Em vez de articular uma solu\u00e7\u00e3o com sua base \u2014 ou o que restou dela \u2014 o governo preferiu judicializar a quest\u00e3o, apostando na possibilidade de que o STF reverta a decis\u00e3o leg\u00edtima do Legislativo. O petista diz que \u201ccada macaco no seu galho\u201d, mas ignora justamente o galho do Congresso. Legislar \u00e9 prerrogativa parlamentar. Derrubar decretos, tamb\u00e9m. Quando o Executivo passa a governar com base em liminares e a\u00e7\u00f5es diretas de constitucionalidade, e n\u00e3o com apoio pol\u00edtico, o pa\u00eds entra numa perigosa zona cinzenta institucional.<\/p>\n\n\n\n<div class=\"wp-block-image\"><figure class=\"aligncenter size-large is-resized\"><a href=\"https:\/\/www.controlsystems.com.br\/\"><img loading=\"lazy\" decoding=\"async\" src=\"https:\/\/jornalfatosenoticias.com.br\/wp-content\/uploads\/2020\/02\/CONTROL-CS.jpg\" alt=\"\" class=\"wp-image-44991\" width=\"270\" height=\"324\" srcset=\"https:\/\/jornalfatosenoticias.com.br\/wp-content\/uploads\/2020\/02\/CONTROL-CS.jpg 834w, https:\/\/jornalfatosenoticias.com.br\/wp-content\/uploads\/2020\/02\/CONTROL-CS-250x300.jpg 250w, https:\/\/jornalfatosenoticias.com.br\/wp-content\/uploads\/2020\/02\/CONTROL-CS-768x921.jpg 768w\" sizes=\"auto, (max-width: 270px) 100vw, 270px\" \/><\/a><\/figure><\/div>\n\n\n\n<p>A democracia exige di\u00e1logo entre os poderes, n\u00e3o submiss\u00e3o de um ao outro. Lula, ao afirmar que depende do STF para seguir governando, normaliza um modelo de poder desequilibrado, onde a Corte Constitucional vira instrumento de imposi\u00e7\u00e3o de vontade presidencial \u2014 e n\u00e3o guardi\u00e3 dos limites legais. \u00c9 leg\u00edtimo que o governo recorra ao Judici\u00e1rio quando considera haver um abuso. Mas \u00e9 profundamente preocupante que o recurso vire regra, e n\u00e3o exce\u00e7\u00e3o. Um presidente que admite n\u00e3o ter for\u00e7a para governar sem o STF, na pr\u00e1tica, abdica da pol\u00edtica como instrumento de constru\u00e7\u00e3o democr\u00e1tica.<\/p>\n\n\n\n<div class=\"wp-block-image\"><figure class=\"aligncenter size-large is-resized\"><a href=\"https:\/\/www.instagram.com\/gruposei\/\"><img loading=\"lazy\" decoding=\"async\" src=\"https:\/\/jornalfatosenoticias.com.br\/wp-content\/uploads\/2022\/07\/Logo-Grupo-SEI.jpg\" alt=\"\" class=\"wp-image-31973\" width=\"417\" height=\"219\" srcset=\"https:\/\/jornalfatosenoticias.com.br\/wp-content\/uploads\/2022\/07\/Logo-Grupo-SEI.jpg 713w, https:\/\/jornalfatosenoticias.com.br\/wp-content\/uploads\/2022\/07\/Logo-Grupo-SEI-300x158.jpg 300w\" sizes=\"auto, (max-width: 417px) 100vw, 417px\" \/><\/a><\/figure><\/div>\n\n\n\n<p>E o pa\u00eds n\u00e3o pode ser governado \u00e0 base de tutelas judiciais. N\u00e3o h\u00e1 desenvolvimento, reforma ou equil\u00edbrio fiscal que sobreviva quando o Executivo terceiriza sua autoridade. Se Lula quiser governar, precisa fazer pol\u00edtica. Se quiser legislar, que se eleja deputado. Se quiser sobreviver ao mandato, precisar\u00e1 mais do Congresso do que da toga. Porque governo sem base \u00e9 improviso \u2014 e improviso n\u00e3o governa um pa\u00eds. <strong>(Fonte: Hora Bras\u00edlia)<\/strong><\/p>\n\n\n\n<div class=\"wp-block-image\"><figure class=\"aligncenter size-large\"><a href=\"http:\/\/www.ferrarimaquinas.com.br\/\"><img loading=\"lazy\" decoding=\"async\" width=\"300\" height=\"250\" src=\"https:\/\/jornalfatosenoticias.com.br\/wp-content\/uploads\/2022\/02\/FERRARI_MAQUINAS-E-FERRAMENTAS2.jpg\" alt=\"\" class=\"wp-image-27860\"\/><\/a><\/figure><\/div>\n\n\n\n<hr class=\"wp-block-separator\"\/>\n\n\n\n<h3 class=\"wp-block-heading\"><span class=\"has-inline-color has-black-color\">Entre p\u00e2ntanos e jacar\u00e9s: como \u00e9 a nova pris\u00e3o para imigrantes ilegais de Trump e DeSantis na Fl\u00f3rida<br><\/span><\/h3>\n\n\n\n<div class=\"wp-block-image\"><figure class=\"aligncenter size-large\"><img loading=\"lazy\" decoding=\"async\" width=\"1000\" height=\"562\" src=\"https:\/\/jornalfatosenoticias.com.br\/wp-content\/uploads\/2025\/07\/prisao-para-imigrantes-ilegais-de-Trump.jpg\" alt=\"\" class=\"wp-image-60372\" srcset=\"https:\/\/jornalfatosenoticias.com.br\/wp-content\/uploads\/2025\/07\/prisao-para-imigrantes-ilegais-de-Trump.jpg 1000w, https:\/\/jornalfatosenoticias.com.br\/wp-content\/uploads\/2025\/07\/prisao-para-imigrantes-ilegais-de-Trump-300x169.jpg 300w, https:\/\/jornalfatosenoticias.com.br\/wp-content\/uploads\/2025\/07\/prisao-para-imigrantes-ilegais-de-Trump-768x432.jpg 768w\" sizes=\"auto, (max-width: 1000px) 100vw, 1000px\" \/><figcaption><em><span class=\"has-inline-color has-black-color\">(Foto: DHS gov\/EFE)<\/span><\/em><\/figcaption><\/figure><\/div>\n\n\n\n<p><span class=\"has-inline-color has-black-color\">Por <strong>John Lucas<\/strong><br><\/span>O presidente dos Estados Unidos, Donald Trump, e o governador da Fl\u00f3rida, Ron DeSantis, ambos do Partido Republicano, inauguraram, na ter\u00e7a-feira (1.\u00ba), o novo centro de deten\u00e7\u00e3o para imigrantes ilegais batizado de \u201cAlligator Alcatraz\u201d. O complexo est\u00e1 localizado em uma \u00e1rea estrat\u00e9gica no interior do p\u00e2ntano dos Everglades, que fica localizado a cerca de 70 quil\u00f4metros a oeste de Miami. O &#8220;Alligator Alcatraz&#8221; aproveita a geografia natural da regi\u00e3o como uma esp\u00e9cie de aliado na seguran\u00e7a do local.<\/p>\n\n\n\n<div class=\"wp-block-image\"><figure class=\"aligncenter size-large is-resized\"><a href=\"https:\/\/hotelmarquetti.com.br\/\"><img loading=\"lazy\" decoding=\"async\" src=\"https:\/\/jornalfatosenoticias.com.br\/wp-content\/uploads\/2020\/02\/LOGO-MQ-1024x680.jpg\" alt=\"\" class=\"wp-image-58299\" width=\"318\" height=\"211\" srcset=\"https:\/\/jornalfatosenoticias.com.br\/wp-content\/uploads\/2020\/02\/LOGO-MQ-1024x680.jpg 1024w, https:\/\/jornalfatosenoticias.com.br\/wp-content\/uploads\/2020\/02\/LOGO-MQ-300x199.jpg 300w, https:\/\/jornalfatosenoticias.com.br\/wp-content\/uploads\/2020\/02\/LOGO-MQ-768x510.jpg 768w, https:\/\/jornalfatosenoticias.com.br\/wp-content\/uploads\/2020\/02\/LOGO-MQ-1536x1020.jpg 1536w, https:\/\/jornalfatosenoticias.com.br\/wp-content\/uploads\/2020\/02\/LOGO-MQ-2048x1360.jpg 2048w\" sizes=\"auto, (max-width: 318px) 100vw, 318px\" \/><\/a><\/figure><\/div>\n\n\n\n<p>Constru\u00eddo em apenas oito dias, o \u201cAlligator Alcatraz\u201d ter\u00e1 capacidade para abrigar at\u00e9 cinco mil imigrantes ilegais que aguardam deporta\u00e7\u00e3o. O centro ocupa o antigo Dade-Collier Training and Transition Airport, uma pista de pouso isolada que antes servia apenas para treinamentos. A escolha do local, cercado por p\u00e2ntano e habitado por jacar\u00e9s, foi considerada ideal pelas autoridades da Fl\u00f3rida para garantir seguran\u00e7a m\u00e1xima e dificultar qualquer tentativa de fuga de imigrantes ilegais criminosos sob cust\u00f3dia. O presidente Trump visitou nesta ter\u00e7a pessoalmente a instala\u00e7\u00e3o e destacou a seguran\u00e7a do local, ressaltando a import\u00e2ncia da sua localiza\u00e7\u00e3o.<\/p>\n\n\n\n<div class=\"wp-block-image\"><figure class=\"aligncenter size-large is-resized\"><a href=\"https:\/\/www.instagram.com\/serra4x4cambioautomatico\/\"><img loading=\"lazy\" decoding=\"async\" src=\"https:\/\/jornalfatosenoticias.com.br\/wp-content\/uploads\/2024\/08\/Serra-4x4-1-886x1024.jpg\" alt=\"\" class=\"wp-image-53632\" width=\"284\" height=\"328\" srcset=\"https:\/\/jornalfatosenoticias.com.br\/wp-content\/uploads\/2024\/08\/Serra-4x4-1-886x1024.jpg 886w, https:\/\/jornalfatosenoticias.com.br\/wp-content\/uploads\/2024\/08\/Serra-4x4-1-260x300.jpg 260w, https:\/\/jornalfatosenoticias.com.br\/wp-content\/uploads\/2024\/08\/Serra-4x4-1-768x888.jpg 768w, https:\/\/jornalfatosenoticias.com.br\/wp-content\/uploads\/2024\/08\/Serra-4x4-1.jpg 1181w\" sizes=\"auto, (max-width: 284px) 100vw, 284px\" \/><\/a><\/figure><\/div>\n\n\n\n<blockquote class=\"wp-block-quote is-layout-flow wp-block-quote-is-layout-flow\"><p><span class=\"has-inline-color has-luminous-vivid-orange-color\">Nem sempre se tem terras t\u00e3o bonitas e seguras. Temos muitos guarda-costas e muitos policiais na forma de jacar\u00e9s. N\u00e3o \u00e9 preciso pagar muito a eles\u201d, afirmou Trump, fazendo refer\u00eancia ao ambiente hostil do p\u00e2ntano, que naturalmente dificultar\u00e1 qualquer tentativa de fuga.<\/span><\/p><\/blockquote>\n\n\n\n<div class=\"wp-block-image\"><figure class=\"aligncenter size-large is-resized\"><a href=\"https:\/\/www.legisjuris.com.br\/\"><img loading=\"lazy\" decoding=\"async\" src=\"https:\/\/jornalfatosenoticias.com.br\/wp-content\/uploads\/2024\/09\/Legis-Juris-Consultoria_logo.jpg\" alt=\"\" class=\"wp-image-53915\" width=\"487\" height=\"204\" srcset=\"https:\/\/jornalfatosenoticias.com.br\/wp-content\/uploads\/2024\/09\/Legis-Juris-Consultoria_logo.jpg 969w, https:\/\/jornalfatosenoticias.com.br\/wp-content\/uploads\/2024\/09\/Legis-Juris-Consultoria_logo-300x126.jpg 300w, https:\/\/jornalfatosenoticias.com.br\/wp-content\/uploads\/2024\/09\/Legis-Juris-Consultoria_logo-768x322.jpg 768w\" sizes=\"auto, (max-width: 487px) 100vw, 487px\" \/><\/a><\/figure><\/div>\n\n\n\n<p>A estrutura do centro foi montada com o uso de trailers e tendas modulares, semelhantes \u00e0s utilizadas pela FEMA em situa\u00e7\u00f5es de emerg\u00eancia. Esses m\u00f3dulos contam com sistemas m\u00f3veis de \u00e1gua, esgoto e energia el\u00e9trica, garantindo as necessidades b\u00e1sicas de opera\u00e7\u00e3o. Para amenizar as altas temperaturas da regi\u00e3o, grandes aparelhos de ar-condicionado foram instalados nos alojamentos tempor\u00e1rios.<\/p>\n\n\n\n<div class=\"wp-block-image\"><figure class=\"aligncenter size-large is-resized\"><a href=\"https:\/\/panper.com.br\/\"><img loading=\"lazy\" decoding=\"async\" src=\"https:\/\/jornalfatosenoticias.com.br\/wp-content\/uploads\/2023\/03\/logo-Panper_portal.jpg\" alt=\"\" class=\"wp-image-40208\" width=\"345\" height=\"239\" srcset=\"https:\/\/jornalfatosenoticias.com.br\/wp-content\/uploads\/2023\/03\/logo-Panper_portal.jpg 400w, https:\/\/jornalfatosenoticias.com.br\/wp-content\/uploads\/2023\/03\/logo-Panper_portal-300x208.jpg 300w\" sizes=\"auto, (max-width: 345px) 100vw, 345px\" \/><\/a><\/figure><\/div>\n\n\n\n<p>O governador Ron DeSantis explicou que a proposta principal do \u201cAlligator Alcatraz\u201d \u00e9 agilizar os processos de deporta\u00e7\u00e3o. \u201cEstamos oferecendo a nossa Guarda Nacional e outros membros da Fl\u00f3rida como volunt\u00e1rios para atuarem como ju\u00edzes de imigra\u00e7\u00e3o. Estamos trabalhando com o Departamento de Justi\u00e7a para obter aprova\u00e7\u00f5es\u201d, afirmou DeSantis ao lado de Trump. A expectativa \u00e9 que os imigrantes detidos no centro sejam ouvidos por ju\u00edzes de imigra\u00e7\u00e3o em um ou dois dias, com deporta\u00e7\u00e3o imediata, acelerando todo o tr\u00e2mite. O novo centro de deten\u00e7\u00e3o reflete a pol\u00edtica de toler\u00e2ncia zero \u00e0 imigra\u00e7\u00e3o ilegal, defendida tanto por Trump quanto por DeSantis. <strong>(Fonte: Gazeta do Povo)<\/strong><\/p>\n\n\n\n<div class=\"wp-block-image\"><figure class=\"aligncenter size-large is-resized\"><a href=\"https:\/\/www.instagram.com\/esteio.churrascaria\/\"><img loading=\"lazy\" decoding=\"async\" src=\"https:\/\/jornalfatosenoticias.com.br\/wp-content\/uploads\/2022\/02\/LOGO-ESTEIO-1024x730.png\" alt=\"\" class=\"wp-image-27942\" width=\"371\" height=\"264\" srcset=\"https:\/\/jornalfatosenoticias.com.br\/wp-content\/uploads\/2022\/02\/LOGO-ESTEIO-1024x730.png 1024w, https:\/\/jornalfatosenoticias.com.br\/wp-content\/uploads\/2022\/02\/LOGO-ESTEIO-300x214.png 300w, https:\/\/jornalfatosenoticias.com.br\/wp-content\/uploads\/2022\/02\/LOGO-ESTEIO-768x548.png 768w, https:\/\/jornalfatosenoticias.com.br\/wp-content\/uploads\/2022\/02\/LOGO-ESTEIO.png 1123w\" sizes=\"auto, (max-width: 371px) 100vw, 371px\" \/><\/a><\/figure><\/div>\n\n\n\n<hr class=\"wp-block-separator\"\/>\n\n\n\n<h3 class=\"wp-block-heading\"><span class=\"has-inline-color has-black-color\">Rafael Fonteles (PT) torra R$ 379 milh\u00f5es do SUS em plataforma de sa\u00fade invis\u00edvel<br><\/span><\/h3>\n\n\n\n<div class=\"wp-block-image\"><figure class=\"aligncenter size-large\"><img loading=\"lazy\" decoding=\"async\" width=\"750\" height=\"440\" src=\"https:\/\/jornalfatosenoticias.com.br\/wp-content\/uploads\/2025\/07\/rafael-fonteles-molusco.jpg\" alt=\"\" class=\"wp-image-60371\" srcset=\"https:\/\/jornalfatosenoticias.com.br\/wp-content\/uploads\/2025\/07\/rafael-fonteles-molusco.jpg 750w, https:\/\/jornalfatosenoticias.com.br\/wp-content\/uploads\/2025\/07\/rafael-fonteles-molusco-300x176.jpg 300w\" sizes=\"auto, (max-width: 750px) 100vw, 750px\" \/><figcaption><em><span class=\"has-inline-color has-black-color\">(Foto: Divulga\u00e7\u00e3o)<\/span><\/em><\/figcaption><\/figure><\/div>\n\n\n\n<p><span class=\"has-inline-color has-black-color\">Por <strong>Andr\u00e9 Nogueira<\/strong><br><\/span>O governo do Piau\u00ed, sob a gest\u00e3o do governador Rafael Fonteles (PT), tem direcionado cerca de R$ 379 milh\u00f5es em verbas federais do SUS para o programa Piau\u00ed Sa\u00fade Digital. Apresentado como um projeto de transforma\u00e7\u00e3o tecnol\u00f3gica na sa\u00fade p\u00fablica, o programa \u00e9 cercado por questionamentos sobre sua efetividade, legalidade e transpar\u00eancia.<\/p>\n\n\n\n<div class=\"wp-block-image\"><figure class=\"aligncenter size-large is-resized\"><a href=\"https:\/\/www.facebook.com\/postobkr\/?locale=pt_BR\"><img loading=\"lazy\" decoding=\"async\" src=\"https:\/\/jornalfatosenoticias.com.br\/wp-content\/uploads\/2023\/08\/BKR-1024x1021.jpg\" alt=\"\" class=\"wp-image-44494\" width=\"322\" height=\"321\" srcset=\"https:\/\/jornalfatosenoticias.com.br\/wp-content\/uploads\/2023\/08\/BKR-1024x1021.jpg 1024w, https:\/\/jornalfatosenoticias.com.br\/wp-content\/uploads\/2023\/08\/BKR-300x300.jpg 300w, https:\/\/jornalfatosenoticias.com.br\/wp-content\/uploads\/2023\/08\/BKR-150x150.jpg 150w, https:\/\/jornalfatosenoticias.com.br\/wp-content\/uploads\/2023\/08\/BKR-768x766.jpg 768w, https:\/\/jornalfatosenoticias.com.br\/wp-content\/uploads\/2023\/08\/BKR.jpg 1080w\" sizes=\"auto, (max-width: 322px) 100vw, 322px\" \/><\/a><\/figure><\/div>\n\n\n\n<p>O contrato n.\u00ba 340\/2023, firmado entre a Secretaria de Estado da Sa\u00fade (Sesapi) e a empresa Integra Sa\u00fade Digital, prev\u00ea o pagamento mensal de aproximadamente R$ 15 milh\u00f5es, valor calculado com base na popula\u00e7\u00e3o total do estado, como se todos os 3,2 milh\u00f5es de piauienses fossem usu\u00e1rios ativos da plataforma. Especialistas apontam que a execu\u00e7\u00e3o do projeto ignora fatores b\u00e1sicos como acesso \u00e0 internet, alfabetiza\u00e7\u00e3o digital, localiza\u00e7\u00e3o geogr\u00e1fica e condi\u00e7\u00e3o socioecon\u00f4mica da popula\u00e7\u00e3o. Relatos de profissionais de sa\u00fade e t\u00e9cnicos do interior indicam que muitos sequer ouviram falar do sistema.<\/p>\n\n\n\n<div class=\"wp-block-image\"><figure class=\"aligncenter size-large is-resized\"><a href=\"https:\/\/www.instagram.com\/rcradiadores\/\"><img loading=\"lazy\" decoding=\"async\" src=\"https:\/\/jornalfatosenoticias.com.br\/wp-content\/uploads\/2022\/10\/RC_800x750_page-0001.jpg\" alt=\"\" class=\"wp-image-35338\" width=\"306\" height=\"287\" srcset=\"https:\/\/jornalfatosenoticias.com.br\/wp-content\/uploads\/2022\/10\/RC_800x750_page-0001.jpg 400w, https:\/\/jornalfatosenoticias.com.br\/wp-content\/uploads\/2022\/10\/RC_800x750_page-0001-300x281.jpg 300w\" sizes=\"auto, (max-width: 306px) 100vw, 306px\" \/><\/a><\/figure><\/div>\n\n\n\n<p>Na an\u00e1lise do contrato, a reportagem identificou erros matem\u00e1ticos graves. Em uma das planilhas de justificativa de custo, a multiplica\u00e7\u00e3o de 3.289.290 por R$ 1,25 aparece como R$ 49 milh\u00f5es, quando o valor real seria R$ 4,1 milh\u00f5es. Em outro ponto, o mesmo n\u00famero de habitantes multiplicado por R$ 2,75 aparece como R$ 108 milh\u00f5es, embora o resultado correto seja R$ 9 milh\u00f5es.<\/p>\n\n\n\n<div class=\"wp-block-image\"><figure class=\"aligncenter size-large is-resized\"><a href=\"https:\/\/www.instagram.com\/restaurantepegoretti\/\"><img loading=\"lazy\" decoding=\"async\" src=\"https:\/\/jornalfatosenoticias.com.br\/wp-content\/uploads\/2023\/12\/pegoretti-logo-pdf-1024x389.jpg\" alt=\"\" class=\"wp-image-47536\" width=\"475\" height=\"180\" srcset=\"https:\/\/jornalfatosenoticias.com.br\/wp-content\/uploads\/2023\/12\/pegoretti-logo-pdf-1024x389.jpg 1024w, https:\/\/jornalfatosenoticias.com.br\/wp-content\/uploads\/2023\/12\/pegoretti-logo-pdf-300x114.jpg 300w, https:\/\/jornalfatosenoticias.com.br\/wp-content\/uploads\/2023\/12\/pegoretti-logo-pdf-768x291.jpg 768w, https:\/\/jornalfatosenoticias.com.br\/wp-content\/uploads\/2023\/12\/pegoretti-logo-pdf.jpg 1120w\" sizes=\"auto, (max-width: 475px) 100vw, 475px\" \/><\/a><\/figure><\/div>\n\n\n\n<p>Essas distor\u00e7\u00f5es n\u00e3o apenas passaram despercebidas pela administra\u00e7\u00e3o estadual, como tamb\u00e9m foram utilizadas como base para definir os valores dos repasses. T\u00e9cnicos da \u00e1rea apontam que os erros v\u00e3o al\u00e9m de simples descuidos, podendo configurar tentativa deliberada de superfaturamento.<br>Todos os repasses \u00e0 empresa foram feitos por meio da Fonte 600, composta por recursos federais do Sistema \u00danico de Sa\u00fade. Esses valores s\u00e3o tradicionalmente destinados \u00e0 compra de medicamentos, aten\u00e7\u00e3o b\u00e1sica, custeio de unidades de sa\u00fade e a\u00e7\u00f5es de vigil\u00e2ncia sanit\u00e1ria. Us\u00e1-los para custear uma plataforma digital sem garantia de funcionamento efetivo \u00e9, no m\u00ednimo, controverso.<\/p>\n\n\n\n<div class=\"wp-block-image\"><figure class=\"aligncenter size-large is-resized\"><a href=\"https:\/\/www.ithbrasil.com.br\/\"><img loading=\"lazy\" decoding=\"async\" src=\"https:\/\/jornalfatosenoticias.com.br\/wp-content\/uploads\/2023\/08\/ITH.jpeg\" alt=\"\" class=\"wp-image-44638\" width=\"309\" height=\"251\" srcset=\"https:\/\/jornalfatosenoticias.com.br\/wp-content\/uploads\/2023\/08\/ITH.jpeg 800w, https:\/\/jornalfatosenoticias.com.br\/wp-content\/uploads\/2023\/08\/ITH-300x244.jpeg 300w, https:\/\/jornalfatosenoticias.com.br\/wp-content\/uploads\/2023\/08\/ITH-768x624.jpeg 768w\" sizes=\"auto, (max-width: 309px) 100vw, 309px\" \/><\/a><\/figure><\/div>\n\n\n\n<p>Em um estado marcado por precariedade em sua rede de sa\u00fade, onde faltam m\u00e9dicos, exames e at\u00e9 itens b\u00e1sicos como soro e gaze, o investimento milion\u00e1rio em uma tecnologia pouco acess\u00edvel e mal distribu\u00edda agrava a desigualdade. <strong>(Fonte: Portal A Not\u00edcia)<\/strong><\/p>\n\n\n\n<div class=\"wp-block-image\"><figure class=\"aligncenter size-large is-resized\"><a href=\"https:\/\/www.facebook.com\/vetor.vix\/\"><img loading=\"lazy\" decoding=\"async\" src=\"https:\/\/jornalfatosenoticias.com.br\/wp-content\/uploads\/2023\/09\/vetorvix1024_1.jpg\" alt=\"\" class=\"wp-image-44868\" width=\"528\" height=\"140\" srcset=\"https:\/\/jornalfatosenoticias.com.br\/wp-content\/uploads\/2023\/09\/vetorvix1024_1.jpg 1024w, https:\/\/jornalfatosenoticias.com.br\/wp-content\/uploads\/2023\/09\/vetorvix1024_1-300x80.jpg 300w, https:\/\/jornalfatosenoticias.com.br\/wp-content\/uploads\/2023\/09\/vetorvix1024_1-768x205.jpg 768w\" sizes=\"auto, (max-width: 528px) 100vw, 528px\" \/><\/a><\/figure><\/div>\n\n\n\n<hr class=\"wp-block-separator\"\/>\n\n\n\n<h3 class=\"wp-block-heading\"><span class=\"has-inline-color has-black-color\">Testemunha-chave em caso Odebrecht no Peru \u00e9 encontrada morta em casa, meses antes de julgamento<br><\/span><\/h3>\n\n\n\n<div class=\"wp-block-image\"><figure class=\"aligncenter size-large\"><img loading=\"lazy\" decoding=\"async\" width=\"612\" height=\"408\" src=\"https:\/\/jornalfatosenoticias.com.br\/wp-content\/uploads\/2025\/07\/odebrecht_gettyimage.jpg\" alt=\"\" class=\"wp-image-60370\" srcset=\"https:\/\/jornalfatosenoticias.com.br\/wp-content\/uploads\/2025\/07\/odebrecht_gettyimage.jpg 612w, https:\/\/jornalfatosenoticias.com.br\/wp-content\/uploads\/2025\/07\/odebrecht_gettyimage-300x200.jpg 300w\" sizes=\"auto, (max-width: 612px) 100vw, 612px\" \/><figcaption><em><span class=\"has-inline-color has-black-color\">(Foto: Getty Images)<\/span><\/em><\/figcaption><\/figure><\/div>\n\n\n\n<p>Jos\u00e9 Miguel Castro, ex-gerente municipal de Lima e testemunha-chave em um dos principais casos de corrup\u00e7\u00e3o envolvendo as construtoras brasileiras Odebrecht e OAS no Peru, foi encontrado morto em 29 de junho em sua resid\u00eancia, no distrito de Miraflores, em Lima. Castro cumpria pris\u00e3o domiciliar por determina\u00e7\u00e3o do Judici\u00e1rio.<\/p>\n\n\n\n<div class=\"wp-block-image\"><figure class=\"aligncenter size-large\"><a href=\"https:\/\/www.cesconetto.com.br\/\"><img loading=\"lazy\" decoding=\"async\" width=\"300\" height=\"250\" src=\"https:\/\/jornalfatosenoticias.com.br\/wp-content\/uploads\/2020\/02\/Banner-2.png\" alt=\"\" class=\"wp-image-43787\"\/><\/a><\/figure><\/div>\n\n\n\n<p>O ex-funcion\u00e1rio integrou a gest\u00e3o da ex-prefeita Susana Villar\u00e1n entre 2011 e 2014 e colaborava com a Justi\u00e7a no esclarecimento de pagamentos ilegais feitos pelas empreiteiras brasileiras para impedir um processo de revoga\u00e7\u00e3o de mandato contra a ent\u00e3o prefeita.<\/p>\n\n\n\n<div class=\"wp-block-image\"><figure class=\"aligncenter size-large\"><a href=\"https:\/\/mizu.com.br\/\"><img loading=\"lazy\" decoding=\"async\" width=\"729\" height=\"90\" src=\"https:\/\/jornalfatosenoticias.com.br\/wp-content\/uploads\/2020\/02\/Logo_Mizu.png\" alt=\"\" class=\"wp-image-1441\" srcset=\"https:\/\/jornalfatosenoticias.com.br\/wp-content\/uploads\/2020\/02\/Logo_Mizu.png 729w, https:\/\/jornalfatosenoticias.com.br\/wp-content\/uploads\/2020\/02\/Logo_Mizu-300x37.png 300w\" sizes=\"auto, (max-width: 729px) 100vw, 729px\" \/><\/a><\/figure><\/div>\n\n\n\n<p>O falecimento ocorre a menos de tr\u00eas meses do in\u00edcio do julgamento de Villar\u00e1n, marcado para 23 de setembro. Segundo o Minist\u00e9rio P\u00fablico peruano, Castro havia aderido ao mecanismo de colabora\u00e7\u00e3o eficaz e seria pe\u00e7a-chave na acusa\u00e7\u00e3o. \u201cEle era a segunda pessoa em import\u00e2ncia depois da senhora Villar\u00e1n\u201d, afirmou o procurador Jos\u00e9 Domingo P\u00e9rez, respons\u00e1vel pela \u201cOpera\u00e7\u00e3o Lava Jato\u201d no Peru. Castro tamb\u00e9m figurava como um dos acusados no processo e era aguardado para prestar depoimento. As causas da morte n\u00e3o foram divulgadas at\u00e9 o momento, e as autoridades peruanas ainda n\u00e3o confirmaram se h\u00e1 ind\u00edcios de crime. <strong>(Fonte: Hora Bras\u00edlia)<\/strong><\/p>\n\n\n\n<div class=\"wp-block-image\"><figure class=\"aligncenter size-large is-resized\"><a href=\"https:\/\/www.controlsystems.com.br\/\"><img loading=\"lazy\" decoding=\"async\" src=\"https:\/\/jornalfatosenoticias.com.br\/wp-content\/uploads\/2020\/02\/CONTROL-CS.jpg\" alt=\"\" class=\"wp-image-44991\" width=\"265\" height=\"317\" srcset=\"https:\/\/jornalfatosenoticias.com.br\/wp-content\/uploads\/2020\/02\/CONTROL-CS.jpg 834w, https:\/\/jornalfatosenoticias.com.br\/wp-content\/uploads\/2020\/02\/CONTROL-CS-250x300.jpg 250w, https:\/\/jornalfatosenoticias.com.br\/wp-content\/uploads\/2020\/02\/CONTROL-CS-768x921.jpg 768w\" sizes=\"auto, (max-width: 265px) 100vw, 265px\" \/><\/a><\/figure><\/div>\n\n\n\n<hr class=\"wp-block-separator\"\/>\n\n\n\n<h3 class=\"wp-block-heading\"><span class=\"has-inline-color has-black-color\">Governo Lula libera R$ 1,6 bilh\u00e3o em emendas sob sigilo ap\u00f3s derrota no Congresso<\/span><\/h3>\n\n\n\n<div class=\"wp-block-image\"><figure class=\"aligncenter size-large\"><img loading=\"lazy\" decoding=\"async\" width=\"612\" height=\"407\" src=\"https:\/\/jornalfatosenoticias.com.br\/wp-content\/uploads\/2025\/07\/Lula-libera-R-16-bilhao-em-emendas-sob-sigilo-apos-derrota-no-Congresso_gettyimages.jpg\" alt=\"\" class=\"wp-image-60369\" srcset=\"https:\/\/jornalfatosenoticias.com.br\/wp-content\/uploads\/2025\/07\/Lula-libera-R-16-bilhao-em-emendas-sob-sigilo-apos-derrota-no-Congresso_gettyimages.jpg 612w, https:\/\/jornalfatosenoticias.com.br\/wp-content\/uploads\/2025\/07\/Lula-libera-R-16-bilhao-em-emendas-sob-sigilo-apos-derrota-no-Congresso_gettyimages-300x200.jpg 300w\" sizes=\"auto, (max-width: 612px) 100vw, 612px\" \/><figcaption><em><span class=\"has-inline-color has-black-color\">(Foto: Getty Images)<\/span><\/em><\/figcaption><\/figure><\/div>\n\n\n\n<p>Em sua maior libera\u00e7\u00e3o semanal de emendas parlamentares em 2025, o governo de Luiz In\u00e1cio Lula da Silva (PT) desembolsou R$ 1,6 bilh\u00e3o a congressistas entre os dias 23 e 27 de junho \u2014 per\u00edodo que coincidiu com a derrubada, pelo Congresso, do decreto que aumentava o IOF. Segundo levantamento do portal Metr\u00f3poles, 38,91% dos repasses ocorreram por meio de rubricas de baixa transpar\u00eancia.<\/p>\n\n\n\n<div class=\"wp-block-image\"><figure class=\"aligncenter size-large is-resized\"><a href=\"https:\/\/hotelmarquetti.com.br\/\"><img loading=\"lazy\" decoding=\"async\" src=\"https:\/\/jornalfatosenoticias.com.br\/wp-content\/uploads\/2020\/02\/LOGO-MQ-1024x680.jpg\" alt=\"\" class=\"wp-image-58299\" width=\"345\" height=\"229\" srcset=\"https:\/\/jornalfatosenoticias.com.br\/wp-content\/uploads\/2020\/02\/LOGO-MQ-1024x680.jpg 1024w, https:\/\/jornalfatosenoticias.com.br\/wp-content\/uploads\/2020\/02\/LOGO-MQ-300x199.jpg 300w, https:\/\/jornalfatosenoticias.com.br\/wp-content\/uploads\/2020\/02\/LOGO-MQ-768x510.jpg 768w, https:\/\/jornalfatosenoticias.com.br\/wp-content\/uploads\/2020\/02\/LOGO-MQ-1536x1020.jpg 1536w, https:\/\/jornalfatosenoticias.com.br\/wp-content\/uploads\/2020\/02\/LOGO-MQ-2048x1360.jpg 2048w\" sizes=\"auto, (max-width: 345px) 100vw, 345px\" \/><\/a><\/figure><\/div>\n\n\n\n<p>Entre os pagamentos, R$ 650 milh\u00f5es foram destinados a emendas de relator, comiss\u00f5es tem\u00e1ticas e bancadas estaduais. Parte desses recursos integra o chamado \u201cor\u00e7amento secreto original\u201d, j\u00e1 considerado inconstitucional pelo Supremo Tribunal Federal (STF), mas ainda com valores de exerc\u00edcios anteriores sendo executados. As demais transfer\u00eancias se encaixam no que j\u00e1 \u00e9 conhecido em Bras\u00edlia como \u201cor\u00e7amento secreto 2.0\u201d, por repetir os v\u00edcios de opacidade do modelo anterior com roupagem renovada.<\/p>\n\n\n\n<div class=\"wp-block-image\"><figure class=\"aligncenter size-large\"><a href=\"http:\/\/www.ferrarimaquinas.com.br\/\"><img loading=\"lazy\" decoding=\"async\" width=\"300\" height=\"250\" src=\"https:\/\/jornalfatosenoticias.com.br\/wp-content\/uploads\/2022\/02\/FERRARI_MAQUINAS-E-FERRAMENTAS2.jpg\" alt=\"\" class=\"wp-image-27860\"\/><\/a><\/figure><\/div>\n\n\n\n<p>Nestes tipos de repasse, a autoria da emenda permanece obscura, impedindo a identifica\u00e7\u00e3o dos parlamentares beneficiados e dificultando qualquer controle social sobre o uso dos recursos p\u00fablicos. A distribui\u00e7\u00e3o tamb\u00e9m privilegiou bancadas estaduais, como a de Roraima (R$ 22,2 milh\u00f5es) e da Bahia (R$ 18,6 milh\u00f5es), al\u00e9m de R$ 326,5 milh\u00f5es em comiss\u00f5es cujas emendas sequer t\u00eam execu\u00e7\u00e3o obrigat\u00f3ria.<\/p>\n\n\n\n<div class=\"wp-block-image\"><figure class=\"aligncenter size-large is-resized\"><a href=\"https:\/\/www.facebook.com\/profile.php?id=100069289606145\"><img loading=\"lazy\" decoding=\"async\" src=\"https:\/\/jornalfatosenoticias.com.br\/wp-content\/uploads\/2024\/11\/Guaitolini-Contabilidade-1024x714.jpeg\" alt=\"\" class=\"wp-image-55808\" width=\"327\" height=\"228\" srcset=\"https:\/\/jornalfatosenoticias.com.br\/wp-content\/uploads\/2024\/11\/Guaitolini-Contabilidade-1024x714.jpeg 1024w, https:\/\/jornalfatosenoticias.com.br\/wp-content\/uploads\/2024\/11\/Guaitolini-Contabilidade-300x209.jpeg 300w, https:\/\/jornalfatosenoticias.com.br\/wp-content\/uploads\/2024\/11\/Guaitolini-Contabilidade-768x535.jpeg 768w, https:\/\/jornalfatosenoticias.com.br\/wp-content\/uploads\/2024\/11\/Guaitolini-Contabilidade.jpeg 1280w\" sizes=\"auto, (max-width: 327px) 100vw, 327px\" \/><\/a><\/figure><\/div>\n\n\n\n<p>O gesto do Planalto ocorre num momento cr\u00edtico da rela\u00e7\u00e3o com o Congresso. A derrubada do aumento do IOF foi interpretada como uma derrota estrat\u00e9gica do Executivo, que vinha sendo alertado sobre o enfraquecimento de sua articula\u00e7\u00e3o pol\u00edtica. Segundo fontes do pr\u00f3prio governo, o rev\u00e9s compromete o equil\u00edbrio fiscal e pode for\u00e7ar o bloqueio de at\u00e9 R$ 12 bilh\u00f5es no or\u00e7amento. Deste montante, R$ 3 bilh\u00f5es em emendas parlamentares correm o risco de n\u00e3o sair da gaveta. <strong>(Fonte: Hora Bras\u00edlia)<\/strong><\/p>\n\n\n\n<div class=\"wp-block-image\"><figure class=\"aligncenter size-large is-resized\"><a href=\"https:\/\/www.legisjuris.com.br\/\"><img loading=\"lazy\" decoding=\"async\" src=\"https:\/\/jornalfatosenoticias.com.br\/wp-content\/uploads\/2024\/09\/Legis-Juris-Consultoria_logo.jpg\" alt=\"\" class=\"wp-image-53915\" width=\"518\" height=\"217\" srcset=\"https:\/\/jornalfatosenoticias.com.br\/wp-content\/uploads\/2024\/09\/Legis-Juris-Consultoria_logo.jpg 969w, https:\/\/jornalfatosenoticias.com.br\/wp-content\/uploads\/2024\/09\/Legis-Juris-Consultoria_logo-300x126.jpg 300w, https:\/\/jornalfatosenoticias.com.br\/wp-content\/uploads\/2024\/09\/Legis-Juris-Consultoria_logo-768x322.jpg 768w\" sizes=\"auto, (max-width: 518px) 100vw, 518px\" \/><\/a><\/figure><\/div>\n\n\n\n<hr class=\"wp-block-separator\"\/>\n\n\n\n<h3 class=\"wp-block-heading\"><span class=\"has-inline-color has-black-color\">EUA criticam OEA por omiss\u00e3o em fraude eleitoral na Venezuela e cogitam abandonar entidade<br><\/span><\/h3>\n\n\n\n<div class=\"wp-block-image\"><figure class=\"aligncenter size-large\"><img loading=\"lazy\" decoding=\"async\" width=\"600\" height=\"337\" src=\"https:\/\/jornalfatosenoticias.com.br\/wp-content\/uploads\/2025\/07\/EUA-criticam-OEA-por-omissao-em-fraude-eleitoral-na-venezuela.jpg\" alt=\"\" class=\"wp-image-60368\" srcset=\"https:\/\/jornalfatosenoticias.com.br\/wp-content\/uploads\/2025\/07\/EUA-criticam-OEA-por-omissao-em-fraude-eleitoral-na-venezuela.jpg 600w, https:\/\/jornalfatosenoticias.com.br\/wp-content\/uploads\/2025\/07\/EUA-criticam-OEA-por-omissao-em-fraude-eleitoral-na-venezuela-300x169.jpg 300w\" sizes=\"auto, (max-width: 600px) 100vw, 600px\" \/><figcaption><em><span class=\"has-inline-color has-black-color\">(Foto: Reprodu\u00e7\u00e3o Internet)<\/span><\/em><\/figcaption><\/figure><\/div>\n\n\n\n<p><span class=\"has-inline-color has-black-color\">Por <strong>Carlos Magno<\/strong><\/span><\/p>\n\n\n\n<p>O governo dos Estados Unidos voltou a criticar duramente a Organiza\u00e7\u00e3o dos Estados Americanos (OEA) por sua postura passiva diante das recentes fraudes eleitorais na Venezuela e da escalada de viol\u00eancia no Haiti. Em discurso firme, o subsecret\u00e1rio de Estado, Christopher Landau, questionou publicamente a utilidade da entidade, alertando que os EUA consideram abandonar sua participa\u00e7\u00e3o na organiza\u00e7\u00e3o.<\/p>\n\n\n\n<div class=\"wp-block-image\"><figure class=\"aligncenter size-large is-resized\"><a href=\"https:\/\/www.instagram.com\/esteio.churrascaria\/\"><img loading=\"lazy\" decoding=\"async\" src=\"https:\/\/jornalfatosenoticias.com.br\/wp-content\/uploads\/2022\/02\/LOGO-ESTEIO-1024x730.png\" alt=\"\" class=\"wp-image-27942\" width=\"357\" height=\"254\" srcset=\"https:\/\/jornalfatosenoticias.com.br\/wp-content\/uploads\/2022\/02\/LOGO-ESTEIO-1024x730.png 1024w, https:\/\/jornalfatosenoticias.com.br\/wp-content\/uploads\/2022\/02\/LOGO-ESTEIO-300x214.png 300w, https:\/\/jornalfatosenoticias.com.br\/wp-content\/uploads\/2022\/02\/LOGO-ESTEIO-768x548.png 768w, https:\/\/jornalfatosenoticias.com.br\/wp-content\/uploads\/2022\/02\/LOGO-ESTEIO.png 1123w\" sizes=\"auto, (max-width: 357px) 100vw, 357px\" \/><\/a><\/figure><\/div>\n\n\n\n<blockquote class=\"wp-block-quote is-layout-flow wp-block-quote-is-layout-flow\"><p><span class=\"has-inline-color has-luminous-vivid-orange-color\">Se somos incapazes de responder ou remediar uma situa\u00e7\u00e3o em que um regime ignora abertamente as normas internacionais, ent\u00e3o devemos nos perguntar: que sentido tem esta organiza\u00e7\u00e3o?\u201d, disse Landau, durante a Assembleia Geral da OEA em Ant\u00edgua e Barbuda.<\/span><\/p><\/blockquote>\n\n\n\n<div class=\"wp-block-image\"><figure class=\"aligncenter size-large is-resized\"><a href=\"https:\/\/panper.com.br\/\"><img loading=\"lazy\" decoding=\"async\" src=\"https:\/\/jornalfatosenoticias.com.br\/wp-content\/uploads\/2023\/03\/logo-Panper_portal.jpg\" alt=\"\" class=\"wp-image-40208\" width=\"361\" height=\"250\" srcset=\"https:\/\/jornalfatosenoticias.com.br\/wp-content\/uploads\/2023\/03\/logo-Panper_portal.jpg 400w, https:\/\/jornalfatosenoticias.com.br\/wp-content\/uploads\/2023\/03\/logo-Panper_portal-300x208.jpg 300w\" sizes=\"auto, (max-width: 361px) 100vw, 361px\" \/><\/a><\/figure><\/div>\n\n\n\n<p>A declara\u00e7\u00e3o reflete o crescente inc\u00f4modo da diplomacia americana com o que considera omiss\u00e3o e inoper\u00e2ncia da OEA diante de regimes autorit\u00e1rios na Am\u00e9rica Latina. Segundo Landau, a falta de a\u00e7\u00e3o concreta diante da fraude eleitoral na Venezuela, que resultou na manuten\u00e7\u00e3o do ditador Nicol\u00e1s Maduro, compromete a credibilidade da entidade.<\/p>\n\n\n\n<div class=\"wp-block-image\"><figure class=\"aligncenter size-large is-resized\"><a href=\"https:\/\/www.facebook.com\/postobkr\/?locale=pt_BR\"><img loading=\"lazy\" decoding=\"async\" src=\"https:\/\/jornalfatosenoticias.com.br\/wp-content\/uploads\/2023\/08\/BKR-1024x1021.jpg\" alt=\"\" class=\"wp-image-44494\" width=\"309\" height=\"308\" srcset=\"https:\/\/jornalfatosenoticias.com.br\/wp-content\/uploads\/2023\/08\/BKR-1024x1021.jpg 1024w, https:\/\/jornalfatosenoticias.com.br\/wp-content\/uploads\/2023\/08\/BKR-300x300.jpg 300w, https:\/\/jornalfatosenoticias.com.br\/wp-content\/uploads\/2023\/08\/BKR-150x150.jpg 150w, https:\/\/jornalfatosenoticias.com.br\/wp-content\/uploads\/2023\/08\/BKR-768x766.jpg 768w, https:\/\/jornalfatosenoticias.com.br\/wp-content\/uploads\/2023\/08\/BKR.jpg 1080w\" sizes=\"auto, (max-width: 309px) 100vw, 309px\" \/><\/a><\/figure><\/div>\n\n\n\n<p>Landau foi enf\u00e1tico ao afirmar que a oposi\u00e7\u00e3o venezuelana, representada por Edmundo Gonz\u00e1lez Urrutia, venceu as elei\u00e7\u00f5es com ampla margem, apresentando provas robustas de fraude. Ainda assim, a OEA permaneceu inerte. \u201cEm resposta a essa descarada fraude eleitoral, o que esta organiza\u00e7\u00e3o fez? At\u00e9 onde sabemos, nada substancial\u201d, afirmou o subsecret\u00e1rio.<\/p>\n\n\n\n<div class=\"wp-block-image\"><figure class=\"aligncenter size-large is-resized\"><a href=\"https:\/\/www.instagram.com\/restaurantepegoretti\/\"><img loading=\"lazy\" decoding=\"async\" src=\"https:\/\/jornalfatosenoticias.com.br\/wp-content\/uploads\/2023\/12\/pegoretti-logo-pdf-1024x389.jpg\" alt=\"\" class=\"wp-image-47536\" width=\"530\" height=\"201\" srcset=\"https:\/\/jornalfatosenoticias.com.br\/wp-content\/uploads\/2023\/12\/pegoretti-logo-pdf-1024x389.jpg 1024w, https:\/\/jornalfatosenoticias.com.br\/wp-content\/uploads\/2023\/12\/pegoretti-logo-pdf-300x114.jpg 300w, https:\/\/jornalfatosenoticias.com.br\/wp-content\/uploads\/2023\/12\/pegoretti-logo-pdf-768x291.jpg 768w, https:\/\/jornalfatosenoticias.com.br\/wp-content\/uploads\/2023\/12\/pegoretti-logo-pdf.jpg 1120w\" sizes=\"auto, (max-width: 530px) 100vw, 530px\" \/><\/a><\/figure><\/div>\n\n\n\n<p>Ele tamb\u00e9m criticou a omiss\u00e3o da organiza\u00e7\u00e3o diante da crise humanit\u00e1ria no Haiti, que enfrenta colapso institucional e viol\u00eancia end\u00eamica. Mesmo ap\u00f3s o envio de uma miss\u00e3o de seguran\u00e7a liderada pelo Qu\u00eania com aval da ONU, os EUA denunciam que continuam arcando sozinhos com os custos financeiros e pol\u00edticos da miss\u00e3o, sem apoio efetivo da OEA.<\/p>\n\n\n\n<div class=\"wp-block-image\"><figure class=\"aligncenter size-large\"><a href=\"https:\/\/www.cesconetto.com.br\/\"><img loading=\"lazy\" decoding=\"async\" width=\"300\" height=\"250\" src=\"https:\/\/jornalfatosenoticias.com.br\/wp-content\/uploads\/2020\/02\/Banner-2.png\" alt=\"\" class=\"wp-image-43787\"\/><\/a><\/figure><\/div>\n\n\n\n<p>Landau informou que o Departamento de Estado, por ordem do presidente Donald Trump, est\u00e1 revisando a perman\u00eancia dos EUA em organismos internacionais, incluindo a pr\u00f3pria OEA. A decis\u00e3o ainda n\u00e3o foi tomada, mas o subsecret\u00e1rio alertou: \u201cpara ser franco, n\u00e3o tenho clareza se posso prever como esta revis\u00e3o terminar\u00e1\u201d. <strong>(Fonte: Conex\u00e3o Pol\u00edtica)<\/strong><\/p>\n\n\n\n<div class=\"wp-block-image\"><figure class=\"aligncenter size-large is-resized\"><a href=\"https:\/\/www.instagram.com\/gruposei\/\"><img loading=\"lazy\" decoding=\"async\" src=\"https:\/\/jornalfatosenoticias.com.br\/wp-content\/uploads\/2022\/07\/Logo-Grupo-SEI.jpg\" alt=\"\" class=\"wp-image-31973\" width=\"428\" height=\"225\" srcset=\"https:\/\/jornalfatosenoticias.com.br\/wp-content\/uploads\/2022\/07\/Logo-Grupo-SEI.jpg 713w, https:\/\/jornalfatosenoticias.com.br\/wp-content\/uploads\/2022\/07\/Logo-Grupo-SEI-300x158.jpg 300w\" sizes=\"auto, (max-width: 428px) 100vw, 428px\" \/><\/a><\/figure><\/div>\n\n\n\n<hr class=\"wp-block-separator\"\/>\n","protected":false},"excerpt":{"rendered":"<p>A declara\u00e7\u00e3o de Luiz In\u00e1cio Lula da Silva, feita nesta quarta-feira (2), n\u00e3o poderia ser mais reveladora \u2014 e alarmante: \u201cse eu n\u00e3o for \u00e0 Suprema Corte, eu n\u00e3o governo mais o pa\u00eds\u201d. Com essa frase, Lula n\u00e3o apenas reconhece a fragilidade de seu governo como tamb\u00e9m normaliza uma invers\u00e3o institucional grave: a substitui\u00e7\u00e3o do [&hellip;]<\/p>\n","protected":false},"author":3,"featured_media":60373,"comment_status":"open","ping_status":"open","sticky":false,"template":"","format":"standard","meta":{"footnotes":""},"categories":[10],"tags":[2147,1039,159,27547,172,7580,18957,22274,1001,545,13186,27546,21798,294,8605],"class_list":["post-60367","post","type-post","status-publish","format-standard","has-post-thumbnail","hentry","category-politica","tag-donald-trump","tag-eleicoes","tag-eua","tag-fraude-eleitoral-na-venezuela","tag-internacional","tag-lula","tag-odebrecht","tag-oea","tag-peru","tag-politica","tag-pt","tag-rafael-fonteles","tag-ron-desantis","tag-stf","tag-venezuela"],"yoast_head":"<!-- This site is optimized with the Yoast SEO plugin v26.5 - https:\/\/yoast.com\/wordpress\/plugins\/seo\/ -->\n<title>A Semana no Brasil e no Mundo \u2014 Lula admite que n\u00e3o governa mais sem o Judici\u00e1rio - Jornal Fatos e Not\u00edcias<\/title>\n<meta name=\"robots\" content=\"index, follow, max-snippet:-1, max-image-preview:large, max-video-preview:-1\" \/>\n<link rel=\"canonical\" href=\"https:\/\/jornalfatosenoticias.com.br\/index.php\/2025\/07\/03\/a-semana-no-brasil-e-no-mundo-lula-admite-que-nao-governa-mais-sem-o-judiciario\/\" \/>\n<meta property=\"og:locale\" content=\"pt_BR\" \/>\n<meta property=\"og:type\" content=\"article\" \/>\n<meta property=\"og:title\" content=\"A Semana no Brasil e no Mundo \u2014 Lula admite que n\u00e3o governa mais sem o Judici\u00e1rio - Jornal Fatos e Not\u00edcias\" \/>\n<meta property=\"og:description\" content=\"A declara\u00e7\u00e3o de Luiz In\u00e1cio Lula da Silva, feita nesta quarta-feira (2), n\u00e3o poderia ser mais reveladora \u2014 e alarmante: \u201cse eu n\u00e3o for \u00e0 Suprema Corte, eu n\u00e3o governo mais o pa\u00eds\u201d. Com essa frase, Lula n\u00e3o apenas reconhece a fragilidade de seu governo como tamb\u00e9m normaliza uma invers\u00e3o institucional grave: a substitui\u00e7\u00e3o do [&hellip;]\" \/>\n<meta property=\"og:url\" content=\"https:\/\/jornalfatosenoticias.com.br\/index.php\/2025\/07\/03\/a-semana-no-brasil-e-no-mundo-lula-admite-que-nao-governa-mais-sem-o-judiciario\/\" \/>\n<meta property=\"og:site_name\" content=\"Jornal Fatos e Not\u00edcias\" \/>\n<meta property=\"article:published_time\" content=\"2025-07-03T22:50:10+00:00\" \/>\n<meta property=\"article:modified_time\" content=\"2025-07-03T22:50:11+00:00\" \/>\n<meta property=\"og:image\" content=\"https:\/\/jornalfatosenoticias.com.br\/wp-content\/uploads\/2025\/07\/Lula-admite-que-nao-governa-mais-sem-o-Judiciario_gettyimages.jpg\" \/>\n\t<meta property=\"og:image:width\" content=\"612\" \/>\n\t<meta property=\"og:image:height\" content=\"408\" \/>\n\t<meta property=\"og:image:type\" content=\"image\/jpeg\" \/>\n<meta name=\"author\" content=\"Haroldo Filho\" \/>\n<meta name=\"twitter:card\" content=\"summary_large_image\" \/>\n<meta name=\"twitter:label1\" content=\"Escrito por\" \/>\n\t<meta name=\"twitter:data1\" content=\"Haroldo Filho\" \/>\n\t<meta name=\"twitter:label2\" content=\"Est. tempo de leitura\" \/>\n\t<meta name=\"twitter:data2\" content=\"11 minutos\" \/>\n<script type=\"application\/ld+json\" class=\"yoast-schema-graph\">{\"@context\":\"https:\/\/schema.org\",\"@graph\":[{\"@type\":\"Article\",\"@id\":\"https:\/\/jornalfatosenoticias.com.br\/index.php\/2025\/07\/03\/a-semana-no-brasil-e-no-mundo-lula-admite-que-nao-governa-mais-sem-o-judiciario\/#article\",\"isPartOf\":{\"@id\":\"https:\/\/jornalfatosenoticias.com.br\/index.php\/2025\/07\/03\/a-semana-no-brasil-e-no-mundo-lula-admite-que-nao-governa-mais-sem-o-judiciario\/\"},\"author\":{\"name\":\"Haroldo Filho\",\"@id\":\"https:\/\/jornalfatosenoticias.com.br\/#\/schema\/person\/05c46cc25b42a5c27e004fb0fa6b4965\"},\"headline\":\"A Semana no Brasil e no Mundo \u2014 Lula admite que n\u00e3o governa mais sem o Judici\u00e1rio\",\"datePublished\":\"2025-07-03T22:50:10+00:00\",\"dateModified\":\"2025-07-03T22:50:11+00:00\",\"mainEntityOfPage\":{\"@id\":\"https:\/\/jornalfatosenoticias.com.br\/index.php\/2025\/07\/03\/a-semana-no-brasil-e-no-mundo-lula-admite-que-nao-governa-mais-sem-o-judiciario\/\"},\"wordCount\":2232,\"commentCount\":0,\"publisher\":{\"@id\":\"https:\/\/jornalfatosenoticias.com.br\/#organization\"},\"image\":{\"@id\":\"https:\/\/jornalfatosenoticias.com.br\/index.php\/2025\/07\/03\/a-semana-no-brasil-e-no-mundo-lula-admite-que-nao-governa-mais-sem-o-judiciario\/#primaryimage\"},\"thumbnailUrl\":\"https:\/\/jornalfatosenoticias.com.br\/wp-content\/uploads\/2025\/07\/Lula-admite-que-nao-governa-mais-sem-o-Judiciario_gettyimages.jpg\",\"keywords\":[\"Donald Trump\",\"elei\u00e7\u00f5es\",\"EUA\",\"fraude eleitoral na Venezuela\",\"internacional\",\"Lula\",\"Odebrecht\",\"OEA\",\"Peru\",\"pol\u00edtica\",\"PT\",\"Rafael Fonteles\",\"Ron DeSantis\",\"STF\",\"Venezuela\"],\"articleSection\":[\"Pol\u00edtica\"],\"inLanguage\":\"pt-BR\",\"potentialAction\":[{\"@type\":\"CommentAction\",\"name\":\"Comment\",\"target\":[\"https:\/\/jornalfatosenoticias.com.br\/index.php\/2025\/07\/03\/a-semana-no-brasil-e-no-mundo-lula-admite-que-nao-governa-mais-sem-o-judiciario\/#respond\"]}]},{\"@type\":\"WebPage\",\"@id\":\"https:\/\/jornalfatosenoticias.com.br\/index.php\/2025\/07\/03\/a-semana-no-brasil-e-no-mundo-lula-admite-que-nao-governa-mais-sem-o-judiciario\/\",\"url\":\"https:\/\/jornalfatosenoticias.com.br\/index.php\/2025\/07\/03\/a-semana-no-brasil-e-no-mundo-lula-admite-que-nao-governa-mais-sem-o-judiciario\/\",\"name\":\"A Semana no Brasil e no Mundo \u2014 Lula admite que n\u00e3o governa mais sem o Judici\u00e1rio - Jornal Fatos e Not\u00edcias\",\"isPartOf\":{\"@id\":\"https:\/\/jornalfatosenoticias.com.br\/#website\"},\"primaryImageOfPage\":{\"@id\":\"https:\/\/jornalfatosenoticias.com.br\/index.php\/2025\/07\/03\/a-semana-no-brasil-e-no-mundo-lula-admite-que-nao-governa-mais-sem-o-judiciario\/#primaryimage\"},\"image\":{\"@id\":\"https:\/\/jornalfatosenoticias.com.br\/index.php\/2025\/07\/03\/a-semana-no-brasil-e-no-mundo-lula-admite-que-nao-governa-mais-sem-o-judiciario\/#primaryimage\"},\"thumbnailUrl\":\"https:\/\/jornalfatosenoticias.com.br\/wp-content\/uploads\/2025\/07\/Lula-admite-que-nao-governa-mais-sem-o-Judiciario_gettyimages.jpg\",\"datePublished\":\"2025-07-03T22:50:10+00:00\",\"dateModified\":\"2025-07-03T22:50:11+00:00\",\"breadcrumb\":{\"@id\":\"https:\/\/jornalfatosenoticias.com.br\/index.php\/2025\/07\/03\/a-semana-no-brasil-e-no-mundo-lula-admite-que-nao-governa-mais-sem-o-judiciario\/#breadcrumb\"},\"inLanguage\":\"pt-BR\",\"potentialAction\":[{\"@type\":\"ReadAction\",\"target\":[\"https:\/\/jornalfatosenoticias.com.br\/index.php\/2025\/07\/03\/a-semana-no-brasil-e-no-mundo-lula-admite-que-nao-governa-mais-sem-o-judiciario\/\"]}]},{\"@type\":\"ImageObject\",\"inLanguage\":\"pt-BR\",\"@id\":\"https:\/\/jornalfatosenoticias.com.br\/index.php\/2025\/07\/03\/a-semana-no-brasil-e-no-mundo-lula-admite-que-nao-governa-mais-sem-o-judiciario\/#primaryimage\",\"url\":\"https:\/\/jornalfatosenoticias.com.br\/wp-content\/uploads\/2025\/07\/Lula-admite-que-nao-governa-mais-sem-o-Judiciario_gettyimages.jpg\",\"contentUrl\":\"https:\/\/jornalfatosenoticias.com.br\/wp-content\/uploads\/2025\/07\/Lula-admite-que-nao-governa-mais-sem-o-Judiciario_gettyimages.jpg\",\"width\":612,\"height\":408,\"caption\":\"Supreme Court minister Flavio Dino (C) greets Brazilian President Luiz In\u00e1cio Lula da Silva (R), next to the president of the Brazilian Supreme Court Roberto Barroso during his inauguration as new minister of the Federal Supreme Court (STF), Bras\u00edlia, on February 22, 2024. (Photo by Sergio Lima \/ AFP) (Photo by SERGIO LIMA\/AFP via Getty Images)\"},{\"@type\":\"BreadcrumbList\",\"@id\":\"https:\/\/jornalfatosenoticias.com.br\/index.php\/2025\/07\/03\/a-semana-no-brasil-e-no-mundo-lula-admite-que-nao-governa-mais-sem-o-judiciario\/#breadcrumb\",\"itemListElement\":[{\"@type\":\"ListItem\",\"position\":1,\"name\":\"In\u00edcio\",\"item\":\"https:\/\/jornalfatosenoticias.com.br\/\"},{\"@type\":\"ListItem\",\"position\":2,\"name\":\"A Semana no Brasil e no Mundo \u2014 Lula admite que n\u00e3o governa mais sem o Judici\u00e1rio\"}]},{\"@type\":\"WebSite\",\"@id\":\"https:\/\/jornalfatosenoticias.com.br\/#website\",\"url\":\"https:\/\/jornalfatosenoticias.com.br\/\",\"name\":\"Jornal Fatos e Not\u00edcias\",\"description\":\"Not\u00edcias em geral\",\"publisher\":{\"@id\":\"https:\/\/jornalfatosenoticias.com.br\/#organization\"},\"potentialAction\":[{\"@type\":\"SearchAction\",\"target\":{\"@type\":\"EntryPoint\",\"urlTemplate\":\"https:\/\/jornalfatosenoticias.com.br\/?s={search_term_string}\"},\"query-input\":{\"@type\":\"PropertyValueSpecification\",\"valueRequired\":true,\"valueName\":\"search_term_string\"}}],\"inLanguage\":\"pt-BR\"},{\"@type\":\"Organization\",\"@id\":\"https:\/\/jornalfatosenoticias.com.br\/#organization\",\"name\":\"Jornal Fatos e Not\u00edcias\",\"url\":\"https:\/\/jornalfatosenoticias.com.br\/\",\"logo\":{\"@type\":\"ImageObject\",\"inLanguage\":\"pt-BR\",\"@id\":\"https:\/\/jornalfatosenoticias.com.br\/#\/schema\/logo\/image\/\",\"url\":\"https:\/\/jornalfatosenoticias.com.br\/wp-content\/uploads\/2020\/02\/logo120.png\",\"contentUrl\":\"https:\/\/jornalfatosenoticias.com.br\/wp-content\/uploads\/2020\/02\/logo120.png\",\"width\":1227,\"height\":120,\"caption\":\"Jornal Fatos e Not\u00edcias\"},\"image\":{\"@id\":\"https:\/\/jornalfatosenoticias.com.br\/#\/schema\/logo\/image\/\"}},{\"@type\":\"Person\",\"@id\":\"https:\/\/jornalfatosenoticias.com.br\/#\/schema\/person\/05c46cc25b42a5c27e004fb0fa6b4965\",\"name\":\"Haroldo Filho\",\"image\":{\"@type\":\"ImageObject\",\"inLanguage\":\"pt-BR\",\"@id\":\"https:\/\/jornalfatosenoticias.com.br\/#\/schema\/person\/image\/\",\"url\":\"https:\/\/jornalfatosenoticias.com.br\/wp-content\/uploads\/2025\/08\/WhatsApp-Image-2025-08-18-at-15.30.28-150x150.jpeg\",\"contentUrl\":\"https:\/\/jornalfatosenoticias.com.br\/wp-content\/uploads\/2025\/08\/WhatsApp-Image-2025-08-18-at-15.30.28-150x150.jpeg\",\"caption\":\"Haroldo Filho\"},\"description\":\"Jornalista \u2013 DRT: 0003818\/ES Coordenador-geral da ONG Educar para Crescer\",\"url\":\"https:\/\/jornalfatosenoticias.com.br\/index.php\/author\/haroldo\/\"}]}<\/script>\n<!-- \/ Yoast SEO plugin. -->","yoast_head_json":{"title":"A Semana no Brasil e no Mundo \u2014 Lula admite que n\u00e3o governa mais sem o Judici\u00e1rio - Jornal Fatos e Not\u00edcias","robots":{"index":"index","follow":"follow","max-snippet":"max-snippet:-1","max-image-preview":"max-image-preview:large","max-video-preview":"max-video-preview:-1"},"canonical":"https:\/\/jornalfatosenoticias.com.br\/index.php\/2025\/07\/03\/a-semana-no-brasil-e-no-mundo-lula-admite-que-nao-governa-mais-sem-o-judiciario\/","og_locale":"pt_BR","og_type":"article","og_title":"A Semana no Brasil e no Mundo \u2014 Lula admite que n\u00e3o governa mais sem o Judici\u00e1rio - Jornal Fatos e Not\u00edcias","og_description":"A declara\u00e7\u00e3o de Luiz In\u00e1cio Lula da Silva, feita nesta quarta-feira (2), n\u00e3o poderia ser mais reveladora \u2014 e alarmante: \u201cse eu n\u00e3o for \u00e0 Suprema Corte, eu n\u00e3o governo mais o pa\u00eds\u201d. Com essa frase, Lula n\u00e3o apenas reconhece a fragilidade de seu governo como tamb\u00e9m normaliza uma invers\u00e3o institucional grave: a substitui\u00e7\u00e3o do [&hellip;]","og_url":"https:\/\/jornalfatosenoticias.com.br\/index.php\/2025\/07\/03\/a-semana-no-brasil-e-no-mundo-lula-admite-que-nao-governa-mais-sem-o-judiciario\/","og_site_name":"Jornal Fatos e Not\u00edcias","article_published_time":"2025-07-03T22:50:10+00:00","article_modified_time":"2025-07-03T22:50:11+00:00","og_image":[{"width":612,"height":408,"url":"https:\/\/jornalfatosenoticias.com.br\/wp-content\/uploads\/2025\/07\/Lula-admite-que-nao-governa-mais-sem-o-Judiciario_gettyimages.jpg","type":"image\/jpeg"}],"author":"Haroldo Filho","twitter_card":"summary_large_image","twitter_misc":{"Escrito por":"Haroldo Filho","Est. tempo de leitura":"11 minutos"},"schema":{"@context":"https:\/\/schema.org","@graph":[{"@type":"Article","@id":"https:\/\/jornalfatosenoticias.com.br\/index.php\/2025\/07\/03\/a-semana-no-brasil-e-no-mundo-lula-admite-que-nao-governa-mais-sem-o-judiciario\/#article","isPartOf":{"@id":"https:\/\/jornalfatosenoticias.com.br\/index.php\/2025\/07\/03\/a-semana-no-brasil-e-no-mundo-lula-admite-que-nao-governa-mais-sem-o-judiciario\/"},"author":{"name":"Haroldo Filho","@id":"https:\/\/jornalfatosenoticias.com.br\/#\/schema\/person\/05c46cc25b42a5c27e004fb0fa6b4965"},"headline":"A Semana no Brasil e no Mundo \u2014 Lula admite que n\u00e3o governa mais sem o Judici\u00e1rio","datePublished":"2025-07-03T22:50:10+00:00","dateModified":"2025-07-03T22:50:11+00:00","mainEntityOfPage":{"@id":"https:\/\/jornalfatosenoticias.com.br\/index.php\/2025\/07\/03\/a-semana-no-brasil-e-no-mundo-lula-admite-que-nao-governa-mais-sem-o-judiciario\/"},"wordCount":2232,"commentCount":0,"publisher":{"@id":"https:\/\/jornalfatosenoticias.com.br\/#organization"},"image":{"@id":"https:\/\/jornalfatosenoticias.com.br\/index.php\/2025\/07\/03\/a-semana-no-brasil-e-no-mundo-lula-admite-que-nao-governa-mais-sem-o-judiciario\/#primaryimage"},"thumbnailUrl":"https:\/\/jornalfatosenoticias.com.br\/wp-content\/uploads\/2025\/07\/Lula-admite-que-nao-governa-mais-sem-o-Judiciario_gettyimages.jpg","keywords":["Donald Trump","elei\u00e7\u00f5es","EUA","fraude eleitoral na Venezuela","internacional","Lula","Odebrecht","OEA","Peru","pol\u00edtica","PT","Rafael Fonteles","Ron DeSantis","STF","Venezuela"],"articleSection":["Pol\u00edtica"],"inLanguage":"pt-BR","potentialAction":[{"@type":"CommentAction","name":"Comment","target":["https:\/\/jornalfatosenoticias.com.br\/index.php\/2025\/07\/03\/a-semana-no-brasil-e-no-mundo-lula-admite-que-nao-governa-mais-sem-o-judiciario\/#respond"]}]},{"@type":"WebPage","@id":"https:\/\/jornalfatosenoticias.com.br\/index.php\/2025\/07\/03\/a-semana-no-brasil-e-no-mundo-lula-admite-que-nao-governa-mais-sem-o-judiciario\/","url":"https:\/\/jornalfatosenoticias.com.br\/index.php\/2025\/07\/03\/a-semana-no-brasil-e-no-mundo-lula-admite-que-nao-governa-mais-sem-o-judiciario\/","name":"A Semana no Brasil e no Mundo \u2014 Lula admite que n\u00e3o governa mais sem o Judici\u00e1rio - Jornal Fatos e Not\u00edcias","isPartOf":{"@id":"https:\/\/jornalfatosenoticias.com.br\/#website"},"primaryImageOfPage":{"@id":"https:\/\/jornalfatosenoticias.com.br\/index.php\/2025\/07\/03\/a-semana-no-brasil-e-no-mundo-lula-admite-que-nao-governa-mais-sem-o-judiciario\/#primaryimage"},"image":{"@id":"https:\/\/jornalfatosenoticias.com.br\/index.php\/2025\/07\/03\/a-semana-no-brasil-e-no-mundo-lula-admite-que-nao-governa-mais-sem-o-judiciario\/#primaryimage"},"thumbnailUrl":"https:\/\/jornalfatosenoticias.com.br\/wp-content\/uploads\/2025\/07\/Lula-admite-que-nao-governa-mais-sem-o-Judiciario_gettyimages.jpg","datePublished":"2025-07-03T22:50:10+00:00","dateModified":"2025-07-03T22:50:11+00:00","breadcrumb":{"@id":"https:\/\/jornalfatosenoticias.com.br\/index.php\/2025\/07\/03\/a-semana-no-brasil-e-no-mundo-lula-admite-que-nao-governa-mais-sem-o-judiciario\/#breadcrumb"},"inLanguage":"pt-BR","potentialAction":[{"@type":"ReadAction","target":["https:\/\/jornalfatosenoticias.com.br\/index.php\/2025\/07\/03\/a-semana-no-brasil-e-no-mundo-lula-admite-que-nao-governa-mais-sem-o-judiciario\/"]}]},{"@type":"ImageObject","inLanguage":"pt-BR","@id":"https:\/\/jornalfatosenoticias.com.br\/index.php\/2025\/07\/03\/a-semana-no-brasil-e-no-mundo-lula-admite-que-nao-governa-mais-sem-o-judiciario\/#primaryimage","url":"https:\/\/jornalfatosenoticias.com.br\/wp-content\/uploads\/2025\/07\/Lula-admite-que-nao-governa-mais-sem-o-Judiciario_gettyimages.jpg","contentUrl":"https:\/\/jornalfatosenoticias.com.br\/wp-content\/uploads\/2025\/07\/Lula-admite-que-nao-governa-mais-sem-o-Judiciario_gettyimages.jpg","width":612,"height":408,"caption":"Supreme Court minister Flavio Dino (C) greets Brazilian President Luiz In\u00e1cio Lula da Silva (R), next to the president of the Brazilian Supreme Court Roberto Barroso during his inauguration as new minister of the Federal Supreme Court (STF), Bras\u00edlia, on February 22, 2024. (Photo by Sergio Lima \/ AFP) (Photo by SERGIO LIMA\/AFP via Getty Images)"},{"@type":"BreadcrumbList","@id":"https:\/\/jornalfatosenoticias.com.br\/index.php\/2025\/07\/03\/a-semana-no-brasil-e-no-mundo-lula-admite-que-nao-governa-mais-sem-o-judiciario\/#breadcrumb","itemListElement":[{"@type":"ListItem","position":1,"name":"In\u00edcio","item":"https:\/\/jornalfatosenoticias.com.br\/"},{"@type":"ListItem","position":2,"name":"A Semana no Brasil e no Mundo \u2014 Lula admite que n\u00e3o governa mais sem o Judici\u00e1rio"}]},{"@type":"WebSite","@id":"https:\/\/jornalfatosenoticias.com.br\/#website","url":"https:\/\/jornalfatosenoticias.com.br\/","name":"Jornal Fatos e Not\u00edcias","description":"Not\u00edcias em geral","publisher":{"@id":"https:\/\/jornalfatosenoticias.com.br\/#organization"},"potentialAction":[{"@type":"SearchAction","target":{"@type":"EntryPoint","urlTemplate":"https:\/\/jornalfatosenoticias.com.br\/?s={search_term_string}"},"query-input":{"@type":"PropertyValueSpecification","valueRequired":true,"valueName":"search_term_string"}}],"inLanguage":"pt-BR"},{"@type":"Organization","@id":"https:\/\/jornalfatosenoticias.com.br\/#organization","name":"Jornal Fatos e Not\u00edcias","url":"https:\/\/jornalfatosenoticias.com.br\/","logo":{"@type":"ImageObject","inLanguage":"pt-BR","@id":"https:\/\/jornalfatosenoticias.com.br\/#\/schema\/logo\/image\/","url":"https:\/\/jornalfatosenoticias.com.br\/wp-content\/uploads\/2020\/02\/logo120.png","contentUrl":"https:\/\/jornalfatosenoticias.com.br\/wp-content\/uploads\/2020\/02\/logo120.png","width":1227,"height":120,"caption":"Jornal Fatos e Not\u00edcias"},"image":{"@id":"https:\/\/jornalfatosenoticias.com.br\/#\/schema\/logo\/image\/"}},{"@type":"Person","@id":"https:\/\/jornalfatosenoticias.com.br\/#\/schema\/person\/05c46cc25b42a5c27e004fb0fa6b4965","name":"Haroldo Filho","image":{"@type":"ImageObject","inLanguage":"pt-BR","@id":"https:\/\/jornalfatosenoticias.com.br\/#\/schema\/person\/image\/","url":"https:\/\/jornalfatosenoticias.com.br\/wp-content\/uploads\/2025\/08\/WhatsApp-Image-2025-08-18-at-15.30.28-150x150.jpeg","contentUrl":"https:\/\/jornalfatosenoticias.com.br\/wp-content\/uploads\/2025\/08\/WhatsApp-Image-2025-08-18-at-15.30.28-150x150.jpeg","caption":"Haroldo Filho"},"description":"Jornalista \u2013 DRT: 0003818\/ES Coordenador-geral da ONG Educar para Crescer","url":"https:\/\/jornalfatosenoticias.com.br\/index.php\/author\/haroldo\/"}]}},"cc_featured_image_caption":{"caption_text":"(Foto: Getty Images)","source_text":"","source_url":""},"jetpack_featured_media_url":"https:\/\/jornalfatosenoticias.com.br\/wp-content\/uploads\/2025\/07\/Lula-admite-que-nao-governa-mais-sem-o-Judiciario_gettyimages.jpg","_links":{"self":[{"href":"https:\/\/jornalfatosenoticias.com.br\/index.php\/wp-json\/wp\/v2\/posts\/60367","targetHints":{"allow":["GET"]}}],"collection":[{"href":"https:\/\/jornalfatosenoticias.com.br\/index.php\/wp-json\/wp\/v2\/posts"}],"about":[{"href":"https:\/\/jornalfatosenoticias.com.br\/index.php\/wp-json\/wp\/v2\/types\/post"}],"author":[{"embeddable":true,"href":"https:\/\/jornalfatosenoticias.com.br\/index.php\/wp-json\/wp\/v2\/users\/3"}],"replies":[{"embeddable":true,"href":"https:\/\/jornalfatosenoticias.com.br\/index.php\/wp-json\/wp\/v2\/comments?post=60367"}],"version-history":[{"count":0,"href":"https:\/\/jornalfatosenoticias.com.br\/index.php\/wp-json\/wp\/v2\/posts\/60367\/revisions"}],"wp:featuredmedia":[{"embeddable":true,"href":"https:\/\/jornalfatosenoticias.com.br\/index.php\/wp-json\/wp\/v2\/media\/60373"}],"wp:attachment":[{"href":"https:\/\/jornalfatosenoticias.com.br\/index.php\/wp-json\/wp\/v2\/media?parent=60367"}],"wp:term":[{"taxonomy":"category","embeddable":true,"href":"https:\/\/jornalfatosenoticias.com.br\/index.php\/wp-json\/wp\/v2\/categories?post=60367"},{"taxonomy":"post_tag","embeddable":true,"href":"https:\/\/jornalfatosenoticias.com.br\/index.php\/wp-json\/wp\/v2\/tags?post=60367"}],"curies":[{"name":"wp","href":"https:\/\/api.w.org\/{rel}","templated":true}]}}