{"id":60386,"date":"2025-07-03T20:25:34","date_gmt":"2025-07-03T23:25:34","guid":{"rendered":"https:\/\/jornalfatosenoticias.com.br\/?p=60386"},"modified":"2025-07-03T20:25:36","modified_gmt":"2025-07-03T23:25:36","slug":"icms-st-fora-da-base-do-pis-e-da-cofins","status":"publish","type":"post","link":"https:\/\/jornalfatosenoticias.com.br\/index.php\/2025\/07\/03\/icms-st-fora-da-base-do-pis-e-da-cofins\/","title":{"rendered":"ICMS-ST fora da base do PIS e da COFINS"},"content":{"rendered":"\n<p><em><span class=\"has-inline-color has-black-color\">Receita Federal reconhece direito do contribuinte substitu\u00eddo<\/span><\/em><\/p>\n\n\n\n<div class=\"wp-block-image\"><figure class=\"aligncenter size-large\"><a href=\"https:\/\/panper.com.br\/\"><img loading=\"lazy\" decoding=\"async\" width=\"1024\" height=\"111\" src=\"https:\/\/jornalfatosenoticias.com.br\/wp-content\/uploads\/2020\/02\/WhatsApp-Image-2022-09-23-at-12.09.18-1024x111.jpeg\" alt=\"\" class=\"wp-image-34527\" srcset=\"https:\/\/jornalfatosenoticias.com.br\/wp-content\/uploads\/2020\/02\/WhatsApp-Image-2022-09-23-at-12.09.18-1024x111.jpeg 1024w, https:\/\/jornalfatosenoticias.com.br\/wp-content\/uploads\/2020\/02\/WhatsApp-Image-2022-09-23-at-12.09.18-300x32.jpeg 300w, https:\/\/jornalfatosenoticias.com.br\/wp-content\/uploads\/2020\/02\/WhatsApp-Image-2022-09-23-at-12.09.18-768x83.jpeg 768w, https:\/\/jornalfatosenoticias.com.br\/wp-content\/uploads\/2020\/02\/WhatsApp-Image-2022-09-23-at-12.09.18.jpeg 1121w\" sizes=\"auto, (max-width: 1024px) 100vw, 1024px\" \/><\/a><\/figure><\/div>\n\n\n\n<p>Por muitos anos, a exclus\u00e3o do ICMS da base de c\u00e1lculo do PIS e da COFINS foi pauta de intensas discuss\u00f5es judiciais e administrativas. Com a decis\u00e3o do STF no Tema 69 em sede de repercuss\u00e3o geral em 13 de Maio de 2021, reconhecendo que o ICMS n\u00e3o comp\u00f5e a base de c\u00e1lculo dessas contribui\u00e7\u00f5es, abriu-se um caminho importante para a revis\u00e3o tribut\u00e1ria nas empresas. Agora, uma nova frente se consolida: o reconhecimento de que o ICMS-ST tamb\u00e9m deve ser exclu\u00eddo quando o contribuinte \u00e9 substitu\u00eddo e a Receita Federal do Brasil acaba de formalizar esse entendimento.<br>No dia 24 de Junho de 2025, foi publicada a Solu\u00e7\u00e3o de Consulta COSIT n.\u00ba 100\/2025, na qual a RECEITA FEDERAL finalmente se posicionou no mesmo sentido do que j\u00e1 havia sido decidido pelo Superior Tribunal de Justi\u00e7a (STJ), no julgamento do Tema 1125. A decis\u00e3o do STJ deixou claro: <strong>o ICMS-ST n\u00e3o comp\u00f5e a base de c\u00e1lculo da contribui\u00e7\u00e3o ao PIS e \u00e0 COFINS devidas pelo contribuinte substitu\u00eddo no regime de substitui\u00e7\u00e3o tribut\u00e1ria progressiva.<\/strong><\/p>\n\n\n\n<div class=\"wp-block-image\"><figure class=\"aligncenter size-large is-resized\"><a href=\"https:\/\/www.facebook.com\/profile.php?id=100069289606145\"><img loading=\"lazy\" decoding=\"async\" src=\"https:\/\/jornalfatosenoticias.com.br\/wp-content\/uploads\/2024\/11\/Guaitolini-Contabilidade-1024x714.jpeg\" alt=\"\" class=\"wp-image-55808\" width=\"319\" height=\"222\" srcset=\"https:\/\/jornalfatosenoticias.com.br\/wp-content\/uploads\/2024\/11\/Guaitolini-Contabilidade-1024x714.jpeg 1024w, https:\/\/jornalfatosenoticias.com.br\/wp-content\/uploads\/2024\/11\/Guaitolini-Contabilidade-300x209.jpeg 300w, https:\/\/jornalfatosenoticias.com.br\/wp-content\/uploads\/2024\/11\/Guaitolini-Contabilidade-768x535.jpeg 768w, https:\/\/jornalfatosenoticias.com.br\/wp-content\/uploads\/2024\/11\/Guaitolini-Contabilidade.jpeg 1280w\" sizes=\"auto, (max-width: 319px) 100vw, 319px\" \/><\/a><\/figure><\/div>\n\n\n\n<p><strong><span class=\"has-inline-color has-black-color\">O que isso significa?<br><\/span><\/strong>Na pr\u00e1tica, a substitui\u00e7\u00e3o tribut\u00e1ria do ICMS transfere a responsabilidade do recolhimento do imposto a um contribuinte anterior na cadeia o substituto. O contribuinte que adquire a mercadoria n\u00e3o recolhe diretamente o ICMS, pois esse j\u00e1 foi pago de forma antecipada.<\/p>\n\n\n\n<div class=\"wp-block-image\"><figure class=\"aligncenter size-large is-resized\"><a href=\"https:\/\/www.legisjuris.com.br\/\"><img loading=\"lazy\" decoding=\"async\" src=\"https:\/\/jornalfatosenoticias.com.br\/wp-content\/uploads\/2024\/09\/Legis-Juris-Consultoria_logo.jpg\" alt=\"\" class=\"wp-image-53915\" width=\"494\" height=\"207\" srcset=\"https:\/\/jornalfatosenoticias.com.br\/wp-content\/uploads\/2024\/09\/Legis-Juris-Consultoria_logo.jpg 969w, https:\/\/jornalfatosenoticias.com.br\/wp-content\/uploads\/2024\/09\/Legis-Juris-Consultoria_logo-300x126.jpg 300w, https:\/\/jornalfatosenoticias.com.br\/wp-content\/uploads\/2024\/09\/Legis-Juris-Consultoria_logo-768x322.jpg 768w\" sizes=\"auto, (max-width: 494px) 100vw, 494px\" \/><\/a><\/figure><\/div>\n\n\n\n<p>At\u00e9 recentemente, a Receita Federal entendia que apenas o substituto poderia excluir o ICMS-ST da base do PIS e da COFINS, sob o argumento de que somente este havia destacado o imposto em suas notas fiscais. Com a decis\u00e3o do STJ e o Parecer SEI n.\u00ba 4090\/2024 da PGFN, essa l\u00f3gica foi superada. Agora, mesmo os contribuintes substitu\u00eddos como distribuidores ou transportadoras podem deixar de incluir o valor do ICMS-ST em suas receitas tribut\u00e1veis, desde que haja o destaque do imposto no documento fiscal emitido pelo fornecedor.<\/p>\n\n\n\n<div class=\"wp-block-image\"><figure class=\"aligncenter size-large\"><a href=\"http:\/\/www.ferrarimaquinas.com.br\/\"><img loading=\"lazy\" decoding=\"async\" width=\"300\" height=\"250\" src=\"https:\/\/jornalfatosenoticias.com.br\/wp-content\/uploads\/2022\/02\/FERRARI_MAQUINAS-E-FERRAMENTAS2.jpg\" alt=\"\" class=\"wp-image-27860\"\/><\/a><\/figure><\/div>\n\n\n\n<blockquote class=\"wp-block-quote is-layout-flow wp-block-quote-is-layout-flow\"><p><span class=\"has-inline-color has-luminous-vivid-orange-color\">Aproveite cada adversidade, cada fracasso, cada dor de cabe\u00e7a, como uma oportunidade para semear as sementes de um benef\u00edcio equivalente ou maior&#8221;, Napoleon Hill<\/span><\/p><\/blockquote>\n\n\n\n<div class=\"wp-block-image\"><figure class=\"aligncenter size-large is-resized\"><a href=\"https:\/\/www.instagram.com\/gruposei\/\"><img loading=\"lazy\" decoding=\"async\" src=\"https:\/\/jornalfatosenoticias.com.br\/wp-content\/uploads\/2022\/07\/Logo-Grupo-SEI.jpg\" alt=\"\" class=\"wp-image-31973\" width=\"389\" height=\"204\" srcset=\"https:\/\/jornalfatosenoticias.com.br\/wp-content\/uploads\/2022\/07\/Logo-Grupo-SEI.jpg 713w, https:\/\/jornalfatosenoticias.com.br\/wp-content\/uploads\/2022\/07\/Logo-Grupo-SEI-300x158.jpg 300w\" sizes=\"auto, (max-width: 389px) 100vw, 389px\" \/><\/a><\/figure><\/div>\n\n\n\n<p><strong><span class=\"has-inline-color has-black-color\">Um passo al\u00e9m: seguran\u00e7a para recuperar valores pagos indevidamente<br><\/span><\/strong>Essa mudan\u00e7a representa um al\u00edvio financeiro e uma importante oportunidade para os contribuintes revisarem suas apura\u00e7\u00f5es dos \u00faltimos cinco anos. Valores de PIS e COFINS pagos indevidamente, com base de c\u00e1lculo inflada pelo ICMS-ST, podem ser recuperados via compensa\u00e7\u00e3o administrativa, desde que observados os crit\u00e9rios t\u00e9cnicos e a documenta\u00e7\u00e3o necess\u00e1ria.<\/p>\n\n\n\n<div class=\"wp-block-image\"><figure class=\"aligncenter size-large is-resized\"><a href=\"https:\/\/www.instagram.com\/serra4x4cambioautomatico\/\"><img loading=\"lazy\" decoding=\"async\" src=\"https:\/\/jornalfatosenoticias.com.br\/wp-content\/uploads\/2024\/08\/Serra-4x4-1-886x1024.jpg\" alt=\"\" class=\"wp-image-53632\" width=\"278\" height=\"321\" srcset=\"https:\/\/jornalfatosenoticias.com.br\/wp-content\/uploads\/2024\/08\/Serra-4x4-1-886x1024.jpg 886w, https:\/\/jornalfatosenoticias.com.br\/wp-content\/uploads\/2024\/08\/Serra-4x4-1-260x300.jpg 260w, https:\/\/jornalfatosenoticias.com.br\/wp-content\/uploads\/2024\/08\/Serra-4x4-1-768x888.jpg 768w, https:\/\/jornalfatosenoticias.com.br\/wp-content\/uploads\/2024\/08\/Serra-4x4-1.jpg 1181w\" sizes=\"auto, (max-width: 278px) 100vw, 278px\" \/><\/a><\/figure><\/div>\n\n\n\n<p>Para isso, \u00e9 essencial comprovar que o ICMS-ST foi efetivamente cobrado na opera\u00e7\u00e3o. Isso se d\u00e1, em geral, pelo destaque nas notas fiscais de aquisi\u00e7\u00e3o. Em alguns setores, como o de transporte, pode haver opera\u00e7\u00f5es nas quais esse destaque n\u00e3o aparece claramente. Nesses casos, \u00e9 poss\u00edvel que haja maior complexidade para comprovar o direito, o que exige aten\u00e7\u00e3o redobrada da \u00e1rea fiscal das empresas.<\/p>\n\n\n\n<div class=\"wp-block-image\"><figure class=\"aligncenter size-large is-resized\"><a href=\"https:\/\/www.instagram.com\/rcradiadores\/\"><img loading=\"lazy\" decoding=\"async\" src=\"https:\/\/jornalfatosenoticias.com.br\/wp-content\/uploads\/2022\/10\/RC_800x750_page-0001.jpg\" alt=\"\" class=\"wp-image-35338\" width=\"299\" height=\"280\" srcset=\"https:\/\/jornalfatosenoticias.com.br\/wp-content\/uploads\/2022\/10\/RC_800x750_page-0001.jpg 400w, https:\/\/jornalfatosenoticias.com.br\/wp-content\/uploads\/2022\/10\/RC_800x750_page-0001-300x281.jpg 300w\" sizes=\"auto, (max-width: 299px) 100vw, 299px\" \/><\/a><\/figure><\/div>\n\n\n\n<p><strong><span class=\"has-inline-color has-black-color\">A import\u00e2ncia do momento: Receita segue a jurisprud\u00eancia<br><\/span><\/strong>A Solu\u00e7\u00e3o de Consulta COSIT n.\u00ba 100\/2025 mostra que a Receita Federal come\u00e7a a adotar uma postura mais alinhada \u00e0s decis\u00f5es judiciais favor\u00e1veis aos contribuintes, especialmente nos casos em que os tribunais superiores decidem sob o rito dos recursos repetitivos.<\/p>\n\n\n\n<div class=\"wp-block-image\"><figure class=\"aligncenter size-large is-resized\"><a href=\"https:\/\/www.controlsystems.com.br\/\"><img loading=\"lazy\" decoding=\"async\" src=\"https:\/\/jornalfatosenoticias.com.br\/wp-content\/uploads\/2020\/02\/CONTROL-CS.jpg\" alt=\"\" class=\"wp-image-44991\" width=\"292\" height=\"350\" srcset=\"https:\/\/jornalfatosenoticias.com.br\/wp-content\/uploads\/2020\/02\/CONTROL-CS.jpg 834w, https:\/\/jornalfatosenoticias.com.br\/wp-content\/uploads\/2020\/02\/CONTROL-CS-250x300.jpg 250w, https:\/\/jornalfatosenoticias.com.br\/wp-content\/uploads\/2020\/02\/CONTROL-CS-768x921.jpg 768w\" sizes=\"auto, (max-width: 292px) 100vw, 292px\" \/><\/a><\/figure><\/div>\n\n\n\n<p>Essa mudan\u00e7a tem dois efeitos principais. O primeiro \u00e9 pr\u00e1tico: evita lit\u00edgios e traz mais previsibilidade \u00e0s empresas, permitindo que decis\u00f5es administrativas sigam o que j\u00e1 foi pacificado no Judici\u00e1rio. O segundo \u00e9 institucional: sinaliza uma atua\u00e7\u00e3o mais coerente da Administra\u00e7\u00e3o Tribut\u00e1ria, o que fortalece a seguran\u00e7a jur\u00eddica e a confian\u00e7a no sistema.<\/p>\n\n\n\n<div class=\"wp-block-image\"><figure class=\"aligncenter size-large is-resized\"><a href=\"https:\/\/www.facebook.com\/vetor.vix\/\"><img loading=\"lazy\" decoding=\"async\" src=\"https:\/\/jornalfatosenoticias.com.br\/wp-content\/uploads\/2023\/09\/vetorvix1024_1.jpg\" alt=\"\" class=\"wp-image-44868\" width=\"557\" height=\"148\" srcset=\"https:\/\/jornalfatosenoticias.com.br\/wp-content\/uploads\/2023\/09\/vetorvix1024_1.jpg 1024w, https:\/\/jornalfatosenoticias.com.br\/wp-content\/uploads\/2023\/09\/vetorvix1024_1-300x80.jpg 300w, https:\/\/jornalfatosenoticias.com.br\/wp-content\/uploads\/2023\/09\/vetorvix1024_1-768x205.jpg 768w\" sizes=\"auto, (max-width: 557px) 100vw, 557px\" \/><\/a><\/figure><\/div>\n\n\n\n<p><strong><span class=\"has-inline-color has-black-color\">Cuidados e recomenda\u00e7\u00f5es<br><\/span><\/strong>Apesar da orienta\u00e7\u00e3o favor\u00e1vel, os contribuintes devem agir com cautela. A exclus\u00e3o do ICMS-ST da base de c\u00e1lculo deve ser feita com respaldo t\u00e9cnico, com o apoio de profissionais especializados, e com toda a documenta\u00e7\u00e3o comprobat\u00f3ria da opera\u00e7\u00e3o. As compensa\u00e7\u00f5es de valores pagos a maior exigem registros consistentes, controle cont\u00e1bil detalhado e aten\u00e7\u00e3o \u00e0 modula\u00e7\u00e3o de efeitos decidida pelo STF no julgamento do RE n\u00ba 574.706, que estabeleceu como marco temporal 15 de mar\u00e7o de 2017, salvo para quem j\u00e1 havia ingressado com a\u00e7\u00e3o judicial ou processo administrativo antes dessa data.<\/p>\n\n\n\n<div class=\"wp-block-image\"><figure class=\"aligncenter size-large is-resized\"><a href=\"https:\/\/www.facebook.com\/postobkr\/?locale=pt_BR\"><img loading=\"lazy\" decoding=\"async\" src=\"https:\/\/jornalfatosenoticias.com.br\/wp-content\/uploads\/2023\/08\/BKR-1024x1021.jpg\" alt=\"\" class=\"wp-image-44494\" width=\"320\" height=\"319\" srcset=\"https:\/\/jornalfatosenoticias.com.br\/wp-content\/uploads\/2023\/08\/BKR-1024x1021.jpg 1024w, https:\/\/jornalfatosenoticias.com.br\/wp-content\/uploads\/2023\/08\/BKR-300x300.jpg 300w, https:\/\/jornalfatosenoticias.com.br\/wp-content\/uploads\/2023\/08\/BKR-150x150.jpg 150w, https:\/\/jornalfatosenoticias.com.br\/wp-content\/uploads\/2023\/08\/BKR-768x766.jpg 768w, https:\/\/jornalfatosenoticias.com.br\/wp-content\/uploads\/2023\/08\/BKR.jpg 1080w\" sizes=\"auto, (max-width: 320px) 100vw, 320px\" \/><\/a><\/figure><\/div>\n\n\n\n<p><strong><span class=\"has-inline-color has-black-color\">O ICMS Substitui\u00e7\u00e3o Tribut\u00e1ria (ICMS-ST) pode n\u00e3o aparecer destacado na nota fiscal do fornecedor e ser recolhido \u00e0 parte em algumas situa\u00e7\u00f5es espec\u00edficas:<br><\/span><\/strong>\u2705 <strong>Opera\u00e7\u00f5es internas onde o ICMS-ST j\u00e1 foi recolhido anteriormente: <\/strong>nesses casos, o ICMS-ST n\u00e3o precisa ser destacado na nota fiscal, podendo ser informado apenas nos &#8220;Dados Adicionais&#8221; da NF-e que o imposto j\u00e1 foi recolhido anteriormente.<br>\u2705 <strong>Falta de destaque do ICMS-ST pelo fornecedor:<\/strong> se o fornecedor n\u00e3o destaca o ICMS-ST na nota fiscal, o destinat\u00e1rio deve recusar a nota ou solicitar uma nota fiscal complementar para que o ICMS-ST seja informado e recolhido corretamente. Caso o fornecedor n\u00e3o regularize, o destinat\u00e1rio pode ter dificuldades para reconhecer o cr\u00e9dito ou ressarcimento do imposto.<br>\u2705 <strong>Aus\u00eancia de conv\u00eanio entre estados:<\/strong> quando n\u00e3o h\u00e1 acordo entre os estados para substitui\u00e7\u00e3o tribut\u00e1ria em opera\u00e7\u00f5es interestaduais, o ICMS-ST pode n\u00e3o ser recolhido na nota do fornecedor e fica a cargo do destinat\u00e1rio recolher o imposto no momento da entrada da mercadoria no estado.<br>\u2705 <strong>Configura\u00e7\u00e3o fiscal do fornecedor e do cliente:<\/strong> em alguns sistemas, dependendo do tipo cadastral do fornecedor ou do cliente (ex: consumidor final, revenda, associado com ST), o ICMS-ST pode n\u00e3o ser incorporado no total da nota fiscal e, portanto, n\u00e3o destacado na nota do fornecedor, sendo recolhido de forma distinta.<\/p>\n\n\n\n<div class=\"wp-block-image\"><figure class=\"aligncenter size-large is-resized\"><a href=\"https:\/\/www.instagram.com\/restaurantepegoretti\/\"><img loading=\"lazy\" decoding=\"async\" src=\"https:\/\/jornalfatosenoticias.com.br\/wp-content\/uploads\/2023\/12\/pegoretti-logo-pdf-1024x389.jpg\" alt=\"\" class=\"wp-image-47536\" width=\"456\" height=\"173\" srcset=\"https:\/\/jornalfatosenoticias.com.br\/wp-content\/uploads\/2023\/12\/pegoretti-logo-pdf-1024x389.jpg 1024w, https:\/\/jornalfatosenoticias.com.br\/wp-content\/uploads\/2023\/12\/pegoretti-logo-pdf-300x114.jpg 300w, https:\/\/jornalfatosenoticias.com.br\/wp-content\/uploads\/2023\/12\/pegoretti-logo-pdf-768x291.jpg 768w, https:\/\/jornalfatosenoticias.com.br\/wp-content\/uploads\/2023\/12\/pegoretti-logo-pdf.jpg 1120w\" sizes=\"auto, (max-width: 456px) 100vw, 456px\" \/><\/a><\/figure><\/div>\n\n\n\n<p>Em resumo, o ICMS-ST pode n\u00e3o aparecer destacado na nota fiscal do fornecedor quando j\u00e1 foi recolhido anteriormente, quando h\u00e1 omiss\u00e3o do fornecedor que deve ser corrigida, ou em opera\u00e7\u00f5es interestaduais sem conv\u00eanio, ficando o recolhimento para o destinat\u00e1rio. Nestes casos, o recolhimento ocorre \u00e0 parte e o destinat\u00e1rio deve ficar atento para garantir a regularidade fiscal.<\/p>\n\n\n\n<div class=\"wp-block-image\"><figure class=\"aligncenter size-large\"><a href=\"https:\/\/www.cesconetto.com.br\/\"><img loading=\"lazy\" decoding=\"async\" width=\"300\" height=\"250\" src=\"https:\/\/jornalfatosenoticias.com.br\/wp-content\/uploads\/2020\/02\/Banner-2.png\" alt=\"\" class=\"wp-image-43787\"\/><\/a><\/figure><\/div>\n\n\n\n<p><strong><span class=\"has-inline-color has-black-color\">Considera\u00e7\u00f5es finais<br><\/span><\/strong>A exclus\u00e3o do ICMS-ST da base do PIS e da COFINS \u00e9 uma importante vit\u00f3ria para os contribuintes substitu\u00eddos. A Receita Federal, ao reconhecer esse direito por meio da Solu\u00e7\u00e3o de Consulta n.\u00ba 100\/2025, demonstra sensibilidade e respeito \u00e0 jurisprud\u00eancia firmada. Com isso, abre-se espa\u00e7o para corre\u00e7\u00f5es de apura\u00e7\u00f5es passadas e, mais do que isso, para uma gest\u00e3o tribut\u00e1ria mais justa, eficiente e segura.<\/p>\n\n\n\n<div class=\"wp-block-image\"><figure class=\"aligncenter size-large is-resized\"><a href=\"https:\/\/hotelmarquetti.com.br\/\"><img loading=\"lazy\" decoding=\"async\" src=\"https:\/\/jornalfatosenoticias.com.br\/wp-content\/uploads\/2020\/02\/LOGO-MQ-1024x680.jpg\" alt=\"\" class=\"wp-image-58299\" width=\"411\" height=\"273\" srcset=\"https:\/\/jornalfatosenoticias.com.br\/wp-content\/uploads\/2020\/02\/LOGO-MQ-1024x680.jpg 1024w, https:\/\/jornalfatosenoticias.com.br\/wp-content\/uploads\/2020\/02\/LOGO-MQ-300x199.jpg 300w, https:\/\/jornalfatosenoticias.com.br\/wp-content\/uploads\/2020\/02\/LOGO-MQ-768x510.jpg 768w, https:\/\/jornalfatosenoticias.com.br\/wp-content\/uploads\/2020\/02\/LOGO-MQ-1536x1020.jpg 1536w, https:\/\/jornalfatosenoticias.com.br\/wp-content\/uploads\/2020\/02\/LOGO-MQ-2048x1360.jpg 2048w\" sizes=\"auto, (max-width: 411px) 100vw, 411px\" \/><\/a><\/figure><\/div>\n\n\n\n<p>\u00c9 hora das empresas analisarem com aten\u00e7\u00e3o seus procedimentos fiscais, aproveitarem essa oportunidade e, se for o caso, buscarem a restitui\u00e7\u00e3o dos valores pagos a maior. A evolu\u00e7\u00e3o normativa e jurisprudencial precisa refletir na pr\u00e1tica e a conformidade tribut\u00e1ria \u00e9 um passo essencial nessa dire\u00e7\u00e3o.<\/p>\n","protected":false},"excerpt":{"rendered":"<p>Receita Federal reconhece direito do contribuinte substitu\u00eddo Por muitos anos, a exclus\u00e3o do ICMS da base de c\u00e1lculo do PIS e da COFINS foi pauta de intensas discuss\u00f5es judiciais e administrativas. Com a decis\u00e3o do STF no Tema 69 em sede de repercuss\u00e3o geral em 13 de Maio de 2021, reconhecendo que o ICMS n\u00e3o [&hellip;]<\/p>\n","protected":false},"author":39,"featured_media":60387,"comment_status":"open","ping_status":"open","sticky":false,"template":"","format":"standard","meta":{"footnotes":""},"categories":[9],"tags":[13644,27554,25954,20538,1404],"class_list":["post-60386","post","type-post","status-publish","format-standard","has-post-thumbnail","hentry","category-economia","tag-cofins","tag-contribuinte-substituido","tag-icms-st","tag-pis","tag-receita-federal"],"yoast_head":"<!-- This site is optimized with the Yoast SEO plugin v26.5 - https:\/\/yoast.com\/wordpress\/plugins\/seo\/ -->\n<title>ICMS-ST fora da base do PIS e da COFINS - Jornal Fatos e Not\u00edcias<\/title>\n<meta name=\"robots\" content=\"index, follow, max-snippet:-1, max-image-preview:large, max-video-preview:-1\" \/>\n<link rel=\"canonical\" href=\"https:\/\/jornalfatosenoticias.com.br\/index.php\/2025\/07\/03\/icms-st-fora-da-base-do-pis-e-da-cofins\/\" \/>\n<meta property=\"og:locale\" content=\"pt_BR\" \/>\n<meta property=\"og:type\" content=\"article\" \/>\n<meta property=\"og:title\" content=\"ICMS-ST fora da base do PIS e da COFINS - Jornal Fatos e Not\u00edcias\" \/>\n<meta property=\"og:description\" content=\"Receita Federal reconhece direito do contribuinte substitu\u00eddo Por muitos anos, a exclus\u00e3o do ICMS da base de c\u00e1lculo do PIS e da COFINS foi pauta de intensas discuss\u00f5es judiciais e administrativas. Com a decis\u00e3o do STF no Tema 69 em sede de repercuss\u00e3o geral em 13 de Maio de 2021, reconhecendo que o ICMS n\u00e3o [&hellip;]\" \/>\n<meta property=\"og:url\" content=\"https:\/\/jornalfatosenoticias.com.br\/index.php\/2025\/07\/03\/icms-st-fora-da-base-do-pis-e-da-cofins\/\" \/>\n<meta property=\"og:site_name\" content=\"Jornal Fatos e Not\u00edcias\" \/>\n<meta property=\"article:published_time\" content=\"2025-07-03T23:25:34+00:00\" \/>\n<meta property=\"article:modified_time\" content=\"2025-07-03T23:25:36+00:00\" \/>\n<meta property=\"og:image\" content=\"https:\/\/jornalfatosenoticias.com.br\/wp-content\/uploads\/2025\/07\/conceito-de-negocio-com-calculadora-close-up.jpg\" \/>\n\t<meta property=\"og:image:width\" content=\"1000\" \/>\n\t<meta property=\"og:image:height\" content=\"562\" \/>\n\t<meta property=\"og:image:type\" content=\"image\/jpeg\" \/>\n<meta name=\"author\" content=\"Rogerio Fernandes e Kalyne Calais\" \/>\n<meta name=\"twitter:card\" content=\"summary_large_image\" \/>\n<meta name=\"twitter:label1\" content=\"Escrito por\" \/>\n\t<meta name=\"twitter:data1\" content=\"Rogerio Fernandes e Kalyne Calais\" \/>\n\t<meta name=\"twitter:label2\" content=\"Est. tempo de leitura\" \/>\n\t<meta name=\"twitter:data2\" content=\"6 minutos\" \/>\n<script type=\"application\/ld+json\" class=\"yoast-schema-graph\">{\"@context\":\"https:\/\/schema.org\",\"@graph\":[{\"@type\":\"Article\",\"@id\":\"https:\/\/jornalfatosenoticias.com.br\/index.php\/2025\/07\/03\/icms-st-fora-da-base-do-pis-e-da-cofins\/#article\",\"isPartOf\":{\"@id\":\"https:\/\/jornalfatosenoticias.com.br\/index.php\/2025\/07\/03\/icms-st-fora-da-base-do-pis-e-da-cofins\/\"},\"author\":{\"name\":\"Rogerio Fernandes e Kalyne Calais\",\"@id\":\"https:\/\/jornalfatosenoticias.com.br\/#\/schema\/person\/dbe3a29c2a0ae01a892d7aef31d6c0b6\"},\"headline\":\"ICMS-ST fora da base do PIS e da COFINS\",\"datePublished\":\"2025-07-03T23:25:34+00:00\",\"dateModified\":\"2025-07-03T23:25:36+00:00\",\"mainEntityOfPage\":{\"@id\":\"https:\/\/jornalfatosenoticias.com.br\/index.php\/2025\/07\/03\/icms-st-fora-da-base-do-pis-e-da-cofins\/\"},\"wordCount\":1144,\"commentCount\":0,\"publisher\":{\"@id\":\"https:\/\/jornalfatosenoticias.com.br\/#organization\"},\"image\":{\"@id\":\"https:\/\/jornalfatosenoticias.com.br\/index.php\/2025\/07\/03\/icms-st-fora-da-base-do-pis-e-da-cofins\/#primaryimage\"},\"thumbnailUrl\":\"https:\/\/jornalfatosenoticias.com.br\/wp-content\/uploads\/2025\/07\/conceito-de-negocio-com-calculadora-close-up.jpg\",\"keywords\":[\"Cofins\",\"contribuinte substitu\u00eddo\",\"ICMS-ST\",\"Pis\",\"Receita Federal\"],\"articleSection\":[\"Economia\"],\"inLanguage\":\"pt-BR\",\"potentialAction\":[{\"@type\":\"CommentAction\",\"name\":\"Comment\",\"target\":[\"https:\/\/jornalfatosenoticias.com.br\/index.php\/2025\/07\/03\/icms-st-fora-da-base-do-pis-e-da-cofins\/#respond\"]}]},{\"@type\":\"WebPage\",\"@id\":\"https:\/\/jornalfatosenoticias.com.br\/index.php\/2025\/07\/03\/icms-st-fora-da-base-do-pis-e-da-cofins\/\",\"url\":\"https:\/\/jornalfatosenoticias.com.br\/index.php\/2025\/07\/03\/icms-st-fora-da-base-do-pis-e-da-cofins\/\",\"name\":\"ICMS-ST fora da base do PIS e da COFINS - Jornal Fatos e Not\u00edcias\",\"isPartOf\":{\"@id\":\"https:\/\/jornalfatosenoticias.com.br\/#website\"},\"primaryImageOfPage\":{\"@id\":\"https:\/\/jornalfatosenoticias.com.br\/index.php\/2025\/07\/03\/icms-st-fora-da-base-do-pis-e-da-cofins\/#primaryimage\"},\"image\":{\"@id\":\"https:\/\/jornalfatosenoticias.com.br\/index.php\/2025\/07\/03\/icms-st-fora-da-base-do-pis-e-da-cofins\/#primaryimage\"},\"thumbnailUrl\":\"https:\/\/jornalfatosenoticias.com.br\/wp-content\/uploads\/2025\/07\/conceito-de-negocio-com-calculadora-close-up.jpg\",\"datePublished\":\"2025-07-03T23:25:34+00:00\",\"dateModified\":\"2025-07-03T23:25:36+00:00\",\"breadcrumb\":{\"@id\":\"https:\/\/jornalfatosenoticias.com.br\/index.php\/2025\/07\/03\/icms-st-fora-da-base-do-pis-e-da-cofins\/#breadcrumb\"},\"inLanguage\":\"pt-BR\",\"potentialAction\":[{\"@type\":\"ReadAction\",\"target\":[\"https:\/\/jornalfatosenoticias.com.br\/index.php\/2025\/07\/03\/icms-st-fora-da-base-do-pis-e-da-cofins\/\"]}]},{\"@type\":\"ImageObject\",\"inLanguage\":\"pt-BR\",\"@id\":\"https:\/\/jornalfatosenoticias.com.br\/index.php\/2025\/07\/03\/icms-st-fora-da-base-do-pis-e-da-cofins\/#primaryimage\",\"url\":\"https:\/\/jornalfatosenoticias.com.br\/wp-content\/uploads\/2025\/07\/conceito-de-negocio-com-calculadora-close-up.jpg\",\"contentUrl\":\"https:\/\/jornalfatosenoticias.com.br\/wp-content\/uploads\/2025\/07\/conceito-de-negocio-com-calculadora-close-up.jpg\",\"width\":1000,\"height\":562},{\"@type\":\"BreadcrumbList\",\"@id\":\"https:\/\/jornalfatosenoticias.com.br\/index.php\/2025\/07\/03\/icms-st-fora-da-base-do-pis-e-da-cofins\/#breadcrumb\",\"itemListElement\":[{\"@type\":\"ListItem\",\"position\":1,\"name\":\"In\u00edcio\",\"item\":\"https:\/\/jornalfatosenoticias.com.br\/\"},{\"@type\":\"ListItem\",\"position\":2,\"name\":\"ICMS-ST fora da base do PIS e da COFINS\"}]},{\"@type\":\"WebSite\",\"@id\":\"https:\/\/jornalfatosenoticias.com.br\/#website\",\"url\":\"https:\/\/jornalfatosenoticias.com.br\/\",\"name\":\"Jornal Fatos e Not\u00edcias\",\"description\":\"Not\u00edcias em geral\",\"publisher\":{\"@id\":\"https:\/\/jornalfatosenoticias.com.br\/#organization\"},\"potentialAction\":[{\"@type\":\"SearchAction\",\"target\":{\"@type\":\"EntryPoint\",\"urlTemplate\":\"https:\/\/jornalfatosenoticias.com.br\/?s={search_term_string}\"},\"query-input\":{\"@type\":\"PropertyValueSpecification\",\"valueRequired\":true,\"valueName\":\"search_term_string\"}}],\"inLanguage\":\"pt-BR\"},{\"@type\":\"Organization\",\"@id\":\"https:\/\/jornalfatosenoticias.com.br\/#organization\",\"name\":\"Jornal Fatos e Not\u00edcias\",\"url\":\"https:\/\/jornalfatosenoticias.com.br\/\",\"logo\":{\"@type\":\"ImageObject\",\"inLanguage\":\"pt-BR\",\"@id\":\"https:\/\/jornalfatosenoticias.com.br\/#\/schema\/logo\/image\/\",\"url\":\"https:\/\/jornalfatosenoticias.com.br\/wp-content\/uploads\/2020\/02\/logo120.png\",\"contentUrl\":\"https:\/\/jornalfatosenoticias.com.br\/wp-content\/uploads\/2020\/02\/logo120.png\",\"width\":1227,\"height\":120,\"caption\":\"Jornal Fatos e Not\u00edcias\"},\"image\":{\"@id\":\"https:\/\/jornalfatosenoticias.com.br\/#\/schema\/logo\/image\/\"}},{\"@type\":\"Person\",\"@id\":\"https:\/\/jornalfatosenoticias.com.br\/#\/schema\/person\/dbe3a29c2a0ae01a892d7aef31d6c0b6\",\"name\":\"Rogerio Fernandes e Kalyne Calais\",\"image\":{\"@type\":\"ImageObject\",\"inLanguage\":\"pt-BR\",\"@id\":\"https:\/\/jornalfatosenoticias.com.br\/#\/schema\/person\/image\/\",\"url\":\"https:\/\/jornalfatosenoticias.com.br\/wp-content\/uploads\/2026\/01\/Rogerio-Kalyne_PORTAL-1-150x150.jpeg\",\"contentUrl\":\"https:\/\/jornalfatosenoticias.com.br\/wp-content\/uploads\/2026\/01\/Rogerio-Kalyne_PORTAL-1-150x150.jpeg\",\"caption\":\"Rogerio Fernandes e Kalyne Calais\"},\"description\":\"Especialistas em Direito Tribut\u00e1rio Legis Juris Consultoria https:\/\/www.instagram.com\/kalynecalais\/ https:\/\/www.linkedin.com\/company\/legis-juris\/\",\"url\":\"https:\/\/jornalfatosenoticias.com.br\/index.php\/author\/rogerio-e-kalyne\/\"}]}<\/script>\n<!-- \/ Yoast SEO plugin. -->","yoast_head_json":{"title":"ICMS-ST fora da base do PIS e da COFINS - Jornal Fatos e Not\u00edcias","robots":{"index":"index","follow":"follow","max-snippet":"max-snippet:-1","max-image-preview":"max-image-preview:large","max-video-preview":"max-video-preview:-1"},"canonical":"https:\/\/jornalfatosenoticias.com.br\/index.php\/2025\/07\/03\/icms-st-fora-da-base-do-pis-e-da-cofins\/","og_locale":"pt_BR","og_type":"article","og_title":"ICMS-ST fora da base do PIS e da COFINS - Jornal Fatos e Not\u00edcias","og_description":"Receita Federal reconhece direito do contribuinte substitu\u00eddo Por muitos anos, a exclus\u00e3o do ICMS da base de c\u00e1lculo do PIS e da COFINS foi pauta de intensas discuss\u00f5es judiciais e administrativas. Com a decis\u00e3o do STF no Tema 69 em sede de repercuss\u00e3o geral em 13 de Maio de 2021, reconhecendo que o ICMS n\u00e3o [&hellip;]","og_url":"https:\/\/jornalfatosenoticias.com.br\/index.php\/2025\/07\/03\/icms-st-fora-da-base-do-pis-e-da-cofins\/","og_site_name":"Jornal Fatos e Not\u00edcias","article_published_time":"2025-07-03T23:25:34+00:00","article_modified_time":"2025-07-03T23:25:36+00:00","og_image":[{"width":1000,"height":562,"url":"https:\/\/jornalfatosenoticias.com.br\/wp-content\/uploads\/2025\/07\/conceito-de-negocio-com-calculadora-close-up.jpg","type":"image\/jpeg"}],"author":"Rogerio Fernandes e Kalyne Calais","twitter_card":"summary_large_image","twitter_misc":{"Escrito por":"Rogerio Fernandes e Kalyne Calais","Est. tempo de leitura":"6 minutos"},"schema":{"@context":"https:\/\/schema.org","@graph":[{"@type":"Article","@id":"https:\/\/jornalfatosenoticias.com.br\/index.php\/2025\/07\/03\/icms-st-fora-da-base-do-pis-e-da-cofins\/#article","isPartOf":{"@id":"https:\/\/jornalfatosenoticias.com.br\/index.php\/2025\/07\/03\/icms-st-fora-da-base-do-pis-e-da-cofins\/"},"author":{"name":"Rogerio Fernandes e Kalyne Calais","@id":"https:\/\/jornalfatosenoticias.com.br\/#\/schema\/person\/dbe3a29c2a0ae01a892d7aef31d6c0b6"},"headline":"ICMS-ST fora da base do PIS e da COFINS","datePublished":"2025-07-03T23:25:34+00:00","dateModified":"2025-07-03T23:25:36+00:00","mainEntityOfPage":{"@id":"https:\/\/jornalfatosenoticias.com.br\/index.php\/2025\/07\/03\/icms-st-fora-da-base-do-pis-e-da-cofins\/"},"wordCount":1144,"commentCount":0,"publisher":{"@id":"https:\/\/jornalfatosenoticias.com.br\/#organization"},"image":{"@id":"https:\/\/jornalfatosenoticias.com.br\/index.php\/2025\/07\/03\/icms-st-fora-da-base-do-pis-e-da-cofins\/#primaryimage"},"thumbnailUrl":"https:\/\/jornalfatosenoticias.com.br\/wp-content\/uploads\/2025\/07\/conceito-de-negocio-com-calculadora-close-up.jpg","keywords":["Cofins","contribuinte substitu\u00eddo","ICMS-ST","Pis","Receita Federal"],"articleSection":["Economia"],"inLanguage":"pt-BR","potentialAction":[{"@type":"CommentAction","name":"Comment","target":["https:\/\/jornalfatosenoticias.com.br\/index.php\/2025\/07\/03\/icms-st-fora-da-base-do-pis-e-da-cofins\/#respond"]}]},{"@type":"WebPage","@id":"https:\/\/jornalfatosenoticias.com.br\/index.php\/2025\/07\/03\/icms-st-fora-da-base-do-pis-e-da-cofins\/","url":"https:\/\/jornalfatosenoticias.com.br\/index.php\/2025\/07\/03\/icms-st-fora-da-base-do-pis-e-da-cofins\/","name":"ICMS-ST fora da base do PIS e da COFINS - Jornal Fatos e Not\u00edcias","isPartOf":{"@id":"https:\/\/jornalfatosenoticias.com.br\/#website"},"primaryImageOfPage":{"@id":"https:\/\/jornalfatosenoticias.com.br\/index.php\/2025\/07\/03\/icms-st-fora-da-base-do-pis-e-da-cofins\/#primaryimage"},"image":{"@id":"https:\/\/jornalfatosenoticias.com.br\/index.php\/2025\/07\/03\/icms-st-fora-da-base-do-pis-e-da-cofins\/#primaryimage"},"thumbnailUrl":"https:\/\/jornalfatosenoticias.com.br\/wp-content\/uploads\/2025\/07\/conceito-de-negocio-com-calculadora-close-up.jpg","datePublished":"2025-07-03T23:25:34+00:00","dateModified":"2025-07-03T23:25:36+00:00","breadcrumb":{"@id":"https:\/\/jornalfatosenoticias.com.br\/index.php\/2025\/07\/03\/icms-st-fora-da-base-do-pis-e-da-cofins\/#breadcrumb"},"inLanguage":"pt-BR","potentialAction":[{"@type":"ReadAction","target":["https:\/\/jornalfatosenoticias.com.br\/index.php\/2025\/07\/03\/icms-st-fora-da-base-do-pis-e-da-cofins\/"]}]},{"@type":"ImageObject","inLanguage":"pt-BR","@id":"https:\/\/jornalfatosenoticias.com.br\/index.php\/2025\/07\/03\/icms-st-fora-da-base-do-pis-e-da-cofins\/#primaryimage","url":"https:\/\/jornalfatosenoticias.com.br\/wp-content\/uploads\/2025\/07\/conceito-de-negocio-com-calculadora-close-up.jpg","contentUrl":"https:\/\/jornalfatosenoticias.com.br\/wp-content\/uploads\/2025\/07\/conceito-de-negocio-com-calculadora-close-up.jpg","width":1000,"height":562},{"@type":"BreadcrumbList","@id":"https:\/\/jornalfatosenoticias.com.br\/index.php\/2025\/07\/03\/icms-st-fora-da-base-do-pis-e-da-cofins\/#breadcrumb","itemListElement":[{"@type":"ListItem","position":1,"name":"In\u00edcio","item":"https:\/\/jornalfatosenoticias.com.br\/"},{"@type":"ListItem","position":2,"name":"ICMS-ST fora da base do PIS e da COFINS"}]},{"@type":"WebSite","@id":"https:\/\/jornalfatosenoticias.com.br\/#website","url":"https:\/\/jornalfatosenoticias.com.br\/","name":"Jornal Fatos e Not\u00edcias","description":"Not\u00edcias em geral","publisher":{"@id":"https:\/\/jornalfatosenoticias.com.br\/#organization"},"potentialAction":[{"@type":"SearchAction","target":{"@type":"EntryPoint","urlTemplate":"https:\/\/jornalfatosenoticias.com.br\/?s={search_term_string}"},"query-input":{"@type":"PropertyValueSpecification","valueRequired":true,"valueName":"search_term_string"}}],"inLanguage":"pt-BR"},{"@type":"Organization","@id":"https:\/\/jornalfatosenoticias.com.br\/#organization","name":"Jornal Fatos e Not\u00edcias","url":"https:\/\/jornalfatosenoticias.com.br\/","logo":{"@type":"ImageObject","inLanguage":"pt-BR","@id":"https:\/\/jornalfatosenoticias.com.br\/#\/schema\/logo\/image\/","url":"https:\/\/jornalfatosenoticias.com.br\/wp-content\/uploads\/2020\/02\/logo120.png","contentUrl":"https:\/\/jornalfatosenoticias.com.br\/wp-content\/uploads\/2020\/02\/logo120.png","width":1227,"height":120,"caption":"Jornal Fatos e Not\u00edcias"},"image":{"@id":"https:\/\/jornalfatosenoticias.com.br\/#\/schema\/logo\/image\/"}},{"@type":"Person","@id":"https:\/\/jornalfatosenoticias.com.br\/#\/schema\/person\/dbe3a29c2a0ae01a892d7aef31d6c0b6","name":"Rogerio Fernandes e Kalyne Calais","image":{"@type":"ImageObject","inLanguage":"pt-BR","@id":"https:\/\/jornalfatosenoticias.com.br\/#\/schema\/person\/image\/","url":"https:\/\/jornalfatosenoticias.com.br\/wp-content\/uploads\/2026\/01\/Rogerio-Kalyne_PORTAL-1-150x150.jpeg","contentUrl":"https:\/\/jornalfatosenoticias.com.br\/wp-content\/uploads\/2026\/01\/Rogerio-Kalyne_PORTAL-1-150x150.jpeg","caption":"Rogerio Fernandes e Kalyne Calais"},"description":"Especialistas em Direito Tribut\u00e1rio Legis Juris Consultoria https:\/\/www.instagram.com\/kalynecalais\/ https:\/\/www.linkedin.com\/company\/legis-juris\/","url":"https:\/\/jornalfatosenoticias.com.br\/index.php\/author\/rogerio-e-kalyne\/"}]}},"cc_featured_image_caption":{"caption_text":"(Foto: Freepik\/Fotomontagem F&N) ","source_text":"","source_url":""},"jetpack_featured_media_url":"https:\/\/jornalfatosenoticias.com.br\/wp-content\/uploads\/2025\/07\/conceito-de-negocio-com-calculadora-close-up.jpg","_links":{"self":[{"href":"https:\/\/jornalfatosenoticias.com.br\/index.php\/wp-json\/wp\/v2\/posts\/60386","targetHints":{"allow":["GET"]}}],"collection":[{"href":"https:\/\/jornalfatosenoticias.com.br\/index.php\/wp-json\/wp\/v2\/posts"}],"about":[{"href":"https:\/\/jornalfatosenoticias.com.br\/index.php\/wp-json\/wp\/v2\/types\/post"}],"author":[{"embeddable":true,"href":"https:\/\/jornalfatosenoticias.com.br\/index.php\/wp-json\/wp\/v2\/users\/39"}],"replies":[{"embeddable":true,"href":"https:\/\/jornalfatosenoticias.com.br\/index.php\/wp-json\/wp\/v2\/comments?post=60386"}],"version-history":[{"count":0,"href":"https:\/\/jornalfatosenoticias.com.br\/index.php\/wp-json\/wp\/v2\/posts\/60386\/revisions"}],"wp:featuredmedia":[{"embeddable":true,"href":"https:\/\/jornalfatosenoticias.com.br\/index.php\/wp-json\/wp\/v2\/media\/60387"}],"wp:attachment":[{"href":"https:\/\/jornalfatosenoticias.com.br\/index.php\/wp-json\/wp\/v2\/media?parent=60386"}],"wp:term":[{"taxonomy":"category","embeddable":true,"href":"https:\/\/jornalfatosenoticias.com.br\/index.php\/wp-json\/wp\/v2\/categories?post=60386"},{"taxonomy":"post_tag","embeddable":true,"href":"https:\/\/jornalfatosenoticias.com.br\/index.php\/wp-json\/wp\/v2\/tags?post=60386"}],"curies":[{"name":"wp","href":"https:\/\/api.w.org\/{rel}","templated":true}]}}