{"id":60389,"date":"2025-07-03T20:36:42","date_gmt":"2025-07-03T23:36:42","guid":{"rendered":"https:\/\/jornalfatosenoticias.com.br\/?p=60389"},"modified":"2025-07-03T20:36:43","modified_gmt":"2025-07-03T23:36:43","slug":"a-conexao-entre-habitos-e-inteligencia-emocional","status":"publish","type":"post","link":"https:\/\/jornalfatosenoticias.com.br\/index.php\/2025\/07\/03\/a-conexao-entre-habitos-e-inteligencia-emocional\/","title":{"rendered":"A conex\u00e3o entre h\u00e1bitos e intelig\u00eancia emocional"},"content":{"rendered":"\n<p><span class=\"has-inline-color has-black-color\">Por <strong><a href=\"https:\/\/jornalfatosenoticias.com.br\/index.php\/2025\/06\/26\/a-arte-de-superar-como-a-adversidade-nos-faz-mais-forte\/\">Kelly Mantovani<\/a><\/strong><\/span><\/p>\n\n\n\n<div class=\"wp-block-image\"><figure class=\"aligncenter size-large\"><a href=\"https:\/\/www.controlsystems.com.br\/\"><img loading=\"lazy\" decoding=\"async\" width=\"1024\" height=\"109\" src=\"https:\/\/jornalfatosenoticias.com.br\/wp-content\/uploads\/2020\/02\/CONTROL-CS2-1024x109.jpg\" alt=\"\" class=\"wp-image-44989\" srcset=\"https:\/\/jornalfatosenoticias.com.br\/wp-content\/uploads\/2020\/02\/CONTROL-CS2-1024x109.jpg 1024w, https:\/\/jornalfatosenoticias.com.br\/wp-content\/uploads\/2020\/02\/CONTROL-CS2-300x32.jpg 300w, https:\/\/jornalfatosenoticias.com.br\/wp-content\/uploads\/2020\/02\/CONTROL-CS2-768x82.jpg 768w, https:\/\/jornalfatosenoticias.com.br\/wp-content\/uploads\/2020\/02\/CONTROL-CS2.jpg 1120w\" sizes=\"auto, (max-width: 1024px) 100vw, 1024px\" \/><\/a><\/figure><\/div>\n\n\n\n<div class=\"wp-block-image is-style-rounded\"><figure class=\"alignleft size-large\"><img loading=\"lazy\" decoding=\"async\" width=\"100\" height=\"112\" src=\"https:\/\/jornalfatosenoticias.com.br\/wp-content\/uploads\/2025\/05\/KELLY_MANTOVANI-removebg-preview-1-e1746192995531.png\" alt=\"\" class=\"wp-image-58920\"\/><\/figure><\/div>\n\n\n\n<p>A intelig\u00eancia emocional (IE) \u00e9 a capacidade de reconhecer, entender e gerenciar nossas pr\u00f3prias emo\u00e7\u00f5es, bem como as emo\u00e7\u00f5es dos outros. Ela engloba habilidades como autoconsci\u00eancia, autorregula\u00e7\u00e3o, motiva\u00e7\u00e3o, empatia e habilidades sociais. Quando aplicamos a lente da intelig\u00eancia emocional \u00e0 m\u00e1xima &#8220;da forma que fazemos uma coisa, fazemos todas as outras&#8221;, percebemos que nossos h\u00e1bitos \u2014 sejam eles positivos ou negativos \u2014 s\u00e3o reflexos diretos do nosso estado emocional e da nossa capacidade de gerenci\u00e1-lo.<br>Pense em um pequeno h\u00e1bito de procrastina\u00e7\u00e3o. Talvez voc\u00ea adie a lavagem da lou\u00e7a por algumas horas. Parece inofensivo, certo? No entanto, essa pequena atitude pode ser um sintoma de uma dificuldade maior em lidar com tarefas que parecem tediosas ou desafiadoras. Se essa dificuldade n\u00e3o for abordada, ela pode se expandir para a procrastina\u00e7\u00e3o de projetos importantes no trabalho, de exerc\u00edcios f\u00edsicos ou at\u00e9 mesmo de conversas importantes que precisam acontecer. A cada vez que cedemos \u00e0 procrastina\u00e7\u00e3o em uma \u00e1rea, fortalecemos os circuitos neurais associados a esse comportamento, tornando mais f\u00e1cil procrastinar novamente em outras \u00e1reas.<\/p>\n\n\n\n<div class=\"wp-block-image\"><figure class=\"aligncenter size-large\"><a href=\"http:\/\/www.ferrarimaquinas.com.br\/\"><img loading=\"lazy\" decoding=\"async\" width=\"300\" height=\"250\" src=\"https:\/\/jornalfatosenoticias.com.br\/wp-content\/uploads\/2022\/02\/FERRARI_MAQUINAS-E-FERRAMENTAS2.jpg\" alt=\"\" class=\"wp-image-27860\"\/><\/a><\/figure><\/div>\n\n\n\n<p><strong><span class=\"has-inline-color has-vivid-cyan-blue-color\">O papel da autorregula\u00e7\u00e3o e autoconsci\u00eancia<br><\/span><\/strong>A <strong>autorregula\u00e7\u00e3o, <\/strong>um pilar fundamental da intelig\u00eancia emocional, \u00e9 a habilidade de controlar ou redirecionar impulsos e humores disruptivos, e a capacidade de pensar antes de agir. Quando procrastinamos, estamos muitas vezes falhando em autorregular nossos impulsos de evitar o desconforto imediato em favor de uma gratifica\u00e7\u00e3o instant\u00e2nea (como navegar nas redes sociais em vez de come\u00e7ar um trabalho importante). A falta de autorregula\u00e7\u00e3o em uma \u00e1rea, como no gerenciamento de tarefas dom\u00e9sticas, pode facilmente se traduzir em dificuldades de autorregula\u00e7\u00e3o em outras, como no gerenciamento do tempo de trabalho ou na gest\u00e3o financeira.<\/p>\n\n\n\n<div class=\"wp-block-image\"><figure class=\"aligncenter size-large is-resized\"><a href=\"https:\/\/www.instagram.com\/serra4x4cambioautomatico\/\"><img loading=\"lazy\" decoding=\"async\" src=\"https:\/\/jornalfatosenoticias.com.br\/wp-content\/uploads\/2024\/08\/Serra-4x4-1-886x1024.jpg\" alt=\"\" class=\"wp-image-53632\" width=\"270\" height=\"312\" srcset=\"https:\/\/jornalfatosenoticias.com.br\/wp-content\/uploads\/2024\/08\/Serra-4x4-1-886x1024.jpg 886w, https:\/\/jornalfatosenoticias.com.br\/wp-content\/uploads\/2024\/08\/Serra-4x4-1-260x300.jpg 260w, https:\/\/jornalfatosenoticias.com.br\/wp-content\/uploads\/2024\/08\/Serra-4x4-1-768x888.jpg 768w, https:\/\/jornalfatosenoticias.com.br\/wp-content\/uploads\/2024\/08\/Serra-4x4-1.jpg 1181w\" sizes=\"auto, (max-width: 270px) 100vw, 270px\" \/><\/a><\/figure><\/div>\n\n\n\n<p>A<strong> autoconsci\u00eancia<\/strong> \u00e9 igualmente crucial. Para mudar um padr\u00e3o de procrastina\u00e7\u00e3o, precisamos primeiro reconhecer que ele existe e entender as emo\u00e7\u00f5es e pensamentos que o impulsionam. Estamos adiando porque nos sentimos sobrecarregados? Porque temos medo de falhar? Ou porque a tarefa nos parece insignificante? Ao entender a raiz emocional da nossa procrastina\u00e7\u00e3o em uma \u00e1rea, podemos come\u00e7ar a desvendar padr\u00f5es semelhantes em outras \u00e1reas da vida.<\/p>\n\n\n\n<div class=\"wp-block-image\"><figure class=\"aligncenter size-large is-resized\"><a href=\"https:\/\/www.instagram.com\/gruposei\/\"><img loading=\"lazy\" decoding=\"async\" src=\"https:\/\/jornalfatosenoticias.com.br\/wp-content\/uploads\/2022\/07\/Logo-Grupo-SEI.jpg\" alt=\"\" class=\"wp-image-31973\" width=\"398\" height=\"209\" srcset=\"https:\/\/jornalfatosenoticias.com.br\/wp-content\/uploads\/2022\/07\/Logo-Grupo-SEI.jpg 713w, https:\/\/jornalfatosenoticias.com.br\/wp-content\/uploads\/2022\/07\/Logo-Grupo-SEI-300x158.jpg 300w\" sizes=\"auto, (max-width: 398px) 100vw, 398px\" \/><\/a><\/figure><\/div>\n\n\n\n<p><strong><span class=\"has-inline-color has-vivid-cyan-blue-color\">Do pequeno h\u00e1bito \u00e0 grande transforma\u00e7\u00e3o<br><\/span><\/strong>A boa not\u00edcia \u00e9 que o oposto tamb\u00e9m \u00e9 verdadeiro. Se a forma como fazemos uma coisa se estende a todas as outras, ent\u00e3o a forma como fazemos uma coisa <strong>bem<\/strong> tamb\u00e9m pode se estender. Ao desenvolver a disciplina de manter a casa organizada, por exemplo, voc\u00ea n\u00e3o est\u00e1 apenas cultivando um ambiente mais agrad\u00e1vel; est\u00e1 fortalecendo a sua capacidade de organiza\u00e7\u00e3o e autodisciplina. Essa habilidade aprimorada pode ent\u00e3o ser aplicada na organiza\u00e7\u00e3o de seus projetos de trabalho, de suas finan\u00e7as e at\u00e9 mesmo de seus pensamentos.<\/p>\n\n\n\n<div class=\"wp-block-image\"><figure class=\"aligncenter size-large is-resized\"><a href=\"https:\/\/panper.com.br\/\"><img loading=\"lazy\" decoding=\"async\" src=\"https:\/\/jornalfatosenoticias.com.br\/wp-content\/uploads\/2023\/03\/logo-Panper_portal.jpg\" alt=\"\" class=\"wp-image-40208\" width=\"329\" height=\"228\" srcset=\"https:\/\/jornalfatosenoticias.com.br\/wp-content\/uploads\/2023\/03\/logo-Panper_portal.jpg 400w, https:\/\/jornalfatosenoticias.com.br\/wp-content\/uploads\/2023\/03\/logo-Panper_portal-300x208.jpg 300w\" sizes=\"auto, (max-width: 329px) 100vw, 329px\" \/><\/a><\/figure><\/div>\n\n\n\n<p>A supera\u00e7\u00e3o da procrastina\u00e7\u00e3o em uma \u00e1rea espec\u00edfica pode ser o trampolim para superar a procrastina\u00e7\u00e3o em muitas outras. Imagine que voc\u00ea decide finalmente se dedicar a uma nova rotina de exerc\u00edcios f\u00edsicos. No in\u00edcio, pode ser dif\u00edcil, mas \u00e0 medida que voc\u00ea persiste, desenvolve resili\u00eancia, disciplina e a capacidade de superar a in\u00e9rcia. Essas qualidades n\u00e3o se limitam \u00e0 academia; elas transbordam para seu trabalho, seus relacionamentos e sua vida pessoal, impulsionando-o a enfrentar outros desafios com uma nova mentalidade.<\/p>\n\n\n\n<div class=\"wp-block-image\"><figure class=\"aligncenter size-large is-resized\"><a href=\"https:\/\/www.facebook.com\/profile.php?id=100069289606145\"><img loading=\"lazy\" decoding=\"async\" src=\"https:\/\/jornalfatosenoticias.com.br\/wp-content\/uploads\/2024\/11\/Guaitolini-Contabilidade-1024x714.jpeg\" alt=\"\" class=\"wp-image-55808\" width=\"324\" height=\"226\" srcset=\"https:\/\/jornalfatosenoticias.com.br\/wp-content\/uploads\/2024\/11\/Guaitolini-Contabilidade-1024x714.jpeg 1024w, https:\/\/jornalfatosenoticias.com.br\/wp-content\/uploads\/2024\/11\/Guaitolini-Contabilidade-300x209.jpeg 300w, https:\/\/jornalfatosenoticias.com.br\/wp-content\/uploads\/2024\/11\/Guaitolini-Contabilidade-768x535.jpeg 768w, https:\/\/jornalfatosenoticias.com.br\/wp-content\/uploads\/2024\/11\/Guaitolini-Contabilidade.jpeg 1280w\" sizes=\"auto, (max-width: 324px) 100vw, 324px\" \/><\/a><\/figure><\/div>\n\n\n\n<p><strong><span class=\"has-inline-color has-vivid-cyan-blue-color\">Cultivando a intelig\u00eancia emocional para mudar padr\u00f5es<br><\/span><\/strong>Para romper o ciclo da procrastina\u00e7\u00e3o e outros h\u00e1bitos limitantes, \u00e9 fundamental investir no desenvolvimento da intelig\u00eancia emocional:<br><strong>1. Pratique a autoconsci\u00eancia:<\/strong> preste aten\u00e7\u00e3o aos seus pensamentos, sentimentos e comportamentos. Pergunte-se por que voc\u00ea est\u00e1 adiando certas coisas. Quais emo\u00e7\u00f5es surgem?<br><strong>2. Desenvolva a autorregula\u00e7\u00e3o:<\/strong> crie estrat\u00e9gias para gerenciar impulsos. Isso pode incluir a t\u00e9cnica Pomodoro, a defini\u00e7\u00e3o de prazos rigorosos ou a elimina\u00e7\u00e3o de distra\u00e7\u00f5es.<br><strong>3. Cultive a motiva\u00e7\u00e3o intr\u00ednseca: <\/strong>conecte suas tarefas a seus valores e objetivos maiores. Entenda o &#8220;porqu\u00ea&#8221; por tr\u00e1s do que voc\u00ea faz.<br><strong>4. Celebre pequenas vit\u00f3rias: <\/strong>cada pequena tarefa conclu\u00edda, por mais insignificante que pare\u00e7a, \u00e9 um passo na dire\u00e7\u00e3o certa e refor\u00e7a o comportamento positivo.<br><strong>5. Busque apoio:<\/strong> compartilhe seus desafios com amigos, familiares ou um mentor. A responsabilidade pode ser um grande motivador.<\/p>\n\n\n\n<div class=\"wp-block-image\"><figure class=\"aligncenter size-large\"><a href=\"https:\/\/www.cesconetto.com.br\/\"><img loading=\"lazy\" decoding=\"async\" width=\"300\" height=\"250\" src=\"https:\/\/jornalfatosenoticias.com.br\/wp-content\/uploads\/2022\/02\/Banner-2.png\" alt=\"\" class=\"wp-image-27877\"\/><\/a><\/figure><\/div>\n\n\n\n<p>A m\u00e1xima &#8220;da forma que fazemos uma coisa, fazemos todas as outras&#8221; n\u00e3o \u00e9 uma senten\u00e7a de condena\u00e7\u00e3o, mas um convite \u00e0 reflex\u00e3o e \u00e0 a\u00e7\u00e3o. Ela nos lembra que cada escolha, cada pequeno h\u00e1bito, \u00e9 uma oportunidade para moldar quem nos tornamos. Ao cultivar a intelig\u00eancia emocional e abordar nossos padr\u00f5es de comportamento em uma \u00e1rea, abrimos as portas para uma transforma\u00e7\u00e3o abrangente em todas as esferas da nossa vida.<\/p>\n\n\n\n<div class=\"wp-block-image\"><figure class=\"aligncenter size-large\"><a href=\"https:\/\/mizu.com.br\/\"><img loading=\"lazy\" decoding=\"async\" width=\"729\" height=\"90\" src=\"https:\/\/jornalfatosenoticias.com.br\/wp-content\/uploads\/2020\/02\/Logo_Mizu.png\" alt=\"\" class=\"wp-image-1441\" srcset=\"https:\/\/jornalfatosenoticias.com.br\/wp-content\/uploads\/2020\/02\/Logo_Mizu.png 729w, https:\/\/jornalfatosenoticias.com.br\/wp-content\/uploads\/2020\/02\/Logo_Mizu-300x37.png 300w\" sizes=\"auto, (max-width: 729px) 100vw, 729px\" \/><\/a><\/figure><\/div>\n\n\n\n<p><strong><span class=\"has-inline-color has-black-color\">Kelly Mantovani<br><\/span><\/strong><em><span class=\"has-inline-color has-black-color\">Formada em Educa\u00e7\u00e3o F\u00edsica, p\u00f3s-graduada em Nutri\u00e7\u00e3o Esportiva, com especializa\u00e7\u00e3o em Intelig\u00eancia Emocional, uma profissional apaixonada por sa\u00fade e bem-estar<\/span><\/em><\/p>\n","protected":false},"excerpt":{"rendered":"<p>Por Kelly Mantovani A intelig\u00eancia emocional (IE) \u00e9 a capacidade de reconhecer, entender e gerenciar nossas pr\u00f3prias emo\u00e7\u00f5es, bem como as emo\u00e7\u00f5es dos outros. Ela engloba habilidades como autoconsci\u00eancia, autorregula\u00e7\u00e3o, motiva\u00e7\u00e3o, empatia e habilidades sociais. Quando aplicamos a lente da intelig\u00eancia emocional \u00e0 m\u00e1xima &#8220;da forma que fazemos uma coisa, fazemos todas as outras&#8221;, percebemos [&hellip;]<\/p>\n","protected":false},"author":2,"featured_media":60390,"comment_status":"open","ping_status":"open","sticky":false,"template":"","format":"standard","meta":{"footnotes":""},"categories":[42,2522],"tags":[16281,27555,5096,342,20378,5562,7182,1774],"class_list":["post-60389","post","type-post","status-publish","format-standard","has-post-thumbnail","hentry","category-bem-estar","category-comportamento","tag-autoconsciencia","tag-autorregulacao","tag-emocoes","tag-empatia","tag-habilidades-sociais","tag-habitos","tag-inteligencia-emocional","tag-motivacao"],"yoast_head":"<!-- This site is optimized with the Yoast SEO plugin v26.5 - https:\/\/yoast.com\/wordpress\/plugins\/seo\/ -->\n<title>A conex\u00e3o entre h\u00e1bitos e intelig\u00eancia emocional - Jornal Fatos e Not\u00edcias<\/title>\n<meta name=\"robots\" content=\"index, follow, max-snippet:-1, max-image-preview:large, max-video-preview:-1\" \/>\n<link rel=\"canonical\" href=\"https:\/\/jornalfatosenoticias.com.br\/index.php\/2025\/07\/03\/a-conexao-entre-habitos-e-inteligencia-emocional\/\" \/>\n<meta property=\"og:locale\" content=\"pt_BR\" \/>\n<meta property=\"og:type\" content=\"article\" \/>\n<meta property=\"og:title\" content=\"A conex\u00e3o entre h\u00e1bitos e intelig\u00eancia emocional - Jornal Fatos e Not\u00edcias\" \/>\n<meta property=\"og:description\" content=\"Por Kelly Mantovani A intelig\u00eancia emocional (IE) \u00e9 a capacidade de reconhecer, entender e gerenciar nossas pr\u00f3prias emo\u00e7\u00f5es, bem como as emo\u00e7\u00f5es dos outros. Ela engloba habilidades como autoconsci\u00eancia, autorregula\u00e7\u00e3o, motiva\u00e7\u00e3o, empatia e habilidades sociais. Quando aplicamos a lente da intelig\u00eancia emocional \u00e0 m\u00e1xima &#8220;da forma que fazemos uma coisa, fazemos todas as outras&#8221;, percebemos [&hellip;]\" \/>\n<meta property=\"og:url\" content=\"https:\/\/jornalfatosenoticias.com.br\/index.php\/2025\/07\/03\/a-conexao-entre-habitos-e-inteligencia-emocional\/\" \/>\n<meta property=\"og:site_name\" content=\"Jornal Fatos e Not\u00edcias\" \/>\n<meta property=\"article:published_time\" content=\"2025-07-03T23:36:42+00:00\" \/>\n<meta property=\"article:modified_time\" content=\"2025-07-03T23:36:43+00:00\" \/>\n<meta property=\"og:image\" content=\"https:\/\/jornalfatosenoticias.com.br\/wp-content\/uploads\/2025\/07\/inteligencia-emocional_istock.jpg\" \/>\n\t<meta property=\"og:image:width\" content=\"612\" \/>\n\t<meta property=\"og:image:height\" content=\"344\" \/>\n\t<meta property=\"og:image:type\" content=\"image\/jpeg\" \/>\n<meta name=\"author\" content=\"Luzimara Fernandes\" \/>\n<meta name=\"twitter:card\" content=\"summary_large_image\" \/>\n<meta name=\"twitter:label1\" content=\"Escrito por\" \/>\n\t<meta name=\"twitter:data1\" content=\"Luzimara Fernandes\" \/>\n\t<meta name=\"twitter:label2\" content=\"Est. tempo de leitura\" \/>\n\t<meta name=\"twitter:data2\" content=\"4 minutos\" \/>\n<script type=\"application\/ld+json\" class=\"yoast-schema-graph\">{\"@context\":\"https:\/\/schema.org\",\"@graph\":[{\"@type\":\"Article\",\"@id\":\"https:\/\/jornalfatosenoticias.com.br\/index.php\/2025\/07\/03\/a-conexao-entre-habitos-e-inteligencia-emocional\/#article\",\"isPartOf\":{\"@id\":\"https:\/\/jornalfatosenoticias.com.br\/index.php\/2025\/07\/03\/a-conexao-entre-habitos-e-inteligencia-emocional\/\"},\"author\":{\"name\":\"Luzimara Fernandes\",\"@id\":\"https:\/\/jornalfatosenoticias.com.br\/#\/schema\/person\/d63837fa13ac8666eb9e74e0985d6f81\"},\"headline\":\"A conex\u00e3o entre h\u00e1bitos e intelig\u00eancia emocional\",\"datePublished\":\"2025-07-03T23:36:42+00:00\",\"dateModified\":\"2025-07-03T23:36:43+00:00\",\"mainEntityOfPage\":{\"@id\":\"https:\/\/jornalfatosenoticias.com.br\/index.php\/2025\/07\/03\/a-conexao-entre-habitos-e-inteligencia-emocional\/\"},\"wordCount\":836,\"commentCount\":0,\"publisher\":{\"@id\":\"https:\/\/jornalfatosenoticias.com.br\/#organization\"},\"image\":{\"@id\":\"https:\/\/jornalfatosenoticias.com.br\/index.php\/2025\/07\/03\/a-conexao-entre-habitos-e-inteligencia-emocional\/#primaryimage\"},\"thumbnailUrl\":\"https:\/\/jornalfatosenoticias.com.br\/wp-content\/uploads\/2025\/07\/inteligencia-emocional_istock.jpg\",\"keywords\":[\"autoconsci\u00eancia\",\"autorregula\u00e7\u00e3o\",\"emo\u00e7\u00f5es\",\"empatia\",\"habilidades sociais\",\"h\u00e1bitos\",\"intelig\u00eancia emocional\",\"motiva\u00e7\u00e3o\"],\"articleSection\":[\"Bem-estar\",\"Comportamento &amp; Equil\u00edbrio\"],\"inLanguage\":\"pt-BR\",\"potentialAction\":[{\"@type\":\"CommentAction\",\"name\":\"Comment\",\"target\":[\"https:\/\/jornalfatosenoticias.com.br\/index.php\/2025\/07\/03\/a-conexao-entre-habitos-e-inteligencia-emocional\/#respond\"]}]},{\"@type\":\"WebPage\",\"@id\":\"https:\/\/jornalfatosenoticias.com.br\/index.php\/2025\/07\/03\/a-conexao-entre-habitos-e-inteligencia-emocional\/\",\"url\":\"https:\/\/jornalfatosenoticias.com.br\/index.php\/2025\/07\/03\/a-conexao-entre-habitos-e-inteligencia-emocional\/\",\"name\":\"A conex\u00e3o entre h\u00e1bitos e intelig\u00eancia emocional - Jornal Fatos e Not\u00edcias\",\"isPartOf\":{\"@id\":\"https:\/\/jornalfatosenoticias.com.br\/#website\"},\"primaryImageOfPage\":{\"@id\":\"https:\/\/jornalfatosenoticias.com.br\/index.php\/2025\/07\/03\/a-conexao-entre-habitos-e-inteligencia-emocional\/#primaryimage\"},\"image\":{\"@id\":\"https:\/\/jornalfatosenoticias.com.br\/index.php\/2025\/07\/03\/a-conexao-entre-habitos-e-inteligencia-emocional\/#primaryimage\"},\"thumbnailUrl\":\"https:\/\/jornalfatosenoticias.com.br\/wp-content\/uploads\/2025\/07\/inteligencia-emocional_istock.jpg\",\"datePublished\":\"2025-07-03T23:36:42+00:00\",\"dateModified\":\"2025-07-03T23:36:43+00:00\",\"breadcrumb\":{\"@id\":\"https:\/\/jornalfatosenoticias.com.br\/index.php\/2025\/07\/03\/a-conexao-entre-habitos-e-inteligencia-emocional\/#breadcrumb\"},\"inLanguage\":\"pt-BR\",\"potentialAction\":[{\"@type\":\"ReadAction\",\"target\":[\"https:\/\/jornalfatosenoticias.com.br\/index.php\/2025\/07\/03\/a-conexao-entre-habitos-e-inteligencia-emocional\/\"]}]},{\"@type\":\"ImageObject\",\"inLanguage\":\"pt-BR\",\"@id\":\"https:\/\/jornalfatosenoticias.com.br\/index.php\/2025\/07\/03\/a-conexao-entre-habitos-e-inteligencia-emocional\/#primaryimage\",\"url\":\"https:\/\/jornalfatosenoticias.com.br\/wp-content\/uploads\/2025\/07\/inteligencia-emocional_istock.jpg\",\"contentUrl\":\"https:\/\/jornalfatosenoticias.com.br\/wp-content\/uploads\/2025\/07\/inteligencia-emocional_istock.jpg\",\"width\":612,\"height\":344,\"caption\":\"Connection between brain and heart. Empathy and social skills. Connect heart feeling with logical thinking brain.\"},{\"@type\":\"BreadcrumbList\",\"@id\":\"https:\/\/jornalfatosenoticias.com.br\/index.php\/2025\/07\/03\/a-conexao-entre-habitos-e-inteligencia-emocional\/#breadcrumb\",\"itemListElement\":[{\"@type\":\"ListItem\",\"position\":1,\"name\":\"In\u00edcio\",\"item\":\"https:\/\/jornalfatosenoticias.com.br\/\"},{\"@type\":\"ListItem\",\"position\":2,\"name\":\"A conex\u00e3o entre h\u00e1bitos e intelig\u00eancia emocional\"}]},{\"@type\":\"WebSite\",\"@id\":\"https:\/\/jornalfatosenoticias.com.br\/#website\",\"url\":\"https:\/\/jornalfatosenoticias.com.br\/\",\"name\":\"Jornal Fatos e Not\u00edcias\",\"description\":\"Not\u00edcias em geral\",\"publisher\":{\"@id\":\"https:\/\/jornalfatosenoticias.com.br\/#organization\"},\"potentialAction\":[{\"@type\":\"SearchAction\",\"target\":{\"@type\":\"EntryPoint\",\"urlTemplate\":\"https:\/\/jornalfatosenoticias.com.br\/?s={search_term_string}\"},\"query-input\":{\"@type\":\"PropertyValueSpecification\",\"valueRequired\":true,\"valueName\":\"search_term_string\"}}],\"inLanguage\":\"pt-BR\"},{\"@type\":\"Organization\",\"@id\":\"https:\/\/jornalfatosenoticias.com.br\/#organization\",\"name\":\"Jornal Fatos e Not\u00edcias\",\"url\":\"https:\/\/jornalfatosenoticias.com.br\/\",\"logo\":{\"@type\":\"ImageObject\",\"inLanguage\":\"pt-BR\",\"@id\":\"https:\/\/jornalfatosenoticias.com.br\/#\/schema\/logo\/image\/\",\"url\":\"https:\/\/jornalfatosenoticias.com.br\/wp-content\/uploads\/2020\/02\/logo120.png\",\"contentUrl\":\"https:\/\/jornalfatosenoticias.com.br\/wp-content\/uploads\/2020\/02\/logo120.png\",\"width\":1227,\"height\":120,\"caption\":\"Jornal Fatos e Not\u00edcias\"},\"image\":{\"@id\":\"https:\/\/jornalfatosenoticias.com.br\/#\/schema\/logo\/image\/\"}},{\"@type\":\"Person\",\"@id\":\"https:\/\/jornalfatosenoticias.com.br\/#\/schema\/person\/d63837fa13ac8666eb9e74e0985d6f81\",\"name\":\"Luzimara Fernandes\",\"image\":{\"@type\":\"ImageObject\",\"inLanguage\":\"pt-BR\",\"@id\":\"https:\/\/jornalfatosenoticias.com.br\/#\/schema\/person\/image\/\",\"url\":\"https:\/\/jornalfatosenoticias.com.br\/wp-content\/uploads\/2025\/05\/EU_portal.jpg\",\"contentUrl\":\"https:\/\/jornalfatosenoticias.com.br\/wp-content\/uploads\/2025\/05\/EU_portal.jpg\",\"caption\":\"Luzimara Fernandes\"},\"description\":\"Jornalista MTB 2358-ES\",\"sameAs\":[\"https:\/\/jornalfatosenoticias.com.br\"],\"url\":\"https:\/\/jornalfatosenoticias.com.br\/index.php\/author\/luzimara\/\"}]}<\/script>\n<!-- \/ Yoast SEO plugin. -->","yoast_head_json":{"title":"A conex\u00e3o entre h\u00e1bitos e intelig\u00eancia emocional - Jornal Fatos e Not\u00edcias","robots":{"index":"index","follow":"follow","max-snippet":"max-snippet:-1","max-image-preview":"max-image-preview:large","max-video-preview":"max-video-preview:-1"},"canonical":"https:\/\/jornalfatosenoticias.com.br\/index.php\/2025\/07\/03\/a-conexao-entre-habitos-e-inteligencia-emocional\/","og_locale":"pt_BR","og_type":"article","og_title":"A conex\u00e3o entre h\u00e1bitos e intelig\u00eancia emocional - Jornal Fatos e Not\u00edcias","og_description":"Por Kelly Mantovani A intelig\u00eancia emocional (IE) \u00e9 a capacidade de reconhecer, entender e gerenciar nossas pr\u00f3prias emo\u00e7\u00f5es, bem como as emo\u00e7\u00f5es dos outros. Ela engloba habilidades como autoconsci\u00eancia, autorregula\u00e7\u00e3o, motiva\u00e7\u00e3o, empatia e habilidades sociais. Quando aplicamos a lente da intelig\u00eancia emocional \u00e0 m\u00e1xima &#8220;da forma que fazemos uma coisa, fazemos todas as outras&#8221;, percebemos [&hellip;]","og_url":"https:\/\/jornalfatosenoticias.com.br\/index.php\/2025\/07\/03\/a-conexao-entre-habitos-e-inteligencia-emocional\/","og_site_name":"Jornal Fatos e Not\u00edcias","article_published_time":"2025-07-03T23:36:42+00:00","article_modified_time":"2025-07-03T23:36:43+00:00","og_image":[{"width":612,"height":344,"url":"https:\/\/jornalfatosenoticias.com.br\/wp-content\/uploads\/2025\/07\/inteligencia-emocional_istock.jpg","type":"image\/jpeg"}],"author":"Luzimara Fernandes","twitter_card":"summary_large_image","twitter_misc":{"Escrito por":"Luzimara Fernandes","Est. tempo de leitura":"4 minutos"},"schema":{"@context":"https:\/\/schema.org","@graph":[{"@type":"Article","@id":"https:\/\/jornalfatosenoticias.com.br\/index.php\/2025\/07\/03\/a-conexao-entre-habitos-e-inteligencia-emocional\/#article","isPartOf":{"@id":"https:\/\/jornalfatosenoticias.com.br\/index.php\/2025\/07\/03\/a-conexao-entre-habitos-e-inteligencia-emocional\/"},"author":{"name":"Luzimara Fernandes","@id":"https:\/\/jornalfatosenoticias.com.br\/#\/schema\/person\/d63837fa13ac8666eb9e74e0985d6f81"},"headline":"A conex\u00e3o entre h\u00e1bitos e intelig\u00eancia emocional","datePublished":"2025-07-03T23:36:42+00:00","dateModified":"2025-07-03T23:36:43+00:00","mainEntityOfPage":{"@id":"https:\/\/jornalfatosenoticias.com.br\/index.php\/2025\/07\/03\/a-conexao-entre-habitos-e-inteligencia-emocional\/"},"wordCount":836,"commentCount":0,"publisher":{"@id":"https:\/\/jornalfatosenoticias.com.br\/#organization"},"image":{"@id":"https:\/\/jornalfatosenoticias.com.br\/index.php\/2025\/07\/03\/a-conexao-entre-habitos-e-inteligencia-emocional\/#primaryimage"},"thumbnailUrl":"https:\/\/jornalfatosenoticias.com.br\/wp-content\/uploads\/2025\/07\/inteligencia-emocional_istock.jpg","keywords":["autoconsci\u00eancia","autorregula\u00e7\u00e3o","emo\u00e7\u00f5es","empatia","habilidades sociais","h\u00e1bitos","intelig\u00eancia emocional","motiva\u00e7\u00e3o"],"articleSection":["Bem-estar","Comportamento &amp; Equil\u00edbrio"],"inLanguage":"pt-BR","potentialAction":[{"@type":"CommentAction","name":"Comment","target":["https:\/\/jornalfatosenoticias.com.br\/index.php\/2025\/07\/03\/a-conexao-entre-habitos-e-inteligencia-emocional\/#respond"]}]},{"@type":"WebPage","@id":"https:\/\/jornalfatosenoticias.com.br\/index.php\/2025\/07\/03\/a-conexao-entre-habitos-e-inteligencia-emocional\/","url":"https:\/\/jornalfatosenoticias.com.br\/index.php\/2025\/07\/03\/a-conexao-entre-habitos-e-inteligencia-emocional\/","name":"A conex\u00e3o entre h\u00e1bitos e intelig\u00eancia emocional - Jornal Fatos e Not\u00edcias","isPartOf":{"@id":"https:\/\/jornalfatosenoticias.com.br\/#website"},"primaryImageOfPage":{"@id":"https:\/\/jornalfatosenoticias.com.br\/index.php\/2025\/07\/03\/a-conexao-entre-habitos-e-inteligencia-emocional\/#primaryimage"},"image":{"@id":"https:\/\/jornalfatosenoticias.com.br\/index.php\/2025\/07\/03\/a-conexao-entre-habitos-e-inteligencia-emocional\/#primaryimage"},"thumbnailUrl":"https:\/\/jornalfatosenoticias.com.br\/wp-content\/uploads\/2025\/07\/inteligencia-emocional_istock.jpg","datePublished":"2025-07-03T23:36:42+00:00","dateModified":"2025-07-03T23:36:43+00:00","breadcrumb":{"@id":"https:\/\/jornalfatosenoticias.com.br\/index.php\/2025\/07\/03\/a-conexao-entre-habitos-e-inteligencia-emocional\/#breadcrumb"},"inLanguage":"pt-BR","potentialAction":[{"@type":"ReadAction","target":["https:\/\/jornalfatosenoticias.com.br\/index.php\/2025\/07\/03\/a-conexao-entre-habitos-e-inteligencia-emocional\/"]}]},{"@type":"ImageObject","inLanguage":"pt-BR","@id":"https:\/\/jornalfatosenoticias.com.br\/index.php\/2025\/07\/03\/a-conexao-entre-habitos-e-inteligencia-emocional\/#primaryimage","url":"https:\/\/jornalfatosenoticias.com.br\/wp-content\/uploads\/2025\/07\/inteligencia-emocional_istock.jpg","contentUrl":"https:\/\/jornalfatosenoticias.com.br\/wp-content\/uploads\/2025\/07\/inteligencia-emocional_istock.jpg","width":612,"height":344,"caption":"Connection between brain and heart. Empathy and social skills. Connect heart feeling with logical thinking brain."},{"@type":"BreadcrumbList","@id":"https:\/\/jornalfatosenoticias.com.br\/index.php\/2025\/07\/03\/a-conexao-entre-habitos-e-inteligencia-emocional\/#breadcrumb","itemListElement":[{"@type":"ListItem","position":1,"name":"In\u00edcio","item":"https:\/\/jornalfatosenoticias.com.br\/"},{"@type":"ListItem","position":2,"name":"A conex\u00e3o entre h\u00e1bitos e intelig\u00eancia emocional"}]},{"@type":"WebSite","@id":"https:\/\/jornalfatosenoticias.com.br\/#website","url":"https:\/\/jornalfatosenoticias.com.br\/","name":"Jornal Fatos e Not\u00edcias","description":"Not\u00edcias em geral","publisher":{"@id":"https:\/\/jornalfatosenoticias.com.br\/#organization"},"potentialAction":[{"@type":"SearchAction","target":{"@type":"EntryPoint","urlTemplate":"https:\/\/jornalfatosenoticias.com.br\/?s={search_term_string}"},"query-input":{"@type":"PropertyValueSpecification","valueRequired":true,"valueName":"search_term_string"}}],"inLanguage":"pt-BR"},{"@type":"Organization","@id":"https:\/\/jornalfatosenoticias.com.br\/#organization","name":"Jornal Fatos e Not\u00edcias","url":"https:\/\/jornalfatosenoticias.com.br\/","logo":{"@type":"ImageObject","inLanguage":"pt-BR","@id":"https:\/\/jornalfatosenoticias.com.br\/#\/schema\/logo\/image\/","url":"https:\/\/jornalfatosenoticias.com.br\/wp-content\/uploads\/2020\/02\/logo120.png","contentUrl":"https:\/\/jornalfatosenoticias.com.br\/wp-content\/uploads\/2020\/02\/logo120.png","width":1227,"height":120,"caption":"Jornal Fatos e Not\u00edcias"},"image":{"@id":"https:\/\/jornalfatosenoticias.com.br\/#\/schema\/logo\/image\/"}},{"@type":"Person","@id":"https:\/\/jornalfatosenoticias.com.br\/#\/schema\/person\/d63837fa13ac8666eb9e74e0985d6f81","name":"Luzimara Fernandes","image":{"@type":"ImageObject","inLanguage":"pt-BR","@id":"https:\/\/jornalfatosenoticias.com.br\/#\/schema\/person\/image\/","url":"https:\/\/jornalfatosenoticias.com.br\/wp-content\/uploads\/2025\/05\/EU_portal.jpg","contentUrl":"https:\/\/jornalfatosenoticias.com.br\/wp-content\/uploads\/2025\/05\/EU_portal.jpg","caption":"Luzimara Fernandes"},"description":"Jornalista MTB 2358-ES","sameAs":["https:\/\/jornalfatosenoticias.com.br"],"url":"https:\/\/jornalfatosenoticias.com.br\/index.php\/author\/luzimara\/"}]}},"cc_featured_image_caption":{"caption_text":"(Foto: iStock) ","source_text":"","source_url":""},"jetpack_featured_media_url":"https:\/\/jornalfatosenoticias.com.br\/wp-content\/uploads\/2025\/07\/inteligencia-emocional_istock.jpg","_links":{"self":[{"href":"https:\/\/jornalfatosenoticias.com.br\/index.php\/wp-json\/wp\/v2\/posts\/60389","targetHints":{"allow":["GET"]}}],"collection":[{"href":"https:\/\/jornalfatosenoticias.com.br\/index.php\/wp-json\/wp\/v2\/posts"}],"about":[{"href":"https:\/\/jornalfatosenoticias.com.br\/index.php\/wp-json\/wp\/v2\/types\/post"}],"author":[{"embeddable":true,"href":"https:\/\/jornalfatosenoticias.com.br\/index.php\/wp-json\/wp\/v2\/users\/2"}],"replies":[{"embeddable":true,"href":"https:\/\/jornalfatosenoticias.com.br\/index.php\/wp-json\/wp\/v2\/comments?post=60389"}],"version-history":[{"count":0,"href":"https:\/\/jornalfatosenoticias.com.br\/index.php\/wp-json\/wp\/v2\/posts\/60389\/revisions"}],"wp:featuredmedia":[{"embeddable":true,"href":"https:\/\/jornalfatosenoticias.com.br\/index.php\/wp-json\/wp\/v2\/media\/60390"}],"wp:attachment":[{"href":"https:\/\/jornalfatosenoticias.com.br\/index.php\/wp-json\/wp\/v2\/media?parent=60389"}],"wp:term":[{"taxonomy":"category","embeddable":true,"href":"https:\/\/jornalfatosenoticias.com.br\/index.php\/wp-json\/wp\/v2\/categories?post=60389"},{"taxonomy":"post_tag","embeddable":true,"href":"https:\/\/jornalfatosenoticias.com.br\/index.php\/wp-json\/wp\/v2\/tags?post=60389"}],"curies":[{"name":"wp","href":"https:\/\/api.w.org\/{rel}","templated":true}]}}