{"id":60407,"date":"2025-07-03T21:25:40","date_gmt":"2025-07-04T00:25:40","guid":{"rendered":"https:\/\/jornalfatosenoticias.com.br\/?p=60407"},"modified":"2025-07-03T21:25:41","modified_gmt":"2025-07-04T00:25:41","slug":"apos-resgate-e-reabilitacao-onca-pintada-aparece-com-filhote-no-pantanal","status":"publish","type":"post","link":"https:\/\/jornalfatosenoticias.com.br\/index.php\/2025\/07\/03\/apos-resgate-e-reabilitacao-onca-pintada-aparece-com-filhote-no-pantanal\/","title":{"rendered":"Ap\u00f3s resgate e reabilita\u00e7\u00e3o, on\u00e7a-pintada aparece com filhote no Pantanal"},"content":{"rendered":"\n<p><em><span class=\"has-inline-color has-black-color\">Autoridades celebram a capacidade de regenera\u00e7\u00e3o da on\u00e7a, que voltou \u00e0 natureza ap\u00f3s ser v\u00edtima dos inc\u00eandios no ano passado no bioma<\/span><\/em><\/p>\n\n\n\n<div class=\"wp-block-image\"><figure class=\"aligncenter size-large\"><a href=\"https:\/\/www.controlsystems.com.br\/\"><img loading=\"lazy\" decoding=\"async\" width=\"1024\" height=\"109\" src=\"https:\/\/jornalfatosenoticias.com.br\/wp-content\/uploads\/2020\/02\/CONTROL-CS2-1024x109.jpg\" alt=\"\" class=\"wp-image-44989\" srcset=\"https:\/\/jornalfatosenoticias.com.br\/wp-content\/uploads\/2020\/02\/CONTROL-CS2-1024x109.jpg 1024w, https:\/\/jornalfatosenoticias.com.br\/wp-content\/uploads\/2020\/02\/CONTROL-CS2-300x32.jpg 300w, https:\/\/jornalfatosenoticias.com.br\/wp-content\/uploads\/2020\/02\/CONTROL-CS2-768x82.jpg 768w, https:\/\/jornalfatosenoticias.com.br\/wp-content\/uploads\/2020\/02\/CONTROL-CS2.jpg 1120w\" sizes=\"auto, (max-width: 1024px) 100vw, 1024px\" \/><\/a><\/figure><\/div>\n\n\n\n<p>S\u00edmbolo da resist\u00eancia e da recupera\u00e7\u00e3o da fauna silvestre no Pantanal sul-mato-grossense, a on\u00e7a-pintada Miranda deu \u00e0 luz a um filhote ap\u00f3s ser reintroduzida na natureza. Imagens captadas no \u00faltimo dia 21 de junho por armadilhas fotogr\u00e1ficas registraram imagens de forma remota que confirmaram o fato, <strong><a class=\"\" href=\"https:\/\/www.imasul.ms.gov.br\/onca-tratada-no-hospital-do-cras-aparece-com-filhote-no-pantanal-resgate-reabilitacao-e-agora-maternidade-na-natureza\/\" target=\"_blank\" rel=\"noreferrer noopener\">informa<\/a><\/strong> o Instituto de Meio Ambiente de Mato Grosso do Sul (<strong><a class=\"\" href=\"https:\/\/www.imasul.ms.gov.br\/onca-tratada-no-hospital-do-cras-aparece-com-filhote-no-pantanal-resgate-reabilitacao-e-agora-maternidade-na-natureza\/\" target=\"_blank\" rel=\"noreferrer noopener\">Imasul<\/a><\/strong>).<br>O nascimento do filhote \u00e9 cercado de simbolismo diante da recupera\u00e7\u00e3o da m\u00e3e. Miranda foi resgatada em agosto de 2024, no munic\u00edpio de mesmo nome, ap\u00f3s ser encontrada com as patas queimadas por inc\u00eandios no Pantanal. A on\u00e7a-pintada foi salva por uma for\u00e7a-tarefa composta por equipes do Centro de Reabilita\u00e7\u00e3o de Animais Silvestres (CRAS), Gretap, Ibama e Pol\u00edcia Militar Ambiental (PMA).<\/p>\n\n\n\n<div class=\"wp-block-image\"><figure class=\"aligncenter size-large\"><a href=\"https:\/\/www.cesconetto.com.br\/\"><img loading=\"lazy\" decoding=\"async\" width=\"300\" height=\"250\" src=\"https:\/\/jornalfatosenoticias.com.br\/wp-content\/uploads\/2020\/02\/Banner-2.png\" alt=\"\" class=\"wp-image-43787\"\/><\/a><\/figure><\/div>\n\n\n\n<p>A opera\u00e7\u00e3o de resgate durou mais de 24 horas, e o animal foi submetido a cuidados emergenciais por 43 dias. Recuperada, Miranda retornou ao seu habitat no dia 27 de setembro de 2024, em uma \u00e1rea selecionada para sua readapta\u00e7\u00e3o ao ambiente.<\/p>\n\n\n\n<div class=\"wp-block-image\"><figure class=\"aligncenter size-large is-resized\"><a href=\"https:\/\/www.instagram.com\/serra4x4cambioautomatico\/\"><img loading=\"lazy\" decoding=\"async\" src=\"https:\/\/jornalfatosenoticias.com.br\/wp-content\/uploads\/2024\/08\/Serra-4x4-1-886x1024.jpg\" alt=\"\" class=\"wp-image-53632\" width=\"291\" height=\"336\" srcset=\"https:\/\/jornalfatosenoticias.com.br\/wp-content\/uploads\/2024\/08\/Serra-4x4-1-886x1024.jpg 886w, https:\/\/jornalfatosenoticias.com.br\/wp-content\/uploads\/2024\/08\/Serra-4x4-1-260x300.jpg 260w, https:\/\/jornalfatosenoticias.com.br\/wp-content\/uploads\/2024\/08\/Serra-4x4-1-768x888.jpg 768w, https:\/\/jornalfatosenoticias.com.br\/wp-content\/uploads\/2024\/08\/Serra-4x4-1.jpg 1181w\" sizes=\"auto, (max-width: 291px) 100vw, 291px\" \/><\/a><\/figure><\/div>\n\n\n\n<p>A trajet\u00f3ria de Miranda mostra a capacidade de regenera\u00e7\u00e3o da vida silvestre, comemoram especialistas. \u201cA hist\u00f3ria refor\u00e7a a import\u00e2ncia de pol\u00edticas p\u00fablicas e iniciativas que garantam suporte a animais atingidos por desastres ambientais e a\u00e7\u00f5es humanas\u201d, diz Aline Duarte, gestora do CRAS. <\/p>\n\n\n\n<div class=\"wp-block-image\"><figure class=\"aligncenter size-large is-resized\"><a href=\"https:\/\/panper.com.br\/\"><img loading=\"lazy\" decoding=\"async\" src=\"https:\/\/jornalfatosenoticias.com.br\/wp-content\/uploads\/2023\/03\/logo-Panper_portal.jpg\" alt=\"\" class=\"wp-image-40208\" width=\"326\" height=\"226\" srcset=\"https:\/\/jornalfatosenoticias.com.br\/wp-content\/uploads\/2023\/03\/logo-Panper_portal.jpg 400w, https:\/\/jornalfatosenoticias.com.br\/wp-content\/uploads\/2023\/03\/logo-Panper_portal-300x208.jpg 300w\" sizes=\"auto, (max-width: 326px) 100vw, 326px\" \/><\/a><\/figure><\/div>\n\n\n\n<p>\u201cO caso de Miranda \u00e9 uma prova concreta de que, com conhecimento t\u00e9cnico e parcerias s\u00f3lidas, conseguimos transformar situa\u00e7\u00f5es de vulnerabilidade em hist\u00f3rias de sucesso\u201d, destaca o diretor-presidente do Imasul, Andr\u00e9 Borges.<br>O registro do nascimento foi poss\u00edvel gra\u00e7as ao monitoramento realizado por meio de um colar com GPS, instalado pelo On\u00e7afari em parceria com o Imasul, que permite localizar o animal sem impedir que o felino se mova com agilidade.<\/p>\n\n\n\n<div class=\"wp-block-image\"><figure class=\"aligncenter size-large\"><a href=\"http:\/\/www.ferrarimaquinas.com.br\/\"><img loading=\"lazy\" decoding=\"async\" width=\"300\" height=\"250\" src=\"https:\/\/jornalfatosenoticias.com.br\/wp-content\/uploads\/2022\/02\/FERRARI_MAQUINAS-E-FERRAMENTAS2.jpg\" alt=\"\" class=\"wp-image-27860\"\/><\/a><\/figure><\/div>\n\n\n\n<p><strong>Fonte: <a href=\"https:\/\/umsoplaneta.globo.com\/biodiversidade\/noticia\/2025\/06\/30\/apos-resgate-e-reabilitacao-onca-pintada-aparece-com-filhote-no-pantanal.ghtml\">Um S\u00f3 Planeta<\/a><\/strong><\/p>\n","protected":false},"excerpt":{"rendered":"<p>Autoridades celebram a capacidade de regenera\u00e7\u00e3o da on\u00e7a, que voltou \u00e0 natureza ap\u00f3s ser v\u00edtima dos inc\u00eandios no ano passado no bioma S\u00edmbolo da resist\u00eancia e da recupera\u00e7\u00e3o da fauna silvestre no Pantanal sul-mato-grossense, a on\u00e7a-pintada Miranda deu \u00e0 luz a um filhote ap\u00f3s ser reintroduzida na natureza. Imagens captadas no \u00faltimo dia 21 de [&hellip;]<\/p>\n","protected":false},"author":2,"featured_media":60408,"comment_status":"open","ping_status":"open","sticky":false,"template":"","format":"standard","meta":{"footnotes":""},"categories":[8],"tags":[1064,27565,4262,655,970,778],"class_list":["post-60407","post","type-post","status-publish","format-standard","has-post-thumbnail","hentry","category-meio-ambiente","tag-bioma","tag-capacidade-de-regeneracao","tag-incendios","tag-natureza","tag-onca-pintada","tag-pantanal"],"yoast_head":"<!-- This site is optimized with the Yoast SEO plugin v26.5 - https:\/\/yoast.com\/wordpress\/plugins\/seo\/ -->\n<title>Ap\u00f3s resgate e reabilita\u00e7\u00e3o, on\u00e7a-pintada aparece com filhote no Pantanal - Jornal Fatos e Not\u00edcias<\/title>\n<meta name=\"robots\" content=\"index, follow, max-snippet:-1, max-image-preview:large, max-video-preview:-1\" \/>\n<link rel=\"canonical\" href=\"https:\/\/jornalfatosenoticias.com.br\/index.php\/2025\/07\/03\/apos-resgate-e-reabilitacao-onca-pintada-aparece-com-filhote-no-pantanal\/\" \/>\n<meta property=\"og:locale\" content=\"pt_BR\" \/>\n<meta property=\"og:type\" content=\"article\" \/>\n<meta property=\"og:title\" content=\"Ap\u00f3s resgate e reabilita\u00e7\u00e3o, on\u00e7a-pintada aparece com filhote no Pantanal - Jornal Fatos e Not\u00edcias\" \/>\n<meta property=\"og:description\" content=\"Autoridades celebram a capacidade de regenera\u00e7\u00e3o da on\u00e7a, que voltou \u00e0 natureza ap\u00f3s ser v\u00edtima dos inc\u00eandios no ano passado no bioma S\u00edmbolo da resist\u00eancia e da recupera\u00e7\u00e3o da fauna silvestre no Pantanal sul-mato-grossense, a on\u00e7a-pintada Miranda deu \u00e0 luz a um filhote ap\u00f3s ser reintroduzida na natureza. Imagens captadas no \u00faltimo dia 21 de [&hellip;]\" \/>\n<meta property=\"og:url\" content=\"https:\/\/jornalfatosenoticias.com.br\/index.php\/2025\/07\/03\/apos-resgate-e-reabilitacao-onca-pintada-aparece-com-filhote-no-pantanal\/\" \/>\n<meta property=\"og:site_name\" content=\"Jornal Fatos e Not\u00edcias\" \/>\n<meta property=\"article:published_time\" content=\"2025-07-04T00:25:40+00:00\" \/>\n<meta property=\"article:modified_time\" content=\"2025-07-04T00:25:41+00:00\" \/>\n<meta property=\"og:image\" content=\"https:\/\/jornalfatosenoticias.com.br\/wp-content\/uploads\/2025\/07\/onca-miranda.jpeg\" \/>\n\t<meta property=\"og:image:width\" content=\"888\" \/>\n\t<meta property=\"og:image:height\" content=\"355\" \/>\n\t<meta property=\"og:image:type\" content=\"image\/jpeg\" \/>\n<meta name=\"author\" content=\"Luzimara Fernandes\" \/>\n<meta name=\"twitter:card\" content=\"summary_large_image\" \/>\n<meta name=\"twitter:label1\" content=\"Escrito por\" \/>\n\t<meta name=\"twitter:data1\" content=\"Luzimara Fernandes\" \/>\n\t<meta name=\"twitter:label2\" content=\"Est. tempo de leitura\" \/>\n\t<meta name=\"twitter:data2\" content=\"2 minutos\" \/>\n<script type=\"application\/ld+json\" class=\"yoast-schema-graph\">{\"@context\":\"https:\/\/schema.org\",\"@graph\":[{\"@type\":\"Article\",\"@id\":\"https:\/\/jornalfatosenoticias.com.br\/index.php\/2025\/07\/03\/apos-resgate-e-reabilitacao-onca-pintada-aparece-com-filhote-no-pantanal\/#article\",\"isPartOf\":{\"@id\":\"https:\/\/jornalfatosenoticias.com.br\/index.php\/2025\/07\/03\/apos-resgate-e-reabilitacao-onca-pintada-aparece-com-filhote-no-pantanal\/\"},\"author\":{\"name\":\"Luzimara Fernandes\",\"@id\":\"https:\/\/jornalfatosenoticias.com.br\/#\/schema\/person\/d63837fa13ac8666eb9e74e0985d6f81\"},\"headline\":\"Ap\u00f3s resgate e reabilita\u00e7\u00e3o, on\u00e7a-pintada aparece com filhote no Pantanal\",\"datePublished\":\"2025-07-04T00:25:40+00:00\",\"dateModified\":\"2025-07-04T00:25:41+00:00\",\"mainEntityOfPage\":{\"@id\":\"https:\/\/jornalfatosenoticias.com.br\/index.php\/2025\/07\/03\/apos-resgate-e-reabilitacao-onca-pintada-aparece-com-filhote-no-pantanal\/\"},\"wordCount\":340,\"commentCount\":0,\"publisher\":{\"@id\":\"https:\/\/jornalfatosenoticias.com.br\/#organization\"},\"image\":{\"@id\":\"https:\/\/jornalfatosenoticias.com.br\/index.php\/2025\/07\/03\/apos-resgate-e-reabilitacao-onca-pintada-aparece-com-filhote-no-pantanal\/#primaryimage\"},\"thumbnailUrl\":\"https:\/\/jornalfatosenoticias.com.br\/wp-content\/uploads\/2025\/07\/onca-miranda.jpeg\",\"keywords\":[\"bioma\",\"capacidade de regenera\u00e7\u00e3o\",\"inc\u00eandios\",\"natureza\",\"on\u00e7a-pintada\",\"Pantanal\"],\"articleSection\":[\"Meio ambiente\"],\"inLanguage\":\"pt-BR\",\"potentialAction\":[{\"@type\":\"CommentAction\",\"name\":\"Comment\",\"target\":[\"https:\/\/jornalfatosenoticias.com.br\/index.php\/2025\/07\/03\/apos-resgate-e-reabilitacao-onca-pintada-aparece-com-filhote-no-pantanal\/#respond\"]}]},{\"@type\":\"WebPage\",\"@id\":\"https:\/\/jornalfatosenoticias.com.br\/index.php\/2025\/07\/03\/apos-resgate-e-reabilitacao-onca-pintada-aparece-com-filhote-no-pantanal\/\",\"url\":\"https:\/\/jornalfatosenoticias.com.br\/index.php\/2025\/07\/03\/apos-resgate-e-reabilitacao-onca-pintada-aparece-com-filhote-no-pantanal\/\",\"name\":\"Ap\u00f3s resgate e reabilita\u00e7\u00e3o, on\u00e7a-pintada aparece com filhote no Pantanal - Jornal Fatos e Not\u00edcias\",\"isPartOf\":{\"@id\":\"https:\/\/jornalfatosenoticias.com.br\/#website\"},\"primaryImageOfPage\":{\"@id\":\"https:\/\/jornalfatosenoticias.com.br\/index.php\/2025\/07\/03\/apos-resgate-e-reabilitacao-onca-pintada-aparece-com-filhote-no-pantanal\/#primaryimage\"},\"image\":{\"@id\":\"https:\/\/jornalfatosenoticias.com.br\/index.php\/2025\/07\/03\/apos-resgate-e-reabilitacao-onca-pintada-aparece-com-filhote-no-pantanal\/#primaryimage\"},\"thumbnailUrl\":\"https:\/\/jornalfatosenoticias.com.br\/wp-content\/uploads\/2025\/07\/onca-miranda.jpeg\",\"datePublished\":\"2025-07-04T00:25:40+00:00\",\"dateModified\":\"2025-07-04T00:25:41+00:00\",\"breadcrumb\":{\"@id\":\"https:\/\/jornalfatosenoticias.com.br\/index.php\/2025\/07\/03\/apos-resgate-e-reabilitacao-onca-pintada-aparece-com-filhote-no-pantanal\/#breadcrumb\"},\"inLanguage\":\"pt-BR\",\"potentialAction\":[{\"@type\":\"ReadAction\",\"target\":[\"https:\/\/jornalfatosenoticias.com.br\/index.php\/2025\/07\/03\/apos-resgate-e-reabilitacao-onca-pintada-aparece-com-filhote-no-pantanal\/\"]}]},{\"@type\":\"ImageObject\",\"inLanguage\":\"pt-BR\",\"@id\":\"https:\/\/jornalfatosenoticias.com.br\/index.php\/2025\/07\/03\/apos-resgate-e-reabilitacao-onca-pintada-aparece-com-filhote-no-pantanal\/#primaryimage\",\"url\":\"https:\/\/jornalfatosenoticias.com.br\/wp-content\/uploads\/2025\/07\/onca-miranda.jpeg\",\"contentUrl\":\"https:\/\/jornalfatosenoticias.com.br\/wp-content\/uploads\/2025\/07\/onca-miranda.jpeg\",\"width\":888,\"height\":355},{\"@type\":\"BreadcrumbList\",\"@id\":\"https:\/\/jornalfatosenoticias.com.br\/index.php\/2025\/07\/03\/apos-resgate-e-reabilitacao-onca-pintada-aparece-com-filhote-no-pantanal\/#breadcrumb\",\"itemListElement\":[{\"@type\":\"ListItem\",\"position\":1,\"name\":\"In\u00edcio\",\"item\":\"https:\/\/jornalfatosenoticias.com.br\/\"},{\"@type\":\"ListItem\",\"position\":2,\"name\":\"Ap\u00f3s resgate e reabilita\u00e7\u00e3o, on\u00e7a-pintada aparece com filhote no Pantanal\"}]},{\"@type\":\"WebSite\",\"@id\":\"https:\/\/jornalfatosenoticias.com.br\/#website\",\"url\":\"https:\/\/jornalfatosenoticias.com.br\/\",\"name\":\"Jornal Fatos e Not\u00edcias\",\"description\":\"Not\u00edcias em geral\",\"publisher\":{\"@id\":\"https:\/\/jornalfatosenoticias.com.br\/#organization\"},\"potentialAction\":[{\"@type\":\"SearchAction\",\"target\":{\"@type\":\"EntryPoint\",\"urlTemplate\":\"https:\/\/jornalfatosenoticias.com.br\/?s={search_term_string}\"},\"query-input\":{\"@type\":\"PropertyValueSpecification\",\"valueRequired\":true,\"valueName\":\"search_term_string\"}}],\"inLanguage\":\"pt-BR\"},{\"@type\":\"Organization\",\"@id\":\"https:\/\/jornalfatosenoticias.com.br\/#organization\",\"name\":\"Jornal Fatos e Not\u00edcias\",\"url\":\"https:\/\/jornalfatosenoticias.com.br\/\",\"logo\":{\"@type\":\"ImageObject\",\"inLanguage\":\"pt-BR\",\"@id\":\"https:\/\/jornalfatosenoticias.com.br\/#\/schema\/logo\/image\/\",\"url\":\"https:\/\/jornalfatosenoticias.com.br\/wp-content\/uploads\/2020\/02\/logo120.png\",\"contentUrl\":\"https:\/\/jornalfatosenoticias.com.br\/wp-content\/uploads\/2020\/02\/logo120.png\",\"width\":1227,\"height\":120,\"caption\":\"Jornal Fatos e Not\u00edcias\"},\"image\":{\"@id\":\"https:\/\/jornalfatosenoticias.com.br\/#\/schema\/logo\/image\/\"}},{\"@type\":\"Person\",\"@id\":\"https:\/\/jornalfatosenoticias.com.br\/#\/schema\/person\/d63837fa13ac8666eb9e74e0985d6f81\",\"name\":\"Luzimara Fernandes\",\"image\":{\"@type\":\"ImageObject\",\"inLanguage\":\"pt-BR\",\"@id\":\"https:\/\/jornalfatosenoticias.com.br\/#\/schema\/person\/image\/\",\"url\":\"https:\/\/jornalfatosenoticias.com.br\/wp-content\/uploads\/2025\/05\/EU_portal.jpg\",\"contentUrl\":\"https:\/\/jornalfatosenoticias.com.br\/wp-content\/uploads\/2025\/05\/EU_portal.jpg\",\"caption\":\"Luzimara Fernandes\"},\"description\":\"Jornalista MTB 2358-ES\",\"sameAs\":[\"https:\/\/jornalfatosenoticias.com.br\"],\"url\":\"https:\/\/jornalfatosenoticias.com.br\/index.php\/author\/luzimara\/\"}]}<\/script>\n<!-- \/ Yoast SEO plugin. -->","yoast_head_json":{"title":"Ap\u00f3s resgate e reabilita\u00e7\u00e3o, on\u00e7a-pintada aparece com filhote no Pantanal - Jornal Fatos e Not\u00edcias","robots":{"index":"index","follow":"follow","max-snippet":"max-snippet:-1","max-image-preview":"max-image-preview:large","max-video-preview":"max-video-preview:-1"},"canonical":"https:\/\/jornalfatosenoticias.com.br\/index.php\/2025\/07\/03\/apos-resgate-e-reabilitacao-onca-pintada-aparece-com-filhote-no-pantanal\/","og_locale":"pt_BR","og_type":"article","og_title":"Ap\u00f3s resgate e reabilita\u00e7\u00e3o, on\u00e7a-pintada aparece com filhote no Pantanal - Jornal Fatos e Not\u00edcias","og_description":"Autoridades celebram a capacidade de regenera\u00e7\u00e3o da on\u00e7a, que voltou \u00e0 natureza ap\u00f3s ser v\u00edtima dos inc\u00eandios no ano passado no bioma S\u00edmbolo da resist\u00eancia e da recupera\u00e7\u00e3o da fauna silvestre no Pantanal sul-mato-grossense, a on\u00e7a-pintada Miranda deu \u00e0 luz a um filhote ap\u00f3s ser reintroduzida na natureza. Imagens captadas no \u00faltimo dia 21 de [&hellip;]","og_url":"https:\/\/jornalfatosenoticias.com.br\/index.php\/2025\/07\/03\/apos-resgate-e-reabilitacao-onca-pintada-aparece-com-filhote-no-pantanal\/","og_site_name":"Jornal Fatos e Not\u00edcias","article_published_time":"2025-07-04T00:25:40+00:00","article_modified_time":"2025-07-04T00:25:41+00:00","og_image":[{"width":888,"height":355,"url":"https:\/\/jornalfatosenoticias.com.br\/wp-content\/uploads\/2025\/07\/onca-miranda.jpeg","type":"image\/jpeg"}],"author":"Luzimara Fernandes","twitter_card":"summary_large_image","twitter_misc":{"Escrito por":"Luzimara Fernandes","Est. tempo de leitura":"2 minutos"},"schema":{"@context":"https:\/\/schema.org","@graph":[{"@type":"Article","@id":"https:\/\/jornalfatosenoticias.com.br\/index.php\/2025\/07\/03\/apos-resgate-e-reabilitacao-onca-pintada-aparece-com-filhote-no-pantanal\/#article","isPartOf":{"@id":"https:\/\/jornalfatosenoticias.com.br\/index.php\/2025\/07\/03\/apos-resgate-e-reabilitacao-onca-pintada-aparece-com-filhote-no-pantanal\/"},"author":{"name":"Luzimara Fernandes","@id":"https:\/\/jornalfatosenoticias.com.br\/#\/schema\/person\/d63837fa13ac8666eb9e74e0985d6f81"},"headline":"Ap\u00f3s resgate e reabilita\u00e7\u00e3o, on\u00e7a-pintada aparece com filhote no Pantanal","datePublished":"2025-07-04T00:25:40+00:00","dateModified":"2025-07-04T00:25:41+00:00","mainEntityOfPage":{"@id":"https:\/\/jornalfatosenoticias.com.br\/index.php\/2025\/07\/03\/apos-resgate-e-reabilitacao-onca-pintada-aparece-com-filhote-no-pantanal\/"},"wordCount":340,"commentCount":0,"publisher":{"@id":"https:\/\/jornalfatosenoticias.com.br\/#organization"},"image":{"@id":"https:\/\/jornalfatosenoticias.com.br\/index.php\/2025\/07\/03\/apos-resgate-e-reabilitacao-onca-pintada-aparece-com-filhote-no-pantanal\/#primaryimage"},"thumbnailUrl":"https:\/\/jornalfatosenoticias.com.br\/wp-content\/uploads\/2025\/07\/onca-miranda.jpeg","keywords":["bioma","capacidade de regenera\u00e7\u00e3o","inc\u00eandios","natureza","on\u00e7a-pintada","Pantanal"],"articleSection":["Meio ambiente"],"inLanguage":"pt-BR","potentialAction":[{"@type":"CommentAction","name":"Comment","target":["https:\/\/jornalfatosenoticias.com.br\/index.php\/2025\/07\/03\/apos-resgate-e-reabilitacao-onca-pintada-aparece-com-filhote-no-pantanal\/#respond"]}]},{"@type":"WebPage","@id":"https:\/\/jornalfatosenoticias.com.br\/index.php\/2025\/07\/03\/apos-resgate-e-reabilitacao-onca-pintada-aparece-com-filhote-no-pantanal\/","url":"https:\/\/jornalfatosenoticias.com.br\/index.php\/2025\/07\/03\/apos-resgate-e-reabilitacao-onca-pintada-aparece-com-filhote-no-pantanal\/","name":"Ap\u00f3s resgate e reabilita\u00e7\u00e3o, on\u00e7a-pintada aparece com filhote no Pantanal - Jornal Fatos e Not\u00edcias","isPartOf":{"@id":"https:\/\/jornalfatosenoticias.com.br\/#website"},"primaryImageOfPage":{"@id":"https:\/\/jornalfatosenoticias.com.br\/index.php\/2025\/07\/03\/apos-resgate-e-reabilitacao-onca-pintada-aparece-com-filhote-no-pantanal\/#primaryimage"},"image":{"@id":"https:\/\/jornalfatosenoticias.com.br\/index.php\/2025\/07\/03\/apos-resgate-e-reabilitacao-onca-pintada-aparece-com-filhote-no-pantanal\/#primaryimage"},"thumbnailUrl":"https:\/\/jornalfatosenoticias.com.br\/wp-content\/uploads\/2025\/07\/onca-miranda.jpeg","datePublished":"2025-07-04T00:25:40+00:00","dateModified":"2025-07-04T00:25:41+00:00","breadcrumb":{"@id":"https:\/\/jornalfatosenoticias.com.br\/index.php\/2025\/07\/03\/apos-resgate-e-reabilitacao-onca-pintada-aparece-com-filhote-no-pantanal\/#breadcrumb"},"inLanguage":"pt-BR","potentialAction":[{"@type":"ReadAction","target":["https:\/\/jornalfatosenoticias.com.br\/index.php\/2025\/07\/03\/apos-resgate-e-reabilitacao-onca-pintada-aparece-com-filhote-no-pantanal\/"]}]},{"@type":"ImageObject","inLanguage":"pt-BR","@id":"https:\/\/jornalfatosenoticias.com.br\/index.php\/2025\/07\/03\/apos-resgate-e-reabilitacao-onca-pintada-aparece-com-filhote-no-pantanal\/#primaryimage","url":"https:\/\/jornalfatosenoticias.com.br\/wp-content\/uploads\/2025\/07\/onca-miranda.jpeg","contentUrl":"https:\/\/jornalfatosenoticias.com.br\/wp-content\/uploads\/2025\/07\/onca-miranda.jpeg","width":888,"height":355},{"@type":"BreadcrumbList","@id":"https:\/\/jornalfatosenoticias.com.br\/index.php\/2025\/07\/03\/apos-resgate-e-reabilitacao-onca-pintada-aparece-com-filhote-no-pantanal\/#breadcrumb","itemListElement":[{"@type":"ListItem","position":1,"name":"In\u00edcio","item":"https:\/\/jornalfatosenoticias.com.br\/"},{"@type":"ListItem","position":2,"name":"Ap\u00f3s resgate e reabilita\u00e7\u00e3o, on\u00e7a-pintada aparece com filhote no Pantanal"}]},{"@type":"WebSite","@id":"https:\/\/jornalfatosenoticias.com.br\/#website","url":"https:\/\/jornalfatosenoticias.com.br\/","name":"Jornal Fatos e Not\u00edcias","description":"Not\u00edcias em geral","publisher":{"@id":"https:\/\/jornalfatosenoticias.com.br\/#organization"},"potentialAction":[{"@type":"SearchAction","target":{"@type":"EntryPoint","urlTemplate":"https:\/\/jornalfatosenoticias.com.br\/?s={search_term_string}"},"query-input":{"@type":"PropertyValueSpecification","valueRequired":true,"valueName":"search_term_string"}}],"inLanguage":"pt-BR"},{"@type":"Organization","@id":"https:\/\/jornalfatosenoticias.com.br\/#organization","name":"Jornal Fatos e Not\u00edcias","url":"https:\/\/jornalfatosenoticias.com.br\/","logo":{"@type":"ImageObject","inLanguage":"pt-BR","@id":"https:\/\/jornalfatosenoticias.com.br\/#\/schema\/logo\/image\/","url":"https:\/\/jornalfatosenoticias.com.br\/wp-content\/uploads\/2020\/02\/logo120.png","contentUrl":"https:\/\/jornalfatosenoticias.com.br\/wp-content\/uploads\/2020\/02\/logo120.png","width":1227,"height":120,"caption":"Jornal Fatos e Not\u00edcias"},"image":{"@id":"https:\/\/jornalfatosenoticias.com.br\/#\/schema\/logo\/image\/"}},{"@type":"Person","@id":"https:\/\/jornalfatosenoticias.com.br\/#\/schema\/person\/d63837fa13ac8666eb9e74e0985d6f81","name":"Luzimara Fernandes","image":{"@type":"ImageObject","inLanguage":"pt-BR","@id":"https:\/\/jornalfatosenoticias.com.br\/#\/schema\/person\/image\/","url":"https:\/\/jornalfatosenoticias.com.br\/wp-content\/uploads\/2025\/05\/EU_portal.jpg","contentUrl":"https:\/\/jornalfatosenoticias.com.br\/wp-content\/uploads\/2025\/05\/EU_portal.jpg","caption":"Luzimara Fernandes"},"description":"Jornalista MTB 2358-ES","sameAs":["https:\/\/jornalfatosenoticias.com.br"],"url":"https:\/\/jornalfatosenoticias.com.br\/index.php\/author\/luzimara\/"}]}},"cc_featured_image_caption":{"caption_text":"(Foto: Divulga\u00e7\u00e3o\/Imasul) ","source_text":"","source_url":""},"jetpack_featured_media_url":"https:\/\/jornalfatosenoticias.com.br\/wp-content\/uploads\/2025\/07\/onca-miranda.jpeg","_links":{"self":[{"href":"https:\/\/jornalfatosenoticias.com.br\/index.php\/wp-json\/wp\/v2\/posts\/60407","targetHints":{"allow":["GET"]}}],"collection":[{"href":"https:\/\/jornalfatosenoticias.com.br\/index.php\/wp-json\/wp\/v2\/posts"}],"about":[{"href":"https:\/\/jornalfatosenoticias.com.br\/index.php\/wp-json\/wp\/v2\/types\/post"}],"author":[{"embeddable":true,"href":"https:\/\/jornalfatosenoticias.com.br\/index.php\/wp-json\/wp\/v2\/users\/2"}],"replies":[{"embeddable":true,"href":"https:\/\/jornalfatosenoticias.com.br\/index.php\/wp-json\/wp\/v2\/comments?post=60407"}],"version-history":[{"count":0,"href":"https:\/\/jornalfatosenoticias.com.br\/index.php\/wp-json\/wp\/v2\/posts\/60407\/revisions"}],"wp:featuredmedia":[{"embeddable":true,"href":"https:\/\/jornalfatosenoticias.com.br\/index.php\/wp-json\/wp\/v2\/media\/60408"}],"wp:attachment":[{"href":"https:\/\/jornalfatosenoticias.com.br\/index.php\/wp-json\/wp\/v2\/media?parent=60407"}],"wp:term":[{"taxonomy":"category","embeddable":true,"href":"https:\/\/jornalfatosenoticias.com.br\/index.php\/wp-json\/wp\/v2\/categories?post=60407"},{"taxonomy":"post_tag","embeddable":true,"href":"https:\/\/jornalfatosenoticias.com.br\/index.php\/wp-json\/wp\/v2\/tags?post=60407"}],"curies":[{"name":"wp","href":"https:\/\/api.w.org\/{rel}","templated":true}]}}