{"id":60421,"date":"2025-07-08T11:08:01","date_gmt":"2025-07-08T14:08:01","guid":{"rendered":"https:\/\/jornalfatosenoticias.com.br\/?p=60421"},"modified":"2025-07-08T11:08:02","modified_gmt":"2025-07-08T14:08:02","slug":"revista-internacional-aponta-resultado-de-escolas-civico-militares","status":"publish","type":"post","link":"https:\/\/jornalfatosenoticias.com.br\/index.php\/2025\/07\/08\/revista-internacional-aponta-resultado-de-escolas-civico-militares\/","title":{"rendered":"Revista internacional aponta resultado de escolas c\u00edvico-militares"},"content":{"rendered":"\n<p><em><span class=\"has-inline-color has-black-color\">Estudo publicado pela revista International Journal of Educational Development mostra resultados do modelo de col\u00e9gios c\u00edvico-militares de Goi\u00e1s<\/span><\/em><\/p>\n\n\n\n<p><span class=\"has-inline-color has-black-color\">Por <strong><a href=\"https:\/\/www.gazetadopovo.com.br\/autor\/raquel-derevecki\/\">Raquel Derevecki<\/a><\/strong><\/span><\/p>\n\n\n\n<div class=\"wp-block-image\"><figure class=\"aligncenter size-large\"><a href=\"https:\/\/mizu.com.br\/\"><img loading=\"lazy\" decoding=\"async\" width=\"729\" height=\"90\" src=\"https:\/\/jornalfatosenoticias.com.br\/wp-content\/uploads\/2020\/02\/Logo_Mizu.png\" alt=\"\" class=\"wp-image-1441\" srcset=\"https:\/\/jornalfatosenoticias.com.br\/wp-content\/uploads\/2020\/02\/Logo_Mizu.png 729w, https:\/\/jornalfatosenoticias.com.br\/wp-content\/uploads\/2020\/02\/Logo_Mizu-300x37.png 300w\" sizes=\"auto, (max-width: 729px) 100vw, 729px\" \/><\/a><\/figure><\/div>\n\n\n\n<p>Um estudo publicado na edi\u00e7\u00e3o atual da revista cient\u00edfica <em>International Journal of Educational Development <\/em>\u2014 dispon\u00edvel on-line desde o m\u00eas de maio \u2014 mostra que o modelo de escolas c\u00edvico-militares de Goi\u00e1s contribuiu para melhoria no desempenho acad\u00eamico e redu\u00e7\u00e3o da viol\u00eancia no ambiente escolar. A pesquisa foi desenvolvida em 2021 pela equipe do p\u00f3s-doutor Jevuks Matheus de Ara\u00fajo, professor da Universidade Federal da Para\u00edba (UFPB), e abrangeu cerca de 66 mil estudantes de 47 munic\u00edpios goianos. As 60 institui\u00e7\u00f5es avaliadas ingressaram no programa dos Col\u00e9gios Estaduais da Pol\u00edcia Militar de Goi\u00e1s (CEPMG) entre 2013 e 2019, e os pesquisadores analisaram os resultados obtidos antes e ap\u00f3s a mudan\u00e7a. De acordo com o professor Jevuks, foram utilizados dados do \u00cdndice de Desenvolvimento da Educa\u00e7\u00e3o B\u00e1sica (Ideb), do Censo Escolar e testes da Prova Brasil \u2014 que examina a qualidade do ensino de portugu\u00eas e matem\u00e1tica nas escolas. Foram coletados dados de 2007 a 2020.<\/p>\n\n\n\n<div class=\"wp-block-image\"><figure class=\"aligncenter size-large is-resized\"><a href=\"https:\/\/www.facebook.com\/postobkr\/?locale=pt_BR\"><img loading=\"lazy\" decoding=\"async\" src=\"https:\/\/jornalfatosenoticias.com.br\/wp-content\/uploads\/2023\/08\/BKR-1024x1021.jpg\" alt=\"\" class=\"wp-image-44494\" width=\"269\" height=\"268\" srcset=\"https:\/\/jornalfatosenoticias.com.br\/wp-content\/uploads\/2023\/08\/BKR-1024x1021.jpg 1024w, https:\/\/jornalfatosenoticias.com.br\/wp-content\/uploads\/2023\/08\/BKR-300x300.jpg 300w, https:\/\/jornalfatosenoticias.com.br\/wp-content\/uploads\/2023\/08\/BKR-150x150.jpg 150w, https:\/\/jornalfatosenoticias.com.br\/wp-content\/uploads\/2023\/08\/BKR-768x766.jpg 768w, https:\/\/jornalfatosenoticias.com.br\/wp-content\/uploads\/2023\/08\/BKR.jpg 1080w\" sizes=\"auto, (max-width: 269px) 100vw, 269px\" \/><\/a><\/figure><\/div>\n\n\n\n<p>A partir da an\u00e1lise, foi verificado que as institui\u00e7\u00f5es do modelo educacional c\u00edvico-militar tiveram redu\u00e7\u00e3o de aproximadamente 10% nas taxas de reprova\u00e7\u00e3o, aumento de 15,25 pontos no desempenho em matem\u00e1tica e eleva\u00e7\u00e3o de 11,61 nas notas de portugu\u00eas. Tamb\u00e9m foi percebido acr\u00e9scimo de 0,6 na pontua\u00e7\u00e3o do Ideb, \u00edndice nacional liderado pelos estados de Goi\u00e1s e Paran\u00e1.<\/p>\n\n\n\n<div class=\"wp-block-image\"><figure class=\"aligncenter size-large is-resized\"><a href=\"https:\/\/hotelmarquetti.com.br\/\"><img loading=\"lazy\" decoding=\"async\" src=\"https:\/\/jornalfatosenoticias.com.br\/wp-content\/uploads\/2020\/02\/LOGO-MQ-1024x680.jpg\" alt=\"\" class=\"wp-image-58299\" width=\"327\" height=\"217\" srcset=\"https:\/\/jornalfatosenoticias.com.br\/wp-content\/uploads\/2020\/02\/LOGO-MQ-1024x680.jpg 1024w, https:\/\/jornalfatosenoticias.com.br\/wp-content\/uploads\/2020\/02\/LOGO-MQ-300x199.jpg 300w, https:\/\/jornalfatosenoticias.com.br\/wp-content\/uploads\/2020\/02\/LOGO-MQ-768x510.jpg 768w, https:\/\/jornalfatosenoticias.com.br\/wp-content\/uploads\/2020\/02\/LOGO-MQ-1536x1020.jpg 1536w, https:\/\/jornalfatosenoticias.com.br\/wp-content\/uploads\/2020\/02\/LOGO-MQ-2048x1360.jpg 2048w\" sizes=\"auto, (max-width: 327px) 100vw, 327px\" \/><\/a><\/figure><\/div>\n\n\n\n<p>Os pesquisadores perceberam tamb\u00e9m que o impacto foi \u201cpersistente e cresceu\u201d, j\u00e1 que as escolas apresentaram resultados melhores no decorrer dos anos. Al\u00e9m disso, a viol\u00eancia no ambiente escolar foi reduzida em diversas vari\u00e1veis relacionadas a amea\u00e7as contra profissionais, roubos e presen\u00e7a de \u00e1lcool, drogas e armas entre os estudantes. <\/p>\n\n\n\n<div class=\"wp-block-image\"><figure class=\"aligncenter size-large is-resized\"><a href=\"https:\/\/www.instagram.com\/esteio.churrascaria\/\"><img loading=\"lazy\" decoding=\"async\" src=\"https:\/\/jornalfatosenoticias.com.br\/wp-content\/uploads\/2022\/02\/LOGO-ESTEIO-1024x730.png\" alt=\"\" class=\"wp-image-27942\" width=\"309\" height=\"220\" srcset=\"https:\/\/jornalfatosenoticias.com.br\/wp-content\/uploads\/2022\/02\/LOGO-ESTEIO-1024x730.png 1024w, https:\/\/jornalfatosenoticias.com.br\/wp-content\/uploads\/2022\/02\/LOGO-ESTEIO-300x214.png 300w, https:\/\/jornalfatosenoticias.com.br\/wp-content\/uploads\/2022\/02\/LOGO-ESTEIO-768x548.png 768w, https:\/\/jornalfatosenoticias.com.br\/wp-content\/uploads\/2022\/02\/LOGO-ESTEIO.png 1123w\" sizes=\"auto, (max-width: 309px) 100vw, 309px\" \/><\/a><\/figure><\/div>\n\n\n\n<blockquote class=\"wp-block-quote is-layout-flow wp-block-quote-is-layout-flow\"><p><span class=\"has-inline-color has-luminous-vivid-orange-color\">Evid\u00eancias robustas de que a militariza\u00e7\u00e3o das escolas p\u00fablicas em Goi\u00e1s teve impacto positivo no desempenho dos alunos e na seguran\u00e7a escolar\u201d, afirmou o professor Jevuks \u00e0 Gazeta do Povo.<\/span><\/p><\/blockquote>\n\n\n\n<div class=\"wp-block-image\"><figure class=\"aligncenter size-large is-resized\"><a href=\"https:\/\/www.facebook.com\/vetor.vix\/\"><img loading=\"lazy\" decoding=\"async\" src=\"https:\/\/jornalfatosenoticias.com.br\/wp-content\/uploads\/2023\/09\/vetorvix1024_1.jpg\" alt=\"\" class=\"wp-image-44868\" width=\"543\" height=\"144\" srcset=\"https:\/\/jornalfatosenoticias.com.br\/wp-content\/uploads\/2023\/09\/vetorvix1024_1.jpg 1024w, https:\/\/jornalfatosenoticias.com.br\/wp-content\/uploads\/2023\/09\/vetorvix1024_1-300x80.jpg 300w, https:\/\/jornalfatosenoticias.com.br\/wp-content\/uploads\/2023\/09\/vetorvix1024_1-768x205.jpg 768w\" sizes=\"auto, (max-width: 543px) 100vw, 543px\" \/><\/a><\/figure><\/div>\n\n\n\n<p><span class=\"has-inline-color has-vivid-purple-color\"><strong>Estudo deveria contribuir para o debate na educa\u00e7\u00e3o p\u00fablica brasileira, diz p\u00f3s-doutor<br><\/strong><\/span>De acordo com ele, o trabalho tem sido relevante para discuss\u00f5es internacionais a respeito do papel de modelos militares na educa\u00e7\u00e3o em diversos pa\u00edses, mas parece n\u00e3o ter contribu\u00eddo para o debate na pr\u00f3pria educa\u00e7\u00e3o p\u00fablica brasileira.<br>\u201cPercebo que, no Brasil, \u00e9 bastante comum que quest\u00f5es ideol\u00f3gicas se sobreponham a fatos e evid\u00eancias\u201d, disse, ao apontar que, \u201cfrequentemente, decis\u00f5es sobre a cria\u00e7\u00e3o ou encerramento de programas s\u00e3o tomadas sem o devido embasamento em estudos\u201d, destaca o professor Jevuks.<\/p>\n\n\n\n<div class=\"wp-block-image\"><figure class=\"aligncenter size-large is-resized\"><a href=\"https:\/\/www.facebook.com\/profile.php?id=100069289606145\"><img loading=\"lazy\" decoding=\"async\" src=\"https:\/\/jornalfatosenoticias.com.br\/wp-content\/uploads\/2024\/11\/Guaitolini-Contabilidade-1024x714.jpeg\" alt=\"\" class=\"wp-image-55808\" width=\"320\" height=\"223\" srcset=\"https:\/\/jornalfatosenoticias.com.br\/wp-content\/uploads\/2024\/11\/Guaitolini-Contabilidade-1024x714.jpeg 1024w, https:\/\/jornalfatosenoticias.com.br\/wp-content\/uploads\/2024\/11\/Guaitolini-Contabilidade-300x209.jpeg 300w, https:\/\/jornalfatosenoticias.com.br\/wp-content\/uploads\/2024\/11\/Guaitolini-Contabilidade-768x535.jpeg 768w, https:\/\/jornalfatosenoticias.com.br\/wp-content\/uploads\/2024\/11\/Guaitolini-Contabilidade.jpeg 1280w\" sizes=\"auto, (max-width: 320px) 100vw, 320px\" \/><\/a><\/figure><\/div>\n\n\n\n<p>Um exemplo citado pelo professor \u00e9 o Programa Nacional das Escolas C\u00edvico-Militares (Pecim), <a href=\"https:\/\/www.gazetadopovo.com.br\/educacao\/governo-do-pt-acaba-oficialmente-com-programa-de-escolas-civico-militares\/\" target=\"_blank\" rel=\"noreferrer noopener\">encerrado pelo governo de\u00a0<strong>Luiz In\u00e1cio Lula da Silva (PT)<\/strong>, em 2023<\/a>, apesar dos resultados positivos. O especialista tamb\u00e9m comenta a respeito da situa\u00e7\u00e3o em S\u00e3o Paulo. L\u00e1, o governador Tarc\u00edsio de Freitas (Republicanos) enfrenta <a href=\"https:\/\/www.gazetadopovo.com.br\/sao-paulo\/sao-paulo-impulsiona-modelo-escolas-civico-militares\/\" target=\"_blank\" rel=\"noreferrer noopener\">briga judicial para implantar 100 escolas c\u00edvico-militares<\/a> devido \u00e0 decis\u00e3o do Tribunal de Justi\u00e7a do estado (TJSP) que suspendeu a lei do programa. O caso chegou ao Supremo Tribunal Federal (STF), que pode derrubar a decis\u00e3o.<\/p>\n\n\n\n<div class=\"wp-block-image\"><figure class=\"aligncenter size-large is-resized\"><a href=\"https:\/\/www.instagram.com\/rcradiadores\/\"><img loading=\"lazy\" decoding=\"async\" src=\"https:\/\/jornalfatosenoticias.com.br\/wp-content\/uploads\/2022\/10\/RC_800x750_page-0001.jpg\" alt=\"\" class=\"wp-image-35338\" width=\"276\" height=\"259\" srcset=\"https:\/\/jornalfatosenoticias.com.br\/wp-content\/uploads\/2022\/10\/RC_800x750_page-0001.jpg 400w, https:\/\/jornalfatosenoticias.com.br\/wp-content\/uploads\/2022\/10\/RC_800x750_page-0001-300x281.jpg 300w\" sizes=\"auto, (max-width: 276px) 100vw, 276px\" \/><\/a><\/figure><\/div>\n\n\n\n<p>Al\u00e9m desses casos, escolas c\u00edvico-militares de todo o pa\u00eds t\u00eam sido criticadas por partidos como PSOL, que chegou a denunciar o modelo para a Organiza\u00e7\u00e3o das Na\u00e7\u00f5es Unidas (ONU), sob argumento de que representaria \u201cviola\u00e7\u00e3o de direitos fundamentais\u201d. Em resposta ao pedido dos psolistas, o Comit\u00ea dos Direitos da Crian\u00e7a (CDC) da ONU recomendou que o Brasil proibisse a \u201cmilitariza\u00e7\u00e3o das escolas p\u00fablicas\u201d, mas o documento n\u00e3o tem car\u00e1ter obrigat\u00f3rio, como explica <a href=\"https:\/\/www.gazetadopovo.com.br\/vida-e-cidadania\/escolas-civico-militares-sob-ataque-onu-pt-e-psol-se-unem-para-destruir\/\" target=\"_blank\" rel=\"noreferrer noopener\">reportagem da\u00a0<strong>Gazeta do Povo<\/strong><\/a>.<\/p>\n\n\n\n<div class=\"wp-block-image\"><figure class=\"aligncenter size-large is-resized\"><a href=\"https:\/\/www.instagram.com\/restaurantepegoretti\/\"><img loading=\"lazy\" decoding=\"async\" src=\"https:\/\/jornalfatosenoticias.com.br\/wp-content\/uploads\/2023\/12\/pegoretti-logo-pdf-1024x389.jpg\" alt=\"\" class=\"wp-image-47536\" width=\"475\" height=\"180\" srcset=\"https:\/\/jornalfatosenoticias.com.br\/wp-content\/uploads\/2023\/12\/pegoretti-logo-pdf-1024x389.jpg 1024w, https:\/\/jornalfatosenoticias.com.br\/wp-content\/uploads\/2023\/12\/pegoretti-logo-pdf-300x114.jpg 300w, https:\/\/jornalfatosenoticias.com.br\/wp-content\/uploads\/2023\/12\/pegoretti-logo-pdf-768x291.jpg 768w, https:\/\/jornalfatosenoticias.com.br\/wp-content\/uploads\/2023\/12\/pegoretti-logo-pdf.jpg 1120w\" sizes=\"auto, (max-width: 475px) 100vw, 475px\" \/><\/a><\/figure><\/div>\n\n\n\n<p><span class=\"has-inline-color has-vivid-purple-color\"><strong>Estudo pode incentivar novas pesquisas a respeito do tema<br><\/strong><\/span>Para o doutor em Educa\u00e7\u00e3o Pedro Caldeira, os casos evidenciam que o Brasil precisa retirar urgentemente a discuss\u00e3o educacional da \u201carena ideol\u00f3gica\u201d e trazer o tema para a \u201cefetividade da pol\u00edtica\u201d. \u201cO desenvolvimento de processos diferenciados de gest\u00e3o ou did\u00e1tico-pedag\u00f3gicos deve passar, como nas escolas c\u00edvico-militares de Goi\u00e1s, pelo estabelecimento de objetivos muito claros para toda a comunidade escolar\u201d, aponta, indicando necessidade de forma\u00e7\u00e3o continuada aos professores e melhoria constante dos processos did\u00e1tico-pedag\u00f3gicos.<\/p>\n\n\n\n<div class=\"wp-block-image\"><figure class=\"aligncenter size-large is-resized\"><a href=\"https:\/\/www.instagram.com\/serra4x4cambioautomatico\/\"><img loading=\"lazy\" decoding=\"async\" src=\"https:\/\/jornalfatosenoticias.com.br\/wp-content\/uploads\/2024\/08\/Serra-4x4-1-886x1024.jpg\" alt=\"\" class=\"wp-image-53632\" width=\"246\" height=\"284\" srcset=\"https:\/\/jornalfatosenoticias.com.br\/wp-content\/uploads\/2024\/08\/Serra-4x4-1-886x1024.jpg 886w, https:\/\/jornalfatosenoticias.com.br\/wp-content\/uploads\/2024\/08\/Serra-4x4-1-260x300.jpg 260w, https:\/\/jornalfatosenoticias.com.br\/wp-content\/uploads\/2024\/08\/Serra-4x4-1-768x888.jpg 768w, https:\/\/jornalfatosenoticias.com.br\/wp-content\/uploads\/2024\/08\/Serra-4x4-1.jpg 1181w\" sizes=\"auto, (max-width: 246px) 100vw, 246px\" \/><\/a><\/figure><\/div>\n\n\n\n<p>Para isso, Caldeira v\u00ea a import\u00e2ncia de pesquisas como a coordenada pelo professor Jevuks e incentiva a realiza\u00e7\u00e3o de novos estudos que apresentem, por exemplo, \u00edndices de viol\u00eancia escolar nessas unidades, porcentagem de alunos que ingressaram em universidades e tamb\u00e9m as percep\u00e7\u00f5es de professores e fam\u00edlias da comunidade sobre o modelo c\u00edvico-militar. De acordo com o p\u00f3s-doutor Jevuks, sua equipe tinha pretens\u00e3o de avaliar os resultados do Programa Nacional das Escolas C\u00edvico-Militares (Pecim), mas como essa pol\u00edtica p\u00fablica foi encerrada pelo governo federal, n\u00e3o h\u00e1 novos estudos previstos sobre o tema.<\/p>\n\n\n\n<div class=\"wp-block-image\"><figure class=\"aligncenter size-large is-resized\"><a href=\"https:\/\/www.legisjuris.com.br\/\"><img loading=\"lazy\" decoding=\"async\" src=\"https:\/\/jornalfatosenoticias.com.br\/wp-content\/uploads\/2024\/09\/Legis-Juris-Consultoria_logo.jpg\" alt=\"\" class=\"wp-image-53915\" width=\"499\" height=\"209\" srcset=\"https:\/\/jornalfatosenoticias.com.br\/wp-content\/uploads\/2024\/09\/Legis-Juris-Consultoria_logo.jpg 969w, https:\/\/jornalfatosenoticias.com.br\/wp-content\/uploads\/2024\/09\/Legis-Juris-Consultoria_logo-300x126.jpg 300w, https:\/\/jornalfatosenoticias.com.br\/wp-content\/uploads\/2024\/09\/Legis-Juris-Consultoria_logo-768x322.jpg 768w\" sizes=\"auto, (max-width: 499px) 100vw, 499px\" \/><\/a><\/figure><\/div>\n\n\n\n<p><span class=\"has-inline-color has-vivid-purple-color\"><strong>Como est\u00e1 o programa de escolas c\u00edvico-militares em 2025?<br><\/strong><\/span>De acordo com a Secretaria de Educa\u00e7\u00e3o de Goi\u00e1s (Seduc), o estado conta com 82 Col\u00e9gios Estaduais da Pol\u00edcia Militar (CEPMG) que seguem um modelo de gest\u00e3o compartilhada. Nessa estrutura, a Seduc se responsabiliza pela parte financeira e pedag\u00f3gica das unidades, enquanto a administra\u00e7\u00e3o fica com a Secretaria de Seguran\u00e7a P\u00fablica de Goi\u00e1s e com o Comando de Ensino.<\/p>\n\n\n\n<div class=\"wp-block-image\"><figure class=\"aligncenter size-large is-resized\"><a href=\"https:\/\/www.instagram.com\/gruposei\/\"><img loading=\"lazy\" decoding=\"async\" src=\"https:\/\/jornalfatosenoticias.com.br\/wp-content\/uploads\/2022\/07\/Logo-Grupo-SEI.jpg\" alt=\"\" class=\"wp-image-31973\" width=\"366\" height=\"192\" srcset=\"https:\/\/jornalfatosenoticias.com.br\/wp-content\/uploads\/2022\/07\/Logo-Grupo-SEI.jpg 713w, https:\/\/jornalfatosenoticias.com.br\/wp-content\/uploads\/2022\/07\/Logo-Grupo-SEI-300x158.jpg 300w\" sizes=\"auto, (max-width: 366px) 100vw, 366px\" \/><\/a><\/figure><\/div>\n\n\n\n<p>\u201cE hoje temos os melhores \u00edndices de aprova\u00e7\u00e3o e a menor evas\u00e3o escolar\u201d, afirma o capit\u00e3o Rog\u00e9rio Santos Silva, coordenador da Divis\u00e3o de Acompanhamento Pedag\u00f3gico do Comando de Ensino de Goi\u00e1s, apontando ainda os resultados no Ideb. De acordo com ele, enquanto a m\u00e9dia brasileira \u00e9 de 4,3 para o ensino m\u00e9dio, Goi\u00e1s aparece em primeiro lugar no ranking nacional com 4,8. \u201cMas se fizermos um recorte apenas dos col\u00e9gios estaduais da Pol\u00edcia Militar, esse n\u00famero sobe para 5,3 \u2014 um ponto acima da m\u00e9dia brasileira da educa\u00e7\u00e3o p\u00fablica\u201d, diz, citando tamb\u00e9m redu\u00e7\u00e3o da viol\u00eancia. <\/p>\n\n\n\n<div class=\"wp-block-image\"><figure class=\"aligncenter size-large\"><a href=\"http:\/\/www.ferrarimaquinas.com.br\/\"><img loading=\"lazy\" decoding=\"async\" width=\"300\" height=\"250\" src=\"https:\/\/jornalfatosenoticias.com.br\/wp-content\/uploads\/2022\/02\/FERRARI_MAQUINAS-E-FERRAMENTAS2-1.jpg\" alt=\"\" class=\"wp-image-27955\"\/><\/a><\/figure><\/div>\n\n\n\n<blockquote class=\"wp-block-quote is-layout-flow wp-block-quote-is-layout-flow\"><p><span class=\"has-inline-color has-luminous-vivid-orange-color\">A mancha criminal nas regi\u00f5es onde s\u00e3o instaladas unidades de CEPMGs diminuem drasticamente, inclusive com crimes como tr\u00e1fico de drogas zerando dentro do quadrante do col\u00e9gio\u201d, informa.<\/span><\/p><\/blockquote>\n\n\n\n<div class=\"wp-block-image\"><figure class=\"aligncenter size-large is-resized\"><a href=\"https:\/\/panper.com.br\/\"><img loading=\"lazy\" decoding=\"async\" src=\"https:\/\/jornalfatosenoticias.com.br\/wp-content\/uploads\/2023\/03\/logo-Panper_portal.jpg\" alt=\"\" class=\"wp-image-40208\" width=\"309\" height=\"214\" srcset=\"https:\/\/jornalfatosenoticias.com.br\/wp-content\/uploads\/2023\/03\/logo-Panper_portal.jpg 400w, https:\/\/jornalfatosenoticias.com.br\/wp-content\/uploads\/2023\/03\/logo-Panper_portal-300x208.jpg 300w\" sizes=\"auto, (max-width: 309px) 100vw, 309px\" \/><\/a><\/figure><\/div>\n\n\n\n<p>Atualmente, o modelo de col\u00e9gios c\u00edvico-militares de Goi\u00e1s est\u00e1 presente em 61 dos 246 munic\u00edpios do estado, e atende cerca de 20% dos alunos da rede p\u00fablica estadual. <\/p>\n\n\n\n<blockquote class=\"wp-block-quote is-layout-flow wp-block-quote-is-layout-flow\"><p><span class=\"has-inline-color has-luminous-vivid-orange-color\">E h\u00e1 fila de espera\u201d, aponta o capit\u00e3o, afirmando que o ingresso nas unidades \u00e9 feito por sorteio e n\u00e3o h\u00e1 obrigatoriedade de nenhum estudante permanecer sem sua vontade no CEPMG, assim como os profissionais. \u201cIsso \u00e9 que faz o nosso sucesso\u201d, finaliza.<\/span><\/p><\/blockquote>\n\n\n\n<div class=\"wp-block-image\"><figure class=\"aligncenter size-large\"><a href=\"https:\/\/www.cesconetto.com.br\/\"><img loading=\"lazy\" decoding=\"async\" width=\"300\" height=\"250\" src=\"https:\/\/jornalfatosenoticias.com.br\/wp-content\/uploads\/2020\/02\/Banner-2.png\" alt=\"\" class=\"wp-image-43787\"\/><\/a><\/figure><\/div>\n\n\n\n<p><strong>Fonte: <a href=\"https:\/\/www.gazetadopovo.com.br\/vida-e-cidadania\/melhor-desempenho-menos-violencia-revista-internacional-aponta-resultado-de-escolas-civico-militares\/\">Gazeta do Povo<\/a><\/strong><\/p>\n","protected":false},"excerpt":{"rendered":"<p>Estudo publicado pela revista International Journal of Educational Development mostra resultados do modelo de col\u00e9gios c\u00edvico-militares de Goi\u00e1s Por Raquel Derevecki Um estudo publicado na edi\u00e7\u00e3o atual da revista cient\u00edfica International Journal of Educational Development \u2014 dispon\u00edvel on-line desde o m\u00eas de maio \u2014 mostra que o modelo de escolas c\u00edvico-militares de Goi\u00e1s contribuiu para [&hellip;]<\/p>\n","protected":false},"author":2,"featured_media":60422,"comment_status":"open","ping_status":"open","sticky":false,"template":"","format":"standard","meta":{"footnotes":""},"categories":[7],"tags":[27572,27573,345,1787,9651,6817,6776,4964,843,4101],"class_list":["post-60421","post","type-post","status-publish","format-standard","has-post-thumbnail","hentry","category-educacao","tag-colegios-civico-militares","tag-direitos-da-crianca","tag-educacao","tag-ensino","tag-ensino-medio","tag-escolas-civico-militares","tag-goias","tag-ideb","tag-policia-militar","tag-seguranca-publica"],"yoast_head":"<!-- This site is optimized with the Yoast SEO plugin v26.5 - https:\/\/yoast.com\/wordpress\/plugins\/seo\/ -->\n<title>Revista internacional aponta resultado de escolas c\u00edvico-militares - Jornal Fatos e Not\u00edcias<\/title>\n<meta name=\"robots\" content=\"index, follow, max-snippet:-1, max-image-preview:large, max-video-preview:-1\" \/>\n<link rel=\"canonical\" href=\"https:\/\/jornalfatosenoticias.com.br\/index.php\/2025\/07\/08\/revista-internacional-aponta-resultado-de-escolas-civico-militares\/\" \/>\n<meta property=\"og:locale\" content=\"pt_BR\" \/>\n<meta property=\"og:type\" content=\"article\" \/>\n<meta property=\"og:title\" content=\"Revista internacional aponta resultado de escolas c\u00edvico-militares - Jornal Fatos e Not\u00edcias\" \/>\n<meta property=\"og:description\" content=\"Estudo publicado pela revista International Journal of Educational Development mostra resultados do modelo de col\u00e9gios c\u00edvico-militares de Goi\u00e1s Por Raquel Derevecki Um estudo publicado na edi\u00e7\u00e3o atual da revista cient\u00edfica International Journal of Educational Development \u2014 dispon\u00edvel on-line desde o m\u00eas de maio \u2014 mostra que o modelo de escolas c\u00edvico-militares de Goi\u00e1s contribuiu para [&hellip;]\" \/>\n<meta property=\"og:url\" content=\"https:\/\/jornalfatosenoticias.com.br\/index.php\/2025\/07\/08\/revista-internacional-aponta-resultado-de-escolas-civico-militares\/\" \/>\n<meta property=\"og:site_name\" content=\"Jornal Fatos e Not\u00edcias\" \/>\n<meta property=\"article:published_time\" content=\"2025-07-08T14:08:01+00:00\" \/>\n<meta property=\"article:modified_time\" content=\"2025-07-08T14:08:02+00:00\" \/>\n<meta property=\"og:image\" content=\"https:\/\/jornalfatosenoticias.com.br\/wp-content\/uploads\/2025\/07\/escolas-civico-militares.jpg\" \/>\n\t<meta property=\"og:image:width\" content=\"960\" \/>\n\t<meta property=\"og:image:height\" content=\"540\" \/>\n\t<meta property=\"og:image:type\" content=\"image\/jpeg\" \/>\n<meta name=\"author\" content=\"Luzimara Fernandes\" \/>\n<meta name=\"twitter:card\" content=\"summary_large_image\" \/>\n<meta name=\"twitter:label1\" content=\"Escrito por\" \/>\n\t<meta name=\"twitter:data1\" content=\"Luzimara Fernandes\" \/>\n\t<meta name=\"twitter:label2\" content=\"Est. tempo de leitura\" \/>\n\t<meta name=\"twitter:data2\" content=\"6 minutos\" \/>\n<script type=\"application\/ld+json\" class=\"yoast-schema-graph\">{\"@context\":\"https:\/\/schema.org\",\"@graph\":[{\"@type\":\"Article\",\"@id\":\"https:\/\/jornalfatosenoticias.com.br\/index.php\/2025\/07\/08\/revista-internacional-aponta-resultado-de-escolas-civico-militares\/#article\",\"isPartOf\":{\"@id\":\"https:\/\/jornalfatosenoticias.com.br\/index.php\/2025\/07\/08\/revista-internacional-aponta-resultado-de-escolas-civico-militares\/\"},\"author\":{\"name\":\"Luzimara Fernandes\",\"@id\":\"https:\/\/jornalfatosenoticias.com.br\/#\/schema\/person\/d63837fa13ac8666eb9e74e0985d6f81\"},\"headline\":\"Revista internacional aponta resultado de escolas c\u00edvico-militares\",\"datePublished\":\"2025-07-08T14:08:01+00:00\",\"dateModified\":\"2025-07-08T14:08:02+00:00\",\"mainEntityOfPage\":{\"@id\":\"https:\/\/jornalfatosenoticias.com.br\/index.php\/2025\/07\/08\/revista-internacional-aponta-resultado-de-escolas-civico-militares\/\"},\"wordCount\":1131,\"commentCount\":0,\"publisher\":{\"@id\":\"https:\/\/jornalfatosenoticias.com.br\/#organization\"},\"image\":{\"@id\":\"https:\/\/jornalfatosenoticias.com.br\/index.php\/2025\/07\/08\/revista-internacional-aponta-resultado-de-escolas-civico-militares\/#primaryimage\"},\"thumbnailUrl\":\"https:\/\/jornalfatosenoticias.com.br\/wp-content\/uploads\/2025\/07\/escolas-civico-militares.jpg\",\"keywords\":[\"col\u00e9gios c\u00edvico-militares\",\"direitos da crian\u00e7a\",\"educa\u00e7\u00e3o\",\"ensino\",\"ensino m\u00e9dio\",\"escolas c\u00edvico-militares\",\"Goi\u00e1s\",\"Ideb\",\"Pol\u00edcia Militar\",\"seguran\u00e7a p\u00fablica\"],\"articleSection\":[\"Educa\u00e7\u00e3o\"],\"inLanguage\":\"pt-BR\",\"potentialAction\":[{\"@type\":\"CommentAction\",\"name\":\"Comment\",\"target\":[\"https:\/\/jornalfatosenoticias.com.br\/index.php\/2025\/07\/08\/revista-internacional-aponta-resultado-de-escolas-civico-militares\/#respond\"]}]},{\"@type\":\"WebPage\",\"@id\":\"https:\/\/jornalfatosenoticias.com.br\/index.php\/2025\/07\/08\/revista-internacional-aponta-resultado-de-escolas-civico-militares\/\",\"url\":\"https:\/\/jornalfatosenoticias.com.br\/index.php\/2025\/07\/08\/revista-internacional-aponta-resultado-de-escolas-civico-militares\/\",\"name\":\"Revista internacional aponta resultado de escolas c\u00edvico-militares - Jornal Fatos e Not\u00edcias\",\"isPartOf\":{\"@id\":\"https:\/\/jornalfatosenoticias.com.br\/#website\"},\"primaryImageOfPage\":{\"@id\":\"https:\/\/jornalfatosenoticias.com.br\/index.php\/2025\/07\/08\/revista-internacional-aponta-resultado-de-escolas-civico-militares\/#primaryimage\"},\"image\":{\"@id\":\"https:\/\/jornalfatosenoticias.com.br\/index.php\/2025\/07\/08\/revista-internacional-aponta-resultado-de-escolas-civico-militares\/#primaryimage\"},\"thumbnailUrl\":\"https:\/\/jornalfatosenoticias.com.br\/wp-content\/uploads\/2025\/07\/escolas-civico-militares.jpg\",\"datePublished\":\"2025-07-08T14:08:01+00:00\",\"dateModified\":\"2025-07-08T14:08:02+00:00\",\"breadcrumb\":{\"@id\":\"https:\/\/jornalfatosenoticias.com.br\/index.php\/2025\/07\/08\/revista-internacional-aponta-resultado-de-escolas-civico-militares\/#breadcrumb\"},\"inLanguage\":\"pt-BR\",\"potentialAction\":[{\"@type\":\"ReadAction\",\"target\":[\"https:\/\/jornalfatosenoticias.com.br\/index.php\/2025\/07\/08\/revista-internacional-aponta-resultado-de-escolas-civico-militares\/\"]}]},{\"@type\":\"ImageObject\",\"inLanguage\":\"pt-BR\",\"@id\":\"https:\/\/jornalfatosenoticias.com.br\/index.php\/2025\/07\/08\/revista-internacional-aponta-resultado-de-escolas-civico-militares\/#primaryimage\",\"url\":\"https:\/\/jornalfatosenoticias.com.br\/wp-content\/uploads\/2025\/07\/escolas-civico-militares.jpg\",\"contentUrl\":\"https:\/\/jornalfatosenoticias.com.br\/wp-content\/uploads\/2025\/07\/escolas-civico-militares.jpg\",\"width\":960,\"height\":540},{\"@type\":\"BreadcrumbList\",\"@id\":\"https:\/\/jornalfatosenoticias.com.br\/index.php\/2025\/07\/08\/revista-internacional-aponta-resultado-de-escolas-civico-militares\/#breadcrumb\",\"itemListElement\":[{\"@type\":\"ListItem\",\"position\":1,\"name\":\"In\u00edcio\",\"item\":\"https:\/\/jornalfatosenoticias.com.br\/\"},{\"@type\":\"ListItem\",\"position\":2,\"name\":\"Revista internacional aponta resultado de escolas c\u00edvico-militares\"}]},{\"@type\":\"WebSite\",\"@id\":\"https:\/\/jornalfatosenoticias.com.br\/#website\",\"url\":\"https:\/\/jornalfatosenoticias.com.br\/\",\"name\":\"Jornal Fatos e Not\u00edcias\",\"description\":\"Not\u00edcias em geral\",\"publisher\":{\"@id\":\"https:\/\/jornalfatosenoticias.com.br\/#organization\"},\"potentialAction\":[{\"@type\":\"SearchAction\",\"target\":{\"@type\":\"EntryPoint\",\"urlTemplate\":\"https:\/\/jornalfatosenoticias.com.br\/?s={search_term_string}\"},\"query-input\":{\"@type\":\"PropertyValueSpecification\",\"valueRequired\":true,\"valueName\":\"search_term_string\"}}],\"inLanguage\":\"pt-BR\"},{\"@type\":\"Organization\",\"@id\":\"https:\/\/jornalfatosenoticias.com.br\/#organization\",\"name\":\"Jornal Fatos e Not\u00edcias\",\"url\":\"https:\/\/jornalfatosenoticias.com.br\/\",\"logo\":{\"@type\":\"ImageObject\",\"inLanguage\":\"pt-BR\",\"@id\":\"https:\/\/jornalfatosenoticias.com.br\/#\/schema\/logo\/image\/\",\"url\":\"https:\/\/jornalfatosenoticias.com.br\/wp-content\/uploads\/2020\/02\/logo120.png\",\"contentUrl\":\"https:\/\/jornalfatosenoticias.com.br\/wp-content\/uploads\/2020\/02\/logo120.png\",\"width\":1227,\"height\":120,\"caption\":\"Jornal Fatos e Not\u00edcias\"},\"image\":{\"@id\":\"https:\/\/jornalfatosenoticias.com.br\/#\/schema\/logo\/image\/\"}},{\"@type\":\"Person\",\"@id\":\"https:\/\/jornalfatosenoticias.com.br\/#\/schema\/person\/d63837fa13ac8666eb9e74e0985d6f81\",\"name\":\"Luzimara Fernandes\",\"image\":{\"@type\":\"ImageObject\",\"inLanguage\":\"pt-BR\",\"@id\":\"https:\/\/jornalfatosenoticias.com.br\/#\/schema\/person\/image\/\",\"url\":\"https:\/\/jornalfatosenoticias.com.br\/wp-content\/uploads\/2025\/05\/EU_portal.jpg\",\"contentUrl\":\"https:\/\/jornalfatosenoticias.com.br\/wp-content\/uploads\/2025\/05\/EU_portal.jpg\",\"caption\":\"Luzimara Fernandes\"},\"description\":\"Jornalista MTB 2358-ES\",\"sameAs\":[\"https:\/\/jornalfatosenoticias.com.br\"],\"url\":\"https:\/\/jornalfatosenoticias.com.br\/index.php\/author\/luzimara\/\"}]}<\/script>\n<!-- \/ Yoast SEO plugin. -->","yoast_head_json":{"title":"Revista internacional aponta resultado de escolas c\u00edvico-militares - Jornal Fatos e Not\u00edcias","robots":{"index":"index","follow":"follow","max-snippet":"max-snippet:-1","max-image-preview":"max-image-preview:large","max-video-preview":"max-video-preview:-1"},"canonical":"https:\/\/jornalfatosenoticias.com.br\/index.php\/2025\/07\/08\/revista-internacional-aponta-resultado-de-escolas-civico-militares\/","og_locale":"pt_BR","og_type":"article","og_title":"Revista internacional aponta resultado de escolas c\u00edvico-militares - Jornal Fatos e Not\u00edcias","og_description":"Estudo publicado pela revista International Journal of Educational Development mostra resultados do modelo de col\u00e9gios c\u00edvico-militares de Goi\u00e1s Por Raquel Derevecki Um estudo publicado na edi\u00e7\u00e3o atual da revista cient\u00edfica International Journal of Educational Development \u2014 dispon\u00edvel on-line desde o m\u00eas de maio \u2014 mostra que o modelo de escolas c\u00edvico-militares de Goi\u00e1s contribuiu para [&hellip;]","og_url":"https:\/\/jornalfatosenoticias.com.br\/index.php\/2025\/07\/08\/revista-internacional-aponta-resultado-de-escolas-civico-militares\/","og_site_name":"Jornal Fatos e Not\u00edcias","article_published_time":"2025-07-08T14:08:01+00:00","article_modified_time":"2025-07-08T14:08:02+00:00","og_image":[{"width":960,"height":540,"url":"https:\/\/jornalfatosenoticias.com.br\/wp-content\/uploads\/2025\/07\/escolas-civico-militares.jpg","type":"image\/jpeg"}],"author":"Luzimara Fernandes","twitter_card":"summary_large_image","twitter_misc":{"Escrito por":"Luzimara Fernandes","Est. tempo de leitura":"6 minutos"},"schema":{"@context":"https:\/\/schema.org","@graph":[{"@type":"Article","@id":"https:\/\/jornalfatosenoticias.com.br\/index.php\/2025\/07\/08\/revista-internacional-aponta-resultado-de-escolas-civico-militares\/#article","isPartOf":{"@id":"https:\/\/jornalfatosenoticias.com.br\/index.php\/2025\/07\/08\/revista-internacional-aponta-resultado-de-escolas-civico-militares\/"},"author":{"name":"Luzimara Fernandes","@id":"https:\/\/jornalfatosenoticias.com.br\/#\/schema\/person\/d63837fa13ac8666eb9e74e0985d6f81"},"headline":"Revista internacional aponta resultado de escolas c\u00edvico-militares","datePublished":"2025-07-08T14:08:01+00:00","dateModified":"2025-07-08T14:08:02+00:00","mainEntityOfPage":{"@id":"https:\/\/jornalfatosenoticias.com.br\/index.php\/2025\/07\/08\/revista-internacional-aponta-resultado-de-escolas-civico-militares\/"},"wordCount":1131,"commentCount":0,"publisher":{"@id":"https:\/\/jornalfatosenoticias.com.br\/#organization"},"image":{"@id":"https:\/\/jornalfatosenoticias.com.br\/index.php\/2025\/07\/08\/revista-internacional-aponta-resultado-de-escolas-civico-militares\/#primaryimage"},"thumbnailUrl":"https:\/\/jornalfatosenoticias.com.br\/wp-content\/uploads\/2025\/07\/escolas-civico-militares.jpg","keywords":["col\u00e9gios c\u00edvico-militares","direitos da crian\u00e7a","educa\u00e7\u00e3o","ensino","ensino m\u00e9dio","escolas c\u00edvico-militares","Goi\u00e1s","Ideb","Pol\u00edcia Militar","seguran\u00e7a p\u00fablica"],"articleSection":["Educa\u00e7\u00e3o"],"inLanguage":"pt-BR","potentialAction":[{"@type":"CommentAction","name":"Comment","target":["https:\/\/jornalfatosenoticias.com.br\/index.php\/2025\/07\/08\/revista-internacional-aponta-resultado-de-escolas-civico-militares\/#respond"]}]},{"@type":"WebPage","@id":"https:\/\/jornalfatosenoticias.com.br\/index.php\/2025\/07\/08\/revista-internacional-aponta-resultado-de-escolas-civico-militares\/","url":"https:\/\/jornalfatosenoticias.com.br\/index.php\/2025\/07\/08\/revista-internacional-aponta-resultado-de-escolas-civico-militares\/","name":"Revista internacional aponta resultado de escolas c\u00edvico-militares - Jornal Fatos e Not\u00edcias","isPartOf":{"@id":"https:\/\/jornalfatosenoticias.com.br\/#website"},"primaryImageOfPage":{"@id":"https:\/\/jornalfatosenoticias.com.br\/index.php\/2025\/07\/08\/revista-internacional-aponta-resultado-de-escolas-civico-militares\/#primaryimage"},"image":{"@id":"https:\/\/jornalfatosenoticias.com.br\/index.php\/2025\/07\/08\/revista-internacional-aponta-resultado-de-escolas-civico-militares\/#primaryimage"},"thumbnailUrl":"https:\/\/jornalfatosenoticias.com.br\/wp-content\/uploads\/2025\/07\/escolas-civico-militares.jpg","datePublished":"2025-07-08T14:08:01+00:00","dateModified":"2025-07-08T14:08:02+00:00","breadcrumb":{"@id":"https:\/\/jornalfatosenoticias.com.br\/index.php\/2025\/07\/08\/revista-internacional-aponta-resultado-de-escolas-civico-militares\/#breadcrumb"},"inLanguage":"pt-BR","potentialAction":[{"@type":"ReadAction","target":["https:\/\/jornalfatosenoticias.com.br\/index.php\/2025\/07\/08\/revista-internacional-aponta-resultado-de-escolas-civico-militares\/"]}]},{"@type":"ImageObject","inLanguage":"pt-BR","@id":"https:\/\/jornalfatosenoticias.com.br\/index.php\/2025\/07\/08\/revista-internacional-aponta-resultado-de-escolas-civico-militares\/#primaryimage","url":"https:\/\/jornalfatosenoticias.com.br\/wp-content\/uploads\/2025\/07\/escolas-civico-militares.jpg","contentUrl":"https:\/\/jornalfatosenoticias.com.br\/wp-content\/uploads\/2025\/07\/escolas-civico-militares.jpg","width":960,"height":540},{"@type":"BreadcrumbList","@id":"https:\/\/jornalfatosenoticias.com.br\/index.php\/2025\/07\/08\/revista-internacional-aponta-resultado-de-escolas-civico-militares\/#breadcrumb","itemListElement":[{"@type":"ListItem","position":1,"name":"In\u00edcio","item":"https:\/\/jornalfatosenoticias.com.br\/"},{"@type":"ListItem","position":2,"name":"Revista internacional aponta resultado de escolas c\u00edvico-militares"}]},{"@type":"WebSite","@id":"https:\/\/jornalfatosenoticias.com.br\/#website","url":"https:\/\/jornalfatosenoticias.com.br\/","name":"Jornal Fatos e Not\u00edcias","description":"Not\u00edcias em geral","publisher":{"@id":"https:\/\/jornalfatosenoticias.com.br\/#organization"},"potentialAction":[{"@type":"SearchAction","target":{"@type":"EntryPoint","urlTemplate":"https:\/\/jornalfatosenoticias.com.br\/?s={search_term_string}"},"query-input":{"@type":"PropertyValueSpecification","valueRequired":true,"valueName":"search_term_string"}}],"inLanguage":"pt-BR"},{"@type":"Organization","@id":"https:\/\/jornalfatosenoticias.com.br\/#organization","name":"Jornal Fatos e Not\u00edcias","url":"https:\/\/jornalfatosenoticias.com.br\/","logo":{"@type":"ImageObject","inLanguage":"pt-BR","@id":"https:\/\/jornalfatosenoticias.com.br\/#\/schema\/logo\/image\/","url":"https:\/\/jornalfatosenoticias.com.br\/wp-content\/uploads\/2020\/02\/logo120.png","contentUrl":"https:\/\/jornalfatosenoticias.com.br\/wp-content\/uploads\/2020\/02\/logo120.png","width":1227,"height":120,"caption":"Jornal Fatos e Not\u00edcias"},"image":{"@id":"https:\/\/jornalfatosenoticias.com.br\/#\/schema\/logo\/image\/"}},{"@type":"Person","@id":"https:\/\/jornalfatosenoticias.com.br\/#\/schema\/person\/d63837fa13ac8666eb9e74e0985d6f81","name":"Luzimara Fernandes","image":{"@type":"ImageObject","inLanguage":"pt-BR","@id":"https:\/\/jornalfatosenoticias.com.br\/#\/schema\/person\/image\/","url":"https:\/\/jornalfatosenoticias.com.br\/wp-content\/uploads\/2025\/05\/EU_portal.jpg","contentUrl":"https:\/\/jornalfatosenoticias.com.br\/wp-content\/uploads\/2025\/05\/EU_portal.jpg","caption":"Luzimara Fernandes"},"description":"Jornalista MTB 2358-ES","sameAs":["https:\/\/jornalfatosenoticias.com.br"],"url":"https:\/\/jornalfatosenoticias.com.br\/index.php\/author\/luzimara\/"}]}},"cc_featured_image_caption":{"caption_text":"(Foto: Solimar de Oliveira\/Seduc-GO) ","source_text":"","source_url":""},"jetpack_featured_media_url":"https:\/\/jornalfatosenoticias.com.br\/wp-content\/uploads\/2025\/07\/escolas-civico-militares.jpg","_links":{"self":[{"href":"https:\/\/jornalfatosenoticias.com.br\/index.php\/wp-json\/wp\/v2\/posts\/60421","targetHints":{"allow":["GET"]}}],"collection":[{"href":"https:\/\/jornalfatosenoticias.com.br\/index.php\/wp-json\/wp\/v2\/posts"}],"about":[{"href":"https:\/\/jornalfatosenoticias.com.br\/index.php\/wp-json\/wp\/v2\/types\/post"}],"author":[{"embeddable":true,"href":"https:\/\/jornalfatosenoticias.com.br\/index.php\/wp-json\/wp\/v2\/users\/2"}],"replies":[{"embeddable":true,"href":"https:\/\/jornalfatosenoticias.com.br\/index.php\/wp-json\/wp\/v2\/comments?post=60421"}],"version-history":[{"count":0,"href":"https:\/\/jornalfatosenoticias.com.br\/index.php\/wp-json\/wp\/v2\/posts\/60421\/revisions"}],"wp:featuredmedia":[{"embeddable":true,"href":"https:\/\/jornalfatosenoticias.com.br\/index.php\/wp-json\/wp\/v2\/media\/60422"}],"wp:attachment":[{"href":"https:\/\/jornalfatosenoticias.com.br\/index.php\/wp-json\/wp\/v2\/media?parent=60421"}],"wp:term":[{"taxonomy":"category","embeddable":true,"href":"https:\/\/jornalfatosenoticias.com.br\/index.php\/wp-json\/wp\/v2\/categories?post=60421"},{"taxonomy":"post_tag","embeddable":true,"href":"https:\/\/jornalfatosenoticias.com.br\/index.php\/wp-json\/wp\/v2\/tags?post=60421"}],"curies":[{"name":"wp","href":"https:\/\/api.w.org\/{rel}","templated":true}]}}