{"id":60431,"date":"2025-07-10T17:03:23","date_gmt":"2025-07-10T20:03:23","guid":{"rendered":"https:\/\/jornalfatosenoticias.com.br\/?p=60431"},"modified":"2025-07-10T17:03:24","modified_gmt":"2025-07-10T20:03:24","slug":"a-semana-no-brasil-e-no-mundo-apos-tarifaco-de-50-de-trump-congresso-ja-ve-caminho-para-impeachment-de-lula","status":"publish","type":"post","link":"https:\/\/jornalfatosenoticias.com.br\/index.php\/2025\/07\/10\/a-semana-no-brasil-e-no-mundo-apos-tarifaco-de-50-de-trump-congresso-ja-ve-caminho-para-impeachment-de-lula\/","title":{"rendered":"A semana no Brasil e no Mundo \u2014 Ap\u00f3s tarifa\u00e7o de 50% de Trump, Congresso j\u00e1 v\u00ea caminho para impeachment de Lula"},"content":{"rendered":"\n<div class=\"wp-block-image\"><figure class=\"aligncenter size-large\"><a href=\"https:\/\/mizu.com.br\/\"><img loading=\"lazy\" decoding=\"async\" width=\"729\" height=\"90\" src=\"https:\/\/jornalfatosenoticias.com.br\/wp-content\/uploads\/2020\/02\/Logo_Mizu.png\" alt=\"\" class=\"wp-image-1441\" srcset=\"https:\/\/jornalfatosenoticias.com.br\/wp-content\/uploads\/2020\/02\/Logo_Mizu.png 729w, https:\/\/jornalfatosenoticias.com.br\/wp-content\/uploads\/2020\/02\/Logo_Mizu-300x37.png 300w\" sizes=\"auto, (max-width: 729px) 100vw, 729px\" \/><\/a><\/figure><\/div>\n\n\n\n<p>A decis\u00e3o do presidente dos Estados Unidos, Donald Trump, de aplicar uma tarifa de 50% sobre produtos brasileiros a partir de 1\u00ba de agosto gerou forte repercuss\u00e3o no cen\u00e1rio pol\u00edtico e econ\u00f4mico brasileiro. A medida, anunciada oficialmente nesta quarta-feira (9), foi acompanhada por cr\u00edticas diretas ao governo de Luiz In\u00e1cio Lula da Silva, o que ampliou tens\u00f5es diplom\u00e1ticas e provocou rea\u00e7\u00f5es imediatas no Congresso Nacional.<br>Em carta enviada ao Pal\u00e1cio do Planalto, Trump mencionou \u201cataques \u00e0 liberdade de express\u00e3o\u201d no Brasil e citou nominalmente o ex-presidente Jair Bolsonaro como v\u00edtima de persegui\u00e7\u00e3o pol\u00edtica, o que foi interpretado por parlamentares como um gesto simb\u00f3lico de apoio \u00e0 oposi\u00e7\u00e3o brasileira. Com a entrada em vigor das novas tarifas, setores estrat\u00e9gicos da economia brasileira devem ser diretamente afetados, incluindo agropecu\u00e1ria (carne, suco e soja), que responde por boa parte das exporta\u00e7\u00f5es aos EUA; siderurgia e metalurgia, que j\u00e1 operam com margens apertadas, e petr\u00f3leo e derivados, em especial plataformas com contratos em d\u00f3lar.<\/p>\n\n\n\n<div class=\"wp-block-image\"><figure class=\"aligncenter size-large is-resized\"><a href=\"https:\/\/www.facebook.com\/profile.php?id=100069289606145\"><img loading=\"lazy\" decoding=\"async\" src=\"https:\/\/jornalfatosenoticias.com.br\/wp-content\/uploads\/2024\/11\/Guaitolini-Contabilidade-1024x714.jpeg\" alt=\"\" class=\"wp-image-55808\" width=\"329\" height=\"229\" srcset=\"https:\/\/jornalfatosenoticias.com.br\/wp-content\/uploads\/2024\/11\/Guaitolini-Contabilidade-1024x714.jpeg 1024w, https:\/\/jornalfatosenoticias.com.br\/wp-content\/uploads\/2024\/11\/Guaitolini-Contabilidade-300x209.jpeg 300w, https:\/\/jornalfatosenoticias.com.br\/wp-content\/uploads\/2024\/11\/Guaitolini-Contabilidade-768x535.jpeg 768w, https:\/\/jornalfatosenoticias.com.br\/wp-content\/uploads\/2024\/11\/Guaitolini-Contabilidade.jpeg 1280w\" sizes=\"auto, (max-width: 329px) 100vw, 329px\" \/><\/a><\/figure><\/div>\n\n\n\n<p>Analistas do setor avaliam que o impacto pode representar uma perda de at\u00e9 US$ 8 bilh\u00f5es por ano nas exporta\u00e7\u00f5es brasileiras para o mercado norte-americano. Al\u00e9m disso, h\u00e1 risco de efeito inflacion\u00e1rio sobre produtos internos e redu\u00e7\u00e3o no ritmo de crescimento do PIB ainda em 2025.<\/p>\n\n\n\n<div class=\"wp-block-image\"><figure class=\"aligncenter size-large\"><a href=\"http:\/\/www.ferrarimaquinas.com.br\/\"><img loading=\"lazy\" decoding=\"async\" width=\"300\" height=\"250\" src=\"https:\/\/jornalfatosenoticias.com.br\/wp-content\/uploads\/2022\/02\/FERRARI_MAQUINAS-E-FERRAMENTAS2.jpg\" alt=\"\" class=\"wp-image-27860\"\/><\/a><\/figure><\/div>\n\n\n\n<p>Em Bras\u00edlia, o an\u00fancio de Trump foi recebido com preocupa\u00e7\u00e3o e acelerou articula\u00e7\u00f5es dentro do Congresso. Parlamentares da oposi\u00e7\u00e3o, principalmente do PL, Republicanos e Novo, passaram a defender a abertura de um processo de impeachment contra Lula, sob a justificativa de omiss\u00e3o na condu\u00e7\u00e3o da pol\u00edtica externa e preju\u00edzo direto \u00e0 economia nacional.<\/p>\n\n\n\n<div class=\"wp-block-image\"><figure class=\"aligncenter size-large is-resized\"><a href=\"https:\/\/www.instagram.com\/serra4x4cambioautomatico\/\"><img loading=\"lazy\" decoding=\"async\" src=\"https:\/\/jornalfatosenoticias.com.br\/wp-content\/uploads\/2024\/08\/Serra-4x4-1-886x1024.jpg\" alt=\"\" class=\"wp-image-53632\" width=\"313\" height=\"362\" srcset=\"https:\/\/jornalfatosenoticias.com.br\/wp-content\/uploads\/2024\/08\/Serra-4x4-1-886x1024.jpg 886w, https:\/\/jornalfatosenoticias.com.br\/wp-content\/uploads\/2024\/08\/Serra-4x4-1-260x300.jpg 260w, https:\/\/jornalfatosenoticias.com.br\/wp-content\/uploads\/2024\/08\/Serra-4x4-1-768x888.jpg 768w, https:\/\/jornalfatosenoticias.com.br\/wp-content\/uploads\/2024\/08\/Serra-4x4-1.jpg 1181w\" sizes=\"auto, (max-width: 313px) 100vw, 313px\" \/><\/a><\/figure><\/div>\n\n\n\n<p>L\u00edderes do Centr\u00e3o, embora cautelosos, admitiram nos bastidores que o governo \u201cprecisa apresentar uma resposta efetiva\u201d para conter o desgaste. O presidente da C\u00e2mara, Hugo Motta (Republicanos-PB), ainda n\u00e3o se pronunciou oficialmente, mas aliados afirmam que o tema j\u00e1 est\u00e1 em an\u00e1lise na Casa. A postura do Itamaraty nos \u00faltimos meses, marcada por aproxima\u00e7\u00e3o com pa\u00edses do Brics e cr\u00edticas indiretas ao governo norte-americano, \u00e9 apontada por analistas como um dos motivos do endurecimento de Trump. A aus\u00eancia de uma estrat\u00e9gia clara de negocia\u00e7\u00e3o com os EUA e a falta de rea\u00e7\u00e3o preventiva ao an\u00fancio das tarifas contribu\u00edram para o agravamento da situa\u00e7\u00e3o.<\/p>\n\n\n\n<div class=\"wp-block-image\"><figure class=\"aligncenter size-large is-resized\"><a href=\"https:\/\/www.legisjuris.com.br\/\"><img loading=\"lazy\" decoding=\"async\" src=\"https:\/\/jornalfatosenoticias.com.br\/wp-content\/uploads\/2024\/09\/Legis-Juris-Consultoria_logo.jpg\" alt=\"\" class=\"wp-image-53915\" width=\"506\" height=\"212\" srcset=\"https:\/\/jornalfatosenoticias.com.br\/wp-content\/uploads\/2024\/09\/Legis-Juris-Consultoria_logo.jpg 969w, https:\/\/jornalfatosenoticias.com.br\/wp-content\/uploads\/2024\/09\/Legis-Juris-Consultoria_logo-300x126.jpg 300w, https:\/\/jornalfatosenoticias.com.br\/wp-content\/uploads\/2024\/09\/Legis-Juris-Consultoria_logo-768x322.jpg 768w\" sizes=\"auto, (max-width: 506px) 100vw, 506px\" \/><\/a><\/figure><\/div>\n\n\n\n<p>Especialistas em rela\u00e7\u00f5es internacionais veem na medida um sinal pol\u00edtico e econ\u00f4mico de retalia\u00e7\u00e3o, que pode ter desdobramentos mais amplos, especialmente se aliados tradicionais do Brasil seguirem o mesmo caminho. O governo Lula tenta, agora, evitar o avan\u00e7o da crise. Integrantes do Minist\u00e9rio das Rela\u00e7\u00f5es Exteriores e da \u00e1rea econ\u00f4mica devem iniciar conversas emergenciais com representantes dos EUA para tentar reverter a decis\u00e3o. Ao mesmo tempo, lideran\u00e7as pol\u00edticas cobram uma posi\u00e7\u00e3o firme e estrat\u00e9gica do Planalto.<\/p>\n\n\n\n<div class=\"wp-block-image\"><figure class=\"aligncenter size-large is-resized\"><a href=\"https:\/\/hotelmarquetti.com.br\/\"><img loading=\"lazy\" decoding=\"async\" src=\"https:\/\/jornalfatosenoticias.com.br\/wp-content\/uploads\/2020\/02\/LOGO-MQ-1024x680.jpg\" alt=\"\" class=\"wp-image-58299\" width=\"367\" height=\"244\" srcset=\"https:\/\/jornalfatosenoticias.com.br\/wp-content\/uploads\/2020\/02\/LOGO-MQ-1024x680.jpg 1024w, https:\/\/jornalfatosenoticias.com.br\/wp-content\/uploads\/2020\/02\/LOGO-MQ-300x199.jpg 300w, https:\/\/jornalfatosenoticias.com.br\/wp-content\/uploads\/2020\/02\/LOGO-MQ-768x510.jpg 768w, https:\/\/jornalfatosenoticias.com.br\/wp-content\/uploads\/2020\/02\/LOGO-MQ-1536x1020.jpg 1536w, https:\/\/jornalfatosenoticias.com.br\/wp-content\/uploads\/2020\/02\/LOGO-MQ-2048x1360.jpg 2048w\" sizes=\"auto, (max-width: 367px) 100vw, 367px\" \/><\/a><\/figure><\/div>\n\n\n\n<p>O cen\u00e1rio, no entanto, \u00e9 delicado. Com forte impacto econ\u00f4mico, repercuss\u00e3o internacional negativa e instabilidade interna crescente, a nova crise representa um dos momentos mais cr\u00edticos do atual governo \u2014 e reacende, com for\u00e7a, o debate sobre a viabilidade pol\u00edtica de Lula diante de um Congresso cada vez mais hostil. <strong>(Fonte: Hora Bras\u00edlia)<\/strong><\/p>\n\n\n\n<div class=\"wp-block-image\"><figure class=\"aligncenter size-large is-resized\"><a href=\"https:\/\/www.facebook.com\/postobkr\/?locale=pt_BR\"><img loading=\"lazy\" decoding=\"async\" src=\"https:\/\/jornalfatosenoticias.com.br\/wp-content\/uploads\/2023\/08\/BKR-1024x1021.jpg\" alt=\"\" class=\"wp-image-44494\" width=\"314\" height=\"313\" srcset=\"https:\/\/jornalfatosenoticias.com.br\/wp-content\/uploads\/2023\/08\/BKR-1024x1021.jpg 1024w, https:\/\/jornalfatosenoticias.com.br\/wp-content\/uploads\/2023\/08\/BKR-300x300.jpg 300w, https:\/\/jornalfatosenoticias.com.br\/wp-content\/uploads\/2023\/08\/BKR-150x150.jpg 150w, https:\/\/jornalfatosenoticias.com.br\/wp-content\/uploads\/2023\/08\/BKR-768x766.jpg 768w, https:\/\/jornalfatosenoticias.com.br\/wp-content\/uploads\/2023\/08\/BKR.jpg 1080w\" sizes=\"auto, (max-width: 314px) 100vw, 314px\" \/><\/a><\/figure><\/div>\n\n\n\n<hr class=\"wp-block-separator\"\/>\n\n\n\n<h3 class=\"wp-block-heading\"><span class=\"has-inline-color has-black-color\">Relat\u00f3rios com san\u00e7\u00f5es contra Alexandre de Moraes chegam \u00e0 Casa Branca; Trump avalia ofensiva jur\u00eddica<br><\/span><\/h3>\n\n\n\n<div class=\"wp-block-image\"><figure class=\"aligncenter size-large\"><img loading=\"lazy\" decoding=\"async\" width=\"612\" height=\"408\" src=\"https:\/\/jornalfatosenoticias.com.br\/wp-content\/uploads\/2025\/07\/Trump-Moraes_gettyimages.jpg\" alt=\"\" class=\"wp-image-60436\" srcset=\"https:\/\/jornalfatosenoticias.com.br\/wp-content\/uploads\/2025\/07\/Trump-Moraes_gettyimages.jpg 612w, https:\/\/jornalfatosenoticias.com.br\/wp-content\/uploads\/2025\/07\/Trump-Moraes_gettyimages-300x200.jpg 300w\" sizes=\"auto, (max-width: 612px) 100vw, 612px\" \/><figcaption><em><span class=\"has-inline-color has-black-color\">(Foto: Getty Images)<\/span><\/em><\/figcaption><\/figure><\/div>\n\n\n\n<p>Ap\u00f3s circular por diversos gabinetes em Washington, os relat\u00f3rios que prop\u00f5em san\u00e7\u00f5es ao ministro Alexandre de Moraes (STF) chegaram \u00e0 mesa do presidente dos Estados Unidos, Donald Trump. A movimenta\u00e7\u00e3o intensifica a press\u00e3o diplom\u00e1tica e jur\u00eddica sobre o magistrado brasileiro, alvo de cr\u00edticas do entorno de Trump e da ala mais conservadora da pol\u00edtica norte-americana.<\/p>\n\n\n\n<div class=\"wp-block-image\"><figure class=\"aligncenter size-large is-resized\"><a href=\"https:\/\/www.instagram.com\/restaurantepegoretti\/\"><img loading=\"lazy\" decoding=\"async\" src=\"https:\/\/jornalfatosenoticias.com.br\/wp-content\/uploads\/2023\/12\/pegoretti-logo-pdf-1024x389.jpg\" alt=\"\" class=\"wp-image-47536\" width=\"485\" height=\"184\" srcset=\"https:\/\/jornalfatosenoticias.com.br\/wp-content\/uploads\/2023\/12\/pegoretti-logo-pdf-1024x389.jpg 1024w, https:\/\/jornalfatosenoticias.com.br\/wp-content\/uploads\/2023\/12\/pegoretti-logo-pdf-300x114.jpg 300w, https:\/\/jornalfatosenoticias.com.br\/wp-content\/uploads\/2023\/12\/pegoretti-logo-pdf-768x291.jpg 768w, https:\/\/jornalfatosenoticias.com.br\/wp-content\/uploads\/2023\/12\/pegoretti-logo-pdf.jpg 1120w\" sizes=\"auto, (max-width: 485px) 100vw, 485px\" \/><\/a><\/figure><\/div>\n\n\n\n<p>Na semana passada, Trump se reuniu com assessores pr\u00f3ximos na Casa Branca para avaliar a dimens\u00e3o da resposta que seu governo poder\u00e1 adotar contra Moraes, envolvido em decis\u00f5es judiciais no Brasil que afetaram plataformas digitais e figuras ligadas \u00e0 direita, incluindo o ex-presidente Jair Bolsonaro. Duas medidas est\u00e3o sendo consideradas: a aplica\u00e7\u00e3o da Lei Magnitsky, voltada a indiv\u00edduos acusados de corrup\u00e7\u00e3o ou viola\u00e7\u00f5es de direitos humanos, e a International Emergency Economic Powers Act (IEEPA), que prev\u00ea san\u00e7\u00f5es a entidades ou pessoas estrangeiras que, segundo os EUA, representem amea\u00e7a \u00e0 economia norte-americana.<\/p>\n\n\n\n<div class=\"wp-block-image\"><figure class=\"aligncenter size-large is-resized\"><a href=\"https:\/\/www.instagram.com\/rcradiadores\/\"><img loading=\"lazy\" decoding=\"async\" src=\"https:\/\/jornalfatosenoticias.com.br\/wp-content\/uploads\/2022\/10\/RC_800x750_page-0001.jpg\" alt=\"\" class=\"wp-image-35338\" width=\"317\" height=\"297\" srcset=\"https:\/\/jornalfatosenoticias.com.br\/wp-content\/uploads\/2022\/10\/RC_800x750_page-0001.jpg 400w, https:\/\/jornalfatosenoticias.com.br\/wp-content\/uploads\/2022\/10\/RC_800x750_page-0001-300x281.jpg 300w\" sizes=\"auto, (max-width: 317px) 100vw, 317px\" \/><\/a><\/figure><\/div>\n\n\n\n<p>Segundo assessores de Trump, embora a Lei Magnitsky possua maior peso simb\u00f3lico e pol\u00edtico, as san\u00e7\u00f5es via IEEPA poderiam ser aplicadas de forma mais r\u00e1pida e pragm\u00e1tica, dada sua menor complexidade burocr\u00e1tica. Em ambos os casos, as puni\u00e7\u00f5es s\u00e3o operacionalizadas pelo Escrit\u00f3rio de Controle de Ativos Estrangeiros (Ofac), \u00f3rg\u00e3o do Departamento do Tesouro dos EUA respons\u00e1vel por monitorar e executar san\u00e7\u00f5es econ\u00f4micas. <strong>(Fonte: Hora Bras\u00edlia)<\/strong><\/p>\n\n\n\n<div class=\"wp-block-image\"><figure class=\"aligncenter size-large is-resized\"><a href=\"https:\/\/www.facebook.com\/vetor.vix\/\"><img loading=\"lazy\" decoding=\"async\" src=\"https:\/\/jornalfatosenoticias.com.br\/wp-content\/uploads\/2023\/09\/vetorvix1024_1.jpg\" alt=\"\" class=\"wp-image-44868\" width=\"543\" height=\"144\" srcset=\"https:\/\/jornalfatosenoticias.com.br\/wp-content\/uploads\/2023\/09\/vetorvix1024_1.jpg 1024w, https:\/\/jornalfatosenoticias.com.br\/wp-content\/uploads\/2023\/09\/vetorvix1024_1-300x80.jpg 300w, https:\/\/jornalfatosenoticias.com.br\/wp-content\/uploads\/2023\/09\/vetorvix1024_1-768x205.jpg 768w\" sizes=\"auto, (max-width: 543px) 100vw, 543px\" \/><\/a><\/figure><\/div>\n\n\n\n<hr class=\"wp-block-separator\"\/>\n\n\n\n<h3 class=\"wp-block-heading\"><span class=\"has-inline-color has-black-color\">PL aciona Conselho de \u00c9tica contra Lindbergh Farias por \u201cabuso de autoridade\u201d<br><\/span><\/h3>\n\n\n\n<div class=\"wp-block-image\"><figure class=\"aligncenter size-large\"><img loading=\"lazy\" decoding=\"async\" width=\"612\" height=\"408\" src=\"https:\/\/jornalfatosenoticias.com.br\/wp-content\/uploads\/2025\/07\/lindbergh-farias_gettyimages.jpg\" alt=\"\" class=\"wp-image-60435\" srcset=\"https:\/\/jornalfatosenoticias.com.br\/wp-content\/uploads\/2025\/07\/lindbergh-farias_gettyimages.jpg 612w, https:\/\/jornalfatosenoticias.com.br\/wp-content\/uploads\/2025\/07\/lindbergh-farias_gettyimages-300x200.jpg 300w\" sizes=\"auto, (max-width: 612px) 100vw, 612px\" \/><figcaption><em><span class=\"has-inline-color has-black-color\">(Foto: Getty Images)<\/span><\/em><\/figcaption><\/figure><\/div>\n\n\n\n<p>O Partido Liberal (PL) protocolou uma representa\u00e7\u00e3o no Conselho de \u00c9tica da C\u00e2mara dos Deputados contra o l\u00edder do PT na Casa, Lindbergh Farias. A legenda acusa o parlamentar petista de abuso de autoridade e comunica\u00e7\u00e3o falsa de crime, ap\u00f3s ele solicitar \u00e0 Pol\u00edcia Federal investiga\u00e7\u00e3o contra deputados da oposi\u00e7\u00e3o. Segundo o documento, Lindbergh teria utilizado sua posi\u00e7\u00e3o institucional para atacar parlamentares do PL \u201cde forma pessoal, difamat\u00f3ria e desrespeitosa\u201d, ultrapassando os limites do debate pol\u00edtico e configurando tentativa de persegui\u00e7\u00e3o e silenciamento de advers\u00e1rios ideol\u00f3gicos.<\/p>\n\n\n\n<div class=\"wp-block-image\"><figure class=\"aligncenter size-large is-resized\"><a href=\"https:\/\/www.controlsystems.com.br\/\"><img loading=\"lazy\" decoding=\"async\" src=\"https:\/\/jornalfatosenoticias.com.br\/wp-content\/uploads\/2020\/02\/CONTROL-CS.jpg\" alt=\"\" class=\"wp-image-44991\" width=\"294\" height=\"352\" srcset=\"https:\/\/jornalfatosenoticias.com.br\/wp-content\/uploads\/2020\/02\/CONTROL-CS.jpg 834w, https:\/\/jornalfatosenoticias.com.br\/wp-content\/uploads\/2020\/02\/CONTROL-CS-250x300.jpg 250w, https:\/\/jornalfatosenoticias.com.br\/wp-content\/uploads\/2020\/02\/CONTROL-CS-768x921.jpg 768w\" sizes=\"auto, (max-width: 294px) 100vw, 294px\" \/><\/a><\/figure><\/div>\n\n\n\n<p>A rea\u00e7\u00e3o do PL foi motivada por uma not\u00edcia-crime apresentada por Lindbergh \u00e0 Pol\u00edcia Federal, na qual ele pede apura\u00e7\u00e3o sobre um grupo de congressistas que participou de uma miss\u00e3o oficial nos Estados Unidos, acusando-os de articular contra ministros do Supremo Tribunal Federal (STF). A comitiva inclu\u00eda os deputados Paulo Bilynskyj (PL-SP), Dr. Frederico (PRD-MG), Rodrigo Valadares (Uni\u00e3o-SE), Adriana Ventura (Novo-SP), Marcel van Hattem (Novo-RS), Ricardo Salles (PL-SP), Caroline De Toni (PL-SC) e o senador Jorge Seif (PL-SC).<\/p>\n\n\n\n<div class=\"wp-block-image\"><figure class=\"aligncenter size-large is-resized\"><a href=\"https:\/\/panper.com.br\/\"><img loading=\"lazy\" decoding=\"async\" src=\"https:\/\/jornalfatosenoticias.com.br\/wp-content\/uploads\/2023\/03\/logo-Panper_portal.jpg\" alt=\"\" class=\"wp-image-40208\" width=\"332\" height=\"230\" srcset=\"https:\/\/jornalfatosenoticias.com.br\/wp-content\/uploads\/2023\/03\/logo-Panper_portal.jpg 400w, https:\/\/jornalfatosenoticias.com.br\/wp-content\/uploads\/2023\/03\/logo-Panper_portal-300x208.jpg 300w\" sizes=\"auto, (max-width: 332px) 100vw, 332px\" \/><\/a><\/figure><\/div>\n\n\n\n<p>O PL sustenta que a den\u00fancia apresentada pelo petista n\u00e3o \u00e9 acompanhada de provas que justifiquem a investiga\u00e7\u00e3o, caracterizando, segundo o partido, o crime de \u201ccomunica\u00e7\u00e3o falsa de crime\u201d, previsto no artigo 340 do C\u00f3digo Penal. A legenda tamb\u00e9m alega que houve abuso de autoridade por parte de Lindbergh, com base no artigo 27 da Lei n.\u00ba 13.869\/2019. Na representa\u00e7\u00e3o, o PL solicita que o Conselho de \u00c9tica adote provid\u00eancias cab\u00edveis e avalie a conduta do parlamentar. <strong>(Fonte: Hora Bras\u00edlia)<\/strong><\/p>\n\n\n\n<div class=\"wp-block-image\"><figure class=\"aligncenter size-large\"><a href=\"https:\/\/www.cesconetto.com.br\/\"><img loading=\"lazy\" decoding=\"async\" width=\"300\" height=\"250\" src=\"https:\/\/jornalfatosenoticias.com.br\/wp-content\/uploads\/2022\/02\/Banner-2.png\" alt=\"\" class=\"wp-image-27877\"\/><\/a><\/figure><\/div>\n\n\n\n<hr class=\"wp-block-separator\"\/>\n\n\n\n<h3 class=\"wp-block-heading\"><span class=\"has-inline-color has-black-color\">Argentina, Uruguai, Chile e Paraguai lideram ranking de pa\u00edses mais seguros da Am\u00e9rica do Sul<\/span><\/h3>\n\n\n\n<div class=\"wp-block-image\"><figure class=\"aligncenter size-large\"><img loading=\"lazy\" decoding=\"async\" width=\"1000\" height=\"666\" src=\"https:\/\/jornalfatosenoticias.com.br\/wp-content\/uploads\/2025\/07\/Argentina-Uruguai-Chile-e-Paraguai-seguranca_RCP_Medea.jpg\" alt=\"\" class=\"wp-image-60434\" srcset=\"https:\/\/jornalfatosenoticias.com.br\/wp-content\/uploads\/2025\/07\/Argentina-Uruguai-Chile-e-Paraguai-seguranca_RCP_Medea.jpg 1000w, https:\/\/jornalfatosenoticias.com.br\/wp-content\/uploads\/2025\/07\/Argentina-Uruguai-Chile-e-Paraguai-seguranca_RCP_Medea-300x200.jpg 300w, https:\/\/jornalfatosenoticias.com.br\/wp-content\/uploads\/2025\/07\/Argentina-Uruguai-Chile-e-Paraguai-seguranca_RCP_Medea-768x511.jpg 768w\" sizes=\"auto, (max-width: 1000px) 100vw, 1000px\" \/><figcaption><em><span class=\"has-inline-color has-black-color\">(Foto: RCP\/Medea)<\/span><\/em><\/figcaption><\/figure><\/div>\n\n\n\n<p><span class=\"has-inline-color has-black-color\">Por <strong>Raul Holderf Nascimento<\/strong><br><\/span>Argentina, Uruguai, Chile e Paraguai foram classificados como os pa\u00edses mais pac\u00edficos e seguros da Am\u00e9rica do Sul, de acordo com a edi\u00e7\u00e3o de 2025 do \u00cdndice Global da Paz (Global Peace Index\u2013GPI), elaborado pelo Instituto para Economia e Paz (IEP). O relat\u00f3rio analisou 163 na\u00e7\u00f5es com base em 23 indicadores, incluindo taxa de homic\u00eddios, conflitos internos e externos, militariza\u00e7\u00e3o e percep\u00e7\u00e3o da criminalidade.<\/p>\n\n\n\n<div class=\"wp-block-image\"><figure class=\"aligncenter size-large is-resized\"><a href=\"https:\/\/www.instagram.com\/gruposei\/\"><img loading=\"lazy\" decoding=\"async\" src=\"https:\/\/jornalfatosenoticias.com.br\/wp-content\/uploads\/2022\/07\/Logo-Grupo-SEI.jpg\" alt=\"\" class=\"wp-image-31973\" width=\"356\" height=\"187\" srcset=\"https:\/\/jornalfatosenoticias.com.br\/wp-content\/uploads\/2022\/07\/Logo-Grupo-SEI.jpg 713w, https:\/\/jornalfatosenoticias.com.br\/wp-content\/uploads\/2022\/07\/Logo-Grupo-SEI-300x158.jpg 300w\" sizes=\"auto, (max-width: 356px) 100vw, 356px\" \/><\/a><\/figure><\/div>\n\n\n\n<p>A Argentina lidera o ranking sul-americano e figura na 46.\u00aa posi\u00e7\u00e3o global, com destaque para a queda nas taxas de homic\u00eddio, redu\u00e7\u00e3o de protestos violentos e percep\u00e7\u00e3o de maior seguran\u00e7a entre os cidad\u00e3os. O estudo tamb\u00e9m menciona que, apesar das medidas econ\u00f4micas implementadas pelo governo de Javier Milei, o pa\u00eds manteve estabilidade pol\u00edtica e n\u00e3o registrou agita\u00e7\u00e3o social relevante.<\/p>\n\n\n\n<div class=\"wp-block-image\"><figure class=\"aligncenter size-large is-resized\"><a href=\"https:\/\/www.ithbrasil.com.br\/\"><img loading=\"lazy\" decoding=\"async\" src=\"https:\/\/jornalfatosenoticias.com.br\/wp-content\/uploads\/2023\/08\/ITH.jpeg\" alt=\"\" class=\"wp-image-44638\" width=\"307\" height=\"249\" srcset=\"https:\/\/jornalfatosenoticias.com.br\/wp-content\/uploads\/2023\/08\/ITH.jpeg 800w, https:\/\/jornalfatosenoticias.com.br\/wp-content\/uploads\/2023\/08\/ITH-300x244.jpeg 300w, https:\/\/jornalfatosenoticias.com.br\/wp-content\/uploads\/2023\/08\/ITH-768x624.jpeg 768w\" sizes=\"auto, (max-width: 307px) 100vw, 307px\" \/><\/a><\/figure><\/div>\n\n\n\n<p>Na sequ\u00eancia aparecem Uruguai (48.\u00ba no mundo), Chile (62.\u00ba) e Paraguai (75.\u00ba), todos considerados exemplos de relativa estabilidade institucional, baixos \u00edndices de viol\u00eancia armada e envolvimento nulo em conflitos externos. No extremo oposto do ranking sul-americano est\u00e3o a Col\u00f4mbia (140.\u00ba) e a Venezuela (139.\u00ba), marcadas por altas taxas de viol\u00eancia, deslocamentos for\u00e7ados e agravamento dos conflitos internos. O Brasil aparece na 130.\u00aa posi\u00e7\u00e3o, atr\u00e1s da maioria dos pa\u00edses vizinhos.<strong> (Fonte: Conex\u00e3o Pol\u00edtica)<\/strong><\/p>\n\n\n\n<div class=\"wp-block-image\"><figure class=\"aligncenter size-large is-resized\"><a href=\"https:\/\/www.instagram.com\/esteio.churrascaria\/\"><img loading=\"lazy\" decoding=\"async\" src=\"https:\/\/jornalfatosenoticias.com.br\/wp-content\/uploads\/2022\/02\/LOGO-ESTEIO-1024x730.png\" alt=\"\" class=\"wp-image-27942\" width=\"375\" height=\"267\" srcset=\"https:\/\/jornalfatosenoticias.com.br\/wp-content\/uploads\/2022\/02\/LOGO-ESTEIO-1024x730.png 1024w, https:\/\/jornalfatosenoticias.com.br\/wp-content\/uploads\/2022\/02\/LOGO-ESTEIO-300x214.png 300w, https:\/\/jornalfatosenoticias.com.br\/wp-content\/uploads\/2022\/02\/LOGO-ESTEIO-768x548.png 768w, https:\/\/jornalfatosenoticias.com.br\/wp-content\/uploads\/2022\/02\/LOGO-ESTEIO.png 1123w\" sizes=\"auto, (max-width: 375px) 100vw, 375px\" \/><\/a><\/figure><\/div>\n\n\n\n<hr class=\"wp-block-separator\"\/>\n\n\n\n<h3 class=\"wp-block-heading\"><span class=\"has-inline-color has-black-color\">Estatais federais acumulam d\u00e9ficit de R$ 3,48 bilh\u00f5es at\u00e9 maio, o pior resultado para o per\u00edodo desde 2002<\/span><\/h3>\n\n\n\n<div class=\"wp-block-image\"><figure class=\"aligncenter size-large is-resized\"><img loading=\"lazy\" decoding=\"async\" src=\"https:\/\/jornalfatosenoticias.com.br\/wp-content\/uploads\/2025\/07\/ROMBO-ESTATAIS_gettyimages.jpg\" alt=\"\" class=\"wp-image-60433\" width=\"580\" height=\"386\" srcset=\"https:\/\/jornalfatosenoticias.com.br\/wp-content\/uploads\/2025\/07\/ROMBO-ESTATAIS_gettyimages.jpg 612w, https:\/\/jornalfatosenoticias.com.br\/wp-content\/uploads\/2025\/07\/ROMBO-ESTATAIS_gettyimages-300x200.jpg 300w\" sizes=\"auto, (max-width: 580px) 100vw, 580px\" \/><figcaption><em><span class=\"has-inline-color has-black-color\">(Foto: Getty Images)<\/span><\/em><\/figcaption><\/figure><\/div>\n\n\n\n<p>As estatais federais registraram um d\u00e9ficit de R$ 3,48 bilh\u00f5es no acumulado de janeiro a maio de 2025, de acordo com dados divulgados, no dia 30 de junho, pelo Banco Central. O valor representa o pior resultado nominal para o per\u00edodo desde o in\u00edcio da s\u00e9rie hist\u00f3rica, em 2002, e marca o terceiro ano consecutivo de resultado negativo.<\/p>\n\n\n\n<div class=\"wp-block-image\"><figure class=\"aligncenter size-large is-resized\"><a href=\"https:\/\/www.instagram.com\/serra4x4cambioautomatico\/\"><img loading=\"lazy\" decoding=\"async\" src=\"https:\/\/jornalfatosenoticias.com.br\/wp-content\/uploads\/2024\/08\/Serra-4x4-1-886x1024.jpg\" alt=\"\" class=\"wp-image-53632\" width=\"286\" height=\"331\" srcset=\"https:\/\/jornalfatosenoticias.com.br\/wp-content\/uploads\/2024\/08\/Serra-4x4-1-886x1024.jpg 886w, https:\/\/jornalfatosenoticias.com.br\/wp-content\/uploads\/2024\/08\/Serra-4x4-1-260x300.jpg 260w, https:\/\/jornalfatosenoticias.com.br\/wp-content\/uploads\/2024\/08\/Serra-4x4-1-768x888.jpg 768w, https:\/\/jornalfatosenoticias.com.br\/wp-content\/uploads\/2024\/08\/Serra-4x4-1.jpg 1181w\" sizes=\"auto, (max-width: 286px) 100vw, 286px\" \/><\/a><\/figure><\/div>\n\n\n\n<p>O n\u00famero tamb\u00e9m \u00e9 1,6% maior do que o registrado no mesmo per\u00edodo de 2024. A \u00faltima vez que o setor fechou o acumulado at\u00e9 maio com super\u00e1vit foi em 2022, quando o saldo positivo chegou a R$ 5,1 bilh\u00f5es. Os dados integram o relat\u00f3rio Estat\u00edsticas Fiscais e levam em conta a diferen\u00e7a entre receitas e despesas prim\u00e1rias das empresas controladas pela Uni\u00e3o, sem considerar o pagamento de juros. Estatais como Petrobras, Banco do Brasil, Caixa Econ\u00f4mica Federal e BNDES ficam de fora do c\u00e1lculo.<\/p>\n\n\n\n<div class=\"wp-block-image\"><figure class=\"aligncenter size-large is-resized\"><a href=\"https:\/\/www.facebook.com\/profile.php?id=100069289606145\"><img loading=\"lazy\" decoding=\"async\" src=\"https:\/\/jornalfatosenoticias.com.br\/wp-content\/uploads\/2024\/11\/Guaitolini-Contabilidade-1024x714.jpeg\" alt=\"\" class=\"wp-image-55808\" width=\"318\" height=\"222\" srcset=\"https:\/\/jornalfatosenoticias.com.br\/wp-content\/uploads\/2024\/11\/Guaitolini-Contabilidade-1024x714.jpeg 1024w, https:\/\/jornalfatosenoticias.com.br\/wp-content\/uploads\/2024\/11\/Guaitolini-Contabilidade-300x209.jpeg 300w, https:\/\/jornalfatosenoticias.com.br\/wp-content\/uploads\/2024\/11\/Guaitolini-Contabilidade-768x535.jpeg 768w, https:\/\/jornalfatosenoticias.com.br\/wp-content\/uploads\/2024\/11\/Guaitolini-Contabilidade.jpeg 1280w\" sizes=\"auto, (max-width: 318px) 100vw, 318px\" \/><\/a><\/figure><\/div>\n\n\n\n<p>O desempenho das estatais \u00e9 frequentemente influenciado por fatores como subs\u00eddios, investimentos p\u00fablicos e altera\u00e7\u00f5es tarif\u00e1rias. Resultados negativos sucessivos aumentam a press\u00e3o sobre o Tesouro Nacional, que pode ser acionado para fornecer aportes ou garantias. Apesar do cen\u00e1rio fiscal adverso, o Minist\u00e9rio da Gest\u00e3o e da Inova\u00e7\u00e3o em Servi\u00e7os P\u00fablicos questiona a metodologia do BC. A ministra Esther Dweck afirmou que os dados n\u00e3o refletem com precis\u00e3o a situa\u00e7\u00e3o financeira das empresas, por considerarem apenas receitas e despesas do ano corrente, sem avaliar lucros l\u00edquidos.<\/p>\n\n\n\n<div class=\"wp-block-image\"><figure class=\"aligncenter size-large\"><a href=\"http:\/\/www.ferrarimaquinas.com.br\/\"><img loading=\"lazy\" decoding=\"async\" width=\"300\" height=\"250\" src=\"https:\/\/jornalfatosenoticias.com.br\/wp-content\/uploads\/2022\/02\/FERRARI_MAQUINAS-E-FERRAMENTAS2.jpg\" alt=\"\" class=\"wp-image-27860\"\/><\/a><\/figure><\/div>\n\n\n\n<p>Segundo Dweck, das 11 estatais listadas com d\u00e9ficit, nove registraram lucro em seus balan\u00e7os. Ela citou o Serpro, com lucro de R$ 685 milh\u00f5es em 2024, e a Dataprev, com R$ 508,2 milh\u00f5es \u2014 queda em rela\u00e7\u00e3o aos R$ 598,6 milh\u00f5es de 2023, mas ainda em terreno positivo. Ao todo, em 2024, o resultado negativo das estatais chegou a R$ 8,07 bilh\u00f5es, sendo R$ 6,73 bilh\u00f5es apenas das empresas federais, segundo o Banco Central.<strong> (Fonte: Hora Bras\u00edlia)<\/strong><\/p>\n\n\n\n<div class=\"wp-block-image\"><figure class=\"aligncenter size-large is-resized\"><a href=\"https:\/\/www.instagram.com\/restaurantepegoretti\/\"><img loading=\"lazy\" decoding=\"async\" src=\"https:\/\/jornalfatosenoticias.com.br\/wp-content\/uploads\/2023\/12\/pegoretti-logo-pdf-1024x389.jpg\" alt=\"\" class=\"wp-image-47536\" width=\"488\" height=\"185\" srcset=\"https:\/\/jornalfatosenoticias.com.br\/wp-content\/uploads\/2023\/12\/pegoretti-logo-pdf-1024x389.jpg 1024w, https:\/\/jornalfatosenoticias.com.br\/wp-content\/uploads\/2023\/12\/pegoretti-logo-pdf-300x114.jpg 300w, https:\/\/jornalfatosenoticias.com.br\/wp-content\/uploads\/2023\/12\/pegoretti-logo-pdf-768x291.jpg 768w, https:\/\/jornalfatosenoticias.com.br\/wp-content\/uploads\/2023\/12\/pegoretti-logo-pdf.jpg 1120w\" sizes=\"auto, (max-width: 488px) 100vw, 488px\" \/><\/a><\/figure><\/div>\n\n\n\n<hr class=\"wp-block-separator\"\/>\n\n\n\n<h3 class=\"wp-block-heading\"><span class=\"has-inline-color has-black-color\">Donald Trump amea\u00e7a tarifar pa\u00edses alinhados ao Brics em 10%<br><\/span><\/h3>\n\n\n\n<div class=\"wp-block-image\"><figure class=\"aligncenter size-large\"><img loading=\"lazy\" decoding=\"async\" width=\"612\" height=\"408\" src=\"https:\/\/jornalfatosenoticias.com.br\/wp-content\/uploads\/2025\/07\/Trump-ameaca-tarifar-paises-alinhados-ao-Brics_gettyimages.jpg\" alt=\"\" class=\"wp-image-60432\" srcset=\"https:\/\/jornalfatosenoticias.com.br\/wp-content\/uploads\/2025\/07\/Trump-ameaca-tarifar-paises-alinhados-ao-Brics_gettyimages.jpg 612w, https:\/\/jornalfatosenoticias.com.br\/wp-content\/uploads\/2025\/07\/Trump-ameaca-tarifar-paises-alinhados-ao-Brics_gettyimages-300x200.jpg 300w\" sizes=\"auto, (max-width: 612px) 100vw, 612px\" \/><figcaption><em><span class=\"has-inline-color has-black-color\">(Foto: Getty Images)<\/span><\/em><\/figcaption><\/figure><\/div>\n\n\n\n<p><span class=\"has-inline-color has-black-color\">Por <strong>Raul Holderf Nascimento<\/strong><br><\/span>O presidente dos Estados Unidos, Donald Trump (Partido Republicano), externou, no \u00faltimo domingo (6) que qualquer pa\u00eds que se alinhar \u00e0s \u201cpol\u00edticas antiamericanas do Brics\u201d ser\u00e1 alvo de uma tarifa adicional de 10% sobre produtos exportados aos EUA. \u201cQualquer pa\u00eds que se alinhar \u00e0s pol\u00edticas antiamericanas do Brics ser\u00e1 cobrado com uma tarifa adicional de 10%. N\u00e3o haver\u00e1 exce\u00e7\u00f5es a essa pol\u00edtica\u201d, escreveu Trump em sua rede social, Truth Social.<\/p>\n\n\n\n<div class=\"wp-block-image\"><figure class=\"aligncenter size-large is-resized\"><a href=\"https:\/\/www.facebook.com\/postobkr\/?locale=pt_BR\"><img loading=\"lazy\" decoding=\"async\" src=\"https:\/\/jornalfatosenoticias.com.br\/wp-content\/uploads\/2023\/08\/BKR-1024x1021.jpg\" alt=\"\" class=\"wp-image-44494\" width=\"279\" height=\"278\" srcset=\"https:\/\/jornalfatosenoticias.com.br\/wp-content\/uploads\/2023\/08\/BKR-1024x1021.jpg 1024w, https:\/\/jornalfatosenoticias.com.br\/wp-content\/uploads\/2023\/08\/BKR-300x300.jpg 300w, https:\/\/jornalfatosenoticias.com.br\/wp-content\/uploads\/2023\/08\/BKR-150x150.jpg 150w, https:\/\/jornalfatosenoticias.com.br\/wp-content\/uploads\/2023\/08\/BKR-768x766.jpg 768w, https:\/\/jornalfatosenoticias.com.br\/wp-content\/uploads\/2023\/08\/BKR.jpg 1080w\" sizes=\"auto, (max-width: 279px) 100vw, 279px\" \/><\/a><\/figure><\/div>\n\n\n\n<p>A fala ocorre no mesmo dia em que o Brics emitiu um comunicado conjunto reafirmando o direito de cada pa\u00eds estabelecer seus pr\u00f3prios marcos regulat\u00f3rios para a intelig\u00eancia artificial. O grupo tamb\u00e9m defendeu mecanismos de prote\u00e7\u00e3o a direitos autorais diante do avan\u00e7o das plataformas de IA generativa.<br>O bloco \u2014 formado por Brasil, R\u00fassia, \u00cdndia, China, \u00c1frica do Sul e outros pa\u00edses rec\u00e9m-integrados \u2014 divulgou no domingo a declara\u00e7\u00e3o final da c\u00fapula. <\/p>\n\n\n\n<div class=\"wp-block-image\"><figure class=\"aligncenter size-large is-resized\"><a href=\"https:\/\/hotelmarquetti.com.br\/\"><img loading=\"lazy\" decoding=\"async\" src=\"https:\/\/jornalfatosenoticias.com.br\/wp-content\/uploads\/2020\/02\/LOGO-MQ-1024x680.jpg\" alt=\"\" class=\"wp-image-58299\" width=\"289\" height=\"192\" srcset=\"https:\/\/jornalfatosenoticias.com.br\/wp-content\/uploads\/2020\/02\/LOGO-MQ-1024x680.jpg 1024w, https:\/\/jornalfatosenoticias.com.br\/wp-content\/uploads\/2020\/02\/LOGO-MQ-300x199.jpg 300w, https:\/\/jornalfatosenoticias.com.br\/wp-content\/uploads\/2020\/02\/LOGO-MQ-768x510.jpg 768w, https:\/\/jornalfatosenoticias.com.br\/wp-content\/uploads\/2020\/02\/LOGO-MQ-1536x1020.jpg 1536w, https:\/\/jornalfatosenoticias.com.br\/wp-content\/uploads\/2020\/02\/LOGO-MQ-2048x1360.jpg 2048w\" sizes=\"auto, (max-width: 289px) 100vw, 289px\" \/><\/a><\/figure><\/div>\n\n\n\n<p>O documento condena a \u201cimposi\u00e7\u00e3o de medidas coercitivas unilaterais contr\u00e1rias ao direito internacional\u201d e aponta \u201cimplica\u00e7\u00f5es negativas\u201d de tais a\u00e7\u00f5es. N\u00e3o h\u00e1 men\u00e7\u00e3o direta \u00e0 medida anunciada por Trump. A linguagem do texto, ainda assim, foi interpretada como uma tentativa de resposta indireta \u00e0 escalada ret\u00f3rica do presidente norte-americano, que j\u00e1 havia amea\u00e7ado o grupo em ocasi\u00f5es anteriores. <strong>(Fonte: Conex\u00e3o Pol\u00edtica)<\/strong><\/p>\n\n\n\n<div class=\"wp-block-image\"><figure class=\"aligncenter size-large is-resized\"><a href=\"https:\/\/www.legisjuris.com.br\/\"><img loading=\"lazy\" decoding=\"async\" src=\"https:\/\/jornalfatosenoticias.com.br\/wp-content\/uploads\/2024\/09\/Legis-Juris-Consultoria_logo.jpg\" alt=\"\" class=\"wp-image-53915\" width=\"499\" height=\"209\" srcset=\"https:\/\/jornalfatosenoticias.com.br\/wp-content\/uploads\/2024\/09\/Legis-Juris-Consultoria_logo.jpg 969w, https:\/\/jornalfatosenoticias.com.br\/wp-content\/uploads\/2024\/09\/Legis-Juris-Consultoria_logo-300x126.jpg 300w, https:\/\/jornalfatosenoticias.com.br\/wp-content\/uploads\/2024\/09\/Legis-Juris-Consultoria_logo-768x322.jpg 768w\" sizes=\"auto, (max-width: 499px) 100vw, 499px\" \/><\/a><\/figure><\/div>\n\n\n\n<hr class=\"wp-block-separator\"\/>\n","protected":false},"excerpt":{"rendered":"<p>A decis\u00e3o do presidente dos Estados Unidos, Donald Trump, de aplicar uma tarifa de 50% sobre produtos brasileiros a partir de 1\u00ba de agosto gerou forte repercuss\u00e3o no cen\u00e1rio pol\u00edtico e econ\u00f4mico brasileiro. A medida, anunciada oficialmente nesta quarta-feira (9), foi acompanhada por cr\u00edticas diretas ao governo de Luiz In\u00e1cio Lula da Silva, o que [&hellip;]<\/p>\n","protected":false},"author":3,"featured_media":60437,"comment_status":"open","ping_status":"open","sticky":false,"template":"","format":"standard","meta":{"footnotes":""},"categories":[10],"tags":[13889,13312,487,2147,1751,18343,18663,1795,27214,27577,27578,25255,27575,27576],"class_list":["post-60431","post","type-post","status-publish","format-standard","has-post-thumbnail","hentry","category-politica","tag-alexandre-de-moraes","tag-brics","tag-congresso","tag-donald-trump","tag-estados-unidos","tag-governo-lula","tag-impeachment-de-lula","tag-jair-bolsonaro","tag-lei-magnitsky","tag-lindbergh-farias","tag-paises-mais-seguros-da-america-do-sul","tag-rombo-nas-estatais","tag-sancoes-eua","tag-tarifaco-trump"],"yoast_head":"<!-- This site is optimized with the Yoast SEO plugin v26.5 - https:\/\/yoast.com\/wordpress\/plugins\/seo\/ -->\n<title>A semana no Brasil e no Mundo \u2014 Ap\u00f3s tarifa\u00e7o de 50% de Trump, Congresso j\u00e1 v\u00ea caminho para impeachment de Lula - Jornal Fatos e Not\u00edcias<\/title>\n<meta name=\"robots\" content=\"index, follow, max-snippet:-1, max-image-preview:large, max-video-preview:-1\" \/>\n<link rel=\"canonical\" href=\"https:\/\/jornalfatosenoticias.com.br\/index.php\/2025\/07\/10\/a-semana-no-brasil-e-no-mundo-apos-tarifaco-de-50-de-trump-congresso-ja-ve-caminho-para-impeachment-de-lula\/\" \/>\n<meta property=\"og:locale\" content=\"pt_BR\" \/>\n<meta property=\"og:type\" content=\"article\" \/>\n<meta property=\"og:title\" content=\"A semana no Brasil e no Mundo \u2014 Ap\u00f3s tarifa\u00e7o de 50% de Trump, Congresso j\u00e1 v\u00ea caminho para impeachment de Lula - Jornal Fatos e Not\u00edcias\" \/>\n<meta property=\"og:description\" content=\"A decis\u00e3o do presidente dos Estados Unidos, Donald Trump, de aplicar uma tarifa de 50% sobre produtos brasileiros a partir de 1\u00ba de agosto gerou forte repercuss\u00e3o no cen\u00e1rio pol\u00edtico e econ\u00f4mico brasileiro. A medida, anunciada oficialmente nesta quarta-feira (9), foi acompanhada por cr\u00edticas diretas ao governo de Luiz In\u00e1cio Lula da Silva, o que [&hellip;]\" \/>\n<meta property=\"og:url\" content=\"https:\/\/jornalfatosenoticias.com.br\/index.php\/2025\/07\/10\/a-semana-no-brasil-e-no-mundo-apos-tarifaco-de-50-de-trump-congresso-ja-ve-caminho-para-impeachment-de-lula\/\" \/>\n<meta property=\"og:site_name\" content=\"Jornal Fatos e Not\u00edcias\" \/>\n<meta property=\"article:published_time\" content=\"2025-07-10T20:03:23+00:00\" \/>\n<meta property=\"article:modified_time\" content=\"2025-07-10T20:03:24+00:00\" \/>\n<meta property=\"og:image\" content=\"https:\/\/jornalfatosenoticias.com.br\/wp-content\/uploads\/2025\/07\/tarifaco-Trump_impeachment-Molusco_gettyimages.jpg\" \/>\n\t<meta property=\"og:image:width\" content=\"612\" \/>\n\t<meta property=\"og:image:height\" content=\"408\" \/>\n\t<meta property=\"og:image:type\" content=\"image\/jpeg\" \/>\n<meta name=\"author\" content=\"Haroldo Filho\" \/>\n<meta name=\"twitter:card\" content=\"summary_large_image\" \/>\n<meta name=\"twitter:label1\" content=\"Escrito por\" \/>\n\t<meta name=\"twitter:data1\" content=\"Haroldo Filho\" \/>\n\t<meta name=\"twitter:label2\" content=\"Est. tempo de leitura\" \/>\n\t<meta name=\"twitter:data2\" content=\"10 minutos\" \/>\n<script type=\"application\/ld+json\" class=\"yoast-schema-graph\">{\"@context\":\"https:\/\/schema.org\",\"@graph\":[{\"@type\":\"Article\",\"@id\":\"https:\/\/jornalfatosenoticias.com.br\/index.php\/2025\/07\/10\/a-semana-no-brasil-e-no-mundo-apos-tarifaco-de-50-de-trump-congresso-ja-ve-caminho-para-impeachment-de-lula\/#article\",\"isPartOf\":{\"@id\":\"https:\/\/jornalfatosenoticias.com.br\/index.php\/2025\/07\/10\/a-semana-no-brasil-e-no-mundo-apos-tarifaco-de-50-de-trump-congresso-ja-ve-caminho-para-impeachment-de-lula\/\"},\"author\":{\"name\":\"Haroldo Filho\",\"@id\":\"https:\/\/jornalfatosenoticias.com.br\/#\/schema\/person\/05c46cc25b42a5c27e004fb0fa6b4965\"},\"headline\":\"A semana no Brasil e no Mundo \u2014 Ap\u00f3s tarifa\u00e7o de 50% de Trump, Congresso j\u00e1 v\u00ea caminho para impeachment de Lula\",\"datePublished\":\"2025-07-10T20:03:23+00:00\",\"dateModified\":\"2025-07-10T20:03:24+00:00\",\"mainEntityOfPage\":{\"@id\":\"https:\/\/jornalfatosenoticias.com.br\/index.php\/2025\/07\/10\/a-semana-no-brasil-e-no-mundo-apos-tarifaco-de-50-de-trump-congresso-ja-ve-caminho-para-impeachment-de-lula\/\"},\"wordCount\":1954,\"commentCount\":0,\"publisher\":{\"@id\":\"https:\/\/jornalfatosenoticias.com.br\/#organization\"},\"image\":{\"@id\":\"https:\/\/jornalfatosenoticias.com.br\/index.php\/2025\/07\/10\/a-semana-no-brasil-e-no-mundo-apos-tarifaco-de-50-de-trump-congresso-ja-ve-caminho-para-impeachment-de-lula\/#primaryimage\"},\"thumbnailUrl\":\"https:\/\/jornalfatosenoticias.com.br\/wp-content\/uploads\/2025\/07\/tarifaco-Trump_impeachment-Molusco_gettyimages.jpg\",\"keywords\":[\"Alexandre de Moraes\",\"Brics\",\"Congresso\",\"Donald Trump\",\"Estados Unidos\",\"governo Lula\",\"impeachment de Lula\",\"Jair Bolsonaro\",\"Lei Magnitsky\",\"Lindbergh Farias\",\"pa\u00edses mais seguros da Am\u00e9rica do Sul\",\"rombo nas estatais\",\"san\u00e7\u00f5es EUA\",\"tarifa\u00e7o Trump\"],\"articleSection\":[\"Pol\u00edtica\"],\"inLanguage\":\"pt-BR\",\"potentialAction\":[{\"@type\":\"CommentAction\",\"name\":\"Comment\",\"target\":[\"https:\/\/jornalfatosenoticias.com.br\/index.php\/2025\/07\/10\/a-semana-no-brasil-e-no-mundo-apos-tarifaco-de-50-de-trump-congresso-ja-ve-caminho-para-impeachment-de-lula\/#respond\"]}]},{\"@type\":\"WebPage\",\"@id\":\"https:\/\/jornalfatosenoticias.com.br\/index.php\/2025\/07\/10\/a-semana-no-brasil-e-no-mundo-apos-tarifaco-de-50-de-trump-congresso-ja-ve-caminho-para-impeachment-de-lula\/\",\"url\":\"https:\/\/jornalfatosenoticias.com.br\/index.php\/2025\/07\/10\/a-semana-no-brasil-e-no-mundo-apos-tarifaco-de-50-de-trump-congresso-ja-ve-caminho-para-impeachment-de-lula\/\",\"name\":\"A semana no Brasil e no Mundo \u2014 Ap\u00f3s tarifa\u00e7o de 50% de Trump, Congresso j\u00e1 v\u00ea caminho para impeachment de Lula - Jornal Fatos e Not\u00edcias\",\"isPartOf\":{\"@id\":\"https:\/\/jornalfatosenoticias.com.br\/#website\"},\"primaryImageOfPage\":{\"@id\":\"https:\/\/jornalfatosenoticias.com.br\/index.php\/2025\/07\/10\/a-semana-no-brasil-e-no-mundo-apos-tarifaco-de-50-de-trump-congresso-ja-ve-caminho-para-impeachment-de-lula\/#primaryimage\"},\"image\":{\"@id\":\"https:\/\/jornalfatosenoticias.com.br\/index.php\/2025\/07\/10\/a-semana-no-brasil-e-no-mundo-apos-tarifaco-de-50-de-trump-congresso-ja-ve-caminho-para-impeachment-de-lula\/#primaryimage\"},\"thumbnailUrl\":\"https:\/\/jornalfatosenoticias.com.br\/wp-content\/uploads\/2025\/07\/tarifaco-Trump_impeachment-Molusco_gettyimages.jpg\",\"datePublished\":\"2025-07-10T20:03:23+00:00\",\"dateModified\":\"2025-07-10T20:03:24+00:00\",\"breadcrumb\":{\"@id\":\"https:\/\/jornalfatosenoticias.com.br\/index.php\/2025\/07\/10\/a-semana-no-brasil-e-no-mundo-apos-tarifaco-de-50-de-trump-congresso-ja-ve-caminho-para-impeachment-de-lula\/#breadcrumb\"},\"inLanguage\":\"pt-BR\",\"potentialAction\":[{\"@type\":\"ReadAction\",\"target\":[\"https:\/\/jornalfatosenoticias.com.br\/index.php\/2025\/07\/10\/a-semana-no-brasil-e-no-mundo-apos-tarifaco-de-50-de-trump-congresso-ja-ve-caminho-para-impeachment-de-lula\/\"]}]},{\"@type\":\"ImageObject\",\"inLanguage\":\"pt-BR\",\"@id\":\"https:\/\/jornalfatosenoticias.com.br\/index.php\/2025\/07\/10\/a-semana-no-brasil-e-no-mundo-apos-tarifaco-de-50-de-trump-congresso-ja-ve-caminho-para-impeachment-de-lula\/#primaryimage\",\"url\":\"https:\/\/jornalfatosenoticias.com.br\/wp-content\/uploads\/2025\/07\/tarifaco-Trump_impeachment-Molusco_gettyimages.jpg\",\"contentUrl\":\"https:\/\/jornalfatosenoticias.com.br\/wp-content\/uploads\/2025\/07\/tarifaco-Trump_impeachment-Molusco_gettyimages.jpg\",\"width\":612,\"height\":408,\"caption\":\"Brazil's President Luiz Inacio Lula da Silva attends the sanctioning of a bill at the Planalto Palace in Brasilia, Brazil, on November 6, 2024, after congratulating President-elect Donald Trump on his victory as president of the United States. (Photo by Ton Molina\/NurPhoto via Getty Images)\"},{\"@type\":\"BreadcrumbList\",\"@id\":\"https:\/\/jornalfatosenoticias.com.br\/index.php\/2025\/07\/10\/a-semana-no-brasil-e-no-mundo-apos-tarifaco-de-50-de-trump-congresso-ja-ve-caminho-para-impeachment-de-lula\/#breadcrumb\",\"itemListElement\":[{\"@type\":\"ListItem\",\"position\":1,\"name\":\"In\u00edcio\",\"item\":\"https:\/\/jornalfatosenoticias.com.br\/\"},{\"@type\":\"ListItem\",\"position\":2,\"name\":\"A semana no Brasil e no Mundo \u2014 Ap\u00f3s tarifa\u00e7o de 50% de Trump, Congresso j\u00e1 v\u00ea caminho para impeachment de Lula\"}]},{\"@type\":\"WebSite\",\"@id\":\"https:\/\/jornalfatosenoticias.com.br\/#website\",\"url\":\"https:\/\/jornalfatosenoticias.com.br\/\",\"name\":\"Jornal Fatos e Not\u00edcias\",\"description\":\"Not\u00edcias em geral\",\"publisher\":{\"@id\":\"https:\/\/jornalfatosenoticias.com.br\/#organization\"},\"potentialAction\":[{\"@type\":\"SearchAction\",\"target\":{\"@type\":\"EntryPoint\",\"urlTemplate\":\"https:\/\/jornalfatosenoticias.com.br\/?s={search_term_string}\"},\"query-input\":{\"@type\":\"PropertyValueSpecification\",\"valueRequired\":true,\"valueName\":\"search_term_string\"}}],\"inLanguage\":\"pt-BR\"},{\"@type\":\"Organization\",\"@id\":\"https:\/\/jornalfatosenoticias.com.br\/#organization\",\"name\":\"Jornal Fatos e Not\u00edcias\",\"url\":\"https:\/\/jornalfatosenoticias.com.br\/\",\"logo\":{\"@type\":\"ImageObject\",\"inLanguage\":\"pt-BR\",\"@id\":\"https:\/\/jornalfatosenoticias.com.br\/#\/schema\/logo\/image\/\",\"url\":\"https:\/\/jornalfatosenoticias.com.br\/wp-content\/uploads\/2020\/02\/logo120.png\",\"contentUrl\":\"https:\/\/jornalfatosenoticias.com.br\/wp-content\/uploads\/2020\/02\/logo120.png\",\"width\":1227,\"height\":120,\"caption\":\"Jornal Fatos e Not\u00edcias\"},\"image\":{\"@id\":\"https:\/\/jornalfatosenoticias.com.br\/#\/schema\/logo\/image\/\"}},{\"@type\":\"Person\",\"@id\":\"https:\/\/jornalfatosenoticias.com.br\/#\/schema\/person\/05c46cc25b42a5c27e004fb0fa6b4965\",\"name\":\"Haroldo Filho\",\"image\":{\"@type\":\"ImageObject\",\"inLanguage\":\"pt-BR\",\"@id\":\"https:\/\/jornalfatosenoticias.com.br\/#\/schema\/person\/image\/\",\"url\":\"https:\/\/jornalfatosenoticias.com.br\/wp-content\/uploads\/2025\/08\/WhatsApp-Image-2025-08-18-at-15.30.28-150x150.jpeg\",\"contentUrl\":\"https:\/\/jornalfatosenoticias.com.br\/wp-content\/uploads\/2025\/08\/WhatsApp-Image-2025-08-18-at-15.30.28-150x150.jpeg\",\"caption\":\"Haroldo Filho\"},\"description\":\"Jornalista \u2013 DRT: 0003818\/ES Coordenador-geral da ONG Educar para Crescer\",\"url\":\"https:\/\/jornalfatosenoticias.com.br\/index.php\/author\/haroldo\/\"}]}<\/script>\n<!-- \/ Yoast SEO plugin. -->","yoast_head_json":{"title":"A semana no Brasil e no Mundo \u2014 Ap\u00f3s tarifa\u00e7o de 50% de Trump, Congresso j\u00e1 v\u00ea caminho para impeachment de Lula - Jornal Fatos e Not\u00edcias","robots":{"index":"index","follow":"follow","max-snippet":"max-snippet:-1","max-image-preview":"max-image-preview:large","max-video-preview":"max-video-preview:-1"},"canonical":"https:\/\/jornalfatosenoticias.com.br\/index.php\/2025\/07\/10\/a-semana-no-brasil-e-no-mundo-apos-tarifaco-de-50-de-trump-congresso-ja-ve-caminho-para-impeachment-de-lula\/","og_locale":"pt_BR","og_type":"article","og_title":"A semana no Brasil e no Mundo \u2014 Ap\u00f3s tarifa\u00e7o de 50% de Trump, Congresso j\u00e1 v\u00ea caminho para impeachment de Lula - Jornal Fatos e Not\u00edcias","og_description":"A decis\u00e3o do presidente dos Estados Unidos, Donald Trump, de aplicar uma tarifa de 50% sobre produtos brasileiros a partir de 1\u00ba de agosto gerou forte repercuss\u00e3o no cen\u00e1rio pol\u00edtico e econ\u00f4mico brasileiro. A medida, anunciada oficialmente nesta quarta-feira (9), foi acompanhada por cr\u00edticas diretas ao governo de Luiz In\u00e1cio Lula da Silva, o que [&hellip;]","og_url":"https:\/\/jornalfatosenoticias.com.br\/index.php\/2025\/07\/10\/a-semana-no-brasil-e-no-mundo-apos-tarifaco-de-50-de-trump-congresso-ja-ve-caminho-para-impeachment-de-lula\/","og_site_name":"Jornal Fatos e Not\u00edcias","article_published_time":"2025-07-10T20:03:23+00:00","article_modified_time":"2025-07-10T20:03:24+00:00","og_image":[{"width":612,"height":408,"url":"https:\/\/jornalfatosenoticias.com.br\/wp-content\/uploads\/2025\/07\/tarifaco-Trump_impeachment-Molusco_gettyimages.jpg","type":"image\/jpeg"}],"author":"Haroldo Filho","twitter_card":"summary_large_image","twitter_misc":{"Escrito por":"Haroldo Filho","Est. tempo de leitura":"10 minutos"},"schema":{"@context":"https:\/\/schema.org","@graph":[{"@type":"Article","@id":"https:\/\/jornalfatosenoticias.com.br\/index.php\/2025\/07\/10\/a-semana-no-brasil-e-no-mundo-apos-tarifaco-de-50-de-trump-congresso-ja-ve-caminho-para-impeachment-de-lula\/#article","isPartOf":{"@id":"https:\/\/jornalfatosenoticias.com.br\/index.php\/2025\/07\/10\/a-semana-no-brasil-e-no-mundo-apos-tarifaco-de-50-de-trump-congresso-ja-ve-caminho-para-impeachment-de-lula\/"},"author":{"name":"Haroldo Filho","@id":"https:\/\/jornalfatosenoticias.com.br\/#\/schema\/person\/05c46cc25b42a5c27e004fb0fa6b4965"},"headline":"A semana no Brasil e no Mundo \u2014 Ap\u00f3s tarifa\u00e7o de 50% de Trump, Congresso j\u00e1 v\u00ea caminho para impeachment de Lula","datePublished":"2025-07-10T20:03:23+00:00","dateModified":"2025-07-10T20:03:24+00:00","mainEntityOfPage":{"@id":"https:\/\/jornalfatosenoticias.com.br\/index.php\/2025\/07\/10\/a-semana-no-brasil-e-no-mundo-apos-tarifaco-de-50-de-trump-congresso-ja-ve-caminho-para-impeachment-de-lula\/"},"wordCount":1954,"commentCount":0,"publisher":{"@id":"https:\/\/jornalfatosenoticias.com.br\/#organization"},"image":{"@id":"https:\/\/jornalfatosenoticias.com.br\/index.php\/2025\/07\/10\/a-semana-no-brasil-e-no-mundo-apos-tarifaco-de-50-de-trump-congresso-ja-ve-caminho-para-impeachment-de-lula\/#primaryimage"},"thumbnailUrl":"https:\/\/jornalfatosenoticias.com.br\/wp-content\/uploads\/2025\/07\/tarifaco-Trump_impeachment-Molusco_gettyimages.jpg","keywords":["Alexandre de Moraes","Brics","Congresso","Donald Trump","Estados Unidos","governo Lula","impeachment de Lula","Jair Bolsonaro","Lei Magnitsky","Lindbergh Farias","pa\u00edses mais seguros da Am\u00e9rica do Sul","rombo nas estatais","san\u00e7\u00f5es EUA","tarifa\u00e7o Trump"],"articleSection":["Pol\u00edtica"],"inLanguage":"pt-BR","potentialAction":[{"@type":"CommentAction","name":"Comment","target":["https:\/\/jornalfatosenoticias.com.br\/index.php\/2025\/07\/10\/a-semana-no-brasil-e-no-mundo-apos-tarifaco-de-50-de-trump-congresso-ja-ve-caminho-para-impeachment-de-lula\/#respond"]}]},{"@type":"WebPage","@id":"https:\/\/jornalfatosenoticias.com.br\/index.php\/2025\/07\/10\/a-semana-no-brasil-e-no-mundo-apos-tarifaco-de-50-de-trump-congresso-ja-ve-caminho-para-impeachment-de-lula\/","url":"https:\/\/jornalfatosenoticias.com.br\/index.php\/2025\/07\/10\/a-semana-no-brasil-e-no-mundo-apos-tarifaco-de-50-de-trump-congresso-ja-ve-caminho-para-impeachment-de-lula\/","name":"A semana no Brasil e no Mundo \u2014 Ap\u00f3s tarifa\u00e7o de 50% de Trump, Congresso j\u00e1 v\u00ea caminho para impeachment de Lula - Jornal Fatos e Not\u00edcias","isPartOf":{"@id":"https:\/\/jornalfatosenoticias.com.br\/#website"},"primaryImageOfPage":{"@id":"https:\/\/jornalfatosenoticias.com.br\/index.php\/2025\/07\/10\/a-semana-no-brasil-e-no-mundo-apos-tarifaco-de-50-de-trump-congresso-ja-ve-caminho-para-impeachment-de-lula\/#primaryimage"},"image":{"@id":"https:\/\/jornalfatosenoticias.com.br\/index.php\/2025\/07\/10\/a-semana-no-brasil-e-no-mundo-apos-tarifaco-de-50-de-trump-congresso-ja-ve-caminho-para-impeachment-de-lula\/#primaryimage"},"thumbnailUrl":"https:\/\/jornalfatosenoticias.com.br\/wp-content\/uploads\/2025\/07\/tarifaco-Trump_impeachment-Molusco_gettyimages.jpg","datePublished":"2025-07-10T20:03:23+00:00","dateModified":"2025-07-10T20:03:24+00:00","breadcrumb":{"@id":"https:\/\/jornalfatosenoticias.com.br\/index.php\/2025\/07\/10\/a-semana-no-brasil-e-no-mundo-apos-tarifaco-de-50-de-trump-congresso-ja-ve-caminho-para-impeachment-de-lula\/#breadcrumb"},"inLanguage":"pt-BR","potentialAction":[{"@type":"ReadAction","target":["https:\/\/jornalfatosenoticias.com.br\/index.php\/2025\/07\/10\/a-semana-no-brasil-e-no-mundo-apos-tarifaco-de-50-de-trump-congresso-ja-ve-caminho-para-impeachment-de-lula\/"]}]},{"@type":"ImageObject","inLanguage":"pt-BR","@id":"https:\/\/jornalfatosenoticias.com.br\/index.php\/2025\/07\/10\/a-semana-no-brasil-e-no-mundo-apos-tarifaco-de-50-de-trump-congresso-ja-ve-caminho-para-impeachment-de-lula\/#primaryimage","url":"https:\/\/jornalfatosenoticias.com.br\/wp-content\/uploads\/2025\/07\/tarifaco-Trump_impeachment-Molusco_gettyimages.jpg","contentUrl":"https:\/\/jornalfatosenoticias.com.br\/wp-content\/uploads\/2025\/07\/tarifaco-Trump_impeachment-Molusco_gettyimages.jpg","width":612,"height":408,"caption":"Brazil's President Luiz Inacio Lula da Silva attends the sanctioning of a bill at the Planalto Palace in Brasilia, Brazil, on November 6, 2024, after congratulating President-elect Donald Trump on his victory as president of the United States. (Photo by Ton Molina\/NurPhoto via Getty Images)"},{"@type":"BreadcrumbList","@id":"https:\/\/jornalfatosenoticias.com.br\/index.php\/2025\/07\/10\/a-semana-no-brasil-e-no-mundo-apos-tarifaco-de-50-de-trump-congresso-ja-ve-caminho-para-impeachment-de-lula\/#breadcrumb","itemListElement":[{"@type":"ListItem","position":1,"name":"In\u00edcio","item":"https:\/\/jornalfatosenoticias.com.br\/"},{"@type":"ListItem","position":2,"name":"A semana no Brasil e no Mundo \u2014 Ap\u00f3s tarifa\u00e7o de 50% de Trump, Congresso j\u00e1 v\u00ea caminho para impeachment de Lula"}]},{"@type":"WebSite","@id":"https:\/\/jornalfatosenoticias.com.br\/#website","url":"https:\/\/jornalfatosenoticias.com.br\/","name":"Jornal Fatos e Not\u00edcias","description":"Not\u00edcias em geral","publisher":{"@id":"https:\/\/jornalfatosenoticias.com.br\/#organization"},"potentialAction":[{"@type":"SearchAction","target":{"@type":"EntryPoint","urlTemplate":"https:\/\/jornalfatosenoticias.com.br\/?s={search_term_string}"},"query-input":{"@type":"PropertyValueSpecification","valueRequired":true,"valueName":"search_term_string"}}],"inLanguage":"pt-BR"},{"@type":"Organization","@id":"https:\/\/jornalfatosenoticias.com.br\/#organization","name":"Jornal Fatos e Not\u00edcias","url":"https:\/\/jornalfatosenoticias.com.br\/","logo":{"@type":"ImageObject","inLanguage":"pt-BR","@id":"https:\/\/jornalfatosenoticias.com.br\/#\/schema\/logo\/image\/","url":"https:\/\/jornalfatosenoticias.com.br\/wp-content\/uploads\/2020\/02\/logo120.png","contentUrl":"https:\/\/jornalfatosenoticias.com.br\/wp-content\/uploads\/2020\/02\/logo120.png","width":1227,"height":120,"caption":"Jornal Fatos e Not\u00edcias"},"image":{"@id":"https:\/\/jornalfatosenoticias.com.br\/#\/schema\/logo\/image\/"}},{"@type":"Person","@id":"https:\/\/jornalfatosenoticias.com.br\/#\/schema\/person\/05c46cc25b42a5c27e004fb0fa6b4965","name":"Haroldo Filho","image":{"@type":"ImageObject","inLanguage":"pt-BR","@id":"https:\/\/jornalfatosenoticias.com.br\/#\/schema\/person\/image\/","url":"https:\/\/jornalfatosenoticias.com.br\/wp-content\/uploads\/2025\/08\/WhatsApp-Image-2025-08-18-at-15.30.28-150x150.jpeg","contentUrl":"https:\/\/jornalfatosenoticias.com.br\/wp-content\/uploads\/2025\/08\/WhatsApp-Image-2025-08-18-at-15.30.28-150x150.jpeg","caption":"Haroldo Filho"},"description":"Jornalista \u2013 DRT: 0003818\/ES Coordenador-geral da ONG Educar para Crescer","url":"https:\/\/jornalfatosenoticias.com.br\/index.php\/author\/haroldo\/"}]}},"cc_featured_image_caption":{"caption_text":"(Foto: Getty Images) ","source_text":"","source_url":""},"jetpack_featured_media_url":"https:\/\/jornalfatosenoticias.com.br\/wp-content\/uploads\/2025\/07\/tarifaco-Trump_impeachment-Molusco_gettyimages.jpg","_links":{"self":[{"href":"https:\/\/jornalfatosenoticias.com.br\/index.php\/wp-json\/wp\/v2\/posts\/60431","targetHints":{"allow":["GET"]}}],"collection":[{"href":"https:\/\/jornalfatosenoticias.com.br\/index.php\/wp-json\/wp\/v2\/posts"}],"about":[{"href":"https:\/\/jornalfatosenoticias.com.br\/index.php\/wp-json\/wp\/v2\/types\/post"}],"author":[{"embeddable":true,"href":"https:\/\/jornalfatosenoticias.com.br\/index.php\/wp-json\/wp\/v2\/users\/3"}],"replies":[{"embeddable":true,"href":"https:\/\/jornalfatosenoticias.com.br\/index.php\/wp-json\/wp\/v2\/comments?post=60431"}],"version-history":[{"count":0,"href":"https:\/\/jornalfatosenoticias.com.br\/index.php\/wp-json\/wp\/v2\/posts\/60431\/revisions"}],"wp:featuredmedia":[{"embeddable":true,"href":"https:\/\/jornalfatosenoticias.com.br\/index.php\/wp-json\/wp\/v2\/media\/60437"}],"wp:attachment":[{"href":"https:\/\/jornalfatosenoticias.com.br\/index.php\/wp-json\/wp\/v2\/media?parent=60431"}],"wp:term":[{"taxonomy":"category","embeddable":true,"href":"https:\/\/jornalfatosenoticias.com.br\/index.php\/wp-json\/wp\/v2\/categories?post=60431"},{"taxonomy":"post_tag","embeddable":true,"href":"https:\/\/jornalfatosenoticias.com.br\/index.php\/wp-json\/wp\/v2\/tags?post=60431"}],"curies":[{"name":"wp","href":"https:\/\/api.w.org\/{rel}","templated":true}]}}