{"id":60439,"date":"2025-07-10T17:13:39","date_gmt":"2025-07-10T20:13:39","guid":{"rendered":"https:\/\/jornalfatosenoticias.com.br\/?p=60439"},"modified":"2025-07-10T17:13:40","modified_gmt":"2025-07-10T20:13:40","slug":"o-verdadeiro-treino-nao-e-no-corpo-e-na-mente","status":"publish","type":"post","link":"https:\/\/jornalfatosenoticias.com.br\/index.php\/2025\/07\/10\/o-verdadeiro-treino-nao-e-no-corpo-e-na-mente\/","title":{"rendered":"O verdadeiro treino n\u00e3o \u00e9 no corpo, \u00e9 na mente"},"content":{"rendered":"\n<p><span class=\"has-inline-color has-black-color\">Por<\/span>\u00a0<strong><a href=\"https:\/\/jornalfatosenoticias.com.br\/index.php\/2025\/06\/26\/a-arte-de-superar-como-a-adversidade-nos-faz-mais-forte\/\">Kelly Mantovani<\/a><\/strong><\/p>\n\n\n\n<div class=\"wp-block-image\"><figure class=\"aligncenter size-large\"><a href=\"https:\/\/panper.com.br\/\"><img loading=\"lazy\" decoding=\"async\" width=\"1024\" height=\"111\" src=\"https:\/\/jornalfatosenoticias.com.br\/wp-content\/uploads\/2020\/02\/WhatsApp-Image-2022-09-23-at-12.09.18-1024x111.jpeg\" alt=\"\" class=\"wp-image-34527\" srcset=\"https:\/\/jornalfatosenoticias.com.br\/wp-content\/uploads\/2020\/02\/WhatsApp-Image-2022-09-23-at-12.09.18-1024x111.jpeg 1024w, https:\/\/jornalfatosenoticias.com.br\/wp-content\/uploads\/2020\/02\/WhatsApp-Image-2022-09-23-at-12.09.18-300x32.jpeg 300w, https:\/\/jornalfatosenoticias.com.br\/wp-content\/uploads\/2020\/02\/WhatsApp-Image-2022-09-23-at-12.09.18-768x83.jpeg 768w, https:\/\/jornalfatosenoticias.com.br\/wp-content\/uploads\/2020\/02\/WhatsApp-Image-2022-09-23-at-12.09.18.jpeg 1121w\" sizes=\"auto, (max-width: 1024px) 100vw, 1024px\" \/><\/a><\/figure><\/div>\n\n\n\n<div class=\"wp-block-image is-style-rounded\"><figure class=\"alignleft size-large\"><img loading=\"lazy\" decoding=\"async\" width=\"100\" height=\"112\" src=\"https:\/\/jornalfatosenoticias.com.br\/wp-content\/uploads\/2025\/05\/KELLY_MANTOVANI-removebg-preview-1-e1746192995531.png\" alt=\"\" class=\"wp-image-58920\"\/><\/figure><\/div>\n\n\n\n<p>Em um mundo onde a velocidade dita o ritmo e a informa\u00e7\u00e3o nos inunda a cada segundo, \u00e9 f\u00e1cil se perder na busca incessante por mais, por melhor, por tudo. Somos bombardeados por imagens de corpos esculturais, rotinas de sucesso e conquistas mete\u00f3ricas, o que nos leva a crer que a chave para a vida plena est\u00e1 em seguir dietas mirabolantes, em treinar at\u00e9 a exaust\u00e3o ou em preencher a agenda com mil compromissos. No entanto, o que muitos de n\u00f3s esquecemos \u00e9 que a batalha mais importante n\u00e3o \u00e9 travada na academia, no escrit\u00f3rio ou nas redes sociais. A verdadeira arena est\u00e1 dentro de n\u00f3s.<br>N\u00e3o me interpretem mal: cuidar do corpo \u00e9 fundamental. Uma boa alimenta\u00e7\u00e3o e a pr\u00e1tica regular de exerc\u00edcios f\u00edsicos s\u00e3o pilares para uma vida saud\u00e1vel e longeva. Contudo, essa \u00e9 apenas uma parte da equa\u00e7\u00e3o. O que realmente nos impulsiona, o que nos permite alcan\u00e7ar objetivos, sejam eles quais forem, \u00e9 a capacidade de treinar a nossa disciplina. \u00c9 a habilidade de n\u00e3o ceder ao impulso da gratifica\u00e7\u00e3o instant\u00e2nea, de superar a in\u00e9rcia da procrastina\u00e7\u00e3o e de manter o foco no que realmente importa, mesmo quando a vontade de desistir \u00e9 avassaladora.<\/p>\n\n\n\n<div class=\"wp-block-image\"><figure class=\"aligncenter size-large\"><a href=\"https:\/\/www.cesconetto.com.br\/\"><img loading=\"lazy\" decoding=\"async\" width=\"300\" height=\"250\" src=\"https:\/\/jornalfatosenoticias.com.br\/wp-content\/uploads\/2020\/02\/Banner-2.png\" alt=\"\" class=\"wp-image-43787\"\/><\/a><\/figure><\/div>\n\n\n\n<p>Pense comigo: de que adianta ter o plano de treino mais eficaz do mundo se voc\u00ea n\u00e3o consegue levantar da cama? Ou a ideia de neg\u00f3cio mais brilhante se voc\u00ea continua adiando o primeiro passo? A procrastina\u00e7\u00e3o \u00e9 um inimigo silencioso e ardiloso, mestre em nos convencer de que &#8220;depois eu fa\u00e7o&#8221;, &#8220;n\u00e3o \u00e9 a hora certa&#8221; ou &#8220;eu mere\u00e7o um descanso&#8221;. Ela se disfar\u00e7a de cansa\u00e7o, de falta de tempo, de distra\u00e7\u00f5es infinitas. Mas, no fundo, a procrastina\u00e7\u00e3o \u00e9 um reflexo da nossa falta de disciplina.<\/p>\n\n\n\n<div class=\"wp-block-image\"><figure class=\"aligncenter size-large is-resized\"><a href=\"https:\/\/www.legisjuris.com.br\/\"><img loading=\"lazy\" decoding=\"async\" src=\"https:\/\/jornalfatosenoticias.com.br\/wp-content\/uploads\/2024\/09\/Legis-Juris-Consultoria_logo.jpg\" alt=\"\" class=\"wp-image-53915\" width=\"501\" height=\"210\" srcset=\"https:\/\/jornalfatosenoticias.com.br\/wp-content\/uploads\/2024\/09\/Legis-Juris-Consultoria_logo.jpg 969w, https:\/\/jornalfatosenoticias.com.br\/wp-content\/uploads\/2024\/09\/Legis-Juris-Consultoria_logo-300x126.jpg 300w, https:\/\/jornalfatosenoticias.com.br\/wp-content\/uploads\/2024\/09\/Legis-Juris-Consultoria_logo-768x322.jpg 768w\" sizes=\"auto, (max-width: 501px) 100vw, 501px\" \/><\/a><\/figure><\/div>\n\n\n\n<p>O processo de cultivar a disciplina n\u00e3o \u00e9 algo que acontece da noite para o dia. \u00c9 um m\u00fasculo que precisa ser exercitado diariamente. Come\u00e7a com pequenas escolhas: levantar na hora marcada, n\u00e3o checar o celular antes de resolver uma tarefa importante, dedicar 15 minutos para aprender algo novo. Cada pequena vit\u00f3ria fortalece esse m\u00fasculo, construindo uma base s\u00f3lida para desafios maiores. \u00c9 sobre criar rituais, estabelecer prioridades e, acima de tudo, honrar os compromissos que fazemos conosco mesmos.<\/p>\n\n\n\n<div class=\"wp-block-image\"><figure class=\"aligncenter size-large is-resized\"><a href=\"https:\/\/www.instagram.com\/gruposei\/\"><img loading=\"lazy\" decoding=\"async\" src=\"https:\/\/jornalfatosenoticias.com.br\/wp-content\/uploads\/2022\/07\/Logo-Grupo-SEI.jpg\" alt=\"\" class=\"wp-image-31973\" width=\"381\" height=\"200\" srcset=\"https:\/\/jornalfatosenoticias.com.br\/wp-content\/uploads\/2022\/07\/Logo-Grupo-SEI.jpg 713w, https:\/\/jornalfatosenoticias.com.br\/wp-content\/uploads\/2022\/07\/Logo-Grupo-SEI-300x158.jpg 300w\" sizes=\"auto, (max-width: 381px) 100vw, 381px\" \/><\/a><\/figure><\/div>\n\n\n\n<p>Aprender a n\u00e3o procrastinar, por sua vez, \u00e9 libertador. Significa recuperar o controle sobre o seu tempo e suas a\u00e7\u00f5es. \u00c9 perceber que a satisfa\u00e7\u00e3o de uma tarefa conclu\u00edda, de um objetivo alcan\u00e7ado, supera em muito o prazer moment\u00e2neo da distra\u00e7\u00e3o. E essa n\u00e3o \u00e9 uma busca por perfei\u00e7\u00e3o, mas por consist\u00eancia. N\u00e3o se trata de nunca falhar, mas de se levantar cada vez que cair, aprendendo com os erros e ajustando o curso.<\/p>\n\n\n\n<div class=\"wp-block-image\"><figure class=\"aligncenter size-large is-resized\"><a href=\"https:\/\/www.instagram.com\/esteio.churrascaria\/\"><img loading=\"lazy\" decoding=\"async\" src=\"https:\/\/jornalfatosenoticias.com.br\/wp-content\/uploads\/2022\/02\/LOGO-ESTEIO-1024x730.png\" alt=\"\" class=\"wp-image-27942\" width=\"337\" height=\"240\" srcset=\"https:\/\/jornalfatosenoticias.com.br\/wp-content\/uploads\/2022\/02\/LOGO-ESTEIO-1024x730.png 1024w, https:\/\/jornalfatosenoticias.com.br\/wp-content\/uploads\/2022\/02\/LOGO-ESTEIO-300x214.png 300w, https:\/\/jornalfatosenoticias.com.br\/wp-content\/uploads\/2022\/02\/LOGO-ESTEIO-768x548.png 768w, https:\/\/jornalfatosenoticias.com.br\/wp-content\/uploads\/2022\/02\/LOGO-ESTEIO.png 1123w\" sizes=\"auto, (max-width: 337px) 100vw, 337px\" \/><\/a><\/figure><\/div>\n\n\n\n<p>A disciplina nos permite ir al\u00e9m dos nossos limites percebidos. Ela nos ensina que a for\u00e7a de vontade n\u00e3o \u00e9 um recurso finito, mas algo que podemos desenvolver e fortalecer. \u00c9 a ponte entre a inten\u00e7\u00e3o e a a\u00e7\u00e3o, entre o sonho e a realidade. No final das contas, o verdadeiro treino n\u00e3o \u00e9 no corpo, \u00e9 na mente. \u00c9 nela que cultivamos a resili\u00eancia, a persist\u00eancia e a determina\u00e7\u00e3o que nos levar\u00e3o aonde queremos chegar. E se h\u00e1 uma li\u00e7\u00e3o valiosa para aplicar em 2025, \u00e9 esta: comece hoje a treinar sua disciplina, e veja como a procrastina\u00e7\u00e3o se tornar\u00e1 apenas uma lembran\u00e7a distante.<\/p>\n\n\n\n<div class=\"wp-block-image\"><figure class=\"aligncenter size-large is-resized\"><a href=\"https:\/\/www.instagram.com\/restaurantepegoretti\/\"><img loading=\"lazy\" decoding=\"async\" src=\"https:\/\/jornalfatosenoticias.com.br\/wp-content\/uploads\/2023\/12\/pegoretti-logo-pdf-1024x389.jpg\" alt=\"\" class=\"wp-image-47536\" width=\"453\" height=\"172\" srcset=\"https:\/\/jornalfatosenoticias.com.br\/wp-content\/uploads\/2023\/12\/pegoretti-logo-pdf-1024x389.jpg 1024w, https:\/\/jornalfatosenoticias.com.br\/wp-content\/uploads\/2023\/12\/pegoretti-logo-pdf-300x114.jpg 300w, https:\/\/jornalfatosenoticias.com.br\/wp-content\/uploads\/2023\/12\/pegoretti-logo-pdf-768x291.jpg 768w, https:\/\/jornalfatosenoticias.com.br\/wp-content\/uploads\/2023\/12\/pegoretti-logo-pdf.jpg 1120w\" sizes=\"auto, (max-width: 453px) 100vw, 453px\" \/><\/a><\/figure><\/div>\n\n\n\n<p>E para voc\u00ea, qual o maior desafio em manter a disciplina no dia a dia? Quais estrat\u00e9gias voc\u00ea usa para vencer a procrastina\u00e7\u00e3o? Conta pra mim na minha p\u00e1gina: <a href=\"https:\/\/www.instagram.com\/kellymantovani1\/\">@kellymantovani1<\/a><br>Te espero l\u00e1! Um forte abra\u00e7o, Kelly Mantovani<\/p>\n\n\n\n<div class=\"wp-block-image\"><figure class=\"aligncenter size-large is-resized\"><a href=\"https:\/\/www.facebook.com\/postobkr\/?locale=pt_BR\"><img loading=\"lazy\" decoding=\"async\" src=\"https:\/\/jornalfatosenoticias.com.br\/wp-content\/uploads\/2023\/08\/BKR-1024x1021.jpg\" alt=\"\" class=\"wp-image-44494\" width=\"273\" height=\"272\" srcset=\"https:\/\/jornalfatosenoticias.com.br\/wp-content\/uploads\/2023\/08\/BKR-1024x1021.jpg 1024w, https:\/\/jornalfatosenoticias.com.br\/wp-content\/uploads\/2023\/08\/BKR-300x300.jpg 300w, https:\/\/jornalfatosenoticias.com.br\/wp-content\/uploads\/2023\/08\/BKR-150x150.jpg 150w, https:\/\/jornalfatosenoticias.com.br\/wp-content\/uploads\/2023\/08\/BKR-768x766.jpg 768w, https:\/\/jornalfatosenoticias.com.br\/wp-content\/uploads\/2023\/08\/BKR.jpg 1080w\" sizes=\"auto, (max-width: 273px) 100vw, 273px\" \/><\/a><\/figure><\/div>\n\n\n\n<p><strong><span class=\"has-inline-color has-black-color\">Kelly Mantovani<br><\/span><\/strong><em><span class=\"has-inline-color has-black-color\">Formada em Educa\u00e7\u00e3o F\u00edsica, p\u00f3s-graduada em Nutri\u00e7\u00e3o Esportiva, com especializa\u00e7\u00e3o em Intelig\u00eancia Emocional, uma profissional apaixonada por sa\u00fade e bem-estar<\/span><\/em><\/p>\n","protected":false},"excerpt":{"rendered":"<p>Por\u00a0Kelly Mantovani Em um mundo onde a velocidade dita o ritmo e a informa\u00e7\u00e3o nos inunda a cada segundo, \u00e9 f\u00e1cil se perder na busca incessante por mais, por melhor, por tudo. Somos bombardeados por imagens de corpos esculturais, rotinas de sucesso e conquistas mete\u00f3ricas, o que nos leva a crer que a chave para [&hellip;]<\/p>\n","protected":false},"author":2,"featured_media":60440,"comment_status":"open","ping_status":"open","sticky":false,"template":"","format":"standard","meta":{"footnotes":""},"categories":[42,2522],"tags":[242,11680,1056,2373,24657,17696,8120],"class_list":["post-60439","post","type-post","status-publish","format-standard","has-post-thumbnail","hentry","category-bem-estar","category-comportamento","tag-corpo","tag-disciplina","tag-exercicios-fisicos","tag-mente","tag-procrastinacao","tag-treinos","tag-vida-saudavel"],"yoast_head":"<!-- This site is optimized with the Yoast SEO plugin v26.5 - https:\/\/yoast.com\/wordpress\/plugins\/seo\/ -->\n<title>O verdadeiro treino n\u00e3o \u00e9 no corpo, \u00e9 na mente - Jornal Fatos e Not\u00edcias<\/title>\n<meta name=\"robots\" content=\"index, follow, max-snippet:-1, max-image-preview:large, max-video-preview:-1\" \/>\n<link rel=\"canonical\" href=\"https:\/\/jornalfatosenoticias.com.br\/index.php\/2025\/07\/10\/o-verdadeiro-treino-nao-e-no-corpo-e-na-mente\/\" \/>\n<meta property=\"og:locale\" content=\"pt_BR\" \/>\n<meta property=\"og:type\" content=\"article\" \/>\n<meta property=\"og:title\" content=\"O verdadeiro treino n\u00e3o \u00e9 no corpo, \u00e9 na mente - Jornal Fatos e Not\u00edcias\" \/>\n<meta property=\"og:description\" content=\"Por\u00a0Kelly Mantovani Em um mundo onde a velocidade dita o ritmo e a informa\u00e7\u00e3o nos inunda a cada segundo, \u00e9 f\u00e1cil se perder na busca incessante por mais, por melhor, por tudo. Somos bombardeados por imagens de corpos esculturais, rotinas de sucesso e conquistas mete\u00f3ricas, o que nos leva a crer que a chave para [&hellip;]\" \/>\n<meta property=\"og:url\" content=\"https:\/\/jornalfatosenoticias.com.br\/index.php\/2025\/07\/10\/o-verdadeiro-treino-nao-e-no-corpo-e-na-mente\/\" \/>\n<meta property=\"og:site_name\" content=\"Jornal Fatos e Not\u00edcias\" \/>\n<meta property=\"article:published_time\" content=\"2025-07-10T20:13:39+00:00\" \/>\n<meta property=\"article:modified_time\" content=\"2025-07-10T20:13:40+00:00\" \/>\n<meta property=\"og:image\" content=\"https:\/\/jornalfatosenoticias.com.br\/wp-content\/uploads\/2025\/07\/TREINO-KELLY_FREEPIK.jpg\" \/>\n\t<meta property=\"og:image:width\" content=\"1000\" \/>\n\t<meta property=\"og:image:height\" content=\"706\" \/>\n\t<meta property=\"og:image:type\" content=\"image\/jpeg\" \/>\n<meta name=\"author\" content=\"Luzimara Fernandes\" \/>\n<meta name=\"twitter:card\" content=\"summary_large_image\" \/>\n<meta name=\"twitter:label1\" content=\"Escrito por\" \/>\n\t<meta name=\"twitter:data1\" content=\"Luzimara Fernandes\" \/>\n\t<meta name=\"twitter:label2\" content=\"Est. tempo de leitura\" \/>\n\t<meta name=\"twitter:data2\" content=\"3 minutos\" \/>\n<script type=\"application\/ld+json\" class=\"yoast-schema-graph\">{\"@context\":\"https:\/\/schema.org\",\"@graph\":[{\"@type\":\"Article\",\"@id\":\"https:\/\/jornalfatosenoticias.com.br\/index.php\/2025\/07\/10\/o-verdadeiro-treino-nao-e-no-corpo-e-na-mente\/#article\",\"isPartOf\":{\"@id\":\"https:\/\/jornalfatosenoticias.com.br\/index.php\/2025\/07\/10\/o-verdadeiro-treino-nao-e-no-corpo-e-na-mente\/\"},\"author\":{\"name\":\"Luzimara Fernandes\",\"@id\":\"https:\/\/jornalfatosenoticias.com.br\/#\/schema\/person\/d63837fa13ac8666eb9e74e0985d6f81\"},\"headline\":\"O verdadeiro treino n\u00e3o \u00e9 no corpo, \u00e9 na mente\",\"datePublished\":\"2025-07-10T20:13:39+00:00\",\"dateModified\":\"2025-07-10T20:13:40+00:00\",\"mainEntityOfPage\":{\"@id\":\"https:\/\/jornalfatosenoticias.com.br\/index.php\/2025\/07\/10\/o-verdadeiro-treino-nao-e-no-corpo-e-na-mente\/\"},\"wordCount\":664,\"commentCount\":0,\"publisher\":{\"@id\":\"https:\/\/jornalfatosenoticias.com.br\/#organization\"},\"image\":{\"@id\":\"https:\/\/jornalfatosenoticias.com.br\/index.php\/2025\/07\/10\/o-verdadeiro-treino-nao-e-no-corpo-e-na-mente\/#primaryimage\"},\"thumbnailUrl\":\"https:\/\/jornalfatosenoticias.com.br\/wp-content\/uploads\/2025\/07\/TREINO-KELLY_FREEPIK.jpg\",\"keywords\":[\"corpo\",\"disciplina\",\"exerc\u00edcios f\u00edsicos\",\"mente\",\"procrastina\u00e7\u00e3o\",\"treinos\",\"vida saud\u00e1vel\"],\"articleSection\":[\"Bem-estar\",\"Comportamento &amp; Equil\u00edbrio\"],\"inLanguage\":\"pt-BR\",\"potentialAction\":[{\"@type\":\"CommentAction\",\"name\":\"Comment\",\"target\":[\"https:\/\/jornalfatosenoticias.com.br\/index.php\/2025\/07\/10\/o-verdadeiro-treino-nao-e-no-corpo-e-na-mente\/#respond\"]}]},{\"@type\":\"WebPage\",\"@id\":\"https:\/\/jornalfatosenoticias.com.br\/index.php\/2025\/07\/10\/o-verdadeiro-treino-nao-e-no-corpo-e-na-mente\/\",\"url\":\"https:\/\/jornalfatosenoticias.com.br\/index.php\/2025\/07\/10\/o-verdadeiro-treino-nao-e-no-corpo-e-na-mente\/\",\"name\":\"O verdadeiro treino n\u00e3o \u00e9 no corpo, \u00e9 na mente - Jornal Fatos e Not\u00edcias\",\"isPartOf\":{\"@id\":\"https:\/\/jornalfatosenoticias.com.br\/#website\"},\"primaryImageOfPage\":{\"@id\":\"https:\/\/jornalfatosenoticias.com.br\/index.php\/2025\/07\/10\/o-verdadeiro-treino-nao-e-no-corpo-e-na-mente\/#primaryimage\"},\"image\":{\"@id\":\"https:\/\/jornalfatosenoticias.com.br\/index.php\/2025\/07\/10\/o-verdadeiro-treino-nao-e-no-corpo-e-na-mente\/#primaryimage\"},\"thumbnailUrl\":\"https:\/\/jornalfatosenoticias.com.br\/wp-content\/uploads\/2025\/07\/TREINO-KELLY_FREEPIK.jpg\",\"datePublished\":\"2025-07-10T20:13:39+00:00\",\"dateModified\":\"2025-07-10T20:13:40+00:00\",\"breadcrumb\":{\"@id\":\"https:\/\/jornalfatosenoticias.com.br\/index.php\/2025\/07\/10\/o-verdadeiro-treino-nao-e-no-corpo-e-na-mente\/#breadcrumb\"},\"inLanguage\":\"pt-BR\",\"potentialAction\":[{\"@type\":\"ReadAction\",\"target\":[\"https:\/\/jornalfatosenoticias.com.br\/index.php\/2025\/07\/10\/o-verdadeiro-treino-nao-e-no-corpo-e-na-mente\/\"]}]},{\"@type\":\"ImageObject\",\"inLanguage\":\"pt-BR\",\"@id\":\"https:\/\/jornalfatosenoticias.com.br\/index.php\/2025\/07\/10\/o-verdadeiro-treino-nao-e-no-corpo-e-na-mente\/#primaryimage\",\"url\":\"https:\/\/jornalfatosenoticias.com.br\/wp-content\/uploads\/2025\/07\/TREINO-KELLY_FREEPIK.jpg\",\"contentUrl\":\"https:\/\/jornalfatosenoticias.com.br\/wp-content\/uploads\/2025\/07\/TREINO-KELLY_FREEPIK.jpg\",\"width\":1000,\"height\":706,\"caption\":\"young fitness girl in sportswear with headband holding wall clock looking aside stressed and nervous biting nails standing over orange background\"},{\"@type\":\"BreadcrumbList\",\"@id\":\"https:\/\/jornalfatosenoticias.com.br\/index.php\/2025\/07\/10\/o-verdadeiro-treino-nao-e-no-corpo-e-na-mente\/#breadcrumb\",\"itemListElement\":[{\"@type\":\"ListItem\",\"position\":1,\"name\":\"In\u00edcio\",\"item\":\"https:\/\/jornalfatosenoticias.com.br\/\"},{\"@type\":\"ListItem\",\"position\":2,\"name\":\"O verdadeiro treino n\u00e3o \u00e9 no corpo, \u00e9 na mente\"}]},{\"@type\":\"WebSite\",\"@id\":\"https:\/\/jornalfatosenoticias.com.br\/#website\",\"url\":\"https:\/\/jornalfatosenoticias.com.br\/\",\"name\":\"Jornal Fatos e Not\u00edcias\",\"description\":\"Not\u00edcias em geral\",\"publisher\":{\"@id\":\"https:\/\/jornalfatosenoticias.com.br\/#organization\"},\"potentialAction\":[{\"@type\":\"SearchAction\",\"target\":{\"@type\":\"EntryPoint\",\"urlTemplate\":\"https:\/\/jornalfatosenoticias.com.br\/?s={search_term_string}\"},\"query-input\":{\"@type\":\"PropertyValueSpecification\",\"valueRequired\":true,\"valueName\":\"search_term_string\"}}],\"inLanguage\":\"pt-BR\"},{\"@type\":\"Organization\",\"@id\":\"https:\/\/jornalfatosenoticias.com.br\/#organization\",\"name\":\"Jornal Fatos e Not\u00edcias\",\"url\":\"https:\/\/jornalfatosenoticias.com.br\/\",\"logo\":{\"@type\":\"ImageObject\",\"inLanguage\":\"pt-BR\",\"@id\":\"https:\/\/jornalfatosenoticias.com.br\/#\/schema\/logo\/image\/\",\"url\":\"https:\/\/jornalfatosenoticias.com.br\/wp-content\/uploads\/2020\/02\/logo120.png\",\"contentUrl\":\"https:\/\/jornalfatosenoticias.com.br\/wp-content\/uploads\/2020\/02\/logo120.png\",\"width\":1227,\"height\":120,\"caption\":\"Jornal Fatos e Not\u00edcias\"},\"image\":{\"@id\":\"https:\/\/jornalfatosenoticias.com.br\/#\/schema\/logo\/image\/\"}},{\"@type\":\"Person\",\"@id\":\"https:\/\/jornalfatosenoticias.com.br\/#\/schema\/person\/d63837fa13ac8666eb9e74e0985d6f81\",\"name\":\"Luzimara Fernandes\",\"image\":{\"@type\":\"ImageObject\",\"inLanguage\":\"pt-BR\",\"@id\":\"https:\/\/jornalfatosenoticias.com.br\/#\/schema\/person\/image\/\",\"url\":\"https:\/\/jornalfatosenoticias.com.br\/wp-content\/uploads\/2025\/05\/EU_portal.jpg\",\"contentUrl\":\"https:\/\/jornalfatosenoticias.com.br\/wp-content\/uploads\/2025\/05\/EU_portal.jpg\",\"caption\":\"Luzimara Fernandes\"},\"description\":\"Jornalista MTB 2358-ES\",\"sameAs\":[\"https:\/\/jornalfatosenoticias.com.br\"],\"url\":\"https:\/\/jornalfatosenoticias.com.br\/index.php\/author\/luzimara\/\"}]}<\/script>\n<!-- \/ Yoast SEO plugin. -->","yoast_head_json":{"title":"O verdadeiro treino n\u00e3o \u00e9 no corpo, \u00e9 na mente - Jornal Fatos e Not\u00edcias","robots":{"index":"index","follow":"follow","max-snippet":"max-snippet:-1","max-image-preview":"max-image-preview:large","max-video-preview":"max-video-preview:-1"},"canonical":"https:\/\/jornalfatosenoticias.com.br\/index.php\/2025\/07\/10\/o-verdadeiro-treino-nao-e-no-corpo-e-na-mente\/","og_locale":"pt_BR","og_type":"article","og_title":"O verdadeiro treino n\u00e3o \u00e9 no corpo, \u00e9 na mente - Jornal Fatos e Not\u00edcias","og_description":"Por\u00a0Kelly Mantovani Em um mundo onde a velocidade dita o ritmo e a informa\u00e7\u00e3o nos inunda a cada segundo, \u00e9 f\u00e1cil se perder na busca incessante por mais, por melhor, por tudo. Somos bombardeados por imagens de corpos esculturais, rotinas de sucesso e conquistas mete\u00f3ricas, o que nos leva a crer que a chave para [&hellip;]","og_url":"https:\/\/jornalfatosenoticias.com.br\/index.php\/2025\/07\/10\/o-verdadeiro-treino-nao-e-no-corpo-e-na-mente\/","og_site_name":"Jornal Fatos e Not\u00edcias","article_published_time":"2025-07-10T20:13:39+00:00","article_modified_time":"2025-07-10T20:13:40+00:00","og_image":[{"width":1000,"height":706,"url":"https:\/\/jornalfatosenoticias.com.br\/wp-content\/uploads\/2025\/07\/TREINO-KELLY_FREEPIK.jpg","type":"image\/jpeg"}],"author":"Luzimara Fernandes","twitter_card":"summary_large_image","twitter_misc":{"Escrito por":"Luzimara Fernandes","Est. tempo de leitura":"3 minutos"},"schema":{"@context":"https:\/\/schema.org","@graph":[{"@type":"Article","@id":"https:\/\/jornalfatosenoticias.com.br\/index.php\/2025\/07\/10\/o-verdadeiro-treino-nao-e-no-corpo-e-na-mente\/#article","isPartOf":{"@id":"https:\/\/jornalfatosenoticias.com.br\/index.php\/2025\/07\/10\/o-verdadeiro-treino-nao-e-no-corpo-e-na-mente\/"},"author":{"name":"Luzimara Fernandes","@id":"https:\/\/jornalfatosenoticias.com.br\/#\/schema\/person\/d63837fa13ac8666eb9e74e0985d6f81"},"headline":"O verdadeiro treino n\u00e3o \u00e9 no corpo, \u00e9 na mente","datePublished":"2025-07-10T20:13:39+00:00","dateModified":"2025-07-10T20:13:40+00:00","mainEntityOfPage":{"@id":"https:\/\/jornalfatosenoticias.com.br\/index.php\/2025\/07\/10\/o-verdadeiro-treino-nao-e-no-corpo-e-na-mente\/"},"wordCount":664,"commentCount":0,"publisher":{"@id":"https:\/\/jornalfatosenoticias.com.br\/#organization"},"image":{"@id":"https:\/\/jornalfatosenoticias.com.br\/index.php\/2025\/07\/10\/o-verdadeiro-treino-nao-e-no-corpo-e-na-mente\/#primaryimage"},"thumbnailUrl":"https:\/\/jornalfatosenoticias.com.br\/wp-content\/uploads\/2025\/07\/TREINO-KELLY_FREEPIK.jpg","keywords":["corpo","disciplina","exerc\u00edcios f\u00edsicos","mente","procrastina\u00e7\u00e3o","treinos","vida saud\u00e1vel"],"articleSection":["Bem-estar","Comportamento &amp; Equil\u00edbrio"],"inLanguage":"pt-BR","potentialAction":[{"@type":"CommentAction","name":"Comment","target":["https:\/\/jornalfatosenoticias.com.br\/index.php\/2025\/07\/10\/o-verdadeiro-treino-nao-e-no-corpo-e-na-mente\/#respond"]}]},{"@type":"WebPage","@id":"https:\/\/jornalfatosenoticias.com.br\/index.php\/2025\/07\/10\/o-verdadeiro-treino-nao-e-no-corpo-e-na-mente\/","url":"https:\/\/jornalfatosenoticias.com.br\/index.php\/2025\/07\/10\/o-verdadeiro-treino-nao-e-no-corpo-e-na-mente\/","name":"O verdadeiro treino n\u00e3o \u00e9 no corpo, \u00e9 na mente - Jornal Fatos e Not\u00edcias","isPartOf":{"@id":"https:\/\/jornalfatosenoticias.com.br\/#website"},"primaryImageOfPage":{"@id":"https:\/\/jornalfatosenoticias.com.br\/index.php\/2025\/07\/10\/o-verdadeiro-treino-nao-e-no-corpo-e-na-mente\/#primaryimage"},"image":{"@id":"https:\/\/jornalfatosenoticias.com.br\/index.php\/2025\/07\/10\/o-verdadeiro-treino-nao-e-no-corpo-e-na-mente\/#primaryimage"},"thumbnailUrl":"https:\/\/jornalfatosenoticias.com.br\/wp-content\/uploads\/2025\/07\/TREINO-KELLY_FREEPIK.jpg","datePublished":"2025-07-10T20:13:39+00:00","dateModified":"2025-07-10T20:13:40+00:00","breadcrumb":{"@id":"https:\/\/jornalfatosenoticias.com.br\/index.php\/2025\/07\/10\/o-verdadeiro-treino-nao-e-no-corpo-e-na-mente\/#breadcrumb"},"inLanguage":"pt-BR","potentialAction":[{"@type":"ReadAction","target":["https:\/\/jornalfatosenoticias.com.br\/index.php\/2025\/07\/10\/o-verdadeiro-treino-nao-e-no-corpo-e-na-mente\/"]}]},{"@type":"ImageObject","inLanguage":"pt-BR","@id":"https:\/\/jornalfatosenoticias.com.br\/index.php\/2025\/07\/10\/o-verdadeiro-treino-nao-e-no-corpo-e-na-mente\/#primaryimage","url":"https:\/\/jornalfatosenoticias.com.br\/wp-content\/uploads\/2025\/07\/TREINO-KELLY_FREEPIK.jpg","contentUrl":"https:\/\/jornalfatosenoticias.com.br\/wp-content\/uploads\/2025\/07\/TREINO-KELLY_FREEPIK.jpg","width":1000,"height":706,"caption":"young fitness girl in sportswear with headband holding wall clock looking aside stressed and nervous biting nails standing over orange background"},{"@type":"BreadcrumbList","@id":"https:\/\/jornalfatosenoticias.com.br\/index.php\/2025\/07\/10\/o-verdadeiro-treino-nao-e-no-corpo-e-na-mente\/#breadcrumb","itemListElement":[{"@type":"ListItem","position":1,"name":"In\u00edcio","item":"https:\/\/jornalfatosenoticias.com.br\/"},{"@type":"ListItem","position":2,"name":"O verdadeiro treino n\u00e3o \u00e9 no corpo, \u00e9 na mente"}]},{"@type":"WebSite","@id":"https:\/\/jornalfatosenoticias.com.br\/#website","url":"https:\/\/jornalfatosenoticias.com.br\/","name":"Jornal Fatos e Not\u00edcias","description":"Not\u00edcias em geral","publisher":{"@id":"https:\/\/jornalfatosenoticias.com.br\/#organization"},"potentialAction":[{"@type":"SearchAction","target":{"@type":"EntryPoint","urlTemplate":"https:\/\/jornalfatosenoticias.com.br\/?s={search_term_string}"},"query-input":{"@type":"PropertyValueSpecification","valueRequired":true,"valueName":"search_term_string"}}],"inLanguage":"pt-BR"},{"@type":"Organization","@id":"https:\/\/jornalfatosenoticias.com.br\/#organization","name":"Jornal Fatos e Not\u00edcias","url":"https:\/\/jornalfatosenoticias.com.br\/","logo":{"@type":"ImageObject","inLanguage":"pt-BR","@id":"https:\/\/jornalfatosenoticias.com.br\/#\/schema\/logo\/image\/","url":"https:\/\/jornalfatosenoticias.com.br\/wp-content\/uploads\/2020\/02\/logo120.png","contentUrl":"https:\/\/jornalfatosenoticias.com.br\/wp-content\/uploads\/2020\/02\/logo120.png","width":1227,"height":120,"caption":"Jornal Fatos e Not\u00edcias"},"image":{"@id":"https:\/\/jornalfatosenoticias.com.br\/#\/schema\/logo\/image\/"}},{"@type":"Person","@id":"https:\/\/jornalfatosenoticias.com.br\/#\/schema\/person\/d63837fa13ac8666eb9e74e0985d6f81","name":"Luzimara Fernandes","image":{"@type":"ImageObject","inLanguage":"pt-BR","@id":"https:\/\/jornalfatosenoticias.com.br\/#\/schema\/person\/image\/","url":"https:\/\/jornalfatosenoticias.com.br\/wp-content\/uploads\/2025\/05\/EU_portal.jpg","contentUrl":"https:\/\/jornalfatosenoticias.com.br\/wp-content\/uploads\/2025\/05\/EU_portal.jpg","caption":"Luzimara Fernandes"},"description":"Jornalista MTB 2358-ES","sameAs":["https:\/\/jornalfatosenoticias.com.br"],"url":"https:\/\/jornalfatosenoticias.com.br\/index.php\/author\/luzimara\/"}]}},"cc_featured_image_caption":{"caption_text":"(Foto: Freepik) ","source_text":"","source_url":""},"jetpack_featured_media_url":"https:\/\/jornalfatosenoticias.com.br\/wp-content\/uploads\/2025\/07\/TREINO-KELLY_FREEPIK.jpg","_links":{"self":[{"href":"https:\/\/jornalfatosenoticias.com.br\/index.php\/wp-json\/wp\/v2\/posts\/60439","targetHints":{"allow":["GET"]}}],"collection":[{"href":"https:\/\/jornalfatosenoticias.com.br\/index.php\/wp-json\/wp\/v2\/posts"}],"about":[{"href":"https:\/\/jornalfatosenoticias.com.br\/index.php\/wp-json\/wp\/v2\/types\/post"}],"author":[{"embeddable":true,"href":"https:\/\/jornalfatosenoticias.com.br\/index.php\/wp-json\/wp\/v2\/users\/2"}],"replies":[{"embeddable":true,"href":"https:\/\/jornalfatosenoticias.com.br\/index.php\/wp-json\/wp\/v2\/comments?post=60439"}],"version-history":[{"count":0,"href":"https:\/\/jornalfatosenoticias.com.br\/index.php\/wp-json\/wp\/v2\/posts\/60439\/revisions"}],"wp:featuredmedia":[{"embeddable":true,"href":"https:\/\/jornalfatosenoticias.com.br\/index.php\/wp-json\/wp\/v2\/media\/60440"}],"wp:attachment":[{"href":"https:\/\/jornalfatosenoticias.com.br\/index.php\/wp-json\/wp\/v2\/media?parent=60439"}],"wp:term":[{"taxonomy":"category","embeddable":true,"href":"https:\/\/jornalfatosenoticias.com.br\/index.php\/wp-json\/wp\/v2\/categories?post=60439"},{"taxonomy":"post_tag","embeddable":true,"href":"https:\/\/jornalfatosenoticias.com.br\/index.php\/wp-json\/wp\/v2\/tags?post=60439"}],"curies":[{"name":"wp","href":"https:\/\/api.w.org\/{rel}","templated":true}]}}