{"id":60442,"date":"2025-07-10T17:34:47","date_gmt":"2025-07-10T20:34:47","guid":{"rendered":"https:\/\/jornalfatosenoticias.com.br\/?p=60442"},"modified":"2025-07-10T17:34:49","modified_gmt":"2025-07-10T20:34:49","slug":"creditos-de-pis-e-cofins-sobre-o-ipi-nas-aquisicoes-para-revenda-impasse-ainda-sem-solucao-definitiva","status":"publish","type":"post","link":"https:\/\/jornalfatosenoticias.com.br\/index.php\/2025\/07\/10\/creditos-de-pis-e-cofins-sobre-o-ipi-nas-aquisicoes-para-revenda-impasse-ainda-sem-solucao-definitiva\/","title":{"rendered":"Cr\u00e9ditos de PIS e COFINS sobre o IPI nas aquisi\u00e7\u00f5es para revenda: impasse ainda sem solu\u00e7\u00e3o definitiva"},"content":{"rendered":"\n<div class=\"wp-block-image\"><figure class=\"aligncenter size-large\"><a href=\"https:\/\/mizu.com.br\/\"><img loading=\"lazy\" decoding=\"async\" width=\"729\" height=\"90\" src=\"https:\/\/jornalfatosenoticias.com.br\/wp-content\/uploads\/2020\/02\/Logo_Mizu.png\" alt=\"\" class=\"wp-image-1441\" srcset=\"https:\/\/jornalfatosenoticias.com.br\/wp-content\/uploads\/2020\/02\/Logo_Mizu.png 729w, https:\/\/jornalfatosenoticias.com.br\/wp-content\/uploads\/2020\/02\/Logo_Mizu-300x37.png 300w\" sizes=\"auto, (max-width: 729px) 100vw, 729px\" \/><\/a><\/figure><\/div>\n\n\n\n<p>Uma das discuss\u00f5es ainda pendentes de pacifica\u00e7\u00e3o no cen\u00e1rio tribut\u00e1rio brasileiro diz respeito \u00e0 possibilidade de aproveitamento de cr\u00e9ditos de <strong>PIS e COFINS<\/strong> sobre o valor do <strong>IPI<\/strong> incidente na aquisi\u00e7\u00e3o de mercadorias destinadas \u00e0 revenda por empresas que n\u00e3o s\u00e3o contribuintes desse imposto.<br>A controv\u00e9rsia \u00e9 antiga, mas permanece relevante, especialmente para empresas do com\u00e9rcio que adquirem produtos industrializados para revenda. Trata-se de uma disputa entre a interpreta\u00e7\u00e3o restritiva da Receita Federal e decis\u00f5es judiciais pontuais que t\u00eam reconhecido o direito ao cr\u00e9dito.<\/p>\n\n\n\n<div class=\"wp-block-image\"><figure class=\"aligncenter size-large is-resized\"><a href=\"https:\/\/www.facebook.com\/profile.php?id=100069289606145\"><img loading=\"lazy\" decoding=\"async\" src=\"https:\/\/jornalfatosenoticias.com.br\/wp-content\/uploads\/2024\/11\/Guaitolini-Contabilidade-1024x714.jpeg\" alt=\"\" class=\"wp-image-55808\" width=\"329\" height=\"229\" srcset=\"https:\/\/jornalfatosenoticias.com.br\/wp-content\/uploads\/2024\/11\/Guaitolini-Contabilidade-1024x714.jpeg 1024w, https:\/\/jornalfatosenoticias.com.br\/wp-content\/uploads\/2024\/11\/Guaitolini-Contabilidade-300x209.jpeg 300w, https:\/\/jornalfatosenoticias.com.br\/wp-content\/uploads\/2024\/11\/Guaitolini-Contabilidade-768x535.jpeg 768w, https:\/\/jornalfatosenoticias.com.br\/wp-content\/uploads\/2024\/11\/Guaitolini-Contabilidade.jpeg 1280w\" sizes=\"auto, (max-width: 329px) 100vw, 329px\" \/><\/a><\/figure><\/div>\n\n\n\n<p><strong><span class=\"has-inline-color has-black-color\">A vis\u00e3o da Receita Federal<br><\/span><\/strong>A Receita Federal entende que, no caso de revendedores n\u00e3o contribuintes do IPI, o imposto pago na aquisi\u00e7\u00e3o integra o custo de aquisi\u00e7\u00e3o da mercadoria, mas <strong>n\u00e3o gera direito ao cr\u00e9dito de PIS e COFINS.<\/strong> Isso porque, segundo o fisco, o IPI n\u00e3o comp\u00f5e a base de c\u00e1lculo das contribui\u00e7\u00f5es na etapa anterior (fabricante ou importador), o que inviabilizaria o cr\u00e9dito na etapa seguinte.<br>Essa posi\u00e7\u00e3o est\u00e1 expressa, por exemplo, na <strong>Solu\u00e7\u00e3o de Consulta Cosit n.\u00ba 110\/2025, <\/strong>onde a RFB afirma que o valor do IPI incidente na aquisi\u00e7\u00e3o de produtos para <strong><span style=\"text-decoration: underline;\">revenda das aquisi\u00e7\u00f5es a partir de 20 de Dezembro de 2022<\/span> n\u00e3o integra a base de c\u00e1lculo dos cr\u00e9dito de PIS e COFINS,<\/strong> quando o adquirente n\u00e3o for contribuinte do IPI.<\/p>\n\n\n\n<figure class=\"wp-block-table\"><table><thead><tr><td><strong>Per\u00edodo<\/strong><\/td><td><strong>Posi\u00e7\u00e3o da RFB \/ Cosit 110\/2025<\/strong><\/td><\/tr><\/thead><tbody><tr><td>\ud83d\udcc5 <strong>At\u00e9 19\/12\/2022<\/strong><\/td><td><strong>\u2705<\/strong><strong> IPI n\u00e3o recuper\u00e1vel gera cr\u00e9dito<\/strong><\/td><\/tr><tr><td>\ud83d\udcc5 <strong>A partir de 20\/12\/2022<\/strong><\/td><td>\u274c RFB: <strong>vedado o cr\u00e9dito<\/strong> via IN 2.121\/2022<\/td><\/tr><\/tbody><\/table><\/figure>\n\n\n\n<p><strong><span class=\"has-inline-color has-black-color\">A posi\u00e7\u00e3o dos contribuintes e os tribunais<br><\/span><\/strong>Do lado dos contribuintes, a argumenta\u00e7\u00e3o \u00e9 oposta: o IPI pago na compra da mercadoria representa um <strong>custo de aquisi\u00e7\u00e3o, <\/strong>e, portanto, deve ser considerado no c\u00e1lculo dos cr\u00e9ditos de PIS e COFINS, conforme permitido pela sistem\u00e1tica <strong>n\u00e3o cumulativa<\/strong> das contribui\u00e7\u00f5es.<br>H\u00e1 decis\u00f5es favor\u00e1veis aos contribuintes em tribunais regionais federais. O <strong>TRF da 3.\u00aa Regi\u00e3o,<\/strong> por exemplo, j\u00e1 reconheceu o direito ao cr\u00e9dito nessas situa\u00e7\u00f5es (ex: <strong>Apela\u00e7\u00e3o C\u00edvel n.\u00ba 0008887-29.2014.4.03.6100\/SP, <\/strong>julgado em 2020), ao considerar que o IPI comp\u00f5e o custo de aquisi\u00e7\u00e3o da mercadoria e, por isso, pode ser creditado.<\/p>\n\n\n\n<div class=\"wp-block-image\"><figure class=\"aligncenter size-large is-resized\"><a href=\"https:\/\/www.controlsystems.com.br\/\"><img loading=\"lazy\" decoding=\"async\" src=\"https:\/\/jornalfatosenoticias.com.br\/wp-content\/uploads\/2020\/02\/CONTROL-CS.jpg\" alt=\"\" class=\"wp-image-44991\" width=\"281\" height=\"336\" srcset=\"https:\/\/jornalfatosenoticias.com.br\/wp-content\/uploads\/2020\/02\/CONTROL-CS.jpg 834w, https:\/\/jornalfatosenoticias.com.br\/wp-content\/uploads\/2020\/02\/CONTROL-CS-250x300.jpg 250w, https:\/\/jornalfatosenoticias.com.br\/wp-content\/uploads\/2020\/02\/CONTROL-CS-768x921.jpg 768w\" sizes=\"auto, (max-width: 281px) 100vw, 281px\" \/><\/a><\/figure><\/div>\n\n\n\n<p><strong><span class=\"has-inline-color has-black-color\">E o que diz o STJ?<br><\/span><\/strong>At\u00e9 o momento, <strong>o Superior Tribunal de Justi\u00e7a (STJ) ainda n\u00e3o firmou tese sob o rito dos recursos repetitivos<\/strong> sobre essa mat\u00e9ria. H\u00e1 decis\u00f5es monocr\u00e1ticas e colegiadas, mas sem uniformiza\u00e7\u00e3o vinculante.<br>Em decis\u00f5es isoladas, ministros do STJ j\u00e1 apontaram que a an\u00e1lise depende do regime de tributa\u00e7\u00e3o e da fun\u00e7\u00e3o do IPI no processo de circula\u00e7\u00e3o da mercadoria. Contudo, n\u00e3o h\u00e1 consenso definitivo, o que mant\u00e9m a inseguran\u00e7a jur\u00eddica para os contribuintes.<\/p>\n\n\n\n<figure class=\"wp-block-table\"><table><thead><tr><td><strong>Per\u00edodo<\/strong><\/td><td><strong>Posi\u00e7\u00e3o da RFB \/ Cosit 110\/2025<\/strong><\/td><td><strong>Jurisprud\u00eancia majorit\u00e1ria (TRF\/STJ\/1\u00aa inst.)<\/strong><\/td><\/tr><\/thead><tbody><tr><td>\ud83d\udcc5 <strong>At\u00e9 19\/12\/2022<\/strong><\/td><td><strong>\u2705<\/strong><strong> IPI n\u00e3o recuper\u00e1vel gera cr\u00e9dito<\/strong><\/td><td>\u2705 Apoio no TRF\u20113, decis\u00f5es monocr\u00e1ticas e liminares \ud83d\udcbc<\/td><\/tr><tr><td>\ud83d\udcc5 <strong>A partir de 20\/12\/2022<\/strong><\/td><td>\u274c RFB: <strong>vedado o cr\u00e9dito<\/strong> via IN 2.121\/2022<\/td><td>\u2696\ufe0f Decis\u00f5es judiciais seguem favor\u00e1veis (legalidade)<\/td><\/tr><\/tbody><\/table><\/figure>\n\n\n\n<p><strong><span class=\"has-inline-color has-black-color\">Aplica\u00e7\u00e3o pr\u00e1tica no setor metalmec\u00e2nico: impactos para revendedores<br><\/span><\/strong>No setor metalmec\u00e2nico, composto por empresas que lidam com a produ\u00e7\u00e3o e comercializa\u00e7\u00e3o de m\u00e1quinas, ferramentas, pe\u00e7as met\u00e1licas e equipamentos industriais, essa controv\u00e9rsia tribut\u00e1ria tem impacto direto e significativo \u2014 sobretudo para os <strong>revendedores de produtos industrializados.<\/strong><\/p>\n\n\n\n<div class=\"wp-block-image\"><figure class=\"aligncenter size-large is-resized\"><a href=\"https:\/\/www.instagram.com\/rcradiadores\/\"><img loading=\"lazy\" decoding=\"async\" src=\"https:\/\/jornalfatosenoticias.com.br\/wp-content\/uploads\/2022\/10\/RC_800x750_page-0001.jpg\" alt=\"\" class=\"wp-image-35338\" width=\"302\" height=\"283\" srcset=\"https:\/\/jornalfatosenoticias.com.br\/wp-content\/uploads\/2022\/10\/RC_800x750_page-0001.jpg 400w, https:\/\/jornalfatosenoticias.com.br\/wp-content\/uploads\/2022\/10\/RC_800x750_page-0001-300x281.jpg 300w\" sizes=\"auto, (max-width: 302px) 100vw, 302px\" \/><\/a><\/figure><\/div>\n\n\n\n<p>Essas empresas, muitas vezes <strong>n\u00e3o contribuintes do IPI, <\/strong>adquirem itens acabados de fabricantes nacionais ou importadores para revenda. Nestes casos, o <strong>IPI embutido no pre\u00e7o de aquisi\u00e7\u00e3o representa uma parcela consider\u00e1vel do custo da mercadoria. <\/strong>Assim, a veda\u00e7\u00e3o imposta pela Receita Federal ao aproveitamento de cr\u00e9ditos de <strong>PIS e COFINS sobre esse valor de IPI<\/strong> afeta diretamente a <strong>forma\u00e7\u00e3o de pre\u00e7o, a margem de lucro e a competitividade dos revendedores.<\/strong><\/p>\n\n\n\n<div class=\"wp-block-image\"><figure class=\"aligncenter size-large\"><img loading=\"lazy\" decoding=\"async\" width=\"612\" height=\"387\" src=\"https:\/\/jornalfatosenoticias.com.br\/wp-content\/uploads\/2025\/07\/credito-pis-e-cofins_istock2.jpg\" alt=\"\" class=\"wp-image-60444\" srcset=\"https:\/\/jornalfatosenoticias.com.br\/wp-content\/uploads\/2025\/07\/credito-pis-e-cofins_istock2.jpg 612w, https:\/\/jornalfatosenoticias.com.br\/wp-content\/uploads\/2025\/07\/credito-pis-e-cofins_istock2-300x190.jpg 300w, https:\/\/jornalfatosenoticias.com.br\/wp-content\/uploads\/2025\/07\/credito-pis-e-cofins_istock2-350x220.jpg 350w\" sizes=\"auto, (max-width: 612px) 100vw, 612px\" \/><figcaption><em><span class=\"has-inline-color has-black-color\">No setor metalmec\u00e2nico, composto por empresas que lidam com a produ\u00e7\u00e3o e comercializa\u00e7\u00e3o de m\u00e1quinas, ferramentas, pe\u00e7as met\u00e1licas e equipamentos industriais<\/span><\/em> <em><span class=\"has-inline-color has-black-color\">(Foto: iStock)<\/span><\/em><\/figcaption><\/figure><\/div>\n\n\n\n<p><strong><em><span class=\"has-inline-color has-black-color\">Exemplo pr\u00e1tico<br><\/span><\/em><\/strong>Uma revendedora de m\u00e1quinas CNC (fresadoras, tornos, etc.) adquire os equipamentos de um fabricante nacional, pagando o IPI incidente na nota fiscal, sendo uma empresa com atividade de revenda desses produtos. Mesmo n\u00e3o sendo contribuinte do IPI, essa revendedora incorre no custo do imposto. <\/p>\n\n\n\n<div class=\"wp-block-image\"><figure class=\"aligncenter size-large is-resized\"><a href=\"https:\/\/hotelmarquetti.com.br\/\"><img loading=\"lazy\" decoding=\"async\" src=\"https:\/\/jornalfatosenoticias.com.br\/wp-content\/uploads\/2020\/02\/LOGO-MQ-1024x680.jpg\" alt=\"\" class=\"wp-image-58299\" width=\"334\" height=\"222\" srcset=\"https:\/\/jornalfatosenoticias.com.br\/wp-content\/uploads\/2020\/02\/LOGO-MQ-1024x680.jpg 1024w, https:\/\/jornalfatosenoticias.com.br\/wp-content\/uploads\/2020\/02\/LOGO-MQ-300x199.jpg 300w, https:\/\/jornalfatosenoticias.com.br\/wp-content\/uploads\/2020\/02\/LOGO-MQ-768x510.jpg 768w, https:\/\/jornalfatosenoticias.com.br\/wp-content\/uploads\/2020\/02\/LOGO-MQ-1536x1020.jpg 1536w, https:\/\/jornalfatosenoticias.com.br\/wp-content\/uploads\/2020\/02\/LOGO-MQ-2048x1360.jpg 2048w\" sizes=\"auto, (max-width: 334px) 100vw, 334px\" \/><\/a><\/figure><\/div>\n\n\n\n<p>Segundo a l\u00f3gica da Receita Federal, ela n\u00e3o poder\u00e1 tomar cr\u00e9dito de PIS e COFINS sobre esse valor, o que encarece a opera\u00e7\u00e3o. Para empresas metalmec\u00e2nicas com atua\u00e7\u00e3o intensa na revenda como distribuidores de ferramentas industriais, pe\u00e7as de reposi\u00e7\u00e3o, ou sistemas de automa\u00e7\u00e3o, essa <strong>veda\u00e7\u00e3o ao cr\u00e9dito tribut\u00e1rio aumenta a carga efetiva das contribui\u00e7\u00f5es, <\/strong>gerando distor\u00e7\u00f5es na cadeia produtiva e <strong>impactando negativamente o fluxo de caixa.<\/strong><\/p>\n\n\n\n<div class=\"wp-block-image\"><figure class=\"aligncenter size-large\"><a href=\"http:\/\/www.ferrarimaquinas.com.br\/\"><img loading=\"lazy\" decoding=\"async\" width=\"300\" height=\"250\" src=\"https:\/\/jornalfatosenoticias.com.br\/wp-content\/uploads\/2022\/02\/FERRARI_MAQUINAS-E-FERRAMENTAS2.jpg\" alt=\"\" class=\"wp-image-27860\"\/><\/a><\/figure><\/div>\n\n\n\n<p><strong><span class=\"has-inline-color has-black-color\">O que fazer? Judicializar \u00e9 o caminho<br><\/span><\/strong>Diante desse cen\u00e1rio indefinido, <strong>a judicializa\u00e7\u00e3o permanece sendo a via mais segura para empresas que desejam garantir o direito ao cr\u00e9dito. <\/strong>A recomenda\u00e7\u00e3o \u00e9 que os contribuintes avaliem com seus consultores jur\u00eddicos e tribut\u00e1rios a viabilidade de ingressar com a\u00e7\u00f5es judiciais, sempre observando o prazo prescricional de <strong>cinco anos (60 meses)<\/strong> para a recupera\u00e7\u00e3o de valores eventualmente pagos a maior. Quanto antes os contribuintes se movimentarem, <strong>menores ser\u00e3o os preju\u00edzos acumulados com a n\u00e3o tomada do cr\u00e9dito.<\/strong><\/p>\n\n\n\n<div class=\"wp-block-image\"><figure class=\"aligncenter size-large is-resized\"><a href=\"https:\/\/www.instagram.com\/serra4x4cambioautomatico\/\"><img loading=\"lazy\" decoding=\"async\" src=\"https:\/\/jornalfatosenoticias.com.br\/wp-content\/uploads\/2024\/08\/Serra-4x4-1-886x1024.jpg\" alt=\"\" class=\"wp-image-53632\" width=\"306\" height=\"353\" srcset=\"https:\/\/jornalfatosenoticias.com.br\/wp-content\/uploads\/2024\/08\/Serra-4x4-1-886x1024.jpg 886w, https:\/\/jornalfatosenoticias.com.br\/wp-content\/uploads\/2024\/08\/Serra-4x4-1-260x300.jpg 260w, https:\/\/jornalfatosenoticias.com.br\/wp-content\/uploads\/2024\/08\/Serra-4x4-1-768x888.jpg 768w, https:\/\/jornalfatosenoticias.com.br\/wp-content\/uploads\/2024\/08\/Serra-4x4-1.jpg 1181w\" sizes=\"auto, (max-width: 306px) 100vw, 306px\" \/><\/a><\/figure><\/div>\n\n\n\n<p><strong><span class=\"has-inline-color has-black-color\">Conclus\u00e3o<br><\/span><\/strong>Enquanto n\u00e3o houver uma decis\u00e3o definitiva do STJ em sede de repetitivo, essa disputa continuar\u00e1 a movimentar o contencioso tribut\u00e1rio. O cen\u00e1rio exige aten\u00e7\u00e3o e a\u00e7\u00e3o estrat\u00e9gica por parte das empresas, especialmente aquelas que atuam na revenda de produtos industrializados e n\u00e3o s\u00e3o contribuintes do IPI.<br>Fiquemos atentos aos pr\u00f3ximos cap\u00edtulos dessa disputa que, mais uma vez, coloca frente a frente a Receita Federal e os direitos dos contribuintes.<\/p>\n\n\n\n<div class=\"wp-block-image\"><figure class=\"aligncenter size-large is-resized\"><a href=\"https:\/\/www.instagram.com\/esteio.churrascaria\/\"><img loading=\"lazy\" decoding=\"async\" src=\"https:\/\/jornalfatosenoticias.com.br\/wp-content\/uploads\/2022\/02\/LOGO-ESTEIO-1024x730.png\" alt=\"\" class=\"wp-image-27942\" width=\"312\" height=\"222\" srcset=\"https:\/\/jornalfatosenoticias.com.br\/wp-content\/uploads\/2022\/02\/LOGO-ESTEIO-1024x730.png 1024w, https:\/\/jornalfatosenoticias.com.br\/wp-content\/uploads\/2022\/02\/LOGO-ESTEIO-300x214.png 300w, https:\/\/jornalfatosenoticias.com.br\/wp-content\/uploads\/2022\/02\/LOGO-ESTEIO-768x548.png 768w, https:\/\/jornalfatosenoticias.com.br\/wp-content\/uploads\/2022\/02\/LOGO-ESTEIO.png 1123w\" sizes=\"auto, (max-width: 312px) 100vw, 312px\" \/><\/a><\/figure><\/div>\n\n\n\n<blockquote class=\"wp-block-quote is-layout-flow wp-block-quote-is-layout-flow\"><p><span class=\"has-inline-color has-vivid-purple-color\"><strong><span style=\"text-decoration: underline;\">Frase da Semana<br><\/span><\/strong>\u201cNada \u00e9 mais certo neste mundo do que a morte e os impostos\u201d, Benjamin Franklin<\/span><\/p><\/blockquote>\n\n\n\n<div class=\"wp-block-image\"><figure class=\"aligncenter size-large is-resized\"><a href=\"https:\/\/www.facebook.com\/vetor.vix\/\"><img loading=\"lazy\" decoding=\"async\" src=\"https:\/\/jornalfatosenoticias.com.br\/wp-content\/uploads\/2023\/09\/vetorvix1024_1.jpg\" alt=\"\" class=\"wp-image-44868\" width=\"543\" height=\"144\" srcset=\"https:\/\/jornalfatosenoticias.com.br\/wp-content\/uploads\/2023\/09\/vetorvix1024_1.jpg 1024w, https:\/\/jornalfatosenoticias.com.br\/wp-content\/uploads\/2023\/09\/vetorvix1024_1-300x80.jpg 300w, https:\/\/jornalfatosenoticias.com.br\/wp-content\/uploads\/2023\/09\/vetorvix1024_1-768x205.jpg 768w\" sizes=\"auto, (max-width: 543px) 100vw, 543px\" \/><\/a><\/figure><\/div>\n","protected":false},"excerpt":{"rendered":"<p>Uma das discuss\u00f5es ainda pendentes de pacifica\u00e7\u00e3o no cen\u00e1rio tribut\u00e1rio brasileiro diz respeito \u00e0 possibilidade de aproveitamento de cr\u00e9ditos de PIS e COFINS sobre o valor do IPI incidente na aquisi\u00e7\u00e3o de mercadorias destinadas \u00e0 revenda por empresas que n\u00e3o s\u00e3o contribuintes desse imposto.A controv\u00e9rsia \u00e9 antiga, mas permanece relevante, especialmente para empresas do com\u00e9rcio [&hellip;]<\/p>\n","protected":false},"author":39,"featured_media":60443,"comment_status":"open","ping_status":"open","sticky":false,"template":"","format":"standard","meta":{"footnotes":""},"categories":[9],"tags":[4047,13644,27579,25331,6829,20538,1404],"class_list":["post-60442","post","type-post","status-publish","format-standard","has-post-thumbnail","hentry","category-economia","tag-carga-tributaria","tag-cofins","tag-credito-tributario","tag-creditos","tag-ipi","tag-pis","tag-receita-federal"],"yoast_head":"<!-- This site is optimized with the Yoast SEO plugin v26.5 - https:\/\/yoast.com\/wordpress\/plugins\/seo\/ -->\n<title>Cr\u00e9ditos de PIS e COFINS sobre o IPI nas aquisi\u00e7\u00f5es para revenda: impasse ainda sem solu\u00e7\u00e3o definitiva - Jornal Fatos e Not\u00edcias<\/title>\n<meta name=\"robots\" content=\"index, follow, max-snippet:-1, max-image-preview:large, max-video-preview:-1\" \/>\n<link rel=\"canonical\" href=\"https:\/\/jornalfatosenoticias.com.br\/index.php\/2025\/07\/10\/creditos-de-pis-e-cofins-sobre-o-ipi-nas-aquisicoes-para-revenda-impasse-ainda-sem-solucao-definitiva\/\" \/>\n<meta property=\"og:locale\" content=\"pt_BR\" \/>\n<meta property=\"og:type\" content=\"article\" \/>\n<meta property=\"og:title\" content=\"Cr\u00e9ditos de PIS e COFINS sobre o IPI nas aquisi\u00e7\u00f5es para revenda: impasse ainda sem solu\u00e7\u00e3o definitiva - Jornal Fatos e Not\u00edcias\" \/>\n<meta property=\"og:description\" content=\"Uma das discuss\u00f5es ainda pendentes de pacifica\u00e7\u00e3o no cen\u00e1rio tribut\u00e1rio brasileiro diz respeito \u00e0 possibilidade de aproveitamento de cr\u00e9ditos de PIS e COFINS sobre o valor do IPI incidente na aquisi\u00e7\u00e3o de mercadorias destinadas \u00e0 revenda por empresas que n\u00e3o s\u00e3o contribuintes desse imposto.A controv\u00e9rsia \u00e9 antiga, mas permanece relevante, especialmente para empresas do com\u00e9rcio [&hellip;]\" \/>\n<meta property=\"og:url\" content=\"https:\/\/jornalfatosenoticias.com.br\/index.php\/2025\/07\/10\/creditos-de-pis-e-cofins-sobre-o-ipi-nas-aquisicoes-para-revenda-impasse-ainda-sem-solucao-definitiva\/\" \/>\n<meta property=\"og:site_name\" content=\"Jornal Fatos e Not\u00edcias\" \/>\n<meta property=\"article:published_time\" content=\"2025-07-10T20:34:47+00:00\" \/>\n<meta property=\"article:modified_time\" content=\"2025-07-10T20:34:49+00:00\" \/>\n<meta property=\"og:image\" content=\"https:\/\/jornalfatosenoticias.com.br\/wp-content\/uploads\/2025\/07\/credito-pis-e-cofins_istock.jpg\" \/>\n\t<meta property=\"og:image:width\" content=\"612\" \/>\n\t<meta property=\"og:image:height\" content=\"302\" \/>\n\t<meta property=\"og:image:type\" content=\"image\/jpeg\" \/>\n<meta name=\"author\" content=\"Rogerio Fernandes e Kalyne Calais\" \/>\n<meta name=\"twitter:card\" content=\"summary_large_image\" \/>\n<meta name=\"twitter:label1\" content=\"Escrito por\" \/>\n\t<meta name=\"twitter:data1\" content=\"Rogerio Fernandes e Kalyne Calais\" \/>\n\t<meta name=\"twitter:label2\" content=\"Est. tempo de leitura\" \/>\n\t<meta name=\"twitter:data2\" content=\"5 minutos\" \/>\n<script type=\"application\/ld+json\" class=\"yoast-schema-graph\">{\"@context\":\"https:\/\/schema.org\",\"@graph\":[{\"@type\":\"Article\",\"@id\":\"https:\/\/jornalfatosenoticias.com.br\/index.php\/2025\/07\/10\/creditos-de-pis-e-cofins-sobre-o-ipi-nas-aquisicoes-para-revenda-impasse-ainda-sem-solucao-definitiva\/#article\",\"isPartOf\":{\"@id\":\"https:\/\/jornalfatosenoticias.com.br\/index.php\/2025\/07\/10\/creditos-de-pis-e-cofins-sobre-o-ipi-nas-aquisicoes-para-revenda-impasse-ainda-sem-solucao-definitiva\/\"},\"author\":{\"name\":\"Rogerio Fernandes e Kalyne Calais\",\"@id\":\"https:\/\/jornalfatosenoticias.com.br\/#\/schema\/person\/dbe3a29c2a0ae01a892d7aef31d6c0b6\"},\"headline\":\"Cr\u00e9ditos de PIS e COFINS sobre o IPI nas aquisi\u00e7\u00f5es para revenda: impasse ainda sem solu\u00e7\u00e3o definitiva\",\"datePublished\":\"2025-07-10T20:34:47+00:00\",\"dateModified\":\"2025-07-10T20:34:49+00:00\",\"mainEntityOfPage\":{\"@id\":\"https:\/\/jornalfatosenoticias.com.br\/index.php\/2025\/07\/10\/creditos-de-pis-e-cofins-sobre-o-ipi-nas-aquisicoes-para-revenda-impasse-ainda-sem-solucao-definitiva\/\"},\"wordCount\":1023,\"commentCount\":0,\"publisher\":{\"@id\":\"https:\/\/jornalfatosenoticias.com.br\/#organization\"},\"image\":{\"@id\":\"https:\/\/jornalfatosenoticias.com.br\/index.php\/2025\/07\/10\/creditos-de-pis-e-cofins-sobre-o-ipi-nas-aquisicoes-para-revenda-impasse-ainda-sem-solucao-definitiva\/#primaryimage\"},\"thumbnailUrl\":\"https:\/\/jornalfatosenoticias.com.br\/wp-content\/uploads\/2025\/07\/credito-pis-e-cofins_istock.jpg\",\"keywords\":[\"carga tribut\u00e1ria\",\"Cofins\",\"cr\u00e9dito tribut\u00e1rio\",\"cr\u00e9ditos\",\"IPI\",\"Pis\",\"Receita Federal\"],\"articleSection\":[\"Economia\"],\"inLanguage\":\"pt-BR\",\"potentialAction\":[{\"@type\":\"CommentAction\",\"name\":\"Comment\",\"target\":[\"https:\/\/jornalfatosenoticias.com.br\/index.php\/2025\/07\/10\/creditos-de-pis-e-cofins-sobre-o-ipi-nas-aquisicoes-para-revenda-impasse-ainda-sem-solucao-definitiva\/#respond\"]}]},{\"@type\":\"WebPage\",\"@id\":\"https:\/\/jornalfatosenoticias.com.br\/index.php\/2025\/07\/10\/creditos-de-pis-e-cofins-sobre-o-ipi-nas-aquisicoes-para-revenda-impasse-ainda-sem-solucao-definitiva\/\",\"url\":\"https:\/\/jornalfatosenoticias.com.br\/index.php\/2025\/07\/10\/creditos-de-pis-e-cofins-sobre-o-ipi-nas-aquisicoes-para-revenda-impasse-ainda-sem-solucao-definitiva\/\",\"name\":\"Cr\u00e9ditos de PIS e COFINS sobre o IPI nas aquisi\u00e7\u00f5es para revenda: impasse ainda sem solu\u00e7\u00e3o definitiva - Jornal Fatos e Not\u00edcias\",\"isPartOf\":{\"@id\":\"https:\/\/jornalfatosenoticias.com.br\/#website\"},\"primaryImageOfPage\":{\"@id\":\"https:\/\/jornalfatosenoticias.com.br\/index.php\/2025\/07\/10\/creditos-de-pis-e-cofins-sobre-o-ipi-nas-aquisicoes-para-revenda-impasse-ainda-sem-solucao-definitiva\/#primaryimage\"},\"image\":{\"@id\":\"https:\/\/jornalfatosenoticias.com.br\/index.php\/2025\/07\/10\/creditos-de-pis-e-cofins-sobre-o-ipi-nas-aquisicoes-para-revenda-impasse-ainda-sem-solucao-definitiva\/#primaryimage\"},\"thumbnailUrl\":\"https:\/\/jornalfatosenoticias.com.br\/wp-content\/uploads\/2025\/07\/credito-pis-e-cofins_istock.jpg\",\"datePublished\":\"2025-07-10T20:34:47+00:00\",\"dateModified\":\"2025-07-10T20:34:49+00:00\",\"breadcrumb\":{\"@id\":\"https:\/\/jornalfatosenoticias.com.br\/index.php\/2025\/07\/10\/creditos-de-pis-e-cofins-sobre-o-ipi-nas-aquisicoes-para-revenda-impasse-ainda-sem-solucao-definitiva\/#breadcrumb\"},\"inLanguage\":\"pt-BR\",\"potentialAction\":[{\"@type\":\"ReadAction\",\"target\":[\"https:\/\/jornalfatosenoticias.com.br\/index.php\/2025\/07\/10\/creditos-de-pis-e-cofins-sobre-o-ipi-nas-aquisicoes-para-revenda-impasse-ainda-sem-solucao-definitiva\/\"]}]},{\"@type\":\"ImageObject\",\"inLanguage\":\"pt-BR\",\"@id\":\"https:\/\/jornalfatosenoticias.com.br\/index.php\/2025\/07\/10\/creditos-de-pis-e-cofins-sobre-o-ipi-nas-aquisicoes-para-revenda-impasse-ainda-sem-solucao-definitiva\/#primaryimage\",\"url\":\"https:\/\/jornalfatosenoticias.com.br\/wp-content\/uploads\/2025\/07\/credito-pis-e-cofins_istock.jpg\",\"contentUrl\":\"https:\/\/jornalfatosenoticias.com.br\/wp-content\/uploads\/2025\/07\/credito-pis-e-cofins_istock.jpg\",\"width\":612,\"height\":302,\"caption\":\"Brazil real rising, quotation of brazilian real in the market. Brazilian economy and finance concept\"},{\"@type\":\"BreadcrumbList\",\"@id\":\"https:\/\/jornalfatosenoticias.com.br\/index.php\/2025\/07\/10\/creditos-de-pis-e-cofins-sobre-o-ipi-nas-aquisicoes-para-revenda-impasse-ainda-sem-solucao-definitiva\/#breadcrumb\",\"itemListElement\":[{\"@type\":\"ListItem\",\"position\":1,\"name\":\"In\u00edcio\",\"item\":\"https:\/\/jornalfatosenoticias.com.br\/\"},{\"@type\":\"ListItem\",\"position\":2,\"name\":\"Cr\u00e9ditos de PIS e COFINS sobre o IPI nas aquisi\u00e7\u00f5es para revenda: impasse ainda sem solu\u00e7\u00e3o definitiva\"}]},{\"@type\":\"WebSite\",\"@id\":\"https:\/\/jornalfatosenoticias.com.br\/#website\",\"url\":\"https:\/\/jornalfatosenoticias.com.br\/\",\"name\":\"Jornal Fatos e Not\u00edcias\",\"description\":\"Not\u00edcias em geral\",\"publisher\":{\"@id\":\"https:\/\/jornalfatosenoticias.com.br\/#organization\"},\"potentialAction\":[{\"@type\":\"SearchAction\",\"target\":{\"@type\":\"EntryPoint\",\"urlTemplate\":\"https:\/\/jornalfatosenoticias.com.br\/?s={search_term_string}\"},\"query-input\":{\"@type\":\"PropertyValueSpecification\",\"valueRequired\":true,\"valueName\":\"search_term_string\"}}],\"inLanguage\":\"pt-BR\"},{\"@type\":\"Organization\",\"@id\":\"https:\/\/jornalfatosenoticias.com.br\/#organization\",\"name\":\"Jornal Fatos e Not\u00edcias\",\"url\":\"https:\/\/jornalfatosenoticias.com.br\/\",\"logo\":{\"@type\":\"ImageObject\",\"inLanguage\":\"pt-BR\",\"@id\":\"https:\/\/jornalfatosenoticias.com.br\/#\/schema\/logo\/image\/\",\"url\":\"https:\/\/jornalfatosenoticias.com.br\/wp-content\/uploads\/2020\/02\/logo120.png\",\"contentUrl\":\"https:\/\/jornalfatosenoticias.com.br\/wp-content\/uploads\/2020\/02\/logo120.png\",\"width\":1227,\"height\":120,\"caption\":\"Jornal Fatos e Not\u00edcias\"},\"image\":{\"@id\":\"https:\/\/jornalfatosenoticias.com.br\/#\/schema\/logo\/image\/\"}},{\"@type\":\"Person\",\"@id\":\"https:\/\/jornalfatosenoticias.com.br\/#\/schema\/person\/dbe3a29c2a0ae01a892d7aef31d6c0b6\",\"name\":\"Rogerio Fernandes e Kalyne Calais\",\"image\":{\"@type\":\"ImageObject\",\"inLanguage\":\"pt-BR\",\"@id\":\"https:\/\/jornalfatosenoticias.com.br\/#\/schema\/person\/image\/\",\"url\":\"https:\/\/jornalfatosenoticias.com.br\/wp-content\/uploads\/2026\/01\/Rogerio-Kalyne_PORTAL-1-150x150.jpeg\",\"contentUrl\":\"https:\/\/jornalfatosenoticias.com.br\/wp-content\/uploads\/2026\/01\/Rogerio-Kalyne_PORTAL-1-150x150.jpeg\",\"caption\":\"Rogerio Fernandes e Kalyne Calais\"},\"description\":\"Especialistas em Direito Tribut\u00e1rio Legis Juris Consultoria https:\/\/www.instagram.com\/kalynecalais\/ https:\/\/www.linkedin.com\/company\/legis-juris\/\",\"url\":\"https:\/\/jornalfatosenoticias.com.br\/index.php\/author\/rogerio-e-kalyne\/\"}]}<\/script>\n<!-- \/ Yoast SEO plugin. -->","yoast_head_json":{"title":"Cr\u00e9ditos de PIS e COFINS sobre o IPI nas aquisi\u00e7\u00f5es para revenda: impasse ainda sem solu\u00e7\u00e3o definitiva - Jornal Fatos e Not\u00edcias","robots":{"index":"index","follow":"follow","max-snippet":"max-snippet:-1","max-image-preview":"max-image-preview:large","max-video-preview":"max-video-preview:-1"},"canonical":"https:\/\/jornalfatosenoticias.com.br\/index.php\/2025\/07\/10\/creditos-de-pis-e-cofins-sobre-o-ipi-nas-aquisicoes-para-revenda-impasse-ainda-sem-solucao-definitiva\/","og_locale":"pt_BR","og_type":"article","og_title":"Cr\u00e9ditos de PIS e COFINS sobre o IPI nas aquisi\u00e7\u00f5es para revenda: impasse ainda sem solu\u00e7\u00e3o definitiva - Jornal Fatos e Not\u00edcias","og_description":"Uma das discuss\u00f5es ainda pendentes de pacifica\u00e7\u00e3o no cen\u00e1rio tribut\u00e1rio brasileiro diz respeito \u00e0 possibilidade de aproveitamento de cr\u00e9ditos de PIS e COFINS sobre o valor do IPI incidente na aquisi\u00e7\u00e3o de mercadorias destinadas \u00e0 revenda por empresas que n\u00e3o s\u00e3o contribuintes desse imposto.A controv\u00e9rsia \u00e9 antiga, mas permanece relevante, especialmente para empresas do com\u00e9rcio [&hellip;]","og_url":"https:\/\/jornalfatosenoticias.com.br\/index.php\/2025\/07\/10\/creditos-de-pis-e-cofins-sobre-o-ipi-nas-aquisicoes-para-revenda-impasse-ainda-sem-solucao-definitiva\/","og_site_name":"Jornal Fatos e Not\u00edcias","article_published_time":"2025-07-10T20:34:47+00:00","article_modified_time":"2025-07-10T20:34:49+00:00","og_image":[{"width":612,"height":302,"url":"https:\/\/jornalfatosenoticias.com.br\/wp-content\/uploads\/2025\/07\/credito-pis-e-cofins_istock.jpg","type":"image\/jpeg"}],"author":"Rogerio Fernandes e Kalyne Calais","twitter_card":"summary_large_image","twitter_misc":{"Escrito por":"Rogerio Fernandes e Kalyne Calais","Est. tempo de leitura":"5 minutos"},"schema":{"@context":"https:\/\/schema.org","@graph":[{"@type":"Article","@id":"https:\/\/jornalfatosenoticias.com.br\/index.php\/2025\/07\/10\/creditos-de-pis-e-cofins-sobre-o-ipi-nas-aquisicoes-para-revenda-impasse-ainda-sem-solucao-definitiva\/#article","isPartOf":{"@id":"https:\/\/jornalfatosenoticias.com.br\/index.php\/2025\/07\/10\/creditos-de-pis-e-cofins-sobre-o-ipi-nas-aquisicoes-para-revenda-impasse-ainda-sem-solucao-definitiva\/"},"author":{"name":"Rogerio Fernandes e Kalyne Calais","@id":"https:\/\/jornalfatosenoticias.com.br\/#\/schema\/person\/dbe3a29c2a0ae01a892d7aef31d6c0b6"},"headline":"Cr\u00e9ditos de PIS e COFINS sobre o IPI nas aquisi\u00e7\u00f5es para revenda: impasse ainda sem solu\u00e7\u00e3o definitiva","datePublished":"2025-07-10T20:34:47+00:00","dateModified":"2025-07-10T20:34:49+00:00","mainEntityOfPage":{"@id":"https:\/\/jornalfatosenoticias.com.br\/index.php\/2025\/07\/10\/creditos-de-pis-e-cofins-sobre-o-ipi-nas-aquisicoes-para-revenda-impasse-ainda-sem-solucao-definitiva\/"},"wordCount":1023,"commentCount":0,"publisher":{"@id":"https:\/\/jornalfatosenoticias.com.br\/#organization"},"image":{"@id":"https:\/\/jornalfatosenoticias.com.br\/index.php\/2025\/07\/10\/creditos-de-pis-e-cofins-sobre-o-ipi-nas-aquisicoes-para-revenda-impasse-ainda-sem-solucao-definitiva\/#primaryimage"},"thumbnailUrl":"https:\/\/jornalfatosenoticias.com.br\/wp-content\/uploads\/2025\/07\/credito-pis-e-cofins_istock.jpg","keywords":["carga tribut\u00e1ria","Cofins","cr\u00e9dito tribut\u00e1rio","cr\u00e9ditos","IPI","Pis","Receita Federal"],"articleSection":["Economia"],"inLanguage":"pt-BR","potentialAction":[{"@type":"CommentAction","name":"Comment","target":["https:\/\/jornalfatosenoticias.com.br\/index.php\/2025\/07\/10\/creditos-de-pis-e-cofins-sobre-o-ipi-nas-aquisicoes-para-revenda-impasse-ainda-sem-solucao-definitiva\/#respond"]}]},{"@type":"WebPage","@id":"https:\/\/jornalfatosenoticias.com.br\/index.php\/2025\/07\/10\/creditos-de-pis-e-cofins-sobre-o-ipi-nas-aquisicoes-para-revenda-impasse-ainda-sem-solucao-definitiva\/","url":"https:\/\/jornalfatosenoticias.com.br\/index.php\/2025\/07\/10\/creditos-de-pis-e-cofins-sobre-o-ipi-nas-aquisicoes-para-revenda-impasse-ainda-sem-solucao-definitiva\/","name":"Cr\u00e9ditos de PIS e COFINS sobre o IPI nas aquisi\u00e7\u00f5es para revenda: impasse ainda sem solu\u00e7\u00e3o definitiva - Jornal Fatos e Not\u00edcias","isPartOf":{"@id":"https:\/\/jornalfatosenoticias.com.br\/#website"},"primaryImageOfPage":{"@id":"https:\/\/jornalfatosenoticias.com.br\/index.php\/2025\/07\/10\/creditos-de-pis-e-cofins-sobre-o-ipi-nas-aquisicoes-para-revenda-impasse-ainda-sem-solucao-definitiva\/#primaryimage"},"image":{"@id":"https:\/\/jornalfatosenoticias.com.br\/index.php\/2025\/07\/10\/creditos-de-pis-e-cofins-sobre-o-ipi-nas-aquisicoes-para-revenda-impasse-ainda-sem-solucao-definitiva\/#primaryimage"},"thumbnailUrl":"https:\/\/jornalfatosenoticias.com.br\/wp-content\/uploads\/2025\/07\/credito-pis-e-cofins_istock.jpg","datePublished":"2025-07-10T20:34:47+00:00","dateModified":"2025-07-10T20:34:49+00:00","breadcrumb":{"@id":"https:\/\/jornalfatosenoticias.com.br\/index.php\/2025\/07\/10\/creditos-de-pis-e-cofins-sobre-o-ipi-nas-aquisicoes-para-revenda-impasse-ainda-sem-solucao-definitiva\/#breadcrumb"},"inLanguage":"pt-BR","potentialAction":[{"@type":"ReadAction","target":["https:\/\/jornalfatosenoticias.com.br\/index.php\/2025\/07\/10\/creditos-de-pis-e-cofins-sobre-o-ipi-nas-aquisicoes-para-revenda-impasse-ainda-sem-solucao-definitiva\/"]}]},{"@type":"ImageObject","inLanguage":"pt-BR","@id":"https:\/\/jornalfatosenoticias.com.br\/index.php\/2025\/07\/10\/creditos-de-pis-e-cofins-sobre-o-ipi-nas-aquisicoes-para-revenda-impasse-ainda-sem-solucao-definitiva\/#primaryimage","url":"https:\/\/jornalfatosenoticias.com.br\/wp-content\/uploads\/2025\/07\/credito-pis-e-cofins_istock.jpg","contentUrl":"https:\/\/jornalfatosenoticias.com.br\/wp-content\/uploads\/2025\/07\/credito-pis-e-cofins_istock.jpg","width":612,"height":302,"caption":"Brazil real rising, quotation of brazilian real in the market. Brazilian economy and finance concept"},{"@type":"BreadcrumbList","@id":"https:\/\/jornalfatosenoticias.com.br\/index.php\/2025\/07\/10\/creditos-de-pis-e-cofins-sobre-o-ipi-nas-aquisicoes-para-revenda-impasse-ainda-sem-solucao-definitiva\/#breadcrumb","itemListElement":[{"@type":"ListItem","position":1,"name":"In\u00edcio","item":"https:\/\/jornalfatosenoticias.com.br\/"},{"@type":"ListItem","position":2,"name":"Cr\u00e9ditos de PIS e COFINS sobre o IPI nas aquisi\u00e7\u00f5es para revenda: impasse ainda sem solu\u00e7\u00e3o definitiva"}]},{"@type":"WebSite","@id":"https:\/\/jornalfatosenoticias.com.br\/#website","url":"https:\/\/jornalfatosenoticias.com.br\/","name":"Jornal Fatos e Not\u00edcias","description":"Not\u00edcias em geral","publisher":{"@id":"https:\/\/jornalfatosenoticias.com.br\/#organization"},"potentialAction":[{"@type":"SearchAction","target":{"@type":"EntryPoint","urlTemplate":"https:\/\/jornalfatosenoticias.com.br\/?s={search_term_string}"},"query-input":{"@type":"PropertyValueSpecification","valueRequired":true,"valueName":"search_term_string"}}],"inLanguage":"pt-BR"},{"@type":"Organization","@id":"https:\/\/jornalfatosenoticias.com.br\/#organization","name":"Jornal Fatos e Not\u00edcias","url":"https:\/\/jornalfatosenoticias.com.br\/","logo":{"@type":"ImageObject","inLanguage":"pt-BR","@id":"https:\/\/jornalfatosenoticias.com.br\/#\/schema\/logo\/image\/","url":"https:\/\/jornalfatosenoticias.com.br\/wp-content\/uploads\/2020\/02\/logo120.png","contentUrl":"https:\/\/jornalfatosenoticias.com.br\/wp-content\/uploads\/2020\/02\/logo120.png","width":1227,"height":120,"caption":"Jornal Fatos e Not\u00edcias"},"image":{"@id":"https:\/\/jornalfatosenoticias.com.br\/#\/schema\/logo\/image\/"}},{"@type":"Person","@id":"https:\/\/jornalfatosenoticias.com.br\/#\/schema\/person\/dbe3a29c2a0ae01a892d7aef31d6c0b6","name":"Rogerio Fernandes e Kalyne Calais","image":{"@type":"ImageObject","inLanguage":"pt-BR","@id":"https:\/\/jornalfatosenoticias.com.br\/#\/schema\/person\/image\/","url":"https:\/\/jornalfatosenoticias.com.br\/wp-content\/uploads\/2026\/01\/Rogerio-Kalyne_PORTAL-1-150x150.jpeg","contentUrl":"https:\/\/jornalfatosenoticias.com.br\/wp-content\/uploads\/2026\/01\/Rogerio-Kalyne_PORTAL-1-150x150.jpeg","caption":"Rogerio Fernandes e Kalyne Calais"},"description":"Especialistas em Direito Tribut\u00e1rio Legis Juris Consultoria https:\/\/www.instagram.com\/kalynecalais\/ https:\/\/www.linkedin.com\/company\/legis-juris\/","url":"https:\/\/jornalfatosenoticias.com.br\/index.php\/author\/rogerio-e-kalyne\/"}]}},"cc_featured_image_caption":{"caption_text":"(Foto: iStock) ","source_text":"","source_url":""},"jetpack_featured_media_url":"https:\/\/jornalfatosenoticias.com.br\/wp-content\/uploads\/2025\/07\/credito-pis-e-cofins_istock.jpg","_links":{"self":[{"href":"https:\/\/jornalfatosenoticias.com.br\/index.php\/wp-json\/wp\/v2\/posts\/60442","targetHints":{"allow":["GET"]}}],"collection":[{"href":"https:\/\/jornalfatosenoticias.com.br\/index.php\/wp-json\/wp\/v2\/posts"}],"about":[{"href":"https:\/\/jornalfatosenoticias.com.br\/index.php\/wp-json\/wp\/v2\/types\/post"}],"author":[{"embeddable":true,"href":"https:\/\/jornalfatosenoticias.com.br\/index.php\/wp-json\/wp\/v2\/users\/39"}],"replies":[{"embeddable":true,"href":"https:\/\/jornalfatosenoticias.com.br\/index.php\/wp-json\/wp\/v2\/comments?post=60442"}],"version-history":[{"count":0,"href":"https:\/\/jornalfatosenoticias.com.br\/index.php\/wp-json\/wp\/v2\/posts\/60442\/revisions"}],"wp:featuredmedia":[{"embeddable":true,"href":"https:\/\/jornalfatosenoticias.com.br\/index.php\/wp-json\/wp\/v2\/media\/60443"}],"wp:attachment":[{"href":"https:\/\/jornalfatosenoticias.com.br\/index.php\/wp-json\/wp\/v2\/media?parent=60442"}],"wp:term":[{"taxonomy":"category","embeddable":true,"href":"https:\/\/jornalfatosenoticias.com.br\/index.php\/wp-json\/wp\/v2\/categories?post=60442"},{"taxonomy":"post_tag","embeddable":true,"href":"https:\/\/jornalfatosenoticias.com.br\/index.php\/wp-json\/wp\/v2\/tags?post=60442"}],"curies":[{"name":"wp","href":"https:\/\/api.w.org\/{rel}","templated":true}]}}