{"id":60446,"date":"2025-07-10T17:46:05","date_gmt":"2025-07-10T20:46:05","guid":{"rendered":"https:\/\/jornalfatosenoticias.com.br\/?p=60446"},"modified":"2025-07-10T17:46:06","modified_gmt":"2025-07-10T20:46:06","slug":"a-cegueira-da-justica-e-da-sociedade-parte-ii","status":"publish","type":"post","link":"https:\/\/jornalfatosenoticias.com.br\/index.php\/2025\/07\/10\/a-cegueira-da-justica-e-da-sociedade-parte-ii\/","title":{"rendered":"A cegueira da justi\u00e7a e da Sociedade \u2014 Parte II"},"content":{"rendered":"\n<p><em><span class=\"has-inline-color has-black-color\">Como arregimentar quase todos os agentes de justi\u00e7a nessa miss\u00e3o t\u00e3o imposs\u00edvel, desamparar as crian\u00e7as que sofrem viol\u00eancia f\u00edsica e viol\u00eancia sexual intrafamiliares?<\/span><\/em><\/p>\n\n\n\n<div class=\"wp-block-image\"><figure class=\"aligncenter size-large\"><a href=\"https:\/\/mizu.com.br\/\"><img loading=\"lazy\" decoding=\"async\" width=\"729\" height=\"90\" src=\"https:\/\/jornalfatosenoticias.com.br\/wp-content\/uploads\/2020\/02\/Logo_Mizu.png\" alt=\"\" class=\"wp-image-1441\" srcset=\"https:\/\/jornalfatosenoticias.com.br\/wp-content\/uploads\/2020\/02\/Logo_Mizu.png 729w, https:\/\/jornalfatosenoticias.com.br\/wp-content\/uploads\/2020\/02\/Logo_Mizu-300x37.png 300w\" sizes=\"auto, (max-width: 729px) 100vw, 729px\" \/><\/a><\/figure><\/div>\n\n\n\n<p>A estupidez social pela cegueira generalizada que rege a prote\u00e7\u00e3o aos predadores \u00e9 uma esp\u00e9cie de voz de colonizadores. A superioridade absoluta com que um predador e seus defensores olham para os vulner\u00e1veis demonstra essa postura de onipot\u00eancia que massacra quem discorda do que vende como sendo suas \u201cverdades dogm\u00e1ticas\u201d. Distorcendo conceitos das Ci\u00eancias Humanas, predadores sem\u00e2nticos espalham equ\u00edvocos em incr\u00edveis montagens.<br>As pe\u00e7as se encaixam porque o entorno escolhe fugir da crueldade das situa\u00e7\u00f5es que o predador pratica, de modo que se alinha a ele. Ou seja, o mecanismo de defesa do ego que \u00e9 mobilizado \u00e9 a identifica\u00e7\u00e3o com o agressor, que ganha legitimidade em tudo que fala.<br>Sempre que a mente se v\u00ea diante de uma situa\u00e7\u00e3o excessiva para o que ela suporta, s\u00e3o mobilizados mecanismos de defesa para salvaguardar sua sobreviv\u00eancia. Essa \u00e9 a compreens\u00e3o do conceito psicanal\u00edtico de trauma. O mecanismo de defesa escolhido que surge no momento do trauma, vem para cumprir a fun\u00e7\u00e3o de garantir a sobreviv\u00eancia da mente.<\/p>\n\n\n\n<div class=\"wp-block-image\"><figure class=\"aligncenter size-large\"><img loading=\"lazy\" decoding=\"async\" width=\"612\" height=\"405\" src=\"https:\/\/jornalfatosenoticias.com.br\/wp-content\/uploads\/2025\/07\/cegueira-da-justica2_istock.jpg\" alt=\"\" class=\"wp-image-60448\" srcset=\"https:\/\/jornalfatosenoticias.com.br\/wp-content\/uploads\/2025\/07\/cegueira-da-justica2_istock.jpg 612w, https:\/\/jornalfatosenoticias.com.br\/wp-content\/uploads\/2025\/07\/cegueira-da-justica2_istock-300x199.jpg 300w\" sizes=\"auto, (max-width: 612px) 100vw, 612px\" \/><figcaption><em><span class=\"has-inline-color has-black-color\">(Foto: iStock)<\/span><\/em><\/figcaption><\/figure><\/div>\n\n\n\n<p>Quando est\u00e1 em jogo o Impacto do Extremo Estresse, o conceito que abrange, exclusivamente, as duas formas de viol\u00eancia, quais sejam, a viol\u00eancia f\u00edsica e a viol\u00eancia sexual, aponta para danos que excedem as j\u00e1 conhecidas sequelas psicol\u00f3gicas. Sendo a crian\u00e7a uma criatura em desenvolvimento, pesquisas de diversos Centros de Pesquisa de Universidades como Harvard, por exemplo, mostram os efeitos dessa viol\u00eancia. \u00c9 o que revela o estudo do Impacto de Extremo Estresse, que tem evidenciado, por imagens de Resson\u00e2ncia Magn\u00e9tica, que existe uma consequ\u00eancia traum\u00e1tica que ocorre no Sistema Nervoso, apontando para atrofias de nervos e sistemas e para disfuncionalidade de estruturas cerebrais, quando a crian\u00e7a \u00e9 submetida a uma ou \u00e0s duas formas de viol\u00eancia intrafamiliar, porquanto um trauma continuado, n\u00e3o epis\u00f3dico.<\/p>\n\n\n\n<div class=\"wp-block-image\"><figure class=\"aligncenter size-large\"><a href=\"https:\/\/www.cesconetto.com.br\/\"><img loading=\"lazy\" decoding=\"async\" width=\"300\" height=\"250\" src=\"https:\/\/jornalfatosenoticias.com.br\/wp-content\/uploads\/2022\/02\/Banner-2.png\" alt=\"\" class=\"wp-image-27877\"\/><\/a><\/figure><\/div>\n\n\n\n<p>Mas, no nosso pa\u00eds, a \u00fanica via \u00e9 a de acusar a m\u00e3e com a fal\u00e1cia da \u201caliena\u00e7\u00e3o parental\u201d todas as vezes que uma mulher ousa, cumprindo a obriga\u00e7\u00e3o do Artigo 13 do ECA, fazer uma den\u00fancia de suspeita de abuso sexual incestuoso ou de viol\u00eancia dom\u00e9stica ou contra a crian\u00e7a. Sem comprova\u00e7\u00e3o cient\u00edfica, esse termo inventado por um m\u00e9dico generalista, nunca foi psiquiatra nem psic\u00f3logo, que se suicidou de maneira sangrenta, atentando at\u00e9 contra seu \u00f3rg\u00e3o sexual que dilacerou com v\u00e1rios golpes, imposs\u00edvel n\u00e3o achar um simbolismo nessa autof\u00faria para n\u00e3o ser preso sob acusa\u00e7\u00e3o de Pedofilia, pelo FBI, esse termo segue alojado dentro de uma lei, a lei de aliena\u00e7\u00e3o parental, arrastando crian\u00e7as violadas para serem entregues, judicialmente, a seus violadores. Aqui, concordo com a desembargadora, a justi\u00e7a insiste em n\u00e3o ver essa realidade, parte do t\u00edtulo de seu livro sobre o Incesto e a aliena\u00e7\u00e3o Parental.<\/p>\n\n\n\n<div class=\"wp-block-image\"><figure class=\"aligncenter size-large\"><img loading=\"lazy\" decoding=\"async\" width=\"612\" height=\"408\" src=\"https:\/\/jornalfatosenoticias.com.br\/wp-content\/uploads\/2025\/07\/cegueira-da-justica3_istock.jpg\" alt=\"\" class=\"wp-image-60449\" srcset=\"https:\/\/jornalfatosenoticias.com.br\/wp-content\/uploads\/2025\/07\/cegueira-da-justica3_istock.jpg 612w, https:\/\/jornalfatosenoticias.com.br\/wp-content\/uploads\/2025\/07\/cegueira-da-justica3_istock-300x200.jpg 300w\" sizes=\"auto, (max-width: 612px) 100vw, 612px\" \/><figcaption><em><span class=\"has-inline-color has-black-color\">(Foto: iStock)<\/span><\/em><\/figcaption><\/figure><\/div>\n\n\n\n<p>Nada consegue introduzir um tra\u00e7o de contradit\u00f3rio. \u00c9 tudo absoluto, favorecendo a voz de testosterona. O dogmatismo \u00e9 tamanho que temos a impress\u00e3o que o abuso sexual acabou. Fica apenas o desencaixe dos n\u00fameros que apontam para um abuso sexual contra crian\u00e7a a cada oito minutos. Onde se passariam esses milh\u00f5es de atos lascivos? Relatos s\u00e3o desprezados. Provas n\u00e3o s\u00e3o apreciadas. At\u00e9 laudos do Instituto M\u00e9dico Legal n\u00e3o s\u00e3o considerados. E tudo se torna \u201cprova\u201d de ato de aliena\u00e7\u00e3o da m\u00e3e. Mas a ilus\u00e3o do Princ\u00edpio do Melhor Interesse da Crian\u00e7a \u00e9 nutrida, fantasiosamente, nos autos. \u00c9, frequentemente, citado. Mas a voz da crian\u00e7a, o choro desesperado, os sintomas psicossom\u00e1ticos que necessitam de idas \u00e0 Emerg\u00eancia Pedi\u00e1trica, nem s\u00e3o pensados, menos ainda respeitados.<\/p>\n\n\n\n<div class=\"wp-block-image\"><figure class=\"aligncenter size-large is-resized\"><a href=\"https:\/\/panper.com.br\/\"><img loading=\"lazy\" decoding=\"async\" src=\"https:\/\/jornalfatosenoticias.com.br\/wp-content\/uploads\/2023\/03\/logo-Panper_portal.jpg\" alt=\"\" class=\"wp-image-40208\" width=\"365\" height=\"253\" srcset=\"https:\/\/jornalfatosenoticias.com.br\/wp-content\/uploads\/2023\/03\/logo-Panper_portal.jpg 400w, https:\/\/jornalfatosenoticias.com.br\/wp-content\/uploads\/2023\/03\/logo-Panper_portal-300x208.jpg 300w\" sizes=\"auto, (max-width: 365px) 100vw, 365px\" \/><\/a><\/figure><\/div>\n\n\n\n<p>Como arregimentar quase todos os agentes de justi\u00e7a nessa miss\u00e3o t\u00e3o imposs\u00edvel, desamparar as crian\u00e7as que sofrem viol\u00eancia f\u00edsica e viol\u00eancia sexual intrafamiliares? E aqui encontramos o mecanismo de defesa da Identifica\u00e7\u00e3o com o Agressor. Isso explicaria. Que a crian\u00e7a realize essa identifica\u00e7\u00e3o com o seu agressor \u00e9 mais evidente, considerando-se sua imaturidade emocional. O racioc\u00ednio dela percorre um caminho compat\u00edvel com sua faixa et\u00e1ria, qual seja, \u201cse meu pai faz uma coisa errada comigo e \u201cganha\u201d da minha m\u00e3e, que \u00e9 derrotada, e o juiz manda eu ficar com ele, ele \u00e9 o forte, eu quero ser forte para sair disso\u201d. Parece dif\u00edcil a compreens\u00e3o porque sai da situa\u00e7\u00e3o traum\u00e1tica, incompreensiva, e escolhe o agressor. \u00c9 esse racioc\u00ednio infantil, alimentado pelo medo, pela intimida\u00e7\u00e3o do agressor, que justifica a escolha, aos 12 anos, de ficar com o seu agressor. Todos escolhem. N\u00e3o importa a luta empreendida pela m\u00e3e, ela fica no lugar de perdedora, de fraca. O m\u00e1ximo que a crian\u00e7a consegue \u00e9 dizer que quer ficar com os dois, m\u00e3e e genitor, nunca expressa seu genu\u00edno desejo.<\/p>\n\n\n\n<div class=\"wp-block-image\"><figure class=\"aligncenter size-large is-resized\"><a href=\"https:\/\/www.instagram.com\/serra4x4cambioautomatico\/\"><img loading=\"lazy\" decoding=\"async\" src=\"https:\/\/jornalfatosenoticias.com.br\/wp-content\/uploads\/2024\/08\/Serra-4x4-1-886x1024.jpg\" alt=\"\" class=\"wp-image-53632\" width=\"287\" height=\"331\" srcset=\"https:\/\/jornalfatosenoticias.com.br\/wp-content\/uploads\/2024\/08\/Serra-4x4-1-886x1024.jpg 886w, https:\/\/jornalfatosenoticias.com.br\/wp-content\/uploads\/2024\/08\/Serra-4x4-1-260x300.jpg 260w, https:\/\/jornalfatosenoticias.com.br\/wp-content\/uploads\/2024\/08\/Serra-4x4-1-768x888.jpg 768w, https:\/\/jornalfatosenoticias.com.br\/wp-content\/uploads\/2024\/08\/Serra-4x4-1.jpg 1181w\" sizes=\"auto, (max-width: 287px) 100vw, 287px\" \/><\/a><\/figure><\/div>\n\n\n\n<p>Mas o agressor n\u00e3o fica limitado a ser escolhido pela crian\u00e7a intimidada. Os advogados se alinham a ele. \u00c9 o modelo do forte, e para os adultos, vale mais aquela conhecida frase: se n\u00e3o se pode com um perigoso, junte-se a ele. E nesse lastro encontram-se os agentes de justi\u00e7a, os magistrados e magistradas tamb\u00e9m inclu\u00eddos. Um \u201cPoderoso\u201d fascina, seduz para que seja negado o medo que foi suscitado ao entrar em contato com tanta crueldade. Arrisco dizer que \u00e9 muito prov\u00e1vel que fa\u00e7a parte do passado recalcado ou lembrado de muitos.<br>Nessa escalada sequencial, a Identifica\u00e7\u00e3o com o Agressor se derrama tamb\u00e9m na Sociedade, dando respaldo a decis\u00f5es que fogem, completamente, ao bom senso.<\/p>\n\n\n\n<div class=\"wp-block-image\"><figure class=\"aligncenter size-large is-resized\"><a href=\"https:\/\/www.instagram.com\/gruposei\/\"><img loading=\"lazy\" decoding=\"async\" src=\"https:\/\/jornalfatosenoticias.com.br\/wp-content\/uploads\/2022\/07\/Logo-Grupo-SEI.jpg\" alt=\"\" class=\"wp-image-31973\" width=\"379\" height=\"199\" srcset=\"https:\/\/jornalfatosenoticias.com.br\/wp-content\/uploads\/2022\/07\/Logo-Grupo-SEI.jpg 713w, https:\/\/jornalfatosenoticias.com.br\/wp-content\/uploads\/2022\/07\/Logo-Grupo-SEI-300x158.jpg 300w\" sizes=\"auto, (max-width: 379px) 100vw, 379px\" \/><\/a><\/figure><\/div>\n","protected":false},"excerpt":{"rendered":"<p>Como arregimentar quase todos os agentes de justi\u00e7a nessa miss\u00e3o t\u00e3o imposs\u00edvel, desamparar as crian\u00e7as que sofrem viol\u00eancia f\u00edsica e viol\u00eancia sexual intrafamiliares? A estupidez social pela cegueira generalizada que rege a prote\u00e7\u00e3o aos predadores \u00e9 uma esp\u00e9cie de voz de colonizadores. A superioridade absoluta com que um predador e seus defensores olham para os [&hellip;]<\/p>\n","protected":false},"author":8,"featured_media":60447,"comment_status":"open","ping_status":"open","sticky":false,"template":"","format":"standard","meta":{"footnotes":""},"categories":[2522],"tags":[2768,27580,4298,27581,1345,3528,1340],"class_list":["post-60446","post","type-post","status-publish","format-standard","has-post-thumbnail","hentry","category-comportamento","tag-abuso-sexual","tag-agressor","tag-alienacao-parental","tag-imaturidade-emocional","tag-justica","tag-pedofilia","tag-sociedade"],"yoast_head":"<!-- This site is optimized with the Yoast SEO plugin v26.5 - https:\/\/yoast.com\/wordpress\/plugins\/seo\/ -->\n<title>A cegueira da justi\u00e7a e da Sociedade \u2014 Parte II - Jornal Fatos e Not\u00edcias<\/title>\n<meta name=\"robots\" content=\"index, follow, max-snippet:-1, max-image-preview:large, max-video-preview:-1\" \/>\n<link rel=\"canonical\" href=\"https:\/\/jornalfatosenoticias.com.br\/index.php\/2025\/07\/10\/a-cegueira-da-justica-e-da-sociedade-parte-ii\/\" \/>\n<meta property=\"og:locale\" content=\"pt_BR\" \/>\n<meta property=\"og:type\" content=\"article\" \/>\n<meta property=\"og:title\" content=\"A cegueira da justi\u00e7a e da Sociedade \u2014 Parte II - Jornal Fatos e Not\u00edcias\" \/>\n<meta property=\"og:description\" content=\"Como arregimentar quase todos os agentes de justi\u00e7a nessa miss\u00e3o t\u00e3o imposs\u00edvel, desamparar as crian\u00e7as que sofrem viol\u00eancia f\u00edsica e viol\u00eancia sexual intrafamiliares? A estupidez social pela cegueira generalizada que rege a prote\u00e7\u00e3o aos predadores \u00e9 uma esp\u00e9cie de voz de colonizadores. A superioridade absoluta com que um predador e seus defensores olham para os [&hellip;]\" \/>\n<meta property=\"og:url\" content=\"https:\/\/jornalfatosenoticias.com.br\/index.php\/2025\/07\/10\/a-cegueira-da-justica-e-da-sociedade-parte-ii\/\" \/>\n<meta property=\"og:site_name\" content=\"Jornal Fatos e Not\u00edcias\" \/>\n<meta property=\"article:published_time\" content=\"2025-07-10T20:46:05+00:00\" \/>\n<meta property=\"article:modified_time\" content=\"2025-07-10T20:46:06+00:00\" \/>\n<meta property=\"og:image\" content=\"https:\/\/jornalfatosenoticias.com.br\/wp-content\/uploads\/2025\/07\/cegueira-da-justica1_istock.jpg\" \/>\n\t<meta property=\"og:image:width\" content=\"612\" \/>\n\t<meta property=\"og:image:height\" content=\"386\" \/>\n\t<meta property=\"og:image:type\" content=\"image\/jpeg\" \/>\n<meta name=\"author\" content=\"Ana Maria Iencarelli\" \/>\n<meta name=\"twitter:card\" content=\"summary_large_image\" \/>\n<meta name=\"twitter:label1\" content=\"Escrito por\" \/>\n\t<meta name=\"twitter:data1\" content=\"Ana Maria Iencarelli\" \/>\n\t<meta name=\"twitter:label2\" content=\"Est. tempo de leitura\" \/>\n\t<meta name=\"twitter:data2\" content=\"5 minutos\" \/>\n<script type=\"application\/ld+json\" class=\"yoast-schema-graph\">{\"@context\":\"https:\/\/schema.org\",\"@graph\":[{\"@type\":\"Article\",\"@id\":\"https:\/\/jornalfatosenoticias.com.br\/index.php\/2025\/07\/10\/a-cegueira-da-justica-e-da-sociedade-parte-ii\/#article\",\"isPartOf\":{\"@id\":\"https:\/\/jornalfatosenoticias.com.br\/index.php\/2025\/07\/10\/a-cegueira-da-justica-e-da-sociedade-parte-ii\/\"},\"author\":{\"name\":\"Ana Maria Iencarelli\",\"@id\":\"https:\/\/jornalfatosenoticias.com.br\/#\/schema\/person\/c33fcf5fb02d729d3fec92c6737a22d1\"},\"headline\":\"A cegueira da justi\u00e7a e da Sociedade \u2014 Parte II\",\"datePublished\":\"2025-07-10T20:46:05+00:00\",\"dateModified\":\"2025-07-10T20:46:06+00:00\",\"mainEntityOfPage\":{\"@id\":\"https:\/\/jornalfatosenoticias.com.br\/index.php\/2025\/07\/10\/a-cegueira-da-justica-e-da-sociedade-parte-ii\/\"},\"wordCount\":1000,\"commentCount\":0,\"publisher\":{\"@id\":\"https:\/\/jornalfatosenoticias.com.br\/#organization\"},\"image\":{\"@id\":\"https:\/\/jornalfatosenoticias.com.br\/index.php\/2025\/07\/10\/a-cegueira-da-justica-e-da-sociedade-parte-ii\/#primaryimage\"},\"thumbnailUrl\":\"https:\/\/jornalfatosenoticias.com.br\/wp-content\/uploads\/2025\/07\/cegueira-da-justica1_istock.jpg\",\"keywords\":[\"abuso sexual\",\"agressor\",\"aliena\u00e7\u00e3o parental\",\"imaturidade emocional\",\"justi\u00e7a\",\"pedofilia\",\"sociedade\"],\"articleSection\":[\"Comportamento &amp; Equil\u00edbrio\"],\"inLanguage\":\"pt-BR\",\"potentialAction\":[{\"@type\":\"CommentAction\",\"name\":\"Comment\",\"target\":[\"https:\/\/jornalfatosenoticias.com.br\/index.php\/2025\/07\/10\/a-cegueira-da-justica-e-da-sociedade-parte-ii\/#respond\"]}]},{\"@type\":\"WebPage\",\"@id\":\"https:\/\/jornalfatosenoticias.com.br\/index.php\/2025\/07\/10\/a-cegueira-da-justica-e-da-sociedade-parte-ii\/\",\"url\":\"https:\/\/jornalfatosenoticias.com.br\/index.php\/2025\/07\/10\/a-cegueira-da-justica-e-da-sociedade-parte-ii\/\",\"name\":\"A cegueira da justi\u00e7a e da Sociedade \u2014 Parte II - Jornal Fatos e Not\u00edcias\",\"isPartOf\":{\"@id\":\"https:\/\/jornalfatosenoticias.com.br\/#website\"},\"primaryImageOfPage\":{\"@id\":\"https:\/\/jornalfatosenoticias.com.br\/index.php\/2025\/07\/10\/a-cegueira-da-justica-e-da-sociedade-parte-ii\/#primaryimage\"},\"image\":{\"@id\":\"https:\/\/jornalfatosenoticias.com.br\/index.php\/2025\/07\/10\/a-cegueira-da-justica-e-da-sociedade-parte-ii\/#primaryimage\"},\"thumbnailUrl\":\"https:\/\/jornalfatosenoticias.com.br\/wp-content\/uploads\/2025\/07\/cegueira-da-justica1_istock.jpg\",\"datePublished\":\"2025-07-10T20:46:05+00:00\",\"dateModified\":\"2025-07-10T20:46:06+00:00\",\"breadcrumb\":{\"@id\":\"https:\/\/jornalfatosenoticias.com.br\/index.php\/2025\/07\/10\/a-cegueira-da-justica-e-da-sociedade-parte-ii\/#breadcrumb\"},\"inLanguage\":\"pt-BR\",\"potentialAction\":[{\"@type\":\"ReadAction\",\"target\":[\"https:\/\/jornalfatosenoticias.com.br\/index.php\/2025\/07\/10\/a-cegueira-da-justica-e-da-sociedade-parte-ii\/\"]}]},{\"@type\":\"ImageObject\",\"inLanguage\":\"pt-BR\",\"@id\":\"https:\/\/jornalfatosenoticias.com.br\/index.php\/2025\/07\/10\/a-cegueira-da-justica-e-da-sociedade-parte-ii\/#primaryimage\",\"url\":\"https:\/\/jornalfatosenoticias.com.br\/wp-content\/uploads\/2025\/07\/cegueira-da-justica1_istock.jpg\",\"contentUrl\":\"https:\/\/jornalfatosenoticias.com.br\/wp-content\/uploads\/2025\/07\/cegueira-da-justica1_istock.jpg\",\"width\":612,\"height\":386,\"caption\":\"Lady justice. Statue of Justice in library. Legal and law background concept\"},{\"@type\":\"BreadcrumbList\",\"@id\":\"https:\/\/jornalfatosenoticias.com.br\/index.php\/2025\/07\/10\/a-cegueira-da-justica-e-da-sociedade-parte-ii\/#breadcrumb\",\"itemListElement\":[{\"@type\":\"ListItem\",\"position\":1,\"name\":\"In\u00edcio\",\"item\":\"https:\/\/jornalfatosenoticias.com.br\/\"},{\"@type\":\"ListItem\",\"position\":2,\"name\":\"A cegueira da justi\u00e7a e da Sociedade \u2014 Parte II\"}]},{\"@type\":\"WebSite\",\"@id\":\"https:\/\/jornalfatosenoticias.com.br\/#website\",\"url\":\"https:\/\/jornalfatosenoticias.com.br\/\",\"name\":\"Jornal Fatos e Not\u00edcias\",\"description\":\"Not\u00edcias em geral\",\"publisher\":{\"@id\":\"https:\/\/jornalfatosenoticias.com.br\/#organization\"},\"potentialAction\":[{\"@type\":\"SearchAction\",\"target\":{\"@type\":\"EntryPoint\",\"urlTemplate\":\"https:\/\/jornalfatosenoticias.com.br\/?s={search_term_string}\"},\"query-input\":{\"@type\":\"PropertyValueSpecification\",\"valueRequired\":true,\"valueName\":\"search_term_string\"}}],\"inLanguage\":\"pt-BR\"},{\"@type\":\"Organization\",\"@id\":\"https:\/\/jornalfatosenoticias.com.br\/#organization\",\"name\":\"Jornal Fatos e Not\u00edcias\",\"url\":\"https:\/\/jornalfatosenoticias.com.br\/\",\"logo\":{\"@type\":\"ImageObject\",\"inLanguage\":\"pt-BR\",\"@id\":\"https:\/\/jornalfatosenoticias.com.br\/#\/schema\/logo\/image\/\",\"url\":\"https:\/\/jornalfatosenoticias.com.br\/wp-content\/uploads\/2020\/02\/logo120.png\",\"contentUrl\":\"https:\/\/jornalfatosenoticias.com.br\/wp-content\/uploads\/2020\/02\/logo120.png\",\"width\":1227,\"height\":120,\"caption\":\"Jornal Fatos e Not\u00edcias\"},\"image\":{\"@id\":\"https:\/\/jornalfatosenoticias.com.br\/#\/schema\/logo\/image\/\"}},{\"@type\":\"Person\",\"@id\":\"https:\/\/jornalfatosenoticias.com.br\/#\/schema\/person\/c33fcf5fb02d729d3fec92c6737a22d1\",\"name\":\"Ana Maria Iencarelli\",\"image\":{\"@type\":\"ImageObject\",\"inLanguage\":\"pt-BR\",\"@id\":\"https:\/\/jornalfatosenoticias.com.br\/#\/schema\/person\/image\/\",\"url\":\"https:\/\/jornalfatosenoticias.com.br\/wp-content\/uploads\/2020\/02\/Ana-Maria-Iencarelli-1-150x150.jpg\",\"contentUrl\":\"https:\/\/jornalfatosenoticias.com.br\/wp-content\/uploads\/2020\/02\/Ana-Maria-Iencarelli-1-150x150.jpg\",\"caption\":\"Ana Maria Iencarelli\"},\"description\":\"Psicanalista Cl\u00ednica, especializada no atendimento a Crian\u00e7as e Adolescentes. Presidente da ONG Vozes de Anjos.\",\"url\":\"https:\/\/jornalfatosenoticias.com.br\/index.php\/author\/anamaria\/\"}]}<\/script>\n<!-- \/ Yoast SEO plugin. -->","yoast_head_json":{"title":"A cegueira da justi\u00e7a e da Sociedade \u2014 Parte II - Jornal Fatos e Not\u00edcias","robots":{"index":"index","follow":"follow","max-snippet":"max-snippet:-1","max-image-preview":"max-image-preview:large","max-video-preview":"max-video-preview:-1"},"canonical":"https:\/\/jornalfatosenoticias.com.br\/index.php\/2025\/07\/10\/a-cegueira-da-justica-e-da-sociedade-parte-ii\/","og_locale":"pt_BR","og_type":"article","og_title":"A cegueira da justi\u00e7a e da Sociedade \u2014 Parte II - Jornal Fatos e Not\u00edcias","og_description":"Como arregimentar quase todos os agentes de justi\u00e7a nessa miss\u00e3o t\u00e3o imposs\u00edvel, desamparar as crian\u00e7as que sofrem viol\u00eancia f\u00edsica e viol\u00eancia sexual intrafamiliares? A estupidez social pela cegueira generalizada que rege a prote\u00e7\u00e3o aos predadores \u00e9 uma esp\u00e9cie de voz de colonizadores. A superioridade absoluta com que um predador e seus defensores olham para os [&hellip;]","og_url":"https:\/\/jornalfatosenoticias.com.br\/index.php\/2025\/07\/10\/a-cegueira-da-justica-e-da-sociedade-parte-ii\/","og_site_name":"Jornal Fatos e Not\u00edcias","article_published_time":"2025-07-10T20:46:05+00:00","article_modified_time":"2025-07-10T20:46:06+00:00","og_image":[{"width":612,"height":386,"url":"https:\/\/jornalfatosenoticias.com.br\/wp-content\/uploads\/2025\/07\/cegueira-da-justica1_istock.jpg","type":"image\/jpeg"}],"author":"Ana Maria Iencarelli","twitter_card":"summary_large_image","twitter_misc":{"Escrito por":"Ana Maria Iencarelli","Est. tempo de leitura":"5 minutos"},"schema":{"@context":"https:\/\/schema.org","@graph":[{"@type":"Article","@id":"https:\/\/jornalfatosenoticias.com.br\/index.php\/2025\/07\/10\/a-cegueira-da-justica-e-da-sociedade-parte-ii\/#article","isPartOf":{"@id":"https:\/\/jornalfatosenoticias.com.br\/index.php\/2025\/07\/10\/a-cegueira-da-justica-e-da-sociedade-parte-ii\/"},"author":{"name":"Ana Maria Iencarelli","@id":"https:\/\/jornalfatosenoticias.com.br\/#\/schema\/person\/c33fcf5fb02d729d3fec92c6737a22d1"},"headline":"A cegueira da justi\u00e7a e da Sociedade \u2014 Parte II","datePublished":"2025-07-10T20:46:05+00:00","dateModified":"2025-07-10T20:46:06+00:00","mainEntityOfPage":{"@id":"https:\/\/jornalfatosenoticias.com.br\/index.php\/2025\/07\/10\/a-cegueira-da-justica-e-da-sociedade-parte-ii\/"},"wordCount":1000,"commentCount":0,"publisher":{"@id":"https:\/\/jornalfatosenoticias.com.br\/#organization"},"image":{"@id":"https:\/\/jornalfatosenoticias.com.br\/index.php\/2025\/07\/10\/a-cegueira-da-justica-e-da-sociedade-parte-ii\/#primaryimage"},"thumbnailUrl":"https:\/\/jornalfatosenoticias.com.br\/wp-content\/uploads\/2025\/07\/cegueira-da-justica1_istock.jpg","keywords":["abuso sexual","agressor","aliena\u00e7\u00e3o parental","imaturidade emocional","justi\u00e7a","pedofilia","sociedade"],"articleSection":["Comportamento &amp; Equil\u00edbrio"],"inLanguage":"pt-BR","potentialAction":[{"@type":"CommentAction","name":"Comment","target":["https:\/\/jornalfatosenoticias.com.br\/index.php\/2025\/07\/10\/a-cegueira-da-justica-e-da-sociedade-parte-ii\/#respond"]}]},{"@type":"WebPage","@id":"https:\/\/jornalfatosenoticias.com.br\/index.php\/2025\/07\/10\/a-cegueira-da-justica-e-da-sociedade-parte-ii\/","url":"https:\/\/jornalfatosenoticias.com.br\/index.php\/2025\/07\/10\/a-cegueira-da-justica-e-da-sociedade-parte-ii\/","name":"A cegueira da justi\u00e7a e da Sociedade \u2014 Parte II - Jornal Fatos e Not\u00edcias","isPartOf":{"@id":"https:\/\/jornalfatosenoticias.com.br\/#website"},"primaryImageOfPage":{"@id":"https:\/\/jornalfatosenoticias.com.br\/index.php\/2025\/07\/10\/a-cegueira-da-justica-e-da-sociedade-parte-ii\/#primaryimage"},"image":{"@id":"https:\/\/jornalfatosenoticias.com.br\/index.php\/2025\/07\/10\/a-cegueira-da-justica-e-da-sociedade-parte-ii\/#primaryimage"},"thumbnailUrl":"https:\/\/jornalfatosenoticias.com.br\/wp-content\/uploads\/2025\/07\/cegueira-da-justica1_istock.jpg","datePublished":"2025-07-10T20:46:05+00:00","dateModified":"2025-07-10T20:46:06+00:00","breadcrumb":{"@id":"https:\/\/jornalfatosenoticias.com.br\/index.php\/2025\/07\/10\/a-cegueira-da-justica-e-da-sociedade-parte-ii\/#breadcrumb"},"inLanguage":"pt-BR","potentialAction":[{"@type":"ReadAction","target":["https:\/\/jornalfatosenoticias.com.br\/index.php\/2025\/07\/10\/a-cegueira-da-justica-e-da-sociedade-parte-ii\/"]}]},{"@type":"ImageObject","inLanguage":"pt-BR","@id":"https:\/\/jornalfatosenoticias.com.br\/index.php\/2025\/07\/10\/a-cegueira-da-justica-e-da-sociedade-parte-ii\/#primaryimage","url":"https:\/\/jornalfatosenoticias.com.br\/wp-content\/uploads\/2025\/07\/cegueira-da-justica1_istock.jpg","contentUrl":"https:\/\/jornalfatosenoticias.com.br\/wp-content\/uploads\/2025\/07\/cegueira-da-justica1_istock.jpg","width":612,"height":386,"caption":"Lady justice. Statue of Justice in library. Legal and law background concept"},{"@type":"BreadcrumbList","@id":"https:\/\/jornalfatosenoticias.com.br\/index.php\/2025\/07\/10\/a-cegueira-da-justica-e-da-sociedade-parte-ii\/#breadcrumb","itemListElement":[{"@type":"ListItem","position":1,"name":"In\u00edcio","item":"https:\/\/jornalfatosenoticias.com.br\/"},{"@type":"ListItem","position":2,"name":"A cegueira da justi\u00e7a e da Sociedade \u2014 Parte II"}]},{"@type":"WebSite","@id":"https:\/\/jornalfatosenoticias.com.br\/#website","url":"https:\/\/jornalfatosenoticias.com.br\/","name":"Jornal Fatos e Not\u00edcias","description":"Not\u00edcias em geral","publisher":{"@id":"https:\/\/jornalfatosenoticias.com.br\/#organization"},"potentialAction":[{"@type":"SearchAction","target":{"@type":"EntryPoint","urlTemplate":"https:\/\/jornalfatosenoticias.com.br\/?s={search_term_string}"},"query-input":{"@type":"PropertyValueSpecification","valueRequired":true,"valueName":"search_term_string"}}],"inLanguage":"pt-BR"},{"@type":"Organization","@id":"https:\/\/jornalfatosenoticias.com.br\/#organization","name":"Jornal Fatos e Not\u00edcias","url":"https:\/\/jornalfatosenoticias.com.br\/","logo":{"@type":"ImageObject","inLanguage":"pt-BR","@id":"https:\/\/jornalfatosenoticias.com.br\/#\/schema\/logo\/image\/","url":"https:\/\/jornalfatosenoticias.com.br\/wp-content\/uploads\/2020\/02\/logo120.png","contentUrl":"https:\/\/jornalfatosenoticias.com.br\/wp-content\/uploads\/2020\/02\/logo120.png","width":1227,"height":120,"caption":"Jornal Fatos e Not\u00edcias"},"image":{"@id":"https:\/\/jornalfatosenoticias.com.br\/#\/schema\/logo\/image\/"}},{"@type":"Person","@id":"https:\/\/jornalfatosenoticias.com.br\/#\/schema\/person\/c33fcf5fb02d729d3fec92c6737a22d1","name":"Ana Maria Iencarelli","image":{"@type":"ImageObject","inLanguage":"pt-BR","@id":"https:\/\/jornalfatosenoticias.com.br\/#\/schema\/person\/image\/","url":"https:\/\/jornalfatosenoticias.com.br\/wp-content\/uploads\/2020\/02\/Ana-Maria-Iencarelli-1-150x150.jpg","contentUrl":"https:\/\/jornalfatosenoticias.com.br\/wp-content\/uploads\/2020\/02\/Ana-Maria-Iencarelli-1-150x150.jpg","caption":"Ana Maria Iencarelli"},"description":"Psicanalista Cl\u00ednica, especializada no atendimento a Crian\u00e7as e Adolescentes. Presidente da ONG Vozes de Anjos.","url":"https:\/\/jornalfatosenoticias.com.br\/index.php\/author\/anamaria\/"}]}},"cc_featured_image_caption":{"caption_text":"(Foto: iStock) ","source_text":"","source_url":""},"jetpack_featured_media_url":"https:\/\/jornalfatosenoticias.com.br\/wp-content\/uploads\/2025\/07\/cegueira-da-justica1_istock.jpg","_links":{"self":[{"href":"https:\/\/jornalfatosenoticias.com.br\/index.php\/wp-json\/wp\/v2\/posts\/60446","targetHints":{"allow":["GET"]}}],"collection":[{"href":"https:\/\/jornalfatosenoticias.com.br\/index.php\/wp-json\/wp\/v2\/posts"}],"about":[{"href":"https:\/\/jornalfatosenoticias.com.br\/index.php\/wp-json\/wp\/v2\/types\/post"}],"author":[{"embeddable":true,"href":"https:\/\/jornalfatosenoticias.com.br\/index.php\/wp-json\/wp\/v2\/users\/8"}],"replies":[{"embeddable":true,"href":"https:\/\/jornalfatosenoticias.com.br\/index.php\/wp-json\/wp\/v2\/comments?post=60446"}],"version-history":[{"count":0,"href":"https:\/\/jornalfatosenoticias.com.br\/index.php\/wp-json\/wp\/v2\/posts\/60446\/revisions"}],"wp:featuredmedia":[{"embeddable":true,"href":"https:\/\/jornalfatosenoticias.com.br\/index.php\/wp-json\/wp\/v2\/media\/60447"}],"wp:attachment":[{"href":"https:\/\/jornalfatosenoticias.com.br\/index.php\/wp-json\/wp\/v2\/media?parent=60446"}],"wp:term":[{"taxonomy":"category","embeddable":true,"href":"https:\/\/jornalfatosenoticias.com.br\/index.php\/wp-json\/wp\/v2\/categories?post=60446"},{"taxonomy":"post_tag","embeddable":true,"href":"https:\/\/jornalfatosenoticias.com.br\/index.php\/wp-json\/wp\/v2\/tags?post=60446"}],"curies":[{"name":"wp","href":"https:\/\/api.w.org\/{rel}","templated":true}]}}