{"id":60502,"date":"2025-07-11T12:28:17","date_gmt":"2025-07-11T15:28:17","guid":{"rendered":"https:\/\/jornalfatosenoticias.com.br\/?p=60502"},"modified":"2025-07-11T12:28:18","modified_gmt":"2025-07-11T15:28:18","slug":"aromas-afetivos-descubra-como-cheiros-do-passado-influenciam-nossa-saude","status":"publish","type":"post","link":"https:\/\/jornalfatosenoticias.com.br\/index.php\/2025\/07\/11\/aromas-afetivos-descubra-como-cheiros-do-passado-influenciam-nossa-saude\/","title":{"rendered":"Aromas afetivos: descubra como cheiros do passado influenciam nossa sa\u00fade"},"content":{"rendered":"\n<p><em><span class=\"has-inline-color has-black-color\">Cheiros que marcam a mem\u00f3ria tamb\u00e9m podem despertar conforto, conex\u00e3o e equil\u00edbrio emocional; entenda<\/span><\/em><\/p>\n\n\n\n<p><span class=\"has-inline-color has-black-color\">Por <strong><a href=\"https:\/\/www.bonsfluidos.com.br\/author\/isabella-bisordi\">Isabella Bisordi<\/a><\/strong><\/span><\/p>\n\n\n\n<div class=\"wp-block-image\"><figure class=\"aligncenter size-large\"><a href=\"https:\/\/mizu.com.br\/\"><img loading=\"lazy\" decoding=\"async\" width=\"729\" height=\"90\" src=\"https:\/\/jornalfatosenoticias.com.br\/wp-content\/uploads\/2020\/02\/Logo_Mizu.png\" alt=\"\" class=\"wp-image-1441\" srcset=\"https:\/\/jornalfatosenoticias.com.br\/wp-content\/uploads\/2020\/02\/Logo_Mizu.png 729w, https:\/\/jornalfatosenoticias.com.br\/wp-content\/uploads\/2020\/02\/Logo_Mizu-300x37.png 300w\" sizes=\"auto, (max-width: 729px) 100vw, 729px\" \/><\/a><\/figure><\/div>\n\n\n\n<p>Em uma <a href=\"https:\/\/www.bonsfluidos.com.br\/bem-estar\/caminhada-japonesa-saiba-o-que-e-e-como-adiciona-la-a-sua-rotina.phtml\">caminhada<\/a> pelo bairro, os aromas tomam conta: o cheiro da grama rec\u00e9m-cortada, o churrasco vindo de algum quintal, o leve cheiro de cloro. Em um instante, voc\u00ea \u00e9 transportado, como em um passe de m\u00e1gica, para os dias ensolarados da juventude, mergulhos em piscinas com os amigos e o calor acolhedor da presen\u00e7a da fam\u00edlia.<br>Esse mergulho emocional tem nome: <a href=\"https:\/\/www.bonsfluidos.com.br\/colunas\/todos-nos\/nostalgia-o-que-esta-por-tras-do-fascinio-pelo-passado.phtml\">nostalgia<\/a>. E ela vai muito al\u00e9m da saudade. A Psicologia moderna mostra que reviver essas mem\u00f3rias afetivas, despertadas por cheiros, m\u00fasicas ou sabores, tem um papel importante no bem-estar emocional, social e f\u00edsico.<\/p>\n\n\n\n<div class=\"wp-block-image\"><figure class=\"aligncenter size-large is-resized\"><a href=\"https:\/\/www.controlsystems.com.br\/\"><img loading=\"lazy\" decoding=\"async\" src=\"https:\/\/jornalfatosenoticias.com.br\/wp-content\/uploads\/2020\/02\/CONTROL-CS.jpg\" alt=\"\" class=\"wp-image-44991\" width=\"258\" height=\"309\" srcset=\"https:\/\/jornalfatosenoticias.com.br\/wp-content\/uploads\/2020\/02\/CONTROL-CS.jpg 834w, https:\/\/jornalfatosenoticias.com.br\/wp-content\/uploads\/2020\/02\/CONTROL-CS-250x300.jpg 250w, https:\/\/jornalfatosenoticias.com.br\/wp-content\/uploads\/2020\/02\/CONTROL-CS-768x921.jpg 768w\" sizes=\"auto, (max-width: 258px) 100vw, 258px\" \/><\/a><\/figure><\/div>\n\n\n\n<p>Por muito tempo, viu-se a nostalgia como algo negativo, despertando um sentimento de melancolia. No s\u00e9culo XVII, o termo era utilizado para descrever o sofrimento de soldados longe de casa. Mas hoje, pesquisadores a reconhecem como uma <a href=\"https:\/\/www.bonsfluidos.com.br\/comportamento\/o-que-e-nostalgia-entenda-seu-significado-para-a-psicologia.phtml\">emo\u00e7\u00e3o<\/a> essencialmente positiva, embora envolta em leve saudade. Afinal, \u00e9 capaz de trazer conforto, pertencimento e sentido \u00e0 vida.<\/p>\n\n\n\n<div class=\"wp-block-image\"><figure class=\"aligncenter size-large is-resized\"><a href=\"https:\/\/panper.com.br\/\"><img loading=\"lazy\" decoding=\"async\" src=\"https:\/\/jornalfatosenoticias.com.br\/wp-content\/uploads\/2023\/03\/logo-Panper_portal.jpg\" alt=\"\" class=\"wp-image-40208\" width=\"331\" height=\"229\" srcset=\"https:\/\/jornalfatosenoticias.com.br\/wp-content\/uploads\/2023\/03\/logo-Panper_portal.jpg 400w, https:\/\/jornalfatosenoticias.com.br\/wp-content\/uploads\/2023\/03\/logo-Panper_portal-300x208.jpg 300w\" sizes=\"auto, (max-width: 331px) 100vw, 331px\" \/><\/a><\/figure><\/div>\n\n\n\n<p>Primeiramente, a ci\u00eancia j\u00e1 comprovou: os cheiros t\u00eam o poder de nos levar para uma viagem no tempo. Aromas como o de talco de beb\u00ea ou especiarias de torta, por exemplo, evocam lembran\u00e7as intensas e provocam <a href=\"https:\/\/www.bonsfluidos.com.br\/coluna-charles-bueno\/sentimento-x-emocao-saber-diferenciar-os-dois-pode-promover-o-seu-sucesso-na-vida-entenda-a-relacao.phtml\">emo\u00e7\u00f5es<\/a> positivas, conex\u00e3o social e otimismo.<\/p>\n\n\n\n<div class=\"wp-block-image\"><figure class=\"aligncenter size-large is-resized\"><a href=\"https:\/\/www.facebook.com\/profile.php?id=100069289606145\"><img loading=\"lazy\" decoding=\"async\" src=\"https:\/\/jornalfatosenoticias.com.br\/wp-content\/uploads\/2024\/11\/Guaitolini-Contabilidade-1024x714.jpeg\" alt=\"\" class=\"wp-image-55808\" width=\"296\" height=\"206\" srcset=\"https:\/\/jornalfatosenoticias.com.br\/wp-content\/uploads\/2024\/11\/Guaitolini-Contabilidade-1024x714.jpeg 1024w, https:\/\/jornalfatosenoticias.com.br\/wp-content\/uploads\/2024\/11\/Guaitolini-Contabilidade-300x209.jpeg 300w, https:\/\/jornalfatosenoticias.com.br\/wp-content\/uploads\/2024\/11\/Guaitolini-Contabilidade-768x535.jpeg 768w, https:\/\/jornalfatosenoticias.com.br\/wp-content\/uploads\/2024\/11\/Guaitolini-Contabilidade.jpeg 1280w\" sizes=\"auto, (max-width: 296px) 100vw, 296px\" \/><\/a><\/figure><\/div>\n\n\n\n<p>Segundo <strong>Chelsea Reid<\/strong>, professora de Psicologia da\u00a0<em>Faculdade de Charleston (EUA)<\/em>\u00a0ao\u00a0<em>The Conversation<\/em>, os alimentos tamb\u00e9m s\u00e3o gatilhos poderosos de\u00a0<a href=\"https:\/\/www.bonsfluidos.com.br\/comportamento\/lagrimas-de-tristeza-medo-ou-emocao-saiba-que-efeito-o-choro-causa-no-corpo-humano.phtml\">nostalgia<\/a>. Eles nos conectam com pessoas, tradi\u00e7\u00f5es e momentos compartilhados. Uma fatia de melancia em um dia quente, um bolo feito pela av\u00f3\u2026 essas mem\u00f3rias alimentares nos nutrem de afeto e de energia.<\/p>\n\n\n\n<div class=\"wp-block-image\"><figure class=\"aligncenter size-large is-resized\"><a href=\"https:\/\/hotelmarquetti.com.br\/\"><img loading=\"lazy\" decoding=\"async\" src=\"https:\/\/jornalfatosenoticias.com.br\/wp-content\/uploads\/2020\/02\/LOGO-MQ-1024x680.jpg\" alt=\"\" class=\"wp-image-58299\" width=\"345\" height=\"229\" srcset=\"https:\/\/jornalfatosenoticias.com.br\/wp-content\/uploads\/2020\/02\/LOGO-MQ-1024x680.jpg 1024w, https:\/\/jornalfatosenoticias.com.br\/wp-content\/uploads\/2020\/02\/LOGO-MQ-300x199.jpg 300w, https:\/\/jornalfatosenoticias.com.br\/wp-content\/uploads\/2020\/02\/LOGO-MQ-768x510.jpg 768w, https:\/\/jornalfatosenoticias.com.br\/wp-content\/uploads\/2020\/02\/LOGO-MQ-1536x1020.jpg 1536w, https:\/\/jornalfatosenoticias.com.br\/wp-content\/uploads\/2020\/02\/LOGO-MQ-2048x1360.jpg 2048w\" sizes=\"auto, (max-width: 345px) 100vw, 345px\" \/><\/a><\/figure><\/div>\n\n\n\n<p><strong><span class=\"has-inline-color has-vivid-purple-color\">Lembrar tamb\u00e9m \u00e9 cuidar<br><\/span><\/strong>Reconhece-se a nostalgia, hoje, como um caminho leg\u00edtimo de autocuidado. Em tempos de excesso de est\u00edmulos e distanciamento, ela oferece abrigo e nos conecta com o que \u00e9 essencial: nossa <a href=\"https:\/\/www.bonsfluidos.com.br\/comportamento\/qual-o-papel-da-nostalgia-na-construcao-do-presente.phtml\">hist\u00f3ria<\/a>. Cultivar esse sentimento \u00e9 uma forma de lembrarmos que ainda somos feitos de momentos bons \u2014 e que eles continuam vivos dentro de n\u00f3s.<\/p>\n\n\n\n<div class=\"wp-block-image\"><figure class=\"aligncenter size-large is-resized\"><a href=\"https:\/\/www.facebook.com\/vetor.vix\/\"><img loading=\"lazy\" decoding=\"async\" src=\"https:\/\/jornalfatosenoticias.com.br\/wp-content\/uploads\/2023\/09\/vetorvix1024_1.jpg\" alt=\"\" class=\"wp-image-44868\" width=\"550\" height=\"146\" srcset=\"https:\/\/jornalfatosenoticias.com.br\/wp-content\/uploads\/2023\/09\/vetorvix1024_1.jpg 1024w, https:\/\/jornalfatosenoticias.com.br\/wp-content\/uploads\/2023\/09\/vetorvix1024_1-300x80.jpg 300w, https:\/\/jornalfatosenoticias.com.br\/wp-content\/uploads\/2023\/09\/vetorvix1024_1-768x205.jpg 768w\" sizes=\"auto, (max-width: 550px) 100vw, 550px\" \/><\/a><\/figure><\/div>\n\n\n\n<p><strong>Fonte: <a href=\"https:\/\/www.bonsfluidos.com.br\/bem-estar\/aromas-afetivos-descubra-como-cheiros-do-passado-influenciam-nossa-saude.phtml\">Bons Fluidos<\/a><\/strong><\/p>\n","protected":false},"excerpt":{"rendered":"<p>Cheiros que marcam a mem\u00f3ria tamb\u00e9m podem despertar conforto, conex\u00e3o e equil\u00edbrio emocional; entenda Por Isabella Bisordi Em uma caminhada pelo bairro, os aromas tomam conta: o cheiro da grama rec\u00e9m-cortada, o churrasco vindo de algum quintal, o leve cheiro de cloro. Em um instante, voc\u00ea \u00e9 transportado, como em um passe de m\u00e1gica, para [&hellip;]<\/p>\n","protected":false},"author":2,"featured_media":60503,"comment_status":"open","ping_status":"open","sticky":false,"template":"","format":"standard","meta":{"footnotes":""},"categories":[2522],"tags":[26861,385,2336,17583,5096,27596,3247,1968,1986],"class_list":["post-60502","post","type-post","status-publish","format-standard","has-post-thumbnail","hentry","category-comportamento","tag-aroma","tag-bem-estar","tag-cerebro","tag-cheiros","tag-emocoes","tag-equilibrio-emocional","tag-memoria","tag-nostalgia","tag-psicologia"],"yoast_head":"<!-- This site is optimized with the Yoast SEO plugin v26.5 - https:\/\/yoast.com\/wordpress\/plugins\/seo\/ -->\n<title>Aromas afetivos: descubra como cheiros do passado influenciam nossa sa\u00fade - Jornal Fatos e Not\u00edcias<\/title>\n<meta name=\"robots\" content=\"index, follow, max-snippet:-1, max-image-preview:large, max-video-preview:-1\" \/>\n<link rel=\"canonical\" href=\"https:\/\/jornalfatosenoticias.com.br\/index.php\/2025\/07\/11\/aromas-afetivos-descubra-como-cheiros-do-passado-influenciam-nossa-saude\/\" \/>\n<meta property=\"og:locale\" content=\"pt_BR\" \/>\n<meta property=\"og:type\" content=\"article\" \/>\n<meta property=\"og:title\" content=\"Aromas afetivos: descubra como cheiros do passado influenciam nossa sa\u00fade - Jornal Fatos e Not\u00edcias\" \/>\n<meta property=\"og:description\" content=\"Cheiros que marcam a mem\u00f3ria tamb\u00e9m podem despertar conforto, conex\u00e3o e equil\u00edbrio emocional; entenda Por Isabella Bisordi Em uma caminhada pelo bairro, os aromas tomam conta: o cheiro da grama rec\u00e9m-cortada, o churrasco vindo de algum quintal, o leve cheiro de cloro. Em um instante, voc\u00ea \u00e9 transportado, como em um passe de m\u00e1gica, para [&hellip;]\" \/>\n<meta property=\"og:url\" content=\"https:\/\/jornalfatosenoticias.com.br\/index.php\/2025\/07\/11\/aromas-afetivos-descubra-como-cheiros-do-passado-influenciam-nossa-saude\/\" \/>\n<meta property=\"og:site_name\" content=\"Jornal Fatos e Not\u00edcias\" \/>\n<meta property=\"article:published_time\" content=\"2025-07-11T15:28:17+00:00\" \/>\n<meta property=\"article:modified_time\" content=\"2025-07-11T15:28:18+00:00\" \/>\n<meta property=\"og:image\" content=\"https:\/\/jornalfatosenoticias.com.br\/wp-content\/uploads\/2025\/07\/aromas-afetivos_freepik.jpg\" \/>\n\t<meta property=\"og:image:width\" content=\"1000\" \/>\n\t<meta property=\"og:image:height\" content=\"562\" \/>\n\t<meta property=\"og:image:type\" content=\"image\/jpeg\" \/>\n<meta name=\"author\" content=\"Luzimara Fernandes\" \/>\n<meta name=\"twitter:card\" content=\"summary_large_image\" \/>\n<meta name=\"twitter:label1\" content=\"Escrito por\" \/>\n\t<meta name=\"twitter:data1\" content=\"Luzimara Fernandes\" \/>\n\t<meta name=\"twitter:label2\" content=\"Est. tempo de leitura\" \/>\n\t<meta name=\"twitter:data2\" content=\"2 minutos\" \/>\n<script type=\"application\/ld+json\" class=\"yoast-schema-graph\">{\"@context\":\"https:\/\/schema.org\",\"@graph\":[{\"@type\":\"Article\",\"@id\":\"https:\/\/jornalfatosenoticias.com.br\/index.php\/2025\/07\/11\/aromas-afetivos-descubra-como-cheiros-do-passado-influenciam-nossa-saude\/#article\",\"isPartOf\":{\"@id\":\"https:\/\/jornalfatosenoticias.com.br\/index.php\/2025\/07\/11\/aromas-afetivos-descubra-como-cheiros-do-passado-influenciam-nossa-saude\/\"},\"author\":{\"name\":\"Luzimara Fernandes\",\"@id\":\"https:\/\/jornalfatosenoticias.com.br\/#\/schema\/person\/d63837fa13ac8666eb9e74e0985d6f81\"},\"headline\":\"Aromas afetivos: descubra como cheiros do passado influenciam nossa sa\u00fade\",\"datePublished\":\"2025-07-11T15:28:17+00:00\",\"dateModified\":\"2025-07-11T15:28:18+00:00\",\"mainEntityOfPage\":{\"@id\":\"https:\/\/jornalfatosenoticias.com.br\/index.php\/2025\/07\/11\/aromas-afetivos-descubra-como-cheiros-do-passado-influenciam-nossa-saude\/\"},\"wordCount\":358,\"commentCount\":0,\"publisher\":{\"@id\":\"https:\/\/jornalfatosenoticias.com.br\/#organization\"},\"image\":{\"@id\":\"https:\/\/jornalfatosenoticias.com.br\/index.php\/2025\/07\/11\/aromas-afetivos-descubra-como-cheiros-do-passado-influenciam-nossa-saude\/#primaryimage\"},\"thumbnailUrl\":\"https:\/\/jornalfatosenoticias.com.br\/wp-content\/uploads\/2025\/07\/aromas-afetivos_freepik.jpg\",\"keywords\":[\"aroma\",\"bem-estar\",\"c\u00e9rebro\",\"cheiros\",\"emo\u00e7\u00f5es\",\"equil\u00edbrio emocional\",\"mem\u00f3ria\",\"nostalgia\",\"psicologia\"],\"articleSection\":[\"Comportamento &amp; Equil\u00edbrio\"],\"inLanguage\":\"pt-BR\",\"potentialAction\":[{\"@type\":\"CommentAction\",\"name\":\"Comment\",\"target\":[\"https:\/\/jornalfatosenoticias.com.br\/index.php\/2025\/07\/11\/aromas-afetivos-descubra-como-cheiros-do-passado-influenciam-nossa-saude\/#respond\"]}]},{\"@type\":\"WebPage\",\"@id\":\"https:\/\/jornalfatosenoticias.com.br\/index.php\/2025\/07\/11\/aromas-afetivos-descubra-como-cheiros-do-passado-influenciam-nossa-saude\/\",\"url\":\"https:\/\/jornalfatosenoticias.com.br\/index.php\/2025\/07\/11\/aromas-afetivos-descubra-como-cheiros-do-passado-influenciam-nossa-saude\/\",\"name\":\"Aromas afetivos: descubra como cheiros do passado influenciam nossa sa\u00fade - Jornal Fatos e Not\u00edcias\",\"isPartOf\":{\"@id\":\"https:\/\/jornalfatosenoticias.com.br\/#website\"},\"primaryImageOfPage\":{\"@id\":\"https:\/\/jornalfatosenoticias.com.br\/index.php\/2025\/07\/11\/aromas-afetivos-descubra-como-cheiros-do-passado-influenciam-nossa-saude\/#primaryimage\"},\"image\":{\"@id\":\"https:\/\/jornalfatosenoticias.com.br\/index.php\/2025\/07\/11\/aromas-afetivos-descubra-como-cheiros-do-passado-influenciam-nossa-saude\/#primaryimage\"},\"thumbnailUrl\":\"https:\/\/jornalfatosenoticias.com.br\/wp-content\/uploads\/2025\/07\/aromas-afetivos_freepik.jpg\",\"datePublished\":\"2025-07-11T15:28:17+00:00\",\"dateModified\":\"2025-07-11T15:28:18+00:00\",\"breadcrumb\":{\"@id\":\"https:\/\/jornalfatosenoticias.com.br\/index.php\/2025\/07\/11\/aromas-afetivos-descubra-como-cheiros-do-passado-influenciam-nossa-saude\/#breadcrumb\"},\"inLanguage\":\"pt-BR\",\"potentialAction\":[{\"@type\":\"ReadAction\",\"target\":[\"https:\/\/jornalfatosenoticias.com.br\/index.php\/2025\/07\/11\/aromas-afetivos-descubra-como-cheiros-do-passado-influenciam-nossa-saude\/\"]}]},{\"@type\":\"ImageObject\",\"inLanguage\":\"pt-BR\",\"@id\":\"https:\/\/jornalfatosenoticias.com.br\/index.php\/2025\/07\/11\/aromas-afetivos-descubra-como-cheiros-do-passado-influenciam-nossa-saude\/#primaryimage\",\"url\":\"https:\/\/jornalfatosenoticias.com.br\/wp-content\/uploads\/2025\/07\/aromas-afetivos_freepik.jpg\",\"contentUrl\":\"https:\/\/jornalfatosenoticias.com.br\/wp-content\/uploads\/2025\/07\/aromas-afetivos_freepik.jpg\",\"width\":1000,\"height\":562},{\"@type\":\"BreadcrumbList\",\"@id\":\"https:\/\/jornalfatosenoticias.com.br\/index.php\/2025\/07\/11\/aromas-afetivos-descubra-como-cheiros-do-passado-influenciam-nossa-saude\/#breadcrumb\",\"itemListElement\":[{\"@type\":\"ListItem\",\"position\":1,\"name\":\"In\u00edcio\",\"item\":\"https:\/\/jornalfatosenoticias.com.br\/\"},{\"@type\":\"ListItem\",\"position\":2,\"name\":\"Aromas afetivos: descubra como cheiros do passado influenciam nossa sa\u00fade\"}]},{\"@type\":\"WebSite\",\"@id\":\"https:\/\/jornalfatosenoticias.com.br\/#website\",\"url\":\"https:\/\/jornalfatosenoticias.com.br\/\",\"name\":\"Jornal Fatos e Not\u00edcias\",\"description\":\"Not\u00edcias em geral\",\"publisher\":{\"@id\":\"https:\/\/jornalfatosenoticias.com.br\/#organization\"},\"potentialAction\":[{\"@type\":\"SearchAction\",\"target\":{\"@type\":\"EntryPoint\",\"urlTemplate\":\"https:\/\/jornalfatosenoticias.com.br\/?s={search_term_string}\"},\"query-input\":{\"@type\":\"PropertyValueSpecification\",\"valueRequired\":true,\"valueName\":\"search_term_string\"}}],\"inLanguage\":\"pt-BR\"},{\"@type\":\"Organization\",\"@id\":\"https:\/\/jornalfatosenoticias.com.br\/#organization\",\"name\":\"Jornal Fatos e Not\u00edcias\",\"url\":\"https:\/\/jornalfatosenoticias.com.br\/\",\"logo\":{\"@type\":\"ImageObject\",\"inLanguage\":\"pt-BR\",\"@id\":\"https:\/\/jornalfatosenoticias.com.br\/#\/schema\/logo\/image\/\",\"url\":\"https:\/\/jornalfatosenoticias.com.br\/wp-content\/uploads\/2020\/02\/logo120.png\",\"contentUrl\":\"https:\/\/jornalfatosenoticias.com.br\/wp-content\/uploads\/2020\/02\/logo120.png\",\"width\":1227,\"height\":120,\"caption\":\"Jornal Fatos e Not\u00edcias\"},\"image\":{\"@id\":\"https:\/\/jornalfatosenoticias.com.br\/#\/schema\/logo\/image\/\"}},{\"@type\":\"Person\",\"@id\":\"https:\/\/jornalfatosenoticias.com.br\/#\/schema\/person\/d63837fa13ac8666eb9e74e0985d6f81\",\"name\":\"Luzimara Fernandes\",\"image\":{\"@type\":\"ImageObject\",\"inLanguage\":\"pt-BR\",\"@id\":\"https:\/\/jornalfatosenoticias.com.br\/#\/schema\/person\/image\/\",\"url\":\"https:\/\/jornalfatosenoticias.com.br\/wp-content\/uploads\/2025\/05\/EU_portal.jpg\",\"contentUrl\":\"https:\/\/jornalfatosenoticias.com.br\/wp-content\/uploads\/2025\/05\/EU_portal.jpg\",\"caption\":\"Luzimara Fernandes\"},\"description\":\"Jornalista MTB 2358-ES\",\"sameAs\":[\"https:\/\/jornalfatosenoticias.com.br\"],\"url\":\"https:\/\/jornalfatosenoticias.com.br\/index.php\/author\/luzimara\/\"}]}<\/script>\n<!-- \/ Yoast SEO plugin. -->","yoast_head_json":{"title":"Aromas afetivos: descubra como cheiros do passado influenciam nossa sa\u00fade - Jornal Fatos e Not\u00edcias","robots":{"index":"index","follow":"follow","max-snippet":"max-snippet:-1","max-image-preview":"max-image-preview:large","max-video-preview":"max-video-preview:-1"},"canonical":"https:\/\/jornalfatosenoticias.com.br\/index.php\/2025\/07\/11\/aromas-afetivos-descubra-como-cheiros-do-passado-influenciam-nossa-saude\/","og_locale":"pt_BR","og_type":"article","og_title":"Aromas afetivos: descubra como cheiros do passado influenciam nossa sa\u00fade - Jornal Fatos e Not\u00edcias","og_description":"Cheiros que marcam a mem\u00f3ria tamb\u00e9m podem despertar conforto, conex\u00e3o e equil\u00edbrio emocional; entenda Por Isabella Bisordi Em uma caminhada pelo bairro, os aromas tomam conta: o cheiro da grama rec\u00e9m-cortada, o churrasco vindo de algum quintal, o leve cheiro de cloro. Em um instante, voc\u00ea \u00e9 transportado, como em um passe de m\u00e1gica, para [&hellip;]","og_url":"https:\/\/jornalfatosenoticias.com.br\/index.php\/2025\/07\/11\/aromas-afetivos-descubra-como-cheiros-do-passado-influenciam-nossa-saude\/","og_site_name":"Jornal Fatos e Not\u00edcias","article_published_time":"2025-07-11T15:28:17+00:00","article_modified_time":"2025-07-11T15:28:18+00:00","og_image":[{"width":1000,"height":562,"url":"https:\/\/jornalfatosenoticias.com.br\/wp-content\/uploads\/2025\/07\/aromas-afetivos_freepik.jpg","type":"image\/jpeg"}],"author":"Luzimara Fernandes","twitter_card":"summary_large_image","twitter_misc":{"Escrito por":"Luzimara Fernandes","Est. tempo de leitura":"2 minutos"},"schema":{"@context":"https:\/\/schema.org","@graph":[{"@type":"Article","@id":"https:\/\/jornalfatosenoticias.com.br\/index.php\/2025\/07\/11\/aromas-afetivos-descubra-como-cheiros-do-passado-influenciam-nossa-saude\/#article","isPartOf":{"@id":"https:\/\/jornalfatosenoticias.com.br\/index.php\/2025\/07\/11\/aromas-afetivos-descubra-como-cheiros-do-passado-influenciam-nossa-saude\/"},"author":{"name":"Luzimara Fernandes","@id":"https:\/\/jornalfatosenoticias.com.br\/#\/schema\/person\/d63837fa13ac8666eb9e74e0985d6f81"},"headline":"Aromas afetivos: descubra como cheiros do passado influenciam nossa sa\u00fade","datePublished":"2025-07-11T15:28:17+00:00","dateModified":"2025-07-11T15:28:18+00:00","mainEntityOfPage":{"@id":"https:\/\/jornalfatosenoticias.com.br\/index.php\/2025\/07\/11\/aromas-afetivos-descubra-como-cheiros-do-passado-influenciam-nossa-saude\/"},"wordCount":358,"commentCount":0,"publisher":{"@id":"https:\/\/jornalfatosenoticias.com.br\/#organization"},"image":{"@id":"https:\/\/jornalfatosenoticias.com.br\/index.php\/2025\/07\/11\/aromas-afetivos-descubra-como-cheiros-do-passado-influenciam-nossa-saude\/#primaryimage"},"thumbnailUrl":"https:\/\/jornalfatosenoticias.com.br\/wp-content\/uploads\/2025\/07\/aromas-afetivos_freepik.jpg","keywords":["aroma","bem-estar","c\u00e9rebro","cheiros","emo\u00e7\u00f5es","equil\u00edbrio emocional","mem\u00f3ria","nostalgia","psicologia"],"articleSection":["Comportamento &amp; Equil\u00edbrio"],"inLanguage":"pt-BR","potentialAction":[{"@type":"CommentAction","name":"Comment","target":["https:\/\/jornalfatosenoticias.com.br\/index.php\/2025\/07\/11\/aromas-afetivos-descubra-como-cheiros-do-passado-influenciam-nossa-saude\/#respond"]}]},{"@type":"WebPage","@id":"https:\/\/jornalfatosenoticias.com.br\/index.php\/2025\/07\/11\/aromas-afetivos-descubra-como-cheiros-do-passado-influenciam-nossa-saude\/","url":"https:\/\/jornalfatosenoticias.com.br\/index.php\/2025\/07\/11\/aromas-afetivos-descubra-como-cheiros-do-passado-influenciam-nossa-saude\/","name":"Aromas afetivos: descubra como cheiros do passado influenciam nossa sa\u00fade - Jornal Fatos e Not\u00edcias","isPartOf":{"@id":"https:\/\/jornalfatosenoticias.com.br\/#website"},"primaryImageOfPage":{"@id":"https:\/\/jornalfatosenoticias.com.br\/index.php\/2025\/07\/11\/aromas-afetivos-descubra-como-cheiros-do-passado-influenciam-nossa-saude\/#primaryimage"},"image":{"@id":"https:\/\/jornalfatosenoticias.com.br\/index.php\/2025\/07\/11\/aromas-afetivos-descubra-como-cheiros-do-passado-influenciam-nossa-saude\/#primaryimage"},"thumbnailUrl":"https:\/\/jornalfatosenoticias.com.br\/wp-content\/uploads\/2025\/07\/aromas-afetivos_freepik.jpg","datePublished":"2025-07-11T15:28:17+00:00","dateModified":"2025-07-11T15:28:18+00:00","breadcrumb":{"@id":"https:\/\/jornalfatosenoticias.com.br\/index.php\/2025\/07\/11\/aromas-afetivos-descubra-como-cheiros-do-passado-influenciam-nossa-saude\/#breadcrumb"},"inLanguage":"pt-BR","potentialAction":[{"@type":"ReadAction","target":["https:\/\/jornalfatosenoticias.com.br\/index.php\/2025\/07\/11\/aromas-afetivos-descubra-como-cheiros-do-passado-influenciam-nossa-saude\/"]}]},{"@type":"ImageObject","inLanguage":"pt-BR","@id":"https:\/\/jornalfatosenoticias.com.br\/index.php\/2025\/07\/11\/aromas-afetivos-descubra-como-cheiros-do-passado-influenciam-nossa-saude\/#primaryimage","url":"https:\/\/jornalfatosenoticias.com.br\/wp-content\/uploads\/2025\/07\/aromas-afetivos_freepik.jpg","contentUrl":"https:\/\/jornalfatosenoticias.com.br\/wp-content\/uploads\/2025\/07\/aromas-afetivos_freepik.jpg","width":1000,"height":562},{"@type":"BreadcrumbList","@id":"https:\/\/jornalfatosenoticias.com.br\/index.php\/2025\/07\/11\/aromas-afetivos-descubra-como-cheiros-do-passado-influenciam-nossa-saude\/#breadcrumb","itemListElement":[{"@type":"ListItem","position":1,"name":"In\u00edcio","item":"https:\/\/jornalfatosenoticias.com.br\/"},{"@type":"ListItem","position":2,"name":"Aromas afetivos: descubra como cheiros do passado influenciam nossa sa\u00fade"}]},{"@type":"WebSite","@id":"https:\/\/jornalfatosenoticias.com.br\/#website","url":"https:\/\/jornalfatosenoticias.com.br\/","name":"Jornal Fatos e Not\u00edcias","description":"Not\u00edcias em geral","publisher":{"@id":"https:\/\/jornalfatosenoticias.com.br\/#organization"},"potentialAction":[{"@type":"SearchAction","target":{"@type":"EntryPoint","urlTemplate":"https:\/\/jornalfatosenoticias.com.br\/?s={search_term_string}"},"query-input":{"@type":"PropertyValueSpecification","valueRequired":true,"valueName":"search_term_string"}}],"inLanguage":"pt-BR"},{"@type":"Organization","@id":"https:\/\/jornalfatosenoticias.com.br\/#organization","name":"Jornal Fatos e Not\u00edcias","url":"https:\/\/jornalfatosenoticias.com.br\/","logo":{"@type":"ImageObject","inLanguage":"pt-BR","@id":"https:\/\/jornalfatosenoticias.com.br\/#\/schema\/logo\/image\/","url":"https:\/\/jornalfatosenoticias.com.br\/wp-content\/uploads\/2020\/02\/logo120.png","contentUrl":"https:\/\/jornalfatosenoticias.com.br\/wp-content\/uploads\/2020\/02\/logo120.png","width":1227,"height":120,"caption":"Jornal Fatos e Not\u00edcias"},"image":{"@id":"https:\/\/jornalfatosenoticias.com.br\/#\/schema\/logo\/image\/"}},{"@type":"Person","@id":"https:\/\/jornalfatosenoticias.com.br\/#\/schema\/person\/d63837fa13ac8666eb9e74e0985d6f81","name":"Luzimara Fernandes","image":{"@type":"ImageObject","inLanguage":"pt-BR","@id":"https:\/\/jornalfatosenoticias.com.br\/#\/schema\/person\/image\/","url":"https:\/\/jornalfatosenoticias.com.br\/wp-content\/uploads\/2025\/05\/EU_portal.jpg","contentUrl":"https:\/\/jornalfatosenoticias.com.br\/wp-content\/uploads\/2025\/05\/EU_portal.jpg","caption":"Luzimara Fernandes"},"description":"Jornalista MTB 2358-ES","sameAs":["https:\/\/jornalfatosenoticias.com.br"],"url":"https:\/\/jornalfatosenoticias.com.br\/index.php\/author\/luzimara\/"}]}},"cc_featured_image_caption":{"caption_text":"(Foto: Freepik) ","source_text":"","source_url":""},"jetpack_featured_media_url":"https:\/\/jornalfatosenoticias.com.br\/wp-content\/uploads\/2025\/07\/aromas-afetivos_freepik.jpg","_links":{"self":[{"href":"https:\/\/jornalfatosenoticias.com.br\/index.php\/wp-json\/wp\/v2\/posts\/60502","targetHints":{"allow":["GET"]}}],"collection":[{"href":"https:\/\/jornalfatosenoticias.com.br\/index.php\/wp-json\/wp\/v2\/posts"}],"about":[{"href":"https:\/\/jornalfatosenoticias.com.br\/index.php\/wp-json\/wp\/v2\/types\/post"}],"author":[{"embeddable":true,"href":"https:\/\/jornalfatosenoticias.com.br\/index.php\/wp-json\/wp\/v2\/users\/2"}],"replies":[{"embeddable":true,"href":"https:\/\/jornalfatosenoticias.com.br\/index.php\/wp-json\/wp\/v2\/comments?post=60502"}],"version-history":[{"count":0,"href":"https:\/\/jornalfatosenoticias.com.br\/index.php\/wp-json\/wp\/v2\/posts\/60502\/revisions"}],"wp:featuredmedia":[{"embeddable":true,"href":"https:\/\/jornalfatosenoticias.com.br\/index.php\/wp-json\/wp\/v2\/media\/60503"}],"wp:attachment":[{"href":"https:\/\/jornalfatosenoticias.com.br\/index.php\/wp-json\/wp\/v2\/media?parent=60502"}],"wp:term":[{"taxonomy":"category","embeddable":true,"href":"https:\/\/jornalfatosenoticias.com.br\/index.php\/wp-json\/wp\/v2\/categories?post=60502"},{"taxonomy":"post_tag","embeddable":true,"href":"https:\/\/jornalfatosenoticias.com.br\/index.php\/wp-json\/wp\/v2\/tags?post=60502"}],"curies":[{"name":"wp","href":"https:\/\/api.w.org\/{rel}","templated":true}]}}