{"id":60536,"date":"2025-07-15T12:27:57","date_gmt":"2025-07-15T15:27:57","guid":{"rendered":"https:\/\/jornalfatosenoticias.com.br\/?p=60536"},"modified":"2025-07-15T12:27:58","modified_gmt":"2025-07-15T15:27:58","slug":"ferias-sem-tedio-sete-atividades-para-dias-frios","status":"publish","type":"post","link":"https:\/\/jornalfatosenoticias.com.br\/index.php\/2025\/07\/15\/ferias-sem-tedio-sete-atividades-para-dias-frios\/","title":{"rendered":"F\u00e9rias sem t\u00e9dio: sete atividades para dias frios"},"content":{"rendered":"\n<p><em><span class=\"has-inline-color has-black-color\">Pedagoga sugere brincadeiras ao ar livre e dentro de casa para entreter as crian\u00e7as<\/span><\/em><\/p>\n\n\n\n<div class=\"wp-block-image\"><figure class=\"aligncenter size-large\"><a href=\"https:\/\/mizu.com.br\/\"><img loading=\"lazy\" decoding=\"async\" width=\"729\" height=\"90\" src=\"https:\/\/jornalfatosenoticias.com.br\/wp-content\/uploads\/2020\/02\/Logo_Mizu.png\" alt=\"\" class=\"wp-image-1441\" srcset=\"https:\/\/jornalfatosenoticias.com.br\/wp-content\/uploads\/2020\/02\/Logo_Mizu.png 729w, https:\/\/jornalfatosenoticias.com.br\/wp-content\/uploads\/2020\/02\/Logo_Mizu-300x37.png 300w\" sizes=\"auto, (max-width: 729px) 100vw, 729px\" \/><\/a><\/figure><\/div>\n\n\n\n<p>As f\u00e9rias mal come\u00e7aram e j\u00e1 n\u00e3o sabe mais o que inventar para entreter a crian\u00e7ada em casa? Apesar das baixas temperaturas, atividades externas podem ser muito ben\u00e9ficas para a sa\u00fade f\u00edsica e mental dos pequenos \u2014 e dos adultos tamb\u00e9m. Explorar parques, caminhar em trilhas ou simplesmente brincar em \u00e1reas abertas ajuda as crian\u00e7as a gastarem energia de forma saud\u00e1vel e ainda amplia o contato com a natureza, essencial para aumentar o bem-estar, sugere a pedagoga Carolina Paschoal.<\/p>\n\n\n\n<blockquote class=\"wp-block-quote is-layout-flow wp-block-quote-is-layout-flow\"><p><span class=\"has-inline-color has-luminous-vivid-orange-color\">Mesmo no frio, as atividades ao ar livre s\u00e3o fundamentais para o desenvolvimento das crian\u00e7as, desde que estejam bem agasalhadas. Brincar em espa\u00e7os abertos favorece a socializa\u00e7\u00e3o, estimula a criatividade e ainda refor\u00e7a a imunidade, al\u00e9m de ser uma \u00f3tima oportunidade de passar tempo de qualidade em fam\u00edlia\u201d, aponta Carolina.<\/span><\/p><\/blockquote>\n\n\n\n<div class=\"wp-block-image\"><figure class=\"aligncenter size-large is-resized\"><a href=\"https:\/\/www.instagram.com\/gruposei\/\"><img loading=\"lazy\" decoding=\"async\" src=\"https:\/\/jornalfatosenoticias.com.br\/wp-content\/uploads\/2022\/07\/Logo-Grupo-SEI.jpg\" alt=\"\" class=\"wp-image-31973\" width=\"385\" height=\"202\" srcset=\"https:\/\/jornalfatosenoticias.com.br\/wp-content\/uploads\/2022\/07\/Logo-Grupo-SEI.jpg 713w, https:\/\/jornalfatosenoticias.com.br\/wp-content\/uploads\/2022\/07\/Logo-Grupo-SEI-300x158.jpg 300w\" sizes=\"auto, (max-width: 385px) 100vw, 385px\" \/><\/a><\/figure><\/div>\n\n\n\n<p>Ela tamb\u00e9m sugere atividades dentro de casa como as brincadeiras manuais, artesanato, pintura ou montagem de brinquedos recicl\u00e1veis, que ajudam a desenvolver a coordena\u00e7\u00e3o motora e a imagina\u00e7\u00e3o.<em> \u201cAs atividades manuais estimulam o racioc\u00ednio l\u00f3gico, fortalecem a autonomia, a capacidade de concentra\u00e7\u00e3o e a paci\u00eancia. Esses momentos tamb\u00e9m contribuem para o equil\u00edbrio emocional, o que \u00e9 fundamental em todas as idades\u201d, refor\u00e7a.<\/em><\/p>\n\n\n\n<div class=\"wp-block-image\"><figure class=\"aligncenter size-large\"><a href=\"https:\/\/www.cesconetto.com.br\/\"><img loading=\"lazy\" decoding=\"async\" width=\"300\" height=\"250\" src=\"https:\/\/jornalfatosenoticias.com.br\/wp-content\/uploads\/2020\/02\/Banner-2.png\" alt=\"\" class=\"wp-image-43787\"\/><\/a><\/figure><\/div>\n\n\n\n<p>Outras ideias que costumam agradar crian\u00e7as e pais, seja em dias frios ou n\u00e3o, s\u00e3o jogos de tabuleiro, conta\u00e7\u00e3o de hist\u00f3rias e sess\u00f5es de culin\u00e1ria \u2014 como preparar biscoitos ou bolos \u2014 que podem se transformar em verdadeiras aventuras para os pequenos. Mais do que simples passatempos, essas atividades fortalecem os la\u00e7os familiares, essenciais para enfrentar desafios e desenvolver habilidades socioemocionais fundamentais ao conv\u00edvio coletivo, tanto na escola quanto na comunidade.<\/p>\n\n\n\n<div class=\"wp-block-image\"><figure class=\"aligncenter size-large is-resized\"><a href=\"https:\/\/www.instagram.com\/rcradiadores\/\"><img loading=\"lazy\" decoding=\"async\" src=\"https:\/\/jornalfatosenoticias.com.br\/wp-content\/uploads\/2022\/10\/RC_800x750_page-0001.jpg\" alt=\"\" class=\"wp-image-35338\" width=\"293\" height=\"275\" srcset=\"https:\/\/jornalfatosenoticias.com.br\/wp-content\/uploads\/2022\/10\/RC_800x750_page-0001.jpg 400w, https:\/\/jornalfatosenoticias.com.br\/wp-content\/uploads\/2022\/10\/RC_800x750_page-0001-300x281.jpg 300w\" sizes=\"auto, (max-width: 293px) 100vw, 293px\" \/><\/a><\/figure><\/div>\n\n\n\n<p>Independentemente da programa\u00e7\u00e3o escolhida, o mais importante \u00e9 reservar tempo para estar presente e aproveitar esses momentos em fam\u00edlia. Confira a seguir sete dicas de atividades sem telas para criar boas mem\u00f3rias nestas f\u00e9rias de julho: caminhada; oficina de culin\u00e1ria; brincadeiras de movimento (corrida de saco, pega-pega ou esconde-esconde); jogos de tabuleiro; conta\u00e7\u00e3o de hist\u00f3rias; ca\u00e7a ao tesouro, e jardinagem.<\/p>\n\n\n\n<div class=\"wp-block-image\"><figure class=\"aligncenter size-large is-resized\"><a href=\"https:\/\/www.controlsystems.com.br\/\"><img loading=\"lazy\" decoding=\"async\" src=\"https:\/\/jornalfatosenoticias.com.br\/wp-content\/uploads\/2020\/02\/CONTROL-CS.jpg\" alt=\"\" class=\"wp-image-44991\" width=\"277\" height=\"332\" srcset=\"https:\/\/jornalfatosenoticias.com.br\/wp-content\/uploads\/2020\/02\/CONTROL-CS.jpg 834w, https:\/\/jornalfatosenoticias.com.br\/wp-content\/uploads\/2020\/02\/CONTROL-CS-250x300.jpg 250w, https:\/\/jornalfatosenoticias.com.br\/wp-content\/uploads\/2020\/02\/CONTROL-CS-768x921.jpg 768w\" sizes=\"auto, (max-width: 277px) 100vw, 277px\" \/><\/a><\/figure><\/div>\n\n\n\n<p><strong><span class=\"has-inline-color has-vivid-cyan-blue-color\">1. Caminhadas<br><\/span><\/strong>Escolha trilhas f\u00e1ceis, mesmo que sejam em parques urbanos, para explorar o meio ambiente e se conectar com a natureza. Fazer caminhadas gera v\u00e1rios benef\u00edcios, como a melhora da circula\u00e7\u00e3o, da respira\u00e7\u00e3o e da resist\u00eancia f\u00edsica e ajuda a manter o corpo aquecido. \u201cObservar plantas, insetos, pedras e sons da natureza desperta a aten\u00e7\u00e3o e a criatividade, aspectos essenciais para o pleno desenvolvimento das crian\u00e7as\u201d, refor\u00e7a Carolina Paschoal.<\/p>\n\n\n\n<div class=\"wp-block-image\"><figure class=\"aligncenter size-large is-resized\"><a href=\"https:\/\/www.instagram.com\/restaurantepegoretti\/\"><img loading=\"lazy\" decoding=\"async\" src=\"https:\/\/jornalfatosenoticias.com.br\/wp-content\/uploads\/2023\/12\/pegoretti-logo-pdf-1024x389.jpg\" alt=\"\" class=\"wp-image-47536\" width=\"488\" height=\"185\" srcset=\"https:\/\/jornalfatosenoticias.com.br\/wp-content\/uploads\/2023\/12\/pegoretti-logo-pdf-1024x389.jpg 1024w, https:\/\/jornalfatosenoticias.com.br\/wp-content\/uploads\/2023\/12\/pegoretti-logo-pdf-300x114.jpg 300w, https:\/\/jornalfatosenoticias.com.br\/wp-content\/uploads\/2023\/12\/pegoretti-logo-pdf-768x291.jpg 768w, https:\/\/jornalfatosenoticias.com.br\/wp-content\/uploads\/2023\/12\/pegoretti-logo-pdf.jpg 1120w\" sizes=\"auto, (max-width: 488px) 100vw, 488px\" \/><\/a><\/figure><\/div>\n\n\n\n<p><strong><span class=\"has-inline-color has-vivid-cyan-blue-color\">2. Oficina de culin\u00e1ria<br><\/span><\/strong>Aproveite o frio para convidar as crian\u00e7as a preparar receitas simples, como bolos, biscoitos ou p\u00e3es. Al\u00e9m de divertido, o momento ensina no\u00e7\u00f5es de medidas, higiene e organiza\u00e7\u00e3o, conhecimentos importantes para a vida. Elas podem ajudar a mexer a massa e decorar os quitutes e, no fim, ainda saborear o resultado.<\/p>\n\n\n\n<div class=\"wp-block-image\"><figure class=\"aligncenter size-large is-resized\"><a href=\"https:\/\/www.facebook.com\/profile.php?id=100069289606145\"><img loading=\"lazy\" decoding=\"async\" src=\"https:\/\/jornalfatosenoticias.com.br\/wp-content\/uploads\/2024\/11\/Guaitolini-Contabilidade-1024x714.jpeg\" alt=\"\" class=\"wp-image-55808\" width=\"342\" height=\"238\" srcset=\"https:\/\/jornalfatosenoticias.com.br\/wp-content\/uploads\/2024\/11\/Guaitolini-Contabilidade-1024x714.jpeg 1024w, https:\/\/jornalfatosenoticias.com.br\/wp-content\/uploads\/2024\/11\/Guaitolini-Contabilidade-300x209.jpeg 300w, https:\/\/jornalfatosenoticias.com.br\/wp-content\/uploads\/2024\/11\/Guaitolini-Contabilidade-768x535.jpeg 768w, https:\/\/jornalfatosenoticias.com.br\/wp-content\/uploads\/2024\/11\/Guaitolini-Contabilidade.jpeg 1280w\" sizes=\"auto, (max-width: 342px) 100vw, 342px\" \/><\/a><\/figure><\/div>\n\n\n\n<p><strong><span class=\"has-inline-color has-vivid-cyan-blue-color\">3. Brincadeiras de movimento<br><\/span><\/strong>Cl\u00e1ssicas e divertidas, atividades como corrida de saco, pega-pega ou esconde-esconde s\u00e3o ideais para animar as crian\u00e7as no inverno. Al\u00e9m de estimular a coordena\u00e7\u00e3o e o trabalho em equipe, ajudam a aquecer o corpo rapidamente, gastar energia e espantar o frio, gerando muitas mem\u00f3rias afetivas em fam\u00edlia.<\/p>\n\n\n\n<div class=\"wp-block-image\"><figure class=\"aligncenter size-large is-resized\"><a href=\"https:\/\/hotelmarquetti.com.br\/\"><img loading=\"lazy\" decoding=\"async\" src=\"https:\/\/jornalfatosenoticias.com.br\/wp-content\/uploads\/2020\/02\/LOGO-MQ-1024x680.jpg\" alt=\"\" class=\"wp-image-58299\" width=\"356\" height=\"236\" srcset=\"https:\/\/jornalfatosenoticias.com.br\/wp-content\/uploads\/2020\/02\/LOGO-MQ-1024x680.jpg 1024w, https:\/\/jornalfatosenoticias.com.br\/wp-content\/uploads\/2020\/02\/LOGO-MQ-300x199.jpg 300w, https:\/\/jornalfatosenoticias.com.br\/wp-content\/uploads\/2020\/02\/LOGO-MQ-768x510.jpg 768w, https:\/\/jornalfatosenoticias.com.br\/wp-content\/uploads\/2020\/02\/LOGO-MQ-1536x1020.jpg 1536w, https:\/\/jornalfatosenoticias.com.br\/wp-content\/uploads\/2020\/02\/LOGO-MQ-2048x1360.jpg 2048w\" sizes=\"auto, (max-width: 356px) 100vw, 356px\" \/><\/a><\/figure><\/div>\n\n\n\n<p><strong><span class=\"has-inline-color has-vivid-cyan-blue-color\">4. Jogos de tabuleiro<br><\/span><\/strong>No inverno, reunir a fam\u00edlia ao redor de jogos \u00e9 garantia de risadas e aprendizado. Jogos de tabuleiro, como xadrez, dama, cara a cara ou domin\u00f3 estimulam o racioc\u00ednio e a conviv\u00eancia saud\u00e1vel, ensinando sobre regras, estrat\u00e9gia e paci\u00eancia. E o melhor: todo mundo participa junto, sem precisar de telas.<\/p>\n\n\n\n<div class=\"wp-block-image\"><figure class=\"aligncenter size-large\"><a href=\"http:\/\/www.ferrarimaquinas.com.br\/\"><img loading=\"lazy\" decoding=\"async\" width=\"300\" height=\"250\" src=\"https:\/\/jornalfatosenoticias.com.br\/wp-content\/uploads\/2022\/02\/FERRARI_MAQUINAS-E-FERRAMENTAS2.jpg\" alt=\"\" class=\"wp-image-27860\"\/><\/a><\/figure><\/div>\n\n\n\n<p><strong><span class=\"has-inline-color has-vivid-cyan-blue-color\">5. Sess\u00e3o de conta\u00e7\u00e3o de hist\u00f3rias<br><\/span><\/strong>Escolham livros interessantes ou inventem hist\u00f3rias juntos, em que cada pessoa cria uma parte. Atividades como essa incentivam a imagina\u00e7\u00e3o, a criatividade e ampliam o vocabul\u00e1rio. D\u00e1 para usar fantasias, vozes diferentes ou fantoches para tornar a conta\u00e7\u00e3o ainda mais divertida. Assim, os livros viram verdadeiros portais m\u00e1gicos.<\/p>\n\n\n\n<div class=\"wp-block-image\"><figure class=\"aligncenter size-large is-resized\"><a href=\"https:\/\/panper.com.br\/\"><img loading=\"lazy\" decoding=\"async\" src=\"https:\/\/jornalfatosenoticias.com.br\/wp-content\/uploads\/2023\/03\/logo-Panper_portal.jpg\" alt=\"\" class=\"wp-image-40208\" width=\"360\" height=\"249\" srcset=\"https:\/\/jornalfatosenoticias.com.br\/wp-content\/uploads\/2023\/03\/logo-Panper_portal.jpg 400w, https:\/\/jornalfatosenoticias.com.br\/wp-content\/uploads\/2023\/03\/logo-Panper_portal-300x208.jpg 300w\" sizes=\"auto, (max-width: 360px) 100vw, 360px\" \/><\/a><\/figure><\/div>\n\n\n\n<p><strong><span class=\"has-inline-color has-vivid-cyan-blue-color\">6. Ca\u00e7a ao tesouro<br><\/span><\/strong>Monte pistas e charadas pelo quintal, jardim ou mesmo na sala, levando a um \u201ctesouro\u201d surpresa \u2014 pode ser um brinquedo, um chocolate ou um bilhetinho carinhoso. As crian\u00e7as se divertem resolvendo desafios e movimentando o corpo. Al\u00e9m de brincar, exercitam a concentra\u00e7\u00e3o e a curiosidade.<\/p>\n\n\n\n<div class=\"wp-block-image\"><figure class=\"aligncenter size-large is-resized\"><a href=\"https:\/\/www.ithbrasil.com.br\/\"><img loading=\"lazy\" decoding=\"async\" src=\"https:\/\/jornalfatosenoticias.com.br\/wp-content\/uploads\/2023\/08\/ITH.jpeg\" alt=\"\" class=\"wp-image-44638\" width=\"319\" height=\"259\" srcset=\"https:\/\/jornalfatosenoticias.com.br\/wp-content\/uploads\/2023\/08\/ITH.jpeg 800w, https:\/\/jornalfatosenoticias.com.br\/wp-content\/uploads\/2023\/08\/ITH-300x244.jpeg 300w, https:\/\/jornalfatosenoticias.com.br\/wp-content\/uploads\/2023\/08\/ITH-768x624.jpeg 768w\" sizes=\"auto, (max-width: 319px) 100vw, 319px\" \/><\/a><\/figure><\/div>\n\n\n\n<p><strong><span class=\"has-inline-color has-vivid-cyan-blue-color\">7. Jardinagem<br><\/span><\/strong>Mesmo em dias mais frios, \u00e9 poss\u00edvel plantar temperos, ervas ou flores em vasinhos reaproveitados. Ensine as crian\u00e7as a preparar a terra, plantar as sementes e regar. Assim, elas aprendem a cuidar, ter paci\u00eancia e acompanhar o crescimento das plantas.<\/p>\n\n\n\n<p><strong>Fonte: <a href=\"https:\/\/cangurunews.com.br\/ferias-sem-tedio-sete-atividades-para-dias-frios-ou-nao-tao-frios-assim\/\">Canguru News<\/a><\/strong><\/p>\n","protected":false},"excerpt":{"rendered":"<p>Pedagoga sugere brincadeiras ao ar livre e dentro de casa para entreter as crian\u00e7as As f\u00e9rias mal come\u00e7aram e j\u00e1 n\u00e3o sabe mais o que inventar para entreter a crian\u00e7ada em casa? Apesar das baixas temperaturas, atividades externas podem ser muito ben\u00e9ficas para a sa\u00fade f\u00edsica e mental dos pequenos \u2014 e dos adultos tamb\u00e9m. [&hellip;]<\/p>\n","protected":false},"author":2,"featured_media":60537,"comment_status":"open","ping_status":"open","sticky":false,"template":"","format":"standard","meta":{"footnotes":""},"categories":[7],"tags":[1054,670,16175,345,6617,2239],"class_list":["post-60536","post","type-post","status-publish","format-standard","has-post-thumbnail","hentry","category-educacao","tag-brincadeiras","tag-criancas","tag-diversao","tag-educacao","tag-ferias","tag-lazer"],"yoast_head":"<!-- This site is optimized with the Yoast SEO plugin v26.5 - https:\/\/yoast.com\/wordpress\/plugins\/seo\/ -->\n<title>F\u00e9rias sem t\u00e9dio: sete atividades para dias frios - Jornal Fatos e Not\u00edcias<\/title>\n<meta name=\"robots\" content=\"index, follow, max-snippet:-1, max-image-preview:large, max-video-preview:-1\" \/>\n<link rel=\"canonical\" href=\"https:\/\/jornalfatosenoticias.com.br\/index.php\/2025\/07\/15\/ferias-sem-tedio-sete-atividades-para-dias-frios\/\" \/>\n<meta property=\"og:locale\" content=\"pt_BR\" \/>\n<meta property=\"og:type\" content=\"article\" \/>\n<meta property=\"og:title\" content=\"F\u00e9rias sem t\u00e9dio: sete atividades para dias frios - Jornal Fatos e Not\u00edcias\" \/>\n<meta property=\"og:description\" content=\"Pedagoga sugere brincadeiras ao ar livre e dentro de casa para entreter as crian\u00e7as As f\u00e9rias mal come\u00e7aram e j\u00e1 n\u00e3o sabe mais o que inventar para entreter a crian\u00e7ada em casa? Apesar das baixas temperaturas, atividades externas podem ser muito ben\u00e9ficas para a sa\u00fade f\u00edsica e mental dos pequenos \u2014 e dos adultos tamb\u00e9m. [&hellip;]\" \/>\n<meta property=\"og:url\" content=\"https:\/\/jornalfatosenoticias.com.br\/index.php\/2025\/07\/15\/ferias-sem-tedio-sete-atividades-para-dias-frios\/\" \/>\n<meta property=\"og:site_name\" content=\"Jornal Fatos e Not\u00edcias\" \/>\n<meta property=\"article:published_time\" content=\"2025-07-15T15:27:57+00:00\" \/>\n<meta property=\"article:modified_time\" content=\"2025-07-15T15:27:58+00:00\" \/>\n<meta property=\"og:image\" content=\"https:\/\/jornalfatosenoticias.com.br\/wp-content\/uploads\/2025\/07\/ferias_freepik.jpg\" \/>\n\t<meta property=\"og:image:width\" content=\"1000\" \/>\n\t<meta property=\"og:image:height\" content=\"666\" \/>\n\t<meta property=\"og:image:type\" content=\"image\/jpeg\" \/>\n<meta name=\"author\" content=\"Luzimara Fernandes\" \/>\n<meta name=\"twitter:card\" content=\"summary_large_image\" \/>\n<meta name=\"twitter:label1\" content=\"Escrito por\" \/>\n\t<meta name=\"twitter:data1\" content=\"Luzimara Fernandes\" \/>\n\t<meta name=\"twitter:label2\" content=\"Est. tempo de leitura\" \/>\n\t<meta name=\"twitter:data2\" content=\"4 minutos\" \/>\n<script type=\"application\/ld+json\" class=\"yoast-schema-graph\">{\"@context\":\"https:\/\/schema.org\",\"@graph\":[{\"@type\":\"Article\",\"@id\":\"https:\/\/jornalfatosenoticias.com.br\/index.php\/2025\/07\/15\/ferias-sem-tedio-sete-atividades-para-dias-frios\/#article\",\"isPartOf\":{\"@id\":\"https:\/\/jornalfatosenoticias.com.br\/index.php\/2025\/07\/15\/ferias-sem-tedio-sete-atividades-para-dias-frios\/\"},\"author\":{\"name\":\"Luzimara Fernandes\",\"@id\":\"https:\/\/jornalfatosenoticias.com.br\/#\/schema\/person\/d63837fa13ac8666eb9e74e0985d6f81\"},\"headline\":\"F\u00e9rias sem t\u00e9dio: sete atividades para dias frios\",\"datePublished\":\"2025-07-15T15:27:57+00:00\",\"dateModified\":\"2025-07-15T15:27:58+00:00\",\"mainEntityOfPage\":{\"@id\":\"https:\/\/jornalfatosenoticias.com.br\/index.php\/2025\/07\/15\/ferias-sem-tedio-sete-atividades-para-dias-frios\/\"},\"wordCount\":800,\"commentCount\":0,\"publisher\":{\"@id\":\"https:\/\/jornalfatosenoticias.com.br\/#organization\"},\"image\":{\"@id\":\"https:\/\/jornalfatosenoticias.com.br\/index.php\/2025\/07\/15\/ferias-sem-tedio-sete-atividades-para-dias-frios\/#primaryimage\"},\"thumbnailUrl\":\"https:\/\/jornalfatosenoticias.com.br\/wp-content\/uploads\/2025\/07\/ferias_freepik.jpg\",\"keywords\":[\"brincadeiras\",\"crian\u00e7as\",\"divers\u00e3o\",\"educa\u00e7\u00e3o\",\"f\u00e9rias\",\"lazer\"],\"articleSection\":[\"Educa\u00e7\u00e3o\"],\"inLanguage\":\"pt-BR\",\"potentialAction\":[{\"@type\":\"CommentAction\",\"name\":\"Comment\",\"target\":[\"https:\/\/jornalfatosenoticias.com.br\/index.php\/2025\/07\/15\/ferias-sem-tedio-sete-atividades-para-dias-frios\/#respond\"]}]},{\"@type\":\"WebPage\",\"@id\":\"https:\/\/jornalfatosenoticias.com.br\/index.php\/2025\/07\/15\/ferias-sem-tedio-sete-atividades-para-dias-frios\/\",\"url\":\"https:\/\/jornalfatosenoticias.com.br\/index.php\/2025\/07\/15\/ferias-sem-tedio-sete-atividades-para-dias-frios\/\",\"name\":\"F\u00e9rias sem t\u00e9dio: sete atividades para dias frios - Jornal Fatos e Not\u00edcias\",\"isPartOf\":{\"@id\":\"https:\/\/jornalfatosenoticias.com.br\/#website\"},\"primaryImageOfPage\":{\"@id\":\"https:\/\/jornalfatosenoticias.com.br\/index.php\/2025\/07\/15\/ferias-sem-tedio-sete-atividades-para-dias-frios\/#primaryimage\"},\"image\":{\"@id\":\"https:\/\/jornalfatosenoticias.com.br\/index.php\/2025\/07\/15\/ferias-sem-tedio-sete-atividades-para-dias-frios\/#primaryimage\"},\"thumbnailUrl\":\"https:\/\/jornalfatosenoticias.com.br\/wp-content\/uploads\/2025\/07\/ferias_freepik.jpg\",\"datePublished\":\"2025-07-15T15:27:57+00:00\",\"dateModified\":\"2025-07-15T15:27:58+00:00\",\"breadcrumb\":{\"@id\":\"https:\/\/jornalfatosenoticias.com.br\/index.php\/2025\/07\/15\/ferias-sem-tedio-sete-atividades-para-dias-frios\/#breadcrumb\"},\"inLanguage\":\"pt-BR\",\"potentialAction\":[{\"@type\":\"ReadAction\",\"target\":[\"https:\/\/jornalfatosenoticias.com.br\/index.php\/2025\/07\/15\/ferias-sem-tedio-sete-atividades-para-dias-frios\/\"]}]},{\"@type\":\"ImageObject\",\"inLanguage\":\"pt-BR\",\"@id\":\"https:\/\/jornalfatosenoticias.com.br\/index.php\/2025\/07\/15\/ferias-sem-tedio-sete-atividades-para-dias-frios\/#primaryimage\",\"url\":\"https:\/\/jornalfatosenoticias.com.br\/wp-content\/uploads\/2025\/07\/ferias_freepik.jpg\",\"contentUrl\":\"https:\/\/jornalfatosenoticias.com.br\/wp-content\/uploads\/2025\/07\/ferias_freepik.jpg\",\"width\":1000,\"height\":666},{\"@type\":\"BreadcrumbList\",\"@id\":\"https:\/\/jornalfatosenoticias.com.br\/index.php\/2025\/07\/15\/ferias-sem-tedio-sete-atividades-para-dias-frios\/#breadcrumb\",\"itemListElement\":[{\"@type\":\"ListItem\",\"position\":1,\"name\":\"In\u00edcio\",\"item\":\"https:\/\/jornalfatosenoticias.com.br\/\"},{\"@type\":\"ListItem\",\"position\":2,\"name\":\"F\u00e9rias sem t\u00e9dio: sete atividades para dias frios\"}]},{\"@type\":\"WebSite\",\"@id\":\"https:\/\/jornalfatosenoticias.com.br\/#website\",\"url\":\"https:\/\/jornalfatosenoticias.com.br\/\",\"name\":\"Jornal Fatos e Not\u00edcias\",\"description\":\"Not\u00edcias em geral\",\"publisher\":{\"@id\":\"https:\/\/jornalfatosenoticias.com.br\/#organization\"},\"potentialAction\":[{\"@type\":\"SearchAction\",\"target\":{\"@type\":\"EntryPoint\",\"urlTemplate\":\"https:\/\/jornalfatosenoticias.com.br\/?s={search_term_string}\"},\"query-input\":{\"@type\":\"PropertyValueSpecification\",\"valueRequired\":true,\"valueName\":\"search_term_string\"}}],\"inLanguage\":\"pt-BR\"},{\"@type\":\"Organization\",\"@id\":\"https:\/\/jornalfatosenoticias.com.br\/#organization\",\"name\":\"Jornal Fatos e Not\u00edcias\",\"url\":\"https:\/\/jornalfatosenoticias.com.br\/\",\"logo\":{\"@type\":\"ImageObject\",\"inLanguage\":\"pt-BR\",\"@id\":\"https:\/\/jornalfatosenoticias.com.br\/#\/schema\/logo\/image\/\",\"url\":\"https:\/\/jornalfatosenoticias.com.br\/wp-content\/uploads\/2020\/02\/logo120.png\",\"contentUrl\":\"https:\/\/jornalfatosenoticias.com.br\/wp-content\/uploads\/2020\/02\/logo120.png\",\"width\":1227,\"height\":120,\"caption\":\"Jornal Fatos e Not\u00edcias\"},\"image\":{\"@id\":\"https:\/\/jornalfatosenoticias.com.br\/#\/schema\/logo\/image\/\"}},{\"@type\":\"Person\",\"@id\":\"https:\/\/jornalfatosenoticias.com.br\/#\/schema\/person\/d63837fa13ac8666eb9e74e0985d6f81\",\"name\":\"Luzimara Fernandes\",\"image\":{\"@type\":\"ImageObject\",\"inLanguage\":\"pt-BR\",\"@id\":\"https:\/\/jornalfatosenoticias.com.br\/#\/schema\/person\/image\/\",\"url\":\"https:\/\/jornalfatosenoticias.com.br\/wp-content\/uploads\/2025\/05\/EU_portal.jpg\",\"contentUrl\":\"https:\/\/jornalfatosenoticias.com.br\/wp-content\/uploads\/2025\/05\/EU_portal.jpg\",\"caption\":\"Luzimara Fernandes\"},\"description\":\"Jornalista MTB 2358-ES\",\"sameAs\":[\"https:\/\/jornalfatosenoticias.com.br\"],\"url\":\"https:\/\/jornalfatosenoticias.com.br\/index.php\/author\/luzimara\/\"}]}<\/script>\n<!-- \/ Yoast SEO plugin. -->","yoast_head_json":{"title":"F\u00e9rias sem t\u00e9dio: sete atividades para dias frios - Jornal Fatos e Not\u00edcias","robots":{"index":"index","follow":"follow","max-snippet":"max-snippet:-1","max-image-preview":"max-image-preview:large","max-video-preview":"max-video-preview:-1"},"canonical":"https:\/\/jornalfatosenoticias.com.br\/index.php\/2025\/07\/15\/ferias-sem-tedio-sete-atividades-para-dias-frios\/","og_locale":"pt_BR","og_type":"article","og_title":"F\u00e9rias sem t\u00e9dio: sete atividades para dias frios - Jornal Fatos e Not\u00edcias","og_description":"Pedagoga sugere brincadeiras ao ar livre e dentro de casa para entreter as crian\u00e7as As f\u00e9rias mal come\u00e7aram e j\u00e1 n\u00e3o sabe mais o que inventar para entreter a crian\u00e7ada em casa? Apesar das baixas temperaturas, atividades externas podem ser muito ben\u00e9ficas para a sa\u00fade f\u00edsica e mental dos pequenos \u2014 e dos adultos tamb\u00e9m. [&hellip;]","og_url":"https:\/\/jornalfatosenoticias.com.br\/index.php\/2025\/07\/15\/ferias-sem-tedio-sete-atividades-para-dias-frios\/","og_site_name":"Jornal Fatos e Not\u00edcias","article_published_time":"2025-07-15T15:27:57+00:00","article_modified_time":"2025-07-15T15:27:58+00:00","og_image":[{"width":1000,"height":666,"url":"https:\/\/jornalfatosenoticias.com.br\/wp-content\/uploads\/2025\/07\/ferias_freepik.jpg","type":"image\/jpeg"}],"author":"Luzimara Fernandes","twitter_card":"summary_large_image","twitter_misc":{"Escrito por":"Luzimara Fernandes","Est. tempo de leitura":"4 minutos"},"schema":{"@context":"https:\/\/schema.org","@graph":[{"@type":"Article","@id":"https:\/\/jornalfatosenoticias.com.br\/index.php\/2025\/07\/15\/ferias-sem-tedio-sete-atividades-para-dias-frios\/#article","isPartOf":{"@id":"https:\/\/jornalfatosenoticias.com.br\/index.php\/2025\/07\/15\/ferias-sem-tedio-sete-atividades-para-dias-frios\/"},"author":{"name":"Luzimara Fernandes","@id":"https:\/\/jornalfatosenoticias.com.br\/#\/schema\/person\/d63837fa13ac8666eb9e74e0985d6f81"},"headline":"F\u00e9rias sem t\u00e9dio: sete atividades para dias frios","datePublished":"2025-07-15T15:27:57+00:00","dateModified":"2025-07-15T15:27:58+00:00","mainEntityOfPage":{"@id":"https:\/\/jornalfatosenoticias.com.br\/index.php\/2025\/07\/15\/ferias-sem-tedio-sete-atividades-para-dias-frios\/"},"wordCount":800,"commentCount":0,"publisher":{"@id":"https:\/\/jornalfatosenoticias.com.br\/#organization"},"image":{"@id":"https:\/\/jornalfatosenoticias.com.br\/index.php\/2025\/07\/15\/ferias-sem-tedio-sete-atividades-para-dias-frios\/#primaryimage"},"thumbnailUrl":"https:\/\/jornalfatosenoticias.com.br\/wp-content\/uploads\/2025\/07\/ferias_freepik.jpg","keywords":["brincadeiras","crian\u00e7as","divers\u00e3o","educa\u00e7\u00e3o","f\u00e9rias","lazer"],"articleSection":["Educa\u00e7\u00e3o"],"inLanguage":"pt-BR","potentialAction":[{"@type":"CommentAction","name":"Comment","target":["https:\/\/jornalfatosenoticias.com.br\/index.php\/2025\/07\/15\/ferias-sem-tedio-sete-atividades-para-dias-frios\/#respond"]}]},{"@type":"WebPage","@id":"https:\/\/jornalfatosenoticias.com.br\/index.php\/2025\/07\/15\/ferias-sem-tedio-sete-atividades-para-dias-frios\/","url":"https:\/\/jornalfatosenoticias.com.br\/index.php\/2025\/07\/15\/ferias-sem-tedio-sete-atividades-para-dias-frios\/","name":"F\u00e9rias sem t\u00e9dio: sete atividades para dias frios - Jornal Fatos e Not\u00edcias","isPartOf":{"@id":"https:\/\/jornalfatosenoticias.com.br\/#website"},"primaryImageOfPage":{"@id":"https:\/\/jornalfatosenoticias.com.br\/index.php\/2025\/07\/15\/ferias-sem-tedio-sete-atividades-para-dias-frios\/#primaryimage"},"image":{"@id":"https:\/\/jornalfatosenoticias.com.br\/index.php\/2025\/07\/15\/ferias-sem-tedio-sete-atividades-para-dias-frios\/#primaryimage"},"thumbnailUrl":"https:\/\/jornalfatosenoticias.com.br\/wp-content\/uploads\/2025\/07\/ferias_freepik.jpg","datePublished":"2025-07-15T15:27:57+00:00","dateModified":"2025-07-15T15:27:58+00:00","breadcrumb":{"@id":"https:\/\/jornalfatosenoticias.com.br\/index.php\/2025\/07\/15\/ferias-sem-tedio-sete-atividades-para-dias-frios\/#breadcrumb"},"inLanguage":"pt-BR","potentialAction":[{"@type":"ReadAction","target":["https:\/\/jornalfatosenoticias.com.br\/index.php\/2025\/07\/15\/ferias-sem-tedio-sete-atividades-para-dias-frios\/"]}]},{"@type":"ImageObject","inLanguage":"pt-BR","@id":"https:\/\/jornalfatosenoticias.com.br\/index.php\/2025\/07\/15\/ferias-sem-tedio-sete-atividades-para-dias-frios\/#primaryimage","url":"https:\/\/jornalfatosenoticias.com.br\/wp-content\/uploads\/2025\/07\/ferias_freepik.jpg","contentUrl":"https:\/\/jornalfatosenoticias.com.br\/wp-content\/uploads\/2025\/07\/ferias_freepik.jpg","width":1000,"height":666},{"@type":"BreadcrumbList","@id":"https:\/\/jornalfatosenoticias.com.br\/index.php\/2025\/07\/15\/ferias-sem-tedio-sete-atividades-para-dias-frios\/#breadcrumb","itemListElement":[{"@type":"ListItem","position":1,"name":"In\u00edcio","item":"https:\/\/jornalfatosenoticias.com.br\/"},{"@type":"ListItem","position":2,"name":"F\u00e9rias sem t\u00e9dio: sete atividades para dias frios"}]},{"@type":"WebSite","@id":"https:\/\/jornalfatosenoticias.com.br\/#website","url":"https:\/\/jornalfatosenoticias.com.br\/","name":"Jornal Fatos e Not\u00edcias","description":"Not\u00edcias em geral","publisher":{"@id":"https:\/\/jornalfatosenoticias.com.br\/#organization"},"potentialAction":[{"@type":"SearchAction","target":{"@type":"EntryPoint","urlTemplate":"https:\/\/jornalfatosenoticias.com.br\/?s={search_term_string}"},"query-input":{"@type":"PropertyValueSpecification","valueRequired":true,"valueName":"search_term_string"}}],"inLanguage":"pt-BR"},{"@type":"Organization","@id":"https:\/\/jornalfatosenoticias.com.br\/#organization","name":"Jornal Fatos e Not\u00edcias","url":"https:\/\/jornalfatosenoticias.com.br\/","logo":{"@type":"ImageObject","inLanguage":"pt-BR","@id":"https:\/\/jornalfatosenoticias.com.br\/#\/schema\/logo\/image\/","url":"https:\/\/jornalfatosenoticias.com.br\/wp-content\/uploads\/2020\/02\/logo120.png","contentUrl":"https:\/\/jornalfatosenoticias.com.br\/wp-content\/uploads\/2020\/02\/logo120.png","width":1227,"height":120,"caption":"Jornal Fatos e Not\u00edcias"},"image":{"@id":"https:\/\/jornalfatosenoticias.com.br\/#\/schema\/logo\/image\/"}},{"@type":"Person","@id":"https:\/\/jornalfatosenoticias.com.br\/#\/schema\/person\/d63837fa13ac8666eb9e74e0985d6f81","name":"Luzimara Fernandes","image":{"@type":"ImageObject","inLanguage":"pt-BR","@id":"https:\/\/jornalfatosenoticias.com.br\/#\/schema\/person\/image\/","url":"https:\/\/jornalfatosenoticias.com.br\/wp-content\/uploads\/2025\/05\/EU_portal.jpg","contentUrl":"https:\/\/jornalfatosenoticias.com.br\/wp-content\/uploads\/2025\/05\/EU_portal.jpg","caption":"Luzimara Fernandes"},"description":"Jornalista MTB 2358-ES","sameAs":["https:\/\/jornalfatosenoticias.com.br"],"url":"https:\/\/jornalfatosenoticias.com.br\/index.php\/author\/luzimara\/"}]}},"cc_featured_image_caption":{"caption_text":"(Foto: Freepik)","source_text":"","source_url":""},"jetpack_featured_media_url":"https:\/\/jornalfatosenoticias.com.br\/wp-content\/uploads\/2025\/07\/ferias_freepik.jpg","_links":{"self":[{"href":"https:\/\/jornalfatosenoticias.com.br\/index.php\/wp-json\/wp\/v2\/posts\/60536","targetHints":{"allow":["GET"]}}],"collection":[{"href":"https:\/\/jornalfatosenoticias.com.br\/index.php\/wp-json\/wp\/v2\/posts"}],"about":[{"href":"https:\/\/jornalfatosenoticias.com.br\/index.php\/wp-json\/wp\/v2\/types\/post"}],"author":[{"embeddable":true,"href":"https:\/\/jornalfatosenoticias.com.br\/index.php\/wp-json\/wp\/v2\/users\/2"}],"replies":[{"embeddable":true,"href":"https:\/\/jornalfatosenoticias.com.br\/index.php\/wp-json\/wp\/v2\/comments?post=60536"}],"version-history":[{"count":0,"href":"https:\/\/jornalfatosenoticias.com.br\/index.php\/wp-json\/wp\/v2\/posts\/60536\/revisions"}],"wp:featuredmedia":[{"embeddable":true,"href":"https:\/\/jornalfatosenoticias.com.br\/index.php\/wp-json\/wp\/v2\/media\/60537"}],"wp:attachment":[{"href":"https:\/\/jornalfatosenoticias.com.br\/index.php\/wp-json\/wp\/v2\/media?parent=60536"}],"wp:term":[{"taxonomy":"category","embeddable":true,"href":"https:\/\/jornalfatosenoticias.com.br\/index.php\/wp-json\/wp\/v2\/categories?post=60536"},{"taxonomy":"post_tag","embeddable":true,"href":"https:\/\/jornalfatosenoticias.com.br\/index.php\/wp-json\/wp\/v2\/tags?post=60536"}],"curies":[{"name":"wp","href":"https:\/\/api.w.org\/{rel}","templated":true}]}}