{"id":60539,"date":"2025-07-15T13:12:40","date_gmt":"2025-07-15T16:12:40","guid":{"rendered":"https:\/\/jornalfatosenoticias.com.br\/?p=60539"},"modified":"2025-07-15T13:12:41","modified_gmt":"2025-07-15T16:12:41","slug":"quatro-dicas-para-ajudar-as-criancas-a-se-comunicar-melhor","status":"publish","type":"post","link":"https:\/\/jornalfatosenoticias.com.br\/index.php\/2025\/07\/15\/quatro-dicas-para-ajudar-as-criancas-a-se-comunicar-melhor\/","title":{"rendered":"Quatro dicas para ajudar as crian\u00e7as a se comunicar melhor"},"content":{"rendered":"\n<p><em><span class=\"has-inline-color has-black-color\">A pr\u00e1tica da orat\u00f3ria estimula a criatividade, a capacidade de articular e defender ideias e a empatia, afirma especialista<\/span><\/em><\/p>\n\n\n\n<div class=\"wp-block-image\"><figure class=\"aligncenter size-large\"><a href=\"https:\/\/mizu.com.br\/\"><img loading=\"lazy\" decoding=\"async\" width=\"729\" height=\"90\" src=\"https:\/\/jornalfatosenoticias.com.br\/wp-content\/uploads\/2020\/02\/Logo_Mizu.png\" alt=\"\" class=\"wp-image-1441\" srcset=\"https:\/\/jornalfatosenoticias.com.br\/wp-content\/uploads\/2020\/02\/Logo_Mizu.png 729w, https:\/\/jornalfatosenoticias.com.br\/wp-content\/uploads\/2020\/02\/Logo_Mizu-300x37.png 300w\" sizes=\"auto, (max-width: 729px) 100vw, 729px\" \/><\/a><\/figure><\/div>\n\n\n\n<p><a href=\"https:\/\/cangurunews.com.br\/6-desafios-da-comunicacao-nao-violenta-em-familia-e-como-supera-los\/\">Falar em p\u00fablico<\/a> \u00e9 uma situa\u00e7\u00e3o desafiadora para muita gente, que pode sentir p\u00e2nico e ter arrepios s\u00f3 de pensar em subir num palco. Em muitos casos, esse receio existe desde a inf\u00e2ncia, mas pode mudar, se as crian\u00e7as receberem os est\u00edmulos corretos. \u00c9 o que afirma o especialista em comunica\u00e7\u00e3o, bicampe\u00e3o brasileiro de orat\u00f3ria e professor de argumenta\u00e7\u00e3o Giovanni Begossi. <\/p>\n\n\n\n<blockquote class=\"wp-block-quote is-layout-flow wp-block-quote-is-layout-flow\"><p><span class=\"has-inline-color has-luminous-vivid-orange-color\">A crian\u00e7a que pratica orat\u00f3ria \u00e9 mais segura, tem mais habilidades sociais e desenvolve melhor as compet\u00eancias necess\u00e1rias para enfrentar um mercado de trabalho competitivo\u201d.<\/span><\/p><\/blockquote>\n\n\n\n<div class=\"wp-block-image\"><figure class=\"aligncenter size-large is-resized\"><a href=\"https:\/\/www.legisjuris.com.br\/\"><img loading=\"lazy\" decoding=\"async\" src=\"https:\/\/jornalfatosenoticias.com.br\/wp-content\/uploads\/2024\/09\/Legis-Juris-Consultoria_logo.jpg\" alt=\"\" class=\"wp-image-53915\" width=\"501\" height=\"210\" srcset=\"https:\/\/jornalfatosenoticias.com.br\/wp-content\/uploads\/2024\/09\/Legis-Juris-Consultoria_logo.jpg 969w, https:\/\/jornalfatosenoticias.com.br\/wp-content\/uploads\/2024\/09\/Legis-Juris-Consultoria_logo-300x126.jpg 300w, https:\/\/jornalfatosenoticias.com.br\/wp-content\/uploads\/2024\/09\/Legis-Juris-Consultoria_logo-768x322.jpg 768w\" sizes=\"auto, (max-width: 501px) 100vw, 501px\" \/><\/a><\/figure><\/div>\n\n\n\n<p>Segundo o especialista, falar em p\u00fablico est\u00e1 relacionado com o pensamento cr\u00edtico e a autoconfian\u00e7a, e se comunicar de forma persuasiva e influente \u00e9 essencial para uma carreira de sucesso e a lideran\u00e7a, pois somente os bons gestores conseguem inspirar, engajar e reunir um time em torno de um objetivo central.<\/p>\n\n\n\n<div class=\"wp-block-image\"><figure class=\"aligncenter size-large is-resized\"><a href=\"https:\/\/panper.com.br\/\"><img loading=\"lazy\" decoding=\"async\" src=\"https:\/\/jornalfatosenoticias.com.br\/wp-content\/uploads\/2023\/03\/logo-Panper_portal.jpg\" alt=\"\" class=\"wp-image-40208\" width=\"332\" height=\"230\" srcset=\"https:\/\/jornalfatosenoticias.com.br\/wp-content\/uploads\/2023\/03\/logo-Panper_portal.jpg 400w, https:\/\/jornalfatosenoticias.com.br\/wp-content\/uploads\/2023\/03\/logo-Panper_portal-300x208.jpg 300w\" sizes=\"auto, (max-width: 332px) 100vw, 332px\" \/><\/a><\/figure><\/div>\n\n\n\n<p>Um relat\u00f3rio publicado pela institui\u00e7\u00e3o inglesa<em> Early Intervention Foundation<\/em> em parceria com a <em>Newcastle University<\/em> mostra que a maneira como as crian\u00e7as se expressam verbalmente e as experi\u00eancias de comunica\u00e7\u00e3o que vivenciam interferem de forma significativa no desempenho escolar em v\u00e1rias disciplinas.<br>Begossi explica que a pr\u00e1tica da orat\u00f3ria estimula a criatividade das crian\u00e7as, a capacidade de articular e defender ideias, al\u00e9m da empatia. Saber se expressar com clareza e confian\u00e7a n\u00e3o apenas fortalece a autoestima, como tamb\u00e9m prepara para diversas situa\u00e7\u00f5es cotidianas como entrevistas de emprego, apresenta\u00e7\u00f5es profissionais e negocia\u00e7\u00f5es. <\/p>\n\n\n\n<div class=\"wp-block-image\"><figure class=\"aligncenter size-large\"><a href=\"https:\/\/www.cesconetto.com.br\/\"><img loading=\"lazy\" decoding=\"async\" width=\"300\" height=\"250\" src=\"https:\/\/jornalfatosenoticias.com.br\/wp-content\/uploads\/2020\/02\/Banner-2.png\" alt=\"\" class=\"wp-image-43787\"\/><\/a><\/figure><\/div>\n\n\n\n<blockquote class=\"wp-block-quote is-layout-flow wp-block-quote-is-layout-flow\"><p><span class=\"has-inline-color has-luminous-vivid-orange-color\">Qual profissional que n\u00e3o precisa convencer ou passar sua mensagem de forma clara e eficiente? Um m\u00e9dico, por exemplo, pode ser o melhor do mundo, o mais qualificado, mas se ele n\u00e3o souber passar para o paciente e os familiares o que est\u00e1 acontecendo, nem tiver did\u00e1tica para se comunicar com a equipe, pode prejudicar a sua reputa\u00e7\u00e3o\u201d, comenta.<\/span><\/p><\/blockquote>\n\n\n\n<div class=\"wp-block-image\"><figure class=\"aligncenter size-large is-resized\"><a href=\"https:\/\/www.facebook.com\/vetor.vix\/\"><img loading=\"lazy\" decoding=\"async\" src=\"https:\/\/jornalfatosenoticias.com.br\/wp-content\/uploads\/2023\/09\/vetorvix1024_1.jpg\" alt=\"\" class=\"wp-image-44868\" width=\"543\" height=\"144\" srcset=\"https:\/\/jornalfatosenoticias.com.br\/wp-content\/uploads\/2023\/09\/vetorvix1024_1.jpg 1024w, https:\/\/jornalfatosenoticias.com.br\/wp-content\/uploads\/2023\/09\/vetorvix1024_1-300x80.jpg 300w, https:\/\/jornalfatosenoticias.com.br\/wp-content\/uploads\/2023\/09\/vetorvix1024_1-768x205.jpg 768w\" sizes=\"auto, (max-width: 543px) 100vw, 543px\" \/><\/a><\/figure><\/div>\n\n\n\n<p>Mas como treinar essa habilidade com os pequenos no dia a dia? Abaixo, o especialista compartilha quatro dicas para ajudar a crian\u00e7a a se tornar um l\u00edder do amanh\u00e3:<\/p>\n\n\n\n<p><strong><span class=\"has-inline-color has-vivid-purple-color\">1 \u2013 Crie oportunidades. <\/span><\/strong>Encoraje seu filho a falar na frente de outras pessoas, seja em uma reuni\u00e3o familiar, em uma roda de conversa ou entre os amiguinhos. Pe\u00e7a a opini\u00e3o dele, traga-o para a conversa e permita que a pr\u00e1tica construa conforto e confian\u00e7a de maneira s\u00fatil.<\/p>\n\n\n\n<div class=\"wp-block-image\"><figure class=\"aligncenter size-large is-resized\"><a href=\"https:\/\/hotelmarquetti.com.br\/\"><img loading=\"lazy\" decoding=\"async\" src=\"https:\/\/jornalfatosenoticias.com.br\/wp-content\/uploads\/2020\/02\/LOGO-MQ-1024x680.jpg\" alt=\"\" class=\"wp-image-58299\" width=\"316\" height=\"210\" srcset=\"https:\/\/jornalfatosenoticias.com.br\/wp-content\/uploads\/2020\/02\/LOGO-MQ-1024x680.jpg 1024w, https:\/\/jornalfatosenoticias.com.br\/wp-content\/uploads\/2020\/02\/LOGO-MQ-300x199.jpg 300w, https:\/\/jornalfatosenoticias.com.br\/wp-content\/uploads\/2020\/02\/LOGO-MQ-768x510.jpg 768w, https:\/\/jornalfatosenoticias.com.br\/wp-content\/uploads\/2020\/02\/LOGO-MQ-1536x1020.jpg 1536w, https:\/\/jornalfatosenoticias.com.br\/wp-content\/uploads\/2020\/02\/LOGO-MQ-2048x1360.jpg 2048w\" sizes=\"auto, (max-width: 316px) 100vw, 316px\" \/><\/a><\/figure><\/div>\n\n\n\n<p><strong><span class=\"has-inline-color has-vivid-purple-color\">2 \u2013 Incentive a conta\u00e7\u00e3o de hist\u00f3rias.<\/span><\/strong> Contar hist\u00f3rias ensina a envolver o p\u00fablico e a estruturar os pensamentos. Sugira, com alguma frequ\u00eancia, que seu filho compartilhe uma hist\u00f3ria favorita da escola ou conte uma experi\u00eancia recente.<\/p>\n\n\n\n<div class=\"wp-block-image\"><figure class=\"aligncenter size-large is-resized\"><a href=\"https:\/\/www.facebook.com\/postobkr\/?locale=pt_BR\"><img loading=\"lazy\" decoding=\"async\" src=\"https:\/\/jornalfatosenoticias.com.br\/wp-content\/uploads\/2023\/08\/BKR-1024x1021.jpg\" alt=\"\" class=\"wp-image-44494\" width=\"270\" height=\"269\" srcset=\"https:\/\/jornalfatosenoticias.com.br\/wp-content\/uploads\/2023\/08\/BKR-1024x1021.jpg 1024w, https:\/\/jornalfatosenoticias.com.br\/wp-content\/uploads\/2023\/08\/BKR-300x300.jpg 300w, https:\/\/jornalfatosenoticias.com.br\/wp-content\/uploads\/2023\/08\/BKR-150x150.jpg 150w, https:\/\/jornalfatosenoticias.com.br\/wp-content\/uploads\/2023\/08\/BKR-768x766.jpg 768w, https:\/\/jornalfatosenoticias.com.br\/wp-content\/uploads\/2023\/08\/BKR.jpg 1080w\" sizes=\"auto, (max-width: 270px) 100vw, 270px\" \/><\/a><\/figure><\/div>\n\n\n\n<p><strong><span class=\"has-inline-color has-vivid-purple-color\">3 \u2013 Demonstre interesse.<\/span><\/strong> Ou\u00e7a a crian\u00e7a ativamente, ofere\u00e7a a sua presen\u00e7a integral naquele momento e d\u00ea um feedback construtivo. Evite interromper ou apontar erros imediatamente para n\u00e3o constranger e desmotivar.<\/p>\n\n\n\n<div class=\"wp-block-image\"><figure class=\"aligncenter size-large is-resized\"><a href=\"https:\/\/www.instagram.com\/esteio.churrascaria\/\"><img loading=\"lazy\" decoding=\"async\" src=\"https:\/\/jornalfatosenoticias.com.br\/wp-content\/uploads\/2022\/02\/LOGO-ESTEIO-1024x730.png\" alt=\"\" class=\"wp-image-27942\" width=\"293\" height=\"209\" srcset=\"https:\/\/jornalfatosenoticias.com.br\/wp-content\/uploads\/2022\/02\/LOGO-ESTEIO-1024x730.png 1024w, https:\/\/jornalfatosenoticias.com.br\/wp-content\/uploads\/2022\/02\/LOGO-ESTEIO-300x214.png 300w, https:\/\/jornalfatosenoticias.com.br\/wp-content\/uploads\/2022\/02\/LOGO-ESTEIO-768x548.png 768w, https:\/\/jornalfatosenoticias.com.br\/wp-content\/uploads\/2022\/02\/LOGO-ESTEIO.png 1123w\" sizes=\"auto, (max-width: 293px) 100vw, 293px\" \/><\/a><\/figure><\/div>\n\n\n\n<p><strong><span class=\"has-inline-color has-vivid-purple-color\">4 \u2013 Proponha fazer aulas de teatro<\/span><\/strong>. Se a crian\u00e7a for muito t\u00edmida e introspectiva, considere apresentar um curso de teatro. \u00c9 uma ferramenta eficaz para ajudar a superar o medo de falar em p\u00fablico e a construir um caminho com mais autoconfian\u00e7a e habilidades de comunica\u00e7\u00e3o.<\/p>\n\n\n\n<p><strong>Fonte: <a href=\"https:\/\/cangurunews.com.br\/4-dicas-para-ajudar-as-crianca-a-se-comunicacao-melhor\/\">Canguru News<\/a><\/strong><\/p>\n","protected":false},"excerpt":{"rendered":"<p>A pr\u00e1tica da orat\u00f3ria estimula a criatividade, a capacidade de articular e defender ideias e a empatia, afirma especialista Falar em p\u00fablico \u00e9 uma situa\u00e7\u00e3o desafiadora para muita gente, que pode sentir p\u00e2nico e ter arrepios s\u00f3 de pensar em subir num palco. Em muitos casos, esse receio existe desde a inf\u00e2ncia, mas pode mudar, [&hellip;]<\/p>\n","protected":false},"author":2,"featured_media":60540,"comment_status":"open","ping_status":"open","sticky":false,"template":"","format":"standard","meta":{"footnotes":""},"categories":[2522],"tags":[1400,1779,3387,670,412,342,27612,23530],"class_list":["post-60539","post","type-post","status-publish","format-standard","has-post-thumbnail","hentry","category-comportamento","tag-comportamento","tag-comportamento-infantil","tag-comunicacao","tag-criancas","tag-criatividade","tag-empatia","tag-falar-em-publico","tag-oratoria"],"yoast_head":"<!-- This site is optimized with the Yoast SEO plugin v26.5 - https:\/\/yoast.com\/wordpress\/plugins\/seo\/ -->\n<title>Quatro dicas para ajudar as crian\u00e7as a se comunicar melhor - Jornal Fatos e Not\u00edcias<\/title>\n<meta name=\"robots\" content=\"index, follow, max-snippet:-1, max-image-preview:large, max-video-preview:-1\" \/>\n<link rel=\"canonical\" href=\"https:\/\/jornalfatosenoticias.com.br\/index.php\/2025\/07\/15\/quatro-dicas-para-ajudar-as-criancas-a-se-comunicar-melhor\/\" \/>\n<meta property=\"og:locale\" content=\"pt_BR\" \/>\n<meta property=\"og:type\" content=\"article\" \/>\n<meta property=\"og:title\" content=\"Quatro dicas para ajudar as crian\u00e7as a se comunicar melhor - Jornal Fatos e Not\u00edcias\" \/>\n<meta property=\"og:description\" content=\"A pr\u00e1tica da orat\u00f3ria estimula a criatividade, a capacidade de articular e defender ideias e a empatia, afirma especialista Falar em p\u00fablico \u00e9 uma situa\u00e7\u00e3o desafiadora para muita gente, que pode sentir p\u00e2nico e ter arrepios s\u00f3 de pensar em subir num palco. Em muitos casos, esse receio existe desde a inf\u00e2ncia, mas pode mudar, [&hellip;]\" \/>\n<meta property=\"og:url\" content=\"https:\/\/jornalfatosenoticias.com.br\/index.php\/2025\/07\/15\/quatro-dicas-para-ajudar-as-criancas-a-se-comunicar-melhor\/\" \/>\n<meta property=\"og:site_name\" content=\"Jornal Fatos e Not\u00edcias\" \/>\n<meta property=\"article:published_time\" content=\"2025-07-15T16:12:40+00:00\" \/>\n<meta property=\"article:modified_time\" content=\"2025-07-15T16:12:41+00:00\" \/>\n<meta property=\"og:image\" content=\"https:\/\/jornalfatosenoticias.com.br\/wp-content\/uploads\/2025\/07\/comunicacao-infantil_freepik.jpg\" \/>\n\t<meta property=\"og:image:width\" content=\"1000\" \/>\n\t<meta property=\"og:image:height\" content=\"667\" \/>\n\t<meta property=\"og:image:type\" content=\"image\/jpeg\" \/>\n<meta name=\"author\" content=\"Luzimara Fernandes\" \/>\n<meta name=\"twitter:card\" content=\"summary_large_image\" \/>\n<meta name=\"twitter:label1\" content=\"Escrito por\" \/>\n\t<meta name=\"twitter:data1\" content=\"Luzimara Fernandes\" \/>\n\t<meta name=\"twitter:label2\" content=\"Est. tempo de leitura\" \/>\n\t<meta name=\"twitter:data2\" content=\"3 minutos\" \/>\n<script type=\"application\/ld+json\" class=\"yoast-schema-graph\">{\"@context\":\"https:\/\/schema.org\",\"@graph\":[{\"@type\":\"Article\",\"@id\":\"https:\/\/jornalfatosenoticias.com.br\/index.php\/2025\/07\/15\/quatro-dicas-para-ajudar-as-criancas-a-se-comunicar-melhor\/#article\",\"isPartOf\":{\"@id\":\"https:\/\/jornalfatosenoticias.com.br\/index.php\/2025\/07\/15\/quatro-dicas-para-ajudar-as-criancas-a-se-comunicar-melhor\/\"},\"author\":{\"name\":\"Luzimara Fernandes\",\"@id\":\"https:\/\/jornalfatosenoticias.com.br\/#\/schema\/person\/d63837fa13ac8666eb9e74e0985d6f81\"},\"headline\":\"Quatro dicas para ajudar as crian\u00e7as a se comunicar melhor\",\"datePublished\":\"2025-07-15T16:12:40+00:00\",\"dateModified\":\"2025-07-15T16:12:41+00:00\",\"mainEntityOfPage\":{\"@id\":\"https:\/\/jornalfatosenoticias.com.br\/index.php\/2025\/07\/15\/quatro-dicas-para-ajudar-as-criancas-a-se-comunicar-melhor\/\"},\"wordCount\":565,\"commentCount\":0,\"publisher\":{\"@id\":\"https:\/\/jornalfatosenoticias.com.br\/#organization\"},\"image\":{\"@id\":\"https:\/\/jornalfatosenoticias.com.br\/index.php\/2025\/07\/15\/quatro-dicas-para-ajudar-as-criancas-a-se-comunicar-melhor\/#primaryimage\"},\"thumbnailUrl\":\"https:\/\/jornalfatosenoticias.com.br\/wp-content\/uploads\/2025\/07\/comunicacao-infantil_freepik.jpg\",\"keywords\":[\"comportamento\",\"comportamento infantil\",\"comunica\u00e7\u00e3o\",\"crian\u00e7as\",\"criatividade\",\"empatia\",\"falar em p\u00fablico\",\"orat\u00f3ria\"],\"articleSection\":[\"Comportamento &amp; Equil\u00edbrio\"],\"inLanguage\":\"pt-BR\",\"potentialAction\":[{\"@type\":\"CommentAction\",\"name\":\"Comment\",\"target\":[\"https:\/\/jornalfatosenoticias.com.br\/index.php\/2025\/07\/15\/quatro-dicas-para-ajudar-as-criancas-a-se-comunicar-melhor\/#respond\"]}]},{\"@type\":\"WebPage\",\"@id\":\"https:\/\/jornalfatosenoticias.com.br\/index.php\/2025\/07\/15\/quatro-dicas-para-ajudar-as-criancas-a-se-comunicar-melhor\/\",\"url\":\"https:\/\/jornalfatosenoticias.com.br\/index.php\/2025\/07\/15\/quatro-dicas-para-ajudar-as-criancas-a-se-comunicar-melhor\/\",\"name\":\"Quatro dicas para ajudar as crian\u00e7as a se comunicar melhor - Jornal Fatos e Not\u00edcias\",\"isPartOf\":{\"@id\":\"https:\/\/jornalfatosenoticias.com.br\/#website\"},\"primaryImageOfPage\":{\"@id\":\"https:\/\/jornalfatosenoticias.com.br\/index.php\/2025\/07\/15\/quatro-dicas-para-ajudar-as-criancas-a-se-comunicar-melhor\/#primaryimage\"},\"image\":{\"@id\":\"https:\/\/jornalfatosenoticias.com.br\/index.php\/2025\/07\/15\/quatro-dicas-para-ajudar-as-criancas-a-se-comunicar-melhor\/#primaryimage\"},\"thumbnailUrl\":\"https:\/\/jornalfatosenoticias.com.br\/wp-content\/uploads\/2025\/07\/comunicacao-infantil_freepik.jpg\",\"datePublished\":\"2025-07-15T16:12:40+00:00\",\"dateModified\":\"2025-07-15T16:12:41+00:00\",\"breadcrumb\":{\"@id\":\"https:\/\/jornalfatosenoticias.com.br\/index.php\/2025\/07\/15\/quatro-dicas-para-ajudar-as-criancas-a-se-comunicar-melhor\/#breadcrumb\"},\"inLanguage\":\"pt-BR\",\"potentialAction\":[{\"@type\":\"ReadAction\",\"target\":[\"https:\/\/jornalfatosenoticias.com.br\/index.php\/2025\/07\/15\/quatro-dicas-para-ajudar-as-criancas-a-se-comunicar-melhor\/\"]}]},{\"@type\":\"ImageObject\",\"inLanguage\":\"pt-BR\",\"@id\":\"https:\/\/jornalfatosenoticias.com.br\/index.php\/2025\/07\/15\/quatro-dicas-para-ajudar-as-criancas-a-se-comunicar-melhor\/#primaryimage\",\"url\":\"https:\/\/jornalfatosenoticias.com.br\/wp-content\/uploads\/2025\/07\/comunicacao-infantil_freepik.jpg\",\"contentUrl\":\"https:\/\/jornalfatosenoticias.com.br\/wp-content\/uploads\/2025\/07\/comunicacao-infantil_freepik.jpg\",\"width\":1000,\"height\":667},{\"@type\":\"BreadcrumbList\",\"@id\":\"https:\/\/jornalfatosenoticias.com.br\/index.php\/2025\/07\/15\/quatro-dicas-para-ajudar-as-criancas-a-se-comunicar-melhor\/#breadcrumb\",\"itemListElement\":[{\"@type\":\"ListItem\",\"position\":1,\"name\":\"In\u00edcio\",\"item\":\"https:\/\/jornalfatosenoticias.com.br\/\"},{\"@type\":\"ListItem\",\"position\":2,\"name\":\"Quatro dicas para ajudar as crian\u00e7as a se comunicar melhor\"}]},{\"@type\":\"WebSite\",\"@id\":\"https:\/\/jornalfatosenoticias.com.br\/#website\",\"url\":\"https:\/\/jornalfatosenoticias.com.br\/\",\"name\":\"Jornal Fatos e Not\u00edcias\",\"description\":\"Not\u00edcias em geral\",\"publisher\":{\"@id\":\"https:\/\/jornalfatosenoticias.com.br\/#organization\"},\"potentialAction\":[{\"@type\":\"SearchAction\",\"target\":{\"@type\":\"EntryPoint\",\"urlTemplate\":\"https:\/\/jornalfatosenoticias.com.br\/?s={search_term_string}\"},\"query-input\":{\"@type\":\"PropertyValueSpecification\",\"valueRequired\":true,\"valueName\":\"search_term_string\"}}],\"inLanguage\":\"pt-BR\"},{\"@type\":\"Organization\",\"@id\":\"https:\/\/jornalfatosenoticias.com.br\/#organization\",\"name\":\"Jornal Fatos e Not\u00edcias\",\"url\":\"https:\/\/jornalfatosenoticias.com.br\/\",\"logo\":{\"@type\":\"ImageObject\",\"inLanguage\":\"pt-BR\",\"@id\":\"https:\/\/jornalfatosenoticias.com.br\/#\/schema\/logo\/image\/\",\"url\":\"https:\/\/jornalfatosenoticias.com.br\/wp-content\/uploads\/2020\/02\/logo120.png\",\"contentUrl\":\"https:\/\/jornalfatosenoticias.com.br\/wp-content\/uploads\/2020\/02\/logo120.png\",\"width\":1227,\"height\":120,\"caption\":\"Jornal Fatos e Not\u00edcias\"},\"image\":{\"@id\":\"https:\/\/jornalfatosenoticias.com.br\/#\/schema\/logo\/image\/\"}},{\"@type\":\"Person\",\"@id\":\"https:\/\/jornalfatosenoticias.com.br\/#\/schema\/person\/d63837fa13ac8666eb9e74e0985d6f81\",\"name\":\"Luzimara Fernandes\",\"image\":{\"@type\":\"ImageObject\",\"inLanguage\":\"pt-BR\",\"@id\":\"https:\/\/jornalfatosenoticias.com.br\/#\/schema\/person\/image\/\",\"url\":\"https:\/\/jornalfatosenoticias.com.br\/wp-content\/uploads\/2025\/05\/EU_portal.jpg\",\"contentUrl\":\"https:\/\/jornalfatosenoticias.com.br\/wp-content\/uploads\/2025\/05\/EU_portal.jpg\",\"caption\":\"Luzimara Fernandes\"},\"description\":\"Jornalista MTB 2358-ES\",\"sameAs\":[\"https:\/\/jornalfatosenoticias.com.br\"],\"url\":\"https:\/\/jornalfatosenoticias.com.br\/index.php\/author\/luzimara\/\"}]}<\/script>\n<!-- \/ Yoast SEO plugin. -->","yoast_head_json":{"title":"Quatro dicas para ajudar as crian\u00e7as a se comunicar melhor - Jornal Fatos e Not\u00edcias","robots":{"index":"index","follow":"follow","max-snippet":"max-snippet:-1","max-image-preview":"max-image-preview:large","max-video-preview":"max-video-preview:-1"},"canonical":"https:\/\/jornalfatosenoticias.com.br\/index.php\/2025\/07\/15\/quatro-dicas-para-ajudar-as-criancas-a-se-comunicar-melhor\/","og_locale":"pt_BR","og_type":"article","og_title":"Quatro dicas para ajudar as crian\u00e7as a se comunicar melhor - Jornal Fatos e Not\u00edcias","og_description":"A pr\u00e1tica da orat\u00f3ria estimula a criatividade, a capacidade de articular e defender ideias e a empatia, afirma especialista Falar em p\u00fablico \u00e9 uma situa\u00e7\u00e3o desafiadora para muita gente, que pode sentir p\u00e2nico e ter arrepios s\u00f3 de pensar em subir num palco. Em muitos casos, esse receio existe desde a inf\u00e2ncia, mas pode mudar, [&hellip;]","og_url":"https:\/\/jornalfatosenoticias.com.br\/index.php\/2025\/07\/15\/quatro-dicas-para-ajudar-as-criancas-a-se-comunicar-melhor\/","og_site_name":"Jornal Fatos e Not\u00edcias","article_published_time":"2025-07-15T16:12:40+00:00","article_modified_time":"2025-07-15T16:12:41+00:00","og_image":[{"width":1000,"height":667,"url":"https:\/\/jornalfatosenoticias.com.br\/wp-content\/uploads\/2025\/07\/comunicacao-infantil_freepik.jpg","type":"image\/jpeg"}],"author":"Luzimara Fernandes","twitter_card":"summary_large_image","twitter_misc":{"Escrito por":"Luzimara Fernandes","Est. tempo de leitura":"3 minutos"},"schema":{"@context":"https:\/\/schema.org","@graph":[{"@type":"Article","@id":"https:\/\/jornalfatosenoticias.com.br\/index.php\/2025\/07\/15\/quatro-dicas-para-ajudar-as-criancas-a-se-comunicar-melhor\/#article","isPartOf":{"@id":"https:\/\/jornalfatosenoticias.com.br\/index.php\/2025\/07\/15\/quatro-dicas-para-ajudar-as-criancas-a-se-comunicar-melhor\/"},"author":{"name":"Luzimara Fernandes","@id":"https:\/\/jornalfatosenoticias.com.br\/#\/schema\/person\/d63837fa13ac8666eb9e74e0985d6f81"},"headline":"Quatro dicas para ajudar as crian\u00e7as a se comunicar melhor","datePublished":"2025-07-15T16:12:40+00:00","dateModified":"2025-07-15T16:12:41+00:00","mainEntityOfPage":{"@id":"https:\/\/jornalfatosenoticias.com.br\/index.php\/2025\/07\/15\/quatro-dicas-para-ajudar-as-criancas-a-se-comunicar-melhor\/"},"wordCount":565,"commentCount":0,"publisher":{"@id":"https:\/\/jornalfatosenoticias.com.br\/#organization"},"image":{"@id":"https:\/\/jornalfatosenoticias.com.br\/index.php\/2025\/07\/15\/quatro-dicas-para-ajudar-as-criancas-a-se-comunicar-melhor\/#primaryimage"},"thumbnailUrl":"https:\/\/jornalfatosenoticias.com.br\/wp-content\/uploads\/2025\/07\/comunicacao-infantil_freepik.jpg","keywords":["comportamento","comportamento infantil","comunica\u00e7\u00e3o","crian\u00e7as","criatividade","empatia","falar em p\u00fablico","orat\u00f3ria"],"articleSection":["Comportamento &amp; Equil\u00edbrio"],"inLanguage":"pt-BR","potentialAction":[{"@type":"CommentAction","name":"Comment","target":["https:\/\/jornalfatosenoticias.com.br\/index.php\/2025\/07\/15\/quatro-dicas-para-ajudar-as-criancas-a-se-comunicar-melhor\/#respond"]}]},{"@type":"WebPage","@id":"https:\/\/jornalfatosenoticias.com.br\/index.php\/2025\/07\/15\/quatro-dicas-para-ajudar-as-criancas-a-se-comunicar-melhor\/","url":"https:\/\/jornalfatosenoticias.com.br\/index.php\/2025\/07\/15\/quatro-dicas-para-ajudar-as-criancas-a-se-comunicar-melhor\/","name":"Quatro dicas para ajudar as crian\u00e7as a se comunicar melhor - Jornal Fatos e Not\u00edcias","isPartOf":{"@id":"https:\/\/jornalfatosenoticias.com.br\/#website"},"primaryImageOfPage":{"@id":"https:\/\/jornalfatosenoticias.com.br\/index.php\/2025\/07\/15\/quatro-dicas-para-ajudar-as-criancas-a-se-comunicar-melhor\/#primaryimage"},"image":{"@id":"https:\/\/jornalfatosenoticias.com.br\/index.php\/2025\/07\/15\/quatro-dicas-para-ajudar-as-criancas-a-se-comunicar-melhor\/#primaryimage"},"thumbnailUrl":"https:\/\/jornalfatosenoticias.com.br\/wp-content\/uploads\/2025\/07\/comunicacao-infantil_freepik.jpg","datePublished":"2025-07-15T16:12:40+00:00","dateModified":"2025-07-15T16:12:41+00:00","breadcrumb":{"@id":"https:\/\/jornalfatosenoticias.com.br\/index.php\/2025\/07\/15\/quatro-dicas-para-ajudar-as-criancas-a-se-comunicar-melhor\/#breadcrumb"},"inLanguage":"pt-BR","potentialAction":[{"@type":"ReadAction","target":["https:\/\/jornalfatosenoticias.com.br\/index.php\/2025\/07\/15\/quatro-dicas-para-ajudar-as-criancas-a-se-comunicar-melhor\/"]}]},{"@type":"ImageObject","inLanguage":"pt-BR","@id":"https:\/\/jornalfatosenoticias.com.br\/index.php\/2025\/07\/15\/quatro-dicas-para-ajudar-as-criancas-a-se-comunicar-melhor\/#primaryimage","url":"https:\/\/jornalfatosenoticias.com.br\/wp-content\/uploads\/2025\/07\/comunicacao-infantil_freepik.jpg","contentUrl":"https:\/\/jornalfatosenoticias.com.br\/wp-content\/uploads\/2025\/07\/comunicacao-infantil_freepik.jpg","width":1000,"height":667},{"@type":"BreadcrumbList","@id":"https:\/\/jornalfatosenoticias.com.br\/index.php\/2025\/07\/15\/quatro-dicas-para-ajudar-as-criancas-a-se-comunicar-melhor\/#breadcrumb","itemListElement":[{"@type":"ListItem","position":1,"name":"In\u00edcio","item":"https:\/\/jornalfatosenoticias.com.br\/"},{"@type":"ListItem","position":2,"name":"Quatro dicas para ajudar as crian\u00e7as a se comunicar melhor"}]},{"@type":"WebSite","@id":"https:\/\/jornalfatosenoticias.com.br\/#website","url":"https:\/\/jornalfatosenoticias.com.br\/","name":"Jornal Fatos e Not\u00edcias","description":"Not\u00edcias em geral","publisher":{"@id":"https:\/\/jornalfatosenoticias.com.br\/#organization"},"potentialAction":[{"@type":"SearchAction","target":{"@type":"EntryPoint","urlTemplate":"https:\/\/jornalfatosenoticias.com.br\/?s={search_term_string}"},"query-input":{"@type":"PropertyValueSpecification","valueRequired":true,"valueName":"search_term_string"}}],"inLanguage":"pt-BR"},{"@type":"Organization","@id":"https:\/\/jornalfatosenoticias.com.br\/#organization","name":"Jornal Fatos e Not\u00edcias","url":"https:\/\/jornalfatosenoticias.com.br\/","logo":{"@type":"ImageObject","inLanguage":"pt-BR","@id":"https:\/\/jornalfatosenoticias.com.br\/#\/schema\/logo\/image\/","url":"https:\/\/jornalfatosenoticias.com.br\/wp-content\/uploads\/2020\/02\/logo120.png","contentUrl":"https:\/\/jornalfatosenoticias.com.br\/wp-content\/uploads\/2020\/02\/logo120.png","width":1227,"height":120,"caption":"Jornal Fatos e Not\u00edcias"},"image":{"@id":"https:\/\/jornalfatosenoticias.com.br\/#\/schema\/logo\/image\/"}},{"@type":"Person","@id":"https:\/\/jornalfatosenoticias.com.br\/#\/schema\/person\/d63837fa13ac8666eb9e74e0985d6f81","name":"Luzimara Fernandes","image":{"@type":"ImageObject","inLanguage":"pt-BR","@id":"https:\/\/jornalfatosenoticias.com.br\/#\/schema\/person\/image\/","url":"https:\/\/jornalfatosenoticias.com.br\/wp-content\/uploads\/2025\/05\/EU_portal.jpg","contentUrl":"https:\/\/jornalfatosenoticias.com.br\/wp-content\/uploads\/2025\/05\/EU_portal.jpg","caption":"Luzimara Fernandes"},"description":"Jornalista MTB 2358-ES","sameAs":["https:\/\/jornalfatosenoticias.com.br"],"url":"https:\/\/jornalfatosenoticias.com.br\/index.php\/author\/luzimara\/"}]}},"cc_featured_image_caption":{"caption_text":"(Foto: Freepik) ","source_text":"","source_url":""},"jetpack_featured_media_url":"https:\/\/jornalfatosenoticias.com.br\/wp-content\/uploads\/2025\/07\/comunicacao-infantil_freepik.jpg","_links":{"self":[{"href":"https:\/\/jornalfatosenoticias.com.br\/index.php\/wp-json\/wp\/v2\/posts\/60539","targetHints":{"allow":["GET"]}}],"collection":[{"href":"https:\/\/jornalfatosenoticias.com.br\/index.php\/wp-json\/wp\/v2\/posts"}],"about":[{"href":"https:\/\/jornalfatosenoticias.com.br\/index.php\/wp-json\/wp\/v2\/types\/post"}],"author":[{"embeddable":true,"href":"https:\/\/jornalfatosenoticias.com.br\/index.php\/wp-json\/wp\/v2\/users\/2"}],"replies":[{"embeddable":true,"href":"https:\/\/jornalfatosenoticias.com.br\/index.php\/wp-json\/wp\/v2\/comments?post=60539"}],"version-history":[{"count":0,"href":"https:\/\/jornalfatosenoticias.com.br\/index.php\/wp-json\/wp\/v2\/posts\/60539\/revisions"}],"wp:featuredmedia":[{"embeddable":true,"href":"https:\/\/jornalfatosenoticias.com.br\/index.php\/wp-json\/wp\/v2\/media\/60540"}],"wp:attachment":[{"href":"https:\/\/jornalfatosenoticias.com.br\/index.php\/wp-json\/wp\/v2\/media?parent=60539"}],"wp:term":[{"taxonomy":"category","embeddable":true,"href":"https:\/\/jornalfatosenoticias.com.br\/index.php\/wp-json\/wp\/v2\/categories?post=60539"},{"taxonomy":"post_tag","embeddable":true,"href":"https:\/\/jornalfatosenoticias.com.br\/index.php\/wp-json\/wp\/v2\/tags?post=60539"}],"curies":[{"name":"wp","href":"https:\/\/api.w.org\/{rel}","templated":true}]}}