{"id":60542,"date":"2025-07-15T13:25:50","date_gmt":"2025-07-15T16:25:50","guid":{"rendered":"https:\/\/jornalfatosenoticias.com.br\/?p=60542"},"modified":"2025-07-15T13:25:51","modified_gmt":"2025-07-15T16:25:51","slug":"estudo-revela-como-marte-perdeu-praticamente-toda-sua-agua","status":"publish","type":"post","link":"https:\/\/jornalfatosenoticias.com.br\/index.php\/2025\/07\/15\/estudo-revela-como-marte-perdeu-praticamente-toda-sua-agua\/","title":{"rendered":"Estudo revela como Marte perdeu praticamente toda sua \u00e1gua"},"content":{"rendered":"\n<p><em><span class=\"has-inline-color has-black-color\">Estudo recente revelou o motivo pelo qual Marte perdeu toda sua \u00e1gua, tornando-se \u00e1rido e in\u00f3spito para o desenvolvimento de vida<\/span><\/em><\/p>\n\n\n\n<p><span class=\"has-inline-color has-black-color\">Por <strong><a href=\"https:\/\/aventurasnahistoria.com.br\/autor\/eric-moreira\/\"><strong>\u00c9ric Moreira<\/strong><\/a><\/strong><\/span><\/p>\n\n\n\n<div class=\"wp-block-image\"><figure class=\"aligncenter size-large\"><a href=\"https:\/\/www.controlsystems.com.br\/\"><img loading=\"lazy\" decoding=\"async\" width=\"1024\" height=\"109\" src=\"https:\/\/jornalfatosenoticias.com.br\/wp-content\/uploads\/2020\/02\/CONTROL-CS2-1024x109.jpg\" alt=\"\" class=\"wp-image-44989\" srcset=\"https:\/\/jornalfatosenoticias.com.br\/wp-content\/uploads\/2020\/02\/CONTROL-CS2-1024x109.jpg 1024w, https:\/\/jornalfatosenoticias.com.br\/wp-content\/uploads\/2020\/02\/CONTROL-CS2-300x32.jpg 300w, https:\/\/jornalfatosenoticias.com.br\/wp-content\/uploads\/2020\/02\/CONTROL-CS2-768x82.jpg 768w, https:\/\/jornalfatosenoticias.com.br\/wp-content\/uploads\/2020\/02\/CONTROL-CS2.jpg 1120w\" sizes=\"auto, (max-width: 1024px) 100vw, 1024px\" \/><\/a><\/figure><\/div>\n\n\n\n<p>Hoje, muitas pesquisas giram em torno de <mark>Marte<\/mark>, um dos nossos &#8220;vizinhos&#8221; do Sistema Solar que, surpreendentemente, vem chamando cada vez mais aten\u00e7\u00e3o com estudos que sugerem que o planeta j\u00e1 possuiu \u00e1gua e at\u00e9 mesmo seria capaz de\u00a0<strong><a href=\"https:\/\/aventurasnahistoria.com.br\/noticias\/historia-hoje\/deposito-de-argila-sugere-que-marte-pode-ter-abrigado-ambiente-favoravel-vida.phtml\">abrigar vida<\/a>.<\/strong> E um estudo recente revelou o motivo pelo qual, hoje, Marte seja \u00e1rido e sem vida, explicando finalmente como a \u00e1gua desapareceu de sua\u00a0<strong><a href=\"https:\/\/aventurasnahistoria.com.br\/noticias\/historia-hoje\/cientistas-encontram-novos-indicios-de-oceano-subterraneo-em-marte.phtml\">superf\u00edcie<\/a>.<\/strong><br>Vale mencionar que pesquisas anteriores j\u00e1 revelaram que Marte abrigou \u00e1gua e at\u00e9 <a href=\"https:\/\/aventurasnahistoria.com.br\/noticias\/historia-hoje\/afinal-existe-ou-nao-vida-em-marte-novo-estudo-sugere-resposta.phtml\"><strong>formas de vida simples<\/strong><\/a>\u00a0h\u00e1 bilh\u00f5es de anos. Por\u00e9m, com o desaparecimento da\u00a0<strong><a href=\"https:\/\/aventurasnahistoria.com.br\/noticias\/historia-hoje\/rastros-encontrados-em-marte-nao-seriam-sinais-de-agua-sugere-estudo.phtml\">\u00e1gua<\/a>,<\/strong> a vida foi impossibilitada. Segundo o novo estudo, publicado na\u00a0<strong><a href=\"https:\/\/www.science.org\/doi\/10.1126\/sciadv.adt1538\">Science Advances<\/a>,<\/strong> o que aconteceu no planeta vermelho foi uma\u00a0<mark>pulveriza\u00e7\u00e3o cat\u00f3dica<\/mark>, h\u00e1 bilh\u00f5es de anos, quando a atividade do Sol era &#8220;muito mais forte&#8221;. Nesse processo, ocorre o choque entre part\u00edculas el\u00e9tricas e a atmosfera, que teria lan\u00e7ado ao espa\u00e7o v\u00e1rios \u00e1tomos da atmosfera de Marte \u2014 em um processo parecido com a eros\u00e3o.<\/p>\n\n\n\n<div class=\"wp-block-image\"><figure class=\"aligncenter size-large\"><a href=\"http:\/\/www.ferrarimaquinas.com.br\/\"><img loading=\"lazy\" decoding=\"async\" width=\"300\" height=\"250\" src=\"https:\/\/jornalfatosenoticias.com.br\/wp-content\/uploads\/2022\/02\/FERRARI_MAQUINAS-E-FERRAMENTAS2.jpg\" alt=\"\" class=\"wp-image-27860\"\/><\/a><\/figure><\/div>\n\n\n\n<blockquote class=\"wp-block-quote is-layout-flow wp-block-quote-is-layout-flow\"><p><span class=\"has-inline-color has-luminous-vivid-orange-color\"><mark>\u00c9 como soltar uma bola de canh\u00e3o em uma piscina<\/mark>&#8220;, explica\u00a0<strong>Shannon Curry<\/strong>, pesquisadora principal da Maven \u2014 uma das miss\u00f5es dedicadas a explorar Marte \u2014 no Laborat\u00f3rio de F\u00edsica Atmosf\u00e9rica e Espacial da Universidade do Colorado, e principal autora do estudo, em\u00a0<strong><a href=\"https:\/\/science.nasa.gov\/missions\/maven\/nasas-maven-makes-first-observation-of-atmospheric-sputtering-at-mars\/\">comunicado<\/a>.<\/strong> &#8220;A bala de canh\u00e3o, nesse caso, s\u00e3o os \u00edons pesados que se chocam com a atmosfera muito rapidamente e espalham \u00e1tomos e mol\u00e9culas neutras&#8221;.<\/span><\/p><\/blockquote>\n\n\n\n<div class=\"wp-block-image\"><figure class=\"aligncenter size-large is-resized\"><a href=\"https:\/\/www.instagram.com\/gruposei\/\"><img loading=\"lazy\" decoding=\"async\" src=\"https:\/\/jornalfatosenoticias.com.br\/wp-content\/uploads\/2022\/07\/Logo-Grupo-SEI.jpg\" alt=\"\" class=\"wp-image-31973\" width=\"350\" height=\"184\" srcset=\"https:\/\/jornalfatosenoticias.com.br\/wp-content\/uploads\/2022\/07\/Logo-Grupo-SEI.jpg 713w, https:\/\/jornalfatosenoticias.com.br\/wp-content\/uploads\/2022\/07\/Logo-Grupo-SEI-300x158.jpg 300w\" sizes=\"auto, (max-width: 350px) 100vw, 350px\" \/><\/a><\/figure><\/div>\n\n\n\n<p><strong><span class=\"has-inline-color has-black-color\">Experimentos<br><\/span><\/strong>Embora os cientistas j\u00e1 tivessem evid\u00eancias de que o processo de pulveriza\u00e7\u00e3o cat\u00f3dica estava acontecendo, eles nunca tinham observado o fen\u00f4meno diretamente. O que tinham como evid\u00eancia era um caso de pulveriza\u00e7\u00e3o cat\u00f3dica que veio da observa\u00e7\u00e3o de\u00a0<mark>is\u00f3tipos de arg\u00f4nio<\/mark> de diferentes pesos na atmosfera superior do planeta vermelho.<\/p>\n\n\n\n<div class=\"wp-block-image\"><figure class=\"aligncenter size-large is-resized\"><a href=\"https:\/\/www.instagram.com\/serra4x4cambioautomatico\/\"><img loading=\"lazy\" decoding=\"async\" src=\"https:\/\/jornalfatosenoticias.com.br\/wp-content\/uploads\/2024\/08\/Serra-4x4-1-886x1024.jpg\" alt=\"\" class=\"wp-image-53632\" width=\"253\" height=\"293\" srcset=\"https:\/\/jornalfatosenoticias.com.br\/wp-content\/uploads\/2024\/08\/Serra-4x4-1-886x1024.jpg 886w, https:\/\/jornalfatosenoticias.com.br\/wp-content\/uploads\/2024\/08\/Serra-4x4-1-260x300.jpg 260w, https:\/\/jornalfatosenoticias.com.br\/wp-content\/uploads\/2024\/08\/Serra-4x4-1-768x888.jpg 768w, https:\/\/jornalfatosenoticias.com.br\/wp-content\/uploads\/2024\/08\/Serra-4x4-1.jpg 1181w\" sizes=\"auto, (max-width: 253px) 100vw, 253px\" \/><\/a><\/figure><\/div>\n\n\n\n<blockquote class=\"wp-block-quote is-layout-flow wp-block-quote-is-layout-flow\"><p><span class=\"has-inline-color has-luminous-vivid-orange-color\">\u00c9 como se tiv\u00e9ssemos encontrado as cinzas de uma fogueira. Mas quer\u00edamos ver o fogo \u2014 nesse caso, a pulveriza\u00e7\u00e3o cat\u00f3dica \u2014 diretamente&#8221;, explica <strong>Curry.<\/strong> &#8220;Os is\u00f3topos mais leves ficam mais para cima na atmosfera do que seus equivalentes mais pesados. E havia muito menos is\u00f3topos de arg\u00f4nio mais leves do que mais pesados na atmosfera marciana. Ou seja, esses is\u00f3topos mais leves s\u00f3 podiam estar sendo removidos por pulveriza\u00e7\u00e3o cat\u00f3dica&#8221;.<\/span><\/p><\/blockquote>\n\n\n\n<div class=\"wp-block-image\"><figure class=\"aligncenter size-large is-resized\"><a href=\"https:\/\/www.instagram.com\/restaurantepegoretti\/\"><img loading=\"lazy\" decoding=\"async\" src=\"https:\/\/jornalfatosenoticias.com.br\/wp-content\/uploads\/2023\/12\/pegoretti-logo-pdf-1024x389.jpg\" alt=\"\" class=\"wp-image-47536\" width=\"504\" height=\"191\" srcset=\"https:\/\/jornalfatosenoticias.com.br\/wp-content\/uploads\/2023\/12\/pegoretti-logo-pdf-1024x389.jpg 1024w, https:\/\/jornalfatosenoticias.com.br\/wp-content\/uploads\/2023\/12\/pegoretti-logo-pdf-300x114.jpg 300w, https:\/\/jornalfatosenoticias.com.br\/wp-content\/uploads\/2023\/12\/pegoretti-logo-pdf-768x291.jpg 768w, https:\/\/jornalfatosenoticias.com.br\/wp-content\/uploads\/2023\/12\/pegoretti-logo-pdf.jpg 1120w\" sizes=\"auto, (max-width: 504px) 100vw, 504px\" \/><\/a><\/figure><\/div>\n\n\n\n<p>Mas mais recentemente, para observar o fen\u00f4meno de maneira mais objetiva, a equipe conseguiu realizar\u00a0<mark>medi\u00e7\u00f5es<\/mark> simult\u00e2neas &#8220;no lugar certo e na hora certa&#8221; utilizando um analisador de \u00edons do vento solar, um magnet\u00f4metro e um espectr\u00f4metro de massa de g\u00e1s neutro e \u00edons, a bordo da espa\u00e7onave Maven.<\/p>\n\n\n\n<div class=\"wp-block-image\"><figure class=\"aligncenter size-large is-resized\"><a href=\"https:\/\/www.facebook.com\/profile.php?id=100069289606145\"><img loading=\"lazy\" decoding=\"async\" src=\"https:\/\/jornalfatosenoticias.com.br\/wp-content\/uploads\/2024\/11\/Guaitolini-Contabilidade-1024x714.jpeg\" alt=\"\" class=\"wp-image-55808\" width=\"312\" height=\"217\" srcset=\"https:\/\/jornalfatosenoticias.com.br\/wp-content\/uploads\/2024\/11\/Guaitolini-Contabilidade-1024x714.jpeg 1024w, https:\/\/jornalfatosenoticias.com.br\/wp-content\/uploads\/2024\/11\/Guaitolini-Contabilidade-300x209.jpeg 300w, https:\/\/jornalfatosenoticias.com.br\/wp-content\/uploads\/2024\/11\/Guaitolini-Contabilidade-768x535.jpeg 768w, https:\/\/jornalfatosenoticias.com.br\/wp-content\/uploads\/2024\/11\/Guaitolini-Contabilidade.jpeg 1280w\" sizes=\"auto, (max-width: 312px) 100vw, 312px\" \/><\/a><\/figure><\/div>\n\n\n\n<blockquote class=\"wp-block-quote is-layout-flow wp-block-quote-is-layout-flow\"><p><span class=\"has-inline-color has-luminous-vivid-orange-color\">Al\u00e9m disso, a equipe precisava de medi\u00e7\u00f5es no lado diurno e noturno do planeta em baixas altitudes, o que leva anos para ser observado&#8221;, informa o comunicado. &#8220;A combina\u00e7\u00e3o dos dados desses instrumentos permitiu que os cientistas fizessem um novo tipo de\u00a0<mark>mapa do arg\u00f4nio pulverizado<\/mark> em rela\u00e7\u00e3o ao vento solar&#8221;.<\/span><\/p><\/blockquote>\n\n\n\n<div class=\"wp-block-image\"><figure class=\"aligncenter size-large is-resized\"><a href=\"https:\/\/www.instagram.com\/rcradiadores\/\"><img loading=\"lazy\" decoding=\"async\" src=\"https:\/\/jornalfatosenoticias.com.br\/wp-content\/uploads\/2022\/10\/RC_800x750_page-0001.jpg\" alt=\"\" class=\"wp-image-35338\" width=\"282\" height=\"264\" srcset=\"https:\/\/jornalfatosenoticias.com.br\/wp-content\/uploads\/2022\/10\/RC_800x750_page-0001.jpg 400w, https:\/\/jornalfatosenoticias.com.br\/wp-content\/uploads\/2022\/10\/RC_800x750_page-0001-300x281.jpg 300w\" sizes=\"auto, (max-width: 282px) 100vw, 282px\" \/><\/a><\/figure><\/div>\n\n\n\n<p>Finalmente, o mapa desenvolvido revelou a presen\u00e7a de arg\u00f4nio em grandes altitudes, nos pontos exatos em que as part\u00edculas energ\u00e9ticas se chocaram contra a atmosfera, espalhando esses \u00e1tomos. Com isso, os pesquisadores tiveram uma demonstra\u00e7\u00e3o em tempo real do processo de pulveriza\u00e7\u00e3o cat\u00f3dica.<\/p>\n\n\n\n<div class=\"wp-block-image\"><figure class=\"aligncenter size-large is-resized\"><a href=\"https:\/\/www.ithbrasil.com.br\/\"><img loading=\"lazy\" decoding=\"async\" src=\"https:\/\/jornalfatosenoticias.com.br\/wp-content\/uploads\/2023\/08\/ITH.jpeg\" alt=\"\" class=\"wp-image-44638\" width=\"275\" height=\"223\" srcset=\"https:\/\/jornalfatosenoticias.com.br\/wp-content\/uploads\/2023\/08\/ITH.jpeg 800w, https:\/\/jornalfatosenoticias.com.br\/wp-content\/uploads\/2023\/08\/ITH-300x244.jpeg 300w, https:\/\/jornalfatosenoticias.com.br\/wp-content\/uploads\/2023\/08\/ITH-768x624.jpeg 768w\" sizes=\"auto, (max-width: 275px) 100vw, 275px\" \/><\/a><\/figure><\/div>\n\n\n\n<p>Al\u00e9m disso, o que os cientistas tamb\u00e9m descobriram \u00e9 que o processo est\u00e1 acontecendo quatro vezes mais intensamente do que o previsto anteriormente, e que isso aumenta durante as <strong><a href=\"https:\/\/aventurasnahistoria.com.br\/noticias\/historia-hoje\/tempestade-solar-causa-aurora-boreal-na-europa-e-america-do-sul-entenda.phtml\">tempestades solares<\/a>.<\/strong> Com isso, agora finalmente h\u00e1 uma explica\u00e7\u00e3o para como a \u00e1gua desapareceu da superf\u00edcie de Marte.<\/p>\n\n\n\n<p><strong>Fonte: <a href=\"https:\/\/aventurasnahistoria.com.br\/noticias\/historia-hoje\/estudo-revela-como-marte-perdeu-praticamente-toda-sua-agua.phtml\">Aventuras na Hist\u00f3ria<\/a><\/strong><\/p>\n","protected":false},"excerpt":{"rendered":"<p>Estudo recente revelou o motivo pelo qual Marte perdeu toda sua \u00e1gua, tornando-se \u00e1rido e in\u00f3spito para o desenvolvimento de vida Por \u00c9ric Moreira Hoje, muitas pesquisas giram em torno de Marte, um dos nossos &#8220;vizinhos&#8221; do Sistema Solar que, surpreendentemente, vem chamando cada vez mais aten\u00e7\u00e3o com estudos que sugerem que o planeta j\u00e1 [&hellip;]<\/p>\n","protected":false},"author":2,"featured_media":60543,"comment_status":"open","ping_status":"open","sticky":false,"template":"","format":"standard","meta":{"footnotes":""},"categories":[2],"tags":[451,472,427,166,714,434,115,14053,15768],"class_list":["post-60542","post","type-post","status-publish","format-standard","has-post-thumbnail","hentry","category-ciencia","tag-agua","tag-astronomia","tag-atmosfera","tag-ciencia","tag-estudo","tag-marte","tag-pesquisa","tag-tempestades-solares","tag-vento-solar"],"yoast_head":"<!-- This site is optimized with the Yoast SEO plugin v26.5 - https:\/\/yoast.com\/wordpress\/plugins\/seo\/ -->\n<title>Estudo revela como Marte perdeu praticamente toda sua \u00e1gua - Jornal Fatos e Not\u00edcias<\/title>\n<meta name=\"robots\" content=\"index, follow, max-snippet:-1, max-image-preview:large, max-video-preview:-1\" \/>\n<link rel=\"canonical\" href=\"https:\/\/jornalfatosenoticias.com.br\/index.php\/2025\/07\/15\/estudo-revela-como-marte-perdeu-praticamente-toda-sua-agua\/\" \/>\n<meta property=\"og:locale\" content=\"pt_BR\" \/>\n<meta property=\"og:type\" content=\"article\" \/>\n<meta property=\"og:title\" content=\"Estudo revela como Marte perdeu praticamente toda sua \u00e1gua - Jornal Fatos e Not\u00edcias\" \/>\n<meta property=\"og:description\" content=\"Estudo recente revelou o motivo pelo qual Marte perdeu toda sua \u00e1gua, tornando-se \u00e1rido e in\u00f3spito para o desenvolvimento de vida Por \u00c9ric Moreira Hoje, muitas pesquisas giram em torno de Marte, um dos nossos &#8220;vizinhos&#8221; do Sistema Solar que, surpreendentemente, vem chamando cada vez mais aten\u00e7\u00e3o com estudos que sugerem que o planeta j\u00e1 [&hellip;]\" \/>\n<meta property=\"og:url\" content=\"https:\/\/jornalfatosenoticias.com.br\/index.php\/2025\/07\/15\/estudo-revela-como-marte-perdeu-praticamente-toda-sua-agua\/\" \/>\n<meta property=\"og:site_name\" content=\"Jornal Fatos e Not\u00edcias\" \/>\n<meta property=\"article:published_time\" content=\"2025-07-15T16:25:50+00:00\" \/>\n<meta property=\"article:modified_time\" content=\"2025-07-15T16:25:51+00:00\" \/>\n<meta property=\"og:image\" content=\"https:\/\/jornalfatosenoticias.com.br\/wp-content\/uploads\/2025\/07\/marte_istock.jpg\" \/>\n\t<meta property=\"og:image:width\" content=\"612\" \/>\n\t<meta property=\"og:image:height\" content=\"323\" \/>\n\t<meta property=\"og:image:type\" content=\"image\/jpeg\" \/>\n<meta name=\"author\" content=\"Luzimara Fernandes\" \/>\n<meta name=\"twitter:card\" content=\"summary_large_image\" \/>\n<meta name=\"twitter:label1\" content=\"Escrito por\" \/>\n\t<meta name=\"twitter:data1\" content=\"Luzimara Fernandes\" \/>\n\t<meta name=\"twitter:label2\" content=\"Est. tempo de leitura\" \/>\n\t<meta name=\"twitter:data2\" content=\"3 minutos\" \/>\n<script type=\"application\/ld+json\" class=\"yoast-schema-graph\">{\"@context\":\"https:\/\/schema.org\",\"@graph\":[{\"@type\":\"Article\",\"@id\":\"https:\/\/jornalfatosenoticias.com.br\/index.php\/2025\/07\/15\/estudo-revela-como-marte-perdeu-praticamente-toda-sua-agua\/#article\",\"isPartOf\":{\"@id\":\"https:\/\/jornalfatosenoticias.com.br\/index.php\/2025\/07\/15\/estudo-revela-como-marte-perdeu-praticamente-toda-sua-agua\/\"},\"author\":{\"name\":\"Luzimara Fernandes\",\"@id\":\"https:\/\/jornalfatosenoticias.com.br\/#\/schema\/person\/d63837fa13ac8666eb9e74e0985d6f81\"},\"headline\":\"Estudo revela como Marte perdeu praticamente toda sua \u00e1gua\",\"datePublished\":\"2025-07-15T16:25:50+00:00\",\"dateModified\":\"2025-07-15T16:25:51+00:00\",\"mainEntityOfPage\":{\"@id\":\"https:\/\/jornalfatosenoticias.com.br\/index.php\/2025\/07\/15\/estudo-revela-como-marte-perdeu-praticamente-toda-sua-agua\/\"},\"wordCount\":633,\"commentCount\":0,\"publisher\":{\"@id\":\"https:\/\/jornalfatosenoticias.com.br\/#organization\"},\"image\":{\"@id\":\"https:\/\/jornalfatosenoticias.com.br\/index.php\/2025\/07\/15\/estudo-revela-como-marte-perdeu-praticamente-toda-sua-agua\/#primaryimage\"},\"thumbnailUrl\":\"https:\/\/jornalfatosenoticias.com.br\/wp-content\/uploads\/2025\/07\/marte_istock.jpg\",\"keywords\":[\"\u00e1gua\",\"Astronomia\",\"atmosfera\",\"ci\u00eancia\",\"Estudo\",\"Marte\",\"pesquisa\",\"tempestades solares\",\"vento solar\"],\"articleSection\":[\"Ci\u00eancia\"],\"inLanguage\":\"pt-BR\",\"potentialAction\":[{\"@type\":\"CommentAction\",\"name\":\"Comment\",\"target\":[\"https:\/\/jornalfatosenoticias.com.br\/index.php\/2025\/07\/15\/estudo-revela-como-marte-perdeu-praticamente-toda-sua-agua\/#respond\"]}]},{\"@type\":\"WebPage\",\"@id\":\"https:\/\/jornalfatosenoticias.com.br\/index.php\/2025\/07\/15\/estudo-revela-como-marte-perdeu-praticamente-toda-sua-agua\/\",\"url\":\"https:\/\/jornalfatosenoticias.com.br\/index.php\/2025\/07\/15\/estudo-revela-como-marte-perdeu-praticamente-toda-sua-agua\/\",\"name\":\"Estudo revela como Marte perdeu praticamente toda sua \u00e1gua - Jornal Fatos e Not\u00edcias\",\"isPartOf\":{\"@id\":\"https:\/\/jornalfatosenoticias.com.br\/#website\"},\"primaryImageOfPage\":{\"@id\":\"https:\/\/jornalfatosenoticias.com.br\/index.php\/2025\/07\/15\/estudo-revela-como-marte-perdeu-praticamente-toda-sua-agua\/#primaryimage\"},\"image\":{\"@id\":\"https:\/\/jornalfatosenoticias.com.br\/index.php\/2025\/07\/15\/estudo-revela-como-marte-perdeu-praticamente-toda-sua-agua\/#primaryimage\"},\"thumbnailUrl\":\"https:\/\/jornalfatosenoticias.com.br\/wp-content\/uploads\/2025\/07\/marte_istock.jpg\",\"datePublished\":\"2025-07-15T16:25:50+00:00\",\"dateModified\":\"2025-07-15T16:25:51+00:00\",\"breadcrumb\":{\"@id\":\"https:\/\/jornalfatosenoticias.com.br\/index.php\/2025\/07\/15\/estudo-revela-como-marte-perdeu-praticamente-toda-sua-agua\/#breadcrumb\"},\"inLanguage\":\"pt-BR\",\"potentialAction\":[{\"@type\":\"ReadAction\",\"target\":[\"https:\/\/jornalfatosenoticias.com.br\/index.php\/2025\/07\/15\/estudo-revela-como-marte-perdeu-praticamente-toda-sua-agua\/\"]}]},{\"@type\":\"ImageObject\",\"inLanguage\":\"pt-BR\",\"@id\":\"https:\/\/jornalfatosenoticias.com.br\/index.php\/2025\/07\/15\/estudo-revela-como-marte-perdeu-praticamente-toda-sua-agua\/#primaryimage\",\"url\":\"https:\/\/jornalfatosenoticias.com.br\/wp-content\/uploads\/2025\/07\/marte_istock.jpg\",\"contentUrl\":\"https:\/\/jornalfatosenoticias.com.br\/wp-content\/uploads\/2025\/07\/marte_istock.jpg\",\"width\":612,\"height\":323,\"caption\":\"Male Astronaut In Space Suit Walking On Alien Planet. Planet Mars Is Visible. Space Related Majestic Scene. High quality 3D rendered video, made from high res textures by NASA: https:\/\/nasa3d.arc.nasa.gov\/detail\/mar0kuu2\"},{\"@type\":\"BreadcrumbList\",\"@id\":\"https:\/\/jornalfatosenoticias.com.br\/index.php\/2025\/07\/15\/estudo-revela-como-marte-perdeu-praticamente-toda-sua-agua\/#breadcrumb\",\"itemListElement\":[{\"@type\":\"ListItem\",\"position\":1,\"name\":\"In\u00edcio\",\"item\":\"https:\/\/jornalfatosenoticias.com.br\/\"},{\"@type\":\"ListItem\",\"position\":2,\"name\":\"Estudo revela como Marte perdeu praticamente toda sua \u00e1gua\"}]},{\"@type\":\"WebSite\",\"@id\":\"https:\/\/jornalfatosenoticias.com.br\/#website\",\"url\":\"https:\/\/jornalfatosenoticias.com.br\/\",\"name\":\"Jornal Fatos e Not\u00edcias\",\"description\":\"Not\u00edcias em geral\",\"publisher\":{\"@id\":\"https:\/\/jornalfatosenoticias.com.br\/#organization\"},\"potentialAction\":[{\"@type\":\"SearchAction\",\"target\":{\"@type\":\"EntryPoint\",\"urlTemplate\":\"https:\/\/jornalfatosenoticias.com.br\/?s={search_term_string}\"},\"query-input\":{\"@type\":\"PropertyValueSpecification\",\"valueRequired\":true,\"valueName\":\"search_term_string\"}}],\"inLanguage\":\"pt-BR\"},{\"@type\":\"Organization\",\"@id\":\"https:\/\/jornalfatosenoticias.com.br\/#organization\",\"name\":\"Jornal Fatos e Not\u00edcias\",\"url\":\"https:\/\/jornalfatosenoticias.com.br\/\",\"logo\":{\"@type\":\"ImageObject\",\"inLanguage\":\"pt-BR\",\"@id\":\"https:\/\/jornalfatosenoticias.com.br\/#\/schema\/logo\/image\/\",\"url\":\"https:\/\/jornalfatosenoticias.com.br\/wp-content\/uploads\/2020\/02\/logo120.png\",\"contentUrl\":\"https:\/\/jornalfatosenoticias.com.br\/wp-content\/uploads\/2020\/02\/logo120.png\",\"width\":1227,\"height\":120,\"caption\":\"Jornal Fatos e Not\u00edcias\"},\"image\":{\"@id\":\"https:\/\/jornalfatosenoticias.com.br\/#\/schema\/logo\/image\/\"}},{\"@type\":\"Person\",\"@id\":\"https:\/\/jornalfatosenoticias.com.br\/#\/schema\/person\/d63837fa13ac8666eb9e74e0985d6f81\",\"name\":\"Luzimara Fernandes\",\"image\":{\"@type\":\"ImageObject\",\"inLanguage\":\"pt-BR\",\"@id\":\"https:\/\/jornalfatosenoticias.com.br\/#\/schema\/person\/image\/\",\"url\":\"https:\/\/jornalfatosenoticias.com.br\/wp-content\/uploads\/2025\/05\/EU_portal.jpg\",\"contentUrl\":\"https:\/\/jornalfatosenoticias.com.br\/wp-content\/uploads\/2025\/05\/EU_portal.jpg\",\"caption\":\"Luzimara Fernandes\"},\"description\":\"Jornalista MTB 2358-ES\",\"sameAs\":[\"https:\/\/jornalfatosenoticias.com.br\"],\"url\":\"https:\/\/jornalfatosenoticias.com.br\/index.php\/author\/luzimara\/\"}]}<\/script>\n<!-- \/ Yoast SEO plugin. -->","yoast_head_json":{"title":"Estudo revela como Marte perdeu praticamente toda sua \u00e1gua - Jornal Fatos e Not\u00edcias","robots":{"index":"index","follow":"follow","max-snippet":"max-snippet:-1","max-image-preview":"max-image-preview:large","max-video-preview":"max-video-preview:-1"},"canonical":"https:\/\/jornalfatosenoticias.com.br\/index.php\/2025\/07\/15\/estudo-revela-como-marte-perdeu-praticamente-toda-sua-agua\/","og_locale":"pt_BR","og_type":"article","og_title":"Estudo revela como Marte perdeu praticamente toda sua \u00e1gua - Jornal Fatos e Not\u00edcias","og_description":"Estudo recente revelou o motivo pelo qual Marte perdeu toda sua \u00e1gua, tornando-se \u00e1rido e in\u00f3spito para o desenvolvimento de vida Por \u00c9ric Moreira Hoje, muitas pesquisas giram em torno de Marte, um dos nossos &#8220;vizinhos&#8221; do Sistema Solar que, surpreendentemente, vem chamando cada vez mais aten\u00e7\u00e3o com estudos que sugerem que o planeta j\u00e1 [&hellip;]","og_url":"https:\/\/jornalfatosenoticias.com.br\/index.php\/2025\/07\/15\/estudo-revela-como-marte-perdeu-praticamente-toda-sua-agua\/","og_site_name":"Jornal Fatos e Not\u00edcias","article_published_time":"2025-07-15T16:25:50+00:00","article_modified_time":"2025-07-15T16:25:51+00:00","og_image":[{"width":612,"height":323,"url":"https:\/\/jornalfatosenoticias.com.br\/wp-content\/uploads\/2025\/07\/marte_istock.jpg","type":"image\/jpeg"}],"author":"Luzimara Fernandes","twitter_card":"summary_large_image","twitter_misc":{"Escrito por":"Luzimara Fernandes","Est. tempo de leitura":"3 minutos"},"schema":{"@context":"https:\/\/schema.org","@graph":[{"@type":"Article","@id":"https:\/\/jornalfatosenoticias.com.br\/index.php\/2025\/07\/15\/estudo-revela-como-marte-perdeu-praticamente-toda-sua-agua\/#article","isPartOf":{"@id":"https:\/\/jornalfatosenoticias.com.br\/index.php\/2025\/07\/15\/estudo-revela-como-marte-perdeu-praticamente-toda-sua-agua\/"},"author":{"name":"Luzimara Fernandes","@id":"https:\/\/jornalfatosenoticias.com.br\/#\/schema\/person\/d63837fa13ac8666eb9e74e0985d6f81"},"headline":"Estudo revela como Marte perdeu praticamente toda sua \u00e1gua","datePublished":"2025-07-15T16:25:50+00:00","dateModified":"2025-07-15T16:25:51+00:00","mainEntityOfPage":{"@id":"https:\/\/jornalfatosenoticias.com.br\/index.php\/2025\/07\/15\/estudo-revela-como-marte-perdeu-praticamente-toda-sua-agua\/"},"wordCount":633,"commentCount":0,"publisher":{"@id":"https:\/\/jornalfatosenoticias.com.br\/#organization"},"image":{"@id":"https:\/\/jornalfatosenoticias.com.br\/index.php\/2025\/07\/15\/estudo-revela-como-marte-perdeu-praticamente-toda-sua-agua\/#primaryimage"},"thumbnailUrl":"https:\/\/jornalfatosenoticias.com.br\/wp-content\/uploads\/2025\/07\/marte_istock.jpg","keywords":["\u00e1gua","Astronomia","atmosfera","ci\u00eancia","Estudo","Marte","pesquisa","tempestades solares","vento solar"],"articleSection":["Ci\u00eancia"],"inLanguage":"pt-BR","potentialAction":[{"@type":"CommentAction","name":"Comment","target":["https:\/\/jornalfatosenoticias.com.br\/index.php\/2025\/07\/15\/estudo-revela-como-marte-perdeu-praticamente-toda-sua-agua\/#respond"]}]},{"@type":"WebPage","@id":"https:\/\/jornalfatosenoticias.com.br\/index.php\/2025\/07\/15\/estudo-revela-como-marte-perdeu-praticamente-toda-sua-agua\/","url":"https:\/\/jornalfatosenoticias.com.br\/index.php\/2025\/07\/15\/estudo-revela-como-marte-perdeu-praticamente-toda-sua-agua\/","name":"Estudo revela como Marte perdeu praticamente toda sua \u00e1gua - Jornal Fatos e Not\u00edcias","isPartOf":{"@id":"https:\/\/jornalfatosenoticias.com.br\/#website"},"primaryImageOfPage":{"@id":"https:\/\/jornalfatosenoticias.com.br\/index.php\/2025\/07\/15\/estudo-revela-como-marte-perdeu-praticamente-toda-sua-agua\/#primaryimage"},"image":{"@id":"https:\/\/jornalfatosenoticias.com.br\/index.php\/2025\/07\/15\/estudo-revela-como-marte-perdeu-praticamente-toda-sua-agua\/#primaryimage"},"thumbnailUrl":"https:\/\/jornalfatosenoticias.com.br\/wp-content\/uploads\/2025\/07\/marte_istock.jpg","datePublished":"2025-07-15T16:25:50+00:00","dateModified":"2025-07-15T16:25:51+00:00","breadcrumb":{"@id":"https:\/\/jornalfatosenoticias.com.br\/index.php\/2025\/07\/15\/estudo-revela-como-marte-perdeu-praticamente-toda-sua-agua\/#breadcrumb"},"inLanguage":"pt-BR","potentialAction":[{"@type":"ReadAction","target":["https:\/\/jornalfatosenoticias.com.br\/index.php\/2025\/07\/15\/estudo-revela-como-marte-perdeu-praticamente-toda-sua-agua\/"]}]},{"@type":"ImageObject","inLanguage":"pt-BR","@id":"https:\/\/jornalfatosenoticias.com.br\/index.php\/2025\/07\/15\/estudo-revela-como-marte-perdeu-praticamente-toda-sua-agua\/#primaryimage","url":"https:\/\/jornalfatosenoticias.com.br\/wp-content\/uploads\/2025\/07\/marte_istock.jpg","contentUrl":"https:\/\/jornalfatosenoticias.com.br\/wp-content\/uploads\/2025\/07\/marte_istock.jpg","width":612,"height":323,"caption":"Male Astronaut In Space Suit Walking On Alien Planet. Planet Mars Is Visible. Space Related Majestic Scene. High quality 3D rendered video, made from high res textures by NASA: https:\/\/nasa3d.arc.nasa.gov\/detail\/mar0kuu2"},{"@type":"BreadcrumbList","@id":"https:\/\/jornalfatosenoticias.com.br\/index.php\/2025\/07\/15\/estudo-revela-como-marte-perdeu-praticamente-toda-sua-agua\/#breadcrumb","itemListElement":[{"@type":"ListItem","position":1,"name":"In\u00edcio","item":"https:\/\/jornalfatosenoticias.com.br\/"},{"@type":"ListItem","position":2,"name":"Estudo revela como Marte perdeu praticamente toda sua \u00e1gua"}]},{"@type":"WebSite","@id":"https:\/\/jornalfatosenoticias.com.br\/#website","url":"https:\/\/jornalfatosenoticias.com.br\/","name":"Jornal Fatos e Not\u00edcias","description":"Not\u00edcias em geral","publisher":{"@id":"https:\/\/jornalfatosenoticias.com.br\/#organization"},"potentialAction":[{"@type":"SearchAction","target":{"@type":"EntryPoint","urlTemplate":"https:\/\/jornalfatosenoticias.com.br\/?s={search_term_string}"},"query-input":{"@type":"PropertyValueSpecification","valueRequired":true,"valueName":"search_term_string"}}],"inLanguage":"pt-BR"},{"@type":"Organization","@id":"https:\/\/jornalfatosenoticias.com.br\/#organization","name":"Jornal Fatos e Not\u00edcias","url":"https:\/\/jornalfatosenoticias.com.br\/","logo":{"@type":"ImageObject","inLanguage":"pt-BR","@id":"https:\/\/jornalfatosenoticias.com.br\/#\/schema\/logo\/image\/","url":"https:\/\/jornalfatosenoticias.com.br\/wp-content\/uploads\/2020\/02\/logo120.png","contentUrl":"https:\/\/jornalfatosenoticias.com.br\/wp-content\/uploads\/2020\/02\/logo120.png","width":1227,"height":120,"caption":"Jornal Fatos e Not\u00edcias"},"image":{"@id":"https:\/\/jornalfatosenoticias.com.br\/#\/schema\/logo\/image\/"}},{"@type":"Person","@id":"https:\/\/jornalfatosenoticias.com.br\/#\/schema\/person\/d63837fa13ac8666eb9e74e0985d6f81","name":"Luzimara Fernandes","image":{"@type":"ImageObject","inLanguage":"pt-BR","@id":"https:\/\/jornalfatosenoticias.com.br\/#\/schema\/person\/image\/","url":"https:\/\/jornalfatosenoticias.com.br\/wp-content\/uploads\/2025\/05\/EU_portal.jpg","contentUrl":"https:\/\/jornalfatosenoticias.com.br\/wp-content\/uploads\/2025\/05\/EU_portal.jpg","caption":"Luzimara Fernandes"},"description":"Jornalista MTB 2358-ES","sameAs":["https:\/\/jornalfatosenoticias.com.br"],"url":"https:\/\/jornalfatosenoticias.com.br\/index.php\/author\/luzimara\/"}]}},"cc_featured_image_caption":{"caption_text":"(Foto: iStock)","source_text":"","source_url":""},"jetpack_featured_media_url":"https:\/\/jornalfatosenoticias.com.br\/wp-content\/uploads\/2025\/07\/marte_istock.jpg","_links":{"self":[{"href":"https:\/\/jornalfatosenoticias.com.br\/index.php\/wp-json\/wp\/v2\/posts\/60542","targetHints":{"allow":["GET"]}}],"collection":[{"href":"https:\/\/jornalfatosenoticias.com.br\/index.php\/wp-json\/wp\/v2\/posts"}],"about":[{"href":"https:\/\/jornalfatosenoticias.com.br\/index.php\/wp-json\/wp\/v2\/types\/post"}],"author":[{"embeddable":true,"href":"https:\/\/jornalfatosenoticias.com.br\/index.php\/wp-json\/wp\/v2\/users\/2"}],"replies":[{"embeddable":true,"href":"https:\/\/jornalfatosenoticias.com.br\/index.php\/wp-json\/wp\/v2\/comments?post=60542"}],"version-history":[{"count":0,"href":"https:\/\/jornalfatosenoticias.com.br\/index.php\/wp-json\/wp\/v2\/posts\/60542\/revisions"}],"wp:featuredmedia":[{"embeddable":true,"href":"https:\/\/jornalfatosenoticias.com.br\/index.php\/wp-json\/wp\/v2\/media\/60543"}],"wp:attachment":[{"href":"https:\/\/jornalfatosenoticias.com.br\/index.php\/wp-json\/wp\/v2\/media?parent=60542"}],"wp:term":[{"taxonomy":"category","embeddable":true,"href":"https:\/\/jornalfatosenoticias.com.br\/index.php\/wp-json\/wp\/v2\/categories?post=60542"},{"taxonomy":"post_tag","embeddable":true,"href":"https:\/\/jornalfatosenoticias.com.br\/index.php\/wp-json\/wp\/v2\/tags?post=60542"}],"curies":[{"name":"wp","href":"https:\/\/api.w.org\/{rel}","templated":true}]}}