{"id":60558,"date":"2025-07-15T14:13:49","date_gmt":"2025-07-15T17:13:49","guid":{"rendered":"https:\/\/jornalfatosenoticias.com.br\/?p=60558"},"modified":"2025-07-15T14:13:50","modified_gmt":"2025-07-15T17:13:50","slug":"conheca-a-flor-que-so-existe-em-brasilia-e-corre-risco-de-extincao","status":"publish","type":"post","link":"https:\/\/jornalfatosenoticias.com.br\/index.php\/2025\/07\/15\/conheca-a-flor-que-so-existe-em-brasilia-e-corre-risco-de-extincao\/","title":{"rendered":"Conhe\u00e7a a flor que s\u00f3 existe em Bras\u00edlia e corre risco de extin\u00e7\u00e3o"},"content":{"rendered":"\n<p><em><span class=\"has-inline-color has-black-color\">Drenagem de \u00e1reas \u00famidas e a substitui\u00e7\u00e3o da vegeta\u00e7\u00e3o nativa por pastagens amea\u00e7am a exist\u00eancia da Lobelia brasiliensis<\/span><\/em><\/p>\n\n\n\n<p><span class=\"has-inline-color has-black-color\">Por <strong>Rafaella Dorigo<\/strong><\/span>\/<strong><span class=\"has-inline-color has-black-color\">Globo Rural<\/span><\/strong><\/p>\n\n\n\n<div class=\"wp-block-image\"><figure class=\"aligncenter size-large\"><a href=\"https:\/\/www.cesconetto.com.br\/\"><img loading=\"lazy\" decoding=\"async\" width=\"1024\" height=\"100\" src=\"https:\/\/jornalfatosenoticias.com.br\/wp-content\/uploads\/2022\/05\/NOVA-LOGO-CESCONETTO-1024x100.jpg\" alt=\"\" class=\"wp-image-30792\" srcset=\"https:\/\/jornalfatosenoticias.com.br\/wp-content\/uploads\/2022\/05\/NOVA-LOGO-CESCONETTO-1024x100.jpg 1024w, https:\/\/jornalfatosenoticias.com.br\/wp-content\/uploads\/2022\/05\/NOVA-LOGO-CESCONETTO-300x29.jpg 300w, https:\/\/jornalfatosenoticias.com.br\/wp-content\/uploads\/2022\/05\/NOVA-LOGO-CESCONETTO-768x75.jpg 768w, https:\/\/jornalfatosenoticias.com.br\/wp-content\/uploads\/2022\/05\/NOVA-LOGO-CESCONETTO.jpg 1280w\" sizes=\"auto, (max-width: 1024px) 100vw, 1024px\" \/><\/a><\/figure><\/div>\n\n\n\n<p>O Distrito Federal, em Goi\u00e1s, abriga uma planta rara e exclusiva: a <em>Lobelia brasiliensis. <\/em>Essa esp\u00e9cie nativa do Cerrado est\u00e1 restrita a \u00e1reas \u00famidas da regi\u00e3o e enfrenta hoje um s\u00e9rio risco de extin\u00e7\u00e3o devido \u00e0 perda de habitat. Em entrevista \u00e0 Globo Rural, a florista Cristiely Santos explica que a <em>Lobelia brasiliensis<\/em> \u00e9 uma planta de pequeno porte que cresce em ambientes alagados, como brejos, veredas e margens de rios.<br>Ela nasce em locais de dif\u00edcil acesso e contribui para manter vivos os microecossistemas locais. Tamb\u00e9m serve de abrigo e alimento para pequenos animais, insetos e microrganismos, desempenhando um papel importante na manuten\u00e7\u00e3o dessas \u00e1reas \u00famidas. <\/p>\n\n\n\n<div class=\"wp-block-image\"><figure class=\"aligncenter size-large is-resized\"><a href=\"https:\/\/www.facebook.com\/postobkr\/?locale=pt_BR\"><img loading=\"lazy\" decoding=\"async\" src=\"https:\/\/jornalfatosenoticias.com.br\/wp-content\/uploads\/2023\/08\/BKR-1024x1021.jpg\" alt=\"\" class=\"wp-image-44494\" width=\"280\" height=\"279\" srcset=\"https:\/\/jornalfatosenoticias.com.br\/wp-content\/uploads\/2023\/08\/BKR-1024x1021.jpg 1024w, https:\/\/jornalfatosenoticias.com.br\/wp-content\/uploads\/2023\/08\/BKR-300x300.jpg 300w, https:\/\/jornalfatosenoticias.com.br\/wp-content\/uploads\/2023\/08\/BKR-150x150.jpg 150w, https:\/\/jornalfatosenoticias.com.br\/wp-content\/uploads\/2023\/08\/BKR-768x766.jpg 768w, https:\/\/jornalfatosenoticias.com.br\/wp-content\/uploads\/2023\/08\/BKR.jpg 1080w\" sizes=\"auto, (max-width: 280px) 100vw, 280px\" \/><\/a><\/figure><\/div>\n\n\n\n<p>De acordo com o Centro Nacional de Conserva\u00e7\u00e3o da Flora (CNCFlora), iniciativa do Jardim Bot\u00e2nico do Rio de Janeiro, a <em>Lobelia brasiliensis <\/em>est\u00e1 classificada como \u201cEm Perigo (EN)\u201d. As principais amea\u00e7as incluem a expans\u00e3o urbana, a drenagem de \u00e1reas \u00famidas e a substitui\u00e7\u00e3o da vegeta\u00e7\u00e3o nativa por pastagens de capim-braqui\u00e1ria. <em>\u201c\u00c9 um processo silencioso, que muitas pessoas nem percebem\u201d, afirma a florista <strong>Cristiely.<\/strong><\/em><\/p>\n\n\n\n<div class=\"wp-block-image\"><figure class=\"aligncenter size-large is-resized\"><a href=\"https:\/\/www.instagram.com\/restaurantepegoretti\/\"><img loading=\"lazy\" decoding=\"async\" src=\"https:\/\/jornalfatosenoticias.com.br\/wp-content\/uploads\/2023\/12\/pegoretti-logo-pdf-1024x389.jpg\" alt=\"\" class=\"wp-image-47536\" width=\"498\" height=\"189\" srcset=\"https:\/\/jornalfatosenoticias.com.br\/wp-content\/uploads\/2023\/12\/pegoretti-logo-pdf-1024x389.jpg 1024w, https:\/\/jornalfatosenoticias.com.br\/wp-content\/uploads\/2023\/12\/pegoretti-logo-pdf-300x114.jpg 300w, https:\/\/jornalfatosenoticias.com.br\/wp-content\/uploads\/2023\/12\/pegoretti-logo-pdf-768x291.jpg 768w, https:\/\/jornalfatosenoticias.com.br\/wp-content\/uploads\/2023\/12\/pegoretti-logo-pdf.jpg 1120w\" sizes=\"auto, (max-width: 498px) 100vw, 498px\" \/><\/a><\/figure><\/div>\n\n\n\n<p>Para enfrentar esse cen\u00e1rio de amea\u00e7a foi elaborado, em 2023, um plano de conserva\u00e7\u00e3o espec\u00edfico para a <em>Lobelia brasiliensis,<\/em> como parte do licenciamento ambiental de um empreendimento em Sobradinho (DF). O projeto inclui a\u00e7\u00f5es de monitoramento, implanta\u00e7\u00e3o de viveiros e parcerias com a Universidade de Bras\u00edlia e a Embrapa para garantir a sobreviv\u00eancia da planta.<\/p>\n\n\n\n<div class=\"wp-block-image\"><figure class=\"aligncenter size-large is-resized\"><a href=\"https:\/\/www.facebook.com\/profile.php?id=100069289606145\"><img loading=\"lazy\" decoding=\"async\" src=\"https:\/\/jornalfatosenoticias.com.br\/wp-content\/uploads\/2024\/11\/Guaitolini-Contabilidade-1024x714.jpeg\" alt=\"\" class=\"wp-image-55808\" width=\"346\" height=\"241\" srcset=\"https:\/\/jornalfatosenoticias.com.br\/wp-content\/uploads\/2024\/11\/Guaitolini-Contabilidade-1024x714.jpeg 1024w, https:\/\/jornalfatosenoticias.com.br\/wp-content\/uploads\/2024\/11\/Guaitolini-Contabilidade-300x209.jpeg 300w, https:\/\/jornalfatosenoticias.com.br\/wp-content\/uploads\/2024\/11\/Guaitolini-Contabilidade-768x535.jpeg 768w, https:\/\/jornalfatosenoticias.com.br\/wp-content\/uploads\/2024\/11\/Guaitolini-Contabilidade.jpeg 1280w\" sizes=\"auto, (max-width: 346px) 100vw, 346px\" \/><\/a><\/figure><\/div>\n\n\n\n<p><strong><span class=\"has-inline-color has-vivid-green-cyan-color\">Por que a Lobelia brasiliensis s\u00f3 existe em Bras\u00edlia?<br><\/span><\/strong>A ocorr\u00eancia restrita da esp\u00e9cie ao Distrito Federal est\u00e1 ligada ao fen\u00f4meno do endemismo no Cerrado. Esp\u00e9cies end\u00eamicas s\u00e3o aquelas que surgiram e se adaptaram a um ambiente espec\u00edfico, n\u00e3o ocorrendo naturalmente em outras regi\u00f5es. No caso dessa planta, sua adapta\u00e7\u00e3o est\u00e1 diretamente relacionada \u00e0s \u00e1reas \u00famidas do Planalto Central, que possuem caracter\u00edsticas \u00fanicas: solos hidrom\u00f3rficos (constantemente encharcados), regime h\u00eddrico particular, microclima diferenciado e varia\u00e7\u00f5es sazonais bem marcadas.<\/p>\n\n\n\n<div class=\"wp-block-image\"><figure class=\"aligncenter size-large is-resized\"><a href=\"https:\/\/www.instagram.com\/rcradiadores\/\"><img loading=\"lazy\" decoding=\"async\" src=\"https:\/\/jornalfatosenoticias.com.br\/wp-content\/uploads\/2022\/10\/RC_800x750_page-0001.jpg\" alt=\"\" class=\"wp-image-35338\" width=\"284\" height=\"266\" srcset=\"https:\/\/jornalfatosenoticias.com.br\/wp-content\/uploads\/2022\/10\/RC_800x750_page-0001.jpg 400w, https:\/\/jornalfatosenoticias.com.br\/wp-content\/uploads\/2022\/10\/RC_800x750_page-0001-300x281.jpg 300w\" sizes=\"auto, (max-width: 284px) 100vw, 284px\" \/><\/a><\/figure><\/div>\n\n\n\n<p>Segundo o livro Cerrado: ecologia e flora, da Embrapa, essas condi\u00e7\u00f5es n\u00e3o se repetem de forma id\u00eantica em outras partes do Brasil \u2014 mesmo em regi\u00f5es \u00famidas. Por isso, a esp\u00e9cie evoluiu para sobreviver em um nicho ecol\u00f3gico restrito, tornando-se dependente dessas caracter\u00edsticas locais. Al\u00e9m disso, veredas e brejos do Cerrado funcionam como \u201cilhas ecol\u00f3gicas\u201d, que favorecem o surgimento de esp\u00e9cies end\u00eamicas. O isolamento geogr\u00e1fico e a dist\u00e2ncia entre habitats similares reduzem o fluxo gen\u00e9tico e promovem a diferencia\u00e7\u00e3o local.<\/p>\n\n\n\n<div class=\"wp-block-image\"><figure class=\"aligncenter size-large is-resized\"><a href=\"https:\/\/www.instagram.com\/esteio.churrascaria\/\"><img loading=\"lazy\" decoding=\"async\" src=\"https:\/\/jornalfatosenoticias.com.br\/wp-content\/uploads\/2022\/02\/LOGO-ESTEIO-1024x730.png\" alt=\"\" class=\"wp-image-27942\" width=\"327\" height=\"233\" srcset=\"https:\/\/jornalfatosenoticias.com.br\/wp-content\/uploads\/2022\/02\/LOGO-ESTEIO-1024x730.png 1024w, https:\/\/jornalfatosenoticias.com.br\/wp-content\/uploads\/2022\/02\/LOGO-ESTEIO-300x214.png 300w, https:\/\/jornalfatosenoticias.com.br\/wp-content\/uploads\/2022\/02\/LOGO-ESTEIO-768x548.png 768w, https:\/\/jornalfatosenoticias.com.br\/wp-content\/uploads\/2022\/02\/LOGO-ESTEIO.png 1123w\" sizes=\"auto, (max-width: 327px) 100vw, 327px\" \/><\/a><\/figure><\/div>\n\n\n\n<p><strong>Fonte: <a href=\"https:\/\/umsoplaneta.globo.com\/biodiversidade\/noticia\/2025\/07\/07\/conheca-a-flor-que-so-existe-em-brasilia-e-corre-risco-de-extincao.ghtml\">Um S\u00f3 Planeta<\/a><\/strong><\/p>\n","protected":false},"excerpt":{"rendered":"<p>Drenagem de \u00e1reas \u00famidas e a substitui\u00e7\u00e3o da vegeta\u00e7\u00e3o nativa por pastagens amea\u00e7am a exist\u00eancia da Lobelia brasiliensis Por Rafaella Dorigo\/Globo Rural O Distrito Federal, em Goi\u00e1s, abriga uma planta rara e exclusiva: a Lobelia brasiliensis. Essa esp\u00e9cie nativa do Cerrado est\u00e1 restrita a \u00e1reas \u00famidas da regi\u00e3o e enfrenta hoje um s\u00e9rio risco de [&hellip;]<\/p>\n","protected":false},"author":2,"featured_media":60559,"comment_status":"open","ping_status":"open","sticky":false,"template":"","format":"standard","meta":{"footnotes":""},"categories":[8],"tags":[1865,27620,257,71,27621,64,2665,27622],"class_list":["post-60558","post","type-post","status-publish","format-standard","has-post-thumbnail","hentry","category-meio-ambiente","tag-brasilia","tag-brejos","tag-cerrado","tag-embrapa","tag-especies-endemicas","tag-flor","tag-flora","tag-lobelia-brasiliensis"],"yoast_head":"<!-- This site is optimized with the Yoast SEO plugin v26.5 - https:\/\/yoast.com\/wordpress\/plugins\/seo\/ -->\n<title>Conhe\u00e7a a flor que s\u00f3 existe em Bras\u00edlia e corre risco de extin\u00e7\u00e3o - Jornal Fatos e Not\u00edcias<\/title>\n<meta name=\"robots\" content=\"index, follow, max-snippet:-1, max-image-preview:large, max-video-preview:-1\" \/>\n<link rel=\"canonical\" href=\"https:\/\/jornalfatosenoticias.com.br\/index.php\/2025\/07\/15\/conheca-a-flor-que-so-existe-em-brasilia-e-corre-risco-de-extincao\/\" \/>\n<meta property=\"og:locale\" content=\"pt_BR\" \/>\n<meta property=\"og:type\" content=\"article\" \/>\n<meta property=\"og:title\" content=\"Conhe\u00e7a a flor que s\u00f3 existe em Bras\u00edlia e corre risco de extin\u00e7\u00e3o - Jornal Fatos e Not\u00edcias\" \/>\n<meta property=\"og:description\" content=\"Drenagem de \u00e1reas \u00famidas e a substitui\u00e7\u00e3o da vegeta\u00e7\u00e3o nativa por pastagens amea\u00e7am a exist\u00eancia da Lobelia brasiliensis Por Rafaella Dorigo\/Globo Rural O Distrito Federal, em Goi\u00e1s, abriga uma planta rara e exclusiva: a Lobelia brasiliensis. Essa esp\u00e9cie nativa do Cerrado est\u00e1 restrita a \u00e1reas \u00famidas da regi\u00e3o e enfrenta hoje um s\u00e9rio risco de [&hellip;]\" \/>\n<meta property=\"og:url\" content=\"https:\/\/jornalfatosenoticias.com.br\/index.php\/2025\/07\/15\/conheca-a-flor-que-so-existe-em-brasilia-e-corre-risco-de-extincao\/\" \/>\n<meta property=\"og:site_name\" content=\"Jornal Fatos e Not\u00edcias\" \/>\n<meta property=\"article:published_time\" content=\"2025-07-15T17:13:49+00:00\" \/>\n<meta property=\"article:modified_time\" content=\"2025-07-15T17:13:50+00:00\" \/>\n<meta property=\"og:image\" content=\"https:\/\/jornalfatosenoticias.com.br\/wp-content\/uploads\/2025\/07\/Lobelia-brasiliensis.jpg\" \/>\n\t<meta property=\"og:image:width\" content=\"615\" \/>\n\t<meta property=\"og:image:height\" content=\"460\" \/>\n\t<meta property=\"og:image:type\" content=\"image\/jpeg\" \/>\n<meta name=\"author\" content=\"Luzimara Fernandes\" \/>\n<meta name=\"twitter:card\" content=\"summary_large_image\" \/>\n<meta name=\"twitter:label1\" content=\"Escrito por\" \/>\n\t<meta name=\"twitter:data1\" content=\"Luzimara Fernandes\" \/>\n\t<meta name=\"twitter:label2\" content=\"Est. tempo de leitura\" \/>\n\t<meta name=\"twitter:data2\" content=\"2 minutos\" \/>\n<script type=\"application\/ld+json\" class=\"yoast-schema-graph\">{\"@context\":\"https:\/\/schema.org\",\"@graph\":[{\"@type\":\"Article\",\"@id\":\"https:\/\/jornalfatosenoticias.com.br\/index.php\/2025\/07\/15\/conheca-a-flor-que-so-existe-em-brasilia-e-corre-risco-de-extincao\/#article\",\"isPartOf\":{\"@id\":\"https:\/\/jornalfatosenoticias.com.br\/index.php\/2025\/07\/15\/conheca-a-flor-que-so-existe-em-brasilia-e-corre-risco-de-extincao\/\"},\"author\":{\"name\":\"Luzimara Fernandes\",\"@id\":\"https:\/\/jornalfatosenoticias.com.br\/#\/schema\/person\/d63837fa13ac8666eb9e74e0985d6f81\"},\"headline\":\"Conhe\u00e7a a flor que s\u00f3 existe em Bras\u00edlia e corre risco de extin\u00e7\u00e3o\",\"datePublished\":\"2025-07-15T17:13:49+00:00\",\"dateModified\":\"2025-07-15T17:13:50+00:00\",\"mainEntityOfPage\":{\"@id\":\"https:\/\/jornalfatosenoticias.com.br\/index.php\/2025\/07\/15\/conheca-a-flor-que-so-existe-em-brasilia-e-corre-risco-de-extincao\/\"},\"wordCount\":476,\"commentCount\":0,\"publisher\":{\"@id\":\"https:\/\/jornalfatosenoticias.com.br\/#organization\"},\"image\":{\"@id\":\"https:\/\/jornalfatosenoticias.com.br\/index.php\/2025\/07\/15\/conheca-a-flor-que-so-existe-em-brasilia-e-corre-risco-de-extincao\/#primaryimage\"},\"thumbnailUrl\":\"https:\/\/jornalfatosenoticias.com.br\/wp-content\/uploads\/2025\/07\/Lobelia-brasiliensis.jpg\",\"keywords\":[\"Bras\u00edlia\",\"brejos\",\"cerrado\",\"embrapa\",\"esp\u00e9cies end\u00eamicas\",\"flor\",\"flora\",\"Lobelia brasiliensis\"],\"articleSection\":[\"Meio ambiente\"],\"inLanguage\":\"pt-BR\",\"potentialAction\":[{\"@type\":\"CommentAction\",\"name\":\"Comment\",\"target\":[\"https:\/\/jornalfatosenoticias.com.br\/index.php\/2025\/07\/15\/conheca-a-flor-que-so-existe-em-brasilia-e-corre-risco-de-extincao\/#respond\"]}]},{\"@type\":\"WebPage\",\"@id\":\"https:\/\/jornalfatosenoticias.com.br\/index.php\/2025\/07\/15\/conheca-a-flor-que-so-existe-em-brasilia-e-corre-risco-de-extincao\/\",\"url\":\"https:\/\/jornalfatosenoticias.com.br\/index.php\/2025\/07\/15\/conheca-a-flor-que-so-existe-em-brasilia-e-corre-risco-de-extincao\/\",\"name\":\"Conhe\u00e7a a flor que s\u00f3 existe em Bras\u00edlia e corre risco de extin\u00e7\u00e3o - Jornal Fatos e Not\u00edcias\",\"isPartOf\":{\"@id\":\"https:\/\/jornalfatosenoticias.com.br\/#website\"},\"primaryImageOfPage\":{\"@id\":\"https:\/\/jornalfatosenoticias.com.br\/index.php\/2025\/07\/15\/conheca-a-flor-que-so-existe-em-brasilia-e-corre-risco-de-extincao\/#primaryimage\"},\"image\":{\"@id\":\"https:\/\/jornalfatosenoticias.com.br\/index.php\/2025\/07\/15\/conheca-a-flor-que-so-existe-em-brasilia-e-corre-risco-de-extincao\/#primaryimage\"},\"thumbnailUrl\":\"https:\/\/jornalfatosenoticias.com.br\/wp-content\/uploads\/2025\/07\/Lobelia-brasiliensis.jpg\",\"datePublished\":\"2025-07-15T17:13:49+00:00\",\"dateModified\":\"2025-07-15T17:13:50+00:00\",\"breadcrumb\":{\"@id\":\"https:\/\/jornalfatosenoticias.com.br\/index.php\/2025\/07\/15\/conheca-a-flor-que-so-existe-em-brasilia-e-corre-risco-de-extincao\/#breadcrumb\"},\"inLanguage\":\"pt-BR\",\"potentialAction\":[{\"@type\":\"ReadAction\",\"target\":[\"https:\/\/jornalfatosenoticias.com.br\/index.php\/2025\/07\/15\/conheca-a-flor-que-so-existe-em-brasilia-e-corre-risco-de-extincao\/\"]}]},{\"@type\":\"ImageObject\",\"inLanguage\":\"pt-BR\",\"@id\":\"https:\/\/jornalfatosenoticias.com.br\/index.php\/2025\/07\/15\/conheca-a-flor-que-so-existe-em-brasilia-e-corre-risco-de-extincao\/#primaryimage\",\"url\":\"https:\/\/jornalfatosenoticias.com.br\/wp-content\/uploads\/2025\/07\/Lobelia-brasiliensis.jpg\",\"contentUrl\":\"https:\/\/jornalfatosenoticias.com.br\/wp-content\/uploads\/2025\/07\/Lobelia-brasiliensis.jpg\",\"width\":615,\"height\":460},{\"@type\":\"BreadcrumbList\",\"@id\":\"https:\/\/jornalfatosenoticias.com.br\/index.php\/2025\/07\/15\/conheca-a-flor-que-so-existe-em-brasilia-e-corre-risco-de-extincao\/#breadcrumb\",\"itemListElement\":[{\"@type\":\"ListItem\",\"position\":1,\"name\":\"In\u00edcio\",\"item\":\"https:\/\/jornalfatosenoticias.com.br\/\"},{\"@type\":\"ListItem\",\"position\":2,\"name\":\"Conhe\u00e7a a flor que s\u00f3 existe em Bras\u00edlia e corre risco de extin\u00e7\u00e3o\"}]},{\"@type\":\"WebSite\",\"@id\":\"https:\/\/jornalfatosenoticias.com.br\/#website\",\"url\":\"https:\/\/jornalfatosenoticias.com.br\/\",\"name\":\"Jornal Fatos e Not\u00edcias\",\"description\":\"Not\u00edcias em geral\",\"publisher\":{\"@id\":\"https:\/\/jornalfatosenoticias.com.br\/#organization\"},\"potentialAction\":[{\"@type\":\"SearchAction\",\"target\":{\"@type\":\"EntryPoint\",\"urlTemplate\":\"https:\/\/jornalfatosenoticias.com.br\/?s={search_term_string}\"},\"query-input\":{\"@type\":\"PropertyValueSpecification\",\"valueRequired\":true,\"valueName\":\"search_term_string\"}}],\"inLanguage\":\"pt-BR\"},{\"@type\":\"Organization\",\"@id\":\"https:\/\/jornalfatosenoticias.com.br\/#organization\",\"name\":\"Jornal Fatos e Not\u00edcias\",\"url\":\"https:\/\/jornalfatosenoticias.com.br\/\",\"logo\":{\"@type\":\"ImageObject\",\"inLanguage\":\"pt-BR\",\"@id\":\"https:\/\/jornalfatosenoticias.com.br\/#\/schema\/logo\/image\/\",\"url\":\"https:\/\/jornalfatosenoticias.com.br\/wp-content\/uploads\/2020\/02\/logo120.png\",\"contentUrl\":\"https:\/\/jornalfatosenoticias.com.br\/wp-content\/uploads\/2020\/02\/logo120.png\",\"width\":1227,\"height\":120,\"caption\":\"Jornal Fatos e Not\u00edcias\"},\"image\":{\"@id\":\"https:\/\/jornalfatosenoticias.com.br\/#\/schema\/logo\/image\/\"}},{\"@type\":\"Person\",\"@id\":\"https:\/\/jornalfatosenoticias.com.br\/#\/schema\/person\/d63837fa13ac8666eb9e74e0985d6f81\",\"name\":\"Luzimara Fernandes\",\"image\":{\"@type\":\"ImageObject\",\"inLanguage\":\"pt-BR\",\"@id\":\"https:\/\/jornalfatosenoticias.com.br\/#\/schema\/person\/image\/\",\"url\":\"https:\/\/jornalfatosenoticias.com.br\/wp-content\/uploads\/2025\/05\/EU_portal.jpg\",\"contentUrl\":\"https:\/\/jornalfatosenoticias.com.br\/wp-content\/uploads\/2025\/05\/EU_portal.jpg\",\"caption\":\"Luzimara Fernandes\"},\"description\":\"Jornalista MTB 2358-ES\",\"sameAs\":[\"https:\/\/jornalfatosenoticias.com.br\"],\"url\":\"https:\/\/jornalfatosenoticias.com.br\/index.php\/author\/luzimara\/\"}]}<\/script>\n<!-- \/ Yoast SEO plugin. -->","yoast_head_json":{"title":"Conhe\u00e7a a flor que s\u00f3 existe em Bras\u00edlia e corre risco de extin\u00e7\u00e3o - Jornal Fatos e Not\u00edcias","robots":{"index":"index","follow":"follow","max-snippet":"max-snippet:-1","max-image-preview":"max-image-preview:large","max-video-preview":"max-video-preview:-1"},"canonical":"https:\/\/jornalfatosenoticias.com.br\/index.php\/2025\/07\/15\/conheca-a-flor-que-so-existe-em-brasilia-e-corre-risco-de-extincao\/","og_locale":"pt_BR","og_type":"article","og_title":"Conhe\u00e7a a flor que s\u00f3 existe em Bras\u00edlia e corre risco de extin\u00e7\u00e3o - Jornal Fatos e Not\u00edcias","og_description":"Drenagem de \u00e1reas \u00famidas e a substitui\u00e7\u00e3o da vegeta\u00e7\u00e3o nativa por pastagens amea\u00e7am a exist\u00eancia da Lobelia brasiliensis Por Rafaella Dorigo\/Globo Rural O Distrito Federal, em Goi\u00e1s, abriga uma planta rara e exclusiva: a Lobelia brasiliensis. Essa esp\u00e9cie nativa do Cerrado est\u00e1 restrita a \u00e1reas \u00famidas da regi\u00e3o e enfrenta hoje um s\u00e9rio risco de [&hellip;]","og_url":"https:\/\/jornalfatosenoticias.com.br\/index.php\/2025\/07\/15\/conheca-a-flor-que-so-existe-em-brasilia-e-corre-risco-de-extincao\/","og_site_name":"Jornal Fatos e Not\u00edcias","article_published_time":"2025-07-15T17:13:49+00:00","article_modified_time":"2025-07-15T17:13:50+00:00","og_image":[{"width":615,"height":460,"url":"https:\/\/jornalfatosenoticias.com.br\/wp-content\/uploads\/2025\/07\/Lobelia-brasiliensis.jpg","type":"image\/jpeg"}],"author":"Luzimara Fernandes","twitter_card":"summary_large_image","twitter_misc":{"Escrito por":"Luzimara Fernandes","Est. tempo de leitura":"2 minutos"},"schema":{"@context":"https:\/\/schema.org","@graph":[{"@type":"Article","@id":"https:\/\/jornalfatosenoticias.com.br\/index.php\/2025\/07\/15\/conheca-a-flor-que-so-existe-em-brasilia-e-corre-risco-de-extincao\/#article","isPartOf":{"@id":"https:\/\/jornalfatosenoticias.com.br\/index.php\/2025\/07\/15\/conheca-a-flor-que-so-existe-em-brasilia-e-corre-risco-de-extincao\/"},"author":{"name":"Luzimara Fernandes","@id":"https:\/\/jornalfatosenoticias.com.br\/#\/schema\/person\/d63837fa13ac8666eb9e74e0985d6f81"},"headline":"Conhe\u00e7a a flor que s\u00f3 existe em Bras\u00edlia e corre risco de extin\u00e7\u00e3o","datePublished":"2025-07-15T17:13:49+00:00","dateModified":"2025-07-15T17:13:50+00:00","mainEntityOfPage":{"@id":"https:\/\/jornalfatosenoticias.com.br\/index.php\/2025\/07\/15\/conheca-a-flor-que-so-existe-em-brasilia-e-corre-risco-de-extincao\/"},"wordCount":476,"commentCount":0,"publisher":{"@id":"https:\/\/jornalfatosenoticias.com.br\/#organization"},"image":{"@id":"https:\/\/jornalfatosenoticias.com.br\/index.php\/2025\/07\/15\/conheca-a-flor-que-so-existe-em-brasilia-e-corre-risco-de-extincao\/#primaryimage"},"thumbnailUrl":"https:\/\/jornalfatosenoticias.com.br\/wp-content\/uploads\/2025\/07\/Lobelia-brasiliensis.jpg","keywords":["Bras\u00edlia","brejos","cerrado","embrapa","esp\u00e9cies end\u00eamicas","flor","flora","Lobelia brasiliensis"],"articleSection":["Meio ambiente"],"inLanguage":"pt-BR","potentialAction":[{"@type":"CommentAction","name":"Comment","target":["https:\/\/jornalfatosenoticias.com.br\/index.php\/2025\/07\/15\/conheca-a-flor-que-so-existe-em-brasilia-e-corre-risco-de-extincao\/#respond"]}]},{"@type":"WebPage","@id":"https:\/\/jornalfatosenoticias.com.br\/index.php\/2025\/07\/15\/conheca-a-flor-que-so-existe-em-brasilia-e-corre-risco-de-extincao\/","url":"https:\/\/jornalfatosenoticias.com.br\/index.php\/2025\/07\/15\/conheca-a-flor-que-so-existe-em-brasilia-e-corre-risco-de-extincao\/","name":"Conhe\u00e7a a flor que s\u00f3 existe em Bras\u00edlia e corre risco de extin\u00e7\u00e3o - Jornal Fatos e Not\u00edcias","isPartOf":{"@id":"https:\/\/jornalfatosenoticias.com.br\/#website"},"primaryImageOfPage":{"@id":"https:\/\/jornalfatosenoticias.com.br\/index.php\/2025\/07\/15\/conheca-a-flor-que-so-existe-em-brasilia-e-corre-risco-de-extincao\/#primaryimage"},"image":{"@id":"https:\/\/jornalfatosenoticias.com.br\/index.php\/2025\/07\/15\/conheca-a-flor-que-so-existe-em-brasilia-e-corre-risco-de-extincao\/#primaryimage"},"thumbnailUrl":"https:\/\/jornalfatosenoticias.com.br\/wp-content\/uploads\/2025\/07\/Lobelia-brasiliensis.jpg","datePublished":"2025-07-15T17:13:49+00:00","dateModified":"2025-07-15T17:13:50+00:00","breadcrumb":{"@id":"https:\/\/jornalfatosenoticias.com.br\/index.php\/2025\/07\/15\/conheca-a-flor-que-so-existe-em-brasilia-e-corre-risco-de-extincao\/#breadcrumb"},"inLanguage":"pt-BR","potentialAction":[{"@type":"ReadAction","target":["https:\/\/jornalfatosenoticias.com.br\/index.php\/2025\/07\/15\/conheca-a-flor-que-so-existe-em-brasilia-e-corre-risco-de-extincao\/"]}]},{"@type":"ImageObject","inLanguage":"pt-BR","@id":"https:\/\/jornalfatosenoticias.com.br\/index.php\/2025\/07\/15\/conheca-a-flor-que-so-existe-em-brasilia-e-corre-risco-de-extincao\/#primaryimage","url":"https:\/\/jornalfatosenoticias.com.br\/wp-content\/uploads\/2025\/07\/Lobelia-brasiliensis.jpg","contentUrl":"https:\/\/jornalfatosenoticias.com.br\/wp-content\/uploads\/2025\/07\/Lobelia-brasiliensis.jpg","width":615,"height":460},{"@type":"BreadcrumbList","@id":"https:\/\/jornalfatosenoticias.com.br\/index.php\/2025\/07\/15\/conheca-a-flor-que-so-existe-em-brasilia-e-corre-risco-de-extincao\/#breadcrumb","itemListElement":[{"@type":"ListItem","position":1,"name":"In\u00edcio","item":"https:\/\/jornalfatosenoticias.com.br\/"},{"@type":"ListItem","position":2,"name":"Conhe\u00e7a a flor que s\u00f3 existe em Bras\u00edlia e corre risco de extin\u00e7\u00e3o"}]},{"@type":"WebSite","@id":"https:\/\/jornalfatosenoticias.com.br\/#website","url":"https:\/\/jornalfatosenoticias.com.br\/","name":"Jornal Fatos e Not\u00edcias","description":"Not\u00edcias em geral","publisher":{"@id":"https:\/\/jornalfatosenoticias.com.br\/#organization"},"potentialAction":[{"@type":"SearchAction","target":{"@type":"EntryPoint","urlTemplate":"https:\/\/jornalfatosenoticias.com.br\/?s={search_term_string}"},"query-input":{"@type":"PropertyValueSpecification","valueRequired":true,"valueName":"search_term_string"}}],"inLanguage":"pt-BR"},{"@type":"Organization","@id":"https:\/\/jornalfatosenoticias.com.br\/#organization","name":"Jornal Fatos e Not\u00edcias","url":"https:\/\/jornalfatosenoticias.com.br\/","logo":{"@type":"ImageObject","inLanguage":"pt-BR","@id":"https:\/\/jornalfatosenoticias.com.br\/#\/schema\/logo\/image\/","url":"https:\/\/jornalfatosenoticias.com.br\/wp-content\/uploads\/2020\/02\/logo120.png","contentUrl":"https:\/\/jornalfatosenoticias.com.br\/wp-content\/uploads\/2020\/02\/logo120.png","width":1227,"height":120,"caption":"Jornal Fatos e Not\u00edcias"},"image":{"@id":"https:\/\/jornalfatosenoticias.com.br\/#\/schema\/logo\/image\/"}},{"@type":"Person","@id":"https:\/\/jornalfatosenoticias.com.br\/#\/schema\/person\/d63837fa13ac8666eb9e74e0985d6f81","name":"Luzimara Fernandes","image":{"@type":"ImageObject","inLanguage":"pt-BR","@id":"https:\/\/jornalfatosenoticias.com.br\/#\/schema\/person\/image\/","url":"https:\/\/jornalfatosenoticias.com.br\/wp-content\/uploads\/2025\/05\/EU_portal.jpg","contentUrl":"https:\/\/jornalfatosenoticias.com.br\/wp-content\/uploads\/2025\/05\/EU_portal.jpg","caption":"Luzimara Fernandes"},"description":"Jornalista MTB 2358-ES","sameAs":["https:\/\/jornalfatosenoticias.com.br"],"url":"https:\/\/jornalfatosenoticias.com.br\/index.php\/author\/luzimara\/"}]}},"cc_featured_image_caption":{"caption_text":"(Foto: Reprodu\u00e7\u00e3o\/Visite Bras\u00edlia) ","source_text":"","source_url":""},"jetpack_featured_media_url":"https:\/\/jornalfatosenoticias.com.br\/wp-content\/uploads\/2025\/07\/Lobelia-brasiliensis.jpg","_links":{"self":[{"href":"https:\/\/jornalfatosenoticias.com.br\/index.php\/wp-json\/wp\/v2\/posts\/60558","targetHints":{"allow":["GET"]}}],"collection":[{"href":"https:\/\/jornalfatosenoticias.com.br\/index.php\/wp-json\/wp\/v2\/posts"}],"about":[{"href":"https:\/\/jornalfatosenoticias.com.br\/index.php\/wp-json\/wp\/v2\/types\/post"}],"author":[{"embeddable":true,"href":"https:\/\/jornalfatosenoticias.com.br\/index.php\/wp-json\/wp\/v2\/users\/2"}],"replies":[{"embeddable":true,"href":"https:\/\/jornalfatosenoticias.com.br\/index.php\/wp-json\/wp\/v2\/comments?post=60558"}],"version-history":[{"count":0,"href":"https:\/\/jornalfatosenoticias.com.br\/index.php\/wp-json\/wp\/v2\/posts\/60558\/revisions"}],"wp:featuredmedia":[{"embeddable":true,"href":"https:\/\/jornalfatosenoticias.com.br\/index.php\/wp-json\/wp\/v2\/media\/60559"}],"wp:attachment":[{"href":"https:\/\/jornalfatosenoticias.com.br\/index.php\/wp-json\/wp\/v2\/media?parent=60558"}],"wp:term":[{"taxonomy":"category","embeddable":true,"href":"https:\/\/jornalfatosenoticias.com.br\/index.php\/wp-json\/wp\/v2\/categories?post=60558"},{"taxonomy":"post_tag","embeddable":true,"href":"https:\/\/jornalfatosenoticias.com.br\/index.php\/wp-json\/wp\/v2\/tags?post=60558"}],"curies":[{"name":"wp","href":"https:\/\/api.w.org\/{rel}","templated":true}]}}