{"id":60561,"date":"2025-07-16T09:14:34","date_gmt":"2025-07-16T12:14:34","guid":{"rendered":"https:\/\/jornalfatosenoticias.com.br\/?p=60561"},"modified":"2025-07-16T09:15:13","modified_gmt":"2025-07-16T12:15:13","slug":"governo-aposta-em-moraes-para-garantir-arrecadacao-com-iof-e-manter-meta-fiscalrose-amantea","status":"publish","type":"post","link":"https:\/\/jornalfatosenoticias.com.br\/index.php\/2025\/07\/16\/governo-aposta-em-moraes-para-garantir-arrecadacao-com-iof-e-manter-meta-fiscalrose-amantea\/","title":{"rendered":"Governo aposta em Moraes para garantir arrecada\u00e7\u00e3o com IOF e manter meta fiscal"},"content":{"rendered":"\n<p><em><span class=\"has-inline-color has-black-color\">Em audi\u00eancia no STF, AGU defende decis\u00e3o judicial de Moraes sobre IOF<\/span><\/em><\/p>\n\n\n\n<p><span class=\"has-inline-color has-black-color\">Por <strong><a href=\"https:\/\/www.gazetadopovo.com.br\/autor\/rose-amantea\/\">Rose Amant\u00e9a<\/a><\/strong><\/span><\/p>\n\n\n\n<div class=\"wp-block-image\"><figure class=\"aligncenter size-large\"><a href=\"https:\/\/mizu.com.br\/\"><img loading=\"lazy\" decoding=\"async\" width=\"729\" height=\"90\" src=\"https:\/\/jornalfatosenoticias.com.br\/wp-content\/uploads\/2020\/02\/Logo_Mizu.png\" alt=\"\" class=\"wp-image-1441\" srcset=\"https:\/\/jornalfatosenoticias.com.br\/wp-content\/uploads\/2020\/02\/Logo_Mizu.png 729w, https:\/\/jornalfatosenoticias.com.br\/wp-content\/uploads\/2020\/02\/Logo_Mizu-300x37.png 300w\" sizes=\"auto, (max-width: 729px) 100vw, 729px\" \/><\/a><\/figure><\/div>\n\n\n\n<p>Pressionado pelas contas p\u00fablicas, o governo de Luiz In\u00e1cio Lula da Silva (PT) est\u00e1 confiante numa decis\u00e3o favor\u00e1vel do ministro Alexandre de Moraes, do Supremo Tribunal Federal (STF), a favor da constitucionalidade do decreto que aumentou o Imposto Sobre Opera\u00e7\u00f5es Financeiras (IOF). A decis\u00e3o de Moraes ser\u00e1 crucial para a Fazenda driblar a encruzilhada fiscal e garantir as receitas previstas \u2014 em torno de R$ 12 bilh\u00f5es \u2014 para cumprir a meta do arcabou\u00e7o.<br>Na <a href=\"https:\/\/www.gazetadopovo.com.br\/economia\/alexandre-de-moraes-deve-decidir-imbroglio-do-iof\/\" target=\"_blank\" rel=\"noreferrer noopener\">audi\u00eancia de concilia\u00e7\u00e3o<\/a> desta ter\u00e7a-feira (15), que terminou sem acordo, representantes do Legislativo chegaram a pedir mais tempo para a negocia\u00e7\u00e3o entre os Poderes. Mas o advogado-geral da Uni\u00e3o, Jorge Messias, optou por aguardar a decis\u00e3o judicial sobre o m\u00e9rito da a\u00e7\u00e3o, mostrando que o governo aposta suas fichas na manuten\u00e7\u00e3o do decreto, conforme havia antecipado o ministro da Casa Civil, <a href=\"https:\/\/www.gazetadopovo.com.br\/economia\/na-vespera-de-conciliacao-rui-costa-descarta-negociacao-sobre-decreto-do-iof\/\">Rui Costa<\/a>, na v\u00e9spera.<\/p>\n\n\n\n<div class=\"wp-block-image\"><figure class=\"aligncenter size-large is-resized\"><a href=\"https:\/\/www.facebook.com\/profile.php?id=100069289606145\"><img loading=\"lazy\" decoding=\"async\" src=\"https:\/\/jornalfatosenoticias.com.br\/wp-content\/uploads\/2024\/11\/Guaitolini-Contabilidade-1024x714.jpeg\" alt=\"\" class=\"wp-image-55808\" width=\"303\" height=\"211\" srcset=\"https:\/\/jornalfatosenoticias.com.br\/wp-content\/uploads\/2024\/11\/Guaitolini-Contabilidade-1024x714.jpeg 1024w, https:\/\/jornalfatosenoticias.com.br\/wp-content\/uploads\/2024\/11\/Guaitolini-Contabilidade-300x209.jpeg 300w, https:\/\/jornalfatosenoticias.com.br\/wp-content\/uploads\/2024\/11\/Guaitolini-Contabilidade-768x535.jpeg 768w, https:\/\/jornalfatosenoticias.com.br\/wp-content\/uploads\/2024\/11\/Guaitolini-Contabilidade.jpeg 1280w\" sizes=\"auto, (max-width: 303px) 100vw, 303px\" \/><\/a><\/figure><\/div>\n\n\n\n<p>A audi\u00eancia foi marcada ap\u00f3s o Pal\u00e1cio do Planalto recorrer ao Judici\u00e1rio para tentar reverter a decis\u00e3o do Congresso, que derrubou o decreto presidencial por meio de Projeto de Decreto Legislativo (PDL) numa <a href=\"https:\/\/www.gazetadopovo.com.br\/republica\/senado-confirma-derrota-derrubada-do-aumento-iof-texto-vai-a-promulgacao\/?ref=busca\">derrota hist\u00f3rica<\/a> para o Executivo. Antes da concilia\u00e7\u00e3o, Moraes suspendeu os efeitos dos dois decretos, o que na pr\u00e1tica, interrompeu a arrecada\u00e7\u00e3o aos cofres da Uni\u00e3o.<\/p>\n\n\n\n<div class=\"wp-block-image\"><figure class=\"aligncenter size-large is-resized\"><a href=\"https:\/\/www.controlsystems.com.br\/\"><img loading=\"lazy\" decoding=\"async\" src=\"https:\/\/jornalfatosenoticias.com.br\/wp-content\/uploads\/2020\/02\/CONTROL-CS.jpg\" alt=\"\" class=\"wp-image-44991\" width=\"270\" height=\"324\" srcset=\"https:\/\/jornalfatosenoticias.com.br\/wp-content\/uploads\/2020\/02\/CONTROL-CS.jpg 834w, https:\/\/jornalfatosenoticias.com.br\/wp-content\/uploads\/2020\/02\/CONTROL-CS-250x300.jpg 250w, https:\/\/jornalfatosenoticias.com.br\/wp-content\/uploads\/2020\/02\/CONTROL-CS-768x921.jpg 768w\" sizes=\"auto, (max-width: 270px) 100vw, 270px\" \/><\/a><\/figure><\/div>\n\n\n\n<p>Sem previs\u00e3o da decis\u00e3o de Moraes, o ministro da Fazenda, Fernando Haddad, deve apresentar alternativas que compensem a frustra\u00e7\u00e3o de receita e garantam ao menos um m\u00ednimo de equil\u00edbrio do Or\u00e7amento no pr\u00f3ximo Relat\u00f3rio de Avalia\u00e7\u00e3o de Receitas e Despesas Prim\u00e1rias (RARDP), na semana que vem. O RARDP \u00e9 um documento bimestral previsto pela Lei de Responsabilidade Fiscal, que avalia se a arrecada\u00e7\u00e3o e os gastos do governo est\u00e3o alinhados com a meta fiscal do ano. Quando h\u00e1 risco de descumprimento, o relat\u00f3rio determina o bloqueio de despesas. Ao derrubarem o decreto, deputados e senadores retiraram uma parte do remendo improvisado que mant\u00e9m o arcabou\u00e7o fiscal de p\u00e9, e agora parece fadado a naufragar.<\/p>\n\n\n\n<div class=\"wp-block-image\"><figure class=\"aligncenter size-large is-resized\"><a href=\"https:\/\/www.legisjuris.com.br\/\"><img loading=\"lazy\" decoding=\"async\" src=\"https:\/\/jornalfatosenoticias.com.br\/wp-content\/uploads\/2024\/09\/Legis-Juris-Consultoria_logo.jpg\" alt=\"\" class=\"wp-image-53915\" width=\"434\" height=\"182\" srcset=\"https:\/\/jornalfatosenoticias.com.br\/wp-content\/uploads\/2024\/09\/Legis-Juris-Consultoria_logo.jpg 969w, https:\/\/jornalfatosenoticias.com.br\/wp-content\/uploads\/2024\/09\/Legis-Juris-Consultoria_logo-300x126.jpg 300w, https:\/\/jornalfatosenoticias.com.br\/wp-content\/uploads\/2024\/09\/Legis-Juris-Consultoria_logo-768x322.jpg 768w\" sizes=\"auto, (max-width: 434px) 100vw, 434px\" \/><\/a><\/figure><\/div>\n\n\n\n<p><strong><span class=\"has-inline-color has-black-color\">Haddad deve compensar IOF com MP<br><\/span><\/strong>Na avalia\u00e7\u00e3o de Murilo Viana, analista de contas p\u00fablicas, o governo pode optar por um novo contingenciamento em julho, que se somaria aos R$ 30 bilh\u00f5es j\u00e1 congelados em maio. Mas tamb\u00e9m pode vincular os resultados do ano \u00e0 aprova\u00e7\u00e3o da Medida Provis\u00f3ria n.\u00ba 1.303, editada \u00e0s pressas neste m\u00eas, que prev\u00ea novas fontes de arrecada\u00e7\u00e3o. A expectativa \u00e9 arrecadar cerca de R$\u202f10,5\u202fbilh\u00f5es em 2025 e R$\u202f20,6\u202fbilh\u00f5es em 2026. \u201cA Fazenda pode contar com a antecipa\u00e7\u00e3o das receitas projetadas para flexibilizar o tamanho do bloqueio ou contingenciamento\u201d, afirma Viana.<\/p>\n\n\n\n<div class=\"wp-block-image\"><figure class=\"aligncenter size-large\"><a href=\"http:\/\/www.ferrarimaquinas.com.br\/\"><img loading=\"lazy\" decoding=\"async\" width=\"300\" height=\"250\" src=\"https:\/\/jornalfatosenoticias.com.br\/wp-content\/uploads\/2022\/02\/FERRARI_MAQUINAS-E-FERRAMENTAS2.jpg\" alt=\"\" class=\"wp-image-27860\"\/><\/a><\/figure><\/div>\n\n\n\n<p>A MP prev\u00ea o aumento da Contribui\u00e7\u00e3o Social sobre o Lucro L\u00edquido (CSLL) de 9% para 15% sobre institui\u00e7\u00f5es como fintechs e operadoras de cart\u00e3o, a tributa\u00e7\u00e3o de apostas on-line, a taxa\u00e7\u00e3o de aplica\u00e7\u00f5es atualmente isentas (como LCI, LCA, CRI e deb\u00eantures incentivadas) e a cria\u00e7\u00e3o de uma al\u00edquota \u00fanica de 17,5% sobre ganhos de capital, incluindo criptoativos.<\/p>\n\n\n\n<div class=\"wp-block-image\"><figure class=\"aligncenter size-large is-resized\"><a href=\"https:\/\/hotelmarquetti.com.br\/\"><img loading=\"lazy\" decoding=\"async\" src=\"https:\/\/jornalfatosenoticias.com.br\/wp-content\/uploads\/2020\/02\/LOGO-MQ-1024x680.jpg\" alt=\"\" class=\"wp-image-58299\" width=\"333\" height=\"221\" srcset=\"https:\/\/jornalfatosenoticias.com.br\/wp-content\/uploads\/2020\/02\/LOGO-MQ-1024x680.jpg 1024w, https:\/\/jornalfatosenoticias.com.br\/wp-content\/uploads\/2020\/02\/LOGO-MQ-300x199.jpg 300w, https:\/\/jornalfatosenoticias.com.br\/wp-content\/uploads\/2020\/02\/LOGO-MQ-768x510.jpg 768w, https:\/\/jornalfatosenoticias.com.br\/wp-content\/uploads\/2020\/02\/LOGO-MQ-1536x1020.jpg 1536w, https:\/\/jornalfatosenoticias.com.br\/wp-content\/uploads\/2020\/02\/LOGO-MQ-2048x1360.jpg 2048w\" sizes=\"auto, (max-width: 333px) 100vw, 333px\" \/><\/a><\/figure><\/div>\n\n\n\n<p>Embora significativas, apenas a tributa\u00e7\u00e3o sobre as apostas on-line entrou em vigor imediatamente ap\u00f3s a publica\u00e7\u00e3o da MP. As demais est\u00e3o sujeitas \u00e0 noventena (fintechs e institui\u00e7\u00f5es de pagamentos) ou s\u00f3 passam a valer no pr\u00f3ximo ano, como o IR sobre LCI\/LCA, aplica\u00e7\u00f5es financeiras, JCP e criptoativos.<\/p>\n\n\n\n<div class=\"wp-block-image\"><figure class=\"aligncenter size-large is-resized\"><a href=\"https:\/\/panper.com.br\/\"><img loading=\"lazy\" decoding=\"async\" src=\"https:\/\/jornalfatosenoticias.com.br\/wp-content\/uploads\/2023\/03\/logo-Panper_portal.jpg\" alt=\"\" class=\"wp-image-40208\" width=\"331\" height=\"229\" srcset=\"https:\/\/jornalfatosenoticias.com.br\/wp-content\/uploads\/2023\/03\/logo-Panper_portal.jpg 400w, https:\/\/jornalfatosenoticias.com.br\/wp-content\/uploads\/2023\/03\/logo-Panper_portal-300x208.jpg 300w\" sizes=\"auto, (max-width: 331px) 100vw, 331px\" \/><\/a><\/figure><\/div>\n\n\n\n<p>Para este ano, segundo Viana, o governo ainda tem alternativas, inclusive com possibilidade de receitas relativas ao petr\u00f3leo. A ideia do Planalto \u00e9 antecipar a venda de sua participa\u00e7\u00e3o na produ\u00e7\u00e3o de petr\u00f3leo nas \u00e1reas do pr\u00e9-sal que ainda n\u00e3o t\u00eam contratos de explora\u00e7\u00e3o. \u201cMas, para o pr\u00f3ximo ano, as alternativas diminuem porque o governo n\u00e3o vai querer abrir m\u00e3o de receitas discricion\u00e1rias em um ano eleitoral\u201d.<\/p>\n\n\n\n<div class=\"wp-block-image\"><figure class=\"aligncenter size-large is-resized\"><a href=\"https:\/\/www.instagram.com\/serra4x4cambioautomatico\/\"><img loading=\"lazy\" decoding=\"async\" src=\"https:\/\/jornalfatosenoticias.com.br\/wp-content\/uploads\/2024\/08\/Serra-4x4-1-886x1024.jpg\" alt=\"\" class=\"wp-image-53632\" width=\"250\" height=\"289\" srcset=\"https:\/\/jornalfatosenoticias.com.br\/wp-content\/uploads\/2024\/08\/Serra-4x4-1-886x1024.jpg 886w, https:\/\/jornalfatosenoticias.com.br\/wp-content\/uploads\/2024\/08\/Serra-4x4-1-260x300.jpg 260w, https:\/\/jornalfatosenoticias.com.br\/wp-content\/uploads\/2024\/08\/Serra-4x4-1-768x888.jpg 768w, https:\/\/jornalfatosenoticias.com.br\/wp-content\/uploads\/2024\/08\/Serra-4x4-1.jpg 1181w\" sizes=\"auto, (max-width: 250px) 100vw, 250px\" \/><\/a><\/figure><\/div>\n\n\n\n<p><strong><span class=\"has-inline-color has-black-color\">IOF traduz imbroglio fiscal e pol\u00edtico<br><\/span><\/strong>Mesmo com alternativas de compensa\u00e7\u00e3o fiscal, o desfecho do impasse do IOF \u00e9 significativo por acirrar o relacionamento entre o Planalto e o Legislativo, num xadrez pol\u00edtico que envolve tamb\u00e9m a disputa pelas emendas impositivas, hoje travadas no Judici\u00e1rio. O recurso do governo ao STF para reverter uma decis\u00e3o pol\u00edtica j\u00e1 tomada pelo Legislativo gerou forte rea\u00e7\u00e3o dos parlamentares. E uma decis\u00e3o favor\u00e1vel de Moraes pode jogar ainda mais combust\u00edvel no embate.<\/p>\n\n\n\n<div class=\"wp-block-image\"><figure class=\"aligncenter size-large is-resized\"><a href=\"https:\/\/www.instagram.com\/gruposei\/\"><img loading=\"lazy\" decoding=\"async\" src=\"https:\/\/jornalfatosenoticias.com.br\/wp-content\/uploads\/2022\/07\/Logo-Grupo-SEI.jpg\" alt=\"\" class=\"wp-image-31973\" width=\"394\" height=\"207\" srcset=\"https:\/\/jornalfatosenoticias.com.br\/wp-content\/uploads\/2022\/07\/Logo-Grupo-SEI.jpg 713w, https:\/\/jornalfatosenoticias.com.br\/wp-content\/uploads\/2022\/07\/Logo-Grupo-SEI-300x158.jpg 300w\" sizes=\"auto, (max-width: 394px) 100vw, 394px\" \/><\/a><\/figure><\/div>\n\n\n\n<p>O governo Lula espera que Moraes considere inv\u00e1lida apenas a tributa\u00e7\u00e3o do risco sacado, tipo de opera\u00e7\u00e3o em que o fornecedor recebe \u00e0 vista de uma institui\u00e7\u00e3o financeira e a d\u00edvida \u00e9 quitada pela compradora, num prazo mais longo. O restante do decreto, com o aumento de al\u00edquotas de IOF, deve ser mantido.<\/p>\n\n\n\n<div class=\"wp-block-image\"><figure class=\"aligncenter size-large is-resized\"><a href=\"https:\/\/www.facebook.com\/postobkr\/?locale=pt_BR\"><img loading=\"lazy\" decoding=\"async\" src=\"https:\/\/jornalfatosenoticias.com.br\/wp-content\/uploads\/2023\/08\/BKR-1024x1021.jpg\" alt=\"\" class=\"wp-image-44494\" width=\"298\" height=\"297\" srcset=\"https:\/\/jornalfatosenoticias.com.br\/wp-content\/uploads\/2023\/08\/BKR-1024x1021.jpg 1024w, https:\/\/jornalfatosenoticias.com.br\/wp-content\/uploads\/2023\/08\/BKR-300x300.jpg 300w, https:\/\/jornalfatosenoticias.com.br\/wp-content\/uploads\/2023\/08\/BKR-150x150.jpg 150w, https:\/\/jornalfatosenoticias.com.br\/wp-content\/uploads\/2023\/08\/BKR-768x766.jpg 768w, https:\/\/jornalfatosenoticias.com.br\/wp-content\/uploads\/2023\/08\/BKR.jpg 1080w\" sizes=\"auto, (max-width: 298px) 100vw, 298px\" \/><\/a><\/figure><\/div>\n\n\n\n<blockquote class=\"wp-block-quote is-layout-flow wp-block-quote-is-layout-flow\"><p><span class=\"has-inline-color has-luminous-vivid-orange-color\">N\u00e3o \u00e9 um xadrez s\u00f3 fiscal, mas pol\u00edtico\u201d, avalia Viana. \u201cO governo precisa do Congresso para aprovar as medidas de compensa\u00e7\u00e3o\u201d. Entre elas, destaca-se a mais significativa: a isen\u00e7\u00e3o do Imposto de Renda para sal\u00e1rios at\u00e9 R$ 5 mil por m\u00eas, principal bandeira eleitoral de Lula para 2026.<\/span><\/p><\/blockquote>\n\n\n\n<div class=\"wp-block-image\"><figure class=\"aligncenter size-large is-resized\"><a href=\"https:\/\/www.facebook.com\/vetor.vix\/\"><img loading=\"lazy\" decoding=\"async\" src=\"https:\/\/jornalfatosenoticias.com.br\/wp-content\/uploads\/2023\/09\/vetorvix1024_1.jpg\" alt=\"\" class=\"wp-image-44868\" width=\"565\" height=\"150\" srcset=\"https:\/\/jornalfatosenoticias.com.br\/wp-content\/uploads\/2023\/09\/vetorvix1024_1.jpg 1024w, https:\/\/jornalfatosenoticias.com.br\/wp-content\/uploads\/2023\/09\/vetorvix1024_1-300x80.jpg 300w, https:\/\/jornalfatosenoticias.com.br\/wp-content\/uploads\/2023\/09\/vetorvix1024_1-768x205.jpg 768w\" sizes=\"auto, (max-width: 565px) 100vw, 565px\" \/><\/a><\/figure><\/div>\n\n\n\n<p>O Planalto, no entanto, acredita que o governo est\u00e1 mais fortalecido para as negocia\u00e7\u00f5es junto ao Legislativo. A aposta \u00e9 que o governo ganhou musculatura a partir do atrito com o presidente dos Estados Unidos, Donald Trump. O embate em torno das tarifas de 50% sobre produtos brasileiros, consideradas exageradas e de vi\u00e9s pol\u00edtico por setores do agroneg\u00f3cio, teria gerado um &#8220;sentimento de unidade&#8221; no pa\u00eds e favorecido Lula. O governo tamb\u00e9m avalia que teve \u00eaxito na comunica\u00e7\u00e3o oficial do IOF nas redes sociais, refor\u00e7ando o discurso da \u201cjusti\u00e7a tribut\u00e1ria\u201d.<\/p>\n\n\n\n<div class=\"wp-block-image\"><figure class=\"aligncenter size-large is-resized\"><a href=\"https:\/\/www.instagram.com\/restaurantepegoretti\/\"><img loading=\"lazy\" decoding=\"async\" src=\"https:\/\/jornalfatosenoticias.com.br\/wp-content\/uploads\/2023\/12\/pegoretti-logo-pdf-1024x389.jpg\" alt=\"\" class=\"wp-image-47536\" width=\"514\" height=\"195\" srcset=\"https:\/\/jornalfatosenoticias.com.br\/wp-content\/uploads\/2023\/12\/pegoretti-logo-pdf-1024x389.jpg 1024w, https:\/\/jornalfatosenoticias.com.br\/wp-content\/uploads\/2023\/12\/pegoretti-logo-pdf-300x114.jpg 300w, https:\/\/jornalfatosenoticias.com.br\/wp-content\/uploads\/2023\/12\/pegoretti-logo-pdf-768x291.jpg 768w, https:\/\/jornalfatosenoticias.com.br\/wp-content\/uploads\/2023\/12\/pegoretti-logo-pdf.jpg 1120w\" sizes=\"auto, (max-width: 514px) 100vw, 514px\" \/><\/a><\/figure><\/div>\n\n\n\n<p><strong><span class=\"has-inline-color has-black-color\">Mesmo com reforma da renda, colapso fiscal est\u00e1 no horizonte<br><\/span><\/strong>Para Felipe Salto, da Warren Rena Investimentos, a \u201creforma da renda\u201d \u00e9 a \u00fanica que tem chances de prosseguir neste momento de \u201calta tens\u00e3o institucional e risco pol\u00edtico\u201d. <em>\u201cEla carrega elevado apelo eleitoral e estrategicamente serve como &#8220;vacina&#8221; no conflito criado em torno da narrativa &#8220;Pobres vs. Ricos&#8221;, que est\u00e1 em curso\u201d,<\/em> diz o economista.<\/p>\n\n\n\n<div class=\"wp-block-image\"><figure class=\"aligncenter size-large\"><a href=\"https:\/\/www.cesconetto.com.br\/\"><img loading=\"lazy\" decoding=\"async\" width=\"300\" height=\"250\" src=\"https:\/\/jornalfatosenoticias.com.br\/wp-content\/uploads\/2020\/02\/Banner-2.png\" alt=\"\" class=\"wp-image-43787\"\/><\/a><\/figure><\/div>\n\n\n\n<p>Murilo Viana acredita que, mesmo com sucesso em todas as iniciativas futuras de aumento de arrecada\u00e7\u00e3o, o ministro Fernando Haddad n\u00e3o conseguir\u00e1 cumprir o arcabou\u00e7o fiscal sem cortar gastos. Embora a eleva\u00e7\u00e3o das receitas possa ajudar a alcan\u00e7ar a meta de resultado prim\u00e1rio, ela n\u00e3o resolve uma exig\u00eancia central do novo regime fiscal, o teto para o crescimento das despesas. Pelas regras definidas pela equipe econ\u00f4mica, os gastos p\u00fablicos s\u00f3 podem crescer at\u00e9 2,5% ao ano acima da infla\u00e7\u00e3o.<\/p>\n\n\n\n<div class=\"wp-block-image\"><figure class=\"aligncenter size-large is-resized\"><a href=\"https:\/\/www.instagram.com\/rcradiadores\/\"><img loading=\"lazy\" decoding=\"async\" src=\"https:\/\/jornalfatosenoticias.com.br\/wp-content\/uploads\/2022\/10\/RC_800x750_page-0001.jpg\" alt=\"\" class=\"wp-image-35338\" width=\"318\" height=\"298\" srcset=\"https:\/\/jornalfatosenoticias.com.br\/wp-content\/uploads\/2022\/10\/RC_800x750_page-0001.jpg 400w, https:\/\/jornalfatosenoticias.com.br\/wp-content\/uploads\/2022\/10\/RC_800x750_page-0001-300x281.jpg 300w\" sizes=\"auto, (max-width: 318px) 100vw, 318px\" \/><\/a><\/figure><\/div>\n\n\n\n<p>At\u00e9 aqui, o governo tem conseguido se manter dentro do limite com o uso de algumas brechas, como a exclus\u00e3o de precat\u00f3rios e outras despesas da regra geral, e com a compress\u00e3o das despesas discricion\u00e1rias \u2014 aquelas que n\u00e3o s\u00e3o obrigat\u00f3rias, como os investimentos e o custeio da m\u00e1quina p\u00fablica. Mas essa estrat\u00e9gia n\u00e3o pode ser permanente.<\/p>\n\n\n\n<div class=\"wp-block-image\"><figure class=\"aligncenter size-large is-resized\"><a href=\"https:\/\/www.instagram.com\/esteio.churrascaria\/\"><img loading=\"lazy\" decoding=\"async\" src=\"https:\/\/jornalfatosenoticias.com.br\/wp-content\/uploads\/2022\/02\/LOGO-ESTEIO-1024x730.png\" alt=\"\" class=\"wp-image-27942\" width=\"288\" height=\"205\" srcset=\"https:\/\/jornalfatosenoticias.com.br\/wp-content\/uploads\/2022\/02\/LOGO-ESTEIO-1024x730.png 1024w, https:\/\/jornalfatosenoticias.com.br\/wp-content\/uploads\/2022\/02\/LOGO-ESTEIO-300x214.png 300w, https:\/\/jornalfatosenoticias.com.br\/wp-content\/uploads\/2022\/02\/LOGO-ESTEIO-768x548.png 768w, https:\/\/jornalfatosenoticias.com.br\/wp-content\/uploads\/2022\/02\/LOGO-ESTEIO.png 1123w\" sizes=\"auto, (max-width: 288px) 100vw, 288px\" \/><\/a><\/figure><\/div>\n\n\n\n<blockquote class=\"wp-block-quote is-layout-flow wp-block-quote-is-layout-flow\"><p><span class=\"has-inline-color has-luminous-vivid-orange-color\">Com os gastos obrigat\u00f3rios abocanhando fatias cada vez maiores do Or\u00e7amento e com o retorno dos precat\u00f3rios ao teto de despesas previsto para 2027, restar\u00e1 pouco ou nenhum espa\u00e7o para cortes\u201d, diz. Salto tamb\u00e9m alerta para o risco do colapso da m\u00e1quina p\u00fablica. \u201cA paralisia da agenda fiscal do governo est\u00e1 no horizonte\u201d, diz.<\/span><\/p><\/blockquote>\n\n\n\n<div class=\"wp-block-image\"><figure class=\"aligncenter size-large is-resized\"><a href=\"https:\/\/www.ithbrasil.com.br\/\"><img loading=\"lazy\" decoding=\"async\" src=\"https:\/\/jornalfatosenoticias.com.br\/wp-content\/uploads\/2023\/08\/ITH.jpeg\" alt=\"\" class=\"wp-image-44638\" width=\"290\" height=\"236\" srcset=\"https:\/\/jornalfatosenoticias.com.br\/wp-content\/uploads\/2023\/08\/ITH.jpeg 800w, https:\/\/jornalfatosenoticias.com.br\/wp-content\/uploads\/2023\/08\/ITH-300x244.jpeg 300w, https:\/\/jornalfatosenoticias.com.br\/wp-content\/uploads\/2023\/08\/ITH-768x624.jpeg 768w\" sizes=\"auto, (max-width: 290px) 100vw, 290px\" \/><\/a><\/figure><\/div>\n\n\n\n<p><strong>Fonte: <a href=\"https:\/\/www.gazetadopovo.com.br\/economia\/governo-aposta-em-moraes-para-garantir-arrecadacao-com-iof-e-manter-meta-fiscal\/\">Gazeta do Povo<\/a><\/strong><\/p>\n","protected":false},"excerpt":{"rendered":"<p>Em audi\u00eancia no STF, AGU defende decis\u00e3o judicial de Moraes sobre IOF Por Rose Amant\u00e9a Pressionado pelas contas p\u00fablicas, o governo de Luiz In\u00e1cio Lula da Silva (PT) est\u00e1 confiante numa decis\u00e3o favor\u00e1vel do ministro Alexandre de Moraes, do Supremo Tribunal Federal (STF), a favor da constitucionalidade do decreto que aumentou o Imposto Sobre Opera\u00e7\u00f5es [&hellip;]<\/p>\n","protected":false},"author":2,"featured_media":60562,"comment_status":"open","ping_status":"open","sticky":false,"template":"","format":"standard","meta":{"footnotes":""},"categories":[9],"tags":[13889,982,10224,8163,18155,1402,24416,7580,1900,20146,27623,486,294],"class_list":["post-60561","post","type-post","status-publish","format-standard","has-post-thumbnail","hentry","category-economia","tag-alexandre-de-moraes","tag-camara-dos-deputados","tag-congresso-nacional","tag-contas-publicas","tag-fernando-haddad","tag-imposto-de-renda","tag-jorge-messias","tag-lula","tag-palacio-do-planalto","tag-rui-costa","tag-sem-acordo-na-conciliacao","tag-senado","tag-stf"],"yoast_head":"<!-- This site is optimized with the Yoast SEO plugin v26.5 - https:\/\/yoast.com\/wordpress\/plugins\/seo\/ -->\n<title>Governo aposta em Moraes para garantir arrecada\u00e7\u00e3o com IOF e manter meta fiscal - Jornal Fatos e Not\u00edcias<\/title>\n<meta name=\"robots\" content=\"index, follow, max-snippet:-1, max-image-preview:large, max-video-preview:-1\" \/>\n<link rel=\"canonical\" href=\"https:\/\/jornalfatosenoticias.com.br\/index.php\/2025\/07\/16\/governo-aposta-em-moraes-para-garantir-arrecadacao-com-iof-e-manter-meta-fiscalrose-amantea\/\" \/>\n<meta property=\"og:locale\" content=\"pt_BR\" \/>\n<meta property=\"og:type\" content=\"article\" \/>\n<meta property=\"og:title\" content=\"Governo aposta em Moraes para garantir arrecada\u00e7\u00e3o com IOF e manter meta fiscal - Jornal Fatos e Not\u00edcias\" \/>\n<meta property=\"og:description\" content=\"Em audi\u00eancia no STF, AGU defende decis\u00e3o judicial de Moraes sobre IOF Por Rose Amant\u00e9a Pressionado pelas contas p\u00fablicas, o governo de Luiz In\u00e1cio Lula da Silva (PT) est\u00e1 confiante numa decis\u00e3o favor\u00e1vel do ministro Alexandre de Moraes, do Supremo Tribunal Federal (STF), a favor da constitucionalidade do decreto que aumentou o Imposto Sobre Opera\u00e7\u00f5es [&hellip;]\" \/>\n<meta property=\"og:url\" content=\"https:\/\/jornalfatosenoticias.com.br\/index.php\/2025\/07\/16\/governo-aposta-em-moraes-para-garantir-arrecadacao-com-iof-e-manter-meta-fiscalrose-amantea\/\" \/>\n<meta property=\"og:site_name\" content=\"Jornal Fatos e Not\u00edcias\" \/>\n<meta property=\"article:published_time\" content=\"2025-07-16T12:14:34+00:00\" \/>\n<meta property=\"article:modified_time\" content=\"2025-07-16T12:15:13+00:00\" \/>\n<meta property=\"og:image\" content=\"https:\/\/jornalfatosenoticias.com.br\/wp-content\/uploads\/2025\/07\/STF-IOF-xandao.jpg\" \/>\n\t<meta property=\"og:image:width\" content=\"1000\" \/>\n\t<meta property=\"og:image:height\" content=\"441\" \/>\n\t<meta property=\"og:image:type\" content=\"image\/jpeg\" \/>\n<meta name=\"author\" content=\"Luzimara Fernandes\" \/>\n<meta name=\"twitter:card\" content=\"summary_large_image\" \/>\n<meta name=\"twitter:label1\" content=\"Escrito por\" \/>\n\t<meta name=\"twitter:data1\" content=\"Luzimara Fernandes\" \/>\n\t<meta name=\"twitter:label2\" content=\"Est. tempo de leitura\" \/>\n\t<meta name=\"twitter:data2\" content=\"6 minutos\" \/>\n<script type=\"application\/ld+json\" class=\"yoast-schema-graph\">{\"@context\":\"https:\/\/schema.org\",\"@graph\":[{\"@type\":\"Article\",\"@id\":\"https:\/\/jornalfatosenoticias.com.br\/index.php\/2025\/07\/16\/governo-aposta-em-moraes-para-garantir-arrecadacao-com-iof-e-manter-meta-fiscalrose-amantea\/#article\",\"isPartOf\":{\"@id\":\"https:\/\/jornalfatosenoticias.com.br\/index.php\/2025\/07\/16\/governo-aposta-em-moraes-para-garantir-arrecadacao-com-iof-e-manter-meta-fiscalrose-amantea\/\"},\"author\":{\"name\":\"Luzimara Fernandes\",\"@id\":\"https:\/\/jornalfatosenoticias.com.br\/#\/schema\/person\/d63837fa13ac8666eb9e74e0985d6f81\"},\"headline\":\"Governo aposta em Moraes para garantir arrecada\u00e7\u00e3o com IOF e manter meta fiscal\",\"datePublished\":\"2025-07-16T12:14:34+00:00\",\"dateModified\":\"2025-07-16T12:15:13+00:00\",\"mainEntityOfPage\":{\"@id\":\"https:\/\/jornalfatosenoticias.com.br\/index.php\/2025\/07\/16\/governo-aposta-em-moraes-para-garantir-arrecadacao-com-iof-e-manter-meta-fiscalrose-amantea\/\"},\"wordCount\":1262,\"commentCount\":0,\"publisher\":{\"@id\":\"https:\/\/jornalfatosenoticias.com.br\/#organization\"},\"image\":{\"@id\":\"https:\/\/jornalfatosenoticias.com.br\/index.php\/2025\/07\/16\/governo-aposta-em-moraes-para-garantir-arrecadacao-com-iof-e-manter-meta-fiscalrose-amantea\/#primaryimage\"},\"thumbnailUrl\":\"https:\/\/jornalfatosenoticias.com.br\/wp-content\/uploads\/2025\/07\/STF-IOF-xandao.jpg\",\"keywords\":[\"Alexandre de Moraes\",\"C\u00e2mara dos Deputados\",\"Congresso Nacional\",\"contas p\u00fablicas\",\"Fernando Haddad\",\"Imposto de Renda\",\"Jorge Messias\",\"Lula\",\"Pal\u00e1cio do Planalto\",\"Rui Costa\",\"sem acordo na concilia\u00e7\u00e3o\",\"Senado\",\"STF\"],\"articleSection\":[\"Economia\"],\"inLanguage\":\"pt-BR\",\"potentialAction\":[{\"@type\":\"CommentAction\",\"name\":\"Comment\",\"target\":[\"https:\/\/jornalfatosenoticias.com.br\/index.php\/2025\/07\/16\/governo-aposta-em-moraes-para-garantir-arrecadacao-com-iof-e-manter-meta-fiscalrose-amantea\/#respond\"]}]},{\"@type\":\"WebPage\",\"@id\":\"https:\/\/jornalfatosenoticias.com.br\/index.php\/2025\/07\/16\/governo-aposta-em-moraes-para-garantir-arrecadacao-com-iof-e-manter-meta-fiscalrose-amantea\/\",\"url\":\"https:\/\/jornalfatosenoticias.com.br\/index.php\/2025\/07\/16\/governo-aposta-em-moraes-para-garantir-arrecadacao-com-iof-e-manter-meta-fiscalrose-amantea\/\",\"name\":\"Governo aposta em Moraes para garantir arrecada\u00e7\u00e3o com IOF e manter meta fiscal - Jornal Fatos e Not\u00edcias\",\"isPartOf\":{\"@id\":\"https:\/\/jornalfatosenoticias.com.br\/#website\"},\"primaryImageOfPage\":{\"@id\":\"https:\/\/jornalfatosenoticias.com.br\/index.php\/2025\/07\/16\/governo-aposta-em-moraes-para-garantir-arrecadacao-com-iof-e-manter-meta-fiscalrose-amantea\/#primaryimage\"},\"image\":{\"@id\":\"https:\/\/jornalfatosenoticias.com.br\/index.php\/2025\/07\/16\/governo-aposta-em-moraes-para-garantir-arrecadacao-com-iof-e-manter-meta-fiscalrose-amantea\/#primaryimage\"},\"thumbnailUrl\":\"https:\/\/jornalfatosenoticias.com.br\/wp-content\/uploads\/2025\/07\/STF-IOF-xandao.jpg\",\"datePublished\":\"2025-07-16T12:14:34+00:00\",\"dateModified\":\"2025-07-16T12:15:13+00:00\",\"breadcrumb\":{\"@id\":\"https:\/\/jornalfatosenoticias.com.br\/index.php\/2025\/07\/16\/governo-aposta-em-moraes-para-garantir-arrecadacao-com-iof-e-manter-meta-fiscalrose-amantea\/#breadcrumb\"},\"inLanguage\":\"pt-BR\",\"potentialAction\":[{\"@type\":\"ReadAction\",\"target\":[\"https:\/\/jornalfatosenoticias.com.br\/index.php\/2025\/07\/16\/governo-aposta-em-moraes-para-garantir-arrecadacao-com-iof-e-manter-meta-fiscalrose-amantea\/\"]}]},{\"@type\":\"ImageObject\",\"inLanguage\":\"pt-BR\",\"@id\":\"https:\/\/jornalfatosenoticias.com.br\/index.php\/2025\/07\/16\/governo-aposta-em-moraes-para-garantir-arrecadacao-com-iof-e-manter-meta-fiscalrose-amantea\/#primaryimage\",\"url\":\"https:\/\/jornalfatosenoticias.com.br\/wp-content\/uploads\/2025\/07\/STF-IOF-xandao.jpg\",\"contentUrl\":\"https:\/\/jornalfatosenoticias.com.br\/wp-content\/uploads\/2025\/07\/STF-IOF-xandao.jpg\",\"width\":1000,\"height\":441},{\"@type\":\"BreadcrumbList\",\"@id\":\"https:\/\/jornalfatosenoticias.com.br\/index.php\/2025\/07\/16\/governo-aposta-em-moraes-para-garantir-arrecadacao-com-iof-e-manter-meta-fiscalrose-amantea\/#breadcrumb\",\"itemListElement\":[{\"@type\":\"ListItem\",\"position\":1,\"name\":\"In\u00edcio\",\"item\":\"https:\/\/jornalfatosenoticias.com.br\/\"},{\"@type\":\"ListItem\",\"position\":2,\"name\":\"Governo aposta em Moraes para garantir arrecada\u00e7\u00e3o com IOF e manter meta fiscal\"}]},{\"@type\":\"WebSite\",\"@id\":\"https:\/\/jornalfatosenoticias.com.br\/#website\",\"url\":\"https:\/\/jornalfatosenoticias.com.br\/\",\"name\":\"Jornal Fatos e Not\u00edcias\",\"description\":\"Not\u00edcias em geral\",\"publisher\":{\"@id\":\"https:\/\/jornalfatosenoticias.com.br\/#organization\"},\"potentialAction\":[{\"@type\":\"SearchAction\",\"target\":{\"@type\":\"EntryPoint\",\"urlTemplate\":\"https:\/\/jornalfatosenoticias.com.br\/?s={search_term_string}\"},\"query-input\":{\"@type\":\"PropertyValueSpecification\",\"valueRequired\":true,\"valueName\":\"search_term_string\"}}],\"inLanguage\":\"pt-BR\"},{\"@type\":\"Organization\",\"@id\":\"https:\/\/jornalfatosenoticias.com.br\/#organization\",\"name\":\"Jornal Fatos e Not\u00edcias\",\"url\":\"https:\/\/jornalfatosenoticias.com.br\/\",\"logo\":{\"@type\":\"ImageObject\",\"inLanguage\":\"pt-BR\",\"@id\":\"https:\/\/jornalfatosenoticias.com.br\/#\/schema\/logo\/image\/\",\"url\":\"https:\/\/jornalfatosenoticias.com.br\/wp-content\/uploads\/2020\/02\/logo120.png\",\"contentUrl\":\"https:\/\/jornalfatosenoticias.com.br\/wp-content\/uploads\/2020\/02\/logo120.png\",\"width\":1227,\"height\":120,\"caption\":\"Jornal Fatos e Not\u00edcias\"},\"image\":{\"@id\":\"https:\/\/jornalfatosenoticias.com.br\/#\/schema\/logo\/image\/\"}},{\"@type\":\"Person\",\"@id\":\"https:\/\/jornalfatosenoticias.com.br\/#\/schema\/person\/d63837fa13ac8666eb9e74e0985d6f81\",\"name\":\"Luzimara Fernandes\",\"image\":{\"@type\":\"ImageObject\",\"inLanguage\":\"pt-BR\",\"@id\":\"https:\/\/jornalfatosenoticias.com.br\/#\/schema\/person\/image\/\",\"url\":\"https:\/\/jornalfatosenoticias.com.br\/wp-content\/uploads\/2025\/05\/EU_portal.jpg\",\"contentUrl\":\"https:\/\/jornalfatosenoticias.com.br\/wp-content\/uploads\/2025\/05\/EU_portal.jpg\",\"caption\":\"Luzimara Fernandes\"},\"description\":\"Jornalista MTB 2358-ES\",\"sameAs\":[\"https:\/\/jornalfatosenoticias.com.br\"],\"url\":\"https:\/\/jornalfatosenoticias.com.br\/index.php\/author\/luzimara\/\"}]}<\/script>\n<!-- \/ Yoast SEO plugin. -->","yoast_head_json":{"title":"Governo aposta em Moraes para garantir arrecada\u00e7\u00e3o com IOF e manter meta fiscal - Jornal Fatos e Not\u00edcias","robots":{"index":"index","follow":"follow","max-snippet":"max-snippet:-1","max-image-preview":"max-image-preview:large","max-video-preview":"max-video-preview:-1"},"canonical":"https:\/\/jornalfatosenoticias.com.br\/index.php\/2025\/07\/16\/governo-aposta-em-moraes-para-garantir-arrecadacao-com-iof-e-manter-meta-fiscalrose-amantea\/","og_locale":"pt_BR","og_type":"article","og_title":"Governo aposta em Moraes para garantir arrecada\u00e7\u00e3o com IOF e manter meta fiscal - Jornal Fatos e Not\u00edcias","og_description":"Em audi\u00eancia no STF, AGU defende decis\u00e3o judicial de Moraes sobre IOF Por Rose Amant\u00e9a Pressionado pelas contas p\u00fablicas, o governo de Luiz In\u00e1cio Lula da Silva (PT) est\u00e1 confiante numa decis\u00e3o favor\u00e1vel do ministro Alexandre de Moraes, do Supremo Tribunal Federal (STF), a favor da constitucionalidade do decreto que aumentou o Imposto Sobre Opera\u00e7\u00f5es [&hellip;]","og_url":"https:\/\/jornalfatosenoticias.com.br\/index.php\/2025\/07\/16\/governo-aposta-em-moraes-para-garantir-arrecadacao-com-iof-e-manter-meta-fiscalrose-amantea\/","og_site_name":"Jornal Fatos e Not\u00edcias","article_published_time":"2025-07-16T12:14:34+00:00","article_modified_time":"2025-07-16T12:15:13+00:00","og_image":[{"width":1000,"height":441,"url":"https:\/\/jornalfatosenoticias.com.br\/wp-content\/uploads\/2025\/07\/STF-IOF-xandao.jpg","type":"image\/jpeg"}],"author":"Luzimara Fernandes","twitter_card":"summary_large_image","twitter_misc":{"Escrito por":"Luzimara Fernandes","Est. tempo de leitura":"6 minutos"},"schema":{"@context":"https:\/\/schema.org","@graph":[{"@type":"Article","@id":"https:\/\/jornalfatosenoticias.com.br\/index.php\/2025\/07\/16\/governo-aposta-em-moraes-para-garantir-arrecadacao-com-iof-e-manter-meta-fiscalrose-amantea\/#article","isPartOf":{"@id":"https:\/\/jornalfatosenoticias.com.br\/index.php\/2025\/07\/16\/governo-aposta-em-moraes-para-garantir-arrecadacao-com-iof-e-manter-meta-fiscalrose-amantea\/"},"author":{"name":"Luzimara Fernandes","@id":"https:\/\/jornalfatosenoticias.com.br\/#\/schema\/person\/d63837fa13ac8666eb9e74e0985d6f81"},"headline":"Governo aposta em Moraes para garantir arrecada\u00e7\u00e3o com IOF e manter meta fiscal","datePublished":"2025-07-16T12:14:34+00:00","dateModified":"2025-07-16T12:15:13+00:00","mainEntityOfPage":{"@id":"https:\/\/jornalfatosenoticias.com.br\/index.php\/2025\/07\/16\/governo-aposta-em-moraes-para-garantir-arrecadacao-com-iof-e-manter-meta-fiscalrose-amantea\/"},"wordCount":1262,"commentCount":0,"publisher":{"@id":"https:\/\/jornalfatosenoticias.com.br\/#organization"},"image":{"@id":"https:\/\/jornalfatosenoticias.com.br\/index.php\/2025\/07\/16\/governo-aposta-em-moraes-para-garantir-arrecadacao-com-iof-e-manter-meta-fiscalrose-amantea\/#primaryimage"},"thumbnailUrl":"https:\/\/jornalfatosenoticias.com.br\/wp-content\/uploads\/2025\/07\/STF-IOF-xandao.jpg","keywords":["Alexandre de Moraes","C\u00e2mara dos Deputados","Congresso Nacional","contas p\u00fablicas","Fernando Haddad","Imposto de Renda","Jorge Messias","Lula","Pal\u00e1cio do Planalto","Rui Costa","sem acordo na concilia\u00e7\u00e3o","Senado","STF"],"articleSection":["Economia"],"inLanguage":"pt-BR","potentialAction":[{"@type":"CommentAction","name":"Comment","target":["https:\/\/jornalfatosenoticias.com.br\/index.php\/2025\/07\/16\/governo-aposta-em-moraes-para-garantir-arrecadacao-com-iof-e-manter-meta-fiscalrose-amantea\/#respond"]}]},{"@type":"WebPage","@id":"https:\/\/jornalfatosenoticias.com.br\/index.php\/2025\/07\/16\/governo-aposta-em-moraes-para-garantir-arrecadacao-com-iof-e-manter-meta-fiscalrose-amantea\/","url":"https:\/\/jornalfatosenoticias.com.br\/index.php\/2025\/07\/16\/governo-aposta-em-moraes-para-garantir-arrecadacao-com-iof-e-manter-meta-fiscalrose-amantea\/","name":"Governo aposta em Moraes para garantir arrecada\u00e7\u00e3o com IOF e manter meta fiscal - Jornal Fatos e Not\u00edcias","isPartOf":{"@id":"https:\/\/jornalfatosenoticias.com.br\/#website"},"primaryImageOfPage":{"@id":"https:\/\/jornalfatosenoticias.com.br\/index.php\/2025\/07\/16\/governo-aposta-em-moraes-para-garantir-arrecadacao-com-iof-e-manter-meta-fiscalrose-amantea\/#primaryimage"},"image":{"@id":"https:\/\/jornalfatosenoticias.com.br\/index.php\/2025\/07\/16\/governo-aposta-em-moraes-para-garantir-arrecadacao-com-iof-e-manter-meta-fiscalrose-amantea\/#primaryimage"},"thumbnailUrl":"https:\/\/jornalfatosenoticias.com.br\/wp-content\/uploads\/2025\/07\/STF-IOF-xandao.jpg","datePublished":"2025-07-16T12:14:34+00:00","dateModified":"2025-07-16T12:15:13+00:00","breadcrumb":{"@id":"https:\/\/jornalfatosenoticias.com.br\/index.php\/2025\/07\/16\/governo-aposta-em-moraes-para-garantir-arrecadacao-com-iof-e-manter-meta-fiscalrose-amantea\/#breadcrumb"},"inLanguage":"pt-BR","potentialAction":[{"@type":"ReadAction","target":["https:\/\/jornalfatosenoticias.com.br\/index.php\/2025\/07\/16\/governo-aposta-em-moraes-para-garantir-arrecadacao-com-iof-e-manter-meta-fiscalrose-amantea\/"]}]},{"@type":"ImageObject","inLanguage":"pt-BR","@id":"https:\/\/jornalfatosenoticias.com.br\/index.php\/2025\/07\/16\/governo-aposta-em-moraes-para-garantir-arrecadacao-com-iof-e-manter-meta-fiscalrose-amantea\/#primaryimage","url":"https:\/\/jornalfatosenoticias.com.br\/wp-content\/uploads\/2025\/07\/STF-IOF-xandao.jpg","contentUrl":"https:\/\/jornalfatosenoticias.com.br\/wp-content\/uploads\/2025\/07\/STF-IOF-xandao.jpg","width":1000,"height":441},{"@type":"BreadcrumbList","@id":"https:\/\/jornalfatosenoticias.com.br\/index.php\/2025\/07\/16\/governo-aposta-em-moraes-para-garantir-arrecadacao-com-iof-e-manter-meta-fiscalrose-amantea\/#breadcrumb","itemListElement":[{"@type":"ListItem","position":1,"name":"In\u00edcio","item":"https:\/\/jornalfatosenoticias.com.br\/"},{"@type":"ListItem","position":2,"name":"Governo aposta em Moraes para garantir arrecada\u00e7\u00e3o com IOF e manter meta fiscal"}]},{"@type":"WebSite","@id":"https:\/\/jornalfatosenoticias.com.br\/#website","url":"https:\/\/jornalfatosenoticias.com.br\/","name":"Jornal Fatos e Not\u00edcias","description":"Not\u00edcias em geral","publisher":{"@id":"https:\/\/jornalfatosenoticias.com.br\/#organization"},"potentialAction":[{"@type":"SearchAction","target":{"@type":"EntryPoint","urlTemplate":"https:\/\/jornalfatosenoticias.com.br\/?s={search_term_string}"},"query-input":{"@type":"PropertyValueSpecification","valueRequired":true,"valueName":"search_term_string"}}],"inLanguage":"pt-BR"},{"@type":"Organization","@id":"https:\/\/jornalfatosenoticias.com.br\/#organization","name":"Jornal Fatos e Not\u00edcias","url":"https:\/\/jornalfatosenoticias.com.br\/","logo":{"@type":"ImageObject","inLanguage":"pt-BR","@id":"https:\/\/jornalfatosenoticias.com.br\/#\/schema\/logo\/image\/","url":"https:\/\/jornalfatosenoticias.com.br\/wp-content\/uploads\/2020\/02\/logo120.png","contentUrl":"https:\/\/jornalfatosenoticias.com.br\/wp-content\/uploads\/2020\/02\/logo120.png","width":1227,"height":120,"caption":"Jornal Fatos e Not\u00edcias"},"image":{"@id":"https:\/\/jornalfatosenoticias.com.br\/#\/schema\/logo\/image\/"}},{"@type":"Person","@id":"https:\/\/jornalfatosenoticias.com.br\/#\/schema\/person\/d63837fa13ac8666eb9e74e0985d6f81","name":"Luzimara Fernandes","image":{"@type":"ImageObject","inLanguage":"pt-BR","@id":"https:\/\/jornalfatosenoticias.com.br\/#\/schema\/person\/image\/","url":"https:\/\/jornalfatosenoticias.com.br\/wp-content\/uploads\/2025\/05\/EU_portal.jpg","contentUrl":"https:\/\/jornalfatosenoticias.com.br\/wp-content\/uploads\/2025\/05\/EU_portal.jpg","caption":"Luzimara Fernandes"},"description":"Jornalista MTB 2358-ES","sameAs":["https:\/\/jornalfatosenoticias.com.br"],"url":"https:\/\/jornalfatosenoticias.com.br\/index.php\/author\/luzimara\/"}]}},"cc_featured_image_caption":{"caption_text":"(Foto: Ant\u00f4nio Augusto\/STF)","source_text":"","source_url":""},"jetpack_featured_media_url":"https:\/\/jornalfatosenoticias.com.br\/wp-content\/uploads\/2025\/07\/STF-IOF-xandao.jpg","_links":{"self":[{"href":"https:\/\/jornalfatosenoticias.com.br\/index.php\/wp-json\/wp\/v2\/posts\/60561","targetHints":{"allow":["GET"]}}],"collection":[{"href":"https:\/\/jornalfatosenoticias.com.br\/index.php\/wp-json\/wp\/v2\/posts"}],"about":[{"href":"https:\/\/jornalfatosenoticias.com.br\/index.php\/wp-json\/wp\/v2\/types\/post"}],"author":[{"embeddable":true,"href":"https:\/\/jornalfatosenoticias.com.br\/index.php\/wp-json\/wp\/v2\/users\/2"}],"replies":[{"embeddable":true,"href":"https:\/\/jornalfatosenoticias.com.br\/index.php\/wp-json\/wp\/v2\/comments?post=60561"}],"version-history":[{"count":0,"href":"https:\/\/jornalfatosenoticias.com.br\/index.php\/wp-json\/wp\/v2\/posts\/60561\/revisions"}],"wp:featuredmedia":[{"embeddable":true,"href":"https:\/\/jornalfatosenoticias.com.br\/index.php\/wp-json\/wp\/v2\/media\/60562"}],"wp:attachment":[{"href":"https:\/\/jornalfatosenoticias.com.br\/index.php\/wp-json\/wp\/v2\/media?parent=60561"}],"wp:term":[{"taxonomy":"category","embeddable":true,"href":"https:\/\/jornalfatosenoticias.com.br\/index.php\/wp-json\/wp\/v2\/categories?post=60561"},{"taxonomy":"post_tag","embeddable":true,"href":"https:\/\/jornalfatosenoticias.com.br\/index.php\/wp-json\/wp\/v2\/tags?post=60561"}],"curies":[{"name":"wp","href":"https:\/\/api.w.org\/{rel}","templated":true}]}}