{"id":60568,"date":"2025-07-16T09:49:53","date_gmt":"2025-07-16T12:49:53","guid":{"rendered":"https:\/\/jornalfatosenoticias.com.br\/?p=60568"},"modified":"2025-07-16T09:49:54","modified_gmt":"2025-07-16T12:49:54","slug":"impeachment-de-lula-e-protocolado-na-camara-motivo-e-a-crise-com-os-eua","status":"publish","type":"post","link":"https:\/\/jornalfatosenoticias.com.br\/index.php\/2025\/07\/16\/impeachment-de-lula-e-protocolado-na-camara-motivo-e-a-crise-com-os-eua\/","title":{"rendered":"Impeachment de Lula \u00e9 protocolado na C\u00e2mara; motivo \u00e9 a crise com os EUA"},"content":{"rendered":"\n<p><em><span class=\"has-inline-color has-black-color\">Lula sofre pedido de impeachment na C\u00e2mara dos Deputados motivado pela crise diplom\u00e1tica com os EUA<\/span><\/em><\/p>\n\n\n\n<p><span class=\"has-inline-color has-black-color\">Por <strong>Yago Portella Dias<\/strong><\/span><\/p>\n\n\n\n<div class=\"wp-block-image\"><figure class=\"aligncenter size-large\"><a href=\"https:\/\/panper.com.br\/\"><img loading=\"lazy\" decoding=\"async\" width=\"1024\" height=\"111\" src=\"https:\/\/jornalfatosenoticias.com.br\/wp-content\/uploads\/2020\/02\/WhatsApp-Image-2022-09-23-at-12.09.18-1024x111.jpeg\" alt=\"\" class=\"wp-image-34527\" srcset=\"https:\/\/jornalfatosenoticias.com.br\/wp-content\/uploads\/2020\/02\/WhatsApp-Image-2022-09-23-at-12.09.18-1024x111.jpeg 1024w, https:\/\/jornalfatosenoticias.com.br\/wp-content\/uploads\/2020\/02\/WhatsApp-Image-2022-09-23-at-12.09.18-300x32.jpeg 300w, https:\/\/jornalfatosenoticias.com.br\/wp-content\/uploads\/2020\/02\/WhatsApp-Image-2022-09-23-at-12.09.18-768x83.jpeg 768w, https:\/\/jornalfatosenoticias.com.br\/wp-content\/uploads\/2020\/02\/WhatsApp-Image-2022-09-23-at-12.09.18.jpeg 1121w\" sizes=\"auto, (max-width: 1024px) 100vw, 1024px\" \/><\/a><\/figure><\/div>\n\n\n\n<p>O deputado Nikolas Ferreira (PL-MG) protocolou, nesta ter\u00e7a-feira (15), um pedido de impeachment de Luiz In\u00e1cio Lula da Silva (PT). O documento foi entregue ao presidente da C\u00e2mara dos Deputados, Hugo Motta (Republicanos-PB), e responsabiliza o petista pela crise diplom\u00e1tica com os Estados Unidos. O pedido foi assinado por 72 parlamentares.<br>Segundo Nikolas, o atual cen\u00e1rio internacional decorre de atos do petista que violam dispositivos da Lei n.\u00ba 1.079\/1950, que define os crimes de responsabilidade e regula o processo de impeachment de autoridades como ministros do STF, o procurador-geral da Rep\u00fablica e o pr\u00f3prio presidente da Rep\u00fablica.<\/p>\n\n\n\n<div class=\"wp-block-image\"><figure class=\"aligncenter size-large is-resized\"><a href=\"https:\/\/hotelmarquetti.com.br\/\"><img loading=\"lazy\" decoding=\"async\" src=\"https:\/\/jornalfatosenoticias.com.br\/wp-content\/uploads\/2020\/02\/LOGO-MQ-1024x680.jpg\" alt=\"\" class=\"wp-image-58299\" width=\"315\" height=\"209\" srcset=\"https:\/\/jornalfatosenoticias.com.br\/wp-content\/uploads\/2020\/02\/LOGO-MQ-1024x680.jpg 1024w, https:\/\/jornalfatosenoticias.com.br\/wp-content\/uploads\/2020\/02\/LOGO-MQ-300x199.jpg 300w, https:\/\/jornalfatosenoticias.com.br\/wp-content\/uploads\/2020\/02\/LOGO-MQ-768x510.jpg 768w, https:\/\/jornalfatosenoticias.com.br\/wp-content\/uploads\/2020\/02\/LOGO-MQ-1536x1020.jpg 1536w, https:\/\/jornalfatosenoticias.com.br\/wp-content\/uploads\/2020\/02\/LOGO-MQ-2048x1360.jpg 2048w\" sizes=\"auto, (max-width: 315px) 100vw, 315px\" \/><\/a><\/figure><\/div>\n\n\n\n<p><strong><span class=\"has-inline-color has-black-color\">De acordo com o pedido, Lula teria cometido dois crimes de responsabilidade:<br><\/span><\/strong>\ud83d\udd39 O previsto no <strong>item 6 do artigo 5.\u00ba,<\/strong> que v\u00ea na a celebra\u00e7\u00e3o de &#8220;tratados, conven\u00e7\u00f5es ou ajustes que comprometam a dignidade da Na\u00e7\u00e3o&#8221; um risco \u00e0 exist\u00eancia pol\u00edtica da Uni\u00e3o;<br>\ud83d\udd39 E o do <strong>item 7 do artigo 9.\u00ba,<\/strong> que considera um atentado \u00e0 probidade na administra\u00e7\u00e3o quando o presidente age de forma incompat\u00edvel com a dignidade, a honra e o decoro do cargo.<\/p>\n\n\n\n<div class=\"wp-block-image\"><figure class=\"aligncenter size-large is-resized\"><a href=\"https:\/\/www.controlsystems.com.br\/\"><img loading=\"lazy\" decoding=\"async\" src=\"https:\/\/jornalfatosenoticias.com.br\/wp-content\/uploads\/2020\/02\/CONTROL-CS.jpg\" alt=\"\" class=\"wp-image-44991\" width=\"274\" height=\"328\" srcset=\"https:\/\/jornalfatosenoticias.com.br\/wp-content\/uploads\/2020\/02\/CONTROL-CS.jpg 834w, https:\/\/jornalfatosenoticias.com.br\/wp-content\/uploads\/2020\/02\/CONTROL-CS-250x300.jpg 250w, https:\/\/jornalfatosenoticias.com.br\/wp-content\/uploads\/2020\/02\/CONTROL-CS-768x921.jpg 768w\" sizes=\"auto, (max-width: 274px) 100vw, 274px\" \/><\/a><\/figure><\/div>\n\n\n\n<p><strong><span class=\"has-inline-color has-black-color\">Entre os atos que embasam a den\u00fancia, Nikolas cita:<br><\/span><span class=\"has-inline-color has-luminous-vivid-orange-color\">\u27a1<\/span><\/strong> O n\u00e3o reconhecimento da fac\u00e7\u00e3o criminosa Primeiro Comando da Capital (PCC) como uma organiza\u00e7\u00e3o terrorista, ignorando o apelo dos EUA;<br><strong><span class=\"has-inline-color has-luminous-vivid-orange-color\">\u27a1<\/span><\/strong> A aproxima\u00e7\u00e3o com o Ir\u00e3, incluindo a autoriza\u00e7\u00e3o para o atracamento de navios de guerra no Brasil, o que teria comprometido a neutralidade diplom\u00e1tica brasileira no conflito do Oriente M\u00e9dio;<br><strong><span class=\"has-inline-color has-luminous-vivid-orange-color\">\u27a1<\/span><\/strong> A campanha de Lula contra o uso do d\u00f3lar no com\u00e9rcio internacional, conduzida por meio do Brics \u2014 grupo de na\u00e7\u00f5es emergentes que inclui pa\u00edses como o Brasil, a R\u00fassia e a China \u2014 sem o devido debate com o Congresso Nacional.<\/p>\n\n\n\n<div class=\"wp-block-image\"><figure class=\"aligncenter size-large is-resized\"><a href=\"https:\/\/www.instagram.com\/restaurantepegoretti\/\"><img loading=\"lazy\" decoding=\"async\" src=\"https:\/\/jornalfatosenoticias.com.br\/wp-content\/uploads\/2023\/12\/pegoretti-logo-pdf-1024x389.jpg\" alt=\"\" class=\"wp-image-47536\" width=\"514\" height=\"195\" srcset=\"https:\/\/jornalfatosenoticias.com.br\/wp-content\/uploads\/2023\/12\/pegoretti-logo-pdf-1024x389.jpg 1024w, https:\/\/jornalfatosenoticias.com.br\/wp-content\/uploads\/2023\/12\/pegoretti-logo-pdf-300x114.jpg 300w, https:\/\/jornalfatosenoticias.com.br\/wp-content\/uploads\/2023\/12\/pegoretti-logo-pdf-768x291.jpg 768w, https:\/\/jornalfatosenoticias.com.br\/wp-content\/uploads\/2023\/12\/pegoretti-logo-pdf.jpg 1120w\" sizes=\"auto, (max-width: 514px) 100vw, 514px\" \/><\/a><\/figure><\/div>\n\n\n\n<p>Para o deputado, Lula \u201ccomprometeu frontalmente a dignidade da Na\u00e7\u00e3o, atraindo retalia\u00e7\u00f5es econ\u00f4micas que afetam diretamente os trabalhadores, os exportadores, os setores produtivos e a estabilidade macroecon\u00f4mica do pa\u00eds\u201d. No texto, Nikolas reconhece que &#8220;a condu\u00e7\u00e3o da pol\u00edtica externa \u00e9 prerrogativa do Presidente da Rep\u00fablica&#8221;. Contudo, afirma que tal prerrogativa n\u00e3o \u00e9 ilimitada, e deve respeitar os princ\u00edpios constitucionais, como a preval\u00eancia dos direitos humanos, a defesa da paz, a n\u00e3o interven\u00e7\u00e3o e a dignidade nacional.<\/p>\n\n\n\n<div class=\"wp-block-image\"><figure class=\"aligncenter size-large\"><a href=\"http:\/\/www.ferrarimaquinas.com.br\/\"><img loading=\"lazy\" decoding=\"async\" width=\"300\" height=\"250\" src=\"https:\/\/jornalfatosenoticias.com.br\/wp-content\/uploads\/2022\/02\/FERRARI_MAQUINAS-E-FERRAMENTAS2.jpg\" alt=\"\" class=\"wp-image-27860\"\/><\/a><\/figure><\/div>\n\n\n\n<p><strong><span class=\"has-inline-color has-black-color\">Pr\u00f3ximos passos para o impeachment de Lula<br><\/span><\/strong>Diante disso, o deputado solicita que o presidente da C\u00e2mara, Hugo Motta, receba a den\u00fancia e d\u00ea prosseguimento ao processo de impeachment. Caso Motta aceite o pedido, ser\u00e1 formada uma comiss\u00e3o especial composta por deputados indicados pelos l\u00edderes partid\u00e1rios, respeitando a proporcionalidade das bancadas. Ap\u00f3s a instala\u00e7\u00e3o, Lula ser\u00e1 notificado e ter\u00e1 dez sess\u00f5es da C\u00e2mara para apresentar sua defesa por escrito.<\/p>\n\n\n\n<div class=\"wp-block-image\"><figure class=\"aligncenter size-large is-resized\"><a href=\"https:\/\/www.instagram.com\/gruposei\/\"><img loading=\"lazy\" decoding=\"async\" src=\"https:\/\/jornalfatosenoticias.com.br\/wp-content\/uploads\/2022\/07\/Logo-Grupo-SEI.jpg\" alt=\"\" class=\"wp-image-31973\" width=\"364\" height=\"191\" srcset=\"https:\/\/jornalfatosenoticias.com.br\/wp-content\/uploads\/2022\/07\/Logo-Grupo-SEI.jpg 713w, https:\/\/jornalfatosenoticias.com.br\/wp-content\/uploads\/2022\/07\/Logo-Grupo-SEI-300x158.jpg 300w\" sizes=\"auto, (max-width: 364px) 100vw, 364px\" \/><\/a><\/figure><\/div>\n\n\n\n<p>Somente ap\u00f3s isso a comiss\u00e3o emitir\u00e1 um parecer recomendando o prosseguimento ou o arquivamento do processo, que ser\u00e1 submetido ao plen\u00e1rio da C\u00e2mara. Para que o impeachment avance ao Senado, s\u00e3o necess\u00e1rios os votos favor\u00e1veis de dois ter\u00e7os dos deputados (342 votos).<\/p>\n\n\n\n<p><strong>Fonte: <a href=\"https:\/\/www.gazetadopovo.com.br\/republica\/impeachment-lula-nikolas-ferreira\/\">Gazeta do Povo<\/a><\/strong><\/p>\n","protected":false},"excerpt":{"rendered":"<p>Lula sofre pedido de impeachment na C\u00e2mara dos Deputados motivado pela crise diplom\u00e1tica com os EUA Por Yago Portella Dias O deputado Nikolas Ferreira (PL-MG) protocolou, nesta ter\u00e7a-feira (15), um pedido de impeachment de Luiz In\u00e1cio Lula da Silva (PT). O documento foi entregue ao presidente da C\u00e2mara dos Deputados, Hugo Motta (Republicanos-PB), e responsabiliza [&hellip;]<\/p>\n","protected":false},"author":2,"featured_media":60569,"comment_status":"open","ping_status":"open","sticky":false,"template":"","format":"standard","meta":{"footnotes":""},"categories":[10],"tags":[982,10224,25620,2140,7580,18995],"class_list":["post-60568","post","type-post","status-publish","format-standard","has-post-thumbnail","hentry","category-politica","tag-camara-dos-deputados","tag-congresso-nacional","tag-hugo-motta","tag-impeachment","tag-lula","tag-nikolas-ferreira"],"yoast_head":"<!-- This site is optimized with the Yoast SEO plugin v26.5 - https:\/\/yoast.com\/wordpress\/plugins\/seo\/ -->\n<title>Impeachment de Lula \u00e9 protocolado na C\u00e2mara; motivo \u00e9 a crise com os EUA - Jornal Fatos e Not\u00edcias<\/title>\n<meta name=\"robots\" content=\"index, follow, max-snippet:-1, max-image-preview:large, max-video-preview:-1\" \/>\n<link rel=\"canonical\" href=\"https:\/\/jornalfatosenoticias.com.br\/index.php\/2025\/07\/16\/impeachment-de-lula-e-protocolado-na-camara-motivo-e-a-crise-com-os-eua\/\" \/>\n<meta property=\"og:locale\" content=\"pt_BR\" \/>\n<meta property=\"og:type\" content=\"article\" \/>\n<meta property=\"og:title\" content=\"Impeachment de Lula \u00e9 protocolado na C\u00e2mara; motivo \u00e9 a crise com os EUA - Jornal Fatos e Not\u00edcias\" \/>\n<meta property=\"og:description\" content=\"Lula sofre pedido de impeachment na C\u00e2mara dos Deputados motivado pela crise diplom\u00e1tica com os EUA Por Yago Portella Dias O deputado Nikolas Ferreira (PL-MG) protocolou, nesta ter\u00e7a-feira (15), um pedido de impeachment de Luiz In\u00e1cio Lula da Silva (PT). O documento foi entregue ao presidente da C\u00e2mara dos Deputados, Hugo Motta (Republicanos-PB), e responsabiliza [&hellip;]\" \/>\n<meta property=\"og:url\" content=\"https:\/\/jornalfatosenoticias.com.br\/index.php\/2025\/07\/16\/impeachment-de-lula-e-protocolado-na-camara-motivo-e-a-crise-com-os-eua\/\" \/>\n<meta property=\"og:site_name\" content=\"Jornal Fatos e Not\u00edcias\" \/>\n<meta property=\"article:published_time\" content=\"2025-07-16T12:49:53+00:00\" \/>\n<meta property=\"article:modified_time\" content=\"2025-07-16T12:49:54+00:00\" \/>\n<meta property=\"og:image\" content=\"https:\/\/jornalfatosenoticias.com.br\/wp-content\/uploads\/2025\/07\/impeachment-nine_gettyimages.jpg\" \/>\n\t<meta property=\"og:image:width\" content=\"612\" \/>\n\t<meta property=\"og:image:height\" content=\"408\" \/>\n\t<meta property=\"og:image:type\" content=\"image\/jpeg\" \/>\n<meta name=\"author\" content=\"Luzimara Fernandes\" \/>\n<meta name=\"twitter:card\" content=\"summary_large_image\" \/>\n<meta name=\"twitter:label1\" content=\"Escrito por\" \/>\n\t<meta name=\"twitter:data1\" content=\"Luzimara Fernandes\" \/>\n\t<meta name=\"twitter:label2\" content=\"Est. tempo de leitura\" \/>\n\t<meta name=\"twitter:data2\" content=\"3 minutos\" \/>\n<script type=\"application\/ld+json\" class=\"yoast-schema-graph\">{\"@context\":\"https:\/\/schema.org\",\"@graph\":[{\"@type\":\"Article\",\"@id\":\"https:\/\/jornalfatosenoticias.com.br\/index.php\/2025\/07\/16\/impeachment-de-lula-e-protocolado-na-camara-motivo-e-a-crise-com-os-eua\/#article\",\"isPartOf\":{\"@id\":\"https:\/\/jornalfatosenoticias.com.br\/index.php\/2025\/07\/16\/impeachment-de-lula-e-protocolado-na-camara-motivo-e-a-crise-com-os-eua\/\"},\"author\":{\"name\":\"Luzimara Fernandes\",\"@id\":\"https:\/\/jornalfatosenoticias.com.br\/#\/schema\/person\/d63837fa13ac8666eb9e74e0985d6f81\"},\"headline\":\"Impeachment de Lula \u00e9 protocolado na C\u00e2mara; motivo \u00e9 a crise com os EUA\",\"datePublished\":\"2025-07-16T12:49:53+00:00\",\"dateModified\":\"2025-07-16T12:49:54+00:00\",\"mainEntityOfPage\":{\"@id\":\"https:\/\/jornalfatosenoticias.com.br\/index.php\/2025\/07\/16\/impeachment-de-lula-e-protocolado-na-camara-motivo-e-a-crise-com-os-eua\/\"},\"wordCount\":546,\"commentCount\":0,\"publisher\":{\"@id\":\"https:\/\/jornalfatosenoticias.com.br\/#organization\"},\"image\":{\"@id\":\"https:\/\/jornalfatosenoticias.com.br\/index.php\/2025\/07\/16\/impeachment-de-lula-e-protocolado-na-camara-motivo-e-a-crise-com-os-eua\/#primaryimage\"},\"thumbnailUrl\":\"https:\/\/jornalfatosenoticias.com.br\/wp-content\/uploads\/2025\/07\/impeachment-nine_gettyimages.jpg\",\"keywords\":[\"C\u00e2mara dos Deputados\",\"Congresso Nacional\",\"Hugo Motta\",\"impeachment\",\"Lula\",\"Nikolas Ferreira\"],\"articleSection\":[\"Pol\u00edtica\"],\"inLanguage\":\"pt-BR\",\"potentialAction\":[{\"@type\":\"CommentAction\",\"name\":\"Comment\",\"target\":[\"https:\/\/jornalfatosenoticias.com.br\/index.php\/2025\/07\/16\/impeachment-de-lula-e-protocolado-na-camara-motivo-e-a-crise-com-os-eua\/#respond\"]}]},{\"@type\":\"WebPage\",\"@id\":\"https:\/\/jornalfatosenoticias.com.br\/index.php\/2025\/07\/16\/impeachment-de-lula-e-protocolado-na-camara-motivo-e-a-crise-com-os-eua\/\",\"url\":\"https:\/\/jornalfatosenoticias.com.br\/index.php\/2025\/07\/16\/impeachment-de-lula-e-protocolado-na-camara-motivo-e-a-crise-com-os-eua\/\",\"name\":\"Impeachment de Lula \u00e9 protocolado na C\u00e2mara; motivo \u00e9 a crise com os EUA - Jornal Fatos e Not\u00edcias\",\"isPartOf\":{\"@id\":\"https:\/\/jornalfatosenoticias.com.br\/#website\"},\"primaryImageOfPage\":{\"@id\":\"https:\/\/jornalfatosenoticias.com.br\/index.php\/2025\/07\/16\/impeachment-de-lula-e-protocolado-na-camara-motivo-e-a-crise-com-os-eua\/#primaryimage\"},\"image\":{\"@id\":\"https:\/\/jornalfatosenoticias.com.br\/index.php\/2025\/07\/16\/impeachment-de-lula-e-protocolado-na-camara-motivo-e-a-crise-com-os-eua\/#primaryimage\"},\"thumbnailUrl\":\"https:\/\/jornalfatosenoticias.com.br\/wp-content\/uploads\/2025\/07\/impeachment-nine_gettyimages.jpg\",\"datePublished\":\"2025-07-16T12:49:53+00:00\",\"dateModified\":\"2025-07-16T12:49:54+00:00\",\"breadcrumb\":{\"@id\":\"https:\/\/jornalfatosenoticias.com.br\/index.php\/2025\/07\/16\/impeachment-de-lula-e-protocolado-na-camara-motivo-e-a-crise-com-os-eua\/#breadcrumb\"},\"inLanguage\":\"pt-BR\",\"potentialAction\":[{\"@type\":\"ReadAction\",\"target\":[\"https:\/\/jornalfatosenoticias.com.br\/index.php\/2025\/07\/16\/impeachment-de-lula-e-protocolado-na-camara-motivo-e-a-crise-com-os-eua\/\"]}]},{\"@type\":\"ImageObject\",\"inLanguage\":\"pt-BR\",\"@id\":\"https:\/\/jornalfatosenoticias.com.br\/index.php\/2025\/07\/16\/impeachment-de-lula-e-protocolado-na-camara-motivo-e-a-crise-com-os-eua\/#primaryimage\",\"url\":\"https:\/\/jornalfatosenoticias.com.br\/wp-content\/uploads\/2025\/07\/impeachment-nine_gettyimages.jpg\",\"contentUrl\":\"https:\/\/jornalfatosenoticias.com.br\/wp-content\/uploads\/2025\/07\/impeachment-nine_gettyimages.jpg\",\"width\":612,\"height\":408,\"caption\":\"Brazil's President Luiz Inacio Lula da Silva listens to his Foreign Minister Mauro Vieira (out of frame) during a press conference at the BRICS summit in Rio de Janeiro, Brazil, on July 7, 2025. US President Donald Trump threatened China, India, and some of the world's fastest-emerging economies with higher import tariffs, hitting back at BRICS criticism of his trade policies as the bloc meets Monday. The 11-nation grouping -- which also includes US allies Brazil, Saudi Arabia, and Indonesia -- is concluding a two-day summit in Rio de Janeiro. (Photo by Pablo PORCIUNCULA \/ AFP) (Photo by PABLO PORCIUNCULA\/AFP via Getty Images)\"},{\"@type\":\"BreadcrumbList\",\"@id\":\"https:\/\/jornalfatosenoticias.com.br\/index.php\/2025\/07\/16\/impeachment-de-lula-e-protocolado-na-camara-motivo-e-a-crise-com-os-eua\/#breadcrumb\",\"itemListElement\":[{\"@type\":\"ListItem\",\"position\":1,\"name\":\"In\u00edcio\",\"item\":\"https:\/\/jornalfatosenoticias.com.br\/\"},{\"@type\":\"ListItem\",\"position\":2,\"name\":\"Impeachment de Lula \u00e9 protocolado na C\u00e2mara; motivo \u00e9 a crise com os EUA\"}]},{\"@type\":\"WebSite\",\"@id\":\"https:\/\/jornalfatosenoticias.com.br\/#website\",\"url\":\"https:\/\/jornalfatosenoticias.com.br\/\",\"name\":\"Jornal Fatos e Not\u00edcias\",\"description\":\"Not\u00edcias em geral\",\"publisher\":{\"@id\":\"https:\/\/jornalfatosenoticias.com.br\/#organization\"},\"potentialAction\":[{\"@type\":\"SearchAction\",\"target\":{\"@type\":\"EntryPoint\",\"urlTemplate\":\"https:\/\/jornalfatosenoticias.com.br\/?s={search_term_string}\"},\"query-input\":{\"@type\":\"PropertyValueSpecification\",\"valueRequired\":true,\"valueName\":\"search_term_string\"}}],\"inLanguage\":\"pt-BR\"},{\"@type\":\"Organization\",\"@id\":\"https:\/\/jornalfatosenoticias.com.br\/#organization\",\"name\":\"Jornal Fatos e Not\u00edcias\",\"url\":\"https:\/\/jornalfatosenoticias.com.br\/\",\"logo\":{\"@type\":\"ImageObject\",\"inLanguage\":\"pt-BR\",\"@id\":\"https:\/\/jornalfatosenoticias.com.br\/#\/schema\/logo\/image\/\",\"url\":\"https:\/\/jornalfatosenoticias.com.br\/wp-content\/uploads\/2020\/02\/logo120.png\",\"contentUrl\":\"https:\/\/jornalfatosenoticias.com.br\/wp-content\/uploads\/2020\/02\/logo120.png\",\"width\":1227,\"height\":120,\"caption\":\"Jornal Fatos e Not\u00edcias\"},\"image\":{\"@id\":\"https:\/\/jornalfatosenoticias.com.br\/#\/schema\/logo\/image\/\"}},{\"@type\":\"Person\",\"@id\":\"https:\/\/jornalfatosenoticias.com.br\/#\/schema\/person\/d63837fa13ac8666eb9e74e0985d6f81\",\"name\":\"Luzimara Fernandes\",\"image\":{\"@type\":\"ImageObject\",\"inLanguage\":\"pt-BR\",\"@id\":\"https:\/\/jornalfatosenoticias.com.br\/#\/schema\/person\/image\/\",\"url\":\"https:\/\/jornalfatosenoticias.com.br\/wp-content\/uploads\/2025\/05\/EU_portal.jpg\",\"contentUrl\":\"https:\/\/jornalfatosenoticias.com.br\/wp-content\/uploads\/2025\/05\/EU_portal.jpg\",\"caption\":\"Luzimara Fernandes\"},\"description\":\"Jornalista MTB 2358-ES\",\"sameAs\":[\"https:\/\/jornalfatosenoticias.com.br\"],\"url\":\"https:\/\/jornalfatosenoticias.com.br\/index.php\/author\/luzimara\/\"}]}<\/script>\n<!-- \/ Yoast SEO plugin. -->","yoast_head_json":{"title":"Impeachment de Lula \u00e9 protocolado na C\u00e2mara; motivo \u00e9 a crise com os EUA - Jornal Fatos e Not\u00edcias","robots":{"index":"index","follow":"follow","max-snippet":"max-snippet:-1","max-image-preview":"max-image-preview:large","max-video-preview":"max-video-preview:-1"},"canonical":"https:\/\/jornalfatosenoticias.com.br\/index.php\/2025\/07\/16\/impeachment-de-lula-e-protocolado-na-camara-motivo-e-a-crise-com-os-eua\/","og_locale":"pt_BR","og_type":"article","og_title":"Impeachment de Lula \u00e9 protocolado na C\u00e2mara; motivo \u00e9 a crise com os EUA - Jornal Fatos e Not\u00edcias","og_description":"Lula sofre pedido de impeachment na C\u00e2mara dos Deputados motivado pela crise diplom\u00e1tica com os EUA Por Yago Portella Dias O deputado Nikolas Ferreira (PL-MG) protocolou, nesta ter\u00e7a-feira (15), um pedido de impeachment de Luiz In\u00e1cio Lula da Silva (PT). O documento foi entregue ao presidente da C\u00e2mara dos Deputados, Hugo Motta (Republicanos-PB), e responsabiliza [&hellip;]","og_url":"https:\/\/jornalfatosenoticias.com.br\/index.php\/2025\/07\/16\/impeachment-de-lula-e-protocolado-na-camara-motivo-e-a-crise-com-os-eua\/","og_site_name":"Jornal Fatos e Not\u00edcias","article_published_time":"2025-07-16T12:49:53+00:00","article_modified_time":"2025-07-16T12:49:54+00:00","og_image":[{"width":612,"height":408,"url":"https:\/\/jornalfatosenoticias.com.br\/wp-content\/uploads\/2025\/07\/impeachment-nine_gettyimages.jpg","type":"image\/jpeg"}],"author":"Luzimara Fernandes","twitter_card":"summary_large_image","twitter_misc":{"Escrito por":"Luzimara Fernandes","Est. tempo de leitura":"3 minutos"},"schema":{"@context":"https:\/\/schema.org","@graph":[{"@type":"Article","@id":"https:\/\/jornalfatosenoticias.com.br\/index.php\/2025\/07\/16\/impeachment-de-lula-e-protocolado-na-camara-motivo-e-a-crise-com-os-eua\/#article","isPartOf":{"@id":"https:\/\/jornalfatosenoticias.com.br\/index.php\/2025\/07\/16\/impeachment-de-lula-e-protocolado-na-camara-motivo-e-a-crise-com-os-eua\/"},"author":{"name":"Luzimara Fernandes","@id":"https:\/\/jornalfatosenoticias.com.br\/#\/schema\/person\/d63837fa13ac8666eb9e74e0985d6f81"},"headline":"Impeachment de Lula \u00e9 protocolado na C\u00e2mara; motivo \u00e9 a crise com os EUA","datePublished":"2025-07-16T12:49:53+00:00","dateModified":"2025-07-16T12:49:54+00:00","mainEntityOfPage":{"@id":"https:\/\/jornalfatosenoticias.com.br\/index.php\/2025\/07\/16\/impeachment-de-lula-e-protocolado-na-camara-motivo-e-a-crise-com-os-eua\/"},"wordCount":546,"commentCount":0,"publisher":{"@id":"https:\/\/jornalfatosenoticias.com.br\/#organization"},"image":{"@id":"https:\/\/jornalfatosenoticias.com.br\/index.php\/2025\/07\/16\/impeachment-de-lula-e-protocolado-na-camara-motivo-e-a-crise-com-os-eua\/#primaryimage"},"thumbnailUrl":"https:\/\/jornalfatosenoticias.com.br\/wp-content\/uploads\/2025\/07\/impeachment-nine_gettyimages.jpg","keywords":["C\u00e2mara dos Deputados","Congresso Nacional","Hugo Motta","impeachment","Lula","Nikolas Ferreira"],"articleSection":["Pol\u00edtica"],"inLanguage":"pt-BR","potentialAction":[{"@type":"CommentAction","name":"Comment","target":["https:\/\/jornalfatosenoticias.com.br\/index.php\/2025\/07\/16\/impeachment-de-lula-e-protocolado-na-camara-motivo-e-a-crise-com-os-eua\/#respond"]}]},{"@type":"WebPage","@id":"https:\/\/jornalfatosenoticias.com.br\/index.php\/2025\/07\/16\/impeachment-de-lula-e-protocolado-na-camara-motivo-e-a-crise-com-os-eua\/","url":"https:\/\/jornalfatosenoticias.com.br\/index.php\/2025\/07\/16\/impeachment-de-lula-e-protocolado-na-camara-motivo-e-a-crise-com-os-eua\/","name":"Impeachment de Lula \u00e9 protocolado na C\u00e2mara; motivo \u00e9 a crise com os EUA - Jornal Fatos e Not\u00edcias","isPartOf":{"@id":"https:\/\/jornalfatosenoticias.com.br\/#website"},"primaryImageOfPage":{"@id":"https:\/\/jornalfatosenoticias.com.br\/index.php\/2025\/07\/16\/impeachment-de-lula-e-protocolado-na-camara-motivo-e-a-crise-com-os-eua\/#primaryimage"},"image":{"@id":"https:\/\/jornalfatosenoticias.com.br\/index.php\/2025\/07\/16\/impeachment-de-lula-e-protocolado-na-camara-motivo-e-a-crise-com-os-eua\/#primaryimage"},"thumbnailUrl":"https:\/\/jornalfatosenoticias.com.br\/wp-content\/uploads\/2025\/07\/impeachment-nine_gettyimages.jpg","datePublished":"2025-07-16T12:49:53+00:00","dateModified":"2025-07-16T12:49:54+00:00","breadcrumb":{"@id":"https:\/\/jornalfatosenoticias.com.br\/index.php\/2025\/07\/16\/impeachment-de-lula-e-protocolado-na-camara-motivo-e-a-crise-com-os-eua\/#breadcrumb"},"inLanguage":"pt-BR","potentialAction":[{"@type":"ReadAction","target":["https:\/\/jornalfatosenoticias.com.br\/index.php\/2025\/07\/16\/impeachment-de-lula-e-protocolado-na-camara-motivo-e-a-crise-com-os-eua\/"]}]},{"@type":"ImageObject","inLanguage":"pt-BR","@id":"https:\/\/jornalfatosenoticias.com.br\/index.php\/2025\/07\/16\/impeachment-de-lula-e-protocolado-na-camara-motivo-e-a-crise-com-os-eua\/#primaryimage","url":"https:\/\/jornalfatosenoticias.com.br\/wp-content\/uploads\/2025\/07\/impeachment-nine_gettyimages.jpg","contentUrl":"https:\/\/jornalfatosenoticias.com.br\/wp-content\/uploads\/2025\/07\/impeachment-nine_gettyimages.jpg","width":612,"height":408,"caption":"Brazil's President Luiz Inacio Lula da Silva listens to his Foreign Minister Mauro Vieira (out of frame) during a press conference at the BRICS summit in Rio de Janeiro, Brazil, on July 7, 2025. US President Donald Trump threatened China, India, and some of the world's fastest-emerging economies with higher import tariffs, hitting back at BRICS criticism of his trade policies as the bloc meets Monday. The 11-nation grouping -- which also includes US allies Brazil, Saudi Arabia, and Indonesia -- is concluding a two-day summit in Rio de Janeiro. (Photo by Pablo PORCIUNCULA \/ AFP) (Photo by PABLO PORCIUNCULA\/AFP via Getty Images)"},{"@type":"BreadcrumbList","@id":"https:\/\/jornalfatosenoticias.com.br\/index.php\/2025\/07\/16\/impeachment-de-lula-e-protocolado-na-camara-motivo-e-a-crise-com-os-eua\/#breadcrumb","itemListElement":[{"@type":"ListItem","position":1,"name":"In\u00edcio","item":"https:\/\/jornalfatosenoticias.com.br\/"},{"@type":"ListItem","position":2,"name":"Impeachment de Lula \u00e9 protocolado na C\u00e2mara; motivo \u00e9 a crise com os EUA"}]},{"@type":"WebSite","@id":"https:\/\/jornalfatosenoticias.com.br\/#website","url":"https:\/\/jornalfatosenoticias.com.br\/","name":"Jornal Fatos e Not\u00edcias","description":"Not\u00edcias em geral","publisher":{"@id":"https:\/\/jornalfatosenoticias.com.br\/#organization"},"potentialAction":[{"@type":"SearchAction","target":{"@type":"EntryPoint","urlTemplate":"https:\/\/jornalfatosenoticias.com.br\/?s={search_term_string}"},"query-input":{"@type":"PropertyValueSpecification","valueRequired":true,"valueName":"search_term_string"}}],"inLanguage":"pt-BR"},{"@type":"Organization","@id":"https:\/\/jornalfatosenoticias.com.br\/#organization","name":"Jornal Fatos e Not\u00edcias","url":"https:\/\/jornalfatosenoticias.com.br\/","logo":{"@type":"ImageObject","inLanguage":"pt-BR","@id":"https:\/\/jornalfatosenoticias.com.br\/#\/schema\/logo\/image\/","url":"https:\/\/jornalfatosenoticias.com.br\/wp-content\/uploads\/2020\/02\/logo120.png","contentUrl":"https:\/\/jornalfatosenoticias.com.br\/wp-content\/uploads\/2020\/02\/logo120.png","width":1227,"height":120,"caption":"Jornal Fatos e Not\u00edcias"},"image":{"@id":"https:\/\/jornalfatosenoticias.com.br\/#\/schema\/logo\/image\/"}},{"@type":"Person","@id":"https:\/\/jornalfatosenoticias.com.br\/#\/schema\/person\/d63837fa13ac8666eb9e74e0985d6f81","name":"Luzimara Fernandes","image":{"@type":"ImageObject","inLanguage":"pt-BR","@id":"https:\/\/jornalfatosenoticias.com.br\/#\/schema\/person\/image\/","url":"https:\/\/jornalfatosenoticias.com.br\/wp-content\/uploads\/2025\/05\/EU_portal.jpg","contentUrl":"https:\/\/jornalfatosenoticias.com.br\/wp-content\/uploads\/2025\/05\/EU_portal.jpg","caption":"Luzimara Fernandes"},"description":"Jornalista MTB 2358-ES","sameAs":["https:\/\/jornalfatosenoticias.com.br"],"url":"https:\/\/jornalfatosenoticias.com.br\/index.php\/author\/luzimara\/"}]}},"cc_featured_image_caption":{"caption_text":"(Foto: Getty Images) ","source_text":"","source_url":""},"jetpack_featured_media_url":"https:\/\/jornalfatosenoticias.com.br\/wp-content\/uploads\/2025\/07\/impeachment-nine_gettyimages.jpg","_links":{"self":[{"href":"https:\/\/jornalfatosenoticias.com.br\/index.php\/wp-json\/wp\/v2\/posts\/60568","targetHints":{"allow":["GET"]}}],"collection":[{"href":"https:\/\/jornalfatosenoticias.com.br\/index.php\/wp-json\/wp\/v2\/posts"}],"about":[{"href":"https:\/\/jornalfatosenoticias.com.br\/index.php\/wp-json\/wp\/v2\/types\/post"}],"author":[{"embeddable":true,"href":"https:\/\/jornalfatosenoticias.com.br\/index.php\/wp-json\/wp\/v2\/users\/2"}],"replies":[{"embeddable":true,"href":"https:\/\/jornalfatosenoticias.com.br\/index.php\/wp-json\/wp\/v2\/comments?post=60568"}],"version-history":[{"count":0,"href":"https:\/\/jornalfatosenoticias.com.br\/index.php\/wp-json\/wp\/v2\/posts\/60568\/revisions"}],"wp:featuredmedia":[{"embeddable":true,"href":"https:\/\/jornalfatosenoticias.com.br\/index.php\/wp-json\/wp\/v2\/media\/60569"}],"wp:attachment":[{"href":"https:\/\/jornalfatosenoticias.com.br\/index.php\/wp-json\/wp\/v2\/media?parent=60568"}],"wp:term":[{"taxonomy":"category","embeddable":true,"href":"https:\/\/jornalfatosenoticias.com.br\/index.php\/wp-json\/wp\/v2\/categories?post=60568"},{"taxonomy":"post_tag","embeddable":true,"href":"https:\/\/jornalfatosenoticias.com.br\/index.php\/wp-json\/wp\/v2\/tags?post=60568"}],"curies":[{"name":"wp","href":"https:\/\/api.w.org\/{rel}","templated":true}]}}