{"id":60571,"date":"2025-07-16T10:25:34","date_gmt":"2025-07-16T13:25:34","guid":{"rendered":"https:\/\/jornalfatosenoticias.com.br\/?p=60571"},"modified":"2025-07-16T10:25:36","modified_gmt":"2025-07-16T13:25:36","slug":"os-perseguidos-pelo-stf-veja-a-lista-que-barroso-afirma-nao-existir","status":"publish","type":"post","link":"https:\/\/jornalfatosenoticias.com.br\/index.php\/2025\/07\/16\/os-perseguidos-pelo-stf-veja-a-lista-que-barroso-afirma-nao-existir\/","title":{"rendered":"Os perseguidos pelo STF: veja a lista que Barroso afirma n\u00e3o existir"},"content":{"rendered":"\n<p><em><span class=\"has-inline-color has-black-color\">Barroso: carta a Trump ignorou excessos do STF<\/span><\/em><\/p>\n\n\n\n<p><span class=\"has-inline-color has-black-color\">Por <strong><a href=\"https:\/\/www.gazetadopovo.com.br\/autor\/desiree-penalba\/\">Desir\u00e9e Pe\u00f1alba<\/a><\/strong><\/span><\/p>\n\n\n\n<div class=\"wp-block-image\"><figure class=\"aligncenter size-large\"><a href=\"https:\/\/mizu.com.br\/\"><img loading=\"lazy\" decoding=\"async\" width=\"729\" height=\"90\" src=\"https:\/\/jornalfatosenoticias.com.br\/wp-content\/uploads\/2020\/02\/Logo_Mizu.png\" alt=\"\" class=\"wp-image-1441\" srcset=\"https:\/\/jornalfatosenoticias.com.br\/wp-content\/uploads\/2020\/02\/Logo_Mizu.png 729w, https:\/\/jornalfatosenoticias.com.br\/wp-content\/uploads\/2020\/02\/Logo_Mizu-300x37.png 300w\" sizes=\"auto, (max-width: 729px) 100vw, 729px\" \/><\/a><\/figure><\/div>\n\n\n\n<p>Lu\u00eds Roberto Barroso quer convencer Donald Trump de que tudo vai bem no Brasil. <a href=\"https:\/\/www.gazetadopovo.com.br\/republica\/barroso-reage-a-trump-e-diz-que-decisao-se-baseia-em-compreensao-imprecisa-dos-fatos\/\" target=\"_blank\" rel=\"noreferrer noopener\">Na carta<\/a> enviada pelo presidente do STF ao l\u00edder americano, o magistrado afirmou que as san\u00e7\u00f5es comerciais contra o Brasil foram \u201cfundadas em uma compreens\u00e3o imprecisa dos fatos ocorridos no pa\u00eds nos \u00faltimos anos\u201d. Barroso comparou as manifesta\u00e7\u00f5es em frente aos quart\u00e9is em 2022 \u00e0 Intentona Comunista de 1935, e classificou ambas como \u201camea\u00e7as institucionais\u201d. Segundo ele, o STF atuou como \u201cum tribunal independente e atuante para evitar o colapso das institui\u00e7\u00f5es democr\u00e1ticas\u201d.<\/p>\n\n\n\n<div class=\"wp-block-image\"><figure class=\"aligncenter size-large is-resized\"><a href=\"https:\/\/www.instagram.com\/esteio.churrascaria\/\"><img loading=\"lazy\" decoding=\"async\" src=\"https:\/\/jornalfatosenoticias.com.br\/wp-content\/uploads\/2022\/02\/LOGO-ESTEIO-1024x730.png\" alt=\"\" class=\"wp-image-27942\" width=\"343\" height=\"245\" srcset=\"https:\/\/jornalfatosenoticias.com.br\/wp-content\/uploads\/2022\/02\/LOGO-ESTEIO-1024x730.png 1024w, https:\/\/jornalfatosenoticias.com.br\/wp-content\/uploads\/2022\/02\/LOGO-ESTEIO-300x214.png 300w, https:\/\/jornalfatosenoticias.com.br\/wp-content\/uploads\/2022\/02\/LOGO-ESTEIO-768x548.png 768w, https:\/\/jornalfatosenoticias.com.br\/wp-content\/uploads\/2022\/02\/LOGO-ESTEIO.png 1123w\" sizes=\"auto, (max-width: 343px) 100vw, 343px\" \/><\/a><\/figure><\/div>\n\n\n\n<blockquote class=\"wp-block-quote is-layout-flow wp-block-quote-is-layout-flow\"><p><span class=\"has-inline-color has-luminous-vivid-orange-color\">Barroso (<strong>autor da frase \u201c<a href=\"https:\/\/www.gazetadopovo.com.br\/republica\/barroso-stf-confessa-lutou-contra-bolsonaro-derrotamos-bolsonarismo\/\" target=\"_blank\" rel=\"noreferrer noopener\">n\u00f3s derrotamos o bolsonarismo<\/a>\u201d<\/strong>) ainda declarou que \u201cno Brasil de hoje, n\u00e3o se persegue ningu\u00e9m\u201d, e que a justi\u00e7a \u00e9 feita \u201ccom base em provas e respeitado o contradit\u00f3rio\u201d. N\u00e3o \u00e9 verdade. Para refrescar a mem\u00f3ria do ministro, listamos os nomes de dez brasileiros perseguidos pelo STF. S\u00e3o exemplos de pessoas punidas por suas opini\u00f5es, senten\u00e7as desproporcionais e desrespeito ao devido processo legal.<\/span><\/p><\/blockquote>\n\n\n\n<div class=\"wp-block-image\"><figure class=\"aligncenter size-large is-resized\"><a href=\"https:\/\/www.legisjuris.com.br\/\"><img loading=\"lazy\" decoding=\"async\" src=\"https:\/\/jornalfatosenoticias.com.br\/wp-content\/uploads\/2024\/09\/Legis-Juris-Consultoria_logo.jpg\" alt=\"\" class=\"wp-image-53915\" width=\"480\" height=\"201\" srcset=\"https:\/\/jornalfatosenoticias.com.br\/wp-content\/uploads\/2024\/09\/Legis-Juris-Consultoria_logo.jpg 969w, https:\/\/jornalfatosenoticias.com.br\/wp-content\/uploads\/2024\/09\/Legis-Juris-Consultoria_logo-300x126.jpg 300w, https:\/\/jornalfatosenoticias.com.br\/wp-content\/uploads\/2024\/09\/Legis-Juris-Consultoria_logo-768x322.jpg 768w\" sizes=\"auto, (max-width: 480px) 100vw, 480px\" \/><\/a><\/figure><\/div>\n\n\n\n<p><strong><span class=\"has-inline-color has-vivid-purple-color\">1. D\u00e9bora Rodrigues<br><\/span><\/strong>Em 17 de mar\u00e7o de 2023, a cabeleireira D\u00e9bora Rodrigues dos Santos foi <a href=\"https:\/\/www.gazetadopovo.com.br\/vida-e-cidadania\/moraes-mantem-mae-de-duas-criancas-presa-por-14-meses-sem-denuncia\/\" target=\"_blank\" rel=\"noreferrer noopener\">presa preventivamente<\/a>\u00a0por ordem do ministro Alexandre de Moraes, acusada de ter participado de uma tentativa de golpe de Estado. D\u00e9bora havia pichado, com batom, a frase \u201cPerdeu, man\u00e9\u201d na est\u00e1tua \u201cA Justi\u00e7a\u201d, em frente \u00e0 sede do STF. A a\u00e7\u00e3o ocorreu durante os atos de 8 de janeiro de 2023. Apesar do\u00a0<a href=\"https:\/\/www.gazetadopovo.com.br\/vozes\/deltan-dallagnol\/a-crueldade-contra-debora-rodrigues-ainda-nao-acabou\/?ref=busca\" target=\"_blank\" rel=\"noreferrer noopener\">gesto simb\u00f3lico e sem viol\u00eancia<\/a>, D\u00e9bora foi enquadrada como participante de atos antidemocr\u00e1ticos.<\/p>\n\n\n\n<div class=\"wp-block-image\"><figure class=\"aligncenter size-large is-resized\"><a href=\"https:\/\/www.facebook.com\/profile.php?id=100069289606145\"><img loading=\"lazy\" decoding=\"async\" src=\"https:\/\/jornalfatosenoticias.com.br\/wp-content\/uploads\/2024\/11\/Guaitolini-Contabilidade-1024x714.jpeg\" alt=\"\" class=\"wp-image-55808\" width=\"302\" height=\"210\" srcset=\"https:\/\/jornalfatosenoticias.com.br\/wp-content\/uploads\/2024\/11\/Guaitolini-Contabilidade-1024x714.jpeg 1024w, https:\/\/jornalfatosenoticias.com.br\/wp-content\/uploads\/2024\/11\/Guaitolini-Contabilidade-300x209.jpeg 300w, https:\/\/jornalfatosenoticias.com.br\/wp-content\/uploads\/2024\/11\/Guaitolini-Contabilidade-768x535.jpeg 768w, https:\/\/jornalfatosenoticias.com.br\/wp-content\/uploads\/2024\/11\/Guaitolini-Contabilidade.jpeg 1280w\" sizes=\"auto, (max-width: 302px) 100vw, 302px\" \/><\/a><\/figure><\/div>\n\n\n\n<p>Dois anos depois, em abril de 2025, a Primeira Turma do STF formou maioria para <a href=\"https:\/\/www.gazetadopovo.com.br\/vida-e-cidadania\/stf-maioria-debora-pichacao-batom-estatua\/\" target=\"_blank\" rel=\"noreferrer noopener\">condenar D\u00e9bora a 14 anos de pris\u00e3o<\/a>\u00a0por cinco crimes, incluindo tentativa de golpe, associa\u00e7\u00e3o criminosa armada e dano ao patrim\u00f4nio tombado. Os votos favor\u00e1veis \u00e0 condena\u00e7\u00e3o vieram dos ministros Alexandre de Moraes, Fl\u00e1vio Dino e C\u00e1rmen L\u00facia, enquanto Luiz Fux votou por uma pena de um ano e seis meses,\u00a0<a href=\"https:\/\/www.gazetadopovo.com.br\/vida-e-cidadania\/voto-vencido-fux-refutou-teses-moraes-julgamento-debora-rodrigues\/?ref=busca\" target=\"_blank\" rel=\"noreferrer noopener\">considerando apenas o ato de picha\u00e7\u00e3o com batom.<\/a> A puni\u00e7\u00e3o foi desproporcional e feriu os princ\u00edpios da individualiza\u00e7\u00e3o da conduta e da proporcionalidade penal, especialmente por manter uma m\u00e3e presa por mais tempo que o previsto na legisla\u00e7\u00e3o. O caso \u00e9 frequentemente citado como exemplo de persegui\u00e7\u00e3o institucional e abuso de poder judicial por parte do STF.<\/p>\n\n\n\n<div class=\"wp-block-image\"><figure class=\"aligncenter size-large is-resized\"><a href=\"https:\/\/www.instagram.com\/serra4x4cambioautomatico\/\"><img loading=\"lazy\" decoding=\"async\" src=\"https:\/\/jornalfatosenoticias.com.br\/wp-content\/uploads\/2024\/08\/Serra-4x4-1-886x1024.jpg\" alt=\"\" class=\"wp-image-53632\" width=\"260\" height=\"300\" srcset=\"https:\/\/jornalfatosenoticias.com.br\/wp-content\/uploads\/2024\/08\/Serra-4x4-1-886x1024.jpg 886w, https:\/\/jornalfatosenoticias.com.br\/wp-content\/uploads\/2024\/08\/Serra-4x4-1-260x300.jpg 260w, https:\/\/jornalfatosenoticias.com.br\/wp-content\/uploads\/2024\/08\/Serra-4x4-1-768x888.jpg 768w, https:\/\/jornalfatosenoticias.com.br\/wp-content\/uploads\/2024\/08\/Serra-4x4-1.jpg 1181w\" sizes=\"auto, (max-width: 260px) 100vw, 260px\" \/><\/a><\/figure><\/div>\n\n\n\n<p><strong><span class=\"has-inline-color has-vivid-purple-color\">2. Monark<br><\/span><\/strong>Em 2023, o podcaster Bruno Monteiro Aiub, mais conhecido como Monark, foi inclu\u00eddo no inqu\u00e9rito das fake news do STF por declara\u00e7\u00f5es feitas em v\u00eddeos na internet. Monark questionava a transpar\u00eancia das elei\u00e7\u00f5es de 2022, criticava duramente o STF e o Tribunal Superior Eleitoral (TSE), o que levou o ministro Alexandre de Moraes a considerar as falas dele como ataques \u00e0s institui\u00e7\u00f5es democr\u00e1ticas e <a href=\"https:\/\/www.gazetadopovo.com.br\/vida-e-cidadania\/moraes-determina-bloqueio-de-redes-sociais-de-monark\/\" target=\"_blank\" rel=\"noreferrer noopener\">dissemina\u00e7\u00e3o de desinforma\u00e7\u00e3o<\/a>. Com base nisso, o STF entendeu que suas manifesta\u00e7\u00f5es violavam decis\u00f5es judiciais anteriores e determinou san\u00e7\u00f5es mais severas.<\/p>\n\n\n\n<div class=\"wp-block-image\"><figure class=\"aligncenter size-large\"><a href=\"https:\/\/www.cesconetto.com.br\/\"><img loading=\"lazy\" decoding=\"async\" width=\"300\" height=\"250\" src=\"https:\/\/jornalfatosenoticias.com.br\/wp-content\/uploads\/2022\/02\/Banner-2.png\" alt=\"\" class=\"wp-image-27877\"\/><\/a><\/figure><\/div>\n\n\n\n<p>Em junho de 2023, Moraes ordenou o bloqueio das contas de Monark nas principais plataformas digitais, incluindo X, Instagram, YouTube, Telegram, Spotify e Discord. A decis\u00e3o foi motivada pelo suposto descumprimento de ordens judiciais que proibiam Monark de publicar conte\u00fados considerados il\u00edcitos, como cr\u00edticas ao sistema eleitoral ou aos tribunais superiores. Ao criar novos perfis para continuar postando, o STF entendeu que houve <a href=\"https:\/\/www.gazetadopovo.com.br\/vida-e-cidadania\/policia-federal-diz-que-monark-cometeu-crime-ao-desobedecer-ordens-de-moraes\/?ref=busca\" target=\"_blank\" rel=\"noreferrer noopener\">desobedi\u00eancia deliberada<\/a>, o que levou ao bloqueio de suas contas banc\u00e1rias e \u00e0 aplica\u00e7\u00e3o de multa de R$ 300 mil. Al\u00e9m disso, Monark ficou proibido de criar novos perfis e divulgar conte\u00fados semelhantes, sob pena de multa di\u00e1ria de R$ 10 mil. Desde setembro de 2023, o apresentador de podcast\u00a0<a href=\"https:\/\/www.gazetadopovo.com.br\/vida-e-cidadania\/monark-confirma-mudanca-para-os-eua-brasil-virou-uma-ditadura-do-judiciario\/?ref=veja-tambem\" target=\"_blank\" rel=\"noreferrer noopener\">reside nos Estados Unidos<\/a>, onde permanece sob restri\u00e7\u00f5es judiciais impostas pelo STF.<\/p>\n\n\n\n<div class=\"wp-block-image\"><figure class=\"aligncenter size-large is-resized\"><a href=\"https:\/\/hotelmarquetti.com.br\/\"><img loading=\"lazy\" decoding=\"async\" src=\"https:\/\/jornalfatosenoticias.com.br\/wp-content\/uploads\/2020\/02\/LOGO-MQ-1024x680.jpg\" alt=\"\" class=\"wp-image-58299\" width=\"346\" height=\"230\" srcset=\"https:\/\/jornalfatosenoticias.com.br\/wp-content\/uploads\/2020\/02\/LOGO-MQ-1024x680.jpg 1024w, https:\/\/jornalfatosenoticias.com.br\/wp-content\/uploads\/2020\/02\/LOGO-MQ-300x199.jpg 300w, https:\/\/jornalfatosenoticias.com.br\/wp-content\/uploads\/2020\/02\/LOGO-MQ-768x510.jpg 768w, https:\/\/jornalfatosenoticias.com.br\/wp-content\/uploads\/2020\/02\/LOGO-MQ-1536x1020.jpg 1536w, https:\/\/jornalfatosenoticias.com.br\/wp-content\/uploads\/2020\/02\/LOGO-MQ-2048x1360.jpg 2048w\" sizes=\"auto, (max-width: 346px) 100vw, 346px\" \/><\/a><\/figure><\/div>\n\n\n\n<p><strong><span class=\"has-inline-color has-vivid-purple-color\">3. Rodrigo Constantino<br><\/span><\/strong>Colunista da <em>Gazeta do Povo<\/em>, Rodrigo Constantino \u00e9 um dos comentaristas pol\u00edticos que\u00a0<a href=\"https:\/\/www.gazetadopovo.com.br\/vida-e-cidadania\/judiciario-stf-manda-derrubar-as-redes-sociais-de-fiuza-constantino-e-paulo-figueiredo\/\" target=\"_blank\" rel=\"noreferrer noopener\">sofreu san\u00e7\u00f5es do STF<\/a> no \u00e2mbito do inqu\u00e9rito das fake news. Constantino, conhecido por suas cr\u00edticas contundentes ao Supremo Tribunal Federal, ao governo Lula e \u00e0 esquerda, teve suas contas em redes sociais suspensas, as contas banc\u00e1rias bloqueadas e seu passaporte brasileiro cancelado por determina\u00e7\u00e3o do ministro Alexandre de Moraes.<\/p>\n\n\n\n<div class=\"wp-block-image\"><figure class=\"aligncenter size-large is-resized\"><a href=\"https:\/\/www.facebook.com\/postobkr\/?locale=pt_BR\"><img loading=\"lazy\" decoding=\"async\" src=\"https:\/\/jornalfatosenoticias.com.br\/wp-content\/uploads\/2023\/08\/BKR-1024x1021.jpg\" alt=\"\" class=\"wp-image-44494\" width=\"294\" height=\"293\" srcset=\"https:\/\/jornalfatosenoticias.com.br\/wp-content\/uploads\/2023\/08\/BKR-1024x1021.jpg 1024w, https:\/\/jornalfatosenoticias.com.br\/wp-content\/uploads\/2023\/08\/BKR-300x300.jpg 300w, https:\/\/jornalfatosenoticias.com.br\/wp-content\/uploads\/2023\/08\/BKR-150x150.jpg 150w, https:\/\/jornalfatosenoticias.com.br\/wp-content\/uploads\/2023\/08\/BKR-768x766.jpg 768w, https:\/\/jornalfatosenoticias.com.br\/wp-content\/uploads\/2023\/08\/BKR.jpg 1080w\" sizes=\"auto, (max-width: 294px) 100vw, 294px\" \/><\/a><\/figure><\/div>\n\n\n\n<p>Desde 2015, Rodrigo Constantino mora nos Estados Unidos. Em 2024, ele conquistou a cidadania americana, uma forma encontrada para se proteger das restri\u00e7\u00f5es impostas pelo STF. Recentemente, Constantino foi diagnosticado com um c\u00e2ncer raro e agressivo no pesco\u00e7o. Com as contas bloqueadas, ele precisou pedir autoriza\u00e7\u00e3o ao STF para usar recursos adquiridos no Brasil para custear seu tratamento, <a href=\"https:\/\/www.gazetadopovo.com.br\/vida-e-cidadania\/moraes-desbloqueia-contas-bancarias-de-rodrigo-constantino\/?ref=busca\" target=\"_blank\" rel=\"noreferrer noopener\">o que foi concedido<\/a>. Ainda assim, o colunista continua denunciando a falta de acesso \u00e0 \u00edntegra do processo, que tramita sob sigilo. Mesmo debilitado ap\u00f3s vencer a grave doen\u00e7a, Constantino continua um cr\u00edtico das a\u00e7\u00f5es do STF, que, ao seu ver, t\u00eam o objetivo de silenciar vozes conservadoras.<\/p>\n\n\n\n<div class=\"wp-block-image\"><figure class=\"aligncenter size-large is-resized\"><a href=\"https:\/\/www.instagram.com\/restaurantepegoretti\/\"><img loading=\"lazy\" decoding=\"async\" src=\"https:\/\/jornalfatosenoticias.com.br\/wp-content\/uploads\/2023\/12\/pegoretti-logo-pdf-1024x389.jpg\" alt=\"\" class=\"wp-image-47536\" width=\"493\" height=\"187\" srcset=\"https:\/\/jornalfatosenoticias.com.br\/wp-content\/uploads\/2023\/12\/pegoretti-logo-pdf-1024x389.jpg 1024w, https:\/\/jornalfatosenoticias.com.br\/wp-content\/uploads\/2023\/12\/pegoretti-logo-pdf-300x114.jpg 300w, https:\/\/jornalfatosenoticias.com.br\/wp-content\/uploads\/2023\/12\/pegoretti-logo-pdf-768x291.jpg 768w, https:\/\/jornalfatosenoticias.com.br\/wp-content\/uploads\/2023\/12\/pegoretti-logo-pdf.jpg 1120w\" sizes=\"auto, (max-width: 493px) 100vw, 493px\" \/><\/a><\/figure><\/div>\n\n\n\n<p><strong><span class=\"has-inline-color has-vivid-purple-color\">4. Oswaldo Eust\u00e1quio<br><\/span><\/strong>O jornalista <a href=\"https:\/\/www.gazetadopovo.com.br\/opiniao\/editoriais\/oswaldo-eustaquio-um-caso-preocupante\/?ref=busca\" target=\"_blank\" rel=\"noreferrer noopener\">Oswaldo Eust\u00e1quio<\/a>, conhecido por seu apoio ao ex-presidente Jair Bolsonaro, foi preso em junho de 2020 no \u00e2mbito do chamado inqu\u00e9rito dos atos antidemocr\u00e1ticos, conduzido por Alexandre de Moraes. Acusado de incitar protestos e disseminar desinforma\u00e7\u00e3o, Eust\u00e1quio gravou v\u00eddeos com cr\u00edticas ao Supremo, den\u00fancias de supostas fraudes eleitorais e incentivo a manifesta\u00e7\u00f5es de rua. Sua defesa sustenta que todas essas a\u00e7\u00f5es est\u00e3o amparadas pela liberdade de express\u00e3o jornal\u00edstica e que sua pris\u00e3o representou um grave caso de persegui\u00e7\u00e3o pol\u00edtica no Brasil, uma vez que n\u00e3o houve den\u00fancia formal do Minist\u00e9rio P\u00fablico. Durante o per\u00edodo em que esteve detido, Eust\u00e1quio relatou ter sido alvo de tortura e maus-tratos que o deixaram com sequelas f\u00edsicas e temporariamente em cadeira de rodas.<\/p>\n\n\n\n<div class=\"wp-block-image\"><figure class=\"aligncenter size-large is-resized\"><a href=\"https:\/\/www.instagram.com\/rcradiadores\/\"><img loading=\"lazy\" decoding=\"async\" src=\"https:\/\/jornalfatosenoticias.com.br\/wp-content\/uploads\/2022\/10\/RC_800x750_page-0001.jpg\" alt=\"\" class=\"wp-image-35338\" width=\"289\" height=\"271\" srcset=\"https:\/\/jornalfatosenoticias.com.br\/wp-content\/uploads\/2022\/10\/RC_800x750_page-0001.jpg 400w, https:\/\/jornalfatosenoticias.com.br\/wp-content\/uploads\/2022\/10\/RC_800x750_page-0001-300x281.jpg 300w\" sizes=\"auto, (max-width: 289px) 100vw, 289px\" \/><\/a><\/figure><\/div>\n\n\n\n<p>Ap\u00f3s novas ordens de pris\u00e3o por suposta participa\u00e7\u00e3o nos atos de 8 de janeiro de 2023, Eust\u00e1quio deixou o pa\u00eds e, em 2023, solicitou asilo pol\u00edtico na Espanha. Em abril de 2025, a Justi\u00e7a espanhola negou o pedido de extradi\u00e7\u00e3o feito pelo governo brasileiro, alegando \u201cevidente motiva\u00e7\u00e3o pol\u00edtica\u201d nas acusa\u00e7\u00f5es contra o jornalista. A decis\u00e3o se baseou no artigo 4\u00ba do tratado bilateral entre Brasil e Espanha, que pro\u00edbe extradi\u00e7\u00e3o em casos de crimes pol\u00edticos. O epis\u00f3dio foi interpretado como um\u00a0<a href=\"https:\/\/www.gazetadopovo.com.br\/republica\/justica-espanhola-ve-motivacao-politica-e-nega-pedido-de-extradicao-de-oswaldo-eustaquio\/\" target=\"_blank\" rel=\"noreferrer noopener\">reconhecimento internacional da persegui\u00e7\u00e3o pol\u00edtica<\/a> praticada pelo STF contra opositores do atual governo. Enquanto o Brasil anunciou que recorrer\u00e1 da decis\u00e3o, Oswaldo Eust\u00e1quio permanece em territ\u00f3rio espanhol e \u00e9 tratado por seus apoiadores como um exilado pol\u00edtico por exercer seu trabalho como jornalista independente.<\/p>\n\n\n\n<div class=\"wp-block-image\"><figure class=\"aligncenter size-large is-resized\"><a href=\"https:\/\/www.facebook.com\/vetor.vix\/\"><img loading=\"lazy\" decoding=\"async\" src=\"https:\/\/jornalfatosenoticias.com.br\/wp-content\/uploads\/2023\/09\/vetorvix1024_1.jpg\" alt=\"\" class=\"wp-image-44868\" width=\"550\" height=\"146\" srcset=\"https:\/\/jornalfatosenoticias.com.br\/wp-content\/uploads\/2023\/09\/vetorvix1024_1.jpg 1024w, https:\/\/jornalfatosenoticias.com.br\/wp-content\/uploads\/2023\/09\/vetorvix1024_1-300x80.jpg 300w, https:\/\/jornalfatosenoticias.com.br\/wp-content\/uploads\/2023\/09\/vetorvix1024_1-768x205.jpg 768w\" sizes=\"auto, (max-width: 550px) 100vw, 550px\" \/><\/a><\/figure><\/div>\n\n\n\n<p><strong><span class=\"has-inline-color has-vivid-purple-color\">5. Daniel Silveira<br><\/span><\/strong>O ent\u00e3o deputado federal Daniel Silveira publicou um <a href=\"https:\/\/www.gazetadopovo.com.br\/republica\/daniel-silveira-deputado-ataca-ofende-ministros-stf\/\" target=\"_blank\" rel=\"noreferrer noopener\">v\u00eddeo<\/a> em fevereiro de 2021 com duras cr\u00edticas ao Supremo Tribunal Federal (STF). As afirma\u00e7\u00f5es eram direcionadas principalmente ao ministro Edson Fachin, que havia determinado a suspens\u00e3o de opera\u00e7\u00f5es policiais em comunidades do Rio de Janeiro durante a pandemia de covid-19. Em resposta ao v\u00eddeo, o STF, sob relatoria do ministro Alexandre de Moraes, <a href=\"https:\/\/www.gazetadopovo.com.br\/republica\/pf-prende-deputado-daniel-silveira-video-contra-stf\/\" target=\"_blank\" rel=\"noreferrer noopener\">decretou sua pris\u00e3o em flagrante,<\/a> alegando que as falas configuravam crimes contra a seguran\u00e7a nacional, coa\u00e7\u00e3o no curso do processo e ataques ao Estado Democr\u00e1tico de Direito. A defesa de Silveira lembrou que suas declara\u00e7\u00f5es estavam amparadas pela imunidade parlamentar, prevista no artigo 53 da Constitui\u00e7\u00e3o, que garante inviolabilidade a deputados por suas palavras e opini\u00f5es. No entanto, a Corte entendeu que o conte\u00fado do v\u00eddeo ultrapassava os limites da imunidade, por n\u00e3o se vincular diretamente ao exerc\u00edcio do mandato e por representar uma amea\u00e7a concreta \u00e0 democracia.<\/p>\n\n\n\n<div class=\"wp-block-image\"><figure class=\"aligncenter size-large is-resized\"><a href=\"https:\/\/www.controlsystems.com.br\/\"><img loading=\"lazy\" decoding=\"async\" src=\"https:\/\/jornalfatosenoticias.com.br\/wp-content\/uploads\/2020\/02\/CONTROL-CS.jpg\" alt=\"\" class=\"wp-image-44991\" width=\"243\" height=\"291\" srcset=\"https:\/\/jornalfatosenoticias.com.br\/wp-content\/uploads\/2020\/02\/CONTROL-CS.jpg 834w, https:\/\/jornalfatosenoticias.com.br\/wp-content\/uploads\/2020\/02\/CONTROL-CS-250x300.jpg 250w, https:\/\/jornalfatosenoticias.com.br\/wp-content\/uploads\/2020\/02\/CONTROL-CS-768x921.jpg 768w\" sizes=\"auto, (max-width: 243px) 100vw, 243px\" \/><\/a><\/figure><\/div>\n\n\n\n<p>Atualmente, Daniel Silveira est\u00e1 preso em regime fechado na penitenci\u00e1ria Bangu 8, no Rio de Janeiro, ap\u00f3s a revoga\u00e7\u00e3o de seu livramento condicional em dezembro de 2024. Em abril de 2022, foi condenado a oito anos e nove meses de pris\u00e3o pelos crimes de tentativa de impedir o funcionamento do Judici\u00e1rio e coa\u00e7\u00e3o no curso do processo. Al\u00e9m disso, Silveira teve seus direitos pol\u00edticos suspensos e o mandato parlamentar cassado. Em 2023, o STF anulou o indulto presidencial concedido por Jair Bolsonaro, e desde ent\u00e3o, a Corte tem negado pedidos de progress\u00e3o de regime, incluindo um habeas corpus rejeitado por unanimidade em abril de 2024. A defesa do ex-deputado alega que ele \u00e9 um preso pol\u00edtico e <a href=\"https:\/\/www.gazetadopovo.com.br\/republica\/moraes-nega-saida-temporaria-de-pascoa-para-daniel-silveira\/?ref=busca\" target=\"_blank\" rel=\"noreferrer noopener\">v\u00edtima de viola\u00e7\u00f5es de garantias fundamentais<\/a>, como o bloqueio de bens que impede o pagamento das multas impostas e a recusa da Justi\u00e7a em reconhecer seu direito \u00e0 progress\u00e3o penal.<\/p>\n\n\n\n<div class=\"wp-block-image\"><figure class=\"aligncenter size-large is-resized\"><a href=\"https:\/\/panper.com.br\/\"><img loading=\"lazy\" decoding=\"async\" src=\"https:\/\/jornalfatosenoticias.com.br\/wp-content\/uploads\/2023\/03\/logo-Panper_portal.jpg\" alt=\"\" class=\"wp-image-40208\" width=\"349\" height=\"242\" srcset=\"https:\/\/jornalfatosenoticias.com.br\/wp-content\/uploads\/2023\/03\/logo-Panper_portal.jpg 400w, https:\/\/jornalfatosenoticias.com.br\/wp-content\/uploads\/2023\/03\/logo-Panper_portal-300x208.jpg 300w\" sizes=\"auto, (max-width: 349px) 100vw, 349px\" \/><\/a><\/figure><\/div>\n\n\n\n<p><strong><span class=\"has-inline-color has-vivid-purple-color\">6. Allan dos Santos<br><\/span><\/strong>O jornalista Allan dos Santos, fundador do Canal Ter\u00e7a Livre, \u00e9 uma das principais figuras investigadas nos inqu\u00e9ritos das fake news e das mil\u00edcias digitais conduzidos pelo STF. Acusado de disseminar desinforma\u00e7\u00e3o, atacar institui\u00e7\u00f5es democr\u00e1ticas e integrar uma organiza\u00e7\u00e3o criminosa com o objetivo de desestabilizar o Estado de Direito, <a href=\"https:\/\/www.gazetadopovo.com.br\/vida-e-cidadania\/allan-dos-santos-defesa-habeas-corpus-nulidade-prisao-extradicao\/\" target=\"_blank\" rel=\"noreferrer noopener\">pris\u00e3o<\/a>\u00a0preventiva decretada em outubro de 2021. Al\u00e9m disso, sofreu o bloqueio de contas banc\u00e1rias e teve seus perfis nas principais redes sociais\u00a0<a href=\"https:\/\/www.gazetadopovo.com.br\/vida-e-cidadania\/breves\/jornalista-allan-dos-santos-tem-contas-suspensas-pelo-twitter\/?ref=busca\" target=\"_blank\" rel=\"noreferrer noopener\">suspensos<\/a>. Essas medidas culminaram no fechamento do\u00a0<a href=\"https:\/\/www.gazetadopovo.com.br\/vida-e-cidadania\/youtube-exclui-canal-terca-livre-nova-decisao-justica\/?ref=busca\" target=\"_blank\" rel=\"noreferrer noopener\">Ter\u00e7a Livre<\/a>, canal que chegou a ultrapassar 1,2 milh\u00e3o de inscritos no YouTube e tinha 70 colaboradores diretos.<\/p>\n\n\n\n<div class=\"wp-block-image\"><figure class=\"aligncenter size-large\"><a href=\"http:\/\/www.ferrarimaquinas.com.br\/\"><img loading=\"lazy\" decoding=\"async\" width=\"300\" height=\"250\" src=\"https:\/\/jornalfatosenoticias.com.br\/wp-content\/uploads\/2022\/02\/FERRARI_MAQUINAS-E-FERRAMENTAS2.jpg\" alt=\"\" class=\"wp-image-27860\"\/><\/a><\/figure><\/div>\n\n\n\n<p>Desde julho de 2020, Allan dos Santos vive nos Estados Unidos. Considerado foragido pela Justi\u00e7a brasileira, ele teve o pedido de extradi\u00e7\u00e3o negado pelas autoridades americanas, que n\u00e3o reconheceram os crimes de opini\u00e3o como justificativa para sua entrega. Apesar das san\u00e7\u00f5es impostas pelo STF, Allan mant\u00e9m sua atividade jornal\u00edstica por meio da <a href=\"https:\/\/www.gazetadopovo.com.br\/vozes\/paulo-briguet\/supremo-soviete-federal-censura-a-revista-timeline\/?ref=busca\" target=\"_blank\" rel=\"noreferrer noopener\">Revista Timeline<\/a>, empresa que criou nos Estados Unidos em parceria com os jornalistas Max Cardoso e Lu\u00eds Ernesto Lacombe. Ele continua a produzir conte\u00fado cr\u00edtico ao sistema pol\u00edtico brasileiro.<\/p>\n\n\n\n<div class=\"wp-block-image\"><figure class=\"aligncenter size-large is-resized\"><a href=\"https:\/\/www.instagram.com\/gruposei\/\"><img loading=\"lazy\" decoding=\"async\" src=\"https:\/\/jornalfatosenoticias.com.br\/wp-content\/uploads\/2022\/07\/Logo-Grupo-SEI.jpg\" alt=\"\" class=\"wp-image-31973\" width=\"415\" height=\"218\" srcset=\"https:\/\/jornalfatosenoticias.com.br\/wp-content\/uploads\/2022\/07\/Logo-Grupo-SEI.jpg 713w, https:\/\/jornalfatosenoticias.com.br\/wp-content\/uploads\/2022\/07\/Logo-Grupo-SEI-300x158.jpg 300w\" sizes=\"auto, (max-width: 415px) 100vw, 415px\" \/><\/a><\/figure><\/div>\n\n\n\n<p><strong><span class=\"has-inline-color has-vivid-purple-color\">7. Luciano Hang<br><\/span><\/strong>O empres\u00e1rio Luciano Hang, fundador da rede de lojas Havan, foi investigado pelo STF no inqu\u00e9rito das fake news por suposta dissemina\u00e7\u00e3o de desinforma\u00e7\u00e3o e ataques \u00e0s institui\u00e7\u00f5es democr\u00e1ticas. Em 2020, suas contas em redes sociais como Twitter e Facebook foram <a href=\"https:\/\/www.gazetadopovo.com.br\/republica\/breves\/empresario-luciano-hang-tem-conta-suspensa-no-twitter\/?ref=busca\" target=\"_blank\" rel=\"noreferrer noopener\">suspensas<\/a> devido a postagens que questionavam o sistema eleitoral, criticavam a ideologia de esquerda e atacavam ministros do Supremo Tribunal Federal. Em 2022, Hang foi alvo de uma opera\u00e7\u00e3o da Pol\u00edcia Federal por suposta participa\u00e7\u00e3o em um grupo de WhatsApp que discutia a possibilidade de um golpe de Estado caso Lula vencesse as elei\u00e7\u00f5es, o que resultou em buscas e apreens\u00f5es em sua resid\u00eancia e empresa, al\u00e9m do bloqueio de contas e bens.<\/p>\n\n\n\n<div class=\"wp-block-image\"><figure class=\"aligncenter size-large is-resized\"><a href=\"https:\/\/www.facebook.com\/postobkr\/?locale=pt_BR\"><img loading=\"lazy\" decoding=\"async\" src=\"https:\/\/jornalfatosenoticias.com.br\/wp-content\/uploads\/2023\/08\/BKR-1024x1021.jpg\" alt=\"\" class=\"wp-image-44494\" width=\"307\" height=\"306\" srcset=\"https:\/\/jornalfatosenoticias.com.br\/wp-content\/uploads\/2023\/08\/BKR-1024x1021.jpg 1024w, https:\/\/jornalfatosenoticias.com.br\/wp-content\/uploads\/2023\/08\/BKR-300x300.jpg 300w, https:\/\/jornalfatosenoticias.com.br\/wp-content\/uploads\/2023\/08\/BKR-150x150.jpg 150w, https:\/\/jornalfatosenoticias.com.br\/wp-content\/uploads\/2023\/08\/BKR-768x766.jpg 768w, https:\/\/jornalfatosenoticias.com.br\/wp-content\/uploads\/2023\/08\/BKR.jpg 1080w\" sizes=\"auto, (max-width: 307px) 100vw, 307px\" \/><\/a><\/figure><\/div>\n\n\n\n<p>Luciano Hang nega veementemente as acusa\u00e7\u00f5es, e afirma que nunca falou em golpe ou atacou diretamente o STF. Hang n\u00e3o chegou a ser preso, mas afirma ter sofrido persegui\u00e7\u00e3o por suas posi\u00e7\u00f5es pol\u00edticas. Em setembro de 2024, o STF autorizou a reativa\u00e7\u00e3o de <a href=\"https:\/\/www.gazetadopovo.com.br\/vida-e-cidadania\/bloqueio-perfis-luciano-hang-2-anos\/?ref=busca\" target=\"_blank\" rel=\"noreferrer noopener\">suas contas<\/a> nas redes sociais, com a condi\u00e7\u00e3o de n\u00e3o publicar conte\u00fados il\u00edcitos, sob risco de multa di\u00e1ria de R$ 20 mil. Atualmente, Hang possui mais de sete milh\u00f5es de seguidores no Instagram e mant\u00e9m forte presen\u00e7a no LinkedIn e YouTube, onde compartilha conte\u00fados relacionados a empreendedorismo e gest\u00e3o. Embora tenha moderado seu discurso pol\u00edtico ap\u00f3s as investiga\u00e7\u00f5es, ele continua sendo uma das figuras mais influentes no cen\u00e1rio empresarial.<\/p>\n\n\n\n<div class=\"wp-block-image\"><figure class=\"aligncenter size-large is-resized\"><a href=\"https:\/\/www.legisjuris.com.br\/\"><img loading=\"lazy\" decoding=\"async\" src=\"https:\/\/jornalfatosenoticias.com.br\/wp-content\/uploads\/2024\/09\/Legis-Juris-Consultoria_logo.jpg\" alt=\"\" class=\"wp-image-53915\" width=\"518\" height=\"217\" srcset=\"https:\/\/jornalfatosenoticias.com.br\/wp-content\/uploads\/2024\/09\/Legis-Juris-Consultoria_logo.jpg 969w, https:\/\/jornalfatosenoticias.com.br\/wp-content\/uploads\/2024\/09\/Legis-Juris-Consultoria_logo-300x126.jpg 300w, https:\/\/jornalfatosenoticias.com.br\/wp-content\/uploads\/2024\/09\/Legis-Juris-Consultoria_logo-768x322.jpg 768w\" sizes=\"auto, (max-width: 518px) 100vw, 518px\" \/><\/a><\/figure><\/div>\n\n\n\n<p><strong><span class=\"has-inline-color has-vivid-purple-color\">8. Homero Marchese<br><\/span><\/strong>O ex-deputado estadual Homero Marchese (NOVO-PR) teve suas redes sociais <a href=\"https:\/\/www.gazetadopovo.com.br\/republica\/mentira-tse-processo-homero-marchese\/\" target=\"_blank\" rel=\"noreferrer noopener\">bloqueadas<\/a> em 2022 pelo gabinete do ministro Alexandre de Moraes. A suspens\u00e3o de suas contas ocorreu sem qualquer notifica\u00e7\u00e3o formal, e Marchese s\u00f3 descobriu o motivo ap\u00f3s entrar em contato diretamente com o gabinete. A alega\u00e7\u00e3o era de que o ex-parlamentar teria divulgado informa\u00e7\u00f5es pessoais de ministros do STF, o que ele nega. As contas permaneceram suspensas por cerca de seis meses, sem decis\u00e3o judicial clara ou fundamenta\u00e7\u00e3o p\u00fablica.<\/p>\n\n\n\n<div class=\"wp-block-image\"><figure class=\"aligncenter size-large is-resized\"><a href=\"https:\/\/www.instagram.com\/esteio.churrascaria\/\"><img loading=\"lazy\" decoding=\"async\" src=\"https:\/\/jornalfatosenoticias.com.br\/wp-content\/uploads\/2022\/02\/LOGO-ESTEIO-1024x730.png\" alt=\"\" class=\"wp-image-27942\" width=\"334\" height=\"238\" srcset=\"https:\/\/jornalfatosenoticias.com.br\/wp-content\/uploads\/2022\/02\/LOGO-ESTEIO-1024x730.png 1024w, https:\/\/jornalfatosenoticias.com.br\/wp-content\/uploads\/2022\/02\/LOGO-ESTEIO-300x214.png 300w, https:\/\/jornalfatosenoticias.com.br\/wp-content\/uploads\/2022\/02\/LOGO-ESTEIO-768x548.png 768w, https:\/\/jornalfatosenoticias.com.br\/wp-content\/uploads\/2022\/02\/LOGO-ESTEIO.png 1123w\" sizes=\"auto, (max-width: 334px) 100vw, 334px\" \/><\/a><\/figure><\/div>\n\n\n\n<p>Investiga\u00e7\u00f5es jornal\u00edsticas da <em>Folha de S.Paulo<\/em>\u00a0revelaram trocas de mensagens entre servidores do STF e do TSE que expuseram irregularidades no processo, apontando para um caso de\u00a0<a href=\"https:\/\/www.gazetadopovo.com.br\/vozes\/flavio-gordon\/homero-marchese-stf-tse-alexandre-de-moraes\/?ref=busca\" target=\"_blank\" rel=\"noreferrer noopener\">persegui\u00e7\u00e3o judicial<\/a>. Marchese entrou com uma a\u00e7\u00e3o contra a Uni\u00e3o e obteve indeniza\u00e7\u00e3o de R$ 20 mil por\u00a0<a href=\"https:\/\/www.gazetadopovo.com.br\/vozes\/entrelinhas\/ex-deputado-celebra-decisao-judicial-apos-erro-de-moraes-estao-reconhecendo-abusos\/?ref=busca\" target=\"_blank\" rel=\"noreferrer noopener\">danos morais<\/a>, reconhecendo-se o erro da decis\u00e3o. Atualmente, ele atua como comentarista pol\u00edtico no programa Sem Rodeios, da <em>Gazeta do Povo.<\/em> Marchese continua a criticar o STF e, em especial, o ministro Alexandre de Moraes, a quem ironiza como o \u201chomem do bode na sala\u201d por criar crises institucionais que depois afirma combater.<\/p>\n\n\n\n<div class=\"wp-block-image\"><figure class=\"aligncenter size-large is-resized\"><a href=\"https:\/\/www.facebook.com\/profile.php?id=100069289606145\"><img loading=\"lazy\" decoding=\"async\" src=\"https:\/\/jornalfatosenoticias.com.br\/wp-content\/uploads\/2024\/11\/Guaitolini-Contabilidade-1024x714.jpeg\" alt=\"\" class=\"wp-image-55808\" width=\"359\" height=\"250\" srcset=\"https:\/\/jornalfatosenoticias.com.br\/wp-content\/uploads\/2024\/11\/Guaitolini-Contabilidade-1024x714.jpeg 1024w, https:\/\/jornalfatosenoticias.com.br\/wp-content\/uploads\/2024\/11\/Guaitolini-Contabilidade-300x209.jpeg 300w, https:\/\/jornalfatosenoticias.com.br\/wp-content\/uploads\/2024\/11\/Guaitolini-Contabilidade-768x535.jpeg 768w, https:\/\/jornalfatosenoticias.com.br\/wp-content\/uploads\/2024\/11\/Guaitolini-Contabilidade.jpeg 1280w\" sizes=\"auto, (max-width: 359px) 100vw, 359px\" \/><\/a><\/figure><\/div>\n\n\n\n<p><strong><span class=\"has-inline-color has-vivid-purple-color\">9. Bismark Fugazza<br><\/span><\/strong>O humorista Bismark Fugazza, conhecido por integrar o <a href=\"https:\/\/www.gazetadopovo.com.br\/ideias\/canal-hipocritas\/?ref=busca\" target=\"_blank\" rel=\"noreferrer noopener\">Canal Hip\u00f3critas<\/a>, usava a s\u00e1tira pol\u00edtica como forma de cr\u00edtica ao poder, com v\u00eddeos que misturavam humor e posicionamento conservador. O canal, que ultrapassava um milh\u00e3o de inscritos no YouTube, tornou-se popular entre o p\u00fablico de direita por ironizar figuras p\u00fablicas e institui\u00e7\u00f5es. Em 2022, o STF ordenou a pris\u00e3o preventiva de Bismark no contexto do inqu\u00e9rito das fake news, bloqueou contas vinculadas ao canal e imp\u00f4s restri\u00e7\u00f5es financeiras, levando o humorista a <a href=\"https:\/\/www.gazetadopovo.com.br\/vida-e-cidadania\/breves\/humoristas-do-canal-hipocritas-sairam-do-brasil-para-nao-serem-presos\/?ref=veja-tambem\" target=\"_blank\" rel=\"noreferrer noopener\">deixar o Brasil<\/a>. Seu conte\u00fado passou a ser tratado como amea\u00e7a ao Estado Democr\u00e1tico de Direito.<\/p>\n\n\n\n<div class=\"wp-block-image\"><figure class=\"aligncenter size-large is-resized\"><a href=\"https:\/\/www.instagram.com\/serra4x4cambioautomatico\/\"><img loading=\"lazy\" decoding=\"async\" src=\"https:\/\/jornalfatosenoticias.com.br\/wp-content\/uploads\/2024\/08\/Serra-4x4-1-886x1024.jpg\" alt=\"\" class=\"wp-image-53632\" width=\"262\" height=\"303\" srcset=\"https:\/\/jornalfatosenoticias.com.br\/wp-content\/uploads\/2024\/08\/Serra-4x4-1-886x1024.jpg 886w, https:\/\/jornalfatosenoticias.com.br\/wp-content\/uploads\/2024\/08\/Serra-4x4-1-260x300.jpg 260w, https:\/\/jornalfatosenoticias.com.br\/wp-content\/uploads\/2024\/08\/Serra-4x4-1-768x888.jpg 768w, https:\/\/jornalfatosenoticias.com.br\/wp-content\/uploads\/2024\/08\/Serra-4x4-1.jpg 1181w\" sizes=\"auto, (max-width: 262px) 100vw, 262px\" \/><\/a><\/figure><\/div>\n\n\n\n<p>Bismark foi preso em 17 de mar\u00e7o de 2023 no Paraguai, acusado de incentivar atos antidemocr\u00e1ticos contra a posse de Lula em 2022 e de envolvimento nos atos de 8 de janeiro de 2023, apesar de estar fora do pa\u00eds na data da invas\u00e3o aos pr\u00e9dios p\u00fablicos. Ele foi extraditado para o Brasil e <a href=\"https:\/\/www.gazetadopovo.com.br\/vida-e-cidadania\/humorista-bismark-fugazza-canal-hipocritas-deixa-presidio-apos-90-dias-preso-ordem-moraes\/?ref=busca\" target=\"_blank\" rel=\"noreferrer noopener\">ficou detido por 91 dias<\/a> no Complexo M\u00e9dico Penal do Paran\u00e1. Em maio de 2023, ap\u00f3s investiga\u00e7\u00e3o, tanto a Procuradoria-Geral da Rep\u00fablica (PGR) quanto a Pol\u00edcia Federal (PF) conclu\u00edram que n\u00e3o havia provas suficientes para mant\u00ea-lo preso. O ministro Alexandre de Moraes concedeu liberdade provis\u00f3ria a Bismark em 14 de junho de 2023 mas imp\u00f4s medidas cautelares, incluindo o uso de tornozeleira eletr\u00f4nica, a proibi\u00e7\u00e3o de uso de redes sociais e a restri\u00e7\u00e3o de deslocamento fora de sua cidade.<\/p>\n\n\n\n<div class=\"wp-block-image\"><figure class=\"aligncenter size-large is-resized\"><a href=\"https:\/\/hotelmarquetti.com.br\/\"><img loading=\"lazy\" decoding=\"async\" src=\"https:\/\/jornalfatosenoticias.com.br\/wp-content\/uploads\/2020\/02\/LOGO-MQ-1024x680.jpg\" alt=\"\" class=\"wp-image-58299\" width=\"340\" height=\"226\" srcset=\"https:\/\/jornalfatosenoticias.com.br\/wp-content\/uploads\/2020\/02\/LOGO-MQ-1024x680.jpg 1024w, https:\/\/jornalfatosenoticias.com.br\/wp-content\/uploads\/2020\/02\/LOGO-MQ-300x199.jpg 300w, https:\/\/jornalfatosenoticias.com.br\/wp-content\/uploads\/2020\/02\/LOGO-MQ-768x510.jpg 768w, https:\/\/jornalfatosenoticias.com.br\/wp-content\/uploads\/2020\/02\/LOGO-MQ-1536x1020.jpg 1536w, https:\/\/jornalfatosenoticias.com.br\/wp-content\/uploads\/2020\/02\/LOGO-MQ-2048x1360.jpg 2048w\" sizes=\"auto, (max-width: 340px) 100vw, 340px\" \/><\/a><\/figure><\/div>\n\n\n\n<p><strong><span class=\"has-inline-color has-vivid-purple-color\">10. Paulo Figueiredo Filho<br><\/span><\/strong>O jornalista e comentarista pol\u00edtico Paulo Figueiredo Filho, neto do ex-presidente Jo\u00e3o Figueiredo, tamb\u00e9m foi alvo de san\u00e7\u00f5es no \u00e2mbito do inqu\u00e9rito das fake news conduzido pelo ministro Alexandre de Moraes. Em janeiro de 2023, ele teve suas <a href=\"https:\/\/www.gazetadopovo.com.br\/vida-e-cidadania\/paulo-figueiredo-tem-passaporte-cancelado-e-contas-bancarias-bloqueadas\/?ref=busca\" target=\"_blank\" rel=\"noreferrer noopener\">contas banc\u00e1rias bloqueadas e o passaporte cancelado<\/a>, al\u00e9m de ver seus perfis nas redes sociais suspensos por ordem judicial. Segundo ele, as medidas foram impostas sem acesso aos autos, que corriam sob sigilo, impossibilitando o pleno exerc\u00edcio do direito de defesa.<\/p>\n\n\n\n<div class=\"wp-block-image\"><figure class=\"aligncenter size-large\"><a href=\"https:\/\/www.cesconetto.com.br\/\"><img loading=\"lazy\" decoding=\"async\" width=\"300\" height=\"250\" src=\"https:\/\/jornalfatosenoticias.com.br\/wp-content\/uploads\/2022\/02\/Banner-2.png\" alt=\"\" class=\"wp-image-27877\"\/><\/a><\/figure><\/div>\n\n\n\n<p>Em mar\u00e7o de 2025, a Procuradoria-Geral da Rep\u00fablica (PGR) incluiu Paulo Figueiredo entre os 34 denunciados por suposta tentativa de golpe de Estado ap\u00f3s as elei\u00e7\u00f5es de 2022. Ele aparece no chamado &#8220;<a href=\"https:\/\/www.gazetadopovo.com.br\/republica\/stf-diz-que-paulo-figueiredo-nao-apresentou-defesa-no-inquerito-do-golpe\/?ref=busca\" target=\"_blank\" rel=\"noreferrer noopener\">n\u00facleo 4<\/a>&#8221; da den\u00fancia, baseado em depoimentos de militares que o acusam de tentar influenciar oficiais contr\u00e1rios ao suposto golpe. Em junho de 2025, Figueiredo prestou depoimento \u00e0 Comiss\u00e3o de Direitos Humanos do Congresso dos EUA e afirmou que o Brasil est\u00e1 promovendo medidas de\u00a0<a href=\"https:\/\/www.gazetadopovo.com.br\/republica\/paulo-figueiredo-eua-suposta-repressao-transnacional\/?ref=busca\" target=\"_blank\" rel=\"noreferrer noopener\">repress\u00e3o transnacional<\/a> ao pressionar empresas de tecnologia americanas a colaborar com a censura extraterritorial. Morando nos Estados Unidos h\u00e1 mais de 10 anos, ele afirma que a sua inclus\u00e3o em investiga\u00e7\u00f5es sem notifica\u00e7\u00e3o formal viola princ\u00edpios b\u00e1sicos do Estado de Direito e da liberdade de express\u00e3o.<\/p>\n\n\n\n<div class=\"wp-block-image\"><figure class=\"aligncenter size-large is-resized\"><a href=\"https:\/\/www.facebook.com\/vetor.vix\/\"><img loading=\"lazy\" decoding=\"async\" src=\"https:\/\/jornalfatosenoticias.com.br\/wp-content\/uploads\/2023\/09\/vetorvix1024_1.jpg\" alt=\"\" class=\"wp-image-44868\" width=\"561\" height=\"149\" srcset=\"https:\/\/jornalfatosenoticias.com.br\/wp-content\/uploads\/2023\/09\/vetorvix1024_1.jpg 1024w, https:\/\/jornalfatosenoticias.com.br\/wp-content\/uploads\/2023\/09\/vetorvix1024_1-300x80.jpg 300w, https:\/\/jornalfatosenoticias.com.br\/wp-content\/uploads\/2023\/09\/vetorvix1024_1-768x205.jpg 768w\" sizes=\"auto, (max-width: 561px) 100vw, 561px\" \/><\/a><\/figure><\/div>\n\n\n\n<p><strong>Fonte: <a href=\"https:\/\/www.gazetadopovo.com.br\/ideias\/os-perseguidos-pelo-stf-veja-a-lista-que-barroso-afirma-nao-existir\/\">Gazeta do Povo<\/a><\/strong><\/p>\n","protected":false},"excerpt":{"rendered":"<p>Barroso: carta a Trump ignorou excessos do STF Por Desir\u00e9e Pe\u00f1alba Lu\u00eds Roberto Barroso quer convencer Donald Trump de que tudo vai bem no Brasil. Na carta enviada pelo presidente do STF ao l\u00edder americano, o magistrado afirmou que as san\u00e7\u00f5es comerciais contra o Brasil foram \u201cfundadas em uma compreens\u00e3o imprecisa dos fatos ocorridos no [&hellip;]<\/p>\n","protected":false},"author":2,"featured_media":60572,"comment_status":"open","ping_status":"open","sticky":false,"template":"","format":"standard","meta":{"footnotes":""},"categories":[5],"tags":[18055,13889,2149,13890,2147,24551,27624,16935,27625,3516,294],"class_list":["post-60571","post","type-post","status-publish","format-standard","has-post-thumbnail","hentry","category-geral","tag-8-de-janeiro","tag-alexandre-de-moraes","tag-censura","tag-daniel-silveira","tag-donald-trump","tag-homero-marchese","tag-inquerito-das-fake-news","tag-liberdade-de-expressao","tag-luciano-hang","tag-luis-roberto-barroso","tag-stf"],"yoast_head":"<!-- This site is optimized with the Yoast SEO plugin v26.5 - https:\/\/yoast.com\/wordpress\/plugins\/seo\/ -->\n<title>Os perseguidos pelo STF: veja a lista que Barroso afirma n\u00e3o existir - Jornal Fatos e Not\u00edcias<\/title>\n<meta name=\"robots\" content=\"index, follow, max-snippet:-1, max-image-preview:large, max-video-preview:-1\" \/>\n<link rel=\"canonical\" href=\"https:\/\/jornalfatosenoticias.com.br\/index.php\/2025\/07\/16\/os-perseguidos-pelo-stf-veja-a-lista-que-barroso-afirma-nao-existir\/\" \/>\n<meta property=\"og:locale\" content=\"pt_BR\" \/>\n<meta property=\"og:type\" content=\"article\" \/>\n<meta property=\"og:title\" content=\"Os perseguidos pelo STF: veja a lista que Barroso afirma n\u00e3o existir - Jornal Fatos e Not\u00edcias\" \/>\n<meta property=\"og:description\" content=\"Barroso: carta a Trump ignorou excessos do STF Por Desir\u00e9e Pe\u00f1alba Lu\u00eds Roberto Barroso quer convencer Donald Trump de que tudo vai bem no Brasil. Na carta enviada pelo presidente do STF ao l\u00edder americano, o magistrado afirmou que as san\u00e7\u00f5es comerciais contra o Brasil foram \u201cfundadas em uma compreens\u00e3o imprecisa dos fatos ocorridos no [&hellip;]\" \/>\n<meta property=\"og:url\" content=\"https:\/\/jornalfatosenoticias.com.br\/index.php\/2025\/07\/16\/os-perseguidos-pelo-stf-veja-a-lista-que-barroso-afirma-nao-existir\/\" \/>\n<meta property=\"og:site_name\" content=\"Jornal Fatos e Not\u00edcias\" \/>\n<meta property=\"article:published_time\" content=\"2025-07-16T13:25:34+00:00\" \/>\n<meta property=\"article:modified_time\" content=\"2025-07-16T13:25:36+00:00\" \/>\n<meta property=\"og:image\" content=\"https:\/\/jornalfatosenoticias.com.br\/wp-content\/uploads\/2025\/07\/barroso-e-nine_gettyimages.jpg\" \/>\n\t<meta property=\"og:image:width\" content=\"612\" \/>\n\t<meta property=\"og:image:height\" content=\"407\" \/>\n\t<meta property=\"og:image:type\" content=\"image\/jpeg\" \/>\n<meta name=\"author\" content=\"Luzimara Fernandes\" \/>\n<meta name=\"twitter:card\" content=\"summary_large_image\" \/>\n<meta name=\"twitter:label1\" content=\"Escrito por\" \/>\n\t<meta name=\"twitter:data1\" content=\"Luzimara Fernandes\" \/>\n\t<meta name=\"twitter:label2\" content=\"Est. tempo de leitura\" \/>\n\t<meta name=\"twitter:data2\" content=\"13 minutos\" \/>\n<script type=\"application\/ld+json\" class=\"yoast-schema-graph\">{\"@context\":\"https:\/\/schema.org\",\"@graph\":[{\"@type\":\"Article\",\"@id\":\"https:\/\/jornalfatosenoticias.com.br\/index.php\/2025\/07\/16\/os-perseguidos-pelo-stf-veja-a-lista-que-barroso-afirma-nao-existir\/#article\",\"isPartOf\":{\"@id\":\"https:\/\/jornalfatosenoticias.com.br\/index.php\/2025\/07\/16\/os-perseguidos-pelo-stf-veja-a-lista-que-barroso-afirma-nao-existir\/\"},\"author\":{\"name\":\"Luzimara Fernandes\",\"@id\":\"https:\/\/jornalfatosenoticias.com.br\/#\/schema\/person\/d63837fa13ac8666eb9e74e0985d6f81\"},\"headline\":\"Os perseguidos pelo STF: veja a lista que Barroso afirma n\u00e3o existir\",\"datePublished\":\"2025-07-16T13:25:34+00:00\",\"dateModified\":\"2025-07-16T13:25:36+00:00\",\"mainEntityOfPage\":{\"@id\":\"https:\/\/jornalfatosenoticias.com.br\/index.php\/2025\/07\/16\/os-perseguidos-pelo-stf-veja-a-lista-que-barroso-afirma-nao-existir\/\"},\"wordCount\":2567,\"commentCount\":0,\"publisher\":{\"@id\":\"https:\/\/jornalfatosenoticias.com.br\/#organization\"},\"image\":{\"@id\":\"https:\/\/jornalfatosenoticias.com.br\/index.php\/2025\/07\/16\/os-perseguidos-pelo-stf-veja-a-lista-que-barroso-afirma-nao-existir\/#primaryimage\"},\"thumbnailUrl\":\"https:\/\/jornalfatosenoticias.com.br\/wp-content\/uploads\/2025\/07\/barroso-e-nine_gettyimages.jpg\",\"keywords\":[\"8 de janeiro\",\"Alexandre de Moraes\",\"censura\",\"Daniel Silveira\",\"Donald Trump\",\"Homero Marchese\",\"inqu\u00e9rito das fake news\",\"liberdade de express\u00e3o\",\"Luciano Hang\",\"Lu\u00eds Roberto Barroso\",\"STF\"],\"articleSection\":[\"Geral\"],\"inLanguage\":\"pt-BR\",\"potentialAction\":[{\"@type\":\"CommentAction\",\"name\":\"Comment\",\"target\":[\"https:\/\/jornalfatosenoticias.com.br\/index.php\/2025\/07\/16\/os-perseguidos-pelo-stf-veja-a-lista-que-barroso-afirma-nao-existir\/#respond\"]}]},{\"@type\":\"WebPage\",\"@id\":\"https:\/\/jornalfatosenoticias.com.br\/index.php\/2025\/07\/16\/os-perseguidos-pelo-stf-veja-a-lista-que-barroso-afirma-nao-existir\/\",\"url\":\"https:\/\/jornalfatosenoticias.com.br\/index.php\/2025\/07\/16\/os-perseguidos-pelo-stf-veja-a-lista-que-barroso-afirma-nao-existir\/\",\"name\":\"Os perseguidos pelo STF: veja a lista que Barroso afirma n\u00e3o existir - Jornal Fatos e Not\u00edcias\",\"isPartOf\":{\"@id\":\"https:\/\/jornalfatosenoticias.com.br\/#website\"},\"primaryImageOfPage\":{\"@id\":\"https:\/\/jornalfatosenoticias.com.br\/index.php\/2025\/07\/16\/os-perseguidos-pelo-stf-veja-a-lista-que-barroso-afirma-nao-existir\/#primaryimage\"},\"image\":{\"@id\":\"https:\/\/jornalfatosenoticias.com.br\/index.php\/2025\/07\/16\/os-perseguidos-pelo-stf-veja-a-lista-que-barroso-afirma-nao-existir\/#primaryimage\"},\"thumbnailUrl\":\"https:\/\/jornalfatosenoticias.com.br\/wp-content\/uploads\/2025\/07\/barroso-e-nine_gettyimages.jpg\",\"datePublished\":\"2025-07-16T13:25:34+00:00\",\"dateModified\":\"2025-07-16T13:25:36+00:00\",\"breadcrumb\":{\"@id\":\"https:\/\/jornalfatosenoticias.com.br\/index.php\/2025\/07\/16\/os-perseguidos-pelo-stf-veja-a-lista-que-barroso-afirma-nao-existir\/#breadcrumb\"},\"inLanguage\":\"pt-BR\",\"potentialAction\":[{\"@type\":\"ReadAction\",\"target\":[\"https:\/\/jornalfatosenoticias.com.br\/index.php\/2025\/07\/16\/os-perseguidos-pelo-stf-veja-a-lista-que-barroso-afirma-nao-existir\/\"]}]},{\"@type\":\"ImageObject\",\"inLanguage\":\"pt-BR\",\"@id\":\"https:\/\/jornalfatosenoticias.com.br\/index.php\/2025\/07\/16\/os-perseguidos-pelo-stf-veja-a-lista-que-barroso-afirma-nao-existir\/#primaryimage\",\"url\":\"https:\/\/jornalfatosenoticias.com.br\/wp-content\/uploads\/2025\/07\/barroso-e-nine_gettyimages.jpg\",\"contentUrl\":\"https:\/\/jornalfatosenoticias.com.br\/wp-content\/uploads\/2025\/07\/barroso-e-nine_gettyimages.jpg\",\"width\":612,\"height\":407,\"caption\":\"BRASILIA, BRAZIL - SEPTEMBER 7: (L-R) President of the Federal Supreme Court of Brazil Lu\u00eds Roberto Barroso is grabbed by President of Brazil Luiz Inacio Lula da Silva during a commemorative parade to celebrate Brazil's 202nd independence anniversary on September 7, 2024 in Brasilia, Brazil. (Photo by Andressa Anholete\/Getty Images)\"},{\"@type\":\"BreadcrumbList\",\"@id\":\"https:\/\/jornalfatosenoticias.com.br\/index.php\/2025\/07\/16\/os-perseguidos-pelo-stf-veja-a-lista-que-barroso-afirma-nao-existir\/#breadcrumb\",\"itemListElement\":[{\"@type\":\"ListItem\",\"position\":1,\"name\":\"In\u00edcio\",\"item\":\"https:\/\/jornalfatosenoticias.com.br\/\"},{\"@type\":\"ListItem\",\"position\":2,\"name\":\"Os perseguidos pelo STF: veja a lista que Barroso afirma n\u00e3o existir\"}]},{\"@type\":\"WebSite\",\"@id\":\"https:\/\/jornalfatosenoticias.com.br\/#website\",\"url\":\"https:\/\/jornalfatosenoticias.com.br\/\",\"name\":\"Jornal Fatos e Not\u00edcias\",\"description\":\"Not\u00edcias em geral\",\"publisher\":{\"@id\":\"https:\/\/jornalfatosenoticias.com.br\/#organization\"},\"potentialAction\":[{\"@type\":\"SearchAction\",\"target\":{\"@type\":\"EntryPoint\",\"urlTemplate\":\"https:\/\/jornalfatosenoticias.com.br\/?s={search_term_string}\"},\"query-input\":{\"@type\":\"PropertyValueSpecification\",\"valueRequired\":true,\"valueName\":\"search_term_string\"}}],\"inLanguage\":\"pt-BR\"},{\"@type\":\"Organization\",\"@id\":\"https:\/\/jornalfatosenoticias.com.br\/#organization\",\"name\":\"Jornal Fatos e Not\u00edcias\",\"url\":\"https:\/\/jornalfatosenoticias.com.br\/\",\"logo\":{\"@type\":\"ImageObject\",\"inLanguage\":\"pt-BR\",\"@id\":\"https:\/\/jornalfatosenoticias.com.br\/#\/schema\/logo\/image\/\",\"url\":\"https:\/\/jornalfatosenoticias.com.br\/wp-content\/uploads\/2020\/02\/logo120.png\",\"contentUrl\":\"https:\/\/jornalfatosenoticias.com.br\/wp-content\/uploads\/2020\/02\/logo120.png\",\"width\":1227,\"height\":120,\"caption\":\"Jornal Fatos e Not\u00edcias\"},\"image\":{\"@id\":\"https:\/\/jornalfatosenoticias.com.br\/#\/schema\/logo\/image\/\"}},{\"@type\":\"Person\",\"@id\":\"https:\/\/jornalfatosenoticias.com.br\/#\/schema\/person\/d63837fa13ac8666eb9e74e0985d6f81\",\"name\":\"Luzimara Fernandes\",\"image\":{\"@type\":\"ImageObject\",\"inLanguage\":\"pt-BR\",\"@id\":\"https:\/\/jornalfatosenoticias.com.br\/#\/schema\/person\/image\/\",\"url\":\"https:\/\/jornalfatosenoticias.com.br\/wp-content\/uploads\/2025\/05\/EU_portal.jpg\",\"contentUrl\":\"https:\/\/jornalfatosenoticias.com.br\/wp-content\/uploads\/2025\/05\/EU_portal.jpg\",\"caption\":\"Luzimara Fernandes\"},\"description\":\"Jornalista MTB 2358-ES\",\"sameAs\":[\"https:\/\/jornalfatosenoticias.com.br\"],\"url\":\"https:\/\/jornalfatosenoticias.com.br\/index.php\/author\/luzimara\/\"}]}<\/script>\n<!-- \/ Yoast SEO plugin. -->","yoast_head_json":{"title":"Os perseguidos pelo STF: veja a lista que Barroso afirma n\u00e3o existir - Jornal Fatos e Not\u00edcias","robots":{"index":"index","follow":"follow","max-snippet":"max-snippet:-1","max-image-preview":"max-image-preview:large","max-video-preview":"max-video-preview:-1"},"canonical":"https:\/\/jornalfatosenoticias.com.br\/index.php\/2025\/07\/16\/os-perseguidos-pelo-stf-veja-a-lista-que-barroso-afirma-nao-existir\/","og_locale":"pt_BR","og_type":"article","og_title":"Os perseguidos pelo STF: veja a lista que Barroso afirma n\u00e3o existir - Jornal Fatos e Not\u00edcias","og_description":"Barroso: carta a Trump ignorou excessos do STF Por Desir\u00e9e Pe\u00f1alba Lu\u00eds Roberto Barroso quer convencer Donald Trump de que tudo vai bem no Brasil. Na carta enviada pelo presidente do STF ao l\u00edder americano, o magistrado afirmou que as san\u00e7\u00f5es comerciais contra o Brasil foram \u201cfundadas em uma compreens\u00e3o imprecisa dos fatos ocorridos no [&hellip;]","og_url":"https:\/\/jornalfatosenoticias.com.br\/index.php\/2025\/07\/16\/os-perseguidos-pelo-stf-veja-a-lista-que-barroso-afirma-nao-existir\/","og_site_name":"Jornal Fatos e Not\u00edcias","article_published_time":"2025-07-16T13:25:34+00:00","article_modified_time":"2025-07-16T13:25:36+00:00","og_image":[{"width":612,"height":407,"url":"https:\/\/jornalfatosenoticias.com.br\/wp-content\/uploads\/2025\/07\/barroso-e-nine_gettyimages.jpg","type":"image\/jpeg"}],"author":"Luzimara Fernandes","twitter_card":"summary_large_image","twitter_misc":{"Escrito por":"Luzimara Fernandes","Est. tempo de leitura":"13 minutos"},"schema":{"@context":"https:\/\/schema.org","@graph":[{"@type":"Article","@id":"https:\/\/jornalfatosenoticias.com.br\/index.php\/2025\/07\/16\/os-perseguidos-pelo-stf-veja-a-lista-que-barroso-afirma-nao-existir\/#article","isPartOf":{"@id":"https:\/\/jornalfatosenoticias.com.br\/index.php\/2025\/07\/16\/os-perseguidos-pelo-stf-veja-a-lista-que-barroso-afirma-nao-existir\/"},"author":{"name":"Luzimara Fernandes","@id":"https:\/\/jornalfatosenoticias.com.br\/#\/schema\/person\/d63837fa13ac8666eb9e74e0985d6f81"},"headline":"Os perseguidos pelo STF: veja a lista que Barroso afirma n\u00e3o existir","datePublished":"2025-07-16T13:25:34+00:00","dateModified":"2025-07-16T13:25:36+00:00","mainEntityOfPage":{"@id":"https:\/\/jornalfatosenoticias.com.br\/index.php\/2025\/07\/16\/os-perseguidos-pelo-stf-veja-a-lista-que-barroso-afirma-nao-existir\/"},"wordCount":2567,"commentCount":0,"publisher":{"@id":"https:\/\/jornalfatosenoticias.com.br\/#organization"},"image":{"@id":"https:\/\/jornalfatosenoticias.com.br\/index.php\/2025\/07\/16\/os-perseguidos-pelo-stf-veja-a-lista-que-barroso-afirma-nao-existir\/#primaryimage"},"thumbnailUrl":"https:\/\/jornalfatosenoticias.com.br\/wp-content\/uploads\/2025\/07\/barroso-e-nine_gettyimages.jpg","keywords":["8 de janeiro","Alexandre de Moraes","censura","Daniel Silveira","Donald Trump","Homero Marchese","inqu\u00e9rito das fake news","liberdade de express\u00e3o","Luciano Hang","Lu\u00eds Roberto Barroso","STF"],"articleSection":["Geral"],"inLanguage":"pt-BR","potentialAction":[{"@type":"CommentAction","name":"Comment","target":["https:\/\/jornalfatosenoticias.com.br\/index.php\/2025\/07\/16\/os-perseguidos-pelo-stf-veja-a-lista-que-barroso-afirma-nao-existir\/#respond"]}]},{"@type":"WebPage","@id":"https:\/\/jornalfatosenoticias.com.br\/index.php\/2025\/07\/16\/os-perseguidos-pelo-stf-veja-a-lista-que-barroso-afirma-nao-existir\/","url":"https:\/\/jornalfatosenoticias.com.br\/index.php\/2025\/07\/16\/os-perseguidos-pelo-stf-veja-a-lista-que-barroso-afirma-nao-existir\/","name":"Os perseguidos pelo STF: veja a lista que Barroso afirma n\u00e3o existir - Jornal Fatos e Not\u00edcias","isPartOf":{"@id":"https:\/\/jornalfatosenoticias.com.br\/#website"},"primaryImageOfPage":{"@id":"https:\/\/jornalfatosenoticias.com.br\/index.php\/2025\/07\/16\/os-perseguidos-pelo-stf-veja-a-lista-que-barroso-afirma-nao-existir\/#primaryimage"},"image":{"@id":"https:\/\/jornalfatosenoticias.com.br\/index.php\/2025\/07\/16\/os-perseguidos-pelo-stf-veja-a-lista-que-barroso-afirma-nao-existir\/#primaryimage"},"thumbnailUrl":"https:\/\/jornalfatosenoticias.com.br\/wp-content\/uploads\/2025\/07\/barroso-e-nine_gettyimages.jpg","datePublished":"2025-07-16T13:25:34+00:00","dateModified":"2025-07-16T13:25:36+00:00","breadcrumb":{"@id":"https:\/\/jornalfatosenoticias.com.br\/index.php\/2025\/07\/16\/os-perseguidos-pelo-stf-veja-a-lista-que-barroso-afirma-nao-existir\/#breadcrumb"},"inLanguage":"pt-BR","potentialAction":[{"@type":"ReadAction","target":["https:\/\/jornalfatosenoticias.com.br\/index.php\/2025\/07\/16\/os-perseguidos-pelo-stf-veja-a-lista-que-barroso-afirma-nao-existir\/"]}]},{"@type":"ImageObject","inLanguage":"pt-BR","@id":"https:\/\/jornalfatosenoticias.com.br\/index.php\/2025\/07\/16\/os-perseguidos-pelo-stf-veja-a-lista-que-barroso-afirma-nao-existir\/#primaryimage","url":"https:\/\/jornalfatosenoticias.com.br\/wp-content\/uploads\/2025\/07\/barroso-e-nine_gettyimages.jpg","contentUrl":"https:\/\/jornalfatosenoticias.com.br\/wp-content\/uploads\/2025\/07\/barroso-e-nine_gettyimages.jpg","width":612,"height":407,"caption":"BRASILIA, BRAZIL - SEPTEMBER 7: (L-R) President of the Federal Supreme Court of Brazil Lu\u00eds Roberto Barroso is grabbed by President of Brazil Luiz Inacio Lula da Silva during a commemorative parade to celebrate Brazil's 202nd independence anniversary on September 7, 2024 in Brasilia, Brazil. (Photo by Andressa Anholete\/Getty Images)"},{"@type":"BreadcrumbList","@id":"https:\/\/jornalfatosenoticias.com.br\/index.php\/2025\/07\/16\/os-perseguidos-pelo-stf-veja-a-lista-que-barroso-afirma-nao-existir\/#breadcrumb","itemListElement":[{"@type":"ListItem","position":1,"name":"In\u00edcio","item":"https:\/\/jornalfatosenoticias.com.br\/"},{"@type":"ListItem","position":2,"name":"Os perseguidos pelo STF: veja a lista que Barroso afirma n\u00e3o existir"}]},{"@type":"WebSite","@id":"https:\/\/jornalfatosenoticias.com.br\/#website","url":"https:\/\/jornalfatosenoticias.com.br\/","name":"Jornal Fatos e Not\u00edcias","description":"Not\u00edcias em geral","publisher":{"@id":"https:\/\/jornalfatosenoticias.com.br\/#organization"},"potentialAction":[{"@type":"SearchAction","target":{"@type":"EntryPoint","urlTemplate":"https:\/\/jornalfatosenoticias.com.br\/?s={search_term_string}"},"query-input":{"@type":"PropertyValueSpecification","valueRequired":true,"valueName":"search_term_string"}}],"inLanguage":"pt-BR"},{"@type":"Organization","@id":"https:\/\/jornalfatosenoticias.com.br\/#organization","name":"Jornal Fatos e Not\u00edcias","url":"https:\/\/jornalfatosenoticias.com.br\/","logo":{"@type":"ImageObject","inLanguage":"pt-BR","@id":"https:\/\/jornalfatosenoticias.com.br\/#\/schema\/logo\/image\/","url":"https:\/\/jornalfatosenoticias.com.br\/wp-content\/uploads\/2020\/02\/logo120.png","contentUrl":"https:\/\/jornalfatosenoticias.com.br\/wp-content\/uploads\/2020\/02\/logo120.png","width":1227,"height":120,"caption":"Jornal Fatos e Not\u00edcias"},"image":{"@id":"https:\/\/jornalfatosenoticias.com.br\/#\/schema\/logo\/image\/"}},{"@type":"Person","@id":"https:\/\/jornalfatosenoticias.com.br\/#\/schema\/person\/d63837fa13ac8666eb9e74e0985d6f81","name":"Luzimara Fernandes","image":{"@type":"ImageObject","inLanguage":"pt-BR","@id":"https:\/\/jornalfatosenoticias.com.br\/#\/schema\/person\/image\/","url":"https:\/\/jornalfatosenoticias.com.br\/wp-content\/uploads\/2025\/05\/EU_portal.jpg","contentUrl":"https:\/\/jornalfatosenoticias.com.br\/wp-content\/uploads\/2025\/05\/EU_portal.jpg","caption":"Luzimara Fernandes"},"description":"Jornalista MTB 2358-ES","sameAs":["https:\/\/jornalfatosenoticias.com.br"],"url":"https:\/\/jornalfatosenoticias.com.br\/index.php\/author\/luzimara\/"}]}},"cc_featured_image_caption":{"caption_text":"(Foto: Getty Images) ","source_text":"","source_url":""},"jetpack_featured_media_url":"https:\/\/jornalfatosenoticias.com.br\/wp-content\/uploads\/2025\/07\/barroso-e-nine_gettyimages.jpg","_links":{"self":[{"href":"https:\/\/jornalfatosenoticias.com.br\/index.php\/wp-json\/wp\/v2\/posts\/60571","targetHints":{"allow":["GET"]}}],"collection":[{"href":"https:\/\/jornalfatosenoticias.com.br\/index.php\/wp-json\/wp\/v2\/posts"}],"about":[{"href":"https:\/\/jornalfatosenoticias.com.br\/index.php\/wp-json\/wp\/v2\/types\/post"}],"author":[{"embeddable":true,"href":"https:\/\/jornalfatosenoticias.com.br\/index.php\/wp-json\/wp\/v2\/users\/2"}],"replies":[{"embeddable":true,"href":"https:\/\/jornalfatosenoticias.com.br\/index.php\/wp-json\/wp\/v2\/comments?post=60571"}],"version-history":[{"count":0,"href":"https:\/\/jornalfatosenoticias.com.br\/index.php\/wp-json\/wp\/v2\/posts\/60571\/revisions"}],"wp:featuredmedia":[{"embeddable":true,"href":"https:\/\/jornalfatosenoticias.com.br\/index.php\/wp-json\/wp\/v2\/media\/60572"}],"wp:attachment":[{"href":"https:\/\/jornalfatosenoticias.com.br\/index.php\/wp-json\/wp\/v2\/media?parent=60571"}],"wp:term":[{"taxonomy":"category","embeddable":true,"href":"https:\/\/jornalfatosenoticias.com.br\/index.php\/wp-json\/wp\/v2\/categories?post=60571"},{"taxonomy":"post_tag","embeddable":true,"href":"https:\/\/jornalfatosenoticias.com.br\/index.php\/wp-json\/wp\/v2\/tags?post=60571"}],"curies":[{"name":"wp","href":"https:\/\/api.w.org\/{rel}","templated":true}]}}