{"id":60574,"date":"2025-07-16T10:41:01","date_gmt":"2025-07-16T13:41:01","guid":{"rendered":"https:\/\/jornalfatosenoticias.com.br\/?p=60574"},"modified":"2025-07-16T10:41:02","modified_gmt":"2025-07-16T13:41:02","slug":"medicamento-corta-em-50-frequencia-e-intensidade-da-enxaqueca-mostra-estudo","status":"publish","type":"post","link":"https:\/\/jornalfatosenoticias.com.br\/index.php\/2025\/07\/16\/medicamento-corta-em-50-frequencia-e-intensidade-da-enxaqueca-mostra-estudo\/","title":{"rendered":"Medicamento corta em 50% frequ\u00eancia e intensidade da enxaqueca, mostra estudo"},"content":{"rendered":"\n<p><em><span class=\"has-inline-color has-black-color\">Composto usado em tratamentos para obesidade, pode reduzir pela metade a frequ\u00eancia e a gravidade das crises de enxaqueca cr\u00f4nica<\/span><\/em><\/p>\n\n\n\n<p><span class=\"has-inline-color has-black-color\">Por <strong><a href=\"https:\/\/olhardigital.com.br\/author\/beatriz-campos\/\">Beatriz Campos<\/a><\/strong><\/span><\/p>\n\n\n\n<div class=\"wp-block-image\"><figure class=\"aligncenter size-large\"><a href=\"https:\/\/mizu.com.br\/\"><img loading=\"lazy\" decoding=\"async\" width=\"729\" height=\"90\" src=\"https:\/\/jornalfatosenoticias.com.br\/wp-content\/uploads\/2020\/02\/Logo_Mizu.png\" alt=\"\" class=\"wp-image-1441\" srcset=\"https:\/\/jornalfatosenoticias.com.br\/wp-content\/uploads\/2020\/02\/Logo_Mizu.png 729w, https:\/\/jornalfatosenoticias.com.br\/wp-content\/uploads\/2020\/02\/Logo_Mizu-300x37.png 300w\" sizes=\"auto, (max-width: 729px) 100vw, 729px\" \/><\/a><\/figure><\/div>\n\n\n\n<p>Um rem\u00e9dio usado para perda de peso e diabetes pode ajudar no tratamento de outra <a href=\"https:\/\/olhardigital.com.br\/tag\/doenca\/\" target=\"_blank\" rel=\"noreferrer noopener\"><strong>doen\u00e7a<\/strong><\/a>: a\u00a0<strong><a href=\"https:\/\/olhardigital.com.br\/tag\/enxaqueca\/\" target=\"_blank\" rel=\"noreferrer noopener\">enxaqueca<\/a>.<\/strong> Um novo estudo, publicado na revista\u00a0<a href=\"https:\/\/headachejournal.onlinelibrary.wiley.com\/doi\/10.1111\/head.14991\" target=\"_blank\" rel=\"noreferrer noopener\"><strong><em>Headache<\/em>,<\/strong><\/a> apontou que medicamentos que possuem GLP-1 proporcionaram al\u00edvio para pessoas que sofrem com dores de cabe\u00e7a severas. Eles ajudaram tanto no al\u00edvio dos sintomas quanto na redu\u00e7\u00e3o da frequ\u00eancia, independentemente da perda de peso.<br>O estudo, feito por cientistas da <strong><a href=\"https:\/\/www.international.unina.it\/\" target=\"_blank\" rel=\"noreferrer noopener\">Universidade Federico II de N\u00e1poles<\/a><\/strong>, na It\u00e1lia, acompanhou 31 adultos que sofriam com obesidade e enxaqueca cr\u00f4nica. Eles receberam 3,0mg do agonista do receptor GLP-1 liraglutida ao longo de 12 semanas, por inje\u00e7\u00e3o subcut\u00e2nea. Para evitar efeitos colaterais, os participantes receberam doses graduais at\u00e9 alcan\u00e7ar a dose di\u00e1ria.<\/p>\n\n\n\n<div class=\"wp-block-image\"><figure class=\"aligncenter size-large is-resized\"><a href=\"https:\/\/www.instagram.com\/esteio.churrascaria\/\"><img loading=\"lazy\" decoding=\"async\" src=\"https:\/\/jornalfatosenoticias.com.br\/wp-content\/uploads\/2022\/02\/LOGO-ESTEIO-1024x730.png\" alt=\"\" class=\"wp-image-27942\" width=\"354\" height=\"252\" srcset=\"https:\/\/jornalfatosenoticias.com.br\/wp-content\/uploads\/2022\/02\/LOGO-ESTEIO-1024x730.png 1024w, https:\/\/jornalfatosenoticias.com.br\/wp-content\/uploads\/2022\/02\/LOGO-ESTEIO-300x214.png 300w, https:\/\/jornalfatosenoticias.com.br\/wp-content\/uploads\/2022\/02\/LOGO-ESTEIO-768x548.png 768w, https:\/\/jornalfatosenoticias.com.br\/wp-content\/uploads\/2022\/02\/LOGO-ESTEIO.png 1123w\" sizes=\"auto, (max-width: 354px) 100vw, 354px\" \/><\/a><\/figure><\/div>\n\n\n\n<blockquote class=\"wp-block-quote is-layout-flow wp-block-quote-is-layout-flow\"><p><span class=\"has-inline-color has-luminous-vivid-orange-color\">Este \u00e9 o primeiro estudo prospectivo de agonistas do receptor GLP-1 em pacientes com enxaqueca cr\u00f4nica\/de alta frequ\u00eancia e obesidade. Uma propor\u00e7\u00e3o substancial dos participantes experimentou redu\u00e7\u00f5es clinicamente significativas na frequ\u00eancia das dores de cabe\u00e7a e na incapacidade relacionada \u00e0 enxaqueca&#8221;, diz trecho do artigo.<\/span><\/p><\/blockquote>\n\n\n\n<div class=\"wp-block-image\"><figure class=\"aligncenter size-large is-resized\"><a href=\"https:\/\/www.instagram.com\/rcradiadores\/\"><img loading=\"lazy\" decoding=\"async\" src=\"https:\/\/jornalfatosenoticias.com.br\/wp-content\/uploads\/2022\/10\/RC_800x750_page-0001.jpg\" alt=\"\" class=\"wp-image-35338\" width=\"316\" height=\"296\" srcset=\"https:\/\/jornalfatosenoticias.com.br\/wp-content\/uploads\/2022\/10\/RC_800x750_page-0001.jpg 400w, https:\/\/jornalfatosenoticias.com.br\/wp-content\/uploads\/2022\/10\/RC_800x750_page-0001-300x281.jpg 300w\" sizes=\"auto, (max-width: 316px) 100vw, 316px\" \/><\/a><\/figure><\/div>\n\n\n\n<p>Apesar de a liraglutida estar associada \u00e0 perda de peso, o estudo se baseou na melhora significativa da enxaqueca. Isso sugere que um mecanismo neurol\u00f3gico direto est\u00e1 envolvido no processo. Os pesquisadores acreditam que o medicamento pode ajudar reduzindo a press\u00e3o intracraniana (PIC) ou diminuindo a libera\u00e7\u00e3o do pept\u00eddeo relacionado ao gene da calcitonina (CGRP), que \u00e9 um dos principais respons\u00e1veis pela dor da enxaqueca.<\/p>\n\n\n\n<div class=\"wp-block-image\"><figure class=\"aligncenter size-large is-resized\"><a href=\"https:\/\/www.instagram.com\/restaurantepegoretti\/\"><img loading=\"lazy\" decoding=\"async\" src=\"https:\/\/jornalfatosenoticias.com.br\/wp-content\/uploads\/2023\/12\/pegoretti-logo-pdf-1024x389.jpg\" alt=\"\" class=\"wp-image-47536\" width=\"453\" height=\"172\" srcset=\"https:\/\/jornalfatosenoticias.com.br\/wp-content\/uploads\/2023\/12\/pegoretti-logo-pdf-1024x389.jpg 1024w, https:\/\/jornalfatosenoticias.com.br\/wp-content\/uploads\/2023\/12\/pegoretti-logo-pdf-300x114.jpg 300w, https:\/\/jornalfatosenoticias.com.br\/wp-content\/uploads\/2023\/12\/pegoretti-logo-pdf-768x291.jpg 768w, https:\/\/jornalfatosenoticias.com.br\/wp-content\/uploads\/2023\/12\/pegoretti-logo-pdf.jpg 1120w\" sizes=\"auto, (max-width: 453px) 100vw, 453px\" \/><\/a><\/figure><\/div>\n\n\n\n<p>Mesmo pequeno, o estudo mostra resultados que abrem caminho para descobertas ainda maiores. Se for validado por pesquisas mais extensas, as terapias baseadas em GLP-1 podem representar uma nova fronteira na preven\u00e7\u00e3o da enxaqueca \u2014 uma que ataca a press\u00e3o cerebral e a inflama\u00e7\u00e3o, e n\u00e3o apenas a dor.<\/p>\n\n\n\n<div class=\"wp-block-image\"><figure class=\"aligncenter size-large is-resized\"><a href=\"https:\/\/hotelmarquetti.com.br\/\"><img loading=\"lazy\" decoding=\"async\" src=\"https:\/\/jornalfatosenoticias.com.br\/wp-content\/uploads\/2020\/02\/LOGO-MQ-1024x680.jpg\" alt=\"\" class=\"wp-image-58299\" width=\"323\" height=\"214\" srcset=\"https:\/\/jornalfatosenoticias.com.br\/wp-content\/uploads\/2020\/02\/LOGO-MQ-1024x680.jpg 1024w, https:\/\/jornalfatosenoticias.com.br\/wp-content\/uploads\/2020\/02\/LOGO-MQ-300x199.jpg 300w, https:\/\/jornalfatosenoticias.com.br\/wp-content\/uploads\/2020\/02\/LOGO-MQ-768x510.jpg 768w, https:\/\/jornalfatosenoticias.com.br\/wp-content\/uploads\/2020\/02\/LOGO-MQ-1536x1020.jpg 1536w, https:\/\/jornalfatosenoticias.com.br\/wp-content\/uploads\/2020\/02\/LOGO-MQ-2048x1360.jpg 2048w\" sizes=\"auto, (max-width: 323px) 100vw, 323px\" \/><\/a><\/figure><\/div>\n\n\n\n<p>A liraglutida \u00e9 outro medicamento da Novo Nordisk, que tamb\u00e9m fabrica a semaglutida (Wegovy, Ozempic). Embora a semaglutida seja considerada superior para perda de peso e controle do diabetes, a liraglutida tem um corpo crescente de evid\u00eancias mostrando maior efic\u00e1cia para enxaquecas e condi\u00e7\u00f5es neurol\u00f3gicas. <\/p>\n\n\n\n<div class=\"wp-block-image\"><figure class=\"aligncenter size-large\"><a href=\"http:\/\/www.ferrarimaquinas.com.br\/\"><img loading=\"lazy\" decoding=\"async\" width=\"300\" height=\"250\" src=\"https:\/\/jornalfatosenoticias.com.br\/wp-content\/uploads\/2022\/02\/FERRARI_MAQUINAS-E-FERRAMENTAS2.jpg\" alt=\"\" class=\"wp-image-27860\"\/><\/a><\/figure><\/div>\n\n\n\n<blockquote class=\"wp-block-quote is-layout-flow wp-block-quote-is-layout-flow\"><p><span class=\"has-inline-color has-luminous-vivid-orange-color\">Nossas descobertas mostram que a liraglutida pode ser eficaz no tratamento de enxaquecas cr\u00f4nicas ou de alta frequ\u00eancia resistentes em pacientes com obesidade, e que esse efeito \u00e9 independente da perda de peso. Embora mais estudos sejam necess\u00e1rios para esclarecer esse tema, esses achados geram a hip\u00f3tese de que uma disfun\u00e7\u00e3o no controle da PIC pode desempenhar um papel na patog\u00eanese da enxaqueca e representar um novo alvo terap\u00eautico&#8221;, explica um trecho do artigo.<\/span><\/p><\/blockquote>\n\n\n\n<div class=\"wp-block-image\"><figure class=\"aligncenter size-large is-resized\"><a href=\"https:\/\/www.legisjuris.com.br\/\"><img loading=\"lazy\" decoding=\"async\" src=\"https:\/\/jornalfatosenoticias.com.br\/wp-content\/uploads\/2024\/09\/Legis-Juris-Consultoria_logo.jpg\" alt=\"\" class=\"wp-image-53915\" width=\"489\" height=\"205\" srcset=\"https:\/\/jornalfatosenoticias.com.br\/wp-content\/uploads\/2024\/09\/Legis-Juris-Consultoria_logo.jpg 969w, https:\/\/jornalfatosenoticias.com.br\/wp-content\/uploads\/2024\/09\/Legis-Juris-Consultoria_logo-300x126.jpg 300w, https:\/\/jornalfatosenoticias.com.br\/wp-content\/uploads\/2024\/09\/Legis-Juris-Consultoria_logo-768x322.jpg 768w\" sizes=\"auto, (max-width: 489px) 100vw, 489px\" \/><\/a><\/figure><\/div>\n\n\n\n<p><strong><span class=\"has-inline-color has-vivid-purple-color\">Principais resultados do estudo<br><\/span><\/strong>\ud83d\udd39Redu\u00e7\u00e3o m\u00e9dia dos dias com dor de cabe\u00e7a por m\u00eas: de 19,8 para 10,7.<br>\ud83d\udd39Quase 50% dos participantes tiveram redu\u00e7\u00e3o de pelo menos 50% na frequ\u00eancia das dores.<br>\ud83d\udd39Um paciente apresentou remiss\u00e3o completa dos sintomas.<br>\ud83d\udd39Queda de mais de 50% nos n\u00edveis de incapacidade causados pela enxaqueca.<br>\ud83d\udd39Melhora significativa na qualidade de vida dos participantes.<\/p>\n\n\n\n<div class=\"wp-block-image\"><figure class=\"aligncenter size-large is-resized\"><a href=\"https:\/\/www.facebook.com\/vetor.vix\/\"><img loading=\"lazy\" decoding=\"async\" src=\"https:\/\/jornalfatosenoticias.com.br\/wp-content\/uploads\/2023\/09\/vetorvix1024_1.jpg\" alt=\"\" class=\"wp-image-44868\" width=\"531\" height=\"141\" srcset=\"https:\/\/jornalfatosenoticias.com.br\/wp-content\/uploads\/2023\/09\/vetorvix1024_1.jpg 1024w, https:\/\/jornalfatosenoticias.com.br\/wp-content\/uploads\/2023\/09\/vetorvix1024_1-300x80.jpg 300w, https:\/\/jornalfatosenoticias.com.br\/wp-content\/uploads\/2023\/09\/vetorvix1024_1-768x205.jpg 768w\" sizes=\"auto, (max-width: 531px) 100vw, 531px\" \/><\/a><\/figure><\/div>\n\n\n\n<p><strong>Fonte: <a href=\"https:\/\/olhardigital.com.br\/2025\/07\/06\/medicina-e-saude\/medicamento-corta-em-50-frequencia-e-intensidade-da-enxaqueca-mostra-estudo\/\">Olhar Digital<\/a><\/strong><\/p>\n","protected":false},"excerpt":{"rendered":"<p>Composto usado em tratamentos para obesidade, pode reduzir pela metade a frequ\u00eancia e a gravidade das crises de enxaqueca cr\u00f4nica Por Beatriz Campos Um rem\u00e9dio usado para perda de peso e diabetes pode ajudar no tratamento de outra doen\u00e7a: a\u00a0enxaqueca. Um novo estudo, publicado na revista\u00a0Headache, apontou que medicamentos que possuem GLP-1 proporcionaram al\u00edvio para [&hellip;]<\/p>\n","protected":false},"author":2,"featured_media":60575,"comment_status":"open","ping_status":"open","sticky":false,"template":"","format":"standard","meta":{"footnotes":""},"categories":[11],"tags":[3171,27626,714,27627,1884,11702,23142],"class_list":["post-60574","post","type-post","status-publish","format-standard","has-post-thumbnail","hentry","category-saude","tag-enxaqueca","tag-enxaqueca-cronica","tag-estudo","tag-intensidade-da-enxaqueca","tag-medicamento","tag-medicina-e-saude","tag-ozempic"],"yoast_head":"<!-- This site is optimized with the Yoast SEO plugin v26.5 - https:\/\/yoast.com\/wordpress\/plugins\/seo\/ -->\n<title>Medicamento corta em 50% frequ\u00eancia e intensidade da enxaqueca, mostra estudo - Jornal Fatos e Not\u00edcias<\/title>\n<meta name=\"robots\" content=\"index, follow, max-snippet:-1, max-image-preview:large, max-video-preview:-1\" \/>\n<link rel=\"canonical\" href=\"https:\/\/jornalfatosenoticias.com.br\/index.php\/2025\/07\/16\/medicamento-corta-em-50-frequencia-e-intensidade-da-enxaqueca-mostra-estudo\/\" \/>\n<meta property=\"og:locale\" content=\"pt_BR\" \/>\n<meta property=\"og:type\" content=\"article\" \/>\n<meta property=\"og:title\" content=\"Medicamento corta em 50% frequ\u00eancia e intensidade da enxaqueca, mostra estudo - Jornal Fatos e Not\u00edcias\" \/>\n<meta property=\"og:description\" content=\"Composto usado em tratamentos para obesidade, pode reduzir pela metade a frequ\u00eancia e a gravidade das crises de enxaqueca cr\u00f4nica Por Beatriz Campos Um rem\u00e9dio usado para perda de peso e diabetes pode ajudar no tratamento de outra doen\u00e7a: a\u00a0enxaqueca. Um novo estudo, publicado na revista\u00a0Headache, apontou que medicamentos que possuem GLP-1 proporcionaram al\u00edvio para [&hellip;]\" \/>\n<meta property=\"og:url\" content=\"https:\/\/jornalfatosenoticias.com.br\/index.php\/2025\/07\/16\/medicamento-corta-em-50-frequencia-e-intensidade-da-enxaqueca-mostra-estudo\/\" \/>\n<meta property=\"og:site_name\" content=\"Jornal Fatos e Not\u00edcias\" \/>\n<meta property=\"article:published_time\" content=\"2025-07-16T13:41:01+00:00\" \/>\n<meta property=\"article:modified_time\" content=\"2025-07-16T13:41:02+00:00\" \/>\n<meta property=\"og:image\" content=\"https:\/\/jornalfatosenoticias.com.br\/wp-content\/uploads\/2025\/07\/enxaqueca_freepik.jpg\" \/>\n\t<meta property=\"og:image:width\" content=\"1000\" \/>\n\t<meta property=\"og:image:height\" content=\"666\" \/>\n\t<meta property=\"og:image:type\" content=\"image\/jpeg\" \/>\n<meta name=\"author\" content=\"Luzimara Fernandes\" \/>\n<meta name=\"twitter:card\" content=\"summary_large_image\" \/>\n<meta name=\"twitter:label1\" content=\"Escrito por\" \/>\n\t<meta name=\"twitter:data1\" content=\"Luzimara Fernandes\" \/>\n\t<meta name=\"twitter:label2\" content=\"Est. tempo de leitura\" \/>\n\t<meta name=\"twitter:data2\" content=\"3 minutos\" \/>\n<script type=\"application\/ld+json\" class=\"yoast-schema-graph\">{\"@context\":\"https:\/\/schema.org\",\"@graph\":[{\"@type\":\"Article\",\"@id\":\"https:\/\/jornalfatosenoticias.com.br\/index.php\/2025\/07\/16\/medicamento-corta-em-50-frequencia-e-intensidade-da-enxaqueca-mostra-estudo\/#article\",\"isPartOf\":{\"@id\":\"https:\/\/jornalfatosenoticias.com.br\/index.php\/2025\/07\/16\/medicamento-corta-em-50-frequencia-e-intensidade-da-enxaqueca-mostra-estudo\/\"},\"author\":{\"name\":\"Luzimara Fernandes\",\"@id\":\"https:\/\/jornalfatosenoticias.com.br\/#\/schema\/person\/d63837fa13ac8666eb9e74e0985d6f81\"},\"headline\":\"Medicamento corta em 50% frequ\u00eancia e intensidade da enxaqueca, mostra estudo\",\"datePublished\":\"2025-07-16T13:41:01+00:00\",\"dateModified\":\"2025-07-16T13:41:02+00:00\",\"mainEntityOfPage\":{\"@id\":\"https:\/\/jornalfatosenoticias.com.br\/index.php\/2025\/07\/16\/medicamento-corta-em-50-frequencia-e-intensidade-da-enxaqueca-mostra-estudo\/\"},\"wordCount\":525,\"commentCount\":0,\"publisher\":{\"@id\":\"https:\/\/jornalfatosenoticias.com.br\/#organization\"},\"image\":{\"@id\":\"https:\/\/jornalfatosenoticias.com.br\/index.php\/2025\/07\/16\/medicamento-corta-em-50-frequencia-e-intensidade-da-enxaqueca-mostra-estudo\/#primaryimage\"},\"thumbnailUrl\":\"https:\/\/jornalfatosenoticias.com.br\/wp-content\/uploads\/2025\/07\/enxaqueca_freepik.jpg\",\"keywords\":[\"Enxaqueca\",\"enxaqueca cr\u00f4nica\",\"Estudo\",\"intensidade da enxaqueca\",\"medicamento\",\"medicina e sa\u00fade\",\"Ozempic\"],\"articleSection\":[\"Sa\u00fade\"],\"inLanguage\":\"pt-BR\",\"potentialAction\":[{\"@type\":\"CommentAction\",\"name\":\"Comment\",\"target\":[\"https:\/\/jornalfatosenoticias.com.br\/index.php\/2025\/07\/16\/medicamento-corta-em-50-frequencia-e-intensidade-da-enxaqueca-mostra-estudo\/#respond\"]}]},{\"@type\":\"WebPage\",\"@id\":\"https:\/\/jornalfatosenoticias.com.br\/index.php\/2025\/07\/16\/medicamento-corta-em-50-frequencia-e-intensidade-da-enxaqueca-mostra-estudo\/\",\"url\":\"https:\/\/jornalfatosenoticias.com.br\/index.php\/2025\/07\/16\/medicamento-corta-em-50-frequencia-e-intensidade-da-enxaqueca-mostra-estudo\/\",\"name\":\"Medicamento corta em 50% frequ\u00eancia e intensidade da enxaqueca, mostra estudo - Jornal Fatos e Not\u00edcias\",\"isPartOf\":{\"@id\":\"https:\/\/jornalfatosenoticias.com.br\/#website\"},\"primaryImageOfPage\":{\"@id\":\"https:\/\/jornalfatosenoticias.com.br\/index.php\/2025\/07\/16\/medicamento-corta-em-50-frequencia-e-intensidade-da-enxaqueca-mostra-estudo\/#primaryimage\"},\"image\":{\"@id\":\"https:\/\/jornalfatosenoticias.com.br\/index.php\/2025\/07\/16\/medicamento-corta-em-50-frequencia-e-intensidade-da-enxaqueca-mostra-estudo\/#primaryimage\"},\"thumbnailUrl\":\"https:\/\/jornalfatosenoticias.com.br\/wp-content\/uploads\/2025\/07\/enxaqueca_freepik.jpg\",\"datePublished\":\"2025-07-16T13:41:01+00:00\",\"dateModified\":\"2025-07-16T13:41:02+00:00\",\"breadcrumb\":{\"@id\":\"https:\/\/jornalfatosenoticias.com.br\/index.php\/2025\/07\/16\/medicamento-corta-em-50-frequencia-e-intensidade-da-enxaqueca-mostra-estudo\/#breadcrumb\"},\"inLanguage\":\"pt-BR\",\"potentialAction\":[{\"@type\":\"ReadAction\",\"target\":[\"https:\/\/jornalfatosenoticias.com.br\/index.php\/2025\/07\/16\/medicamento-corta-em-50-frequencia-e-intensidade-da-enxaqueca-mostra-estudo\/\"]}]},{\"@type\":\"ImageObject\",\"inLanguage\":\"pt-BR\",\"@id\":\"https:\/\/jornalfatosenoticias.com.br\/index.php\/2025\/07\/16\/medicamento-corta-em-50-frequencia-e-intensidade-da-enxaqueca-mostra-estudo\/#primaryimage\",\"url\":\"https:\/\/jornalfatosenoticias.com.br\/wp-content\/uploads\/2025\/07\/enxaqueca_freepik.jpg\",\"contentUrl\":\"https:\/\/jornalfatosenoticias.com.br\/wp-content\/uploads\/2025\/07\/enxaqueca_freepik.jpg\",\"width\":1000,\"height\":666,\"caption\":\"Young beautiful brunette businesswoman holding fingers on temples frowning from pain over white background. Headache. Copy space.\"},{\"@type\":\"BreadcrumbList\",\"@id\":\"https:\/\/jornalfatosenoticias.com.br\/index.php\/2025\/07\/16\/medicamento-corta-em-50-frequencia-e-intensidade-da-enxaqueca-mostra-estudo\/#breadcrumb\",\"itemListElement\":[{\"@type\":\"ListItem\",\"position\":1,\"name\":\"In\u00edcio\",\"item\":\"https:\/\/jornalfatosenoticias.com.br\/\"},{\"@type\":\"ListItem\",\"position\":2,\"name\":\"Medicamento corta em 50% frequ\u00eancia e intensidade da enxaqueca, mostra estudo\"}]},{\"@type\":\"WebSite\",\"@id\":\"https:\/\/jornalfatosenoticias.com.br\/#website\",\"url\":\"https:\/\/jornalfatosenoticias.com.br\/\",\"name\":\"Jornal Fatos e Not\u00edcias\",\"description\":\"Not\u00edcias em geral\",\"publisher\":{\"@id\":\"https:\/\/jornalfatosenoticias.com.br\/#organization\"},\"potentialAction\":[{\"@type\":\"SearchAction\",\"target\":{\"@type\":\"EntryPoint\",\"urlTemplate\":\"https:\/\/jornalfatosenoticias.com.br\/?s={search_term_string}\"},\"query-input\":{\"@type\":\"PropertyValueSpecification\",\"valueRequired\":true,\"valueName\":\"search_term_string\"}}],\"inLanguage\":\"pt-BR\"},{\"@type\":\"Organization\",\"@id\":\"https:\/\/jornalfatosenoticias.com.br\/#organization\",\"name\":\"Jornal Fatos e Not\u00edcias\",\"url\":\"https:\/\/jornalfatosenoticias.com.br\/\",\"logo\":{\"@type\":\"ImageObject\",\"inLanguage\":\"pt-BR\",\"@id\":\"https:\/\/jornalfatosenoticias.com.br\/#\/schema\/logo\/image\/\",\"url\":\"https:\/\/jornalfatosenoticias.com.br\/wp-content\/uploads\/2020\/02\/logo120.png\",\"contentUrl\":\"https:\/\/jornalfatosenoticias.com.br\/wp-content\/uploads\/2020\/02\/logo120.png\",\"width\":1227,\"height\":120,\"caption\":\"Jornal Fatos e Not\u00edcias\"},\"image\":{\"@id\":\"https:\/\/jornalfatosenoticias.com.br\/#\/schema\/logo\/image\/\"}},{\"@type\":\"Person\",\"@id\":\"https:\/\/jornalfatosenoticias.com.br\/#\/schema\/person\/d63837fa13ac8666eb9e74e0985d6f81\",\"name\":\"Luzimara Fernandes\",\"image\":{\"@type\":\"ImageObject\",\"inLanguage\":\"pt-BR\",\"@id\":\"https:\/\/jornalfatosenoticias.com.br\/#\/schema\/person\/image\/\",\"url\":\"https:\/\/jornalfatosenoticias.com.br\/wp-content\/uploads\/2025\/05\/EU_portal.jpg\",\"contentUrl\":\"https:\/\/jornalfatosenoticias.com.br\/wp-content\/uploads\/2025\/05\/EU_portal.jpg\",\"caption\":\"Luzimara Fernandes\"},\"description\":\"Jornalista MTB 2358-ES\",\"sameAs\":[\"https:\/\/jornalfatosenoticias.com.br\"],\"url\":\"https:\/\/jornalfatosenoticias.com.br\/index.php\/author\/luzimara\/\"}]}<\/script>\n<!-- \/ Yoast SEO plugin. -->","yoast_head_json":{"title":"Medicamento corta em 50% frequ\u00eancia e intensidade da enxaqueca, mostra estudo - Jornal Fatos e Not\u00edcias","robots":{"index":"index","follow":"follow","max-snippet":"max-snippet:-1","max-image-preview":"max-image-preview:large","max-video-preview":"max-video-preview:-1"},"canonical":"https:\/\/jornalfatosenoticias.com.br\/index.php\/2025\/07\/16\/medicamento-corta-em-50-frequencia-e-intensidade-da-enxaqueca-mostra-estudo\/","og_locale":"pt_BR","og_type":"article","og_title":"Medicamento corta em 50% frequ\u00eancia e intensidade da enxaqueca, mostra estudo - Jornal Fatos e Not\u00edcias","og_description":"Composto usado em tratamentos para obesidade, pode reduzir pela metade a frequ\u00eancia e a gravidade das crises de enxaqueca cr\u00f4nica Por Beatriz Campos Um rem\u00e9dio usado para perda de peso e diabetes pode ajudar no tratamento de outra doen\u00e7a: a\u00a0enxaqueca. Um novo estudo, publicado na revista\u00a0Headache, apontou que medicamentos que possuem GLP-1 proporcionaram al\u00edvio para [&hellip;]","og_url":"https:\/\/jornalfatosenoticias.com.br\/index.php\/2025\/07\/16\/medicamento-corta-em-50-frequencia-e-intensidade-da-enxaqueca-mostra-estudo\/","og_site_name":"Jornal Fatos e Not\u00edcias","article_published_time":"2025-07-16T13:41:01+00:00","article_modified_time":"2025-07-16T13:41:02+00:00","og_image":[{"width":1000,"height":666,"url":"https:\/\/jornalfatosenoticias.com.br\/wp-content\/uploads\/2025\/07\/enxaqueca_freepik.jpg","type":"image\/jpeg"}],"author":"Luzimara Fernandes","twitter_card":"summary_large_image","twitter_misc":{"Escrito por":"Luzimara Fernandes","Est. tempo de leitura":"3 minutos"},"schema":{"@context":"https:\/\/schema.org","@graph":[{"@type":"Article","@id":"https:\/\/jornalfatosenoticias.com.br\/index.php\/2025\/07\/16\/medicamento-corta-em-50-frequencia-e-intensidade-da-enxaqueca-mostra-estudo\/#article","isPartOf":{"@id":"https:\/\/jornalfatosenoticias.com.br\/index.php\/2025\/07\/16\/medicamento-corta-em-50-frequencia-e-intensidade-da-enxaqueca-mostra-estudo\/"},"author":{"name":"Luzimara Fernandes","@id":"https:\/\/jornalfatosenoticias.com.br\/#\/schema\/person\/d63837fa13ac8666eb9e74e0985d6f81"},"headline":"Medicamento corta em 50% frequ\u00eancia e intensidade da enxaqueca, mostra estudo","datePublished":"2025-07-16T13:41:01+00:00","dateModified":"2025-07-16T13:41:02+00:00","mainEntityOfPage":{"@id":"https:\/\/jornalfatosenoticias.com.br\/index.php\/2025\/07\/16\/medicamento-corta-em-50-frequencia-e-intensidade-da-enxaqueca-mostra-estudo\/"},"wordCount":525,"commentCount":0,"publisher":{"@id":"https:\/\/jornalfatosenoticias.com.br\/#organization"},"image":{"@id":"https:\/\/jornalfatosenoticias.com.br\/index.php\/2025\/07\/16\/medicamento-corta-em-50-frequencia-e-intensidade-da-enxaqueca-mostra-estudo\/#primaryimage"},"thumbnailUrl":"https:\/\/jornalfatosenoticias.com.br\/wp-content\/uploads\/2025\/07\/enxaqueca_freepik.jpg","keywords":["Enxaqueca","enxaqueca cr\u00f4nica","Estudo","intensidade da enxaqueca","medicamento","medicina e sa\u00fade","Ozempic"],"articleSection":["Sa\u00fade"],"inLanguage":"pt-BR","potentialAction":[{"@type":"CommentAction","name":"Comment","target":["https:\/\/jornalfatosenoticias.com.br\/index.php\/2025\/07\/16\/medicamento-corta-em-50-frequencia-e-intensidade-da-enxaqueca-mostra-estudo\/#respond"]}]},{"@type":"WebPage","@id":"https:\/\/jornalfatosenoticias.com.br\/index.php\/2025\/07\/16\/medicamento-corta-em-50-frequencia-e-intensidade-da-enxaqueca-mostra-estudo\/","url":"https:\/\/jornalfatosenoticias.com.br\/index.php\/2025\/07\/16\/medicamento-corta-em-50-frequencia-e-intensidade-da-enxaqueca-mostra-estudo\/","name":"Medicamento corta em 50% frequ\u00eancia e intensidade da enxaqueca, mostra estudo - Jornal Fatos e Not\u00edcias","isPartOf":{"@id":"https:\/\/jornalfatosenoticias.com.br\/#website"},"primaryImageOfPage":{"@id":"https:\/\/jornalfatosenoticias.com.br\/index.php\/2025\/07\/16\/medicamento-corta-em-50-frequencia-e-intensidade-da-enxaqueca-mostra-estudo\/#primaryimage"},"image":{"@id":"https:\/\/jornalfatosenoticias.com.br\/index.php\/2025\/07\/16\/medicamento-corta-em-50-frequencia-e-intensidade-da-enxaqueca-mostra-estudo\/#primaryimage"},"thumbnailUrl":"https:\/\/jornalfatosenoticias.com.br\/wp-content\/uploads\/2025\/07\/enxaqueca_freepik.jpg","datePublished":"2025-07-16T13:41:01+00:00","dateModified":"2025-07-16T13:41:02+00:00","breadcrumb":{"@id":"https:\/\/jornalfatosenoticias.com.br\/index.php\/2025\/07\/16\/medicamento-corta-em-50-frequencia-e-intensidade-da-enxaqueca-mostra-estudo\/#breadcrumb"},"inLanguage":"pt-BR","potentialAction":[{"@type":"ReadAction","target":["https:\/\/jornalfatosenoticias.com.br\/index.php\/2025\/07\/16\/medicamento-corta-em-50-frequencia-e-intensidade-da-enxaqueca-mostra-estudo\/"]}]},{"@type":"ImageObject","inLanguage":"pt-BR","@id":"https:\/\/jornalfatosenoticias.com.br\/index.php\/2025\/07\/16\/medicamento-corta-em-50-frequencia-e-intensidade-da-enxaqueca-mostra-estudo\/#primaryimage","url":"https:\/\/jornalfatosenoticias.com.br\/wp-content\/uploads\/2025\/07\/enxaqueca_freepik.jpg","contentUrl":"https:\/\/jornalfatosenoticias.com.br\/wp-content\/uploads\/2025\/07\/enxaqueca_freepik.jpg","width":1000,"height":666,"caption":"Young beautiful brunette businesswoman holding fingers on temples frowning from pain over white background. Headache. Copy space."},{"@type":"BreadcrumbList","@id":"https:\/\/jornalfatosenoticias.com.br\/index.php\/2025\/07\/16\/medicamento-corta-em-50-frequencia-e-intensidade-da-enxaqueca-mostra-estudo\/#breadcrumb","itemListElement":[{"@type":"ListItem","position":1,"name":"In\u00edcio","item":"https:\/\/jornalfatosenoticias.com.br\/"},{"@type":"ListItem","position":2,"name":"Medicamento corta em 50% frequ\u00eancia e intensidade da enxaqueca, mostra estudo"}]},{"@type":"WebSite","@id":"https:\/\/jornalfatosenoticias.com.br\/#website","url":"https:\/\/jornalfatosenoticias.com.br\/","name":"Jornal Fatos e Not\u00edcias","description":"Not\u00edcias em geral","publisher":{"@id":"https:\/\/jornalfatosenoticias.com.br\/#organization"},"potentialAction":[{"@type":"SearchAction","target":{"@type":"EntryPoint","urlTemplate":"https:\/\/jornalfatosenoticias.com.br\/?s={search_term_string}"},"query-input":{"@type":"PropertyValueSpecification","valueRequired":true,"valueName":"search_term_string"}}],"inLanguage":"pt-BR"},{"@type":"Organization","@id":"https:\/\/jornalfatosenoticias.com.br\/#organization","name":"Jornal Fatos e Not\u00edcias","url":"https:\/\/jornalfatosenoticias.com.br\/","logo":{"@type":"ImageObject","inLanguage":"pt-BR","@id":"https:\/\/jornalfatosenoticias.com.br\/#\/schema\/logo\/image\/","url":"https:\/\/jornalfatosenoticias.com.br\/wp-content\/uploads\/2020\/02\/logo120.png","contentUrl":"https:\/\/jornalfatosenoticias.com.br\/wp-content\/uploads\/2020\/02\/logo120.png","width":1227,"height":120,"caption":"Jornal Fatos e Not\u00edcias"},"image":{"@id":"https:\/\/jornalfatosenoticias.com.br\/#\/schema\/logo\/image\/"}},{"@type":"Person","@id":"https:\/\/jornalfatosenoticias.com.br\/#\/schema\/person\/d63837fa13ac8666eb9e74e0985d6f81","name":"Luzimara Fernandes","image":{"@type":"ImageObject","inLanguage":"pt-BR","@id":"https:\/\/jornalfatosenoticias.com.br\/#\/schema\/person\/image\/","url":"https:\/\/jornalfatosenoticias.com.br\/wp-content\/uploads\/2025\/05\/EU_portal.jpg","contentUrl":"https:\/\/jornalfatosenoticias.com.br\/wp-content\/uploads\/2025\/05\/EU_portal.jpg","caption":"Luzimara Fernandes"},"description":"Jornalista MTB 2358-ES","sameAs":["https:\/\/jornalfatosenoticias.com.br"],"url":"https:\/\/jornalfatosenoticias.com.br\/index.php\/author\/luzimara\/"}]}},"cc_featured_image_caption":{"caption_text":"(Foto: Freepik) ","source_text":"","source_url":""},"jetpack_featured_media_url":"https:\/\/jornalfatosenoticias.com.br\/wp-content\/uploads\/2025\/07\/enxaqueca_freepik.jpg","_links":{"self":[{"href":"https:\/\/jornalfatosenoticias.com.br\/index.php\/wp-json\/wp\/v2\/posts\/60574","targetHints":{"allow":["GET"]}}],"collection":[{"href":"https:\/\/jornalfatosenoticias.com.br\/index.php\/wp-json\/wp\/v2\/posts"}],"about":[{"href":"https:\/\/jornalfatosenoticias.com.br\/index.php\/wp-json\/wp\/v2\/types\/post"}],"author":[{"embeddable":true,"href":"https:\/\/jornalfatosenoticias.com.br\/index.php\/wp-json\/wp\/v2\/users\/2"}],"replies":[{"embeddable":true,"href":"https:\/\/jornalfatosenoticias.com.br\/index.php\/wp-json\/wp\/v2\/comments?post=60574"}],"version-history":[{"count":0,"href":"https:\/\/jornalfatosenoticias.com.br\/index.php\/wp-json\/wp\/v2\/posts\/60574\/revisions"}],"wp:featuredmedia":[{"embeddable":true,"href":"https:\/\/jornalfatosenoticias.com.br\/index.php\/wp-json\/wp\/v2\/media\/60575"}],"wp:attachment":[{"href":"https:\/\/jornalfatosenoticias.com.br\/index.php\/wp-json\/wp\/v2\/media?parent=60574"}],"wp:term":[{"taxonomy":"category","embeddable":true,"href":"https:\/\/jornalfatosenoticias.com.br\/index.php\/wp-json\/wp\/v2\/categories?post=60574"},{"taxonomy":"post_tag","embeddable":true,"href":"https:\/\/jornalfatosenoticias.com.br\/index.php\/wp-json\/wp\/v2\/tags?post=60574"}],"curies":[{"name":"wp","href":"https:\/\/api.w.org\/{rel}","templated":true}]}}