{"id":60597,"date":"2025-07-16T11:51:03","date_gmt":"2025-07-16T14:51:03","guid":{"rendered":"https:\/\/jornalfatosenoticias.com.br\/?p=60597"},"modified":"2025-07-16T11:51:05","modified_gmt":"2025-07-16T14:51:05","slug":"terra-pode-ter-miniluas-a-qualquer-momento-afirmam-astronomos","status":"publish","type":"post","link":"https:\/\/jornalfatosenoticias.com.br\/index.php\/2025\/07\/16\/terra-pode-ter-miniluas-a-qualquer-momento-afirmam-astronomos\/","title":{"rendered":"Terra pode ter &#8216;miniluas&#8217; a qualquer momento, afirmam astr\u00f4nomos"},"content":{"rendered":"\n<div class=\"wp-block-image\"><figure class=\"aligncenter size-large is-resized\"><a href=\"https:\/\/hotelmarquetti.com.br\/\"><img loading=\"lazy\" decoding=\"async\" src=\"https:\/\/jornalfatosenoticias.com.br\/wp-content\/uploads\/2020\/02\/LOGO-MQ-1024x680.jpg\" alt=\"\" class=\"wp-image-58299\" width=\"327\" height=\"217\" srcset=\"https:\/\/jornalfatosenoticias.com.br\/wp-content\/uploads\/2020\/02\/LOGO-MQ-1024x680.jpg 1024w, https:\/\/jornalfatosenoticias.com.br\/wp-content\/uploads\/2020\/02\/LOGO-MQ-300x199.jpg 300w, https:\/\/jornalfatosenoticias.com.br\/wp-content\/uploads\/2020\/02\/LOGO-MQ-768x510.jpg 768w, https:\/\/jornalfatosenoticias.com.br\/wp-content\/uploads\/2020\/02\/LOGO-MQ-1536x1020.jpg 1536w, https:\/\/jornalfatosenoticias.com.br\/wp-content\/uploads\/2020\/02\/LOGO-MQ-2048x1360.jpg 2048w\" sizes=\"auto, (max-width: 327px) 100vw, 327px\" \/><\/a><\/figure><\/div>\n\n\n\n<p>Estudos sugerem que at\u00e9 6,5 fragmentos lunares lan\u00e7ados no espa\u00e7o por impactos em nosso sat\u00e9lite natural podem estar em \u00f3rbita simult\u00e2nea e temporariamente ao redor da Terra como miniluas. Os\u00a0<a href=\"https:\/\/noticiabrasil.net.br\/20250628\/estudo-indica-o-que-pode-acontecer-com-a-terra-se-asteroide-perigoso-atingir-a-lua-em-2032-40847694.html\" target=\"_blank\" rel=\"noreferrer noopener\">detritos lunares<\/a> s\u00e3o lan\u00e7ados ao espa\u00e7o por impactos com a superf\u00edcie lunar, e alguns acabam brevemente orbitando a Terra. O fen\u00f4meno \u00e9 descrito como uma &#8220;dan\u00e7a de quadrilha&#8221;, com objetos mudando de trajet\u00f3ria em ciclos imprevis\u00edveis. Estudos anteriores sugeriam que miniluas vinham do cintur\u00e3o de asteroides, mas objetos como Kamo&#8217;oalewa e 2024 PT5 indicam uma poss\u00edvel origem lunar.<br>Kamo&#8217;oalewa, descoberto em 2016, demonstrou ser um\u00a0<a href=\"https:\/\/noticiabrasil.net.br\/20250319\/lado-distante-da-lua-ja-foi-um-vasto-oceano-de-magma-segundo-material-coletado-por-sonda-chinesa-38878315.html\" target=\"_blank\" rel=\"noreferrer noopener\">fragmento da Lua<\/a> que orbita o Sol em sincronia com a Terra. J\u00e1 o 2024 PT5, observado mais recentemente, tamb\u00e9m tem caracter\u00edsticas lunares. Esses dois casos levantaram a hip\u00f3tese de que a Lua possa estar gerando suas pr\u00f3prias miniluas de maneira recorrente.<\/p>\n\n\n\n<div class=\"wp-block-image\"><figure class=\"aligncenter size-large is-resized\"><a href=\"https:\/\/www.facebook.com\/postobkr\/?locale=pt_BR\"><img loading=\"lazy\" decoding=\"async\" src=\"https:\/\/jornalfatosenoticias.com.br\/wp-content\/uploads\/2023\/08\/BKR-1024x1021.jpg\" alt=\"\" class=\"wp-image-44494\" width=\"281\" height=\"280\" srcset=\"https:\/\/jornalfatosenoticias.com.br\/wp-content\/uploads\/2023\/08\/BKR-1024x1021.jpg 1024w, https:\/\/jornalfatosenoticias.com.br\/wp-content\/uploads\/2023\/08\/BKR-300x300.jpg 300w, https:\/\/jornalfatosenoticias.com.br\/wp-content\/uploads\/2023\/08\/BKR-150x150.jpg 150w, https:\/\/jornalfatosenoticias.com.br\/wp-content\/uploads\/2023\/08\/BKR-768x766.jpg 768w, https:\/\/jornalfatosenoticias.com.br\/wp-content\/uploads\/2023\/08\/BKR.jpg 1080w\" sizes=\"auto, (max-width: 281px) 100vw, 281px\" \/><\/a><\/figure><\/div>\n\n\n\n<p>Com base em simula\u00e7\u00f5es, os cientistas estimam que at\u00e9 6,5 dessas miniluas originadas da Lua possam estar\u00a0<a href=\"https:\/\/noticiabrasil.net.br\/20250705\/astronomos-detectam-3-objeto-interestelar-de-sempre-a-visitar-o-nosso-sistema-solar-foto-41065708.html\" target=\"_blank\" rel=\"noreferrer noopener\">orbitando a Terra<\/a> ao mesmo tempo, com vida \u00fatil m\u00e9dia de nove meses. No entanto, o n\u00famero exato \u00e9 dif\u00edcil de prever, dada a enorme incerteza sobre o tamanho e a velocidade dos fragmentos lan\u00e7ados por colis\u00f5es lunares.<\/p>\n\n\n\n<div class=\"wp-block-image\"><figure class=\"aligncenter size-large is-resized\"><a href=\"https:\/\/www.facebook.com\/profile.php?id=100069289606145\"><img loading=\"lazy\" decoding=\"async\" src=\"https:\/\/jornalfatosenoticias.com.br\/wp-content\/uploads\/2024\/11\/Guaitolini-Contabilidade-1024x714.jpeg\" alt=\"\" class=\"wp-image-55808\" width=\"332\" height=\"231\" srcset=\"https:\/\/jornalfatosenoticias.com.br\/wp-content\/uploads\/2024\/11\/Guaitolini-Contabilidade-1024x714.jpeg 1024w, https:\/\/jornalfatosenoticias.com.br\/wp-content\/uploads\/2024\/11\/Guaitolini-Contabilidade-300x209.jpeg 300w, https:\/\/jornalfatosenoticias.com.br\/wp-content\/uploads\/2024\/11\/Guaitolini-Contabilidade-768x535.jpeg 768w, https:\/\/jornalfatosenoticias.com.br\/wp-content\/uploads\/2024\/11\/Guaitolini-Contabilidade.jpeg 1280w\" sizes=\"auto, (max-width: 332px) 100vw, 332px\" \/><\/a><\/figure><\/div>\n\n\n\n<p>Apesar das estimativas, Robert Jedicke, pesquisador da Universidade do Hava\u00ed e principal autor do estudo,\u00a0<a href=\"https:\/\/www.space.com\/astronomy\/earth-may-have-at-least-6-minimoons-at-any-given-time-where-do-they-come-from\" target=\"_blank\" rel=\"noreferrer noopener\">alertou<\/a>\u00a0ao portal Space que os levantamentos\u00a0<a href=\"https:\/\/noticiabrasil.net.br\/20250702\/descoberta-de-galaxia-fossil-revela-segredos-da-formacao-do-universo-ha-bilhoes-de-anos-imagens-40956762.html\" target=\"_blank\" rel=\"noreferrer noopener\">telesc\u00f3picos modernos<\/a> n\u00e3o detectam tantos objetos como o previsto, o que sugere que os modelos podem estar superestimando sua frequ\u00eancia. Ainda assim, essas proje\u00e7\u00f5es s\u00e3o valiosas e podem ser ajustadas com base em novas observa\u00e7\u00f5es.<\/p>\n\n\n\n<div class=\"wp-block-image\"><figure class=\"aligncenter size-large is-resized\"><a href=\"https:\/\/www.instagram.com\/serra4x4cambioautomatico\/\"><img loading=\"lazy\" decoding=\"async\" src=\"https:\/\/jornalfatosenoticias.com.br\/wp-content\/uploads\/2024\/08\/Serra-4x4-1-886x1024.jpg\" alt=\"\" class=\"wp-image-53632\" width=\"249\" height=\"288\" srcset=\"https:\/\/jornalfatosenoticias.com.br\/wp-content\/uploads\/2024\/08\/Serra-4x4-1-886x1024.jpg 886w, https:\/\/jornalfatosenoticias.com.br\/wp-content\/uploads\/2024\/08\/Serra-4x4-1-260x300.jpg 260w, https:\/\/jornalfatosenoticias.com.br\/wp-content\/uploads\/2024\/08\/Serra-4x4-1-768x888.jpg 768w, https:\/\/jornalfatosenoticias.com.br\/wp-content\/uploads\/2024\/08\/Serra-4x4-1.jpg 1181w\" sizes=\"auto, (max-width: 249px) 100vw, 249px\" \/><\/a><\/figure><\/div>\n\n\n\n<p>Detectar miniluas exige que estejam\u00a0<a href=\"https:\/\/noticiabrasil.net.br\/20250626\/misterio-astronomos-capturam-estranho-sinal-de-radio-emitido-de-satelite-desativado-da-nasa-40774656.html\" target=\"_blank\" rel=\"noreferrer noopener\">muito pr\u00f3ximas da Terra<\/a>, o que as torna brilhantes, mas tamb\u00e9m r\u00e1pidas demais para serem facilmente identificadas em levantamentos astron\u00f4micos. Seu movimento veloz gera rastros nas imagens, dificultando o trabalho dos algoritmos de an\u00e1lise. Mesmo\u00a0<a href=\"https:\/\/noticiabrasil.net.br\/20250622\/astronomos-resolvem-antigo-misterio-da-astrofisica-a-materia-perdida-do-universo-imagem-40634555.html\" target=\"_blank\" rel=\"noreferrer noopener\">com os obst\u00e1culos<\/a>, casos como o 2020 CD3 mostram que \u00e9 poss\u00edvel registrar essas miniluas, abrindo espa\u00e7o para futuras observa\u00e7\u00f5es mais precisas. Uma vez detectadas, elas podem ser rastreadas com mais facilidade, ajudando a compreender sua origem e comportamento.<\/p>\n\n\n\n<div class=\"wp-block-image\"><figure class=\"aligncenter size-large is-resized\"><a href=\"https:\/\/www.instagram.com\/esteio.churrascaria\/\"><img loading=\"lazy\" decoding=\"async\" src=\"https:\/\/jornalfatosenoticias.com.br\/wp-content\/uploads\/2022\/02\/LOGO-ESTEIO-1024x730.png\" alt=\"\" class=\"wp-image-27942\" width=\"324\" height=\"231\" srcset=\"https:\/\/jornalfatosenoticias.com.br\/wp-content\/uploads\/2022\/02\/LOGO-ESTEIO-1024x730.png 1024w, https:\/\/jornalfatosenoticias.com.br\/wp-content\/uploads\/2022\/02\/LOGO-ESTEIO-300x214.png 300w, https:\/\/jornalfatosenoticias.com.br\/wp-content\/uploads\/2022\/02\/LOGO-ESTEIO-768x548.png 768w, https:\/\/jornalfatosenoticias.com.br\/wp-content\/uploads\/2022\/02\/LOGO-ESTEIO.png 1123w\" sizes=\"auto, (max-width: 324px) 100vw, 324px\" \/><\/a><\/figure><\/div>\n\n\n\n<p>Al\u00e9m do valor cient\u00edfico, essas miniluas tempor\u00e1rias podem ter\u00a0<a href=\"https:\/\/noticiabrasil.net.br\/20250422\/agencias-espaciais-estao-planejando-coletar-material-vindo-de-outros-sistemas-solares-39260959.html\" target=\"_blank\" rel=\"noreferrer noopener\">potencial comercial<\/a>. Por estarem pr\u00f3ximas da Terra, exigem pouco combust\u00edvel para serem acessadas, o que as torna atrativas para empresas interessadas em minera\u00e7\u00e3o espacial. Estudos sobre esses objetos tamb\u00e9m podem revelar mais sobre a forma\u00e7\u00e3o do Sistema Solar e o impacto de asteroides.<\/p>\n\n\n\n<p><strong>Fonte: <a href=\"https:\/\/noticiabrasil.net.br\/20250714\/terra-pode-ter-pelo-menos-6-miniluas-a-qualquer-momento-afirmam-astronomos-41335986.html\">Sputnik Brasil<\/a><\/strong><\/p>\n","protected":false},"excerpt":{"rendered":"<p>Estudos sugerem que at\u00e9 6,5 fragmentos lunares lan\u00e7ados no espa\u00e7o por impactos em nosso sat\u00e9lite natural podem estar em \u00f3rbita simult\u00e2nea e temporariamente ao redor da Terra como miniluas. Os\u00a0detritos lunares s\u00e3o lan\u00e7ados ao espa\u00e7o por impactos com a superf\u00edcie lunar, e alguns acabam brevemente orbitando a Terra. O fen\u00f4meno \u00e9 descrito como uma &#8220;dan\u00e7a [&hellip;]<\/p>\n","protected":false},"author":2,"featured_media":60598,"comment_status":"open","ping_status":"open","sticky":false,"template":"","format":"standard","meta":{"footnotes":""},"categories":[2],"tags":[472,166,714,16217,84,574,115,469,94],"class_list":["post-60597","post","type-post","status-publish","format-standard","has-post-thumbnail","hentry","category-ciencia","tag-astronomia","tag-ciencia","tag-estudo","tag-exploracao-do-espaco","tag-lua","tag-orbita","tag-pesquisa","tag-sistema-solar","tag-terra"],"yoast_head":"<!-- This site is optimized with the Yoast SEO plugin v26.5 - https:\/\/yoast.com\/wordpress\/plugins\/seo\/ -->\n<title>Terra pode ter &#039;miniluas&#039; a qualquer momento, afirmam astr\u00f4nomos - Jornal Fatos e Not\u00edcias<\/title>\n<meta name=\"robots\" content=\"index, follow, max-snippet:-1, max-image-preview:large, max-video-preview:-1\" \/>\n<link rel=\"canonical\" href=\"https:\/\/jornalfatosenoticias.com.br\/index.php\/2025\/07\/16\/terra-pode-ter-miniluas-a-qualquer-momento-afirmam-astronomos\/\" \/>\n<meta property=\"og:locale\" content=\"pt_BR\" \/>\n<meta property=\"og:type\" content=\"article\" \/>\n<meta property=\"og:title\" content=\"Terra pode ter &#039;miniluas&#039; a qualquer momento, afirmam astr\u00f4nomos - Jornal Fatos e Not\u00edcias\" \/>\n<meta property=\"og:description\" content=\"Estudos sugerem que at\u00e9 6,5 fragmentos lunares lan\u00e7ados no espa\u00e7o por impactos em nosso sat\u00e9lite natural podem estar em \u00f3rbita simult\u00e2nea e temporariamente ao redor da Terra como miniluas. Os\u00a0detritos lunares s\u00e3o lan\u00e7ados ao espa\u00e7o por impactos com a superf\u00edcie lunar, e alguns acabam brevemente orbitando a Terra. O fen\u00f4meno \u00e9 descrito como uma &#8220;dan\u00e7a [&hellip;]\" \/>\n<meta property=\"og:url\" content=\"https:\/\/jornalfatosenoticias.com.br\/index.php\/2025\/07\/16\/terra-pode-ter-miniluas-a-qualquer-momento-afirmam-astronomos\/\" \/>\n<meta property=\"og:site_name\" content=\"Jornal Fatos e Not\u00edcias\" \/>\n<meta property=\"article:published_time\" content=\"2025-07-16T14:51:03+00:00\" \/>\n<meta property=\"article:modified_time\" content=\"2025-07-16T14:51:05+00:00\" \/>\n<meta property=\"og:image\" content=\"https:\/\/jornalfatosenoticias.com.br\/wp-content\/uploads\/2025\/07\/Terra-miniluas_wikimedia-commons.jpg\" \/>\n\t<meta property=\"og:image:width\" content=\"784\" \/>\n\t<meta property=\"og:image:height\" content=\"542\" \/>\n\t<meta property=\"og:image:type\" content=\"image\/jpeg\" \/>\n<meta name=\"author\" content=\"Luzimara Fernandes\" \/>\n<meta name=\"twitter:card\" content=\"summary_large_image\" \/>\n<meta name=\"twitter:label1\" content=\"Escrito por\" \/>\n\t<meta name=\"twitter:data1\" content=\"Luzimara Fernandes\" \/>\n\t<meta name=\"twitter:label2\" content=\"Est. tempo de leitura\" \/>\n\t<meta name=\"twitter:data2\" content=\"2 minutos\" \/>\n<script type=\"application\/ld+json\" class=\"yoast-schema-graph\">{\"@context\":\"https:\/\/schema.org\",\"@graph\":[{\"@type\":\"Article\",\"@id\":\"https:\/\/jornalfatosenoticias.com.br\/index.php\/2025\/07\/16\/terra-pode-ter-miniluas-a-qualquer-momento-afirmam-astronomos\/#article\",\"isPartOf\":{\"@id\":\"https:\/\/jornalfatosenoticias.com.br\/index.php\/2025\/07\/16\/terra-pode-ter-miniluas-a-qualquer-momento-afirmam-astronomos\/\"},\"author\":{\"name\":\"Luzimara Fernandes\",\"@id\":\"https:\/\/jornalfatosenoticias.com.br\/#\/schema\/person\/d63837fa13ac8666eb9e74e0985d6f81\"},\"headline\":\"Terra pode ter &#8216;miniluas&#8217; a qualquer momento, afirmam astr\u00f4nomos\",\"datePublished\":\"2025-07-16T14:51:03+00:00\",\"dateModified\":\"2025-07-16T14:51:05+00:00\",\"mainEntityOfPage\":{\"@id\":\"https:\/\/jornalfatosenoticias.com.br\/index.php\/2025\/07\/16\/terra-pode-ter-miniluas-a-qualquer-momento-afirmam-astronomos\/\"},\"wordCount\":431,\"commentCount\":0,\"publisher\":{\"@id\":\"https:\/\/jornalfatosenoticias.com.br\/#organization\"},\"image\":{\"@id\":\"https:\/\/jornalfatosenoticias.com.br\/index.php\/2025\/07\/16\/terra-pode-ter-miniluas-a-qualquer-momento-afirmam-astronomos\/#primaryimage\"},\"thumbnailUrl\":\"https:\/\/jornalfatosenoticias.com.br\/wp-content\/uploads\/2025\/07\/Terra-miniluas_wikimedia-commons.jpg\",\"keywords\":[\"Astronomia\",\"ci\u00eancia\",\"Estudo\",\"explora\u00e7\u00e3o do espa\u00e7o\",\"lua\",\"\u00f3rbita\",\"pesquisa\",\"sistema solar\",\"Terra\"],\"articleSection\":[\"Ci\u00eancia\"],\"inLanguage\":\"pt-BR\",\"potentialAction\":[{\"@type\":\"CommentAction\",\"name\":\"Comment\",\"target\":[\"https:\/\/jornalfatosenoticias.com.br\/index.php\/2025\/07\/16\/terra-pode-ter-miniluas-a-qualquer-momento-afirmam-astronomos\/#respond\"]}]},{\"@type\":\"WebPage\",\"@id\":\"https:\/\/jornalfatosenoticias.com.br\/index.php\/2025\/07\/16\/terra-pode-ter-miniluas-a-qualquer-momento-afirmam-astronomos\/\",\"url\":\"https:\/\/jornalfatosenoticias.com.br\/index.php\/2025\/07\/16\/terra-pode-ter-miniluas-a-qualquer-momento-afirmam-astronomos\/\",\"name\":\"Terra pode ter 'miniluas' a qualquer momento, afirmam astr\u00f4nomos - Jornal Fatos e Not\u00edcias\",\"isPartOf\":{\"@id\":\"https:\/\/jornalfatosenoticias.com.br\/#website\"},\"primaryImageOfPage\":{\"@id\":\"https:\/\/jornalfatosenoticias.com.br\/index.php\/2025\/07\/16\/terra-pode-ter-miniluas-a-qualquer-momento-afirmam-astronomos\/#primaryimage\"},\"image\":{\"@id\":\"https:\/\/jornalfatosenoticias.com.br\/index.php\/2025\/07\/16\/terra-pode-ter-miniluas-a-qualquer-momento-afirmam-astronomos\/#primaryimage\"},\"thumbnailUrl\":\"https:\/\/jornalfatosenoticias.com.br\/wp-content\/uploads\/2025\/07\/Terra-miniluas_wikimedia-commons.jpg\",\"datePublished\":\"2025-07-16T14:51:03+00:00\",\"dateModified\":\"2025-07-16T14:51:05+00:00\",\"breadcrumb\":{\"@id\":\"https:\/\/jornalfatosenoticias.com.br\/index.php\/2025\/07\/16\/terra-pode-ter-miniluas-a-qualquer-momento-afirmam-astronomos\/#breadcrumb\"},\"inLanguage\":\"pt-BR\",\"potentialAction\":[{\"@type\":\"ReadAction\",\"target\":[\"https:\/\/jornalfatosenoticias.com.br\/index.php\/2025\/07\/16\/terra-pode-ter-miniluas-a-qualquer-momento-afirmam-astronomos\/\"]}]},{\"@type\":\"ImageObject\",\"inLanguage\":\"pt-BR\",\"@id\":\"https:\/\/jornalfatosenoticias.com.br\/index.php\/2025\/07\/16\/terra-pode-ter-miniluas-a-qualquer-momento-afirmam-astronomos\/#primaryimage\",\"url\":\"https:\/\/jornalfatosenoticias.com.br\/wp-content\/uploads\/2025\/07\/Terra-miniluas_wikimedia-commons.jpg\",\"contentUrl\":\"https:\/\/jornalfatosenoticias.com.br\/wp-content\/uploads\/2025\/07\/Terra-miniluas_wikimedia-commons.jpg\",\"width\":784,\"height\":542},{\"@type\":\"BreadcrumbList\",\"@id\":\"https:\/\/jornalfatosenoticias.com.br\/index.php\/2025\/07\/16\/terra-pode-ter-miniluas-a-qualquer-momento-afirmam-astronomos\/#breadcrumb\",\"itemListElement\":[{\"@type\":\"ListItem\",\"position\":1,\"name\":\"In\u00edcio\",\"item\":\"https:\/\/jornalfatosenoticias.com.br\/\"},{\"@type\":\"ListItem\",\"position\":2,\"name\":\"Terra pode ter &#8216;miniluas&#8217; a qualquer momento, afirmam astr\u00f4nomos\"}]},{\"@type\":\"WebSite\",\"@id\":\"https:\/\/jornalfatosenoticias.com.br\/#website\",\"url\":\"https:\/\/jornalfatosenoticias.com.br\/\",\"name\":\"Jornal Fatos e Not\u00edcias\",\"description\":\"Not\u00edcias em geral\",\"publisher\":{\"@id\":\"https:\/\/jornalfatosenoticias.com.br\/#organization\"},\"potentialAction\":[{\"@type\":\"SearchAction\",\"target\":{\"@type\":\"EntryPoint\",\"urlTemplate\":\"https:\/\/jornalfatosenoticias.com.br\/?s={search_term_string}\"},\"query-input\":{\"@type\":\"PropertyValueSpecification\",\"valueRequired\":true,\"valueName\":\"search_term_string\"}}],\"inLanguage\":\"pt-BR\"},{\"@type\":\"Organization\",\"@id\":\"https:\/\/jornalfatosenoticias.com.br\/#organization\",\"name\":\"Jornal Fatos e Not\u00edcias\",\"url\":\"https:\/\/jornalfatosenoticias.com.br\/\",\"logo\":{\"@type\":\"ImageObject\",\"inLanguage\":\"pt-BR\",\"@id\":\"https:\/\/jornalfatosenoticias.com.br\/#\/schema\/logo\/image\/\",\"url\":\"https:\/\/jornalfatosenoticias.com.br\/wp-content\/uploads\/2020\/02\/logo120.png\",\"contentUrl\":\"https:\/\/jornalfatosenoticias.com.br\/wp-content\/uploads\/2020\/02\/logo120.png\",\"width\":1227,\"height\":120,\"caption\":\"Jornal Fatos e Not\u00edcias\"},\"image\":{\"@id\":\"https:\/\/jornalfatosenoticias.com.br\/#\/schema\/logo\/image\/\"}},{\"@type\":\"Person\",\"@id\":\"https:\/\/jornalfatosenoticias.com.br\/#\/schema\/person\/d63837fa13ac8666eb9e74e0985d6f81\",\"name\":\"Luzimara Fernandes\",\"image\":{\"@type\":\"ImageObject\",\"inLanguage\":\"pt-BR\",\"@id\":\"https:\/\/jornalfatosenoticias.com.br\/#\/schema\/person\/image\/\",\"url\":\"https:\/\/jornalfatosenoticias.com.br\/wp-content\/uploads\/2025\/05\/EU_portal.jpg\",\"contentUrl\":\"https:\/\/jornalfatosenoticias.com.br\/wp-content\/uploads\/2025\/05\/EU_portal.jpg\",\"caption\":\"Luzimara Fernandes\"},\"description\":\"Jornalista MTB 2358-ES\",\"sameAs\":[\"https:\/\/jornalfatosenoticias.com.br\"],\"url\":\"https:\/\/jornalfatosenoticias.com.br\/index.php\/author\/luzimara\/\"}]}<\/script>\n<!-- \/ Yoast SEO plugin. -->","yoast_head_json":{"title":"Terra pode ter 'miniluas' a qualquer momento, afirmam astr\u00f4nomos - Jornal Fatos e Not\u00edcias","robots":{"index":"index","follow":"follow","max-snippet":"max-snippet:-1","max-image-preview":"max-image-preview:large","max-video-preview":"max-video-preview:-1"},"canonical":"https:\/\/jornalfatosenoticias.com.br\/index.php\/2025\/07\/16\/terra-pode-ter-miniluas-a-qualquer-momento-afirmam-astronomos\/","og_locale":"pt_BR","og_type":"article","og_title":"Terra pode ter 'miniluas' a qualquer momento, afirmam astr\u00f4nomos - Jornal Fatos e Not\u00edcias","og_description":"Estudos sugerem que at\u00e9 6,5 fragmentos lunares lan\u00e7ados no espa\u00e7o por impactos em nosso sat\u00e9lite natural podem estar em \u00f3rbita simult\u00e2nea e temporariamente ao redor da Terra como miniluas. Os\u00a0detritos lunares s\u00e3o lan\u00e7ados ao espa\u00e7o por impactos com a superf\u00edcie lunar, e alguns acabam brevemente orbitando a Terra. O fen\u00f4meno \u00e9 descrito como uma &#8220;dan\u00e7a [&hellip;]","og_url":"https:\/\/jornalfatosenoticias.com.br\/index.php\/2025\/07\/16\/terra-pode-ter-miniluas-a-qualquer-momento-afirmam-astronomos\/","og_site_name":"Jornal Fatos e Not\u00edcias","article_published_time":"2025-07-16T14:51:03+00:00","article_modified_time":"2025-07-16T14:51:05+00:00","og_image":[{"width":784,"height":542,"url":"https:\/\/jornalfatosenoticias.com.br\/wp-content\/uploads\/2025\/07\/Terra-miniluas_wikimedia-commons.jpg","type":"image\/jpeg"}],"author":"Luzimara Fernandes","twitter_card":"summary_large_image","twitter_misc":{"Escrito por":"Luzimara Fernandes","Est. tempo de leitura":"2 minutos"},"schema":{"@context":"https:\/\/schema.org","@graph":[{"@type":"Article","@id":"https:\/\/jornalfatosenoticias.com.br\/index.php\/2025\/07\/16\/terra-pode-ter-miniluas-a-qualquer-momento-afirmam-astronomos\/#article","isPartOf":{"@id":"https:\/\/jornalfatosenoticias.com.br\/index.php\/2025\/07\/16\/terra-pode-ter-miniluas-a-qualquer-momento-afirmam-astronomos\/"},"author":{"name":"Luzimara Fernandes","@id":"https:\/\/jornalfatosenoticias.com.br\/#\/schema\/person\/d63837fa13ac8666eb9e74e0985d6f81"},"headline":"Terra pode ter &#8216;miniluas&#8217; a qualquer momento, afirmam astr\u00f4nomos","datePublished":"2025-07-16T14:51:03+00:00","dateModified":"2025-07-16T14:51:05+00:00","mainEntityOfPage":{"@id":"https:\/\/jornalfatosenoticias.com.br\/index.php\/2025\/07\/16\/terra-pode-ter-miniluas-a-qualquer-momento-afirmam-astronomos\/"},"wordCount":431,"commentCount":0,"publisher":{"@id":"https:\/\/jornalfatosenoticias.com.br\/#organization"},"image":{"@id":"https:\/\/jornalfatosenoticias.com.br\/index.php\/2025\/07\/16\/terra-pode-ter-miniluas-a-qualquer-momento-afirmam-astronomos\/#primaryimage"},"thumbnailUrl":"https:\/\/jornalfatosenoticias.com.br\/wp-content\/uploads\/2025\/07\/Terra-miniluas_wikimedia-commons.jpg","keywords":["Astronomia","ci\u00eancia","Estudo","explora\u00e7\u00e3o do espa\u00e7o","lua","\u00f3rbita","pesquisa","sistema solar","Terra"],"articleSection":["Ci\u00eancia"],"inLanguage":"pt-BR","potentialAction":[{"@type":"CommentAction","name":"Comment","target":["https:\/\/jornalfatosenoticias.com.br\/index.php\/2025\/07\/16\/terra-pode-ter-miniluas-a-qualquer-momento-afirmam-astronomos\/#respond"]}]},{"@type":"WebPage","@id":"https:\/\/jornalfatosenoticias.com.br\/index.php\/2025\/07\/16\/terra-pode-ter-miniluas-a-qualquer-momento-afirmam-astronomos\/","url":"https:\/\/jornalfatosenoticias.com.br\/index.php\/2025\/07\/16\/terra-pode-ter-miniluas-a-qualquer-momento-afirmam-astronomos\/","name":"Terra pode ter 'miniluas' a qualquer momento, afirmam astr\u00f4nomos - Jornal Fatos e Not\u00edcias","isPartOf":{"@id":"https:\/\/jornalfatosenoticias.com.br\/#website"},"primaryImageOfPage":{"@id":"https:\/\/jornalfatosenoticias.com.br\/index.php\/2025\/07\/16\/terra-pode-ter-miniluas-a-qualquer-momento-afirmam-astronomos\/#primaryimage"},"image":{"@id":"https:\/\/jornalfatosenoticias.com.br\/index.php\/2025\/07\/16\/terra-pode-ter-miniluas-a-qualquer-momento-afirmam-astronomos\/#primaryimage"},"thumbnailUrl":"https:\/\/jornalfatosenoticias.com.br\/wp-content\/uploads\/2025\/07\/Terra-miniluas_wikimedia-commons.jpg","datePublished":"2025-07-16T14:51:03+00:00","dateModified":"2025-07-16T14:51:05+00:00","breadcrumb":{"@id":"https:\/\/jornalfatosenoticias.com.br\/index.php\/2025\/07\/16\/terra-pode-ter-miniluas-a-qualquer-momento-afirmam-astronomos\/#breadcrumb"},"inLanguage":"pt-BR","potentialAction":[{"@type":"ReadAction","target":["https:\/\/jornalfatosenoticias.com.br\/index.php\/2025\/07\/16\/terra-pode-ter-miniluas-a-qualquer-momento-afirmam-astronomos\/"]}]},{"@type":"ImageObject","inLanguage":"pt-BR","@id":"https:\/\/jornalfatosenoticias.com.br\/index.php\/2025\/07\/16\/terra-pode-ter-miniluas-a-qualquer-momento-afirmam-astronomos\/#primaryimage","url":"https:\/\/jornalfatosenoticias.com.br\/wp-content\/uploads\/2025\/07\/Terra-miniluas_wikimedia-commons.jpg","contentUrl":"https:\/\/jornalfatosenoticias.com.br\/wp-content\/uploads\/2025\/07\/Terra-miniluas_wikimedia-commons.jpg","width":784,"height":542},{"@type":"BreadcrumbList","@id":"https:\/\/jornalfatosenoticias.com.br\/index.php\/2025\/07\/16\/terra-pode-ter-miniluas-a-qualquer-momento-afirmam-astronomos\/#breadcrumb","itemListElement":[{"@type":"ListItem","position":1,"name":"In\u00edcio","item":"https:\/\/jornalfatosenoticias.com.br\/"},{"@type":"ListItem","position":2,"name":"Terra pode ter &#8216;miniluas&#8217; a qualquer momento, afirmam astr\u00f4nomos"}]},{"@type":"WebSite","@id":"https:\/\/jornalfatosenoticias.com.br\/#website","url":"https:\/\/jornalfatosenoticias.com.br\/","name":"Jornal Fatos e Not\u00edcias","description":"Not\u00edcias em geral","publisher":{"@id":"https:\/\/jornalfatosenoticias.com.br\/#organization"},"potentialAction":[{"@type":"SearchAction","target":{"@type":"EntryPoint","urlTemplate":"https:\/\/jornalfatosenoticias.com.br\/?s={search_term_string}"},"query-input":{"@type":"PropertyValueSpecification","valueRequired":true,"valueName":"search_term_string"}}],"inLanguage":"pt-BR"},{"@type":"Organization","@id":"https:\/\/jornalfatosenoticias.com.br\/#organization","name":"Jornal Fatos e Not\u00edcias","url":"https:\/\/jornalfatosenoticias.com.br\/","logo":{"@type":"ImageObject","inLanguage":"pt-BR","@id":"https:\/\/jornalfatosenoticias.com.br\/#\/schema\/logo\/image\/","url":"https:\/\/jornalfatosenoticias.com.br\/wp-content\/uploads\/2020\/02\/logo120.png","contentUrl":"https:\/\/jornalfatosenoticias.com.br\/wp-content\/uploads\/2020\/02\/logo120.png","width":1227,"height":120,"caption":"Jornal Fatos e Not\u00edcias"},"image":{"@id":"https:\/\/jornalfatosenoticias.com.br\/#\/schema\/logo\/image\/"}},{"@type":"Person","@id":"https:\/\/jornalfatosenoticias.com.br\/#\/schema\/person\/d63837fa13ac8666eb9e74e0985d6f81","name":"Luzimara Fernandes","image":{"@type":"ImageObject","inLanguage":"pt-BR","@id":"https:\/\/jornalfatosenoticias.com.br\/#\/schema\/person\/image\/","url":"https:\/\/jornalfatosenoticias.com.br\/wp-content\/uploads\/2025\/05\/EU_portal.jpg","contentUrl":"https:\/\/jornalfatosenoticias.com.br\/wp-content\/uploads\/2025\/05\/EU_portal.jpg","caption":"Luzimara Fernandes"},"description":"Jornalista MTB 2358-ES","sameAs":["https:\/\/jornalfatosenoticias.com.br"],"url":"https:\/\/jornalfatosenoticias.com.br\/index.php\/author\/luzimara\/"}]}},"cc_featured_image_caption":{"caption_text":"(Foto: CC BY-SA 3.0\/Grebenkov\/Wikimedia Commons)","source_text":"","source_url":""},"jetpack_featured_media_url":"https:\/\/jornalfatosenoticias.com.br\/wp-content\/uploads\/2025\/07\/Terra-miniluas_wikimedia-commons.jpg","_links":{"self":[{"href":"https:\/\/jornalfatosenoticias.com.br\/index.php\/wp-json\/wp\/v2\/posts\/60597","targetHints":{"allow":["GET"]}}],"collection":[{"href":"https:\/\/jornalfatosenoticias.com.br\/index.php\/wp-json\/wp\/v2\/posts"}],"about":[{"href":"https:\/\/jornalfatosenoticias.com.br\/index.php\/wp-json\/wp\/v2\/types\/post"}],"author":[{"embeddable":true,"href":"https:\/\/jornalfatosenoticias.com.br\/index.php\/wp-json\/wp\/v2\/users\/2"}],"replies":[{"embeddable":true,"href":"https:\/\/jornalfatosenoticias.com.br\/index.php\/wp-json\/wp\/v2\/comments?post=60597"}],"version-history":[{"count":0,"href":"https:\/\/jornalfatosenoticias.com.br\/index.php\/wp-json\/wp\/v2\/posts\/60597\/revisions"}],"wp:featuredmedia":[{"embeddable":true,"href":"https:\/\/jornalfatosenoticias.com.br\/index.php\/wp-json\/wp\/v2\/media\/60598"}],"wp:attachment":[{"href":"https:\/\/jornalfatosenoticias.com.br\/index.php\/wp-json\/wp\/v2\/media?parent=60597"}],"wp:term":[{"taxonomy":"category","embeddable":true,"href":"https:\/\/jornalfatosenoticias.com.br\/index.php\/wp-json\/wp\/v2\/categories?post=60597"},{"taxonomy":"post_tag","embeddable":true,"href":"https:\/\/jornalfatosenoticias.com.br\/index.php\/wp-json\/wp\/v2\/tags?post=60597"}],"curies":[{"name":"wp","href":"https:\/\/api.w.org\/{rel}","templated":true}]}}