{"id":60600,"date":"2025-07-18T09:06:20","date_gmt":"2025-07-18T12:06:20","guid":{"rendered":"https:\/\/jornalfatosenoticias.com.br\/?p=60600"},"modified":"2025-07-18T09:07:39","modified_gmt":"2025-07-18T12:07:39","slug":"a-semana-no-brasil-e-no-mundo-moraes-atende-governo-lula-e-mantem-alta-do-iof","status":"publish","type":"post","link":"https:\/\/jornalfatosenoticias.com.br\/index.php\/2025\/07\/18\/a-semana-no-brasil-e-no-mundo-moraes-atende-governo-lula-e-mantem-alta-do-iof\/","title":{"rendered":"A Semana no Brasil e no Mundo \u2014 Moraes atende governo Lula e mant\u00e9m alta do IOF"},"content":{"rendered":"\n<div class=\"wp-block-image\"><figure class=\"aligncenter size-large\"><a href=\"https:\/\/mizu.com.br\/\"><img loading=\"lazy\" decoding=\"async\" width=\"729\" height=\"90\" src=\"https:\/\/jornalfatosenoticias.com.br\/wp-content\/uploads\/2020\/02\/Logo_Mizu.png\" alt=\"\" class=\"wp-image-1441\" srcset=\"https:\/\/jornalfatosenoticias.com.br\/wp-content\/uploads\/2020\/02\/Logo_Mizu.png 729w, https:\/\/jornalfatosenoticias.com.br\/wp-content\/uploads\/2020\/02\/Logo_Mizu-300x37.png 300w\" sizes=\"auto, (max-width: 729px) 100vw, 729px\" \/><\/a><\/figure><\/div>\n\n\n\n<p>O ministro Alexandre de Moraes, do Supremo Tribunal Federal (STF), decidiu, nesta quarta-feira (16), manter o decreto presidencial que reajustou al\u00edquotas do Imposto sobre Opera\u00e7\u00f5es Financeiras (IOF), com exce\u00e7\u00e3o do trecho que trata da tributa\u00e7\u00e3o sobre o chamado \u201crisco sacado\u201d. A decis\u00e3o foi tomada ap\u00f3s um impasse entre o governo federal e o Congresso Nacional e atende parcialmente \u00e0 proposta de concilia\u00e7\u00e3o discutida na v\u00e9spera entre os Poderes.<br>O ponto revogado \u00e9 justamente o que havia sido sinalizado pelo ministro da Fazenda, Fernando Haddad, como pass\u00edvel de exclus\u00e3o para viabilizar um acordo. A cobran\u00e7a sobre risco sacado, tipo de opera\u00e7\u00e3o comum no varejo, foi considerada inconstitucional por extrapolar os limites legais de um decreto presidencial.<\/p>\n\n\n\n<div class=\"wp-block-image\"><figure class=\"aligncenter size-large\"><a href=\"http:\/\/www.ferrarimaquinas.com.br\/\"><img loading=\"lazy\" decoding=\"async\" width=\"300\" height=\"250\" src=\"https:\/\/jornalfatosenoticias.com.br\/wp-content\/uploads\/2022\/02\/FERRARI_MAQUINAS-E-FERRAMENTAS2.jpg\" alt=\"\" class=\"wp-image-27860\"\/><\/a><\/figure><\/div>\n\n\n\n<p>Na decis\u00e3o, Moraes reafirmou que a Constitui\u00e7\u00e3o assegura ao presidente da Rep\u00fablica a prerrogativa de editar decretos que modifiquem as al\u00edquotas do IOF, desde que respeitadas as limita\u00e7\u00f5es legais. O ministro destacou a fun\u00e7\u00e3o regulat\u00f3ria do imposto, classificando-o como um \u201cimportant\u00edssimo instrumento de regula\u00e7\u00e3o do mercado financeiro e da pol\u00edtica monet\u00e1ria\u201d.<\/p>\n\n\n\n<div class=\"wp-block-image\"><figure class=\"aligncenter size-large is-resized\"><a href=\"https:\/\/hotelmarquetti.com.br\/\"><img loading=\"lazy\" decoding=\"async\" src=\"https:\/\/jornalfatosenoticias.com.br\/wp-content\/uploads\/2020\/02\/LOGO-MQ-1024x680.jpg\" alt=\"\" class=\"wp-image-58299\" width=\"301\" height=\"200\" srcset=\"https:\/\/jornalfatosenoticias.com.br\/wp-content\/uploads\/2020\/02\/LOGO-MQ-1024x680.jpg 1024w, https:\/\/jornalfatosenoticias.com.br\/wp-content\/uploads\/2020\/02\/LOGO-MQ-300x199.jpg 300w, https:\/\/jornalfatosenoticias.com.br\/wp-content\/uploads\/2020\/02\/LOGO-MQ-768x510.jpg 768w, https:\/\/jornalfatosenoticias.com.br\/wp-content\/uploads\/2020\/02\/LOGO-MQ-1536x1020.jpg 1536w, https:\/\/jornalfatosenoticias.com.br\/wp-content\/uploads\/2020\/02\/LOGO-MQ-2048x1360.jpg 2048w\" sizes=\"auto, (max-width: 301px) 100vw, 301px\" \/><\/a><\/figure><\/div>\n\n\n\n<p>\u201cA Constitui\u00e7\u00e3o Federal assegura ao presidente da Rep\u00fablica a possibilidade de edi\u00e7\u00e3o de decreto modificativo de al\u00edquota do IOF, por ser important\u00edssimo instrumento de regula\u00e7\u00e3o (\u2026), desde que, entretanto, se atenha \u00e0s estritas limita\u00e7\u00f5es previstas na legisla\u00e7\u00e3o\u201d, escreveu Moraes.<\/p>\n\n\n\n<div class=\"wp-block-image\"><figure class=\"aligncenter size-large is-resized\"><a href=\"https:\/\/www.instagram.com\/serra4x4cambioautomatico\/\"><img loading=\"lazy\" decoding=\"async\" src=\"https:\/\/jornalfatosenoticias.com.br\/wp-content\/uploads\/2024\/08\/Serra-4x4-1-886x1024.jpg\" alt=\"\" class=\"wp-image-53632\" width=\"278\" height=\"322\" srcset=\"https:\/\/jornalfatosenoticias.com.br\/wp-content\/uploads\/2024\/08\/Serra-4x4-1-886x1024.jpg 886w, https:\/\/jornalfatosenoticias.com.br\/wp-content\/uploads\/2024\/08\/Serra-4x4-1-260x300.jpg 260w, https:\/\/jornalfatosenoticias.com.br\/wp-content\/uploads\/2024\/08\/Serra-4x4-1-768x888.jpg 768w, https:\/\/jornalfatosenoticias.com.br\/wp-content\/uploads\/2024\/08\/Serra-4x4-1.jpg 1181w\" sizes=\"auto, (max-width: 278px) 100vw, 278px\" \/><\/a><\/figure><\/div>\n\n\n\n<p>Com a decis\u00e3o, o STF mant\u00e9m a maior parte do decreto editado pelo governo Lula, cuja arrecada\u00e7\u00e3o estimada \u00e9 de R$ 12 bilh\u00f5es. A retirada do risco sacado \u2014 respons\u00e1vel por cerca de 10% desse valor, segundo a Fazenda \u2014 n\u00e3o compromete o conjunto da medida. O governo esperava a defini\u00e7\u00e3o judicial para garantir seguran\u00e7a jur\u00eddica antes da divulga\u00e7\u00e3o do relat\u00f3rio bimestral de receitas e despesas, prevista para o pr\u00f3ximo dia 22. <strong>(Fonte: Hora Bras\u00edlia)<\/strong><\/p>\n\n\n\n<div class=\"wp-block-image\"><figure class=\"aligncenter size-large is-resized\"><a href=\"https:\/\/www.legisjuris.com.br\/\"><img loading=\"lazy\" decoding=\"async\" src=\"https:\/\/jornalfatosenoticias.com.br\/wp-content\/uploads\/2024\/09\/Legis-Juris-Consultoria_logo.jpg\" alt=\"\" class=\"wp-image-53915\" width=\"547\" height=\"229\" srcset=\"https:\/\/jornalfatosenoticias.com.br\/wp-content\/uploads\/2024\/09\/Legis-Juris-Consultoria_logo.jpg 969w, https:\/\/jornalfatosenoticias.com.br\/wp-content\/uploads\/2024\/09\/Legis-Juris-Consultoria_logo-300x126.jpg 300w, https:\/\/jornalfatosenoticias.com.br\/wp-content\/uploads\/2024\/09\/Legis-Juris-Consultoria_logo-768x322.jpg 768w\" sizes=\"auto, (max-width: 547px) 100vw, 547px\" \/><\/a><\/figure><\/div>\n\n\n\n<hr class=\"wp-block-separator\"\/>\n\n\n\n<h3 class=\"wp-block-heading\"><span class=\"has-inline-color has-black-color\">Estados Unidos trocam adido de defesa no Brasil e ignoram governo Lula<br><\/span><\/h3>\n\n\n\n<div class=\"wp-block-image\"><figure class=\"aligncenter size-large\"><img loading=\"lazy\" decoding=\"async\" width=\"1000\" height=\"666\" src=\"https:\/\/jornalfatosenoticias.com.br\/wp-content\/uploads\/2025\/07\/trump-adido-brasil.jpeg\" alt=\"\" class=\"wp-image-60605\" srcset=\"https:\/\/jornalfatosenoticias.com.br\/wp-content\/uploads\/2025\/07\/trump-adido-brasil.jpeg 1000w, https:\/\/jornalfatosenoticias.com.br\/wp-content\/uploads\/2025\/07\/trump-adido-brasil-300x200.jpeg 300w, https:\/\/jornalfatosenoticias.com.br\/wp-content\/uploads\/2025\/07\/trump-adido-brasil-768x511.jpeg 768w\" sizes=\"auto, (max-width: 1000px) 100vw, 1000px\" \/><figcaption><em><span class=\"has-inline-color has-black-color\">(Foto: OWHP)<\/span><\/em><\/figcaption><\/figure><\/div>\n\n\n\n<p><span class=\"has-inline-color has-black-color\">Por <strong>Raul Holderf Nascimento<\/strong><br><\/span>A Embaixada dos Estados Unidos no Brasil oficializou, em cerim\u00f4nia reservada, a posse de seu novo adido de defesa em Bras\u00edlia. O militar norte-americano, segundo informa\u00e7\u00f5es da revista Veja, n\u00e3o fala portugu\u00eas nem tem familiaridade com o Brasil, e a solenidade ocorreu sem a presen\u00e7a de qualquer autoridade militar brasileira.<\/p>\n\n\n\n<div class=\"wp-block-image\"><figure class=\"aligncenter size-large is-resized\"><a href=\"https:\/\/www.facebook.com\/postobkr\/?locale=pt_BR\"><img loading=\"lazy\" decoding=\"async\" src=\"https:\/\/jornalfatosenoticias.com.br\/wp-content\/uploads\/2023\/08\/BKR-1024x1021.jpg\" alt=\"\" class=\"wp-image-44494\" width=\"285\" height=\"284\" srcset=\"https:\/\/jornalfatosenoticias.com.br\/wp-content\/uploads\/2023\/08\/BKR-1024x1021.jpg 1024w, https:\/\/jornalfatosenoticias.com.br\/wp-content\/uploads\/2023\/08\/BKR-300x300.jpg 300w, https:\/\/jornalfatosenoticias.com.br\/wp-content\/uploads\/2023\/08\/BKR-150x150.jpg 150w, https:\/\/jornalfatosenoticias.com.br\/wp-content\/uploads\/2023\/08\/BKR-768x766.jpg 768w, https:\/\/jornalfatosenoticias.com.br\/wp-content\/uploads\/2023\/08\/BKR.jpg 1080w\" sizes=\"auto, (max-width: 285px) 100vw, 285px\" \/><\/a><\/figure><\/div>\n\n\n\n<p>A aus\u00eancia de convite ao Minist\u00e9rio da Defesa foi interpretada por interlocutores da pasta como mais uma demonstra\u00e7\u00e3o do enfraquecimento das rela\u00e7\u00f5es bilaterais na \u00e1rea militar. Para integrantes do governo, a escolha de um oficial sem experi\u00eancia pr\u00e9via com o Brasil e a condu\u00e7\u00e3o da cerim\u00f4nia sem interlocu\u00e7\u00e3o com as For\u00e7as Armadas locais escancaram um distanciamento deliberado de Washington.<\/p>\n\n\n\n<div class=\"wp-block-image\"><figure class=\"aligncenter size-large is-resized\"><a href=\"https:\/\/www.facebook.com\/profile.php?id=100069289606145\"><img loading=\"lazy\" decoding=\"async\" src=\"https:\/\/jornalfatosenoticias.com.br\/wp-content\/uploads\/2024\/11\/Guaitolini-Contabilidade-1024x714.jpeg\" alt=\"\" class=\"wp-image-55808\" width=\"329\" height=\"229\" srcset=\"https:\/\/jornalfatosenoticias.com.br\/wp-content\/uploads\/2024\/11\/Guaitolini-Contabilidade-1024x714.jpeg 1024w, https:\/\/jornalfatosenoticias.com.br\/wp-content\/uploads\/2024\/11\/Guaitolini-Contabilidade-300x209.jpeg 300w, https:\/\/jornalfatosenoticias.com.br\/wp-content\/uploads\/2024\/11\/Guaitolini-Contabilidade-768x535.jpeg 768w, https:\/\/jornalfatosenoticias.com.br\/wp-content\/uploads\/2024\/11\/Guaitolini-Contabilidade.jpeg 1280w\" sizes=\"auto, (max-width: 329px) 100vw, 329px\" \/><\/a><\/figure><\/div>\n\n\n\n<p>O gesto ocorre em meio ao agravamento das tens\u00f5es diplom\u00e1ticas entre os dois pa\u00edses, impulsionado pela tarifa de 50% imposta pelo presidente Donald Trump (Partido Republicano) sobre os produtos brasileiros. Embora o governo brasileiro tenha evitado retalia\u00e7\u00f5es imediatas, o clima nos bastidores das For\u00e7as Armadas \u00e9 de apreens\u00e3o.<\/p>\n\n\n\n<div class=\"wp-block-image\"><figure class=\"aligncenter size-large is-resized\"><a href=\"https:\/\/www.controlsystems.com.br\/\"><img loading=\"lazy\" decoding=\"async\" src=\"https:\/\/jornalfatosenoticias.com.br\/wp-content\/uploads\/2020\/02\/CONTROL-CS.jpg\" alt=\"\" class=\"wp-image-44991\" width=\"256\" height=\"307\" srcset=\"https:\/\/jornalfatosenoticias.com.br\/wp-content\/uploads\/2020\/02\/CONTROL-CS.jpg 834w, https:\/\/jornalfatosenoticias.com.br\/wp-content\/uploads\/2020\/02\/CONTROL-CS-250x300.jpg 250w, https:\/\/jornalfatosenoticias.com.br\/wp-content\/uploads\/2020\/02\/CONTROL-CS-768x921.jpg 768w\" sizes=\"auto, (max-width: 256px) 100vw, 256px\" \/><\/a><\/figure><\/div>\n\n\n\n<p>Segundo fontes da Defesa ouvidas, o temor \u00e9 que o endurecimento, j\u00e1 observado no campo comercial, se estenda para o setor de coopera\u00e7\u00e3o militar. Desde a Segunda Guerra Mundial, Brasil e Estados Unidos mant\u00eam uma rela\u00e7\u00e3o estrat\u00e9gica de troca de tecnologias, treinamentos e intelig\u00eancia \u2014 uma colabora\u00e7\u00e3o que pode ser prejudicada se o afastamento se consolidar.<\/p>\n\n\n\n<div class=\"wp-block-image\"><figure class=\"aligncenter size-large is-resized\"><a href=\"https:\/\/www.instagram.com\/gruposei\/\"><img loading=\"lazy\" decoding=\"async\" src=\"https:\/\/jornalfatosenoticias.com.br\/wp-content\/uploads\/2022\/07\/Logo-Grupo-SEI.jpg\" alt=\"\" class=\"wp-image-31973\" width=\"369\" height=\"194\" srcset=\"https:\/\/jornalfatosenoticias.com.br\/wp-content\/uploads\/2022\/07\/Logo-Grupo-SEI.jpg 713w, https:\/\/jornalfatosenoticias.com.br\/wp-content\/uploads\/2022\/07\/Logo-Grupo-SEI-300x158.jpg 300w\" sizes=\"auto, (max-width: 369px) 100vw, 369px\" \/><\/a><\/figure><\/div>\n\n\n\n<p>Aliados de Trump v\u00eam defendendo publicamente a imposi\u00e7\u00e3o de san\u00e7\u00f5es individuais contra autoridades brasileiras, com foco especial no Supremo Tribunal Federal (STF). Alexandre de Moraes, atual ministro da Corte, figura entre os principais alvos das cr\u00edticas de parlamentares republicanos nos EUA, o que eleva a possibilidade de medidas mais dr\u00e1sticas caso as tens\u00f5es evoluam no plano diplom\u00e1tico. <strong>(Fonte: Conex\u00e3o Pol\u00edtica)<\/strong><\/p>\n\n\n\n<div class=\"wp-block-image\"><figure class=\"aligncenter size-large\"><a href=\"https:\/\/www.cesconetto.com.br\/\"><img loading=\"lazy\" decoding=\"async\" width=\"300\" height=\"250\" src=\"https:\/\/jornalfatosenoticias.com.br\/wp-content\/uploads\/2022\/02\/Banner-2.png\" alt=\"\" class=\"wp-image-27877\"\/><\/a><\/figure><\/div>\n\n\n\n<hr class=\"wp-block-separator\"\/>\n\n\n\n<h3 class=\"wp-block-heading\"><span class=\"has-inline-color has-black-color\">CGU aponta distor\u00e7\u00f5es de R$ 4 bilh\u00f5es nas contas do Minist\u00e9rio da Educa\u00e7\u00e3o<br><\/span><\/h3>\n\n\n\n<div class=\"wp-block-image\"><figure class=\"aligncenter size-large\"><img loading=\"lazy\" decoding=\"async\" width=\"612\" height=\"408\" src=\"https:\/\/jornalfatosenoticias.com.br\/wp-content\/uploads\/2025\/07\/ROMBO-MEC_gettyimages.jpg\" alt=\"\" class=\"wp-image-60604\" srcset=\"https:\/\/jornalfatosenoticias.com.br\/wp-content\/uploads\/2025\/07\/ROMBO-MEC_gettyimages.jpg 612w, https:\/\/jornalfatosenoticias.com.br\/wp-content\/uploads\/2025\/07\/ROMBO-MEC_gettyimages-300x200.jpg 300w\" sizes=\"auto, (max-width: 612px) 100vw, 612px\" \/><figcaption><em><span class=\"has-inline-color has-black-color\">(Foto: Getty Images)<\/span><\/em><\/figcaption><\/figure><\/div>\n\n\n\n<p>Uma auditoria realizada pela Controladoria-Geral da Uni\u00e3o (CGU) identificou distor\u00e7\u00f5es cont\u00e1beis que somam R$ 4,3 bilh\u00f5es nas demonstra\u00e7\u00f5es do Minist\u00e9rio da Educa\u00e7\u00e3o (MEC) referentes ao exerc\u00edcio de 2024. A informa\u00e7\u00e3o foi divulgada pelo portal Metr\u00f3poles. A equipe de O TEMPO Bras\u00edlia teve acesso ao relat\u00f3rio da CGU, que aponta que uma das principais diverg\u00eancias est\u00e1 na diferen\u00e7a de R$ 3,3 bilh\u00f5es entre a conta de bens m\u00f3veis registrada no Sistema Integrado de Administra\u00e7\u00e3o Financeira (Siafi) e os controles patrimoniais internos das universidades e institutos vinculados.<\/p>\n\n\n\n<div class=\"wp-block-image\"><figure class=\"aligncenter size-large is-resized\"><a href=\"https:\/\/panper.com.br\/\"><img loading=\"lazy\" decoding=\"async\" src=\"https:\/\/jornalfatosenoticias.com.br\/wp-content\/uploads\/2023\/03\/logo-Panper_portal.jpg\" alt=\"\" class=\"wp-image-40208\" width=\"313\" height=\"217\" srcset=\"https:\/\/jornalfatosenoticias.com.br\/wp-content\/uploads\/2023\/03\/logo-Panper_portal.jpg 400w, https:\/\/jornalfatosenoticias.com.br\/wp-content\/uploads\/2023\/03\/logo-Panper_portal-300x208.jpg 300w\" sizes=\"auto, (max-width: 313px) 100vw, 313px\" \/><\/a><\/figure><\/div>\n\n\n\n<p>Segundo o documento, \u201cos valores registrados nos sistemas pr\u00f3prios de 53 entidades avaliadas s\u00e3o inferiores aos informados no SIAFI, demonstrando uma superavalia\u00e7\u00e3o do ativo do Minist\u00e9rio\u201d. A CGU destacou falhas na apura\u00e7\u00e3o da deprecia\u00e7\u00e3o de bens m\u00f3veis, estimando distor\u00e7\u00e3o adicional de R$ 1 bilh\u00e3o. Os auditores tamb\u00e9m chamam a aten\u00e7\u00e3o para o fato de que essa diferen\u00e7a limita a &#8220;transpar\u00eancia p\u00fablica&#8221;.<\/p>\n\n\n\n<div class=\"wp-block-image\"><figure class=\"aligncenter size-large is-resized\"><a href=\"https:\/\/www.instagram.com\/esteio.churrascaria\/\"><img loading=\"lazy\" decoding=\"async\" src=\"https:\/\/jornalfatosenoticias.com.br\/wp-content\/uploads\/2022\/02\/LOGO-ESTEIO-1024x730.png\" alt=\"\" class=\"wp-image-27942\" width=\"351\" height=\"250\" srcset=\"https:\/\/jornalfatosenoticias.com.br\/wp-content\/uploads\/2022\/02\/LOGO-ESTEIO-1024x730.png 1024w, https:\/\/jornalfatosenoticias.com.br\/wp-content\/uploads\/2022\/02\/LOGO-ESTEIO-300x214.png 300w, https:\/\/jornalfatosenoticias.com.br\/wp-content\/uploads\/2022\/02\/LOGO-ESTEIO-768x548.png 768w, https:\/\/jornalfatosenoticias.com.br\/wp-content\/uploads\/2022\/02\/LOGO-ESTEIO.png 1123w\" sizes=\"auto, (max-width: 351px) 100vw, 351px\" \/><\/a><\/figure><\/div>\n\n\n\n<blockquote class=\"wp-block-quote is-layout-flow wp-block-quote-is-layout-flow\"><p><span class=\"has-inline-color has-luminous-vivid-orange-color\">As diferen\u00e7as entre os controles cont\u00e1beis e administrativos no ativo das entidades que comp\u00f5em o Minist\u00e9rio da Educa\u00e7\u00e3o (administra\u00e7\u00e3o direta e indireta) ocasionam reflexo no seu balan\u00e7o patrimonial, limitando a transpar\u00eancia p\u00fablica e o uso dos demonstrativos acerca da sua situa\u00e7\u00e3o patrimonial&#8221;, diz o texto.<\/span><\/p><\/blockquote>\n\n\n\n<div class=\"wp-block-image\"><figure class=\"aligncenter size-large is-resized\"><a href=\"https:\/\/www.facebook.com\/vetor.vix\/\"><img loading=\"lazy\" decoding=\"async\" src=\"https:\/\/jornalfatosenoticias.com.br\/wp-content\/uploads\/2023\/09\/vetorvix1024_1.jpg\" alt=\"\" class=\"wp-image-44868\" width=\"550\" height=\"146\" srcset=\"https:\/\/jornalfatosenoticias.com.br\/wp-content\/uploads\/2023\/09\/vetorvix1024_1.jpg 1024w, https:\/\/jornalfatosenoticias.com.br\/wp-content\/uploads\/2023\/09\/vetorvix1024_1-300x80.jpg 300w, https:\/\/jornalfatosenoticias.com.br\/wp-content\/uploads\/2023\/09\/vetorvix1024_1-768x205.jpg 768w\" sizes=\"auto, (max-width: 550px) 100vw, 550px\" \/><\/a><\/figure><\/div>\n\n\n\n<p>De acordo com o documento, das 32 unidades que apresentam superavalia\u00e7\u00e3o do ativo, quatro diferen\u00e7as s\u00e3o superiores a 80% nos sistemas de registros patrimoniais em rela\u00e7\u00e3o aos registros na conta de deprecia\u00e7\u00e3o no SIAFI. <strong>(Fonte: O TEMPO)<\/strong><\/p>\n\n\n\n<div class=\"wp-block-image\"><figure class=\"aligncenter size-large is-resized\"><a href=\"https:\/\/www.instagram.com\/rcradiadores\/\"><img loading=\"lazy\" decoding=\"async\" src=\"https:\/\/jornalfatosenoticias.com.br\/wp-content\/uploads\/2022\/10\/RC_800x750_page-0001.jpg\" alt=\"\" class=\"wp-image-35338\" width=\"267\" height=\"250\" srcset=\"https:\/\/jornalfatosenoticias.com.br\/wp-content\/uploads\/2022\/10\/RC_800x750_page-0001.jpg 400w, https:\/\/jornalfatosenoticias.com.br\/wp-content\/uploads\/2022\/10\/RC_800x750_page-0001-300x281.jpg 300w\" sizes=\"auto, (max-width: 267px) 100vw, 267px\" \/><\/a><\/figure><\/div>\n\n\n\n<hr class=\"wp-block-separator\"\/>\n\n\n\n<h3 class=\"wp-block-heading\"><span class=\"has-inline-color has-black-color\">\u2018Brasil, estou lutando por voc\u00eas e a liberdade vencer\u00e1\u2019, diz Chris Pavlovski<\/span><\/h3>\n\n\n\n<div class=\"wp-block-image\"><figure class=\"aligncenter size-large\"><img loading=\"lazy\" decoding=\"async\" width=\"1024\" height=\"684\" src=\"https:\/\/jornalfatosenoticias.com.br\/wp-content\/uploads\/2025\/07\/Chris-Pavlovski_Rumble-1024x684.jpeg\" alt=\"\" class=\"wp-image-60603\" srcset=\"https:\/\/jornalfatosenoticias.com.br\/wp-content\/uploads\/2025\/07\/Chris-Pavlovski_Rumble-1024x684.jpeg 1024w, https:\/\/jornalfatosenoticias.com.br\/wp-content\/uploads\/2025\/07\/Chris-Pavlovski_Rumble-300x201.jpeg 300w, https:\/\/jornalfatosenoticias.com.br\/wp-content\/uploads\/2025\/07\/Chris-Pavlovski_Rumble-768x513.jpeg 768w, https:\/\/jornalfatosenoticias.com.br\/wp-content\/uploads\/2025\/07\/Chris-Pavlovski_Rumble.jpeg 1149w\" sizes=\"auto, (max-width: 1024px) 100vw, 1024px\" \/><figcaption><em><span class=\"has-inline-color has-black-color\">(Foto: Rumble Medea\/Divulga\u00e7\u00e3o)<\/span><\/em><\/figcaption><\/figure><\/div>\n\n\n\n<p><span class=\"has-inline-color has-black-color\">Por <strong>Raul Holderf Nascimento<\/strong><br><\/span>O fundador da plataforma de v\u00eddeos Rumble, Chris Pavlovski, voltou a criticar o governo Lula (PT) e o Supremo Tribunal Federal (STF) nesta quarta-feira (16), em meio ao acirramento da crise diplom\u00e1tica entre Brasil e Estados Unidos. A empresa foi uma das plataformas atingidas por decis\u00f5es do ministro Alexandre de Moraes e teve sua atua\u00e7\u00e3o suspensa no pa\u00eds. Agora, Pavlovski afirma estar engajado em uma frente para pressionar o Brasil a recuar em medidas consideradas violadoras de direitos fundamentais. <\/p>\n\n\n\n<div class=\"wp-block-image\"><figure class=\"aligncenter size-large is-resized\"><a href=\"https:\/\/www.ithbrasil.com.br\/\"><img loading=\"lazy\" decoding=\"async\" src=\"https:\/\/jornalfatosenoticias.com.br\/wp-content\/uploads\/2023\/08\/ITH.jpeg\" alt=\"\" class=\"wp-image-44638\" width=\"307\" height=\"249\" srcset=\"https:\/\/jornalfatosenoticias.com.br\/wp-content\/uploads\/2023\/08\/ITH.jpeg 800w, https:\/\/jornalfatosenoticias.com.br\/wp-content\/uploads\/2023\/08\/ITH-300x244.jpeg 300w, https:\/\/jornalfatosenoticias.com.br\/wp-content\/uploads\/2023\/08\/ITH-768x624.jpeg 768w\" sizes=\"auto, (max-width: 307px) 100vw, 307px\" \/><\/a><\/figure><\/div>\n\n\n\n<blockquote class=\"wp-block-quote is-layout-flow wp-block-quote-is-layout-flow\"><p><span class=\"has-inline-color has-luminous-vivid-orange-color\">Brasil \u2014 continuo lutando pelos seus direitos. A Rumble retornar\u00e1 e a liberdade de express\u00e3o vencer\u00e1. Pode levar tempo, mas sou implac\u00e1vel\u201d, escreveu o empres\u00e1rio nas redes sociais.<\/span><\/p><\/blockquote>\n\n\n\n<div class=\"wp-block-image\"><figure class=\"aligncenter size-large is-resized\"><a href=\"https:\/\/www.instagram.com\/restaurantepegoretti\/\"><img loading=\"lazy\" decoding=\"async\" src=\"https:\/\/jornalfatosenoticias.com.br\/wp-content\/uploads\/2023\/12\/pegoretti-logo-pdf-1024x389.jpg\" alt=\"\" class=\"wp-image-47536\" width=\"493\" height=\"187\" srcset=\"https:\/\/jornalfatosenoticias.com.br\/wp-content\/uploads\/2023\/12\/pegoretti-logo-pdf-1024x389.jpg 1024w, https:\/\/jornalfatosenoticias.com.br\/wp-content\/uploads\/2023\/12\/pegoretti-logo-pdf-300x114.jpg 300w, https:\/\/jornalfatosenoticias.com.br\/wp-content\/uploads\/2023\/12\/pegoretti-logo-pdf-768x291.jpg 768w, https:\/\/jornalfatosenoticias.com.br\/wp-content\/uploads\/2023\/12\/pegoretti-logo-pdf.jpg 1120w\" sizes=\"auto, (max-width: 493px) 100vw, 493px\" \/><\/a><\/figure><\/div>\n\n\n\n<p>A fala ocorre ap\u00f3s a s\u00e9rie de medidas adotadas por Washington contra o Brasil, incluindo a promessa de imposi\u00e7\u00e3o de uma tarifa de 50% sobre todos os produtos brasileiros, com in\u00edcio previsto para 1\u00ba de agosto. A taxa\u00e7\u00e3o foi anunciada por Trump como forma de retalia\u00e7\u00e3o ao que o governo norte-americano classificou como viola\u00e7\u00f5es \u00e0 liberdade de express\u00e3o e persegui\u00e7\u00e3o pol\u00edtica, especialmente no caso do ex-presidente Jair Bolsonaro (PL).<\/p>\n\n\n\n<div class=\"wp-block-image\"><figure class=\"aligncenter size-large\"><a href=\"http:\/\/www.ferrarimaquinas.com.br\/\"><img loading=\"lazy\" decoding=\"async\" width=\"300\" height=\"250\" src=\"https:\/\/jornalfatosenoticias.com.br\/wp-content\/uploads\/2022\/02\/FERRARI_MAQUINAS-E-FERRAMENTAS2.jpg\" alt=\"\" class=\"wp-image-27860\"\/><\/a><\/figure><\/div>\n\n\n\n<p>O endurecimento da postura americana exp\u00f4s a fragilidade do governo Lula no cen\u00e1rio internacional, agravando o desgaste diplom\u00e1tico j\u00e1 acumulado nos \u00faltimos meses. O bloqueio da Rumble no Brasil ocorreu por decis\u00e3o direta de Moraes, em torno de inqu\u00e9ritos conduzidos no STF envolvendo a\u00e7\u00f5es consideradas antidemocr\u00e1ticas. A plataforma, rival do YouTube e conhecida por abrigar conte\u00fados de vozes conservadoras, foi uma das empresas estrangeiras citadas por autoridades dos EUA como alvo de censura pelo Judici\u00e1rio brasileiro.<\/p>\n\n\n\n<div class=\"wp-block-image\"><figure class=\"aligncenter size-large is-resized\"><a href=\"https:\/\/hotelmarquetti.com.br\/\"><img loading=\"lazy\" decoding=\"async\" src=\"https:\/\/jornalfatosenoticias.com.br\/wp-content\/uploads\/2020\/02\/LOGO-MQ-1024x680.jpg\" alt=\"\" class=\"wp-image-58299\" width=\"362\" height=\"240\" srcset=\"https:\/\/jornalfatosenoticias.com.br\/wp-content\/uploads\/2020\/02\/LOGO-MQ-1024x680.jpg 1024w, https:\/\/jornalfatosenoticias.com.br\/wp-content\/uploads\/2020\/02\/LOGO-MQ-300x199.jpg 300w, https:\/\/jornalfatosenoticias.com.br\/wp-content\/uploads\/2020\/02\/LOGO-MQ-768x510.jpg 768w, https:\/\/jornalfatosenoticias.com.br\/wp-content\/uploads\/2020\/02\/LOGO-MQ-1536x1020.jpg 1536w, https:\/\/jornalfatosenoticias.com.br\/wp-content\/uploads\/2020\/02\/LOGO-MQ-2048x1360.jpg 2048w\" sizes=\"auto, (max-width: 362px) 100vw, 362px\" \/><\/a><\/figure><\/div>\n\n\n\n<p>Embora o governo brasileiro tenha tentado enquadrar as medidas como assuntos internos e de soberania nacional, os Estados Unidos t\u00eam argumentado que o Brasil est\u00e1 sujeito a compromissos internacionais em mat\u00e9ria de direitos humanos e democracia. A ret\u00f3rica americana sustenta que, al\u00e9m dos brasileiros, cidad\u00e3os e empresas dos EUA tamb\u00e9m v\u00eam sendo prejudicados por decis\u00f5es que, conforme o Departamento de Estado, contrariam princ\u00edpios constitucionais e acordos multilaterais.<strong> (Fonte: Conex\u00e3o Pol\u00edtica)<\/strong><\/p>\n\n\n\n<div class=\"wp-block-image\"><figure class=\"aligncenter size-large is-resized\"><a href=\"https:\/\/www.instagram.com\/serra4x4cambioautomatico\/\"><img loading=\"lazy\" decoding=\"async\" src=\"https:\/\/jornalfatosenoticias.com.br\/wp-content\/uploads\/2024\/08\/Serra-4x4-1-886x1024.jpg\" alt=\"\" class=\"wp-image-53632\" width=\"277\" height=\"320\" srcset=\"https:\/\/jornalfatosenoticias.com.br\/wp-content\/uploads\/2024\/08\/Serra-4x4-1-886x1024.jpg 886w, https:\/\/jornalfatosenoticias.com.br\/wp-content\/uploads\/2024\/08\/Serra-4x4-1-260x300.jpg 260w, https:\/\/jornalfatosenoticias.com.br\/wp-content\/uploads\/2024\/08\/Serra-4x4-1-768x888.jpg 768w, https:\/\/jornalfatosenoticias.com.br\/wp-content\/uploads\/2024\/08\/Serra-4x4-1.jpg 1181w\" sizes=\"auto, (max-width: 277px) 100vw, 277px\" \/><\/a><\/figure><\/div>\n\n\n\n<hr class=\"wp-block-separator\"\/>\n\n\n\n<h3 class=\"wp-block-heading\"><span class=\"has-inline-color has-black-color\">Governo Lula imp\u00f5e sigilo a pagamentos de honor\u00e1rios recebidos por Jorge Messias, chefe da AGU<\/span><\/h3>\n\n\n\n<div class=\"wp-block-image\"><figure class=\"aligncenter size-large\"><img loading=\"lazy\" decoding=\"async\" width=\"612\" height=\"420\" src=\"https:\/\/jornalfatosenoticias.com.br\/wp-content\/uploads\/2025\/07\/Governo-Lula-impoe-sigilo-a-pagamentos-recebidos-por-Jorge-Messias-agu_gettyimages.jpg\" alt=\"\" class=\"wp-image-60602\" srcset=\"https:\/\/jornalfatosenoticias.com.br\/wp-content\/uploads\/2025\/07\/Governo-Lula-impoe-sigilo-a-pagamentos-recebidos-por-Jorge-Messias-agu_gettyimages.jpg 612w, https:\/\/jornalfatosenoticias.com.br\/wp-content\/uploads\/2025\/07\/Governo-Lula-impoe-sigilo-a-pagamentos-recebidos-por-Jorge-Messias-agu_gettyimages-300x206.jpg 300w\" sizes=\"auto, (max-width: 612px) 100vw, 612px\" \/><figcaption><em><span class=\"has-inline-color has-black-color\">(Foto: Getty Images)<\/span><\/em><\/figcaption><\/figure><\/div>\n\n\n\n<p>O governo de Luiz In\u00e1cio Lula da Silva (PT) imp\u00f4s sigilo aos pagamentos de honor\u00e1rios advocat\u00edcios feitos ao ministro Jorge Messias, chefe da Advocacia-Geral da Uni\u00e3o (AGU), nos \u00faltimos sete meses. A pr\u00e1tica contraria a pol\u00edtica de transpar\u00eancia prometida por Lula durante a campanha presidencial de 2022 e interrompe a divulga\u00e7\u00e3o de dados antes publicados mensalmente no Portal da Transpar\u00eancia.<\/p>\n\n\n\n<div class=\"wp-block-image\"><figure class=\"aligncenter size-large is-resized\"><a href=\"https:\/\/www.legisjuris.com.br\/\"><img loading=\"lazy\" decoding=\"async\" src=\"https:\/\/jornalfatosenoticias.com.br\/wp-content\/uploads\/2024\/09\/Legis-Juris-Consultoria_logo.jpg\" alt=\"\" class=\"wp-image-53915\" width=\"463\" height=\"194\" srcset=\"https:\/\/jornalfatosenoticias.com.br\/wp-content\/uploads\/2024\/09\/Legis-Juris-Consultoria_logo.jpg 969w, https:\/\/jornalfatosenoticias.com.br\/wp-content\/uploads\/2024\/09\/Legis-Juris-Consultoria_logo-300x126.jpg 300w, https:\/\/jornalfatosenoticias.com.br\/wp-content\/uploads\/2024\/09\/Legis-Juris-Consultoria_logo-768x322.jpg 768w\" sizes=\"auto, (max-width: 463px) 100vw, 463px\" \/><\/a><\/figure><\/div>\n\n\n\n<p>Desde dezembro de 2023, o governo federal deixou de divulgar quanto cada integrante das tr\u00eas carreiras da AGU recebeu em honor\u00e1rios. Nesse per\u00edodo, os pagamentos j\u00e1 somam R$ 2,5 bilh\u00f5es. Como os dados foram colocados sob sigilo, \u00e9 imposs\u00edvel saber como os valores foram distribu\u00eddos, inclusive ao pr\u00f3prio ministro.<\/p>\n\n\n\n<div class=\"wp-block-image\"><figure class=\"aligncenter size-large is-resized\"><a href=\"https:\/\/www.facebook.com\/postobkr\/?locale=pt_BR\"><img loading=\"lazy\" decoding=\"async\" src=\"https:\/\/jornalfatosenoticias.com.br\/wp-content\/uploads\/2023\/08\/BKR-1024x1021.jpg\" alt=\"\" class=\"wp-image-44494\" width=\"302\" height=\"301\" srcset=\"https:\/\/jornalfatosenoticias.com.br\/wp-content\/uploads\/2023\/08\/BKR-1024x1021.jpg 1024w, https:\/\/jornalfatosenoticias.com.br\/wp-content\/uploads\/2023\/08\/BKR-300x300.jpg 300w, https:\/\/jornalfatosenoticias.com.br\/wp-content\/uploads\/2023\/08\/BKR-150x150.jpg 150w, https:\/\/jornalfatosenoticias.com.br\/wp-content\/uploads\/2023\/08\/BKR-768x766.jpg 768w, https:\/\/jornalfatosenoticias.com.br\/wp-content\/uploads\/2023\/08\/BKR.jpg 1080w\" sizes=\"auto, (max-width: 302px) 100vw, 302px\" \/><\/a><\/figure><\/div>\n\n\n\n<p>A \u00faltima informa\u00e7\u00e3o p\u00fablica dispon\u00edvel \u00e9 de outubro de 2023, quando Messias recebeu R$ 31,8 mil em honor\u00e1rios. Desde ent\u00e3o, os valores pagos a ele n\u00e3o s\u00e3o mais acess\u00edveis, embora o ministro, servidor da AGU desde 2006, continue tendo direito ao benef\u00edcio. O bloqueio da informa\u00e7\u00e3o tamb\u00e9m atinge o restante da categoria.<\/p>\n\n\n\n<div class=\"wp-block-image\"><figure class=\"aligncenter size-large is-resized\"><a href=\"https:\/\/www.instagram.com\/gruposei\/\"><img loading=\"lazy\" decoding=\"async\" src=\"https:\/\/jornalfatosenoticias.com.br\/wp-content\/uploads\/2022\/07\/Logo-Grupo-SEI.jpg\" alt=\"\" class=\"wp-image-31973\" width=\"398\" height=\"209\" srcset=\"https:\/\/jornalfatosenoticias.com.br\/wp-content\/uploads\/2022\/07\/Logo-Grupo-SEI.jpg 713w, https:\/\/jornalfatosenoticias.com.br\/wp-content\/uploads\/2022\/07\/Logo-Grupo-SEI-300x158.jpg 300w\" sizes=\"auto, (max-width: 398px) 100vw, 398px\" \/><\/a><\/figure><\/div>\n\n\n\n<p>O sigilo imposto gera ainda mais pol\u00eamica por ocorrer no momento em que o pr\u00f3prio governo tem se posicionado publicamente contra os chamados \u201csupersal\u00e1rios\u201d e os \u201cpenduricalhos\u201d do servi\u00e7o p\u00fablico. A bancada do PT na C\u00e2mara apresentou recentemente um projeto de lei para limitar gratifica\u00e7\u00f5es que elevam os rendimentos de servidores, sobretudo no Judici\u00e1rio.<\/p>\n\n\n\n<div class=\"wp-block-image\"><figure class=\"aligncenter size-large is-resized\"><a href=\"https:\/\/www.controlsystems.com.br\/\"><img loading=\"lazy\" decoding=\"async\" src=\"https:\/\/jornalfatosenoticias.com.br\/wp-content\/uploads\/2020\/02\/CONTROL-CS.jpg\" alt=\"\" class=\"wp-image-44991\" width=\"254\" height=\"304\" srcset=\"https:\/\/jornalfatosenoticias.com.br\/wp-content\/uploads\/2020\/02\/CONTROL-CS.jpg 834w, https:\/\/jornalfatosenoticias.com.br\/wp-content\/uploads\/2020\/02\/CONTROL-CS-250x300.jpg 250w, https:\/\/jornalfatosenoticias.com.br\/wp-content\/uploads\/2020\/02\/CONTROL-CS-768x921.jpg 768w\" sizes=\"auto, (max-width: 254px) 100vw, 254px\" \/><\/a><\/figure><\/div>\n\n\n\n<p>Al\u00e9m da oculta\u00e7\u00e3o dos dados, uma mudan\u00e7a recente nas regras internas da AGU elevou ainda mais os ganhos dos servidores: o c\u00e1lculo do ter\u00e7o adicional de f\u00e9rias passou a incluir os honor\u00e1rios, equiparando esses valores ao sal\u00e1rio. Em outubro, \u00faltimo m\u00eas com dados dispon\u00edveis, 33 servidores da AGU receberam mais de R$ 100 mil em honor\u00e1rios. Dois deles ultrapassaram R$ 500 mil em um \u00fanico m\u00eas. A partir de novembro, os valores pagos deixaram de ser informados.<\/p>\n\n\n\n<div class=\"wp-block-image\"><figure class=\"aligncenter size-large is-resized\"><a href=\"https:\/\/www.facebook.com\/profile.php?id=100069289606145\"><img loading=\"lazy\" decoding=\"async\" src=\"https:\/\/jornalfatosenoticias.com.br\/wp-content\/uploads\/2024\/11\/Guaitolini-Contabilidade-1024x714.jpeg\" alt=\"\" class=\"wp-image-55808\" width=\"310\" height=\"216\" srcset=\"https:\/\/jornalfatosenoticias.com.br\/wp-content\/uploads\/2024\/11\/Guaitolini-Contabilidade-1024x714.jpeg 1024w, https:\/\/jornalfatosenoticias.com.br\/wp-content\/uploads\/2024\/11\/Guaitolini-Contabilidade-300x209.jpeg 300w, https:\/\/jornalfatosenoticias.com.br\/wp-content\/uploads\/2024\/11\/Guaitolini-Contabilidade-768x535.jpeg 768w, https:\/\/jornalfatosenoticias.com.br\/wp-content\/uploads\/2024\/11\/Guaitolini-Contabilidade.jpeg 1280w\" sizes=\"auto, (max-width: 310px) 100vw, 310px\" \/><\/a><\/figure><\/div>\n\n\n\n<p>A medida contraria o discurso de Lula, que prometeu revogar sigilos impostos na gest\u00e3o Bolsonaro. \u00c0 \u00e9poca, o presidente afirmou que seu governo n\u00e3o esconderia dados p\u00fablicos e refor\u00e7ou o compromisso com a transpar\u00eancia. Agora, no entanto, a oculta\u00e7\u00e3o dos rendimentos de Jorge Messias e demais integrantes da AGU imp\u00f5e um novo desgaste \u00e0 imagem do governo. <strong>(Fonte: Hora Bras\u00edlia)<\/strong><\/p>\n\n\n\n<div class=\"wp-block-image\"><figure class=\"aligncenter size-large is-resized\"><a href=\"https:\/\/www.instagram.com\/esteio.churrascaria\/\"><img loading=\"lazy\" decoding=\"async\" src=\"https:\/\/jornalfatosenoticias.com.br\/wp-content\/uploads\/2022\/02\/LOGO-ESTEIO-1024x730.png\" alt=\"\" class=\"wp-image-27942\" width=\"323\" height=\"230\" srcset=\"https:\/\/jornalfatosenoticias.com.br\/wp-content\/uploads\/2022\/02\/LOGO-ESTEIO-1024x730.png 1024w, https:\/\/jornalfatosenoticias.com.br\/wp-content\/uploads\/2022\/02\/LOGO-ESTEIO-300x214.png 300w, https:\/\/jornalfatosenoticias.com.br\/wp-content\/uploads\/2022\/02\/LOGO-ESTEIO-768x548.png 768w, https:\/\/jornalfatosenoticias.com.br\/wp-content\/uploads\/2022\/02\/LOGO-ESTEIO.png 1123w\" sizes=\"auto, (max-width: 323px) 100vw, 323px\" \/><\/a><\/figure><\/div>\n\n\n\n<hr class=\"wp-block-separator\"\/>\n\n\n\n<h3 class=\"wp-block-heading\"><span class=\"has-inline-color has-black-color\">EUA investigam desmonte do combate \u00e0 corrup\u00e7\u00e3o no Brasil<\/span><\/h3>\n\n\n\n<div class=\"wp-block-image\"><figure class=\"aligncenter size-large\"><img loading=\"lazy\" decoding=\"async\" width=\"612\" height=\"408\" src=\"https:\/\/jornalfatosenoticias.com.br\/wp-content\/uploads\/2025\/07\/desmonte-do-combate-a-corrupcao-no-Brasil_gettyimages.jpg\" alt=\"\" class=\"wp-image-60601\" srcset=\"https:\/\/jornalfatosenoticias.com.br\/wp-content\/uploads\/2025\/07\/desmonte-do-combate-a-corrupcao-no-Brasil_gettyimages.jpg 612w, https:\/\/jornalfatosenoticias.com.br\/wp-content\/uploads\/2025\/07\/desmonte-do-combate-a-corrupcao-no-Brasil_gettyimages-300x200.jpg 300w\" sizes=\"auto, (max-width: 612px) 100vw, 612px\" \/><figcaption><em><span class=\"has-inline-color has-black-color\">(Foto: Getty Images)<\/span><\/em><\/figcaption><\/figure><\/div>\n\n\n\n<p>O Escrit\u00f3rio do Representante Comercial dos Estados Unidos, por ordem de Donald Trump, deu in\u00edcio, na ter\u00e7a-feira (15), a uma investiga\u00e7\u00e3o formal sobre atos pol\u00edticas e pr\u00e1ticas do Brasil, com base na \u2018Se\u00e7\u00e3o 301\u2019 da legisla\u00e7\u00e3o comercial do pa\u00eds. Os EUA afirmam que a falta de \u201caplica\u00e7\u00e3o das medidas anticorrup\u00e7\u00e3o do Brasil e a falta de transpar\u00eancia\u201d podem comprometer o desempenho das empresas americanas no mercado brasileiro.<\/p>\n\n\n\n<div class=\"wp-block-image\"><figure class=\"aligncenter size-large is-resized\"><a href=\"https:\/\/panper.com.br\/\"><img loading=\"lazy\" decoding=\"async\" src=\"https:\/\/jornalfatosenoticias.com.br\/wp-content\/uploads\/2023\/03\/logo-Panper_portal.jpg\" alt=\"\" class=\"wp-image-40208\" width=\"357\" height=\"247\" srcset=\"https:\/\/jornalfatosenoticias.com.br\/wp-content\/uploads\/2023\/03\/logo-Panper_portal.jpg 400w, https:\/\/jornalfatosenoticias.com.br\/wp-content\/uploads\/2023\/03\/logo-Panper_portal-300x208.jpg 300w\" sizes=\"auto, (max-width: 357px) 100vw, 357px\" \/><\/a><\/figure><\/div>\n\n\n\n<p><strong><span class=\"has-inline-color has-black-color\">O Antagonista traduziu a \u00edntegra do trecho:<br><\/span><\/strong>\u201cMedidas anticorrup\u00e7\u00e3o<br>Evid\u00eancias sugerem que os esfor\u00e7os do Brasil para combater a corrup\u00e7\u00e3o enfraqueceram consideravelmente em algumas \u00e1reas. Por exemplo, relat\u00f3rios indicam que os promotores se envolveram em acordos opacos para fornecer clem\u00eancia a empresas envolvidas em corrup\u00e7\u00e3o e indicam conflitos de interesse em decis\u00f5es judiciais. Em um caso altamente divulgado envolvendo o suborno de funcion\u00e1rios p\u00fablicos por projetos p\u00fablicos e lavagem de dinheiro, as decis\u00f5es de um juiz da Suprema Corte para descartar as condena\u00e7\u00f5es atra\u00edram cr\u00edticas generalizadas.<br>Evid\u00eancias indicam que a falta de aplica\u00e7\u00e3o das medidas anticorrup\u00e7\u00e3o do Brasil e a falta de transpar\u00eancia podem prejudicar as empresas americanas envolvidas em com\u00e9rcio e investimento no Brasil e levantam preocupa\u00e7\u00f5es em rela\u00e7\u00e3o \u00e0s normas relacionadas ao combate ao suborno e \u00e0 corrup\u00e7\u00e3o, como no Protocolo ao Acordo de Com\u00e9rcio e Coopera\u00e7\u00e3o Econ\u00f4mica entre o Governo dos Estados Unidos da Am\u00e9rica e o Governo da Rep\u00fablica Federativa do Brasil em Termos de Regras de Com\u00e9rcio e Transpar\u00eancia, Anexo III, ou na Conven\u00e7\u00e3o de Combate ao Suborno de Funcion\u00e1rios P\u00fablicos Estrangeiros em Transa\u00e7\u00f5es Internacionais, feita em Paris, em 19 de dezembro de 1997\u201d.<strong> (Fonte: O Antagonista)<\/strong><\/p>\n\n\n\n<div class=\"wp-block-image\"><figure class=\"aligncenter size-large is-resized\"><a href=\"https:\/\/www.facebook.com\/vetor.vix\/\"><img loading=\"lazy\" decoding=\"async\" src=\"https:\/\/jornalfatosenoticias.com.br\/wp-content\/uploads\/2023\/09\/vetorvix1024_1.jpg\" alt=\"\" class=\"wp-image-44868\" width=\"558\" height=\"148\" srcset=\"https:\/\/jornalfatosenoticias.com.br\/wp-content\/uploads\/2023\/09\/vetorvix1024_1.jpg 1024w, https:\/\/jornalfatosenoticias.com.br\/wp-content\/uploads\/2023\/09\/vetorvix1024_1-300x80.jpg 300w, https:\/\/jornalfatosenoticias.com.br\/wp-content\/uploads\/2023\/09\/vetorvix1024_1-768x205.jpg 768w\" sizes=\"auto, (max-width: 558px) 100vw, 558px\" \/><\/a><\/figure><\/div>\n\n\n\n<hr class=\"wp-block-separator\"\/>\n","protected":false},"excerpt":{"rendered":"<p>O ministro Alexandre de Moraes, do Supremo Tribunal Federal (STF), decidiu, nesta quarta-feira (16), manter o decreto presidencial que reajustou al\u00edquotas do Imposto sobre Opera\u00e7\u00f5es Financeiras (IOF), com exce\u00e7\u00e3o do trecho que trata da tributa\u00e7\u00e3o sobre o chamado \u201crisco sacado\u201d. A decis\u00e3o foi tomada ap\u00f3s um impasse entre o governo federal e o Congresso Nacional [&hellip;]<\/p>\n","protected":false},"author":3,"featured_media":60606,"comment_status":"open","ping_status":"open","sticky":false,"template":"","format":"standard","meta":{"footnotes":""},"categories":[10],"tags":[13889,15650,27639,2129,27640,2147,27641,1751,18155,18343,27183,27643,27642,294,26602],"class_list":["post-60600","post","type-post","status-publish","format-standard","has-post-thumbnail","hentry","category-politica","tag-alexandre-de-moraes","tag-cgu","tag-chris-pavlovski","tag-corrupcao","tag-desmonte-do-combate-a-corrupcao-no-brasil","tag-donald-trump","tag-embaixada-dos-estados-unidos-no-brasil","tag-estados-unidos","tag-fernando-haddad","tag-governo-lula","tag-iof","tag-rombo-no-mec","tag-rumble","tag-stf","tag-tarifaco-de-trump"],"yoast_head":"<!-- This site is optimized with the Yoast SEO plugin v26.5 - https:\/\/yoast.com\/wordpress\/plugins\/seo\/ -->\n<title>A Semana no Brasil e no Mundo \u2014 Moraes atende governo Lula e mant\u00e9m alta do IOF - Jornal Fatos e Not\u00edcias<\/title>\n<meta name=\"robots\" content=\"index, follow, max-snippet:-1, max-image-preview:large, max-video-preview:-1\" \/>\n<link rel=\"canonical\" href=\"https:\/\/jornalfatosenoticias.com.br\/index.php\/2025\/07\/18\/a-semana-no-brasil-e-no-mundo-moraes-atende-governo-lula-e-mantem-alta-do-iof\/\" \/>\n<meta property=\"og:locale\" content=\"pt_BR\" \/>\n<meta property=\"og:type\" content=\"article\" \/>\n<meta property=\"og:title\" content=\"A Semana no Brasil e no Mundo \u2014 Moraes atende governo Lula e mant\u00e9m alta do IOF - Jornal Fatos e Not\u00edcias\" \/>\n<meta property=\"og:description\" content=\"O ministro Alexandre de Moraes, do Supremo Tribunal Federal (STF), decidiu, nesta quarta-feira (16), manter o decreto presidencial que reajustou al\u00edquotas do Imposto sobre Opera\u00e7\u00f5es Financeiras (IOF), com exce\u00e7\u00e3o do trecho que trata da tributa\u00e7\u00e3o sobre o chamado \u201crisco sacado\u201d. A decis\u00e3o foi tomada ap\u00f3s um impasse entre o governo federal e o Congresso Nacional [&hellip;]\" \/>\n<meta property=\"og:url\" content=\"https:\/\/jornalfatosenoticias.com.br\/index.php\/2025\/07\/18\/a-semana-no-brasil-e-no-mundo-moraes-atende-governo-lula-e-mantem-alta-do-iof\/\" \/>\n<meta property=\"og:site_name\" content=\"Jornal Fatos e Not\u00edcias\" \/>\n<meta property=\"article:published_time\" content=\"2025-07-18T12:06:20+00:00\" \/>\n<meta property=\"article:modified_time\" content=\"2025-07-18T12:07:39+00:00\" \/>\n<meta property=\"og:image\" content=\"https:\/\/jornalfatosenoticias.com.br\/wp-content\/uploads\/2025\/07\/IOF_gettyimages.jpg\" \/>\n\t<meta property=\"og:image:width\" content=\"612\" \/>\n\t<meta property=\"og:image:height\" content=\"407\" \/>\n\t<meta property=\"og:image:type\" content=\"image\/jpeg\" \/>\n<meta name=\"author\" content=\"Haroldo Filho\" \/>\n<meta name=\"twitter:card\" content=\"summary_large_image\" \/>\n<meta name=\"twitter:label1\" content=\"Escrito por\" \/>\n\t<meta name=\"twitter:data1\" content=\"Haroldo Filho\" \/>\n\t<meta name=\"twitter:label2\" content=\"Est. tempo de leitura\" \/>\n\t<meta name=\"twitter:data2\" content=\"10 minutos\" \/>\n<script type=\"application\/ld+json\" class=\"yoast-schema-graph\">{\"@context\":\"https:\/\/schema.org\",\"@graph\":[{\"@type\":\"Article\",\"@id\":\"https:\/\/jornalfatosenoticias.com.br\/index.php\/2025\/07\/18\/a-semana-no-brasil-e-no-mundo-moraes-atende-governo-lula-e-mantem-alta-do-iof\/#article\",\"isPartOf\":{\"@id\":\"https:\/\/jornalfatosenoticias.com.br\/index.php\/2025\/07\/18\/a-semana-no-brasil-e-no-mundo-moraes-atende-governo-lula-e-mantem-alta-do-iof\/\"},\"author\":{\"name\":\"Haroldo Filho\",\"@id\":\"https:\/\/jornalfatosenoticias.com.br\/#\/schema\/person\/05c46cc25b42a5c27e004fb0fa6b4965\"},\"headline\":\"A Semana no Brasil e no Mundo \u2014 Moraes atende governo Lula e mant\u00e9m alta do IOF\",\"datePublished\":\"2025-07-18T12:06:20+00:00\",\"dateModified\":\"2025-07-18T12:07:39+00:00\",\"mainEntityOfPage\":{\"@id\":\"https:\/\/jornalfatosenoticias.com.br\/index.php\/2025\/07\/18\/a-semana-no-brasil-e-no-mundo-moraes-atende-governo-lula-e-mantem-alta-do-iof\/\"},\"wordCount\":2044,\"commentCount\":0,\"publisher\":{\"@id\":\"https:\/\/jornalfatosenoticias.com.br\/#organization\"},\"image\":{\"@id\":\"https:\/\/jornalfatosenoticias.com.br\/index.php\/2025\/07\/18\/a-semana-no-brasil-e-no-mundo-moraes-atende-governo-lula-e-mantem-alta-do-iof\/#primaryimage\"},\"thumbnailUrl\":\"https:\/\/jornalfatosenoticias.com.br\/wp-content\/uploads\/2025\/07\/IOF_gettyimages.jpg\",\"keywords\":[\"Alexandre de Moraes\",\"CGU\",\"Chris Pavlovski\",\"corrup\u00e7\u00e3o\",\"desmonte do combate \u00e0 corrup\u00e7\u00e3o no Brasil\",\"Donald Trump\",\"Embaixada dos Estados Unidos no Brasil\",\"Estados Unidos\",\"Fernando Haddad\",\"governo Lula\",\"IOF\",\"rombo no MEC\",\"Rumble\",\"STF\",\"tarifa\u00e7o de Trump\"],\"articleSection\":[\"Pol\u00edtica\"],\"inLanguage\":\"pt-BR\",\"potentialAction\":[{\"@type\":\"CommentAction\",\"name\":\"Comment\",\"target\":[\"https:\/\/jornalfatosenoticias.com.br\/index.php\/2025\/07\/18\/a-semana-no-brasil-e-no-mundo-moraes-atende-governo-lula-e-mantem-alta-do-iof\/#respond\"]}]},{\"@type\":\"WebPage\",\"@id\":\"https:\/\/jornalfatosenoticias.com.br\/index.php\/2025\/07\/18\/a-semana-no-brasil-e-no-mundo-moraes-atende-governo-lula-e-mantem-alta-do-iof\/\",\"url\":\"https:\/\/jornalfatosenoticias.com.br\/index.php\/2025\/07\/18\/a-semana-no-brasil-e-no-mundo-moraes-atende-governo-lula-e-mantem-alta-do-iof\/\",\"name\":\"A Semana no Brasil e no Mundo \u2014 Moraes atende governo Lula e mant\u00e9m alta do IOF - Jornal Fatos e Not\u00edcias\",\"isPartOf\":{\"@id\":\"https:\/\/jornalfatosenoticias.com.br\/#website\"},\"primaryImageOfPage\":{\"@id\":\"https:\/\/jornalfatosenoticias.com.br\/index.php\/2025\/07\/18\/a-semana-no-brasil-e-no-mundo-moraes-atende-governo-lula-e-mantem-alta-do-iof\/#primaryimage\"},\"image\":{\"@id\":\"https:\/\/jornalfatosenoticias.com.br\/index.php\/2025\/07\/18\/a-semana-no-brasil-e-no-mundo-moraes-atende-governo-lula-e-mantem-alta-do-iof\/#primaryimage\"},\"thumbnailUrl\":\"https:\/\/jornalfatosenoticias.com.br\/wp-content\/uploads\/2025\/07\/IOF_gettyimages.jpg\",\"datePublished\":\"2025-07-18T12:06:20+00:00\",\"dateModified\":\"2025-07-18T12:07:39+00:00\",\"breadcrumb\":{\"@id\":\"https:\/\/jornalfatosenoticias.com.br\/index.php\/2025\/07\/18\/a-semana-no-brasil-e-no-mundo-moraes-atende-governo-lula-e-mantem-alta-do-iof\/#breadcrumb\"},\"inLanguage\":\"pt-BR\",\"potentialAction\":[{\"@type\":\"ReadAction\",\"target\":[\"https:\/\/jornalfatosenoticias.com.br\/index.php\/2025\/07\/18\/a-semana-no-brasil-e-no-mundo-moraes-atende-governo-lula-e-mantem-alta-do-iof\/\"]}]},{\"@type\":\"ImageObject\",\"inLanguage\":\"pt-BR\",\"@id\":\"https:\/\/jornalfatosenoticias.com.br\/index.php\/2025\/07\/18\/a-semana-no-brasil-e-no-mundo-moraes-atende-governo-lula-e-mantem-alta-do-iof\/#primaryimage\",\"url\":\"https:\/\/jornalfatosenoticias.com.br\/wp-content\/uploads\/2025\/07\/IOF_gettyimages.jpg\",\"contentUrl\":\"https:\/\/jornalfatosenoticias.com.br\/wp-content\/uploads\/2025\/07\/IOF_gettyimages.jpg\",\"width\":612,\"height\":407,\"caption\":\"Luiz Inacio Lula da Silva, Brazil's president-elect, and Alexandre de Moraes, justice of Brazil's Supreme Federal Court, right, during the certification of the 2022 Brazilian presidential election at the Superior Electoral Court (TSE) in Brasilia, Brazil, on Monday, Dec. 12, 2022. The still tense post-election environment led Lula and the electoral court to anticipate his vote certification, which is the last step of the electoral process and a condition for his inauguration. Photographer: Andressa Anholete\/Bloomberg via Getty Images\"},{\"@type\":\"BreadcrumbList\",\"@id\":\"https:\/\/jornalfatosenoticias.com.br\/index.php\/2025\/07\/18\/a-semana-no-brasil-e-no-mundo-moraes-atende-governo-lula-e-mantem-alta-do-iof\/#breadcrumb\",\"itemListElement\":[{\"@type\":\"ListItem\",\"position\":1,\"name\":\"In\u00edcio\",\"item\":\"https:\/\/jornalfatosenoticias.com.br\/\"},{\"@type\":\"ListItem\",\"position\":2,\"name\":\"A Semana no Brasil e no Mundo \u2014 Moraes atende governo Lula e mant\u00e9m alta do IOF\"}]},{\"@type\":\"WebSite\",\"@id\":\"https:\/\/jornalfatosenoticias.com.br\/#website\",\"url\":\"https:\/\/jornalfatosenoticias.com.br\/\",\"name\":\"Jornal Fatos e Not\u00edcias\",\"description\":\"Not\u00edcias em geral\",\"publisher\":{\"@id\":\"https:\/\/jornalfatosenoticias.com.br\/#organization\"},\"potentialAction\":[{\"@type\":\"SearchAction\",\"target\":{\"@type\":\"EntryPoint\",\"urlTemplate\":\"https:\/\/jornalfatosenoticias.com.br\/?s={search_term_string}\"},\"query-input\":{\"@type\":\"PropertyValueSpecification\",\"valueRequired\":true,\"valueName\":\"search_term_string\"}}],\"inLanguage\":\"pt-BR\"},{\"@type\":\"Organization\",\"@id\":\"https:\/\/jornalfatosenoticias.com.br\/#organization\",\"name\":\"Jornal Fatos e Not\u00edcias\",\"url\":\"https:\/\/jornalfatosenoticias.com.br\/\",\"logo\":{\"@type\":\"ImageObject\",\"inLanguage\":\"pt-BR\",\"@id\":\"https:\/\/jornalfatosenoticias.com.br\/#\/schema\/logo\/image\/\",\"url\":\"https:\/\/jornalfatosenoticias.com.br\/wp-content\/uploads\/2020\/02\/logo120.png\",\"contentUrl\":\"https:\/\/jornalfatosenoticias.com.br\/wp-content\/uploads\/2020\/02\/logo120.png\",\"width\":1227,\"height\":120,\"caption\":\"Jornal Fatos e Not\u00edcias\"},\"image\":{\"@id\":\"https:\/\/jornalfatosenoticias.com.br\/#\/schema\/logo\/image\/\"}},{\"@type\":\"Person\",\"@id\":\"https:\/\/jornalfatosenoticias.com.br\/#\/schema\/person\/05c46cc25b42a5c27e004fb0fa6b4965\",\"name\":\"Haroldo Filho\",\"image\":{\"@type\":\"ImageObject\",\"inLanguage\":\"pt-BR\",\"@id\":\"https:\/\/jornalfatosenoticias.com.br\/#\/schema\/person\/image\/\",\"url\":\"https:\/\/jornalfatosenoticias.com.br\/wp-content\/uploads\/2025\/08\/WhatsApp-Image-2025-08-18-at-15.30.28-150x150.jpeg\",\"contentUrl\":\"https:\/\/jornalfatosenoticias.com.br\/wp-content\/uploads\/2025\/08\/WhatsApp-Image-2025-08-18-at-15.30.28-150x150.jpeg\",\"caption\":\"Haroldo Filho\"},\"description\":\"Jornalista \u2013 DRT: 0003818\/ES Coordenador-geral da ONG Educar para Crescer\",\"url\":\"https:\/\/jornalfatosenoticias.com.br\/index.php\/author\/haroldo\/\"}]}<\/script>\n<!-- \/ Yoast SEO plugin. -->","yoast_head_json":{"title":"A Semana no Brasil e no Mundo \u2014 Moraes atende governo Lula e mant\u00e9m alta do IOF - Jornal Fatos e Not\u00edcias","robots":{"index":"index","follow":"follow","max-snippet":"max-snippet:-1","max-image-preview":"max-image-preview:large","max-video-preview":"max-video-preview:-1"},"canonical":"https:\/\/jornalfatosenoticias.com.br\/index.php\/2025\/07\/18\/a-semana-no-brasil-e-no-mundo-moraes-atende-governo-lula-e-mantem-alta-do-iof\/","og_locale":"pt_BR","og_type":"article","og_title":"A Semana no Brasil e no Mundo \u2014 Moraes atende governo Lula e mant\u00e9m alta do IOF - Jornal Fatos e Not\u00edcias","og_description":"O ministro Alexandre de Moraes, do Supremo Tribunal Federal (STF), decidiu, nesta quarta-feira (16), manter o decreto presidencial que reajustou al\u00edquotas do Imposto sobre Opera\u00e7\u00f5es Financeiras (IOF), com exce\u00e7\u00e3o do trecho que trata da tributa\u00e7\u00e3o sobre o chamado \u201crisco sacado\u201d. A decis\u00e3o foi tomada ap\u00f3s um impasse entre o governo federal e o Congresso Nacional [&hellip;]","og_url":"https:\/\/jornalfatosenoticias.com.br\/index.php\/2025\/07\/18\/a-semana-no-brasil-e-no-mundo-moraes-atende-governo-lula-e-mantem-alta-do-iof\/","og_site_name":"Jornal Fatos e Not\u00edcias","article_published_time":"2025-07-18T12:06:20+00:00","article_modified_time":"2025-07-18T12:07:39+00:00","og_image":[{"width":612,"height":407,"url":"https:\/\/jornalfatosenoticias.com.br\/wp-content\/uploads\/2025\/07\/IOF_gettyimages.jpg","type":"image\/jpeg"}],"author":"Haroldo Filho","twitter_card":"summary_large_image","twitter_misc":{"Escrito por":"Haroldo Filho","Est. tempo de leitura":"10 minutos"},"schema":{"@context":"https:\/\/schema.org","@graph":[{"@type":"Article","@id":"https:\/\/jornalfatosenoticias.com.br\/index.php\/2025\/07\/18\/a-semana-no-brasil-e-no-mundo-moraes-atende-governo-lula-e-mantem-alta-do-iof\/#article","isPartOf":{"@id":"https:\/\/jornalfatosenoticias.com.br\/index.php\/2025\/07\/18\/a-semana-no-brasil-e-no-mundo-moraes-atende-governo-lula-e-mantem-alta-do-iof\/"},"author":{"name":"Haroldo Filho","@id":"https:\/\/jornalfatosenoticias.com.br\/#\/schema\/person\/05c46cc25b42a5c27e004fb0fa6b4965"},"headline":"A Semana no Brasil e no Mundo \u2014 Moraes atende governo Lula e mant\u00e9m alta do IOF","datePublished":"2025-07-18T12:06:20+00:00","dateModified":"2025-07-18T12:07:39+00:00","mainEntityOfPage":{"@id":"https:\/\/jornalfatosenoticias.com.br\/index.php\/2025\/07\/18\/a-semana-no-brasil-e-no-mundo-moraes-atende-governo-lula-e-mantem-alta-do-iof\/"},"wordCount":2044,"commentCount":0,"publisher":{"@id":"https:\/\/jornalfatosenoticias.com.br\/#organization"},"image":{"@id":"https:\/\/jornalfatosenoticias.com.br\/index.php\/2025\/07\/18\/a-semana-no-brasil-e-no-mundo-moraes-atende-governo-lula-e-mantem-alta-do-iof\/#primaryimage"},"thumbnailUrl":"https:\/\/jornalfatosenoticias.com.br\/wp-content\/uploads\/2025\/07\/IOF_gettyimages.jpg","keywords":["Alexandre de Moraes","CGU","Chris Pavlovski","corrup\u00e7\u00e3o","desmonte do combate \u00e0 corrup\u00e7\u00e3o no Brasil","Donald Trump","Embaixada dos Estados Unidos no Brasil","Estados Unidos","Fernando Haddad","governo Lula","IOF","rombo no MEC","Rumble","STF","tarifa\u00e7o de Trump"],"articleSection":["Pol\u00edtica"],"inLanguage":"pt-BR","potentialAction":[{"@type":"CommentAction","name":"Comment","target":["https:\/\/jornalfatosenoticias.com.br\/index.php\/2025\/07\/18\/a-semana-no-brasil-e-no-mundo-moraes-atende-governo-lula-e-mantem-alta-do-iof\/#respond"]}]},{"@type":"WebPage","@id":"https:\/\/jornalfatosenoticias.com.br\/index.php\/2025\/07\/18\/a-semana-no-brasil-e-no-mundo-moraes-atende-governo-lula-e-mantem-alta-do-iof\/","url":"https:\/\/jornalfatosenoticias.com.br\/index.php\/2025\/07\/18\/a-semana-no-brasil-e-no-mundo-moraes-atende-governo-lula-e-mantem-alta-do-iof\/","name":"A Semana no Brasil e no Mundo \u2014 Moraes atende governo Lula e mant\u00e9m alta do IOF - Jornal Fatos e Not\u00edcias","isPartOf":{"@id":"https:\/\/jornalfatosenoticias.com.br\/#website"},"primaryImageOfPage":{"@id":"https:\/\/jornalfatosenoticias.com.br\/index.php\/2025\/07\/18\/a-semana-no-brasil-e-no-mundo-moraes-atende-governo-lula-e-mantem-alta-do-iof\/#primaryimage"},"image":{"@id":"https:\/\/jornalfatosenoticias.com.br\/index.php\/2025\/07\/18\/a-semana-no-brasil-e-no-mundo-moraes-atende-governo-lula-e-mantem-alta-do-iof\/#primaryimage"},"thumbnailUrl":"https:\/\/jornalfatosenoticias.com.br\/wp-content\/uploads\/2025\/07\/IOF_gettyimages.jpg","datePublished":"2025-07-18T12:06:20+00:00","dateModified":"2025-07-18T12:07:39+00:00","breadcrumb":{"@id":"https:\/\/jornalfatosenoticias.com.br\/index.php\/2025\/07\/18\/a-semana-no-brasil-e-no-mundo-moraes-atende-governo-lula-e-mantem-alta-do-iof\/#breadcrumb"},"inLanguage":"pt-BR","potentialAction":[{"@type":"ReadAction","target":["https:\/\/jornalfatosenoticias.com.br\/index.php\/2025\/07\/18\/a-semana-no-brasil-e-no-mundo-moraes-atende-governo-lula-e-mantem-alta-do-iof\/"]}]},{"@type":"ImageObject","inLanguage":"pt-BR","@id":"https:\/\/jornalfatosenoticias.com.br\/index.php\/2025\/07\/18\/a-semana-no-brasil-e-no-mundo-moraes-atende-governo-lula-e-mantem-alta-do-iof\/#primaryimage","url":"https:\/\/jornalfatosenoticias.com.br\/wp-content\/uploads\/2025\/07\/IOF_gettyimages.jpg","contentUrl":"https:\/\/jornalfatosenoticias.com.br\/wp-content\/uploads\/2025\/07\/IOF_gettyimages.jpg","width":612,"height":407,"caption":"Luiz Inacio Lula da Silva, Brazil's president-elect, and Alexandre de Moraes, justice of Brazil's Supreme Federal Court, right, during the certification of the 2022 Brazilian presidential election at the Superior Electoral Court (TSE) in Brasilia, Brazil, on Monday, Dec. 12, 2022. The still tense post-election environment led Lula and the electoral court to anticipate his vote certification, which is the last step of the electoral process and a condition for his inauguration. Photographer: Andressa Anholete\/Bloomberg via Getty Images"},{"@type":"BreadcrumbList","@id":"https:\/\/jornalfatosenoticias.com.br\/index.php\/2025\/07\/18\/a-semana-no-brasil-e-no-mundo-moraes-atende-governo-lula-e-mantem-alta-do-iof\/#breadcrumb","itemListElement":[{"@type":"ListItem","position":1,"name":"In\u00edcio","item":"https:\/\/jornalfatosenoticias.com.br\/"},{"@type":"ListItem","position":2,"name":"A Semana no Brasil e no Mundo \u2014 Moraes atende governo Lula e mant\u00e9m alta do IOF"}]},{"@type":"WebSite","@id":"https:\/\/jornalfatosenoticias.com.br\/#website","url":"https:\/\/jornalfatosenoticias.com.br\/","name":"Jornal Fatos e Not\u00edcias","description":"Not\u00edcias em geral","publisher":{"@id":"https:\/\/jornalfatosenoticias.com.br\/#organization"},"potentialAction":[{"@type":"SearchAction","target":{"@type":"EntryPoint","urlTemplate":"https:\/\/jornalfatosenoticias.com.br\/?s={search_term_string}"},"query-input":{"@type":"PropertyValueSpecification","valueRequired":true,"valueName":"search_term_string"}}],"inLanguage":"pt-BR"},{"@type":"Organization","@id":"https:\/\/jornalfatosenoticias.com.br\/#organization","name":"Jornal Fatos e Not\u00edcias","url":"https:\/\/jornalfatosenoticias.com.br\/","logo":{"@type":"ImageObject","inLanguage":"pt-BR","@id":"https:\/\/jornalfatosenoticias.com.br\/#\/schema\/logo\/image\/","url":"https:\/\/jornalfatosenoticias.com.br\/wp-content\/uploads\/2020\/02\/logo120.png","contentUrl":"https:\/\/jornalfatosenoticias.com.br\/wp-content\/uploads\/2020\/02\/logo120.png","width":1227,"height":120,"caption":"Jornal Fatos e Not\u00edcias"},"image":{"@id":"https:\/\/jornalfatosenoticias.com.br\/#\/schema\/logo\/image\/"}},{"@type":"Person","@id":"https:\/\/jornalfatosenoticias.com.br\/#\/schema\/person\/05c46cc25b42a5c27e004fb0fa6b4965","name":"Haroldo Filho","image":{"@type":"ImageObject","inLanguage":"pt-BR","@id":"https:\/\/jornalfatosenoticias.com.br\/#\/schema\/person\/image\/","url":"https:\/\/jornalfatosenoticias.com.br\/wp-content\/uploads\/2025\/08\/WhatsApp-Image-2025-08-18-at-15.30.28-150x150.jpeg","contentUrl":"https:\/\/jornalfatosenoticias.com.br\/wp-content\/uploads\/2025\/08\/WhatsApp-Image-2025-08-18-at-15.30.28-150x150.jpeg","caption":"Haroldo Filho"},"description":"Jornalista \u2013 DRT: 0003818\/ES Coordenador-geral da ONG Educar para Crescer","url":"https:\/\/jornalfatosenoticias.com.br\/index.php\/author\/haroldo\/"}]}},"cc_featured_image_caption":{"caption_text":"(Foto: Getty Images)","source_text":"","source_url":""},"jetpack_featured_media_url":"https:\/\/jornalfatosenoticias.com.br\/wp-content\/uploads\/2025\/07\/IOF_gettyimages.jpg","_links":{"self":[{"href":"https:\/\/jornalfatosenoticias.com.br\/index.php\/wp-json\/wp\/v2\/posts\/60600","targetHints":{"allow":["GET"]}}],"collection":[{"href":"https:\/\/jornalfatosenoticias.com.br\/index.php\/wp-json\/wp\/v2\/posts"}],"about":[{"href":"https:\/\/jornalfatosenoticias.com.br\/index.php\/wp-json\/wp\/v2\/types\/post"}],"author":[{"embeddable":true,"href":"https:\/\/jornalfatosenoticias.com.br\/index.php\/wp-json\/wp\/v2\/users\/3"}],"replies":[{"embeddable":true,"href":"https:\/\/jornalfatosenoticias.com.br\/index.php\/wp-json\/wp\/v2\/comments?post=60600"}],"version-history":[{"count":0,"href":"https:\/\/jornalfatosenoticias.com.br\/index.php\/wp-json\/wp\/v2\/posts\/60600\/revisions"}],"wp:featuredmedia":[{"embeddable":true,"href":"https:\/\/jornalfatosenoticias.com.br\/index.php\/wp-json\/wp\/v2\/media\/60606"}],"wp:attachment":[{"href":"https:\/\/jornalfatosenoticias.com.br\/index.php\/wp-json\/wp\/v2\/media?parent=60600"}],"wp:term":[{"taxonomy":"category","embeddable":true,"href":"https:\/\/jornalfatosenoticias.com.br\/index.php\/wp-json\/wp\/v2\/categories?post=60600"},{"taxonomy":"post_tag","embeddable":true,"href":"https:\/\/jornalfatosenoticias.com.br\/index.php\/wp-json\/wp\/v2\/tags?post=60600"}],"curies":[{"name":"wp","href":"https:\/\/api.w.org\/{rel}","templated":true}]}}