{"id":60608,"date":"2025-07-18T09:21:26","date_gmt":"2025-07-18T12:21:26","guid":{"rendered":"https:\/\/jornalfatosenoticias.com.br\/?p=60608"},"modified":"2025-07-18T09:21:28","modified_gmt":"2025-07-18T12:21:28","slug":"tcu-aponta-gastos-sigilosos-de-r-55-milhoes-no-cartao-corporativo-de-lula","status":"publish","type":"post","link":"https:\/\/jornalfatosenoticias.com.br\/index.php\/2025\/07\/18\/tcu-aponta-gastos-sigilosos-de-r-55-milhoes-no-cartao-corporativo-de-lula\/","title":{"rendered":"TCU aponta gastos sigilosos de R$ 55 milh\u00f5es no cart\u00e3o corporativo de Lula"},"content":{"rendered":"\n<p><em><span class=\"has-inline-color has-black-color\">Auditoria mostra que 99,55% dos gastos feitos no cart\u00e3o corporativo da presid\u00eancia est\u00e3o classificados como &#8220;sigilosos&#8221;<\/span><\/em><\/p>\n\n\n\n<p><span class=\"has-inline-color has-black-color\">Por <strong><a href=\"https:\/\/www.gazetadopovo.com.br\/autor\/guilherme-grandi\/\">Guilherme Grandi<\/a><\/strong><\/span><\/p>\n\n\n\n<div class=\"wp-block-image\"><figure class=\"aligncenter size-large\"><a href=\"https:\/\/mizu.com.br\/\"><img loading=\"lazy\" decoding=\"async\" width=\"729\" height=\"90\" src=\"https:\/\/jornalfatosenoticias.com.br\/wp-content\/uploads\/2020\/02\/Logo_Mizu.png\" alt=\"\" class=\"wp-image-1441\" srcset=\"https:\/\/jornalfatosenoticias.com.br\/wp-content\/uploads\/2020\/02\/Logo_Mizu.png 729w, https:\/\/jornalfatosenoticias.com.br\/wp-content\/uploads\/2020\/02\/Logo_Mizu-300x37.png 300w\" sizes=\"auto, (max-width: 729px) 100vw, 729px\" \/><\/a><\/figure><\/div>\n\n\n\n<p>Uma auditoria do Tribunal de Contas da Uni\u00e3o (TCU) apontou que a presid\u00eancia da Rep\u00fablica gastou R$ 55,4 milh\u00f5es no cart\u00e3o corporativo entre janeiro de 2023 e abril de 2025, com 99,55% das compras classificadas como sigilosas ou reservadas. O mesmo se constatou na vice-presid\u00eancia, com gastos de R$ 393,9 mil, sendo 92% com as mesmas classifica\u00e7\u00f5es.<br>O \u00f3rg\u00e3o analisou os gastos na sess\u00e3o desta quarta (16) e apontou que o governo de Luiz In\u00e1cio Lula da Silva (PT) est\u00e1 descumprindo a maioria das determina\u00e7\u00f5es expedidas h\u00e1 mais de sete anos pela Corte para dar melhor transpar\u00eancia. O TCU deu um prazo de 120 dias para a presid\u00eancia e a vice-presid\u00eancia detalharem os gastos.<\/p>\n\n\n\n<div class=\"wp-block-image\"><figure class=\"aligncenter size-large\"><a href=\"https:\/\/www.cesconetto.com.br\/\"><img loading=\"lazy\" decoding=\"async\" width=\"300\" height=\"250\" src=\"https:\/\/jornalfatosenoticias.com.br\/wp-content\/uploads\/2020\/02\/Banner-2.png\" alt=\"\" class=\"wp-image-43787\"\/><\/a><\/figure><\/div>\n\n\n\n<blockquote class=\"wp-block-quote is-layout-flow wp-block-quote-is-layout-flow\"><p><span class=\"has-inline-color has-luminous-vivid-orange-color\">Chama a aten\u00e7\u00e3o o fato de haver, para a Presid\u00eancia da Rep\u00fablica, elevado montante de despesas tratadas como sigilosas. Do total de R$ 55.497.145,48 gastos com cart\u00e3o de pagamento, no per\u00edodo compreendido entre janeiro de 2023 a abril de 2025, 99,55% s\u00e3o despesas classificadas como sigilosas\u201d, ressalta o relator Walton Alencar Rodrigues no ac\u00f3rd\u00e3o.<\/span><\/p><\/blockquote>\n\n\n\n<div class=\"wp-block-image\"><figure class=\"aligncenter size-large is-resized\"><a href=\"https:\/\/www.instagram.com\/restaurantepegoretti\/\"><img loading=\"lazy\" decoding=\"async\" src=\"https:\/\/jornalfatosenoticias.com.br\/wp-content\/uploads\/2023\/12\/pegoretti-logo-pdf-1024x389.jpg\" alt=\"\" class=\"wp-image-47536\" width=\"467\" height=\"177\" srcset=\"https:\/\/jornalfatosenoticias.com.br\/wp-content\/uploads\/2023\/12\/pegoretti-logo-pdf-1024x389.jpg 1024w, https:\/\/jornalfatosenoticias.com.br\/wp-content\/uploads\/2023\/12\/pegoretti-logo-pdf-300x114.jpg 300w, https:\/\/jornalfatosenoticias.com.br\/wp-content\/uploads\/2023\/12\/pegoretti-logo-pdf-768x291.jpg 768w, https:\/\/jornalfatosenoticias.com.br\/wp-content\/uploads\/2023\/12\/pegoretti-logo-pdf.jpg 1120w\" sizes=\"auto, (max-width: 467px) 100vw, 467px\" \/><\/a><\/figure><\/div>\n\n\n\n<p>\u00c0 Gazeta do Povo, a Secretaria de Comunica\u00e7\u00e3o Social (Secom) afirmou que \u201cas despesas realizadas pela Presid\u00eancia da Rep\u00fablica, por meio do Cart\u00e3o de Pagamento do Governo Federal (CPGF), classificadas como \u2018reservadas\u2019 seguem estritamente o que determina a legisla\u00e7\u00e3o vigente\u201d.<\/p>\n\n\n\n<div class=\"wp-block-image\"><figure class=\"aligncenter size-large is-resized\"><a href=\"https:\/\/www.instagram.com\/rcradiadores\/\"><img loading=\"lazy\" decoding=\"async\" src=\"https:\/\/jornalfatosenoticias.com.br\/wp-content\/uploads\/2022\/10\/RC_800x750_page-0001.jpg\" alt=\"\" class=\"wp-image-35338\" width=\"290\" height=\"272\" srcset=\"https:\/\/jornalfatosenoticias.com.br\/wp-content\/uploads\/2022\/10\/RC_800x750_page-0001.jpg 400w, https:\/\/jornalfatosenoticias.com.br\/wp-content\/uploads\/2022\/10\/RC_800x750_page-0001-300x281.jpg 300w\" sizes=\"auto, (max-width: 290px) 100vw, 290px\" \/><\/a><\/figure><\/div>\n\n\n\n<p>O TCU chama a aten\u00e7\u00e3o para \u201cgraves lacunas\u201d no detalhamento m\u00ednimo das despesas da presid\u00eancia e da vice-presid\u00eancia, como notas fiscais ou mesmo a descri\u00e7\u00e3o dos itens adquiridos, afirmando que o n\u00edvel de publiciza\u00e7\u00e3o n\u00e3o permite que sejam identificados os itens espec\u00edficos adquiridos.<\/p>\n\n\n\n<div class=\"wp-block-image\"><figure class=\"aligncenter size-large is-resized\"><a href=\"https:\/\/www.instagram.com\/esteio.churrascaria\/\"><img loading=\"lazy\" decoding=\"async\" src=\"https:\/\/jornalfatosenoticias.com.br\/wp-content\/uploads\/2022\/02\/LOGO-ESTEIO-1024x730.png\" alt=\"\" class=\"wp-image-27942\" width=\"358\" height=\"255\" srcset=\"https:\/\/jornalfatosenoticias.com.br\/wp-content\/uploads\/2022\/02\/LOGO-ESTEIO-1024x730.png 1024w, https:\/\/jornalfatosenoticias.com.br\/wp-content\/uploads\/2022\/02\/LOGO-ESTEIO-300x214.png 300w, https:\/\/jornalfatosenoticias.com.br\/wp-content\/uploads\/2022\/02\/LOGO-ESTEIO-768x548.png 768w, https:\/\/jornalfatosenoticias.com.br\/wp-content\/uploads\/2022\/02\/LOGO-ESTEIO.png 1123w\" sizes=\"auto, (max-width: 358px) 100vw, 358px\" \/><\/a><\/figure><\/div>\n\n\n\n<blockquote class=\"wp-block-quote is-layout-flow wp-block-quote-is-layout-flow\"><p><span class=\"has-inline-color has-luminous-vivid-orange-color\">No site da Presid\u00eancia, n\u00e3o constam informa\u00e7\u00f5es atualizadas sobre as despesas com cart\u00e3o de pagamento do Governo Federal do mandato presidencial vigente. Os \u00faltimos dados datam de dezembro de 2022, o que denota incompletude e intempestividade na divulga\u00e7\u00e3o dos dados de CPGF\u201d, escreveu Rodrigues.<\/span><\/p><\/blockquote>\n\n\n\n<div class=\"wp-block-image\"><figure class=\"aligncenter size-large is-resized\"><a href=\"https:\/\/www.facebook.com\/vetor.vix\/\"><img loading=\"lazy\" decoding=\"async\" src=\"https:\/\/jornalfatosenoticias.com.br\/wp-content\/uploads\/2023\/09\/vetorvix1024_1.jpg\" alt=\"\" class=\"wp-image-44868\" width=\"539\" height=\"143\" srcset=\"https:\/\/jornalfatosenoticias.com.br\/wp-content\/uploads\/2023\/09\/vetorvix1024_1.jpg 1024w, https:\/\/jornalfatosenoticias.com.br\/wp-content\/uploads\/2023\/09\/vetorvix1024_1-300x80.jpg 300w, https:\/\/jornalfatosenoticias.com.br\/wp-content\/uploads\/2023\/09\/vetorvix1024_1-768x205.jpg 768w\" sizes=\"auto, (max-width: 539px) 100vw, 539px\" \/><\/a><\/figure><\/div>\n\n\n\n<p>O relator apontou que o pr\u00f3prio Portal da Transpar\u00eancia do Governo Federal \u201cpadece de falhas semelhantes\u201d, citando como exemplo um gasto de R$ 35,1 mil em um local denominado Auto Posto Higien\u00f3polis entre janeiro de 2023 e abril de 2025. <em><span class=\"has-inline-color has-black-color\">\u201c[A despesa est\u00e1] desacompanhada da respectiva nota fiscal ou do detalhamento dos itens adquiridos, o impossibilita aferir se o gasto se refere a combust\u00edvel ou a outro tipo de despesa ineleg\u00edvel\u201d, <\/span><\/em>afirmou.<\/p>\n\n\n\n<div class=\"wp-block-image\"><figure class=\"aligncenter size-large\"><img loading=\"lazy\" decoding=\"async\" width=\"782\" height=\"979\" src=\"https:\/\/jornalfatosenoticias.com.br\/wp-content\/uploads\/2025\/07\/cartao-corporativo-Lula_instagram_mbl.jpg\" alt=\"\" class=\"wp-image-60609\" srcset=\"https:\/\/jornalfatosenoticias.com.br\/wp-content\/uploads\/2025\/07\/cartao-corporativo-Lula_instagram_mbl.jpg 782w, https:\/\/jornalfatosenoticias.com.br\/wp-content\/uploads\/2025\/07\/cartao-corporativo-Lula_instagram_mbl-240x300.jpg 240w, https:\/\/jornalfatosenoticias.com.br\/wp-content\/uploads\/2025\/07\/cartao-corporativo-Lula_instagram_mbl-768x961.jpg 768w\" sizes=\"auto, (max-width: 782px) 100vw, 782px\" \/><figcaption><em><span class=\"has-inline-color has-black-color\">Lula e Janja (Foto: Reprodu\u00e7\u00e3o\/Instagram MBL)<\/span><\/em><\/figcaption><\/figure><\/div>\n\n\n\n<p>Em uma busca livre na internet, o posto citado n\u00e3o foi encontrado em Bras\u00edlia, apenas um de nome semelhante \u2014 \u201cHygien\u00f3polis\u201d \u2014 em S\u00e3o Paulo. Ainda segundo a an\u00e1lise, tanto o site da presid\u00eancia (atrav\u00e9s da Casa Civil) como o Portal da Transpar\u00eancia apresentam falhas ao apresentar os gastos.<\/p>\n\n\n\n<div class=\"wp-block-image\"><figure class=\"aligncenter size-large\"><a href=\"http:\/\/www.ferrarimaquinas.com.br\/\"><img loading=\"lazy\" decoding=\"async\" width=\"300\" height=\"250\" src=\"https:\/\/jornalfatosenoticias.com.br\/wp-content\/uploads\/2022\/02\/FERRARI_MAQUINAS-E-FERRAMENTAS2.jpg\" alt=\"\" class=\"wp-image-27860\"\/><\/a><\/figure><\/div>\n\n\n\n<blockquote class=\"wp-block-quote is-layout-flow wp-block-quote-is-layout-flow\"><p><span class=\"has-inline-color has-luminous-vivid-orange-color\">Embora as despesas sejam as mesmas, h\u00e1 diferen\u00e7as de contabiliza\u00e7\u00e3o, detalhamento e valor entre os dados apresentados no site da Casa Civil e os apresentados no Portal da Transpar\u00eancia, o que dificulta a compreens\u00e3o e a utiliza\u00e7\u00e3o dos dados\u201d, anotou o relator.<\/span><\/p><\/blockquote>\n\n\n\n<div class=\"wp-block-image\"><figure class=\"aligncenter size-large is-resized\"><a href=\"https:\/\/hotelmarquetti.com.br\/\"><img loading=\"lazy\" decoding=\"async\" src=\"https:\/\/jornalfatosenoticias.com.br\/wp-content\/uploads\/2020\/02\/LOGO-MQ-1024x680.jpg\" alt=\"\" class=\"wp-image-58299\" width=\"392\" height=\"260\" srcset=\"https:\/\/jornalfatosenoticias.com.br\/wp-content\/uploads\/2020\/02\/LOGO-MQ-1024x680.jpg 1024w, https:\/\/jornalfatosenoticias.com.br\/wp-content\/uploads\/2020\/02\/LOGO-MQ-300x199.jpg 300w, https:\/\/jornalfatosenoticias.com.br\/wp-content\/uploads\/2020\/02\/LOGO-MQ-768x510.jpg 768w, https:\/\/jornalfatosenoticias.com.br\/wp-content\/uploads\/2020\/02\/LOGO-MQ-1536x1020.jpg 1536w, https:\/\/jornalfatosenoticias.com.br\/wp-content\/uploads\/2020\/02\/LOGO-MQ-2048x1360.jpg 2048w\" sizes=\"auto, (max-width: 392px) 100vw, 392px\" \/><\/a><\/figure><\/div>\n\n\n\n<p>Segundo o TCU, os gastos n\u00e3o sigilosos deveriam ser imediatamente divulgados durante o mandato, com informa\u00e7\u00f5es detalhadas por item ou tipo de despesa. No caso das despesas classificadas como sigilosas, a Corte determina que, ao menos, o somat\u00f3rio por tipo de despesa seja publicado mensalmente.<\/p>\n\n\n\n<div class=\"wp-block-image\"><figure class=\"aligncenter size-large is-resized\"><a href=\"https:\/\/www.controlsystems.com.br\/\"><img loading=\"lazy\" decoding=\"async\" src=\"https:\/\/jornalfatosenoticias.com.br\/wp-content\/uploads\/2020\/02\/CONTROL-CS.jpg\" alt=\"\" class=\"wp-image-44991\" width=\"266\" height=\"319\" srcset=\"https:\/\/jornalfatosenoticias.com.br\/wp-content\/uploads\/2020\/02\/CONTROL-CS.jpg 834w, https:\/\/jornalfatosenoticias.com.br\/wp-content\/uploads\/2020\/02\/CONTROL-CS-250x300.jpg 250w, https:\/\/jornalfatosenoticias.com.br\/wp-content\/uploads\/2020\/02\/CONTROL-CS-768x921.jpg 768w\" sizes=\"auto, (max-width: 266px) 100vw, 266px\" \/><\/a><\/figure><\/div>\n\n\n\n<p>Ao final do mandato, diz, esses gastos devem ser desclassificados e apresentados com todos os dados relevantes \u2014 desde que n\u00e3o comprometam a seguran\u00e7a do presidente, vice e familiares. O tribunal cita gastos como materiais de higiene, limpeza, alimenta\u00e7\u00e3o, hospedagem e loca\u00e7\u00e3o de meios de transporte que devem ser divulgados pelo governo.<\/p>\n\n\n\n<div class=\"wp-block-image\"><figure class=\"aligncenter size-large is-resized\"><a href=\"https:\/\/www.facebook.com\/profile.php?id=100069289606145\"><img loading=\"lazy\" decoding=\"async\" src=\"https:\/\/jornalfatosenoticias.com.br\/wp-content\/uploads\/2024\/11\/Guaitolini-Contabilidade-1024x714.jpeg\" alt=\"\" class=\"wp-image-55808\" width=\"342\" height=\"238\" srcset=\"https:\/\/jornalfatosenoticias.com.br\/wp-content\/uploads\/2024\/11\/Guaitolini-Contabilidade-1024x714.jpeg 1024w, https:\/\/jornalfatosenoticias.com.br\/wp-content\/uploads\/2024\/11\/Guaitolini-Contabilidade-300x209.jpeg 300w, https:\/\/jornalfatosenoticias.com.br\/wp-content\/uploads\/2024\/11\/Guaitolini-Contabilidade-768x535.jpeg 768w, https:\/\/jornalfatosenoticias.com.br\/wp-content\/uploads\/2024\/11\/Guaitolini-Contabilidade.jpeg 1280w\" sizes=\"auto, (max-width: 342px) 100vw, 342px\" \/><\/a><\/figure><\/div>\n\n\n\n<blockquote class=\"wp-block-quote is-layout-flow wp-block-quote-is-layout-flow\"><p><span class=\"has-inline-color has-luminous-vivid-orange-color\">Ante o exposto, conclui-se que a Presid\u00eancia da Rep\u00fablica e a Vice-Presid\u00eancia da Rep\u00fablica n\u00e3o divulgaram de modo adequado, suficiente e tempestivo as despesas com Cart\u00e3o de Pagamento do Governo Federal\u201d, completa o relator.<\/span><\/p><\/blockquote>\n\n\n\n<div class=\"wp-block-image\"><figure class=\"aligncenter size-large is-resized\"><a href=\"https:\/\/www.facebook.com\/postobkr\/?locale=pt_BR\"><img loading=\"lazy\" decoding=\"async\" src=\"https:\/\/jornalfatosenoticias.com.br\/wp-content\/uploads\/2023\/08\/BKR-1024x1021.jpg\" alt=\"\" class=\"wp-image-44494\" width=\"280\" height=\"279\" srcset=\"https:\/\/jornalfatosenoticias.com.br\/wp-content\/uploads\/2023\/08\/BKR-1024x1021.jpg 1024w, https:\/\/jornalfatosenoticias.com.br\/wp-content\/uploads\/2023\/08\/BKR-300x300.jpg 300w, https:\/\/jornalfatosenoticias.com.br\/wp-content\/uploads\/2023\/08\/BKR-150x150.jpg 150w, https:\/\/jornalfatosenoticias.com.br\/wp-content\/uploads\/2023\/08\/BKR-768x766.jpg 768w, https:\/\/jornalfatosenoticias.com.br\/wp-content\/uploads\/2023\/08\/BKR.jpg 1080w\" sizes=\"auto, (max-width: 280px) 100vw, 280px\" \/><\/a><\/figure><\/div>\n\n\n\n<p>Diante disso, o TCU reiterou as determina\u00e7\u00f5es anteriores e deu novo prazo de 120 dias para que os \u00f3rg\u00e3os envolvidos cumpram integralmente os dispositivos legais de transpar\u00eancia, incluindo a divulga\u00e7\u00e3o detalhada dos gastos com o cart\u00e3o corporativo quanto \u00e0s despesas n\u00e3o classificadas.<\/p>\n\n\n\n<div class=\"wp-block-image\"><figure class=\"aligncenter size-large is-resized\"><a href=\"https:\/\/www.legisjuris.com.br\/\"><img loading=\"lazy\" decoding=\"async\" src=\"https:\/\/jornalfatosenoticias.com.br\/wp-content\/uploads\/2024\/09\/Legis-Juris-Consultoria_logo.jpg\" alt=\"\" class=\"wp-image-53915\" width=\"513\" height=\"215\" srcset=\"https:\/\/jornalfatosenoticias.com.br\/wp-content\/uploads\/2024\/09\/Legis-Juris-Consultoria_logo.jpg 969w, https:\/\/jornalfatosenoticias.com.br\/wp-content\/uploads\/2024\/09\/Legis-Juris-Consultoria_logo-300x126.jpg 300w, https:\/\/jornalfatosenoticias.com.br\/wp-content\/uploads\/2024\/09\/Legis-Juris-Consultoria_logo-768x322.jpg 768w\" sizes=\"auto, (max-width: 513px) 100vw, 513px\" \/><\/a><\/figure><\/div>\n\n\n\n<p><strong><span class=\"has-inline-color has-black-color\">Veja abaixo o que disse a Secom \u00e0 Gazeta do Povo:<br><\/span><\/strong><em>As despesas realizadas pela Presid\u00eancia da Rep\u00fablica, por meio do Cart\u00e3o de Pagamento do Governo Federal (CPGF), classificadas com \u201creservadas\u201d seguem estritamente o que determina a legisla\u00e7\u00e3o vigente.<br>O artigo 24 da Lei de Acesso \u00e0 Informa\u00e7\u00e3o (Lei n.\u00ba 12.527\/11) imp\u00f5e essa categoriza\u00e7\u00e3o para informa\u00e7\u00f5es conforme sua relev\u00e2ncia para a seguran\u00e7a de Estado. J\u00e1 as despesas n\u00e3o classificadas est\u00e3o em transpar\u00eancia ativa, dispon\u00edveis para consulta no Portal da Transpar\u00eancia do Governo Federal.<\/em><\/p>\n\n\n\n<div class=\"wp-block-image\"><figure class=\"aligncenter size-large is-resized\"><a href=\"https:\/\/www.instagram.com\/serra4x4cambioautomatico\/\"><img loading=\"lazy\" decoding=\"async\" src=\"https:\/\/jornalfatosenoticias.com.br\/wp-content\/uploads\/2024\/08\/Serra-4x4-1-886x1024.jpg\" alt=\"\" class=\"wp-image-53632\" width=\"269\" height=\"310\" srcset=\"https:\/\/jornalfatosenoticias.com.br\/wp-content\/uploads\/2024\/08\/Serra-4x4-1-886x1024.jpg 886w, https:\/\/jornalfatosenoticias.com.br\/wp-content\/uploads\/2024\/08\/Serra-4x4-1-260x300.jpg 260w, https:\/\/jornalfatosenoticias.com.br\/wp-content\/uploads\/2024\/08\/Serra-4x4-1-768x888.jpg 768w, https:\/\/jornalfatosenoticias.com.br\/wp-content\/uploads\/2024\/08\/Serra-4x4-1.jpg 1181w\" sizes=\"auto, (max-width: 269px) 100vw, 269px\" \/><\/a><\/figure><\/div>\n\n\n\n<p><strong>Fonte: <a href=\"https:\/\/www.gazetadopovo.com.br\/republica\/tcu-gastos-sigilosos-55-milhoes-cartao-corporativo-lula\/\">Gazeta do Povo<\/a><\/strong><\/p>\n","protected":false},"excerpt":{"rendered":"<p>Auditoria mostra que 99,55% dos gastos feitos no cart\u00e3o corporativo da presid\u00eancia est\u00e3o classificados como &#8220;sigilosos&#8221; Por Guilherme Grandi Uma auditoria do Tribunal de Contas da Uni\u00e3o (TCU) apontou que a presid\u00eancia da Rep\u00fablica gastou R$ 55,4 milh\u00f5es no cart\u00e3o corporativo entre janeiro de 2023 e abril de 2025, com 99,55% das compras classificadas como [&hellip;]<\/p>\n","protected":false},"author":2,"featured_media":60610,"comment_status":"open","ping_status":"open","sticky":false,"template":"","format":"standard","meta":{"footnotes":""},"categories":[9,10],"tags":[27644,27645,860,7580,8961,7769],"class_list":["post-60608","post","type-post","status-publish","format-standard","has-post-thumbnail","hentry","category-economia","category-politica","tag-cartao-corporativo-de-lula","tag-gastos-de-lula","tag-governo-federal","tag-lula","tag-portal-da-transparencia","tag-tcu"],"yoast_head":"<!-- This site is optimized with the Yoast SEO plugin v26.5 - https:\/\/yoast.com\/wordpress\/plugins\/seo\/ -->\n<title>TCU aponta gastos sigilosos de R$ 55 milh\u00f5es no cart\u00e3o corporativo de Lula - Jornal Fatos e Not\u00edcias<\/title>\n<meta name=\"robots\" content=\"index, follow, max-snippet:-1, max-image-preview:large, max-video-preview:-1\" \/>\n<link rel=\"canonical\" href=\"https:\/\/jornalfatosenoticias.com.br\/index.php\/2025\/07\/18\/tcu-aponta-gastos-sigilosos-de-r-55-milhoes-no-cartao-corporativo-de-lula\/\" \/>\n<meta property=\"og:locale\" content=\"pt_BR\" \/>\n<meta property=\"og:type\" content=\"article\" \/>\n<meta property=\"og:title\" content=\"TCU aponta gastos sigilosos de R$ 55 milh\u00f5es no cart\u00e3o corporativo de Lula - Jornal Fatos e Not\u00edcias\" \/>\n<meta property=\"og:description\" content=\"Auditoria mostra que 99,55% dos gastos feitos no cart\u00e3o corporativo da presid\u00eancia est\u00e3o classificados como &#8220;sigilosos&#8221; Por Guilherme Grandi Uma auditoria do Tribunal de Contas da Uni\u00e3o (TCU) apontou que a presid\u00eancia da Rep\u00fablica gastou R$ 55,4 milh\u00f5es no cart\u00e3o corporativo entre janeiro de 2023 e abril de 2025, com 99,55% das compras classificadas como [&hellip;]\" \/>\n<meta property=\"og:url\" content=\"https:\/\/jornalfatosenoticias.com.br\/index.php\/2025\/07\/18\/tcu-aponta-gastos-sigilosos-de-r-55-milhoes-no-cartao-corporativo-de-lula\/\" \/>\n<meta property=\"og:site_name\" content=\"Jornal Fatos e Not\u00edcias\" \/>\n<meta property=\"article:published_time\" content=\"2025-07-18T12:21:26+00:00\" \/>\n<meta property=\"article:modified_time\" content=\"2025-07-18T12:21:28+00:00\" \/>\n<meta property=\"og:image\" content=\"https:\/\/jornalfatosenoticias.com.br\/wp-content\/uploads\/2025\/07\/gastos-sigilosos-no-cartao-corporativo-de-Lula_gettyimages.jpg\" \/>\n\t<meta property=\"og:image:width\" content=\"612\" \/>\n\t<meta property=\"og:image:height\" content=\"408\" \/>\n\t<meta property=\"og:image:type\" content=\"image\/jpeg\" \/>\n<meta name=\"author\" content=\"Luzimara Fernandes\" \/>\n<meta name=\"twitter:card\" content=\"summary_large_image\" \/>\n<meta name=\"twitter:label1\" content=\"Escrito por\" \/>\n\t<meta name=\"twitter:data1\" content=\"Luzimara Fernandes\" \/>\n\t<meta name=\"twitter:label2\" content=\"Est. tempo de leitura\" \/>\n\t<meta name=\"twitter:data2\" content=\"4 minutos\" \/>\n<script type=\"application\/ld+json\" class=\"yoast-schema-graph\">{\"@context\":\"https:\/\/schema.org\",\"@graph\":[{\"@type\":\"Article\",\"@id\":\"https:\/\/jornalfatosenoticias.com.br\/index.php\/2025\/07\/18\/tcu-aponta-gastos-sigilosos-de-r-55-milhoes-no-cartao-corporativo-de-lula\/#article\",\"isPartOf\":{\"@id\":\"https:\/\/jornalfatosenoticias.com.br\/index.php\/2025\/07\/18\/tcu-aponta-gastos-sigilosos-de-r-55-milhoes-no-cartao-corporativo-de-lula\/\"},\"author\":{\"name\":\"Luzimara Fernandes\",\"@id\":\"https:\/\/jornalfatosenoticias.com.br\/#\/schema\/person\/d63837fa13ac8666eb9e74e0985d6f81\"},\"headline\":\"TCU aponta gastos sigilosos de R$ 55 milh\u00f5es no cart\u00e3o corporativo de Lula\",\"datePublished\":\"2025-07-18T12:21:26+00:00\",\"dateModified\":\"2025-07-18T12:21:28+00:00\",\"mainEntityOfPage\":{\"@id\":\"https:\/\/jornalfatosenoticias.com.br\/index.php\/2025\/07\/18\/tcu-aponta-gastos-sigilosos-de-r-55-milhoes-no-cartao-corporativo-de-lula\/\"},\"wordCount\":829,\"commentCount\":0,\"publisher\":{\"@id\":\"https:\/\/jornalfatosenoticias.com.br\/#organization\"},\"image\":{\"@id\":\"https:\/\/jornalfatosenoticias.com.br\/index.php\/2025\/07\/18\/tcu-aponta-gastos-sigilosos-de-r-55-milhoes-no-cartao-corporativo-de-lula\/#primaryimage\"},\"thumbnailUrl\":\"https:\/\/jornalfatosenoticias.com.br\/wp-content\/uploads\/2025\/07\/gastos-sigilosos-no-cartao-corporativo-de-Lula_gettyimages.jpg\",\"keywords\":[\"cart\u00e3o corporativo de Lula\",\"gastos de Lula\",\"governo federal\",\"Lula\",\"Portal da Transpar\u00eancia\",\"TCU\"],\"articleSection\":[\"Economia\",\"Pol\u00edtica\"],\"inLanguage\":\"pt-BR\",\"potentialAction\":[{\"@type\":\"CommentAction\",\"name\":\"Comment\",\"target\":[\"https:\/\/jornalfatosenoticias.com.br\/index.php\/2025\/07\/18\/tcu-aponta-gastos-sigilosos-de-r-55-milhoes-no-cartao-corporativo-de-lula\/#respond\"]}]},{\"@type\":\"WebPage\",\"@id\":\"https:\/\/jornalfatosenoticias.com.br\/index.php\/2025\/07\/18\/tcu-aponta-gastos-sigilosos-de-r-55-milhoes-no-cartao-corporativo-de-lula\/\",\"url\":\"https:\/\/jornalfatosenoticias.com.br\/index.php\/2025\/07\/18\/tcu-aponta-gastos-sigilosos-de-r-55-milhoes-no-cartao-corporativo-de-lula\/\",\"name\":\"TCU aponta gastos sigilosos de R$ 55 milh\u00f5es no cart\u00e3o corporativo de Lula - Jornal Fatos e Not\u00edcias\",\"isPartOf\":{\"@id\":\"https:\/\/jornalfatosenoticias.com.br\/#website\"},\"primaryImageOfPage\":{\"@id\":\"https:\/\/jornalfatosenoticias.com.br\/index.php\/2025\/07\/18\/tcu-aponta-gastos-sigilosos-de-r-55-milhoes-no-cartao-corporativo-de-lula\/#primaryimage\"},\"image\":{\"@id\":\"https:\/\/jornalfatosenoticias.com.br\/index.php\/2025\/07\/18\/tcu-aponta-gastos-sigilosos-de-r-55-milhoes-no-cartao-corporativo-de-lula\/#primaryimage\"},\"thumbnailUrl\":\"https:\/\/jornalfatosenoticias.com.br\/wp-content\/uploads\/2025\/07\/gastos-sigilosos-no-cartao-corporativo-de-Lula_gettyimages.jpg\",\"datePublished\":\"2025-07-18T12:21:26+00:00\",\"dateModified\":\"2025-07-18T12:21:28+00:00\",\"breadcrumb\":{\"@id\":\"https:\/\/jornalfatosenoticias.com.br\/index.php\/2025\/07\/18\/tcu-aponta-gastos-sigilosos-de-r-55-milhoes-no-cartao-corporativo-de-lula\/#breadcrumb\"},\"inLanguage\":\"pt-BR\",\"potentialAction\":[{\"@type\":\"ReadAction\",\"target\":[\"https:\/\/jornalfatosenoticias.com.br\/index.php\/2025\/07\/18\/tcu-aponta-gastos-sigilosos-de-r-55-milhoes-no-cartao-corporativo-de-lula\/\"]}]},{\"@type\":\"ImageObject\",\"inLanguage\":\"pt-BR\",\"@id\":\"https:\/\/jornalfatosenoticias.com.br\/index.php\/2025\/07\/18\/tcu-aponta-gastos-sigilosos-de-r-55-milhoes-no-cartao-corporativo-de-lula\/#primaryimage\",\"url\":\"https:\/\/jornalfatosenoticias.com.br\/wp-content\/uploads\/2025\/07\/gastos-sigilosos-no-cartao-corporativo-de-Lula_gettyimages.jpg\",\"contentUrl\":\"https:\/\/jornalfatosenoticias.com.br\/wp-content\/uploads\/2025\/07\/gastos-sigilosos-no-cartao-corporativo-de-Lula_gettyimages.jpg\",\"width\":612,\"height\":408,\"caption\":\"Brazil's President Luiz Inacio Lula da Silva gives a thumbs-up before a family photo of heads of state and government of member, partner, and external engagement countries during the BRICS summit in Rio de Janeiro, Brazil, on July 7, 2025. BRICS leaders at a summit on Sunday took aim at US President Donald Trump's \\\"indiscriminate\\\" import tariffs and recent Israeli-US strikes on Iran. (Photo by Pablo PORCIUNCULA \/ AFP) (Photo by PABLO PORCIUNCULA\/AFP via Getty Images)\"},{\"@type\":\"BreadcrumbList\",\"@id\":\"https:\/\/jornalfatosenoticias.com.br\/index.php\/2025\/07\/18\/tcu-aponta-gastos-sigilosos-de-r-55-milhoes-no-cartao-corporativo-de-lula\/#breadcrumb\",\"itemListElement\":[{\"@type\":\"ListItem\",\"position\":1,\"name\":\"In\u00edcio\",\"item\":\"https:\/\/jornalfatosenoticias.com.br\/\"},{\"@type\":\"ListItem\",\"position\":2,\"name\":\"TCU aponta gastos sigilosos de R$ 55 milh\u00f5es no cart\u00e3o corporativo de Lula\"}]},{\"@type\":\"WebSite\",\"@id\":\"https:\/\/jornalfatosenoticias.com.br\/#website\",\"url\":\"https:\/\/jornalfatosenoticias.com.br\/\",\"name\":\"Jornal Fatos e Not\u00edcias\",\"description\":\"Not\u00edcias em geral\",\"publisher\":{\"@id\":\"https:\/\/jornalfatosenoticias.com.br\/#organization\"},\"potentialAction\":[{\"@type\":\"SearchAction\",\"target\":{\"@type\":\"EntryPoint\",\"urlTemplate\":\"https:\/\/jornalfatosenoticias.com.br\/?s={search_term_string}\"},\"query-input\":{\"@type\":\"PropertyValueSpecification\",\"valueRequired\":true,\"valueName\":\"search_term_string\"}}],\"inLanguage\":\"pt-BR\"},{\"@type\":\"Organization\",\"@id\":\"https:\/\/jornalfatosenoticias.com.br\/#organization\",\"name\":\"Jornal Fatos e Not\u00edcias\",\"url\":\"https:\/\/jornalfatosenoticias.com.br\/\",\"logo\":{\"@type\":\"ImageObject\",\"inLanguage\":\"pt-BR\",\"@id\":\"https:\/\/jornalfatosenoticias.com.br\/#\/schema\/logo\/image\/\",\"url\":\"https:\/\/jornalfatosenoticias.com.br\/wp-content\/uploads\/2020\/02\/logo120.png\",\"contentUrl\":\"https:\/\/jornalfatosenoticias.com.br\/wp-content\/uploads\/2020\/02\/logo120.png\",\"width\":1227,\"height\":120,\"caption\":\"Jornal Fatos e Not\u00edcias\"},\"image\":{\"@id\":\"https:\/\/jornalfatosenoticias.com.br\/#\/schema\/logo\/image\/\"}},{\"@type\":\"Person\",\"@id\":\"https:\/\/jornalfatosenoticias.com.br\/#\/schema\/person\/d63837fa13ac8666eb9e74e0985d6f81\",\"name\":\"Luzimara Fernandes\",\"image\":{\"@type\":\"ImageObject\",\"inLanguage\":\"pt-BR\",\"@id\":\"https:\/\/jornalfatosenoticias.com.br\/#\/schema\/person\/image\/\",\"url\":\"https:\/\/jornalfatosenoticias.com.br\/wp-content\/uploads\/2025\/05\/EU_portal.jpg\",\"contentUrl\":\"https:\/\/jornalfatosenoticias.com.br\/wp-content\/uploads\/2025\/05\/EU_portal.jpg\",\"caption\":\"Luzimara Fernandes\"},\"description\":\"Jornalista MTB 2358-ES\",\"sameAs\":[\"https:\/\/jornalfatosenoticias.com.br\"],\"url\":\"https:\/\/jornalfatosenoticias.com.br\/index.php\/author\/luzimara\/\"}]}<\/script>\n<!-- \/ Yoast SEO plugin. -->","yoast_head_json":{"title":"TCU aponta gastos sigilosos de R$ 55 milh\u00f5es no cart\u00e3o corporativo de Lula - Jornal Fatos e Not\u00edcias","robots":{"index":"index","follow":"follow","max-snippet":"max-snippet:-1","max-image-preview":"max-image-preview:large","max-video-preview":"max-video-preview:-1"},"canonical":"https:\/\/jornalfatosenoticias.com.br\/index.php\/2025\/07\/18\/tcu-aponta-gastos-sigilosos-de-r-55-milhoes-no-cartao-corporativo-de-lula\/","og_locale":"pt_BR","og_type":"article","og_title":"TCU aponta gastos sigilosos de R$ 55 milh\u00f5es no cart\u00e3o corporativo de Lula - Jornal Fatos e Not\u00edcias","og_description":"Auditoria mostra que 99,55% dos gastos feitos no cart\u00e3o corporativo da presid\u00eancia est\u00e3o classificados como &#8220;sigilosos&#8221; Por Guilherme Grandi Uma auditoria do Tribunal de Contas da Uni\u00e3o (TCU) apontou que a presid\u00eancia da Rep\u00fablica gastou R$ 55,4 milh\u00f5es no cart\u00e3o corporativo entre janeiro de 2023 e abril de 2025, com 99,55% das compras classificadas como [&hellip;]","og_url":"https:\/\/jornalfatosenoticias.com.br\/index.php\/2025\/07\/18\/tcu-aponta-gastos-sigilosos-de-r-55-milhoes-no-cartao-corporativo-de-lula\/","og_site_name":"Jornal Fatos e Not\u00edcias","article_published_time":"2025-07-18T12:21:26+00:00","article_modified_time":"2025-07-18T12:21:28+00:00","og_image":[{"width":612,"height":408,"url":"https:\/\/jornalfatosenoticias.com.br\/wp-content\/uploads\/2025\/07\/gastos-sigilosos-no-cartao-corporativo-de-Lula_gettyimages.jpg","type":"image\/jpeg"}],"author":"Luzimara Fernandes","twitter_card":"summary_large_image","twitter_misc":{"Escrito por":"Luzimara Fernandes","Est. tempo de leitura":"4 minutos"},"schema":{"@context":"https:\/\/schema.org","@graph":[{"@type":"Article","@id":"https:\/\/jornalfatosenoticias.com.br\/index.php\/2025\/07\/18\/tcu-aponta-gastos-sigilosos-de-r-55-milhoes-no-cartao-corporativo-de-lula\/#article","isPartOf":{"@id":"https:\/\/jornalfatosenoticias.com.br\/index.php\/2025\/07\/18\/tcu-aponta-gastos-sigilosos-de-r-55-milhoes-no-cartao-corporativo-de-lula\/"},"author":{"name":"Luzimara Fernandes","@id":"https:\/\/jornalfatosenoticias.com.br\/#\/schema\/person\/d63837fa13ac8666eb9e74e0985d6f81"},"headline":"TCU aponta gastos sigilosos de R$ 55 milh\u00f5es no cart\u00e3o corporativo de Lula","datePublished":"2025-07-18T12:21:26+00:00","dateModified":"2025-07-18T12:21:28+00:00","mainEntityOfPage":{"@id":"https:\/\/jornalfatosenoticias.com.br\/index.php\/2025\/07\/18\/tcu-aponta-gastos-sigilosos-de-r-55-milhoes-no-cartao-corporativo-de-lula\/"},"wordCount":829,"commentCount":0,"publisher":{"@id":"https:\/\/jornalfatosenoticias.com.br\/#organization"},"image":{"@id":"https:\/\/jornalfatosenoticias.com.br\/index.php\/2025\/07\/18\/tcu-aponta-gastos-sigilosos-de-r-55-milhoes-no-cartao-corporativo-de-lula\/#primaryimage"},"thumbnailUrl":"https:\/\/jornalfatosenoticias.com.br\/wp-content\/uploads\/2025\/07\/gastos-sigilosos-no-cartao-corporativo-de-Lula_gettyimages.jpg","keywords":["cart\u00e3o corporativo de Lula","gastos de Lula","governo federal","Lula","Portal da Transpar\u00eancia","TCU"],"articleSection":["Economia","Pol\u00edtica"],"inLanguage":"pt-BR","potentialAction":[{"@type":"CommentAction","name":"Comment","target":["https:\/\/jornalfatosenoticias.com.br\/index.php\/2025\/07\/18\/tcu-aponta-gastos-sigilosos-de-r-55-milhoes-no-cartao-corporativo-de-lula\/#respond"]}]},{"@type":"WebPage","@id":"https:\/\/jornalfatosenoticias.com.br\/index.php\/2025\/07\/18\/tcu-aponta-gastos-sigilosos-de-r-55-milhoes-no-cartao-corporativo-de-lula\/","url":"https:\/\/jornalfatosenoticias.com.br\/index.php\/2025\/07\/18\/tcu-aponta-gastos-sigilosos-de-r-55-milhoes-no-cartao-corporativo-de-lula\/","name":"TCU aponta gastos sigilosos de R$ 55 milh\u00f5es no cart\u00e3o corporativo de Lula - Jornal Fatos e Not\u00edcias","isPartOf":{"@id":"https:\/\/jornalfatosenoticias.com.br\/#website"},"primaryImageOfPage":{"@id":"https:\/\/jornalfatosenoticias.com.br\/index.php\/2025\/07\/18\/tcu-aponta-gastos-sigilosos-de-r-55-milhoes-no-cartao-corporativo-de-lula\/#primaryimage"},"image":{"@id":"https:\/\/jornalfatosenoticias.com.br\/index.php\/2025\/07\/18\/tcu-aponta-gastos-sigilosos-de-r-55-milhoes-no-cartao-corporativo-de-lula\/#primaryimage"},"thumbnailUrl":"https:\/\/jornalfatosenoticias.com.br\/wp-content\/uploads\/2025\/07\/gastos-sigilosos-no-cartao-corporativo-de-Lula_gettyimages.jpg","datePublished":"2025-07-18T12:21:26+00:00","dateModified":"2025-07-18T12:21:28+00:00","breadcrumb":{"@id":"https:\/\/jornalfatosenoticias.com.br\/index.php\/2025\/07\/18\/tcu-aponta-gastos-sigilosos-de-r-55-milhoes-no-cartao-corporativo-de-lula\/#breadcrumb"},"inLanguage":"pt-BR","potentialAction":[{"@type":"ReadAction","target":["https:\/\/jornalfatosenoticias.com.br\/index.php\/2025\/07\/18\/tcu-aponta-gastos-sigilosos-de-r-55-milhoes-no-cartao-corporativo-de-lula\/"]}]},{"@type":"ImageObject","inLanguage":"pt-BR","@id":"https:\/\/jornalfatosenoticias.com.br\/index.php\/2025\/07\/18\/tcu-aponta-gastos-sigilosos-de-r-55-milhoes-no-cartao-corporativo-de-lula\/#primaryimage","url":"https:\/\/jornalfatosenoticias.com.br\/wp-content\/uploads\/2025\/07\/gastos-sigilosos-no-cartao-corporativo-de-Lula_gettyimages.jpg","contentUrl":"https:\/\/jornalfatosenoticias.com.br\/wp-content\/uploads\/2025\/07\/gastos-sigilosos-no-cartao-corporativo-de-Lula_gettyimages.jpg","width":612,"height":408,"caption":"Brazil's President Luiz Inacio Lula da Silva gives a thumbs-up before a family photo of heads of state and government of member, partner, and external engagement countries during the BRICS summit in Rio de Janeiro, Brazil, on July 7, 2025. BRICS leaders at a summit on Sunday took aim at US President Donald Trump's \"indiscriminate\" import tariffs and recent Israeli-US strikes on Iran. (Photo by Pablo PORCIUNCULA \/ AFP) (Photo by PABLO PORCIUNCULA\/AFP via Getty Images)"},{"@type":"BreadcrumbList","@id":"https:\/\/jornalfatosenoticias.com.br\/index.php\/2025\/07\/18\/tcu-aponta-gastos-sigilosos-de-r-55-milhoes-no-cartao-corporativo-de-lula\/#breadcrumb","itemListElement":[{"@type":"ListItem","position":1,"name":"In\u00edcio","item":"https:\/\/jornalfatosenoticias.com.br\/"},{"@type":"ListItem","position":2,"name":"TCU aponta gastos sigilosos de R$ 55 milh\u00f5es no cart\u00e3o corporativo de Lula"}]},{"@type":"WebSite","@id":"https:\/\/jornalfatosenoticias.com.br\/#website","url":"https:\/\/jornalfatosenoticias.com.br\/","name":"Jornal Fatos e Not\u00edcias","description":"Not\u00edcias em geral","publisher":{"@id":"https:\/\/jornalfatosenoticias.com.br\/#organization"},"potentialAction":[{"@type":"SearchAction","target":{"@type":"EntryPoint","urlTemplate":"https:\/\/jornalfatosenoticias.com.br\/?s={search_term_string}"},"query-input":{"@type":"PropertyValueSpecification","valueRequired":true,"valueName":"search_term_string"}}],"inLanguage":"pt-BR"},{"@type":"Organization","@id":"https:\/\/jornalfatosenoticias.com.br\/#organization","name":"Jornal Fatos e Not\u00edcias","url":"https:\/\/jornalfatosenoticias.com.br\/","logo":{"@type":"ImageObject","inLanguage":"pt-BR","@id":"https:\/\/jornalfatosenoticias.com.br\/#\/schema\/logo\/image\/","url":"https:\/\/jornalfatosenoticias.com.br\/wp-content\/uploads\/2020\/02\/logo120.png","contentUrl":"https:\/\/jornalfatosenoticias.com.br\/wp-content\/uploads\/2020\/02\/logo120.png","width":1227,"height":120,"caption":"Jornal Fatos e Not\u00edcias"},"image":{"@id":"https:\/\/jornalfatosenoticias.com.br\/#\/schema\/logo\/image\/"}},{"@type":"Person","@id":"https:\/\/jornalfatosenoticias.com.br\/#\/schema\/person\/d63837fa13ac8666eb9e74e0985d6f81","name":"Luzimara Fernandes","image":{"@type":"ImageObject","inLanguage":"pt-BR","@id":"https:\/\/jornalfatosenoticias.com.br\/#\/schema\/person\/image\/","url":"https:\/\/jornalfatosenoticias.com.br\/wp-content\/uploads\/2025\/05\/EU_portal.jpg","contentUrl":"https:\/\/jornalfatosenoticias.com.br\/wp-content\/uploads\/2025\/05\/EU_portal.jpg","caption":"Luzimara Fernandes"},"description":"Jornalista MTB 2358-ES","sameAs":["https:\/\/jornalfatosenoticias.com.br"],"url":"https:\/\/jornalfatosenoticias.com.br\/index.php\/author\/luzimara\/"}]}},"cc_featured_image_caption":{"caption_text":"(Foto: Getty Images) ","source_text":"","source_url":""},"jetpack_featured_media_url":"https:\/\/jornalfatosenoticias.com.br\/wp-content\/uploads\/2025\/07\/gastos-sigilosos-no-cartao-corporativo-de-Lula_gettyimages.jpg","_links":{"self":[{"href":"https:\/\/jornalfatosenoticias.com.br\/index.php\/wp-json\/wp\/v2\/posts\/60608","targetHints":{"allow":["GET"]}}],"collection":[{"href":"https:\/\/jornalfatosenoticias.com.br\/index.php\/wp-json\/wp\/v2\/posts"}],"about":[{"href":"https:\/\/jornalfatosenoticias.com.br\/index.php\/wp-json\/wp\/v2\/types\/post"}],"author":[{"embeddable":true,"href":"https:\/\/jornalfatosenoticias.com.br\/index.php\/wp-json\/wp\/v2\/users\/2"}],"replies":[{"embeddable":true,"href":"https:\/\/jornalfatosenoticias.com.br\/index.php\/wp-json\/wp\/v2\/comments?post=60608"}],"version-history":[{"count":0,"href":"https:\/\/jornalfatosenoticias.com.br\/index.php\/wp-json\/wp\/v2\/posts\/60608\/revisions"}],"wp:featuredmedia":[{"embeddable":true,"href":"https:\/\/jornalfatosenoticias.com.br\/index.php\/wp-json\/wp\/v2\/media\/60610"}],"wp:attachment":[{"href":"https:\/\/jornalfatosenoticias.com.br\/index.php\/wp-json\/wp\/v2\/media?parent=60608"}],"wp:term":[{"taxonomy":"category","embeddable":true,"href":"https:\/\/jornalfatosenoticias.com.br\/index.php\/wp-json\/wp\/v2\/categories?post=60608"},{"taxonomy":"post_tag","embeddable":true,"href":"https:\/\/jornalfatosenoticias.com.br\/index.php\/wp-json\/wp\/v2\/tags?post=60608"}],"curies":[{"name":"wp","href":"https:\/\/api.w.org\/{rel}","templated":true}]}}