{"id":60618,"date":"2025-07-18T09:48:08","date_gmt":"2025-07-18T12:48:08","guid":{"rendered":"https:\/\/jornalfatosenoticias.com.br\/?p=60618"},"modified":"2025-07-18T09:48:09","modified_gmt":"2025-07-18T12:48:09","slug":"alienacao-parental-a-lei-emboscada-parte-i","status":"publish","type":"post","link":"https:\/\/jornalfatosenoticias.com.br\/index.php\/2025\/07\/18\/alienacao-parental-a-lei-emboscada-parte-i\/","title":{"rendered":"Aliena\u00e7\u00e3o parental, a lei emboscada \u2014 Parte I"},"content":{"rendered":"\n<p><em><span class=\"has-inline-color has-black-color\">Reduzindo o crime hediondo a conflito de uma mulher louca, tudo se resolve, pois preferimos continuar coniventes com infratores e criminosos<\/span><\/em><\/p>\n\n\n\n<div class=\"wp-block-image\"><figure class=\"aligncenter size-large\"><a href=\"https:\/\/mizu.com.br\/\"><img loading=\"lazy\" decoding=\"async\" width=\"729\" height=\"90\" src=\"https:\/\/jornalfatosenoticias.com.br\/wp-content\/uploads\/2020\/02\/Logo_Mizu.png\" alt=\"\" class=\"wp-image-1441\" srcset=\"https:\/\/jornalfatosenoticias.com.br\/wp-content\/uploads\/2020\/02\/Logo_Mizu.png 729w, https:\/\/jornalfatosenoticias.com.br\/wp-content\/uploads\/2020\/02\/Logo_Mizu-300x37.png 300w\" sizes=\"auto, (max-width: 729px) 100vw, 729px\" \/><\/a><\/figure><\/div>\n\n\n\n<p>O termo aliena\u00e7\u00e3o parental foi inventado por um m\u00e9dico generalista, ped\u00f3filo, que engendrou esta armadilha para defender, por laudos com pretens\u00f5es psicol\u00f3gicas, genitores famosos e poderosos acusados por seus filhos de pr\u00e1ticas sexuais incestuosas. O referido m\u00e9dico nunca foi psiquiatra como costumam lhe intitular. Nem foi professor concursado da Universidade de Columbia, outra inverdade. Ganhou muito dinheiro com essa fal\u00e1cia, e tornou a vida de in\u00fameras crian\u00e7as e adolescentes um inferno de tortura. Essas crian\u00e7as, que foram obrigadas a perder suas m\u00e3es que tinham feito a den\u00fancia de abuso sexual de seus filhos, que por ordem judicial foram entregues aos seus genitores abusadores, cresceram. E, ao atingirem a maioridade, as que tinham sobrevivido psiquicamente em condi\u00e7\u00f5es razo\u00e1veis de funcionalidade, foram \u00e0 Pol\u00edcia e prestaram queixa de pedofilia do m\u00e9dico-monstro.<\/p>\n\n\n\n<div class=\"wp-block-image\"><figure class=\"aligncenter size-large\"><a href=\"http:\/\/www.ferrarimaquinas.com.br\/\"><img loading=\"lazy\" decoding=\"async\" width=\"300\" height=\"250\" src=\"https:\/\/jornalfatosenoticias.com.br\/wp-content\/uploads\/2022\/02\/FERRARI_MAQUINAS-E-FERRAMENTAS2.jpg\" alt=\"\" class=\"wp-image-27860\"\/><\/a><\/figure><\/div>\n\n\n\n<p>Quando percebeu que o FBI tinha avan\u00e7ado na investiga\u00e7\u00e3o de sua pedofilia, ele tentou se eliminar com uma overdose de hero\u00edna. N\u00e3o se sabia que era um usu\u00e1rio. Foi para o hospital, mas escapou. Um tempo depois viu que o FBI ia tocar \u00e0 sua porta. Ent\u00e3o, fez uso de um objeto perfurante, pelo corpo, inclusa a dilacera\u00e7\u00e3o de seu \u00f3rg\u00e3o sexual, significativo, depois acertou a jugular e se esvaiu em sangue. Veio a \u00f3bito assim, e escapou da condena\u00e7\u00e3o e pris\u00e3o.<br>O referido doutor defendia a Pedofilia como ben\u00e9fica para a crian\u00e7a porque a estimularia a se sexualizar, acusando a sociedade como a respons\u00e1vel pelo trauma porque emitia uma resposta draconiana, denominou de histeria social a repulsa pela pedofilia. Dizia que a sociedade deveria ter mais simpatia e acolhimento pelos genitores que cometiam atos de pedofilia. Atribu\u00eda a culpa \u00e0 m\u00e3e, por ela n\u00e3o ter cumprido suas obriga\u00e7\u00f5es matrimoniais, o que justificaria o interesse desse homem ped\u00f3filo pela filha. Nesse ponto ele omite a pedofilia de genitores contra seus filhos meninos, ali\u00e1s, muitos dos denunciantes ao FBI eram rapazes sobreviventes. Como \u201csolu\u00e7\u00e3o\u201d ele instru\u00eda os terapeutas da m\u00e3e para que a estimulassem ao uso de vibradores, para que se interessasse mais pelo sexo com o marido, pai de seus filhos abusados. E tamb\u00e9m recomendava aos terapeutas das crian\u00e7as abusadas, que assistissem durante as sess\u00f5es psicoter\u00e1picas \u00e0s fitas de videocassete, m\u00eddia da \u00e9poca, com as grava\u00e7\u00f5es de abusos sexuais da pr\u00f3pria crian\u00e7a ou de outras crian\u00e7as. A meta era minimizar os atos cometidos, o que chamou de \u201ct\u00e9cnica de dessensibiliza\u00e7\u00e3o\u201d.<\/p>\n\n\n\n<div class=\"wp-block-image\"><figure class=\"aligncenter size-large\"><img loading=\"lazy\" decoding=\"async\" width=\"286\" height=\"244\" src=\"https:\/\/jornalfatosenoticias.com.br\/wp-content\/uploads\/2025\/07\/abuso-infantil-intrafamiliar3_pinterest.jpg\" alt=\"\" class=\"wp-image-60619\"\/><figcaption><em><span class=\"has-inline-color has-black-color\">Abuso infantil intrafamiliar (Foto: Pinterest)<\/span><\/em><\/figcaption><\/figure><\/div>\n\n\n\n<p>Pode parecer que estou relatando um roteiro de filme de terror. S\u00e3o fatos. Todos escritos por ele em seu livro principal. Curioso \u00e9 constatar que nenhum livro seu tinha Pref\u00e1cio, ou seja, ele escrevia, ele editava, ele publicava, sem que seus pares profissionais pudessem prefaciar o que dizia. Terror \u00e9 o que aquelas crian\u00e7as e adolescentes viveram pelo resto da vida. Sim, porque n\u00e3o basta cessarem os abusos sexuais sofridos por uma crian\u00e7a. Esses terrores ficam tatuados para sempre em sua mente. Para sempre. E os gatilhos, os mais variados e sutis, os despertam a qualquer momento.<\/p>\n\n\n\n<div class=\"wp-block-image\"><figure class=\"aligncenter size-large is-resized\"><a href=\"https:\/\/www.instagram.com\/gruposei\/\"><img loading=\"lazy\" decoding=\"async\" src=\"https:\/\/jornalfatosenoticias.com.br\/wp-content\/uploads\/2022\/07\/Logo-Grupo-SEI.jpg\" alt=\"\" class=\"wp-image-31973\" width=\"391\" height=\"205\" srcset=\"https:\/\/jornalfatosenoticias.com.br\/wp-content\/uploads\/2022\/07\/Logo-Grupo-SEI.jpg 713w, https:\/\/jornalfatosenoticias.com.br\/wp-content\/uploads\/2022\/07\/Logo-Grupo-SEI-300x158.jpg 300w\" sizes=\"auto, (max-width: 391px) 100vw, 391px\" \/><\/a><\/figure><\/div>\n\n\n\n<p>O <strong>Brasil<\/strong> importou esse lixo. E, sob uma capa de Batman, fez lobby de que a lei do mesmo nome era para proteger as crian\u00e7as. \u00c9 o <strong>\u00fanico pa\u00eds no mundo<\/strong> que tem essa lei que promove a Priva\u00e7\u00e3o Materna Judicial radical e entrega a crian\u00e7a ao seu algoz. A obedi\u00eancia ao m\u00e9dico acima descrito e suas ideias de perversidade, \u00e9 dogm\u00e1tica. E, uma vez que uma m\u00e3e \u00e9 \u201cconsagrada\u201d como alienadora, nunca mais deixa de s\u00ea-la. Jamais. A cada tentativa de introduzir o contradit\u00f3rio, ela tem como resposta judicial imediata que \u00e9 mais uma prova de aliena\u00e7\u00e3o porque ela n\u00e3o se conforma com essa denomina\u00e7\u00e3o, mas \u00e9. Impressionante que essa tese de mulher louca, ressentida, vingativa, mentirosa, j\u00e1 esteja estruturada. Nada abala essa determina\u00e7\u00e3o judicial comungada pela grande maioria dos advogados e dos psic\u00f3logos que formam um ex\u00e9rcito de defensores de aliena\u00e7\u00e3o parental.<\/p>\n\n\n\n<div class=\"wp-block-image\"><figure class=\"aligncenter size-large\"><img loading=\"lazy\" decoding=\"async\" width=\"608\" height=\"480\" src=\"https:\/\/jornalfatosenoticias.com.br\/wp-content\/uploads\/2025\/07\/abuso-infantil-intrafamiliar_freepik.jpg\" alt=\"\" class=\"wp-image-60620\" srcset=\"https:\/\/jornalfatosenoticias.com.br\/wp-content\/uploads\/2025\/07\/abuso-infantil-intrafamiliar_freepik.jpg 608w, https:\/\/jornalfatosenoticias.com.br\/wp-content\/uploads\/2025\/07\/abuso-infantil-intrafamiliar_freepik-300x237.jpg 300w\" sizes=\"auto, (max-width: 608px) 100vw, 608px\" \/><figcaption><em><span class=\"has-inline-color has-black-color\">Abuso infantil intrafamiliar (Foto: Freepik)<\/span><\/em><\/figcaption><\/figure><\/div>\n\n\n\n<p>Esse termo nunca foi comprovado cientificamente. E proporciona a troca de um crime, a viola\u00e7\u00e3o do corpo da crian\u00e7a, por uma fal\u00e1cia de situa\u00e7\u00e3o transit\u00f3ria das raivas e frustra\u00e7\u00f5es da morte de uma rela\u00e7\u00e3o amorosa que nasceu de projetos a dois. E ainda \u00e9 exigida da m\u00e3e que ousa fazer uma den\u00fancia contra um homem, uma ousadia, que ela n\u00e3o demonstre preocupa\u00e7\u00e3o, medo, irrita\u00e7\u00e3o mesmo, diante das senten\u00e7as de guarda compartilhada ou de invers\u00e3o de guarda, o mais frequente. Ela tem que se manter calma, serena, am\u00e1vel com o estuprador de seu filho ou filha, e obediente silenciosa \u00e0s determina\u00e7\u00f5es do ju\u00edzo. Como entregar o filho, ou filha, nas m\u00e3os de seu algoz, com um sorriso nos l\u00e1bios? Um detalhe: os ju\u00edzes e ju\u00edzas obrigam que a m\u00e3e entregue, pessoalmente, a crian\u00e7a. Eles creem, n\u00e3o sei como, que isso vai mostrar para a crian\u00e7a, e convenc\u00ea-la de que os pais n\u00e3o est\u00e3o mais brigando. Mas quem estava brigando? Sumiram os relatos pormenorizados dos abusos contra a crian\u00e7a, as provas?<\/p>\n\n\n\n<div class=\"wp-block-image\"><figure class=\"aligncenter size-large is-resized\"><a href=\"https:\/\/www.controlsystems.com.br\/\"><img loading=\"lazy\" decoding=\"async\" src=\"https:\/\/jornalfatosenoticias.com.br\/wp-content\/uploads\/2020\/02\/CONTROL-CS.jpg\" alt=\"\" class=\"wp-image-44991\" width=\"289\" height=\"346\" srcset=\"https:\/\/jornalfatosenoticias.com.br\/wp-content\/uploads\/2020\/02\/CONTROL-CS.jpg 834w, https:\/\/jornalfatosenoticias.com.br\/wp-content\/uploads\/2020\/02\/CONTROL-CS-250x300.jpg 250w, https:\/\/jornalfatosenoticias.com.br\/wp-content\/uploads\/2020\/02\/CONTROL-CS-768x921.jpg 768w\" sizes=\"auto, (max-width: 289px) 100vw, 289px\" \/><\/a><\/figure><\/div>\n\n\n\n<p>Reduzindo o crime hediondo a conflito de uma mulher louca, tudo se resolve. Esse \u00e9 o tamanho que se delineia quando mais um Projeto de Lei de Revoga\u00e7\u00e3o da lei de aliena\u00e7\u00e3o parental, j\u00e1 foram v\u00e1rios boicotados, \u00e9 pautado na Comiss\u00e3o de Constitui\u00e7\u00e3o e Justi\u00e7a, e Cidadania. Foi pautado no dia 8\/7, obstru\u00eddo, pautado de novo para o dia 15\/7, e, sinceramente, nem sei o que foi desculpa dessa vez. A for\u00e7a do lobby para se manter essa lei emboscada que tortura crian\u00e7as e ataca o Direito \u00e0 Maternidade, exp\u00f5e as v\u00edsceras da nossa sociedade.<br>Essa foi a comemora\u00e7\u00e3o dos 35 anos do ECA, rasgado pela lei de aliena\u00e7\u00e3o parental e outras arbitrariedades que todos, todos, cometemos ou permitimos o cometimento. O ECA em seus artigos tem toda a Prote\u00e7\u00e3o Integral da Crian\u00e7a e do Adolescente, o Artigo 227 da Constitui\u00e7\u00e3o Federal, a Declara\u00e7\u00e3o de Direitos Humanos, a ONU, a CIDH, a Resolu\u00e7\u00e3o de Bel\u00e9m do Par\u00e1 do CEDAW, a Lei Maria da Penha, o CLADEM, o CONANDA, est\u00e3o todos a postos na Prote\u00e7\u00e3o Integral, mas preferimos continuar coniventes com infratores e criminosos. Os n\u00fameros de Feminic\u00eddio s\u00e3o incontestes. A lei de aliena\u00e7\u00e3o parental \u00e9 letal. Sua primeira v\u00edtima foi Joanna Marcenal, tinha cinco anos. Depois dela, j\u00e1 tivemos cerca de 30 crian\u00e7as contabilizadas, com toda dificuldade. O Segredo de Justi\u00e7a garante o acobertamento dos assassinos. ECA, Parab\u00e9ns?<\/p>\n\n\n\n<div class=\"wp-block-image\"><figure class=\"aligncenter size-large is-resized\"><a href=\"https:\/\/www.facebook.com\/vetor.vix\/\"><img loading=\"lazy\" decoding=\"async\" src=\"https:\/\/jornalfatosenoticias.com.br\/wp-content\/uploads\/2023\/09\/vetorvix1024_1.jpg\" alt=\"\" class=\"wp-image-44868\" width=\"531\" height=\"141\" srcset=\"https:\/\/jornalfatosenoticias.com.br\/wp-content\/uploads\/2023\/09\/vetorvix1024_1.jpg 1024w, https:\/\/jornalfatosenoticias.com.br\/wp-content\/uploads\/2023\/09\/vetorvix1024_1-300x80.jpg 300w, https:\/\/jornalfatosenoticias.com.br\/wp-content\/uploads\/2023\/09\/vetorvix1024_1-768x205.jpg 768w\" sizes=\"auto, (max-width: 531px) 100vw, 531px\" \/><\/a><\/figure><\/div>\n\n\n\n<p><\/p>\n","protected":false},"excerpt":{"rendered":"<p>Reduzindo o crime hediondo a conflito de uma mulher louca, tudo se resolve, pois preferimos continuar coniventes com infratores e criminosos O termo aliena\u00e7\u00e3o parental foi inventado por um m\u00e9dico generalista, ped\u00f3filo, que engendrou esta armadilha para defender, por laudos com pretens\u00f5es psicol\u00f3gicas, genitores famosos e poderosos acusados por seus filhos de pr\u00e1ticas sexuais incestuosas. [&hellip;]<\/p>\n","protected":false},"author":8,"featured_media":60621,"comment_status":"open","ping_status":"open","sticky":false,"template":"","format":"standard","meta":{"footnotes":""},"categories":[2522],"tags":[6344,4298,27650,2812,7314,3528,14521,27649],"class_list":["post-60618","post","type-post","status-publish","format-standard","has-post-thumbnail","hentry","category-comportamento","tag-abusos-sexuais","tag-alienacao-parental","tag-crime-hediondo","tag-eca","tag-lei-de-alienacao-parental","tag-pedofilia","tag-privacao-materna-judicial","tag-richard-gardner"],"yoast_head":"<!-- This site is optimized with the Yoast SEO plugin v26.5 - https:\/\/yoast.com\/wordpress\/plugins\/seo\/ -->\n<title>Aliena\u00e7\u00e3o parental, a lei emboscada \u2014 Parte I - Jornal Fatos e Not\u00edcias<\/title>\n<meta name=\"robots\" content=\"index, follow, max-snippet:-1, max-image-preview:large, max-video-preview:-1\" \/>\n<link rel=\"canonical\" href=\"https:\/\/jornalfatosenoticias.com.br\/index.php\/2025\/07\/18\/alienacao-parental-a-lei-emboscada-parte-i\/\" \/>\n<meta property=\"og:locale\" content=\"pt_BR\" \/>\n<meta property=\"og:type\" content=\"article\" \/>\n<meta property=\"og:title\" content=\"Aliena\u00e7\u00e3o parental, a lei emboscada \u2014 Parte I - Jornal Fatos e Not\u00edcias\" \/>\n<meta property=\"og:description\" content=\"Reduzindo o crime hediondo a conflito de uma mulher louca, tudo se resolve, pois preferimos continuar coniventes com infratores e criminosos O termo aliena\u00e7\u00e3o parental foi inventado por um m\u00e9dico generalista, ped\u00f3filo, que engendrou esta armadilha para defender, por laudos com pretens\u00f5es psicol\u00f3gicas, genitores famosos e poderosos acusados por seus filhos de pr\u00e1ticas sexuais incestuosas. [&hellip;]\" \/>\n<meta property=\"og:url\" content=\"https:\/\/jornalfatosenoticias.com.br\/index.php\/2025\/07\/18\/alienacao-parental-a-lei-emboscada-parte-i\/\" \/>\n<meta property=\"og:site_name\" content=\"Jornal Fatos e Not\u00edcias\" \/>\n<meta property=\"article:published_time\" content=\"2025-07-18T12:48:08+00:00\" \/>\n<meta property=\"article:modified_time\" content=\"2025-07-18T12:48:09+00:00\" \/>\n<meta property=\"og:image\" content=\"https:\/\/jornalfatosenoticias.com.br\/wp-content\/uploads\/2025\/07\/alienacao-parental_Pixabay.jpg\" \/>\n\t<meta property=\"og:image:width\" content=\"1000\" \/>\n\t<meta property=\"og:image:height\" content=\"669\" \/>\n\t<meta property=\"og:image:type\" content=\"image\/jpeg\" \/>\n<meta name=\"author\" content=\"Ana Maria Iencarelli\" \/>\n<meta name=\"twitter:card\" content=\"summary_large_image\" \/>\n<meta name=\"twitter:label1\" content=\"Escrito por\" \/>\n\t<meta name=\"twitter:data1\" content=\"Ana Maria Iencarelli\" \/>\n\t<meta name=\"twitter:label2\" content=\"Est. tempo de leitura\" \/>\n\t<meta name=\"twitter:data2\" content=\"6 minutos\" \/>\n<script type=\"application\/ld+json\" class=\"yoast-schema-graph\">{\"@context\":\"https:\/\/schema.org\",\"@graph\":[{\"@type\":\"Article\",\"@id\":\"https:\/\/jornalfatosenoticias.com.br\/index.php\/2025\/07\/18\/alienacao-parental-a-lei-emboscada-parte-i\/#article\",\"isPartOf\":{\"@id\":\"https:\/\/jornalfatosenoticias.com.br\/index.php\/2025\/07\/18\/alienacao-parental-a-lei-emboscada-parte-i\/\"},\"author\":{\"name\":\"Ana Maria Iencarelli\",\"@id\":\"https:\/\/jornalfatosenoticias.com.br\/#\/schema\/person\/c33fcf5fb02d729d3fec92c6737a22d1\"},\"headline\":\"Aliena\u00e7\u00e3o parental, a lei emboscada \u2014 Parte I\",\"datePublished\":\"2025-07-18T12:48:08+00:00\",\"dateModified\":\"2025-07-18T12:48:09+00:00\",\"mainEntityOfPage\":{\"@id\":\"https:\/\/jornalfatosenoticias.com.br\/index.php\/2025\/07\/18\/alienacao-parental-a-lei-emboscada-parte-i\/\"},\"wordCount\":1176,\"commentCount\":0,\"publisher\":{\"@id\":\"https:\/\/jornalfatosenoticias.com.br\/#organization\"},\"image\":{\"@id\":\"https:\/\/jornalfatosenoticias.com.br\/index.php\/2025\/07\/18\/alienacao-parental-a-lei-emboscada-parte-i\/#primaryimage\"},\"thumbnailUrl\":\"https:\/\/jornalfatosenoticias.com.br\/wp-content\/uploads\/2025\/07\/alienacao-parental_Pixabay.jpg\",\"keywords\":[\"abusos sexuais\",\"aliena\u00e7\u00e3o parental\",\"crime hediondo\",\"ECA\",\"Lei de Aliena\u00e7\u00e3o Parental\",\"pedofilia\",\"priva\u00e7\u00e3o materna judicial\",\"Richard Gardner\"],\"articleSection\":[\"Comportamento &amp; Equil\u00edbrio\"],\"inLanguage\":\"pt-BR\",\"potentialAction\":[{\"@type\":\"CommentAction\",\"name\":\"Comment\",\"target\":[\"https:\/\/jornalfatosenoticias.com.br\/index.php\/2025\/07\/18\/alienacao-parental-a-lei-emboscada-parte-i\/#respond\"]}]},{\"@type\":\"WebPage\",\"@id\":\"https:\/\/jornalfatosenoticias.com.br\/index.php\/2025\/07\/18\/alienacao-parental-a-lei-emboscada-parte-i\/\",\"url\":\"https:\/\/jornalfatosenoticias.com.br\/index.php\/2025\/07\/18\/alienacao-parental-a-lei-emboscada-parte-i\/\",\"name\":\"Aliena\u00e7\u00e3o parental, a lei emboscada \u2014 Parte I - Jornal Fatos e Not\u00edcias\",\"isPartOf\":{\"@id\":\"https:\/\/jornalfatosenoticias.com.br\/#website\"},\"primaryImageOfPage\":{\"@id\":\"https:\/\/jornalfatosenoticias.com.br\/index.php\/2025\/07\/18\/alienacao-parental-a-lei-emboscada-parte-i\/#primaryimage\"},\"image\":{\"@id\":\"https:\/\/jornalfatosenoticias.com.br\/index.php\/2025\/07\/18\/alienacao-parental-a-lei-emboscada-parte-i\/#primaryimage\"},\"thumbnailUrl\":\"https:\/\/jornalfatosenoticias.com.br\/wp-content\/uploads\/2025\/07\/alienacao-parental_Pixabay.jpg\",\"datePublished\":\"2025-07-18T12:48:08+00:00\",\"dateModified\":\"2025-07-18T12:48:09+00:00\",\"breadcrumb\":{\"@id\":\"https:\/\/jornalfatosenoticias.com.br\/index.php\/2025\/07\/18\/alienacao-parental-a-lei-emboscada-parte-i\/#breadcrumb\"},\"inLanguage\":\"pt-BR\",\"potentialAction\":[{\"@type\":\"ReadAction\",\"target\":[\"https:\/\/jornalfatosenoticias.com.br\/index.php\/2025\/07\/18\/alienacao-parental-a-lei-emboscada-parte-i\/\"]}]},{\"@type\":\"ImageObject\",\"inLanguage\":\"pt-BR\",\"@id\":\"https:\/\/jornalfatosenoticias.com.br\/index.php\/2025\/07\/18\/alienacao-parental-a-lei-emboscada-parte-i\/#primaryimage\",\"url\":\"https:\/\/jornalfatosenoticias.com.br\/wp-content\/uploads\/2025\/07\/alienacao-parental_Pixabay.jpg\",\"contentUrl\":\"https:\/\/jornalfatosenoticias.com.br\/wp-content\/uploads\/2025\/07\/alienacao-parental_Pixabay.jpg\",\"width\":1000,\"height\":669},{\"@type\":\"BreadcrumbList\",\"@id\":\"https:\/\/jornalfatosenoticias.com.br\/index.php\/2025\/07\/18\/alienacao-parental-a-lei-emboscada-parte-i\/#breadcrumb\",\"itemListElement\":[{\"@type\":\"ListItem\",\"position\":1,\"name\":\"In\u00edcio\",\"item\":\"https:\/\/jornalfatosenoticias.com.br\/\"},{\"@type\":\"ListItem\",\"position\":2,\"name\":\"Aliena\u00e7\u00e3o parental, a lei emboscada \u2014 Parte I\"}]},{\"@type\":\"WebSite\",\"@id\":\"https:\/\/jornalfatosenoticias.com.br\/#website\",\"url\":\"https:\/\/jornalfatosenoticias.com.br\/\",\"name\":\"Jornal Fatos e Not\u00edcias\",\"description\":\"Not\u00edcias em geral\",\"publisher\":{\"@id\":\"https:\/\/jornalfatosenoticias.com.br\/#organization\"},\"potentialAction\":[{\"@type\":\"SearchAction\",\"target\":{\"@type\":\"EntryPoint\",\"urlTemplate\":\"https:\/\/jornalfatosenoticias.com.br\/?s={search_term_string}\"},\"query-input\":{\"@type\":\"PropertyValueSpecification\",\"valueRequired\":true,\"valueName\":\"search_term_string\"}}],\"inLanguage\":\"pt-BR\"},{\"@type\":\"Organization\",\"@id\":\"https:\/\/jornalfatosenoticias.com.br\/#organization\",\"name\":\"Jornal Fatos e Not\u00edcias\",\"url\":\"https:\/\/jornalfatosenoticias.com.br\/\",\"logo\":{\"@type\":\"ImageObject\",\"inLanguage\":\"pt-BR\",\"@id\":\"https:\/\/jornalfatosenoticias.com.br\/#\/schema\/logo\/image\/\",\"url\":\"https:\/\/jornalfatosenoticias.com.br\/wp-content\/uploads\/2020\/02\/logo120.png\",\"contentUrl\":\"https:\/\/jornalfatosenoticias.com.br\/wp-content\/uploads\/2020\/02\/logo120.png\",\"width\":1227,\"height\":120,\"caption\":\"Jornal Fatos e Not\u00edcias\"},\"image\":{\"@id\":\"https:\/\/jornalfatosenoticias.com.br\/#\/schema\/logo\/image\/\"}},{\"@type\":\"Person\",\"@id\":\"https:\/\/jornalfatosenoticias.com.br\/#\/schema\/person\/c33fcf5fb02d729d3fec92c6737a22d1\",\"name\":\"Ana Maria Iencarelli\",\"image\":{\"@type\":\"ImageObject\",\"inLanguage\":\"pt-BR\",\"@id\":\"https:\/\/jornalfatosenoticias.com.br\/#\/schema\/person\/image\/\",\"url\":\"https:\/\/jornalfatosenoticias.com.br\/wp-content\/uploads\/2020\/02\/Ana-Maria-Iencarelli-1-150x150.jpg\",\"contentUrl\":\"https:\/\/jornalfatosenoticias.com.br\/wp-content\/uploads\/2020\/02\/Ana-Maria-Iencarelli-1-150x150.jpg\",\"caption\":\"Ana Maria Iencarelli\"},\"description\":\"Psicanalista Cl\u00ednica, especializada no atendimento a Crian\u00e7as e Adolescentes. Presidente da ONG Vozes de Anjos.\",\"url\":\"https:\/\/jornalfatosenoticias.com.br\/index.php\/author\/anamaria\/\"}]}<\/script>\n<!-- \/ Yoast SEO plugin. -->","yoast_head_json":{"title":"Aliena\u00e7\u00e3o parental, a lei emboscada \u2014 Parte I - Jornal Fatos e Not\u00edcias","robots":{"index":"index","follow":"follow","max-snippet":"max-snippet:-1","max-image-preview":"max-image-preview:large","max-video-preview":"max-video-preview:-1"},"canonical":"https:\/\/jornalfatosenoticias.com.br\/index.php\/2025\/07\/18\/alienacao-parental-a-lei-emboscada-parte-i\/","og_locale":"pt_BR","og_type":"article","og_title":"Aliena\u00e7\u00e3o parental, a lei emboscada \u2014 Parte I - Jornal Fatos e Not\u00edcias","og_description":"Reduzindo o crime hediondo a conflito de uma mulher louca, tudo se resolve, pois preferimos continuar coniventes com infratores e criminosos O termo aliena\u00e7\u00e3o parental foi inventado por um m\u00e9dico generalista, ped\u00f3filo, que engendrou esta armadilha para defender, por laudos com pretens\u00f5es psicol\u00f3gicas, genitores famosos e poderosos acusados por seus filhos de pr\u00e1ticas sexuais incestuosas. [&hellip;]","og_url":"https:\/\/jornalfatosenoticias.com.br\/index.php\/2025\/07\/18\/alienacao-parental-a-lei-emboscada-parte-i\/","og_site_name":"Jornal Fatos e Not\u00edcias","article_published_time":"2025-07-18T12:48:08+00:00","article_modified_time":"2025-07-18T12:48:09+00:00","og_image":[{"width":1000,"height":669,"url":"https:\/\/jornalfatosenoticias.com.br\/wp-content\/uploads\/2025\/07\/alienacao-parental_Pixabay.jpg","type":"image\/jpeg"}],"author":"Ana Maria Iencarelli","twitter_card":"summary_large_image","twitter_misc":{"Escrito por":"Ana Maria Iencarelli","Est. tempo de leitura":"6 minutos"},"schema":{"@context":"https:\/\/schema.org","@graph":[{"@type":"Article","@id":"https:\/\/jornalfatosenoticias.com.br\/index.php\/2025\/07\/18\/alienacao-parental-a-lei-emboscada-parte-i\/#article","isPartOf":{"@id":"https:\/\/jornalfatosenoticias.com.br\/index.php\/2025\/07\/18\/alienacao-parental-a-lei-emboscada-parte-i\/"},"author":{"name":"Ana Maria Iencarelli","@id":"https:\/\/jornalfatosenoticias.com.br\/#\/schema\/person\/c33fcf5fb02d729d3fec92c6737a22d1"},"headline":"Aliena\u00e7\u00e3o parental, a lei emboscada \u2014 Parte I","datePublished":"2025-07-18T12:48:08+00:00","dateModified":"2025-07-18T12:48:09+00:00","mainEntityOfPage":{"@id":"https:\/\/jornalfatosenoticias.com.br\/index.php\/2025\/07\/18\/alienacao-parental-a-lei-emboscada-parte-i\/"},"wordCount":1176,"commentCount":0,"publisher":{"@id":"https:\/\/jornalfatosenoticias.com.br\/#organization"},"image":{"@id":"https:\/\/jornalfatosenoticias.com.br\/index.php\/2025\/07\/18\/alienacao-parental-a-lei-emboscada-parte-i\/#primaryimage"},"thumbnailUrl":"https:\/\/jornalfatosenoticias.com.br\/wp-content\/uploads\/2025\/07\/alienacao-parental_Pixabay.jpg","keywords":["abusos sexuais","aliena\u00e7\u00e3o parental","crime hediondo","ECA","Lei de Aliena\u00e7\u00e3o Parental","pedofilia","priva\u00e7\u00e3o materna judicial","Richard Gardner"],"articleSection":["Comportamento &amp; Equil\u00edbrio"],"inLanguage":"pt-BR","potentialAction":[{"@type":"CommentAction","name":"Comment","target":["https:\/\/jornalfatosenoticias.com.br\/index.php\/2025\/07\/18\/alienacao-parental-a-lei-emboscada-parte-i\/#respond"]}]},{"@type":"WebPage","@id":"https:\/\/jornalfatosenoticias.com.br\/index.php\/2025\/07\/18\/alienacao-parental-a-lei-emboscada-parte-i\/","url":"https:\/\/jornalfatosenoticias.com.br\/index.php\/2025\/07\/18\/alienacao-parental-a-lei-emboscada-parte-i\/","name":"Aliena\u00e7\u00e3o parental, a lei emboscada \u2014 Parte I - Jornal Fatos e Not\u00edcias","isPartOf":{"@id":"https:\/\/jornalfatosenoticias.com.br\/#website"},"primaryImageOfPage":{"@id":"https:\/\/jornalfatosenoticias.com.br\/index.php\/2025\/07\/18\/alienacao-parental-a-lei-emboscada-parte-i\/#primaryimage"},"image":{"@id":"https:\/\/jornalfatosenoticias.com.br\/index.php\/2025\/07\/18\/alienacao-parental-a-lei-emboscada-parte-i\/#primaryimage"},"thumbnailUrl":"https:\/\/jornalfatosenoticias.com.br\/wp-content\/uploads\/2025\/07\/alienacao-parental_Pixabay.jpg","datePublished":"2025-07-18T12:48:08+00:00","dateModified":"2025-07-18T12:48:09+00:00","breadcrumb":{"@id":"https:\/\/jornalfatosenoticias.com.br\/index.php\/2025\/07\/18\/alienacao-parental-a-lei-emboscada-parte-i\/#breadcrumb"},"inLanguage":"pt-BR","potentialAction":[{"@type":"ReadAction","target":["https:\/\/jornalfatosenoticias.com.br\/index.php\/2025\/07\/18\/alienacao-parental-a-lei-emboscada-parte-i\/"]}]},{"@type":"ImageObject","inLanguage":"pt-BR","@id":"https:\/\/jornalfatosenoticias.com.br\/index.php\/2025\/07\/18\/alienacao-parental-a-lei-emboscada-parte-i\/#primaryimage","url":"https:\/\/jornalfatosenoticias.com.br\/wp-content\/uploads\/2025\/07\/alienacao-parental_Pixabay.jpg","contentUrl":"https:\/\/jornalfatosenoticias.com.br\/wp-content\/uploads\/2025\/07\/alienacao-parental_Pixabay.jpg","width":1000,"height":669},{"@type":"BreadcrumbList","@id":"https:\/\/jornalfatosenoticias.com.br\/index.php\/2025\/07\/18\/alienacao-parental-a-lei-emboscada-parte-i\/#breadcrumb","itemListElement":[{"@type":"ListItem","position":1,"name":"In\u00edcio","item":"https:\/\/jornalfatosenoticias.com.br\/"},{"@type":"ListItem","position":2,"name":"Aliena\u00e7\u00e3o parental, a lei emboscada \u2014 Parte I"}]},{"@type":"WebSite","@id":"https:\/\/jornalfatosenoticias.com.br\/#website","url":"https:\/\/jornalfatosenoticias.com.br\/","name":"Jornal Fatos e Not\u00edcias","description":"Not\u00edcias em geral","publisher":{"@id":"https:\/\/jornalfatosenoticias.com.br\/#organization"},"potentialAction":[{"@type":"SearchAction","target":{"@type":"EntryPoint","urlTemplate":"https:\/\/jornalfatosenoticias.com.br\/?s={search_term_string}"},"query-input":{"@type":"PropertyValueSpecification","valueRequired":true,"valueName":"search_term_string"}}],"inLanguage":"pt-BR"},{"@type":"Organization","@id":"https:\/\/jornalfatosenoticias.com.br\/#organization","name":"Jornal Fatos e Not\u00edcias","url":"https:\/\/jornalfatosenoticias.com.br\/","logo":{"@type":"ImageObject","inLanguage":"pt-BR","@id":"https:\/\/jornalfatosenoticias.com.br\/#\/schema\/logo\/image\/","url":"https:\/\/jornalfatosenoticias.com.br\/wp-content\/uploads\/2020\/02\/logo120.png","contentUrl":"https:\/\/jornalfatosenoticias.com.br\/wp-content\/uploads\/2020\/02\/logo120.png","width":1227,"height":120,"caption":"Jornal Fatos e Not\u00edcias"},"image":{"@id":"https:\/\/jornalfatosenoticias.com.br\/#\/schema\/logo\/image\/"}},{"@type":"Person","@id":"https:\/\/jornalfatosenoticias.com.br\/#\/schema\/person\/c33fcf5fb02d729d3fec92c6737a22d1","name":"Ana Maria Iencarelli","image":{"@type":"ImageObject","inLanguage":"pt-BR","@id":"https:\/\/jornalfatosenoticias.com.br\/#\/schema\/person\/image\/","url":"https:\/\/jornalfatosenoticias.com.br\/wp-content\/uploads\/2020\/02\/Ana-Maria-Iencarelli-1-150x150.jpg","contentUrl":"https:\/\/jornalfatosenoticias.com.br\/wp-content\/uploads\/2020\/02\/Ana-Maria-Iencarelli-1-150x150.jpg","caption":"Ana Maria Iencarelli"},"description":"Psicanalista Cl\u00ednica, especializada no atendimento a Crian\u00e7as e Adolescentes. Presidente da ONG Vozes de Anjos.","url":"https:\/\/jornalfatosenoticias.com.br\/index.php\/author\/anamaria\/"}]}},"cc_featured_image_caption":{"caption_text":"Aliena\u00e7\u00e3o parental (Foto: Pixabay) ","source_text":"","source_url":""},"jetpack_featured_media_url":"https:\/\/jornalfatosenoticias.com.br\/wp-content\/uploads\/2025\/07\/alienacao-parental_Pixabay.jpg","_links":{"self":[{"href":"https:\/\/jornalfatosenoticias.com.br\/index.php\/wp-json\/wp\/v2\/posts\/60618","targetHints":{"allow":["GET"]}}],"collection":[{"href":"https:\/\/jornalfatosenoticias.com.br\/index.php\/wp-json\/wp\/v2\/posts"}],"about":[{"href":"https:\/\/jornalfatosenoticias.com.br\/index.php\/wp-json\/wp\/v2\/types\/post"}],"author":[{"embeddable":true,"href":"https:\/\/jornalfatosenoticias.com.br\/index.php\/wp-json\/wp\/v2\/users\/8"}],"replies":[{"embeddable":true,"href":"https:\/\/jornalfatosenoticias.com.br\/index.php\/wp-json\/wp\/v2\/comments?post=60618"}],"version-history":[{"count":0,"href":"https:\/\/jornalfatosenoticias.com.br\/index.php\/wp-json\/wp\/v2\/posts\/60618\/revisions"}],"wp:featuredmedia":[{"embeddable":true,"href":"https:\/\/jornalfatosenoticias.com.br\/index.php\/wp-json\/wp\/v2\/media\/60621"}],"wp:attachment":[{"href":"https:\/\/jornalfatosenoticias.com.br\/index.php\/wp-json\/wp\/v2\/media?parent=60618"}],"wp:term":[{"taxonomy":"category","embeddable":true,"href":"https:\/\/jornalfatosenoticias.com.br\/index.php\/wp-json\/wp\/v2\/categories?post=60618"},{"taxonomy":"post_tag","embeddable":true,"href":"https:\/\/jornalfatosenoticias.com.br\/index.php\/wp-json\/wp\/v2\/tags?post=60618"}],"curies":[{"name":"wp","href":"https:\/\/api.w.org\/{rel}","templated":true}]}}