{"id":60633,"date":"2025-07-18T10:41:56","date_gmt":"2025-07-18T13:41:56","guid":{"rendered":"https:\/\/jornalfatosenoticias.com.br\/?p=60633"},"modified":"2025-07-18T10:46:57","modified_gmt":"2025-07-18T13:46:57","slug":"vitoria-ganha-nova-sede-da-topbrasil","status":"publish","type":"post","link":"https:\/\/jornalfatosenoticias.com.br\/index.php\/2025\/07\/18\/vitoria-ganha-nova-sede-da-topbrasil\/","title":{"rendered":"Vit\u00f3ria ganha nova sede da TOPBRASIL"},"content":{"rendered":"\n<p><em><span class=\"has-inline-color has-black-color\">Uma nova era em prote\u00e7\u00e3o veicular com seguran\u00e7a regulamentada e benef\u00edcios reais<\/span><\/em><\/p>\n\n\n\n<div class=\"wp-block-image\"><figure class=\"aligncenter size-large\"><a href=\"https:\/\/www.topbrasilpv.com.br\/\"><img loading=\"lazy\" decoding=\"async\" width=\"1024\" height=\"110\" src=\"https:\/\/jornalfatosenoticias.com.br\/wp-content\/uploads\/2020\/02\/Logo-1200x120-1-1024x110.png\" alt=\"\" class=\"wp-image-59897\" srcset=\"https:\/\/jornalfatosenoticias.com.br\/wp-content\/uploads\/2020\/02\/Logo-1200x120-1-1024x110.png 1024w, https:\/\/jornalfatosenoticias.com.br\/wp-content\/uploads\/2020\/02\/Logo-1200x120-1-300x32.png 300w, https:\/\/jornalfatosenoticias.com.br\/wp-content\/uploads\/2020\/02\/Logo-1200x120-1-768x82.png 768w, https:\/\/jornalfatosenoticias.com.br\/wp-content\/uploads\/2020\/02\/Logo-1200x120-1.png 1120w\" sizes=\"auto, (max-width: 1024px) 100vw, 1024px\" \/><\/a><\/figure><\/div>\n\n\n\n<p>Com mais de uma d\u00e9cada de atua\u00e7\u00e3o s\u00f3lida no Esp\u00edrito Santo, a TOPBRASIL reafirma seu compromisso com os capixabas com a <strong>inaugura\u00e7\u00e3o oficial de sua nova sede em Vit\u00f3ria,<\/strong> realizada no \u00faltimo dia <strong>3 de julho.<\/strong> Localizada na Avenida Rosendo Serapi\u00e3o de Souza Filho, 80, na Mata da Praia, a unidade marca um novo cap\u00edtulo de excel\u00eancia e confian\u00e7a no setor de prote\u00e7\u00e3o veicular.<br>A nova sede consolida a presen\u00e7a de uma marca que j\u00e1 conquistou o Brasil, sendo refer\u00eancia nacional em transpar\u00eancia, cobertura diferenciada e proximidade com seus associados. E mais do que isso, simboliza a evolu\u00e7\u00e3o de um modelo que alia tecnologia, atendimento humanizado e uma rede crescente de conv\u00eanios com empresas locais \u2014 estrat\u00e9gia que amplia o valor agregado por meio de benef\u00edcios reais para os associados capixabas.<\/p>\n\n\n\n<div class=\"wp-block-image\"><figure class=\"aligncenter size-large is-resized\"><a href=\"https:\/\/www.instagram.com\/serra4x4cambioautomatico\/\"><img loading=\"lazy\" decoding=\"async\" src=\"https:\/\/jornalfatosenoticias.com.br\/wp-content\/uploads\/2024\/08\/Serra-4x4-1-886x1024.jpg\" alt=\"\" class=\"wp-image-53632\" width=\"324\" height=\"374\" srcset=\"https:\/\/jornalfatosenoticias.com.br\/wp-content\/uploads\/2024\/08\/Serra-4x4-1-886x1024.jpg 886w, https:\/\/jornalfatosenoticias.com.br\/wp-content\/uploads\/2024\/08\/Serra-4x4-1-260x300.jpg 260w, https:\/\/jornalfatosenoticias.com.br\/wp-content\/uploads\/2024\/08\/Serra-4x4-1-768x888.jpg 768w, https:\/\/jornalfatosenoticias.com.br\/wp-content\/uploads\/2024\/08\/Serra-4x4-1.jpg 1181w\" sizes=\"auto, (max-width: 324px) 100vw, 324px\" \/><\/a><\/figure><\/div>\n\n\n\n<p><strong><span class=\"has-inline-color has-vivid-purple-color\">Prote\u00e7\u00e3o que vai al\u00e9m da cobertura<br><\/span><\/strong>Na TOPBRASIL, o conceito de prote\u00e7\u00e3o veicular vai muito al\u00e9m da cobertura convencional. Os associados contam com benef\u00edcios robustos, como cobertura para terceiros de at\u00e9 R$ 200 mil, carro reserva por at\u00e9 30 dias e assist\u00eancia 24 horas com abrang\u00eancia nacional. Tudo isso com acesso descomplicado: <strong>sem consulta ao SPC\/Serasa e sem an\u00e1lise de perfil do condutor.<\/strong><\/p>\n\n\n\n<div class=\"wp-block-image\"><figure class=\"aligncenter size-large is-resized\"><a href=\"https:\/\/www.facebook.com\/postobkr\/?locale=pt_BR\"><img loading=\"lazy\" decoding=\"async\" src=\"https:\/\/jornalfatosenoticias.com.br\/wp-content\/uploads\/2023\/08\/BKR-1024x1021.jpg\" alt=\"\" class=\"wp-image-44494\" width=\"285\" height=\"284\" srcset=\"https:\/\/jornalfatosenoticias.com.br\/wp-content\/uploads\/2023\/08\/BKR-1024x1021.jpg 1024w, https:\/\/jornalfatosenoticias.com.br\/wp-content\/uploads\/2023\/08\/BKR-300x300.jpg 300w, https:\/\/jornalfatosenoticias.com.br\/wp-content\/uploads\/2023\/08\/BKR-150x150.jpg 150w, https:\/\/jornalfatosenoticias.com.br\/wp-content\/uploads\/2023\/08\/BKR-768x766.jpg 768w, https:\/\/jornalfatosenoticias.com.br\/wp-content\/uploads\/2023\/08\/BKR.jpg 1080w\" sizes=\"auto, (max-width: 285px) 100vw, 285px\" \/><\/a><\/figure><\/div>\n\n\n\n<p>A agilidade tamb\u00e9m \u00e9 um diferencial: o processo de ressarcimento pode ser conclu\u00eddo em at\u00e9 30 dias ap\u00f3s a entrega da documenta\u00e7\u00e3o necess\u00e1ria \u2014 um reflexo do respeito e compromisso com quem escolhe proteger seu patrim\u00f4nio com a TOPBRASIL.<\/p>\n\n\n\n<div class=\"wp-block-image\"><figure class=\"aligncenter size-large is-resized\"><a href=\"https:\/\/www.legisjuris.com.br\/\"><img loading=\"lazy\" decoding=\"async\" src=\"https:\/\/jornalfatosenoticias.com.br\/wp-content\/uploads\/2024\/09\/Legis-Juris-Consultoria_logo.jpg\" alt=\"\" class=\"wp-image-53915\" width=\"504\" height=\"211\" srcset=\"https:\/\/jornalfatosenoticias.com.br\/wp-content\/uploads\/2024\/09\/Legis-Juris-Consultoria_logo.jpg 969w, https:\/\/jornalfatosenoticias.com.br\/wp-content\/uploads\/2024\/09\/Legis-Juris-Consultoria_logo-300x126.jpg 300w, https:\/\/jornalfatosenoticias.com.br\/wp-content\/uploads\/2024\/09\/Legis-Juris-Consultoria_logo-768x322.jpg 768w\" sizes=\"auto, (max-width: 504px) 100vw, 504px\" \/><\/a><\/figure><\/div>\n\n\n\n<h3 class=\"wp-block-heading\"><strong><span class=\"has-inline-color has-vivid-purple-color\">Solidez, reconhecimento e compromisso com a regulamenta\u00e7\u00e3o<\/span><\/strong><\/h3>\n\n\n\n<div class=\"wp-block-image\"><figure class=\"aligncenter size-large\"><img loading=\"lazy\" decoding=\"async\" width=\"750\" height=\"1000\" src=\"https:\/\/jornalfatosenoticias.com.br\/wp-content\/uploads\/2025\/07\/TOPBRASIL_FOTO_Eloiza-Miranda.jpeg\" alt=\"\" class=\"wp-image-60634\" srcset=\"https:\/\/jornalfatosenoticias.com.br\/wp-content\/uploads\/2025\/07\/TOPBRASIL_FOTO_Eloiza-Miranda.jpeg 750w, https:\/\/jornalfatosenoticias.com.br\/wp-content\/uploads\/2025\/07\/TOPBRASIL_FOTO_Eloiza-Miranda-225x300.jpeg 225w\" sizes=\"auto, (max-width: 750px) 100vw, 750px\" \/><figcaption><em><span class=\"has-inline-color has-black-color\">Cristiano Alencar, Aline Alencar e Carlos Alberto, gestores e respons\u00e1veis pela sede (Foto: Eloiza Miranda)<\/span><\/em><\/figcaption><\/figure><\/div>\n\n\n\n<p>Com mais de R$ 55 milh\u00f5es pagos em indeniza\u00e7\u00f5es e mais de 55 mil ve\u00edculos atualmente protegidos, a empresa comprova sua <strong>solidez financeira e capacidade operacional. <\/strong>A nota m\u00e9dia de satisfa\u00e7\u00e3o de <strong>9,48,<\/strong> atribu\u00edda pelos pr\u00f3prios associados em mais de 50 mil atendimentos apenas em 2024, confirma a confian\u00e7a constru\u00edda ao longo dos anos.<\/p>\n\n\n\n<div class=\"wp-block-image\"><figure class=\"aligncenter size-large is-resized\"><a href=\"https:\/\/www.controlsystems.com.br\/\"><img loading=\"lazy\" decoding=\"async\" src=\"https:\/\/jornalfatosenoticias.com.br\/wp-content\/uploads\/2020\/02\/CONTROL-CS.jpg\" alt=\"\" class=\"wp-image-44991\" width=\"297\" height=\"356\" srcset=\"https:\/\/jornalfatosenoticias.com.br\/wp-content\/uploads\/2020\/02\/CONTROL-CS.jpg 834w, https:\/\/jornalfatosenoticias.com.br\/wp-content\/uploads\/2020\/02\/CONTROL-CS-250x300.jpg 250w, https:\/\/jornalfatosenoticias.com.br\/wp-content\/uploads\/2020\/02\/CONTROL-CS-768x921.jpg 768w\" sizes=\"auto, (max-width: 297px) 100vw, 297px\" \/><\/a><\/figure><\/div>\n\n\n\n<p>Al\u00e9m disso, a TOPBRASIL \u00e9 <strong>pioneira no setor ao iniciar oficialmente o processo de regulamenta\u00e7\u00e3o junto \u00e0 Superintend\u00eancia de Seguros Privados (SUSEP)<\/strong> \u2014 movimento registrado nos sistemas do governo federal. Esse passo reafirma o compromisso com a legalidade, a transpar\u00eancia e o fortalecimento da prote\u00e7\u00e3o veicular como uma alternativa cada vez mais segura e estruturada.<\/p>\n\n\n\n<div class=\"wp-block-image\"><figure class=\"aligncenter size-large is-resized\"><a href=\"https:\/\/www.facebook.com\/profile.php?id=100069289606145\"><img loading=\"lazy\" decoding=\"async\" src=\"https:\/\/jornalfatosenoticias.com.br\/wp-content\/uploads\/2024\/11\/Guaitolini-Contabilidade-1024x714.jpeg\" alt=\"\" class=\"wp-image-55808\" width=\"308\" height=\"215\" srcset=\"https:\/\/jornalfatosenoticias.com.br\/wp-content\/uploads\/2024\/11\/Guaitolini-Contabilidade-1024x714.jpeg 1024w, https:\/\/jornalfatosenoticias.com.br\/wp-content\/uploads\/2024\/11\/Guaitolini-Contabilidade-300x209.jpeg 300w, https:\/\/jornalfatosenoticias.com.br\/wp-content\/uploads\/2024\/11\/Guaitolini-Contabilidade-768x535.jpeg 768w, https:\/\/jornalfatosenoticias.com.br\/wp-content\/uploads\/2024\/11\/Guaitolini-Contabilidade.jpeg 1280w\" sizes=\"auto, (max-width: 308px) 100vw, 308px\" \/><\/a><\/figure><\/div>\n\n\n\n<p><strong><span class=\"has-inline-color has-vivid-purple-color\">Esp\u00edrito Santo no centro da estrat\u00e9gia nacional<br><\/span><\/strong>A escolha de Vit\u00f3ria para sediar esta nova fase n\u00e3o foi por acaso. Presente no Esp\u00edrito Santo h\u00e1 mais de <strong>10 anos, <\/strong>a TOPBRASIL conhece as necessidades do motorista capixaba e refor\u00e7a esse v\u00ednculo com uma estrutura moderna, equipe local qualificada e novos conv\u00eanios com empresas da regi\u00e3o, que ampliam os benef\u00edcios aos associados.<\/p>\n\n\n\n<div class=\"wp-block-image\"><figure class=\"aligncenter size-large is-resized\"><a href=\"https:\/\/www.instagram.com\/gruposei\/\"><img loading=\"lazy\" decoding=\"async\" src=\"https:\/\/jornalfatosenoticias.com.br\/wp-content\/uploads\/2022\/07\/Logo-Grupo-SEI.jpg\" alt=\"\" class=\"wp-image-31973\" width=\"358\" height=\"188\" srcset=\"https:\/\/jornalfatosenoticias.com.br\/wp-content\/uploads\/2022\/07\/Logo-Grupo-SEI.jpg 713w, https:\/\/jornalfatosenoticias.com.br\/wp-content\/uploads\/2022\/07\/Logo-Grupo-SEI-300x158.jpg 300w\" sizes=\"auto, (max-width: 358px) 100vw, 358px\" \/><\/a><\/figure><\/div>\n\n\n\n<p>A nova sede da TOPBRASIL \u00e9, portanto, <strong>mais do que um ponto de atendimento \u2014 \u00e9 um s\u00edmbolo do futuro da prote\u00e7\u00e3o veicular no estado:<\/strong> regulamentada, acess\u00edvel, pr\u00f3xima das pessoas e com um leque de vantagens reais.<\/p>\n","protected":false},"excerpt":{"rendered":"<p>Uma nova era em prote\u00e7\u00e3o veicular com seguran\u00e7a regulamentada e benef\u00edcios reais Com mais de uma d\u00e9cada de atua\u00e7\u00e3o s\u00f3lida no Esp\u00edrito Santo, a TOPBRASIL reafirma seu compromisso com os capixabas com a inaugura\u00e7\u00e3o oficial de sua nova sede em Vit\u00f3ria, realizada no \u00faltimo dia 3 de julho. Localizada na Avenida Rosendo Serapi\u00e3o de Souza [&hellip;]<\/p>\n","protected":false},"author":37,"featured_media":60635,"comment_status":"open","ping_status":"open","sticky":false,"template":"","format":"standard","meta":{"footnotes":""},"categories":[5],"tags":[27663,27322,27662,27321,882],"class_list":["post-60633","post","type-post","status-publish","format-standard","has-post-thumbnail","hentry","category-geral","tag-cobertura-veicular","tag-protecao-veicular","tag-superintendencia-de-seguros-privados","tag-topbrasil","tag-vitoria"],"yoast_head":"<!-- This site is optimized with the Yoast SEO plugin v26.5 - https:\/\/yoast.com\/wordpress\/plugins\/seo\/ -->\n<title>Vit\u00f3ria ganha nova sede da TOPBRASIL - Jornal Fatos e Not\u00edcias<\/title>\n<meta name=\"robots\" content=\"index, follow, max-snippet:-1, max-image-preview:large, max-video-preview:-1\" \/>\n<link rel=\"canonical\" href=\"https:\/\/jornalfatosenoticias.com.br\/index.php\/2025\/07\/18\/vitoria-ganha-nova-sede-da-topbrasil\/\" \/>\n<meta property=\"og:locale\" content=\"pt_BR\" \/>\n<meta property=\"og:type\" content=\"article\" \/>\n<meta property=\"og:title\" content=\"Vit\u00f3ria ganha nova sede da TOPBRASIL - Jornal Fatos e Not\u00edcias\" \/>\n<meta property=\"og:description\" content=\"Uma nova era em prote\u00e7\u00e3o veicular com seguran\u00e7a regulamentada e benef\u00edcios reais Com mais de uma d\u00e9cada de atua\u00e7\u00e3o s\u00f3lida no Esp\u00edrito Santo, a TOPBRASIL reafirma seu compromisso com os capixabas com a inaugura\u00e7\u00e3o oficial de sua nova sede em Vit\u00f3ria, realizada no \u00faltimo dia 3 de julho. Localizada na Avenida Rosendo Serapi\u00e3o de Souza [&hellip;]\" \/>\n<meta property=\"og:url\" content=\"https:\/\/jornalfatosenoticias.com.br\/index.php\/2025\/07\/18\/vitoria-ganha-nova-sede-da-topbrasil\/\" \/>\n<meta property=\"og:site_name\" content=\"Jornal Fatos e Not\u00edcias\" \/>\n<meta property=\"article:published_time\" content=\"2025-07-18T13:41:56+00:00\" \/>\n<meta property=\"article:modified_time\" content=\"2025-07-18T13:46:57+00:00\" \/>\n<meta property=\"og:image\" content=\"https:\/\/jornalfatosenoticias.com.br\/wp-content\/uploads\/2025\/07\/protecao-veicular_istock.jpg\" \/>\n\t<meta property=\"og:image:width\" content=\"1000\" \/>\n\t<meta property=\"og:image:height\" content=\"666\" \/>\n\t<meta property=\"og:image:type\" content=\"image\/jpeg\" \/>\n<meta name=\"author\" content=\"Milena Rohr\" \/>\n<meta name=\"twitter:card\" content=\"summary_large_image\" \/>\n<meta name=\"twitter:label1\" content=\"Escrito por\" \/>\n\t<meta name=\"twitter:data1\" content=\"Milena Rohr\" \/>\n\t<meta name=\"twitter:label2\" content=\"Est. tempo de leitura\" \/>\n\t<meta name=\"twitter:data2\" content=\"3 minutos\" \/>\n<script type=\"application\/ld+json\" class=\"yoast-schema-graph\">{\"@context\":\"https:\/\/schema.org\",\"@graph\":[{\"@type\":\"Article\",\"@id\":\"https:\/\/jornalfatosenoticias.com.br\/index.php\/2025\/07\/18\/vitoria-ganha-nova-sede-da-topbrasil\/#article\",\"isPartOf\":{\"@id\":\"https:\/\/jornalfatosenoticias.com.br\/index.php\/2025\/07\/18\/vitoria-ganha-nova-sede-da-topbrasil\/\"},\"author\":{\"name\":\"Milena Rohr\",\"@id\":\"https:\/\/jornalfatosenoticias.com.br\/#\/schema\/person\/bd76a40517f387e41cc072b0d3c7d627\"},\"headline\":\"Vit\u00f3ria ganha nova sede da TOPBRASIL\",\"datePublished\":\"2025-07-18T13:41:56+00:00\",\"dateModified\":\"2025-07-18T13:46:57+00:00\",\"mainEntityOfPage\":{\"@id\":\"https:\/\/jornalfatosenoticias.com.br\/index.php\/2025\/07\/18\/vitoria-ganha-nova-sede-da-topbrasil\/\"},\"wordCount\":526,\"commentCount\":0,\"publisher\":{\"@id\":\"https:\/\/jornalfatosenoticias.com.br\/#organization\"},\"image\":{\"@id\":\"https:\/\/jornalfatosenoticias.com.br\/index.php\/2025\/07\/18\/vitoria-ganha-nova-sede-da-topbrasil\/#primaryimage\"},\"thumbnailUrl\":\"https:\/\/jornalfatosenoticias.com.br\/wp-content\/uploads\/2025\/07\/protecao-veicular_istock.jpg\",\"keywords\":[\"cobertura veicular\",\"prote\u00e7\u00e3o veicular\",\"Superintend\u00eancia de Seguros Privados\",\"TOPBRASIL\",\"Vit\u00f3ria\"],\"articleSection\":[\"Geral\"],\"inLanguage\":\"pt-BR\",\"potentialAction\":[{\"@type\":\"CommentAction\",\"name\":\"Comment\",\"target\":[\"https:\/\/jornalfatosenoticias.com.br\/index.php\/2025\/07\/18\/vitoria-ganha-nova-sede-da-topbrasil\/#respond\"]}]},{\"@type\":\"WebPage\",\"@id\":\"https:\/\/jornalfatosenoticias.com.br\/index.php\/2025\/07\/18\/vitoria-ganha-nova-sede-da-topbrasil\/\",\"url\":\"https:\/\/jornalfatosenoticias.com.br\/index.php\/2025\/07\/18\/vitoria-ganha-nova-sede-da-topbrasil\/\",\"name\":\"Vit\u00f3ria ganha nova sede da TOPBRASIL - Jornal Fatos e Not\u00edcias\",\"isPartOf\":{\"@id\":\"https:\/\/jornalfatosenoticias.com.br\/#website\"},\"primaryImageOfPage\":{\"@id\":\"https:\/\/jornalfatosenoticias.com.br\/index.php\/2025\/07\/18\/vitoria-ganha-nova-sede-da-topbrasil\/#primaryimage\"},\"image\":{\"@id\":\"https:\/\/jornalfatosenoticias.com.br\/index.php\/2025\/07\/18\/vitoria-ganha-nova-sede-da-topbrasil\/#primaryimage\"},\"thumbnailUrl\":\"https:\/\/jornalfatosenoticias.com.br\/wp-content\/uploads\/2025\/07\/protecao-veicular_istock.jpg\",\"datePublished\":\"2025-07-18T13:41:56+00:00\",\"dateModified\":\"2025-07-18T13:46:57+00:00\",\"breadcrumb\":{\"@id\":\"https:\/\/jornalfatosenoticias.com.br\/index.php\/2025\/07\/18\/vitoria-ganha-nova-sede-da-topbrasil\/#breadcrumb\"},\"inLanguage\":\"pt-BR\",\"potentialAction\":[{\"@type\":\"ReadAction\",\"target\":[\"https:\/\/jornalfatosenoticias.com.br\/index.php\/2025\/07\/18\/vitoria-ganha-nova-sede-da-topbrasil\/\"]}]},{\"@type\":\"ImageObject\",\"inLanguage\":\"pt-BR\",\"@id\":\"https:\/\/jornalfatosenoticias.com.br\/index.php\/2025\/07\/18\/vitoria-ganha-nova-sede-da-topbrasil\/#primaryimage\",\"url\":\"https:\/\/jornalfatosenoticias.com.br\/wp-content\/uploads\/2025\/07\/protecao-veicular_istock.jpg\",\"contentUrl\":\"https:\/\/jornalfatosenoticias.com.br\/wp-content\/uploads\/2025\/07\/protecao-veicular_istock.jpg\",\"width\":1000,\"height\":666},{\"@type\":\"BreadcrumbList\",\"@id\":\"https:\/\/jornalfatosenoticias.com.br\/index.php\/2025\/07\/18\/vitoria-ganha-nova-sede-da-topbrasil\/#breadcrumb\",\"itemListElement\":[{\"@type\":\"ListItem\",\"position\":1,\"name\":\"In\u00edcio\",\"item\":\"https:\/\/jornalfatosenoticias.com.br\/\"},{\"@type\":\"ListItem\",\"position\":2,\"name\":\"Vit\u00f3ria ganha nova sede da TOPBRASIL\"}]},{\"@type\":\"WebSite\",\"@id\":\"https:\/\/jornalfatosenoticias.com.br\/#website\",\"url\":\"https:\/\/jornalfatosenoticias.com.br\/\",\"name\":\"Jornal Fatos e Not\u00edcias\",\"description\":\"Not\u00edcias em geral\",\"publisher\":{\"@id\":\"https:\/\/jornalfatosenoticias.com.br\/#organization\"},\"potentialAction\":[{\"@type\":\"SearchAction\",\"target\":{\"@type\":\"EntryPoint\",\"urlTemplate\":\"https:\/\/jornalfatosenoticias.com.br\/?s={search_term_string}\"},\"query-input\":{\"@type\":\"PropertyValueSpecification\",\"valueRequired\":true,\"valueName\":\"search_term_string\"}}],\"inLanguage\":\"pt-BR\"},{\"@type\":\"Organization\",\"@id\":\"https:\/\/jornalfatosenoticias.com.br\/#organization\",\"name\":\"Jornal Fatos e Not\u00edcias\",\"url\":\"https:\/\/jornalfatosenoticias.com.br\/\",\"logo\":{\"@type\":\"ImageObject\",\"inLanguage\":\"pt-BR\",\"@id\":\"https:\/\/jornalfatosenoticias.com.br\/#\/schema\/logo\/image\/\",\"url\":\"https:\/\/jornalfatosenoticias.com.br\/wp-content\/uploads\/2020\/02\/logo120.png\",\"contentUrl\":\"https:\/\/jornalfatosenoticias.com.br\/wp-content\/uploads\/2020\/02\/logo120.png\",\"width\":1227,\"height\":120,\"caption\":\"Jornal Fatos e Not\u00edcias\"},\"image\":{\"@id\":\"https:\/\/jornalfatosenoticias.com.br\/#\/schema\/logo\/image\/\"}},{\"@type\":\"Person\",\"@id\":\"https:\/\/jornalfatosenoticias.com.br\/#\/schema\/person\/bd76a40517f387e41cc072b0d3c7d627\",\"name\":\"Milena Rohr\",\"image\":{\"@type\":\"ImageObject\",\"inLanguage\":\"pt-BR\",\"@id\":\"https:\/\/jornalfatosenoticias.com.br\/#\/schema\/person\/image\/\",\"url\":\"https:\/\/jornalfatosenoticias.com.br\/wp-content\/uploads\/2026\/03\/Milena-Rohr_portal-150x150.jpg\",\"contentUrl\":\"https:\/\/jornalfatosenoticias.com.br\/wp-content\/uploads\/2026\/03\/Milena-Rohr_portal-150x150.jpg\",\"caption\":\"Milena Rohr\"},\"description\":\"Milena Rohr S\u00f3cia e diretora do MasterMind (Funda\u00e7\u00e3o Napoleon Hill), Gestora Empresarial, Embaixadora do BNI, Palestrante, Escritora, Colunista e Mentora FRST do Grupo Falconi\",\"url\":\"https:\/\/jornalfatosenoticias.com.br\/index.php\/author\/milena-rhor\/\"}]}<\/script>\n<!-- \/ Yoast SEO plugin. -->","yoast_head_json":{"title":"Vit\u00f3ria ganha nova sede da TOPBRASIL - Jornal Fatos e Not\u00edcias","robots":{"index":"index","follow":"follow","max-snippet":"max-snippet:-1","max-image-preview":"max-image-preview:large","max-video-preview":"max-video-preview:-1"},"canonical":"https:\/\/jornalfatosenoticias.com.br\/index.php\/2025\/07\/18\/vitoria-ganha-nova-sede-da-topbrasil\/","og_locale":"pt_BR","og_type":"article","og_title":"Vit\u00f3ria ganha nova sede da TOPBRASIL - Jornal Fatos e Not\u00edcias","og_description":"Uma nova era em prote\u00e7\u00e3o veicular com seguran\u00e7a regulamentada e benef\u00edcios reais Com mais de uma d\u00e9cada de atua\u00e7\u00e3o s\u00f3lida no Esp\u00edrito Santo, a TOPBRASIL reafirma seu compromisso com os capixabas com a inaugura\u00e7\u00e3o oficial de sua nova sede em Vit\u00f3ria, realizada no \u00faltimo dia 3 de julho. Localizada na Avenida Rosendo Serapi\u00e3o de Souza [&hellip;]","og_url":"https:\/\/jornalfatosenoticias.com.br\/index.php\/2025\/07\/18\/vitoria-ganha-nova-sede-da-topbrasil\/","og_site_name":"Jornal Fatos e Not\u00edcias","article_published_time":"2025-07-18T13:41:56+00:00","article_modified_time":"2025-07-18T13:46:57+00:00","og_image":[{"width":1000,"height":666,"url":"https:\/\/jornalfatosenoticias.com.br\/wp-content\/uploads\/2025\/07\/protecao-veicular_istock.jpg","type":"image\/jpeg"}],"author":"Milena Rohr","twitter_card":"summary_large_image","twitter_misc":{"Escrito por":"Milena Rohr","Est. tempo de leitura":"3 minutos"},"schema":{"@context":"https:\/\/schema.org","@graph":[{"@type":"Article","@id":"https:\/\/jornalfatosenoticias.com.br\/index.php\/2025\/07\/18\/vitoria-ganha-nova-sede-da-topbrasil\/#article","isPartOf":{"@id":"https:\/\/jornalfatosenoticias.com.br\/index.php\/2025\/07\/18\/vitoria-ganha-nova-sede-da-topbrasil\/"},"author":{"name":"Milena Rohr","@id":"https:\/\/jornalfatosenoticias.com.br\/#\/schema\/person\/bd76a40517f387e41cc072b0d3c7d627"},"headline":"Vit\u00f3ria ganha nova sede da TOPBRASIL","datePublished":"2025-07-18T13:41:56+00:00","dateModified":"2025-07-18T13:46:57+00:00","mainEntityOfPage":{"@id":"https:\/\/jornalfatosenoticias.com.br\/index.php\/2025\/07\/18\/vitoria-ganha-nova-sede-da-topbrasil\/"},"wordCount":526,"commentCount":0,"publisher":{"@id":"https:\/\/jornalfatosenoticias.com.br\/#organization"},"image":{"@id":"https:\/\/jornalfatosenoticias.com.br\/index.php\/2025\/07\/18\/vitoria-ganha-nova-sede-da-topbrasil\/#primaryimage"},"thumbnailUrl":"https:\/\/jornalfatosenoticias.com.br\/wp-content\/uploads\/2025\/07\/protecao-veicular_istock.jpg","keywords":["cobertura veicular","prote\u00e7\u00e3o veicular","Superintend\u00eancia de Seguros Privados","TOPBRASIL","Vit\u00f3ria"],"articleSection":["Geral"],"inLanguage":"pt-BR","potentialAction":[{"@type":"CommentAction","name":"Comment","target":["https:\/\/jornalfatosenoticias.com.br\/index.php\/2025\/07\/18\/vitoria-ganha-nova-sede-da-topbrasil\/#respond"]}]},{"@type":"WebPage","@id":"https:\/\/jornalfatosenoticias.com.br\/index.php\/2025\/07\/18\/vitoria-ganha-nova-sede-da-topbrasil\/","url":"https:\/\/jornalfatosenoticias.com.br\/index.php\/2025\/07\/18\/vitoria-ganha-nova-sede-da-topbrasil\/","name":"Vit\u00f3ria ganha nova sede da TOPBRASIL - Jornal Fatos e Not\u00edcias","isPartOf":{"@id":"https:\/\/jornalfatosenoticias.com.br\/#website"},"primaryImageOfPage":{"@id":"https:\/\/jornalfatosenoticias.com.br\/index.php\/2025\/07\/18\/vitoria-ganha-nova-sede-da-topbrasil\/#primaryimage"},"image":{"@id":"https:\/\/jornalfatosenoticias.com.br\/index.php\/2025\/07\/18\/vitoria-ganha-nova-sede-da-topbrasil\/#primaryimage"},"thumbnailUrl":"https:\/\/jornalfatosenoticias.com.br\/wp-content\/uploads\/2025\/07\/protecao-veicular_istock.jpg","datePublished":"2025-07-18T13:41:56+00:00","dateModified":"2025-07-18T13:46:57+00:00","breadcrumb":{"@id":"https:\/\/jornalfatosenoticias.com.br\/index.php\/2025\/07\/18\/vitoria-ganha-nova-sede-da-topbrasil\/#breadcrumb"},"inLanguage":"pt-BR","potentialAction":[{"@type":"ReadAction","target":["https:\/\/jornalfatosenoticias.com.br\/index.php\/2025\/07\/18\/vitoria-ganha-nova-sede-da-topbrasil\/"]}]},{"@type":"ImageObject","inLanguage":"pt-BR","@id":"https:\/\/jornalfatosenoticias.com.br\/index.php\/2025\/07\/18\/vitoria-ganha-nova-sede-da-topbrasil\/#primaryimage","url":"https:\/\/jornalfatosenoticias.com.br\/wp-content\/uploads\/2025\/07\/protecao-veicular_istock.jpg","contentUrl":"https:\/\/jornalfatosenoticias.com.br\/wp-content\/uploads\/2025\/07\/protecao-veicular_istock.jpg","width":1000,"height":666},{"@type":"BreadcrumbList","@id":"https:\/\/jornalfatosenoticias.com.br\/index.php\/2025\/07\/18\/vitoria-ganha-nova-sede-da-topbrasil\/#breadcrumb","itemListElement":[{"@type":"ListItem","position":1,"name":"In\u00edcio","item":"https:\/\/jornalfatosenoticias.com.br\/"},{"@type":"ListItem","position":2,"name":"Vit\u00f3ria ganha nova sede da TOPBRASIL"}]},{"@type":"WebSite","@id":"https:\/\/jornalfatosenoticias.com.br\/#website","url":"https:\/\/jornalfatosenoticias.com.br\/","name":"Jornal Fatos e Not\u00edcias","description":"Not\u00edcias em geral","publisher":{"@id":"https:\/\/jornalfatosenoticias.com.br\/#organization"},"potentialAction":[{"@type":"SearchAction","target":{"@type":"EntryPoint","urlTemplate":"https:\/\/jornalfatosenoticias.com.br\/?s={search_term_string}"},"query-input":{"@type":"PropertyValueSpecification","valueRequired":true,"valueName":"search_term_string"}}],"inLanguage":"pt-BR"},{"@type":"Organization","@id":"https:\/\/jornalfatosenoticias.com.br\/#organization","name":"Jornal Fatos e Not\u00edcias","url":"https:\/\/jornalfatosenoticias.com.br\/","logo":{"@type":"ImageObject","inLanguage":"pt-BR","@id":"https:\/\/jornalfatosenoticias.com.br\/#\/schema\/logo\/image\/","url":"https:\/\/jornalfatosenoticias.com.br\/wp-content\/uploads\/2020\/02\/logo120.png","contentUrl":"https:\/\/jornalfatosenoticias.com.br\/wp-content\/uploads\/2020\/02\/logo120.png","width":1227,"height":120,"caption":"Jornal Fatos e Not\u00edcias"},"image":{"@id":"https:\/\/jornalfatosenoticias.com.br\/#\/schema\/logo\/image\/"}},{"@type":"Person","@id":"https:\/\/jornalfatosenoticias.com.br\/#\/schema\/person\/bd76a40517f387e41cc072b0d3c7d627","name":"Milena Rohr","image":{"@type":"ImageObject","inLanguage":"pt-BR","@id":"https:\/\/jornalfatosenoticias.com.br\/#\/schema\/person\/image\/","url":"https:\/\/jornalfatosenoticias.com.br\/wp-content\/uploads\/2026\/03\/Milena-Rohr_portal-150x150.jpg","contentUrl":"https:\/\/jornalfatosenoticias.com.br\/wp-content\/uploads\/2026\/03\/Milena-Rohr_portal-150x150.jpg","caption":"Milena Rohr"},"description":"Milena Rohr S\u00f3cia e diretora do MasterMind (Funda\u00e7\u00e3o Napoleon Hill), Gestora Empresarial, Embaixadora do BNI, Palestrante, Escritora, Colunista e Mentora FRST do Grupo Falconi","url":"https:\/\/jornalfatosenoticias.com.br\/index.php\/author\/milena-rhor\/"}]}},"cc_featured_image_caption":{"caption_text":"(Foto: iStock)","source_text":"","source_url":""},"jetpack_featured_media_url":"https:\/\/jornalfatosenoticias.com.br\/wp-content\/uploads\/2025\/07\/protecao-veicular_istock.jpg","_links":{"self":[{"href":"https:\/\/jornalfatosenoticias.com.br\/index.php\/wp-json\/wp\/v2\/posts\/60633","targetHints":{"allow":["GET"]}}],"collection":[{"href":"https:\/\/jornalfatosenoticias.com.br\/index.php\/wp-json\/wp\/v2\/posts"}],"about":[{"href":"https:\/\/jornalfatosenoticias.com.br\/index.php\/wp-json\/wp\/v2\/types\/post"}],"author":[{"embeddable":true,"href":"https:\/\/jornalfatosenoticias.com.br\/index.php\/wp-json\/wp\/v2\/users\/37"}],"replies":[{"embeddable":true,"href":"https:\/\/jornalfatosenoticias.com.br\/index.php\/wp-json\/wp\/v2\/comments?post=60633"}],"version-history":[{"count":0,"href":"https:\/\/jornalfatosenoticias.com.br\/index.php\/wp-json\/wp\/v2\/posts\/60633\/revisions"}],"wp:featuredmedia":[{"embeddable":true,"href":"https:\/\/jornalfatosenoticias.com.br\/index.php\/wp-json\/wp\/v2\/media\/60635"}],"wp:attachment":[{"href":"https:\/\/jornalfatosenoticias.com.br\/index.php\/wp-json\/wp\/v2\/media?parent=60633"}],"wp:term":[{"taxonomy":"category","embeddable":true,"href":"https:\/\/jornalfatosenoticias.com.br\/index.php\/wp-json\/wp\/v2\/categories?post=60633"},{"taxonomy":"post_tag","embeddable":true,"href":"https:\/\/jornalfatosenoticias.com.br\/index.php\/wp-json\/wp\/v2\/tags?post=60633"}],"curies":[{"name":"wp","href":"https:\/\/api.w.org\/{rel}","templated":true}]}}