{"id":60658,"date":"2025-07-21T09:39:28","date_gmt":"2025-07-21T12:39:28","guid":{"rendered":"https:\/\/jornalfatosenoticias.com.br\/?p=60658"},"modified":"2025-07-21T09:39:30","modified_gmt":"2025-07-21T12:39:30","slug":"casas-sao-construidas-com-materiais-reciclados-em-roterda","status":"publish","type":"post","link":"https:\/\/jornalfatosenoticias.com.br\/index.php\/2025\/07\/21\/casas-sao-construidas-com-materiais-reciclados-em-roterda\/","title":{"rendered":"Casas s\u00e3o constru\u00eddas com materiais reciclados em Roterd\u00e3"},"content":{"rendered":"\n<p><em><span class=\"has-inline-color has-black-color\">Casas geminadas demonstram como o design circular pode ser aplicado \u00e0 habita\u00e7\u00e3o, com foco em reutiliza\u00e7\u00e3o de materiais<\/span><\/em><\/p>\n\n\n\n<div class=\"wp-block-image\"><figure class=\"aligncenter size-large\"><a href=\"https:\/\/mizu.com.br\/\"><img loading=\"lazy\" decoding=\"async\" width=\"729\" height=\"90\" src=\"https:\/\/jornalfatosenoticias.com.br\/wp-content\/uploads\/2020\/02\/Logo_Mizu.png\" alt=\"\" class=\"wp-image-1441\" srcset=\"https:\/\/jornalfatosenoticias.com.br\/wp-content\/uploads\/2020\/02\/Logo_Mizu.png 729w, https:\/\/jornalfatosenoticias.com.br\/wp-content\/uploads\/2020\/02\/Logo_Mizu-300x37.png 300w\" sizes=\"auto, (max-width: 729px) 100vw, 729px\" \/><\/a><\/figure><\/div>\n\n\n\n<p>O est\u00fadio holand\u00eas V8 Architects projetou e construiu um par de <a href=\"https:\/\/ciclovivo.com.br\/arq-urb\/arquitetura\/moradores-da-favela-dos-sonhos-recebem-casas-sustentaveis\/\" target=\"_blank\" rel=\"noreferrer noopener\">casas<\/a> geminadas em Roterd\u00e3, na Holanda, utilizando majoritariamente materiais reciclados e reutilizados. O objetivo foi demonstrar como os princ\u00edpios do design circular podem ser aplicados \u00e0 habita\u00e7\u00e3o contempor\u00e2nea. Batizadas de Villa Residu, as resid\u00eancias integram o empreendimento Koer, da construtora VORM. A proposta do escrit\u00f3rio era erguer as casas com <a href=\"https:\/\/ciclovivo.com.br\/planeta\/desenvolvimento\/mundo-desperdica-e-200-bilhoes-por-ano-em-materiais-reciclaveis\/\" target=\"_blank\" rel=\"noreferrer noopener\">materiais<\/a> reaproveitados sempre que poss\u00edvel \u2014 com exce\u00e7\u00e3o da funda\u00e7\u00e3o e das escadas \u2014 como um estudo de caso para explorar a viabilidade do <strong><strong><a href=\"https:\/\/ciclovivo.com.br\/inovacao\/inspiracao\/modelos-de-negocio-circulares-podem-gerar-us-700-bilhoes-na-industria-da-moda\/\" target=\"_blank\" rel=\"noreferrer noopener\">design circular<\/a><\/strong><\/strong> em projetos de maior escala.<\/p>\n\n\n\n<div class=\"wp-block-image\"><figure class=\"aligncenter size-large is-resized\"><a href=\"https:\/\/panper.com.br\/\"><img loading=\"lazy\" decoding=\"async\" src=\"https:\/\/jornalfatosenoticias.com.br\/wp-content\/uploads\/2023\/03\/logo-Panper_portal.jpg\" alt=\"\" class=\"wp-image-40208\" width=\"305\" height=\"211\" srcset=\"https:\/\/jornalfatosenoticias.com.br\/wp-content\/uploads\/2023\/03\/logo-Panper_portal.jpg 400w, https:\/\/jornalfatosenoticias.com.br\/wp-content\/uploads\/2023\/03\/logo-Panper_portal-300x208.jpg 300w\" sizes=\"auto, (max-width: 305px) 100vw, 305px\" \/><\/a><\/figure><\/div>\n\n\n\n<p>\u201cN\u00e3o importa o qu\u00e3o pequeno seja, a Villa Residu \u00e9 um projeto extremamente relevante para n\u00f3s\u201d, afirmou Michiel Raaphorst, s\u00f3cio-fundador da V8 Architects. Segundo ele, a dificuldade de incorporar circularidade em grandes empreendimentos motivou a equipe a aplicar esses princ\u00edpios em uma obra de menor porte para extrair aprendizados pr\u00e1ticos. \u201cA Villa Residu tamb\u00e9m mostra que est\u00e9tica, metodologia construtiva e circularidade podem trabalhar juntas\u201d, completou.<\/p>\n\n\n\n<div class=\"wp-block-image\"><figure class=\"aligncenter size-large\"><a href=\"http:\/\/www.ferrarimaquinas.com.br\/\"><img loading=\"lazy\" decoding=\"async\" width=\"300\" height=\"250\" src=\"https:\/\/jornalfatosenoticias.com.br\/wp-content\/uploads\/2022\/02\/FERRARI_MAQUINAS-E-FERRAMENTAS2.jpg\" alt=\"\" class=\"wp-image-27860\"\/><\/a><\/figure><\/div>\n\n\n\n<p>Projetado para contrastar com as casas vizinhas, o edif\u00edcio verde segue a tipologia holandesa tradicional de casa dupla. Acima do solo, as casas foram erguidas com estruturas de a\u00e7o e pisos de madeira reaproveitados, fornecidos pelos parceiros Swanenberg Iron Group e Bork, empresa de demoli\u00e7\u00e3o. As fachadas foram fechadas com pain\u00e9is de a\u00e7o reutilizados da Van Engeland de Groot, enquanto as janelas foram replanejadas, revestidas e fixadas por encaixe pelas empresas CirQ Wood e Kiewit. Outros elementos, como vidros, grades, revestimentos, estrutura de madeira, placas de contorno e isolamento t\u00e9rmico tamb\u00e9m vieram de obras anteriores.<\/p>\n\n\n\n<div class=\"wp-block-image\"><figure class=\"aligncenter size-large is-resized\"><a href=\"https:\/\/www.controlsystems.com.br\/\"><img loading=\"lazy\" decoding=\"async\" src=\"https:\/\/jornalfatosenoticias.com.br\/wp-content\/uploads\/2020\/02\/CONTROL-CS.jpg\" alt=\"\" class=\"wp-image-44991\" width=\"250\" height=\"300\" srcset=\"https:\/\/jornalfatosenoticias.com.br\/wp-content\/uploads\/2020\/02\/CONTROL-CS.jpg 834w, https:\/\/jornalfatosenoticias.com.br\/wp-content\/uploads\/2020\/02\/CONTROL-CS-250x300.jpg 250w, https:\/\/jornalfatosenoticias.com.br\/wp-content\/uploads\/2020\/02\/CONTROL-CS-768x921.jpg 768w\" sizes=\"auto, (max-width: 250px) 100vw, 250px\" \/><\/a><\/figure><\/div>\n\n\n\n<p>O volume principal do edif\u00edcio foi dividido na diagonal, com duas portas de entrada posicionadas lado a lado sob um dossel. Cada unidade conta com um escrit\u00f3rio no t\u00e9rreo, com acesso independente, uma sala de estar no primeiro andar, e quatro quartos e dois banheiros nos andares superiores. No interior, a maioria das paredes foi revestida com placas de gesso reutilizadas; apenas os tetos receberam placas novas. A escada interna de madeira foi constru\u00edda com materiais novos.<\/p>\n\n\n\n<div class=\"wp-block-image\"><figure class=\"aligncenter size-large is-resized\"><a href=\"https:\/\/www.instagram.com\/gruposei\/\"><img loading=\"lazy\" decoding=\"async\" src=\"https:\/\/jornalfatosenoticias.com.br\/wp-content\/uploads\/2022\/07\/Logo-Grupo-SEI.jpg\" alt=\"\" class=\"wp-image-31973\" width=\"360\" height=\"189\" srcset=\"https:\/\/jornalfatosenoticias.com.br\/wp-content\/uploads\/2022\/07\/Logo-Grupo-SEI.jpg 713w, https:\/\/jornalfatosenoticias.com.br\/wp-content\/uploads\/2022\/07\/Logo-Grupo-SEI-300x158.jpg 300w\" sizes=\"auto, (max-width: 360px) 100vw, 360px\" \/><\/a><\/figure><\/div>\n\n\n\n<p>Segundo Raaphorst, a escolha por materiais reaproveitados influenciou todo o processo de concep\u00e7\u00e3o e execu\u00e7\u00e3o do projeto. A licen\u00e7a da obra foi aprovada com base em uma especifica\u00e7\u00e3o ampla de materiais, e a empreiteira recorreu a um corretor especializado para encontrar os insumos necess\u00e1rios. O projeto passou por altera\u00e7\u00f5es ao longo da obra, conforme a disponibilidade dos materiais.<\/p>\n\n\n\n<div class=\"wp-block-image\"><figure class=\"aligncenter size-large\"><img loading=\"lazy\" decoding=\"async\" width=\"852\" height=\"569\" src=\"https:\/\/jornalfatosenoticias.com.br\/wp-content\/uploads\/2025\/07\/Casas-construidas-com-materiais-reciclados-em-Roterda2.jpg\" alt=\"\" class=\"wp-image-60659\" srcset=\"https:\/\/jornalfatosenoticias.com.br\/wp-content\/uploads\/2025\/07\/Casas-construidas-com-materiais-reciclados-em-Roterda2.jpg 852w, https:\/\/jornalfatosenoticias.com.br\/wp-content\/uploads\/2025\/07\/Casas-construidas-com-materiais-reciclados-em-Roterda2-300x200.jpg 300w, https:\/\/jornalfatosenoticias.com.br\/wp-content\/uploads\/2025\/07\/Casas-construidas-com-materiais-reciclados-em-Roterda2-768x513.jpg 768w\" sizes=\"auto, (max-width: 852px) 100vw, 852px\" \/><figcaption><em><span class=\"has-inline-color has-black-color\">(Foto: V8 Architects\/Divulga\u00e7\u00e3o)<\/span><\/em><\/figcaption><\/figure><\/div>\n\n\n\n<p>\u201cVoc\u00ea n\u00e3o pode simplesmente projetar esperando que os materiais estejam dispon\u00edveis como se estivessem em uma prateleira\u201d, explicou Raaphorst. \u201c\u00c9 preciso especificar o projeto de forma mais gen\u00e9rica, permitindo varia\u00e7\u00f5es de tamanho, formato e material, pois a disponibilidade pode ocorrer em um per\u00edodo de dois anos ap\u00f3s o projeto original estar finalizado\u201d.<\/p>\n\n\n\n<div class=\"wp-block-image\"><figure class=\"aligncenter size-large is-resized\"><a href=\"https:\/\/www.instagram.com\/serra4x4cambioautomatico\/\"><img loading=\"lazy\" decoding=\"async\" src=\"https:\/\/jornalfatosenoticias.com.br\/wp-content\/uploads\/2024\/08\/Serra-4x4-1-886x1024.jpg\" alt=\"\" class=\"wp-image-53632\" width=\"264\" height=\"305\" srcset=\"https:\/\/jornalfatosenoticias.com.br\/wp-content\/uploads\/2024\/08\/Serra-4x4-1-886x1024.jpg 886w, https:\/\/jornalfatosenoticias.com.br\/wp-content\/uploads\/2024\/08\/Serra-4x4-1-260x300.jpg 260w, https:\/\/jornalfatosenoticias.com.br\/wp-content\/uploads\/2024\/08\/Serra-4x4-1-768x888.jpg 768w, https:\/\/jornalfatosenoticias.com.br\/wp-content\/uploads\/2024\/08\/Serra-4x4-1.jpg 1181w\" sizes=\"auto, (max-width: 264px) 100vw, 264px\" \/><\/a><\/figure><\/div>\n\n\n\n<p>Em resumo, a equipe definia perfis e padr\u00f5es indicativos para os materiais durante a aprova\u00e7\u00e3o do projeto, que eram atualizados continuamente ao longo da execu\u00e7\u00e3o, conforme novos materiais fossem adquiridos. De acordo com a V8 Architects, uma an\u00e1lise de Desempenho Ambiental de Edif\u00edcios (MPG) revelou que as casas atingiram uma pontua\u00e7\u00e3o 56% superior ao padr\u00e3o legal. <\/p>\n\n\n\n<div class=\"wp-block-image\"><figure class=\"aligncenter size-large is-resized\"><a href=\"https:\/\/www.facebook.com\/profile.php?id=100069289606145\"><img loading=\"lazy\" decoding=\"async\" src=\"https:\/\/jornalfatosenoticias.com.br\/wp-content\/uploads\/2024\/11\/Guaitolini-Contabilidade-1024x714.jpeg\" alt=\"\" class=\"wp-image-55808\" width=\"291\" height=\"203\" srcset=\"https:\/\/jornalfatosenoticias.com.br\/wp-content\/uploads\/2024\/11\/Guaitolini-Contabilidade-1024x714.jpeg 1024w, https:\/\/jornalfatosenoticias.com.br\/wp-content\/uploads\/2024\/11\/Guaitolini-Contabilidade-300x209.jpeg 300w, https:\/\/jornalfatosenoticias.com.br\/wp-content\/uploads\/2024\/11\/Guaitolini-Contabilidade-768x535.jpeg 768w, https:\/\/jornalfatosenoticias.com.br\/wp-content\/uploads\/2024\/11\/Guaitolini-Contabilidade.jpeg 1280w\" sizes=\"auto, (max-width: 291px) 100vw, 291px\" \/><\/a><\/figure><\/div>\n\n\n\n<p>Para garantir a circularidade, o edif\u00edcio tamb\u00e9m foi projetado para ser desmont\u00e1vel. A equipe defende que a flexibilidade \u00e9 essencial para o sucesso do design circular, e que haver\u00e1 uma crescente necessidade por armaz\u00e9ns de materiais que funcionem como pontes entre obras que descartam materiais e novas constru\u00e7\u00f5es.<\/p>\n\n\n\n<div class=\"wp-block-image\"><figure class=\"aligncenter size-large is-resized\"><a href=\"https:\/\/www.instagram.com\/rcradiadores\/\"><img loading=\"lazy\" decoding=\"async\" src=\"https:\/\/jornalfatosenoticias.com.br\/wp-content\/uploads\/2022\/10\/RC_800x750_page-0001.jpg\" alt=\"\" class=\"wp-image-35338\" width=\"283\" height=\"265\" srcset=\"https:\/\/jornalfatosenoticias.com.br\/wp-content\/uploads\/2022\/10\/RC_800x750_page-0001.jpg 400w, https:\/\/jornalfatosenoticias.com.br\/wp-content\/uploads\/2022\/10\/RC_800x750_page-0001-300x281.jpg 300w\" sizes=\"auto, (max-width: 283px) 100vw, 283px\" \/><\/a><\/figure><\/div>\n\n\n\n<blockquote class=\"wp-block-quote is-layout-flow wp-block-quote-is-layout-flow\"><p><span class=\"has-inline-color has-luminous-vivid-orange-color\">Vai haver uma enorme demanda por interfaces entre edif\u00edcios doadores e de destino, como armaz\u00e9ns ou mercados, porque \u00e9 dif\u00edcil casar necessidade com disponibilidade no tempo\u201d, destacou Raaphorst. \u201cAlgo que certamente faremos \u00e9 coletar materiais no in\u00edcio, pelo menos para os principais elementos estruturais\u201d.<\/span><\/p><\/blockquote>\n\n\n\n<div class=\"wp-block-image\"><figure class=\"aligncenter size-large is-resized\"><a href=\"https:\/\/www.facebook.com\/vetor.vix\/\"><img loading=\"lazy\" decoding=\"async\" src=\"https:\/\/jornalfatosenoticias.com.br\/wp-content\/uploads\/2023\/09\/vetorvix1024_1.jpg\" alt=\"\" class=\"wp-image-44868\" width=\"565\" height=\"150\" srcset=\"https:\/\/jornalfatosenoticias.com.br\/wp-content\/uploads\/2023\/09\/vetorvix1024_1.jpg 1024w, https:\/\/jornalfatosenoticias.com.br\/wp-content\/uploads\/2023\/09\/vetorvix1024_1-300x80.jpg 300w, https:\/\/jornalfatosenoticias.com.br\/wp-content\/uploads\/2023\/09\/vetorvix1024_1-768x205.jpg 768w\" sizes=\"auto, (max-width: 565px) 100vw, 565px\" \/><\/a><\/figure><\/div>\n\n\n\n<p>Ele tamb\u00e9m defende a cria\u00e7\u00e3o de incentivos fiscais por parte dos governos para fomentar o uso de materiais reutilizados. O projeto mostrou \u00e0 equipe que, muitas vezes, materiais novos acabam sendo mais baratos e simples de aprovar estruturalmente.<\/p>\n\n\n\n<blockquote class=\"wp-block-quote is-layout-flow wp-block-quote-is-layout-flow\"><p><span class=\"has-inline-color has-luminous-vivid-orange-color\">Reutilizar nem sempre \u00e9 mais barato que usar materiais novos, e as aprova\u00e7\u00f5es estruturais para itens reciclados s\u00e3o mais complexas\u201d, afirmou Raaphorst. \u201cLegisla\u00e7\u00f5es espec\u00edficas e impostos sobre materiais n\u00e3o circulares podem ser \u00fateis nessa quest\u00e3o\u201d.<\/span><\/p><\/blockquote>\n\n\n\n<div class=\"wp-block-image\"><figure class=\"aligncenter size-large is-resized\"><a href=\"https:\/\/www.legisjuris.com.br\/\"><img loading=\"lazy\" decoding=\"async\" src=\"https:\/\/jornalfatosenoticias.com.br\/wp-content\/uploads\/2024\/09\/Legis-Juris-Consultoria_logo.jpg\" alt=\"\" class=\"wp-image-53915\" width=\"473\" height=\"198\" srcset=\"https:\/\/jornalfatosenoticias.com.br\/wp-content\/uploads\/2024\/09\/Legis-Juris-Consultoria_logo.jpg 969w, https:\/\/jornalfatosenoticias.com.br\/wp-content\/uploads\/2024\/09\/Legis-Juris-Consultoria_logo-300x126.jpg 300w, https:\/\/jornalfatosenoticias.com.br\/wp-content\/uploads\/2024\/09\/Legis-Juris-Consultoria_logo-768x322.jpg 768w\" sizes=\"auto, (max-width: 473px) 100vw, 473px\" \/><\/a><\/figure><\/div>\n\n\n\n<p><strong>Fonte: <a href=\"https:\/\/ciclovivo.com.br\/arq-urb\/arquitetura\/casas-sao-construidas-com-materiais-reciclados-em-roterda\/\">CicloVivo<\/a><\/strong><\/p>\n","protected":false},"excerpt":{"rendered":"<p>Casas geminadas demonstram como o design circular pode ser aplicado \u00e0 habita\u00e7\u00e3o, com foco em reutiliza\u00e7\u00e3o de materiais O est\u00fadio holand\u00eas V8 Architects projetou e construiu um par de casas geminadas em Roterd\u00e3, na Holanda, utilizando majoritariamente materiais reciclados e reutilizados. O objetivo foi demonstrar como os princ\u00edpios do design circular podem ser aplicados \u00e0 [&hellip;]<\/p>\n","protected":false},"author":2,"featured_media":60660,"comment_status":"open","ping_status":"open","sticky":false,"template":"","format":"standard","meta":{"footnotes":""},"categories":[744],"tags":[7376,6386,8260,9877,2928],"class_list":["post-60658","post","type-post","status-publish","format-standard","has-post-thumbnail","hentry","category-arq-urbanismo","tag-arquitetura-sustentavel","tag-casas","tag-casas-sustentaveis","tag-edificio-verde","tag-material-reciclado"],"yoast_head":"<!-- This site is optimized with the Yoast SEO plugin v26.5 - https:\/\/yoast.com\/wordpress\/plugins\/seo\/ -->\n<title>Casas s\u00e3o constru\u00eddas com materiais reciclados em Roterd\u00e3 - Jornal Fatos e Not\u00edcias<\/title>\n<meta name=\"robots\" content=\"index, follow, max-snippet:-1, max-image-preview:large, max-video-preview:-1\" \/>\n<link rel=\"canonical\" href=\"https:\/\/jornalfatosenoticias.com.br\/index.php\/2025\/07\/21\/casas-sao-construidas-com-materiais-reciclados-em-roterda\/\" \/>\n<meta property=\"og:locale\" content=\"pt_BR\" \/>\n<meta property=\"og:type\" content=\"article\" \/>\n<meta property=\"og:title\" content=\"Casas s\u00e3o constru\u00eddas com materiais reciclados em Roterd\u00e3 - Jornal Fatos e Not\u00edcias\" \/>\n<meta property=\"og:description\" content=\"Casas geminadas demonstram como o design circular pode ser aplicado \u00e0 habita\u00e7\u00e3o, com foco em reutiliza\u00e7\u00e3o de materiais O est\u00fadio holand\u00eas V8 Architects projetou e construiu um par de casas geminadas em Roterd\u00e3, na Holanda, utilizando majoritariamente materiais reciclados e reutilizados. O objetivo foi demonstrar como os princ\u00edpios do design circular podem ser aplicados \u00e0 [&hellip;]\" \/>\n<meta property=\"og:url\" content=\"https:\/\/jornalfatosenoticias.com.br\/index.php\/2025\/07\/21\/casas-sao-construidas-com-materiais-reciclados-em-roterda\/\" \/>\n<meta property=\"og:site_name\" content=\"Jornal Fatos e Not\u00edcias\" \/>\n<meta property=\"article:published_time\" content=\"2025-07-21T12:39:28+00:00\" \/>\n<meta property=\"article:modified_time\" content=\"2025-07-21T12:39:30+00:00\" \/>\n<meta property=\"og:image\" content=\"https:\/\/jornalfatosenoticias.com.br\/wp-content\/uploads\/2025\/07\/Casas-construidas-com-materiais-reciclados-em-Roterda.jpg\" \/>\n\t<meta property=\"og:image:width\" content=\"852\" \/>\n\t<meta property=\"og:image:height\" content=\"479\" \/>\n\t<meta property=\"og:image:type\" content=\"image\/jpeg\" \/>\n<meta name=\"author\" content=\"Luzimara Fernandes\" \/>\n<meta name=\"twitter:card\" content=\"summary_large_image\" \/>\n<meta name=\"twitter:label1\" content=\"Escrito por\" \/>\n\t<meta name=\"twitter:data1\" content=\"Luzimara Fernandes\" \/>\n\t<meta name=\"twitter:label2\" content=\"Est. tempo de leitura\" \/>\n\t<meta name=\"twitter:data2\" content=\"4 minutos\" \/>\n<script type=\"application\/ld+json\" class=\"yoast-schema-graph\">{\"@context\":\"https:\/\/schema.org\",\"@graph\":[{\"@type\":\"Article\",\"@id\":\"https:\/\/jornalfatosenoticias.com.br\/index.php\/2025\/07\/21\/casas-sao-construidas-com-materiais-reciclados-em-roterda\/#article\",\"isPartOf\":{\"@id\":\"https:\/\/jornalfatosenoticias.com.br\/index.php\/2025\/07\/21\/casas-sao-construidas-com-materiais-reciclados-em-roterda\/\"},\"author\":{\"name\":\"Luzimara Fernandes\",\"@id\":\"https:\/\/jornalfatosenoticias.com.br\/#\/schema\/person\/d63837fa13ac8666eb9e74e0985d6f81\"},\"headline\":\"Casas s\u00e3o constru\u00eddas com materiais reciclados em Roterd\u00e3\",\"datePublished\":\"2025-07-21T12:39:28+00:00\",\"dateModified\":\"2025-07-21T12:39:30+00:00\",\"mainEntityOfPage\":{\"@id\":\"https:\/\/jornalfatosenoticias.com.br\/index.php\/2025\/07\/21\/casas-sao-construidas-com-materiais-reciclados-em-roterda\/\"},\"wordCount\":750,\"commentCount\":0,\"publisher\":{\"@id\":\"https:\/\/jornalfatosenoticias.com.br\/#organization\"},\"image\":{\"@id\":\"https:\/\/jornalfatosenoticias.com.br\/index.php\/2025\/07\/21\/casas-sao-construidas-com-materiais-reciclados-em-roterda\/#primaryimage\"},\"thumbnailUrl\":\"https:\/\/jornalfatosenoticias.com.br\/wp-content\/uploads\/2025\/07\/Casas-construidas-com-materiais-reciclados-em-Roterda.jpg\",\"keywords\":[\"arquitetura sustent\u00e1vel\",\"casas\",\"casas sustent\u00e1veis\",\"edif\u00edcio verde\",\"material reciclado\"],\"articleSection\":[\"Arq &amp; Urb\"],\"inLanguage\":\"pt-BR\",\"potentialAction\":[{\"@type\":\"CommentAction\",\"name\":\"Comment\",\"target\":[\"https:\/\/jornalfatosenoticias.com.br\/index.php\/2025\/07\/21\/casas-sao-construidas-com-materiais-reciclados-em-roterda\/#respond\"]}]},{\"@type\":\"WebPage\",\"@id\":\"https:\/\/jornalfatosenoticias.com.br\/index.php\/2025\/07\/21\/casas-sao-construidas-com-materiais-reciclados-em-roterda\/\",\"url\":\"https:\/\/jornalfatosenoticias.com.br\/index.php\/2025\/07\/21\/casas-sao-construidas-com-materiais-reciclados-em-roterda\/\",\"name\":\"Casas s\u00e3o constru\u00eddas com materiais reciclados em Roterd\u00e3 - Jornal Fatos e Not\u00edcias\",\"isPartOf\":{\"@id\":\"https:\/\/jornalfatosenoticias.com.br\/#website\"},\"primaryImageOfPage\":{\"@id\":\"https:\/\/jornalfatosenoticias.com.br\/index.php\/2025\/07\/21\/casas-sao-construidas-com-materiais-reciclados-em-roterda\/#primaryimage\"},\"image\":{\"@id\":\"https:\/\/jornalfatosenoticias.com.br\/index.php\/2025\/07\/21\/casas-sao-construidas-com-materiais-reciclados-em-roterda\/#primaryimage\"},\"thumbnailUrl\":\"https:\/\/jornalfatosenoticias.com.br\/wp-content\/uploads\/2025\/07\/Casas-construidas-com-materiais-reciclados-em-Roterda.jpg\",\"datePublished\":\"2025-07-21T12:39:28+00:00\",\"dateModified\":\"2025-07-21T12:39:30+00:00\",\"breadcrumb\":{\"@id\":\"https:\/\/jornalfatosenoticias.com.br\/index.php\/2025\/07\/21\/casas-sao-construidas-com-materiais-reciclados-em-roterda\/#breadcrumb\"},\"inLanguage\":\"pt-BR\",\"potentialAction\":[{\"@type\":\"ReadAction\",\"target\":[\"https:\/\/jornalfatosenoticias.com.br\/index.php\/2025\/07\/21\/casas-sao-construidas-com-materiais-reciclados-em-roterda\/\"]}]},{\"@type\":\"ImageObject\",\"inLanguage\":\"pt-BR\",\"@id\":\"https:\/\/jornalfatosenoticias.com.br\/index.php\/2025\/07\/21\/casas-sao-construidas-com-materiais-reciclados-em-roterda\/#primaryimage\",\"url\":\"https:\/\/jornalfatosenoticias.com.br\/wp-content\/uploads\/2025\/07\/Casas-construidas-com-materiais-reciclados-em-Roterda.jpg\",\"contentUrl\":\"https:\/\/jornalfatosenoticias.com.br\/wp-content\/uploads\/2025\/07\/Casas-construidas-com-materiais-reciclados-em-Roterda.jpg\",\"width\":852,\"height\":479},{\"@type\":\"BreadcrumbList\",\"@id\":\"https:\/\/jornalfatosenoticias.com.br\/index.php\/2025\/07\/21\/casas-sao-construidas-com-materiais-reciclados-em-roterda\/#breadcrumb\",\"itemListElement\":[{\"@type\":\"ListItem\",\"position\":1,\"name\":\"In\u00edcio\",\"item\":\"https:\/\/jornalfatosenoticias.com.br\/\"},{\"@type\":\"ListItem\",\"position\":2,\"name\":\"Casas s\u00e3o constru\u00eddas com materiais reciclados em Roterd\u00e3\"}]},{\"@type\":\"WebSite\",\"@id\":\"https:\/\/jornalfatosenoticias.com.br\/#website\",\"url\":\"https:\/\/jornalfatosenoticias.com.br\/\",\"name\":\"Jornal Fatos e Not\u00edcias\",\"description\":\"Not\u00edcias em geral\",\"publisher\":{\"@id\":\"https:\/\/jornalfatosenoticias.com.br\/#organization\"},\"potentialAction\":[{\"@type\":\"SearchAction\",\"target\":{\"@type\":\"EntryPoint\",\"urlTemplate\":\"https:\/\/jornalfatosenoticias.com.br\/?s={search_term_string}\"},\"query-input\":{\"@type\":\"PropertyValueSpecification\",\"valueRequired\":true,\"valueName\":\"search_term_string\"}}],\"inLanguage\":\"pt-BR\"},{\"@type\":\"Organization\",\"@id\":\"https:\/\/jornalfatosenoticias.com.br\/#organization\",\"name\":\"Jornal Fatos e Not\u00edcias\",\"url\":\"https:\/\/jornalfatosenoticias.com.br\/\",\"logo\":{\"@type\":\"ImageObject\",\"inLanguage\":\"pt-BR\",\"@id\":\"https:\/\/jornalfatosenoticias.com.br\/#\/schema\/logo\/image\/\",\"url\":\"https:\/\/jornalfatosenoticias.com.br\/wp-content\/uploads\/2020\/02\/logo120.png\",\"contentUrl\":\"https:\/\/jornalfatosenoticias.com.br\/wp-content\/uploads\/2020\/02\/logo120.png\",\"width\":1227,\"height\":120,\"caption\":\"Jornal Fatos e Not\u00edcias\"},\"image\":{\"@id\":\"https:\/\/jornalfatosenoticias.com.br\/#\/schema\/logo\/image\/\"}},{\"@type\":\"Person\",\"@id\":\"https:\/\/jornalfatosenoticias.com.br\/#\/schema\/person\/d63837fa13ac8666eb9e74e0985d6f81\",\"name\":\"Luzimara Fernandes\",\"image\":{\"@type\":\"ImageObject\",\"inLanguage\":\"pt-BR\",\"@id\":\"https:\/\/jornalfatosenoticias.com.br\/#\/schema\/person\/image\/\",\"url\":\"https:\/\/jornalfatosenoticias.com.br\/wp-content\/uploads\/2025\/05\/EU_portal.jpg\",\"contentUrl\":\"https:\/\/jornalfatosenoticias.com.br\/wp-content\/uploads\/2025\/05\/EU_portal.jpg\",\"caption\":\"Luzimara Fernandes\"},\"description\":\"Jornalista MTB 2358-ES\",\"sameAs\":[\"https:\/\/jornalfatosenoticias.com.br\"],\"url\":\"https:\/\/jornalfatosenoticias.com.br\/index.php\/author\/luzimara\/\"}]}<\/script>\n<!-- \/ Yoast SEO plugin. -->","yoast_head_json":{"title":"Casas s\u00e3o constru\u00eddas com materiais reciclados em Roterd\u00e3 - Jornal Fatos e Not\u00edcias","robots":{"index":"index","follow":"follow","max-snippet":"max-snippet:-1","max-image-preview":"max-image-preview:large","max-video-preview":"max-video-preview:-1"},"canonical":"https:\/\/jornalfatosenoticias.com.br\/index.php\/2025\/07\/21\/casas-sao-construidas-com-materiais-reciclados-em-roterda\/","og_locale":"pt_BR","og_type":"article","og_title":"Casas s\u00e3o constru\u00eddas com materiais reciclados em Roterd\u00e3 - Jornal Fatos e Not\u00edcias","og_description":"Casas geminadas demonstram como o design circular pode ser aplicado \u00e0 habita\u00e7\u00e3o, com foco em reutiliza\u00e7\u00e3o de materiais O est\u00fadio holand\u00eas V8 Architects projetou e construiu um par de casas geminadas em Roterd\u00e3, na Holanda, utilizando majoritariamente materiais reciclados e reutilizados. O objetivo foi demonstrar como os princ\u00edpios do design circular podem ser aplicados \u00e0 [&hellip;]","og_url":"https:\/\/jornalfatosenoticias.com.br\/index.php\/2025\/07\/21\/casas-sao-construidas-com-materiais-reciclados-em-roterda\/","og_site_name":"Jornal Fatos e Not\u00edcias","article_published_time":"2025-07-21T12:39:28+00:00","article_modified_time":"2025-07-21T12:39:30+00:00","og_image":[{"width":852,"height":479,"url":"https:\/\/jornalfatosenoticias.com.br\/wp-content\/uploads\/2025\/07\/Casas-construidas-com-materiais-reciclados-em-Roterda.jpg","type":"image\/jpeg"}],"author":"Luzimara Fernandes","twitter_card":"summary_large_image","twitter_misc":{"Escrito por":"Luzimara Fernandes","Est. tempo de leitura":"4 minutos"},"schema":{"@context":"https:\/\/schema.org","@graph":[{"@type":"Article","@id":"https:\/\/jornalfatosenoticias.com.br\/index.php\/2025\/07\/21\/casas-sao-construidas-com-materiais-reciclados-em-roterda\/#article","isPartOf":{"@id":"https:\/\/jornalfatosenoticias.com.br\/index.php\/2025\/07\/21\/casas-sao-construidas-com-materiais-reciclados-em-roterda\/"},"author":{"name":"Luzimara Fernandes","@id":"https:\/\/jornalfatosenoticias.com.br\/#\/schema\/person\/d63837fa13ac8666eb9e74e0985d6f81"},"headline":"Casas s\u00e3o constru\u00eddas com materiais reciclados em Roterd\u00e3","datePublished":"2025-07-21T12:39:28+00:00","dateModified":"2025-07-21T12:39:30+00:00","mainEntityOfPage":{"@id":"https:\/\/jornalfatosenoticias.com.br\/index.php\/2025\/07\/21\/casas-sao-construidas-com-materiais-reciclados-em-roterda\/"},"wordCount":750,"commentCount":0,"publisher":{"@id":"https:\/\/jornalfatosenoticias.com.br\/#organization"},"image":{"@id":"https:\/\/jornalfatosenoticias.com.br\/index.php\/2025\/07\/21\/casas-sao-construidas-com-materiais-reciclados-em-roterda\/#primaryimage"},"thumbnailUrl":"https:\/\/jornalfatosenoticias.com.br\/wp-content\/uploads\/2025\/07\/Casas-construidas-com-materiais-reciclados-em-Roterda.jpg","keywords":["arquitetura sustent\u00e1vel","casas","casas sustent\u00e1veis","edif\u00edcio verde","material reciclado"],"articleSection":["Arq &amp; Urb"],"inLanguage":"pt-BR","potentialAction":[{"@type":"CommentAction","name":"Comment","target":["https:\/\/jornalfatosenoticias.com.br\/index.php\/2025\/07\/21\/casas-sao-construidas-com-materiais-reciclados-em-roterda\/#respond"]}]},{"@type":"WebPage","@id":"https:\/\/jornalfatosenoticias.com.br\/index.php\/2025\/07\/21\/casas-sao-construidas-com-materiais-reciclados-em-roterda\/","url":"https:\/\/jornalfatosenoticias.com.br\/index.php\/2025\/07\/21\/casas-sao-construidas-com-materiais-reciclados-em-roterda\/","name":"Casas s\u00e3o constru\u00eddas com materiais reciclados em Roterd\u00e3 - Jornal Fatos e Not\u00edcias","isPartOf":{"@id":"https:\/\/jornalfatosenoticias.com.br\/#website"},"primaryImageOfPage":{"@id":"https:\/\/jornalfatosenoticias.com.br\/index.php\/2025\/07\/21\/casas-sao-construidas-com-materiais-reciclados-em-roterda\/#primaryimage"},"image":{"@id":"https:\/\/jornalfatosenoticias.com.br\/index.php\/2025\/07\/21\/casas-sao-construidas-com-materiais-reciclados-em-roterda\/#primaryimage"},"thumbnailUrl":"https:\/\/jornalfatosenoticias.com.br\/wp-content\/uploads\/2025\/07\/Casas-construidas-com-materiais-reciclados-em-Roterda.jpg","datePublished":"2025-07-21T12:39:28+00:00","dateModified":"2025-07-21T12:39:30+00:00","breadcrumb":{"@id":"https:\/\/jornalfatosenoticias.com.br\/index.php\/2025\/07\/21\/casas-sao-construidas-com-materiais-reciclados-em-roterda\/#breadcrumb"},"inLanguage":"pt-BR","potentialAction":[{"@type":"ReadAction","target":["https:\/\/jornalfatosenoticias.com.br\/index.php\/2025\/07\/21\/casas-sao-construidas-com-materiais-reciclados-em-roterda\/"]}]},{"@type":"ImageObject","inLanguage":"pt-BR","@id":"https:\/\/jornalfatosenoticias.com.br\/index.php\/2025\/07\/21\/casas-sao-construidas-com-materiais-reciclados-em-roterda\/#primaryimage","url":"https:\/\/jornalfatosenoticias.com.br\/wp-content\/uploads\/2025\/07\/Casas-construidas-com-materiais-reciclados-em-Roterda.jpg","contentUrl":"https:\/\/jornalfatosenoticias.com.br\/wp-content\/uploads\/2025\/07\/Casas-construidas-com-materiais-reciclados-em-Roterda.jpg","width":852,"height":479},{"@type":"BreadcrumbList","@id":"https:\/\/jornalfatosenoticias.com.br\/index.php\/2025\/07\/21\/casas-sao-construidas-com-materiais-reciclados-em-roterda\/#breadcrumb","itemListElement":[{"@type":"ListItem","position":1,"name":"In\u00edcio","item":"https:\/\/jornalfatosenoticias.com.br\/"},{"@type":"ListItem","position":2,"name":"Casas s\u00e3o constru\u00eddas com materiais reciclados em Roterd\u00e3"}]},{"@type":"WebSite","@id":"https:\/\/jornalfatosenoticias.com.br\/#website","url":"https:\/\/jornalfatosenoticias.com.br\/","name":"Jornal Fatos e Not\u00edcias","description":"Not\u00edcias em geral","publisher":{"@id":"https:\/\/jornalfatosenoticias.com.br\/#organization"},"potentialAction":[{"@type":"SearchAction","target":{"@type":"EntryPoint","urlTemplate":"https:\/\/jornalfatosenoticias.com.br\/?s={search_term_string}"},"query-input":{"@type":"PropertyValueSpecification","valueRequired":true,"valueName":"search_term_string"}}],"inLanguage":"pt-BR"},{"@type":"Organization","@id":"https:\/\/jornalfatosenoticias.com.br\/#organization","name":"Jornal Fatos e Not\u00edcias","url":"https:\/\/jornalfatosenoticias.com.br\/","logo":{"@type":"ImageObject","inLanguage":"pt-BR","@id":"https:\/\/jornalfatosenoticias.com.br\/#\/schema\/logo\/image\/","url":"https:\/\/jornalfatosenoticias.com.br\/wp-content\/uploads\/2020\/02\/logo120.png","contentUrl":"https:\/\/jornalfatosenoticias.com.br\/wp-content\/uploads\/2020\/02\/logo120.png","width":1227,"height":120,"caption":"Jornal Fatos e Not\u00edcias"},"image":{"@id":"https:\/\/jornalfatosenoticias.com.br\/#\/schema\/logo\/image\/"}},{"@type":"Person","@id":"https:\/\/jornalfatosenoticias.com.br\/#\/schema\/person\/d63837fa13ac8666eb9e74e0985d6f81","name":"Luzimara Fernandes","image":{"@type":"ImageObject","inLanguage":"pt-BR","@id":"https:\/\/jornalfatosenoticias.com.br\/#\/schema\/person\/image\/","url":"https:\/\/jornalfatosenoticias.com.br\/wp-content\/uploads\/2025\/05\/EU_portal.jpg","contentUrl":"https:\/\/jornalfatosenoticias.com.br\/wp-content\/uploads\/2025\/05\/EU_portal.jpg","caption":"Luzimara Fernandes"},"description":"Jornalista MTB 2358-ES","sameAs":["https:\/\/jornalfatosenoticias.com.br"],"url":"https:\/\/jornalfatosenoticias.com.br\/index.php\/author\/luzimara\/"}]}},"cc_featured_image_caption":{"caption_text":"(Foto: V8 Architects\/Divulga\u00e7\u00e3o) ","source_text":"","source_url":""},"jetpack_featured_media_url":"https:\/\/jornalfatosenoticias.com.br\/wp-content\/uploads\/2025\/07\/Casas-construidas-com-materiais-reciclados-em-Roterda.jpg","_links":{"self":[{"href":"https:\/\/jornalfatosenoticias.com.br\/index.php\/wp-json\/wp\/v2\/posts\/60658","targetHints":{"allow":["GET"]}}],"collection":[{"href":"https:\/\/jornalfatosenoticias.com.br\/index.php\/wp-json\/wp\/v2\/posts"}],"about":[{"href":"https:\/\/jornalfatosenoticias.com.br\/index.php\/wp-json\/wp\/v2\/types\/post"}],"author":[{"embeddable":true,"href":"https:\/\/jornalfatosenoticias.com.br\/index.php\/wp-json\/wp\/v2\/users\/2"}],"replies":[{"embeddable":true,"href":"https:\/\/jornalfatosenoticias.com.br\/index.php\/wp-json\/wp\/v2\/comments?post=60658"}],"version-history":[{"count":0,"href":"https:\/\/jornalfatosenoticias.com.br\/index.php\/wp-json\/wp\/v2\/posts\/60658\/revisions"}],"wp:featuredmedia":[{"embeddable":true,"href":"https:\/\/jornalfatosenoticias.com.br\/index.php\/wp-json\/wp\/v2\/media\/60660"}],"wp:attachment":[{"href":"https:\/\/jornalfatosenoticias.com.br\/index.php\/wp-json\/wp\/v2\/media?parent=60658"}],"wp:term":[{"taxonomy":"category","embeddable":true,"href":"https:\/\/jornalfatosenoticias.com.br\/index.php\/wp-json\/wp\/v2\/categories?post=60658"},{"taxonomy":"post_tag","embeddable":true,"href":"https:\/\/jornalfatosenoticias.com.br\/index.php\/wp-json\/wp\/v2\/tags?post=60658"}],"curies":[{"name":"wp","href":"https:\/\/api.w.org\/{rel}","templated":true}]}}