{"id":60668,"date":"2025-07-21T10:14:57","date_gmt":"2025-07-21T13:14:57","guid":{"rendered":"https:\/\/jornalfatosenoticias.com.br\/?p=60668"},"modified":"2025-07-21T10:14:58","modified_gmt":"2025-07-21T13:14:58","slug":"o-que-e-o-banho-de-floresta-e-por-que-ele-faz-tao-bem-a-saude","status":"publish","type":"post","link":"https:\/\/jornalfatosenoticias.com.br\/index.php\/2025\/07\/21\/o-que-e-o-banho-de-floresta-e-por-que-ele-faz-tao-bem-a-saude\/","title":{"rendered":"O que \u00e9 o banho de floresta e por que ele faz t\u00e3o bem \u00e0 sa\u00fade?"},"content":{"rendered":"\n<p><em><span class=\"has-inline-color has-black-color\">Conhe\u00e7a os benef\u00edcios da pr\u00e1tica japonesa, al\u00e9m de dicas para manter o bem-estar<\/span><\/em><\/p>\n\n\n\n<p><span class=\"has-inline-color has-black-color\">Por <strong><a href=\"https:\/\/www.bonsfluidos.com.br\/author\/isabella-bisordi\">Isabella Bisordi<\/a><\/strong><\/span><\/p>\n\n\n\n<div class=\"wp-block-image\"><figure class=\"aligncenter size-large\"><a href=\"https:\/\/mizu.com.br\/\"><img loading=\"lazy\" decoding=\"async\" width=\"729\" height=\"90\" src=\"https:\/\/jornalfatosenoticias.com.br\/wp-content\/uploads\/2020\/02\/Logo_Mizu.png\" alt=\"\" class=\"wp-image-1441\" srcset=\"https:\/\/jornalfatosenoticias.com.br\/wp-content\/uploads\/2020\/02\/Logo_Mizu.png 729w, https:\/\/jornalfatosenoticias.com.br\/wp-content\/uploads\/2020\/02\/Logo_Mizu-300x37.png 300w\" sizes=\"auto, (max-width: 729px) 100vw, 729px\" \/><\/a><\/figure><\/div>\n\n\n\n<p>Voc\u00ea j\u00e1 sentiu um al\u00edvio quase imediato ao caminhar entre as <a href=\"https:\/\/www.bonsfluidos.com.br\/sustentabilidade\/pais-como-exemplo-japao-nao-corta-arvores-mas-as-muda-de-lugar-entenda.phtml\">\u00e1rvores<\/a>? Ou percebeu como a respira\u00e7\u00e3o se aprofunda quando est\u00e1 em meio \u00e0 natureza? Essa sensa\u00e7\u00e3o de paz tem nome, hist\u00f3ria e ci\u00eancia por tr\u00e1s: chama-se banho de floresta, ou <em>shinrin-yoku,<\/em> pr\u00e1tica originada no Jap\u00e3o e cada vez mais valorizada ao redor do mundo.<br>Criada em 1982 pela Ag\u00eancia Florestal Japonesa, a t\u00e9cnica prop\u00f5e uma imers\u00e3o consciente em ambientes naturais. Ao contr\u00e1rio do que o nome pode sugerir, n\u00e3o envolve \u00e1gua \u2014 e sim, presen\u00e7a. Trata-se de estar na floresta com os <a href=\"https:\/\/www.bonsfluidos.com.br\/bem-estar\/decoracao-sensorial-a-arte-de-decorar-ambientes-que-exploram-os-5-sentidos.phtml\">cinco sentidos<\/a> atentos, sentindo o ch\u00e3o sob os p\u00e9s, o aroma das folhas, a luz filtrando entre os galhos e o canto dos p\u00e1ssaros.<\/p>\n\n\n\n<div class=\"wp-block-image\"><figure class=\"aligncenter size-large is-resized\"><a href=\"https:\/\/panper.com.br\/\"><img loading=\"lazy\" decoding=\"async\" src=\"https:\/\/jornalfatosenoticias.com.br\/wp-content\/uploads\/2023\/03\/logo-Panper_portal.jpg\" alt=\"\" class=\"wp-image-40208\" width=\"306\" height=\"212\" srcset=\"https:\/\/jornalfatosenoticias.com.br\/wp-content\/uploads\/2023\/03\/logo-Panper_portal.jpg 400w, https:\/\/jornalfatosenoticias.com.br\/wp-content\/uploads\/2023\/03\/logo-Panper_portal-300x208.jpg 300w\" sizes=\"auto, (max-width: 306px) 100vw, 306px\" \/><\/a><\/figure><\/div>\n\n\n\n<p>No ritmo acelerado das cidades, nos desconectamos daquilo que \u00e9 essencial. O banho de floresta \u00e9 um convite para desacelerar, <a href=\"https:\/\/www.bonsfluidos.com.br\/diversos\/segundo-cientistas-cada-pessoa-tem-uma-respiracao-unica.phtml\">respirar<\/a> e observar, sempre com calma e inten\u00e7\u00e3o. Nada de celular, podcasts ou conversas paralelas. Apenas voc\u00ea e o ambiente. A pr\u00e1tica prop\u00f5e <a href=\"https:\/\/www.bonsfluidos.com.br\/saude\/como-a-atividade-fisica-ajuda-no-combate-a-depressao-saiba-o-que-diz-estudo.phtml\">atividades<\/a> simples, como caminhar lentamente, prestar aten\u00e7\u00e3o aos pr\u00f3prios passos, observar pequenas folhas, texturas, cores, cheiros e sons. Com isso, a mente se aquieta e o corpo come\u00e7a a responder.<\/p>\n\n\n\n<div class=\"wp-block-image\"><figure class=\"aligncenter size-large is-resized\"><a href=\"https:\/\/www.instagram.com\/esteio.churrascaria\/\"><img loading=\"lazy\" decoding=\"async\" src=\"https:\/\/jornalfatosenoticias.com.br\/wp-content\/uploads\/2022\/02\/LOGO-ESTEIO-1024x730.png\" alt=\"\" class=\"wp-image-27942\" width=\"305\" height=\"217\" srcset=\"https:\/\/jornalfatosenoticias.com.br\/wp-content\/uploads\/2022\/02\/LOGO-ESTEIO-1024x730.png 1024w, https:\/\/jornalfatosenoticias.com.br\/wp-content\/uploads\/2022\/02\/LOGO-ESTEIO-300x214.png 300w, https:\/\/jornalfatosenoticias.com.br\/wp-content\/uploads\/2022\/02\/LOGO-ESTEIO-768x548.png 768w, https:\/\/jornalfatosenoticias.com.br\/wp-content\/uploads\/2022\/02\/LOGO-ESTEIO.png 1123w\" sizes=\"auto, (max-width: 305px) 100vw, 305px\" \/><\/a><\/figure><\/div>\n\n\n\n<p><strong><span class=\"has-inline-color has-vivid-purple-color\">Estudos conduzidos pelo m\u00e9dico <em>Yoshifumi Miyazaki,<\/em> da <em>Universidade de Chiba,<\/em> demonstraram que o banho de floresta:<br><\/span><\/strong>\u2705Reduz em at\u00e9 13% os n\u00edveis de <a href=\"https:\/\/www.bonsfluidos.com.br\/comportamento\/pessoas-cortisol-quem-sao-e-como-tomar-cuidado-com-elas.phtml\">cortisol<\/a>, horm\u00f4nio ligado ao estresse;<br>\u2705Diminui a <a href=\"https:\/\/www.bonsfluidos.com.br\/saude\/qual-e-a-pressao-arterial-ideal-para-cada-idade-saiba-o-que-dizem-os-especialistas.phtml\">press\u00e3o arterial<\/a> e os batimentos card\u00edacos;<br>\u2705Melhora a atividade do <a href=\"https:\/\/www.bonsfluidos.com.br\/bem-estar\/nadi-shodana-tecnica-respiratoria-equilibra-corpo-e-mente-diminui-a-ansiedade-e-atua-no-sistema-nervoso-yoga.phtml\">sistema nervoso<\/a> parassimp\u00e1tico, respons\u00e1vel pela sensa\u00e7\u00e3o de calma;<br>\u2705Fortalece o sistema <a href=\"https:\/\/www.bonsfluidos.com.br\/no-prato\/fruta-rica-em-vitamina-c-aumenta-a-imunidade-e-contribui-para-a-saude-do-figado-descubra-qual-e.phtml\">imunol\u00f3gico<\/a>, aumentando a produ\u00e7\u00e3o de c\u00e9lulas que combatem infec\u00e7\u00f5es;<br>\u2705Alivia sintomas de depress\u00e3o, <em><a href=\"https:\/\/www.bonsfluidos.com.br\/saude\/como-notar-os-sinais-de-burnout-entenda-a-condicao-de-renato-em-vale-tudo.phtml\">burnout<\/a><\/em> e fadiga cr\u00f4nica.<\/p>\n\n\n\n<div class=\"wp-block-image\"><figure class=\"aligncenter size-large is-resized\"><a href=\"https:\/\/www.ithbrasil.com.br\/\"><img loading=\"lazy\" decoding=\"async\" src=\"https:\/\/jornalfatosenoticias.com.br\/wp-content\/uploads\/2023\/08\/ITH.jpeg\" alt=\"\" class=\"wp-image-44638\" width=\"331\" height=\"269\" srcset=\"https:\/\/jornalfatosenoticias.com.br\/wp-content\/uploads\/2023\/08\/ITH.jpeg 800w, https:\/\/jornalfatosenoticias.com.br\/wp-content\/uploads\/2023\/08\/ITH-300x244.jpeg 300w, https:\/\/jornalfatosenoticias.com.br\/wp-content\/uploads\/2023\/08\/ITH-768x624.jpeg 768w\" sizes=\"auto, (max-width: 331px) 100vw, 331px\" \/><\/a><\/figure><\/div>\n\n\n\n<p><strong><span class=\"has-inline-color has-vivid-purple-color\">Como praticar?<br><\/span><\/strong>Voc\u00ea n\u00e3o precisa viajar at\u00e9 uma mata densa ou uma floresta intocada. Um parque arborizado, uma <a href=\"https:\/\/www.bonsfluidos.com.br\/bem-estar\/aos-89-ary-fontoura-faz-trilha-de-3-km-e-aconselha-faca-o-que-te-deixa-feliz.phtml\">trilha<\/a> leve ou at\u00e9 um jardim silencioso j\u00e1 s\u00e3o suficientes. O importante \u00e9 se entregar \u00e0 experi\u00eancia. Veja algumas dicas:<br>\u2705Escolha um lugar verde e tranquilo, onde voc\u00ea possa <a href=\"https:\/\/www.bonsfluidos.com.br\/bem-estar\/caminhada-japonesa-saiba-o-que-e-e-como-adiciona-la-a-sua-rotina.phtml\">caminhar<\/a> por pelo menos 30 minutos;<br>\u2705V\u00e1 sozinho(a) ou combine com os amigos de manter o <a href=\"https:\/\/www.bonsfluidos.com.br\/comportamento\/dia-mundial-do-silencio-o-que-ele-representa-e-causa-na-vida-de-uma-pessoa.phtml\">sil\u00eancio<\/a> durante o trajeto;<br>\u2705Deixe o <a href=\"https:\/\/www.bonsfluidos.com.br\/saude\/ficar-72-horas-longe-do-celular-causa-alteracoes-cerebrais.phtml\">celular<\/a> no modo avi\u00e3o e esteja presente de verdade;<br>\u2705Ative seus sentidos: ou\u00e7a os sons ao redor, toque nas folhas, observe os tons de verde, inspire profundamente os aromas da natureza;<br>\u2705N\u00e3o tenha pressa. O objetivo n\u00e3o \u00e9 chegar a um destino, mas vivenciar o caminho.<\/p>\n\n\n\n<div class=\"wp-block-image\"><figure class=\"aligncenter size-large is-resized\"><a href=\"https:\/\/www.legisjuris.com.br\/\"><img loading=\"lazy\" decoding=\"async\" src=\"https:\/\/jornalfatosenoticias.com.br\/wp-content\/uploads\/2024\/09\/Legis-Juris-Consultoria_logo.jpg\" alt=\"\" class=\"wp-image-53915\" width=\"480\" height=\"201\" srcset=\"https:\/\/jornalfatosenoticias.com.br\/wp-content\/uploads\/2024\/09\/Legis-Juris-Consultoria_logo.jpg 969w, https:\/\/jornalfatosenoticias.com.br\/wp-content\/uploads\/2024\/09\/Legis-Juris-Consultoria_logo-300x126.jpg 300w, https:\/\/jornalfatosenoticias.com.br\/wp-content\/uploads\/2024\/09\/Legis-Juris-Consultoria_logo-768x322.jpg 768w\" sizes=\"auto, (max-width: 480px) 100vw, 480px\" \/><\/a><\/figure><\/div>\n\n\n\n<p>Na pr\u00f3xima vez que se sentir sobrecarregado, <a href=\"https:\/\/www.bonsfluidos.com.br\/esoterismo\/apesar-da-ansiedade-o-tempo-passa-e-o-momento-se-ilumina-veja-as-cartas-do-dia.phtml\">ansioso<\/a> ou cansado, experimente: encontre um canto verde, feche os olhos, respire e caminhe. \u00c0s vezes, o que voc\u00ea precisa n\u00e3o est\u00e1 em uma solu\u00e7\u00e3o complexa \u2014 mas em uma \u00e1rvore balan\u00e7ando ao vento.<\/p>\n\n\n\n<p><strong>Fonte: <a href=\"https:\/\/www.bonsfluidos.com.br\/bem-estar\/o-que-e-o-banho-de-floresta-e-por-que-ele-faz-tao-bem-a-saude.phtml\">Bons Fluidos<\/a><\/strong><\/p>\n","protected":false},"excerpt":{"rendered":"<p>Conhe\u00e7a os benef\u00edcios da pr\u00e1tica japonesa, al\u00e9m de dicas para manter o bem-estar Por Isabella Bisordi Voc\u00ea j\u00e1 sentiu um al\u00edvio quase imediato ao caminhar entre as \u00e1rvores? Ou percebeu como a respira\u00e7\u00e3o se aprofunda quando est\u00e1 em meio \u00e0 natureza? Essa sensa\u00e7\u00e3o de paz tem nome, hist\u00f3ria e ci\u00eancia por tr\u00e1s: chama-se banho de [&hellip;]<\/p>\n","protected":false},"author":2,"featured_media":60669,"comment_status":"open","ping_status":"open","sticky":false,"template":"","format":"standard","meta":{"footnotes":""},"categories":[42],"tags":[6913,14504,23220,385,25300,1056,1065,74,688],"class_list":["post-60668","post","type-post","status-publish","format-standard","has-post-thumbnail","hentry","category-bem-estar","tag-atividade-fisica","tag-autocuidado","tag-banho-de-floresta","tag-bem-estar","tag-cuidados-com-a-saude","tag-exercicios-fisicos","tag-floresta","tag-saude","tag-saude-mental"],"yoast_head":"<!-- This site is optimized with the Yoast SEO plugin v26.5 - https:\/\/yoast.com\/wordpress\/plugins\/seo\/ -->\n<title>O que \u00e9 o banho de floresta e por que ele faz t\u00e3o bem \u00e0 sa\u00fade? - Jornal Fatos e Not\u00edcias<\/title>\n<meta name=\"robots\" content=\"index, follow, max-snippet:-1, max-image-preview:large, max-video-preview:-1\" \/>\n<link rel=\"canonical\" href=\"https:\/\/jornalfatosenoticias.com.br\/index.php\/2025\/07\/21\/o-que-e-o-banho-de-floresta-e-por-que-ele-faz-tao-bem-a-saude\/\" \/>\n<meta property=\"og:locale\" content=\"pt_BR\" \/>\n<meta property=\"og:type\" content=\"article\" \/>\n<meta property=\"og:title\" content=\"O que \u00e9 o banho de floresta e por que ele faz t\u00e3o bem \u00e0 sa\u00fade? - Jornal Fatos e Not\u00edcias\" \/>\n<meta property=\"og:description\" content=\"Conhe\u00e7a os benef\u00edcios da pr\u00e1tica japonesa, al\u00e9m de dicas para manter o bem-estar Por Isabella Bisordi Voc\u00ea j\u00e1 sentiu um al\u00edvio quase imediato ao caminhar entre as \u00e1rvores? Ou percebeu como a respira\u00e7\u00e3o se aprofunda quando est\u00e1 em meio \u00e0 natureza? Essa sensa\u00e7\u00e3o de paz tem nome, hist\u00f3ria e ci\u00eancia por tr\u00e1s: chama-se banho de [&hellip;]\" \/>\n<meta property=\"og:url\" content=\"https:\/\/jornalfatosenoticias.com.br\/index.php\/2025\/07\/21\/o-que-e-o-banho-de-floresta-e-por-que-ele-faz-tao-bem-a-saude\/\" \/>\n<meta property=\"og:site_name\" content=\"Jornal Fatos e Not\u00edcias\" \/>\n<meta property=\"article:published_time\" content=\"2025-07-21T13:14:57+00:00\" \/>\n<meta property=\"article:modified_time\" content=\"2025-07-21T13:14:58+00:00\" \/>\n<meta property=\"og:image\" content=\"https:\/\/jornalfatosenoticias.com.br\/wp-content\/uploads\/2025\/07\/banho-de-floresta_freepik.jpg\" \/>\n\t<meta property=\"og:image:width\" content=\"1000\" \/>\n\t<meta property=\"og:image:height\" content=\"666\" \/>\n\t<meta property=\"og:image:type\" content=\"image\/jpeg\" \/>\n<meta name=\"author\" content=\"Luzimara Fernandes\" \/>\n<meta name=\"twitter:card\" content=\"summary_large_image\" \/>\n<meta name=\"twitter:label1\" content=\"Escrito por\" \/>\n\t<meta name=\"twitter:data1\" content=\"Luzimara Fernandes\" \/>\n\t<meta name=\"twitter:label2\" content=\"Est. tempo de leitura\" \/>\n\t<meta name=\"twitter:data2\" content=\"2 minutos\" \/>\n<script type=\"application\/ld+json\" class=\"yoast-schema-graph\">{\"@context\":\"https:\/\/schema.org\",\"@graph\":[{\"@type\":\"Article\",\"@id\":\"https:\/\/jornalfatosenoticias.com.br\/index.php\/2025\/07\/21\/o-que-e-o-banho-de-floresta-e-por-que-ele-faz-tao-bem-a-saude\/#article\",\"isPartOf\":{\"@id\":\"https:\/\/jornalfatosenoticias.com.br\/index.php\/2025\/07\/21\/o-que-e-o-banho-de-floresta-e-por-que-ele-faz-tao-bem-a-saude\/\"},\"author\":{\"name\":\"Luzimara Fernandes\",\"@id\":\"https:\/\/jornalfatosenoticias.com.br\/#\/schema\/person\/d63837fa13ac8666eb9e74e0985d6f81\"},\"headline\":\"O que \u00e9 o banho de floresta e por que ele faz t\u00e3o bem \u00e0 sa\u00fade?\",\"datePublished\":\"2025-07-21T13:14:57+00:00\",\"dateModified\":\"2025-07-21T13:14:58+00:00\",\"mainEntityOfPage\":{\"@id\":\"https:\/\/jornalfatosenoticias.com.br\/index.php\/2025\/07\/21\/o-que-e-o-banho-de-floresta-e-por-que-ele-faz-tao-bem-a-saude\/\"},\"wordCount\":493,\"commentCount\":0,\"publisher\":{\"@id\":\"https:\/\/jornalfatosenoticias.com.br\/#organization\"},\"image\":{\"@id\":\"https:\/\/jornalfatosenoticias.com.br\/index.php\/2025\/07\/21\/o-que-e-o-banho-de-floresta-e-por-que-ele-faz-tao-bem-a-saude\/#primaryimage\"},\"thumbnailUrl\":\"https:\/\/jornalfatosenoticias.com.br\/wp-content\/uploads\/2025\/07\/banho-de-floresta_freepik.jpg\",\"keywords\":[\"atividade f\u00edsica\",\"autocuidado\",\"banho de floresta\",\"bem-estar\",\"cuidados com a sa\u00fade\",\"exerc\u00edcios f\u00edsicos\",\"floresta\",\"sa\u00fade\",\"sa\u00fade mental\"],\"articleSection\":[\"Bem-estar\"],\"inLanguage\":\"pt-BR\",\"potentialAction\":[{\"@type\":\"CommentAction\",\"name\":\"Comment\",\"target\":[\"https:\/\/jornalfatosenoticias.com.br\/index.php\/2025\/07\/21\/o-que-e-o-banho-de-floresta-e-por-que-ele-faz-tao-bem-a-saude\/#respond\"]}]},{\"@type\":\"WebPage\",\"@id\":\"https:\/\/jornalfatosenoticias.com.br\/index.php\/2025\/07\/21\/o-que-e-o-banho-de-floresta-e-por-que-ele-faz-tao-bem-a-saude\/\",\"url\":\"https:\/\/jornalfatosenoticias.com.br\/index.php\/2025\/07\/21\/o-que-e-o-banho-de-floresta-e-por-que-ele-faz-tao-bem-a-saude\/\",\"name\":\"O que \u00e9 o banho de floresta e por que ele faz t\u00e3o bem \u00e0 sa\u00fade? - Jornal Fatos e Not\u00edcias\",\"isPartOf\":{\"@id\":\"https:\/\/jornalfatosenoticias.com.br\/#website\"},\"primaryImageOfPage\":{\"@id\":\"https:\/\/jornalfatosenoticias.com.br\/index.php\/2025\/07\/21\/o-que-e-o-banho-de-floresta-e-por-que-ele-faz-tao-bem-a-saude\/#primaryimage\"},\"image\":{\"@id\":\"https:\/\/jornalfatosenoticias.com.br\/index.php\/2025\/07\/21\/o-que-e-o-banho-de-floresta-e-por-que-ele-faz-tao-bem-a-saude\/#primaryimage\"},\"thumbnailUrl\":\"https:\/\/jornalfatosenoticias.com.br\/wp-content\/uploads\/2025\/07\/banho-de-floresta_freepik.jpg\",\"datePublished\":\"2025-07-21T13:14:57+00:00\",\"dateModified\":\"2025-07-21T13:14:58+00:00\",\"breadcrumb\":{\"@id\":\"https:\/\/jornalfatosenoticias.com.br\/index.php\/2025\/07\/21\/o-que-e-o-banho-de-floresta-e-por-que-ele-faz-tao-bem-a-saude\/#breadcrumb\"},\"inLanguage\":\"pt-BR\",\"potentialAction\":[{\"@type\":\"ReadAction\",\"target\":[\"https:\/\/jornalfatosenoticias.com.br\/index.php\/2025\/07\/21\/o-que-e-o-banho-de-floresta-e-por-que-ele-faz-tao-bem-a-saude\/\"]}]},{\"@type\":\"ImageObject\",\"inLanguage\":\"pt-BR\",\"@id\":\"https:\/\/jornalfatosenoticias.com.br\/index.php\/2025\/07\/21\/o-que-e-o-banho-de-floresta-e-por-que-ele-faz-tao-bem-a-saude\/#primaryimage\",\"url\":\"https:\/\/jornalfatosenoticias.com.br\/wp-content\/uploads\/2025\/07\/banho-de-floresta_freepik.jpg\",\"contentUrl\":\"https:\/\/jornalfatosenoticias.com.br\/wp-content\/uploads\/2025\/07\/banho-de-floresta_freepik.jpg\",\"width\":1000,\"height\":666,\"caption\":\"Healthy young Asian runner woman warm up the body stretching before exercise and yoga near lake at park under warm light morning. Lifestyle fitness and active women exercise in urban city concept.\"},{\"@type\":\"BreadcrumbList\",\"@id\":\"https:\/\/jornalfatosenoticias.com.br\/index.php\/2025\/07\/21\/o-que-e-o-banho-de-floresta-e-por-que-ele-faz-tao-bem-a-saude\/#breadcrumb\",\"itemListElement\":[{\"@type\":\"ListItem\",\"position\":1,\"name\":\"In\u00edcio\",\"item\":\"https:\/\/jornalfatosenoticias.com.br\/\"},{\"@type\":\"ListItem\",\"position\":2,\"name\":\"O que \u00e9 o banho de floresta e por que ele faz t\u00e3o bem \u00e0 sa\u00fade?\"}]},{\"@type\":\"WebSite\",\"@id\":\"https:\/\/jornalfatosenoticias.com.br\/#website\",\"url\":\"https:\/\/jornalfatosenoticias.com.br\/\",\"name\":\"Jornal Fatos e Not\u00edcias\",\"description\":\"Not\u00edcias em geral\",\"publisher\":{\"@id\":\"https:\/\/jornalfatosenoticias.com.br\/#organization\"},\"potentialAction\":[{\"@type\":\"SearchAction\",\"target\":{\"@type\":\"EntryPoint\",\"urlTemplate\":\"https:\/\/jornalfatosenoticias.com.br\/?s={search_term_string}\"},\"query-input\":{\"@type\":\"PropertyValueSpecification\",\"valueRequired\":true,\"valueName\":\"search_term_string\"}}],\"inLanguage\":\"pt-BR\"},{\"@type\":\"Organization\",\"@id\":\"https:\/\/jornalfatosenoticias.com.br\/#organization\",\"name\":\"Jornal Fatos e Not\u00edcias\",\"url\":\"https:\/\/jornalfatosenoticias.com.br\/\",\"logo\":{\"@type\":\"ImageObject\",\"inLanguage\":\"pt-BR\",\"@id\":\"https:\/\/jornalfatosenoticias.com.br\/#\/schema\/logo\/image\/\",\"url\":\"https:\/\/jornalfatosenoticias.com.br\/wp-content\/uploads\/2020\/02\/logo120.png\",\"contentUrl\":\"https:\/\/jornalfatosenoticias.com.br\/wp-content\/uploads\/2020\/02\/logo120.png\",\"width\":1227,\"height\":120,\"caption\":\"Jornal Fatos e Not\u00edcias\"},\"image\":{\"@id\":\"https:\/\/jornalfatosenoticias.com.br\/#\/schema\/logo\/image\/\"}},{\"@type\":\"Person\",\"@id\":\"https:\/\/jornalfatosenoticias.com.br\/#\/schema\/person\/d63837fa13ac8666eb9e74e0985d6f81\",\"name\":\"Luzimara Fernandes\",\"image\":{\"@type\":\"ImageObject\",\"inLanguage\":\"pt-BR\",\"@id\":\"https:\/\/jornalfatosenoticias.com.br\/#\/schema\/person\/image\/\",\"url\":\"https:\/\/jornalfatosenoticias.com.br\/wp-content\/uploads\/2025\/05\/EU_portal.jpg\",\"contentUrl\":\"https:\/\/jornalfatosenoticias.com.br\/wp-content\/uploads\/2025\/05\/EU_portal.jpg\",\"caption\":\"Luzimara Fernandes\"},\"description\":\"Jornalista MTB 2358-ES\",\"sameAs\":[\"https:\/\/jornalfatosenoticias.com.br\"],\"url\":\"https:\/\/jornalfatosenoticias.com.br\/index.php\/author\/luzimara\/\"}]}<\/script>\n<!-- \/ Yoast SEO plugin. -->","yoast_head_json":{"title":"O que \u00e9 o banho de floresta e por que ele faz t\u00e3o bem \u00e0 sa\u00fade? - Jornal Fatos e Not\u00edcias","robots":{"index":"index","follow":"follow","max-snippet":"max-snippet:-1","max-image-preview":"max-image-preview:large","max-video-preview":"max-video-preview:-1"},"canonical":"https:\/\/jornalfatosenoticias.com.br\/index.php\/2025\/07\/21\/o-que-e-o-banho-de-floresta-e-por-que-ele-faz-tao-bem-a-saude\/","og_locale":"pt_BR","og_type":"article","og_title":"O que \u00e9 o banho de floresta e por que ele faz t\u00e3o bem \u00e0 sa\u00fade? - Jornal Fatos e Not\u00edcias","og_description":"Conhe\u00e7a os benef\u00edcios da pr\u00e1tica japonesa, al\u00e9m de dicas para manter o bem-estar Por Isabella Bisordi Voc\u00ea j\u00e1 sentiu um al\u00edvio quase imediato ao caminhar entre as \u00e1rvores? Ou percebeu como a respira\u00e7\u00e3o se aprofunda quando est\u00e1 em meio \u00e0 natureza? Essa sensa\u00e7\u00e3o de paz tem nome, hist\u00f3ria e ci\u00eancia por tr\u00e1s: chama-se banho de [&hellip;]","og_url":"https:\/\/jornalfatosenoticias.com.br\/index.php\/2025\/07\/21\/o-que-e-o-banho-de-floresta-e-por-que-ele-faz-tao-bem-a-saude\/","og_site_name":"Jornal Fatos e Not\u00edcias","article_published_time":"2025-07-21T13:14:57+00:00","article_modified_time":"2025-07-21T13:14:58+00:00","og_image":[{"width":1000,"height":666,"url":"https:\/\/jornalfatosenoticias.com.br\/wp-content\/uploads\/2025\/07\/banho-de-floresta_freepik.jpg","type":"image\/jpeg"}],"author":"Luzimara Fernandes","twitter_card":"summary_large_image","twitter_misc":{"Escrito por":"Luzimara Fernandes","Est. tempo de leitura":"2 minutos"},"schema":{"@context":"https:\/\/schema.org","@graph":[{"@type":"Article","@id":"https:\/\/jornalfatosenoticias.com.br\/index.php\/2025\/07\/21\/o-que-e-o-banho-de-floresta-e-por-que-ele-faz-tao-bem-a-saude\/#article","isPartOf":{"@id":"https:\/\/jornalfatosenoticias.com.br\/index.php\/2025\/07\/21\/o-que-e-o-banho-de-floresta-e-por-que-ele-faz-tao-bem-a-saude\/"},"author":{"name":"Luzimara Fernandes","@id":"https:\/\/jornalfatosenoticias.com.br\/#\/schema\/person\/d63837fa13ac8666eb9e74e0985d6f81"},"headline":"O que \u00e9 o banho de floresta e por que ele faz t\u00e3o bem \u00e0 sa\u00fade?","datePublished":"2025-07-21T13:14:57+00:00","dateModified":"2025-07-21T13:14:58+00:00","mainEntityOfPage":{"@id":"https:\/\/jornalfatosenoticias.com.br\/index.php\/2025\/07\/21\/o-que-e-o-banho-de-floresta-e-por-que-ele-faz-tao-bem-a-saude\/"},"wordCount":493,"commentCount":0,"publisher":{"@id":"https:\/\/jornalfatosenoticias.com.br\/#organization"},"image":{"@id":"https:\/\/jornalfatosenoticias.com.br\/index.php\/2025\/07\/21\/o-que-e-o-banho-de-floresta-e-por-que-ele-faz-tao-bem-a-saude\/#primaryimage"},"thumbnailUrl":"https:\/\/jornalfatosenoticias.com.br\/wp-content\/uploads\/2025\/07\/banho-de-floresta_freepik.jpg","keywords":["atividade f\u00edsica","autocuidado","banho de floresta","bem-estar","cuidados com a sa\u00fade","exerc\u00edcios f\u00edsicos","floresta","sa\u00fade","sa\u00fade mental"],"articleSection":["Bem-estar"],"inLanguage":"pt-BR","potentialAction":[{"@type":"CommentAction","name":"Comment","target":["https:\/\/jornalfatosenoticias.com.br\/index.php\/2025\/07\/21\/o-que-e-o-banho-de-floresta-e-por-que-ele-faz-tao-bem-a-saude\/#respond"]}]},{"@type":"WebPage","@id":"https:\/\/jornalfatosenoticias.com.br\/index.php\/2025\/07\/21\/o-que-e-o-banho-de-floresta-e-por-que-ele-faz-tao-bem-a-saude\/","url":"https:\/\/jornalfatosenoticias.com.br\/index.php\/2025\/07\/21\/o-que-e-o-banho-de-floresta-e-por-que-ele-faz-tao-bem-a-saude\/","name":"O que \u00e9 o banho de floresta e por que ele faz t\u00e3o bem \u00e0 sa\u00fade? - Jornal Fatos e Not\u00edcias","isPartOf":{"@id":"https:\/\/jornalfatosenoticias.com.br\/#website"},"primaryImageOfPage":{"@id":"https:\/\/jornalfatosenoticias.com.br\/index.php\/2025\/07\/21\/o-que-e-o-banho-de-floresta-e-por-que-ele-faz-tao-bem-a-saude\/#primaryimage"},"image":{"@id":"https:\/\/jornalfatosenoticias.com.br\/index.php\/2025\/07\/21\/o-que-e-o-banho-de-floresta-e-por-que-ele-faz-tao-bem-a-saude\/#primaryimage"},"thumbnailUrl":"https:\/\/jornalfatosenoticias.com.br\/wp-content\/uploads\/2025\/07\/banho-de-floresta_freepik.jpg","datePublished":"2025-07-21T13:14:57+00:00","dateModified":"2025-07-21T13:14:58+00:00","breadcrumb":{"@id":"https:\/\/jornalfatosenoticias.com.br\/index.php\/2025\/07\/21\/o-que-e-o-banho-de-floresta-e-por-que-ele-faz-tao-bem-a-saude\/#breadcrumb"},"inLanguage":"pt-BR","potentialAction":[{"@type":"ReadAction","target":["https:\/\/jornalfatosenoticias.com.br\/index.php\/2025\/07\/21\/o-que-e-o-banho-de-floresta-e-por-que-ele-faz-tao-bem-a-saude\/"]}]},{"@type":"ImageObject","inLanguage":"pt-BR","@id":"https:\/\/jornalfatosenoticias.com.br\/index.php\/2025\/07\/21\/o-que-e-o-banho-de-floresta-e-por-que-ele-faz-tao-bem-a-saude\/#primaryimage","url":"https:\/\/jornalfatosenoticias.com.br\/wp-content\/uploads\/2025\/07\/banho-de-floresta_freepik.jpg","contentUrl":"https:\/\/jornalfatosenoticias.com.br\/wp-content\/uploads\/2025\/07\/banho-de-floresta_freepik.jpg","width":1000,"height":666,"caption":"Healthy young Asian runner woman warm up the body stretching before exercise and yoga near lake at park under warm light morning. Lifestyle fitness and active women exercise in urban city concept."},{"@type":"BreadcrumbList","@id":"https:\/\/jornalfatosenoticias.com.br\/index.php\/2025\/07\/21\/o-que-e-o-banho-de-floresta-e-por-que-ele-faz-tao-bem-a-saude\/#breadcrumb","itemListElement":[{"@type":"ListItem","position":1,"name":"In\u00edcio","item":"https:\/\/jornalfatosenoticias.com.br\/"},{"@type":"ListItem","position":2,"name":"O que \u00e9 o banho de floresta e por que ele faz t\u00e3o bem \u00e0 sa\u00fade?"}]},{"@type":"WebSite","@id":"https:\/\/jornalfatosenoticias.com.br\/#website","url":"https:\/\/jornalfatosenoticias.com.br\/","name":"Jornal Fatos e Not\u00edcias","description":"Not\u00edcias em geral","publisher":{"@id":"https:\/\/jornalfatosenoticias.com.br\/#organization"},"potentialAction":[{"@type":"SearchAction","target":{"@type":"EntryPoint","urlTemplate":"https:\/\/jornalfatosenoticias.com.br\/?s={search_term_string}"},"query-input":{"@type":"PropertyValueSpecification","valueRequired":true,"valueName":"search_term_string"}}],"inLanguage":"pt-BR"},{"@type":"Organization","@id":"https:\/\/jornalfatosenoticias.com.br\/#organization","name":"Jornal Fatos e Not\u00edcias","url":"https:\/\/jornalfatosenoticias.com.br\/","logo":{"@type":"ImageObject","inLanguage":"pt-BR","@id":"https:\/\/jornalfatosenoticias.com.br\/#\/schema\/logo\/image\/","url":"https:\/\/jornalfatosenoticias.com.br\/wp-content\/uploads\/2020\/02\/logo120.png","contentUrl":"https:\/\/jornalfatosenoticias.com.br\/wp-content\/uploads\/2020\/02\/logo120.png","width":1227,"height":120,"caption":"Jornal Fatos e Not\u00edcias"},"image":{"@id":"https:\/\/jornalfatosenoticias.com.br\/#\/schema\/logo\/image\/"}},{"@type":"Person","@id":"https:\/\/jornalfatosenoticias.com.br\/#\/schema\/person\/d63837fa13ac8666eb9e74e0985d6f81","name":"Luzimara Fernandes","image":{"@type":"ImageObject","inLanguage":"pt-BR","@id":"https:\/\/jornalfatosenoticias.com.br\/#\/schema\/person\/image\/","url":"https:\/\/jornalfatosenoticias.com.br\/wp-content\/uploads\/2025\/05\/EU_portal.jpg","contentUrl":"https:\/\/jornalfatosenoticias.com.br\/wp-content\/uploads\/2025\/05\/EU_portal.jpg","caption":"Luzimara Fernandes"},"description":"Jornalista MTB 2358-ES","sameAs":["https:\/\/jornalfatosenoticias.com.br"],"url":"https:\/\/jornalfatosenoticias.com.br\/index.php\/author\/luzimara\/"}]}},"cc_featured_image_caption":{"caption_text":"(Foto: Freepik) ","source_text":"","source_url":""},"jetpack_featured_media_url":"https:\/\/jornalfatosenoticias.com.br\/wp-content\/uploads\/2025\/07\/banho-de-floresta_freepik.jpg","_links":{"self":[{"href":"https:\/\/jornalfatosenoticias.com.br\/index.php\/wp-json\/wp\/v2\/posts\/60668","targetHints":{"allow":["GET"]}}],"collection":[{"href":"https:\/\/jornalfatosenoticias.com.br\/index.php\/wp-json\/wp\/v2\/posts"}],"about":[{"href":"https:\/\/jornalfatosenoticias.com.br\/index.php\/wp-json\/wp\/v2\/types\/post"}],"author":[{"embeddable":true,"href":"https:\/\/jornalfatosenoticias.com.br\/index.php\/wp-json\/wp\/v2\/users\/2"}],"replies":[{"embeddable":true,"href":"https:\/\/jornalfatosenoticias.com.br\/index.php\/wp-json\/wp\/v2\/comments?post=60668"}],"version-history":[{"count":0,"href":"https:\/\/jornalfatosenoticias.com.br\/index.php\/wp-json\/wp\/v2\/posts\/60668\/revisions"}],"wp:featuredmedia":[{"embeddable":true,"href":"https:\/\/jornalfatosenoticias.com.br\/index.php\/wp-json\/wp\/v2\/media\/60669"}],"wp:attachment":[{"href":"https:\/\/jornalfatosenoticias.com.br\/index.php\/wp-json\/wp\/v2\/media?parent=60668"}],"wp:term":[{"taxonomy":"category","embeddable":true,"href":"https:\/\/jornalfatosenoticias.com.br\/index.php\/wp-json\/wp\/v2\/categories?post=60668"},{"taxonomy":"post_tag","embeddable":true,"href":"https:\/\/jornalfatosenoticias.com.br\/index.php\/wp-json\/wp\/v2\/tags?post=60668"}],"curies":[{"name":"wp","href":"https:\/\/api.w.org\/{rel}","templated":true}]}}