{"id":60694,"date":"2025-07-21T16:00:05","date_gmt":"2025-07-21T19:00:05","guid":{"rendered":"https:\/\/jornalfatosenoticias.com.br\/?p=60694"},"modified":"2025-07-21T16:00:06","modified_gmt":"2025-07-21T19:00:06","slug":"arqueologos-descobrem-cidade-amazonica-com-mais-de-3-000-anos","status":"publish","type":"post","link":"https:\/\/jornalfatosenoticias.com.br\/index.php\/2025\/07\/21\/arqueologos-descobrem-cidade-amazonica-com-mais-de-3-000-anos\/","title":{"rendered":"Arque\u00f3logos descobrem cidade amaz\u00f4nica com mais de 3.000 anos"},"content":{"rendered":"\n<p><em><span class=\"has-inline-color has-black-color\">Os antigos habitantes fundaram a cidade por volta de 1800 a.C. e o constru\u00edram a 600 metros acima do n\u00edvel do mar<\/span><\/em><\/p>\n\n\n\n<p><span class=\"has-inline-color has-black-color\">Por <strong><a href=\"https:\/\/gizmodo.uol.com.br\/author\/gabriel-andrade\/\" rel=\"sponsored nofollow\">Gabriel Andrade<\/a><\/strong><\/span><\/p>\n\n\n\n<div class=\"wp-block-image\"><figure class=\"aligncenter size-large\"><a href=\"https:\/\/www.instagram.com\/rcradiadores\/\"><img loading=\"lazy\" decoding=\"async\" width=\"560\" height=\"60\" src=\"https:\/\/jornalfatosenoticias.com.br\/wp-content\/uploads\/2022\/10\/Propaganda-RC-Radiadores-Jornal_page-0001.jpg\" alt=\"\" class=\"wp-image-35270\" srcset=\"https:\/\/jornalfatosenoticias.com.br\/wp-content\/uploads\/2022\/10\/Propaganda-RC-Radiadores-Jornal_page-0001.jpg 560w, https:\/\/jornalfatosenoticias.com.br\/wp-content\/uploads\/2022\/10\/Propaganda-RC-Radiadores-Jornal_page-0001-300x32.jpg 300w\" sizes=\"auto, (max-width: 560px) 100vw, 560px\" \/><\/a><\/figure><\/div>\n\n\n\n<p>Pesquisadores descobriram, na regi\u00e3o do norte da prov\u00edncia de Barranca, no Peru, uma cidade no meio da regi\u00e3o amaz\u00f4nica que pode ter servido de entreposto comercial h\u00e1 3.500 anos. Segundo o <a href=\"https:\/\/www.gob.pe\/institucion\/cultura\/noticias\/1202921-penico-la-nueva-joya-arqueologica-de-supe-abre-sus-puertas-al-peru-y-al-mundo\" target=\"_blank\" rel=\"noreferrer noopener\">Minist\u00e9rio da Cultura<\/a> peruano, a cidade de <strong>Pe\u00f1ico <\/strong>provavelmente ligava popula\u00e7\u00f5es da costa do oceano Pac\u00edfico aos povos dos Andes e Amaz\u00f4nia peruana.<\/p>\n\n\n\n<blockquote class=\"wp-block-quote is-layout-flow wp-block-quote-is-layout-flow\"><p><span class=\"has-inline-color has-luminous-vivid-orange-color\">Este centro urbano se desenvolveu seguindo a tradi\u00e7\u00e3o cultural de Caral. Devido \u00e0 sua localiza\u00e7\u00e3o estrat\u00e9gica, conectava assentamentos no litoral e nas montanhas Supe e Huaura, bem como aqueles que viviam no territ\u00f3rio <a href=\"https:\/\/gizmodo.uol.com.br\/exumacao-de-67-esqueletos-traz-sinais-de-massacre-no-peru-ha-2-500-anos\/\">andino-amaz\u00f4nico<\/a> e na regi\u00e3o alto-andina\u201d, disse a arque\u00f3loga Ruth Shady, vinculada ao Minist\u00e9rio da Cultura.<\/span><\/p><\/blockquote>\n\n\n\n<div class=\"wp-block-image\"><figure class=\"aligncenter size-large is-resized\"><a href=\"https:\/\/www.instagram.com\/gruposei\/\"><img loading=\"lazy\" decoding=\"async\" src=\"https:\/\/jornalfatosenoticias.com.br\/wp-content\/uploads\/2022\/07\/Logo-Grupo-SEI.jpg\" alt=\"\" class=\"wp-image-31973\" width=\"347\" height=\"182\" srcset=\"https:\/\/jornalfatosenoticias.com.br\/wp-content\/uploads\/2022\/07\/Logo-Grupo-SEI.jpg 713w, https:\/\/jornalfatosenoticias.com.br\/wp-content\/uploads\/2022\/07\/Logo-Grupo-SEI-300x158.jpg 300w\" sizes=\"auto, (max-width: 347px) 100vw, 347px\" \/><\/a><\/figure><\/div>\n\n\n\n<p>Os antigos habitantes fundaram o centro urbano de Pe\u00f1ico por volta de 1800 a.C. e o constru\u00edram a 600 metros acima do n\u00edvel do mar. Seus construtores \u2014 herdeiros da <a href=\"https:\/\/gizmodo.uol.com.br\/criancas-astecas-enterradas-ha-5-seculos-sao-descobertas-na-cidade-do-mexico\/\">tradi\u00e7\u00e3o caralina<\/a> \u2014 escolheram esta localiza\u00e7\u00e3o estrat\u00e9gica por v\u00e1rios motivos. Sendo os principais: real\u00e7ar a grandeza de seus edif\u00edcios, proteger contra inunda\u00e7\u00f5es e promover a intera\u00e7\u00e3o e o interc\u00e2mbio.<\/p>\n\n\n\n<div class=\"wp-block-image\"><figure class=\"aligncenter size-large is-resized\"><a href=\"https:\/\/www.instagram.com\/serra4x4cambioautomatico\/\"><img loading=\"lazy\" decoding=\"async\" src=\"https:\/\/jornalfatosenoticias.com.br\/wp-content\/uploads\/2024\/08\/Serra-4x4-1-886x1024.jpg\" alt=\"\" class=\"wp-image-53632\" width=\"307\" height=\"355\" srcset=\"https:\/\/jornalfatosenoticias.com.br\/wp-content\/uploads\/2024\/08\/Serra-4x4-1-886x1024.jpg 886w, https:\/\/jornalfatosenoticias.com.br\/wp-content\/uploads\/2024\/08\/Serra-4x4-1-260x300.jpg 260w, https:\/\/jornalfatosenoticias.com.br\/wp-content\/uploads\/2024\/08\/Serra-4x4-1-768x888.jpg 768w, https:\/\/jornalfatosenoticias.com.br\/wp-content\/uploads\/2024\/08\/Serra-4x4-1.jpg 1181w\" sizes=\"auto, (max-width: 307px) 100vw, 307px\" \/><\/a><\/figure><\/div>\n\n\n\n<p>Pesquisadores levantaram a hip\u00f3tese de que, ap\u00f3s o decl\u00ednio do prest\u00edgio das primeiras e mais antigas cidades do Vale do Supe, os habitantes de Pe\u00f1ico continuaram participando ativamente das redes de intera\u00e7\u00e3o social e econ\u00f4mica estabelecidas em \u00e9pocas anteriores. \u00c9 poss\u00edvel que o prest\u00edgio alcan\u00e7ado pela sociedade pe\u00f1ica no vale, aliado ao seu papel como polo na rede de trocas, estivesse ligado \u00e0 extra\u00e7\u00e3o e circula\u00e7\u00e3o de hematita, um mineral usado para produzir um pigmento vermelho.<\/p>\n\n\n\n<div class=\"wp-block-image\"><figure class=\"aligncenter size-large\"><a href=\"https:\/\/www.cesconetto.com.br\/\"><img loading=\"lazy\" decoding=\"async\" width=\"300\" height=\"250\" src=\"https:\/\/jornalfatosenoticias.com.br\/wp-content\/uploads\/2022\/02\/Banner-2.png\" alt=\"\" class=\"wp-image-27877\"\/><\/a><\/figure><\/div>\n\n\n\n<p><strong><span class=\"has-inline-color has-black-color\">Como era a cidade amaz\u00f4nica<br><\/span><\/strong>At\u00e9 o momento, os pesquisadores identificaram 18 estruturas em Pe\u00f1ico, incluindo grandes e pequenos edif\u00edcios p\u00fablicos e complexos residenciais. Em alguns edif\u00edcios, por exemplo, \u00e9 poss\u00edvel ver desenhos dos instrumentos musicais pututus retratados nas paredes. O pututu, uma trombeta de concha, desempenhava pap\u00e9is cruciais nas sociedades andinas. Isso porque, ela convocava reuni\u00f5es e anunciava eventos importantes. Al\u00e9m disso, era tamb\u00e9m considerado uma importante oferenda ritual \u00e0s divindades, em gratid\u00e3o pelos benef\u00edcios solicitados e recebidos.<\/p>\n\n\n\n<div class=\"wp-block-image\"><figure class=\"aligncenter size-large is-resized\"><a href=\"https:\/\/www.controlsystems.com.br\/\"><img loading=\"lazy\" decoding=\"async\" src=\"https:\/\/jornalfatosenoticias.com.br\/wp-content\/uploads\/2020\/02\/CONTROL-CS.jpg\" alt=\"\" class=\"wp-image-44991\" width=\"270\" height=\"324\" srcset=\"https:\/\/jornalfatosenoticias.com.br\/wp-content\/uploads\/2020\/02\/CONTROL-CS.jpg 834w, https:\/\/jornalfatosenoticias.com.br\/wp-content\/uploads\/2020\/02\/CONTROL-CS-250x300.jpg 250w, https:\/\/jornalfatosenoticias.com.br\/wp-content\/uploads\/2020\/02\/CONTROL-CS-768x921.jpg 768w\" sizes=\"auto, (max-width: 270px) 100vw, 270px\" \/><\/a><\/figure><\/div>\n\n\n\n<p>O s\u00edtio arqueol\u00f3gico de Pe\u00f1ico fica a aproximadamente quatro horas de carro da capital Lima. Os visitantes devem entrar pelo desvio do Vale do Supe (via Caral \u2013 \u00c1mbar), localizado no quil\u00f4metro 184 da Rodovia Pan-Americana Norte. A partir desta entrada, s\u00f3 percorrer 34 quil\u00f4metros para chegar a Pe\u00f1ico.<\/p>\n\n\n\n<div class=\"wp-block-image\"><figure class=\"aligncenter size-large is-resized\"><a href=\"https:\/\/hotelmarquetti.com.br\/\"><img loading=\"lazy\" decoding=\"async\" src=\"https:\/\/jornalfatosenoticias.com.br\/wp-content\/uploads\/2020\/02\/LOGO-MQ-1024x680.jpg\" alt=\"\" class=\"wp-image-58299\" width=\"307\" height=\"204\" srcset=\"https:\/\/jornalfatosenoticias.com.br\/wp-content\/uploads\/2020\/02\/LOGO-MQ-1024x680.jpg 1024w, https:\/\/jornalfatosenoticias.com.br\/wp-content\/uploads\/2020\/02\/LOGO-MQ-300x199.jpg 300w, https:\/\/jornalfatosenoticias.com.br\/wp-content\/uploads\/2020\/02\/LOGO-MQ-768x510.jpg 768w, https:\/\/jornalfatosenoticias.com.br\/wp-content\/uploads\/2020\/02\/LOGO-MQ-1536x1020.jpg 1536w, https:\/\/jornalfatosenoticias.com.br\/wp-content\/uploads\/2020\/02\/LOGO-MQ-2048x1360.jpg 2048w\" sizes=\"auto, (max-width: 307px) 100vw, 307px\" \/><\/a><\/figure><\/div>\n\n\n\n<p><strong>Fonte: <a href=\"https:\/\/gizmodo.uol.com.br\/cidade-amazonica-3-000-anos\/\">Giz Brasil<\/a><\/strong><\/p>\n","protected":false},"excerpt":{"rendered":"<p>Os antigos habitantes fundaram a cidade por volta de 1800 a.C. e o constru\u00edram a 600 metros acima do n\u00edvel do mar Por Gabriel Andrade Pesquisadores descobriram, na regi\u00e3o do norte da prov\u00edncia de Barranca, no Peru, uma cidade no meio da regi\u00e3o amaz\u00f4nica que pode ter servido de entreposto comercial h\u00e1 3.500 anos. Segundo [&hellip;]<\/p>\n","protected":false},"author":2,"featured_media":60695,"comment_status":"open","ping_status":"open","sticky":false,"template":"","format":"standard","meta":{"footnotes":""},"categories":[9808],"tags":[123,1478,27694,1001,476],"class_list":["post-60694","post","type-post","status-publish","format-standard","has-post-thumbnail","hentry","category-paleo-arqueologia","tag-amazonia","tag-arqueologia","tag-penico","tag-peru","tag-sitio-arqueologico"],"yoast_head":"<!-- This site is optimized with the Yoast SEO plugin v26.5 - https:\/\/yoast.com\/wordpress\/plugins\/seo\/ -->\n<title>Arque\u00f3logos descobrem cidade amaz\u00f4nica com mais de 3.000 anos - Jornal Fatos e Not\u00edcias<\/title>\n<meta name=\"robots\" content=\"index, follow, max-snippet:-1, max-image-preview:large, max-video-preview:-1\" \/>\n<link rel=\"canonical\" href=\"https:\/\/jornalfatosenoticias.com.br\/index.php\/2025\/07\/21\/arqueologos-descobrem-cidade-amazonica-com-mais-de-3-000-anos\/\" \/>\n<meta property=\"og:locale\" content=\"pt_BR\" \/>\n<meta property=\"og:type\" content=\"article\" \/>\n<meta property=\"og:title\" content=\"Arque\u00f3logos descobrem cidade amaz\u00f4nica com mais de 3.000 anos - Jornal Fatos e Not\u00edcias\" \/>\n<meta property=\"og:description\" content=\"Os antigos habitantes fundaram a cidade por volta de 1800 a.C. e o constru\u00edram a 600 metros acima do n\u00edvel do mar Por Gabriel Andrade Pesquisadores descobriram, na regi\u00e3o do norte da prov\u00edncia de Barranca, no Peru, uma cidade no meio da regi\u00e3o amaz\u00f4nica que pode ter servido de entreposto comercial h\u00e1 3.500 anos. Segundo [&hellip;]\" \/>\n<meta property=\"og:url\" content=\"https:\/\/jornalfatosenoticias.com.br\/index.php\/2025\/07\/21\/arqueologos-descobrem-cidade-amazonica-com-mais-de-3-000-anos\/\" \/>\n<meta property=\"og:site_name\" content=\"Jornal Fatos e Not\u00edcias\" \/>\n<meta property=\"article:published_time\" content=\"2025-07-21T19:00:05+00:00\" \/>\n<meta property=\"article:modified_time\" content=\"2025-07-21T19:00:06+00:00\" \/>\n<meta property=\"og:image\" content=\"https:\/\/jornalfatosenoticias.com.br\/wp-content\/uploads\/2025\/07\/cidade-amazonica-de-3-mil-anos.jpg\" \/>\n\t<meta property=\"og:image:width\" content=\"780\" \/>\n\t<meta property=\"og:image:height\" content=\"439\" \/>\n\t<meta property=\"og:image:type\" content=\"image\/jpeg\" \/>\n<meta name=\"author\" content=\"Luzimara Fernandes\" \/>\n<meta name=\"twitter:card\" content=\"summary_large_image\" \/>\n<meta name=\"twitter:label1\" content=\"Escrito por\" \/>\n\t<meta name=\"twitter:data1\" content=\"Luzimara Fernandes\" \/>\n\t<meta name=\"twitter:label2\" content=\"Est. tempo de leitura\" \/>\n\t<meta name=\"twitter:data2\" content=\"2 minutos\" \/>\n<script type=\"application\/ld+json\" class=\"yoast-schema-graph\">{\"@context\":\"https:\/\/schema.org\",\"@graph\":[{\"@type\":\"Article\",\"@id\":\"https:\/\/jornalfatosenoticias.com.br\/index.php\/2025\/07\/21\/arqueologos-descobrem-cidade-amazonica-com-mais-de-3-000-anos\/#article\",\"isPartOf\":{\"@id\":\"https:\/\/jornalfatosenoticias.com.br\/index.php\/2025\/07\/21\/arqueologos-descobrem-cidade-amazonica-com-mais-de-3-000-anos\/\"},\"author\":{\"name\":\"Luzimara Fernandes\",\"@id\":\"https:\/\/jornalfatosenoticias.com.br\/#\/schema\/person\/d63837fa13ac8666eb9e74e0985d6f81\"},\"headline\":\"Arque\u00f3logos descobrem cidade amaz\u00f4nica com mais de 3.000 anos\",\"datePublished\":\"2025-07-21T19:00:05+00:00\",\"dateModified\":\"2025-07-21T19:00:06+00:00\",\"mainEntityOfPage\":{\"@id\":\"https:\/\/jornalfatosenoticias.com.br\/index.php\/2025\/07\/21\/arqueologos-descobrem-cidade-amazonica-com-mais-de-3-000-anos\/\"},\"wordCount\":452,\"commentCount\":0,\"publisher\":{\"@id\":\"https:\/\/jornalfatosenoticias.com.br\/#organization\"},\"image\":{\"@id\":\"https:\/\/jornalfatosenoticias.com.br\/index.php\/2025\/07\/21\/arqueologos-descobrem-cidade-amazonica-com-mais-de-3-000-anos\/#primaryimage\"},\"thumbnailUrl\":\"https:\/\/jornalfatosenoticias.com.br\/wp-content\/uploads\/2025\/07\/cidade-amazonica-de-3-mil-anos.jpg\",\"keywords\":[\"amaz\u00f4nia\",\"arqueologia\",\"Pe\u00f1ico\",\"Peru\",\"s\u00edtio arqueol\u00f3gico\"],\"articleSection\":[\"Paleo &amp; Arqueologia\"],\"inLanguage\":\"pt-BR\",\"potentialAction\":[{\"@type\":\"CommentAction\",\"name\":\"Comment\",\"target\":[\"https:\/\/jornalfatosenoticias.com.br\/index.php\/2025\/07\/21\/arqueologos-descobrem-cidade-amazonica-com-mais-de-3-000-anos\/#respond\"]}]},{\"@type\":\"WebPage\",\"@id\":\"https:\/\/jornalfatosenoticias.com.br\/index.php\/2025\/07\/21\/arqueologos-descobrem-cidade-amazonica-com-mais-de-3-000-anos\/\",\"url\":\"https:\/\/jornalfatosenoticias.com.br\/index.php\/2025\/07\/21\/arqueologos-descobrem-cidade-amazonica-com-mais-de-3-000-anos\/\",\"name\":\"Arque\u00f3logos descobrem cidade amaz\u00f4nica com mais de 3.000 anos - Jornal Fatos e Not\u00edcias\",\"isPartOf\":{\"@id\":\"https:\/\/jornalfatosenoticias.com.br\/#website\"},\"primaryImageOfPage\":{\"@id\":\"https:\/\/jornalfatosenoticias.com.br\/index.php\/2025\/07\/21\/arqueologos-descobrem-cidade-amazonica-com-mais-de-3-000-anos\/#primaryimage\"},\"image\":{\"@id\":\"https:\/\/jornalfatosenoticias.com.br\/index.php\/2025\/07\/21\/arqueologos-descobrem-cidade-amazonica-com-mais-de-3-000-anos\/#primaryimage\"},\"thumbnailUrl\":\"https:\/\/jornalfatosenoticias.com.br\/wp-content\/uploads\/2025\/07\/cidade-amazonica-de-3-mil-anos.jpg\",\"datePublished\":\"2025-07-21T19:00:05+00:00\",\"dateModified\":\"2025-07-21T19:00:06+00:00\",\"breadcrumb\":{\"@id\":\"https:\/\/jornalfatosenoticias.com.br\/index.php\/2025\/07\/21\/arqueologos-descobrem-cidade-amazonica-com-mais-de-3-000-anos\/#breadcrumb\"},\"inLanguage\":\"pt-BR\",\"potentialAction\":[{\"@type\":\"ReadAction\",\"target\":[\"https:\/\/jornalfatosenoticias.com.br\/index.php\/2025\/07\/21\/arqueologos-descobrem-cidade-amazonica-com-mais-de-3-000-anos\/\"]}]},{\"@type\":\"ImageObject\",\"inLanguage\":\"pt-BR\",\"@id\":\"https:\/\/jornalfatosenoticias.com.br\/index.php\/2025\/07\/21\/arqueologos-descobrem-cidade-amazonica-com-mais-de-3-000-anos\/#primaryimage\",\"url\":\"https:\/\/jornalfatosenoticias.com.br\/wp-content\/uploads\/2025\/07\/cidade-amazonica-de-3-mil-anos.jpg\",\"contentUrl\":\"https:\/\/jornalfatosenoticias.com.br\/wp-content\/uploads\/2025\/07\/cidade-amazonica-de-3-mil-anos.jpg\",\"width\":780,\"height\":439},{\"@type\":\"BreadcrumbList\",\"@id\":\"https:\/\/jornalfatosenoticias.com.br\/index.php\/2025\/07\/21\/arqueologos-descobrem-cidade-amazonica-com-mais-de-3-000-anos\/#breadcrumb\",\"itemListElement\":[{\"@type\":\"ListItem\",\"position\":1,\"name\":\"In\u00edcio\",\"item\":\"https:\/\/jornalfatosenoticias.com.br\/\"},{\"@type\":\"ListItem\",\"position\":2,\"name\":\"Arque\u00f3logos descobrem cidade amaz\u00f4nica com mais de 3.000 anos\"}]},{\"@type\":\"WebSite\",\"@id\":\"https:\/\/jornalfatosenoticias.com.br\/#website\",\"url\":\"https:\/\/jornalfatosenoticias.com.br\/\",\"name\":\"Jornal Fatos e Not\u00edcias\",\"description\":\"Not\u00edcias em geral\",\"publisher\":{\"@id\":\"https:\/\/jornalfatosenoticias.com.br\/#organization\"},\"potentialAction\":[{\"@type\":\"SearchAction\",\"target\":{\"@type\":\"EntryPoint\",\"urlTemplate\":\"https:\/\/jornalfatosenoticias.com.br\/?s={search_term_string}\"},\"query-input\":{\"@type\":\"PropertyValueSpecification\",\"valueRequired\":true,\"valueName\":\"search_term_string\"}}],\"inLanguage\":\"pt-BR\"},{\"@type\":\"Organization\",\"@id\":\"https:\/\/jornalfatosenoticias.com.br\/#organization\",\"name\":\"Jornal Fatos e Not\u00edcias\",\"url\":\"https:\/\/jornalfatosenoticias.com.br\/\",\"logo\":{\"@type\":\"ImageObject\",\"inLanguage\":\"pt-BR\",\"@id\":\"https:\/\/jornalfatosenoticias.com.br\/#\/schema\/logo\/image\/\",\"url\":\"https:\/\/jornalfatosenoticias.com.br\/wp-content\/uploads\/2020\/02\/logo120.png\",\"contentUrl\":\"https:\/\/jornalfatosenoticias.com.br\/wp-content\/uploads\/2020\/02\/logo120.png\",\"width\":1227,\"height\":120,\"caption\":\"Jornal Fatos e Not\u00edcias\"},\"image\":{\"@id\":\"https:\/\/jornalfatosenoticias.com.br\/#\/schema\/logo\/image\/\"}},{\"@type\":\"Person\",\"@id\":\"https:\/\/jornalfatosenoticias.com.br\/#\/schema\/person\/d63837fa13ac8666eb9e74e0985d6f81\",\"name\":\"Luzimara Fernandes\",\"image\":{\"@type\":\"ImageObject\",\"inLanguage\":\"pt-BR\",\"@id\":\"https:\/\/jornalfatosenoticias.com.br\/#\/schema\/person\/image\/\",\"url\":\"https:\/\/jornalfatosenoticias.com.br\/wp-content\/uploads\/2025\/05\/EU_portal.jpg\",\"contentUrl\":\"https:\/\/jornalfatosenoticias.com.br\/wp-content\/uploads\/2025\/05\/EU_portal.jpg\",\"caption\":\"Luzimara Fernandes\"},\"description\":\"Jornalista MTB 2358-ES\",\"sameAs\":[\"https:\/\/jornalfatosenoticias.com.br\"],\"url\":\"https:\/\/jornalfatosenoticias.com.br\/index.php\/author\/luzimara\/\"}]}<\/script>\n<!-- \/ Yoast SEO plugin. -->","yoast_head_json":{"title":"Arque\u00f3logos descobrem cidade amaz\u00f4nica com mais de 3.000 anos - Jornal Fatos e Not\u00edcias","robots":{"index":"index","follow":"follow","max-snippet":"max-snippet:-1","max-image-preview":"max-image-preview:large","max-video-preview":"max-video-preview:-1"},"canonical":"https:\/\/jornalfatosenoticias.com.br\/index.php\/2025\/07\/21\/arqueologos-descobrem-cidade-amazonica-com-mais-de-3-000-anos\/","og_locale":"pt_BR","og_type":"article","og_title":"Arque\u00f3logos descobrem cidade amaz\u00f4nica com mais de 3.000 anos - Jornal Fatos e Not\u00edcias","og_description":"Os antigos habitantes fundaram a cidade por volta de 1800 a.C. e o constru\u00edram a 600 metros acima do n\u00edvel do mar Por Gabriel Andrade Pesquisadores descobriram, na regi\u00e3o do norte da prov\u00edncia de Barranca, no Peru, uma cidade no meio da regi\u00e3o amaz\u00f4nica que pode ter servido de entreposto comercial h\u00e1 3.500 anos. Segundo [&hellip;]","og_url":"https:\/\/jornalfatosenoticias.com.br\/index.php\/2025\/07\/21\/arqueologos-descobrem-cidade-amazonica-com-mais-de-3-000-anos\/","og_site_name":"Jornal Fatos e Not\u00edcias","article_published_time":"2025-07-21T19:00:05+00:00","article_modified_time":"2025-07-21T19:00:06+00:00","og_image":[{"width":780,"height":439,"url":"https:\/\/jornalfatosenoticias.com.br\/wp-content\/uploads\/2025\/07\/cidade-amazonica-de-3-mil-anos.jpg","type":"image\/jpeg"}],"author":"Luzimara Fernandes","twitter_card":"summary_large_image","twitter_misc":{"Escrito por":"Luzimara Fernandes","Est. tempo de leitura":"2 minutos"},"schema":{"@context":"https:\/\/schema.org","@graph":[{"@type":"Article","@id":"https:\/\/jornalfatosenoticias.com.br\/index.php\/2025\/07\/21\/arqueologos-descobrem-cidade-amazonica-com-mais-de-3-000-anos\/#article","isPartOf":{"@id":"https:\/\/jornalfatosenoticias.com.br\/index.php\/2025\/07\/21\/arqueologos-descobrem-cidade-amazonica-com-mais-de-3-000-anos\/"},"author":{"name":"Luzimara Fernandes","@id":"https:\/\/jornalfatosenoticias.com.br\/#\/schema\/person\/d63837fa13ac8666eb9e74e0985d6f81"},"headline":"Arque\u00f3logos descobrem cidade amaz\u00f4nica com mais de 3.000 anos","datePublished":"2025-07-21T19:00:05+00:00","dateModified":"2025-07-21T19:00:06+00:00","mainEntityOfPage":{"@id":"https:\/\/jornalfatosenoticias.com.br\/index.php\/2025\/07\/21\/arqueologos-descobrem-cidade-amazonica-com-mais-de-3-000-anos\/"},"wordCount":452,"commentCount":0,"publisher":{"@id":"https:\/\/jornalfatosenoticias.com.br\/#organization"},"image":{"@id":"https:\/\/jornalfatosenoticias.com.br\/index.php\/2025\/07\/21\/arqueologos-descobrem-cidade-amazonica-com-mais-de-3-000-anos\/#primaryimage"},"thumbnailUrl":"https:\/\/jornalfatosenoticias.com.br\/wp-content\/uploads\/2025\/07\/cidade-amazonica-de-3-mil-anos.jpg","keywords":["amaz\u00f4nia","arqueologia","Pe\u00f1ico","Peru","s\u00edtio arqueol\u00f3gico"],"articleSection":["Paleo &amp; Arqueologia"],"inLanguage":"pt-BR","potentialAction":[{"@type":"CommentAction","name":"Comment","target":["https:\/\/jornalfatosenoticias.com.br\/index.php\/2025\/07\/21\/arqueologos-descobrem-cidade-amazonica-com-mais-de-3-000-anos\/#respond"]}]},{"@type":"WebPage","@id":"https:\/\/jornalfatosenoticias.com.br\/index.php\/2025\/07\/21\/arqueologos-descobrem-cidade-amazonica-com-mais-de-3-000-anos\/","url":"https:\/\/jornalfatosenoticias.com.br\/index.php\/2025\/07\/21\/arqueologos-descobrem-cidade-amazonica-com-mais-de-3-000-anos\/","name":"Arque\u00f3logos descobrem cidade amaz\u00f4nica com mais de 3.000 anos - Jornal Fatos e Not\u00edcias","isPartOf":{"@id":"https:\/\/jornalfatosenoticias.com.br\/#website"},"primaryImageOfPage":{"@id":"https:\/\/jornalfatosenoticias.com.br\/index.php\/2025\/07\/21\/arqueologos-descobrem-cidade-amazonica-com-mais-de-3-000-anos\/#primaryimage"},"image":{"@id":"https:\/\/jornalfatosenoticias.com.br\/index.php\/2025\/07\/21\/arqueologos-descobrem-cidade-amazonica-com-mais-de-3-000-anos\/#primaryimage"},"thumbnailUrl":"https:\/\/jornalfatosenoticias.com.br\/wp-content\/uploads\/2025\/07\/cidade-amazonica-de-3-mil-anos.jpg","datePublished":"2025-07-21T19:00:05+00:00","dateModified":"2025-07-21T19:00:06+00:00","breadcrumb":{"@id":"https:\/\/jornalfatosenoticias.com.br\/index.php\/2025\/07\/21\/arqueologos-descobrem-cidade-amazonica-com-mais-de-3-000-anos\/#breadcrumb"},"inLanguage":"pt-BR","potentialAction":[{"@type":"ReadAction","target":["https:\/\/jornalfatosenoticias.com.br\/index.php\/2025\/07\/21\/arqueologos-descobrem-cidade-amazonica-com-mais-de-3-000-anos\/"]}]},{"@type":"ImageObject","inLanguage":"pt-BR","@id":"https:\/\/jornalfatosenoticias.com.br\/index.php\/2025\/07\/21\/arqueologos-descobrem-cidade-amazonica-com-mais-de-3-000-anos\/#primaryimage","url":"https:\/\/jornalfatosenoticias.com.br\/wp-content\/uploads\/2025\/07\/cidade-amazonica-de-3-mil-anos.jpg","contentUrl":"https:\/\/jornalfatosenoticias.com.br\/wp-content\/uploads\/2025\/07\/cidade-amazonica-de-3-mil-anos.jpg","width":780,"height":439},{"@type":"BreadcrumbList","@id":"https:\/\/jornalfatosenoticias.com.br\/index.php\/2025\/07\/21\/arqueologos-descobrem-cidade-amazonica-com-mais-de-3-000-anos\/#breadcrumb","itemListElement":[{"@type":"ListItem","position":1,"name":"In\u00edcio","item":"https:\/\/jornalfatosenoticias.com.br\/"},{"@type":"ListItem","position":2,"name":"Arque\u00f3logos descobrem cidade amaz\u00f4nica com mais de 3.000 anos"}]},{"@type":"WebSite","@id":"https:\/\/jornalfatosenoticias.com.br\/#website","url":"https:\/\/jornalfatosenoticias.com.br\/","name":"Jornal Fatos e Not\u00edcias","description":"Not\u00edcias em geral","publisher":{"@id":"https:\/\/jornalfatosenoticias.com.br\/#organization"},"potentialAction":[{"@type":"SearchAction","target":{"@type":"EntryPoint","urlTemplate":"https:\/\/jornalfatosenoticias.com.br\/?s={search_term_string}"},"query-input":{"@type":"PropertyValueSpecification","valueRequired":true,"valueName":"search_term_string"}}],"inLanguage":"pt-BR"},{"@type":"Organization","@id":"https:\/\/jornalfatosenoticias.com.br\/#organization","name":"Jornal Fatos e Not\u00edcias","url":"https:\/\/jornalfatosenoticias.com.br\/","logo":{"@type":"ImageObject","inLanguage":"pt-BR","@id":"https:\/\/jornalfatosenoticias.com.br\/#\/schema\/logo\/image\/","url":"https:\/\/jornalfatosenoticias.com.br\/wp-content\/uploads\/2020\/02\/logo120.png","contentUrl":"https:\/\/jornalfatosenoticias.com.br\/wp-content\/uploads\/2020\/02\/logo120.png","width":1227,"height":120,"caption":"Jornal Fatos e Not\u00edcias"},"image":{"@id":"https:\/\/jornalfatosenoticias.com.br\/#\/schema\/logo\/image\/"}},{"@type":"Person","@id":"https:\/\/jornalfatosenoticias.com.br\/#\/schema\/person\/d63837fa13ac8666eb9e74e0985d6f81","name":"Luzimara Fernandes","image":{"@type":"ImageObject","inLanguage":"pt-BR","@id":"https:\/\/jornalfatosenoticias.com.br\/#\/schema\/person\/image\/","url":"https:\/\/jornalfatosenoticias.com.br\/wp-content\/uploads\/2025\/05\/EU_portal.jpg","contentUrl":"https:\/\/jornalfatosenoticias.com.br\/wp-content\/uploads\/2025\/05\/EU_portal.jpg","caption":"Luzimara Fernandes"},"description":"Jornalista MTB 2358-ES","sameAs":["https:\/\/jornalfatosenoticias.com.br"],"url":"https:\/\/jornalfatosenoticias.com.br\/index.php\/author\/luzimara\/"}]}},"cc_featured_image_caption":{"caption_text":"(Foto: Minist\u00e9rio da Cultura do Peru\/Reprodu\u00e7\u00e3o) ","source_text":"","source_url":""},"jetpack_featured_media_url":"https:\/\/jornalfatosenoticias.com.br\/wp-content\/uploads\/2025\/07\/cidade-amazonica-de-3-mil-anos.jpg","_links":{"self":[{"href":"https:\/\/jornalfatosenoticias.com.br\/index.php\/wp-json\/wp\/v2\/posts\/60694","targetHints":{"allow":["GET"]}}],"collection":[{"href":"https:\/\/jornalfatosenoticias.com.br\/index.php\/wp-json\/wp\/v2\/posts"}],"about":[{"href":"https:\/\/jornalfatosenoticias.com.br\/index.php\/wp-json\/wp\/v2\/types\/post"}],"author":[{"embeddable":true,"href":"https:\/\/jornalfatosenoticias.com.br\/index.php\/wp-json\/wp\/v2\/users\/2"}],"replies":[{"embeddable":true,"href":"https:\/\/jornalfatosenoticias.com.br\/index.php\/wp-json\/wp\/v2\/comments?post=60694"}],"version-history":[{"count":0,"href":"https:\/\/jornalfatosenoticias.com.br\/index.php\/wp-json\/wp\/v2\/posts\/60694\/revisions"}],"wp:featuredmedia":[{"embeddable":true,"href":"https:\/\/jornalfatosenoticias.com.br\/index.php\/wp-json\/wp\/v2\/media\/60695"}],"wp:attachment":[{"href":"https:\/\/jornalfatosenoticias.com.br\/index.php\/wp-json\/wp\/v2\/media?parent=60694"}],"wp:term":[{"taxonomy":"category","embeddable":true,"href":"https:\/\/jornalfatosenoticias.com.br\/index.php\/wp-json\/wp\/v2\/categories?post=60694"},{"taxonomy":"post_tag","embeddable":true,"href":"https:\/\/jornalfatosenoticias.com.br\/index.php\/wp-json\/wp\/v2\/tags?post=60694"}],"curies":[{"name":"wp","href":"https:\/\/api.w.org\/{rel}","templated":true}]}}