{"id":60697,"date":"2025-07-22T10:58:04","date_gmt":"2025-07-22T13:58:04","guid":{"rendered":"https:\/\/jornalfatosenoticias.com.br\/?p=60697"},"modified":"2025-07-22T10:58:06","modified_gmt":"2025-07-22T13:58:06","slug":"fux-diverge-de-moraes-e-vota-contra-restricoes-impostas-a-bolsonaro","status":"publish","type":"post","link":"https:\/\/jornalfatosenoticias.com.br\/index.php\/2025\/07\/22\/fux-diverge-de-moraes-e-vota-contra-restricoes-impostas-a-bolsonaro\/","title":{"rendered":"Fux diverge de Moraes e vota contra restri\u00e7\u00f5es impostas a Bolsonaro"},"content":{"rendered":"\n<p><em><span class=\"has-inline-color has-black-color\">Fux foi o \u00fanico ministro da Primeira Turma a discordar de Moraes<\/span><\/em><\/p>\n\n\n\n<p><span class=\"has-inline-color has-black-color\">Por <strong><a href=\"https:\/\/www.gazetadopovo.com.br\/autor\/camila-abrao\/\">Camila Abr\u00e3o<\/a><\/strong> e <strong><a href=\"https:\/\/www.gazetadopovo.com.br\/autor\/renan-ramalho\/\">Renan Ramalho<\/a><\/strong><\/span><\/p>\n\n\n\n<div class=\"wp-block-image\"><figure class=\"aligncenter size-large\"><a href=\"https:\/\/mizu.com.br\/\"><img loading=\"lazy\" decoding=\"async\" width=\"729\" height=\"90\" src=\"https:\/\/jornalfatosenoticias.com.br\/wp-content\/uploads\/2020\/02\/Logo_Mizu.png\" alt=\"\" class=\"wp-image-1441\" srcset=\"https:\/\/jornalfatosenoticias.com.br\/wp-content\/uploads\/2020\/02\/Logo_Mizu.png 729w, https:\/\/jornalfatosenoticias.com.br\/wp-content\/uploads\/2020\/02\/Logo_Mizu-300x37.png 300w\" sizes=\"auto, (max-width: 729px) 100vw, 729px\" \/><\/a><\/figure><\/div>\n\n\n\n<p>O ministro Luiz Fux, do Supremo Tribunal Federal (STF), divergiu na noite desta segunda-feira (21) do ministro Alexandre de Moraes e votou contra as <a href=\"https:\/\/www.gazetadopovo.com.br\/republica\/bolsonaro-alvo-operacao-pf-brasilia\/\" target=\"_blank\" rel=\"noreferrer noopener\">medidas cautelares<\/a> impostas ao ex-presidente Jair Bolsonaro (PL). Ele destacou que a Pol\u00edcia Federal e a Procuradoria-Geral da Rep\u00fablica (PGR) n\u00e3o apresentaram novas provas que justifiquem as restri\u00e7\u00f5es aplicadas e entendeu que as acusa\u00e7\u00f5es baseiam-se apenas no argumento de &#8220;poss\u00edvel pr\u00e1tica de il\u00edcitos&#8221;.<br>Apesar do voto de Fux, a <a href=\"https:\/\/www.gazetadopovo.com.br\/republica\/stf-operacao-pf-medidas-contra-bolsonaro\/\" target=\"_blank\" rel=\"noreferrer noopener\">Primeira Turma do STF<\/a> validou a ordem de Moraes contra Bolsonaro por 4 votos a 1. Os ministros Cristiano Zanin, C\u00e1rmen L\u00facia e Fl\u00e1vio Dino acompanharam o entendimento do relator. Com isso, o ex-presidente deve cumprir as determina\u00e7\u00f5es, sob risco de pris\u00e3o imediata. Fux ressaltou que \u201cas medidas de coer\u00e7\u00e3o e de restri\u00e7\u00e3o devem obedecer ao princ\u00edpio da proporcionalidade\u201d, destacando que o ex-mandat\u00e1rio tem \u201cdomic\u00edlio certo e passaporte retido\u201d registrados na a\u00e7\u00e3o penal sobre a suposta tentativa de golpe de Estado em 2022, na qual \u00e9 r\u00e9u.<\/p>\n\n\n\n<div class=\"wp-block-image\"><figure class=\"aligncenter size-large is-resized\"><a href=\"https:\/\/www.facebook.com\/postobkr\/?locale=pt_BR\"><img loading=\"lazy\" decoding=\"async\" src=\"https:\/\/jornalfatosenoticias.com.br\/wp-content\/uploads\/2023\/08\/BKR-1024x1021.jpg\" alt=\"\" class=\"wp-image-44494\" width=\"294\" height=\"293\" srcset=\"https:\/\/jornalfatosenoticias.com.br\/wp-content\/uploads\/2023\/08\/BKR-1024x1021.jpg 1024w, https:\/\/jornalfatosenoticias.com.br\/wp-content\/uploads\/2023\/08\/BKR-300x300.jpg 300w, https:\/\/jornalfatosenoticias.com.br\/wp-content\/uploads\/2023\/08\/BKR-150x150.jpg 150w, https:\/\/jornalfatosenoticias.com.br\/wp-content\/uploads\/2023\/08\/BKR-768x766.jpg 768w, https:\/\/jornalfatosenoticias.com.br\/wp-content\/uploads\/2023\/08\/BKR.jpg 1080w\" sizes=\"auto, (max-width: 294px) 100vw, 294px\" \/><\/a><\/figure><\/div>\n\n\n\n<p>No \u00faltimo dia 18, Moraes determinou a Bolsonaro o uso de tornozeleira eletr\u00f4nica; recolhimento domiciliar entre 19h e 6h e nos finais de semana; proibi\u00e7\u00e3o do uso de redes sociais e veicula\u00e7\u00e3o de entrevistas; proibi\u00e7\u00e3o de se comunicar com embaixadores estrangeiros e de se aproximar de embaixadas; proibi\u00e7\u00e3o de se comunicar com outros investigados, inclusive com o pr\u00f3prio filho, o deputado licenciado Eduardo Bolsonaro (PL-SP).<\/p>\n\n\n\n<div class=\"wp-block-image\"><figure class=\"aligncenter size-large is-resized\"><a href=\"https:\/\/www.instagram.com\/restaurantepegoretti\/\"><img loading=\"lazy\" decoding=\"async\" src=\"https:\/\/jornalfatosenoticias.com.br\/wp-content\/uploads\/2023\/12\/pegoretti-logo-pdf-1024x389.jpg\" alt=\"\" class=\"wp-image-47536\" width=\"464\" height=\"176\" srcset=\"https:\/\/jornalfatosenoticias.com.br\/wp-content\/uploads\/2023\/12\/pegoretti-logo-pdf-1024x389.jpg 1024w, https:\/\/jornalfatosenoticias.com.br\/wp-content\/uploads\/2023\/12\/pegoretti-logo-pdf-300x114.jpg 300w, https:\/\/jornalfatosenoticias.com.br\/wp-content\/uploads\/2023\/12\/pegoretti-logo-pdf-768x291.jpg 768w, https:\/\/jornalfatosenoticias.com.br\/wp-content\/uploads\/2023\/12\/pegoretti-logo-pdf.jpg 1120w\" sizes=\"auto, (max-width: 464px) 100vw, 464px\" \/><\/a><\/figure><\/div>\n\n\n\n<p>\u201cDeveras, mesmo para a imposi\u00e7\u00e3o de cautelares penais diversas da pris\u00e3o, \u00e9 indispens\u00e1vel a demonstra\u00e7\u00e3o concreta da necessidade da medida para a aplica\u00e7\u00e3o da lei penal e sua consequente adequa\u00e7\u00e3o aos fins pretendidos\u201d, escreveu Fux. Ele afirmou que parte das medidas cautelares consistem no \u201cimpedimento pr\u00e9vio e abstrato de utiliza\u00e7\u00e3o dos meios de comunica\u00e7\u00e3o\u201d, o que \u201cconfronta-se com a cl\u00e1usula p\u00e9trea da liberdade de express\u00e3o\u201d.<\/p>\n\n\n\n<div class=\"wp-block-image\"><figure class=\"aligncenter size-large\"><a href=\"http:\/\/www.ferrarimaquinas.com.br\/\"><img loading=\"lazy\" decoding=\"async\" width=\"300\" height=\"250\" src=\"https:\/\/jornalfatosenoticias.com.br\/wp-content\/uploads\/2022\/02\/FERRARI_MAQUINAS-E-FERRAMENTAS2.jpg\" alt=\"\" class=\"wp-image-27860\"\/><\/a><\/figure><\/div>\n\n\n\n<p>Para Fux, a amplitude das medidas determinadas por Moraes \u201crestringe desproporcionalmente direitos fundamentais, como a liberdade de ir e vir e a liberdade de express\u00e3o e comunica\u00e7\u00e3o, sem que tenha havido a demonstra\u00e7\u00e3o contempor\u00e2nea, concreta e individualizada dos requisitos que legalmente autorizariam a imposi\u00e7\u00e3o dessas cautelares\u201d.<\/p>\n\n\n\n<div class=\"wp-block-image\"><figure class=\"aligncenter size-large is-resized\"><a href=\"https:\/\/www.instagram.com\/gruposei\/\"><img loading=\"lazy\" decoding=\"async\" src=\"https:\/\/jornalfatosenoticias.com.br\/wp-content\/uploads\/2022\/07\/Logo-Grupo-SEI.jpg\" alt=\"\" class=\"wp-image-31973\" width=\"417\" height=\"219\" srcset=\"https:\/\/jornalfatosenoticias.com.br\/wp-content\/uploads\/2022\/07\/Logo-Grupo-SEI.jpg 713w, https:\/\/jornalfatosenoticias.com.br\/wp-content\/uploads\/2022\/07\/Logo-Grupo-SEI-300x158.jpg 300w\" sizes=\"auto, (max-width: 417px) 100vw, 417px\" \/><\/a><\/figure><\/div>\n\n\n\n<p>Eduardo \u00e9 investigado por articular san\u00e7\u00f5es do governo dos Estados Unidos contra autoridades brasileiras. No in\u00edcio de julho, o presidente americano, Donald Trump, anunciou a taxa\u00e7\u00e3o de 50% sobre produtos brasileiros. Al\u00e9m de apontar raz\u00f5es comerciais, o republicano tamb\u00e9m criticou o julgamento do STF contra Bolsonaro e as decis\u00f5es de Moraes contra plataformas digitais.<\/p>\n\n\n\n<div class=\"wp-block-image\"><figure class=\"aligncenter size-large is-resized\"><a href=\"https:\/\/www.controlsystems.com.br\/\"><img loading=\"lazy\" decoding=\"async\" src=\"https:\/\/jornalfatosenoticias.com.br\/wp-content\/uploads\/2020\/02\/CONTROL-CS.jpg\" alt=\"\" class=\"wp-image-44991\" width=\"281\" height=\"336\" srcset=\"https:\/\/jornalfatosenoticias.com.br\/wp-content\/uploads\/2020\/02\/CONTROL-CS.jpg 834w, https:\/\/jornalfatosenoticias.com.br\/wp-content\/uploads\/2020\/02\/CONTROL-CS-250x300.jpg 250w, https:\/\/jornalfatosenoticias.com.br\/wp-content\/uploads\/2020\/02\/CONTROL-CS-768x921.jpg 768w\" sizes=\"auto, (max-width: 281px) 100vw, 281px\" \/><\/a><\/figure><\/div>\n\n\n\n<p>Em meio ao impasse, a PF e a PGR defenderam a aplica\u00e7\u00e3o das restri\u00e7\u00f5es contra o ex-presidente. Na decis\u00e3o, Moraes afirmou que Eduardo e Bolsonaro tentam &#8220;submeter o funcionamento do Supremo Tribunal Federal ao crivo de outro Estado estrangeiro, por meio de atos hostis derivados de negocia\u00e7\u00f5es esp\u00farias e criminosas com patente obstru\u00e7\u00e3o \u00e0 Justi\u00e7a e clara finalidade de coagir essa Corte no julgamento&#8221; sobre o suposto plano de golpe.<\/p>\n\n\n\n<div class=\"wp-block-image\"><figure class=\"aligncenter size-large is-resized\"><a href=\"https:\/\/panper.com.br\/\"><img loading=\"lazy\" decoding=\"async\" src=\"https:\/\/jornalfatosenoticias.com.br\/wp-content\/uploads\/2023\/03\/logo-Panper_portal.jpg\" alt=\"\" class=\"wp-image-40208\" width=\"310\" height=\"215\" srcset=\"https:\/\/jornalfatosenoticias.com.br\/wp-content\/uploads\/2023\/03\/logo-Panper_portal.jpg 400w, https:\/\/jornalfatosenoticias.com.br\/wp-content\/uploads\/2023\/03\/logo-Panper_portal-300x208.jpg 300w\" sizes=\"auto, (max-width: 310px) 100vw, 310px\" \/><\/a><\/figure><\/div>\n\n\n\n<p><span class=\"has-inline-color has-black-color\"><strong>Fux rebate argumentos de Moraes sobre tarifa\u00e7o e amea\u00e7a ao STF<br><\/strong><\/span>O magistrado cita que o \u201cfundamento nuclear\u201d da ordem de Moraes \u00e9 a alega\u00e7\u00e3o de que o STF e seus integrantes \u201cpoderiam ser pass\u00edveis de influ\u00eancia por amea\u00e7as de alhures\u201d. Fux destacou que, apesar do entendimento do colega, a Corte \u201ctem demonstrado de forma inequ\u00edvoca a sua independ\u00eancia e a sua impermeabilidade \u00e0s press\u00f5es dos setores que manifestam desagrado com as suas decis\u00f5es\u201d.<\/p>\n\n\n\n<div class=\"wp-block-image\"><figure class=\"aligncenter size-large is-resized\"><a href=\"https:\/\/www.instagram.com\/serra4x4cambioautomatico\/\"><img loading=\"lazy\" decoding=\"async\" src=\"https:\/\/jornalfatosenoticias.com.br\/wp-content\/uploads\/2024\/08\/Serra-4x4-1-886x1024.jpg\" alt=\"\" class=\"wp-image-53632\" width=\"231\" height=\"267\" srcset=\"https:\/\/jornalfatosenoticias.com.br\/wp-content\/uploads\/2024\/08\/Serra-4x4-1-886x1024.jpg 886w, https:\/\/jornalfatosenoticias.com.br\/wp-content\/uploads\/2024\/08\/Serra-4x4-1-260x300.jpg 260w, https:\/\/jornalfatosenoticias.com.br\/wp-content\/uploads\/2024\/08\/Serra-4x4-1-768x888.jpg 768w, https:\/\/jornalfatosenoticias.com.br\/wp-content\/uploads\/2024\/08\/Serra-4x4-1.jpg 1181w\" sizes=\"auto, (max-width: 231px) 100vw, 231px\" \/><\/a><\/figure><\/div>\n\n\n\n<p>Fux refor\u00e7ou que as quest\u00f5es econ\u00f4micas apontadas pela PF no pedido contra o ex-presidente devem ser solucionadas no \u00e2mbito pol\u00edtico e diplom\u00e1tico. No pedido enviado a Moraes, a PF alega que Eduardo e Bolsonaro buscam \u201ccriar entraves econ\u00f4micos nas rela\u00e7\u00f5es comerciais\u201d entre os Estados Unidos e o Brasil para impedir o prosseguimento da a\u00e7\u00e3o penal do golpe. &#8220;Tais quest\u00f5es econ\u00f4micas devem ser resolvidas nos \u00e2mbitos pol\u00edticos e diplom\u00e1ticos pr\u00f3prios, como vem procedendo Sua Excel\u00eancia o Presidente da Rep\u00fablica, coadjuvado pelo Congresso Nacional&#8221;, disse Fux.<\/p>\n\n\n\n<div class=\"wp-block-image\"><figure class=\"aligncenter size-large\"><a href=\"https:\/\/www.cesconetto.com.br\/\"><img loading=\"lazy\" decoding=\"async\" width=\"300\" height=\"250\" src=\"https:\/\/jornalfatosenoticias.com.br\/wp-content\/uploads\/2020\/02\/Banner-2.png\" alt=\"\" class=\"wp-image-43787\"\/><\/a><\/figure><\/div>\n\n\n\n<p><strong><span class=\"has-inline-color has-black-color\">Ministro cita precedentes do pr\u00f3prio STF para defender liberdade de express\u00e3o<br><\/span><\/strong>No voto, Fux se colocou contr\u00e1rio \u00e0 proibi\u00e7\u00e3o imposta a Bolsonaro de se manifestar nas redes e na imprensa citando precedentes do ministro aposentado Celso de Mello. \u201cO exerc\u00edcio da jurisdi\u00e7\u00e3o cautelar por magistrados e Tribunais n\u00e3o pode converter-se em pr\u00e1tica judicial inibit\u00f3ria, [\u2026] da liberdade constitucional de express\u00e3o e de comunica\u00e7\u00e3o, sob pena de o poder geral de cautela atribu\u00eddo ao Judici\u00e1rio transformar-se, inconstitucionalmente, em inadmiss\u00edvel censura estatal\u201d \u2014 o trecho \u00e9 de uma decis\u00e3o de 2015, de Celso de Mello, reproduzida por Fux no voto.<\/p>\n\n\n\n<div class=\"wp-block-image\"><figure class=\"aligncenter size-large is-resized\"><a href=\"https:\/\/www.instagram.com\/rcradiadores\/\"><img loading=\"lazy\" decoding=\"async\" src=\"https:\/\/jornalfatosenoticias.com.br\/wp-content\/uploads\/2022\/10\/RC_800x750_page-0001.jpg\" alt=\"\" class=\"wp-image-35338\" width=\"251\" height=\"235\" srcset=\"https:\/\/jornalfatosenoticias.com.br\/wp-content\/uploads\/2022\/10\/RC_800x750_page-0001.jpg 400w, https:\/\/jornalfatosenoticias.com.br\/wp-content\/uploads\/2022\/10\/RC_800x750_page-0001-300x281.jpg 300w\" sizes=\"auto, (max-width: 251px) 100vw, 251px\" \/><\/a><\/figure><\/div>\n\n\n\n<p>\u201cA liberdade de manifesta\u00e7\u00e3o do pensamento, que representa um dos fundamentos em que se apoia a pr\u00f3pria no\u00e7\u00e3o de Estado Democr\u00e1tico de Direito, n\u00e3o pode ser restringida, ainda que em sede jurisdicional, pela pr\u00e1tica da censura estatal, sempre ileg\u00edtima e impregnada de car\u00e1ter proteiforme\u201d, diz outra decis\u00e3o de Celso de Mello citada por Fux.<\/p>\n\n\n\n<div class=\"wp-block-image\"><figure class=\"aligncenter size-large is-resized\"><a href=\"https:\/\/www.facebook.com\/vetor.vix\/\"><img loading=\"lazy\" decoding=\"async\" src=\"https:\/\/jornalfatosenoticias.com.br\/wp-content\/uploads\/2023\/09\/vetorvix1024_1.jpg\" alt=\"\" class=\"wp-image-44868\" width=\"558\" height=\"148\" srcset=\"https:\/\/jornalfatosenoticias.com.br\/wp-content\/uploads\/2023\/09\/vetorvix1024_1.jpg 1024w, https:\/\/jornalfatosenoticias.com.br\/wp-content\/uploads\/2023\/09\/vetorvix1024_1-300x80.jpg 300w, https:\/\/jornalfatosenoticias.com.br\/wp-content\/uploads\/2023\/09\/vetorvix1024_1-768x205.jpg 768w\" sizes=\"auto, (max-width: 558px) 100vw, 558px\" \/><\/a><\/figure><\/div>\n\n\n\n<p><strong>Fonte: <a href=\"https:\/\/www.gazetadopovo.com.br\/republica\/fux-diverge-de-moraes-e-vota-contra-restricoes-impostas-a-bolsonaro\/\">Gazeta do Povo<\/a><\/strong><\/p>\n","protected":false},"excerpt":{"rendered":"<p>Fux foi o \u00fanico ministro da Primeira Turma a discordar de Moraes Por Camila Abr\u00e3o e Renan Ramalho O ministro Luiz Fux, do Supremo Tribunal Federal (STF), divergiu na noite desta segunda-feira (21) do ministro Alexandre de Moraes e votou contra as medidas cautelares impostas ao ex-presidente Jair Bolsonaro (PL). Ele destacou que a Pol\u00edcia [&hellip;]<\/p>\n","protected":false},"author":2,"featured_media":60698,"comment_status":"open","ping_status":"open","sticky":false,"template":"","format":"standard","meta":{"footnotes":""},"categories":[5],"tags":[13889,2149,1244,1795,26069,7580,294],"class_list":["post-60697","post","type-post","status-publish","format-standard","has-post-thumbnail","hentry","category-geral","tag-alexandre-de-moraes","tag-censura","tag-ditadura","tag-jair-bolsonaro","tag-luiz-fux","tag-lula","tag-stf"],"yoast_head":"<!-- This site is optimized with the Yoast SEO plugin v26.5 - https:\/\/yoast.com\/wordpress\/plugins\/seo\/ -->\n<title>Fux diverge de Moraes e vota contra restri\u00e7\u00f5es impostas a Bolsonaro - Jornal Fatos e Not\u00edcias<\/title>\n<meta name=\"robots\" content=\"index, follow, max-snippet:-1, max-image-preview:large, max-video-preview:-1\" \/>\n<link rel=\"canonical\" href=\"https:\/\/jornalfatosenoticias.com.br\/index.php\/2025\/07\/22\/fux-diverge-de-moraes-e-vota-contra-restricoes-impostas-a-bolsonaro\/\" \/>\n<meta property=\"og:locale\" content=\"pt_BR\" \/>\n<meta property=\"og:type\" content=\"article\" \/>\n<meta property=\"og:title\" content=\"Fux diverge de Moraes e vota contra restri\u00e7\u00f5es impostas a Bolsonaro - Jornal Fatos e Not\u00edcias\" \/>\n<meta property=\"og:description\" content=\"Fux foi o \u00fanico ministro da Primeira Turma a discordar de Moraes Por Camila Abr\u00e3o e Renan Ramalho O ministro Luiz Fux, do Supremo Tribunal Federal (STF), divergiu na noite desta segunda-feira (21) do ministro Alexandre de Moraes e votou contra as medidas cautelares impostas ao ex-presidente Jair Bolsonaro (PL). Ele destacou que a Pol\u00edcia [&hellip;]\" \/>\n<meta property=\"og:url\" content=\"https:\/\/jornalfatosenoticias.com.br\/index.php\/2025\/07\/22\/fux-diverge-de-moraes-e-vota-contra-restricoes-impostas-a-bolsonaro\/\" \/>\n<meta property=\"og:site_name\" content=\"Jornal Fatos e Not\u00edcias\" \/>\n<meta property=\"article:published_time\" content=\"2025-07-22T13:58:04+00:00\" \/>\n<meta property=\"article:modified_time\" content=\"2025-07-22T13:58:06+00:00\" \/>\n<meta property=\"og:image\" content=\"https:\/\/jornalfatosenoticias.com.br\/wp-content\/uploads\/2025\/07\/luiz-fux.jpg\" \/>\n\t<meta property=\"og:image:width\" content=\"1000\" \/>\n\t<meta property=\"og:image:height\" content=\"666\" \/>\n\t<meta property=\"og:image:type\" content=\"image\/jpeg\" \/>\n<meta name=\"author\" content=\"Luzimara Fernandes\" \/>\n<meta name=\"twitter:card\" content=\"summary_large_image\" \/>\n<meta name=\"twitter:label1\" content=\"Escrito por\" \/>\n\t<meta name=\"twitter:data1\" content=\"Luzimara Fernandes\" \/>\n\t<meta name=\"twitter:label2\" content=\"Est. tempo de leitura\" \/>\n\t<meta name=\"twitter:data2\" content=\"4 minutos\" \/>\n<script type=\"application\/ld+json\" class=\"yoast-schema-graph\">{\"@context\":\"https:\/\/schema.org\",\"@graph\":[{\"@type\":\"Article\",\"@id\":\"https:\/\/jornalfatosenoticias.com.br\/index.php\/2025\/07\/22\/fux-diverge-de-moraes-e-vota-contra-restricoes-impostas-a-bolsonaro\/#article\",\"isPartOf\":{\"@id\":\"https:\/\/jornalfatosenoticias.com.br\/index.php\/2025\/07\/22\/fux-diverge-de-moraes-e-vota-contra-restricoes-impostas-a-bolsonaro\/\"},\"author\":{\"name\":\"Luzimara Fernandes\",\"@id\":\"https:\/\/jornalfatosenoticias.com.br\/#\/schema\/person\/d63837fa13ac8666eb9e74e0985d6f81\"},\"headline\":\"Fux diverge de Moraes e vota contra restri\u00e7\u00f5es impostas a Bolsonaro\",\"datePublished\":\"2025-07-22T13:58:04+00:00\",\"dateModified\":\"2025-07-22T13:58:06+00:00\",\"mainEntityOfPage\":{\"@id\":\"https:\/\/jornalfatosenoticias.com.br\/index.php\/2025\/07\/22\/fux-diverge-de-moraes-e-vota-contra-restricoes-impostas-a-bolsonaro\/\"},\"wordCount\":895,\"commentCount\":0,\"publisher\":{\"@id\":\"https:\/\/jornalfatosenoticias.com.br\/#organization\"},\"image\":{\"@id\":\"https:\/\/jornalfatosenoticias.com.br\/index.php\/2025\/07\/22\/fux-diverge-de-moraes-e-vota-contra-restricoes-impostas-a-bolsonaro\/#primaryimage\"},\"thumbnailUrl\":\"https:\/\/jornalfatosenoticias.com.br\/wp-content\/uploads\/2025\/07\/luiz-fux.jpg\",\"keywords\":[\"Alexandre de Moraes\",\"censura\",\"ditadura\",\"Jair Bolsonaro\",\"Luiz Fux\",\"Lula\",\"STF\"],\"articleSection\":[\"Geral\"],\"inLanguage\":\"pt-BR\",\"potentialAction\":[{\"@type\":\"CommentAction\",\"name\":\"Comment\",\"target\":[\"https:\/\/jornalfatosenoticias.com.br\/index.php\/2025\/07\/22\/fux-diverge-de-moraes-e-vota-contra-restricoes-impostas-a-bolsonaro\/#respond\"]}]},{\"@type\":\"WebPage\",\"@id\":\"https:\/\/jornalfatosenoticias.com.br\/index.php\/2025\/07\/22\/fux-diverge-de-moraes-e-vota-contra-restricoes-impostas-a-bolsonaro\/\",\"url\":\"https:\/\/jornalfatosenoticias.com.br\/index.php\/2025\/07\/22\/fux-diverge-de-moraes-e-vota-contra-restricoes-impostas-a-bolsonaro\/\",\"name\":\"Fux diverge de Moraes e vota contra restri\u00e7\u00f5es impostas a Bolsonaro - Jornal Fatos e Not\u00edcias\",\"isPartOf\":{\"@id\":\"https:\/\/jornalfatosenoticias.com.br\/#website\"},\"primaryImageOfPage\":{\"@id\":\"https:\/\/jornalfatosenoticias.com.br\/index.php\/2025\/07\/22\/fux-diverge-de-moraes-e-vota-contra-restricoes-impostas-a-bolsonaro\/#primaryimage\"},\"image\":{\"@id\":\"https:\/\/jornalfatosenoticias.com.br\/index.php\/2025\/07\/22\/fux-diverge-de-moraes-e-vota-contra-restricoes-impostas-a-bolsonaro\/#primaryimage\"},\"thumbnailUrl\":\"https:\/\/jornalfatosenoticias.com.br\/wp-content\/uploads\/2025\/07\/luiz-fux.jpg\",\"datePublished\":\"2025-07-22T13:58:04+00:00\",\"dateModified\":\"2025-07-22T13:58:06+00:00\",\"breadcrumb\":{\"@id\":\"https:\/\/jornalfatosenoticias.com.br\/index.php\/2025\/07\/22\/fux-diverge-de-moraes-e-vota-contra-restricoes-impostas-a-bolsonaro\/#breadcrumb\"},\"inLanguage\":\"pt-BR\",\"potentialAction\":[{\"@type\":\"ReadAction\",\"target\":[\"https:\/\/jornalfatosenoticias.com.br\/index.php\/2025\/07\/22\/fux-diverge-de-moraes-e-vota-contra-restricoes-impostas-a-bolsonaro\/\"]}]},{\"@type\":\"ImageObject\",\"inLanguage\":\"pt-BR\",\"@id\":\"https:\/\/jornalfatosenoticias.com.br\/index.php\/2025\/07\/22\/fux-diverge-de-moraes-e-vota-contra-restricoes-impostas-a-bolsonaro\/#primaryimage\",\"url\":\"https:\/\/jornalfatosenoticias.com.br\/wp-content\/uploads\/2025\/07\/luiz-fux.jpg\",\"contentUrl\":\"https:\/\/jornalfatosenoticias.com.br\/wp-content\/uploads\/2025\/07\/luiz-fux.jpg\",\"width\":1000,\"height\":666},{\"@type\":\"BreadcrumbList\",\"@id\":\"https:\/\/jornalfatosenoticias.com.br\/index.php\/2025\/07\/22\/fux-diverge-de-moraes-e-vota-contra-restricoes-impostas-a-bolsonaro\/#breadcrumb\",\"itemListElement\":[{\"@type\":\"ListItem\",\"position\":1,\"name\":\"In\u00edcio\",\"item\":\"https:\/\/jornalfatosenoticias.com.br\/\"},{\"@type\":\"ListItem\",\"position\":2,\"name\":\"Fux diverge de Moraes e vota contra restri\u00e7\u00f5es impostas a Bolsonaro\"}]},{\"@type\":\"WebSite\",\"@id\":\"https:\/\/jornalfatosenoticias.com.br\/#website\",\"url\":\"https:\/\/jornalfatosenoticias.com.br\/\",\"name\":\"Jornal Fatos e Not\u00edcias\",\"description\":\"Not\u00edcias em geral\",\"publisher\":{\"@id\":\"https:\/\/jornalfatosenoticias.com.br\/#organization\"},\"potentialAction\":[{\"@type\":\"SearchAction\",\"target\":{\"@type\":\"EntryPoint\",\"urlTemplate\":\"https:\/\/jornalfatosenoticias.com.br\/?s={search_term_string}\"},\"query-input\":{\"@type\":\"PropertyValueSpecification\",\"valueRequired\":true,\"valueName\":\"search_term_string\"}}],\"inLanguage\":\"pt-BR\"},{\"@type\":\"Organization\",\"@id\":\"https:\/\/jornalfatosenoticias.com.br\/#organization\",\"name\":\"Jornal Fatos e Not\u00edcias\",\"url\":\"https:\/\/jornalfatosenoticias.com.br\/\",\"logo\":{\"@type\":\"ImageObject\",\"inLanguage\":\"pt-BR\",\"@id\":\"https:\/\/jornalfatosenoticias.com.br\/#\/schema\/logo\/image\/\",\"url\":\"https:\/\/jornalfatosenoticias.com.br\/wp-content\/uploads\/2020\/02\/logo120.png\",\"contentUrl\":\"https:\/\/jornalfatosenoticias.com.br\/wp-content\/uploads\/2020\/02\/logo120.png\",\"width\":1227,\"height\":120,\"caption\":\"Jornal Fatos e Not\u00edcias\"},\"image\":{\"@id\":\"https:\/\/jornalfatosenoticias.com.br\/#\/schema\/logo\/image\/\"}},{\"@type\":\"Person\",\"@id\":\"https:\/\/jornalfatosenoticias.com.br\/#\/schema\/person\/d63837fa13ac8666eb9e74e0985d6f81\",\"name\":\"Luzimara Fernandes\",\"image\":{\"@type\":\"ImageObject\",\"inLanguage\":\"pt-BR\",\"@id\":\"https:\/\/jornalfatosenoticias.com.br\/#\/schema\/person\/image\/\",\"url\":\"https:\/\/jornalfatosenoticias.com.br\/wp-content\/uploads\/2025\/05\/EU_portal.jpg\",\"contentUrl\":\"https:\/\/jornalfatosenoticias.com.br\/wp-content\/uploads\/2025\/05\/EU_portal.jpg\",\"caption\":\"Luzimara Fernandes\"},\"description\":\"Jornalista MTB 2358-ES\",\"sameAs\":[\"https:\/\/jornalfatosenoticias.com.br\"],\"url\":\"https:\/\/jornalfatosenoticias.com.br\/index.php\/author\/luzimara\/\"}]}<\/script>\n<!-- \/ Yoast SEO plugin. -->","yoast_head_json":{"title":"Fux diverge de Moraes e vota contra restri\u00e7\u00f5es impostas a Bolsonaro - Jornal Fatos e Not\u00edcias","robots":{"index":"index","follow":"follow","max-snippet":"max-snippet:-1","max-image-preview":"max-image-preview:large","max-video-preview":"max-video-preview:-1"},"canonical":"https:\/\/jornalfatosenoticias.com.br\/index.php\/2025\/07\/22\/fux-diverge-de-moraes-e-vota-contra-restricoes-impostas-a-bolsonaro\/","og_locale":"pt_BR","og_type":"article","og_title":"Fux diverge de Moraes e vota contra restri\u00e7\u00f5es impostas a Bolsonaro - Jornal Fatos e Not\u00edcias","og_description":"Fux foi o \u00fanico ministro da Primeira Turma a discordar de Moraes Por Camila Abr\u00e3o e Renan Ramalho O ministro Luiz Fux, do Supremo Tribunal Federal (STF), divergiu na noite desta segunda-feira (21) do ministro Alexandre de Moraes e votou contra as medidas cautelares impostas ao ex-presidente Jair Bolsonaro (PL). Ele destacou que a Pol\u00edcia [&hellip;]","og_url":"https:\/\/jornalfatosenoticias.com.br\/index.php\/2025\/07\/22\/fux-diverge-de-moraes-e-vota-contra-restricoes-impostas-a-bolsonaro\/","og_site_name":"Jornal Fatos e Not\u00edcias","article_published_time":"2025-07-22T13:58:04+00:00","article_modified_time":"2025-07-22T13:58:06+00:00","og_image":[{"width":1000,"height":666,"url":"https:\/\/jornalfatosenoticias.com.br\/wp-content\/uploads\/2025\/07\/luiz-fux.jpg","type":"image\/jpeg"}],"author":"Luzimara Fernandes","twitter_card":"summary_large_image","twitter_misc":{"Escrito por":"Luzimara Fernandes","Est. tempo de leitura":"4 minutos"},"schema":{"@context":"https:\/\/schema.org","@graph":[{"@type":"Article","@id":"https:\/\/jornalfatosenoticias.com.br\/index.php\/2025\/07\/22\/fux-diverge-de-moraes-e-vota-contra-restricoes-impostas-a-bolsonaro\/#article","isPartOf":{"@id":"https:\/\/jornalfatosenoticias.com.br\/index.php\/2025\/07\/22\/fux-diverge-de-moraes-e-vota-contra-restricoes-impostas-a-bolsonaro\/"},"author":{"name":"Luzimara Fernandes","@id":"https:\/\/jornalfatosenoticias.com.br\/#\/schema\/person\/d63837fa13ac8666eb9e74e0985d6f81"},"headline":"Fux diverge de Moraes e vota contra restri\u00e7\u00f5es impostas a Bolsonaro","datePublished":"2025-07-22T13:58:04+00:00","dateModified":"2025-07-22T13:58:06+00:00","mainEntityOfPage":{"@id":"https:\/\/jornalfatosenoticias.com.br\/index.php\/2025\/07\/22\/fux-diverge-de-moraes-e-vota-contra-restricoes-impostas-a-bolsonaro\/"},"wordCount":895,"commentCount":0,"publisher":{"@id":"https:\/\/jornalfatosenoticias.com.br\/#organization"},"image":{"@id":"https:\/\/jornalfatosenoticias.com.br\/index.php\/2025\/07\/22\/fux-diverge-de-moraes-e-vota-contra-restricoes-impostas-a-bolsonaro\/#primaryimage"},"thumbnailUrl":"https:\/\/jornalfatosenoticias.com.br\/wp-content\/uploads\/2025\/07\/luiz-fux.jpg","keywords":["Alexandre de Moraes","censura","ditadura","Jair Bolsonaro","Luiz Fux","Lula","STF"],"articleSection":["Geral"],"inLanguage":"pt-BR","potentialAction":[{"@type":"CommentAction","name":"Comment","target":["https:\/\/jornalfatosenoticias.com.br\/index.php\/2025\/07\/22\/fux-diverge-de-moraes-e-vota-contra-restricoes-impostas-a-bolsonaro\/#respond"]}]},{"@type":"WebPage","@id":"https:\/\/jornalfatosenoticias.com.br\/index.php\/2025\/07\/22\/fux-diverge-de-moraes-e-vota-contra-restricoes-impostas-a-bolsonaro\/","url":"https:\/\/jornalfatosenoticias.com.br\/index.php\/2025\/07\/22\/fux-diverge-de-moraes-e-vota-contra-restricoes-impostas-a-bolsonaro\/","name":"Fux diverge de Moraes e vota contra restri\u00e7\u00f5es impostas a Bolsonaro - Jornal Fatos e Not\u00edcias","isPartOf":{"@id":"https:\/\/jornalfatosenoticias.com.br\/#website"},"primaryImageOfPage":{"@id":"https:\/\/jornalfatosenoticias.com.br\/index.php\/2025\/07\/22\/fux-diverge-de-moraes-e-vota-contra-restricoes-impostas-a-bolsonaro\/#primaryimage"},"image":{"@id":"https:\/\/jornalfatosenoticias.com.br\/index.php\/2025\/07\/22\/fux-diverge-de-moraes-e-vota-contra-restricoes-impostas-a-bolsonaro\/#primaryimage"},"thumbnailUrl":"https:\/\/jornalfatosenoticias.com.br\/wp-content\/uploads\/2025\/07\/luiz-fux.jpg","datePublished":"2025-07-22T13:58:04+00:00","dateModified":"2025-07-22T13:58:06+00:00","breadcrumb":{"@id":"https:\/\/jornalfatosenoticias.com.br\/index.php\/2025\/07\/22\/fux-diverge-de-moraes-e-vota-contra-restricoes-impostas-a-bolsonaro\/#breadcrumb"},"inLanguage":"pt-BR","potentialAction":[{"@type":"ReadAction","target":["https:\/\/jornalfatosenoticias.com.br\/index.php\/2025\/07\/22\/fux-diverge-de-moraes-e-vota-contra-restricoes-impostas-a-bolsonaro\/"]}]},{"@type":"ImageObject","inLanguage":"pt-BR","@id":"https:\/\/jornalfatosenoticias.com.br\/index.php\/2025\/07\/22\/fux-diverge-de-moraes-e-vota-contra-restricoes-impostas-a-bolsonaro\/#primaryimage","url":"https:\/\/jornalfatosenoticias.com.br\/wp-content\/uploads\/2025\/07\/luiz-fux.jpg","contentUrl":"https:\/\/jornalfatosenoticias.com.br\/wp-content\/uploads\/2025\/07\/luiz-fux.jpg","width":1000,"height":666},{"@type":"BreadcrumbList","@id":"https:\/\/jornalfatosenoticias.com.br\/index.php\/2025\/07\/22\/fux-diverge-de-moraes-e-vota-contra-restricoes-impostas-a-bolsonaro\/#breadcrumb","itemListElement":[{"@type":"ListItem","position":1,"name":"In\u00edcio","item":"https:\/\/jornalfatosenoticias.com.br\/"},{"@type":"ListItem","position":2,"name":"Fux diverge de Moraes e vota contra restri\u00e7\u00f5es impostas a Bolsonaro"}]},{"@type":"WebSite","@id":"https:\/\/jornalfatosenoticias.com.br\/#website","url":"https:\/\/jornalfatosenoticias.com.br\/","name":"Jornal Fatos e Not\u00edcias","description":"Not\u00edcias em geral","publisher":{"@id":"https:\/\/jornalfatosenoticias.com.br\/#organization"},"potentialAction":[{"@type":"SearchAction","target":{"@type":"EntryPoint","urlTemplate":"https:\/\/jornalfatosenoticias.com.br\/?s={search_term_string}"},"query-input":{"@type":"PropertyValueSpecification","valueRequired":true,"valueName":"search_term_string"}}],"inLanguage":"pt-BR"},{"@type":"Organization","@id":"https:\/\/jornalfatosenoticias.com.br\/#organization","name":"Jornal Fatos e Not\u00edcias","url":"https:\/\/jornalfatosenoticias.com.br\/","logo":{"@type":"ImageObject","inLanguage":"pt-BR","@id":"https:\/\/jornalfatosenoticias.com.br\/#\/schema\/logo\/image\/","url":"https:\/\/jornalfatosenoticias.com.br\/wp-content\/uploads\/2020\/02\/logo120.png","contentUrl":"https:\/\/jornalfatosenoticias.com.br\/wp-content\/uploads\/2020\/02\/logo120.png","width":1227,"height":120,"caption":"Jornal Fatos e Not\u00edcias"},"image":{"@id":"https:\/\/jornalfatosenoticias.com.br\/#\/schema\/logo\/image\/"}},{"@type":"Person","@id":"https:\/\/jornalfatosenoticias.com.br\/#\/schema\/person\/d63837fa13ac8666eb9e74e0985d6f81","name":"Luzimara Fernandes","image":{"@type":"ImageObject","inLanguage":"pt-BR","@id":"https:\/\/jornalfatosenoticias.com.br\/#\/schema\/person\/image\/","url":"https:\/\/jornalfatosenoticias.com.br\/wp-content\/uploads\/2025\/05\/EU_portal.jpg","contentUrl":"https:\/\/jornalfatosenoticias.com.br\/wp-content\/uploads\/2025\/05\/EU_portal.jpg","caption":"Luzimara Fernandes"},"description":"Jornalista MTB 2358-ES","sameAs":["https:\/\/jornalfatosenoticias.com.br"],"url":"https:\/\/jornalfatosenoticias.com.br\/index.php\/author\/luzimara\/"}]}},"cc_featured_image_caption":{"caption_text":"(Foto: Andressa Anholete\/STF)","source_text":"","source_url":""},"jetpack_featured_media_url":"https:\/\/jornalfatosenoticias.com.br\/wp-content\/uploads\/2025\/07\/luiz-fux.jpg","_links":{"self":[{"href":"https:\/\/jornalfatosenoticias.com.br\/index.php\/wp-json\/wp\/v2\/posts\/60697","targetHints":{"allow":["GET"]}}],"collection":[{"href":"https:\/\/jornalfatosenoticias.com.br\/index.php\/wp-json\/wp\/v2\/posts"}],"about":[{"href":"https:\/\/jornalfatosenoticias.com.br\/index.php\/wp-json\/wp\/v2\/types\/post"}],"author":[{"embeddable":true,"href":"https:\/\/jornalfatosenoticias.com.br\/index.php\/wp-json\/wp\/v2\/users\/2"}],"replies":[{"embeddable":true,"href":"https:\/\/jornalfatosenoticias.com.br\/index.php\/wp-json\/wp\/v2\/comments?post=60697"}],"version-history":[{"count":0,"href":"https:\/\/jornalfatosenoticias.com.br\/index.php\/wp-json\/wp\/v2\/posts\/60697\/revisions"}],"wp:featuredmedia":[{"embeddable":true,"href":"https:\/\/jornalfatosenoticias.com.br\/index.php\/wp-json\/wp\/v2\/media\/60698"}],"wp:attachment":[{"href":"https:\/\/jornalfatosenoticias.com.br\/index.php\/wp-json\/wp\/v2\/media?parent=60697"}],"wp:term":[{"taxonomy":"category","embeddable":true,"href":"https:\/\/jornalfatosenoticias.com.br\/index.php\/wp-json\/wp\/v2\/categories?post=60697"},{"taxonomy":"post_tag","embeddable":true,"href":"https:\/\/jornalfatosenoticias.com.br\/index.php\/wp-json\/wp\/v2\/tags?post=60697"}],"curies":[{"name":"wp","href":"https:\/\/api.w.org\/{rel}","templated":true}]}}