{"id":60708,"date":"2025-07-22T13:58:45","date_gmt":"2025-07-22T16:58:45","guid":{"rendered":"https:\/\/jornalfatosenoticias.com.br\/?p=60708"},"modified":"2025-07-22T13:58:47","modified_gmt":"2025-07-22T16:58:47","slug":"concessionarias-viram-verdadeiros-cemiterios-de-carros","status":"publish","type":"post","link":"https:\/\/jornalfatosenoticias.com.br\/index.php\/2025\/07\/22\/concessionarias-viram-verdadeiros-cemiterios-de-carros\/","title":{"rendered":"Concession\u00e1rias viram verdadeiros cemit\u00e9rios de carros"},"content":{"rendered":"\n<p><em><span class=\"has-inline-color has-black-color\">Lojas fecham \u00e0s pressas e revendedores pedem socorro diante de guerra de pre\u00e7os na China<\/span><\/em><\/p>\n\n\n\n<p><span class=\"has-inline-color has-black-color\">Por <strong><a href=\"https:\/\/clickpetroleoegas.com.br\/author\/alisson-slam-cpg\/\">Alisson Ficher<\/a><\/strong><\/span><\/p>\n\n\n\n<div class=\"wp-block-image\"><figure class=\"aligncenter size-large\"><a href=\"https:\/\/mizu.com.br\/\"><img loading=\"lazy\" decoding=\"async\" width=\"729\" height=\"90\" src=\"https:\/\/jornalfatosenoticias.com.br\/wp-content\/uploads\/2020\/02\/Logo_Mizu.png\" alt=\"\" class=\"wp-image-1441\" srcset=\"https:\/\/jornalfatosenoticias.com.br\/wp-content\/uploads\/2020\/02\/Logo_Mizu.png 729w, https:\/\/jornalfatosenoticias.com.br\/wp-content\/uploads\/2020\/02\/Logo_Mizu-300x37.png 300w\" sizes=\"auto, (max-width: 729px) 100vw, 729px\" \/><\/a><\/figure><\/div>\n\n\n\n<p>O <strong><a href=\"https:\/\/clickpetroleoegas.com.br\/carros-eletricos-ultrabaratos-da-china-causam-alerta-por-que-a-byd-e-modelos-de-r-43-mil-assustam-ate-o-governo-chines-com-riscos-de-guerra-de-precos-e-impacto-global-afch\/\" target=\"_blank\" rel=\"noreferrer noopener\">setor automotivo chin\u00eas enfrenta um cen\u00e1rio alarmante<\/a><\/strong>, marcado pelo ac\u00famulo de ve\u00edculos nas concession\u00e1rias, fechamento abrupto de lojas e apelos urgentes de revendedores por mudan\u00e7as no modelo de neg\u00f3cios.<br>Uma intensa guerra de pre\u00e7os, que se intensificou nos \u00faltimos anos, levou a uma oferta desenfreada de carros el\u00e9tricos no pa\u00eds, causando s\u00e9rios impactos em toda a cadeia automotiva. O fen\u00f4meno transformou diversas concession\u00e1rias em verdadeiros dep\u00f3sitos de ve\u00edculos, enquanto a press\u00e3o por metas de vendas empurra lojistas \u00e0 beira do colapso financeiro.<\/p>\n\n\n\n<div class=\"wp-block-image\"><figure class=\"aligncenter size-large is-resized\"><a href=\"https:\/\/www.facebook.com\/postobkr\/?locale=pt_BR\"><img loading=\"lazy\" decoding=\"async\" src=\"https:\/\/jornalfatosenoticias.com.br\/wp-content\/uploads\/2023\/08\/BKR-1024x1021.jpg\" alt=\"\" class=\"wp-image-44494\" width=\"298\" height=\"297\" srcset=\"https:\/\/jornalfatosenoticias.com.br\/wp-content\/uploads\/2023\/08\/BKR-1024x1021.jpg 1024w, https:\/\/jornalfatosenoticias.com.br\/wp-content\/uploads\/2023\/08\/BKR-300x300.jpg 300w, https:\/\/jornalfatosenoticias.com.br\/wp-content\/uploads\/2023\/08\/BKR-150x150.jpg 150w, https:\/\/jornalfatosenoticias.com.br\/wp-content\/uploads\/2023\/08\/BKR-768x766.jpg 768w, https:\/\/jornalfatosenoticias.com.br\/wp-content\/uploads\/2023\/08\/BKR.jpg 1080w\" sizes=\"auto, (max-width: 298px) 100vw, 298px\" \/><\/a><\/figure><\/div>\n\n\n\n<p><strong><span class=\"has-inline-color has-black-color\">Guerra de pre\u00e7os na China e excesso de oferta<br><\/span><\/strong>A disputa por fatias cada vez maiores do mercado chin\u00eas de ve\u00edculos el\u00e9tricos levou as montadoras a ampliarem, de forma acelerada, suas linhas de produ\u00e7\u00e3o.<br>O resultado foi um excesso de autom\u00f3veis, principalmente modelos el\u00e9tricos, que lotam os p\u00e1tios das concession\u00e1rias. Diante da impossibilidade de absorver toda essa oferta, muitas lojas passaram a funcionar como verdadeiros armaz\u00e9ns.<\/p>\n\n\n\n<div class=\"wp-block-image\"><figure class=\"aligncenter size-large is-resized\"><a href=\"https:\/\/www.instagram.com\/esteio.churrascaria\/\"><img loading=\"lazy\" decoding=\"async\" src=\"https:\/\/jornalfatosenoticias.com.br\/wp-content\/uploads\/2022\/02\/LOGO-ESTEIO-1024x730.png\" alt=\"\" class=\"wp-image-27942\" width=\"345\" height=\"246\" srcset=\"https:\/\/jornalfatosenoticias.com.br\/wp-content\/uploads\/2022\/02\/LOGO-ESTEIO-1024x730.png 1024w, https:\/\/jornalfatosenoticias.com.br\/wp-content\/uploads\/2022\/02\/LOGO-ESTEIO-300x214.png 300w, https:\/\/jornalfatosenoticias.com.br\/wp-content\/uploads\/2022\/02\/LOGO-ESTEIO-768x548.png 768w, https:\/\/jornalfatosenoticias.com.br\/wp-content\/uploads\/2022\/02\/LOGO-ESTEIO.png 1123w\" sizes=\"auto, (max-width: 345px) 100vw, 345px\" \/><\/a><\/figure><\/div>\n\n\n\n<blockquote class=\"wp-block-quote is-layout-flow wp-block-quote-is-layout-flow\"><p>O fen\u00f4meno \u00e9 potencializado por pr\u00e1ticas como o chamado \u201cregistro pr\u00f3prio\u201d, em que concession\u00e1rias e montadoras registram ve\u00edculos como vendidos apenas para cumprir metas de fim de trimestre ou ano, embora esses carros n\u00e3o tenham sido adquiridos por consumidores finais.<\/p><\/blockquote>\n\n\n\n<p>Em consequ\u00eancia, esses modelos acabam alimentando o estoque de seminovos nas chamadas concession\u00e1rias de \u201ckm 0\u201d, sem encontrar demanda suficiente no mercado.<\/p>\n\n\n\n<div class=\"wp-block-image\"><figure class=\"aligncenter size-large is-resized\"><a href=\"https:\/\/www.legisjuris.com.br\/\"><img loading=\"lazy\" decoding=\"async\" src=\"https:\/\/jornalfatosenoticias.com.br\/wp-content\/uploads\/2024\/09\/Legis-Juris-Consultoria_logo.jpg\" alt=\"\" class=\"wp-image-53915\" width=\"473\" height=\"198\" srcset=\"https:\/\/jornalfatosenoticias.com.br\/wp-content\/uploads\/2024\/09\/Legis-Juris-Consultoria_logo.jpg 969w, https:\/\/jornalfatosenoticias.com.br\/wp-content\/uploads\/2024\/09\/Legis-Juris-Consultoria_logo-300x126.jpg 300w, https:\/\/jornalfatosenoticias.com.br\/wp-content\/uploads\/2024\/09\/Legis-Juris-Consultoria_logo-768x322.jpg 768w\" sizes=\"auto, (max-width: 473px) 100vw, 473px\" \/><\/a><\/figure><\/div>\n\n\n\n<p><strong><span class=\"has-inline-color has-black-color\">Fechamento de lojas e impacto financeiro<br><\/span><\/strong>Relat\u00f3rios de julho de 2025 apontam que, somente na prov\u00edncia de Shandong, ao menos 20 lojas da BYD \u2014 uma das maiores fabricantes de ve\u00edculos el\u00e9tricos da China \u2014 foram fechadas ou se encontram praticamente desertas. A situa\u00e7\u00e3o j\u00e1 se espalha para outras regi\u00f5es, mostrando o tamanho do desequil\u00edbrio enfrentado por diferentes marcas e revendedores.<\/p>\n\n\n\n<div class=\"wp-block-image\"><figure class=\"aligncenter size-large is-resized\"><a href=\"https:\/\/www.instagram.com\/rcradiadores\/\"><img loading=\"lazy\" decoding=\"async\" src=\"https:\/\/jornalfatosenoticias.com.br\/wp-content\/uploads\/2022\/10\/RC_800x750_page-0001.jpg\" alt=\"\" class=\"wp-image-35338\" width=\"284\" height=\"266\" srcset=\"https:\/\/jornalfatosenoticias.com.br\/wp-content\/uploads\/2022\/10\/RC_800x750_page-0001.jpg 400w, https:\/\/jornalfatosenoticias.com.br\/wp-content\/uploads\/2022\/10\/RC_800x750_page-0001-300x281.jpg 300w\" sizes=\"auto, (max-width: 284px) 100vw, 284px\" \/><\/a><\/figure><\/div>\n\n\n\n<p>Conforme informa\u00e7\u00f5es divulgadas pela imprensa local, o excesso de carros armazenados pressiona o fluxo de caixa das lojas, prejudica a liquidez das empresas e reduz drasticamente a rentabilidade dos neg\u00f3cios, levando a demiss\u00f5es e fechamento de estabelecimentos.<\/p>\n\n\n\n<div class=\"wp-block-image\"><figure class=\"aligncenter size-large\"><img loading=\"lazy\" decoding=\"async\" width=\"1000\" height=\"562\" src=\"https:\/\/jornalfatosenoticias.com.br\/wp-content\/uploads\/2025\/07\/cemiterios-de-carros-chineses_freepik2.jpg\" alt=\"\" class=\"wp-image-60709\" srcset=\"https:\/\/jornalfatosenoticias.com.br\/wp-content\/uploads\/2025\/07\/cemiterios-de-carros-chineses_freepik2.jpg 1000w, https:\/\/jornalfatosenoticias.com.br\/wp-content\/uploads\/2025\/07\/cemiterios-de-carros-chineses_freepik2-300x169.jpg 300w, https:\/\/jornalfatosenoticias.com.br\/wp-content\/uploads\/2025\/07\/cemiterios-de-carros-chineses_freepik2-768x432.jpg 768w\" sizes=\"auto, (max-width: 1000px) 100vw, 1000px\" \/><figcaption><em><span class=\"has-inline-color has-black-color\">Concession\u00e1rias chinesas acumulam carros, lojas fecham e setor automotivo enfrenta crise in\u00e9dita devido \u00e0 guerra de pre\u00e7os na China (Foto: Freepik)<\/span><\/em><\/figcaption><\/figure><\/div>\n\n\n\n<p><strong><span class=\"has-inline-color has-black-color\">Press\u00e3o sobre concession\u00e1rias e consequ\u00eancias para o setor<br><\/span><\/strong>As consequ\u00eancias da guerra de pre\u00e7os na China atingem tanto grandes grupos automotivos quanto pequenas concession\u00e1rias independentes. Muitas empresas do setor relatam dificuldades para suportar o volume de ve\u00edculos repassados pelas montadoras, que continuam priorizando a produ\u00e7\u00e3o em escala, mesmo diante do enfraquecimento da demanda.<\/p>\n\n\n\n<div class=\"wp-block-image\"><figure class=\"aligncenter size-large is-resized\"><a href=\"https:\/\/www.instagram.com\/serra4x4cambioautomatico\/\"><img loading=\"lazy\" decoding=\"async\" src=\"https:\/\/jornalfatosenoticias.com.br\/wp-content\/uploads\/2024\/08\/Serra-4x4-1-886x1024.jpg\" alt=\"\" class=\"wp-image-53632\" width=\"284\" height=\"328\" srcset=\"https:\/\/jornalfatosenoticias.com.br\/wp-content\/uploads\/2024\/08\/Serra-4x4-1-886x1024.jpg 886w, https:\/\/jornalfatosenoticias.com.br\/wp-content\/uploads\/2024\/08\/Serra-4x4-1-260x300.jpg 260w, https:\/\/jornalfatosenoticias.com.br\/wp-content\/uploads\/2024\/08\/Serra-4x4-1-768x888.jpg 768w, https:\/\/jornalfatosenoticias.com.br\/wp-content\/uploads\/2024\/08\/Serra-4x4-1.jpg 1181w\" sizes=\"auto, (max-width: 284px) 100vw, 284px\" \/><\/a><\/figure><\/div>\n\n\n\n<p>De acordo com a C\u00e2mara de Com\u00e9rcio da China de Concession\u00e1rias de Autom\u00f3veis, o ambiente de neg\u00f3cios tornou-se ainda mais severo em 2025. A entidade enfatiza que as fabricantes precisam rever suas metas anuais de produ\u00e7\u00e3o e vendas, ajustando-as \u00e0 realidade do mercado e evitando a transfer\u00eancia indiscriminada de estoques para os pontos de venda. O alerta do setor tamb\u00e9m inclui cr\u00edticas \u00e0 pr\u00e1tica de for\u00e7ar concession\u00e1rias a permanecerem com grandes estoques, situa\u00e7\u00e3o que compromete a sustentabilidade financeira das lojas e limita a capacidade de negocia\u00e7\u00e3o.<\/p>\n\n\n\n<div class=\"wp-block-image\"><figure class=\"aligncenter size-large is-resized\"><a href=\"https:\/\/www.instagram.com\/gruposei\/\"><img loading=\"lazy\" decoding=\"async\" src=\"https:\/\/jornalfatosenoticias.com.br\/wp-content\/uploads\/2022\/07\/Logo-Grupo-SEI.jpg\" alt=\"\" class=\"wp-image-31973\" width=\"417\" height=\"219\" srcset=\"https:\/\/jornalfatosenoticias.com.br\/wp-content\/uploads\/2022\/07\/Logo-Grupo-SEI.jpg 713w, https:\/\/jornalfatosenoticias.com.br\/wp-content\/uploads\/2022\/07\/Logo-Grupo-SEI-300x158.jpg 300w\" sizes=\"auto, (max-width: 417px) 100vw, 417px\" \/><\/a><\/figure><\/div>\n\n\n\n<p>Segundo representantes da categoria, n\u00e3o se pode exigir que os revendedores mantenham estoques elevados ou fechem suas portas sob o pretexto de reestrutura\u00e7\u00e3o dos canais de distribui\u00e7\u00e3o. A press\u00e3o por parte das montadoras, com exig\u00eancias de desempenho acima da capacidade real de absor\u00e7\u00e3o do mercado, contribui para o cen\u00e1rio de instabilidade.<\/p>\n\n\n\n<div class=\"wp-block-image\"><figure class=\"aligncenter size-large is-resized\"><a href=\"https:\/\/www.controlsystems.com.br\/\"><img loading=\"lazy\" decoding=\"async\" src=\"https:\/\/jornalfatosenoticias.com.br\/wp-content\/uploads\/2020\/02\/CONTROL-CS.jpg\" alt=\"\" class=\"wp-image-44991\" width=\"258\" height=\"309\" srcset=\"https:\/\/jornalfatosenoticias.com.br\/wp-content\/uploads\/2020\/02\/CONTROL-CS.jpg 834w, https:\/\/jornalfatosenoticias.com.br\/wp-content\/uploads\/2020\/02\/CONTROL-CS-250x300.jpg 250w, https:\/\/jornalfatosenoticias.com.br\/wp-content\/uploads\/2020\/02\/CONTROL-CS-768x921.jpg 768w\" sizes=\"auto, (max-width: 258px) 100vw, 258px\" \/><\/a><\/figure><\/div>\n\n\n\n<p><strong><span class=\"has-inline-color has-black-color\">Alerta das entidades e riscos das guerras de pre\u00e7os<br><\/span><\/strong>Entidades oficiais, como a Associa\u00e7\u00e3o Chinesa de Fabricantes de Autom\u00f3veis e o Minist\u00e9rio da Ind\u00fastria e Tecnologia da Informa\u00e7\u00e3o, tamb\u00e9m se manifestaram sobre o tema, alertando para os riscos das chamadas \u201cguerras de pre\u00e7os desordenadas\u201d.<\/p>\n\n\n\n<div class=\"wp-block-image\"><figure class=\"aligncenter size-large is-resized\"><a href=\"https:\/\/panper.com.br\/\"><img loading=\"lazy\" decoding=\"async\" src=\"https:\/\/jornalfatosenoticias.com.br\/wp-content\/uploads\/2023\/03\/logo-Panper_portal.jpg\" alt=\"\" class=\"wp-image-40208\" width=\"308\" height=\"213\" srcset=\"https:\/\/jornalfatosenoticias.com.br\/wp-content\/uploads\/2023\/03\/logo-Panper_portal.jpg 400w, https:\/\/jornalfatosenoticias.com.br\/wp-content\/uploads\/2023\/03\/logo-Panper_portal-300x208.jpg 300w\" sizes=\"auto, (max-width: 308px) 100vw, 308px\" \/><\/a><\/figure><\/div>\n\n\n\n<p>Em notas p\u00fablicas, as institui\u00e7\u00f5es ressaltam que a intensifica\u00e7\u00e3o da competi\u00e7\u00e3o levou \u00e0 redu\u00e7\u00e3o das margens de lucro em todo o setor automotivo chin\u00eas, sinalizando que a busca por participa\u00e7\u00e3o de mercado, sem o devido equil\u00edbrio entre oferta e demanda, pode causar efeitos duradouros e prejudiciais para todos os elos da cadeia.<\/p>\n\n\n\n<div class=\"wp-block-image\"><figure class=\"aligncenter size-large is-resized\"><a href=\"https:\/\/www.facebook.com\/profile.php?id=100069289606145\"><img loading=\"lazy\" decoding=\"async\" src=\"https:\/\/jornalfatosenoticias.com.br\/wp-content\/uploads\/2024\/11\/Guaitolini-Contabilidade-1024x714.jpeg\" alt=\"\" class=\"wp-image-55808\" width=\"349\" height=\"243\" srcset=\"https:\/\/jornalfatosenoticias.com.br\/wp-content\/uploads\/2024\/11\/Guaitolini-Contabilidade-1024x714.jpeg 1024w, https:\/\/jornalfatosenoticias.com.br\/wp-content\/uploads\/2024\/11\/Guaitolini-Contabilidade-300x209.jpeg 300w, https:\/\/jornalfatosenoticias.com.br\/wp-content\/uploads\/2024\/11\/Guaitolini-Contabilidade-768x535.jpeg 768w, https:\/\/jornalfatosenoticias.com.br\/wp-content\/uploads\/2024\/11\/Guaitolini-Contabilidade.jpeg 1280w\" sizes=\"auto, (max-width: 349px) 100vw, 349px\" \/><\/a><\/figure><\/div>\n\n\n\n<p><strong><span class=\"has-inline-color has-black-color\">Sustentabilidade e desafios do mercado de ve\u00edculos el\u00e9tricos<br><\/span><\/strong>Al\u00e9m do impacto imediato no fechamento de lojas e no aumento dos estoques de carros, a situa\u00e7\u00e3o atual desperta preocupa\u00e7\u00e3o quanto \u00e0 sustentabilidade do crescimento acelerado do mercado de ve\u00edculos el\u00e9tricos no pa\u00eds. O volume de vendas, embora ainda expressivo, j\u00e1 apresenta sinais de desacelera\u00e7\u00e3o em algumas regi\u00f5es. Para especialistas do setor automotivo, o desequil\u00edbrio causado pelo excesso de oferta pode prejudicar a imagem das marcas e desestimular novos investimentos.<\/p>\n\n\n\n<figure class=\"wp-block-embed-youtube wp-block-embed is-type-video is-provider-youtube wp-embed-aspect-16-9 wp-has-aspect-ratio\"><div class=\"wp-block-embed__wrapper\">\n<iframe loading=\"lazy\" title=\"\ud83d\ude97\u200aPor que MILHARES de carros el\u00e9tricos EST\u00c3O sendo ABANDONADOS na CHINA\u2753\" width=\"660\" height=\"371\" src=\"https:\/\/www.youtube.com\/embed\/f6yt_vE1lg4?feature=oembed\" frameborder=\"0\" allow=\"accelerometer; autoplay; clipboard-write; encrypted-media; gyroscope; picture-in-picture; web-share\" referrerpolicy=\"strict-origin-when-cross-origin\" allowfullscreen><\/iframe>\n<\/div><\/figure>\n\n\n\n<p><strong><span class=\"has-inline-color has-black-color\">Repercuss\u00e3o global e necessidade de ajustes<br><\/span><\/strong>O contexto da guerra de pre\u00e7os entre as montadoras n\u00e3o se restringe \u00e0 competi\u00e7\u00e3o dom\u00e9stica. O mercado chin\u00eas, reconhecido como o maior do mundo para ve\u00edculos el\u00e9tricos, enfrenta tamb\u00e9m press\u00f5es de exporta\u00e7\u00e3o e busca ampliar sua presen\u00e7a internacional, o que agrava ainda mais a necessidade de repensar estrat\u00e9gias de produ\u00e7\u00e3o e comercializa\u00e7\u00e3o. A dificuldade em escoar o estoque interno pode gerar impactos globais, afetando parceiros comerciais e a din\u00e2mica de pre\u00e7os em outros mercados, como a Europa e a Am\u00e9rica Latina.<\/p>\n\n\n\n<div class=\"wp-block-image\"><figure class=\"aligncenter size-large\"><a href=\"https:\/\/www.cesconetto.com.br\/\"><img loading=\"lazy\" decoding=\"async\" width=\"300\" height=\"250\" src=\"https:\/\/jornalfatosenoticias.com.br\/wp-content\/uploads\/2022\/02\/Banner-2.png\" alt=\"\" class=\"wp-image-27877\"\/><\/a><\/figure><\/div>\n\n\n\n<p><strong><span class=\"has-inline-color has-black-color\">Futuro das concession\u00e1rias e adapta\u00e7\u00e3o das estrat\u00e9gias<br><\/span><\/strong>A transforma\u00e7\u00e3o das concession\u00e1rias em verdadeiros \u201ccemit\u00e9rios de carros\u201d evidencia a urg\u00eancia de rever pol\u00edticas de metas e incentivos, que at\u00e9 ent\u00e3o impulsionaram a expans\u00e3o r\u00e1pida do setor. Representantes das concession\u00e1rias refor\u00e7am a necessidade de maior di\u00e1logo entre fabricantes e revendedores, de modo a adequar a oferta \u00e0 real demanda do consumidor chin\u00eas.<\/p>\n\n\n\n<div class=\"wp-block-image\"><figure class=\"aligncenter size-large\"><a href=\"http:\/\/www.ferrarimaquinas.com.br\/\"><img loading=\"lazy\" decoding=\"async\" width=\"300\" height=\"250\" src=\"https:\/\/jornalfatosenoticias.com.br\/wp-content\/uploads\/2022\/02\/FERRARI_MAQUINAS-E-FERRAMENTAS2.jpg\" alt=\"\" class=\"wp-image-27860\"\/><\/a><\/figure><\/div>\n\n\n\n<p>O objetivo \u00e9 evitar que pr\u00e1ticas como o \u201cregistro pr\u00f3prio\u201d e o envio massivo de ve\u00edculos \u00e0s lojas continuem distorcendo os resultados e provocando rupturas na cadeia automotiva. O futuro do setor depender\u00e1, cada vez mais, da ado\u00e7\u00e3o de modelos de gest\u00e3o mais equilibrados, capazes de alinhar produ\u00e7\u00e3o, vendas e interesse dos consumidores. Para especialistas, o ajuste dessas pr\u00e1ticas pode definir o ritmo da recupera\u00e7\u00e3o do mercado automotivo chin\u00eas nos pr\u00f3ximos anos.<\/p>\n\n\n\n<p><strong>Fonte: <a href=\"https:\/\/clickpetroleoegas.com.br\/concessionarias-viram-verdadeiros-cemiterios-de-carros-lojas-fecham-as-pressas-e-revendedores-pedem-socorro-diante-de-guerra-de-precos-na-china-afch\/\">Click Petr\u00f3leo e G\u00e1s<\/a><\/strong><\/p>\n","protected":false},"excerpt":{"rendered":"<p>Lojas fecham \u00e0s pressas e revendedores pedem socorro diante de guerra de pre\u00e7os na China Por Alisson Ficher O setor automotivo chin\u00eas enfrenta um cen\u00e1rio alarmante, marcado pelo ac\u00famulo de ve\u00edculos nas concession\u00e1rias, fechamento abrupto de lojas e apelos urgentes de revendedores por mudan\u00e7as no modelo de neg\u00f3cios.Uma intensa guerra de pre\u00e7os, que se intensificou [&hellip;]<\/p>\n","protected":false},"author":2,"featured_media":60710,"comment_status":"open","ping_status":"open","sticky":false,"template":"","format":"standard","meta":{"footnotes":""},"categories":[9],"tags":[12702,6589,85,27700,27701,27696,27697,27698,27699],"class_list":["post-60708","post","type-post","status-publish","format-standard","has-post-thumbnail","hentry","category-economia","tag-byd","tag-carros-eletricos","tag-china","tag-concessionarias-chinesas","tag-crise-automotiva","tag-excesso-de-oferta","tag-fechamento-de-lojas","tag-guerra-de-precos-na-china","tag-setor-automotivo-chines"],"yoast_head":"<!-- This site is optimized with the Yoast SEO plugin v26.5 - https:\/\/yoast.com\/wordpress\/plugins\/seo\/ -->\n<title>Concession\u00e1rias viram verdadeiros cemit\u00e9rios de carros - Jornal Fatos e Not\u00edcias<\/title>\n<meta name=\"robots\" content=\"index, follow, max-snippet:-1, max-image-preview:large, max-video-preview:-1\" \/>\n<link rel=\"canonical\" href=\"https:\/\/jornalfatosenoticias.com.br\/index.php\/2025\/07\/22\/concessionarias-viram-verdadeiros-cemiterios-de-carros\/\" \/>\n<meta property=\"og:locale\" content=\"pt_BR\" \/>\n<meta property=\"og:type\" content=\"article\" \/>\n<meta property=\"og:title\" content=\"Concession\u00e1rias viram verdadeiros cemit\u00e9rios de carros - Jornal Fatos e Not\u00edcias\" \/>\n<meta property=\"og:description\" content=\"Lojas fecham \u00e0s pressas e revendedores pedem socorro diante de guerra de pre\u00e7os na China Por Alisson Ficher O setor automotivo chin\u00eas enfrenta um cen\u00e1rio alarmante, marcado pelo ac\u00famulo de ve\u00edculos nas concession\u00e1rias, fechamento abrupto de lojas e apelos urgentes de revendedores por mudan\u00e7as no modelo de neg\u00f3cios.Uma intensa guerra de pre\u00e7os, que se intensificou [&hellip;]\" \/>\n<meta property=\"og:url\" content=\"https:\/\/jornalfatosenoticias.com.br\/index.php\/2025\/07\/22\/concessionarias-viram-verdadeiros-cemiterios-de-carros\/\" \/>\n<meta property=\"og:site_name\" content=\"Jornal Fatos e Not\u00edcias\" \/>\n<meta property=\"article:published_time\" content=\"2025-07-22T16:58:45+00:00\" \/>\n<meta property=\"article:modified_time\" content=\"2025-07-22T16:58:47+00:00\" \/>\n<meta property=\"og:image\" content=\"https:\/\/jornalfatosenoticias.com.br\/wp-content\/uploads\/2025\/07\/cemiterios-de-carros-chineses_freepik.jpg\" \/>\n\t<meta property=\"og:image:width\" content=\"1000\" \/>\n\t<meta property=\"og:image:height\" content=\"666\" \/>\n\t<meta property=\"og:image:type\" content=\"image\/jpeg\" \/>\n<meta name=\"author\" content=\"Luzimara Fernandes\" \/>\n<meta name=\"twitter:card\" content=\"summary_large_image\" \/>\n<meta name=\"twitter:label1\" content=\"Escrito por\" \/>\n\t<meta name=\"twitter:data1\" content=\"Luzimara Fernandes\" \/>\n\t<meta name=\"twitter:label2\" content=\"Est. tempo de leitura\" \/>\n\t<meta name=\"twitter:data2\" content=\"5 minutos\" \/>\n<script type=\"application\/ld+json\" class=\"yoast-schema-graph\">{\"@context\":\"https:\/\/schema.org\",\"@graph\":[{\"@type\":\"Article\",\"@id\":\"https:\/\/jornalfatosenoticias.com.br\/index.php\/2025\/07\/22\/concessionarias-viram-verdadeiros-cemiterios-de-carros\/#article\",\"isPartOf\":{\"@id\":\"https:\/\/jornalfatosenoticias.com.br\/index.php\/2025\/07\/22\/concessionarias-viram-verdadeiros-cemiterios-de-carros\/\"},\"author\":{\"name\":\"Luzimara Fernandes\",\"@id\":\"https:\/\/jornalfatosenoticias.com.br\/#\/schema\/person\/d63837fa13ac8666eb9e74e0985d6f81\"},\"headline\":\"Concession\u00e1rias viram verdadeiros cemit\u00e9rios de carros\",\"datePublished\":\"2025-07-22T16:58:45+00:00\",\"dateModified\":\"2025-07-22T16:58:47+00:00\",\"mainEntityOfPage\":{\"@id\":\"https:\/\/jornalfatosenoticias.com.br\/index.php\/2025\/07\/22\/concessionarias-viram-verdadeiros-cemiterios-de-carros\/\"},\"wordCount\":1104,\"commentCount\":0,\"publisher\":{\"@id\":\"https:\/\/jornalfatosenoticias.com.br\/#organization\"},\"image\":{\"@id\":\"https:\/\/jornalfatosenoticias.com.br\/index.php\/2025\/07\/22\/concessionarias-viram-verdadeiros-cemiterios-de-carros\/#primaryimage\"},\"thumbnailUrl\":\"https:\/\/jornalfatosenoticias.com.br\/wp-content\/uploads\/2025\/07\/cemiterios-de-carros-chineses_freepik.jpg\",\"keywords\":[\"BYD\",\"carros el\u00e9tricos\",\"china\",\"concession\u00e1rias chinesas\",\"crise automotiva\",\"excesso de oferta\",\"fechamento de lojas\",\"guerra de pre\u00e7os na China\",\"setor automotivo chin\u00eas\"],\"articleSection\":[\"Economia\"],\"inLanguage\":\"pt-BR\",\"potentialAction\":[{\"@type\":\"CommentAction\",\"name\":\"Comment\",\"target\":[\"https:\/\/jornalfatosenoticias.com.br\/index.php\/2025\/07\/22\/concessionarias-viram-verdadeiros-cemiterios-de-carros\/#respond\"]}]},{\"@type\":\"WebPage\",\"@id\":\"https:\/\/jornalfatosenoticias.com.br\/index.php\/2025\/07\/22\/concessionarias-viram-verdadeiros-cemiterios-de-carros\/\",\"url\":\"https:\/\/jornalfatosenoticias.com.br\/index.php\/2025\/07\/22\/concessionarias-viram-verdadeiros-cemiterios-de-carros\/\",\"name\":\"Concession\u00e1rias viram verdadeiros cemit\u00e9rios de carros - Jornal Fatos e Not\u00edcias\",\"isPartOf\":{\"@id\":\"https:\/\/jornalfatosenoticias.com.br\/#website\"},\"primaryImageOfPage\":{\"@id\":\"https:\/\/jornalfatosenoticias.com.br\/index.php\/2025\/07\/22\/concessionarias-viram-verdadeiros-cemiterios-de-carros\/#primaryimage\"},\"image\":{\"@id\":\"https:\/\/jornalfatosenoticias.com.br\/index.php\/2025\/07\/22\/concessionarias-viram-verdadeiros-cemiterios-de-carros\/#primaryimage\"},\"thumbnailUrl\":\"https:\/\/jornalfatosenoticias.com.br\/wp-content\/uploads\/2025\/07\/cemiterios-de-carros-chineses_freepik.jpg\",\"datePublished\":\"2025-07-22T16:58:45+00:00\",\"dateModified\":\"2025-07-22T16:58:47+00:00\",\"breadcrumb\":{\"@id\":\"https:\/\/jornalfatosenoticias.com.br\/index.php\/2025\/07\/22\/concessionarias-viram-verdadeiros-cemiterios-de-carros\/#breadcrumb\"},\"inLanguage\":\"pt-BR\",\"potentialAction\":[{\"@type\":\"ReadAction\",\"target\":[\"https:\/\/jornalfatosenoticias.com.br\/index.php\/2025\/07\/22\/concessionarias-viram-verdadeiros-cemiterios-de-carros\/\"]}]},{\"@type\":\"ImageObject\",\"inLanguage\":\"pt-BR\",\"@id\":\"https:\/\/jornalfatosenoticias.com.br\/index.php\/2025\/07\/22\/concessionarias-viram-verdadeiros-cemiterios-de-carros\/#primaryimage\",\"url\":\"https:\/\/jornalfatosenoticias.com.br\/wp-content\/uploads\/2025\/07\/cemiterios-de-carros-chineses_freepik.jpg\",\"contentUrl\":\"https:\/\/jornalfatosenoticias.com.br\/wp-content\/uploads\/2025\/07\/cemiterios-de-carros-chineses_freepik.jpg\",\"width\":1000,\"height\":666,\"caption\":\"Row of new cars in port.\"},{\"@type\":\"BreadcrumbList\",\"@id\":\"https:\/\/jornalfatosenoticias.com.br\/index.php\/2025\/07\/22\/concessionarias-viram-verdadeiros-cemiterios-de-carros\/#breadcrumb\",\"itemListElement\":[{\"@type\":\"ListItem\",\"position\":1,\"name\":\"In\u00edcio\",\"item\":\"https:\/\/jornalfatosenoticias.com.br\/\"},{\"@type\":\"ListItem\",\"position\":2,\"name\":\"Concession\u00e1rias viram verdadeiros cemit\u00e9rios de carros\"}]},{\"@type\":\"WebSite\",\"@id\":\"https:\/\/jornalfatosenoticias.com.br\/#website\",\"url\":\"https:\/\/jornalfatosenoticias.com.br\/\",\"name\":\"Jornal Fatos e Not\u00edcias\",\"description\":\"Not\u00edcias em geral\",\"publisher\":{\"@id\":\"https:\/\/jornalfatosenoticias.com.br\/#organization\"},\"potentialAction\":[{\"@type\":\"SearchAction\",\"target\":{\"@type\":\"EntryPoint\",\"urlTemplate\":\"https:\/\/jornalfatosenoticias.com.br\/?s={search_term_string}\"},\"query-input\":{\"@type\":\"PropertyValueSpecification\",\"valueRequired\":true,\"valueName\":\"search_term_string\"}}],\"inLanguage\":\"pt-BR\"},{\"@type\":\"Organization\",\"@id\":\"https:\/\/jornalfatosenoticias.com.br\/#organization\",\"name\":\"Jornal Fatos e Not\u00edcias\",\"url\":\"https:\/\/jornalfatosenoticias.com.br\/\",\"logo\":{\"@type\":\"ImageObject\",\"inLanguage\":\"pt-BR\",\"@id\":\"https:\/\/jornalfatosenoticias.com.br\/#\/schema\/logo\/image\/\",\"url\":\"https:\/\/jornalfatosenoticias.com.br\/wp-content\/uploads\/2020\/02\/logo120.png\",\"contentUrl\":\"https:\/\/jornalfatosenoticias.com.br\/wp-content\/uploads\/2020\/02\/logo120.png\",\"width\":1227,\"height\":120,\"caption\":\"Jornal Fatos e Not\u00edcias\"},\"image\":{\"@id\":\"https:\/\/jornalfatosenoticias.com.br\/#\/schema\/logo\/image\/\"}},{\"@type\":\"Person\",\"@id\":\"https:\/\/jornalfatosenoticias.com.br\/#\/schema\/person\/d63837fa13ac8666eb9e74e0985d6f81\",\"name\":\"Luzimara Fernandes\",\"image\":{\"@type\":\"ImageObject\",\"inLanguage\":\"pt-BR\",\"@id\":\"https:\/\/jornalfatosenoticias.com.br\/#\/schema\/person\/image\/\",\"url\":\"https:\/\/jornalfatosenoticias.com.br\/wp-content\/uploads\/2025\/05\/EU_portal.jpg\",\"contentUrl\":\"https:\/\/jornalfatosenoticias.com.br\/wp-content\/uploads\/2025\/05\/EU_portal.jpg\",\"caption\":\"Luzimara Fernandes\"},\"description\":\"Jornalista MTB 2358-ES\",\"sameAs\":[\"https:\/\/jornalfatosenoticias.com.br\"],\"url\":\"https:\/\/jornalfatosenoticias.com.br\/index.php\/author\/luzimara\/\"}]}<\/script>\n<!-- \/ Yoast SEO plugin. -->","yoast_head_json":{"title":"Concession\u00e1rias viram verdadeiros cemit\u00e9rios de carros - Jornal Fatos e Not\u00edcias","robots":{"index":"index","follow":"follow","max-snippet":"max-snippet:-1","max-image-preview":"max-image-preview:large","max-video-preview":"max-video-preview:-1"},"canonical":"https:\/\/jornalfatosenoticias.com.br\/index.php\/2025\/07\/22\/concessionarias-viram-verdadeiros-cemiterios-de-carros\/","og_locale":"pt_BR","og_type":"article","og_title":"Concession\u00e1rias viram verdadeiros cemit\u00e9rios de carros - Jornal Fatos e Not\u00edcias","og_description":"Lojas fecham \u00e0s pressas e revendedores pedem socorro diante de guerra de pre\u00e7os na China Por Alisson Ficher O setor automotivo chin\u00eas enfrenta um cen\u00e1rio alarmante, marcado pelo ac\u00famulo de ve\u00edculos nas concession\u00e1rias, fechamento abrupto de lojas e apelos urgentes de revendedores por mudan\u00e7as no modelo de neg\u00f3cios.Uma intensa guerra de pre\u00e7os, que se intensificou [&hellip;]","og_url":"https:\/\/jornalfatosenoticias.com.br\/index.php\/2025\/07\/22\/concessionarias-viram-verdadeiros-cemiterios-de-carros\/","og_site_name":"Jornal Fatos e Not\u00edcias","article_published_time":"2025-07-22T16:58:45+00:00","article_modified_time":"2025-07-22T16:58:47+00:00","og_image":[{"width":1000,"height":666,"url":"https:\/\/jornalfatosenoticias.com.br\/wp-content\/uploads\/2025\/07\/cemiterios-de-carros-chineses_freepik.jpg","type":"image\/jpeg"}],"author":"Luzimara Fernandes","twitter_card":"summary_large_image","twitter_misc":{"Escrito por":"Luzimara Fernandes","Est. tempo de leitura":"5 minutos"},"schema":{"@context":"https:\/\/schema.org","@graph":[{"@type":"Article","@id":"https:\/\/jornalfatosenoticias.com.br\/index.php\/2025\/07\/22\/concessionarias-viram-verdadeiros-cemiterios-de-carros\/#article","isPartOf":{"@id":"https:\/\/jornalfatosenoticias.com.br\/index.php\/2025\/07\/22\/concessionarias-viram-verdadeiros-cemiterios-de-carros\/"},"author":{"name":"Luzimara Fernandes","@id":"https:\/\/jornalfatosenoticias.com.br\/#\/schema\/person\/d63837fa13ac8666eb9e74e0985d6f81"},"headline":"Concession\u00e1rias viram verdadeiros cemit\u00e9rios de carros","datePublished":"2025-07-22T16:58:45+00:00","dateModified":"2025-07-22T16:58:47+00:00","mainEntityOfPage":{"@id":"https:\/\/jornalfatosenoticias.com.br\/index.php\/2025\/07\/22\/concessionarias-viram-verdadeiros-cemiterios-de-carros\/"},"wordCount":1104,"commentCount":0,"publisher":{"@id":"https:\/\/jornalfatosenoticias.com.br\/#organization"},"image":{"@id":"https:\/\/jornalfatosenoticias.com.br\/index.php\/2025\/07\/22\/concessionarias-viram-verdadeiros-cemiterios-de-carros\/#primaryimage"},"thumbnailUrl":"https:\/\/jornalfatosenoticias.com.br\/wp-content\/uploads\/2025\/07\/cemiterios-de-carros-chineses_freepik.jpg","keywords":["BYD","carros el\u00e9tricos","china","concession\u00e1rias chinesas","crise automotiva","excesso de oferta","fechamento de lojas","guerra de pre\u00e7os na China","setor automotivo chin\u00eas"],"articleSection":["Economia"],"inLanguage":"pt-BR","potentialAction":[{"@type":"CommentAction","name":"Comment","target":["https:\/\/jornalfatosenoticias.com.br\/index.php\/2025\/07\/22\/concessionarias-viram-verdadeiros-cemiterios-de-carros\/#respond"]}]},{"@type":"WebPage","@id":"https:\/\/jornalfatosenoticias.com.br\/index.php\/2025\/07\/22\/concessionarias-viram-verdadeiros-cemiterios-de-carros\/","url":"https:\/\/jornalfatosenoticias.com.br\/index.php\/2025\/07\/22\/concessionarias-viram-verdadeiros-cemiterios-de-carros\/","name":"Concession\u00e1rias viram verdadeiros cemit\u00e9rios de carros - Jornal Fatos e Not\u00edcias","isPartOf":{"@id":"https:\/\/jornalfatosenoticias.com.br\/#website"},"primaryImageOfPage":{"@id":"https:\/\/jornalfatosenoticias.com.br\/index.php\/2025\/07\/22\/concessionarias-viram-verdadeiros-cemiterios-de-carros\/#primaryimage"},"image":{"@id":"https:\/\/jornalfatosenoticias.com.br\/index.php\/2025\/07\/22\/concessionarias-viram-verdadeiros-cemiterios-de-carros\/#primaryimage"},"thumbnailUrl":"https:\/\/jornalfatosenoticias.com.br\/wp-content\/uploads\/2025\/07\/cemiterios-de-carros-chineses_freepik.jpg","datePublished":"2025-07-22T16:58:45+00:00","dateModified":"2025-07-22T16:58:47+00:00","breadcrumb":{"@id":"https:\/\/jornalfatosenoticias.com.br\/index.php\/2025\/07\/22\/concessionarias-viram-verdadeiros-cemiterios-de-carros\/#breadcrumb"},"inLanguage":"pt-BR","potentialAction":[{"@type":"ReadAction","target":["https:\/\/jornalfatosenoticias.com.br\/index.php\/2025\/07\/22\/concessionarias-viram-verdadeiros-cemiterios-de-carros\/"]}]},{"@type":"ImageObject","inLanguage":"pt-BR","@id":"https:\/\/jornalfatosenoticias.com.br\/index.php\/2025\/07\/22\/concessionarias-viram-verdadeiros-cemiterios-de-carros\/#primaryimage","url":"https:\/\/jornalfatosenoticias.com.br\/wp-content\/uploads\/2025\/07\/cemiterios-de-carros-chineses_freepik.jpg","contentUrl":"https:\/\/jornalfatosenoticias.com.br\/wp-content\/uploads\/2025\/07\/cemiterios-de-carros-chineses_freepik.jpg","width":1000,"height":666,"caption":"Row of new cars in port."},{"@type":"BreadcrumbList","@id":"https:\/\/jornalfatosenoticias.com.br\/index.php\/2025\/07\/22\/concessionarias-viram-verdadeiros-cemiterios-de-carros\/#breadcrumb","itemListElement":[{"@type":"ListItem","position":1,"name":"In\u00edcio","item":"https:\/\/jornalfatosenoticias.com.br\/"},{"@type":"ListItem","position":2,"name":"Concession\u00e1rias viram verdadeiros cemit\u00e9rios de carros"}]},{"@type":"WebSite","@id":"https:\/\/jornalfatosenoticias.com.br\/#website","url":"https:\/\/jornalfatosenoticias.com.br\/","name":"Jornal Fatos e Not\u00edcias","description":"Not\u00edcias em geral","publisher":{"@id":"https:\/\/jornalfatosenoticias.com.br\/#organization"},"potentialAction":[{"@type":"SearchAction","target":{"@type":"EntryPoint","urlTemplate":"https:\/\/jornalfatosenoticias.com.br\/?s={search_term_string}"},"query-input":{"@type":"PropertyValueSpecification","valueRequired":true,"valueName":"search_term_string"}}],"inLanguage":"pt-BR"},{"@type":"Organization","@id":"https:\/\/jornalfatosenoticias.com.br\/#organization","name":"Jornal Fatos e Not\u00edcias","url":"https:\/\/jornalfatosenoticias.com.br\/","logo":{"@type":"ImageObject","inLanguage":"pt-BR","@id":"https:\/\/jornalfatosenoticias.com.br\/#\/schema\/logo\/image\/","url":"https:\/\/jornalfatosenoticias.com.br\/wp-content\/uploads\/2020\/02\/logo120.png","contentUrl":"https:\/\/jornalfatosenoticias.com.br\/wp-content\/uploads\/2020\/02\/logo120.png","width":1227,"height":120,"caption":"Jornal Fatos e Not\u00edcias"},"image":{"@id":"https:\/\/jornalfatosenoticias.com.br\/#\/schema\/logo\/image\/"}},{"@type":"Person","@id":"https:\/\/jornalfatosenoticias.com.br\/#\/schema\/person\/d63837fa13ac8666eb9e74e0985d6f81","name":"Luzimara Fernandes","image":{"@type":"ImageObject","inLanguage":"pt-BR","@id":"https:\/\/jornalfatosenoticias.com.br\/#\/schema\/person\/image\/","url":"https:\/\/jornalfatosenoticias.com.br\/wp-content\/uploads\/2025\/05\/EU_portal.jpg","contentUrl":"https:\/\/jornalfatosenoticias.com.br\/wp-content\/uploads\/2025\/05\/EU_portal.jpg","caption":"Luzimara Fernandes"},"description":"Jornalista MTB 2358-ES","sameAs":["https:\/\/jornalfatosenoticias.com.br"],"url":"https:\/\/jornalfatosenoticias.com.br\/index.php\/author\/luzimara\/"}]}},"cc_featured_image_caption":{"caption_text":"(Foto: Freepik)","source_text":"","source_url":""},"jetpack_featured_media_url":"https:\/\/jornalfatosenoticias.com.br\/wp-content\/uploads\/2025\/07\/cemiterios-de-carros-chineses_freepik.jpg","_links":{"self":[{"href":"https:\/\/jornalfatosenoticias.com.br\/index.php\/wp-json\/wp\/v2\/posts\/60708","targetHints":{"allow":["GET"]}}],"collection":[{"href":"https:\/\/jornalfatosenoticias.com.br\/index.php\/wp-json\/wp\/v2\/posts"}],"about":[{"href":"https:\/\/jornalfatosenoticias.com.br\/index.php\/wp-json\/wp\/v2\/types\/post"}],"author":[{"embeddable":true,"href":"https:\/\/jornalfatosenoticias.com.br\/index.php\/wp-json\/wp\/v2\/users\/2"}],"replies":[{"embeddable":true,"href":"https:\/\/jornalfatosenoticias.com.br\/index.php\/wp-json\/wp\/v2\/comments?post=60708"}],"version-history":[{"count":0,"href":"https:\/\/jornalfatosenoticias.com.br\/index.php\/wp-json\/wp\/v2\/posts\/60708\/revisions"}],"wp:featuredmedia":[{"embeddable":true,"href":"https:\/\/jornalfatosenoticias.com.br\/index.php\/wp-json\/wp\/v2\/media\/60710"}],"wp:attachment":[{"href":"https:\/\/jornalfatosenoticias.com.br\/index.php\/wp-json\/wp\/v2\/media?parent=60708"}],"wp:term":[{"taxonomy":"category","embeddable":true,"href":"https:\/\/jornalfatosenoticias.com.br\/index.php\/wp-json\/wp\/v2\/categories?post=60708"},{"taxonomy":"post_tag","embeddable":true,"href":"https:\/\/jornalfatosenoticias.com.br\/index.php\/wp-json\/wp\/v2\/tags?post=60708"}],"curies":[{"name":"wp","href":"https:\/\/api.w.org\/{rel}","templated":true}]}}